{"id":52358,"date":"2023-06-05T14:47:40","date_gmt":"2023-06-05T13:47:40","guid":{"rendered":"https:\/\/speyer24news.com\/?p=52358"},"modified":"2023-06-05T14:47:42","modified_gmt":"2023-06-05T13:47:42","slug":"wirtschaft-finanzen-rente-31","status":"publish","type":"post","link":"https:\/\/speyer24news.com\/?p=52358","title":{"rendered":"Wirtschaft \/ Finanzen \/ Rente"},"content":{"rendered":"<style type=\"text\/css\">\r\n\t.ads_top_disp{}\r\n\t.ads_top_corner_disp{ float:left; margin:0px 10px 10px 0px; }\r\n\t.ads_first_p_disp{}\r\n\t.ads_bottom_disp{}\r\n\t<\/style>\n<h2 class=\"wp-block-heading has-text-align-center\">Bundesagentur f\u00fcr Arbeit<\/h2>\n\n\n<div class=\"wp-block-image\">\n<figure class=\"aligncenter size-full\"><img decoding=\"async\" loading=\"lazy\" width=\"800\" height=\"533\" src=\"https:\/\/speyer24news.com\/wp-content\/uploads\/2021\/02\/Agentur-f\u00fcr-Arbeit.jpg\" alt=\"\" class=\"wp-image-33223\" srcset=\"https:\/\/speyer24news.com\/wp-content\/uploads\/2021\/02\/Agentur-f\u00fcr-Arbeit.jpg 800w, https:\/\/speyer24news.com\/wp-content\/uploads\/2021\/02\/Agentur-f\u00fcr-Arbeit-300x200.jpg 300w, https:\/\/speyer24news.com\/wp-content\/uploads\/2021\/02\/Agentur-f\u00fcr-Arbeit-768x512.jpg 768w\" sizes=\"(max-width: 800px) 100vw, 800px\" \/><\/figure><\/div>\n\n\n<h2 class=\"wp-block-heading\">Fachkr\u00e4ftemangel nimmt zu: Zahl der Engpassberufe steigt auf 200<\/h2>\n\n\n\n<ul>\n<li><strong>Zahl der Engpassberufe steigt von 148 auf 200<\/strong><\/li>\n\n\n\n<li><strong>Mangel in jedem sechsten Fachkr\u00e4fteberuf<\/strong><\/li>\n\n\n\n<li><strong>Die H\u00e4lfte der gemeldeten Fachkraftstellen entfiel 2022 auf Engpassberufe<\/strong><\/li>\n\n\n\n<li><strong>Arbeitslose suchen eher seltener nach Engpassberufen<\/strong><\/li>\n<\/ul>\n\n\n\n<h3 class=\"wp-block-heading\">Zahl der Engpassberufe steigt<\/h3>\n\n\n\n<p>Die Zahl der Engpassberufe ist im Jahr 2022 kr\u00e4ftig gestiegen. Das geht aus der j\u00e4hrlichen Fachkr\u00e4fteengpassanalyse der BA hervor. In 200 der rund 1.200 bewerteten Berufen wurde ein Engpass festgestellt, 52 mehr als ein Jahr zuvor. In mittlerweile jedem sechsten Beruf werden somit Fachkr\u00e4fte knapp.<\/p>\n\n\n\n<p>Zu den besch\u00e4ftigungsst\u00e4rksten Engpassberufen z\u00e4hlen Pflegeberufe, Berufskraftfahrer, Medizinische Fachangestellte, Bauberufe sowie Berufe in der Kinderbetreuung oder Kraftfahrzeugtechnik. Auf Ebene der Spezialisten und Experten kommen etwa Apotheker, Architekten oder Berufe im IT Bereich hinzu.<\/p>\n\n\n\n<p>Im Vergleich zum Vorjahr neu aufgenommen wurden unter anderem Berufe im Hotel- oder Gastronomieservice, im Metallbau und Busfahrer.<\/p>\n\n\n\n<p>157 Berufsgattungen stehen unter Beobachtung, weil sie sich potentiell zu Engpassberufen entwickeln k\u00f6nnten. Dazu z\u00e4hlen etwa B\u00fcrokaufleute, Berufe im Verkauf oder auch Berufe in der Lagerwirtschaft.<\/p>\n\n\n\n<h3 class=\"wp-block-heading\">Jede zweite gemeldete Fachkraftstelle entf\u00e4llt auf Engpassberuf<\/h3>\n\n\n\n<p>Aktuell wird in jedem sechsten Beruf ein Fachkr\u00e4fteengpass festgestellt. Allerdings entfielen im Jahr 2022 die H\u00e4lfte der bei der BA gemeldeten Fachkraftstellen auf einen dieser Engpassberufe. Das unterstreicht den Mangel.<\/p>\n\n\n\n<h3 class=\"wp-block-heading\">Arbeitslose Fachkr\u00e4fte suchen seltener einen Engpassberuf<\/h3>\n\n\n\n<p>Das Mismatch am Arbeitsmarkt, also Stellenangebot und Bewerbernachfrage, wird auch durch die aktuelle Fachkr\u00e4fteengpassanalyse deutlich. Von den arbeitslos gemeldeten Fachkr\u00e4ften, Experten oder Spezialisten suchten lediglich 26 Prozent eine Besch\u00e4ftigung in einem Engpassberuf.<\/p>\n\n\n\n<h3 class=\"wp-block-heading\">Methodik und interaktive Analysen<\/h3>\n\n\n\n<p>F\u00fcr die Fachkr\u00e4fteengpassanalyse werden rund 1.200 Berufsfelder einbezogen und auf Basis von insgesamt 14 Indikatoren bewertet. Von Engpassberuf wird gesprochen, wenn die sechs Engpassindikatoren \u00fcberwiegend auf einen Engpass hindeuten. Dazu z\u00e4hlen etwa die Besetzungsdauer gemeldeter Stellen, die berufsspezifische Arbeitslosenquote und die Entgeltentwicklung.<\/p>\n\n\n\n<h4 class=\"wp-block-heading\">Die aktuelle Fachkr\u00e4fteengpassanalyse, alle Berufe sowie die Indikatoren k\u00f6nnen im Internetangebot der BA heruntergeladen werden:<\/h4>\n\n\n\n<p><a href=\"https:\/\/statistik.arbeitsagentur.de\/SiteGlobals\/Forms\/Suche\/Einzelheftsuche_Formular.html?topic_f=fachkraefte-engpassanalyse\">https:\/\/statistik.arbeitsagentur.de\/SiteGlobals\/Forms\/Suche\/Einzelheftsuche_Formular.html?topic_f=fachkraefte-engpassanalyse<\/a><\/p>\n\n\n\n<h4 class=\"wp-block-heading\">Eine Liste der Engpassberufe ist ebenso eingestellt:<\/h4>\n\n\n\n<p><a href=\"https:\/\/statistik.arbeitsagentur.de\/DE\/Navigation\/Statistiken\/Interaktive-Statistiken\/Fachkraeftebedarf\/Engpassanalyse-Nav.html;jsessionid=47FE69217BCA8A371D33D56DAFB045A4\">https:\/\/statistik.arbeitsagentur.de\/DE\/Navigation\/Statistiken\/Interaktive-Statistiken\/Fachkraeftebedarf\/Engpassanalyse-Nav.html;jsessionid=47FE69217BCA8A371D33D56DAFB045A4<\/a><\/p>\n\n\n\n<h4 class=\"wp-block-heading\">Der dazugeh\u00f6rige Methodenbericht ist hier zu finden:<\/h4>\n\n\n\n<p><a href=\"https:\/\/statistik.arbeitsagentur.de\/DE\/Statischer-Content\/Grundlagen\/Methodik-Qualitaet\/Methodenberichte\/Uebergreifend\/Generische-Publikationen\/Methodenbericht-Engpassanalyse-Methodische-Weiterentwicklung.html?__blob=publicationFile\">https:\/\/statistik.arbeitsagentur.de\/DE\/Statischer-Content\/Grundlagen\/Methodik-Qualitaet\/Methodenberichte\/Uebergreifend\/Generische-Publikationen\/Methodenbericht-Engpassanalyse-Methodische-Weiterentwicklung.html?__blob=publicationFile<\/a><\/p>\n\n\n\n<p><em>Bundesagentur f\u00fcr Arbeit<br>02.06.2023<\/em><\/p>\n\n\n\n<h2 class=\"wp-block-heading\">Arbeitsmarkt im Mai 2023 \/ Best\u00e4ndig trotz schwacher Wirtschaftsentwicklung&nbsp;<\/h2>\n\n\n\n<p>\u201eTrotz schwacher Konjunktur ist der Arbeitsmarkt insgesamt best\u00e4ndig. Das Wachstum der Besch\u00e4ftigung h\u00e4lt weiter an, verliert jedoch an Schwung. Arbeitslosigkeit und Unterbesch\u00e4ftigung haben abgenommen, f\u00fcr einen Mai aber weniger als \u00fcblich\u201c, sagte der Vorstand Regionen der Bundesagentur f\u00fcr Arbeit (BA), Daniel Terzenbach, heute anl\u00e4sslich der monatlichen Pressekonferenz in N\u00fcrnberg.<\/p>\n\n\n\n<ul>\n<li><strong>Arbeitslosenzahl im Mai: -42.000 auf 2.544.000<\/strong><\/li>\n\n\n\n<li><strong>Arbeitslosenzahl im Vorjahresvergleich: +284.000<\/strong><\/li>\n\n\n\n<li><strong>Arbeitslosenquote gegen\u00fcber Vormonat: -0,2 Prozentpunkte auf 5,5 Prozent<\/strong><\/li>\n<\/ul>\n\n\n\n<h3 class=\"wp-block-heading\">Arbeitslosigkeit, Unterbesch\u00e4ftigung und Erwerbslosigkeit<\/h3>\n\n\n\n<p>Im Zuge der anhaltenden Fr\u00fchjahrsbelebung ist die Arbeitslosigkeit im Mai 2023 gegen\u00fcber dem Vormonat auf 2.544.000 gesunken. Der R\u00fcckgang fiel mit 42.000 schw\u00e4cher aus als in einem Mai \u00fcblich. Saisonbereinigt hat die Zahl der Arbeitslosen daher um 9.000 zugenommen. Verglichen mit dem Mai des vorigen Jahres ist die Arbeitslosenzahl um 284.000 h\u00f6her. Auch ohne die Ber\u00fccksichtigung ukrainischer Gefl\u00fcchteter w\u00e4re die Arbeitslosigkeit im Vorjahresvergleich angestiegen, allerdings weniger stark. Die Arbeitslosenquote ist im Mai 2023 um 0,2 Prozentpunkte auf 5,5 Prozent gesunken. Gegen\u00fcber dem Vorjahresmonat hat sich die Quote um 0,6 Prozentpunkte erh\u00f6ht. Die vom Statistischen Bundesamt nach dem ILO-Erwerbskonzept ermittelte Erwerbslosenquote belief sich im April auf 3,2 Prozent.<br>Die Unterbesch\u00e4ftigung, die zus\u00e4tzlich zur Arbeitslosigkeit auch Ver\u00e4nderungen in der Arbeitsmarktpolitik und kurzfristiger Arbeitsunf\u00e4higkeit beinhaltet, ist saisonbereinigt gegen\u00fcber dem Vormonat um 25.000 gestiegen. Sie lag im Mai 2023 bei 3.419.000 Personen. Das waren 405.000 mehr als vor einem Jahr. Ohne die Ber\u00fccksichtigung ukrainischer Gefl\u00fcchteter h\u00e4tte die Unterbesch\u00e4ftigung um 56.000 \u00fcber dem Vorjahreswert gelegen.<\/p>\n\n\n\n<h3 class=\"wp-block-heading\">Kurzarbeit<\/h3>\n\n\n\n<p>Vor Beginn von Kurzarbeit m\u00fcssen Betriebe eine Anzeige \u00fcber den voraussichtlichen Arbeitsausfall erstatten. Nach aktuellen Daten wurde vom 1. bis einschlie\u00dflich 24. Mai f\u00fcr 45.000 Personen konjunkturelle Kurzarbeit angezeigt.<br>Aktuelle Daten zur tats\u00e4chlichen Inanspruchnahme stehen bis M\u00e4rz 2023 zur Verf\u00fcgung. So wurde nach vorl\u00e4ufigen hochgerechneten Daten der Bundesagentur f\u00fcr Arbeit in diesem Monat f\u00fcr 133.000 Besch\u00e4ftigte konjunkturelles Kurzarbeitergeld gezahlt, nach 140.000 im Februar.<\/p>\n\n\n\n<h3 class=\"wp-block-heading\">Erwerbst\u00e4tigkeit und Besch\u00e4ftigung<\/h3>\n\n\n\n<p>Nach Angaben des Statistischen Bundesamtes ist die Zahl der Erwerbst\u00e4tigen (nach dem Inlandskonzept) im April 2023 saisonbereinigt gegen\u00fcber dem Vormonat um 18.000 gestiegen. Mit 45,80 Millionen Personen fiel sie im Vergleich zum Vorjahr um 421.000 h\u00f6her aus. Die sozialversicherungspflichtige Besch\u00e4ftigung nahm saisonbereinigt von Februar auf M\u00e4rz 2023 um 13.000 zu. Im Vergleich zum Vorjahr ist sie im M\u00e4rz nach Hochrechnungen der BA um 319.000 auf 34,65 Millionen Besch\u00e4ftigte gestiegen. 7,42 Millionen Personen hatten im M\u00e4rz 2023 eine geringf\u00fcgig entlohnte Besch\u00e4ftigung, 240.000 mehr als im Vorjahresmonat. Davon waren 4,16 Millionen ausschlie\u00dflich und 3,26 Millionen im Nebenjob geringf\u00fcgig entlohnt besch\u00e4ftigt.<\/p>\n\n\n\n<h3 class=\"wp-block-heading\">Arbeitskr\u00e4ftenachfrage<\/h3>\n\n\n\n<p>Im Mai waren 767.000 Arbeitsstellen bei der BA gemeldet, 98.000 weniger als vor einem Jahr. Die gemeldete Kr\u00e4ftenachfrage geht seit einem Jahr saisonbereinigt stetig zur\u00fcck. Insgesamt zeigt sich der Bestand an gemeldeten Arbeitsstellen aber noch auf vergleichsweise hohem Niveau. Der BA-Stellenindex (BA X) \u2013 ein Indikator f\u00fcr die Nachfrage nach Personal in Deutschland, der neben dem Bestand an gemeldeten Arbeitsstellen auch den Zugang ber\u00fccksichtigt \u2013 sank im Mai 2023 um 2 auf 122 Punkte. Der Abstand des Stellenindex zum Allzeithoch im Vorjahresmonat vergr\u00f6\u00dferte sich auf -17 Punkte.<\/p>\n\n\n\n<h3 class=\"wp-block-heading\">Geldleistungen bei Arbeitslosigkeit und Hilfebed\u00fcrftigkeit<\/h3>\n\n\n\n<p>764.000 Personen erhielten im Mai 2023 Arbeitslosengeld, 66.000 mehr als vor einem Jahr. Die Zahl der erwerbsf\u00e4higen Leistungsberechtigten in der Grundsicherung f\u00fcr Arbeitsuchende (SGB II) lag im Mai bei 3.919.000. Gegen\u00fcber Mai 2022 war dies ein Anstieg um 403.000 Personen. 7,2 Prozent der in Deutschland lebenden Personen im erwerbsf\u00e4higen Alter waren damit hilfebed\u00fcrftig.<\/p>\n\n\n\n<h3 class=\"wp-block-heading\">Ausbildungsmarkt<\/h3>\n\n\n\n<p>Von Oktober 2022 bis Mai 2023 meldeten sich bei den Agenturen f\u00fcr Arbeit und den Jobcentern 356.000 Bewerberinnen und Bewerber f\u00fcr eine Ausbildungsstelle. Das waren 3.000 weniger als im Vorjahreszeitraum. Von ihnen hatten im Mai noch 167.000 junge Menschen weder einen Ausbildungsplatz noch eine Alternative gefunden. Gleichzeitig waren 487.000 Ausbildungsstellen gemeldet, 4.000 mehr als vor einem Jahr. 276.000 waren von diesen noch unbesetzt. Der Ausbildungsmarkt ist im Mai noch in Bewegung. Deshalb erlauben diese Zahlen nur eine vorl\u00e4ufige Einsch\u00e4tzung der Entwicklung im aktuellen Berichtsjahr.<\/p>\n\n\n\n<h4 class=\"wp-block-heading\">Den ausf\u00fchrlichen Monatsbericht finden Sie im Internet unter<br><a href=\"https:\/\/deref-web.de\/mail\/client\/cCyeWcf-PFg\/dereferrer\/?redirectUrl=https%3A%2F%2Fstatistik.arbeitsagentur.de\" target=\"_blank\" rel=\"noreferrer noopener\">https:\/\/statistik.arbeitsagentur.de<\/a>.<\/h4>\n\n\n\n<p><em>Bundesagentur f\u00fcr Arbeit<br>31.05.2023<\/em><\/p>\n\n\n\n<h2 class=\"wp-block-heading\">Bundesagentur unterzeichnet Erkl\u00e4rung #positivarbeiten der Deutschen Aidshilfe<\/h2>\n\n\n\n<p><strong>Die Bundesagentur f\u00fcr Arbeit unterst\u00fctzt die Initiative \u201e#positivarbeiten\u201c, die sich f\u00fcr einen diskriminierungsfreien Umgang mit HIV-positiven Menschen im Arbeitsleben einsetzt.<\/strong><\/p>\n\n\n\n<h3 class=\"wp-block-heading\">Starke Bewegung f\u00fcr einen selbstverst\u00e4ndlichen Umgang mit HIV<\/h3>\n\n\n\n<p>Die Vorst\u00e4ndin Ressourcen, Dr. Katrin Kr\u00f6mer, unterzeichnete heute die Deklaration \u201e#positivarbeiten\u201c: \u201eDie F\u00f6rderung von Vielfalt und Chancengleichheit ist Teil unserer DNA. Das Diversity Management der Bundesagentur f\u00fcr Arbeit will ein Arbeitsumfeld gestalten, das alle Besch\u00e4ftigten in ihrer Vielfalt sch\u00e4tzt, gleiche Chancen f\u00fcr alle bietet und ihre vielf\u00e4ltigen Potentiale gezielt und st\u00e4rkenorientiert weiterentwickelt. Wir setzen uns aktiv gegen Benachteiligungen von HIV-positiven Menschen ein und wollen als Vorbild vorangehen.\u201c<\/p>\n\n\n\n<p>Die Initiative #positivarbeiten wurde von der Deutschen Aidshilfe gegr\u00fcndet. In der Erkl\u00e4rung bekennen sich die Unterzeichnenden dazu, ein offenes und respektvolles Miteinander im Arbeitsalltag zu f\u00f6rdern sowie Benachteiligungen in Zusammenhang mit HIV entschieden entgegenzutreten.<\/p>\n\n\n\n<h3 class=\"wp-block-heading\">Bundesagentur setzt sichtbares Zeichen gegen Diskriminierung<\/h3>\n\n\n\n<p>Deshalb hat die BA die Themen Vielfalt, Chancengleichheit und Inklusion entlang des kompletten Lebenszyklus der Mitarbeitenden &#8211; von der Personalgewinnung \u00fcber die Qualifizierung und Personalentwicklung bis hin zum Offboarding &#8211; systematisch verankert.<\/p>\n\n\n\n<p>Hier finden Sie die Erkl\u00e4rung im Wortlaut:\u00a0<a href=\"https:\/\/deref-web.de\/mail\/client\/rx0Hmq-Iugw\/dereferrer\/?redirectUrl=https%3A%2F%2Fwww.aidshilfe.de%2Fsites%2Fdefault%2Ffiles%2Fdocuments%2Fpositivarbeiten_-_deklaration.pdf\" target=\"_blank\" rel=\"noreferrer noopener\">https:\/\/www.aidshilfe.de\/sites\/default\/files\/documents\/positivarbeiten_-_deklaration.pdf<\/a><\/p>\n\n\n\n<p><em>Bundesagentur f\u00fcr Arbeit<br>24.05.2023<\/em><\/p>\n\n\n\n<h2 class=\"wp-block-heading\">Verwaltungsrat hat erneut f\u00fcr Daniel Terzenbach als Vorstand Regionen der Bundesagentur f\u00fcr Arbeit gestimmt<\/h2>\n\n\n\n<p>Der Verwaltungsrat der Bundesagentur f\u00fcr Arbeit (BA) schl\u00e4gt Daniel Terzenbach erneut als Vorstand Regionen der BA vor. Dieser Vorschlag bedarf noch der Zustimmung durch die Bundesregierung. Daniel Terzenbach ist seit dem 14. M\u00e4rz 2019 Vorstandsmitglied der BA. Bei Zustimmung beginnt die erneute Amtszeit am 14. M\u00e4rz 2024.<\/p>\n\n\n\n<p>Terzenbach verantwortet im Vorstand die operative Arbeit. In seiner Rolle setzt er sich f\u00fcr einen vielf\u00e4ltigeren Arbeitsmarkt ein und richtet den Fokus seiner Arbeit auf ein zukunftsorientiertes Dienstleistungsangebot der BA. W\u00e4hrend der Pandemie hat er den Prozess f\u00fcr das Kurzarbeitergeld innerhalb k\u00fcrzester Zeit so umgestellt, dass die vielen betroffenen Unternehmen schnell ausbezahlt werden konnten. Neben der Krisenbew\u00e4ltigung hat er in seiner bisherigen Amtszeit au\u00dferdem den Gesch\u00e4ftsbereich Internationales aufgebaut und ein ganzheitliches Managementsystem auf Basis der European Foundation for Quality Management (EFQM) in der BA etabliert.<\/p>\n\n\n\n<p>Christina Ramb, Vorsitzende des Verwaltungsrats und Mitglied in der Hauptgesch\u00e4ftsf\u00fchrung der BDA, erkl\u00e4rte zu der getroffenen Entscheidung: &#8222;Daniel Terzenbach steht im Vorstand der BA f\u00fcr Kundenorientierung, Qualit\u00e4tssicherung und die Vernetzung in den Regionen. Er hat bewiesen, dass er auch in schwierigen Zeiten Kurs halten, Krisen managen und Innovationen voranbringen kann. Als Verwaltungsrat freuen wir uns sehr, dass Daniel Terzenbach f\u00fcr eine weitere Amtszeit zur Verf\u00fcgung steht und dass wir ihn der Bundesregierung erneut als Vorstandsmitglied zur Benennung vorschlagen k\u00f6nnen.&#8220;<\/p>\n\n\n\n<p>Anja Piel, stellv. Vorsitzende des Verwaltungsrats und Mitglied im DGB Bundesvorstand, erg\u00e4nzte: \u201eMit der Entscheidung, Daniel Terzenbach erneut als Vorstand Regionen vorzuschlagen, setzen wir auf Kontinuit\u00e4t und Qualit\u00e4t. Der gemeinsame Vorschlag ist ein wichtiges Signal in die Regionen. Dort hat Daniel Terzenbach in den vergangenen st\u00fcrmischen Jahren die Mitarbeitenden und Teams immer mit an Bord geholt und als wichtigstes Gut zur Krisenbew\u00e4ltigung in den Mittelpunkt gestellt. Auch weiterhin gilt es, die anstehenden Herausforderungen gut zu meistern und die Transformation mit der Bundesagentur so zu begleiten, dass uns m\u00f6glichst niemand auf dem Weg verloren geht. Daran m\u00f6chten wir als Verwaltungsrat gemeinsam mit Daniel Terzenbach weiter arbeiten.\u201c<\/p>\n\n\n\n<p>Daniel Terzenbach wurde am 7. November 1980 in Freiensteinau geboren. Er studierte in Dortmund Diplom Social Management. Sein beruflicher Weg in der Bundesagentur f\u00fcr Arbeit (BA) begann Anfang 2006 im Jobcenter M\u00e4rkischer Kreis. Seit 2009 bis Anfang 2019 war er in der Zentrale der BA in verschiedenen Fach- und oberen F\u00fchrungspositionen t\u00e4tig. Im Oktober 2015 wurde er au\u00dferdem \u2013 neben seinen Aufgaben als obere F\u00fchrungskraft in der Unternehmenssteuerung \u2013 vom Vorstand mit der Arbeitsmarktintegration gefl\u00fcchteter Menschen betraut. Seit Mitte M\u00e4rz 2019 ist Daniel Terzenbach Vorstand Regionen der BA. Er ist verheiratet und hat zwei Kinder.<\/p>\n\n\n\n<p><em>Bundesagentur f\u00fcr Arbeit<br>23.05.2023<\/em><\/p>\n\n\n\n<h2 class=\"wp-block-heading\">Tag der Pflege: Der Fachkr\u00e4ftebedarf in der Pflege bleibt ungebrochen hoch<\/h2>\n\n\n<div class=\"wp-block-image\">\n<figure class=\"aligncenter size-full\"><img decoding=\"async\" loading=\"lazy\" width=\"800\" height=\"534\" src=\"https:\/\/speyer24news.com\/wp-content\/uploads\/2020\/09\/20200813_Diakonissen-Speyer_Erlebnistag-Pflege.jpg\" alt=\"\" class=\"wp-image-30195\" srcset=\"https:\/\/speyer24news.com\/wp-content\/uploads\/2020\/09\/20200813_Diakonissen-Speyer_Erlebnistag-Pflege.jpg 800w, https:\/\/speyer24news.com\/wp-content\/uploads\/2020\/09\/20200813_Diakonissen-Speyer_Erlebnistag-Pflege-300x200.jpg 300w, https:\/\/speyer24news.com\/wp-content\/uploads\/2020\/09\/20200813_Diakonissen-Speyer_Erlebnistag-Pflege-768x513.jpg 768w\" sizes=\"(max-width: 800px) 100vw, 800px\" \/><figcaption class=\"wp-element-caption\">Tag der Pflege im Diakonissen Krankenhaus Speyer. <br><em>Foto: Diakonissen Mannheim-Speyer<\/em><\/figcaption><\/figure><\/div>\n\n\n<p>Sowohl langfristig als auch w\u00e4hrend der Corona-Pandemie ist die Besch\u00e4ftigung von Pflegekr\u00e4ften st\u00e4rker gewachsen als die Besch\u00e4ftigung insgesamt. Im Juni 2022 waren 1,68 Millionen Menschen in Pflegeberufen sozialversicherungspflichtig besch\u00e4ftigt und damit 18.000 bzw. 1,1 Prozent mehr als ein Jahr zuvor. In den letzten f\u00fcnf Jahren ist die Zahl der sozialversicherungspflichtig Besch\u00e4ftigten in der Pflege um 166.000 bzw. 11 Prozent gestiegen. \u00dcber alle Berufsgruppen hinweg lag das Plus bei sieben Prozent. Seit Januar 2022 f\u00e4llt das Besch\u00e4ftigungswachstum jedoch seit langem wieder schw\u00e4cher aus als insgesamt \u00fcber alle Berufe.<\/p>\n\n\n\n<h3 class=\"wp-block-heading\">Anteil ausl\u00e4ndischer Arbeitskr\u00e4fte in der Pflege steigt<\/h3>\n\n\n\n<p>Der Anteil der Pflegekr\u00e4fte mit einer ausl\u00e4ndischen Staatsangeh\u00f6rigkeit hat sich von acht Prozent in 2017 auf 14 Prozent in 2022 nahezu verdoppelt. Dabei ist der gestiegene Anteil vor allem auf Drittstaaten zur\u00fcckzuf\u00fchren. Die meisten der insgesamt 244.000 ausl\u00e4ndischen Pflegekr\u00e4fte kommen aus den L\u00e4ndern Polen, Bosnien und Herzegowina, T\u00fcrkei, Rum\u00e4nien sowie Kroatien. Auch die Zahl der Gefl\u00fcchteten, die in der Pflege t\u00e4tig sind, ist in den letzten Jahren deutlich gestiegen. Im Juni 2022 waren 20.000 Pflegekr\u00e4fte aus einem der acht zuzugsst\u00e4rksten Asylherkunftsl\u00e4nder in der Pflege t\u00e4tig, vor der Fl\u00fcchtlingszuwanderung im Jahr 2015 waren es weniger als 2.000.<\/p>\n\n\n\n<h3 class=\"wp-block-heading\">Deutlicher Fachkr\u00e4fteengpass bei Pflegefachkr\u00e4ften<\/h3>\n\n\n\n<p>Der Fachkr\u00e4ftebedarf in der Pflege bleibt ungebrochen hoch. Auf 100 gemeldete Stellen f\u00fcr Fachkr\u00e4fte in der Pflege kommen lediglich 33 Arbeitslose. Anders sieht es auf Helferniveau aus. Hier \u00fcberwiegt die Zahl der Arbeitslosen die der Stellen. 100 gemeldete Stellen stehen 323 Arbeitslosen gegen\u00fcber. Im gesamten Pflegebereich ist der Bedarf an examinierten Fachkr\u00e4ften um einiges h\u00f6her als das Potenzial an Arbeitslosen mit diesem Qualifikationsprofil. Gleichzeitig gibt es deutlich mehr Arbeitslose, die an einer Stelle als Pflegehilfskraft interessiert sind, als Stellen vorhanden sind.<\/p>\n\n\n\n<h3 class=\"wp-block-heading\">Gute Besch\u00e4ftigungschancen nach der beruflichen Weiterbildung<\/h3>\n\n\n\n<p>Die Qualifizierung von Pflegehilfskr\u00e4ften zu Altenpflegehelfern mit Ausbildung oder Pflegefachkr\u00e4ften kann dazu beitragen, das Fachkr\u00e4ftepotenzial zu erh\u00f6hen. Im Zeitraum Juli 2021 bis Juni 2022 (aktuell zur Verf\u00fcgung stehender Zeitraum) beendeten 10.000 Personen ihre Umschulung zur Pflegefachkraft. Unterst\u00fctzt wurden dabei sowohl Arbeitslose als auch Besch\u00e4ftigte. Von den 52.000 Personen, die laut Statistischem Bundesamt im Jahr 2022 eine Ausbildung zur Pflegefachkraft begonnen haben (vorl\u00e4ufige Werte), wurde gut jede 10. durch die Bundesagentur f\u00fcr Arbeit im Rahmen der beruflichen Weiterbildung gef\u00f6rdert.<\/p>\n\n\n\n<h3 class=\"wp-block-heading\">BA rekrutiert aus anderen L\u00e4ndern<\/h3>\n\n\n\n<p>Die BA hilft zudem dabei, Fachkr\u00e4fte und Auszubildende f\u00fcr die Pflege im Ausland zu gewinnen. Ein Schwerpunkt bildet dabei das Programm &#8222;Triple Win&#8220;. Gemeinsam mit der Gesellschaft f\u00fcr Internationale Zusammenarbeit (GIZ) arbeitet die BA mit den L\u00e4ndern Bosnien-Herzegowina, den Philippinen, Tunesien, Indonesien, Indien sowie Jordanien zusammen. Im Rahmen des Programms nahmen bislang insgesamt 4.047 Fachkr\u00e4fte und 275 Azubis eine Besch\u00e4ftigung bzw. Ausbildung in Deutschland auf. Die BA setzt bei ihren Vorhaben auf faire Migration und arbeitet nur mit L\u00e4ndern zusammen, in denen es keinen eigenen Mangel an Pflegekr\u00e4ften gibt.<\/p>\n\n\n\n<h3 class=\"wp-block-heading\">Brosch\u00fcre zu Pflegeberufen<\/h3>\n\n\n\n<p>Die BA legt zum &#8222;Tag der Pflege&#8220; eine Publikation vor, die Informationen etwa zu Besch\u00e4ftigten, Stellen, Fachkr\u00e4ftesituation und Entgelten in Pflegeberufen enth\u00e4lt. Die Publikation kann kostenfrei heruntergeladen werden:&nbsp;<a href=\"https:\/\/deref-web.de\/mail\/client\/flInGdEmEBk\/dereferrer\/?redirectUrl=https%3A%2F%2Fstatistik.arbeitsagentur.de%2FDE%2FStatischer-Content%2FStatistiken%2FThemen-im-Fokus%2FBerufe%2FGenerische-Publikationen%2FAltenpflege.pdf%3F__blob%3DpublicationFile%26v%3D13\" target=\"_blank\" rel=\"noreferrer noopener\">https:\/\/statistik.arbeitsagentur.de\/DE\/Statischer-Content\/Statistiken\/Themen-im-Fokus\/Berufe\/Generische-Publikationen\/Altenpflege.pdf?__blob=publicationFile&amp;v=13<\/a><\/p>\n\n\n\n<p>Folgen Sie der Bundesagentur f\u00fcr Arbeit auf Twitter\u00a0<a href=\"https:\/\/deref-web.de\/mail\/client\/l4q2OBIPG1g\/dereferrer\/?redirectUrl=https%3A%2F%2Ftwitter.com%2Fbundesagentur\" target=\"_blank\" rel=\"noreferrer noopener\">https:\/\/twitter.com\/bundesagentur<\/a><\/p>\n\n\n\n<p><em>Text: Bundesagentur f\u00fcr Arbeit <em>Foto: Diakonissen Mannheim-Speyer<\/em><br>11.05.2023<\/em><\/p>\n\n\n\n<h2 class=\"wp-block-heading\">&#8222;Allianz f\u00fcr Aus- und Weiterbildung&#8220; startet wieder &#8222;Sommer der Berufsausbildung&#8220;<\/h2>\n\n\n\n<h3 class=\"wp-block-heading\">Bundeskanzler Olaf Scholz gibt offiziellen Startschuss<\/h3>\n\n\n\n<p>Mit dem \u201eSommer der Berufsausbildung\u201c werben Ministerien, Beh\u00f6rden, Wirtschaft und Gewerkschaften f\u00fcr die berufliche Ausbildung in Deutschland. Die Entscheidung f\u00fcr einen Beruf braucht umfassende Informationen und Vorbilder. Deshalb richten sich die Veranstaltungen des Sommers an Jugendliche, Eltern und Betriebe. Von Anfang Mai bis Ende September 2023 pr\u00e4sentieren und erkl\u00e4ren die Allianzpartner gemeinsam auf Social-Media-Plattformen und zahlreichen Veranstaltungen auf Bundes-, Landes- und regionaler Ebene die Vorteile einer beruflichen Erstqualifizierung.<\/p>\n\n\n\n<p>Im Mittelpunkt stehen Ma\u00dfnahmen der Berufsorientierung, die Attraktivit\u00e4t der dualen Ausbildung, die Vielfalt in den Betrieben und die Chance, auch noch in der Nachvermittlung einen Ausbildungsplatz zu finden. Auf Bundesebene und in den Regionen werden derzeit seitens der Allianzpartner zahlreiche Veranstaltungen zum Thema \u201eduale Ausbildung\u201c organisiert und demn\u00e4chst auf der Webseite der Allianz ver\u00f6ffentlicht.<\/p>\n\n\n\n<p>Eine duale Ausbildung bietet jungen Menschen viele spannende und anspruchsvolle Berufe und sie er\u00f6ffnet die M\u00f6glichkeit, die eigene Zukunft aktiv mitzugestalten. Zugleich ist sie ein zentraler Pfeiler der Fachkr\u00e4ftesicherung. Deutschland braucht gut ausgebildete Fachkr\u00e4fte mehr denn je, um die Transformation zu bew\u00e4ltigen, die durch Herausforderungen wie Klimawandel, Demografie und Digitalisierung ausgel\u00f6st wird.<\/p>\n\n\n\n<p>Im letzten Jahr haben die Partner der \u201eAllianz f\u00fcr Aus- und Weiterbildung\u201c mit \u00fcber 750 Veranstaltungen bundesweit f\u00fcr die Berufsausbildung geworben und \u00fcber 400.000 Menschen erreicht. Daran wollen die Partner in diesem \u201eSommer der Berufsausbildung\u201c ankn\u00fcpfen.<\/p>\n\n\n\n<p>Zur Webseite der Aus- und Weiterbildungsallianz und zur Videobotschaft des Bundeskanzlers:&nbsp;<a href=\"https:\/\/deref-web.de\/mail\/client\/Pn48nhRoEdU\/dereferrer\/?redirectUrl=https%3A%2F%2Fwww.aus-und-weiterbildungsallianz.de%2FAAW%2FNavigation%2FDE%2FHome%2Fhome.html\" target=\"_blank\" rel=\"noreferrer noopener\">https:\/\/www.aus-und-weiterbildungsallianz.de\/AAW\/Navigation\/DE\/Home\/home.html<\/a><\/p>\n\n\n\n<p><em>Bundesagentur f\u00fcr Arbeit<br>05.05.2023<\/em><\/p>\n\n\n\n<h2 class=\"wp-block-heading has-text-align-center\">Deutsche Rentenversicherung Rheinland-Pfalz<\/h2>\n\n\n<div class=\"wp-block-image\">\n<figure class=\"aligncenter size-full\"><img decoding=\"async\" loading=\"lazy\" width=\"800\" height=\"224\" src=\"https:\/\/speyer24news.com\/wp-content\/uploads\/2021\/03\/Deutsche_Rentenversicherung_Rheinland-Pfalz_logo.png\" alt=\"\" class=\"wp-image-33737\" srcset=\"https:\/\/speyer24news.com\/wp-content\/uploads\/2021\/03\/Deutsche_Rentenversicherung_Rheinland-Pfalz_logo.png 800w, https:\/\/speyer24news.com\/wp-content\/uploads\/2021\/03\/Deutsche_Rentenversicherung_Rheinland-Pfalz_logo-300x84.png 300w, https:\/\/speyer24news.com\/wp-content\/uploads\/2021\/03\/Deutsche_Rentenversicherung_Rheinland-Pfalz_logo-768x215.png 768w\" sizes=\"(max-width: 800px) 100vw, 800px\" \/><\/figure><\/div>\n\n\n<h2 class=\"wp-block-heading\">18. Mai: Tag der Selbstverwaltung &#8211; Gelebte Demokratie in der Sozialversicherung<\/h2>\n\n\n\n<p>Am 18. Mai ist der Tag der Selbstverwaltung. Gew\u00fcrdigt wird an diesem Tag der ehrenamtliche Einsatz von Versicherten und Arbeitgebenden in der sozialen Selbstverwaltung. Als wichtiger Baustein der Sozialversicherung steht sie f\u00fcr Interessensausgleich, Mitgestaltung und ein St\u00fcck gelebter Demokratie.<\/p>\n\n\n\n<h3 class=\"wp-block-heading\">Demokratisch mitbestimmen<\/h3>\n\n\n\n<p>Versicherte und Arbeitgebende &#8211; also diejenigen, die die Beitr\u00e4ge zur Sozialversicherung zahlen \u2013 entscheiden durch ihr Engagement in der Selbstverwaltung bei vielen grundlegenden Fragen ihrer Sozialversicherung mit, zum Beispiel wenn es um Finanzen und Verm\u00f6gen, Reha oder Pr\u00e4vention, die Reha-Kliniken, Organisation oder Personal geht.<\/p>\n\n\n\n<h3 class=\"wp-block-heading\">150 Menschen engagieren sich ehrenamtlich<\/h3>\n\n\n\n<p>Bei der Deutschen Rentenversicherung Rheinland-Pfalz engagieren sich zurzeit rund 150 Menschen ehrenamtlich in der Selbstverwaltung. Sie sind als Mitglieder in Vertreterversammlung, Vorstand und Widerspruchsaussch\u00fcssen oder als Versichertenberaterinnen und -berater aktiv.<\/p>\n\n\n\n<h3 class=\"wp-block-heading\">Alle sechs Jahre neu gew\u00e4hlt<\/h3>\n\n\n\n<p>Mit der regelm\u00e4\u00dfig alle sechs Jahre stattfindenden Sozialwahl werden die Mitglieder der Vertreterversammlung \u2013 also des Parlaments des rheinland-pf\u00e4lzischen Rentenversicherungstr\u00e4gers \u2013 neu bestimmt. Ende Mai 2023 ist wieder Sozialwahltermin. Eine aktive Wahlhandlung wird es bei der Deutschen Rentenversicherung Rheinland-Pfalz nicht geben. Denn in den eingereichten Vorschlagslisten von Arbeitgebenden und Arbeitnehmenden f\u00fcr die Sozialwahl waren nicht mehr Kandidatinnen und Kandidaten benannt als Mitglieder in die Vertreterversammlung zu w\u00e4hlen sind. Die in den Listen benannten Personen gelten zum Wahltag als gew\u00e4hlt.<\/p>\n\n\n\n<p>Informationen zur Sozialwahl gibt es auf\u00a0<a href=\"https:\/\/deref-web.de\/mail\/client\/l0gGdhcyLmQ\/dereferrer\/?redirectUrl=http%3A%2F%2Fwww.drv-rlp.de\" target=\"_blank\" rel=\"noreferrer noopener\">www.drv-rlp.de<\/a>,\u00a0<a href=\"https:\/\/deref-web.de\/mail\/client\/T-z3mwUngYQ\/dereferrer\/?redirectUrl=http%3A%2F%2Fwww.soziale-selbstverwaltung.de\" target=\"_blank\" rel=\"noreferrer noopener\">www.soziale-selbstverwaltung.de<\/a>,\u00a0<a href=\"https:\/\/deref-web.de\/mail\/client\/nwmnzyRTbX0\/dereferrer\/?redirectUrl=http%3A%2F%2Fwww.bmas.de%2FSozialversicherungswahlen\" target=\"_blank\" rel=\"noreferrer noopener\">www.bmas.de\/Sozialversicherungswahlen<\/a>.<\/p>\n\n\n\n<p><em>Deutsche Rentenversicherung Rheinland-Pfalz<br>17.05.2023<\/em><\/p>\n\n\n\n<h2 class=\"wp-block-heading\">Am 9. Mai ist Europatag Leben und arbeiten in Europa ohne Nachteile bei der Rente<\/h2>\n\n\n\n<p>Leben und arbeiten in verschiedenen europ\u00e4ischen Staaten ist im Europa der offenen Grenzen kein Problem. Die gute soziale Absicherung innerhalb Europas sorgt daf\u00fcr, dass alle europ\u00e4ischen Staatsangeh\u00f6rigen gleichbehandelt werden und bei der Rente keine Nachteile entstehen.<\/p>\n\n\n\n<h3 class=\"wp-block-heading\">Gut abgesichert in Europa<\/h3>\n\n\n\n<p>Besonders in Rheinland-Pfalz macht sich die Grenzn\u00e4he zu Frankreich und Luxemburg bemerkbar: Menschen, die in der Grenzregion leben, arbeiten h\u00e4ufig auch zeitweise im Nachbarland. Ihre Rentenzeiten gehen dabei nicht verloren. Sie werden f\u00fcr die sp\u00e4tere Rente zusammengerechnet. Auch Rentnerinnen und Rentner nutzen vermehrt die Freiz\u00fcgigkeit innerhalb Europas und leben h\u00e4ufiger im europ\u00e4ischen Ausland. Ihre deutsche Rente erhalten sie dann in voller H\u00f6he weiter.<\/p>\n\n\n\n<h3 class=\"wp-block-heading\">Beraten lassen<\/h3>\n\n\n\n<p><strong>Wichtig ist:<\/strong> Wer europaweit arbeiten oder in ein anderes europ\u00e4isches Land umziehen m\u00f6chte, sollte sich immer vorab beraten lassen. Dazu kann man sich an eine Beratungsstelle in Speyer, Kaiserlautern, Trier, Mainz, Bad Kreuznach, Koblenz oder Andernach wenden. Zus\u00e4tzlich bieten die deutschen Rentenversicherungstr\u00e4ger gemeinsam mit franz\u00f6sischen und luxemburgischen Tr\u00e4gern Internationale Sprechtage im Grenzgebiet zu Frankreich und Luxemburg an. Weitere Infos dazu gibt es auf\u00a0<a href=\"https:\/\/deref-web.de\/mail\/client\/l0gGdhcyLmQ\/dereferrer\/?redirectUrl=http%3A%2F%2Fwww.drv-rlp.de\" target=\"_blank\" rel=\"noreferrer noopener\">www.drv-rlp.de<\/a><\/p>\n\n\n\n<p>Auch zu steuerlichen Fragen sowie zur Kranken- und Pflegeversicherung sollte man sich vorab beraten lassen. Infos hierzu gibt es bei den Finanz\u00e4mtern oder bei der jeweiligen gesetzlichen Krankenkasse.<\/p>\n\n\n\n<p>Informationen gibt es auch in den Brosch\u00fcren \u201eLeben und arbeiten in Europa\u201c und \u201eRente ohne Grenzen \u2013 arbeiten im Ausland\u201c. Diese kann man anfordern bei der Deutschen Rentenversicherung Rheinland-Pfalz, Dezernat Kommunikation und Koordination, 67340 Speyer oder telefonisch unter 06232 172034.<\/p>\n\n\n\n<h3 class=\"wp-block-heading\">Rentenzahlungen ins europ\u00e4ische Ausland<\/h3>\n\n\n\n<p>Von den rund 642 000 Renten, die die Deutsche Rentenversicherung Rheinland-Pfalz zahlt, gehen knapp 51 000 Renten an Rentnerinnen und Rentner in Europa. Der gr\u00f6\u00dfte Teil davon &#8211; rund 49 000 &#8211; werden nach Frankreich gezahlt. Rund 46 000 Renten gehen an ausl\u00e4ndische Staatsangeh\u00f6rige, 4 600 an Deutsche.<\/p>\n\n\n\n<p>Weitere Ausk\u00fcnfte gibt es bei der Deutschen Rentenversicherung Rhein-land-Pfalz, \u00fcber das kostenfreie Servicetelefon unter 0800 1000 480 16 und im Internet unter\u00a0<a href=\"https:\/\/deref-web.de\/mail\/client\/l0gGdhcyLmQ\/dereferrer\/?redirectUrl=http%3A%2F%2Fwww.drv-rlp.de\" target=\"_blank\" rel=\"noreferrer noopener\">www.drv-rlp.de<\/a><\/p>\n\n\n\n<p><em>Deutsche Rentenversicherung Rheinland-Pfalz<br>08.05.2023<\/em><\/p>\n\n\n\n<h2 class=\"wp-block-heading\">Post f\u00fcr Berufsstarter: Rentenversicherung verschickt Versicherungsnummernachweis<\/h2>\n\n\n\n<p>Wer im Sommer erstmals eine praktische Ausbildung oder ein duales Studium beginnt, erh\u00e4lt vorher per Post von der Deutschen Rentenversicherung den Versicherungsnummernachweis mit der pers\u00f6nlichen Versicherungsnummer.<\/p>\n\n\n\n<h3 class=\"wp-block-heading\">Versicherungsnummernachweis kommt automatisch<\/h3>\n\n\n\n<p>Den Versicherungsnummernachweis m\u00fcssen Berufsanf\u00e4nger nicht selbst beantragen. Er wird automatisch zugesandt, wenn der Arbeitgeber seine neuen Auszubildenden bei der gesetzlichen Krankenversicherung anmeldet.<\/p>\n\n\n\n<h3 class=\"wp-block-heading\">Versicherungsnummer gilt ein Leben lang<\/h3>\n\n\n\n<p>Die pers\u00f6nliche Versicherungsnummer gilt ein Leben lang. Wechselt man den Arbeitgeber, muss man sie dem neuen Arbeitgeber vorlegen. Man ben\u00f6tigt sie immer, sobald man mit einem Sozialversicherungstr\u00e4ger &#8211; also Rentenversicherung, Kranken- und Pflegekasse, Agentur f\u00fcr Arbeit oder Job Center &#8211; Kontakt aufnimmt.<\/p>\n\n\n\n<h3 class=\"wp-block-heading\">Daten pr\u00fcfen<\/h3>\n\n\n\n<p>Es ist wichtig, alle Daten genau zu \u00fcberpr\u00fcfen. Sind Angaben nicht korrekt, muss man dies der Rentenversicherung mitteilen. Auch wer mehrere Versicherungsnummern hat, muss dies melden. Denn \u00fcber die Versicherungsnummer werden alle Besch\u00e4ftigungszeiten im Rentenkonto festgehalten, aus dem sp\u00e4ter die Rente berechnet wird.<\/p>\n\n\n\n<p><strong>Tipps zum Start ins Berufsleben gibt es auf\u00a0<a href=\"https:\/\/deref-web.de\/mail\/client\/b8UHv1BniiU\/dereferrer\/?redirectUrl=http%3A%2F%2Fwww.rentenblicker.de\" target=\"_blank\" rel=\"noreferrer noopener\">www.rentenblicker.de<\/a><\/strong><\/p>\n\n\n\n<p><strong>Ausk\u00fcnfte gibt es bei der Deutschen Rentenversicherung Rheinland-Pfalz, \u00fcber das Servicetelefon unter 0800 1000 480 16 und im Internet unter\u00a0<a href=\"https:\/\/deref-web.de\/mail\/client\/l0gGdhcyLmQ\/dereferrer\/?redirectUrl=http%3A%2F%2Fwww.drv-rlp.de\" target=\"_blank\" rel=\"noreferrer noopener\">www.drv-rlp.de<\/a><\/strong><\/p>\n\n\n\n<p><em>Deutsche Rentenversicherung Rheinland-Pfalz<br>05.05.2023<\/em><\/p>\n\n\n\n<h2 class=\"wp-block-heading\">Seit Januar m\u00f6glich: Als Rentner unbegrenzt hinzuverdienen<\/h2>\n\n\n\n<p>Seit Januar k\u00f6nnen Rentnerinnen und Rentner neben einer vorgezogenen Altersrente mit ihrem Job unbegrenzt hinzuverdienen. Das gilt sowohl f\u00fcr diejenigen, die neu in Altersrente gehen als auch f\u00fcr jene, die schon l\u00e4nger eine Altersrente beziehen.<\/p>\n\n\n\n<h3 class=\"wp-block-heading\">Rente erh\u00f6hen<\/h3>\n\n\n\n<p>Das hat Vorteile: Den Rentenbeginn und die Rentenart kann nun jeder noch flexibler w\u00e4hlen. Und wer trotz Altersrente weiterarbeitet, zahlt weiter Beitr\u00e4ge zur Rentenversicherung, die die Rente nach Erreichen der Regelaltersgrenze und anschlie\u00dfend mit jeder Rentenanpassung erh\u00f6hen. M\u00f6gliche Abschl\u00e4ge wegen eines vorzeitigen Rentenbeginns kann das ausgleichen.<\/p>\n\n\n\n<h3 class=\"wp-block-heading\">Beraten lassen<\/h3>\n\n\n\n<p>Um sicher zu sein, wie sich die Beitragszahlung neben der Rente auf die Rentenh\u00f6he oder die Steuer auswirken, sollte man sich beraten lassen: Zur Rente bei einer der Beratungsstellen der Deutschen Rentenversicherung in Mainz, Bad Kreuznach, Koblenz, Andernach Trier, Speyer oder Kaiserslautern, zur Steuer bei Finanzamt, Steuerberater oder Lohnsteuerhilfeverein.<\/p>\n\n\n\n<h3 class=\"wp-block-heading\">Vorteile auch f\u00fcr Betriebe<\/h3>\n\n\n\n<p>Wenn Mitarbeitende zur Altersente unbegrenzt hinzuverdienen k\u00f6nnen, kann das Betrieben bei Fachkr\u00e4ftemangel helfen. Denn die neue Regel bedeutet f\u00fcr sie deutlich weniger B\u00fcrokratie und mehr M\u00f6glichkeiten, langj\u00e4hrige Mitarbeiterinnen und Mitarbeiter trotz Rente weiter zu besch\u00e4ftigen und sich damit ihr Wissen zu erhalten.<\/p>\n\n\n\n<p>Weitere Ausk\u00fcnfte gibt es bei der Deutschen Rentenversicherung Rhein-land-Pfalz, \u00fcber das kostenfreie Servicetelefon unter 0800 1000 480 16 und im Internet unter\u00a0<a href=\"https:\/\/deref-web.de\/mail\/client\/l0gGdhcyLmQ\/dereferrer\/?redirectUrl=http%3A%2F%2Fwww.drv-rlp.de\" target=\"_blank\" rel=\"noreferrer noopener\">www.drv-rlp.de<\/a><\/p>\n\n\n\n<p><em>Deutsche Rentenversicherung Rheinland-Pfalz<br>02.05.2023<\/em><\/p>\n\n\n\n<h2 class=\"wp-block-heading has-text-align-center\">Stadtwerke Speyer (SWS) GmbH<\/h2>\n\n\n<div class=\"wp-block-image\">\n<figure class=\"aligncenter size-full\"><img decoding=\"async\" loading=\"lazy\" width=\"640\" height=\"421\" src=\"https:\/\/speyer24news.com\/wp-content\/uploads\/2021\/03\/SWS-Kundenzentrum.jpg\" alt=\"\" class=\"wp-image-34058\" srcset=\"https:\/\/speyer24news.com\/wp-content\/uploads\/2021\/03\/SWS-Kundenzentrum.jpg 640w, https:\/\/speyer24news.com\/wp-content\/uploads\/2021\/03\/SWS-Kundenzentrum-300x197.jpg 300w\" sizes=\"(max-width: 640px) 100vw, 640px\" \/><\/figure><\/div>\n\n\n<h2 class=\"wp-block-heading\">bademaxx-Freibad: Verkauf von Saisonkarten startet<\/h2>\n\n\n<div class=\"wp-block-image\">\n<figure class=\"aligncenter size-full\"><img decoding=\"async\" loading=\"lazy\" width=\"800\" height=\"600\" src=\"https:\/\/speyer24news.com\/wp-content\/uploads\/2023\/06\/20220811_140323.jpg\" alt=\"\" class=\"wp-image-52456\" srcset=\"https:\/\/speyer24news.com\/wp-content\/uploads\/2023\/06\/20220811_140323.jpg 800w, https:\/\/speyer24news.com\/wp-content\/uploads\/2023\/06\/20220811_140323-300x225.jpg 300w, https:\/\/speyer24news.com\/wp-content\/uploads\/2023\/06\/20220811_140323-768x576.jpg 768w, https:\/\/speyer24news.com\/wp-content\/uploads\/2023\/06\/20220811_140323-678x509.jpg 678w, https:\/\/speyer24news.com\/wp-content\/uploads\/2023\/06\/20220811_140323-326x245.jpg 326w, https:\/\/speyer24news.com\/wp-content\/uploads\/2023\/06\/20220811_140323-80x60.jpg 80w\" sizes=\"(max-width: 800px) 100vw, 800px\" \/><figcaption class=\"wp-element-caption\">Wie bereits 2022 soll am 18. August eine Pool-Party f\u00fcr die ganz Familie stattfinden.<\/figcaption><\/figure><\/div>\n\n\n<p>Am Montag, 15. Mai startete der Verkauf von Saisonkarten im Sport- und Erlebnisbad bademaxx in der Speyerer Geibstra\u00dfe f\u00fcr die Freibad-Saison 2023.<\/p>\n\n\n\n<p>Erh\u00e4ltlich sind die Saisonkarten zu den normalen \u00d6ffnungszeiten an der Kasse im Hallenbad. F\u00fcr deren Ausstellung werden Fotos vor Ort gemacht. Eigene Fotos k\u00f6nnen nicht genutzt werden. F\u00fcr nur 100 Euro k\u00f6nnen Erwachsene (Erm\u00e4\u00dfigte 45 Euro) mit der Saisonkarte dann bis Anfang September jeden Tag im bademaxx schwimmen, relaxen und toben. Mietschr\u00e4nke sind ebenfalls ab 15. Mai f\u00fcr die gesamte Freibadsaison f\u00fcr 20 Euro (plus 20 Euro Pfand) an der Hallenbadkasse zu buchen.<\/p>\n\n\n\n<p>Das Freibad \u00f6ffnete am Donnerstag, 18. Mai. Die Preise bleiben stabil. Die Becken werden \u2013 entsprechend Vor-Krisen-Niveau \u2013 beheizt.<\/p>\n\n\n\n<p><em>Stadtwerke Speyer (SWS) GmbH<br>12.05.2023<\/em><\/p>\n\n\n\n<h2 class=\"wp-block-heading\">bademaxx: Ausschwimmbecken \u00f6ffnet<\/h2>\n\n\n\n<h3 class=\"wp-block-heading\">Letzte Einsparma\u00dfnahme aufgehoben<\/h3>\n\n\n\n<p>Am Samstag, 22. April wird das Ausschwimmbecken im Sport- und Erlebnisbad bademaxx in der Speyerer Geibstra\u00dfe wieder ge\u00f6ffnet. Aufgrund der noch k\u00fchlen Nachttemperaturen und den Einschr\u00e4nkungen durch die Energiekrise war das Au\u00dfenbecken bislang nicht in Betrieb genommen worden. Mit einer Fl\u00e4che von 87 Quadratmetern, drei Nackenduschen und einer Tiefe bis 1,35 Metern ist es das ganze Jahr \u00fcber ge\u00f6ffnet und zu allen Jahreszeiten ein beliebtes Freiluftvergn\u00fcgen. Die Wassertemperatur betr\u00e4gt 30 Grad Celsius.\u00a0Im Hallenbad sind die Raum- und Beckentemperaturen bereits seit Mitte Februar wieder auf Vor-Krisen-Niveau angehoben worden. Seit Juni 2022 konnten im bademaxx durch diverse Ma\u00dfnahmen (siehe Tabelle) 2,2 Mio. Kilowattstunden Erdgas eingespart werden. Das entspricht dem Jahresverbrauch von 122 Einfamilienh\u00e4usern. Die monatlichen Einsparungen liegen im Durchschnitt bei \u00fcber 40 Prozent. Details sind auch hierzu der untenstehenden Tabelle zu entnehmen. Es handelt sich um Echtwerte, die nicht klimabereinigt sind.<\/p>\n\n\n<div class=\"wp-block-image\">\n<figure class=\"aligncenter size-large\"><img decoding=\"async\" loading=\"lazy\" width=\"1024\" height=\"372\" src=\"https:\/\/speyer24news.com\/wp-content\/uploads\/2023\/06\/image001-1024x372.png\" alt=\"\" class=\"wp-image-52465\" srcset=\"https:\/\/speyer24news.com\/wp-content\/uploads\/2023\/06\/image001-1024x372.png 1024w, https:\/\/speyer24news.com\/wp-content\/uploads\/2023\/06\/image001-300x109.png 300w, https:\/\/speyer24news.com\/wp-content\/uploads\/2023\/06\/image001-768x279.png 768w, https:\/\/speyer24news.com\/wp-content\/uploads\/2023\/06\/image001.png 1200w\" sizes=\"(max-width: 1024px) 100vw, 1024px\" \/><\/figure><\/div>\n\n\n<p>Stadtwerke Speyer (SWS) GmbH<br>20.04.2023<\/p>\n\n\n\n<h2 class=\"wp-block-heading has-text-align-center\">Sparkasse Vorderpfalz<\/h2>\n\n\n<div class=\"wp-block-image\">\n<figure class=\"aligncenter size-large\"><img decoding=\"async\" loading=\"lazy\" width=\"1024\" height=\"768\" src=\"https:\/\/speyer24news.com\/wp-content\/uploads\/2019\/10\/Sparkasse-Vorderpfalz-1-1024x768-1-1024x768.jpg\" alt=\"\" class=\"wp-image-20972\" srcset=\"https:\/\/speyer24news.com\/wp-content\/uploads\/2019\/10\/Sparkasse-Vorderpfalz-1-1024x768-1.jpg 1024w, https:\/\/speyer24news.com\/wp-content\/uploads\/2019\/10\/Sparkasse-Vorderpfalz-1-1024x768-1-300x225.jpg 300w, https:\/\/speyer24news.com\/wp-content\/uploads\/2019\/10\/Sparkasse-Vorderpfalz-1-1024x768-1-768x576.jpg 768w, https:\/\/speyer24news.com\/wp-content\/uploads\/2019\/10\/Sparkasse-Vorderpfalz-1-1024x768-1-678x509.jpg 678w, https:\/\/speyer24news.com\/wp-content\/uploads\/2019\/10\/Sparkasse-Vorderpfalz-1-1024x768-1-326x245.jpg 326w, https:\/\/speyer24news.com\/wp-content\/uploads\/2019\/10\/Sparkasse-Vorderpfalz-1-1024x768-1-80x60.jpg 80w\" sizes=\"(max-width: 1024px) 100vw, 1024px\" \/><\/figure><\/div>\n\n\n<h2 class=\"wp-block-heading\">Sparkasse Vorderpfalz pr\u00e4sentiert Grand Mal\u00f6r und Stelzenl\u00e4ufer La Fantasia bei der Kult(o)urnacht Speyer<\/h2>\n\n\n<div class=\"wp-block-image\">\n<figure class=\"aligncenter size-full\"><img decoding=\"async\" loading=\"lazy\" width=\"800\" height=\"685\" src=\"https:\/\/speyer24news.com\/wp-content\/uploads\/2023\/06\/Bild-Grand-Maloer.jpg\" alt=\"\" class=\"wp-image-52447\" srcset=\"https:\/\/speyer24news.com\/wp-content\/uploads\/2023\/06\/Bild-Grand-Maloer.jpg 800w, https:\/\/speyer24news.com\/wp-content\/uploads\/2023\/06\/Bild-Grand-Maloer-300x257.jpg 300w, https:\/\/speyer24news.com\/wp-content\/uploads\/2023\/06\/Bild-Grand-Maloer-768x658.jpg 768w\" sizes=\"(max-width: 800px) 100vw, 800px\" \/><figcaption class=\"wp-element-caption\">Sparkasse Vorderpfalz pr\u00e4sentiert Grand Mal\u00f6r bei der Kult(o)urnacht Speyer.<br><em>Foto: Grand Mal\u00f6r<\/em><\/figcaption><\/figure><\/div>\n\n\n<p><strong>Speyer &#8211; <\/strong>Am 16. Juni \u00f6ffnet die Sparkasse Vorderpfalz in der Wormser Stra\u00dfe 39 ihre T\u00fcren f\u00fcr die Kult(o)urnacht Speyer und bietet ein besonderes Programm f\u00fcr alle Besucherinnen und Besucher.<\/p>\n\n\n\n<p>Als musikalische Highlight treten GRAND MAL\u00d6R auf. Die Party-Band aus der Vorderpfalz spielt eine Mischung aus Rock, Partymusik, Top-40 Hits und sorgt f\u00fcr unversch\u00e4mt gute Laune. Die sieben Musiker animieren das Publikum jeden Alters zum gemeinsamen Feiern. Die Auftritte sind von 19:00 bis 21:00 Uhr und von 21:20 bis 23:00 Uhr. Die Besucherinnen und Besucher k\u00f6nnen auch die faszinierenden Stelzenl\u00e4ufer La Fantasia erleben, die in zauberhaften Kost\u00fcmen mit unz\u00e4hligen Lichtern f\u00fcr eine besondere Animation sorgen. Die Auftritte sind von 19:00 bis 23:00 Uhr. F\u00fcr das leibliche Wohl sorgt Captain Blocks Streetfood mit einzigartigen Rebknorzespie\u00dfen, Burgern, Steaks, hausgemachten Pommes, Bratwurst und Currywurst.<\/p>\n\n\n\n<p>Die Sparkasse Vorderpfalz l\u00e4dt alle Interessierten herzlich ein, bei der Kult(o)urnacht Speyer dabei zu sein und das vielf\u00e4ltige Programm zu genie\u00dfen. Die T\u00fcren sind von 19:00 bis 01:00 Uhr ge\u00f6ffnet.<\/p>\n\n\n\n<p><em>Sparkasse Vorderpfalz<br>05.06.2023<\/em><\/p>\n\n\n\n<h2 class=\"wp-block-heading\">Sparkasse Vorderpfalz erweitert Service f\u00fcr angehende Bauherren und Kaufinteressenten<\/h2>\n\n\n\n<h3 class=\"wp-block-heading\">Bankenunabh\u00e4ngige Beratung und die beste Finanzierung aus \u00fcber 190 Angeboten ausw\u00e4hlen<\/h3>\n\n\n<div class=\"wp-block-image\">\n<figure class=\"aligncenter size-full\"><img decoding=\"async\" loading=\"lazy\" width=\"800\" height=\"675\" src=\"https:\/\/speyer24news.com\/wp-content\/uploads\/2023\/06\/Bausch_Peter2023.jpg\" alt=\"\" class=\"wp-image-52450\" srcset=\"https:\/\/speyer24news.com\/wp-content\/uploads\/2023\/06\/Bausch_Peter2023.jpg 800w, https:\/\/speyer24news.com\/wp-content\/uploads\/2023\/06\/Bausch_Peter2023-300x253.jpg 300w, https:\/\/speyer24news.com\/wp-content\/uploads\/2023\/06\/Bausch_Peter2023-768x648.jpg 768w\" sizes=\"(max-width: 800px) 100vw, 800px\" \/><figcaption class=\"wp-element-caption\">Peter Bausch, Leiter ImmobilienCenter der Sparkasse Vorderpfalz betont: \u201eKunden haben nun die M\u00f6glichkeit, das Finanzierungsangebot der Sparkasse Vorderpfalz mit denen von \u00fcber 190 anderen Banken direkt abzugleichen und das beste Angebot f\u00fcr sich auszuw\u00e4hlen\u201c.<\/figcaption><\/figure><\/div>\n\n\n<p>Die Sparkasse Vorderpfalz erweitert ihr Serviceangebot f\u00fcr Interessenten von Immobilien. Kunden haben nun die M\u00f6glichkeit, das Finanzierungsangebot der Sparkasse Vorderpfalz mit denen von \u00fcber 190 anderen Banken direkt abzugleichen und das beste Angebot f\u00fcr sich auszuw\u00e4hlen. &#8222;Wir m\u00f6chten unseren Kunden diesen Aufwand k\u00fcnftig ersparen und erweitern unseren Service f\u00fcr angehende Bauherren oder Kaufinteressenten&#8220;, sagt Peter Bausch, Leiter ImmobilienCenter der Sparkasse Vorderpfalz.<\/p>\n\n\n\n<p>Bankenunabh\u00e4ngige Beratung und vielf\u00e4ltige F\u00f6rderm\u00f6glichkeiten stehen dabei im Vordergrund. In einem Beratungsgespr\u00e4ch k\u00f6nnen Kunden das beste Angebot f\u00fcr ihre Baufinanzierung aus einer bundesweiten Recherche von \u00fcber 190 unterschiedlichen Banken ausw\u00e4hlen. Dabei werden Kunden bei einer vorausgesetzten Bonit\u00e4t eine sofortige Kreditentscheidung durch die Beraterinnen und Berater der Sparkasse erhalten und \u00fcber F\u00f6rderm\u00f6glichkeiten wie Riester-Zulagen, KfW-F\u00f6rderkredite und weitere F\u00f6rderprogramme beraten.<\/p>\n\n\n\n<h3 class=\"wp-block-heading\">Kundenfreundlichkeit: die beste Finanzierung aus \u00fcber 190 Angeboten ausw\u00e4hlen<\/h3>\n\n\n\n<p>Zus\u00e4tzlich bietet die Sparkasse Vorderpfalz flexible L\u00f6sungen, wie eine Bereitstellungszinsfreiheit von 24 Monaten oder eine Tilgungsfreiheit von 24 Monaten. &#8222;Unsere Kunden haben selbstverst\u00e4ndlich die Freiheit, das Finanzierungsangebot des Mitbewerbers zu nutzen, wenn es f\u00fcr sie das bessere Angebot ist. Daf\u00fcr stehen wir mit unserem Versprechen: Wir bieten unseren Kunden eine bankenunabh\u00e4ngige Beratung und die M\u00f6glichkeit, die beste Finanzierung aus \u00fcber 190 Angeboten auszuw\u00e4hlen&#8220;, betont Bausch.<\/p>\n\n\n\n<p>Interessierte k\u00f6nnen den Finanzierungsbedarf f\u00fcr den Kauf einer Immobilie auf der Homepage der Sparkasse Vorderpfalz unter\u00a0<a href=\"https:\/\/deref-web.de\/mail\/client\/1KkN55QENmQ\/dereferrer\/?redirectUrl=http%3A%2F%2Fwww.sparkasse-vorderpfalz.de\" target=\"_blank\" rel=\"noreferrer noopener\">www.sparkasse-vorderpfalz.de<\/a>\u00a0<a href=\"https:\/\/deref-web.de\/mail\/client\/H0ZO24HJdyE\/dereferrer\/?redirectUrl=http%3A%2F%2Fwww.sparkasse-vorderpfalz\" target=\"_blank\" rel=\"noreferrer noopener\"><\/a>\u00a0ermitteln und einen Beratungstermin vereinbaren. Trotz deutlich gestiegener Zinsen f\u00fcr Baufinanzierungen und Baumaterialien sei der Wunsch der Menschen nach einem Eigenheim nach wie vor sehr gro\u00df. Die Sicherheit vor Mieterh\u00f6hungen oder K\u00fcndigung durch den Vermieter spiele ebenso eine Rolle wie der gr\u00f6\u00dfere Gestaltungsspielraum in den eigenen vier W\u00e4nden. Umso wichtiger sei es, die Baufinanzierung auf sicheren Boden zu stellen, betont Bausch.<\/p>\n\n\n\n<p><em>Sparkasse Vorderpfalz<br>23.05.2023<\/em><\/p>\n\n\n\n<h2 class=\"wp-block-heading\">Sparkasse Vorderpfalz \u00fcbergibt M\u00fcnzsammlung und Tageb\u00fccher des M\u00fcnzf\u00e4lschers Carl Wilhelm Becker an das M\u00fcnzkabinett Staatliche Museen zu Berlin<\/h2>\n\n\n<div class=\"wp-block-image\">\n<figure class=\"aligncenter size-full\"><img decoding=\"async\" loading=\"lazy\" width=\"800\" height=\"591\" src=\"https:\/\/speyer24news.com\/wp-content\/uploads\/2023\/06\/230517Muenzen05-Kopie.jpg\" alt=\"\" class=\"wp-image-52455\" srcset=\"https:\/\/speyer24news.com\/wp-content\/uploads\/2023\/06\/230517Muenzen05-Kopie.jpg 800w, https:\/\/speyer24news.com\/wp-content\/uploads\/2023\/06\/230517Muenzen05-Kopie-300x222.jpg 300w, https:\/\/speyer24news.com\/wp-content\/uploads\/2023\/06\/230517Muenzen05-Kopie-768x567.jpg 768w, https:\/\/speyer24news.com\/wp-content\/uploads\/2023\/06\/230517Muenzen05-Kopie-80x60.jpg 80w\" sizes=\"(max-width: 800px) 100vw, 800px\" \/><figcaption class=\"wp-element-caption\">Im Beisein von Dr. Wolfgang Dreher (Vorsitzender der Numismatischen Gesellschaft Speyer, links), Dr. Rainer Albert (Ehrenvorsitzender der Numismatischen Gesellschaft Speyer, 3.v.r) und Andrea Gorys (Wissenschaftliche Mitarbeiterin des M\u00fcnzkabinetts Staatliche Museen zu Berlin, 2.v.r) \u00fcbergibt Thomas Rei\u00df (Leiter Revision der Sparkasse Vorderpfalz, 2.v.l.) die M\u00fcnzsammlung und Tageb\u00fccher des M\u00fcnzf\u00e4lschers Carl Wilhelm Becker an Prof. Dr. Bernhard Weisser (Direktor des M\u00fcnzkabinetts Staatliche Museen zu Berlin, r.).<\/figcaption><\/figure><\/div>\n\n\n<p>Die Sparkasse Vorderpfalz hat eine M\u00fcnzsammlung von mehreren Duzend M\u00fcnzen und Medaillen an das M\u00fcnzkabinett Staatliche Museen zu Berlin \u00fcbergeben. Die Sammlung gef\u00e4lschter M\u00fcnzen aus der Antike und dem fr\u00fchen Mittelalter sowie umfangreiche Tageb\u00fccher stammen aus dem Nachlass des M\u00fcnzf\u00e4lschers Carl Wilhelm Becker (1772-1830), der f\u00fcr seine geschickten Nachahmungen von M\u00fcnzen bekannt war.<\/p>\n\n\n\n<h3 class=\"wp-block-heading\">Ein Teil der regionalen Numismatikgeschichte<\/h3>\n\n\n\n<p>Prof. Dr. Bernhard Weisser, Direktor des M\u00fcnzkabinetts Staatliche Museen zu Berlin, bedankte sich f\u00fcr die gro\u00dfz\u00fcgige Schenkung der Sparkasse Vorderpfalz und betonte, dass die M\u00fcnzsammlung des in Speyer als Sohn eines Weinh\u00e4ndlers und Ratsherren geborenen M\u00fcnzenf\u00e4lschers Carl Wilhelm Becker ein wichtiger Teil der Numismatikgeschichte aus Speyer sei. &#8222;Wir sind dankbar, dass die Sammlung nun mit anderen Best\u00e4nden, insbesondere den Pr\u00e4gestempeln des F\u00e4lschers, zusammengef\u00fchrt wird und f\u00fcr Forschung und Bildung zur Verf\u00fcgung steht, sowie im Anschluss auch im M\u00fcnzkabinett \u00f6ffentlich zug\u00e4nglich sein wird&#8220;, sagte er.<\/p>\n\n\n\n<h3 class=\"wp-block-heading\">Ein wertvolles St\u00fcck Geschichte<\/h3>\n\n\n\n<p>Thomas Rei\u00df, Leiter Revision der Sparkasse Vorderpfalz betonte bei der \u00dcbergabe, dass die Sammlung lange Zeit in Privatbesitz war und 1995 von der damaligen Kreis- und Stadtsparkasse Speyer im Zusammenspiel mit der Numismatischen Gesellschaft Speyer erworben wurde. &#8222;Die Arbeiten des M\u00fcnzf\u00e4lschers Carl Wilhelm Becker werden auch heute noch in der Numismatik diskutiert und erforscht. Wir freuen uns, dass wir dazu beitragen k\u00f6nnen, dass dieses wertvolle St\u00fcck Geschichte nun zu gegebener Zeit im M\u00fcnzkabinett Staatliche Museen zu Berlin zu sehen ist&#8220;, sagte er.<\/p>\n\n\n\n<h3 class=\"wp-block-heading\">Sammeln \u2013 Erforschen \u2013 Bewahren<\/h3>\n\n\n\n<p>Dr. Rainer Albert, Ehrenvorsitzender der Numismatischen Gesellschaft Speyer, lobte das zum wiederholten Male gelungene Zusammenspiel zwischen Sammlerschaft und Wissenschaft nach dem Motto der Deutschen Numismatischen Gesellschaft: &#8222;Sammeln \u2013 Erforschen \u2013 Bewahren&#8220;, das f\u00fcr die Speyerer Numismatiker seit langem verpflichtend ist.<\/p>\n\n\n\n<p><em>Sparkasse Vorderpfalz<br>25.05.2023<\/em><\/p>\n\n\n\n<h2 class=\"wp-block-heading\">Sparkasse Vorderpfalz verst\u00e4rkt Sicherheitsma\u00dfnahmen an Geldautomaten<\/h2>\n\n\n<div class=\"wp-block-image\">\n<figure class=\"aligncenter size-full\"><img decoding=\"async\" loading=\"lazy\" width=\"500\" height=\"661\" src=\"https:\/\/speyer24news.com\/wp-content\/uploads\/2019\/08\/Traue-Thomas_2.jpg\" alt=\"\" class=\"wp-image-18379\" srcset=\"https:\/\/speyer24news.com\/wp-content\/uploads\/2019\/08\/Traue-Thomas_2.jpg 500w, https:\/\/speyer24news.com\/wp-content\/uploads\/2019\/08\/Traue-Thomas_2-227x300.jpg 227w\" sizes=\"(max-width: 500px) 100vw, 500px\" \/><figcaption class=\"wp-element-caption\">Thomas Traue, Vorstandsvorsitzender der Sparkasse Vorderpfalz, betont: \u201eDer Schutz unserer Kunden und Mitarbeiter hat f\u00fcr uns h\u00f6chste Priorit\u00e4t. Deshalb werden wir die Sicherheitsma\u00dfnahmen gegen Sprengungen von Geldautomaten weiter erh\u00f6hen\u201c.<\/figcaption><\/figure><\/div>\n\n\n<p>Die Sparkasse Vorderpfalz gibt bekannt, dass sie in enger Zusammenarbeit mit den Sicherheitsbeh\u00f6rden ihre Sicherheitsma\u00dfnahmen zur Pr\u00e4vention von Geldautomatensprengungen deutlich erh\u00f6hen wird. Dieser Schritt erfolgt als weitere Reaktion auf eine k\u00fcrzlich durchgef\u00fchrte Risiko- und Gef\u00e4hrdungsanalyse. Die neuen Ma\u00dfnahmen beinhalten innovative Abwehrmechanismen sowie bauliche, mechanische, elektronische und organisatorische Vorkehrungen. Um den Bedrohungen und der jeweiligen Sicherheitslage an den Standorten in Ludwigshafen, Speyer und dem Rhein-Pfalz-Kreis gerecht zu werden, wird ein individuell angepasster Ma\u00dfnahmen-Mix eingesetzt. Aus Sicherheitsgr\u00fcnden werden jedoch keine detaillierten Informationen zu den spezifischen Ma\u00dfnahmen ver\u00f6ffentlicht.<\/p>\n\n\n\n<h3 class=\"wp-block-heading\">Schutz der Kunden und Mitarbeiter hat h\u00f6chste Priorit\u00e4t<\/h3>\n\n\n\n<p>&#8222;Es ist bedauerlich, dass wir feststellen m\u00fcssen, dass T\u00e4tergruppen immer r\u00fccksichtsloser agieren&#8220;, kommentiert Thomas Traue, Vorstandsvorsitzender der Sparkasse Vorderpfalz. &#8222;Die Verwendung von Festsprengstoffen f\u00fchrt nicht nur zu erheblichen Sch\u00e4den an Geb\u00e4uden, sondern birgt auch ein erhebliches Risiko f\u00fcr Menschen, die sich in der N\u00e4he der Geldautomaten aufhalten. Der Schutz unserer Kunden und Mitarbeiter hat f\u00fcr uns oberste Priorit\u00e4t. Wir setzen alles daran, die Sicherheit an unseren Standorten zu erh\u00f6hen und das Risiko f\u00fcr Personen, die sich in der N\u00e4he unserer Geldautomaten aufhalten, so gering wie m\u00f6glich zu halten.&#8220;<\/p>\n\n\n\n<h3 class=\"wp-block-heading\">Erweiterung der Schlie\u00dfzeiten und Reduzierung der Bargeldbest\u00e4nde<\/h3>\n\n\n\n<p>Als eine pr\u00e4ventive Ma\u00dfnahme hatte die Sparkasse Vorderpfalz bereits im April 2023 die Schlie\u00dfzeiten ihrer Selbstbedienungs-Foyers von 23:00 bis 06:00 Uhr ausgeweitet und die Bargeldbest\u00e4nde in den Geldautomaten reduziert.<\/p>\n\n\n\n<p><em>Sparkasse Vorderpfalz<br>16.05.2023<\/em><\/p>\n\n\n\n<h2 class=\"wp-block-heading\">Sparkasse Vorderpfalz empfiehlt Elementarschadenversicherung bei Starkregen<\/h2>\n\n\n\n<h3 class=\"wp-block-heading\">Polychronis Michailidis gibt Tipps zum Schutz vor finanziellen Sch\u00e4den<\/h3>\n\n\n<div class=\"wp-block-image\">\n<figure class=\"aligncenter size-full\"><img decoding=\"async\" loading=\"lazy\" width=\"500\" height=\"625\" src=\"https:\/\/speyer24news.com\/wp-content\/uploads\/2022\/04\/Michailidis-Polychronisi_3.jpg\" alt=\"\" class=\"wp-image-43920\" srcset=\"https:\/\/speyer24news.com\/wp-content\/uploads\/2022\/04\/Michailidis-Polychronisi_3.jpg 500w, https:\/\/speyer24news.com\/wp-content\/uploads\/2022\/04\/Michailidis-Polychronisi_3-240x300.jpg 240w\" sizes=\"(max-width: 500px) 100vw, 500px\" \/><figcaption class=\"wp-element-caption\">Polychronis Michailidis von der Sparkasse Vorderpfalz r\u00e4t: &#8222;Eine Elementarschadenversicherung ist eine wichtige Erg\u00e4nzung zur Wohngeb\u00e4udeversicherung und sch\u00fctzt vor finanziellen Sch\u00e4den durch Naturereignisse wie Starkregen&#8220;, sagt Polychronis Michailidis.\u201c<\/figcaption><\/figure><\/div>\n\n\n<p>Starkregen kann zu schweren Sch\u00e4den an Geb\u00e4uden f\u00fchren und die finanzielle Existenz von Verbrauchern bedrohen. Die Sparkasse Vorderpfalz empfiehlt deshalb den Abschluss einer Elementarschadenversicherung, um sich gegen solche Risiken abzusichern. &#8222;Die Wohngeb\u00e4udeversicherung ohne Elementarschutz zahlt in diesen F\u00e4llen in der Regel nicht. Sie springt nur nach einem Feuer ein, nach Sturm und Hagel oder einem Schaden, der durch Leitungswasser entstanden ist&#8220;, sagt Polychronis Michailidis, Leiter Bausparen und Versicherungen der Sparkasse Vorderpfalz.<\/p>\n\n\n\n<h3 class=\"wp-block-heading\">Elementarschadenversicherung sch\u00fctzt vor finanziellen Sch\u00e4den<\/h3>\n\n\n\n<p>Eine Elementarschadenversicherung sch\u00fctzt vor weiteren finanziellen Sch\u00e4den, die durch Naturereignisse wie Starkregen entstehen k\u00f6nnen. &#8222;Heftiger Starkregen und verheerende \u00dcberschwemmungen, die ganze Landstriche verw\u00fcsten \u2013 in den letzten Jahren erleben wir, dass solche extremen Wetterereignisse immer \u00f6fter auftreten&#8220;, so Michailidis. Die Erweiterung des Geb\u00e4udeschutzes um eine Elementarschadenversicherung ist daher sinnvoll, um sich gegen Sch\u00e4den durch Starkregen abzusichern.<\/p>\n\n\n\n<h3 class=\"wp-block-heading\">Wann zahlt die Elementarschadenversicherung?<\/h3>\n\n\n\n<p>Die Elementarschadenversicherung zahlt beispielsweise, wenn das Wasser aus einem Fluss das Grundst\u00fcck und das Haus \u00fcberschwemmt. Jedoch muss eine funktionierende R\u00fcckstausicherung gegen R\u00fcckstau in den Leitungsrohren eingebaut sein, da die Versicherung in diesem Fall nicht zahlt. Eine Elementarschadenversicherung zahlt jedoch nicht, wenn das Grundwasser gestiegen ist und von unten ins Haus l\u00e4uft.<\/p>\n\n\n\n<h3 class=\"wp-block-heading\">Hausratversicherung empfehlenswert<\/h3>\n\n\n\n<p>Neben einer Elementarschadenversicherung empfiehlt sich auch der Abschluss einer Hausratversicherung. Wenn bei einem Unwetter Fenster besch\u00e4digt oder das Dach abgedeckt wird, kann es auch in die Wohnung regnen. Eine Hausratversicherung deckt Sch\u00e4den am Mobiliar, am Esszimmertisch oder an den Kleiderschr\u00e4nken ab.<\/p>\n\n\n\n<p><em>Sparkasse Vorderpfalz<br>12.05.2023<\/em><\/p>\n\n\n\n<h2 class=\"wp-block-heading\">Studie zu Banking-Apps: App-Sparkasse erneut Testsieger<\/h2>\n\n\n<div class=\"wp-block-image\">\n<figure class=\"aligncenter size-full\"><img decoding=\"async\" loading=\"lazy\" width=\"500\" height=\"628\" src=\"https:\/\/speyer24news.com\/wp-content\/uploads\/2021\/05\/csm_Kolb_Oliver_1_7bffdb4594.jpg\" alt=\"\" class=\"wp-image-37103\" srcset=\"https:\/\/speyer24news.com\/wp-content\/uploads\/2021\/05\/csm_Kolb_Oliver_1_7bffdb4594.jpg 500w, https:\/\/speyer24news.com\/wp-content\/uploads\/2021\/05\/csm_Kolb_Oliver_1_7bffdb4594-239x300.jpg 239w\" sizes=\"(max-width: 500px) 100vw, 500px\" \/><figcaption class=\"wp-element-caption\">Sparkassenvorstand Oliver Kolb betont: &#8222;Die Sparkassen-App ist Testsieger und die perfekte Erg\u00e4nzung zur Internet Filiale und der Beratung vor Ort&#8220;.<\/figcaption><\/figure><\/div>\n\n\n<p>Die App-Sparkasse hat erneut in einer Studie zum Thema Banking-Apps \u00fcberzeugt und die h\u00f6chste Bewertung von f\u00fcnf Sternen erhalten. Die Studie mit dem Titel \u201eDie besten Banking-Apps 2023\u201c wurde von der Zeitschrift Capital durchgef\u00fchrt und untersuchte insgesamt 34 Apps aus drei Kategorien: klassische Banken, Mobilbanken und unabh\u00e4ngige Multi-Banking-Apps.<\/p>\n\n\n\n<p>Die Tester bewerteten das Kundenerlebnis in zwei Disziplinen: Bankgesch\u00e4fte und Funktionalit\u00e4t sowie Service. Dabei erreichte die App-Sparkasse in der Kategorie \u201eDirekt- und Filialbanken\u201c 89,9 von 100 m\u00f6glichen Punkten und belegte damit den ersten Platz. Bereits im vergangenen Jahr hatte die Stiftung Warentest die App-Sparkasse zum Testsieger gek\u00fcrt, teilt die Sparkasse Vorderpfalz mit.<\/p>\n\n\n\n<p>Oliver Kolb, Vorstandsmitglied der Sparkasse Vorderpfalz und zust\u00e4ndig f\u00fcr das Privatkundengesch\u00e4ft, betonte: &#8222;Wir freuen uns, dass die Sparkassen-App die Tester \u00fcberzeugen konnte. Wiederholte Top-Platzierungen bei zahlreichen unabh\u00e4ngigen Tests zeigen die umfangreiche Qualit\u00e4t dieser App. Sie ist die mobile Schaltzentrale f\u00fcr alle finanziellen Angelegenheiten unserer Kunden und die perfekte Erg\u00e4nzung zur Internet Filiale und der Beratung vor Ort. Vom Abfragen des Kontostandes, Pr\u00fcfen der Ums\u00e4tze, Foto-, Termin- oder Echtzeit\u00fcberweisung bis hin zum Einbinden von Depots oder Konten anderer Kreditinstitute leistet die multibankf\u00e4hige Sparkassen-App alles.\u201c Die App-Sparkasse kann kostenlos im App-Store und im Google Play-Store heruntergeladen werden.<\/p>\n\n\n\n<p><em>Sparkasse Vorderpfalz<br>10.05.2023<\/em><\/p>\n\n\n\n<h2 class=\"wp-block-heading\">Trendwende auf dem Wohnimmobilienmarkt der Region<\/h2>\n\n\n<div class=\"wp-block-image\">\n<figure class=\"aligncenter size-full\"><img decoding=\"async\" loading=\"lazy\" width=\"800\" height=\"616\" src=\"https:\/\/speyer24news.com\/wp-content\/uploads\/2023\/06\/Schulz-Christopher_2023_.jpg\" alt=\"\" class=\"wp-image-52464\" srcset=\"https:\/\/speyer24news.com\/wp-content\/uploads\/2023\/06\/Schulz-Christopher_2023_.jpg 800w, https:\/\/speyer24news.com\/wp-content\/uploads\/2023\/06\/Schulz-Christopher_2023_-300x231.jpg 300w, https:\/\/speyer24news.com\/wp-content\/uploads\/2023\/06\/Schulz-Christopher_2023_-768x591.jpg 768w\" sizes=\"(max-width: 800px) 100vw, 800px\" \/><\/figure><\/div>\n\n\n<p>Die Sparkasse Vorderpfalz berichtet von einer Trendwende auf dem Wohnimmobilienmarkt der Region. Die Preisspitzen vergangener Jahre in Ludwigshafen, Speyer und dem Rhein-Pfalz-Kreis schmelzen ab und es gibt je nach Nutzungsart, Lagekriterien und energetischem Geb\u00e4udezustand st\u00e4rkere Preisdifferenzierungen.<\/p>\n\n\n\n<p>Christopher Schulz, Leiter Immobilienvermittlung der Sparkasse Vorderpfalz, erkl\u00e4rt, dass die deutlich gestiegenen Zinsen den Wohnimmobilienmarkt in der Region grundlegend ver\u00e4ndert haben. Trotzdem sei der Wunsch der Menschen nach einem Eigenheim nach wie vor sehr gro\u00df. Die Sicherheit vor Mieterh\u00f6hungen oder K\u00fcndigung durch den Vermieter spiele ebenso eine Rolle wie der gr\u00f6\u00dfere Gestaltungsspielraum in den eigenen vier W\u00e4nden.<\/p>\n\n\n\n<h3 class=\"wp-block-heading\">Niedrigzinsen sorgten f\u00fcr steigende Immobilienpreise<\/h3>\n\n\n\n<p>Die historisch niedrigen Zinsen f\u00fcr die Eigenheimfinanzierung sorgten in den letzten Jahren f\u00fcr eine kontinuierlich steigende Nachfrage nach Wohneigentum und f\u00fchrten zu einer deutlichen Verknappung des Immobilienangebots, so Schulz. Die attraktiven Finanzierungskonditionen konnten lange die steigenden Preise kompensieren. Doch die pl\u00f6tzliche Zinswende im letzten Jahr mit innerhalb k\u00fcrzester Zeit verdreifachten Konditionen hat manche Immobilienk\u00e4ufer vor gro\u00dfe Herausforderungen gestellt. Viele Interessenten warten deshalb aktuell erst einmal die weitere Entwicklung ab und nutzen die Zeit beispielsweise zum Aufbau von Eigenkapital.<\/p>\n\n\n\n<h3 class=\"wp-block-heading\">Aktuell herrscht Kaufzur\u00fcckhaltung<\/h3>\n\n\n\n<p>&#8222;In den ersten Monaten des laufenden Jahres konnten wir eine deutliche Kaufzur\u00fcckhaltung feststellen&#8220;, betont Schulz. Gebrauchte Wohnimmobilien zur Selbstnutzung werden zwar nach wie vor gesucht. &#8222;Aber oftmals passen die Preisvorstellungen der Verk\u00e4ufer nicht mit den Vorstellungen oder Budgets der Interessenten zusammen&#8220;, erg\u00e4nzt er.<\/p>\n\n\n\n<h3 class=\"wp-block-heading\">Preise f\u00fcr Immobilien werden sich differenziert entwickeln<\/h3>\n\n\n\n<p>Trotz dieser Herausforderungen bleibt Schulz optimistisch. &#8222;Wir sehen eine weiterhin hohe Nachfrage nach Immobilien in unserer Region und gehen davon aus, dass sich der Markt langfristig stabilisieren wird&#8220;, so Schulz. Er glaubt jedoch auch, dass die Preise sich in Zukunft differenzierter entwickeln werden. &#8222;Es deutet sich an, dass die Zinsen preisd\u00e4mpfend auf den Bestandsimmobilienmarkt wirken werden. Die \u00dcberhitzung der vergangenen Jahre reguliert sich. \u00dcberteuerte Preisvorstellungen von Verk\u00e4ufern, besonders in zweit- oder drittklassigen Lagen, werden sich wieder normalisieren&#8220;, prognostiziert er.<\/p>\n\n\n\n<p>Schulz geht jedoch nicht von einem Crash der Preise aus. &#8222;Ich gehe davon aus, dass es zu einer st\u00e4rkeren Differenzierung der Angebote nach Nutzungsart, Lagekriterien und energetischem Geb\u00e4udezustand kommen wird&#8220;, so Schulz. Dies w\u00fcrde dazu f\u00fchren, dass bestimmte Objekte, beispielsweise energetisch modernisierte Bestandsimmobilien oder Immobilien in Top-Lagen, weiterhin stark nachgefragt werden.<\/p>\n\n\n\n<p><em>Sparkasse Vorderpfalz<br>04.05.2023<\/em><\/p>\n\n\n\n<h2 class=\"wp-block-heading has-text-align-center\">Industriegewerkschaft Bauen-Agrar-Umwelt, Bezirksverband Rheinhessen-Vorderpfalz<\/h2>\n\n\n<div class=\"wp-block-image\">\n<figure class=\"aligncenter size-full\"><img decoding=\"async\" loading=\"lazy\" width=\"600\" height=\"242\" src=\"https:\/\/speyer24news.com\/wp-content\/uploads\/2020\/04\/IG-Bauen-Agragr-Umwelt-Logo.png\" alt=\"\" class=\"wp-image-26509\" srcset=\"https:\/\/speyer24news.com\/wp-content\/uploads\/2020\/04\/IG-Bauen-Agragr-Umwelt-Logo.png 600w, https:\/\/speyer24news.com\/wp-content\/uploads\/2020\/04\/IG-Bauen-Agragr-Umwelt-Logo-300x121.png 300w\" sizes=\"(max-width: 600px) 100vw, 600px\" \/><\/figure><\/div>\n\n\n<h2 class=\"wp-block-heading\">Bilanz f\u00fcr das Baujahr 2022 \u2013 Bau-Gewerkschaft fordert \u201eBooster f\u00fcr den Neubau\u201c<\/h2>\n\n\n\n<h3 class=\"wp-block-heading\">Speyer baut 161 neue Wohnungen<\/h3>\n\n\n<div class=\"wp-block-image\">\n<figure class=\"aligncenter size-full\"><img decoding=\"async\" loading=\"lazy\" width=\"800\" height=\"533\" src=\"https:\/\/speyer24news.com\/wp-content\/uploads\/2023\/06\/Schluessel-zur-neuen-Wohnung.jpg\" alt=\"\" class=\"wp-image-52448\" srcset=\"https:\/\/speyer24news.com\/wp-content\/uploads\/2023\/06\/Schluessel-zur-neuen-Wohnung.jpg 800w, https:\/\/speyer24news.com\/wp-content\/uploads\/2023\/06\/Schluessel-zur-neuen-Wohnung-300x200.jpg 300w, https:\/\/speyer24news.com\/wp-content\/uploads\/2023\/06\/Schluessel-zur-neuen-Wohnung-768x512.jpg 768w\" sizes=\"(max-width: 800px) 100vw, 800px\" \/><\/figure><\/div>\n\n\n<p><strong>Speyer &#8211; <\/strong>Neues Wohnen in Speyer: Im vergangenen Jahr wurden in Speyer insgesamt 161\u00a0Wohnungen neu gebaut \u2013 darunter 8\u00a0in Ein- und Zweifamilienh\u00e4usern. Das sind 94\u00a0Wohnungen mehr als im Vorjahr. Ein- und Zweifamilienh\u00e4user, Reihen- und Mehrfamilienh\u00e4user: Insgesamt investierten die Bauherren im vergangenen Jahr in Speyer rund 32,8\u00a0Millionen Euro f\u00fcr den Wohnungsneubau. Das teilt die Industriegewerkschaft Bauen-Agrar-Umwelt mit. Die IG\u00a0BAU Rheinhessen-Vorderpfalz beruft sich dabei auf aktuelle Zahlen des Statistischen Bundesamtes.<\/p>\n\n\n\n<p>F\u00fcr das laufende Baujahr warnt der IG BAU-Bezirksvorsitzende R\u00fcdiger Wunderlich vor einem Abw\u00e4rtstrend: \u201eBauvorhaben werden auf Eis gelegt. Denn hohe Baukosten treffen auf hohe Zinsen und hohe H\u00fcrden beim Bauen durch staatliche Auflagen und Vorschriften. Das ist ein toxischer Mix f\u00fcr den Wohnungsbau.\u201c Die Kaufpreise beim Neubau seien l\u00e4ngst \u201eaus den Fugen geraten\u201c und die Mieten \u201eklettern enorm nach oben\u201c \u2013 vor allem bei neu gebauten Wohnungen.<\/p>\n\n\n\n<p>Entscheidend sei jetzt, was gebaut werde: \u201eDie Wohnungen m\u00fcssen zur Lohnt\u00fcte der Menschen passen. Es kommt darauf an, vor allem bezahlbare Wohnungen und Sozialwohnungen zu bauen\u201c, sagt der Vorsitzende der IG BAU Rheinhessen-Vorderpfalz, R\u00fcdiger Wunderlich.<\/p>\n\n\n\n<p>Gebraucht werde jetzt ein \u201eBooster f\u00fcr den Neubau\u201c von sozialen und bezahlbaren Wohnungen. Wunderlich appelliert an die heimischen Bundestagsabgeordneten, sich in Berlin f\u00fcr ein \u201emassives Aufstocken der F\u00f6rdergelder\u201c stark zu machen. Aber auch das Land Rheinland-Pfalz sei mehr gefordert.<\/p>\n\n\n\n<p>\u201eF\u00fcr mehr Sozialwohnungen und f\u00fcr mehr bezahlbare Wohnungen muss der Staat \u2013 m\u00fcssen Bund und L\u00e4nder \u2013 bis 2025\u00a0mindestens 72\u00a0Milliarden Euro in die Hand nehmen\u201c, sagt R\u00fcdiger Wunderlich. Der Gewerkschafter beruft sich dabei auf Berechnungen von zwei Wohnungsbau-Studien, die die IG BAU beim Pestel-Institut (Hannover) und beim Bauforschungsinstitut ARGE (Kiel) mit in Auftrag gegeben hat.<\/p>\n\n\n\n<p>Konkret werde ein Sonderverm\u00f6gen von 50 Milliarden Euro f\u00fcr den sozialen Wohnungsbau ben\u00f6tigt. \u201eNur dann kann es noch klappen, bundesweit 100.000\u00a0Sozialwohnungen pro Jahr zu bauen\u201c, so der IG BAU-Bezirkschef. Zus\u00e4tzlich seien 22\u00a0Milliarden Euro f\u00fcr den Neubau von 60.000\u00a0bezahlbaren Wohnungen dringend erforderlich. Davon profitiere schlie\u00dflich auch Speyer.<\/p>\n\n\n\n<p>Au\u00dferdem dr\u00e4ngt die IG BAU auf ein \u201eschlankeres Baugesetzbuch\u201c: \u201eEs geht um das Durchforsten von Gesetzen, Verordnungen und Normen, auf das die Branche seit Jahren wartet. Das muss jetzt passieren \u2013 und nicht irgendwann im n\u00e4chsten Jahr\u201c, fordert Wunderlich.<\/p>\n\n\n\n<p><em>Industriegewerkschaft Bauen-Agrar-Umwelt, Bezirksverband Rheinhessen-Vorderpfalz<br>30.05.2023<\/em><\/p>\n\n\n\n<h2 class=\"wp-block-heading\">IG BAU: \u201eEklatantes \u00dcberwachungsdefizit\u201c \u2013 Baustellen sind Unfall-Hotspot<\/h2>\n\n\n\n<h3 class=\"wp-block-heading\">Nur 1 Rheinland-Pfalz-Kontrolleur f\u00fcr 30.994\u00a0Besch\u00e4ftigte \u2013 Baustellen in Speyer sollen sicherer werden<\/h3>\n\n\n<div class=\"wp-block-image\">\n<figure class=\"aligncenter size-full\"><img decoding=\"async\" loading=\"lazy\" width=\"800\" height=\"572\" src=\"https:\/\/speyer24news.com\/wp-content\/uploads\/2023\/06\/Arbeitsschutz-auf-dem-Bau.jpg\" alt=\"\" class=\"wp-image-52457\" srcset=\"https:\/\/speyer24news.com\/wp-content\/uploads\/2023\/06\/Arbeitsschutz-auf-dem-Bau.jpg 800w, https:\/\/speyer24news.com\/wp-content\/uploads\/2023\/06\/Arbeitsschutz-auf-dem-Bau-300x215.jpg 300w, https:\/\/speyer24news.com\/wp-content\/uploads\/2023\/06\/Arbeitsschutz-auf-dem-Bau-768x549.jpg 768w\" sizes=\"(max-width: 800px) 100vw, 800px\" \/><\/figure><\/div>\n\n\n<p>Ger\u00fcste ohne Schutzgel\u00e4nder, ungesicherte Baugruben, mangelhafte oder fehlende Schutzkleidung, \u00dcberstunden in Dauerschleife \u2026: Verst\u00f6\u00dfe gegen den Arbeitsschutz sollen auf den Baustellen in Speyer m\u00f6glichst keine Chance haben. Das fordert die Industriegewerkschaft Bauen-Agrar-Umwelt (IG\u00a0BAU).<\/p>\n\n\n\n<p>\u201eWir brauchen eine st\u00e4rkere Kontrolle durch die staatlichen Arbeitsschutzbeh\u00f6rden. Denn das A und O im Job sind der Gesundheitsschutz und die Sicherheit der Besch\u00e4ftigten. Wichtig ist, dass \u201aschwarze Schafe\u2018 keine Chance bekommen. Betriebe also, die auf Kosten ihrer Mitarbeiter Sicherheitsbestimmungen missachten und den Gesundheitsschutz nicht ernst nehmen. Das gilt grunds\u00e4tzlich f\u00fcr alle Branchen. Vor allem aber auch f\u00fcr den Bau, wo die meisten Arbeitsunf\u00e4lle passieren. Baustellen sind Unfall-Hotspots\u201c, so R\u00fcdiger Wunderlich.<\/p>\n\n\n\n<p>Um den Kontrolldruck zu erh\u00f6hen, fordert der Bezirksvorsitzende der IG\u00a0BAU Rheinhessen-Vorderpfalz eine bessere Personalausstattung der staatlichen Arbeitsschutzbeh\u00f6rden in der Region. \u201eEs gibt landesweit insgesamt viel zu wenig Kontrolleure. Nach dem aktuellen Arbeitsschutzbericht der Bundesregierung pr\u00fcfen in ganz Rheinland-Pfalz lediglich 66\u00a0Aufsichtsbeamte den Arbeitsschutz in den Betrieben. Rein rechnerisch ist damit ein Kontrolleur f\u00fcr 30.994\u00a0Besch\u00e4ftigte zust\u00e4ndig \u2013 ein Ding der Unm\u00f6glichkeit\u201c, sagt R\u00fcdiger Wunderlich. Von einer effektiven und fl\u00e4chendeckenden \u00dcberwachung k\u00f6nne da \u201eweit und breit keine Rede sein\u201c. Der IG\u00a0BAU-Bezirksvorsitzende spricht von einem \u201eeklatanten \u00dcberwachungsdefizit\u201c.<\/p>\n\n\n\n<p>Wunderlich dr\u00e4ngt in diesem Zusammenhang perspektivisch auf die Einrichtung einer staatlichen Arbeitsinspektion: \u201eWir brauchen eine \u00fcbergeordnete Beh\u00f6rde, die Kontrollen b\u00fcndelt. Sie muss die Einhaltung von Arbeitnehmerrechten und Sozialvorschriften sicherstellen. Dazu geh\u00f6rt die Kontrolle von Schwarzarbeit und von Verst\u00f6\u00dfen gegen das Zahlen von Mindestl\u00f6hnen. Aber auch den Arbeitsschutz und das Einhalten des Arbeitszeitgesetzes m\u00fcsste die Arbeitsinspektion fest im Blick haben\u201c, fordert R\u00fcdiger Wunderlich. Eine solche \u201eArbeitskontrolle aus einer Hand\u201c habe sich etwa in Frankreich und Spanien bew\u00e4hrt.<\/p>\n\n\n\n<p><em>Industriegewerkschaft Bauen-Agrar-Umwelt, Bezirksverband Rheinhessen-Vorderpfalz<br>11.05.2023<\/em><\/p>\n\n\n\n<h2 class=\"wp-block-heading has-text-align-center\">Holiday Park<\/h2>\n\n\n<div class=\"wp-block-image\">\n<figure class=\"aligncenter size-full\"><img decoding=\"async\" loading=\"lazy\" width=\"600\" height=\"298\" src=\"https:\/\/speyer24news.com\/wp-content\/uploads\/2021\/02\/Holiday-Park-Logo.png\" alt=\"\" class=\"wp-image-33109\" srcset=\"https:\/\/speyer24news.com\/wp-content\/uploads\/2021\/02\/Holiday-Park-Logo.png 600w, https:\/\/speyer24news.com\/wp-content\/uploads\/2021\/02\/Holiday-Park-Logo-300x149.png 300w\" sizes=\"(max-width: 600px) 100vw, 600px\" \/><\/figure><\/div>\n\n\n<h2 class=\"wp-block-heading\">Holiday Park feiert die Pfingstferien mit den Nickelodeon Fandays<\/h2>\n\n\n<div class=\"wp-block-image\">\n<figure class=\"aligncenter size-full\"><img decoding=\"async\" loading=\"lazy\" width=\"800\" height=\"533\" src=\"https:\/\/speyer24news.com\/wp-content\/uploads\/2023\/06\/group-2-1.jpg\" alt=\"\" class=\"wp-image-52441\" srcset=\"https:\/\/speyer24news.com\/wp-content\/uploads\/2023\/06\/group-2-1.jpg 800w, https:\/\/speyer24news.com\/wp-content\/uploads\/2023\/06\/group-2-1-300x200.jpg 300w, https:\/\/speyer24news.com\/wp-content\/uploads\/2023\/06\/group-2-1-768x512.jpg 768w\" sizes=\"(max-width: 800px) 100vw, 800px\" \/><\/figure><\/div>\n\n\n<p>Der Holiday Park hat ab sofort t\u00e4glich bis zum 10. September ge\u00f6ffnet. In den Pfingstferien k\u00f6nnen G\u00e4ste w\u00e4hrend den Nickelodeon Fandays ihre Nickelodeon TV-Helden treffen.<\/p>\n\n\n\n<p>Mit dem Beginn der erstmals in Rheinland-Pfalz stattfindenen Pfingstferien startet der Holiday Park bei bestem Wetter in die Sommersaison. Bis zum 10. September begr\u00fc\u00dfen die Biene Maja, Wickie und ihre Freunde t\u00e4glich ihre G\u00e4ste im Holiday Park.<\/p>\n\n\n\n<h3 class=\"wp-block-heading\">Neuheit 2023: Super Wings Wasserspielplatz<\/h3>\n\n\n<div class=\"wp-block-image\">\n<figure class=\"aligncenter size-full\"><img decoding=\"async\" loading=\"lazy\" width=\"800\" height=\"533\" src=\"https:\/\/speyer24news.com\/wp-content\/uploads\/2023\/06\/Aqua-Team-Playground-2.jpg\" alt=\"\" class=\"wp-image-52442\" srcset=\"https:\/\/speyer24news.com\/wp-content\/uploads\/2023\/06\/Aqua-Team-Playground-2.jpg 800w, https:\/\/speyer24news.com\/wp-content\/uploads\/2023\/06\/Aqua-Team-Playground-2-300x200.jpg 300w, https:\/\/speyer24news.com\/wp-content\/uploads\/2023\/06\/Aqua-Team-Playground-2-768x512.jpg 768w\" sizes=\"(max-width: 800px) 100vw, 800px\" \/><\/figure><\/div>\n\n\n<p>F\u00fcr noch mehr Wasserspa\u00df sorgt ab diesem Jahr der neue Super Wings Wasserspielplatz. Vier Wasserrutschen, interaktive Spielelemente und \u00fcberraschende Wassereffekte sorgen f\u00fcr fr\u00f6hliche Wasserabenteuer auf dem gr\u00f6\u00dften Wasserspielplatz in Rheinland Pfalz. Mit der Neuheit 2023 hat auch die beliebte Kinderserie Super Wings Einzug in den Holiday Park gefunden. Kleine Flugzeugfans k\u00f6nnen sich zusammen mit Jett und seinen Freunden auf Donnie Slide, Dizzy Slide und Jett Slide ins Wasservergn\u00fcgen st\u00fcrzen oder sich ein spannendes Wettrutschen auf Jerome Race liefern. W\u00e4hrend die Kinder toben, k\u00f6nnen die Erwachsenen an der nahe gelegenen Beach Bar gem\u00fctlich einen Drink genie\u00dfen. F\u00fcr die Wasserfreunde steht eine Vielzahl an Umkleiden zur Verf\u00fcgung.<\/p>\n\n\n\n<h3 class=\"wp-block-heading\">PAW Patrol, SpongeBob Schwammkopf und viele weitere Nickelodeon TV-Helden<\/h3>\n\n\n<div class=\"wp-block-image\">\n<figure class=\"aligncenter size-full\"><img decoding=\"async\" loading=\"lazy\" width=\"800\" height=\"533\" src=\"https:\/\/speyer24news.com\/wp-content\/uploads\/2023\/06\/PP-2-2.jpg\" alt=\"\" class=\"wp-image-52443\" srcset=\"https:\/\/speyer24news.com\/wp-content\/uploads\/2023\/06\/PP-2-2.jpg 800w, https:\/\/speyer24news.com\/wp-content\/uploads\/2023\/06\/PP-2-2-300x200.jpg 300w, https:\/\/speyer24news.com\/wp-content\/uploads\/2023\/06\/PP-2-2-768x512.jpg 768w\" sizes=\"(max-width: 800px) 100vw, 800px\" \/><\/figure><\/div>\n\n\n<p>Vom 08.06. &#8211; 11.06. bietet der Holiday Park an den Nickelodeon Fandays die M\u00f6glichkeit die beliebtesten Nickelodeon TV-Helden zu treffen. Bei vielen Meet &amp; Greets an den Eventtagen haben Kinder die Chance PAW Patrol, SpongeBob Schwammkopf, Dora &amp; Diego und Shimmer und Shine zu treffen und tolle Fotos mit ihren Helden zu schie\u00dfen. \u00dcber den Park verteilt warten riesige thematisierte H\u00fcpfburgen auf die kleinen Fans. Highlight ist die mehrst\u00f6ckige Nick Jr. H\u00fcpfburg.<\/p>\n\n\n\n<h3 class=\"wp-block-heading\">\u00dcber 40 Attraktionen<\/h3>\n\n\n<div class=\"wp-block-image\">\n<figure class=\"aligncenter size-full\"><img decoding=\"async\" loading=\"lazy\" width=\"800\" height=\"533\" src=\"https:\/\/speyer24news.com\/wp-content\/uploads\/2023\/06\/nickelodeon-2-1.jpg\" alt=\"\" class=\"wp-image-52444\" srcset=\"https:\/\/speyer24news.com\/wp-content\/uploads\/2023\/06\/nickelodeon-2-1.jpg 800w, https:\/\/speyer24news.com\/wp-content\/uploads\/2023\/06\/nickelodeon-2-1-300x200.jpg 300w, https:\/\/speyer24news.com\/wp-content\/uploads\/2023\/06\/nickelodeon-2-1-768x512.jpg 768w\" sizes=\"(max-width: 800px) 100vw, 800px\" \/><\/figure><\/div>\n\n\n<p>Von den gro\u00dfen Achterbahnen wie dem Megacoaster bigFM Expedition GeForce und der Mehrfachkatapultachterbahn SkyScream zu den liebevoll gestalteten Attraktionen f\u00fcr die Kleinsten im Majaland und Holiday Indoor bietet der Holiday Park ein breites Angebot an \u00fcber 40 Attraktionen f\u00fcr die ganze Familie. Hoch in die L\u00fcfte geht es auf der spannenden Flugattraktion Sky Fly. Jeder Pilot kann selber zwischen einer einem entspannten Rundflug mit toller Aussicht oder einem rasanten Abenteuer w\u00e4hlen.<\/p>\n\n\n\n<h3 class=\"wp-block-heading\">Mitarbeitende gesucht<\/h3>\n\n\n\n<p>Wie jedes Jahr bietet der Holiday Park vielf\u00e4ltige Jobs. Neben Saisonkr\u00e4ften in Voll- und Teilzeit werden auch zahlreiche Aushilfen wie Sch\u00fcler, Studenten und Rentner f\u00fcr einen flexiblen Nebenjob gesucht. Interessenten k\u00f6nnen sich formlos beim Holiday Park melden.<\/p>\n\n\n\n<p><em>\u00a9 2023 Plopsa<br>02.06.2023<\/em><\/p>\n\n\n\n<h2 class=\"wp-block-heading has-text-align-center\">infoRoad GmbH \/ Clever Tanken<\/h2>\n\n\n<div class=\"wp-block-image\">\n<figure class=\"aligncenter size-full\"><img decoding=\"async\" loading=\"lazy\" width=\"800\" height=\"384\" src=\"https:\/\/speyer24news.com\/wp-content\/uploads\/2023\/06\/Clever-Tanken.png\" alt=\"\" class=\"wp-image-52446\" srcset=\"https:\/\/speyer24news.com\/wp-content\/uploads\/2023\/06\/Clever-Tanken.png 800w, https:\/\/speyer24news.com\/wp-content\/uploads\/2023\/06\/Clever-Tanken-300x144.png 300w, https:\/\/speyer24news.com\/wp-content\/uploads\/2023\/06\/Clever-Tanken-768x369.png 768w\" sizes=\"(max-width: 800px) 100vw, 800px\" \/><\/figure><\/div>\n\n\n<h2 class=\"wp-block-heading\">Kraftstoffpreise im Mai deutlich gefallen<\/h2>\n\n\n\n<ul>\n<li><strong>Auswertung von Clever Tanken zeigt: Super E10 rund 2 Cent, Diesel etwa 8 Cent g\u00fcnstiger als im April<\/strong><\/li>\n\n\n\n<li><strong>Super&nbsp;E10 am g\u00fcnstigsten in Bonn, Essen und Bochum<\/strong><\/li>\n\n\n\n<li><strong>Super&nbsp;E10 am teuersten in M\u00fcnchen, N\u00fcrnberg und Frankfurt am Main<\/strong><\/li>\n\n\n\n<li><strong>Diesel am g\u00fcnstigsten in Bonn, Bochum und Essen<\/strong><\/li>\n\n\n\n<li><strong>Diesel am teuersten in Leipzig, M\u00fcnchen und N\u00fcrnberg<\/strong><\/li>\n<\/ul>\n\n\n<div class=\"wp-block-image\">\n<figure class=\"aligncenter size-full\"><img decoding=\"async\" loading=\"lazy\" width=\"540\" height=\"540\" src=\"https:\/\/speyer24news.com\/wp-content\/uploads\/2023\/06\/20230601_ct_Grafik_Sever-Tanken_big.jpg\" alt=\"\" class=\"wp-image-52445\" srcset=\"https:\/\/speyer24news.com\/wp-content\/uploads\/2023\/06\/20230601_ct_Grafik_Sever-Tanken_big.jpg 540w, https:\/\/speyer24news.com\/wp-content\/uploads\/2023\/06\/20230601_ct_Grafik_Sever-Tanken_big-300x300.jpg 300w, https:\/\/speyer24news.com\/wp-content\/uploads\/2023\/06\/20230601_ct_Grafik_Sever-Tanken_big-150x150.jpg 150w\" sizes=\"(max-width: 540px) 100vw, 540px\" \/><figcaption class=\"wp-element-caption\">St\u00e4dteranking der Spritkosten f\u00fcr Mai 2023. <br><em>Grafik: \u00a9 infoRoad GmbH \/ Clever Tanken<\/em><\/figcaption><\/figure><\/div>\n\n\n<p><strong>N\u00fcrnberg &#8211;\u00a0<\/strong><strong>Wie bereits im Vormonat konnten sich Dieselfahrer im Mai hierzulande beim Blick auf die Preistafeln ihrer Tankstelle erneut freuen. Aber auch, wer Super E10 tankt, profitierte im zur\u00fcckliegenden Monat von fallenden Kraftstoffpreisen. Das zeigt die j\u00fcngste Auswertung des Verbraucherinformationsdienstes Clever Tanken. Danach kostete der Liter Super E10 im Mai im bundesweiten Schnitt rund 1,7886 Euro. Das waren etwa 2 Cent weniger als im April (1,8067 Euro). Noch deutlicher zeigte sich der Preisrutsch bei Diesel, der im Mai pro Liter im Schnitt etwa 1,5900 Euro kostete und damit rund 8 Cent weniger als im Vormonat (1,6737 Euro).\u00a0<\/strong><\/p>\n\n\n\n<p>Beim Vergleich mit dem Vorjahresmonat zeigt sich, dass die Preise im Mai f\u00fcr beide Kraftstoffsorten deutlich nachgegeben haben. Der Liter Super E10 war im vergangenen Monat rund 28 Cent g\u00fcnstiger als ein Jahr zuvor. Das entspricht bei vier Tankf\u00fcllungen \u00e0 60 Liter einer Ersparnis von rund 66,55 Euro. Der Liter Diesel war im zur\u00fcckliegenden Mai sogar etwa 45 Cent g\u00fcnstiger als im Mai 2022, was bei vier Tankf\u00fcllungen \u00e0 60 Liter eine Ersparnis von rund 108,14 Euro ausmacht.&nbsp;<\/p>\n\n\n\n<h3 class=\"wp-block-heading\">\u00d6lpreis auf Achterbahnfahrt\u00a0<\/h3>\n\n\n\n<p>Dass die Kraftstoffpreise gegen\u00fcber den Vormonaten weiter geschrumpft sind, liegt nach den Worten von Steffen Bock, Gr\u00fcnder und Gesch\u00e4ftsf\u00fchrer von Clever Tanken, an der Achterbahnfahrt der \u00d6lpreise. \u201eSeit Jahresbeginn schwanken die Erd\u00f6lpreise stark. Das war im Mai nicht anders. Zwischen rund 72 und etwa 78 US-Dollar haben die Preise im Mai gependelt. Insgesamt aber sind sie in den vergangenen Wochen zumeist gefallen. Und das zeigt sich auch an den Zapfs\u00e4ulen.\u201c&nbsp;<\/p>\n\n\n\n<p>Gr\u00fcnde f\u00fcr fallende \u00d6lpreise waren im Mai vor allem die vielerorts tr\u00fcben Konjunkturaussichten. Sorgen bereitete dabei die schw\u00e4chere konjunkturelle Entwicklung in China. Denn die zweitgr\u00f6\u00dfte Volkswirtschaft der Welt importiert gro\u00dfe Roh\u00f6lmengen. Des Weiteren spielten die starken Zinsanhebungen der Notenbanken zur Eind\u00e4mmung der hohen Inflation eine wichtige Rolle. Nicht zuletzt, weil auch aus diesem Grund f\u00fcr die weltgr\u00f6\u00dfte Volkswirtschaft USA 2023 mit einer Rezession gerechnet wird. Auch der st\u00e4rkere US-Dollar belastete im Mai die Roh\u00f6lpreise. Denn ein starker Dollar verteuert Eink\u00e4ufe aus anderen W\u00e4hrungsgebieten und reduziert damit deren Nachfrage. &nbsp;<\/p>\n\n\n\n<p>Unterst\u00fctzt wurden die Roh\u00f6lpreise vor allem ab Mitte Mai hingegen von den Erwartungen einer Einigung im US-Schuldenstreit, bei dem es um die Anhebung der staatlichen Schuldengrenze geht. Mit ihr w\u00fcrde das Risiko einer drohenden Zahlungsunf\u00e4higkeit der USA schwinden. Keine Einigung h\u00e4tte hingegen schwerwiegende Folgen f\u00fcr die Finanzm\u00e4rkte und die Weltwirtschaft. Davon w\u00e4re auch die Energienachfrage betroffen, weshalb das Thema am Erd\u00f6lmarkt eine gro\u00dfe Rolle spielt. Weiterhin positiv auf die Roh\u00f6lpreise wirkte sich Ende Mai der R\u00fcckgang der \u00d6lreserven in den USA aus. Dar\u00fcber hinaus h\u00e4lt das kommende Treffen der Opec+ am 4. Juni die \u00d6lpreise in Schach. Erst im April hatte der Verbund angek\u00fcndigt, die F\u00f6rdermengen stark zu reduzieren. Zwar gibt es derzeit keine Anzeichen daf\u00fcr, dass die Mitgliedstaaten weitere F\u00f6rderk\u00fcrzungen planen, aber diese hatte es auch im April nicht gegeben.<\/p>\n\n\n\n<h3 class=\"wp-block-heading\">Benzin-Diesel-Differenz: Diesel den dritten Monat nacheinander g\u00fcnstiger als Benzin<\/h3>\n\n\n\n<p>Nach neun Monaten, in denen die Benzin-Diesel-Differenz durchg\u00e4ngig umgekehrt gewesen war, ist Diesel seit M\u00e4rz wieder g\u00fcnstiger als Super E10. Im Mai lag der Preisunterschied zwischen beiden Kraftstoffsorten bei plus 0,1986 Euro pro Liter. Damit hat sich die Benzin-Diesel-Schere gegen\u00fcber dem Vormonat (0,1330 Euro) um rund 7 Cent zugunsten von Diesel vergr\u00f6\u00dfert.&nbsp;<\/p>\n\n\n\n<p>Dass Diesel den dritten Monat in Folge wieder g\u00fcnstiger ist als Benzin, liegt nicht nur an der von jeher niedrigeren Besteuerung, sondern vor allem am Ende der Heizsaison, das die Heiz\u00f6lnachfrage dr\u00fcckt und damit auch die Preise an den Diesel-Zapfs\u00e4ulen.&nbsp;<\/p>\n\n\n\n<h3 class=\"wp-block-heading\">G\u00fcnstigste und teuerste Tanktage\u00a0<\/h3>\n\n\n\n<p>Der g\u00fcnstigste Tanktag f\u00fcr Super E10 war Freitag, der 5. Mai. Rund 1,7710 Euro kostete der Liter Super E10 an diesem Tag im bundesweiten Mittel. Der Liter Diesel kostete mit 1,5790 Euro wiederum am wenigsten am Mittwoch, den 17. Mai. Am teuersten war Super E10 am Montag, den 29. Mai (1,8110 Euro). Diesel kostete am meisten am Dienstag, den 2. Mai (1,6230 Euro).<\/p>\n\n\n\n<h3 class=\"wp-block-heading\">St\u00e4dteranking: Super E10 und Diesel zum dritten beziehungsweise siebenten Mal in Folge in Bonn am g\u00fcnstigsten<\/h3>\n\n\n\n<p>Beim monatlichen Preisvergleich der 20 gr\u00f6\u00dften deutschen St\u00e4dte von Clever Tanken holte sich im Mai wie bereits in den beiden Vormonaten Bonn die Poleposition in der Kategorie der g\u00fcnstigsten Super-E10-Tankst\u00e4dte. 1,7391 Euro kostete hier der Liter Super E10 im Monatsmittel. Auf Platz zwei folgte wie bereits im April Essen (1,7472 Euro). Der dritte Platz ging an Bochum (1,7516 Euro).&nbsp;<\/p>\n\n\n\n<p>Teuerste Super-E10-Tankstadt hingegen war im Mai wie bereits im Vormonat M\u00fcnchen (1,8146 Euro). Platz zwei sicherte sich wie im M\u00e4rz und April N\u00fcrnberg (1,8144 Euro). Auf Rang drei gesellte sich Frankfurt am Main (1,7974 Euro) hinzu. Vier Tankf\u00fcllungen \u00e0 60 Liter Super E10 kosteten damit im teuren M\u00fcnchen im Monatsmittel circa 435,50 Euro, also rund 18,12 Euro mehr als im g\u00fcnstigen Bonn.<\/p>\n\n\n\n<p>Beim Vergleich der g\u00fcnstigsten und teuersten Dieseltankst\u00e4dte gab es im Mai gegen\u00fcber dem Vormonat wenig Bewegung. Wie schon im M\u00e4rz und April war Diesel auch im Mai am g\u00fcnstigsten in Bonn (1,5214 Euro), Bochum (1,5561 Euro) und Essen (1,5571 Euro). Bonn wurde damit zum siebenten Mal nacheinander g\u00fcnstigste Dieseltankstadt des Landes. Teuerste Dieseltankstadt wurde im Mai hingegen Leipzig (1,6295 Euro). Platz zwei besetzte wie bereits im M\u00e4rz und April M\u00fcnchen (1,6284 Euro). N\u00fcrnberg rutschte gegen\u00fcber den beiden Vormonaten von Platz eins im Mai auf Platz drei (1,6275 Euro).<\/p>\n\n\n\n<h3 class=\"wp-block-heading\">Ausblick: Steigende Kraftstoffpreise wahrscheinlich<\/h3>\n\n\n\n<p>F\u00fcr Juni rechnet Steffen Bock damit, dass die Kraftstoffpreise wieder anziehen. Zum einen, weil die Reisesaison weltweit beginnt \u2013 und damit die Nachfrage stark ankurbelt. Dar\u00fcber hinaus sind derzeit alle Blicke auf die USA gerichtet. Denn am gestrigen Mittwochabend (Ortszeit) hat das Repr\u00e4sentantenhaus den am Wochenende erzielten Kompromiss-Entwurf gebilligt, mit dem der Schuldenstreit beendet und so ein Zahlungsausfall der Regierung verhindert werden soll. Jetzt muss dem Vorhaben noch der Senat zustimmen, und Pr\u00e4sident Joe Biden muss das Gesetz unterzeichnen. Sollte eine Einigung erzielt werden, w\u00fcrde das den \u00d6lpreisen einen zus\u00e4tzlichen Schub verleihen. Auch das Treffen der Opec+ Ende dieser Woche k\u00f6nnte die Preise weiter treiben, falls wider Erwarten weitere F\u00f6rderk\u00fcrzungen verk\u00fcndet werden. Gegen allzu starke Preisanstiege sprechen hingegen die schwachen Konjunkturdaten aus China.<\/p>\n\n\n\n<h3 class=\"wp-block-heading\">Kraftstoffpreise zur Ferienzeit beobachten<\/h3>\n\n\n\n<p>Gerade zur startenden Ferienzeit sollten Autofahrer die Preise beobachten, r\u00e4t Steffen Bock. Der optimale Zeitpunkt zum Tanken sei \u00fcblicherweise in den sp\u00e4teren Abendstunden. Der Experte r\u00e4t Autofahrern, die Kraftstoffpreise entlang geplanter Fahrtrouten regelm\u00e4\u00dfig zu vergleichen oder wiederkehrend genutzte Tankstellen dauerhaft im Blick zu behalten. \u201e\u00dcber Apps, das Navigationsger\u00e4t oder das Internet lassen sich die g\u00fcnstigsten Tankstellen der Umgebung ermitteln. Zudem k\u00f6nnen Tankstellen in der App von Clever Tanken als Favoriten angelegt werden. Diese k\u00f6nnen Autofahrer dann beobachten und so g\u00fcnstige Tankzeiten erkennen. Teure Autobahntankstellen sollten sie jedoch stets meiden, wenn das ohne Umwege m\u00f6glich ist\u201c, erl\u00e4utert Bock.&nbsp;<\/p>\n\n\n\n<p>Beachten sollten Autofahrer zudem, dass es seit langem mancherorts bis zu sechs Preisspitzen am Tag gibt \u2013 insbesondere an den Markentankstellen. Steffen Bock: \u201eTeilweise kommt es an ein und derselben Tankstelle zu Unterschieden von bis zu 15 Cent pro Tag. Beim Vergleich aller Tankstellen einer Stadt sind innerhalb von 24 Stunden auch schon mal bis zu 22 Cent drin.\u201c G\u00fcnstige Tankzeiten bieten sich oft im Zeitraum zwischen 8 und 10 Uhr, 12 und 13 Uhr sowie 20 und 22 Uhr. Allerdings sind Abweichungen von diesen Regeln immer m\u00f6glich.<\/p>\n\n\n\n<p><em>ANSCH\u00dcTZ + Company<br>01.06.2023<\/em><\/p>\n\n\n\n<h2 class=\"wp-block-heading has-text-align-center\">MAG Mannheimer Ausstellungs-GmbH<\/h2>\n\n\n<div class=\"wp-block-image\">\n<figure class=\"aligncenter size-full\"><img decoding=\"async\" loading=\"lazy\" width=\"640\" height=\"480\" src=\"https:\/\/speyer24news.com\/wp-content\/uploads\/2019\/03\/Maimarkt-Eingang.jpg\" alt=\"\" class=\"wp-image-10700\" srcset=\"https:\/\/speyer24news.com\/wp-content\/uploads\/2019\/03\/Maimarkt-Eingang.jpg 640w, https:\/\/speyer24news.com\/wp-content\/uploads\/2019\/03\/Maimarkt-Eingang-300x225.jpg 300w, https:\/\/speyer24news.com\/wp-content\/uploads\/2019\/03\/Maimarkt-Eingang-326x245.jpg 326w, https:\/\/speyer24news.com\/wp-content\/uploads\/2019\/03\/Maimarkt-Eingang-80x60.jpg 80w\" sizes=\"(max-width: 640px) 100vw, 640px\" \/><\/figure><\/div>\n\n\n<h2 class=\"wp-block-heading\">Der Maimarkt ist wieder stark!<\/h2>\n\n\n\n<h3 class=\"wp-block-heading\">Viele Aussteller sehen ihre Erwartungen \u00fcbertroffen \u2013 Gro\u00dfer Beratungs- und Informationsbedarf in Fach- und Sonderschauen \u2013\u00a0Reitturnier mit Nationenpreis begeistert \u2013 Vorl\u00e4ufige Gesamtbesucherzahl: 261.000<\/h3>\n\n\n<div class=\"wp-block-image\">\n<figure class=\"aligncenter size-full\"><img decoding=\"async\" loading=\"lazy\" width=\"800\" height=\"612\" src=\"https:\/\/speyer24news.com\/wp-content\/uploads\/2023\/06\/P1000941.jpg\" alt=\"\" class=\"wp-image-52458\" srcset=\"https:\/\/speyer24news.com\/wp-content\/uploads\/2023\/06\/P1000941.jpg 800w, https:\/\/speyer24news.com\/wp-content\/uploads\/2023\/06\/P1000941-300x230.jpg 300w, https:\/\/speyer24news.com\/wp-content\/uploads\/2023\/06\/P1000941-768x588.jpg 768w, https:\/\/speyer24news.com\/wp-content\/uploads\/2023\/06\/P1000941-80x60.jpg 80w\" sizes=\"(max-width: 800px) 100vw, 800px\" \/><\/figure><\/div>\n\n\n<p>Der Maimarkt Mannheim, Deutschlands gr\u00f6\u00dfte Regionalmesse, hat die Erwartungen der Aussteller erf\u00fcllt und oft sogar \u00fcbertroffen. 83 Prozent nannten ihre gesch\u00e4ftlichen Ergebnisse sehr gut bis befriedigend. \u201eEs war ein durchweg guter Maimarkt\u201c, sagte Messechef Jan Goschmann, \u201enicht einmal Starkregen konnte die Stimmung dr\u00fccken.\u201c Das best\u00e4tigen auch die Ergebnisse der schriftlichen Umfrage, an der rund die H\u00e4lfte der 1.100 Aussteller teilgenommen hatte. 69 Prozent wollen dem Maimarkt die Treue halten und haben schon jetzt ihre Teilnahme f\u00fcr 2024 zugesagt. An den 11 Messetagen kamen insgesamt 261.000 Menschen auf das Maimarktgel\u00e4nde (2022: 210.000 Besucher).<\/p>\n\n\n<div class=\"wp-block-image\">\n<figure class=\"aligncenter size-full\"><img decoding=\"async\" loading=\"lazy\" width=\"800\" height=\"600\" src=\"https:\/\/speyer24news.com\/wp-content\/uploads\/2023\/06\/P1010048.jpg\" alt=\"\" class=\"wp-image-52459\" srcset=\"https:\/\/speyer24news.com\/wp-content\/uploads\/2023\/06\/P1010048.jpg 800w, https:\/\/speyer24news.com\/wp-content\/uploads\/2023\/06\/P1010048-300x225.jpg 300w, https:\/\/speyer24news.com\/wp-content\/uploads\/2023\/06\/P1010048-768x576.jpg 768w, https:\/\/speyer24news.com\/wp-content\/uploads\/2023\/06\/P1010048-678x509.jpg 678w, https:\/\/speyer24news.com\/wp-content\/uploads\/2023\/06\/P1010048-326x245.jpg 326w, https:\/\/speyer24news.com\/wp-content\/uploads\/2023\/06\/P1010048-80x60.jpg 80w\" sizes=\"(max-width: 800px) 100vw, 800px\" \/><\/figure><\/div>\n\n\n<p>Fast alle Branchen verzeichneten gro\u00dfes Interesse der Besucher und konnten neue Kontakte kn\u00fcpfen. \u201eGesehen zu werden zahlt sich aus\u201c, ist die Erfahrung vieler Aussteller, \u201edie Menschen sind aufgeschlossen und lassen sich erkl\u00e4ren, was sie nicht kennen. Daher ist es so wichtig, sich live zu pr\u00e4sentieren.\u201c Besonders profitiert haben davon die Anbieter der Fachschau Bauen, Modernisieren und Energie, die \u00fcberaus zufrieden und mit hohen Erwartungen an das Nachgesch\u00e4ft abschlie\u00dfen. \u00c4hnliches berichteten die Bereiche Haushalt und Neuheiten sowie Urlaub und Reisen. Mit seiner beliebten Vielfalt bietet der Maimarkt nicht nur technische Innovationen, sondern auch die sch\u00f6nen Dinge des Lebens: In den Hallen Wohntr\u00e4ume.Design.Kunst waren die Exponate effektvoll in Szene gesetzt, die Ergebnisse blieben allerdings hinter den Erwartungen zur\u00fcck. Im Bereich Freizeit best\u00e4tigte sich der aktuelle Camping-Boom, die Aussteller weiterer Freizeitprodukte hatten sich jedoch mehr erhofft. Auf gr\u00f6\u00dferes Interesse stie\u00dfen die Hallen Kunsthandwerk und Bazar. Genie\u00dfer kamen in der Baden-W\u00fcrttemberg-Halle, im Schlemmerland und in der Halle \u201eBuongiorno Italia!\u201c auf ihre Kosten \u2013 \u201edie Mannheimer sind sehr experimentierfreudig\u201c, stellten die Anbieter erfreut fest. 87 Prozent der Aussteller meldeten gute Aussichten auf das Messe-Nachgesch\u00e4ft.<\/p>\n\n\n\n<h3 class=\"wp-block-heading\">Spannende Eindr\u00fccke und viel Andrang in den Sonderschauen<\/h3>\n\n\n<div class=\"wp-block-image\">\n<figure class=\"aligncenter size-full\"><img decoding=\"async\" loading=\"lazy\" width=\"800\" height=\"537\" src=\"https:\/\/speyer24news.com\/wp-content\/uploads\/2023\/06\/P1010001-Kopie.jpg\" alt=\"\" class=\"wp-image-52460\" srcset=\"https:\/\/speyer24news.com\/wp-content\/uploads\/2023\/06\/P1010001-Kopie.jpg 800w, https:\/\/speyer24news.com\/wp-content\/uploads\/2023\/06\/P1010001-Kopie-300x201.jpg 300w, https:\/\/speyer24news.com\/wp-content\/uploads\/2023\/06\/P1010001-Kopie-768x516.jpg 768w\" sizes=\"(max-width: 800px) 100vw, 800px\" \/><\/figure><\/div>\n\n\n<p>Beim Schulterschluss f\u00fcr Ihre Sicherheit freute man sich \u00fcber viel Zuspruch: \u201eWir merken, dass Themen wie Hausnotruf und Brandschutz die Besucherinnen und Besucher sehr besch\u00e4ftigen. Das Interesse war riesig\u201c, berichtete Mit-Organisator Karl F. Mayer. \u201eDie DLRG hat mit Schwimmen f\u00fcr Kinder den Nerv der Zeit getroffen. Ein Highlight waren nat\u00fcrlich auch die Vorf\u00fchrungen der Rettungshunde und die Begleithunde der Malteser.\u201c Hingucker am Stand des Badischen Blinden- und Sehbehindertenvereins war das begehbare Auge. Ganze Schulklassen gingen hier auf Erkundungstour. Vertreter von St\u00e4dten und Kommunen informierten sich zu baulicher und digitaler Barrierefreiheit. Gro\u00dfer Andrang und intensiver Austausch herrschte bei den \u00fcber 40 medizinischen Vortr\u00e4gen des Bundesverbandes Rehabilitation. \u201eDas Auditorium war fast immer voll belegt\u201c, freute sich Initiator G\u00fcnter Raab. \u201eViele kommen jetzt schon zum zweiten oder dritten Mal.\u201c<\/p>\n\n\n<div class=\"wp-block-image\">\n<figure class=\"aligncenter size-full\"><img decoding=\"async\" loading=\"lazy\" width=\"800\" height=\"600\" src=\"https:\/\/speyer24news.com\/wp-content\/uploads\/2023\/06\/P1010002.jpg\" alt=\"\" class=\"wp-image-52461\" srcset=\"https:\/\/speyer24news.com\/wp-content\/uploads\/2023\/06\/P1010002.jpg 800w, https:\/\/speyer24news.com\/wp-content\/uploads\/2023\/06\/P1010002-300x225.jpg 300w, https:\/\/speyer24news.com\/wp-content\/uploads\/2023\/06\/P1010002-768x576.jpg 768w, https:\/\/speyer24news.com\/wp-content\/uploads\/2023\/06\/P1010002-678x509.jpg 678w, https:\/\/speyer24news.com\/wp-content\/uploads\/2023\/06\/P1010002-326x245.jpg 326w, https:\/\/speyer24news.com\/wp-content\/uploads\/2023\/06\/P1010002-80x60.jpg 80w\" sizes=\"(max-width: 800px) 100vw, 800px\" \/><\/figure><\/div>\n\n\n<p>Zahlreiche Besucherinnen und Besucher auch in der Halle des Handwerks. \u201eDer Maimarkt hat den Menschen gefehlt, die Leute gehen gerne wieder raus\u201c, stellte Hans-Fred Herwehe fest, stellvertretender Hauptgesch\u00e4ftsf\u00fchrer der Handwerkskammer Mannheim Rhein-Neckar-Odenwald. Neben aktuellen Top-Themen wie Klimawende, Energieeffizienz und digitalen Anwendungstechniken im modernen Handwerk gab es hier auch Infos zu den verschiedenen Ausbildungsm\u00f6glichkeiten. Rund 450 Sch\u00fclerinnen und Sch\u00fcler haben bei der Berufsorientierungsrallye mitgemacht. Viel Inspiration f\u00fcr den n\u00e4chsten Tagesausflug und intensive Beratungsgespr\u00e4che zu klimafreundlicher Energieversorgung und E-Mobilit\u00e4t gab es in der Halle der Metropolregion. Der Renner an den St\u00e4nden von rnv und VRN war das Deutschland-Ticket, das gerne direkt vor Ort gekauft und mitgenommen wurde. Gl\u00fcckliche Gesichter auch in der Gemeinschaftsschau Baden-W\u00fcrttemberg: \u201eDie Nachfrage nach regionalen Produkten und passenden Rezepten war sehr gro\u00df\u201c, so Heike Dresbur von der Marketinggesellschaft BW. \u201eBesonders im Trend lagen dieses Jahr Linsengerichte, Falafel sowie Kichererbsen und Hummus aus der Region.\u201c<\/p>\n\n\n<div class=\"wp-block-image\">\n<figure class=\"aligncenter size-full\"><img decoding=\"async\" loading=\"lazy\" width=\"800\" height=\"608\" src=\"https:\/\/speyer24news.com\/wp-content\/uploads\/2023\/06\/P1000950.jpg\" alt=\"\" class=\"wp-image-52462\" srcset=\"https:\/\/speyer24news.com\/wp-content\/uploads\/2023\/06\/P1000950.jpg 800w, https:\/\/speyer24news.com\/wp-content\/uploads\/2023\/06\/P1000950-300x228.jpg 300w, https:\/\/speyer24news.com\/wp-content\/uploads\/2023\/06\/P1000950-768x584.jpg 768w, https:\/\/speyer24news.com\/wp-content\/uploads\/2023\/06\/P1000950-80x60.jpg 80w\" sizes=\"(max-width: 800px) 100vw, 800px\" \/><\/figure><\/div>\n\n\n<p>Auf der Kulturb\u00fchne in Halle 16 sorgte der 90-k\u00f6pfige Kinderchor des Nationaltheaters Mannheim f\u00fcr G\u00e4nsehaut. Im Afrikanischen Dorf waren vor allem Recycling-Produkte und geflochtene W\u00e4schek\u00f6rbe nachgefragt. Exotische Cocktails wie \u201ePink Elephant\u201c oder \u201eKalahari\u201c waren f\u00fcr viele fester Bestandteil des Besuches. Gro\u00dfes Interesse herrschte auf der Aktionsfl\u00e4che der Sonderschau \u201eUnser Hund\u201c: Erstaunlich viele Besucher trauten sich mit ihrem eigenen Vierbeiner auf den Mitmach-Parcours. Absolut begeistert waren die zahlreichen Kinder, die sich mit strahlenden Augen in der Spielewelt tummelten.<\/p>\n\n\n\n<h3 class=\"wp-block-heading\">Tierisch gut: Tierschauen und Maimarkt-Reitturnier<\/h3>\n\n\n\n<p>Ganz viele Aha-Momente gab es beim Austausch zwischen Besuchern und Z\u00fcchtern in den Tierschau-Zelten. Einige Stadtkinder konnten hier zum ersten Mal eine Kuh oder ein Kaltblutpferd aus der N\u00e4he betrachten. Das 59. Maimarkt-Turnier begeisterte mit hochspannenden Wettbewerben im MVV Reitstadion. Beim Longines EEF Nationenpreis am 7. Mai musste sich die Equipe aus Deutschland vor vollen R\u00e4ngen nur der Mannschaft der Niederlande\u00a0geschlagen geben.<\/p>\n\n\n<div class=\"wp-block-image\">\n<figure class=\"aligncenter size-full\"><img decoding=\"async\" loading=\"lazy\" width=\"800\" height=\"600\" src=\"https:\/\/speyer24news.com\/wp-content\/uploads\/2023\/06\/P1000994.jpg\" alt=\"\" class=\"wp-image-52463\" srcset=\"https:\/\/speyer24news.com\/wp-content\/uploads\/2023\/06\/P1000994.jpg 800w, https:\/\/speyer24news.com\/wp-content\/uploads\/2023\/06\/P1000994-300x225.jpg 300w, https:\/\/speyer24news.com\/wp-content\/uploads\/2023\/06\/P1000994-768x576.jpg 768w, https:\/\/speyer24news.com\/wp-content\/uploads\/2023\/06\/P1000994-678x509.jpg 678w, https:\/\/speyer24news.com\/wp-content\/uploads\/2023\/06\/P1000994-326x245.jpg 326w, https:\/\/speyer24news.com\/wp-content\/uploads\/2023\/06\/P1000994-80x60.jpg 80w\" sizes=\"(max-width: 800px) 100vw, 800px\" \/><\/figure><\/div>\n\n\n<p>\u201eWir freuen uns sehr \u00fcber die vielen positiven R\u00fcckmeldungen\u201c, res\u00fcmierte Maimarkt-Chefin Stefany Goschmann. \u201eDie Organisation einer Veranstaltung dieser Gr\u00f6\u00dfe ist nur in guter Zusammenarbeit mit den Ausstellern und den vielen Partnern m\u00f6glich. Daf\u00fcr bedanken wir uns von ganzem Herzen!\u201c Die Planungen f\u00fcr den n\u00e4chsten Maimarkt Mannheim laufen bereits: Er findet vom\u00a0<strong>27. April bis 7. Mai 2024<\/strong>\u00a0statt.<\/p>\n\n\n\n<p><em>Text: MAG Mannheimer Ausstellungs-GmbH Foto: Speyer 24 (NEWS)<br>09.05.2023<\/em><\/p>\n\n\n\n<h2 class=\"wp-block-heading has-text-align-center\">Deutsches Fertighaus Center Mannheim<\/h2>\n\n\n<div class=\"wp-block-image\">\n<figure class=\"aligncenter size-full\"><img decoding=\"async\" loading=\"lazy\" width=\"800\" height=\"343\" src=\"https:\/\/speyer24news.com\/wp-content\/uploads\/2022\/07\/Deutsches-Fertighaus-Center-Logo.jpg\" alt=\"\" class=\"wp-image-47581\" srcset=\"https:\/\/speyer24news.com\/wp-content\/uploads\/2022\/07\/Deutsches-Fertighaus-Center-Logo.jpg 800w, https:\/\/speyer24news.com\/wp-content\/uploads\/2022\/07\/Deutsches-Fertighaus-Center-Logo-300x129.jpg 300w, https:\/\/speyer24news.com\/wp-content\/uploads\/2022\/07\/Deutsches-Fertighaus-Center-Logo-768x329.jpg 768w\" sizes=\"(max-width: 800px) 100vw, 800px\" \/><\/figure><\/div>\n\n\n<h2 class=\"wp-block-heading\">\u201eSummerBreeze\u201c: Zweite Nacht der Musterh\u00e4user<\/h2>\n\n\n<div class=\"wp-block-image\">\n<figure class=\"aligncenter size-full\"><img decoding=\"async\" loading=\"lazy\" width=\"800\" height=\"533\" src=\"https:\/\/speyer24news.com\/wp-content\/uploads\/2023\/06\/Cocktail-Sommer-Frische-Maracuja.jpg\" alt=\"\" class=\"wp-image-52449\" srcset=\"https:\/\/speyer24news.com\/wp-content\/uploads\/2023\/06\/Cocktail-Sommer-Frische-Maracuja.jpg 800w, https:\/\/speyer24news.com\/wp-content\/uploads\/2023\/06\/Cocktail-Sommer-Frische-Maracuja-300x200.jpg 300w, https:\/\/speyer24news.com\/wp-content\/uploads\/2023\/06\/Cocktail-Sommer-Frische-Maracuja-768x512.jpg 768w\" sizes=\"(max-width: 800px) 100vw, 800px\" \/><\/figure><\/div>\n\n\n<p><strong>Mannheim &#8211; Am 30. Juni l\u00e4dt das Deutsche Fertighaus Center Mannheim zur \u201eNacht der Musterh\u00e4user\u201c ein \u2013 Eintritt frei<\/strong><\/p>\n\n\n\n<p>Palmen, Cocktailbar, Strandfeeling-Musik und viel Zeit f\u00fcr informative Gespr\u00e4che: Weil die erste Veranstaltung im M\u00e4rz so gut ankam, l\u00e4dt das Deutsche Fertighaus Center Mannheim am 30. Juni zu einer weiteren Nacht der Musterh\u00e4user ein, der \u201eSummerBreeze\u201c. Zus\u00e4tzlich zur regul\u00e4ren \u00d6ffnungszeit von 10 bis 17 Uhr ist das Fertighaus Center dann bis 22 Uhr ge\u00f6ffnet. An einem der l\u00e4ngsten Abende des Jahres k\u00f6nnen die Besucherinnen und Besucher durchs Gel\u00e4nde flanieren und in den 40 H\u00e4usern mit den Beratungsteams ins Gespr\u00e4ch kommen. Diese erwarten die Besucher mit kleinen Aktionen und den neuesten Infos zum individuellen, nachhaltigen Bauen sowie zu aktuellen F\u00f6rder- und Finanzierungsm\u00f6glichkeiten. Zur St\u00e4rkung laden sommerliche K\u00f6stlichkeiten aus der Region und leckere Cocktails mit und ohne Alkohol. Der Eintritt ist frei.<\/p>\n\n\n<div class=\"wp-block-image\">\n<figure class=\"aligncenter size-full\"><img decoding=\"async\" loading=\"lazy\" width=\"800\" height=\"600\" src=\"https:\/\/speyer24news.com\/wp-content\/uploads\/2019\/09\/Deutsches_Fertighaus_Center_Mannheim_Herbstfest_2018__20_.jpg\" alt=\"\" class=\"wp-image-19451\" srcset=\"https:\/\/speyer24news.com\/wp-content\/uploads\/2019\/09\/Deutsches_Fertighaus_Center_Mannheim_Herbstfest_2018__20_.jpg 800w, https:\/\/speyer24news.com\/wp-content\/uploads\/2019\/09\/Deutsches_Fertighaus_Center_Mannheim_Herbstfest_2018__20_-300x225.jpg 300w, https:\/\/speyer24news.com\/wp-content\/uploads\/2019\/09\/Deutsches_Fertighaus_Center_Mannheim_Herbstfest_2018__20_-768x576.jpg 768w, https:\/\/speyer24news.com\/wp-content\/uploads\/2019\/09\/Deutsches_Fertighaus_Center_Mannheim_Herbstfest_2018__20_-678x509.jpg 678w, https:\/\/speyer24news.com\/wp-content\/uploads\/2019\/09\/Deutsches_Fertighaus_Center_Mannheim_Herbstfest_2018__20_-326x245.jpg 326w, https:\/\/speyer24news.com\/wp-content\/uploads\/2019\/09\/Deutsches_Fertighaus_Center_Mannheim_Herbstfest_2018__20_-80x60.jpg 80w\" sizes=\"(max-width: 800px) 100vw, 800px\" \/><\/figure><\/div>\n\n\n<h4 class=\"wp-block-heading\">info:<\/h4>\n\n\n\n<ul>\n<li><strong>Deutsches Fertighaus Center Mannheim<\/strong><\/li>\n\n\n\n<li>am Maimarktgel\u00e4nde, verkehrsg\u00fcnstig an der BAB 656<\/li>\n\n\n\n<li>Ge\u00f6ffnet: mittwochs bis sonntags von 10 bis 17 Uhr<\/li>\n\n\n\n<li>Eintritt frei.<\/li>\n<\/ul>\n\n\n\n<h4 class=\"wp-block-heading\">Weitere Infos und Programm unter<\/h4>\n\n\n\n<p><a href=\"https:\/\/deref-web.de\/mail\/client\/sE5MqihKDnU\/dereferrer\/?redirectUrl=http%3A%2F%2Fwww.deutsches-fertighaus-center.de\" target=\"_blank\" rel=\"noreferrer noopener\">www.deutsches-fertighaus-center.de<\/a><\/p>\n\n\n\n<p><a href=\"https:\/\/deref-web.de\/mail\/client\/ejmltSXKa_E\/dereferrer\/?redirectUrl=http%3A%2F%2Fwww.facebook.com%2FDeutschesFertighausCenter.MA\" target=\"_blank\" rel=\"noreferrer noopener\">www.facebook.com\/DeutschesFertighausCenter.MA<\/a><\/p>\n\n\n\n<p><a href=\"https:\/\/deref-web.de\/mail\/client\/EAzGn_YdD7A\/dereferrer\/?redirectUrl=http%3A%2F%2Fwww.instagram.com%2Fdeutschesfertighauscenter%2F\" target=\"_blank\" rel=\"noreferrer noopener\">www.instagram.com\/deutschesfertighauscenter\/<\/a><\/p>\n\n\n\n<p><em>MEAG \u2013 Mannheimer Eigenheim-Ausstellungs-GmbH<br>05.06.2023<\/em><\/p>\n\n\n\n<h2 class=\"wp-block-heading has-text-align-center\">Bauhaus AG<\/h2>\n\n\n<div class=\"wp-block-image\">\n<figure class=\"aligncenter size-full\"><img decoding=\"async\" loading=\"lazy\" width=\"800\" height=\"434\" src=\"https:\/\/speyer24news.com\/wp-content\/uploads\/2023\/06\/Bauhaus.jpg\" alt=\"\" class=\"wp-image-52454\" srcset=\"https:\/\/speyer24news.com\/wp-content\/uploads\/2023\/06\/Bauhaus.jpg 800w, https:\/\/speyer24news.com\/wp-content\/uploads\/2023\/06\/Bauhaus-300x163.jpg 300w, https:\/\/speyer24news.com\/wp-content\/uploads\/2023\/06\/Bauhaus-768x417.jpg 768w\" sizes=\"(max-width: 800px) 100vw, 800px\" \/><\/figure><\/div>\n\n\n<h2 class=\"wp-block-heading\">Mehr auf dem Kasten: Bunt, lecker und klima-fit.\u00a0<br>BAUHAUS holt \u201eWeltrekord f\u00fcrs Klima\u201c mit der l\u00e4ngsten Blumenkastenreihe der Welt<\/h2>\n\n\n<div class=\"wp-block-image\">\n<figure class=\"aligncenter size-full\"><img decoding=\"async\" loading=\"lazy\" width=\"800\" height=\"534\" src=\"https:\/\/speyer24news.com\/wp-content\/uploads\/2023\/06\/AXE_4047.jpg\" alt=\"\" class=\"wp-image-52451\" srcset=\"https:\/\/speyer24news.com\/wp-content\/uploads\/2023\/06\/AXE_4047.jpg 800w, https:\/\/speyer24news.com\/wp-content\/uploads\/2023\/06\/AXE_4047-300x200.jpg 300w, https:\/\/speyer24news.com\/wp-content\/uploads\/2023\/06\/AXE_4047-768x513.jpg 768w\" sizes=\"(max-width: 800px) 100vw, 800px\" \/><figcaption class=\"wp-element-caption\">v.l.: Marius Jedrus (Stellvertretender Gesch\u00e4ftsf\u00fchrer bei BAUHAUS Region Rhein-Neckar), Michael Schnellbach (Gesch\u00e4ftsf\u00fchrer BUGA 23), Helmut R\u00f6diger (Bereichsleiter Einkauf Garten bei BAUHAUS), Dr. Peter Kurz (Oberb\u00fcrgermeister Stadt Mannheim), Olaf Kuchenbecker (Weltrekord-Juror RID) und Robert K\u00f6hler (Leiter Marketingkommunikation bei BAUHAUS)<\/figcaption><\/figure><\/div>\n\n\n<p><strong>Mannheim &#8211; Mit 2.232 Metern L\u00e4nge hat BAUHAUS unter dem Motto \u201eWeltrekord f\u00fcrs Klima\u201c am 18.05.2023 auf der Bundesgartenschau (BUGA) 23 in Mannheim mit der l\u00e4ngsten durchgehenden Reihe aus thematisch bepflanzten Blumenk\u00e4sten einen neuen Weltrekord aufgestellt. \u00dcber 140 BAUHAUS Mitarbeiter aus allen Unternehmensbereichen arbeiteten im engen Schulterschluss mit G\u00e4rtnern und Partnern daran, die logistische Herausforderung zu meistern. Dabei ist \u00fcber das gesamte Spinelli-Gel\u00e4nde hinweg die l\u00e4ngste Blumenkastenkette der Welt entstanden. Damit leistet BAUHAUS einen sichtbaren Beitrag f\u00fcrs Klima und m\u00f6chte die Besucher inspirieren, die Vielfalt der BUGA 23-Leitmotive Umwelt, Nahrungssicherung, Klima und Energie im pers\u00f6nlichen Umfeld umzusetzen.<\/strong><\/p>\n\n\n\n<p>Der Aufbau zum Weltrekordversuch startete bereits am 17. Mai in den sp\u00e4ten Nachmittagsstunden auf dem Spinelli-Gel\u00e4nde. Ein Team aus BAUHAUS Mitarbeitern, G\u00e4rtnern und Lieferanten haben \u00fcber mehrere Monate daran gearbeitet, die Idee eines aufmerksamkeitsstarken Klimabeitrags auf der BUGA 23 zu verwirklichen. Mit dem Weltrekord will BAUHAUS ein Zeichen f\u00fcr ein besseres Klima setzen. Mit einem Blumenkasten kann jeder schnell und unkompliziert einen nachhaltigen Beitrag f\u00fcr unsere Umwelt und das pers\u00f6nliche Wohlbefinden leisten. In den Weltrekord-Blumenk\u00e4sten wurden die BUGA 23-Leitmotive Umwelt, Klima, Nahrungssicherung und Energie aufgegriffen. Diese Themen finden Besucher auch w\u00e4hrend der gesamten Bundesgartenschau in 15 BAUHAUS Themenstelen \u00fcber das Gel\u00e4nde verteilt wieder.<\/p>\n\n\n\n<p>Offiziell abgenommen und mit der \u00dcberreichung einer Rekordurkunde zertifiziert wurde der Weltrekord von Olaf Kuchenbecker, Juror des RID REKORD-INSTITUTS f\u00fcr DEUTSCHLAND GmbH. Der Weltrekord wird im RID-Buch der Weltrekorde erscheinen.<\/p>\n\n\n\n<p>\u201eWir sind unglaublich stolz auf das gesamte BAUHAUS Team, das dazu beigetragen hat, dass wir heute den \u201eWeltrekord f\u00fcrs Klima\u201c realisieren konnten. Mit der l\u00e4ngsten, durchgehenden Reihe aus thematisch bepflanzten Blumenk\u00e4sten konnten wir zeigen, wie viele M\u00f6glichkeiten ein Blumenkasten bietet, um sich und seiner Umwelt mit einfachen Mitteln etwas Gutes zu tun. Sei es als bunter Raum f\u00fcr N\u00fctzlinge, als selbst geschaffener leckerer Nasch- oder Kr\u00e4utergarten oder durch eine gr\u00fcne Oase mit pflegeleichten und klima-fitten Pflanzenkombinationen \u2013 der Kreativit\u00e4t sind keine Grenzen gesetzt\u201c, sagt Robert K\u00f6hler, Leiter Marketingkommunikation bei BAUHAUS.<\/p>\n\n\n<div class=\"wp-block-image\">\n<figure class=\"aligncenter size-full\"><img decoding=\"async\" loading=\"lazy\" width=\"800\" height=\"518\" src=\"https:\/\/speyer24news.com\/wp-content\/uploads\/2023\/06\/AXE_3974.jpg\" alt=\"\" class=\"wp-image-52452\" srcset=\"https:\/\/speyer24news.com\/wp-content\/uploads\/2023\/06\/AXE_3974.jpg 800w, https:\/\/speyer24news.com\/wp-content\/uploads\/2023\/06\/AXE_3974-300x194.jpg 300w, https:\/\/speyer24news.com\/wp-content\/uploads\/2023\/06\/AXE_3974-768x497.jpg 768w\" sizes=\"(max-width: 800px) 100vw, 800px\" \/><figcaption class=\"wp-element-caption\">v.l.: Michael Schnellbach (Gesch\u00e4ftsf\u00fchrer BUGA 23), Helmut R\u00f6diger (Bereichsleiter Einkauf Garten bei BAUHAUS), Olaf Kuchenbecker (Weltrekord-Juror RID), Robert K\u00f6hler (Leiter Marketingkommunikation bei BAUHAUS), Marius Jedrus (Stellvertretender Gesch\u00e4ftsf\u00fchrer bei BAUHAUS Region Rhein-Neckar) und Dr. Peter Kurz (Oberb\u00fcrgermeister Stadt Mannheim)<\/figcaption><\/figure><\/div>\n\n\n<h3 class=\"wp-block-heading\">Dr. Kurz: \u201eWeltrekord setzt nachhaltige Impulse mit bundesweiter Strahlkraft\u201c<\/h3>\n\n\n\n<p>\u201eDieser Weltrekord macht die Leitmotive der BUGA 23 erlebbar und zeigt, dass Nachhaltigkeit nicht nur bedeutet, ein gro\u00dfes Rad zu drehen, sondern dass sie auch im Kleinen funktioniert. Dieses Projekt gibt niederschwellig Impulse zur Ver\u00e4nderung und ist durch und durch nachhaltig. Ich freue mich, dass der Weltrekordversuch erfolgreich war und dass dieses Projekt auch nach der Bundesgartenschau wirken wird und bundesweit neue nachhaltige Projekte davon profitieren werden\u201c, betont Dr. Peter Kurz, Oberb\u00fcrgermeister der Stadt Mannheim im Rahmen der offiziellen Weltrekordabnahme.<\/p>\n\n\n\n<h3 class=\"wp-block-heading\">Erl\u00f6s der Weltrekord-Blumenk\u00e4sten wird f\u00fcr den guten Zweck gespendet<\/h3>\n\n\n\n<p>Die klimaneutral produzierten Blumenk\u00e4sten selbst sind aus vollst\u00e4ndig recycelten Materialien hergestellt und wurden in ausgew\u00e4hlten familiengef\u00fchrten G\u00e4rtnereibetrieben in Deutschland mit nachhaltig produzierter Pflanzware sowie ausschlie\u00dflich torffreiem Substrat bepflanzt. Die komplette Weltrekord-Blumenkastenreihe mit ihrer nat\u00fcrlichen, klima-fitten und insektenfreundlichen Pflanzenpracht bleibt der BUGA 23 \u00fcber das komplette Mai-Wochenende und passend zum Weltbienentag am 20. Mai erhalten und bietet den Besuchern so die M\u00f6glichkeit, \u00fcber mehrere Tage hinweg dem Weltrekord ganz nah zu sein. Nach dem Abbau werden die bepflanzten Weltrekord-Blumenk\u00e4sten in BAUHAUS Fachcentren der Region rund um Mannheim f\u00fcr jeweils zehn Euro verkauft. Der Erl\u00f6s wird im Nachgang an die Arbeitsgemeinschaft Natur und Umweltbildung (ANU) gespendet und kommt bundesweit nachhaltigen Projekten der Kinder- und Jugendbildung zu den Themen Umwelt und Ern\u00e4hrung zugute. So kann sich jeder, der m\u00f6chte, einen kleinen Teil des Weltrekords im Nachgang mit nach Hause nehmen und leistet damit auch noch einen wertvollen Beitrag f\u00fcr nachkommende Generationen.<\/p>\n\n\n<div class=\"wp-block-image\">\n<figure class=\"aligncenter size-full\"><img decoding=\"async\" loading=\"lazy\" width=\"800\" height=\"628\" src=\"https:\/\/speyer24news.com\/wp-content\/uploads\/2023\/06\/AXE_3371.jpg\" alt=\"\" class=\"wp-image-52453\" srcset=\"https:\/\/speyer24news.com\/wp-content\/uploads\/2023\/06\/AXE_3371.jpg 800w, https:\/\/speyer24news.com\/wp-content\/uploads\/2023\/06\/AXE_3371-300x236.jpg 300w, https:\/\/speyer24news.com\/wp-content\/uploads\/2023\/06\/AXE_3371-768x603.jpg 768w\" sizes=\"(max-width: 800px) 100vw, 800px\" \/><\/figure><\/div>\n\n\n<h3 class=\"wp-block-heading\">Schnellbach: \u201eBAUHAUS bringt Menschen zusammen und setzt nachhaltig Zeichen\u201c<\/h3>\n\n\n\n<p>\u201eEinen Weltrekord, der sich an unseren Leitthemen Klima, Umwelt, Energie und Nahrungssicherung orientiert, hat es sicher auch noch nicht gegeben. Wir freuen uns, dass unser Premiumpartner BAUHAUS die Initiative ergriffen, und sich dem logistischen Aufwand gestellt hat, dies f\u00fcr die BUGA 23 umzusetzen. Hier zeigt sich auch, wie erfolgreich es sein kann, wenn sich Menschen zusammentun, und gemeinsam auf ein Ziel hinarbeiten. Das Ergebnis, die \u00fcber zwei Kilometer lange Kette wunderbar bepflanzter Blumenk\u00e4sten, ist ein Zeugnis davon\u201c, freut sich Michael Schnellbach, Gesch\u00e4ftsf\u00fchrer der Bundesgartenschau Mannheim 2023 gGmbH.<\/p>\n\n\n\n<h3 class=\"wp-block-heading\">Der BAUHAUS Weltrekord f\u00fcrs Klima in Zahlen:<\/h3>\n\n\n\n<ul>\n<li>Anzahl Helfer: insgesamt \u00fcber 280 f\u00fcr Auf- und Abbau aus allen Unternehmensbereichen<\/li>\n\n\n\n<li>Exakte L\u00e4nge der Blumenkastenreihe: 2.232 Meter<\/li>\n\n\n\n<li>Anzahl der Blumenk\u00e4sten: 2.278 St\u00fcck (jeweils 0,98 m das St\u00fcck)<\/li>\n\n\n\n<li>Anzahl verpflanzter Pflanzen und wie viele Arten: ca. 14.000 Pflanzen aus rund 120 verschiedenen Arten<\/li>\n\n\n\n<li>Menge genutzter torffreier Erde: 45.000 Liter (entspricht 45 Kubikmeter oder der Beladung von 1,5 Sattelschleppern)<\/li>\n\n\n\n<li>Anzahl beteiligter G\u00e4rtner: 4 am Niederrhein und bei Bad Kreuznach<\/li>\n\n\n\n<li>Logistik &#8211; Anzahl LKW-Ladungen\/CC-Tr\u00e4ger: 6 Sattelschlepper und 250 CC-Container<\/li>\n\n\n\n<li>Bisheriger Rekord, der gebrochen wurde: Eine 2.059 m lange Reihe aus Blumenk\u00e4sten, die am 1. Mai 2009 in Tilburg (NL) aufgebaut wurde.<\/li>\n<\/ul>\n\n\n\n<p><em>BAUHAUS AG, Service Center Deutschland<br>18.05.2023<\/em><\/p>\n","protected":false},"excerpt":{"rendered":"<div class=\"mh-excerpt\"><p>Bundesagentur f\u00fcr Arbeit Fachkr\u00e4ftemangel nimmt zu: Zahl der Engpassberufe steigt auf 200 Zahl der Engpassberufe steigt Die Zahl der Engpassberufe ist im Jahr 2022 kr\u00e4ftig gestiegen. Das geht aus der j\u00e4hrlichen Fachkr\u00e4fteengpassanalyse der BA hervor. <a class=\"mh-excerpt-more\" href=\"https:\/\/speyer24news.com\/?p=52358\" title=\"Wirtschaft \/ Finanzen \/ Rente\">[&#8230;]<\/a><\/p>\n<\/div>","protected":false},"author":3,"featured_media":30614,"comment_status":"open","ping_status":"open","sticky":false,"template":"","format":"standard","meta":{"_monsterinsights_skip_tracking":false,"_monsterinsights_sitenote_active":false,"_monsterinsights_sitenote_note":"","_monsterinsights_sitenote_category":0,"footnotes":""},"categories":[29],"tags":[16156,13454,26,27,16161,16160,16163,16177,16178,16169,16180,16181,551,16174,16158,10012,3435,16166,6922,16155,6612,15194,16162,333,335,6449,9199,16164,16165,16173,16175,590,16022,16170,16171,3531,16157,11046,301,303,16167,6,31,1442,16176,16172,33,11496,11632,16159,16179,1087,4698,14151,12488,14831,6539,16168],"aioseo_notices":[],"amp_enabled":true,"_links":{"self":[{"href":"https:\/\/speyer24news.com\/index.php?rest_route=\/wp\/v2\/posts\/52358"}],"collection":[{"href":"https:\/\/speyer24news.com\/index.php?rest_route=\/wp\/v2\/posts"}],"about":[{"href":"https:\/\/speyer24news.com\/index.php?rest_route=\/wp\/v2\/types\/post"}],"author":[{"embeddable":true,"href":"https:\/\/speyer24news.com\/index.php?rest_route=\/wp\/v2\/users\/3"}],"replies":[{"embeddable":true,"href":"https:\/\/speyer24news.com\/index.php?rest_route=%2Fwp%2Fv2%2Fcomments&post=52358"}],"version-history":[{"count":2,"href":"https:\/\/speyer24news.com\/index.php?rest_route=\/wp\/v2\/posts\/52358\/revisions"}],"predecessor-version":[{"id":52466,"href":"https:\/\/speyer24news.com\/index.php?rest_route=\/wp\/v2\/posts\/52358\/revisions\/52466"}],"wp:featuredmedia":[{"embeddable":true,"href":"https:\/\/speyer24news.com\/index.php?rest_route=\/wp\/v2\/media\/30614"}],"wp:attachment":[{"href":"https:\/\/speyer24news.com\/index.php?rest_route=%2Fwp%2Fv2%2Fmedia&parent=52358"}],"wp:term":[{"taxonomy":"category","embeddable":true,"href":"https:\/\/speyer24news.com\/index.php?rest_route=%2Fwp%2Fv2%2Fcategories&post=52358"},{"taxonomy":"post_tag","embeddable":true,"href":"https:\/\/speyer24news.com\/index.php?rest_route=%2Fwp%2Fv2%2Ftags&post=52358"}],"curies":[{"name":"wp","href":"https:\/\/api.w.org\/{rel}","templated":true}]}}