{"id":52401,"date":"2023-06-04T06:35:23","date_gmt":"2023-06-04T05:35:23","guid":{"rendered":"https:\/\/speyer24news.com\/?p=52401"},"modified":"2023-06-04T06:43:46","modified_gmt":"2023-06-04T05:43:46","slug":"polizeimeldungen-samstag-03-06-2023","status":"publish","type":"post","link":"https:\/\/speyer24news.com\/?p=52401","title":{"rendered":"Polizeimeldungen Samstag (03.06.2023)"},"content":{"rendered":"<style type=\"text\/css\">\r\n\t.ads_top_disp{}\r\n\t.ads_top_corner_disp{ float:left; margin:0px 10px 10px 0px; }\r\n\t.ads_first_p_disp{}\r\n\t.ads_bottom_disp{}\r\n\t<\/style>\n<h2 class=\"wp-block-heading\">Polizeimeldungen vom Samstag (03.06.2023)<\/h2>\n\n\n<div class=\"wp-block-image\">\n<figure class=\"aligncenter size-full\"><img decoding=\"async\" loading=\"lazy\" width=\"375\" height=\"500\" src=\"https:\/\/speyer24news.com\/wp-content\/uploads\/2022\/03\/Aktuelles-Polizeilogo.jpg\" alt=\"\" class=\"wp-image-43591\" srcset=\"https:\/\/speyer24news.com\/wp-content\/uploads\/2022\/03\/Aktuelles-Polizeilogo.jpg 375w, https:\/\/speyer24news.com\/wp-content\/uploads\/2022\/03\/Aktuelles-Polizeilogo-225x300.jpg 225w\" sizes=\"(max-width: 375px) 100vw, 375px\" \/><\/figure><\/div>\n\n\n<h2 class=\"wp-block-heading\">(Speyer) &#8211; Brand einer Schaukel auf Spielplatz<\/h2>\n\n\n\n<p>In der Nacht vom 02.06.2023 auf den 03.06.2023 geriet, vermutlich gegen 01:00 Uhr, eine Tampenschaukel auf dem Kinderspielplatz &#8222;Am Drachenturm&#8220; in Speyer in Brand. Auf dem Spielplatz konnte diverser Unrat festgestellt werden, der daf\u00fcr sprach, dass sich zuvor eine Personengruppe auf dem Spielplatz aufhielt. Zum Zeitpunkt der Berichterstattung ist nicht auszuschlie\u00dfen, dass die Schaukel mutwillig in Brand gesteckt wurde.<\/p>\n\n\n\n<ul>\n<li><strong>Die Polizei bittet Zeugen, die Angaben zu Personen, die sich zur fraglichen Zeit auf dem Spielplatz aufhielten, machen k\u00f6nnen, sich telefonisch (06232 \/ 137 &#8211; 0) oder per E-Mail (<a href=\"mailto:pispeyer@polizei.rlp.de\">pispeyer@polizei.rlp.de<\/a>) bei der Polizeiinspektion Speyer zu melden.<\/strong><\/li>\n<\/ul>\n\n\n\n<h2 class=\"wp-block-heading\">(Speyer) &#8211; Widerstand in der Fu\u00dfg\u00e4ngerzone nach Parf\u00fcmdiebstahl<\/h2>\n\n\n<div class=\"wp-block-image\">\n<figure class=\"aligncenter size-full\"><img decoding=\"async\" loading=\"lazy\" width=\"800\" height=\"425\" src=\"https:\/\/speyer24news.com\/wp-content\/uploads\/2020\/12\/Taser-PI-LU.jpg\" alt=\"\" class=\"wp-image-31596\" srcset=\"https:\/\/speyer24news.com\/wp-content\/uploads\/2020\/12\/Taser-PI-LU.jpg 800w, https:\/\/speyer24news.com\/wp-content\/uploads\/2020\/12\/Taser-PI-LU-300x159.jpg 300w, https:\/\/speyer24news.com\/wp-content\/uploads\/2020\/12\/Taser-PI-LU-768x408.jpg 768w\" sizes=\"(max-width: 800px) 100vw, 800px\" \/><\/figure><\/div>\n\n\n<p>Nachdem ein 22-j\u00e4hriger Mann aus Speyer im Kaufhof in der Fu\u00dfg\u00e4ngerzone zwei Parf\u00fcmflaschen entwendete, sollte er durch Beamte der Polizeiinspektion Speyer kontrolliert werden. Er versuchte zun\u00e4chst mit seinem Fahrrad zu fl\u00fcchten, konnte jedoch durch die Beamten aufgehalten werden. Gegen die Durchsuchung nach dem Diebesgut wehrte er sich, indem die Arme der Polizisten wegschlug. Ihm sollten deshalb schlie\u00dflich Handschellen angelegt werden. Auch hiergegen wehrte er sich, indem er sich gegen die Fesselung sperrte, nach den Beamten trat und versuchte sich aus deren Griff zu winden. Der Einsatz des Tasers wurde ihm angedroht, indem dieser kurzzeitig bet\u00e4tigt wurde, ohne diesen jedoch abzuschie\u00dfen oder aufzusetzen. Schlie\u00dflich konnten er durch Heraushebeln der Arme mit Hilfe des Einsatzstocks gefesselt und auf die Polizeiinspektion Speyer verbracht werden. Durch die Tritte wurden die Polizeibeamten zwar getroffen, jedoch nicht weiter verletzt.<\/p>\n\n\n\n<h2 class=\"wp-block-heading\">(B 39 \/ Speyer) &#8211; Verkehrsunfallflucht B 39, H\u00f6he Speyer &#8211; Vogelgesang<\/h2>\n\n\n\n<p>Am 02.06.2023 gegen 15:40 Uhr kam es auf der B39, auf H\u00f6he der Abfahrt Speyer &#8211; Vogelgesang beim Spurwechsel zu einem Zusammensto\u00df zwischen einem Motorradfahrer und einem Pkw, der die B39 von der B9 kommend in Richtung Baden-W\u00fcrttemberg befuhr. W\u00e4hrend der Motorradfahrer in der Absicht, sich mit dem Pkw-F\u00fchrer auszutauschen, an der Abfahrt Vogelgesang abfuhr, entfernte sich der Pkw-F\u00fchrer unerlaubt vom Unfallort, indem er in Richtung Baden-W\u00fcrttemberg weiterfuhr. Durch den Unfall war lediglich geringer Sachschaden entstanden. Das Kennzeichen des Pkw konnte durch den Motorradfahrer nicht abgelesen werden. Eine genauere Beschreibung des Pkw liegt nicht vor.<\/p>\n\n\n\n<ul>\n<li><strong>Die Polizei bittet Zeugen darum, sachdienliche Hinweise zum unfallfl\u00fcchtigen Pkw oder zum Unfallhergang telefonisch an 06232 \/ 137 &#8211; 0 oder per E-Mail an&nbsp;<a href=\"mailto:%20pispeyer@polizei.rlp.de\">pispeyer@polizei.rlp.de<\/a>&nbsp;zu richten.<\/strong><\/li>\n<\/ul>\n\n\n\n<h2 class=\"wp-block-heading\">(Speyer) &#8211; Reanimation am Hauptbahnhof Speyer<\/h2>\n\n\n<div class=\"wp-block-image\">\n<figure class=\"aligncenter size-full\"><img decoding=\"async\" loading=\"lazy\" width=\"800\" height=\"533\" src=\"https:\/\/speyer24news.com\/wp-content\/uploads\/2021\/01\/Ruhe-in-Frieden.jpg\" alt=\"\" class=\"wp-image-32361\" srcset=\"https:\/\/speyer24news.com\/wp-content\/uploads\/2021\/01\/Ruhe-in-Frieden.jpg 800w, https:\/\/speyer24news.com\/wp-content\/uploads\/2021\/01\/Ruhe-in-Frieden-300x200.jpg 300w, https:\/\/speyer24news.com\/wp-content\/uploads\/2021\/01\/Ruhe-in-Frieden-768x512.jpg 768w\" sizes=\"(max-width: 800px) 100vw, 800px\" \/><\/figure><\/div>\n\n\n<p>Am 02.06.2023 gegen 12:15 Uhr wurde der Rettungsleitstelle eine leblose Person am Hauptbahnhof in Speyer gemeldet. Trotz erfolgter Reanimationsversuche und unverz\u00fcglichem Transport in ein nahegelegenes Krankenhaus verstarb die Person, ein 62-j\u00e4hriger Speyerer, schlie\u00dflich. Die genauen Todesumst\u00e4nde sind Gegenstand weiterer Ermittlungen, wenngleich ein Fremdverschulden zum jetzigen Zeitpunkt unwahrscheinlich erscheint. Den Hinterbliebenen des Verstorbenen wurde die Todesnachricht \u00fcberbracht.<\/p>\n\n\n\n<h2 class=\"wp-block-heading\">(Dudenhofen) &#8211; Diebstahl aus verschlossenem Pkw<\/h2>\n\n\n\n<p>Unbekannter T\u00e4ter schlug am 02.06.2023 zwischen 16:00 Uhr und 18:00 Uhr die Seitenscheibe der Beifahrert\u00fcr am geparkten Pkw der Gesch\u00e4digten ein, um die auf dem Beifahrersitz liegende Handtasche zu entwenden. Die Gesch\u00e4digte hatte ihren Pkw zuvor beim D\u00fcnenpfad bei Dudenhofen geparkt, um einen Spaziergang zu machen. Die Polizei r\u00e4t, auch bei nur kurzen Abwesenheiten, keine Wertgegenst\u00e4nde im Auto zu hinterlassen, um keine entsprechenden Tatanreize zu schaffen.<\/p>\n\n\n\n<ul>\n<li><strong>Die Polizei bittet Zeugen, die sachdienliche Hinweise zum T\u00e4ter geben k\u00f6nnen, sich telefonisch (06232 \/ 137 &#8211; 0) oder per E-Mail (<a href=\"mailto:pispeyer@polizei.rlp.de\">pispeyer@polizei.rlp.de<\/a>) bei der Polizeiinspektion Speyer zu melden.<\/strong><\/li>\n<\/ul>\n\n\n\n<h2 class=\"wp-block-heading\">(Rheinzabern) &#8211; Autofahrer alkoholisiert<\/h2>\n\n\n\n<p>Im Rahmen einer Verkehrskontrolle auf der B9 in den fr\u00fchen Morgenstunden des 03.06.2023 konnte bei dem 39-j\u00e4hrigen Fahrzeugf\u00fchrer Alkoholgeruch festgestellt werden. Ein Atemalkoholtest ergab einen Wert von 0,8 Promille. Die Weiterfahrt wurde entsprechend untersagt. Den Fahrzeugf\u00fchrer erwartet nun eine Geldbu\u00dfe in H\u00f6he von 500 Euro, ein Monat Fahrverbot, sowie zwei Punkte in Flensburg.<\/p>\n\n\n\n<h2 class=\"wp-block-heading\">(Klingenm\u00fcnster) &#8211; Verkehrskontrolle mit Drogenfund<\/h2>\n\n\n\n<p>Am 03.06.2023 um 0:30 Uhr wurden ein 25-J\u00e4hriger und sein 21-j\u00e4hriger Beifahrer mit ihrem PKW in der Weinstra\u00dfe einer Verkehrskontrolle unterzogen. Hierbei konnten die Beamten der Polizeiinspektion Bad Bergzabern bei dem 21-j\u00e4hrigen eine Tasche mit Bet\u00e4ubungsmittel feststellen. In der Tasche befanden sich u.a. geringe Mengen Kokain und leere Verpackungen mit Cannabisanhaftungen. Gegen den Beifahrer wurde ein Strafverfahren wegen Versto\u00df gegen das Bet\u00e4ubungsmittelgesetz eingeleitet.<\/p>\n\n\n\n<h2 class=\"wp-block-heading\">(Silz) &#8211; E-Scooter ohne Versicherung<\/h2>\n\n\n\n<p>Am 02.06.2023 um 12:15 Uhr fiel einer Streife der Polizei Bad Bergzabern in der Hauptstra\u00dfe ein E-Scooter auf, an dem kein Versicherungskennzeichen angebracht war. Bei der anschlie\u00dfenden Verkehrskontrolle stellte sich heraus, dass f\u00fcr das Fahrzeug kein Versicherungsschutz bestand. Fahrerin war ein 14-j\u00e4hriges M\u00e4dchen. Der 14-J\u00e4hrigen sowie ihrer Mutter w\u00e4re diese Vorschrift nicht bekannt gewesen. Dennoch wurde ein entsprechendes Strafverfahren eingeleitet.<\/p>\n\n\n\n<h2 class=\"wp-block-heading\">(B 48 \/ Rinnthal) &#8211; T\u00f6dlicher Motorradunfall im Wellbachtal<\/h2>\n\n\n<div class=\"wp-block-image\">\n<figure class=\"aligncenter size-full\"><img decoding=\"async\" loading=\"lazy\" width=\"800\" height=\"533\" src=\"https:\/\/speyer24news.com\/wp-content\/uploads\/2021\/01\/Ruhe-in-Frieden.jpg\" alt=\"\" class=\"wp-image-32361\" srcset=\"https:\/\/speyer24news.com\/wp-content\/uploads\/2021\/01\/Ruhe-in-Frieden.jpg 800w, https:\/\/speyer24news.com\/wp-content\/uploads\/2021\/01\/Ruhe-in-Frieden-300x200.jpg 300w, https:\/\/speyer24news.com\/wp-content\/uploads\/2021\/01\/Ruhe-in-Frieden-768x512.jpg 768w\" sizes=\"(max-width: 800px) 100vw, 800px\" \/><\/figure><\/div>\n\n\n<p>Am Abend des 03.06.2023 ereignete sich um 18:38 Uhr ein Verkehrsunfall mit zwei beteiligten Motorr\u00e4dern auf der B48 zwischen Rinnthal und Johanniskreuz. Ein 34-j\u00e4hriger Motorradfahrer aus dem Raum Mannheim befuhr die B48 in Fahrtrichtung Johanniskreuz und kam ca. vier Kilometer vor der Einm\u00fcndung Hofst\u00e4tten aus bislang unklarer Ursache auf die Gegenfahrbahn. Dort kollidierte er mit einem entgegenkommenden 65-j\u00e4hrigen Motorradfahrer aus dem Raum Stuttgart. Der 65-j\u00e4hrige Mann verstarb noch an der Unfallstelle aufgrund seiner schweren Verletzungen. Der 34-j\u00e4hrige Mann wurde mit schwersten Verletzungen in ein umliegendes Krankenhaus verbracht. Die B48 war im Zeitraum der Verkehrsunfallaufnahme komplett gesperrt. Es entstand ein Sachschaden von ca. 30000EUR. Es wurde ein Gutachter mit der Rekonstruktion des Unfallhergangs beauftragt.<\/p>\n\n\n\n<h2 class=\"wp-block-heading\">(Annweiler-Queichhambach) &#8211; Verkehrsunfallflucht<a href=\"https:\/\/www.facebook.com\/sharer.php?u=https%3A%2F%2Fwww.presseportal.de%2Fblaulicht%2Fpm%2F117686%2F5524445%2F%3Futm_source%3Dfacebook%26utm_medium%3Dsocial\"><\/a><a href=\"https:\/\/twitter.com\/intent\/tweet?text=POL-PDLD%3A%20Verkehrsunfallflucht%20Annweiler-Queichhambach%2C%2002.06.2023%2C%2012%3A15%20-%2015%3A30%20Uhr&amp;url=https%3A%2F%2Fwww.presseportal.de%2Fblaulicht%2Fpm%2F117686%2F5524445%2F%3Futm_source%3Dtwitter%26utm_medium%3Dsocial&amp;hashtags=ots&amp;lang=de\"><\/a><a href=\"https:\/\/web.whatsapp.com\/send?text=POL-PDLD%3A%20Verkehrsunfallflucht%20Annweiler-Queichhambach%2C%2002.06.2023%2C%2012%3A15%20-%2015%3A30%20Uhr%0A%0Ahttps%3A%2F%2Fwww.presseportal.de%2Fblaulicht%2Fpm%2F117686%2F5524445%2F%3Futm_source%3Dwhatsapp%26utm_medium%3Dsocial\"><\/a><a href=\"https:\/\/www.xing.com\/app\/user?op=share;url=https%3A%2F%2Fwww.presseportal.de%2Fblaulicht%2Fpm%2F117686%2F5524445%2F%3Futm_source%3Dxing%26utm_medium%3Dsocial\"><\/a><a href=\"http:\/\/www.linkedin.com\/shareArticle?mini=true&amp;url=https%3A%2F%2Fwww.presseportal.de%2Fblaulicht%2Fpm%2F117686%2F5524445%2F%3Futm_source%3Dlinkedin%26utm_medium%3Dsocial&amp;title=POL-PDLD%3A+Verkehrsunfallflucht+Annweiler-Queichhambach%2C+02.06.2023%2C+12%3A15+-+15%3A30+Uhr\"><\/a><a href=\"mailto:?subject=POL-PDLD%3A%20Verkehrsunfallflucht%20Annweiler-Queichhambach%2C%2002.06.2023%2C%2012%3A15%20-%2015%3A30%20Uhr&amp;body=https:\/\/www.presseportal.de\/blaulicht\/pm\/117686\/5524445\"><\/a><\/h2>\n\n\n\n<p>Am Freitag den 02.06.2023, im Zeitraum 12:15 Uhr &#8211; 15:30 Uhr, touchierte ein unbekanntes Fahrzeug vermutlich in Form einer Spiegelber\u00fchrung, einen in der Queichtalstra\u00dfe geparkten PKW. An dem geparkten PKW entstand Sachschaden. Nach dem Zusammensto\u00df entfernte sich der Unfallverursacher unerlaubt von der Unfall\u00f6rtlichkeit. <\/p>\n\n\n\n<ul>\n<li><strong>Die Polizeiwache Annweiler bittet um Hinweise von Unfallzeugen unter der 06346-96462519.<\/strong><\/li>\n<\/ul>\n\n\n\n<h2 class=\"wp-block-heading\">(Landau-Nord \/ A 65) &#8211; Falsch auf Autobahn aufgefahren<\/h2>\n\n\n\n<p>Am Samstagmorgen meldeten gegen 07:30 Uhr Verkehrsteilnehmer einen Geisterfahrer, welcher die A65 im Bereich der Anschlussstelle Landau-Nord entgegengesetzt der vorgeschriebenen Fahrtrichtung befahre. Mit der sofort eingeleiteten kurzfristigen Sperrung der entsprechenden Fahrbahn hatte der bis dato unbekannte Falschfahrer selbstst\u00e4ndig die A65 wieder verlassen. \u00dcber das durch die Zeugen abgelesene Kennzeichen ergaben sich Hinweise auf den Verkehrss\u00fcnder. Demnach verlor eine ortsfremde 35-j\u00e4hrige Autofahrerin im Bereich der Anschlussstelle Landau Nord die Orientierung und fuhr in falsche Richtung auf die Autobahn auf. Die Frau erwartet nun ein Bu\u00dfgeld in H\u00f6he von 200 Euro. Weiter droht ein befristetes Fahrverbot.<\/p>\n\n\n\n<ul>\n<li><strong>Wenn Sie selbst Hinweise geben k\u00f6nnen, oder gar als Verkehrsteilnehmer infolge des beschriebenen Ereignisses gef\u00e4hrdet wurden, setzen Sie sich telefonisch unter 06323 9550 oder via Mail (<a href=\"mailto:piedenkoben@polizei.rlp.de\">piedenkoben@polizei.rlp.de<\/a>) mit der Dienststelle in Verbindung.<\/strong><\/li>\n<\/ul>\n\n\n\n<h2 class=\"wp-block-heading\">(Neustadt) &#8211; Schl\u00e4gerei auf Supermarktparkplatz<\/h2>\n\n\n<div class=\"wp-block-image\">\n<figure class=\"aligncenter size-full\"><img decoding=\"async\" loading=\"lazy\" width=\"800\" height=\"533\" src=\"https:\/\/speyer24news.com\/wp-content\/uploads\/2021\/11\/Schlaegerei.jpg\" alt=\"\" class=\"wp-image-42366\" srcset=\"https:\/\/speyer24news.com\/wp-content\/uploads\/2021\/11\/Schlaegerei.jpg 800w, https:\/\/speyer24news.com\/wp-content\/uploads\/2021\/11\/Schlaegerei-300x200.jpg 300w, https:\/\/speyer24news.com\/wp-content\/uploads\/2021\/11\/Schlaegerei-768x512.jpg 768w\" sizes=\"(max-width: 800px) 100vw, 800px\" \/><figcaption class=\"wp-element-caption\">Beispielbild Schl\u00e4gerei \/ K\u00f6rperverletzung, dient lediglich der Visualisierung<\/figcaption><\/figure><\/div>\n\n\n<p>Am 02.06.2023, gegen 21:10 Uhr, kam es zu einer Schl\u00e4gerei auf einem Supermarktparkplatz in der Talstra\u00dfe in Neustadt\/Weinstra\u00dfe. Durch einen aufmerksamen Zeugen wurde eine Schl\u00e4gerei zwischen etwa 10 Personen gemeldet. Obwohl der Supermarktparkplatz unverz\u00fcglich von mehreren Streifenw\u00e4gen angefahren wurde, konnte vor Ort lediglich der Gesch\u00e4digte und dessen Bekannten angetroffen werden. Der 22-j\u00e4hrige Gesch\u00e4digte hatte eine Kopfplatzwunde und musste in einem Krankenhaus medizinisch versorgt werden. Die Personengruppe um den Gesch\u00e4digten, sowie der Gesch\u00e4digte selbst, konnten nur wenige Angaben zum Tatgeschehen machen. <\/p>\n\n\n\n<ul>\n<li><strong>Eine Personenbeschreibung der Tatverd\u00e4chtigen liegt noch nicht vor. Zeugen, welche Angaben zum Tatablauf und zu den Tatverd\u00e4chtigten machen k\u00f6nnen werden gebeten sich mit hiesiger Dienststelle unter 06321 854-0 oder&nbsp;<a href=\"mailto:%20pineustadt@polizei.rlp.de\">pineustadt@polizei.rlp.de<\/a>&nbsp;in Verbindung zu setzen.<\/strong><\/li>\n<\/ul>\n\n\n\n<h2 class=\"wp-block-heading\">(L 516 \/ Neustadt) &#8211; Verkehrsunfall mit leichtverletzter Person<\/h2>\n\n\n\n<p>Am 02.06.2023, gegen 11:50 Uhr, kam es auf der L516 zwischen Neustadt\/Weinstra\u00dfe und Maikammer zu einem Verkehrsunfall. Eine 21-j\u00e4hriger PKW-Fahrerin befuhr die L516 in Fahrtrichtung Maikammer und bemerkte zu sp\u00e4t, dass ein vorausfahrender 48-j\u00e4hriger PKW-Fahrer nach links in einen Feldweg einbiegen wollte. Hierzu verringerte der Vorausfahrende seine Geschwindigkeit und blinkte nach links. Die Hinterherfahrende konnte einen Zusammensto\u00df nicht mehr verhindern und fuhr mit ihrem PKW auf den Vorausfahrenden auf. Der 48-j\u00e4hrige verletzte sich leicht, musste jedoch nicht durch den Rettungsdienst behandelt werden. Beide Fahrzeuge blieben fahrbereit. Gegen die 21-j\u00e4hrige wurde ein Strafverfahren wegen fahrl\u00e4ssiger K\u00f6rperverletzung und ein Ordnungswidrigkeitenverfahren eingeleitet.<\/p>\n\n\n\n<h2 class=\"wp-block-heading\">(Ha\u00dfloch) &#8211; PKW-Fahrer unter Alkoholeinfluss und ohne g\u00fcltige Fahrerlaubnis<\/h2>\n\n\n\n<p>Am Abend des 01.06.2023 wurde durch eine Streife der Polizeiinspektion Ha\u00dfloch ein PKW im Lachener Weg in 67454 Ha\u00dfloch einer allgemeinen Verkehrskontrolle unterzogen. Da bei dem verantwortlichen Fahrzeugf\u00fchrer deutlicher Atemalkoholgeruch wahrgenommen werden konnte, wurde mit diesem ein Atemalkoholtest durchgef\u00fchrt. Dieser ergab einen Wert von 1,73 Promille. Aus diesem Grund wurde dem 53-j\u00e4hrigen Ha\u00dflocher in hiesiger Dienststelle eine Blutprobe entnommen. Des Weiteren konnte ermittelt werden, dass der Fahrzeugf\u00fchrer seit 2021 nicht mehr im Besitz einer g\u00fcltigen Fahrerlaubnis ist. Nun muss sich der 53 Jahre alte Ha\u00dflocher in einem Strafverfahren wegen Trunkenheit im Verkehr und wegen des Fahrens ohne Fahrerlaubnis verantworten. Au\u00dferdem wird die zust\u00e4ndige Fahrerlaubnisbeh\u00f6rde \u00fcber den Vorfall in Kenntnis gesetzt.<\/p>\n\n\n\n<h2 class=\"wp-block-heading\">(Freinsheim) &#8211; LKW kollidiert mit Weinstand \/ Eine Person leicht verletzt<\/h2>\n\n\n\n<p>Am Freitag, den 2. Juni 2023, ereignete sich gegen 17:29 Uhr in der Hauptstra\u00dfe 2 in Freinsheim ein Verkehrsunfall, bei dem ein LKW einen Weinstand stark besch\u00e4digte und eine 47-j\u00e4hrige Frau leicht verletzt wurde. Der Vorfall ereignete sich im Zusammenhang mit dem laufenden Altstadtfest. Nach den vorliegenden Informationen befuhr ein LKW die Hauptstra\u00dfe in Richtung Bahnhofstra\u00dfe, um eine Lieferung durchzuf\u00fchren. Aufgrund entgegenkommender Fahrradfahrer sah sich der 57-j\u00e4hrige LKW-Fahrer aus Stra\u00dfburg gezwungen, seinen LKW nach rechts zu lenken. Dieses Man\u00f6ver f\u00fchrte zu einer Kollision mit einem Weinstand, der aufgrund des Altstadtfests dort aufgebaut war. Durch den Zusammensto\u00df wurde der Verkaufsstand stark besch\u00e4digt und es gingen zahlreiche Weinflaschen und Gl\u00e4ser zu Bruch. Zus\u00e4tzlich fiel ein K\u00fchlschrank um und traf eine 47-j\u00e4hrige Frau aus Freinsheim im R\u00fccken, wodurch sie leichte Verletzungen erlitt. Eine Behandlung durch den Rettungsdienst lehnte die Freinsheimerin ab. Aufgrund seines Fehlverhaltens, das zu der Kollision und den Verletzungen f\u00fchrte, wird sich der 57-j\u00e4hrige Stra\u00dfburger nun wegen fahrl\u00e4ssiger K\u00f6rperverletzung verantworten m\u00fcssen.<\/p>\n\n\n\n<h2 class=\"wp-block-heading\">(Kirchheim) &#8211; Weinbergpf\u00e4hle gestohlen und Sachschaden verursacht<a href=\"https:\/\/www.facebook.com\/sharer.php?u=https%3A%2F%2Fwww.presseportal.de%2Fblaulicht%2Fpm%2F117687%2F5524403%2F%3Futm_source%3Dfacebook%26utm_medium%3Dsocial\"><\/a><a href=\"https:\/\/twitter.com\/intent\/tweet?text=POL-PDNW%3A%20Weinbergpf%C3%A4hle%20gestohlen%20und%20Sachschaden%20verursacht&amp;url=https%3A%2F%2Fwww.presseportal.de%2Fblaulicht%2Fpm%2F117687%2F5524403%2F%3Futm_source%3Dtwitter%26utm_medium%3Dsocial&amp;hashtags=ots&amp;lang=de\"><\/a><a href=\"https:\/\/web.whatsapp.com\/send?text=POL-PDNW%3A%20Weinbergpf%C3%A4hle%20gestohlen%20und%20Sachschaden%20verursacht%0A%0Ahttps%3A%2F%2Fwww.presseportal.de%2Fblaulicht%2Fpm%2F117687%2F5524403%2F%3Futm_source%3Dwhatsapp%26utm_medium%3Dsocial\"><\/a><a href=\"https:\/\/www.xing.com\/app\/user?op=share;url=https%3A%2F%2Fwww.presseportal.de%2Fblaulicht%2Fpm%2F117687%2F5524403%2F%3Futm_source%3Dxing%26utm_medium%3Dsocial\"><\/a><a href=\"http:\/\/www.linkedin.com\/shareArticle?mini=true&amp;url=https%3A%2F%2Fwww.presseportal.de%2Fblaulicht%2Fpm%2F117687%2F5524403%2F%3Futm_source%3Dlinkedin%26utm_medium%3Dsocial&amp;title=POL-PDNW%3A+Weinbergpf%C3%A4hle+gestohlen+und+Sachschaden+verursacht\"><\/a><a href=\"mailto:?subject=POL-PDNW%3A%20Weinbergpf%C3%A4hle%20gestohlen%20und%20Sachschaden%20verursacht&amp;body=https:\/\/www.presseportal.de\/blaulicht\/pm\/117687\/5524403\"><\/a><\/h2>\n\n\n\n<p>Im Zeitraum vom 02.06.2023 (16:00 Uhr) bis zum 03.06.2023 (13:00 Uhr) entwendeten bisher unbekannte T\u00e4ter zahlreiche, sogenannte Weinbergpf\u00e4hle aus einem Wingert im Bereich der K1 in Kirchheim an der Weinstra\u00dfe. Hierbei wurden zudem mehrere Weinreben besch\u00e4digt. Es entstand Sachschaden im hohen dreistelligen Bereich.<\/p>\n\n\n\n<ul>\n<li><strong>Zeugen die sachdienliche Hinweise geben k\u00f6nnen werden gebeten, sich mit der Polizeiinspektion Gr\u00fcnstadt in Verbindung zu setzten.<\/strong><\/li>\n<\/ul>\n\n\n\n<h2 class=\"wp-block-heading\">(Altleiningen) &#8211; Verkehrsunfall mit Personenschaden, Fahrzeuge erheblich besch\u00e4digt<\/h2>\n\n\n\n<p>Am Freitag, den 02.06.2023 gegen 13:30 Uhr, kam es auf der L520 zwischen Altleiningen und Carlsberg zu einem Verkehrsunfall, bei welchem eine Person leicht verletzt wurde. Der 83-J\u00e4hrige Fahrer eines PKWs &#8211; Fabrikat Honda &#8211; befuhr dabei die L520 von Altleiningen in Richtung Carlsberg. Vor ihm fuhr ein Renault Transporter in gleicher Richtung. Der Transporter verlangsamte und bog nach rechts in die Villastra\u00dfe ab. Der dahinter befindliche 83-j\u00e4hrige Fahrer des PKWs bemerkte den Abbiegevorgang zu sp\u00e4t und fuhr dem Transporter auf. Beim Zusammensto\u00df beider Fahrzeuge drehte sich der Transporter und wurde dabei erheblich besch\u00e4digt. Am PKW des 83-J\u00e4hrigen entstand wirtschaftlicher Totalschaden, der Fahrer selbst erlitt durch den Zusammensto\u00df leichte Verletzungen am Brustkorb und an seiner rechten Hand. Der Fahrer des Transporters blieb unverletzt. Die Schadensh\u00f6he an beiden Fahrzeugen wird durch die Polizei auf insgesamt ca. 17.500 Euro gesch\u00e4tzt.<\/p>\n\n\n\n<h2 class=\"wp-block-heading\">(A 61 \/ Worms) &#8211; Dacia-Fahrer mutma\u00dflich unter Drogeneinfluss<\/h2>\n\n\n\n<p>Am 02.06.2023, um 19:00 Uhr, kontrollierten Beamte der Polizeiautobahnstation Ruchheim einen Dacia-Fahrer auf dem Rasthof Wonnegau-Ost an der A61.<\/p>\n\n\n\n<p>Bei der Kontrolle konnten bei dem 34-J\u00e4hringen Fahrer drogenbedingte Anzeichen festgestellt werden. Einen freiwilligen Drogenschnelltest sowie die Entnahme einer Blutprobe lehnte der Mann ab. Die Entnahme der Blutprobe wurde daraufhin durch die Beamten der Polizeiautobahnstation Ruchheim angeordnet.<\/p>\n\n\n\n<p>Es wurde ein Ermittlungsverfahren wegen des Verdachts der Trunkenheit im Verkehr sowie dem Versto\u00df gegen das Bet\u00e4ubungsmittelgesetz eingeleitet. Das Ergebnis der Blutuntersuchung wird zeigen, ob und welche Drogen der 34-J\u00e4hrige konsumiert hat.<\/p>\n\n\n\n<h2 class=\"wp-block-heading\">(Ludwigshafen) &#8211; Trickdiebstahl in Gastst\u00e4tte<\/h2>\n\n\n\n<p>Am Samstag, den 03. Juni 2023, gegen 12:35 Uhr, hat ein unbekannter Mann in der Gastst\u00e4tte &#8222;Zum Gr\u00fcnen Baum&#8220; am Schillerplatz den Kellner so geschickt abgelenkt, dass er die Gesch\u00e4ftsgeldb\u00f6rse hinter der Theke entwenden konnte. In der Geldb\u00f6rse befand sich ein nicht unerheblicher Betrag an Bargeld.<\/p>\n\n\n\n<h4 class=\"wp-block-heading\">Der unbekannte Tatverd\u00e4chtige wird wie folgt beschrieben:<\/h4>\n\n\n\n<ul>\n<li><strong>Ca. 25 Jahre alt<\/strong><\/li>\n\n\n\n<li><strong>etwa 175 cm gro\u00df<\/strong><\/li>\n\n\n\n<li><strong>dunkle Haare<\/strong><\/li>\n\n\n\n<li><strong>trug ein khakifarbenes T-Shirt, kurze blaue Jeans und dunkelgr\u00fcne Schuhe der Marke &#8222;Crocs&#8220; (\u00e4hnlich Gartenschuhen). <\/strong><\/li>\n\n\n\n<li><strong>Der Tatverd\u00e4chtige war der deutschen Sprache nicht m\u00e4chtig und verst\u00e4ndigte sich in der Gastst\u00e4tte nur mit Gesten und Handzeichen.<\/strong><\/li>\n<\/ul>\n\n\n\n<ul>\n<li><strong>Wer sachdienliche Angaben zu dem unbekannten Tatverd\u00e4chtigen machen kann, wird gebeten sich mit der Polizeiwache in Oggersheim unter 0621 963-2403 oder per E-Mail an:&nbsp;<a href=\"mailto:pwoggersheim@polizei.rlp.de\">pwoggersheim@polizei.rlp.de<\/a>&nbsp;in Verbindung zu setzen.<\/strong><\/li>\n<\/ul>\n\n\n\n<h2 class=\"wp-block-heading\">(Ludwigshafen) &#8211; Zeugen nach Bedrohung gesucht<\/h2>\n\n\n<div class=\"wp-block-image\">\n<figure class=\"aligncenter size-full\"><img decoding=\"async\" loading=\"lazy\" width=\"800\" height=\"621\" src=\"https:\/\/speyer24news.com\/wp-content\/uploads\/2021\/07\/Messer-Angriff-Bedrohung-2.jpg\" alt=\"\" class=\"wp-image-38504\" srcset=\"https:\/\/speyer24news.com\/wp-content\/uploads\/2021\/07\/Messer-Angriff-Bedrohung-2.jpg 800w, https:\/\/speyer24news.com\/wp-content\/uploads\/2021\/07\/Messer-Angriff-Bedrohung-2-300x233.jpg 300w, https:\/\/speyer24news.com\/wp-content\/uploads\/2021\/07\/Messer-Angriff-Bedrohung-2-768x596.jpg 768w\" sizes=\"(max-width: 800px) 100vw, 800px\" \/><figcaption class=\"wp-element-caption\">Symbolbild &#8222;\u00dcberfall Messer&#8220;, dient lediglich der Visualisierung<\/figcaption><\/figure><\/div>\n\n\n<p>Am Samstag, den 03.06.2023, gegen 00:30 Uhr, befand sich ein 26-j\u00e4hriger Mann auf dem Berliner Platz in Ludwigshafen am Rhein. Hierbei wurde er aus einer dreik\u00f6pfigen Personengruppe mit einem K\u00fcchenmesser bedroht. Im Anschluss entfernte sich die Personengruppe von der Tat\u00f6rtlichkeit. <\/p>\n\n\n\n<ul>\n<li><strong>Bei der Personengruppe soll es sich um junge, m\u00e4nnliche Personen im Alter von circa 18-23 Jahren handeln. <\/strong><\/li>\n\n\n\n<li><strong>Eine Strafanzeige wegen Bedrohung wurde aufgenommen. M\u00f6gliche Zeugen werden gebeten, sich unter der Telefonnummer 0621 \/ 963-2122 oder per E-Mail (<a href=\"mailto:piludwigshafen1@polizei.rlp.de\">piludwigshafen1@polizei.rlp.de<\/a>) an die Polizeiinspektion Ludwigshafen 1 zu wenden.<\/strong><\/li>\n<\/ul>\n\n\n\n<h2 class=\"wp-block-heading\">(Ludwigshafen) &#8211; Beziehungsstreit eskaliert<\/h2>\n\n\n<div class=\"wp-block-image\">\n<figure class=\"aligncenter size-full\"><img decoding=\"async\" loading=\"lazy\" width=\"500\" height=\"751\" src=\"https:\/\/speyer24news.com\/wp-content\/uploads\/2020\/03\/05.03.2020-LU-haeusliche-gewalt.jpg\" alt=\"\" class=\"wp-image-25739\" srcset=\"https:\/\/speyer24news.com\/wp-content\/uploads\/2020\/03\/05.03.2020-LU-haeusliche-gewalt.jpg 500w, https:\/\/speyer24news.com\/wp-content\/uploads\/2020\/03\/05.03.2020-LU-haeusliche-gewalt-200x300.jpg 200w\" sizes=\"(max-width: 500px) 100vw, 500px\" \/><figcaption class=\"wp-element-caption\">Beispielfoto H\u00e4usliche Gewalt, dient lediglich der Visualisierung. Foto: www.polizei-beratung.de<\/figcaption><\/figure><\/div>\n\n\n<p>Am Freitagabend, den 02.06.2023 eskalierte gegen 21:30 Uhr in Friesenheim ein Streit zwischen einem 30-j\u00e4hrigen Mann und dessen 40-j\u00e4hriger Lebensgef\u00e4hrtin. Der Mann schlug der Frau mehrfach in das Gesicht und auf den Kopf, zudem bedrohte er sie. Der Mann wurde schlie\u00dflich durch die Polizei f\u00fcr 10 Tage der Wohnung verwiesen. Ihn erwartet nun eine Strafanzeige wegen K\u00f6rperverletzung und Bedrohung.<\/p>\n\n\n\n<h2 class=\"wp-block-heading\">(A 650 \/ Ludwigshafen) &#8211; Verkehrsunfall unter Alkoholeinfluss und ohne F\u00fchrerschein<\/h2>\n\n\n\n<p>Am 02.06.2023, um 18:55 Uhr, ereignete sich auf der A650, kurz nach der Ausfahrt Oggersheim-S\u00fcd ein Verkehrsunfall zwischen zwei Fahrzeugen. Nach Erkenntnissen der Polizeiautobahnstation Ruchheim wechselte ein Opel-Fahrer von der mittleren auf die rechte Spur. Dabei \u00fcbersah er das neben ihm fahrende Fahrzeug und kollidierte mit diesem.<\/p>\n\n\n\n<p>Bei der Unfallaufnahme konnte bei dem 57-J\u00e4hrigem Opel-Fahrer Alkoholgeruch wahrgenommen werden. Ein freiwillig durchgef\u00fchrter Atemalkoholtest ergab einen Wert von 0,53 Promille. Weiterhin konnte festgestellt werden, dass er zudem nicht im Besitz einer g\u00fcltigen Fahrerlaubnis ist.<\/p>\n\n\n\n<p>Dem 57-J\u00e4hrigen wurde eine Blutprobe entnommen und ein Ermittlungsverfahren wegen Gef\u00e4hrdung des Stra\u00dfenverkehrs und Fahren ohne Fahrerlaubnis eingeleitet.<\/p>\n\n\n\n<h2 class=\"wp-block-heading\">(Ludwigshafen) &#8211; Beute aus Diebstahl an Grenze sichergestellt<\/h2>\n\n\n\n<p>Am Freitagmittag, den 02.06.2023 wurde ein 29-j\u00e4hriger Mann gegen 14:30 Uhr mit seinem Lkw an der Grenze von Ungarn nach Rum\u00e4nien einer Grenzkontrolle unterzogen. In dessen Lkw konnten hierbei Fahrzeugteile aufgefunden werden, welche aus einem Einbruchsdiebstahl aus einer Spedition in Ludwigshafen stammten. Die Fahrzeugteile im Wert von 35.000 EUR wurden sichergestellt. Der Fahrer konnte in Anschluss seine Fahrt fortsetzen.<\/p>\n\n\n\n<h2 class=\"wp-block-heading\">(A 61 \/ Ludwigshafen) &#8211; Fahrer unter Drogeneinfluss auf der A61 liegengeblieben<\/h2>\n\n\n\n<p>Am 02.06.2023, um 14:12 Uhr, wurden Beamte der Polizeiautobahnstation Ruchheim zu einem Pannenfahrzeug auf der A61 gerufen. W\u00e4hrend der Kontaktaufnahme konnten bei dem 23-J\u00e4hrigen Fahrer drogenbedingte Anzeichen festgestellt werden. Ein freiwillig durchgef\u00fchrter Drogenschnelltest verlief positiv auf THC.<\/p>\n\n\n\n<p>Dem 23-J\u00e4hrigen wurde auf der Dienststelle eine Blutprobe entnommen und ein Ermittlungsverfahren wegen Trunkenheit im Stra\u00dfenverkehr und Versto\u00df gegen das Bet\u00e4ubungsmittelgesetz eingeleitet.<\/p>\n\n\n\n<h2 class=\"wp-block-heading\">(A 650 \/ Ludwigshafen) &#8211; Unter Drogeneinfluss auf A650<\/h2>\n\n\n\n<p>Unter Drogeneinfluss war am 02.06.2023, um 14.10 Uhr, ein 34-J\u00e4hriger mit seinem Ford unterwegs. Das Fahrzeug wurde von Beamten der Polizeiautobahnstation Ruchheim auf der A650 festgestellt und auf der Bruchwiesenstra\u00dfe einer Verkehrskontrolle unterzogen.<\/p>\n\n\n\n<p>Bei der Kontrolle wurden bei dem 34-J\u00e4hrigen drogenbedingte Anzeichen festgestellt. Ein Drogenschnelltest ergab, dass der Mann unter dem Einfluss von THC stand.<\/p>\n\n\n\n<p>Dem 34-J\u00e4hrigen wurde eine Blutprobe entnommen und ein Ermittlungsverfahren wegen Trunkenheit im Stra\u00dfenverkehr und Versto\u00df gegen das Bet\u00e4ubungsmittelgesetz eingeleitet.<\/p>\n\n\n\n<h2 class=\"wp-block-heading\">(Ludwigshafen) &#8211; Vorfahrt missachtet<\/h2>\n\n\n\n<p>Die 36-j\u00e4hrige Fahrerin eines Audi missachtet am Freitagmittag gegen 14:00 Uhr an der Kreuzung Sternstra\u00dfe \/ Industriestra\u00dfe die Vorfahrt eines 69-j\u00e4hrigen Renault Fahrers. Durch den Zusammensto\u00df der Fahrzeuge wurde die 65-j\u00e4hrige Beifahrerin im Renault leicht verletzt und wurde durch den Rettungsdienst in eine nahegelegene Klinik verbracht. Beide Fahrzeuge waren nicht mehr fahrbereit und mussten abgeschleppt werden. Der Schaden bel\u00e4uft sich auf ca. 8000 Euro.<\/p>\n\n\n\n<h2 class=\"wp-block-heading\">(Mannheim) &#8211; Radfahrer betrunken unterwegs \/ Polizeibeamtin angegriffen<\/h2>\n\n\n<div class=\"wp-block-image\">\n<figure class=\"aligncenter size-full\"><img decoding=\"async\" loading=\"lazy\" width=\"800\" height=\"600\" src=\"https:\/\/speyer24news.com\/wp-content\/uploads\/2019\/06\/Ausn\u00fcchterungszelle.jpg\" alt=\"\" class=\"wp-image-15212\" srcset=\"https:\/\/speyer24news.com\/wp-content\/uploads\/2019\/06\/Ausn\u00fcchterungszelle.jpg 800w, https:\/\/speyer24news.com\/wp-content\/uploads\/2019\/06\/Ausn\u00fcchterungszelle-300x225.jpg 300w, https:\/\/speyer24news.com\/wp-content\/uploads\/2019\/06\/Ausn\u00fcchterungszelle-768x576.jpg 768w, https:\/\/speyer24news.com\/wp-content\/uploads\/2019\/06\/Ausn\u00fcchterungszelle-678x509.jpg 678w, https:\/\/speyer24news.com\/wp-content\/uploads\/2019\/06\/Ausn\u00fcchterungszelle-326x245.jpg 326w, https:\/\/speyer24news.com\/wp-content\/uploads\/2019\/06\/Ausn\u00fcchterungszelle-80x60.jpg 80w\" sizes=\"(max-width: 800px) 100vw, 800px\" \/><figcaption class=\"wp-element-caption\">Beispielbild Zelle \/ Verhaftung, dient lediglich der Visualisierung<\/figcaption><\/figure><\/div>\n\n\n<p>Am Freitagabend, gegen 18:15 Uhr, kam es im Bereich des Exerzierplatzes aus unerkl\u00e4rlichen Gr\u00fcnden zu verbalen Streitigkeiten zwischen einem Radfahrer und einer Radfahrerin. Eine Polizeibeamtin, welche privat unterwegs war, erkannte die Situation, versetzte sich in den Dienst und wollte den Streit schlichten. Nachdem die Beamtin sich als solche zu erkennen gab, schlug der 39-j\u00e4hrige Radfahrer dieser unvermittelt mit der Hand gegen den Hals. Drei weitere Passanten, welche die Situation zu schlichten versuchten, wurden ebenfalls mit Faustschl\u00e4gen angegriffen. Alle vier Gesch\u00e4digten wurden leicht verletzt. Durch eine eintreffende Polizeistreife konnte der Beschuldigte widerstandslos festgenommen werden. Ein durchgef\u00fchrter Atemalkoholtest ergab einen Wert von 1,5 Promille. Unbeteiligte Zeugen gaben an, dass der Mann zuvor bereits durch seine unsichere Fahrweise (Schlangenlinien) aufgefallen war. Im Anschluss wurde der 39-J\u00e4hrige zum Revier verbracht, wo ihm eine Blutprobe entnommen wurde. Gegen den Mann wird nun wegen Trunkenheit im Stra\u00dfenverkehr, K\u00f6rperverletzung und t\u00e4tlichem Angriff gegen Vollstreckungsbeamte ermittelt.<\/p>\n\n\n\n<h2 class=\"wp-block-heading\">(Mannheim-Friedrichsfeld) &#8211; 43-J\u00e4hriger legt Brand um sich zu w\u00e4rmen<\/h2>\n\n\n\n<p>Am Samstagmorgen, gegen 03:00 Uhr, meldeten mehrere Verkehrsteilnehmer auf der A656, einen Brand in Mannheim-Friedrichsfeld auf H\u00f6he der Lembacher Stra\u00dfe. Durch einen ebenfalls alarmierten Rettungswagen konnte das Feuer auf einem dortigen Baustellengel\u00e4nde festgestellt werden. Es handelte sich hierbei um einige Europaletten, die wie eine Art Lagerfeuer aufgestellt und in Brand gesetzt worden waren. Eine Gefahr f\u00fcr angrenzende Geb\u00e4ude bestand zu keinem Zeitpunkt. Der Brand konnte schnell durch einen L\u00f6schzug der Berufsfeuerwehr Mannheim und der Freiwilligen Feuerwehr MA-Friedrichsfeld gel\u00f6scht werden. Der entstandene Sachschaden bel\u00e4uft sich auf ca. 30 Euro. Anhand der Personenbeschreibung der beiden Sanit\u00e4ter, denen auf der Anfahrt, ein Mann mit Einkaufswagen entgegenkam, konnte die Polizeistreife in unmittelbarer Tatortn\u00e4he den Beschuldigten feststellen. Dieser gab auf Befragung an, dass er das Feuer entfacht hatte um sich aufzuw\u00e4rmen. Gegen den 43-J\u00e4hrigen wird nun wegen Sachbesch\u00e4digung ermittelt.<\/p>\n\n\n\n<h2 class=\"wp-block-heading\">(Mannheim-Seckenheim) &#8211; K\u00f6rperverletzung \/ Aufmerksame Zeugen verfolgen T\u00e4ter<\/h2>\n\n\n\n<p>Am Samstagmorgen, gegen 02:20 Uhr, wurde der Polizei zun\u00e4chst ein gest\u00fcrzter Fahrradfahrer in der Seckenheimer Hauptstra\u00dfe in H\u00f6he der Haltestelle Seckenheim Rathaus gemeldet. Nach derzeitigem Ermittlungsstand kam es zun\u00e4chst zu einer verbalen Auseinandersetzung zwischen einem 35-j\u00e4hrigen Radfahrer und zwei jungen M\u00e4nnern. Laut einem Zeugen schlug ein 18-j\u00e4hriger Tatverd\u00e4chtiger unvermittelt mit der Faust dem Radfahrer ins Gesicht, welcher daraufhin zu Boden st\u00fcrzte und das Bewusstsein verlor. Danach fl\u00fcchteten die zwei M\u00e4nner vom Tatort und lie\u00dfen den Verletzten am Boden liegen. Zwei couragierte Zeugen, welche die Tat beobachteten, verfolgten die Fl\u00fcchtigen, hielten diese fest und brachten sie zu den bereits eingetroffenen Polizeibeamten. Beide Beschuldigten wurden zur Durchf\u00fchrung strafprozessualer Ma\u00dfnahmen zum Polizeirevier Ladenburg verbracht. Der Gesch\u00e4digte, welcher schwere Kopfverletzungen erlitt, wurde vor Ort not\u00e4rztlich versorgt und anschlie\u00dfend in eine Klinik verbracht.<\/p>\n\n\n\n<h2 class=\"wp-block-heading\">(A 5 \/ Walldorf \/ Rhein-Neckar-Kreis) &#8211; Gr\u00f6\u00dferer Verkehrsunfall auf der BAB 5 H\u00f6he Walldorf \/ Einsatz eines Rettungshubschraubers<\/h2>\n\n\n<div class=\"wp-block-image\">\n<figure class=\"aligncenter size-full\"><img decoding=\"async\" loading=\"lazy\" width=\"800\" height=\"600\" src=\"https:\/\/speyer24news.com\/wp-content\/uploads\/2021\/06\/20210606_142751_copy_1209x1612.jpg\" alt=\"\" class=\"wp-image-37601\" srcset=\"https:\/\/speyer24news.com\/wp-content\/uploads\/2021\/06\/20210606_142751_copy_1209x1612.jpg 800w, https:\/\/speyer24news.com\/wp-content\/uploads\/2021\/06\/20210606_142751_copy_1209x1612-300x225.jpg 300w, https:\/\/speyer24news.com\/wp-content\/uploads\/2021\/06\/20210606_142751_copy_1209x1612-768x576.jpg 768w, https:\/\/speyer24news.com\/wp-content\/uploads\/2021\/06\/20210606_142751_copy_1209x1612-678x509.jpg 678w, https:\/\/speyer24news.com\/wp-content\/uploads\/2021\/06\/20210606_142751_copy_1209x1612-326x245.jpg 326w, https:\/\/speyer24news.com\/wp-content\/uploads\/2021\/06\/20210606_142751_copy_1209x1612-80x60.jpg 80w\" sizes=\"(max-width: 800px) 100vw, 800px\" \/><figcaption class=\"wp-element-caption\">Beispielbild Rettungshubschrauber, dient lediglich der Visualisierung.<\/figcaption><\/figure><\/div>\n\n\n<p>Derzeit sind Kr\u00e4fte des Rettungsdienstes und der Polizei bei einem gr\u00f6\u00dferen Verkehrsunfallgeschehen auf der BAB 5, zwischen den Anschlussstellen Heidelberg \/ Schwetzingen und Walldorf \/ Wiesloch, H\u00f6he der Stadt Walldorf, eingesetzt. Zudem wurde ein Rettungshubschrauber angefordert. \u00dcber den Unfallhergang sowie zu dem Verletzungsbild ist derzeit noch nichts bekannt. Durch die Unfallaufnahme kann es zu Verkehrsbehinderungen und zu kurzfristigen Fahrbahnsperrungen kommen. Ortskundige Verkehrsteilnehmer werden gebeten, die Strecke weitr\u00e4umig zu umfahren. Es wird nachberichtet.<\/p>\n\n\n\n<h3 class=\"wp-block-heading has-text-align-center\">Pressemeldung Nr. 2<\/h3>\n\n\n\n<p>Gegen 10:40 Uhr kam es auf der BAB 5, zwischen den Anschlussstellen Heidelberg \/ Schwetzingen und Walldorf \/ Wiesloch, in H\u00f6he der Stadt Walldorf, in Fahrtrichtung S\u00fcden, zu einem Verkehrsunfall mit Personenschaden. Hierbei fuhr ein 63-j\u00e4hriger Opel Astra-Fahrer, aus bislang nicht gekl\u00e4rten Gr\u00fcnden, einem auf dem Seitenstreifen stehenden Abschleppwagen auf, welcher zuvor ein Pannenfahrzeug aufgeladen hatte. Der Unfallverursacher selbst als auch die 26-j\u00e4hrige Fahrerin es Pannenfahrzeuges, welche zur Unfallzeit im Abschleppwagen sa\u00df, wurden bei der Kollision nicht unerheblich verletzt. Der Unfallverursacher musste durch eingesetzte Feuerwehrkr\u00e4fte aus dem von ihm gef\u00fchrten und verunfallten Wagen befreit und mit einem angeforderten Rettungshubschrauber in eine Klinik verbracht werden. Die junge Frau wurde ebenfalls zur weiteren Behandlung \/ Versorgung einem Krankenhaus zugef\u00fchrt. Beide verunfallte Fahrzeuge waren durch die Kollision nicht mehr fahrbereit und mussten von der Unfall\u00f6rtlichkeit abgeschleppt werden. Aufgrund des Einsatzes des Rettungshubschraubers und der Verkehrsunfallaufnahme selbst mussten kurzzeitige Fahrbahnsperrungen vorgenommen werden, welche jedoch allesamt seit 12:26 Uhr wieder aufgehoben sind. Der entstandene Sachschaden wird auf ca. 100.000EUR beziffert.<\/p>\n\n\n\n<h2 class=\"wp-block-heading\">(A 5 \/ Sankt Leon-Rot \/ Rhein-Neckar-Kreis) &#8211; Pkw-Brand auf der BAB 5, in H\u00f6he Sankt Leon-Rot<\/h2>\n\n\n\n<p>Aktuell sind Kr\u00e4fte der Feuerwehr und der Polizei bei einem Pkw-Brand auf der BAB 5, zwischen dem Kreuz Walldorf und der AS Kronau, in H\u00f6he Sankt Leon-Rot, eingesetzt. Durch die L\u00f6scharbeiten kann es zu Verkehrsbehinderungen und zu kurzfristigen Fahrbahnsperrungen kommen. Ortskundige Verkehrsteilnehmer werden gebeten, die Strecke weitr\u00e4umig zu umfahren. Es wird nachberichtet.<\/p>\n\n\n\n<h3 class=\"wp-block-heading has-text-align-center\">Pressemeldung Nr. 2<\/h3>\n\n\n\n<p>Am Samstagnachmittag, gegen 17:15 Uhr, kam es vermutlich auf Grund eines technischen Defekts zu einem Fahrzeugbrand auf der BAB 5 in Fahrtrichtung Heidelberg kurz vor dem Autobahnkreuz Walldorf. Bereits beim Eintreffen von Polizei und Feuerwehr befand sich der Audi, auf dem Standstreifen stehend, in Vollbrand. Alle vier Insassen konnten das Fahrzeug rechtzeitig verlassen und blieben unverletzt. Die BAB 5 musste f\u00fcr kurze Zeit auf Grund der Einsatzma\u00dfnahmen in beiden Richtungen gesperrt werden. Der rechte Fahrstreifen in Richtung Heidelberg konnte erst gegen 19:00 Uhr, nach der Bergung des Fahrzeugs, wieder freigegeben werden. Zeitweise bildete sich ein R\u00fcckstau von ca. sechs Kilometern. In Folge der Hitzeentwicklung wurde die Fahrbahnoberfl\u00e4che sowie die Leitplanke leicht besch\u00e4digt. Der Gesamtschaden bel\u00e4uft sich auf ca. 7.500 Euro. Im Einsatz befanden sich eine Streife der Autobahnpolizei Walldorf und die Freiwilligen Feuerwehren aus Wagh\u00e4usel und St. Leon-Rot mit insgesamt sieben Fahrzeugen.<\/p>\n\n\n\n<h2 class=\"wp-block-heading\">(Helmstadt-Bargen \/ Rhein-Neckar-Kreis) &#8211; Unfall unter Drogeneinfluss \/ Vier Personen leicht verletzt<\/h2>\n\n\n\n<p>Ein 19-j\u00e4hriger Opelfahrer befuhr am Samstagmorgen gegen 01:00 Uhr die L530 zwischen Helmstadt und Flinsbach. Mutma\u00dflich auf Grund \u00fcberh\u00f6hter Geschwindigkeit und der Beeinflussung von Bet\u00e4ubungsmitteln kam er von der Fahrbahn ab und kollidierte mit einem Verkehrszeichen. Anschlie\u00dfend kam er im dortigen Stra\u00dfengraben zum Stehen. Der Unfallverursacher, sowie seine drei Mitfahrer, wurden hierbei leicht verletzt. Alle Fahrzeuginsassen wurden durch den Rettungsdienst in umliegende Krankenh\u00e4user gebracht. Ein freiwilliger Drogenvortest ergab bei dem Fahrzeugf\u00fchrer ein positives Ergebnis auf THC. Ein angebotener Atemalkoholtest wurde abgelehnt, hier muss noch das Ergebnis der Blutentnahme abgewartet werden. Der F\u00fchrerschein des 19-J\u00e4hrigen wurde durch die Polizei einbehalten. Der entstandene Gesamtschaden bel\u00e4uft sich auf ca. 7.000 Euro. Das Unfallfahrzeug wurde sichergestellt und musste abgeschleppt werden. Die Unfallaufnahme erfolgte durch das Polizeirevier Sinsheim.<\/p>\n","protected":false},"excerpt":{"rendered":"<div class=\"mh-excerpt\"><p>Polizeimeldungen vom Samstag (03.06.2023) (Speyer) &#8211; Brand einer Schaukel auf Spielplatz In der Nacht vom 02.06.2023 auf den 03.06.2023 geriet, vermutlich gegen 01:00 Uhr, eine Tampenschaukel auf dem Kinderspielplatz &#8222;Am Drachenturm&#8220; in Speyer in Brand. <a class=\"mh-excerpt-more\" href=\"https:\/\/speyer24news.com\/?p=52401\" title=\"Polizeimeldungen Samstag (03.06.2023)\">[&#8230;]<\/a><\/p>\n<\/div>","protected":false},"author":3,"featured_media":26162,"comment_status":"open","ping_status":"open","sticky":false,"template":"","format":"standard","meta":{"_monsterinsights_skip_tracking":false,"_monsterinsights_sitenote_active":false,"_monsterinsights_sitenote_note":"","_monsterinsights_sitenote_category":0,"footnotes":""},"categories":[15659],"tags":[7243,7244,3614,350,14537,15084,15267,14538,15361,15845,702,61,2555,6955,6986,6263,63,105,11150,6987,53,4854,13534,4683,1548,4905,11592,102,13626,213,14325,14324,13553,13541,55,8277,6368],"aioseo_notices":[],"amp_enabled":true,"_links":{"self":[{"href":"https:\/\/speyer24news.com\/index.php?rest_route=\/wp\/v2\/posts\/52401"}],"collection":[{"href":"https:\/\/speyer24news.com\/index.php?rest_route=\/wp\/v2\/posts"}],"about":[{"href":"https:\/\/speyer24news.com\/index.php?rest_route=\/wp\/v2\/types\/post"}],"author":[{"embeddable":true,"href":"https:\/\/speyer24news.com\/index.php?rest_route=\/wp\/v2\/users\/3"}],"replies":[{"embeddable":true,"href":"https:\/\/speyer24news.com\/index.php?rest_route=%2Fwp%2Fv2%2Fcomments&post=52401"}],"version-history":[{"count":2,"href":"https:\/\/speyer24news.com\/index.php?rest_route=\/wp\/v2\/posts\/52401\/revisions"}],"predecessor-version":[{"id":52404,"href":"https:\/\/speyer24news.com\/index.php?rest_route=\/wp\/v2\/posts\/52401\/revisions\/52404"}],"wp:featuredmedia":[{"embeddable":true,"href":"https:\/\/speyer24news.com\/index.php?rest_route=\/wp\/v2\/media\/26162"}],"wp:attachment":[{"href":"https:\/\/speyer24news.com\/index.php?rest_route=%2Fwp%2Fv2%2Fmedia&parent=52401"}],"wp:term":[{"taxonomy":"category","embeddable":true,"href":"https:\/\/speyer24news.com\/index.php?rest_route=%2Fwp%2Fv2%2Fcategories&post=52401"},{"taxonomy":"post_tag","embeddable":true,"href":"https:\/\/speyer24news.com\/index.php?rest_route=%2Fwp%2Fv2%2Ftags&post=52401"}],"curies":[{"name":"wp","href":"https:\/\/api.w.org\/{rel}","templated":true}]}}