{"id":52434,"date":"2023-06-05T09:12:17","date_gmt":"2023-06-05T08:12:17","guid":{"rendered":"https:\/\/speyer24news.com\/?p=52434"},"modified":"2023-06-05T09:12:19","modified_gmt":"2023-06-05T08:12:19","slug":"polizeimeldungen-sonntag-04-06-2023","status":"publish","type":"post","link":"https:\/\/speyer24news.com\/?p=52434","title":{"rendered":"Polizeimeldungen Sonntag (04.06.2023)"},"content":{"rendered":"<style type=\"text\/css\">\r\n\t.ads_top_disp{}\r\n\t.ads_top_corner_disp{ float:left; margin:0px 10px 10px 0px; }\r\n\t.ads_first_p_disp{}\r\n\t.ads_bottom_disp{}\r\n\t<\/style>\n<h2 class=\"wp-block-heading\">Polizeimeldungen vom Sonntag (04.06.2023)<\/h2>\n\n\n<div class=\"wp-block-image\">\n<figure class=\"aligncenter size-full\"><img decoding=\"async\" loading=\"lazy\" width=\"375\" height=\"500\" src=\"https:\/\/speyer24news.com\/wp-content\/uploads\/2022\/03\/Aktuelles-Polizeilogo.jpg\" alt=\"\" class=\"wp-image-43591\" srcset=\"https:\/\/speyer24news.com\/wp-content\/uploads\/2022\/03\/Aktuelles-Polizeilogo.jpg 375w, https:\/\/speyer24news.com\/wp-content\/uploads\/2022\/03\/Aktuelles-Polizeilogo-225x300.jpg 225w\" sizes=\"(max-width: 375px) 100vw, 375px\" \/><\/figure><\/div>\n\n\n<p><\/p>\n\n\n\n<h2 class=\"wp-block-heading\">(Speyer) &#8211; Sachbesch\u00e4digung am Stromkasten<\/h2>\n\n\n\n<p>In der Nacht des 03.06.2023 kam es gegen 23:15 Uhr zu einer Sachbesch\u00e4digung an einem Stromkasten. Ein bisher unbekanntes Ehepaar meldete einem Anwohner in der Burgstra\u00dfe, dass zwei weibliche Jugendlichen gegen den Stromkasten in der Burgstra\u00dfe H\u00f6he der Hausnummer 11 getreten h\u00e4tten. Der Stromkasten wurde sichtlich besch\u00e4digt. Im Umfeld des Stromkastens war kurzzeitig Stromausfall.<\/p>\n\n\n\n<ul>\n<li><strong>Die Polizei bittet nun drum, dass sich das unbekannte P\u00e4rchen, die m\u00f6glicherweise die T\u00e4terinnen beschreiben k\u00f6nnen, mit der Polizei Speyer in Verbindung setzen. Falls Sie sonst Angaben zur Tat oder der T\u00e4terinnen machen k\u00f6nnen, melden Sie dies bei der Polizei.<\/strong><\/li>\n<\/ul>\n\n\n\n<h2 class=\"wp-block-heading\">(Speyer) &#8211; Verkehrsunfall mit verletztem Fu\u00dfg\u00e4nger<\/h2>\n\n\n\n<p>Am 03.06.2023 kam es gegen 17:45 Uhr auf der Spaldinger Stra\u00dfe in Speyer zu einem Verkehrsunfall mit verletztem Fu\u00dfg\u00e4nger. Ersten Erkenntnissen zufolge wollte ein 41-j\u00e4hriger Speyrer die Fahrbahn \u00fcberqueren und \u00fcbersah vermutlich in Folge Unachtsamkeit den dort mit seinem PKW fahrenden 68-j\u00e4hrigen. Der Fu\u00dfg\u00e4nger st\u00fcrzte in Folge des Zusammensto\u00dfes zu Boden erlitt leichte Verletzungen. Er wurde in ein nahegelegenes Krankenhaus verbracht.<\/p>\n\n\n\n<h2 class=\"wp-block-heading\">(Schifferstadt) &#8211; Scheunenbrand in der Burgstra\u00dfe<\/h2>\n\n\n\n<p>Am Samstagabend kam es gegen 23:20 Uhr zu einem Brand einer Scheune in der Burgstra\u00dfe. Hierbei wurde ein Gro\u00dfteil der Scheune durch das Feuer zerst\u00f6rt. Durch die Hitze des Brandes wurde dar\u00fcber hinaus noch die Hausfassade eines angrenzenden Wohnhauses besch\u00e4digt. Der Brand konnte durch die Feuerwehr Schifferstadt gel\u00f6scht werden, verletzt wurde gl\u00fccklicherweise niemand. Die Brandursache, sowie die H\u00f6he des Sachschadens sind bislang unklar, die Kriminalpolizei Ludwigshafen hat ihre Ermittlungen aufgenommen. <\/p>\n\n\n\n<ul>\n<li><strong>Sachdienliche Hinweise nimmt die Kriminalpolizei Ludwigshafen unter 0621-9630 oder jede Polizeidienststelle entgegen.<\/strong><\/li>\n<\/ul>\n\n\n\n<h2 class=\"wp-block-heading\">(Limburgerhof) &#8211; Gef\u00e4hrliche K\u00f6rperverletzung am Erdbeerstand<\/h2>\n\n\n<div class=\"wp-block-image\">\n<figure class=\"aligncenter size-full\"><img decoding=\"async\" loading=\"lazy\" width=\"800\" height=\"533\" src=\"https:\/\/speyer24news.com\/wp-content\/uploads\/2023\/06\/Erdbeeren-Marmelade.jpg\" alt=\"\" class=\"wp-image-52435\" srcset=\"https:\/\/speyer24news.com\/wp-content\/uploads\/2023\/06\/Erdbeeren-Marmelade.jpg 800w, https:\/\/speyer24news.com\/wp-content\/uploads\/2023\/06\/Erdbeeren-Marmelade-300x200.jpg 300w, https:\/\/speyer24news.com\/wp-content\/uploads\/2023\/06\/Erdbeeren-Marmelade-768x512.jpg 768w\" sizes=\"(max-width: 800px) 100vw, 800px\" \/><\/figure><\/div>\n\n\n<p>Opfer eines t\u00e4tlichen Angriffs wurde die Verk\u00e4uferin am Erdbeerstand in der Speyerer Stra\u00dfe in Limburgerhof am Samstag, 03.06.23, gegen 17:50 Uhr. Ein Mann sei erschienen und habe ihr grundlos ein Marmeladenglas aus der Auslage gegen den Kopf geworfen, sodass die 30-j\u00e4hrige Frau aus Limburgerhof leicht verletzt wurde. Der Mann habe hierbei gerufen &#8222;Jetzt bekommt ihr das, was ihr verdient!&#8220; Warum der Mann dies tat, ist unbekannt. Anschlie\u00dfend sei der T\u00e4ter in einen schwarzen Audi mit Germersheimer Kennzeichen gestiegen und davongefahren. <\/p>\n\n\n\n<h4 class=\"wp-block-heading\">Die Gesch\u00e4digte kennt den T\u00e4ter nicht, konnte ihn aber wie folgt beschreiben: <\/h4>\n\n\n\n<ul>\n<li><strong>m\u00e4nnlich<\/strong><\/li>\n\n\n\n<li><strong>ca. 55 Jahre alt<\/strong><\/li>\n\n\n\n<li><strong>ca. 175cm gro\u00df<\/strong><\/li>\n\n\n\n<li><strong>mit kurzen, grauen Haaren <\/strong><\/li>\n\n\n\n<li><strong>normaler Statur<\/strong><\/li>\n\n\n\n<li><strong>Der Mann habe mit Akzent gesprochen.<\/strong><\/li>\n<\/ul>\n\n\n\n<ul>\n<li><strong>Zeugen, die sachdienliche Hinweise geben k\u00f6nnen, werden gebeten, sich mit der Polizeiinspektion Schifferstadt unter 06235 &#8211; 4950 oder\u00a0<a href=\"mailto:%20pischifferstadt@polizei.rlp.de\">pischifferstadt@polizei.rlp.de<\/a>\u00a0in Verbindung zu setzen.<\/strong><\/li>\n<\/ul>\n\n\n\n<h2 class=\"wp-block-heading\">(Altrip) &#8211; Versuchter Einbruchsdiebstahl in Wohnhaus<\/h2>\n\n\n\n<p>In der Schubertstra\u00dfe kam es in der Nacht vom 02.06. auf den 03.06.23 zu einem versuchten Wohnungseinbruch. Unbekannte T\u00e4ter machten sich im r\u00fcckw\u00e4rtigen Bereich des Anwesens an der Terrassent\u00fcr zu schaffen. Gl\u00fccklicherweise hielt diese stand und den T\u00e4tern gelang es nicht ins Haus einzudringen. Die Hebelspuren wurden erst am n\u00e4chsten Tag durch Berechtigte festgestellt. <\/p>\n\n\n\n<ul>\n<li><strong>Zeugen, die sachdienliche Hinweise geben k\u00f6nnen oder verd\u00e4chtige Personen im o.g. Zeitraum beobachtet haben, werden gebeten, sich mit der Polizeiinspektion Schifferstadt unter 06235 &#8211; 4950 oder\u00a0<a href=\"mailto:%20pischifferstadt@polizei.rlp.de\">pischifferstadt@polizei.rlp.de<\/a>\u00a0in Verbindung zu setzen.<\/strong><\/li>\n<\/ul>\n\n\n\n<h2 class=\"wp-block-heading\">(R\u00f6merberg) &#8211; Trickdiebstahl bei Rentnerin<\/h2>\n\n\n<div class=\"wp-block-image\">\n<figure class=\"aligncenter size-full\"><img decoding=\"async\" loading=\"lazy\" width=\"801\" height=\"600\" src=\"https:\/\/speyer24news.com\/wp-content\/uploads\/2020\/05\/Zeugen-gesucht-Neutral.jpg\" alt=\"\" class=\"wp-image-26598\" srcset=\"https:\/\/speyer24news.com\/wp-content\/uploads\/2020\/05\/Zeugen-gesucht-Neutral.jpg 801w, https:\/\/speyer24news.com\/wp-content\/uploads\/2020\/05\/Zeugen-gesucht-Neutral-300x225.jpg 300w, https:\/\/speyer24news.com\/wp-content\/uploads\/2020\/05\/Zeugen-gesucht-Neutral-768x575.jpg 768w, https:\/\/speyer24news.com\/wp-content\/uploads\/2020\/05\/Zeugen-gesucht-Neutral-678x509.jpg 678w, https:\/\/speyer24news.com\/wp-content\/uploads\/2020\/05\/Zeugen-gesucht-Neutral-326x245.jpg 326w, https:\/\/speyer24news.com\/wp-content\/uploads\/2020\/05\/Zeugen-gesucht-Neutral-80x60.jpg 80w\" sizes=\"(max-width: 801px) 100vw, 801px\" \/><\/figure><\/div>\n\n\n<p>Am Freitagmittag gegen 15 Uhr kam es zu einem Trickdiebstahl zum Nachteil einer Rentnerin in R\u00f6merberg. Im Vorfeld klingelte eine unbekannte Frau an einem Mehrfamilienhaues in der Habsburgerstra\u00dfe und verwickelte die Rentnerin sofort in ein Gespr\u00e4ch. Dieses verlagerte sich schnell in die Wohnung der \u00e4lteren Dame. Sie stand dabei in der K\u00fcche und hatte den Wohnungseingang nicht mehr im Blick. Nachdem die unbekannte Frau die Wohnung verlassen hatte, stellte die Rentnerin am n\u00e4chsten Tag fest, dass aus ihrem Schmuckkasten mehrere Ketten und Ringe im Wert von ca. 5000 Euro gestohlen wurde. Es ist daher mit hoher Wahrscheinlichkeit davon auszugehen, dass w\u00e4hrend des Gespr\u00e4ches eine zweite Person in die Wohnung gekommen ist. <\/p>\n\n\n\n<ul>\n<li><strong>Die unbekannte Frau wird beschrieben als ca. 50 Jahre alt, ca. 160 cm gro\u00df, dunkles Haar, etwas korpulenter und hatte ein ungepflegtes \u00e4u\u00dferes Erscheinungsbild. <\/strong><\/li>\n\n\n\n<li><strong>Sie sprach ausschlie\u00dflich gebrochen deutsch. <\/strong><\/li>\n<\/ul>\n\n\n\n<p><strong>Die Polizei warnt an dieser Stelle: <\/strong><\/p>\n\n\n\n<p>Lassen Sie keine Fremden in die Wohnung! Trickdiebe sind erfinderisch und schauspielerisch begabt: Sie t\u00e4uschen eine Notlage vor oder geben sich beispielsweise als Handwerker oder Amtsperson aus, um in die Wohnung ihrer Opfer zu gelangen. Get\u00e4uscht und anschlie\u00dfend bestohlen werden h\u00e4ufig \u00e4ltere Menschen. <\/p>\n\n\n\n<p><strong>Alle bekannten T\u00e4ter-Arbeitsweisen lassen sich auf drei Grundmuster zur\u00fcckf\u00fchren:<\/strong><\/p>\n\n\n\n<ul>\n<li>das Vort\u00e4uschen einer Notlage, die scheinbar eine Hilfeleistung oder Unterst\u00fctzung durch das Opfer in der Wohnung erfordert.<\/li>\n\n\n\n<li>das Vort\u00e4uschen einer offiziellen Funktion, die den T\u00e4ter vermeintlich zum Betreten der Wohnung berechtigt.<\/li>\n\n\n\n<li>das Vort\u00e4uschen einer pers\u00f6nlichen Beziehung zum Opfer, die eine Einladung zum Betreten der Wohnung nahelegt.<\/li>\n<\/ul>\n\n\n\n<h2 class=\"wp-block-heading\">(Germersheim) &#8211; Rollerfahrer ohne Versicherung und F\u00fchrerschein<\/h2>\n\n\n\n<p>Am 4.6.2023 konnte gegen 2 Uhr im Bereich Bahnhofstra\u00dfe in Germersheim durch eine Streife ein Roller festgestellt werden, auf dem sich zwei Personen ohne Helm befanden.<\/p>\n\n\n\n<p>Im Rahmen der durchgef\u00fchrten Kontrolle ergab sich, dass der Roller weder zugelassen noch der Fahrzeugf\u00fchrer im Besitz einer entsprechenden Fahrerlaubnis war. Entsprechende Strafverfahren wurden eingeleitet.<\/p>\n\n\n\n<p>Da zudem die Eigentumsverh\u00e4ltnisse des Rollers nicht vor Ort gekl\u00e4rt werden konnten, wurde dieser sichergestellt.<\/p>\n\n\n\n<h2 class=\"wp-block-heading\">(Kandel) &#8211; Ruhest\u00f6rung ufert aus<\/h2>\n\n\n<div class=\"wp-block-image\">\n<figure class=\"aligncenter size-full\"><img decoding=\"async\" loading=\"lazy\" width=\"800\" height=\"533\" src=\"https:\/\/speyer24news.com\/wp-content\/uploads\/2021\/10\/Festnahme-Handschellen.jpg\" alt=\"\" class=\"wp-image-41224\" srcset=\"https:\/\/speyer24news.com\/wp-content\/uploads\/2021\/10\/Festnahme-Handschellen.jpg 800w, https:\/\/speyer24news.com\/wp-content\/uploads\/2021\/10\/Festnahme-Handschellen-300x200.jpg 300w, https:\/\/speyer24news.com\/wp-content\/uploads\/2021\/10\/Festnahme-Handschellen-768x512.jpg 768w\" sizes=\"(max-width: 800px) 100vw, 800px\" \/><figcaption class=\"wp-element-caption\">Beispielbild Handschelle \/ Verhaftung, dient lediglich der Visualisierung<\/figcaption><\/figure><\/div>\n\n\n<p>Am Samstagabend wurde in der Bahnhofstra\u00dfe in Kandel eine Ruhest\u00f6rung durch laute Musik gemeldet. Durch die Polizei wurde die Partygesellschaft zur Ruhe ermahnt, welche zun\u00e4chst auch eingehalten wurde. Kurze Zeit sp\u00e4ter wurde an der gleichen Adresse eine wechselseitige K\u00f6rperverletzung gemeldet. Offensichtlich wurde es nochmals lauter, weshalb sich ein Nachbar bei den Feiernden beschwerte. Hierbei kam es zwischen dem 75-j\u00e4hrigen Nachbarn und dem 22-j\u00e4hrigen Mieter der Wohnung zum handfesten Streit. Die Kontrahenten beschuldigten sich gegenseitig, vom jeweils anderen ins Gesicht geschlagen worden zu sein. Bei der Anzeigenaufnahme vor Ort wurde der j\u00fcngere Mann gegen\u00fcber den Beamten aggressiv und wollte letztendlich fl\u00fcchten, weshalb er festgehalten und gefesselt werden musste. Hierbei leistete er gegen die eingesetzten Beamten Widerstand. Da der Mann stark alkoholisiert war, wurde ihm eine Blutprobe entnommen.<\/p>\n\n\n\n<h2 class=\"wp-block-heading\">(L 548 \/ Winden) &#8211; T\u00f6dlicher Motorradunfall<\/h2>\n\n\n<div class=\"wp-block-image\">\n<figure class=\"aligncenter size-full\"><img decoding=\"async\" loading=\"lazy\" width=\"800\" height=\"533\" src=\"https:\/\/speyer24news.com\/wp-content\/uploads\/2021\/01\/Ruhe-in-Frieden.jpg\" alt=\"\" class=\"wp-image-32361\" srcset=\"https:\/\/speyer24news.com\/wp-content\/uploads\/2021\/01\/Ruhe-in-Frieden.jpg 800w, https:\/\/speyer24news.com\/wp-content\/uploads\/2021\/01\/Ruhe-in-Frieden-300x200.jpg 300w, https:\/\/speyer24news.com\/wp-content\/uploads\/2021\/01\/Ruhe-in-Frieden-768x512.jpg 768w\" sizes=\"(max-width: 800px) 100vw, 800px\" \/><\/figure><\/div>\n\n\n<p>Am Sonntagmorgen, kurz vor 11 Uhr, meldeten Feldarbeiter \u00fcber die Integrierte Leitstelle ein neben der L 548 liegendes Motorrad und daneben zwei m\u00e4nnliche Personen. Der Auffindeort liegt etwa 700m vor Winden aus Richtung Minderslachen kommend. Eine Person war bereits offensichtlich schon l\u00e4nger tot, die zweite Person war schwerstverletzt und nicht ansprechbar. Aufgrund der Auffindesituation und der Spurenlage muss davon ausgegangen werden, dass der Verkehrsunfall bereits in den fr\u00fchen Morgenstunden passierte und wegen des hohen Grases neben der Stra\u00dfe nicht schon fr\u00fcher entdeckt wurde. Wie sich das Ungl\u00fcck zugetragen hat, ist bislang unklar, weshalb auch ein Gutachter eingeschaltet wurde. Es liegen derzeit keine Hinweise auf weitere Unfallbeteiligte vor. Ebenso ist noch unklar, wer das Motorrad gefahren hat. Bei den Personen handelt es sich um einen 16- und einen 17-J\u00e4hrigen aus dem S\u00fcdkreis.<\/p>\n\n\n\n<h2 class=\"wp-block-heading\">(Landau) &#8211; Mit Verkehrsinsel kollidiert und abgehauen<\/h2>\n\n\n\n<p>Am Samstag kam es in Landau, im Zeitraum von 14:00 Uhr bis 17:00 Uhr, im Westring, zu einem Verkehrsunfall bei dem durch einen bislang unbekannten Unfallverursacher ein Verkehrsschild an einem dortigen Fu\u00dfg\u00e4nger\u00fcberweg besch\u00e4digt wurde.<\/p>\n\n\n\n<ul>\n<li><strong>Anschlie\u00dfend entfernte sich der Unfallverursacher unerlaubt der Unfall\u00f6rtlichkeit. Die Polizei Landau sucht in diesem Zusammenhang Zeugen des Verkehrsunfalles. Sachdienliche Hinweise richten sie bitte an die Polizeiinspektion Landau unter 06341 2870 oder per E-Mail unter\u00a0<a href=\"mailto:%20pilandau@polizei.rlp.de\">pilandau@polizei.rlp.de<\/a>.<\/strong><\/li>\n<\/ul>\n\n\n\n<h2 class=\"wp-block-heading\">(Landau) &#8211; Verkehrsunfall unter dem Einfluss von Alkohol<\/h2>\n\n\n\n<p>In der Nacht von Freitag auf Samstag (02.06.2023 &#8211; 03.06.2023) meldete sich gegen 00:30 Uhr ein aufmerksamer Zeuge bei der Polizeiinspektion in Landau und gab an soeben einen Verkehrsunfall auf einem Parkplatz in der Wei\u00dfquartierstra\u00dfe in Landau beobachtet zu haben.<\/p>\n\n\n\n<p>Der Unfallfl\u00fcchtige Fahrzeugf\u00fchrer konnte sodann im Rahmen von Fahndungsma\u00dfnahmen festgestellt und noch vor erreichen seiner Wohnanschrift einer Kontrolle unterzogen werden. Grund des unerlaubten Entfernens von der Unfall\u00f6rtlichkeit d\u00fcrfte mitunter der vorangegangene Alkoholkonsum des Fahrers gewesen sein.<\/p>\n\n\n\n<p>Dem Unfallverursacher wurde in dessen Folge eine Blutprobe auf hiesiger Polizeidienststelle durch einen Arzt entnommen. Dar\u00fcber hinaus wurde auch der F\u00fchrerschein polizeilich sichergestellt.<\/p>\n\n\n\n<h2 class=\"wp-block-heading\">(Landau) &#8211; Verkehrsunfallzeugen gesucht<\/h2>\n\n\n\n<p>Am Freitag, den 02.06.2023, kam es auf der K12, von Landau aus kommend in Fahrtrichtung Landau-Godramstein, zu einem Verkehrsunfall zwischen zwei beteiligten Fahrzeugen.<\/p>\n\n\n\n<p>Vorliegend wollte eine Verkehrsunfallbeteiligte mit ihrem Fahrzeug nach links in einen dort befindlichen Wirtschaftsweg einbiegen &#8211; hierbei \u00fcbersah die abbiegende Verkehrsteilnehmerin jedoch ein von hinten \u00fcberholendes Fahrzeug, sodass es schlie\u00dflich zum Zusammensto\u00df der beiden Fahrzeuge kam.<\/p>\n\n\n\n<ul>\n<li><strong>Die Polizeiinspektion Landau sucht in diesem Zusammenhang nach einem Verkehrsunfallzeugen, welcher sich zum Unfallzeitpunkt unmittelbar mit seinem Fahrzeug hinter dem abbiegenden Fahrzeug befunden haben muss und somit m\u00f6glicherweise Angaben zum Unfallgeschehen t\u00e4tigen kann.<\/strong><\/li>\n<\/ul>\n\n\n\n<h2 class=\"wp-block-heading\">(Annweiler am Trifels) &#8211; Verkehrsunfall unter Alkoholeinfluss auf der B48<\/h2>\n\n\n\n<p>Am Samstag, den 03.06.2023, kam es gegen 18:15 Uhr zu einem Verkehrsunfall auf der B48, von Annweiler aus kommend, in Fahrtrichtung Wernersberg. Vorliegend geriet eine 70-j\u00e4hrige Unfallverursacherin aus zun\u00e4chst ungekl\u00e4rter Ursache nach links in den Gegenverkehr und verunfallte dort mit einem ihr entgegenkommenden Fahrzeug.<\/p>\n\n\n\n<p>Nach dem Zusammensto\u00df entfernte sich die Unfallverursacherin unerlaubt der Unfall\u00f6rtlichkeit und konnte im Weiteren durch eine eingesetzte Streife an ihrer Wohnanschrift angetroffen werden. Im Rahmen der Verkehrsunfallaufnahme konnte sodann festgestellt werden, dass die Unfallverursacherin offensichtlich unter dem Einfluss von Alkohol zu stehen schien.<\/p>\n\n\n\n<p>Ein freiwillig durchgef\u00fchrter Atemalkoholtest ergab schlie\u00dflich eine Atemalkoholkonzentration von \u00fcber 2 Promille &#8211; der Unfallverursacherin wurde folglich eine Blutprobe entnommen. Zudem wurde auch ihr F\u00fchrerschein der einbehalten.<\/p>\n\n\n\n<p>Der entgegenkommende Fahrzeugf\u00fchrer wurde durch den Verkehrsunfall verletzt und musste zur medizinischen Versorgung in ein nahegelegenes Krankenhaus verbracht werden.<\/p>\n\n\n\n<h2 class=\"wp-block-heading\">(Neustadt) &#8211; Fahrrad unter Alkoholeinfluss gef\u00fchrt<\/h2>\n\n\n\n<p>Am 04.06.2023 um 04:30 Uhr konnte in der Winzinger Stra\u00dfe in 67433 Neustadt\/W. ein 46-J\u00e4hriger mit seinem Fahrrad einer anlassunabh\u00e4ngigen Verkehrskontrolle unterzogen werden. Im Rahmen der \u00dcberpr\u00fcfung der Verkehrst\u00fcchtigkeit konnte bei dem Radfahrer starker Atemalkoholgeruch wahrgenommen werden. Ein Vortest ergab eine Atemalkoholkonzentration von 1,88 Promille, weshalb der Mann aus Neustadt eine Blutprobe abgeben musste. Der Schl\u00fcssel des Fahrradschlosses wurde sichergestellt. Nun kommt auf den Neustadter ein Strafverfahren wegen der Trunkenheitsfahrt zu. Au\u00dferdem wird die zust\u00e4ndige F\u00fchrerscheinstelle \u00fcber den Vorfall in Kenntnis gesetzt.<\/p>\n\n\n\n<h2 class=\"wp-block-heading\">(Neustadt) &#8211; Verkehrsunfall endet mit schweren Verletzungen und mehreren Anzeigen<\/h2>\n\n\n\n<p>Am 04.06.2023 um 01:06 Uhr kam es auf der Kreuzung Karl-Helfferich-Stra\u00dfe\/ Konrad-Adenauer-Stra\u00dfe in 67433 Neustadt\/W. zu einem Verkehrsunfalls zwischen einem PKW und einem E-Scooter. Nach derzeitigem Ermittlungsstand querte der 40-j\u00e4hrige E-Scooter-Fahrer die Kreuzung von der Konrad-Adenauer-Stra\u00dfe kommend geradeaus, ohne den bevorrechtigten 64-j\u00e4hrigen PKW-Fahrer passieren lassen. Im Kreuzungsbereich kam es zum Zusammensto\u00df der beiden Beteiligten. Im Rahmen der Unfallaufnahme konnte festgestellt werden, dass der 40-J\u00e4rhige unter dem Einfluss von Bet\u00e4ubungsmittel steht. Ein Vortest reagierte positiv auf die Stoffgruppen Kokain, Amfetamin und Metamfetamin. Ferner war dessen E-Scooter nicht versichert und erreichte eine Geschwindigkeit von \u00fcber 30 km\/h. Einen F\u00fchrerschein konnte der Mann hierf\u00fcr nicht vorlegen. Der E-Scooter wurde letztlich sichergestellt. Der Fahrer des E-Scooter erlitt teils schwere Verletzungen in Form einer gebrochenen Schulter. Dieser musste in ein Krankenhaus eingeliefert werden. Bei dem PKW-Fahrer konnte Atemalkoholgeruch festgestellt werden. Ein Vortest ergab einen Wert von 0,35 Promille. Aufgrund dieser Tatsachen wurden beiden Beteiligten eine Blutprobe entnommen.<\/p>\n\n\n\n<ul>\n<li><strong>Zeugen, welche Angaben zum Unfallhergang machen k\u00f6nnen, werden gebeten, sich mit der Polizei Neustadt\/W. in Verbindung zu setzen.<\/strong><\/li>\n<\/ul>\n\n\n\n<h2 class=\"wp-block-heading\">(Neustadt) &#8211; Mit gestohlenem Kleinkraftrad unterwegs&#8230;<\/h2>\n\n\n\n<p>&#8230; war am 03.06.2023 um 23:00 Uhr ein 16-J\u00e4hriger aus Neustadt\/W. in der Adolf-Kolping-Stra\u00dfe in 67433 Neustadt\/W., als er einer Verkehrskontrolle unterzogen wurde. Im Rahmen der Kontrolle stellte sich n\u00e4mlich heraus, dass das Kleinkraftrad im letzten Jahr durch einen Diebstahl abhandengekommen war. Der 16-J\u00e4hrige, welcher nicht Halter des Fahrzeuges war, wurde schlie\u00dflich durch einen Erziehungsberechtigten vor Ort abgeholt. Nun erwarten den Fahrer, sowie den 18-j\u00e4hrigen Halter, welcher ein Bekannter des Fahrers war, jeweils Strafverfahren.<\/p>\n\n\n\n<h2 class=\"wp-block-heading\">(Ha\u00dfloch) &#8211; Vermutlicher Bolzenpfeilschuss auf Wildgans<\/h2>\n\n\n<div class=\"wp-block-image\">\n<figure class=\"aligncenter size-full\"><img decoding=\"async\" loading=\"lazy\" width=\"800\" height=\"604\" src=\"https:\/\/speyer24news.com\/wp-content\/uploads\/2023\/06\/513011040620231836verletzteGans.jpg\" alt=\"\" class=\"wp-image-52436\" srcset=\"https:\/\/speyer24news.com\/wp-content\/uploads\/2023\/06\/513011040620231836verletzteGans.jpg 800w, https:\/\/speyer24news.com\/wp-content\/uploads\/2023\/06\/513011040620231836verletzteGans-300x227.jpg 300w, https:\/\/speyer24news.com\/wp-content\/uploads\/2023\/06\/513011040620231836verletzteGans-768x580.jpg 768w, https:\/\/speyer24news.com\/wp-content\/uploads\/2023\/06\/513011040620231836verletzteGans-326x245.jpg 326w, https:\/\/speyer24news.com\/wp-content\/uploads\/2023\/06\/513011040620231836verletzteGans-80x60.jpg 80w\" sizes=\"(max-width: 800px) 100vw, 800px\" \/><\/figure><\/div>\n\n\n<p>Am 04.06.23, gegen 12:30 Uhr, teilt eine hier namentlich bekannte Person der Polizei in Ha\u00dfloch mit, dass er am Ha\u00dflocher &#8222;Wehlachweiher&#8220; eine Kanada-Gans gesichtet habe, bei welcher vermutlich ein Pfeilbolzen im Hals stecken w\u00fcrde. Bei dem verletzten aber noch lebendigem Tier, habe er ca. 10 begleitende Jungg\u00e4nse gez\u00e4hlt. Die \u00d6rtlichkeit wurde gemeinsam mit einer Mitarbeiterin des Tierschutzverein Ha\u00dfloch und der freiwilligen Feuerwehr Ha\u00dfloch aufgesucht. Da sich die Gans und die Jungg\u00e4nse zwischenzeitlich aus dem Sichtbereich des Mitteilers bewegten, konnte das\/die Tiere bis zum Berichtszeitpunkt nicht mehr festgestellt werden. Ihm gelang jedoch zuvor eine Bildaufnahme der Gans, bei welcher der Pfeil, im Hals steckend, sichtbar ist. Bei der Suche, setzte die FFW Ha\u00dfloch ihre Drohne ein. Ein Mitglied des dort ans\u00e4ssigen Fischervereins befand sich ebenfalls vor Ort und wolle die Vereinsmitglieder hinsichtlich der Sichtung sensibilisieren.<\/p>\n\n\n\n<p>Eine strafrechtliche Ermittlung, aufgrund &#8222;Versto\u00df gegen das Tierschutzgesetz&#8220;, wurde eingeleitet.<\/p>\n\n\n\n<p>Bei Sichtung des verletzen Tieres und\/oder Hinweise auf den T\u00e4ter, bittet die Polizei und Benachrichtigung.<\/p>\n\n\n\n<h3 class=\"wp-block-heading has-text-align-center\">Nachtrag zur Pfeilschussabgabe auf eine Gans am Ha\u00dflocher Wehlachweiher<\/h3>\n\n\n\n<p>Wie die Feuerwehr Ha\u00dfloch am 04.06.23, gegen 22 Uhr, hier mitteilt, konnte die verletzte Gans im Verlaufe des sp\u00e4ten Abends gesichtet und eingefangen werden. Das noch lebende Tier wurde dem Tierschutzverein Ha\u00dfloch \u00fcbergeben, wobei die Behandlung durch eine spezialisierte Tier\u00e4rztin erfolge. Das betreffende Bolzengeschoss, welches vermutlich durch eine Armbrust verschossen wurde, konnte gesichert werden.<\/p>\n\n\n\n<p>Die Polizeiinspektion Ha\u00dfloch bedankt sich bei allen Helfern f\u00fcr ihren pers\u00f6nlichen Einsatz!<\/p>\n\n\n\n<h2 class=\"wp-block-heading\">(Ellerstadt) &#8211; Brand einer Gartenanlage \/ Verdacht der fahrl\u00e4ssigen Brandstiftung<\/h2>\n\n\n\n<p>Am 03.06.2023, gegen 23:15 Uhr wurde die Polizeiinspektion Bad D\u00fcrkheim \u00fcber eine Rauchentwicklung im Bereich der L 526 in Ellerstadt informiert. Vor Ort konnte durch die bereits eingetroffene Feuerwehr der Brandherd lokalisiert und beseitigt werden. Bei der \u00d6rtlichkeit handelt es sich um eine Gartenanlage, wobei eine ca. 10m\u00b2 gro\u00dfe Grasfl\u00e4che, sowie zwei B\u00e4ume durch das Feuer besch\u00e4digt wurden. Ersten Ermittlungen zufolge d\u00fcrfte es sich bei der Brandursache um weggeworfene Zigaretten gehandelt haben. Die Feuerwehr war mit 34 Personen und 6 Fahrzeugen im Einsatz.<\/p>\n\n\n\n<ul>\n<li><strong>Hinweise bitte an die Polizeiinspektion Bad D\u00fcrkheim, Tel. 06322\/963-0, oder\u00a0<a href=\"mailto:%20pibadduerkheim@polizei.rlp.de\">pibadduerkheim@polizei.rlp.de<\/a>.<\/strong><\/li>\n<\/ul>\n\n\n\n<h2 class=\"wp-block-heading\">(Lambsheim) &#8211; Verkehrsunfall mit verletztem Motorradfahrer \/ Zeugen gesucht<\/h2>\n\n\n\n<p>Am 03.06.2023, gegen 19:50 Uhr, wurde der Polizei Frankenthal ein Verkehrsunfall mit verletzter Person auf der K2 in Lambsheim gemeldet. Ein 28-j\u00e4hriger PKW-Fahrer befuhr die Stra\u00dfe &#8222;Nachtweide&#8220;, vom Lambsheimer Weiher kommend in Fahrtrichtung K2. An der Einm\u00fcndung zur K2 kollidierte dieser mit dem von links kommenden 35-j\u00e4hrigen Motorradfahrer. In Folge der Kollision st\u00fcrzte der Motorradfahrer und wurde hierbei schwer verletzt. Beide beteiligten Fahrzeuge mussten abgeschleppt werden. Der Gesamtschaden bel\u00e4uft sich auf ca. 10 000EUR. Die K2 wurde f\u00fcr den Zeitraum der Verkehrsunfallaufnahme gesperrt.<\/p>\n\n\n\n<ul>\n<li><strong>Zeugen werden gebeten sich an die Polizeiinspektion Frankenthal unter der Tel.-Nr.: 06233\/313-0 oder an die Polizeiwache Maxdorf unter der Tel.-Nr.: 06237\/934-1100 zu wenden. Gerne nehmen wir Ihre Hinweise auch per E-Mail unter\u00a0<a href=\"mailto:%20pifrankenthal@polizei.rlp.de\">pifrankenthal@polizei.rlp.de<\/a>\u00a0entgegen.<\/strong><\/li>\n<\/ul>\n\n\n\n<h2 class=\"wp-block-heading\">(Frankenthal) &#8211; Verkehrsunfall unter Alkoholeinfluss verursacht und vom Unfallort gefl\u00fcchtet<\/h2>\n\n\n\n<p>Am 03.06.2023, kurz nach 22:00 Uhr, wurde der Polizei Frankenthal durch aufmerksame Zeugen ein Verkehrsunfall mit Flucht in der Lucas-Cranach-Stra\u00dfe in Frankenthal gemeldet. Der Fahrer eines schwarzen BMW kollidierte beim Einparken mit einem ebenfalls geparkten PKW und entfernte sich im Anschluss zu Fu\u00df von der Unfall\u00f6rtlichkeit. Der 61-j\u00e4hrige Beschuldigte konnte durch die Polizei an seiner Wohnanschrift in Frankenthal angetroffen werden. Ein freiwillig durchgef\u00fchrter Atemalkoholtest bei dem Fahrer ergab einen Wert von 1,94 Promille. Dem 61-J\u00e4hrien wurde eine Blutprobe entnommen und sein F\u00fchrerschein sichergestellt. Ein Strafverfahren wegen Gef\u00e4hrdung des Stra\u00dfenverkehrs und Verkehrsunfallflucht wurde eingeleitet. Der Gesamtschaden bel\u00e4uft sich auf ca. 2000EUR.<\/p>\n\n\n\n<h2 class=\"wp-block-heading\">(Ludwigshafen) &#8211; Gef\u00e4hrliche K\u00f6rperverletzung mit Eisenstange<\/h2>\n\n\n<div class=\"wp-block-image\">\n<figure class=\"aligncenter size-full\"><img decoding=\"async\" loading=\"lazy\" width=\"801\" height=\"600\" src=\"https:\/\/speyer24news.com\/wp-content\/uploads\/2020\/05\/Zeugen-gesucht-Neutral.jpg\" alt=\"\" class=\"wp-image-26598\" srcset=\"https:\/\/speyer24news.com\/wp-content\/uploads\/2020\/05\/Zeugen-gesucht-Neutral.jpg 801w, https:\/\/speyer24news.com\/wp-content\/uploads\/2020\/05\/Zeugen-gesucht-Neutral-300x225.jpg 300w, https:\/\/speyer24news.com\/wp-content\/uploads\/2020\/05\/Zeugen-gesucht-Neutral-768x575.jpg 768w, https:\/\/speyer24news.com\/wp-content\/uploads\/2020\/05\/Zeugen-gesucht-Neutral-678x509.jpg 678w, https:\/\/speyer24news.com\/wp-content\/uploads\/2020\/05\/Zeugen-gesucht-Neutral-326x245.jpg 326w, https:\/\/speyer24news.com\/wp-content\/uploads\/2020\/05\/Zeugen-gesucht-Neutral-80x60.jpg 80w\" sizes=\"(max-width: 801px) 100vw, 801px\" \/><\/figure><\/div>\n\n\n<p>Am Sonntag, dem 04.06.2023, wurde ein 20-J\u00e4hriger in einem Caf\u00e9 in der Bahnhofstra\u00dfe in Ludwigshafen am Rhein von insgesamt drei unbekannten T\u00e4tern angegriffen. Einer der T\u00e4ter verletzte den Gesch\u00e4digten mit einer Eisenstange, so dass dieser zur weiteren medizinischen Behandlung in ein nahegelegenes Krankenhaus verbracht werden musste. Neben dem 20-j\u00e4hrigen Gesch\u00e4digten konnte sp\u00e4ter ein weiterer 38-j\u00e4hriger verletzter Mann angetroffen werden, welcher auch von dem unbekannten T\u00e4ter mit der Eisenstange angegriffen wurde.<\/p>\n\n\n\n<h4 class=\"wp-block-heading\">Der unbekannte T\u00e4ter mit der Eisenstange wird wie folgt beschrieben:<\/h4>\n\n\n\n<ul>\n<li><strong>ca. 175-180 cm gro\u00df<\/strong><\/li>\n\n\n\n<li><strong>korpulente Statur<\/strong><\/li>\n\n\n\n<li><strong>Die beiden Begleiter des unbekannten T\u00e4ters waren \u00e4hnlich gro\u00df und von schlanker Statur.<\/strong><\/li>\n<\/ul>\n\n\n\n<ul>\n<li><strong>Eine Strafanzeige wegen gef\u00e4hrlicher K\u00f6rperverletzung wurde aufgenommen. Weitere Ermittlungen folgen. M\u00f6gliche Zeugen werden gebeten, sich unter der Telefonnummer 0621 \/ 963-2122 oder per E-Mail (<a href=\"mailto:piludwigshafen1@polizei.rlp.de\">piludwigshafen1@polizei.rlp.de<\/a>) an die Polizeiinspektion Ludwigshafen 1 zu wenden.<\/strong><\/li>\n<\/ul>\n\n\n\n<h2 class=\"wp-block-heading\">(Ludwigshafen) &#8211; Verkehrsunfall im Kreuzungsbereich unter Alkoholeinfluss<\/h2>\n\n\n\n<p>Am Sonntag, dem 04.06.2023 Uhr befuhr der 37-j\u00e4hrige Unfallverursacher gegen 04:20 Uhr die Pasadenaallee in Fahrtrichtung Heinigstra\u00dfe. An der Kreuzung Heinigstra\u00dfe \/ Pasadenaallee nahm der Unfallverursacher einem anderen Fahrzeug die Vorfahrt, wodurch es zum Zusammensto\u00df kam. Bei der Unfallaufnahme konnten die Beamten vor Ort starken Alkoholgeruch beim Unfallverursacher wahrnehmen. Ein Atemalkoholtest ergab einen Wert von 2,44 Promille. Der Unfallverursacher wurde zur Dienststelle verbracht, wo ihm eine Blutprobe entnommen und sein F\u00fchrerschein sichergestellt wurde.<\/p>\n\n\n\n<ul>\n<li><strong>Eine Strafanzeige wegen Gef\u00e4hrdung des Stra\u00dfenverkehrs wurde aufgenommen. Weitere Ermittlungen folgen. M\u00f6gliche Zeugen werden gebeten, sich unter der Telefonnummer 0621 \/ 963-2122 oder per E-Mail (<a href=\"mailto:piludwigshafen1@polizei.rlp.de\">piludwigshafen1@polizei.rlp.de<\/a>) an die Polizeiinspektion Ludwigshafen 1 zu wenden.<\/strong><\/li>\n<\/ul>\n\n\n\n<h2 class=\"wp-block-heading\">(Ludwigshafen) &#8211; Brennende Gr\u00fcnfl\u00e4che<\/h2>\n\n\n\n<p>Am Samstagabend des 03.06.2023 brannte eine Gr\u00fcnfl\u00e4che von circa 30 Metern am Bremmenweg. Das Feuer setze dort zudem einen Baum in Brand. Der Brand konnte durch die Feuerwehr gel\u00f6scht werden. Zum jetzigen Zeitpunkt ist davon auszugehen, dass das Feuer nicht vors\u00e4tzlich gelegt wurde. Die genaue Brandursache ist unbekannt.<\/p>\n\n\n\n<h2 class=\"wp-block-heading\">(Ludwigshafen) &#8211; Beziehungsstreit eskaliert<\/h2>\n\n\n<div class=\"wp-block-image\">\n<figure class=\"aligncenter size-full\"><img decoding=\"async\" loading=\"lazy\" width=\"500\" height=\"751\" src=\"https:\/\/speyer24news.com\/wp-content\/uploads\/2020\/03\/05.03.2020-LU-haeusliche-gewalt.jpg\" alt=\"\" class=\"wp-image-25739\" srcset=\"https:\/\/speyer24news.com\/wp-content\/uploads\/2020\/03\/05.03.2020-LU-haeusliche-gewalt.jpg 500w, https:\/\/speyer24news.com\/wp-content\/uploads\/2020\/03\/05.03.2020-LU-haeusliche-gewalt-200x300.jpg 200w\" sizes=\"(max-width: 500px) 100vw, 500px\" \/><figcaption class=\"wp-element-caption\">Beispielfoto H\u00e4usliche Gewalt, dient lediglich der Visualisierung. Foto: www.polizei-beratung.de<\/figcaption><\/figure><\/div>\n\n\n<p>Am Samstagmittag eskalierte gegen 16:20 Uhr in Friesenheim ein Streit zwischen einem 19-j\u00e4hrigen Mann und dessen 30-j\u00e4hriger Partnerin. Der Mann bedrohte die Frau mit einem K\u00fcchenmesser, weshalb er durch die Polizei f\u00fcr 10 Tage der Wohnung verwiesen wurde. Ihn erwartet nun eine Strafanzeige wegen Bedrohung.<\/p>\n\n\n\n<h2 class=\"wp-block-heading\">(Ludwigshafen) &#8211; Fahrzeugf\u00fchrer unter dem Einfluss von THC<\/h2>\n\n\n\n<p>Unter dem Einfluss von Drogen war am 03.06.2023, um 15:50 Uhr, ein 21-J\u00e4hriger mit seinem VW Golf unterwegs. Das Fahrzeug wurde von Beamten der Polizeiautobahnstation Ruchheim auf der A61, auf dem Parkplatz &#8222;Bobelach&#8220;, einer Verkehrskontrolle unterzogen. Hierbei zeigte der Fahrer deutliche Auffallerscheinungen auf eine m\u00f6gliche Drogenbeeinflussung. Ein Drogenschnelltest best\u00e4tigte den Verdacht, der Mann stand unter dem Einfluss von THC.<\/p>\n\n\n\n<p>Dem 21-J\u00e4hrigen wurde im Anschluss auf der Dienststelle eine Blutprobe entnommen. Gegen ihn wurde ein Ermittlungsverfahren wegen Trunkenheit im Stra\u00dfenverkehr sowie dem Versto\u00df gegen das Bet\u00e4ubungsmittelgesetz eingeleitet.<\/p>\n\n\n\n<h2 class=\"wp-block-heading\">(Ludwigshafen) &#8211; Handtaschenraub am Rheinufer<\/h2>\n\n\n\n<p>Am Samstag, dem 03.06.2023, gegen 10:00 Uhr spazierte die 18-j\u00e4hrige Gesch\u00e4digte mit einem 20-j\u00e4hrigen Bekannten am Rheinufer in Ludwigshafen am Rhein. Eine unbekannte m\u00e4nnliche Person lief hinter der Gesch\u00e4digten vorbei und riss dieser pl\u00f6tzlich die Handtasche von der Schulter. Nach einer kurzen Verfolgung verlor man den unbekannten T\u00e4ter aus den Augen. Die Gesch\u00e4digte wurde durch die Tat nicht verletzt. Der Schaden bel\u00e4uft sich auf etwa 200,- Euro.<\/p>\n\n\n\n<h4 class=\"wp-block-heading\">Der unbekannte T\u00e4ter wird wie folgt beschrieben:<\/h4>\n\n\n\n<ul>\n<li><strong>m\u00e4nnlich<\/strong><\/li>\n\n\n\n<li><strong>schwarze Hose<\/strong><\/li>\n\n\n\n<li><strong>schwarzer Pullover mit Kapuze<\/strong><\/li>\n\n\n\n<li><strong>ungepflegter l\u00e4ngerer Bart<\/strong><\/li>\n<\/ul>\n\n\n\n<ul>\n<li><strong>M\u00f6gliche Zeugen werden gebeten, sich unter der Telefonnummer 0621 \/ 963-2122 oder per E-Mail (<a href=\"mailto:piludwigshafen1@polizei.rlp.de\">piludwigshafen1@polizei.rlp.de<\/a>) an die Polizeiinspektion Ludwigshafen 1 zu wenden.<\/strong><\/li>\n<\/ul>\n\n\n\n<h2 class=\"wp-block-heading\">(Ludwigshafen) &#8211; Einbruchsdiebstahl in Buden-Landschaft<\/h2>\n\n\n\n<p>In der Nacht von Freitag, dem 02.06.2023, auf Samstag, dem 03.06.2023, wurde erneut in die Buden-Landschaft auf dem Platz der Deutschen Einheit bei der Rhein-Galerie in Ludwigshafen am Rhein eingebrochen. Hierbei entwendeten die bisher unbekannten T\u00e4ter Ware im Gesamtwert von 750,- Euro. Zudem entstand an den Buden ein Sachschaden von etwa 250,- Euro.<\/p>\n\n\n\n<ul>\n<li><strong>Eine Strafanzeige wegen Einbruchsdiebstahl wurde aufgenommen. Weitere Ermittlungen folgen. M\u00f6gliche Zeugen werden gebeten, sich unter der Telefonnummer 0621 \/ 963-2122 oder per E-Mail (<a href=\"mailto:piludwigshafen1@polizei.rlp.de\">piludwigshafen1@polizei.rlp.de<\/a>) an die Polizeiinspektion Ludwigshafen 1 zu wenden.<\/strong><\/li>\n<\/ul>\n\n\n\n<h2 class=\"wp-block-heading\">(Mannheim) &#8211; Brand in der Collinistra\u00dfe<\/h2>\n\n\n\n<p>In der Mannheimer Collinistra\u00dfe kam es am Sonntag gegen 11.25 Uhr zum Ausbruch eines Feuers im Keller eines Mehrfamilienhauses. Feuerwehr und Polizei sind derzeit vor Ort im Einsatz. Bislang gibt es keine Hinweise auf Verletzte. Die Collinistra\u00dfe ist derzeit f\u00fcr den Fahrzeugverkehr gesperrt.<\/p>\n\n\n\n<h3 class=\"wp-block-heading has-text-align-center\">Pressemeldung Nr. 2<\/h3>\n\n\n\n<p>In der Mannheimer Collinistra\u00dfe kam es gegen 11.25 Uhr zum Ausbruch eines Feuers im Keller eines Mehrfamilienhauses. Aufgrund des Brandes und der L\u00f6scharbeiten ist das ein-Zimmer Appartement derzeit nicht bewohnbar. Die Brandursache sowie die genaue Schadensh\u00f6he k\u00f6nnen bisher nicht benannt werden. Die Ermittlungen in der Sache dauern derzeit noch an. Gl\u00fccklicherweise kam es zu keinen verletzten Personen. Nachdem das Haus durch die Feuerwehr gel\u00fcftet worden war, konnten alle anderen Anwohner wieder in ihre Wohnung zur\u00fcckkehren.<\/p>\n\n\n\n<h2 class=\"wp-block-heading\">(Mannheim-Oststadt) &#8211; Schildkr\u00f6te auf der Tartanbahn<\/h2>\n\n\n\n<p>Am Samstagmittag gegen 11:00 Uhr wurde auf der Tartanbahn im Bereich der Sportanlagen des unteren Luisenparks eine ca. 30 cm gro\u00dfe Schildkr\u00f6te festgestellt werden. Die &#8222;Lauf\u00fcbungen&#8220; bzw. der &#8222;Fluchtversuch&#8220; war nur von kurzer Dauer. Eine Streife des Polizeirevier Mannheim-Oststadt nahm die Verfolgung auf, stellte den Ausrei\u00dfer und brachte ihn zur\u00fcck in den Luisenpark, wo die Schildkr\u00f6te an das fachkundige Pflegepersonal \u00fcbergeben wurde.<\/p>\n\n\n\n<h2 class=\"wp-block-heading\">(Heidelberg) &#8211; Bet\u00e4ubungsmittel und Einhandmesser sichergestellt.<\/h2>\n\n\n\n<p>Am Samstag gegen 20.00 Uhr fiel einer Polizeistreife des Polizeirevier Heidelberg-Mitte, in einer Parkanlage der Vo\u00dfstra\u00dfe, eine 4k\u00f6pfige Gruppe jugendlicher M\u00e4dchen auf. Die M\u00e4dchen wurden aufgrund ihres verd\u00e4chtigen Verhaltens einer Personenkontrolle unterzogen. Bereits beim Ann\u00e4hern der Polizeibeamten an die Gruppe, konnte der Geruch von Marihuana wahrgenommen werden. Bei der anschlie\u00dfenden Durchsuchung der Jugendlichen durch eine Polizeibeamtin, konnte bei einer 16j\u00e4hrigen ein in der Unterbekleidung versteckter Joint aufgefunden werden. Zudem f\u00fchrte die Jugendliche in ihrer Handtasche ein verbotenes Einhandmesser mit sich. Der Joint sowie das Einhandmesser wurden sichergestellt. Im Anschluss wurde die Jugendliche in die Obhut ihrer Erziehungsberechtigten \u00fcberstellt.<\/p>\n\n\n\n<p>Sie muss sich nun aufgrund des Versto\u00dfes gegen das Bet\u00e4ubungsmittelgesetz sowie das Waffengesetz verantworten.<\/p>\n\n\n\n<h2 class=\"wp-block-heading\">(Wilhelmsfeld \/ Rhein-Neckar-Kreis) &#8211; Suche nach m\u00e4nnlicher Person, Polizeihubschrauber im Einsatz<\/h2>\n\n\n<div class=\"wp-block-image\">\n<figure class=\"aligncenter size-full\"><img decoding=\"async\" loading=\"lazy\" width=\"640\" height=\"480\" src=\"https:\/\/speyer24news.com\/wp-content\/uploads\/2020\/07\/Hubschraubersuche-der-Polizei.jpg\" alt=\"\" class=\"wp-image-29364\" srcset=\"https:\/\/speyer24news.com\/wp-content\/uploads\/2020\/07\/Hubschraubersuche-der-Polizei.jpg 640w, https:\/\/speyer24news.com\/wp-content\/uploads\/2020\/07\/Hubschraubersuche-der-Polizei-300x225.jpg 300w, https:\/\/speyer24news.com\/wp-content\/uploads\/2020\/07\/Hubschraubersuche-der-Polizei-326x245.jpg 326w, https:\/\/speyer24news.com\/wp-content\/uploads\/2020\/07\/Hubschraubersuche-der-Polizei-80x60.jpg 80w\" sizes=\"(max-width: 640px) 100vw, 640px\" \/><\/figure><\/div>\n\n\n<p>Die Polizei sucht derzeit mit mehreren Streifenwagen und einem Polizeihubschrauber nach einer m\u00e4nnlichen Person die sich derzeit in einer psychischen Ausnahmesituation befindet.<\/p>\n\n\n\n<h3 class=\"wp-block-heading has-text-align-center\">Vermisste Person aufgefunden &#8211; Pressemeldung Nummer 2<\/h3>\n\n\n\n<p>Die Suche nach dem 26-j\u00e4hrigen Mann im Bereich Wilhelmsfeld konnte erfolgreich beendet werden. Er wurde wohlbehalten aufgegriffen und wird derzeit medizinisch betreut.<\/p>\n\n\n\n<h2 class=\"wp-block-heading\">(Sinsheim \/ Rhein-Neckar-Kreis) &#8211; Unfall unter Drogeneinfluss verursacht, sechs Personen verletzt.<\/h2>\n\n\n\n<p>Am Samstag den 03.06.2023 gegen 22.00 Uhr befuhr ein 22j\u00e4hriger Tesla-Fahrer die L 592 von Steinsfurt in Richtung der Gemeinde Reihen. An der Anschlussstelle Sinsheim-Steinfurt wollte der Fahrer auf die BAB 6 in Richtung Mannheim auffahren und \u00fcbersah hierbei beim Linksabbiegen einen entgegenkommenden Audi-Fahrer. Im Einm\u00fcndungsbereich kam es zwischen den beiden Pkw nahezu zu einem Frontalzusammensto\u00df. Die beiden Pkw wurden stark deformiert und kamen auf der Fahrbahn zum Stillstand. Der Unfallverursacher zog sich leichte Verletzungen zu. In dem Audi befanden sich insgesamt f\u00fcnf Personen im Alter zwischen 19 und 25 Jahren, welche beim dem Unfallgeschehen teilweise nicht unerheblich verletzt wurden. Die Verletzten wurden in umliegende Krankenh\u00e4user verbracht.<\/p>\n\n\n\n<p>An dem Tesla entstand ein Schaden in H\u00f6he von ca. 30.000 Euro, an dem Audi in H\u00f6he von ca. 5.000 Euro. Die Pkw wurden abgeschleppt. F\u00fcr die Bergungsma\u00dfnahmen musste die Fahrbahn in beide Richtungen sowie die Auffahrt auf die BAB 6 teilweise komplett gesperrt werden. Gegen 00.20 Uhr konnten die Sperrungen aufgehoben werden.<\/p>\n\n\n\n<p>Im Rahmen der Unfallaufnahme ergaben sich bei dem 22j\u00e4hrigen Unfallverursacher Hinweise auf eine Beeinflussung berauschender Mittel, weshalb dem Mann eine Blutprobe entnommen wurde. Der F\u00fchrerschein des Unfallverursachers wurde beschlagnahmt.<\/p>\n\n\n\n<p>Ein Strafverfahren aufgrund Stra\u00dfenverkehrsgef\u00e4hrdung wurde eingeleitet. Die Ermittlungen dauern an.<\/p>\n\n\n\n<h2 class=\"wp-block-heading\">(Sinsheim \/ Rhein-Neckar-Kreis) &#8211; Jack Russel Terrier bei\u00dft zu und verletzt einen Mann, Zeugen gesucht<\/h2>\n\n\n<div class=\"wp-block-image\">\n<figure class=\"aligncenter size-full\"><img decoding=\"async\" loading=\"lazy\" width=\"801\" height=\"600\" src=\"https:\/\/speyer24news.com\/wp-content\/uploads\/2020\/05\/Zeugen-gesucht-Neutral.jpg\" alt=\"\" class=\"wp-image-26598\" srcset=\"https:\/\/speyer24news.com\/wp-content\/uploads\/2020\/05\/Zeugen-gesucht-Neutral.jpg 801w, https:\/\/speyer24news.com\/wp-content\/uploads\/2020\/05\/Zeugen-gesucht-Neutral-300x225.jpg 300w, https:\/\/speyer24news.com\/wp-content\/uploads\/2020\/05\/Zeugen-gesucht-Neutral-768x575.jpg 768w, https:\/\/speyer24news.com\/wp-content\/uploads\/2020\/05\/Zeugen-gesucht-Neutral-678x509.jpg 678w, https:\/\/speyer24news.com\/wp-content\/uploads\/2020\/05\/Zeugen-gesucht-Neutral-326x245.jpg 326w, https:\/\/speyer24news.com\/wp-content\/uploads\/2020\/05\/Zeugen-gesucht-Neutral-80x60.jpg 80w\" sizes=\"(max-width: 801px) 100vw, 801px\" \/><\/figure><\/div>\n\n\n<p>Am Samstagabend gegen 19:00 Uhr wurde ein 53-j\u00e4hriger Mann durch einen Hundebiss verletzt. Er begab sich selbstst\u00e4ndig zur weiteren Versorgung der Verletzungen zu einem Arzt. Der Mann war zu Fu\u00df im Bereich des Elsenzwegs unterwegs als ihm eine 46-j\u00e4hre Frau mit ihrem angeleinten Hund entgegenkam. Pl\u00f6tzlich und unerwartet biss der Jack Russel Terrier in den Fu\u00df des Mannes, der mit Sandalen unterwegs war. Da die Frau einfach weiter ging, lief der Mann ihr, nachdem er die Polizei verst\u00e4ndigt hatte, bis zu deren Eintreffen, hinterher. Auch gegen\u00fcber den Beamten zeigte sich die Frau unkooperativ und uneinsichtig, was sie jedoch nicht davor bewahrt, sich wegen einer Anzeige wegen fahrl\u00e4ssiger K\u00f6rperverletzung verantworten zu m\u00fcssen. <\/p>\n\n\n\n<p><strong>Personen die den Vorfall gesehen haben und sachdienliche Hinweise geben k\u00f6nnen, werden gebeten sich mit dem Polizeirevier Sinsheim, Tel: 07261 690-0, in Verbindung zu setzen.<\/strong><\/p>\n\n\n\n<p><\/p>\n","protected":false},"excerpt":{"rendered":"<div class=\"mh-excerpt\"><p>Polizeimeldungen vom Sonntag (04.06.2023) (Speyer) &#8211; Sachbesch\u00e4digung am Stromkasten In der Nacht des 03.06.2023 kam es gegen 23:15 Uhr zu einer Sachbesch\u00e4digung an einem Stromkasten. Ein bisher unbekanntes Ehepaar meldete einem Anwohner in der Burgstra\u00dfe, <a class=\"mh-excerpt-more\" href=\"https:\/\/speyer24news.com\/?p=52434\" title=\"Polizeimeldungen Sonntag (04.06.2023)\">[&#8230;]<\/a><\/p>\n<\/div>","protected":false},"author":3,"featured_media":26162,"comment_status":"open","ping_status":"open","sticky":false,"template":"","format":"standard","meta":{"_monsterinsights_skip_tracking":false,"_monsterinsights_sitenote_active":false,"_monsterinsights_sitenote_note":"","_monsterinsights_sitenote_category":0,"footnotes":""},"categories":[15659],"tags":[7243,7244,3614,350,15267,702,61,2555,6955,6986,6263,63,105,11150,6987,53,4854,13534,4683,1548,4905,11592,102,13626,213,14325,14324,13553,13541,55,8277,6368,5261,103,106,2803,2423,427,2625,380,62,104,979,1565],"aioseo_notices":[],"amp_enabled":true,"_links":{"self":[{"href":"https:\/\/speyer24news.com\/index.php?rest_route=\/wp\/v2\/posts\/52434"}],"collection":[{"href":"https:\/\/speyer24news.com\/index.php?rest_route=\/wp\/v2\/posts"}],"about":[{"href":"https:\/\/speyer24news.com\/index.php?rest_route=\/wp\/v2\/types\/post"}],"author":[{"embeddable":true,"href":"https:\/\/speyer24news.com\/index.php?rest_route=\/wp\/v2\/users\/3"}],"replies":[{"embeddable":true,"href":"https:\/\/speyer24news.com\/index.php?rest_route=%2Fwp%2Fv2%2Fcomments&post=52434"}],"version-history":[{"count":1,"href":"https:\/\/speyer24news.com\/index.php?rest_route=\/wp\/v2\/posts\/52434\/revisions"}],"predecessor-version":[{"id":52437,"href":"https:\/\/speyer24news.com\/index.php?rest_route=\/wp\/v2\/posts\/52434\/revisions\/52437"}],"wp:featuredmedia":[{"embeddable":true,"href":"https:\/\/speyer24news.com\/index.php?rest_route=\/wp\/v2\/media\/26162"}],"wp:attachment":[{"href":"https:\/\/speyer24news.com\/index.php?rest_route=%2Fwp%2Fv2%2Fmedia&parent=52434"}],"wp:term":[{"taxonomy":"category","embeddable":true,"href":"https:\/\/speyer24news.com\/index.php?rest_route=%2Fwp%2Fv2%2Fcategories&post=52434"},{"taxonomy":"post_tag","embeddable":true,"href":"https:\/\/speyer24news.com\/index.php?rest_route=%2Fwp%2Fv2%2Ftags&post=52434"}],"curies":[{"name":"wp","href":"https:\/\/api.w.org\/{rel}","templated":true}]}}