{"id":52469,"date":"2023-06-06T06:17:37","date_gmt":"2023-06-06T05:17:37","guid":{"rendered":"https:\/\/speyer24news.com\/?p=52469"},"modified":"2023-06-06T06:17:40","modified_gmt":"2023-06-06T05:17:40","slug":"polizeimeldungen-montag-05-06-2023","status":"publish","type":"post","link":"https:\/\/speyer24news.com\/?p=52469","title":{"rendered":"Polizeimeldungen Montag (05.06.2023)"},"content":{"rendered":"<style type=\"text\/css\">\r\n\t.ads_top_disp{}\r\n\t.ads_top_corner_disp{ float:left; margin:0px 10px 10px 0px; }\r\n\t.ads_first_p_disp{}\r\n\t.ads_bottom_disp{}\r\n\t<\/style>\n<h2 class=\"wp-block-heading\">Polizeimeldungen vom Montag (05.06.2023)<\/h2>\n\n\n<div class=\"wp-block-image\">\n<figure class=\"aligncenter size-full\"><img decoding=\"async\" loading=\"lazy\" width=\"375\" height=\"500\" src=\"https:\/\/speyer24news.com\/wp-content\/uploads\/2022\/03\/Aktuelles-Polizeilogo.jpg\" alt=\"\" class=\"wp-image-43591\" srcset=\"https:\/\/speyer24news.com\/wp-content\/uploads\/2022\/03\/Aktuelles-Polizeilogo.jpg 375w, https:\/\/speyer24news.com\/wp-content\/uploads\/2022\/03\/Aktuelles-Polizeilogo-225x300.jpg 225w\" sizes=\"(max-width: 375px) 100vw, 375px\" \/><\/figure><\/div>\n\n\n<h2 class=\"wp-block-heading\">(Speyer) &#8211; Verkehrsunfall an Ampelkreuzung mit alkoholisiertem Fahrer<\/h2>\n\n\n\n<p>Am Sonntag gegen 21:10 Uhr befuhr ein 42-J\u00e4hriger mit seinem PKW die B39, verlie\u00df diese an der Anschlussstelle Speyer-Zentrum und ordnete sich links ein, um in die Industriestra\u00dfe einzubiegen. Derweil befuhr ein 56-j\u00e4hriger PKW-Fahrer mit seinem 63-j\u00e4hrigen Beifahrer die Stra\u00dfe Am Technikmuseum und \u00fcberquerte die Industriestra\u00dfe im Kreuzungsbereich, um auf die B39 in Fahrtrichtung Baden-W\u00fcrttemberg aufzufahren. Der PKW des 56-J\u00e4hrigen kollidierte mit dem linksabbiegenden PKW des 42-J\u00e4hrigen. Beide Unfallparteien nahmen gegen\u00fcber den hinzugerufenen Polizeibeamten f\u00fcr sich in Anspruch, bei gr\u00fcn zeigender Ampel in den Kreuzungsbereich eingefahren zu sein. Die Beamten nahmen beim 42-J\u00e4hrigen w\u00e4hrend der Unfallaufnahme Atemalkoholgeruch wahr. Ein Atemalkoholtest ergab bei ihm einen Wert von 1,12 Promille. Die Beamten leiteten gegen ihn ein Strafverfahren wegen Gef\u00e4hrdung des Stra\u00dfenverkehrs ein, veranlassten eine Blutentnahme bei ihm und beschlagnahmten seinen F\u00fchrerschein. Sie alarmierten au\u00dferdem die Stra\u00dfenmeisterei aufgrund ausgelaufener Betriebsstoffe. Die nicht mehr fahrbereiten Fahrzeuge mussten jeweils abgeschleppt werden. Der Gesamtschaden liegt bei ca. 17.000 Euro. Die Unfallbeteiligten blieben unverletzt.<\/p>\n\n\n\n<h2 class=\"wp-block-heading\">(Speyer) &#8211; Jugendliche verletzen sich bei Verkehrsunfall mit Leichtkraftr\u00e4dern<\/h2>\n\n\n\n<p>Am Sonntag kurz vor 16 Uhr befuhren zwei 16-j\u00e4hrige gemeinsam auf einem Leichtkraftrad die Landauer Stra\u00dfe in Richtung Stadtmitte. Ein 17-J\u00e4hriger folgte ihnen auf seinem Leichtkraftrad mit unzureichendem Sicherheitsabstand. Die beiden 16-J\u00e4hrigen verlangsamten ihr Gef\u00e4hrt, um auf ein Tankstellengel\u00e4nde aufzufahren. Der 17-J\u00e4hrige hatte damit nicht gerechnet und fuhr auf das Leichtkraftrad der beiden 16-J\u00e4hrigen auf. Hierdurch kamen alle drei Jugendlichen zu Fall und zogen sich allesamt oberfl\u00e4chliche Sch\u00fcrfwunden zu. Der Rettungsdienst verbrachte den 17-J\u00e4hrigen und einen 16-J\u00e4hrigen vorsorglich in ein Krankenhaus. Der Gesamtschaden liegt bei ca. 1.100 Euro.<\/p>\n\n\n\n<h2 class=\"wp-block-heading\">(Speyer) &#8211; Nachtrag zum Pressebericht vom 29.05.: Eigent\u00fcmer gesucht<\/h2>\n\n\n<div class=\"wp-block-image\">\n<figure class=\"aligncenter size-full\"><img decoding=\"async\" loading=\"lazy\" width=\"800\" height=\"600\" src=\"https:\/\/speyer24news.com\/wp-content\/uploads\/2023\/06\/poMMes_2023-06-05_10-41-39_3.jpeg\" alt=\"\" class=\"wp-image-52470\" srcset=\"https:\/\/speyer24news.com\/wp-content\/uploads\/2023\/06\/poMMes_2023-06-05_10-41-39_3.jpeg 800w, https:\/\/speyer24news.com\/wp-content\/uploads\/2023\/06\/poMMes_2023-06-05_10-41-39_3-300x225.jpeg 300w, https:\/\/speyer24news.com\/wp-content\/uploads\/2023\/06\/poMMes_2023-06-05_10-41-39_3-768x576.jpeg 768w, https:\/\/speyer24news.com\/wp-content\/uploads\/2023\/06\/poMMes_2023-06-05_10-41-39_3-678x509.jpeg 678w, https:\/\/speyer24news.com\/wp-content\/uploads\/2023\/06\/poMMes_2023-06-05_10-41-39_3-326x245.jpeg 326w, https:\/\/speyer24news.com\/wp-content\/uploads\/2023\/06\/poMMes_2023-06-05_10-41-39_3-80x60.jpeg 80w\" sizes=\"(max-width: 800px) 100vw, 800px\" \/><\/figure><\/div>\n\n\n<p>Wie die Polizei Speyer bereits am 29.05.2023 berichtete, hatten Unbekannte am Pfingstwochenende eine Vielzahl weitgehend geleerter Speisefett-Tonnen auf einem Schotterparkplatz in Speyer abgeladen. Zwischenzeitlich liegen Anhaltspunkte daf\u00fcr vor, dass es sich bei den Tonnen um Diebesgut handelt. Die Mehrzahl der Tonnen konnte die Polizei zwischenzeitlich gegen Vorlage eines Eigentumsnachweises an ihren Eigent\u00fcmer aush\u00e4ndigen. Die abgebildeten restlichen ca. 50 Tonnen konnten bislang keinem Eigent\u00fcmer zugeordnet werden. Die Polizei geht s\u00e4mtlichen Hinweisen nach, die Ermittlungen dauern an. <\/p>\n\n\n\n<ul>\n<li><strong>Zeugen, die in den abgebildeten Beh\u00e4ltnissen ihr abhanden gekommenes Eigentum wiedererkennen, werden gebeten, sich bei der Polizei Speyer unter 06232 \/ 137 &#8211; 0 oder per E-Mail an\u00a0<a href=\"mailto:%20pispeyer@polizei.rlp.de\">pispeyer@polizei.rlp.de<\/a>\u00a0zu melden.<\/strong><\/li>\n<\/ul>\n\n\n\n<h2 class=\"wp-block-heading\">(L 454 \/ Schifferstadt) &#8211; Bedrohung und K\u00f6rperverletzung<\/h2>\n\n\n\n<p>Am Sonntagmittag, gegen 14:00 Uhr, kam es auf dem Wirtschaftsweg, welcher entlang der L454 von Schifferstadt in Richtung B\u00f6hl-Iggelheim verl\u00e4uft, im Bereich der \u00dcberf\u00fchrung der A61 zu einer Auseinandersetzung zwischen einem 60-j\u00e4hrigen Fu\u00dfg\u00e4nger und einem 39-j\u00e4hrigen Radfahrer. Laut dem Fu\u00dfg\u00e4nger habe der Radfahrer ihn nach dem Weg zum Niederwiesenweiher gefragt. Hiernach habe der Radfahrer den Fu\u00dfg\u00e4nger beleidigt, bedroht und ins Gesicht geschlagen. Der Radfahrer gab wiederum an, dass er durch den Fu\u00dfg\u00e4nger beim Vorbeifahren vom Fahrrad gesto\u00dfen worden und gest\u00fcrzt sei. Verletzungen erlitten beide Beteiligten nicht. Da bei dem Radfahrer ein Atemalkoholtest einen Wert von 2,7 Promille ergab, erfolgte anschlie\u00dfend eine Blutentnahme. Aufgrund der widerspr\u00fcchlichen Angaben wird gegen beide Beteiligte ermittelt. Gegen den Radfahrer wird zus\u00e4tzlich noch wegen Trunkenheit im Verkehr ermittelt. <\/p>\n\n\n\n<ul>\n<li><strong>Zeugen, die Hinweise zu dem Vorfall geben k\u00f6nnen, werden gebeten, sich mit der Polizei Schifferstadt unter 06235 495-0 oder per E-Mail (<a href=\"mailto:pischifferstadt@polizei.rlp.de\">pischifferstadt@polizei.rlp.de<\/a>) in Verbindung zu setzen.<\/strong><\/li>\n<\/ul>\n\n\n\n<h2 class=\"wp-block-heading\">(B 9 \/ Schifferstadt) &#8211; Hinweise auf Fahrt unter Alkoholeinfluss<\/h2>\n\n\n\n<p>Durch eine Zeugin wird eine auff\u00e4llige Fahrweise eines PKW auf der B9 von Ludwigshafen in Richtung Speyer mitgeteilt. Der besagte PKW konnte kurze Zeit sp\u00e4ter auf der L532 im Bereich der Anschlussstelle Limburgerhof\/Kohlhof einer Kontrolle unterzogen werden. Die Fahrerin fuhr teilweise \u00fcber die Mittellinie und stoppte trotz Anhaltesignalen erst, nachdem sie durch den Streifenwagen \u00fcberholt wurde. Bei der 32-j\u00e4hrigen Fahrerin konnte Alkoholgeruch wahrgenommen werden. Ein Atemalkoholtest wurde abgelehnt und eine Blutentnahme durch einen Arzt durchgef\u00fchrt. Der Fahrzeugschl\u00fcssel und der F\u00fchrerschein wurden sichergestellt und ein Ermittlungsverfahren wegen Trunkenheit im Verkehr eingeleitet.<\/p>\n\n\n\n<h2 class=\"wp-block-heading\">(Germersheim) &#8211; 44-J\u00e4hrige berauscht auf Kinderfahrrad<\/h2>\n\n\n\n<p>In der Nacht von Sonntag auf Montag erkannten Germersheimer Polizisten in der Zeppelinstra\u00dfe eine auff\u00e4llig fahrende Radfahrerin auf einem Kinderfahrrad. Bei der anschlie\u00dfenden Verkehrskontrolle der 44-J\u00e4hrigen stellten die Beamten fest, dass diese sowohl alkoholisiert als auch unter dem Einfluss von Bet\u00e4ubungsmitteln stand. Ihr wurde eine Blutprobe entnommen und ein Strafverfahren eingeleitet. Das Kinderfahrrad hatte sie am Vortag auf einem Flohmarkt f\u00fcr ihre Tochter gekauft.<\/p>\n\n\n\n<h2 class=\"wp-block-heading\">(Herxheim) &#8211; In den Gegenverkehr gekommen \/ Zeugen gesucht<\/h2>\n\n\n\n<p>Zu einem Verkehrsunfall mit Fahrerflucht kam es am 05.06.2023 gegen 14:40 Uhr auf der L543 bei Herxheim. Unbekannter Fahrer kam mit seinem silbernen Kleinwagen im Kurvenbereich auf die Gegenfahrspur und streifte hierbei einen entgegenkommenden 33-J\u00e4hrigen aus dem Kreis Germersheim mit seinem Auto. Anschlie\u00dfend fuhr er davon, ohne sich um den entstandenen Schaden zu k\u00fcmmern. Die Polizei Landau ermittelt nun wegen Verkehrsunfallflucht.<\/p>\n\n\n\n<ul>\n<li><strong>Haben Sie den Unfall beobachtet oder k\u00f6nnen sonstige Hinweise abgeben? Dann wenden Sie sich telefonisch unter 06341 \/ 287 &#8211; 0 oder per Mail an\u00a0<a href=\"mailto:%20pilandau@polizei.rlp.de\">pilandau@polizei.rlp.de<\/a>\u00a0an die Polizeiinspektion Landau.<\/strong><\/li>\n<\/ul>\n\n\n\n<h2 class=\"wp-block-heading\">(Edenkoben \/ Edesheim) &#8211; PKW-Aufbr\u00fcche<\/h2>\n\n\n\n<p>In der Nacht von Sonntag auf Montag (04.06.2023 &#8211; 05.06.2023) schlugen unbekannte T\u00e4ter die rechte Seitenscheibe eines in der Friedrich-Andrae-Stra\u00dfe geparkten BMW ein und durchsuchten das Fahrzeug nach Wertgegenst\u00e4nden. Ersten Ermittlungen zufolge konnten die Unbekannten keine brauchbaren Utensilien auffinden. Zu einem weiteren Aufbruch kam es \u00fcber das Wochenende im Kehrweg in Edesheim. Auch hier wurde eine Scheibe an einem Audi eingeschlagen und nach Wertgegenst\u00e4nden durchsucht. Vor einem weiteren Anwesen haben dann die Langfinger aus einem nicht verschlossenen Fahrzeug ein Paket mit Uhren und Parf\u00fcm entwendet. Von den Autoknackern fehlt jede Spur. <\/p>\n\n\n\n<ul>\n<li><strong>Hinweise nimmt die Polizei Edenkoben unter der Telefonnummer 06323 9550 entgegen.<\/strong><\/li>\n<\/ul>\n\n\n\n<h2 class=\"wp-block-heading\">(Maikammer) &#8211; \u00c4rger wegen TikTok<\/h2>\n\n\n<div class=\"wp-block-image\">\n<figure class=\"aligncenter size-full\"><img decoding=\"async\" loading=\"lazy\" width=\"800\" height=\"533\" src=\"https:\/\/speyer24news.com\/wp-content\/uploads\/2021\/11\/Schlaegerei.jpg\" alt=\"\" class=\"wp-image-42366\" srcset=\"https:\/\/speyer24news.com\/wp-content\/uploads\/2021\/11\/Schlaegerei.jpg 800w, https:\/\/speyer24news.com\/wp-content\/uploads\/2021\/11\/Schlaegerei-300x200.jpg 300w, https:\/\/speyer24news.com\/wp-content\/uploads\/2021\/11\/Schlaegerei-768x512.jpg 768w\" sizes=\"(max-width: 800px) 100vw, 800px\" \/><figcaption class=\"wp-element-caption\">Beispielbild Schl\u00e4gerei \/ K\u00f6rperverletzung, dient lediglich der Visualisierung<\/figcaption><\/figure><\/div>\n\n\n<p>Am fr\u00fchen Sonntagmorgen (04.06.2023, 0.05 Uhr) musste die Polizei in der Friedhofstra\u00dfe eine handfeste Auseinandersetzung schlichten. Es wurden zwei auf der Stra\u00dfe ringende M\u00e4nner gemeldet, die in Streit geraten waren, weil der \u00c4ltere, ein 30 Jahre alte Mann aus Maikammer, st\u00e4ndig den WLAN-Router vom Strom trennte, w\u00e4hrend sich der 23 Jahre alte Kontrahent beim Anschauen der Videoclips gest\u00f6rt f\u00fchlte. Hierbei kam es zum Austausch von Fausthieben, weshalb beide getrennt und eine Strafanzeige aufgenommen werden musste.<\/p>\n\n\n\n<h2 class=\"wp-block-heading\">(Geinsheim) &#8211; Sachbesch\u00e4digung Schulhof \/ Zeugen gesucht<\/h2>\n\n\n<div class=\"wp-block-image\">\n<figure class=\"aligncenter size-full\"><img decoding=\"async\" loading=\"lazy\" width=\"800\" height=\"614\" src=\"https:\/\/speyer24news.com\/wp-content\/uploads\/2023\/06\/1.jpg\" alt=\"\" class=\"wp-image-52471\" srcset=\"https:\/\/speyer24news.com\/wp-content\/uploads\/2023\/06\/1.jpg 800w, https:\/\/speyer24news.com\/wp-content\/uploads\/2023\/06\/1-300x230.jpg 300w, https:\/\/speyer24news.com\/wp-content\/uploads\/2023\/06\/1-768x589.jpg 768w, https:\/\/speyer24news.com\/wp-content\/uploads\/2023\/06\/1-80x60.jpg 80w\" sizes=\"(max-width: 800px) 100vw, 800px\" \/><\/figure><\/div>\n\n\n<p>Im Zeitraum vom 30.05.2023 bis 04.06.2023 wurde die neu angelegte Spielfl\u00e4che auf dem Schulhof der Grundschule Geinsheim durch Reifenabrieb besch\u00e4digt. Der oder die Verursacher verursachten einen Sachschaden vermutlich durch mehrere Bremsman\u00f6ver mit motorisierten Zweir\u00e4dern. Die Schadensh\u00f6he wird mit ca. 3200 Euro angegeben.<\/p>\n\n\n\n<ul>\n<li><strong>Zeugenhinweise bitte an die Polizei Neustadt telefonisch unter 06321 854-0 oder per E-Mail unter\u00a0<a href=\"mailto:%20pineustadt@polizei.rlp.de\">pineustadt@polizei.rlp.de<\/a><\/strong><\/li>\n<\/ul>\n\n\n\n<h2 class=\"wp-block-heading\">(Sausenheim) &#8211; Zeugenaufruf nach Bankeinbruch<\/h2>\n\n\n<div class=\"wp-block-image\">\n<figure class=\"aligncenter size-full\"><img decoding=\"async\" loading=\"lazy\" width=\"801\" height=\"600\" src=\"https:\/\/speyer24news.com\/wp-content\/uploads\/2020\/05\/Zeugen-gesucht-Neutral.jpg\" alt=\"\" class=\"wp-image-26598\" srcset=\"https:\/\/speyer24news.com\/wp-content\/uploads\/2020\/05\/Zeugen-gesucht-Neutral.jpg 801w, https:\/\/speyer24news.com\/wp-content\/uploads\/2020\/05\/Zeugen-gesucht-Neutral-300x225.jpg 300w, https:\/\/speyer24news.com\/wp-content\/uploads\/2020\/05\/Zeugen-gesucht-Neutral-768x575.jpg 768w, https:\/\/speyer24news.com\/wp-content\/uploads\/2020\/05\/Zeugen-gesucht-Neutral-678x509.jpg 678w, https:\/\/speyer24news.com\/wp-content\/uploads\/2020\/05\/Zeugen-gesucht-Neutral-326x245.jpg 326w, https:\/\/speyer24news.com\/wp-content\/uploads\/2020\/05\/Zeugen-gesucht-Neutral-80x60.jpg 80w\" sizes=\"(max-width: 801px) 100vw, 801px\" \/><\/figure><\/div>\n\n\n<p>In der Nacht vom 03. auf den 04. Juni 2023 brachen bislang unbekannte T\u00e4ter in die VR Bank Kur- und Rheinpfalz eG in Sausenheim, in der Raiffeisenstra\u00dfe 8, ein. Sie verschafften sich Zutritt in den Innenraum der Bank \u00fcber eine Fensterscheibe an der R\u00fcckseite des Geb\u00e4udes. Die T\u00e4ter \u00f6ffneten vermutlich mittels Trennschleifer einen Tresor, in welchem sich die Tageseinnahmen des Vortages befanden. Es wurde in unbekannter H\u00f6he Bargeld aus dem aufgeflexten Tresor entwendet. Aufgrund der Vorgehensweise befanden sich die T\u00e4ter mutma\u00dflich \u00fcber einen l\u00e4ngeren Zeitraum im Geb\u00e4ude. <\/p>\n\n\n\n<ul>\n<li><strong>Zeugen, die verd\u00e4chtige Wahrnehmungen gemacht haben, werden gebeten sich an die Polizei in Neustadt unter der Tel.: 06321 854 -0 zu wenden.<\/strong><\/li>\n<\/ul>\n\n\n\n<h2 class=\"wp-block-heading\">(Ludwigshafen) &#8211; Alkoholisiert und ohne Fahrerlaubnis<\/h2>\n\n\n\n<p>Ein 61-j\u00e4hriger Autofahrer wurde am 04.06.2023, gegen 22:30 Uhr, in der Bruchwiesenstra\u00dfe einer Verkehrskontrolle unterzogen. Da sich Hinweise auf einen Alkoholkonsum ergaben, wurde ihm ein freiwilliger Atemalkoholtest angeboten. Dieser ergab einen Wert von 1,99 Promille. Er wurde f\u00fcr die Entnahme einer Blutprobe zur Polizeidienststelle mitgenommen. Der 61-J\u00e4hrige hatte zudem keine g\u00fcltige Fahrerlaubnis.<\/p>\n\n\n\n<p>Er wird sich nun wegen Trunkenheit im Verkehr und wegen des Fahrens ohne Fahrerlaubnis verantworten m\u00fcssen.<\/p>\n\n\n\n<h2 class=\"wp-block-heading\">(Ludwigshafen) &#8211; In Lebensmittelgesch\u00e4ft eingebrochen<\/h2>\n\n\n\n<p>Zwischen dem 03.06.2023, 21 Uhr, und dem 04.06.2023, 17:40 Uhr, brachen Unbekannte gewaltsam in ein Lebensmittelgesch\u00e4ft in der Rheing\u00f6nheimer Stra\u00dfe ein. Sie verschafften sich hierbei auch Zutritt zu einem Lagerraum. Aus diesem stahlen sie unter anderem diverse Getr\u00e4nke. Die Schadensh\u00f6he durch Diebesgut und Einbruchsspuren wird derzeit auf insgesamt 7.000 Euro gesch\u00e4tzt.<\/p>\n\n\n\n<ul>\n<li><strong>Sie haben zur fraglichen Zeit etwas beobachtet? Sachdienliche Hinweise bitte an die Polizeiinspektion Ludwigshafen 1, Telefonnummer 0621 963-2122 oder per E-Mail\u00a0<a href=\"mailto:%20piludwigshafen1@polizei.rlp.de\">piludwigshafen1@polizei.rlp.de<\/a>\u00a0.\u00a0<\/strong><\/li>\n<\/ul>\n\n\n\n<h2 class=\"wp-block-heading\">(Ludwigshafen) &#8211; Fahrrad gestohlen<\/h2>\n\n\n\n<p>Das Trekkingrad eines 43-J\u00e4hrigen wurde am Sonntag (04.06.2023) zwischen 12:15 Uhr und 17:30 Uhr gestohlen. Das Rad stand zu dieser Zeit verschlossen in einem Fahrradst\u00e4nder vor einem Freibad im Strandweg.<\/p>\n\n\n\n<ul>\n<li><strong>Sachdienliche Hinweise bitte an die Polizeiinspektion Ludwigshafen 2, Telefonnummer 0621 963-2222 oder per E-Mail\u00a0<a href=\"mailto:%20piludwigshafen2@polizei.rlp.de\">piludwigshafen2@polizei.rlp.de<\/a>\u00a0.<\/strong><\/li>\n<\/ul>\n\n\n\n<h2 class=\"wp-block-heading\">(Ludwigshafen) &#8211; Unerlaubt vom Unfallort entfernt<\/h2>\n\n\n\n<p>Ein 20-J\u00e4hriger verlor am Sonntagnachmittag (04.06.2023, gegen 16:20 Uhr) an der Kreuzung Sternstra\u00dfe\/Carl-Bosch-Stra\u00dfe die Kontrolle \u00fcber seinen BMW. Hierdurch stie\u00df er gegen Begrenzungspfosten der dortigen Stra\u00dfenbahnhaltestelle. Die H\u00f6he des dadurch entstandenen Sachschadens wird aktuell ermittelt. Statt seiner Pflicht als Verkehrsunfallbeteiligter nachzukommen, entfernte sich der junge Mann unerlaubt von der Unfall\u00f6rtlichkeit. Da auch sein Auto durch den Unfall stark besch\u00e4digt wurde (Schadensh\u00f6he etwa 10.000 Euro), kam er jedoch am Ruthenkreisel zum Stehen. Dort wurde er von den durch Zeugen informierten Polizeikr\u00e4ften angetroffen.<\/p>\n\n\n\n<p>Die Polizei weist daraufhin, dass unerlaubtes Entfernen von Unfallort kein Kavaliersdelikt ist! Eine Unfallflucht ist eine Straftat und kann mit einer Geldstrafe oder einer Freiheitsstrafe von bis zu drei Jahren geahndet werden. Au\u00dferdem kann der Fl\u00fcchtige den Kaskoschutz seiner Kfz-Versicherung verlieren und von seiner Versicherung an der Beteiligung des Fremdschadens beteiligt werden. Die Polizei r\u00e4t deshalb, jeden Unfall bei der Polizei zu melden.<\/p>\n\n\n\n<h2 class=\"wp-block-heading\">(Mannheim) &#8211; Zwei Tote nach Kapitalverbrechen in Neckarau<\/h2>\n\n\n\n<h3 class=\"wp-block-heading\">Gemeinsame Presseerkl\u00e4rung der Staatsanwaltschaft Mannheim und des Polizeipr\u00e4sidiums Mannheim:<\/h3>\n\n\n<div class=\"wp-block-image\">\n<figure class=\"aligncenter size-full\"><img decoding=\"async\" loading=\"lazy\" width=\"800\" height=\"533\" src=\"https:\/\/speyer24news.com\/wp-content\/uploads\/2021\/02\/candle-2038736_1920.jpg\" alt=\"\" class=\"wp-image-33582\" srcset=\"https:\/\/speyer24news.com\/wp-content\/uploads\/2021\/02\/candle-2038736_1920.jpg 800w, https:\/\/speyer24news.com\/wp-content\/uploads\/2021\/02\/candle-2038736_1920-300x200.jpg 300w, https:\/\/speyer24news.com\/wp-content\/uploads\/2021\/02\/candle-2038736_1920-768x512.jpg 768w\" sizes=\"(max-width: 800px) 100vw, 800px\" \/><\/figure><\/div>\n\n\n<p>Nachdem die Polizei am fr\u00fchen Montagmorgen gegen 02:00 Uhr \u00fcber Notruf verst\u00e4ndigt wurde, konnten in einer Wohnung im Neckarauer Waldweg ein 33-j\u00e4hriger Mann und seine 36-j\u00e4hrige Ex-Lebensgef\u00e4hrtin tot aufgefunden werden. Die Staatsanwaltschaft Mannheim und das Dezernat f\u00fcr Kapitalverbrechen des Kriminalkommissariats Mannheim, haben unter Hinzuziehung der Zentralen Kriminaltechnik der Kriminalpolizeidirektion Heidelberg und des Instituts f\u00fcr Rechtsmedizin der Universit\u00e4t Heidelberg, die weiteren Ermittlungen wegen Verdachts eines T\u00f6tungsdelikts aufgenommen. Die beiden zum Tatzeitpunkt in der Wohnung befindlichen gemeinsamen Kinder, ein zwei- sowie ein dreij\u00e4hriger Junge, konnten wohlbehalten aufgefunden werden. Die 14-j\u00e4hrige Tochter befand sich zum Tatzeitpunkt nicht in der Wohnung, ist aber ebenfalls wohlauf. Nach derzeitigem Ermittlungsstand wird davon ausgegangen, dass der Mann zun\u00e4chst seine Ex-Lebensgef\u00e4hrtin und in der Folge sich selbst t\u00f6tete. Die mutma\u00dfliche Tatwaffe, ein K\u00fcchenmesser, wurde vor Ort aufgefunden.<\/p>\n\n\n\n<p>Die Ermittlungen der Staatsanwaltschaft Mannheim und des Dezernats f\u00fcr Kapitalverbrechen des Kriminalkommissariats Mannheim, insbesondere zu dem genauen Tatablauf, dem aktuellen Beziehungsstatus und dem Motiv, dauern derzeit an.<\/p>\n\n\n\n<h2 class=\"wp-block-heading\">(Mannheim) &#8211; Pizzaofen in Flammen \/ Die Polizei ermittelt<\/h2>\n\n\n\n<p>In der Nacht von Sonntag auf Montag meldete eine Anwohnerin um kurz nach Mitternacht einen starken Brandgeruch, der von einer Pizzeria in der Mannheimer Innenstadt ausging. Nach ersten Ermittlungen war es im Bereich der Pizza\u00f6fen zur Brandentstehung gekommen. Der Feuerwehr gelang es die Flammen zu l\u00f6schen, doch es entstand ein hoher Schaden, der auf 120.000 Euro gesch\u00e4tzt wird. Gl\u00fccklicherweise wurde aber niemand verletzt. Im Rahmen der L\u00f6schma\u00dfnahmen kam es zur vor\u00fcbergehenden Sperrung des Kaiserrings in Fahrtrichtung Hauptbahnhof.<\/p>\n\n\n\n<p>Die genaue Brandursache ist derzeit noch unklar. Die Polizei nahm die Ermittlungen auf.<\/p>\n\n\n\n<h2 class=\"wp-block-heading\">(Mannheim) &#8211; Stopp-Schild \u00fcbersehen \/ Motorradfahrer leicht verletzt<\/h2>\n\n\n\n<p>Am Sonntag fuhr eine 31-J\u00e4hrige mit ihrem BMW von den Planquadraten E4\/ E5 in Richtung F4\/ F5. An der Kreuzung missachtete sie ein Stopp-Schild und nahm so einem 46-j\u00e4hrigen Ducati-Fahrer die Vorfahrt. Der Motorradfahrer musste leicht verletzt in ein Krankenhaus gebracht werden. An beiden Fahrzeugen entstand ein erheblicher Schaden, der mit 15.000 Euro beziffert wird. Auf Grund der ausgelaufenen Betriebsstoffe war eine Reinigung der Fahrbahn n\u00f6tig und die verunfallte Ducati musste abgeschleppt wurde.<\/p>\n\n\n\n<p>Die Fahrerin muss sich nun wegen fahrl\u00e4ssiger K\u00f6perverletzung sowie der Missachtung der Vorfahrt verantworten.<\/p>\n\n\n\n<h2 class=\"wp-block-heading\">(Mannheim) &#8211; Motorradfahrer st\u00fctzt \/ Unfallverursacher fl\u00fcchtet<\/h2>\n\n\n\n<p>Ein 40-j\u00e4hriger Motoradfahrer befuhr am Donnerstag, 01.06.2023 gegen 13.30 Uhr zun\u00e4chst mit seinem Motorrad den Edinger Riedweg in Fahrtrichtung Essener Stra\u00dfe. Auf H\u00f6he des Penny-Marktes fuhr nach seinen Angaben ein bislang unbekannter Autofahrer mit seinem blauen PKW vom Parkplatz des Supermarktes nach links auf den Edinger Riedweg auf. Um einen Zusammenprall zu verhindern, bremste der 40-J\u00e4hrige ab. Dabei geriet er ins Straucheln und kam schlie\u00dflich zu Fall, verletzte sich leicht und musste medizinisch versorgt werden. Der Unfallverursacher entfernte sich nach dem Unfall von der Unfall\u00f6rtlichkeit ohne seinen Pflichten als Unfallverursacher nachzukommen und lie\u00df den 40-J\u00e4hrigen verletzt zur\u00fcck. Es entstand ein Sachschaden in H\u00f6he von ca. 1.000 Euro.<\/p>\n\n\n\n<ul>\n<li><strong>Zeugen, die Hinweise auf den Unfallverursacher geben k\u00f6nnen, werden gebeten sich beim Polizeirevier Mannheim-Neckarau zu melden, unter: 0621 83397-0.<\/strong><\/li>\n<\/ul>\n\n\n\n<h2 class=\"wp-block-heading\">(Mannheim) &#8211; Jugendliche unweit der Haltestelle Tattersall angegriffen und verletzt \/ Polizei sucht Zeugen<\/h2>\n\n\n<div class=\"wp-block-image\">\n<figure class=\"aligncenter size-full\"><img decoding=\"async\" loading=\"lazy\" width=\"801\" height=\"600\" src=\"https:\/\/speyer24news.com\/wp-content\/uploads\/2020\/05\/Zeugen-gesucht-Neutral.jpg\" alt=\"\" class=\"wp-image-26598\" srcset=\"https:\/\/speyer24news.com\/wp-content\/uploads\/2020\/05\/Zeugen-gesucht-Neutral.jpg 801w, https:\/\/speyer24news.com\/wp-content\/uploads\/2020\/05\/Zeugen-gesucht-Neutral-300x225.jpg 300w, https:\/\/speyer24news.com\/wp-content\/uploads\/2020\/05\/Zeugen-gesucht-Neutral-768x575.jpg 768w, https:\/\/speyer24news.com\/wp-content\/uploads\/2020\/05\/Zeugen-gesucht-Neutral-678x509.jpg 678w, https:\/\/speyer24news.com\/wp-content\/uploads\/2020\/05\/Zeugen-gesucht-Neutral-326x245.jpg 326w, https:\/\/speyer24news.com\/wp-content\/uploads\/2020\/05\/Zeugen-gesucht-Neutral-80x60.jpg 80w\" sizes=\"(max-width: 801px) 100vw, 801px\" \/><\/figure><\/div>\n\n\n<p>Am Samstag, den 27.05.2023, randalierte um kurz vor 17 Uhr eine Gruppe junger M\u00e4nner im Kaiserring in der Mannheimer Oststadt. Dabei schlugen sie gegen Scheiben und versuchten sich unbefugt Zutritt in ein Geb\u00e4ude zu verschaffen. Als zwei Jugendliche dem Einhalt gebieten wollten, wurden sie von der Gruppe attackiert und mit Tritten und Schl\u00e4gen sowie einer Glasflasche verletzt. Auf einen Mitarbeiter eines Hotels, der den Angegriffenen zur Hilfe eilte, pr\u00fcgelte man ebenfalls ein. Als die Polizei verst\u00e4ndigt wurde, fl\u00fcchteten die T\u00e4ter in Richtung Tattersall. Die leicht Verletzten mussten im Krankenhaus behandelt werden.<\/p>\n\n\n\n<p>Die Polizei leitete die Ermittlungen wegen gemeinschaftlicher gef\u00e4hrlicher K\u00f6rperverletzung ein.<\/p>\n\n\n\n<ul>\n<li><strong>Zeugen, die sachdienliche Hinweise geben k\u00f6nnen, werden gebeten sich beim Polizeirevier Mannheim-Oststadt, unter der Telefonnummer 0621-174331-0, zu melden.<\/strong><\/li>\n<\/ul>\n\n\n\n<h2 class=\"wp-block-heading\">(Heidelberg) &#8211; Bewohner \u00fcberrascht Einbrecher \/ Polizei sucht Zeugen<\/h2>\n\n\n\n<p>Am Sonntag wurde in den fr\u00fchen Morgenstunden ein Bewohner der Rastatter Stra\u00dfe von seltsamen Ger\u00e4uschen an seiner Wohnungst\u00fcre geweckt. Als er gegen 4 Uhr der Ursache der Ger\u00e4usche nachging, erblickte er durch den T\u00fcrspion einen Mann, der sich am Schloss zu schaffen machte. Als der 33-J\u00e4hrige dann bemerkte, wie sich der innen steckende Schl\u00fcssel zu drehen begann, h\u00e4mmerte er gegen die T\u00fcre und der Einbrecher rannte davon. <\/p>\n\n\n\n<ul>\n<li><strong>Der T\u00e4ter war ungef\u00e4hr 20 Jahre alt, von kr\u00e4ftiger Statur und trug schulterlange, dunkle Locken sowie ein wei\u00dfes T-Shirt. <\/strong><\/li>\n<\/ul>\n\n\n\n<p>Die Polizei nahm die Ermittlungen wegen des versuchten Wohnungseinbruchsdiebstahls auf.<\/p>\n\n\n\n<ul>\n<li><strong>Zeugen, die sachdienliche Hinweise geben k\u00f6nnen, werden gebeten sich beim kriminalpolizeilichen Hinweistelefon, unter der Telefonnummer 0621\/174-4444, zu melden.<\/strong><\/li>\n<\/ul>\n\n\n\n<h2 class=\"wp-block-heading\">(Heidelberg) &#8211; Polizei stoppt mehrere Raser bei Kontrollen<\/h2>\n\n\n\n<p>In der Nacht von Samstag auf Sonntag f\u00fchrten Beamtinnen und Beamte des Polizeireviers Heidelberg-S\u00fcd Geschwindigkeitskontrollen an der Speyerer Stra\u00dfe durch. Die Geschwindigkeit der vierspurigen Stra\u00dfe ist innerhalb des Stadtgebiets auf 50 km\/h beschr\u00e4nkt. Leider zeigte sich, dass es immer noch Unverbesserliche gibt, die durch ihre Raserei sich und andere gef\u00e4hrden. Neben mehreren kleineren Verst\u00f6\u00dfen musste die Polizei auch deutliche \u00dcberschreitungen der zul\u00e4ssigen H\u00f6chstgeschwindigkeit feststellen. Ein Verkehrsteilnehmer fuhr mehr als 26 km\/h zu schnell, zwei weitere lagen mit ihren hochmotorisierten Fahrzeugen sogar mehr als 36 km\/h \u00fcber der zul\u00e4ssigen H\u00f6chstgeschwindigkeit. Trauriger Spitzenreiter war aber ein Taxifahrer, der mit knapp 100 km\/h unterwegs war, also doppelt so schnell fuhr als erlaubt.<\/p>\n\n\n\n<p>Alle vier Raser m\u00fcssen mit einem Fahrverbot und einem hohen Bu\u00dfgeld rechnen.<\/p>\n\n\n\n<h2 class=\"wp-block-heading\">(Br\u00fchl \/ Rhein-Neckar-Kreis) &#8211; Einbruch in Wohnung \/ Zeugenaufruf<\/h2>\n\n\n\n<p>In der Stra\u00dfe Rosengarten kam es am Samstag zwischen 12.00 Uhr und 20.30 Uhr zu einem Einbruch in eine Wohnung. Eine bislang unbekannte T\u00e4terschaft gelangte im genannten Tatzeitraum auf bislang unbekannte Art und Weise in die Wohnung der Gesch\u00e4digten und entwendete dort Schmuckst\u00fccke in H\u00f6he eines f\u00fcnfstelligen Betrages. Zum Tatzeitpunkt befand sich die Anwohnerin vermutlich in ihrem, hinter dem Haus liegenden Garten und f\u00fchrte dort Gartenarbeiten durch.<\/p>\n\n\n\n<p>Zeugen, die verd\u00e4chtige Wahrnehmungen machen konnten oder Hinweise auf den T\u00e4ter geben k\u00f6nnen, werden gebeten sich bei dem Kriminaldauerdienst zu melden, unter 0621- 174 4444.<\/p>\n\n\n\n<h2 class=\"wp-block-heading\">(Ketsch \/ Rhein-Neckar-Kreis) &#8211; Felgen von geparktem PKW entwendet \/ Polizei sucht Zeugen<\/h2>\n\n\n\n<p>Eine b\u00f6se \u00dcberraschung erlebte ein Mann aus \u00d6sterreich, als er morgens zu seinem im Kreuzwiesenweg geparkten Mercedes kam. Vermutlich in der Nacht von Samstag auf Sonntag entwendete eine bislang noch unbekannte T\u00e4terschaft die zwei hinteren R\u00e4der seines Autos. Dazu bockten sie den Mercedes auf zwei Holzkl\u00f6tze auf. An den Vorderr\u00e4dern waren ebenfalls schon die Radmuttern gel\u00f6st worden, jedoch unterblieb aus bislang unbekannten Gr\u00fcnden deren Diebstahl. Der Schaden betr\u00e4gt knapp 4000 Euro.<\/p>\n\n\n\n<p>Die Polizei leitete die Ermittlungen wegen Diebstahls ein.<\/p>\n\n\n\n<ul>\n<li><strong>Zeugen, die sachdienliche Hinweise geben k\u00f6nnen, insbesondere zu Personen, die sich dort an einem wei\u00dfen Mercedes zu schaffen machten, werden gebeten sich beim Polizeirevier Schwetzingen, unter der Telefonnummer 06202-288-0, zu melden.<\/strong><\/li>\n<\/ul>\n\n\n\n<h2 class=\"wp-block-heading\">(Sinsheim \/ Rhein-Neckar-Kreis) &#8211; Positive Bilanz bei Kontrollma\u00dfnahmen in Sinsheim \/ Verkehrsteilnehmer verhalten sich gro\u00dfteils vorbildlich<\/h2>\n\n\n\n<p>Im Rahmen der Konzeption &#8222;Sicher in Sinsheim&#8220; f\u00fchrte das Polizeirevier Sinsheim Freitag- und Samstagabend bis jeweils in die fr\u00fchen Morgenstunden Verkehrskontrollen im Bereich der Sinsheimer Innenstadt, der Neulandstra\u00dfe, Dietmar-Hopp-Stra\u00dfe sowie in Sinsheim-Weiler und Sinsheim-Reihen statt. Dabei wurden 108 Fahrzeuge und 132 Personen kontrolliert. Erfreulicherweise verhielten sich die meisten Verkehrsteilnehmer vorbildlich. Deshalb konnte die Polizei insgesamt f\u00fcr die Kontrollaktion eine positive Bilanz ziehen, wenngleich die Polizeibeamtinnen und Polizeibeamten unter anderem einmal Fahren ohne Fahrerlaubnis, einmal Erm\u00e4chtigen zum Fahren ohne Fahrerlaubnis und zweimal Fahren unter Alkoholeinfluss mit \u00fcber 1,8 Promille und \u00fcber 0,4 Promille feststellen konnten. Weiterhin konnten drei Verst\u00f6\u00dfe gegen das Versicherungsgesetz durch E-Scooter und Mopeds festgestellt werden.<\/p>\n\n\n\n<p>In Sinsheim-Reihen fand zudem ein Musikfestival statt, das insgesamt ebenfalls friedlich verlief. Zweimal wurden die Polizeibeamtinnen und Polizeibeamten zu k\u00f6rperlichen Auseinandersetzungen gerufen. In beiden F\u00e4llen wird wegen K\u00f6rperverletzung ermittelt. Die genauen Hintergr\u00fcnde der Taten sind bislang jedoch noch Gegenstand der weiteren Ermittlungen des Polizeireviers Sinsheim. Zwei der Beteiligten wurde bei der Auseinandersetzung leicht verletzt.<\/p>\n\n\n\n<h2 class=\"wp-block-heading\">(Neckarbischofsheim \/ Rhein-Neckar-Kreis) &#8211; Illegale M\u00fcllentsorgung \/ Zeugen gesucht!<\/h2>\n\n\n<div class=\"wp-block-image\">\n<figure class=\"aligncenter size-full\"><img decoding=\"async\" loading=\"lazy\" width=\"800\" height=\"535\" src=\"https:\/\/speyer24news.com\/wp-content\/uploads\/2023\/06\/DSC_0004.jpg\" alt=\"\" class=\"wp-image-52472\" srcset=\"https:\/\/speyer24news.com\/wp-content\/uploads\/2023\/06\/DSC_0004.jpg 800w, https:\/\/speyer24news.com\/wp-content\/uploads\/2023\/06\/DSC_0004-300x201.jpg 300w, https:\/\/speyer24news.com\/wp-content\/uploads\/2023\/06\/DSC_0004-768x514.jpg 768w\" sizes=\"(max-width: 800px) 100vw, 800px\" \/><\/figure><\/div>\n\n\n<p>Am Freitag gegen 09.00 Uhr meldete eine Passantin eine illegale M\u00fcllentsorgung im Wald in der N\u00e4he des Gemeindeverbindungswegs in Richtung Sinsheim-Adersbach. Ein bislang unbekannter T\u00e4ter entr\u00fcmpelte offensichtlich eine Wohnung und entsorgte das Mobiliar einer Einbauk\u00fcche mit Inhalt sowie eine alte W\u00e4scheschleuder und einen Bad-Spiegelschrank. In dem Mobiliar der K\u00fcche sowie dem Spiegelschrank befanden sich teilweise noch Lebensmittel und Haushaltsutensilien. Die Gesamtmenge wird auf ca. zwei cbm gesch\u00e4tzt. Die Entsorgung wurde durch den Bauhof Neckarbischofsheim vorgenommen.<\/p>\n\n\n<div class=\"wp-block-image\">\n<figure class=\"aligncenter size-full\"><img decoding=\"async\" loading=\"lazy\" width=\"800\" height=\"535\" src=\"https:\/\/speyer24news.com\/wp-content\/uploads\/2023\/06\/DSC_0005.jpg\" alt=\"\" class=\"wp-image-52473\" srcset=\"https:\/\/speyer24news.com\/wp-content\/uploads\/2023\/06\/DSC_0005.jpg 800w, https:\/\/speyer24news.com\/wp-content\/uploads\/2023\/06\/DSC_0005-300x201.jpg 300w, https:\/\/speyer24news.com\/wp-content\/uploads\/2023\/06\/DSC_0005-768x514.jpg 768w\" sizes=\"(max-width: 800px) 100vw, 800px\" \/><\/figure><\/div>\n\n\n<ul>\n<li><strong>Zeugen, die Hinweise auf den Verursacher haben, werden gebeten dies dem Polizeiposten Waibstadt zu melden, unter: 07263 910675.<\/strong><\/li>\n<\/ul>\n\n\n\n<h2 class=\"wp-block-heading\">(Eberbach \/ Rhein-Neckar-Kreis) &#8211; Einbruch in Kindergarten \/ Zeugen gesucht!<\/h2>\n\n\n\n<p>Im Tatzeitraum von Freitagmittag, 15.15 Uhr bis Sonntagmittag, 16.00 Uhr wurde in einen Kindergarten in der Odenwaldstra\u00dfe in Eberbach eingebrochen. Zugang zu den R\u00e4umlichkeiten verschaffte man sich nach ersten Erkenntnissen \u00fcber ein r\u00fcckseitig gelegenes Fenster. Es wurde u.a. mehrere Laptops, eine Musikbox sowie Bargeld entwendet. Ein genauer Diebstahlsschaden ist aktuell noch Gegenstand der Ermittlungen.<\/p>\n\n\n\n<p>Die Ermittlungen wurden durch das Polizeirevier Eberbach unter Hinzuziehung der Zentralen Kriminaltechnik der Kriminalpolizei des Polizeipr\u00e4sidiums Mannheim aufgenommen.<\/p>\n\n\n\n<ul>\n<li><strong>Zeugen, die sachdienliche Angaben zum Sachverhalt machen k\u00f6nnen, werden gebeten, sich beim Polizeirevier Eberbach unter 06271\/ 9210-0 zu melden.<\/strong><\/li>\n<\/ul>\n\n\n\n<h2 class=\"wp-block-heading\">(Eberbach \/ Rhein-Neckar-Kreis) &#8211; Euro-Paletten von Baustelle entwendet. Polizei sucht Zeugen.<\/h2>\n\n\n\n<p>In der Nacht von Donnerstag auf Freitag entwendete eine bislang unbekannte T\u00e4terschaft f\u00fcnfzig Euro-Paletten von einer Baustelle in der Stra\u00dfe Am Schl\u00fcsselacker, obwohl das Gel\u00e4nde von einem Bauzaun umschlossen ist. Der Schaden betr\u00e4gt knapp 1000 Euro. Auf Grund des Umfangs des Diebesguts erfolgte der Abtransport vermutlich mit einem LKW oder Kleintransporter. Die Polizei nahm die Ermittlungen wegen des besonders schweren Falls des Diebstahls auf.<\/p>\n\n\n\n<ul>\n<li><strong>Zeugen, die sachdienliche Hinweise geben k\u00f6nnen, insbesondere zu verd\u00e4chtigen Fahrzeugen im Bereich Am Schl\u00fcsselacker, werden gebeten sich beim Polizeirevier Eberbach, unter der Telefonnummer 06271-9210-0, zu melden.<\/strong><\/li>\n<\/ul>\n","protected":false},"excerpt":{"rendered":"<div class=\"mh-excerpt\"><p>Polizeimeldungen vom Montag (05.06.2023) (Speyer) &#8211; Verkehrsunfall an Ampelkreuzung mit alkoholisiertem Fahrer Am Sonntag gegen 21:10 Uhr befuhr ein 42-J\u00e4hriger mit seinem PKW die B39, verlie\u00df diese an der Anschlussstelle Speyer-Zentrum und ordnete sich links <a class=\"mh-excerpt-more\" href=\"https:\/\/speyer24news.com\/?p=52469\" title=\"Polizeimeldungen Montag (05.06.2023)\">[&#8230;]<\/a><\/p>\n<\/div>","protected":false},"author":3,"featured_media":26162,"comment_status":"open","ping_status":"open","sticky":false,"template":"","format":"standard","meta":{"_monsterinsights_skip_tracking":false,"_monsterinsights_sitenote_active":false,"_monsterinsights_sitenote_note":"","_monsterinsights_sitenote_category":0,"footnotes":""},"categories":[15659],"tags":[7243,7244,3614,350,14537,15084,15267,14538,15361,15845,702,61,2555,6955,6986,6263,63,105,11150,6987,53,4854,13534,4683,1548,4905,11592,102,13626,213,14325,14324,13553,13541,55,8277,6368,5261,103,106,2803,2423,427,2625,380,62,104,979,1565],"aioseo_notices":[],"amp_enabled":true,"_links":{"self":[{"href":"https:\/\/speyer24news.com\/index.php?rest_route=\/wp\/v2\/posts\/52469"}],"collection":[{"href":"https:\/\/speyer24news.com\/index.php?rest_route=\/wp\/v2\/posts"}],"about":[{"href":"https:\/\/speyer24news.com\/index.php?rest_route=\/wp\/v2\/types\/post"}],"author":[{"embeddable":true,"href":"https:\/\/speyer24news.com\/index.php?rest_route=\/wp\/v2\/users\/3"}],"replies":[{"embeddable":true,"href":"https:\/\/speyer24news.com\/index.php?rest_route=%2Fwp%2Fv2%2Fcomments&post=52469"}],"version-history":[{"count":1,"href":"https:\/\/speyer24news.com\/index.php?rest_route=\/wp\/v2\/posts\/52469\/revisions"}],"predecessor-version":[{"id":52474,"href":"https:\/\/speyer24news.com\/index.php?rest_route=\/wp\/v2\/posts\/52469\/revisions\/52474"}],"wp:featuredmedia":[{"embeddable":true,"href":"https:\/\/speyer24news.com\/index.php?rest_route=\/wp\/v2\/media\/26162"}],"wp:attachment":[{"href":"https:\/\/speyer24news.com\/index.php?rest_route=%2Fwp%2Fv2%2Fmedia&parent=52469"}],"wp:term":[{"taxonomy":"category","embeddable":true,"href":"https:\/\/speyer24news.com\/index.php?rest_route=%2Fwp%2Fv2%2Fcategories&post=52469"},{"taxonomy":"post_tag","embeddable":true,"href":"https:\/\/speyer24news.com\/index.php?rest_route=%2Fwp%2Fv2%2Ftags&post=52469"}],"curies":[{"name":"wp","href":"https:\/\/api.w.org\/{rel}","templated":true}]}}