{"id":52488,"date":"2023-06-07T06:54:21","date_gmt":"2023-06-07T05:54:21","guid":{"rendered":"https:\/\/speyer24news.com\/?p=52488"},"modified":"2023-06-07T06:54:23","modified_gmt":"2023-06-07T05:54:23","slug":"polizeimeldungen-dienstag-06-06-2023","status":"publish","type":"post","link":"https:\/\/speyer24news.com\/?p=52488","title":{"rendered":"Polizeimeldungen Dienstag (06.06.2023)"},"content":{"rendered":"<style type=\"text\/css\">\r\n\t.ads_top_disp{}\r\n\t.ads_top_corner_disp{ float:left; margin:0px 10px 10px 0px; }\r\n\t.ads_first_p_disp{}\r\n\t.ads_bottom_disp{}\r\n\t<\/style>\n<h2 class=\"wp-block-heading\">Polizeimeldungen vom Dienstag (06.06.2023)<\/h2>\n\n\n<div class=\"wp-block-image\">\n<figure class=\"aligncenter size-full\"><img decoding=\"async\" loading=\"lazy\" width=\"375\" height=\"500\" src=\"https:\/\/speyer24news.com\/wp-content\/uploads\/2022\/03\/Aktuelles-Polizeilogo.jpg\" alt=\"\" class=\"wp-image-43591\" srcset=\"https:\/\/speyer24news.com\/wp-content\/uploads\/2022\/03\/Aktuelles-Polizeilogo.jpg 375w, https:\/\/speyer24news.com\/wp-content\/uploads\/2022\/03\/Aktuelles-Polizeilogo-225x300.jpg 225w\" sizes=\"(max-width: 375px) 100vw, 375px\" \/><\/figure><\/div>\n\n\n<h2 class=\"wp-block-heading\">(Speyer) &#8211; Diebstahl eines hochwertigen Pedelecs in der Bahnhofstra\u00dfe<\/h2>\n\n\n\n<p>Am Samstag, den 03.06.2023, um 8:30 Uhr stellte ein junger Mann aus dem Rhein-Pfalz-Kreis sein hochwertiges Herren-Pedelec der Marke Cube, Modell Stereo Hybrid 140 HPC Race 625, in den Farben grau-gelb in der Bahnhofstra\u00dfe bei einem Asiatischen Restaurant an einem Fahrradst\u00e4nder an der Geb\u00e4udeseite verschlossen ab. Als er bereits um 9:30 Uhr wieder zu seinem Fahrrad kam, bemerkte er, dass dieses gestohlen war. Der Wert des Diebesguts liegt bei ca. 4.000 Euro.<\/p>\n\n\n\n<ul>\n<li><strong>Zeugen werden gebeten, sich bei der Polizei Speyer unter Tel. 06232 \/ 137-0 oder per E-Mail an\u00a0<a href=\"mailto:%20pispeyer@polizei.rlp.de\">pispeyer@polizei.rlp.de<\/a>\u00a0zu wenden.<\/strong><\/li>\n<\/ul>\n\n\n\n<h2 class=\"wp-block-heading\">(Dudenhofen) &#8211; Versuchter Einbruch in Apotheke und \u00c4rztehaus<\/h2>\n\n\n\n<p>Bereits in der Nacht vom 01.06. auf den 02.06.2023 versuchten unbekannte T\u00e4ter die seitliche Zugangst\u00fcr einer Apotheke sowie die gegen\u00fcberliegende Zugangst\u00fcr eines \u00c4rztehauses in der Speyerer Stra\u00dfe aufzuhebeln. Den T\u00e4tern gelang es nicht, in das Geb\u00e4ude einzudringen. Der Sachschaden liegt bei ca. 2.000 Euro. Der Einbruchsversuch wurde der Polizei mit zeitlichem Verzug bekannt.<\/p>\n\n\n\n<ul>\n<li><strong>Zeugen werden gebeten, sich bei der Polizei Speyer unter Tel. 06232 \/ 137-0 oder per E-Mail an\u00a0<a href=\"mailto:%20pispeyer@polizei.rlp.de\">pispeyer@polizei.rlp.de<\/a>\u00a0zu wenden.<\/strong><\/li>\n<\/ul>\n\n\n\n<h2 class=\"wp-block-heading\">(Schifferstadt) &#8211; Streit um Spielautomaten eskaliert<\/h2>\n\n\n<div class=\"wp-block-image\">\n<figure class=\"aligncenter size-full\"><img decoding=\"async\" loading=\"lazy\" width=\"800\" height=\"533\" src=\"https:\/\/speyer24news.com\/wp-content\/uploads\/2021\/11\/Schlaegerei.jpg\" alt=\"\" class=\"wp-image-42366\" srcset=\"https:\/\/speyer24news.com\/wp-content\/uploads\/2021\/11\/Schlaegerei.jpg 800w, https:\/\/speyer24news.com\/wp-content\/uploads\/2021\/11\/Schlaegerei-300x200.jpg 300w, https:\/\/speyer24news.com\/wp-content\/uploads\/2021\/11\/Schlaegerei-768x512.jpg 768w\" sizes=\"(max-width: 800px) 100vw, 800px\" \/><figcaption class=\"wp-element-caption\">Beispielbild Schl\u00e4gerei \/ K\u00f6rperverletzung, dient lediglich der Visualisierung<\/figcaption><\/figure><\/div>\n\n\n<p>Zu einem handfesten Streit kam es am vergangenen Montagabend vor einer Spielhalle in der Ludwigstra\u00dfe. Ausl\u00f6ser des Handgemenges war die unterschiedliche Nutzungsauslegung eines in der Spielhalle aufgestellten Automaten, das sich dann nach au\u00dfen verlagerte. Dort versetzte ein alkoholisierter 39-j\u00e4hriger aus Schifferstadt, der unbedingt an einem Automaten spielen wollte, seinem 49-j\u00e4hrigen Kontrahenten, der offensichtlich zuvor zwei der begehrten Objekte bespielt hatte, einen Kopfsto\u00df. Dieser erwiderte den Kopfsto\u00df mit Faustschl\u00e4gen, wodurch der 39-j\u00e4hrige Platzwunden im Gesicht erlitt und danach in ein Speyerer Krankenhaus gebracht werden musste. Beide Streith\u00e4hne erwartet nun ein Verfahren wegen K\u00f6rperverletzung.<\/p>\n\n\n\n<h2 class=\"wp-block-heading\">(Schifferstadt) &#8211; SMS-Phishing<\/h2>\n\n\n<div class=\"wp-block-image\">\n<figure class=\"aligncenter size-full\"><img decoding=\"async\" loading=\"lazy\" width=\"800\" height=\"529\" src=\"https:\/\/speyer24news.com\/wp-content\/uploads\/2023\/06\/Hacker-Internet-Phising-Datenklau.jpg\" alt=\"\" class=\"wp-image-52489\" srcset=\"https:\/\/speyer24news.com\/wp-content\/uploads\/2023\/06\/Hacker-Internet-Phising-Datenklau.jpg 800w, https:\/\/speyer24news.com\/wp-content\/uploads\/2023\/06\/Hacker-Internet-Phising-Datenklau-300x198.jpg 300w, https:\/\/speyer24news.com\/wp-content\/uploads\/2023\/06\/Hacker-Internet-Phising-Datenklau-768x508.jpg 768w\" sizes=\"(max-width: 800px) 100vw, 800px\" \/><\/figure><\/div>\n\n\n<p>Opfer einer sogenannten Phishing-SMS wurde eine 49-j\u00e4hrige aus Schifferstadt am vergangenen Freitag. Ein unbekannter T\u00e4ter, der sich als Sparkasse ausgab, verschickte eine SMS mit der Aufforderung, die push-TAN zu erneuern. In der Folge gab die Gesch\u00e4digte \u00fcber einen LINK in der SMS die s\u00e4mtlichen geforderten Daten ein. Am gleichen Abend erhielt die 49-j\u00e4hrige dann einen Anruf einer angeblichen Sparkassen-Mitarbeiterin die angab, dass die Eingabe der Daten nicht funktioniert habe und dies nun noch einmal alles durchzugehen sei. Kurze Zeit sp\u00e4ter erhielt die Frau einen Anruf einer tats\u00e4chlichen Sparkassen-Kundenberaterin die ihr sagte, dass es zu einer Abbuchung von knapp 5.000 Euro von ihrer Kreditkarte gekommen sei. Die Abbuchung konnte jedoch zur\u00fcckgehalten werden, so dass der Frau aus Schifferstadt kein Schaden entstand.<\/p>\n\n\n\n<h2 class=\"wp-block-heading\">(Neupotz) &#8211; Fl\u00e4chenbrand am Baggersee<\/h2>\n\n\n<div class=\"wp-block-image\">\n<figure class=\"aligncenter size-full\"><img decoding=\"async\" loading=\"lazy\" width=\"800\" height=\"534\" src=\"https:\/\/speyer24news.com\/wp-content\/uploads\/2021\/11\/KW-44a-Hilfsfeuerwehr-im-Pantanal-dank-Wilhelma-erfolgreich-05.11.2021-Bild-1.jpg\" alt=\"\" class=\"wp-image-42276\" srcset=\"https:\/\/speyer24news.com\/wp-content\/uploads\/2021\/11\/KW-44a-Hilfsfeuerwehr-im-Pantanal-dank-Wilhelma-erfolgreich-05.11.2021-Bild-1.jpg 800w, https:\/\/speyer24news.com\/wp-content\/uploads\/2021\/11\/KW-44a-Hilfsfeuerwehr-im-Pantanal-dank-Wilhelma-erfolgreich-05.11.2021-Bild-1-300x200.jpg 300w, https:\/\/speyer24news.com\/wp-content\/uploads\/2021\/11\/KW-44a-Hilfsfeuerwehr-im-Pantanal-dank-Wilhelma-erfolgreich-05.11.2021-Bild-1-768x513.jpg 768w\" sizes=\"(max-width: 800px) 100vw, 800px\" \/><\/figure><\/div>\n\n\n<p>Zu einem Fl\u00e4chenbrand kam es am Montag, den 05.06.23 gegen 19:10 Uhr am Baggersee bei Neupotz. Auf einer Fl\u00e4che von ca. 100m x 10m verbrannte trockene Wiese. Die freiwillige Feuerwehr konnte den Brand schnell kontrollieren und l\u00f6schen. Als Brandursache d\u00fcrfte eine Selbstentz\u00fcndung durch die anhaltende Trockenheit und leicht entz\u00fcndliche Pollen wahrscheinlich sein. Achten Sie deshalb w\u00e4hrend der Trockenphase auch insbesondere darauf, keine gl\u00fchenden Zigaretten wegzuwerfen und einen Brand zu beg\u00fcnstigen.<\/p>\n\n\n\n<h2 class=\"wp-block-heading\">(Bad Bergzabern) &#8211; Gekl\u00e4rte Unfallflucht mit erheblichem Sachschaden<\/h2>\n\n\n<div class=\"wp-block-image\">\n<figure class=\"aligncenter size-full\"><img decoding=\"async\" loading=\"lazy\" width=\"800\" height=\"588\" src=\"https:\/\/speyer24news.com\/wp-content\/uploads\/2023\/06\/InkedUnfallfluchtMaxburgring_LI.jpg\" alt=\"\" class=\"wp-image-52490\" srcset=\"https:\/\/speyer24news.com\/wp-content\/uploads\/2023\/06\/InkedUnfallfluchtMaxburgring_LI.jpg 800w, https:\/\/speyer24news.com\/wp-content\/uploads\/2023\/06\/InkedUnfallfluchtMaxburgring_LI-300x221.jpg 300w, https:\/\/speyer24news.com\/wp-content\/uploads\/2023\/06\/InkedUnfallfluchtMaxburgring_LI-768x564.jpg 768w, https:\/\/speyer24news.com\/wp-content\/uploads\/2023\/06\/InkedUnfallfluchtMaxburgring_LI-80x60.jpg 80w\" sizes=\"(max-width: 800px) 100vw, 800px\" \/><\/figure><\/div>\n\n\n<p>Am Morgen des 06.06.2023, gegen 06:00 Uhr, wurden auf einem Parkplatz im Maxburgring drei erheblich besch\u00e4digte geparkte Fahrzeuge gemeldet. Die Ermittlungen ergaben einen zun\u00e4chst unbekannten Unfallversucher, welcher den Maxburgring in Richtung Kurf\u00fcrstenstra\u00dfe befuhr. Auf H\u00f6he des Anwesens Nummer 9 kam der Fahrzeugf\u00fchrer nach links von der Stra\u00dfe ab und prallte gegen drei geparkte Fahrzeuge. Anschlie\u00dfend entfernte sich der Verursacher mit seinem stark besch\u00e4digten Fahrzeug unerlaubt von der Unfallstelle. Im Zuge der Fahndungsma\u00dfnahmen konnte das stark besch\u00e4digte Fahrzeug des Unfallverursachers in der N\u00e4he der Unfallstelle aufgefunden und der verantwortliche Fahrer ermittelt werden. Dem alkoholisierten 37-J\u00e4hrigen wurde eine Blutprobe entnommen und ein Strafverfahren wegen Stra\u00dfenverkehrsgef\u00e4hrdung und Unerlaubtem Entfernen vom Unfallort eingeleitet. Bei dem Verkehrsunfall, welcher sich nach Zeugenangaben bereits in der Nacht gegen 03:00 Uhr ereignete, entstand ein Gesamtschaden in H\u00f6he von 29000.- Euro.<\/p>\n\n\n\n<h2 class=\"wp-block-heading\">(L 499 \/ Elmstein) &#8211; Kontrolle Durchfahrtverbot f\u00fcr Motorr\u00e4der<\/h2>\n\n\n\n<p>Am Sonntag, den 04.062023 wurde das Verbot der Durchfahrt f\u00fcr Motorr\u00e4der am Wochenende auf der L499 \u00fcberpr\u00fcft. Bei der ersten Kontrolle gg. 13:00 Uhr in Erfenstein wurden f\u00fcnf Motorradfahrer verwarnt, die nicht zur Durchfahrt berechtigt waren. Bei einer zweiten Kontrolle in Erfenstein und Elmstein von ca. 15:00 Uhr bis 18:00 Uhr wurden 13 Motorradfahrer verwarnt, die unberechtigt durchfahren wollten.<\/p>\n\n\n\n<h2 class=\"wp-block-heading\">(Wachenheim) &#8211; Verkehrsunfall auf der B271<\/h2>\n\n\n\n<p>Am Montagmittag kam es gegen 13:35 Uhr auf der B271, H\u00f6he Anschlussstelle Wachenheim \/ Friedelsheim, zu einem Verkehrsunfall. Hierbei wollte ein aus Richtung der L525 kommender Teslafahrer auf die B271 auffahren, musste aber aufgrund des stockenden Verkehrs auf der B271 wieder zur\u00fcck auf den Beschleunigungsstreifen lenken, wo er auf einen vorausfahrenden VW Sharan auffuhr. Im Rahmen der Unfallaufnahme konnten an dem Tesla mehrere Streifsch\u00e4den festgestellt werden, die nicht mit der Kollision mit dem VW Sharan in Einklang zu bringen waren. Es ist daher nicht auszuschlie\u00dfen, dass noch ein weiterer Pkw durch den Verkehrsvorgang besch\u00e4digt wurde. Die beiden Unfallfahrzeuge waren nicht mehr fahrbereit und mussten abgeschleppt werden. Es entstand ein Schaden von ca. 13.000 Euro.<\/p>\n\n\n\n<ul>\n<li><strong>Weitere potentiell gesch\u00e4digte Fahrzeugf\u00fchrer oder Zeugen, die den Verkehrsunfall beobachtet haben, werden gebeten, sich mit der Polizeiinspektion Bad D\u00fcrkheim unter 06322 9630 oder per Email an\u00a0<a href=\"mailto:%20pibadduerkheim@polizei.rlp.de\">pibadduerkheim@polizei.rlp.de<\/a>\u00a0in Verbindung zu setzen.<\/strong><\/li>\n<\/ul>\n\n\n\n<h2 class=\"wp-block-heading\">(Friedelsheim) &#8211; Zeugensuche nach Verkehrsunfallflucht<\/h2>\n\n\n\n<p>Im Zeitraum vom 04.06.2023, 18:00 Uhr bis 05.06.2023, 12:00 Uhr ereignete sich in der D\u00fcrkheimer Stra\u00dfe eine Verkehrsunfallflucht. Hierbei besch\u00e4digte der unbekannte Verursacher den geparkten Mercedes-Benz des Gesch\u00e4digten vermutlich beim Ein- oder Ausparken am vorderen linken Kotfl\u00fcgel, wodurch ein Sachschaden von ca. 2500 Euro entstand.<\/p>\n\n\n\n<ul>\n<li><strong>Zeugen, die den Verkehrsunfall beobachtet haben oder Hinweise zu dem Verursacher geben k\u00f6nnen, melden sich bitte bei der Polizeiinspektion Bad D\u00fcrkheim unter 06322 9630 oder per Email an\u00a0<a href=\"mailto:%20pibadduerkheim@polizei.rlp.de\">pibadduerkheim@polizei.rlp.de<\/a>.<\/strong><\/li>\n<\/ul>\n\n\n\n<h2 class=\"wp-block-heading\">(Bad D\u00fcrkheim) &#8211; Diebstahl von Anh\u00e4nger<\/h2>\n\n\n\n<p>Unbekannte T\u00e4ter entwendeten im Zeitraum, 04.06.2023, 12:00 Uhr, bis 05.06.2023, 10:00 Uhr, von einem Grundst\u00fcck im Gewerbegebiet Bruch einen dort abgestellten Kofferanh\u00e4nger. In dem Anh\u00e4nger befanden sich zahlreiche hochwertige Werkzeuge. Es entstand ein Sachschaden von circa 35.000 Euro. Die Polizeiinspektion Bad D\u00fcrkheim hat die Ermittlungen aufgenommen. <\/p>\n\n\n\n<ul>\n<li><strong>Zeugen, die in der fraglichen Zeit im Gewerbegebiet Bruch Beobachtungen gemacht haben und Hinweise zur Tat geben k\u00f6nnen, werden gebeten sich unter Tel: 06322\/963-0 oder per Mail unter\u00a0<a href=\"mailto:%20pibadduerkheim@polizei.rlp.de\">pibadduerkheim@polizei.rlp.de<\/a>\u00a0zu melden.<\/strong><\/li>\n<\/ul>\n\n\n\n<h2 class=\"wp-block-heading\">(Gr\u00fcnstadt) &#8211; Fahren unter Drogeneinfluss<\/h2>\n\n\n\n<p>Am Montag, 05.06.23, 21:12 Uhr wurde die 48-j\u00e4hrige Fahrerin eines PKW in der Kaiserhecke einer Verkehrskontrolle unterzogen. W\u00e4hrend der Verkehrskontrolle stellten die eingesetzten Beamten drogentypische Ausfallerscheinungen fest. Ein durchgef\u00fchrter Drogenschnelltest verlief positiv auf Amphetamin und Cannabis. Dies zog die Entnahme einer Blutprobe nach sich. Weiterhin wurde bei der Fahrerin eine geringe Menge Amphetamin aufgefunden und sichergestellt. Entsprechende Anzeigen werden bei der Bu\u00dfgeldstelle und Staatsanwaltschaft vorgelegt.<\/p>\n\n\n\n<h2 class=\"wp-block-heading\">(Gr\u00fcnstadt) &#8211; Fahren ohne Fahrerlaubnis unter Drogeneinfluss<\/h2>\n\n\n\n<p>Am Montag, 05.06.23, 18:40 Uhr wurde der Fahrer eines Kleinkraftrades in der Ferdinand-Porsche-Stra\u00dfe einer Verkehrskontrolle unterzogen. Hierbei wurde durch die eingesetzten Beamten festgestellt, dass der 64-j\u00e4hrige Fahrer nicht im Besitz der erforderlichen Fahrerlaubnis war. Weiterhin konnten Hinweise auf Drogenkonsum festgestellt werden. Ein entsprechender Drogenschnelltest verlief auf Cannabis und Amphetamin positiv. Gegen den Fahrer wird nun Anzeige wegen Fahren ohne Fahrerlaubnis und Versto\u00df gegen das Bet\u00e4ubungsmittelgesetz erstattet.<\/p>\n\n\n\n<h2 class=\"wp-block-heading\">(Frankenthal) &#8211; Trickdiebstahl durch falschen Wasserwerker<\/h2>\n\n\n<div class=\"wp-block-image\">\n<figure class=\"aligncenter size-full\"><img decoding=\"async\" loading=\"lazy\" width=\"801\" height=\"600\" src=\"https:\/\/speyer24news.com\/wp-content\/uploads\/2020\/05\/Zeugen-gesucht-Neutral.jpg\" alt=\"\" class=\"wp-image-26598\" srcset=\"https:\/\/speyer24news.com\/wp-content\/uploads\/2020\/05\/Zeugen-gesucht-Neutral.jpg 801w, https:\/\/speyer24news.com\/wp-content\/uploads\/2020\/05\/Zeugen-gesucht-Neutral-300x225.jpg 300w, https:\/\/speyer24news.com\/wp-content\/uploads\/2020\/05\/Zeugen-gesucht-Neutral-768x575.jpg 768w, https:\/\/speyer24news.com\/wp-content\/uploads\/2020\/05\/Zeugen-gesucht-Neutral-678x509.jpg 678w, https:\/\/speyer24news.com\/wp-content\/uploads\/2020\/05\/Zeugen-gesucht-Neutral-326x245.jpg 326w, https:\/\/speyer24news.com\/wp-content\/uploads\/2020\/05\/Zeugen-gesucht-Neutral-80x60.jpg 80w\" sizes=\"(max-width: 801px) 100vw, 801px\" \/><\/figure><\/div>\n\n\n<p>Am 05.06.2023, gegen 13.45 Uhr, wurde ein 85-j\u00e4hriger Mann aus der Hans-Holbein-Stra\u00dfe Opfer eines Trickdiebes, nachdem er einen vermeintlichen Wasserwerker in seine Wohnung lie\u00df und ein unbekannter weiterer T\u00e4ter in die Wohnung gelangte und w\u00e4hrend der 85-J\u00e4hrige abgelenkt war mehrere Sammlerm\u00fcnzen entwendete. <\/p>\n\n\n\n<h4 class=\"wp-block-heading\">Der vermeintliche Wasserwerker wird beschrieben als:<\/h4>\n\n\n\n<ul>\n<li><strong>m\u00e4nnlich<\/strong><\/li>\n\n\n\n<li><strong>etwa 180cm gro\u00df<\/strong><\/li>\n\n\n\n<li><strong>ca. 90 bis 100 kg schwer<\/strong><\/li>\n\n\n\n<li><strong>er trug eine helle Jacke und eine Schirmm\u00fctze<\/strong><\/li>\n\n\n\n<li><strong>sprach akzentfreies Deutsch<\/strong><\/li>\n<\/ul>\n\n\n\n<p>Die Schadensh\u00f6he ist bislang noch unbekannt.<\/p>\n\n\n\n<ul>\n<li><strong>Zeugen werden gebeten sich an die Polizeiinspektion Frankenthal unter der Tel.-Nr.: 06233\/313-0 oder an die Polizeiwache Maxdorf unter der Tel.-Nr.: 06237\/934-1100 zu wenden. Gerne nehmen wir Ihre Hinweise auch per E-Mail unter\u00a0<a href=\"mailto:%20pifrankenthal@polizei.rlp.de\">pifrankenthal@polizei.rlp.de<\/a>\u00a0entgegen.<\/strong><\/li>\n<\/ul>\n\n\n\n<h2 class=\"wp-block-heading\">(Frankenthal) &#8211; Einbruch in Schule<\/h2>\n\n\n\n<p>In der Zeit von 03.06.2023, 18.00 Uhr, bis 05.06.2023, 07.00 Uhr, brachen bislang unbekannte T\u00e4ter in eine Schule in der Julius-Bettinger-Stra\u00dfe ein. Sie gelangten durch Aufhebeln eines Fensters in das Innere der Schule und entwendeten mehrere IT-Ger\u00e4te und Fotokameras, sowie einen mittleren 5-stelligen Bargeldbetrag. Der Gesamtschaden wird auf etwa 16.000 Euro gesch\u00e4tzt.<\/p>\n\n\n\n<ul>\n<li><strong>Zeugen werden gebeten sich an die Polizeiinspektion Frankenthal unter der Tel.-Nr.: 06233\/313-0 oder an die Polizeiwache Maxdorf unter der Tel.-Nr.: 06237\/934-1100 zu wenden. Gerne nehmen wir Ihre Hinweise auch per E-Mail unter\u00a0<a href=\"mailto:%20pifrankenthal@polizei.rlp.de\">pifrankenthal@polizei.rlp.de<\/a>\u00a0entgegen.<\/strong><\/li>\n<\/ul>\n\n\n\n<h2 class=\"wp-block-heading\">(Ludwigshafen) &#8211; Vorrang missachtet \/ Radfahrer verletzt<\/h2>\n\n\n\n<p>Am Montagabend war ein 48-j\u00e4hriger Autofahrer auf der Knollstra\u00dfe unterwegs und wollte an der Einm\u00fcndung zur Saarlandstra\u00dfe nach links auf diese abbiegen. Hierbei missachtete sie den Vorrang eines auf dem Radweg der Saarlandstra\u00dfe fahrenden 15-j\u00e4hrigen Radfahrers. Es kam zum Zusammensto\u00df, weshalb der Jugendliche vom Fahrrad st\u00fcrzte und sich verletzte. Er wurde durch den Rettungsdienst in ein umliegendes Krankenhaus gebracht. Gegen den 48-J\u00e4hrigen wird nun wegen fahrl\u00e4ssiger K\u00f6rperverletzung ermittelt.<\/p>\n\n\n\n<h2 class=\"wp-block-heading\">(Ludwigshafen) &#8211; K\u00f6rperverletzung im Friedenspark \/ Zeugen gesucht<\/h2>\n\n\n<div class=\"wp-block-image\">\n<figure class=\"aligncenter size-full\"><img decoding=\"async\" loading=\"lazy\" width=\"800\" height=\"533\" src=\"https:\/\/speyer24news.com\/wp-content\/uploads\/2021\/11\/Schlaegerei.jpg\" alt=\"\" class=\"wp-image-42366\" srcset=\"https:\/\/speyer24news.com\/wp-content\/uploads\/2021\/11\/Schlaegerei.jpg 800w, https:\/\/speyer24news.com\/wp-content\/uploads\/2021\/11\/Schlaegerei-300x200.jpg 300w, https:\/\/speyer24news.com\/wp-content\/uploads\/2021\/11\/Schlaegerei-768x512.jpg 768w\" sizes=\"(max-width: 800px) 100vw, 800px\" \/><figcaption class=\"wp-element-caption\">Beispielbild Schl\u00e4gerei \/ K\u00f6rperverletzung, dient lediglich der Visualisierung<\/figcaption><\/figure><\/div>\n\n\n<p>Am Montagabend (06.06.2023) meldete ein Passant gegen 19:30 Uhr eine verletzte Person im Friedenspark. Vor Ort konnte der 34-j\u00e4hrige Gesch\u00e4digte am Boden liegend, mit Verletzungen im Kopfbereich vorgefunden werden. Er wirkte benommen und konnte keine Angaben zum Sachverhalt machen, weshalb er durch den Rettungsdienst in ein umliegendes Krankenhaus gebracht wurde. Weitere Zeugen gaben an, dass sich der 34-J\u00e4hrige zuvor mit zwei M\u00e4nnern unterhalten habe. Pl\u00f6tzlich habe einer der Beiden dem Gesch\u00e4digten unvermittelt mit der Faust ins Gesicht geschlagen, wodurch dieser sofort zu Boden ging. Danach seien die M\u00e4nner zu Fu\u00df in Richtung B\u00fcrgermeister-Gr\u00fcnzweig-Stra\u00dfe gefl\u00fcchtet. Im Rahmen einer Fahndung konnten die M\u00e4nner nicht mehr festgestellt werden. <\/p>\n\n\n\n<h4 class=\"wp-block-heading\">Durch die Zeugen wurden die beiden Unbekannten wie folgt beschrieben: <\/h4>\n\n\n\n<ul>\n<li><strong>m\u00e4nnlich<\/strong><\/li>\n\n\n\n<li><strong>circa 25 Jahre alt<\/strong><\/li>\n\n\n\n<li><strong>ungef\u00e4hr 1,80\/1,90 m gro\u00df<\/strong><\/li>\n\n\n\n<li><strong>schlanke Statur<\/strong><\/li>\n\n\n\n<li><strong>dunkle nach hinten gegelte Haare<\/strong><\/li>\n\n\n\n<li><strong>trugen Sportkleidung<\/strong><\/li>\n<\/ul>\n\n\n\n<ul>\n<li><strong>Wer hat die Tat beobachtet oder kann Angaben zu den Tatverd\u00e4chtigen machen? <\/strong><\/li>\n\n\n\n<li><strong>Sachdienliche Hinweise bitte an die Polizeiinspektion Ludwigshafen 2, Telefonnummer 0621 963-2222 oder per E-Mail\u00a0<a href=\"mailto:%20piludwigshafen2@polizei.rlp.de\">piludwigshafen2@polizei.rlp.de<\/a>\u00a0.<\/strong><\/li>\n<\/ul>\n\n\n\n<h2 class=\"wp-block-heading\">(Ludwigshafen) &#8211; Supermarkt-Mitarbeiter nach Streitigkeiten verletzt<\/h2>\n\n\n\n<p>Am Montagmorgen (05.06.2023) befanden sich ein 56-j\u00e4hriger Ludwigshafener und sein 19-j\u00e4hriger Sohn in einem Supermarkt in der Edigheimer Stra\u00dfe. Als der 56-J\u00e4hrige mit blo\u00dfen H\u00e4nden Backwaren aus der Auslage nehmen wollte, wurde er durch einen Mitarbeiter angesprochen und gebeten, die hierf\u00fcr vorhandene Zange zu nutzen. Hieraus entwickelte sich ein Streitgespr\u00e4ch, im Rahmen dessen der Ludwigshafener dem Mitarbeiter zun\u00e4chst mehrfach ins Gesicht schlug. Bei einem anschlie\u00dfenden Gerangel auf dem Boden schlug und trat auch der 19-J\u00e4hrige mehrfach auf den Mann ein. Als Zeugen die Polizei verst\u00e4ndigten, fl\u00fcchteten die M\u00e4nner zu Fu\u00df. In einer angrenzenden Parkanlage konnten die beiden Tatverd\u00e4chtigen schlie\u00dflich durch Polizeikr\u00e4fte angetroffen werden. Der 56-J\u00e4hrige best\u00e4tigte die Auseinandersetzung, zeigte sich jedoch uneinsichtig. Der Supermarktmitarbeiter erlitt leichte Verletzungen und wurde durch den Rettungsdienst in ein Krankenhaus gebracht. Vater und Sohn erwartet nun ein Strafverfahren wegen gef\u00e4hrlicher K\u00f6rperverletzung.<\/p>\n\n\n\n<h2 class=\"wp-block-heading\">(Ludwigshafen) &#8211; Diebstahl aus Kindergarten \/ Zeugen gesucht<\/h2>\n\n\n\n<p>Im Zeitraum zwischen Freitagnachmittag (02.06.2023) und Montagmorgen (05.06.2023) verschafften sich Unbekannte Zutritt zu einem Kindergarten in der Hagellochstra\u00dfe und entwendeten mehrere Elektronikger\u00e4te. Die Schadensh\u00f6he wird auf 650 Euro gesch\u00e4tzt.<\/p>\n\n\n\n<ul>\n<li><strong>Wer hat die Tat beobachtet oder im genannten Zeitraum im Bereich der Hagellochstra\u00dfe verd\u00e4chtige Personen beobachtet?<\/strong><\/li>\n\n\n\n<li><strong>Sachdienliche Hinweise bitte an die Polizeiinspektion Ludwigshafen 2, Telefonnummer 0621 963-2222 oder per E-Mail\u00a0<a href=\"mailto:%20piludwigshafen2@polizei.rlp.de\">piludwigshafen2@polizei.rlp.de<\/a>\u00a0.<\/strong><\/li>\n<\/ul>\n\n\n\n<h2 class=\"wp-block-heading\">(Ludwigshafen) &#8211; Verdacht des Drogenhandels \/ Tatverd\u00e4chtiger in Untersuchungshaft<\/h2>\n\n\n\n<h3 class=\"wp-block-heading\">Gemeinsame Pressemitteilung der Staatsanwaltschaft Frankenthal\/Pfalz und des Polizeipr\u00e4sidiums Rheinpfalz<\/h3>\n\n\n<div class=\"wp-block-image\">\n<figure class=\"aligncenter size-full\"><img decoding=\"async\" loading=\"lazy\" width=\"800\" height=\"533\" src=\"https:\/\/speyer24news.com\/wp-content\/uploads\/2020\/06\/Zelle.jpg\" alt=\"\" class=\"wp-image-28203\" srcset=\"https:\/\/speyer24news.com\/wp-content\/uploads\/2020\/06\/Zelle.jpg 800w, https:\/\/speyer24news.com\/wp-content\/uploads\/2020\/06\/Zelle-300x200.jpg 300w, https:\/\/speyer24news.com\/wp-content\/uploads\/2020\/06\/Zelle-768x512.jpg 768w\" sizes=\"(max-width: 800px) 100vw, 800px\" \/><figcaption class=\"wp-element-caption\">Beispielbild Zelle \/ Verhaftung, dient lediglich der Visualisierung<\/figcaption><\/figure><\/div>\n\n\n<p>Am Sonntagabend (04.06.2023) kontrollierten Polizeikr\u00e4fte einen 23-j\u00e4hrigen Mann und eine 19-j\u00e4hrige Frau in der N\u00e4he der Rheingalerie. Da der 23-J\u00e4hrige sich vor Ort nicht ausweisen konnte, begleiteten die Polizeibeamten ihn in die Wohnung der 19-J\u00e4hrigen im Stadtteil Oppau, um seine Ausweispapiere einzusehen. In der Wohnung, in der sich der 23-J\u00e4hrige unangemeldet aufhielt, lag ein Beh\u00e4lter mit Marihuana auf dem Tisch. Bei der anschlie\u00dfenden Wohnungsdurchsuchung, aufgrund eines von der Staatsanwaltschaft Frankenthal erwirkten gerichtlichen Durchsuchungsbeschlusses, stellten die Polizeibeamten u.a. rund sechs Kilogramm Marihuana, einen Teleskopschlagstock, ein Springmesser, rund 1.000 Euro Bargeld sowie einen gef\u00e4lschten Ausweis sicher.<\/p>\n\n\n\n<p>Beide Personen wurden vorl\u00e4ufig festgenommen. Sie wurden am 05.06.2023 dem Haftrichter vorgef\u00fchrt. Dieser erlie\u00df auf Antrag der Staatsanwaltschaft Frankenthal Untersuchungshaftbefehle. Der Mann wurde anschlie\u00dfend in eine Justizvollzugsanstalt gebracht. Der Haftbefehl gegen die Frau wurde gegen Auflagen au\u00dfer Vollzug gesetzt.<\/p>\n\n\n\n<h2 class=\"wp-block-heading\">(Mannheim) &#8211; Betrug in letzter Minute verhindert<\/h2>\n\n\n<div class=\"wp-block-image\">\n<figure class=\"aligncenter size-full\"><img decoding=\"async\" loading=\"lazy\" width=\"800\" height=\"533\" src=\"https:\/\/speyer24news.com\/wp-content\/uploads\/2023\/06\/Kleeblatt-Glueck.jpg\" alt=\"\" class=\"wp-image-52491\" srcset=\"https:\/\/speyer24news.com\/wp-content\/uploads\/2023\/06\/Kleeblatt-Glueck.jpg 800w, https:\/\/speyer24news.com\/wp-content\/uploads\/2023\/06\/Kleeblatt-Glueck-300x200.jpg 300w, https:\/\/speyer24news.com\/wp-content\/uploads\/2023\/06\/Kleeblatt-Glueck-768x512.jpg 768w\" sizes=\"(max-width: 800px) 100vw, 800px\" \/><\/figure><\/div>\n\n\n<p>Viel Gl\u00fcck hatte ein 82-J\u00e4hriger aus Mannheim, der beinahe Opfer eines Schockanrufs wurde. Am Dienstag gegen 12 Uhr meldete sich telefonisch ein bislang unbekannter T\u00e4ter bei ihm, der sich als Staatsanwalt ausgab. Dieser forderte Geld f\u00fcr eine Kaution, da angeblich die Tochter des Seniors eine schwere Straftat begangen h\u00e4tte und ansonsten ins Gef\u00e4ngnis m\u00fcsse. Der 82-J\u00e4hrige versuchte zun\u00e4chst parallel mit einem Handy seine Tochter zu erreichen. Der geschickt agierende Betr\u00fcger \u00fcberzeugte den Mann jedoch das Handytelefonat zu beenden, noch bevor die L\u00fcgengeschichte aufgekl\u00e4rt werden konnte. Vielmehr wurde der 82-J\u00e4hrige dazu gedr\u00e4ngt, m\u00f6glichst rasch mit einer Summe von 50.000 Euro zu einer vereinbarten \u00dcbergabestelle im Quadrat A 3 zu kommen. Als die Tochter erfolglos versuchte ihren Vater zur\u00fcckzurufen, verst\u00e4ndigte sie besorgt die Polizei. Eine Streife des Polizeireviers Mannheim-Innenstadt reagierte sofort und fahndete umgehend nach dem Vater. Den Beamten gelang es, ihn noch rechtzeitig vor der \u00dcbergabe des Geldes zu finden, so dass kein finanzieller Schaden entstand. Bei der Fahndung nach verd\u00e4chtigen Personen oder Fahrzeugen im Umkreis des vereinbarten \u00dcbergabeorts ergaben sich keine weiteren Hinweise.<\/p>\n\n\n\n<p>Die Polizei nahm die Ermittlungen wegen des versuchten Betruges auf.<\/p>\n\n\n\n<h2 class=\"wp-block-heading\">(B 36 \/ Mannheim) &#8211; B36 gesperrt nach Fund eines verd\u00e4chtigen Koffers am Hauptbahnhof Mannheim<\/h2>\n\n\n\n<p>Nachdem am Dienstag gegen 07:40 Uhr am Hauptbahnhof in Mannheim ein herrenloser, verd\u00e4chtiger Koffer am Bahnsteig aufgefunden wurde, sperrt die Polizei f\u00fcr die weiteren Ma\u00dfnahmen die B36 zwischen Helmut-Schmidt-Br\u00fccke und Gontardstra\u00dfe. Davon betroffen ist auch die Fu\u00dfg\u00e4ngerunterf\u00fchrung am Bahnhof. <\/p>\n\n\n\n<h3 class=\"wp-block-heading has-text-align-center\">Sperrung der B36 aufgehoben &#8211; Pressemeldung 2<\/h3>\n\n\n\n<p>Um 11:45 Uhr konnte die Sperrung der B36 wieder aufgehoben werden. Die Lindenhof-Unterf\u00fchrung f\u00fcr den Fu\u00dfg\u00e4ngerverkehr ist hingegen noch nicht wieder freigegeben.<\/p>\n\n\n\n<h2 class=\"wp-block-heading\">(Mannheim) &#8211; Unfall mit zwei schwerverletzten Fahrradfahrern<\/h2>\n\n\n\n<p>Auf dem Radweg zwischen der Ladenburger Stra\u00dfe und der Heppenheimer Stra\u00dfe kam es am Montag, gegen 06:30 Uhr, auf H\u00f6he der Unterf\u00fchrung der B38 zu einem Unfall zwischen zwei Radfahrern. Nach ersten Ermittlungen kam eine 43-J\u00e4hrige auf Grund \u00fcberh\u00f6hter Geschwindigkeit zu weit nach links und kollidierte mit einem entgegenkommenden 49-j\u00e4hrigen Radfahrer. Beide mussten schwer verletzt in ein Krankenhaus gebracht werden.<\/p>\n\n\n\n<p>Die genaue Unfallursache ich noch Gegenstand der Ermittlungen, welche vom Verkehrsdienst Mannheim \u00fcbernommen wurden.<\/p>\n\n\n\n<h2 class=\"wp-block-heading\">(Mannheim-Innenstadt) &#8211; Umzug und Renovierung des Polizeireviers Mannheim-Innenstadt <\/h2>\n\n\n\n<h3 class=\"wp-block-heading has-text-align-center\">Pressemeldung Nr. 2<\/h3>\n\n\n\n<p>Seit Dienstag, den 06.06.2023 ist das Polizeirevier Mannheim-Innenstadt vor\u00fcbergehend umgezogen, da das Geb\u00e4ude des Polizeireviers renoviert wird. Der neue Standort ist seit heute in L6,1, 68161 Mannheim, im Polizeirevier Mannheim-Oststadt. Die Polizeireviere sind vor\u00fcbergehend r\u00e4umlich zusammengelegt worden. Das Polizeirevier Mannheim-Innenstadt ist weiterhin \u00fcber die Telefonnummer 0621-1258-0 zu erreichen. Voraussichtlich im Fr\u00fchjahr 2024 kann die renovierte Innenstadt-Wache in H4, 68159 Mannheim, wieder bezogen werden.<\/p>\n\n\n\n<p>In Notf\u00e4llen erreichen Sie die Polizei rund um die Uhr unter der Notrufnummer 110!<\/p>\n\n\n\n<h2 class=\"wp-block-heading\">(Mannheim-Sandhofen) &#8211; Frau bedroht und zur Herausgabe von Bargeld gezwungen \/ Polizei sucht Zeugen!<\/h2>\n\n\n<div class=\"wp-block-image\">\n<figure class=\"aligncenter size-full\"><img decoding=\"async\" loading=\"lazy\" width=\"800\" height=\"533\" src=\"https:\/\/speyer24news.com\/wp-content\/uploads\/2023\/06\/Waffe-Pistole-Ueberfall.jpg\" alt=\"\" class=\"wp-image-52492\" srcset=\"https:\/\/speyer24news.com\/wp-content\/uploads\/2023\/06\/Waffe-Pistole-Ueberfall.jpg 800w, https:\/\/speyer24news.com\/wp-content\/uploads\/2023\/06\/Waffe-Pistole-Ueberfall-300x200.jpg 300w, https:\/\/speyer24news.com\/wp-content\/uploads\/2023\/06\/Waffe-Pistole-Ueberfall-768x512.jpg 768w\" sizes=\"(max-width: 800px) 100vw, 800px\" \/><\/figure><\/div>\n\n\n<p>Nachdem eine 51-j\u00e4hrige Frau am Samstagnachmittag gegen 16:55 Uhr ihr Auto in der N\u00e4he einer Bankfiliale in der Luftschifferstra\u00dfe parkte und verlie\u00df, wurde sie pl\u00f6tzlich von einem bislang unbekannten T\u00e4ter angesprochen und zur Herausgabe von Bargeld aufgefordert. Um seinen Worten Nachdruck zu verleihen, soll der Unbekannte eine Pistole in der Hand gehalten haben. Der Aufforderung Folge leistend h\u00e4ndigte sie dem T\u00e4ter einen hohen dreistelligen Betrag aus. Der Unbekannte fl\u00fcchtete sodann zu Fu\u00df in Richtung Sonnenstra\u00dfe beziehungsweise Karlstra\u00dfe.<\/p>\n\n\n\n<h4 class=\"wp-block-heading\">Der T\u00e4ter wird wie folgt beschrieben:<\/h4>\n\n\n\n<ul>\n<li><strong>Circa 30 Jahre alt<\/strong><\/li>\n\n\n\n<li><strong>schlank<\/strong><\/li>\n\n\n\n<li><strong>ungef\u00e4hr 168 cm gro\u00df<\/strong><\/li>\n\n\n\n<li><strong>er soll eine dunkle Sonnenbrille, eine schwarze Basecap, dunkle Socken sowie ein dunkelgraues T-Shirt und eine weite khakifarbene Hose mit Taschen getragen haben.<\/strong><\/li>\n<\/ul>\n\n\n\n<ul>\n<li><strong>Die Kriminalpolizei des Polizeipr\u00e4sidiums Mannheim hat die weiteren Ermittlungen \u00fcbernommen. Zeugen, die sachdienliche Hinweise geben k\u00f6nnen, werden gebeten, sich an das kriminalpolizeiliche Hinweistelefon unter 0621\/ 174-4444 zu wenden.<\/strong><\/li>\n<\/ul>\n\n\n\n<h2 class=\"wp-block-heading\">(Heidelberg) &#8211; Unfall mit Beteiligung eines Busses \/ Person lebensgef\u00e4hrlich verletzt <a href=\"https:\/\/www.facebook.com\/sharer.php?u=https%3A%2F%2Fwww.presseportal.de%2Fblaulicht%2Fpm%2F14915%2F5527371%2F%3Futm_source%3Dfacebook%26utm_medium%3Dsocial\"><\/a><a href=\"https:\/\/twitter.com\/intent\/tweet?text=POL-MA%3A%20Heidelberg%3A%20Unfall%20mit%20Beteiligung%20eines%20Busses%20-%20Person%20lebensgef%C3%A4hrlich%20verletzt%20-%20Pressemitteilung%20Nr.%201&amp;url=https%3A%2F%2Fwww.presseportal.de%2Fblaulicht%2Fpm%2F14915%2F5527371%2F%3Futm_source%3Dtwitter%26utm_medium%3Dsocial&amp;hashtags=ots&amp;lang=de\"><\/a><a href=\"https:\/\/web.whatsapp.com\/send?text=POL-MA%3A%20Heidelberg%3A%20Unfall%20mit%20Beteiligung%20eines%20Busses%20-%20Person%20lebensgef%C3%A4hrlich%20verletzt%20-%20Pressemitteilung%20Nr.%201%0A%0Ahttps%3A%2F%2Fwww.presseportal.de%2Fblaulicht%2Fpm%2F14915%2F5527371%2F%3Futm_source%3Dwhatsapp%26utm_medium%3Dsocial\"><\/a><a href=\"https:\/\/www.xing.com\/app\/user?op=share;url=https%3A%2F%2Fwww.presseportal.de%2Fblaulicht%2Fpm%2F14915%2F5527371%2F%3Futm_source%3Dxing%26utm_medium%3Dsocial\"><\/a><a href=\"http:\/\/www.linkedin.com\/shareArticle?mini=true&amp;url=https%3A%2F%2Fwww.presseportal.de%2Fblaulicht%2Fpm%2F14915%2F5527371%2F%3Futm_source%3Dlinkedin%26utm_medium%3Dsocial&amp;title=POL-MA%3A+Heidelberg%3A+Unfall+mit+Beteiligung+eines+Busses+-+Person+lebensgef%C3%A4hrlich+verletzt+-+Pressemitteilung+Nr.+1\"><\/a><a href=\"mailto:?subject=POL-MA%3A%20Heidelberg%3A%20Unfall%20mit%20Beteiligung%20eines%20Busses%20-%20Person%20lebensgef%C3%A4hrlich%20verletzt%20-%20Pressemitteilung%20Nr.%201&amp;body=https:\/\/www.presseportal.de\/blaulicht\/pm\/14915\/5527371\"><\/a><\/h2>\n\n\n\n<p>Am Dienstag gegen 16.30 Uhr kam es zu einem Unfall an der Bushaltestelle am Hautbahnhof Heidelberg, bei dem eine Person unter einen Bus geriet. Rettungskr\u00e4fte sind vor Ort und k\u00fcmmern sich um die &#8211; nach jetzigem Stand &#8211; lebensgef\u00e4hrlich verletzte Person, Polizeikr\u00e4fte sichern die Unfallstelle ab. Es kann zu Verkehrsbeeintr\u00e4chtigungen kommen.<\/p>\n\n\n\n<h3 class=\"wp-block-heading has-text-align-center\">Pressemitteilung Nr. 2<\/h3>\n\n\n\n<p>Wie bereits berichtet, ereignete sich gegen 16:30 Uhr an der Bushaltestelle am Hauptbahnhof Heidelberg ein Verkehrsunfall, bei dem eine Person unter einen Linienbus geriet. Die Unfallma\u00dfnahmen vor Ort sind seit 20:30 Uhr abgeschlossen und der Verkehr ist f\u00fcr den Bereich wieder frei gegeben. Die weiteren Ermittlungen werden durch den Verkehrsdienst Heidelberg durchgef\u00fchrt. Durch die Staatsanwaltschaft Heidelberg wurde ein Sachverst\u00e4ndiger zur Unfallrekonstruktion beauftragt. Es wird nachberichtet. <\/p>\n\n\n\n<ul>\n<li><strong>Zeugen, die sachdienliche Hinweise geben k\u00f6nnen, werden gebeten, sich mit dem Verkehrsdienst Heidelberg, Tel.: 0621 \/ 174-4110, in Verbindung zu setzen.<\/strong><\/li>\n<\/ul>\n\n\n\n<h2 class=\"wp-block-heading\">(Heidelberg) &#8211; 55-J\u00e4hriger missachtet Vorfahrt und verursacht einen Unfall \/ Eine Person leicht verletzt<\/h2>\n\n\n\n<p>Am Montagnachmittag ereignete sich um 16:45 Uhr ein Unfall im St\u00fcckerweg, bei dem eine 60-j\u00e4hrige Frau leicht verletzt wurde. Urs\u00e4chlich hierf\u00fcr war ein 55-j\u00e4hriger VW-Fahrer, welcher die Speyerer Stra\u00dfe kommend vom Cuzaring in Richtung St\u00fcckeweg entlangfuhr. Als der 55-J\u00e4hrige nach rechts in den St\u00fcckerweg einbiegen wollte, missachtete dieser die Vorfahrt eines 62-J\u00e4hrigen Mercedes-Fahrers und seiner 60-j\u00e4hrigen Beifahrerin. Durch den Zusammensto\u00df wurde die Beifahrerin leicht verletzt. Die H\u00f6he des Sachschadens wird insgesamt auf 4.500 Euro gesch\u00e4tzt. Das Polizeirevier Heidelberg-S\u00fcd hat die Unfallermittlungen aufgenommen.<\/p>\n\n\n\n<h2 class=\"wp-block-heading\">(Heidelberg) &#8211; Steinw\u00fcrfe auf Schule \/ Polizei sucht Zeugen<\/h2>\n\n\n\n<p>Eine bislang unbekannte T\u00e4terschaft besch\u00e4digte im Zeitraum zwischen Freitagnachmittag und Montagfr\u00fch zwei Scheiben und eine T\u00fcre einer Schule in der Luisenstra\u00dfe in Heidelberg-Bergheim. Dabei wurden Pflastersteine aus dem Gehweg gehebelt und als Wurfgeschosse missbraucht. Diese durchschlugen die Fenster und prallten dann gegen eine dahinterliegende T\u00fcre. Der Schaden wird auf knapp 1500 Euro gesch\u00e4tzt.<\/p>\n\n\n\n<p>Die Polizei ermittelt wegen Sachbesch\u00e4digung.<\/p>\n\n\n\n<ul>\n<li><strong>Zeugen, die sachdienliche Hinweise geben k\u00f6nnen, werden gebeten sich beim Polizeirevier Heidelberg-Mitte, unter der Telefonnummer 06221-1857-0, zu melden.<\/strong><\/li>\n<\/ul>\n\n\n\n<h2 class=\"wp-block-heading\">(Heidelberg) &#8211; Regenbogenbank durch Unbekannte besch\u00e4digt \/ Zeugenaufruf<\/h2>\n\n\n\n<p>Eine bislang unbekannte T\u00e4terschaft besch\u00e4digte in Heidelberg am Fu\u00dfweg zwischen der Einm\u00fcndungen Keplerstra\u00dfe und Lutherstra\u00dfe die Regenbogenbank der Stadt Heidelberg mittels schwarzer Farbe. Die Besch\u00e4digung wurde am 30.05.2023 festgestellt, jedoch ist die genaue Tatzeit bislang unbekannt. Die H\u00f6he des Sachschadens wird auf einen Betrag in dreistelliger H\u00f6he gesch\u00e4tzt.<\/p>\n\n\n\n<ul>\n<li><strong>Zeugen die Hinweise zum Tatzeitpunkt oder der T\u00e4terschaft geben k\u00f6nnen, werden gebeten sich bei dem Kriminaldauerdienst zu melden, unter: 0621-174-4444<\/strong><\/li>\n<\/ul>\n\n\n\n<h2 class=\"wp-block-heading\">(Schwetzingen \/ Rhein-Neckar-Kreis) &#8211; Unfall verursacht und gefl\u00fcchtet \/ Zeugenaufruf!<\/h2>\n\n\n\n<p>Am Montagnachmittag verursachte gegen 15:15 Uhr in der Blumenstra\u00dfe, Ecke Mannheimer Stra\u00dfe ein bisher unbekannter Autofahrer bzw. eine unbekannte Autofahrerin einen Verkehrsunfall und fl\u00fcchtete. Der oder die Unbekannte fuhr mit dem Pkw die Blumenstra\u00dfe entlang und bog anschlie\u00dfend nach rechts in die Mannheimer Stra\u00dfe ein. Hierbei missachtete der bzw. die Unbekannte eine von links kommende und vorfahrtsberechtigte 19-j\u00e4hrige Audi-Fahrerin und kollidiert mit dieser. Anschlie\u00dfend fl\u00fcchtete der T\u00e4ter oder die T\u00e4terin mit erh\u00f6hter Geschwindigkeit von der Unfallstelle. Durch den Zusammensto\u00df entstand ein Schaden von \u00fcber 5.000 Euro. Bei dem Fahrzeug soll es sich um einen Pkw der Marke Opel mit schwarz\/wei\u00dfer Lackierung gehandelt haben. Hierbei soll sich die wei\u00dfe Lackierung im oberen Bereich befinden und die schwarze Lackierung im unteren Bereich des Fahrzeugs.<\/p>\n\n\n\n<ul>\n<li><strong>Zeugen, die sachdienliche Hinweise geben k\u00f6nnen, werden gebeten, sich mit dem Polizeirevier Schwetzingen, Tel.: 06202 \/ 288-0, in Verbindung zu setzen.<\/strong><\/li>\n<\/ul>\n\n\n\n<h2 class=\"wp-block-heading\">(Ladenburg \/ Rhein-Neckar-Kreis \/ Mannheim) &#8211; 63-j\u00e4hriger Autofahrer besch\u00e4digt mit 2,4 Promille Verkehrsschild und Begrenzungspfosten<\/h2>\n\n\n\n<p>Ein aufmerksamer Verkehrsteilnehmer meldete am Montag gegen 12.15 Uhr das auff\u00e4llige Fahrverhalten eines weiteren Verkehrsteilnehmers, der mit seinem BMW vor ihm fuhr. Der Zeuge beobachtete auf der Fahrtstrecke von Ladenburg bis an den Flughafen Mannheim-Neuostheim die ungew\u00f6hnliche Fahrweise und alarmierte die Polizei. Der 63-j\u00e4hrige Fahrer konnte einer Personen- und Fahrzeugkontrolle unterzogen werden. Hierbei fiel sofort ein deutlicher Alkoholgeruch auf. Ein freiwilliger Alkoholtest zeigte ein Ergebnis von stolzen 2,4 Promille. Auf der zur\u00fcckgelegten Fahrtstrecke \u00fcberfuhr der 63-J\u00e4hrige ein Verkehrsschild und auf dem P+R beim Flugfeld Mannheim-Neuostheim einen Begrenzungspfosten. Er verursachte hierbei einen Schaden in H\u00f6he eines dreistelligen Betrages. Sein BMW wies ebenfalls Besch\u00e4digungen auf, die in H\u00f6he eines f\u00fcnfstelligen Betrages liegen d\u00fcrften. Der 63-J\u00e4hrige musste seinen F\u00fchrerschein bei den Polizeibeamten lassen. Ihn erwartet nun ein Strafverfahren. Die Ermittlungen werden durch den Verkehrsdienst Mannheim gef\u00fchrt.<\/p>\n\n\n\n<h2 class=\"wp-block-heading\">(Ladenburg \/ Rhein-Neckar-Kreis) &#8211; Einbruch in Kindergarten \/ Sachschaden von rund 5.000 Euro &#8211; Zeugen gesucht!<\/h2>\n\n\n\n<p>Einen Sachschaden von rund 5.000 Euro hinterlie\u00df eine unbekannte T\u00e4terschaft, nachdem diese in der Zeit zwischen Freitagnachmittag, 16:30 Uhr und Montagmorgen, gegen 07:30 Uhr in einen Kindergarten in der Lustgartenstra\u00dfe eingebrochen ist. Nach derzeitigem Stand der Ermittlungen gelangten die Unbekannten zun\u00e4chst \u00fcber einen Zaun auf das Gel\u00e4nde des Kindergartens. Anschlie\u00dfend hebelten diese mit einem bisher unbekannten Werkzeug gewaltsam ein Holzfenster im Erdgeschoss auf und drangen so in das Innere der Einrichtung. Im weiteren Verlauf hebelten die Unbekannten mehrere Holzschr\u00e4nke sowie eine T\u00fcr zu einem Lagerraum auf. Da sich keinerlei Wertgegenst\u00e4nde, bis auf einen geringen Bargeldbetrag im einstelligen Bereich, in den R\u00e4umlichkeiten befanden, nahmen die Unbekannten das Geld an sich und fl\u00fcchteten anschlie\u00dfend in unbekannte Richtung. Der Sachschaden hingegen bel\u00e4uft sich auf rund 5.000 Euro.<\/p>\n\n\n\n<p>Zeugen, denen verd\u00e4chtige Personen in Tatortn\u00e4he aufgefallen sind bzw. sachdienliche Hinweise geben k\u00f6nnen, werden gebeten, sich mit dem Polizeirevier Ladenburg, Tel: 06203 \/ 9305-0, in Verbindung zu setzen.<\/p>\n","protected":false},"excerpt":{"rendered":"<div class=\"mh-excerpt\"><p>Polizeimeldungen vom Dienstag (06.06.2023) (Speyer) &#8211; Diebstahl eines hochwertigen Pedelecs in der Bahnhofstra\u00dfe Am Samstag, den 03.06.2023, um 8:30 Uhr stellte ein junger Mann aus dem Rhein-Pfalz-Kreis sein hochwertiges Herren-Pedelec der Marke Cube, Modell Stereo <a class=\"mh-excerpt-more\" href=\"https:\/\/speyer24news.com\/?p=52488\" title=\"Polizeimeldungen Dienstag (06.06.2023)\">[&#8230;]<\/a><\/p>\n<\/div>","protected":false},"author":3,"featured_media":26162,"comment_status":"open","ping_status":"open","sticky":false,"template":"","format":"standard","meta":{"_monsterinsights_skip_tracking":false,"_monsterinsights_sitenote_active":false,"_monsterinsights_sitenote_note":"","_monsterinsights_sitenote_category":0,"footnotes":""},"categories":[15659],"tags":[7243,7244,3614,350,14537,15084,15267,14538,15361,15845,702,61,2555,6955,6986,6263,63,105,11150,6987,53,4854,13534,4683,1548,4905,11592,102,13626,213,14325,14324,13553,13541,55,8277,6368,5261,103,106,2803,2423,427,2625,380,62,104,979,1565],"aioseo_notices":[],"amp_enabled":true,"_links":{"self":[{"href":"https:\/\/speyer24news.com\/index.php?rest_route=\/wp\/v2\/posts\/52488"}],"collection":[{"href":"https:\/\/speyer24news.com\/index.php?rest_route=\/wp\/v2\/posts"}],"about":[{"href":"https:\/\/speyer24news.com\/index.php?rest_route=\/wp\/v2\/types\/post"}],"author":[{"embeddable":true,"href":"https:\/\/speyer24news.com\/index.php?rest_route=\/wp\/v2\/users\/3"}],"replies":[{"embeddable":true,"href":"https:\/\/speyer24news.com\/index.php?rest_route=%2Fwp%2Fv2%2Fcomments&post=52488"}],"version-history":[{"count":1,"href":"https:\/\/speyer24news.com\/index.php?rest_route=\/wp\/v2\/posts\/52488\/revisions"}],"predecessor-version":[{"id":52493,"href":"https:\/\/speyer24news.com\/index.php?rest_route=\/wp\/v2\/posts\/52488\/revisions\/52493"}],"wp:featuredmedia":[{"embeddable":true,"href":"https:\/\/speyer24news.com\/index.php?rest_route=\/wp\/v2\/media\/26162"}],"wp:attachment":[{"href":"https:\/\/speyer24news.com\/index.php?rest_route=%2Fwp%2Fv2%2Fmedia&parent=52488"}],"wp:term":[{"taxonomy":"category","embeddable":true,"href":"https:\/\/speyer24news.com\/index.php?rest_route=%2Fwp%2Fv2%2Fcategories&post=52488"},{"taxonomy":"post_tag","embeddable":true,"href":"https:\/\/speyer24news.com\/index.php?rest_route=%2Fwp%2Fv2%2Ftags&post=52488"}],"curies":[{"name":"wp","href":"https:\/\/api.w.org\/{rel}","templated":true}]}}