{"id":52553,"date":"2023-06-08T07:07:49","date_gmt":"2023-06-08T06:07:49","guid":{"rendered":"https:\/\/speyer24news.com\/?p=52553"},"modified":"2023-06-08T07:14:43","modified_gmt":"2023-06-08T06:14:43","slug":"speyer-sport-veranstaltung-2","status":"publish","type":"post","link":"https:\/\/speyer24news.com\/?p=52553","title":{"rendered":"Speyer \/ Sport \/ Veranstaltung"},"content":{"rendered":"<style type=\"text\/css\">\r\n\t.ads_top_disp{}\r\n\t.ads_top_corner_disp{ float:left; margin:0px 10px 10px 0px; }\r\n\t.ads_first_p_disp{}\r\n\t.ads_bottom_disp{}\r\n\t<\/style>\n<h2 class=\"wp-block-heading\">STADTRADELN in Speyer startete am 7. Juni<\/h2>\n\n\n<div class=\"wp-block-image\">\n<figure class=\"aligncenter size-full\"><img decoding=\"async\" loading=\"lazy\" width=\"800\" height=\"602\" src=\"https:\/\/speyer24news.com\/wp-content\/uploads\/2023\/06\/Stadtradeln-2023-Speyer-Eroeffnung-28.jpg\" alt=\"\" class=\"wp-image-52579\" srcset=\"https:\/\/speyer24news.com\/wp-content\/uploads\/2023\/06\/Stadtradeln-2023-Speyer-Eroeffnung-28.jpg 800w, https:\/\/speyer24news.com\/wp-content\/uploads\/2023\/06\/Stadtradeln-2023-Speyer-Eroeffnung-28-300x226.jpg 300w, https:\/\/speyer24news.com\/wp-content\/uploads\/2023\/06\/Stadtradeln-2023-Speyer-Eroeffnung-28-768x578.jpg 768w, https:\/\/speyer24news.com\/wp-content\/uploads\/2023\/06\/Stadtradeln-2023-Speyer-Eroeffnung-28-678x509.jpg 678w, https:\/\/speyer24news.com\/wp-content\/uploads\/2023\/06\/Stadtradeln-2023-Speyer-Eroeffnung-28-326x245.jpg 326w, https:\/\/speyer24news.com\/wp-content\/uploads\/2023\/06\/Stadtradeln-2023-Speyer-Eroeffnung-28-80x60.jpg 80w\" sizes=\"(max-width: 800px) 100vw, 800px\" \/><\/figure><\/div>\n\n\n<p>Erste Kilometer sammeln und andere Radelnde kennenlernen: Das konnten alle Teilnehmenden von STADTRADELN beim Auftakt am 7. Juni 2023. Oberb\u00fcrgermeisterin Stefanie Seiler und Umweltdezernentin Irmgard M\u00fcnch-Weinmann er\u00f6ffneten die Aktion um 17 Uhr vor dem Dom.<\/p>\n\n\n\n<p><strong>Vom 7. bis zum 27. Juni 2023<\/strong>\u00a0sind wieder alle, die in Speyer leben oder arbeiten, aufgerufen, m\u00f6glichst viele Kilometer auf dem Weg zur Schule, zur Arbeit oder in der Freizeit mit dem Fahrrad zu fahren. Dabei spielt es keine Rolle, ob ausschlie\u00dflich mit eigener Muskelkraft oder elektrisch unterst\u00fctzt geradelt wird. Ziel ist es, bei der deutschlandweiten Aktion des Klima-B\u00fcndnisses m\u00f6glichst viele Fahrradkilometer f\u00fcr den Klimaschutz und somit f\u00fcr die Stadt Speyer zu sammeln. Die radaktivsten Teilnehmenden und Teams, Kitas und Schulen werden nach der Aktion ausgezeichnet.<\/p>\n\n\n<div class=\"wp-block-image\">\n<figure class=\"aligncenter size-full\"><img decoding=\"async\" loading=\"lazy\" width=\"800\" height=\"600\" src=\"https:\/\/speyer24news.com\/wp-content\/uploads\/2023\/06\/Stadtradeln-2023-Speyer-Eroeffnung-9.jpg\" alt=\"\" class=\"wp-image-52573\" srcset=\"https:\/\/speyer24news.com\/wp-content\/uploads\/2023\/06\/Stadtradeln-2023-Speyer-Eroeffnung-9.jpg 800w, https:\/\/speyer24news.com\/wp-content\/uploads\/2023\/06\/Stadtradeln-2023-Speyer-Eroeffnung-9-300x225.jpg 300w, https:\/\/speyer24news.com\/wp-content\/uploads\/2023\/06\/Stadtradeln-2023-Speyer-Eroeffnung-9-768x576.jpg 768w, https:\/\/speyer24news.com\/wp-content\/uploads\/2023\/06\/Stadtradeln-2023-Speyer-Eroeffnung-9-678x509.jpg 678w, https:\/\/speyer24news.com\/wp-content\/uploads\/2023\/06\/Stadtradeln-2023-Speyer-Eroeffnung-9-326x245.jpg 326w, https:\/\/speyer24news.com\/wp-content\/uploads\/2023\/06\/Stadtradeln-2023-Speyer-Eroeffnung-9-80x60.jpg 80w\" sizes=\"(max-width: 800px) 100vw, 800px\" \/><\/figure><\/div>\n\n\n<p>\u201eSTADTRADELN ist eine tolle Gelegenheit, sich drei Wochen lang ganz bewusst f\u00fcr mehr Radfahren zu entscheiden\u201c, wirbt Oberb\u00fcrgermeisterin Stefanie Seiler. \u201eDie Begeisterung der Speyererinnen und Speyerer f\u00fcr das Radfahren wird bei diesem Wettbewerb jedes Jahr deutlich. Unter den rheinland-pf\u00e4lzischen Kommunen belegen wir regelm\u00e4\u00dfig einen der Spitzenpl\u00e4tze\u201c, erg\u00e4nzt sie. \u201eRadfahren ist gesund, tr\u00e4gt zum Ressourcen- und Klimaschutz bei und macht Spa\u00df\u201c, f\u00fchrt Umweltdezernentin Irmgard M\u00fcnch-Weinmann weiter aus. \u201eIn Speyer ist das Fahrrad ein super Verkehrsmittel und eine echte Alternative zum Auto\u201c, motiviert sie zum Mitmachen.<\/p>\n\n\n\n<p>Anmeldungen zum STADTRADELN sind unter\u00a0<a href=\"https:\/\/deref-web.de\/mail\/client\/7XfXyU4hnL8\/dereferrer\/?redirectUrl=http%3A%2F%2Fwww.stadtradeln.de%2Fspeyer\">www.stadtradeln.de\/speyer<\/a>\u00a0m\u00f6glich. Wer in der Vergangenheit einen Account angelegt hat, kann diesen reaktivieren und wieder nutzen.<\/p>\n\n\n<div class=\"wp-block-image\">\n<figure class=\"aligncenter size-full\"><img decoding=\"async\" loading=\"lazy\" width=\"800\" height=\"600\" src=\"https:\/\/speyer24news.com\/wp-content\/uploads\/2023\/06\/Stadtradeln-2023-Speyer-Eroeffnung-13.jpg\" alt=\"\" class=\"wp-image-52580\" srcset=\"https:\/\/speyer24news.com\/wp-content\/uploads\/2023\/06\/Stadtradeln-2023-Speyer-Eroeffnung-13.jpg 800w, https:\/\/speyer24news.com\/wp-content\/uploads\/2023\/06\/Stadtradeln-2023-Speyer-Eroeffnung-13-300x225.jpg 300w, https:\/\/speyer24news.com\/wp-content\/uploads\/2023\/06\/Stadtradeln-2023-Speyer-Eroeffnung-13-768x576.jpg 768w, https:\/\/speyer24news.com\/wp-content\/uploads\/2023\/06\/Stadtradeln-2023-Speyer-Eroeffnung-13-678x509.jpg 678w, https:\/\/speyer24news.com\/wp-content\/uploads\/2023\/06\/Stadtradeln-2023-Speyer-Eroeffnung-13-326x245.jpg 326w, https:\/\/speyer24news.com\/wp-content\/uploads\/2023\/06\/Stadtradeln-2023-Speyer-Eroeffnung-13-80x60.jpg 80w\" sizes=\"(max-width: 800px) 100vw, 800px\" \/><\/figure><\/div>\n\n\n<p>Der&nbsp;<strong>Auftakt<\/strong>&nbsp;fand am&nbsp;<strong>Mittwoch, 7. Juni 2023<\/strong>&nbsp;um&nbsp;<strong>17 Uhr<\/strong>&nbsp;statt. Treffpunkt ist vor dem Dom. Eine Anmeldung ist nicht n\u00f6tig. Es folgt eine gem\u00fctliche Radtour \u00fcber rund 15 Kilometer mit anschlie\u00dfendem Picknick auf der Domwiese.<\/p>\n\n\n\n<p>Die&nbsp;<strong>Pr\u00e4mierung<\/strong>&nbsp;findet am&nbsp;<strong>Samstag, 22. Juli 2023<\/strong>&nbsp;um&nbsp;<strong>11 Uhr<\/strong>&nbsp;im Kulturhof statt.<\/p>\n\n\n\n<p>Die J\u00fcngsten werden in diesem Jahr wieder besonders angesprochen: Kitas und Grundschulen k\u00f6nnen gr\u00fcne Kindermeilen sammeln. Dabei werden eine Woche lang alle Wege gesammelt, die Kindergarten- und Schulkinder in ihrem Alltag klimafreundlich zur\u00fccklegen. Ob zu Fu\u00df, per Roller oder mit dem Rad \u2013 jedes Fortbewegungsmittel z\u00e4hlt. Anmelden k\u00f6nnen sich Kitas und Grundschulen f\u00fcr die Sammelwoche bei Klimaschutzmanagerin Katrin Berlinghoff per E-Mail an\u00a0<a href=\"mailto:katrin.berlinghoff@stadt-speyer.de\" target=\"_blank\" rel=\"noreferrer noopener\">katrin.berlinghoff@stadt-speyer.de<\/a>\u00a0oder telefonisch unter der Nummer 06232 14-2596.<\/p>\n\n\n<div class=\"wp-block-image\">\n<figure class=\"aligncenter size-full\"><img decoding=\"async\" loading=\"lazy\" width=\"800\" height=\"600\" src=\"https:\/\/speyer24news.com\/wp-content\/uploads\/2023\/06\/Stadtradeln-2023-Speyer-Eroeffnung-26.jpg\" alt=\"\" class=\"wp-image-52554\" srcset=\"https:\/\/speyer24news.com\/wp-content\/uploads\/2023\/06\/Stadtradeln-2023-Speyer-Eroeffnung-26.jpg 800w, https:\/\/speyer24news.com\/wp-content\/uploads\/2023\/06\/Stadtradeln-2023-Speyer-Eroeffnung-26-300x225.jpg 300w, https:\/\/speyer24news.com\/wp-content\/uploads\/2023\/06\/Stadtradeln-2023-Speyer-Eroeffnung-26-768x576.jpg 768w, https:\/\/speyer24news.com\/wp-content\/uploads\/2023\/06\/Stadtradeln-2023-Speyer-Eroeffnung-26-678x509.jpg 678w, https:\/\/speyer24news.com\/wp-content\/uploads\/2023\/06\/Stadtradeln-2023-Speyer-Eroeffnung-26-326x245.jpg 326w, https:\/\/speyer24news.com\/wp-content\/uploads\/2023\/06\/Stadtradeln-2023-Speyer-Eroeffnung-26-80x60.jpg 80w\" sizes=\"(max-width: 800px) 100vw, 800px\" \/><\/figure><\/div>\n\n\n<p>F\u00fcr alle Schulen gibt es ebenfalls einen besonderen Ansporn: Beim SCHULRADELN treten die Schulen gesondert in den Wettbewerb. Die Anmeldung erfolgt \u00fcber die regul\u00e4re STADTRADELN-Webseite (<a href=\"https:\/\/deref-web.de\/mail\/client\/7XfXyU4hnL8\/dereferrer\/?redirectUrl=http%3A%2F%2Fwww.stadtradeln.de%2Fspeyer\">www.stadtradeln.de\/speyer<\/a>).<\/p>\n\n\n\n<p>Als STADTRADELN-Star in diesem Jahr wird Yvonne Wittmann im Aktionszeitraum privat wie beruflich mit dem Fahrrad unterwegs sein. Die junge Mutter wohnt in Mutterstadt und arbeitet in Speyer als Social-Media-Managerin bei Edeka Stiegler. Yvonne Wittmann wird ihre Erfahrungen bei STADTRADELN auf Social Media teilen.<\/p>\n\n\n<div class=\"wp-block-image\">\n<figure class=\"aligncenter size-full\"><img decoding=\"async\" loading=\"lazy\" width=\"800\" height=\"600\" src=\"https:\/\/speyer24news.com\/wp-content\/uploads\/2023\/06\/Stadtradeln-2023-Speyer-Eroeffnung-20.jpg\" alt=\"\" class=\"wp-image-52572\" srcset=\"https:\/\/speyer24news.com\/wp-content\/uploads\/2023\/06\/Stadtradeln-2023-Speyer-Eroeffnung-20.jpg 800w, https:\/\/speyer24news.com\/wp-content\/uploads\/2023\/06\/Stadtradeln-2023-Speyer-Eroeffnung-20-300x225.jpg 300w, https:\/\/speyer24news.com\/wp-content\/uploads\/2023\/06\/Stadtradeln-2023-Speyer-Eroeffnung-20-768x576.jpg 768w, https:\/\/speyer24news.com\/wp-content\/uploads\/2023\/06\/Stadtradeln-2023-Speyer-Eroeffnung-20-678x509.jpg 678w, https:\/\/speyer24news.com\/wp-content\/uploads\/2023\/06\/Stadtradeln-2023-Speyer-Eroeffnung-20-326x245.jpg 326w, https:\/\/speyer24news.com\/wp-content\/uploads\/2023\/06\/Stadtradeln-2023-Speyer-Eroeffnung-20-80x60.jpg 80w\" sizes=\"(max-width: 800px) 100vw, 800px\" \/><\/figure><\/div>\n\n\n<p>STADTRADELN ist eine deutschlandweite Aktion des Klima-B\u00fcndnisses und wird in Speyer von lokalen Partnern unterst\u00fctzt. Der ADFC Speyer e.V., Edeka Stiegler, Engel &amp; V\u00f6lkers, Fahrrad Weindel, Hotel Am Wartturm, Neptune Energy und Palatina GeoCon, die Sparkasse Vorderpfalz, REWE Familie Appel, die Stadtwerke Speyer GmbH, die Vereinigte VR Bank Kur- und Rheinpfalz und der VRN unterst\u00fctzen vor Ort.<\/p>\n\n\n\n<h3 class=\"wp-block-heading\">Sehen Sie hier das Video zur Er\u00f6ffnungsveranstaltung:<\/h3>\n\n\n\n<figure class=\"wp-block-embed aligncenter is-type-video is-provider-youtube wp-block-embed-youtube wp-embed-aspect-16-9 wp-has-aspect-ratio\"><div class=\"wp-block-embed__wrapper\">\n<iframe loading=\"lazy\" title=\"Auftakt des STADTRADELN 2023 in Speyer\" width=\"500\" height=\"281\" src=\"https:\/\/www.youtube.com\/embed\/G1oMKpmQkC4?feature=oembed\" frameborder=\"0\" allow=\"accelerometer; autoplay; clipboard-write; encrypted-media; gyroscope; picture-in-picture; web-share\" allowfullscreen><\/iframe>\n<\/div><\/figure>\n\n\n\n<h3 class=\"wp-block-heading\">Sehen Sie hier das Fotoalbum zur Er\u00f6ffnung:<\/h3>\n\n\n\n<figure class=\"wp-block-gallery has-nested-images columns-2 is-cropped wp-block-gallery-1 is-layout-flex wp-block-gallery-is-layout-flex\">\n<figure class=\"wp-block-image size-large\"><img decoding=\"async\" loading=\"lazy\" width=\"800\" height=\"600\" data-id=\"52555\" src=\"https:\/\/speyer24news.com\/wp-content\/uploads\/2023\/06\/Stadtradeln-2023-Speyer-Eroeffnung-1.jpg\" alt=\"\" class=\"wp-image-52555\" srcset=\"https:\/\/speyer24news.com\/wp-content\/uploads\/2023\/06\/Stadtradeln-2023-Speyer-Eroeffnung-1.jpg 800w, https:\/\/speyer24news.com\/wp-content\/uploads\/2023\/06\/Stadtradeln-2023-Speyer-Eroeffnung-1-300x225.jpg 300w, https:\/\/speyer24news.com\/wp-content\/uploads\/2023\/06\/Stadtradeln-2023-Speyer-Eroeffnung-1-768x576.jpg 768w, https:\/\/speyer24news.com\/wp-content\/uploads\/2023\/06\/Stadtradeln-2023-Speyer-Eroeffnung-1-678x509.jpg 678w, https:\/\/speyer24news.com\/wp-content\/uploads\/2023\/06\/Stadtradeln-2023-Speyer-Eroeffnung-1-326x245.jpg 326w, https:\/\/speyer24news.com\/wp-content\/uploads\/2023\/06\/Stadtradeln-2023-Speyer-Eroeffnung-1-80x60.jpg 80w\" sizes=\"(max-width: 800px) 100vw, 800px\" \/><\/figure>\n\n\n\n<figure class=\"wp-block-image size-large\"><img decoding=\"async\" loading=\"lazy\" width=\"800\" height=\"600\" data-id=\"52556\" src=\"https:\/\/speyer24news.com\/wp-content\/uploads\/2023\/06\/Stadtradeln-2023-Speyer-Eroeffnung-2.jpg\" alt=\"\" class=\"wp-image-52556\" srcset=\"https:\/\/speyer24news.com\/wp-content\/uploads\/2023\/06\/Stadtradeln-2023-Speyer-Eroeffnung-2.jpg 800w, https:\/\/speyer24news.com\/wp-content\/uploads\/2023\/06\/Stadtradeln-2023-Speyer-Eroeffnung-2-300x225.jpg 300w, https:\/\/speyer24news.com\/wp-content\/uploads\/2023\/06\/Stadtradeln-2023-Speyer-Eroeffnung-2-768x576.jpg 768w, https:\/\/speyer24news.com\/wp-content\/uploads\/2023\/06\/Stadtradeln-2023-Speyer-Eroeffnung-2-678x509.jpg 678w, https:\/\/speyer24news.com\/wp-content\/uploads\/2023\/06\/Stadtradeln-2023-Speyer-Eroeffnung-2-326x245.jpg 326w, https:\/\/speyer24news.com\/wp-content\/uploads\/2023\/06\/Stadtradeln-2023-Speyer-Eroeffnung-2-80x60.jpg 80w\" sizes=\"(max-width: 800px) 100vw, 800px\" \/><\/figure>\n\n\n\n<figure class=\"wp-block-image size-large\"><img decoding=\"async\" loading=\"lazy\" width=\"800\" height=\"600\" data-id=\"52557\" src=\"https:\/\/speyer24news.com\/wp-content\/uploads\/2023\/06\/Stadtradeln-2023-Speyer-Eroeffnung-3.jpg\" alt=\"\" class=\"wp-image-52557\" srcset=\"https:\/\/speyer24news.com\/wp-content\/uploads\/2023\/06\/Stadtradeln-2023-Speyer-Eroeffnung-3.jpg 800w, https:\/\/speyer24news.com\/wp-content\/uploads\/2023\/06\/Stadtradeln-2023-Speyer-Eroeffnung-3-300x225.jpg 300w, https:\/\/speyer24news.com\/wp-content\/uploads\/2023\/06\/Stadtradeln-2023-Speyer-Eroeffnung-3-768x576.jpg 768w, https:\/\/speyer24news.com\/wp-content\/uploads\/2023\/06\/Stadtradeln-2023-Speyer-Eroeffnung-3-678x509.jpg 678w, https:\/\/speyer24news.com\/wp-content\/uploads\/2023\/06\/Stadtradeln-2023-Speyer-Eroeffnung-3-326x245.jpg 326w, https:\/\/speyer24news.com\/wp-content\/uploads\/2023\/06\/Stadtradeln-2023-Speyer-Eroeffnung-3-80x60.jpg 80w\" sizes=\"(max-width: 800px) 100vw, 800px\" \/><\/figure>\n\n\n\n<figure class=\"wp-block-image size-large\"><img decoding=\"async\" loading=\"lazy\" width=\"800\" height=\"600\" data-id=\"52558\" src=\"https:\/\/speyer24news.com\/wp-content\/uploads\/2023\/06\/Stadtradeln-2023-Speyer-Eroeffnung-4.jpg\" alt=\"\" class=\"wp-image-52558\" srcset=\"https:\/\/speyer24news.com\/wp-content\/uploads\/2023\/06\/Stadtradeln-2023-Speyer-Eroeffnung-4.jpg 800w, https:\/\/speyer24news.com\/wp-content\/uploads\/2023\/06\/Stadtradeln-2023-Speyer-Eroeffnung-4-300x225.jpg 300w, https:\/\/speyer24news.com\/wp-content\/uploads\/2023\/06\/Stadtradeln-2023-Speyer-Eroeffnung-4-768x576.jpg 768w, https:\/\/speyer24news.com\/wp-content\/uploads\/2023\/06\/Stadtradeln-2023-Speyer-Eroeffnung-4-678x509.jpg 678w, https:\/\/speyer24news.com\/wp-content\/uploads\/2023\/06\/Stadtradeln-2023-Speyer-Eroeffnung-4-326x245.jpg 326w, https:\/\/speyer24news.com\/wp-content\/uploads\/2023\/06\/Stadtradeln-2023-Speyer-Eroeffnung-4-80x60.jpg 80w\" sizes=\"(max-width: 800px) 100vw, 800px\" \/><\/figure>\n\n\n\n<figure class=\"wp-block-image size-large\"><img decoding=\"async\" loading=\"lazy\" width=\"800\" height=\"600\" data-id=\"52567\" src=\"https:\/\/speyer24news.com\/wp-content\/uploads\/2023\/06\/Stadtradeln-2023-Speyer-Eroeffnung-5.jpg\" alt=\"\" class=\"wp-image-52567\" srcset=\"https:\/\/speyer24news.com\/wp-content\/uploads\/2023\/06\/Stadtradeln-2023-Speyer-Eroeffnung-5.jpg 800w, https:\/\/speyer24news.com\/wp-content\/uploads\/2023\/06\/Stadtradeln-2023-Speyer-Eroeffnung-5-300x225.jpg 300w, https:\/\/speyer24news.com\/wp-content\/uploads\/2023\/06\/Stadtradeln-2023-Speyer-Eroeffnung-5-768x576.jpg 768w, https:\/\/speyer24news.com\/wp-content\/uploads\/2023\/06\/Stadtradeln-2023-Speyer-Eroeffnung-5-678x509.jpg 678w, https:\/\/speyer24news.com\/wp-content\/uploads\/2023\/06\/Stadtradeln-2023-Speyer-Eroeffnung-5-326x245.jpg 326w, https:\/\/speyer24news.com\/wp-content\/uploads\/2023\/06\/Stadtradeln-2023-Speyer-Eroeffnung-5-80x60.jpg 80w\" sizes=\"(max-width: 800px) 100vw, 800px\" \/><\/figure>\n\n\n\n<figure class=\"wp-block-image size-large\"><img decoding=\"async\" loading=\"lazy\" width=\"800\" height=\"600\" data-id=\"52559\" src=\"https:\/\/speyer24news.com\/wp-content\/uploads\/2023\/06\/Stadtradeln-2023-Speyer-Eroeffnung-6.jpg\" alt=\"\" class=\"wp-image-52559\" srcset=\"https:\/\/speyer24news.com\/wp-content\/uploads\/2023\/06\/Stadtradeln-2023-Speyer-Eroeffnung-6.jpg 800w, https:\/\/speyer24news.com\/wp-content\/uploads\/2023\/06\/Stadtradeln-2023-Speyer-Eroeffnung-6-300x225.jpg 300w, https:\/\/speyer24news.com\/wp-content\/uploads\/2023\/06\/Stadtradeln-2023-Speyer-Eroeffnung-6-768x576.jpg 768w, https:\/\/speyer24news.com\/wp-content\/uploads\/2023\/06\/Stadtradeln-2023-Speyer-Eroeffnung-6-678x509.jpg 678w, https:\/\/speyer24news.com\/wp-content\/uploads\/2023\/06\/Stadtradeln-2023-Speyer-Eroeffnung-6-326x245.jpg 326w, https:\/\/speyer24news.com\/wp-content\/uploads\/2023\/06\/Stadtradeln-2023-Speyer-Eroeffnung-6-80x60.jpg 80w\" sizes=\"(max-width: 800px) 100vw, 800px\" \/><\/figure>\n\n\n\n<figure class=\"wp-block-image size-large\"><img decoding=\"async\" loading=\"lazy\" width=\"800\" height=\"600\" data-id=\"52566\" src=\"https:\/\/speyer24news.com\/wp-content\/uploads\/2023\/06\/Stadtradeln-2023-Speyer-Eroeffnung-7.jpg\" alt=\"\" class=\"wp-image-52566\" srcset=\"https:\/\/speyer24news.com\/wp-content\/uploads\/2023\/06\/Stadtradeln-2023-Speyer-Eroeffnung-7.jpg 800w, https:\/\/speyer24news.com\/wp-content\/uploads\/2023\/06\/Stadtradeln-2023-Speyer-Eroeffnung-7-300x225.jpg 300w, https:\/\/speyer24news.com\/wp-content\/uploads\/2023\/06\/Stadtradeln-2023-Speyer-Eroeffnung-7-768x576.jpg 768w, https:\/\/speyer24news.com\/wp-content\/uploads\/2023\/06\/Stadtradeln-2023-Speyer-Eroeffnung-7-678x509.jpg 678w, https:\/\/speyer24news.com\/wp-content\/uploads\/2023\/06\/Stadtradeln-2023-Speyer-Eroeffnung-7-326x245.jpg 326w, https:\/\/speyer24news.com\/wp-content\/uploads\/2023\/06\/Stadtradeln-2023-Speyer-Eroeffnung-7-80x60.jpg 80w\" sizes=\"(max-width: 800px) 100vw, 800px\" \/><\/figure>\n\n\n\n<figure class=\"wp-block-image size-large\"><img decoding=\"async\" loading=\"lazy\" width=\"800\" height=\"625\" data-id=\"52588\" src=\"https:\/\/speyer24news.com\/wp-content\/uploads\/2023\/06\/Stadtradeln-2023-Speyer-Eroeffnung-8.jpg\" alt=\"\" class=\"wp-image-52588\" srcset=\"https:\/\/speyer24news.com\/wp-content\/uploads\/2023\/06\/Stadtradeln-2023-Speyer-Eroeffnung-8.jpg 800w, https:\/\/speyer24news.com\/wp-content\/uploads\/2023\/06\/Stadtradeln-2023-Speyer-Eroeffnung-8-300x234.jpg 300w, https:\/\/speyer24news.com\/wp-content\/uploads\/2023\/06\/Stadtradeln-2023-Speyer-Eroeffnung-8-768x600.jpg 768w\" sizes=\"(max-width: 800px) 100vw, 800px\" \/><\/figure>\n\n\n\n<figure class=\"wp-block-image size-large\"><img decoding=\"async\" loading=\"lazy\" width=\"800\" height=\"600\" data-id=\"52573\" src=\"https:\/\/speyer24news.com\/wp-content\/uploads\/2023\/06\/Stadtradeln-2023-Speyer-Eroeffnung-9.jpg\" alt=\"\" class=\"wp-image-52573\" srcset=\"https:\/\/speyer24news.com\/wp-content\/uploads\/2023\/06\/Stadtradeln-2023-Speyer-Eroeffnung-9.jpg 800w, https:\/\/speyer24news.com\/wp-content\/uploads\/2023\/06\/Stadtradeln-2023-Speyer-Eroeffnung-9-300x225.jpg 300w, https:\/\/speyer24news.com\/wp-content\/uploads\/2023\/06\/Stadtradeln-2023-Speyer-Eroeffnung-9-768x576.jpg 768w, https:\/\/speyer24news.com\/wp-content\/uploads\/2023\/06\/Stadtradeln-2023-Speyer-Eroeffnung-9-678x509.jpg 678w, https:\/\/speyer24news.com\/wp-content\/uploads\/2023\/06\/Stadtradeln-2023-Speyer-Eroeffnung-9-326x245.jpg 326w, https:\/\/speyer24news.com\/wp-content\/uploads\/2023\/06\/Stadtradeln-2023-Speyer-Eroeffnung-9-80x60.jpg 80w\" sizes=\"(max-width: 800px) 100vw, 800px\" \/><\/figure>\n\n\n\n<figure class=\"wp-block-image size-large\"><img decoding=\"async\" loading=\"lazy\" width=\"800\" height=\"600\" data-id=\"52563\" src=\"https:\/\/speyer24news.com\/wp-content\/uploads\/2023\/06\/Stadtradeln-2023-Speyer-Eroeffnung-10.jpg\" alt=\"\" class=\"wp-image-52563\" srcset=\"https:\/\/speyer24news.com\/wp-content\/uploads\/2023\/06\/Stadtradeln-2023-Speyer-Eroeffnung-10.jpg 800w, https:\/\/speyer24news.com\/wp-content\/uploads\/2023\/06\/Stadtradeln-2023-Speyer-Eroeffnung-10-300x225.jpg 300w, https:\/\/speyer24news.com\/wp-content\/uploads\/2023\/06\/Stadtradeln-2023-Speyer-Eroeffnung-10-768x576.jpg 768w, https:\/\/speyer24news.com\/wp-content\/uploads\/2023\/06\/Stadtradeln-2023-Speyer-Eroeffnung-10-678x509.jpg 678w, https:\/\/speyer24news.com\/wp-content\/uploads\/2023\/06\/Stadtradeln-2023-Speyer-Eroeffnung-10-326x245.jpg 326w, https:\/\/speyer24news.com\/wp-content\/uploads\/2023\/06\/Stadtradeln-2023-Speyer-Eroeffnung-10-80x60.jpg 80w\" sizes=\"(max-width: 800px) 100vw, 800px\" \/><\/figure>\n\n\n\n<figure class=\"wp-block-image size-large\"><img decoding=\"async\" loading=\"lazy\" width=\"800\" height=\"600\" data-id=\"52581\" src=\"https:\/\/speyer24news.com\/wp-content\/uploads\/2023\/06\/Stadtradeln-2023-Speyer-Eroeffnung-11.jpg\" alt=\"\" class=\"wp-image-52581\" srcset=\"https:\/\/speyer24news.com\/wp-content\/uploads\/2023\/06\/Stadtradeln-2023-Speyer-Eroeffnung-11.jpg 800w, https:\/\/speyer24news.com\/wp-content\/uploads\/2023\/06\/Stadtradeln-2023-Speyer-Eroeffnung-11-300x225.jpg 300w, https:\/\/speyer24news.com\/wp-content\/uploads\/2023\/06\/Stadtradeln-2023-Speyer-Eroeffnung-11-768x576.jpg 768w, https:\/\/speyer24news.com\/wp-content\/uploads\/2023\/06\/Stadtradeln-2023-Speyer-Eroeffnung-11-678x509.jpg 678w, https:\/\/speyer24news.com\/wp-content\/uploads\/2023\/06\/Stadtradeln-2023-Speyer-Eroeffnung-11-326x245.jpg 326w, https:\/\/speyer24news.com\/wp-content\/uploads\/2023\/06\/Stadtradeln-2023-Speyer-Eroeffnung-11-80x60.jpg 80w\" sizes=\"(max-width: 800px) 100vw, 800px\" \/><\/figure>\n\n\n\n<figure class=\"wp-block-image size-large\"><img decoding=\"async\" loading=\"lazy\" width=\"800\" height=\"600\" data-id=\"52587\" src=\"https:\/\/speyer24news.com\/wp-content\/uploads\/2023\/06\/Stadtradeln-2023-Speyer-Eroeffnung-12.jpg\" alt=\"\" class=\"wp-image-52587\" srcset=\"https:\/\/speyer24news.com\/wp-content\/uploads\/2023\/06\/Stadtradeln-2023-Speyer-Eroeffnung-12.jpg 800w, https:\/\/speyer24news.com\/wp-content\/uploads\/2023\/06\/Stadtradeln-2023-Speyer-Eroeffnung-12-300x225.jpg 300w, https:\/\/speyer24news.com\/wp-content\/uploads\/2023\/06\/Stadtradeln-2023-Speyer-Eroeffnung-12-768x576.jpg 768w, https:\/\/speyer24news.com\/wp-content\/uploads\/2023\/06\/Stadtradeln-2023-Speyer-Eroeffnung-12-678x509.jpg 678w, https:\/\/speyer24news.com\/wp-content\/uploads\/2023\/06\/Stadtradeln-2023-Speyer-Eroeffnung-12-326x245.jpg 326w, https:\/\/speyer24news.com\/wp-content\/uploads\/2023\/06\/Stadtradeln-2023-Speyer-Eroeffnung-12-80x60.jpg 80w\" sizes=\"(max-width: 800px) 100vw, 800px\" \/><\/figure>\n\n\n\n<figure class=\"wp-block-image size-large\"><img decoding=\"async\" loading=\"lazy\" width=\"800\" height=\"600\" data-id=\"52580\" src=\"https:\/\/speyer24news.com\/wp-content\/uploads\/2023\/06\/Stadtradeln-2023-Speyer-Eroeffnung-13.jpg\" alt=\"\" class=\"wp-image-52580\" srcset=\"https:\/\/speyer24news.com\/wp-content\/uploads\/2023\/06\/Stadtradeln-2023-Speyer-Eroeffnung-13.jpg 800w, https:\/\/speyer24news.com\/wp-content\/uploads\/2023\/06\/Stadtradeln-2023-Speyer-Eroeffnung-13-300x225.jpg 300w, https:\/\/speyer24news.com\/wp-content\/uploads\/2023\/06\/Stadtradeln-2023-Speyer-Eroeffnung-13-768x576.jpg 768w, https:\/\/speyer24news.com\/wp-content\/uploads\/2023\/06\/Stadtradeln-2023-Speyer-Eroeffnung-13-678x509.jpg 678w, https:\/\/speyer24news.com\/wp-content\/uploads\/2023\/06\/Stadtradeln-2023-Speyer-Eroeffnung-13-326x245.jpg 326w, https:\/\/speyer24news.com\/wp-content\/uploads\/2023\/06\/Stadtradeln-2023-Speyer-Eroeffnung-13-80x60.jpg 80w\" sizes=\"(max-width: 800px) 100vw, 800px\" \/><\/figure>\n\n\n\n<figure class=\"wp-block-image size-large\"><img decoding=\"async\" loading=\"lazy\" width=\"800\" height=\"600\" data-id=\"52585\" src=\"https:\/\/speyer24news.com\/wp-content\/uploads\/2023\/06\/Stadtradeln-2023-Speyer-Eroeffnung-14.jpg\" alt=\"\" class=\"wp-image-52585\" srcset=\"https:\/\/speyer24news.com\/wp-content\/uploads\/2023\/06\/Stadtradeln-2023-Speyer-Eroeffnung-14.jpg 800w, https:\/\/speyer24news.com\/wp-content\/uploads\/2023\/06\/Stadtradeln-2023-Speyer-Eroeffnung-14-300x225.jpg 300w, https:\/\/speyer24news.com\/wp-content\/uploads\/2023\/06\/Stadtradeln-2023-Speyer-Eroeffnung-14-768x576.jpg 768w, https:\/\/speyer24news.com\/wp-content\/uploads\/2023\/06\/Stadtradeln-2023-Speyer-Eroeffnung-14-678x509.jpg 678w, https:\/\/speyer24news.com\/wp-content\/uploads\/2023\/06\/Stadtradeln-2023-Speyer-Eroeffnung-14-326x245.jpg 326w, https:\/\/speyer24news.com\/wp-content\/uploads\/2023\/06\/Stadtradeln-2023-Speyer-Eroeffnung-14-80x60.jpg 80w\" sizes=\"(max-width: 800px) 100vw, 800px\" \/><\/figure>\n\n\n\n<figure class=\"wp-block-image size-large\"><img decoding=\"async\" loading=\"lazy\" width=\"800\" height=\"600\" data-id=\"52590\" src=\"https:\/\/speyer24news.com\/wp-content\/uploads\/2023\/06\/Stadtradeln-2023-Speyer-Eroeffnung-15.jpg\" alt=\"\" class=\"wp-image-52590\" srcset=\"https:\/\/speyer24news.com\/wp-content\/uploads\/2023\/06\/Stadtradeln-2023-Speyer-Eroeffnung-15.jpg 800w, https:\/\/speyer24news.com\/wp-content\/uploads\/2023\/06\/Stadtradeln-2023-Speyer-Eroeffnung-15-300x225.jpg 300w, https:\/\/speyer24news.com\/wp-content\/uploads\/2023\/06\/Stadtradeln-2023-Speyer-Eroeffnung-15-768x576.jpg 768w, https:\/\/speyer24news.com\/wp-content\/uploads\/2023\/06\/Stadtradeln-2023-Speyer-Eroeffnung-15-678x509.jpg 678w, https:\/\/speyer24news.com\/wp-content\/uploads\/2023\/06\/Stadtradeln-2023-Speyer-Eroeffnung-15-326x245.jpg 326w, https:\/\/speyer24news.com\/wp-content\/uploads\/2023\/06\/Stadtradeln-2023-Speyer-Eroeffnung-15-80x60.jpg 80w\" sizes=\"(max-width: 800px) 100vw, 800px\" \/><\/figure>\n\n\n\n<figure class=\"wp-block-image size-large\"><img decoding=\"async\" loading=\"lazy\" width=\"800\" height=\"600\" data-id=\"52571\" src=\"https:\/\/speyer24news.com\/wp-content\/uploads\/2023\/06\/Stadtradeln-2023-Speyer-Eroeffnung-16.jpg\" alt=\"\" class=\"wp-image-52571\" srcset=\"https:\/\/speyer24news.com\/wp-content\/uploads\/2023\/06\/Stadtradeln-2023-Speyer-Eroeffnung-16.jpg 800w, https:\/\/speyer24news.com\/wp-content\/uploads\/2023\/06\/Stadtradeln-2023-Speyer-Eroeffnung-16-300x225.jpg 300w, https:\/\/speyer24news.com\/wp-content\/uploads\/2023\/06\/Stadtradeln-2023-Speyer-Eroeffnung-16-768x576.jpg 768w, https:\/\/speyer24news.com\/wp-content\/uploads\/2023\/06\/Stadtradeln-2023-Speyer-Eroeffnung-16-678x509.jpg 678w, https:\/\/speyer24news.com\/wp-content\/uploads\/2023\/06\/Stadtradeln-2023-Speyer-Eroeffnung-16-326x245.jpg 326w, https:\/\/speyer24news.com\/wp-content\/uploads\/2023\/06\/Stadtradeln-2023-Speyer-Eroeffnung-16-80x60.jpg 80w\" sizes=\"(max-width: 800px) 100vw, 800px\" \/><\/figure>\n\n\n\n<figure class=\"wp-block-image size-large\"><img decoding=\"async\" loading=\"lazy\" width=\"800\" height=\"600\" data-id=\"52574\" src=\"https:\/\/speyer24news.com\/wp-content\/uploads\/2023\/06\/Stadtradeln-2023-Speyer-Eroeffnung-17.jpg\" alt=\"\" class=\"wp-image-52574\" srcset=\"https:\/\/speyer24news.com\/wp-content\/uploads\/2023\/06\/Stadtradeln-2023-Speyer-Eroeffnung-17.jpg 800w, https:\/\/speyer24news.com\/wp-content\/uploads\/2023\/06\/Stadtradeln-2023-Speyer-Eroeffnung-17-300x225.jpg 300w, https:\/\/speyer24news.com\/wp-content\/uploads\/2023\/06\/Stadtradeln-2023-Speyer-Eroeffnung-17-768x576.jpg 768w, https:\/\/speyer24news.com\/wp-content\/uploads\/2023\/06\/Stadtradeln-2023-Speyer-Eroeffnung-17-678x509.jpg 678w, https:\/\/speyer24news.com\/wp-content\/uploads\/2023\/06\/Stadtradeln-2023-Speyer-Eroeffnung-17-326x245.jpg 326w, https:\/\/speyer24news.com\/wp-content\/uploads\/2023\/06\/Stadtradeln-2023-Speyer-Eroeffnung-17-80x60.jpg 80w\" sizes=\"(max-width: 800px) 100vw, 800px\" \/><\/figure>\n\n\n\n<figure class=\"wp-block-image size-large\"><img decoding=\"async\" loading=\"lazy\" width=\"800\" height=\"600\" data-id=\"52568\" src=\"https:\/\/speyer24news.com\/wp-content\/uploads\/2023\/06\/Stadtradeln-2023-Speyer-Eroeffnung-18.jpg\" alt=\"\" class=\"wp-image-52568\" srcset=\"https:\/\/speyer24news.com\/wp-content\/uploads\/2023\/06\/Stadtradeln-2023-Speyer-Eroeffnung-18.jpg 800w, https:\/\/speyer24news.com\/wp-content\/uploads\/2023\/06\/Stadtradeln-2023-Speyer-Eroeffnung-18-300x225.jpg 300w, https:\/\/speyer24news.com\/wp-content\/uploads\/2023\/06\/Stadtradeln-2023-Speyer-Eroeffnung-18-768x576.jpg 768w, https:\/\/speyer24news.com\/wp-content\/uploads\/2023\/06\/Stadtradeln-2023-Speyer-Eroeffnung-18-678x509.jpg 678w, https:\/\/speyer24news.com\/wp-content\/uploads\/2023\/06\/Stadtradeln-2023-Speyer-Eroeffnung-18-326x245.jpg 326w, https:\/\/speyer24news.com\/wp-content\/uploads\/2023\/06\/Stadtradeln-2023-Speyer-Eroeffnung-18-80x60.jpg 80w\" sizes=\"(max-width: 800px) 100vw, 800px\" \/><\/figure>\n\n\n\n<figure class=\"wp-block-image size-large\"><img decoding=\"async\" loading=\"lazy\" width=\"800\" height=\"600\" data-id=\"52575\" src=\"https:\/\/speyer24news.com\/wp-content\/uploads\/2023\/06\/Stadtradeln-2023-Speyer-Eroeffnung-19.jpg\" alt=\"\" class=\"wp-image-52575\" srcset=\"https:\/\/speyer24news.com\/wp-content\/uploads\/2023\/06\/Stadtradeln-2023-Speyer-Eroeffnung-19.jpg 800w, https:\/\/speyer24news.com\/wp-content\/uploads\/2023\/06\/Stadtradeln-2023-Speyer-Eroeffnung-19-300x225.jpg 300w, https:\/\/speyer24news.com\/wp-content\/uploads\/2023\/06\/Stadtradeln-2023-Speyer-Eroeffnung-19-768x576.jpg 768w, https:\/\/speyer24news.com\/wp-content\/uploads\/2023\/06\/Stadtradeln-2023-Speyer-Eroeffnung-19-678x509.jpg 678w, https:\/\/speyer24news.com\/wp-content\/uploads\/2023\/06\/Stadtradeln-2023-Speyer-Eroeffnung-19-326x245.jpg 326w, https:\/\/speyer24news.com\/wp-content\/uploads\/2023\/06\/Stadtradeln-2023-Speyer-Eroeffnung-19-80x60.jpg 80w\" sizes=\"(max-width: 800px) 100vw, 800px\" \/><\/figure>\n\n\n\n<figure class=\"wp-block-image size-large\"><img decoding=\"async\" loading=\"lazy\" width=\"800\" height=\"600\" data-id=\"52572\" src=\"https:\/\/speyer24news.com\/wp-content\/uploads\/2023\/06\/Stadtradeln-2023-Speyer-Eroeffnung-20.jpg\" alt=\"\" class=\"wp-image-52572\" srcset=\"https:\/\/speyer24news.com\/wp-content\/uploads\/2023\/06\/Stadtradeln-2023-Speyer-Eroeffnung-20.jpg 800w, https:\/\/speyer24news.com\/wp-content\/uploads\/2023\/06\/Stadtradeln-2023-Speyer-Eroeffnung-20-300x225.jpg 300w, https:\/\/speyer24news.com\/wp-content\/uploads\/2023\/06\/Stadtradeln-2023-Speyer-Eroeffnung-20-768x576.jpg 768w, https:\/\/speyer24news.com\/wp-content\/uploads\/2023\/06\/Stadtradeln-2023-Speyer-Eroeffnung-20-678x509.jpg 678w, https:\/\/speyer24news.com\/wp-content\/uploads\/2023\/06\/Stadtradeln-2023-Speyer-Eroeffnung-20-326x245.jpg 326w, https:\/\/speyer24news.com\/wp-content\/uploads\/2023\/06\/Stadtradeln-2023-Speyer-Eroeffnung-20-80x60.jpg 80w\" sizes=\"(max-width: 800px) 100vw, 800px\" \/><\/figure>\n\n\n\n<figure class=\"wp-block-image size-large\"><img decoding=\"async\" loading=\"lazy\" width=\"500\" height=\"667\" data-id=\"52577\" src=\"https:\/\/speyer24news.com\/wp-content\/uploads\/2023\/06\/Stadtradeln-2023-Speyer-Eroeffnung-21.jpg\" alt=\"\" class=\"wp-image-52577\" srcset=\"https:\/\/speyer24news.com\/wp-content\/uploads\/2023\/06\/Stadtradeln-2023-Speyer-Eroeffnung-21.jpg 500w, https:\/\/speyer24news.com\/wp-content\/uploads\/2023\/06\/Stadtradeln-2023-Speyer-Eroeffnung-21-225x300.jpg 225w\" sizes=\"(max-width: 500px) 100vw, 500px\" \/><\/figure>\n\n\n\n<figure class=\"wp-block-image size-large\"><img decoding=\"async\" loading=\"lazy\" width=\"800\" height=\"600\" data-id=\"52578\" src=\"https:\/\/speyer24news.com\/wp-content\/uploads\/2023\/06\/Stadtradeln-2023-Speyer-Eroeffnung-22.jpg\" alt=\"\" class=\"wp-image-52578\" srcset=\"https:\/\/speyer24news.com\/wp-content\/uploads\/2023\/06\/Stadtradeln-2023-Speyer-Eroeffnung-22.jpg 800w, https:\/\/speyer24news.com\/wp-content\/uploads\/2023\/06\/Stadtradeln-2023-Speyer-Eroeffnung-22-300x225.jpg 300w, https:\/\/speyer24news.com\/wp-content\/uploads\/2023\/06\/Stadtradeln-2023-Speyer-Eroeffnung-22-768x576.jpg 768w, https:\/\/speyer24news.com\/wp-content\/uploads\/2023\/06\/Stadtradeln-2023-Speyer-Eroeffnung-22-678x509.jpg 678w, https:\/\/speyer24news.com\/wp-content\/uploads\/2023\/06\/Stadtradeln-2023-Speyer-Eroeffnung-22-326x245.jpg 326w, https:\/\/speyer24news.com\/wp-content\/uploads\/2023\/06\/Stadtradeln-2023-Speyer-Eroeffnung-22-80x60.jpg 80w\" sizes=\"(max-width: 800px) 100vw, 800px\" \/><\/figure>\n\n\n\n<figure class=\"wp-block-image size-large\"><img decoding=\"async\" loading=\"lazy\" width=\"800\" height=\"600\" data-id=\"52560\" src=\"https:\/\/speyer24news.com\/wp-content\/uploads\/2023\/06\/Stadtradeln-2023-Speyer-Eroeffnung-23.jpg\" alt=\"\" class=\"wp-image-52560\" srcset=\"https:\/\/speyer24news.com\/wp-content\/uploads\/2023\/06\/Stadtradeln-2023-Speyer-Eroeffnung-23.jpg 800w, https:\/\/speyer24news.com\/wp-content\/uploads\/2023\/06\/Stadtradeln-2023-Speyer-Eroeffnung-23-300x225.jpg 300w, https:\/\/speyer24news.com\/wp-content\/uploads\/2023\/06\/Stadtradeln-2023-Speyer-Eroeffnung-23-768x576.jpg 768w, https:\/\/speyer24news.com\/wp-content\/uploads\/2023\/06\/Stadtradeln-2023-Speyer-Eroeffnung-23-678x509.jpg 678w, https:\/\/speyer24news.com\/wp-content\/uploads\/2023\/06\/Stadtradeln-2023-Speyer-Eroeffnung-23-326x245.jpg 326w, https:\/\/speyer24news.com\/wp-content\/uploads\/2023\/06\/Stadtradeln-2023-Speyer-Eroeffnung-23-80x60.jpg 80w\" sizes=\"(max-width: 800px) 100vw, 800px\" \/><\/figure>\n\n\n\n<figure class=\"wp-block-image size-large\"><img decoding=\"async\" loading=\"lazy\" width=\"800\" height=\"600\" data-id=\"52564\" src=\"https:\/\/speyer24news.com\/wp-content\/uploads\/2023\/06\/Stadtradeln-2023-Speyer-Eroeffnung-24.jpg\" alt=\"\" class=\"wp-image-52564\" srcset=\"https:\/\/speyer24news.com\/wp-content\/uploads\/2023\/06\/Stadtradeln-2023-Speyer-Eroeffnung-24.jpg 800w, https:\/\/speyer24news.com\/wp-content\/uploads\/2023\/06\/Stadtradeln-2023-Speyer-Eroeffnung-24-300x225.jpg 300w, https:\/\/speyer24news.com\/wp-content\/uploads\/2023\/06\/Stadtradeln-2023-Speyer-Eroeffnung-24-768x576.jpg 768w, https:\/\/speyer24news.com\/wp-content\/uploads\/2023\/06\/Stadtradeln-2023-Speyer-Eroeffnung-24-678x509.jpg 678w, https:\/\/speyer24news.com\/wp-content\/uploads\/2023\/06\/Stadtradeln-2023-Speyer-Eroeffnung-24-326x245.jpg 326w, https:\/\/speyer24news.com\/wp-content\/uploads\/2023\/06\/Stadtradeln-2023-Speyer-Eroeffnung-24-80x60.jpg 80w\" sizes=\"(max-width: 800px) 100vw, 800px\" \/><\/figure>\n\n\n\n<figure class=\"wp-block-image size-large\"><img decoding=\"async\" loading=\"lazy\" width=\"800\" height=\"600\" data-id=\"52561\" src=\"https:\/\/speyer24news.com\/wp-content\/uploads\/2023\/06\/Stadtradeln-2023-Speyer-Eroeffnung-25.jpg\" alt=\"\" class=\"wp-image-52561\" srcset=\"https:\/\/speyer24news.com\/wp-content\/uploads\/2023\/06\/Stadtradeln-2023-Speyer-Eroeffnung-25.jpg 800w, https:\/\/speyer24news.com\/wp-content\/uploads\/2023\/06\/Stadtradeln-2023-Speyer-Eroeffnung-25-300x225.jpg 300w, https:\/\/speyer24news.com\/wp-content\/uploads\/2023\/06\/Stadtradeln-2023-Speyer-Eroeffnung-25-768x576.jpg 768w, https:\/\/speyer24news.com\/wp-content\/uploads\/2023\/06\/Stadtradeln-2023-Speyer-Eroeffnung-25-678x509.jpg 678w, https:\/\/speyer24news.com\/wp-content\/uploads\/2023\/06\/Stadtradeln-2023-Speyer-Eroeffnung-25-326x245.jpg 326w, https:\/\/speyer24news.com\/wp-content\/uploads\/2023\/06\/Stadtradeln-2023-Speyer-Eroeffnung-25-80x60.jpg 80w\" sizes=\"(max-width: 800px) 100vw, 800px\" \/><\/figure>\n\n\n\n<figure class=\"wp-block-image size-large\"><img decoding=\"async\" loading=\"lazy\" width=\"800\" height=\"600\" data-id=\"52554\" src=\"https:\/\/speyer24news.com\/wp-content\/uploads\/2023\/06\/Stadtradeln-2023-Speyer-Eroeffnung-26.jpg\" alt=\"\" class=\"wp-image-52554\" srcset=\"https:\/\/speyer24news.com\/wp-content\/uploads\/2023\/06\/Stadtradeln-2023-Speyer-Eroeffnung-26.jpg 800w, https:\/\/speyer24news.com\/wp-content\/uploads\/2023\/06\/Stadtradeln-2023-Speyer-Eroeffnung-26-300x225.jpg 300w, https:\/\/speyer24news.com\/wp-content\/uploads\/2023\/06\/Stadtradeln-2023-Speyer-Eroeffnung-26-768x576.jpg 768w, https:\/\/speyer24news.com\/wp-content\/uploads\/2023\/06\/Stadtradeln-2023-Speyer-Eroeffnung-26-678x509.jpg 678w, https:\/\/speyer24news.com\/wp-content\/uploads\/2023\/06\/Stadtradeln-2023-Speyer-Eroeffnung-26-326x245.jpg 326w, https:\/\/speyer24news.com\/wp-content\/uploads\/2023\/06\/Stadtradeln-2023-Speyer-Eroeffnung-26-80x60.jpg 80w\" sizes=\"(max-width: 800px) 100vw, 800px\" \/><\/figure>\n\n\n\n<figure class=\"wp-block-image size-large\"><img decoding=\"async\" loading=\"lazy\" width=\"800\" height=\"600\" data-id=\"52583\" src=\"https:\/\/speyer24news.com\/wp-content\/uploads\/2023\/06\/Stadtradeln-2023-Speyer-Eroeffnung-27.jpg\" alt=\"\" class=\"wp-image-52583\" srcset=\"https:\/\/speyer24news.com\/wp-content\/uploads\/2023\/06\/Stadtradeln-2023-Speyer-Eroeffnung-27.jpg 800w, https:\/\/speyer24news.com\/wp-content\/uploads\/2023\/06\/Stadtradeln-2023-Speyer-Eroeffnung-27-300x225.jpg 300w, https:\/\/speyer24news.com\/wp-content\/uploads\/2023\/06\/Stadtradeln-2023-Speyer-Eroeffnung-27-768x576.jpg 768w, https:\/\/speyer24news.com\/wp-content\/uploads\/2023\/06\/Stadtradeln-2023-Speyer-Eroeffnung-27-678x509.jpg 678w, https:\/\/speyer24news.com\/wp-content\/uploads\/2023\/06\/Stadtradeln-2023-Speyer-Eroeffnung-27-326x245.jpg 326w, https:\/\/speyer24news.com\/wp-content\/uploads\/2023\/06\/Stadtradeln-2023-Speyer-Eroeffnung-27-80x60.jpg 80w\" sizes=\"(max-width: 800px) 100vw, 800px\" \/><\/figure>\n\n\n\n<figure class=\"wp-block-image size-large\"><img decoding=\"async\" loading=\"lazy\" width=\"800\" height=\"602\" data-id=\"52579\" src=\"https:\/\/speyer24news.com\/wp-content\/uploads\/2023\/06\/Stadtradeln-2023-Speyer-Eroeffnung-28.jpg\" alt=\"\" class=\"wp-image-52579\" srcset=\"https:\/\/speyer24news.com\/wp-content\/uploads\/2023\/06\/Stadtradeln-2023-Speyer-Eroeffnung-28.jpg 800w, https:\/\/speyer24news.com\/wp-content\/uploads\/2023\/06\/Stadtradeln-2023-Speyer-Eroeffnung-28-300x226.jpg 300w, https:\/\/speyer24news.com\/wp-content\/uploads\/2023\/06\/Stadtradeln-2023-Speyer-Eroeffnung-28-768x578.jpg 768w, https:\/\/speyer24news.com\/wp-content\/uploads\/2023\/06\/Stadtradeln-2023-Speyer-Eroeffnung-28-678x509.jpg 678w, https:\/\/speyer24news.com\/wp-content\/uploads\/2023\/06\/Stadtradeln-2023-Speyer-Eroeffnung-28-326x245.jpg 326w, https:\/\/speyer24news.com\/wp-content\/uploads\/2023\/06\/Stadtradeln-2023-Speyer-Eroeffnung-28-80x60.jpg 80w\" sizes=\"(max-width: 800px) 100vw, 800px\" \/><\/figure>\n\n\n\n<figure class=\"wp-block-image size-large\"><img decoding=\"async\" loading=\"lazy\" width=\"800\" height=\"600\" data-id=\"52586\" src=\"https:\/\/speyer24news.com\/wp-content\/uploads\/2023\/06\/Stadtradeln-2023-Speyer-Eroeffnung-29.jpg\" alt=\"\" class=\"wp-image-52586\" srcset=\"https:\/\/speyer24news.com\/wp-content\/uploads\/2023\/06\/Stadtradeln-2023-Speyer-Eroeffnung-29.jpg 800w, https:\/\/speyer24news.com\/wp-content\/uploads\/2023\/06\/Stadtradeln-2023-Speyer-Eroeffnung-29-300x225.jpg 300w, https:\/\/speyer24news.com\/wp-content\/uploads\/2023\/06\/Stadtradeln-2023-Speyer-Eroeffnung-29-768x576.jpg 768w, https:\/\/speyer24news.com\/wp-content\/uploads\/2023\/06\/Stadtradeln-2023-Speyer-Eroeffnung-29-678x509.jpg 678w, https:\/\/speyer24news.com\/wp-content\/uploads\/2023\/06\/Stadtradeln-2023-Speyer-Eroeffnung-29-326x245.jpg 326w, https:\/\/speyer24news.com\/wp-content\/uploads\/2023\/06\/Stadtradeln-2023-Speyer-Eroeffnung-29-80x60.jpg 80w\" sizes=\"(max-width: 800px) 100vw, 800px\" \/><\/figure>\n\n\n\n<figure class=\"wp-block-image size-large\"><img decoding=\"async\" loading=\"lazy\" width=\"800\" height=\"600\" data-id=\"52582\" src=\"https:\/\/speyer24news.com\/wp-content\/uploads\/2023\/06\/Stadtradeln-2023-Speyer-Eroeffnung-30.jpg\" alt=\"\" class=\"wp-image-52582\" srcset=\"https:\/\/speyer24news.com\/wp-content\/uploads\/2023\/06\/Stadtradeln-2023-Speyer-Eroeffnung-30.jpg 800w, https:\/\/speyer24news.com\/wp-content\/uploads\/2023\/06\/Stadtradeln-2023-Speyer-Eroeffnung-30-300x225.jpg 300w, https:\/\/speyer24news.com\/wp-content\/uploads\/2023\/06\/Stadtradeln-2023-Speyer-Eroeffnung-30-768x576.jpg 768w, https:\/\/speyer24news.com\/wp-content\/uploads\/2023\/06\/Stadtradeln-2023-Speyer-Eroeffnung-30-678x509.jpg 678w, https:\/\/speyer24news.com\/wp-content\/uploads\/2023\/06\/Stadtradeln-2023-Speyer-Eroeffnung-30-326x245.jpg 326w, https:\/\/speyer24news.com\/wp-content\/uploads\/2023\/06\/Stadtradeln-2023-Speyer-Eroeffnung-30-80x60.jpg 80w\" sizes=\"(max-width: 800px) 100vw, 800px\" \/><\/figure>\n\n\n\n<figure class=\"wp-block-image size-large\"><img decoding=\"async\" loading=\"lazy\" width=\"800\" height=\"600\" data-id=\"52589\" src=\"https:\/\/speyer24news.com\/wp-content\/uploads\/2023\/06\/Stadtradeln-2023-Speyer-Eroeffnung-31.jpg\" alt=\"\" class=\"wp-image-52589\" srcset=\"https:\/\/speyer24news.com\/wp-content\/uploads\/2023\/06\/Stadtradeln-2023-Speyer-Eroeffnung-31.jpg 800w, https:\/\/speyer24news.com\/wp-content\/uploads\/2023\/06\/Stadtradeln-2023-Speyer-Eroeffnung-31-300x225.jpg 300w, https:\/\/speyer24news.com\/wp-content\/uploads\/2023\/06\/Stadtradeln-2023-Speyer-Eroeffnung-31-768x576.jpg 768w, https:\/\/speyer24news.com\/wp-content\/uploads\/2023\/06\/Stadtradeln-2023-Speyer-Eroeffnung-31-678x509.jpg 678w, https:\/\/speyer24news.com\/wp-content\/uploads\/2023\/06\/Stadtradeln-2023-Speyer-Eroeffnung-31-326x245.jpg 326w, https:\/\/speyer24news.com\/wp-content\/uploads\/2023\/06\/Stadtradeln-2023-Speyer-Eroeffnung-31-80x60.jpg 80w\" sizes=\"(max-width: 800px) 100vw, 800px\" \/><\/figure>\n\n\n\n<figure class=\"wp-block-image size-large\"><img decoding=\"async\" loading=\"lazy\" width=\"800\" height=\"600\" data-id=\"52569\" src=\"https:\/\/speyer24news.com\/wp-content\/uploads\/2023\/06\/Stadtradeln-2023-Speyer-Eroeffnung-32.jpg\" alt=\"\" class=\"wp-image-52569\" srcset=\"https:\/\/speyer24news.com\/wp-content\/uploads\/2023\/06\/Stadtradeln-2023-Speyer-Eroeffnung-32.jpg 800w, https:\/\/speyer24news.com\/wp-content\/uploads\/2023\/06\/Stadtradeln-2023-Speyer-Eroeffnung-32-300x225.jpg 300w, https:\/\/speyer24news.com\/wp-content\/uploads\/2023\/06\/Stadtradeln-2023-Speyer-Eroeffnung-32-768x576.jpg 768w, https:\/\/speyer24news.com\/wp-content\/uploads\/2023\/06\/Stadtradeln-2023-Speyer-Eroeffnung-32-678x509.jpg 678w, https:\/\/speyer24news.com\/wp-content\/uploads\/2023\/06\/Stadtradeln-2023-Speyer-Eroeffnung-32-326x245.jpg 326w, https:\/\/speyer24news.com\/wp-content\/uploads\/2023\/06\/Stadtradeln-2023-Speyer-Eroeffnung-32-80x60.jpg 80w\" sizes=\"(max-width: 800px) 100vw, 800px\" \/><\/figure>\n\n\n\n<figure class=\"wp-block-image size-large\"><img decoding=\"async\" loading=\"lazy\" width=\"800\" height=\"600\" data-id=\"52565\" src=\"https:\/\/speyer24news.com\/wp-content\/uploads\/2023\/06\/Stadtradeln-2023-Speyer-Eroeffnung-33.jpg\" alt=\"\" class=\"wp-image-52565\" srcset=\"https:\/\/speyer24news.com\/wp-content\/uploads\/2023\/06\/Stadtradeln-2023-Speyer-Eroeffnung-33.jpg 800w, https:\/\/speyer24news.com\/wp-content\/uploads\/2023\/06\/Stadtradeln-2023-Speyer-Eroeffnung-33-300x225.jpg 300w, https:\/\/speyer24news.com\/wp-content\/uploads\/2023\/06\/Stadtradeln-2023-Speyer-Eroeffnung-33-768x576.jpg 768w, https:\/\/speyer24news.com\/wp-content\/uploads\/2023\/06\/Stadtradeln-2023-Speyer-Eroeffnung-33-678x509.jpg 678w, https:\/\/speyer24news.com\/wp-content\/uploads\/2023\/06\/Stadtradeln-2023-Speyer-Eroeffnung-33-326x245.jpg 326w, https:\/\/speyer24news.com\/wp-content\/uploads\/2023\/06\/Stadtradeln-2023-Speyer-Eroeffnung-33-80x60.jpg 80w\" sizes=\"(max-width: 800px) 100vw, 800px\" \/><\/figure>\n\n\n\n<figure class=\"wp-block-image size-large\"><img decoding=\"async\" loading=\"lazy\" width=\"800\" height=\"600\" data-id=\"52570\" src=\"https:\/\/speyer24news.com\/wp-content\/uploads\/2023\/06\/Stadtradeln-2023-Speyer-Eroeffnung-34.jpg\" alt=\"\" class=\"wp-image-52570\" srcset=\"https:\/\/speyer24news.com\/wp-content\/uploads\/2023\/06\/Stadtradeln-2023-Speyer-Eroeffnung-34.jpg 800w, https:\/\/speyer24news.com\/wp-content\/uploads\/2023\/06\/Stadtradeln-2023-Speyer-Eroeffnung-34-300x225.jpg 300w, https:\/\/speyer24news.com\/wp-content\/uploads\/2023\/06\/Stadtradeln-2023-Speyer-Eroeffnung-34-768x576.jpg 768w, https:\/\/speyer24news.com\/wp-content\/uploads\/2023\/06\/Stadtradeln-2023-Speyer-Eroeffnung-34-678x509.jpg 678w, https:\/\/speyer24news.com\/wp-content\/uploads\/2023\/06\/Stadtradeln-2023-Speyer-Eroeffnung-34-326x245.jpg 326w, https:\/\/speyer24news.com\/wp-content\/uploads\/2023\/06\/Stadtradeln-2023-Speyer-Eroeffnung-34-80x60.jpg 80w\" sizes=\"(max-width: 800px) 100vw, 800px\" \/><\/figure>\n\n\n\n<figure class=\"wp-block-image size-large\"><img decoding=\"async\" loading=\"lazy\" width=\"800\" height=\"600\" data-id=\"52562\" src=\"https:\/\/speyer24news.com\/wp-content\/uploads\/2023\/06\/Stadtradeln-2023-Speyer-Eroeffnung-35.jpg\" alt=\"\" class=\"wp-image-52562\" srcset=\"https:\/\/speyer24news.com\/wp-content\/uploads\/2023\/06\/Stadtradeln-2023-Speyer-Eroeffnung-35.jpg 800w, https:\/\/speyer24news.com\/wp-content\/uploads\/2023\/06\/Stadtradeln-2023-Speyer-Eroeffnung-35-300x225.jpg 300w, https:\/\/speyer24news.com\/wp-content\/uploads\/2023\/06\/Stadtradeln-2023-Speyer-Eroeffnung-35-768x576.jpg 768w, https:\/\/speyer24news.com\/wp-content\/uploads\/2023\/06\/Stadtradeln-2023-Speyer-Eroeffnung-35-678x509.jpg 678w, https:\/\/speyer24news.com\/wp-content\/uploads\/2023\/06\/Stadtradeln-2023-Speyer-Eroeffnung-35-326x245.jpg 326w, https:\/\/speyer24news.com\/wp-content\/uploads\/2023\/06\/Stadtradeln-2023-Speyer-Eroeffnung-35-80x60.jpg 80w\" sizes=\"(max-width: 800px) 100vw, 800px\" \/><\/figure>\n\n\n\n<figure class=\"wp-block-image size-large\"><img decoding=\"async\" loading=\"lazy\" width=\"800\" height=\"600\" data-id=\"52576\" src=\"https:\/\/speyer24news.com\/wp-content\/uploads\/2023\/06\/Stadtradeln-2023-Speyer-Eroeffnung-36.jpg\" alt=\"\" class=\"wp-image-52576\" srcset=\"https:\/\/speyer24news.com\/wp-content\/uploads\/2023\/06\/Stadtradeln-2023-Speyer-Eroeffnung-36.jpg 800w, https:\/\/speyer24news.com\/wp-content\/uploads\/2023\/06\/Stadtradeln-2023-Speyer-Eroeffnung-36-300x225.jpg 300w, https:\/\/speyer24news.com\/wp-content\/uploads\/2023\/06\/Stadtradeln-2023-Speyer-Eroeffnung-36-768x576.jpg 768w, https:\/\/speyer24news.com\/wp-content\/uploads\/2023\/06\/Stadtradeln-2023-Speyer-Eroeffnung-36-678x509.jpg 678w, https:\/\/speyer24news.com\/wp-content\/uploads\/2023\/06\/Stadtradeln-2023-Speyer-Eroeffnung-36-326x245.jpg 326w, https:\/\/speyer24news.com\/wp-content\/uploads\/2023\/06\/Stadtradeln-2023-Speyer-Eroeffnung-36-80x60.jpg 80w\" sizes=\"(max-width: 800px) 100vw, 800px\" \/><\/figure>\n\n\n\n<figure class=\"wp-block-image size-large\"><img decoding=\"async\" loading=\"lazy\" width=\"800\" height=\"599\" data-id=\"52584\" src=\"https:\/\/speyer24news.com\/wp-content\/uploads\/2023\/06\/Stadtradeln-2023-Speyer-Eroeffnung-37.jpg\" alt=\"\" class=\"wp-image-52584\" srcset=\"https:\/\/speyer24news.com\/wp-content\/uploads\/2023\/06\/Stadtradeln-2023-Speyer-Eroeffnung-37.jpg 800w, https:\/\/speyer24news.com\/wp-content\/uploads\/2023\/06\/Stadtradeln-2023-Speyer-Eroeffnung-37-300x225.jpg 300w, https:\/\/speyer24news.com\/wp-content\/uploads\/2023\/06\/Stadtradeln-2023-Speyer-Eroeffnung-37-768x575.jpg 768w, https:\/\/speyer24news.com\/wp-content\/uploads\/2023\/06\/Stadtradeln-2023-Speyer-Eroeffnung-37-678x509.jpg 678w, https:\/\/speyer24news.com\/wp-content\/uploads\/2023\/06\/Stadtradeln-2023-Speyer-Eroeffnung-37-326x245.jpg 326w, https:\/\/speyer24news.com\/wp-content\/uploads\/2023\/06\/Stadtradeln-2023-Speyer-Eroeffnung-37-80x60.jpg 80w\" sizes=\"(max-width: 800px) 100vw, 800px\" \/><\/figure>\n<\/figure>\n\n\n\n<p><em>Text: Stadtverwaltung Speyer Foto &amp; Video: Speyer 24 (NEWS)<br>25.05.2023<\/em><\/p>\n","protected":false},"excerpt":{"rendered":"<div class=\"mh-excerpt\"><p>STADTRADELN in Speyer startete am 7. Juni Erste Kilometer sammeln und andere Radelnde kennenlernen: Das konnten alle Teilnehmenden von STADTRADELN beim Auftakt am 7. Juni 2023. Oberb\u00fcrgermeisterin Stefanie Seiler und Umweltdezernentin Irmgard M\u00fcnch-Weinmann er\u00f6ffneten die <a class=\"mh-excerpt-more\" href=\"https:\/\/speyer24news.com\/?p=52553\" title=\"Speyer \/ Sport \/ Veranstaltung\">[&#8230;]<\/a><\/p>\n<\/div>","protected":false},"author":3,"featured_media":28496,"comment_status":"open","ping_status":"open","sticky":false,"template":"","format":"standard","meta":{"_monsterinsights_skip_tracking":false,"_monsterinsights_sitenote_active":false,"_monsterinsights_sitenote_note":"","_monsterinsights_sitenote_category":0,"footnotes":""},"categories":[9,339,13],"tags":[4144,3539,13711,253,8401,12640,699,4143,16209,16212,6,1221,2198,16210,16211],"aioseo_notices":[],"amp_enabled":true,"_links":{"self":[{"href":"https:\/\/speyer24news.com\/index.php?rest_route=\/wp\/v2\/posts\/52553"}],"collection":[{"href":"https:\/\/speyer24news.com\/index.php?rest_route=\/wp\/v2\/posts"}],"about":[{"href":"https:\/\/speyer24news.com\/index.php?rest_route=\/wp\/v2\/types\/post"}],"author":[{"embeddable":true,"href":"https:\/\/speyer24news.com\/index.php?rest_route=\/wp\/v2\/users\/3"}],"replies":[{"embeddable":true,"href":"https:\/\/speyer24news.com\/index.php?rest_route=%2Fwp%2Fv2%2Fcomments&post=52553"}],"version-history":[{"count":2,"href":"https:\/\/speyer24news.com\/index.php?rest_route=\/wp\/v2\/posts\/52553\/revisions"}],"predecessor-version":[{"id":52593,"href":"https:\/\/speyer24news.com\/index.php?rest_route=\/wp\/v2\/posts\/52553\/revisions\/52593"}],"wp:featuredmedia":[{"embeddable":true,"href":"https:\/\/speyer24news.com\/index.php?rest_route=\/wp\/v2\/media\/28496"}],"wp:attachment":[{"href":"https:\/\/speyer24news.com\/index.php?rest_route=%2Fwp%2Fv2%2Fmedia&parent=52553"}],"wp:term":[{"taxonomy":"category","embeddable":true,"href":"https:\/\/speyer24news.com\/index.php?rest_route=%2Fwp%2Fv2%2Fcategories&post=52553"},{"taxonomy":"post_tag","embeddable":true,"href":"https:\/\/speyer24news.com\/index.php?rest_route=%2Fwp%2Fv2%2Ftags&post=52553"}],"curies":[{"name":"wp","href":"https:\/\/api.w.org\/{rel}","templated":true}]}}