{"id":52671,"date":"2023-06-08T17:57:48","date_gmt":"2023-06-08T16:57:48","guid":{"rendered":"https:\/\/speyer24news.com\/?p=52671"},"modified":"2023-06-08T17:57:51","modified_gmt":"2023-06-08T16:57:51","slug":"polizeimeldungen-mittwoch-donnerstag-07-06-08-06-2023","status":"publish","type":"post","link":"https:\/\/speyer24news.com\/?p=52671","title":{"rendered":"Polizeimeldungen Mittwoch &#038; Donnerstag (07.06. &#038; 08.06.2023)"},"content":{"rendered":"<style type=\"text\/css\">\r\n\t.ads_top_disp{}\r\n\t.ads_top_corner_disp{ float:left; margin:0px 10px 10px 0px; }\r\n\t.ads_first_p_disp{}\r\n\t.ads_bottom_disp{}\r\n\t<\/style>\n<h2 class=\"wp-block-heading\">Polizeimeldungen von Mittwoch &amp; Donnerstag (07.06. &amp; 08.06.2023)<\/h2>\n\n\n<div class=\"wp-block-image\">\n<figure class=\"aligncenter size-full\"><img decoding=\"async\" loading=\"lazy\" width=\"375\" height=\"500\" src=\"https:\/\/speyer24news.com\/wp-content\/uploads\/2022\/03\/Aktuelles-Polizeilogo.jpg\" alt=\"\" class=\"wp-image-43591\" srcset=\"https:\/\/speyer24news.com\/wp-content\/uploads\/2022\/03\/Aktuelles-Polizeilogo.jpg 375w, https:\/\/speyer24news.com\/wp-content\/uploads\/2022\/03\/Aktuelles-Polizeilogo-225x300.jpg 225w\" sizes=\"(max-width: 375px) 100vw, 375px\" \/><\/figure><\/div>\n\n\n<h2 class=\"wp-block-heading\">(Speyer) &#8211; Eigent\u00fcmer nach Fahrraddiebstahl gesucht<\/h2>\n\n\n<div class=\"wp-block-image\">\n<figure class=\"aligncenter size-full\"><img decoding=\"async\" loading=\"lazy\" width=\"800\" height=\"600\" src=\"https:\/\/speyer24news.com\/wp-content\/uploads\/2023\/06\/Fahrrad.jpg\" alt=\"\" class=\"wp-image-52672\" srcset=\"https:\/\/speyer24news.com\/wp-content\/uploads\/2023\/06\/Fahrrad.jpg 800w, https:\/\/speyer24news.com\/wp-content\/uploads\/2023\/06\/Fahrrad-300x225.jpg 300w, https:\/\/speyer24news.com\/wp-content\/uploads\/2023\/06\/Fahrrad-768x576.jpg 768w, https:\/\/speyer24news.com\/wp-content\/uploads\/2023\/06\/Fahrrad-678x509.jpg 678w, https:\/\/speyer24news.com\/wp-content\/uploads\/2023\/06\/Fahrrad-326x245.jpg 326w, https:\/\/speyer24news.com\/wp-content\/uploads\/2023\/06\/Fahrrad-80x60.jpg 80w\" sizes=\"(max-width: 800px) 100vw, 800px\" \/><\/figure><\/div>\n\n\n<p>Im Rahmen einer Personenkontrolle konnte bei einem 58-J\u00e4hrigen ein Fahrrad festgestellt werden, bei welchem das Eigentumsverh\u00e4ltnis zun\u00e4chst ungekl\u00e4rt war. Schlussendlich wurde durch den Mann der Diebstahl des Fahrrades einger\u00e4umt. Bei dem Fahrrad handelt es sich um ein wei\u00dfes Victoria Fahrrad<\/p>\n\n\n\n<ul>\n<li><strong>Hinweise auf den rechtm\u00e4\u00dfigen Eigent\u00fcmer des Rades nimmt die Polizeiinspektion Speyer unter Tel. 06232 \/ 137-0 oder per E-Mail an\u00a0<a href=\"mailto:%20pispeyer@polizei.rlp.de\">pispeyer@polizei.rlp.de<\/a>\u00a0entgegen.<\/strong><\/li>\n<\/ul>\n\n\n\n<h2 class=\"wp-block-heading\">(Speyer) &#8211; Zweiradkontrollen f\u00fchren zur Sicherstellung von F\u00fchrerschein und Fahrzeug<\/h2>\n\n\n\n<p>Am Mittwochvormittag wird durch einen aufmerksamen Zeugen eine m\u00e4nnliche Person gemeldet, welche augenscheinlich alkoholisiert ein Kleinkraftrad f\u00fchren und immer wieder umfallen w\u00fcrde. Durch die Polizeibeamten konnte der Mann festgestellt und einer Kontrolle unterzogen werden. Hierbei konnte ein Atemalkoholwert von zun\u00e4chst 2,54 Promille festgestellt werden. Dem Fahrzeugf\u00fchrer wurde eine Blutprobe entnommen und der F\u00fchrerschein sichergestellt. Ihn erwartet nun ein Strafverfahren wegen Trunkenheit im Verkehr.<\/p>\n\n\n\n<p>Im Rahmen der Fahndung nach dem zuvor genannten Kleinkraftfahrer konnte eine zweite Polizeistreife einen weiteren Kleinkraftradfahrer feststellen. Dieser f\u00fchrte das Zweirad ohne g\u00fcltige Fahrerlaubnis. Da der Mann bereits in der Vergangenheit wegen \u00e4hnlicher Delikte in Erscheinung getreten ist, wurde das Zweirad sichergestellt.<\/p>\n\n\n\n<h2 class=\"wp-block-heading\">(Speyer) &#8211; Zwei Verkehrsunf\u00e4lle mit verletzten Radfahrern<\/h2>\n\n\n\n<p>Am Mittwochmorgen kam es zu insgesamt zwei Verkehrsunf\u00e4llen zwischen jeweils einem beteiligten Pkw-Fahrer und einem Fahrradfahrer. In der Maximilianstra\u00dfe \u00fcbersah ein Postzusteller beim Wiedereinfahren auf die Fahrbahn einen von links kommenden Radfahrer, welcher hierdurch st\u00fcrzte und sich leicht verletzte. In der Auestra\u00dfe wollte eine 57-J\u00e4hrige Pkw-Fahrerin vom Industriehof kommend nach links in die Franz-Kirrmeier-Stra\u00dfe abbiegen. Hierbei wurde der von links, auf dem Radweg fahrende, Radfahrer \u00fcbersehen, wodurch auch dieser st\u00fcrzte. Der Radfahrer verletzte sich am Kopf und musste durch den Rettungsdienst in ein nahegelegenes Krankenhaus verbracht werden.<\/p>\n\n\n\n<p>Viele schwere Hirnverletzungen beim Radfahren k\u00f6nnten sich durch das Tragen eines Helms vermeiden lassen. Die Polizei empfiehlt daher immer mit Fahrradhelm zu fahren. Mehr Informationen zum Thema erhalten Sie unter:&nbsp;<a target=\"_blank\" rel=\"noreferrer noopener\" href=\"https:\/\/www.ich-trag-helm.de\/\">www.ich-trag-helm.de<\/a>. Polizeipr\u00e4sidium Rheinpfalz<\/p>\n\n\n\n<h2 class=\"wp-block-heading\">(Speyer) &#8211; Einbruchdiebstahl in Barbershop<\/h2>\n\n\n\n<p>In der Nacht zum Mittwoch gegen 03:05 Uhr hebelte ein bislang unbekannter T\u00e4ter die Eingangst\u00fcr eines Barbershops in der Auestra\u00dfe auf. Anschlie\u00dfend entwendete der T\u00e4ter ca. 150 Euro Bargeld und vier neuwertige Haarschneidemaschinen.<\/p>\n\n\n\n<ul>\n<li><strong>Zeugen, welche im genannten Zeitraum verd\u00e4chtige Wahrnehmungen gemacht haben, werden gebeten, sich bei der Polizei Speyer unter Tel. 06232 \/ 137-0 oder per E-Mail an\u00a0<a href=\"mailto:%20pispeyer@polizei.rlp.de\">pispeyer@polizei.rlp.de<\/a>\u00a0zu wenden.<\/strong><\/li>\n<\/ul>\n\n\n\n<h2 class=\"wp-block-heading\">(Speyer) &#8211; Verfolgungsfahrt ohne F\u00fchrerschein, mit Alkohol und Straftaten gegen Polizeibeamte<\/h2>\n\n\n\n<p>In der Nacht von Dienstag auf Mittwoch gegen 01:30 Uhr meldeten Zeugen der Polizei telefonisch zwei mutma\u00dflich betrunkene Personen, die in der Landauer Stra\u00dfe um einen PKW &#8222;herumschleichen&#8220;. Der gemeldete PKW kam der auf der Anfahrt befindlichen Polizeistreife noch in der Landauer Stra\u00dfe entgegen. Aus diesem Grund wendeten die Beamten ihren Streifenwagen und der PKW fl\u00fcchtete vor der verfolgenden Polizeistreife mit stark \u00fcberh\u00f6hter Geschwindigkeit durch die Schraudolphstra\u00dfe, die Diakonissenstra\u00dfe, die Seekatzstra\u00dfe, die Schwerdstra\u00dfe und letztlich in die St\u00f6berstra\u00dfe, wo er ins Schlingern geriet und selbstst\u00e4ndig die Fahrt beendete. Die Beamten zitierten die beiden Fahrzeuginsassen aus dem Fahrzeug. W\u00e4hrend der 22-j\u00e4hrige Fahrer sich weisungsgem\u00e4\u00df auf den Boden legte und sich fesseln lie\u00df, mussten die Beamten dem \u00e4u\u00dferst aggressiven 23-j\u00e4hrigen Beifahrer den Einsatz von Zwangsmitteln androhen, um ihn letztlich am Boden liegend fesseln zu k\u00f6nnen. Der 23-j\u00e4hrige Beifahrer schaffte es trotz angelegter Handfesseln, sein Handy in den Aufnahmemodus zu versetzen. Hierdurch wurde mutma\u00dflich das nicht\u00f6ffentlich gesprochene Wort der Beamten ohne deren Wissen und Zustimmung aufgezeichnet, weswegen die Beamten das Handy beschlagnahmten. Es stellte sich im weiteren Verlauf heraus, dass der Fahrer nicht im Besitz einer Fahrerlaubnis ist. Au\u00dferdem nahmen die Beamten starken Alkoholgeruch wahr und veranlassten eine Blutentnahme beim Fahrer sowie das Abschleppen des PKW im Auftrag des Berechtigten. Der Fahrer verweigerte einen Atemalkoholtest. Nach der Blutentnahme verlie\u00dfen die beiden 22- und 23-J\u00e4hrigen aus dem Gro\u00dfraum Heilbronn die Dienststelle, zogen alle Ma\u00dfnahmen ins L\u00e4cherliche, beleidigten die Beamten und stie\u00dfen unterschwellige Drohungen gegen sie aus. In der Bilanz leiteten die Beamten Strafverfahren wegen Fahrens ohne Fahrerlaubnis, Gef\u00e4hrdung des Stra\u00dfenverkehrs, Verletzung der Vertraulichkeit des Wortes und Beleidigung ein. Ein Sach- oder Personenschaden entstand nicht.<\/p>\n\n\n\n<h2 class=\"wp-block-heading\">(Speyer) &#8211; Flucht zu Fu\u00df und Versteckspiel nach mutma\u00dflich drogenbeeinflusster Fahrt<\/h2>\n\n\n\n<p>In der Nacht von Dienstag auf Mittwoch gegen 23 Uhr entdeckte eine Polizeistreife auf einem Parkplatz in der Luzerngasse eine Person, die sich bei Erblicken der Streife hinter einem geparkten PKW abduckte, den PKW verschloss und zu Fu\u00df fl\u00fcchtete. Die Beamten wurden wenig sp\u00e4ter auf den zuvor Gefl\u00fcchteten aufmerksam, als sie einen dunklen Winkel in der Ecke eines Torbogens beleuchteten. Es handelte sich bei ihm um einen 31-J\u00e4hrigen aus der S\u00fcdpfalz, der aktuell einem Fahrverbot unterliegt und augenscheinlich unter dem Einfluss berauschender Mittel stand. Seinen Fahrzeugschl\u00fcssel entdeckten die Beamten verborgen neben ihm liegend. Die Umst\u00e4nde begr\u00fcndeten den Verdacht, dass der 31-J\u00e4hrige unter Drogeneinfluss und ohne Fahrerlaubnis seinen PKW gef\u00fchrt hatte. Ein Urintest verlief positiv auf Kokain, weswegen die Beamten bei ihm die Entnahme einer Blutprobe veranlassten, die Fahrzeugschl\u00fcssel sicherstellten und entsprechende Straf- und Ordnungswidrigkeitsverfahren gegen ihn einleiteten.<\/p>\n\n\n\n<h2 class=\"wp-block-heading\">(Speyer) &#8211; Fahrtende f\u00fcr E-Roller-Fahrer mit Hang zu Rauschmitteln<\/h2>\n\n\n\n<p>Am Dienstag gegen 22:40 Uhr kontrollierte eine Polizeistreife den 55-j\u00e4hrigen Fahrer eines E-Scooters im Otterstadter Weg. Von ihm ging Alkoholgeruch aus, was ein Atemalkoholtest mit einem Ergebnis von 0,88 Promille best\u00e4tigte. Au\u00dferdem ergaben sich f\u00fcr die Beamten Anzeichen auf den Konsum weiterer berauschender Mittel, was wiederum ein Urintest best\u00e4tigte. Dieser verlief positiv auf THC, weswegen die Beamten den 55-J\u00e4hrigen zwecks Blutentnahme zur Dienststelle verbrachten. Hier wurden die Beamten auf weiterhin verd\u00e4chtiges Verhalten des Mannes aufmerksam, das schlie\u00dflich zu einer Sicherstellung von f\u00fcnf Gramm Marihuana und zwei Gramm Amfetaminpaste bei ihm f\u00fchrte. Daher erwartet ihn ein Strafverfahren.<\/p>\n\n\n\n<h2 class=\"wp-block-heading\">(Speyer) &#8211; Platzverweis f\u00fcr Mann mit kurzer Z\u00fcndschnur am Postplatz<\/h2>\n\n\n\n<p>Am Dienstag gegen 19:45 Uhr schrie ein 58-j\u00e4hriger Mann aus der S\u00fcdpfalz aus unbekannten Gr\u00fcnden am Postplatz herum und setzte sich auf eine Bank neben einen 37-j\u00e4hrigen Mann. Offenbar f\u00fchlte sich der 58-J\u00e4hrige von dessen Blicken gest\u00f6rt und fragte ihn, warum er ihn so &#8222;anglotze&#8220;. Der 58-J\u00e4hrige bedrohte den 37-J\u00e4hrigen im weiteren Verlauf mit einem mitgef\u00fchrten Kamm und einer Fahrradkette, die er sich um die Hand wickelte. Bevor der 58-J\u00e4hrige seine Drohungen gegen\u00fcber dem 37-J\u00e4hrigen wahrmachen konnte, erschien die herbeigerufene Polizeistreife, fesselte ihn und verbrachte ihn zur Dienststelle. Die Beamten leiteten ein Strafverfahren wegen Bedrohung gegen den 58-J\u00e4hrigen ein und erteilten ihm nach Durchf\u00fchrung erkennungsdienstlicher Ma\u00dfnahmen einen Platzverweis f\u00fcr die Speyerer Innenstadt.<\/p>\n\n\n\n<h2 class=\"wp-block-heading\">(Schwegenheim) &#8211; Streit unter Autofahrern eskaliert<\/h2>\n\n\n<div class=\"wp-block-image\">\n<figure class=\"aligncenter size-full\"><img decoding=\"async\" loading=\"lazy\" width=\"800\" height=\"533\" src=\"https:\/\/speyer24news.com\/wp-content\/uploads\/2021\/11\/Schlaegerei.jpg\" alt=\"\" class=\"wp-image-42366\" srcset=\"https:\/\/speyer24news.com\/wp-content\/uploads\/2021\/11\/Schlaegerei.jpg 800w, https:\/\/speyer24news.com\/wp-content\/uploads\/2021\/11\/Schlaegerei-300x200.jpg 300w, https:\/\/speyer24news.com\/wp-content\/uploads\/2021\/11\/Schlaegerei-768x512.jpg 768w\" sizes=\"(max-width: 800px) 100vw, 800px\" \/><figcaption class=\"wp-element-caption\">Beispielbild Schl\u00e4gerei \/ K\u00f6rperverletzung, dient lediglich der Visualisierung<\/figcaption><\/figure><\/div>\n\n\n<p>Am Dienstagabend kam es an einer Tankstelle in der Hauptstra\u00dfe zu einem Disput zwischen zwei Autofahrern, die die Fahrweise des jeweils anderen kritisierten. Hieraus entwickelte sich eine handfeste Auseinandersetzung, bei der auch die F\u00e4uste eingesetzt wurden. Einer der Kontrahenten hatte sich bis zum Eintreffen der Polizei bereits entfernt. Er konnte jedoch im Rahmen der Fahndungsma\u00dfnahmen schnell ermittelt werden. Es stellte sich heraus, dass er zudem mit knapp 1,8 Promille hinterm Steuer sa\u00df. Neben den Anzeigen wegen K\u00f6rperverletzung wurde zudem eine Strafanzeige wegen Trunkenheit im Verkehr eingeleitet.<\/p>\n\n\n\n<h2 class=\"wp-block-heading\">(Westheim) &#8211; Autoscheibe eingeschlagen und Handtasche gestohlen<\/h2>\n\n\n\n<p>Am Mittwoch, den 07.06.23 im Zeitraum von 18:00 Uhr bis 18:45 Uhr schlug eine bislang unbekannte T\u00e4terschaft eine Scheibe eines an einem Waldweg entlang der L538 zwischen Westheim und Bellheim abgestellten PKW ein und entwendete eine Handtasche. Der entstandene Sachschaden bel\u00e4uft sich auf ca. 500EUR.<\/p>\n\n\n\n<ul>\n<li><strong>Hinweise nimmt die Polizei Germersheim telefonisch unter 07274\/958-0 oder per Mail an\u00a0<a href=\"mailto:%20pigermersheim@polizei.rlp.de\">pigermersheim@polizei.rlp.de<\/a>\u00a0entgegen.<\/strong><\/li>\n<\/ul>\n\n\n\n<h2 class=\"wp-block-heading\">(Germersheim) &#8211; Berauschter Rollerfahrer<\/h2>\n\n\n\n<p>Am Mittwochmittag wurde ein 37-j\u00e4hriger Rollerfahrer aus dem Landkreis Germersheim in der Hafenstra\u00dfe in Germersheim einer allgemeinen Verkehrskontrolle unterzogen. Mit den festgestellten bet\u00e4ubungsmitteltypischen Auff\u00e4lligkeiten konfrontiert, r\u00e4umte der 37-J\u00e4hrige einen Cannabiskonsum am Vortag ein. Eine Blutprobe wurde entnommen und ein entsprechendes Ordnungswidrigkeitenverfahren eingeleitet.<\/p>\n\n\n\n<h2 class=\"wp-block-heading\">(Knittelsheim) &#8211; Berauscht mit einem elektrischen Krankenfahrstuhl&#8230;<\/h2>\n\n\n\n<p>&#8230; war am Mittwochmittag ein 40-J\u00e4hriger in der Hauptstra\u00dfe in Knittelsheim unterwegs. Der 40-J\u00e4hrige wurde im Rahmen einer Geschwindigkeitskontrolle einer allgemeinen Verkehrskontrolle unterzogen. Hierbei konnten bet\u00e4ubungsmitteltypische Auff\u00e4lligkeiten festgestellt werden, weshalb eine Blutprobe entnommen wurde. Weiterhin f\u00fchrte der Fahrer eine geringe Menge Haschisch mit sich, weshalb gegen den 40-J\u00e4hrigen ein Strafverfahren wegen des Versto\u00dfes gegen das Bet\u00e4ubungsmittelgesetz sowie ein Ordnungswidrigsverfahren wegen Trunkenheit im Verkehr eingeleitet wurden.<\/p>\n\n\n\n<p>Im Rahmen der Geschwindigkeitskontrolle konnten weiterhin vier Geschwindigkeitsverst\u00f6\u00dfe festgestellt werden. Bei erlaubten 30 km\/h wurde der unr\u00fchmliche &#8222;Spitzenreiter&#8220; mit einer Geschwindigkeit von 48 km\/h gemessen.<\/p>\n\n\n\n<h2 class=\"wp-block-heading\">(Herxheim) &#8211; Verkehrsunfall mit schwer verletztem Motorradfahrer<\/h2>\n\n\n\n<p>Am Mittwoch den 07.06.2023 gegen 17:00 Uhr missachtete ein BMW-Fahrer beim Einbiegen auf den Parkplatz eines Einkaufsmarkts &#8222;Im Riegel&#8220; in Herxheim die Vorfahrt eines entgegenkommenden,40-j\u00e4hrigen Motorradfahrers aus dem Kreis Germersheim. Der Motorradfahrer wurde bei dem Zusammensto\u00df schwer, aber nicht lebensgef\u00e4hrlich verletzt. Er wurde in ein nahegelegenes Krankenhaus verbracht. Der Sachschaden bel\u00e4uft sich auf ca. 10000.- EUR. Mehrere Zeugen hatten den Verkehrsunfall beobachtet und k\u00fcmmerten sich vorbildlich um die Absicherung der Unfallstelle und um den verunfallten Zweiradfahrer. An dieser Stelle ein gro\u00dfes Lob an die Ersthelfer von der Polizei Landau!<\/p>\n\n\n\n<h2 class=\"wp-block-heading\">(H\u00f6rdt) &#8211; Betrunken in Sackgasse festgefahren<\/h2>\n\n\n\n<p>Dienstagabend wurde die Polizei Germersheim informiert, dass sich ein Autofahrer in einer Sackgasse in H\u00f6rdt festgefahren habe. Vor Ort konnte der 69-j\u00e4hrige Autofahrer angetroffen werden. Der Grund f\u00fcr die Schwierigkeiten beim Wendeman\u00f6ver wurden schnell klar. Der Mann aus Saarbr\u00fccken war mit 1,2 Promille deutlich alkoholisiert. Ihm wurde eine Blutprobe entnommen und ein entsprechendes Strafverfahren eingeleitet.<\/p>\n\n\n\n<h2 class=\"wp-block-heading\">(Hagenbach) &#8211; Auseinandersetzung am Baggersee Willersinn<\/h2>\n\n\n\n<p>Zwei Personen aus ein- und derselben Gruppe gerieten am Baggersee &#8222;Willersinn&#8220; in Hagenbach am Dienstag gegen 20:30 Uhr in Streit. Der 24-j\u00e4hrige Schl\u00e4ger aus Bruchsal versetzte seinem 26-j\u00e4hrigen Kontrahenten aus Karlsruhe zuerst einen Tritt ans Knie und Schlug dann weiter mehrmals auf das Knie ein. Vor Eintreffen der Polizei fl\u00fcchtete der Schl\u00e4ger. Der 26-J\u00e4hrige wurde leicht verletzt und musste vom Rettungsdienst in ein Krankenhaus gebracht werden. Ein Ermittlungsverfahren wegen K\u00f6rperverletzung wurde eingeleitet. <\/p>\n\n\n\n<ul>\n<li><strong>Zeugenhinweise nimmt die Polizei W\u00f6rth unter der Telefonnummer 07271 92210 oder per E-Mail\u00a0<a href=\"mailto:%20piwoerth@polizei.rlp.de\">piwoerth@polizei.rlp.de<\/a>\u00a0entgegen.<\/strong><\/li>\n<\/ul>\n\n\n\n<h2 class=\"wp-block-heading\">(Hagenbach) &#8211; Polizei rettet Entenfamilie<\/h2>\n\n\n<div class=\"wp-block-image\">\n<figure class=\"aligncenter size-full\"><img decoding=\"async\" loading=\"lazy\" width=\"800\" height=\"531\" src=\"https:\/\/speyer24news.com\/wp-content\/uploads\/2020\/09\/schutzengelchen-1912661_1920.png\" alt=\"\" class=\"wp-image-30430\" srcset=\"https:\/\/speyer24news.com\/wp-content\/uploads\/2020\/09\/schutzengelchen-1912661_1920.png 800w, https:\/\/speyer24news.com\/wp-content\/uploads\/2020\/09\/schutzengelchen-1912661_1920-300x199.png 300w, https:\/\/speyer24news.com\/wp-content\/uploads\/2020\/09\/schutzengelchen-1912661_1920-768x510.png 768w\" sizes=\"(max-width: 800px) 100vw, 800px\" \/><\/figure><\/div>\n\n\n<p>Am Dienstagvormittag wurde die Polizei \u00fcber eine Entenfamilie informiert, die sich mitten auf der Habsburgerallee in Hagenbach aufh\u00e4lt. Die Polizeistreife konnte die Entenmutter mit ihren vier Babyenten wohlbeh\u00fctet auf der Stra\u00dfe einsammeln und an einem nahegelegenen Teich ihrer gewohnten und sicheren Umgebung zuf\u00fchren.<\/p>\n\n\n\n<h2 class=\"wp-block-heading\">(Offenbach) &#8211; Raub zum Nachteil eines 64-j\u00e4hrigen Radfahrers<\/h2>\n\n\n<div class=\"wp-block-image\">\n<figure class=\"aligncenter size-full\"><img decoding=\"async\" loading=\"lazy\" width=\"801\" height=\"600\" src=\"https:\/\/speyer24news.com\/wp-content\/uploads\/2020\/05\/Zeugen-gesucht-Neutral.jpg\" alt=\"\" class=\"wp-image-26598\" srcset=\"https:\/\/speyer24news.com\/wp-content\/uploads\/2020\/05\/Zeugen-gesucht-Neutral.jpg 801w, https:\/\/speyer24news.com\/wp-content\/uploads\/2020\/05\/Zeugen-gesucht-Neutral-300x225.jpg 300w, https:\/\/speyer24news.com\/wp-content\/uploads\/2020\/05\/Zeugen-gesucht-Neutral-768x575.jpg 768w, https:\/\/speyer24news.com\/wp-content\/uploads\/2020\/05\/Zeugen-gesucht-Neutral-678x509.jpg 678w, https:\/\/speyer24news.com\/wp-content\/uploads\/2020\/05\/Zeugen-gesucht-Neutral-326x245.jpg 326w, https:\/\/speyer24news.com\/wp-content\/uploads\/2020\/05\/Zeugen-gesucht-Neutral-80x60.jpg 80w\" sizes=\"(max-width: 801px) 100vw, 801px\" \/><\/figure><\/div>\n\n\n<p>Ein 65-j\u00e4hriger Radfahrer befuhr am 07.06.2023 gegen 23:30 Uhr einen Fu\u00dfweg\/Radweg in Offenbach, der von der Friedhofstra\u00dfe am Friedhof vorbei in die Landauer Stra\u00dfe f\u00fchrt. Auf diesem Weg kamen dem Radfahrer zwei dunkel gekleidete Personen entgegen. Auf gleicher H\u00f6he erhielt der Radfahrer von einem der beiden Personen einen Sto\u00df, worauf er mit dem Fahrrad zu Boden fiel. Auf dem Boden wurde er festgehalten, die T\u00e4ter raubten ihm seine Bauchtasche, eine Armbanduhr und fl\u00fcchteten. Der Gesch\u00e4digte wurde durch die Tat leicht verletzt. <\/p>\n\n\n\n<ul>\n<li><strong>Beide T\u00e4ter trugen dunkle Jogginghosen und \u00e4rmellose, dunkle Kapuzenpullover. <\/strong><\/li>\n\n\n\n<li><strong>Einer hatte trotz Dunkelheit eine Sonnenbrille auf, der zweite trug eine M\u00fctze mit Aufschrift Adidas. <\/strong><\/li>\n\n\n\n<li><strong>Der Gesch\u00e4digte sch\u00e4tzt die beiden Personen auf ca. 18-25 Jahre alt. <\/strong><\/li>\n<\/ul>\n\n\n\n<ul>\n<li><strong>Die Polizei Landau bittet um Zeugenhinweise bez\u00fcglich der beiden Personen im Bereich Friedhof und um Mitteilung von verd\u00e4chtigen Wahrnehmungen in der Vor-\/und Nachtatphase unter der 06341-287-0 oder\u00a0<a href=\"mailto:%20pilandau@polizei.rlp.de\">pilandau@polizei.rlp.de<\/a>.<\/strong><\/li>\n<\/ul>\n\n\n\n<h2 class=\"wp-block-heading\">(Edesheim) &#8211; Einbruch in Grundschule<\/h2>\n\n\n\n<p>In der Zeit vom 02.06. bis 05.06.2023 schlugen und hebelten unbekannte T\u00e4ter ein B\u00fcrofenster der Grundschule Edesheim auf. Der Raum wurde nach Wertgegenst\u00e4nden durchsucht und im Anschluss wurde versucht eine T\u00fcr zum Schulgeb\u00e4ude aufzuhebeln, was aber misslang. Entwendet wurde ein Laptop. <\/p>\n\n\n\n<ul>\n<li><strong>Hinweise nimmt die Polizei Edenkoben unter der Nummer 06323 9550 entgegen.<\/strong><\/li>\n<\/ul>\n\n\n\n<h2 class=\"wp-block-heading\">(Edenkoben) &#8211; Einbruch in Firma<\/h2>\n\n\n\n<p>Am Mittwoch (07.06.2023, 00.45 Uhr) betrat ein unbekannter T\u00e4ter den r\u00fcckw\u00e4rtigen Bereich eines Tankstellengel\u00e4ndes in der Staatsstra\u00dfe und versuchte hier die T\u00fcr einer ans\u00e4ssigen Firma aufzuhebeln. Als dies misslang, wurde ein Fenster eingeschlagen und im Anschluss die B\u00fcror\u00e4ume durchsucht. Auf dem gleichen Weg verlie\u00df er ohne Beute wieder die \u00d6rtlichkeit. <\/p>\n\n\n\n<ul>\n<li><strong>Hinweise nimmt die Polizei Edenkoben unter der Nummer 06323 9550 entgegen.<\/strong><\/li>\n<\/ul>\n\n\n\n<h2 class=\"wp-block-heading\">(Friedelsheim) &#8211; Stra\u00dfenverkehrsgef\u00e4hrdung durch Mofaunfall<\/h2>\n\n\n\n<p>Am sp\u00e4ten Abend des 07.06.2023 wurde der Polizeiinspektion Bad D\u00fcrkheim ein Mofaunfall &#8222;Am Schwabenbach&#8220; in Friedelsheim gemeldet, bei welchem zwei Jugendliche von einem Mofa gest\u00fcrzt sein sollen. Als die Beamten an der Unfall\u00f6rtlichkeit eintrafen, konnten sie lediglich eine verletzte Person antreffen, welche schwere Gesichtsverletzungen aufwies. Die andere Person hatte sich zwischenzeitlich bereits mit dem Mofa von der \u00d6rtlichkeit entfernt. Im Rahmen der Verkehrsunfallaufnahme konnte unweit von der Unfall\u00f6rtlichkeit das besagte Mofa sowie eine zweite Person mit frischen Verletzungen festgestellt werden. Da beide Personen bestritten das Mofa gefahren zu sein und sich Hinweise auf vorherigen Alkohol- und Bet\u00e4ubungsmittelkonsum ergaben, wurde beiden Jugendlichen im Krankenhaus eine Blutprobe entnommen. Gegen Sie wird nun wegen Stra\u00dfenverkehrsgef\u00e4hrdung ermittelt.<\/p>\n\n\n\n<ul>\n<li><strong>K\u00f6nnen Sie Hinweise zum Unfallgeschehen geben? Hinweise bitte an die Polizeiinspektion Bad D\u00fcrkheim, Tel. 06322\/963-0, oder\u00a0<a href=\"mailto:%20pibadduerkheim@polizei.rlp.de\">pibadduerkheim@polizei.rlp.de<\/a><\/strong><\/li>\n<\/ul>\n\n\n\n<h2 class=\"wp-block-heading\">(Bad D\u00fcrkheim) &#8211; Fahrzeuge von unbekannter Person besch\u00e4digt<\/h2>\n\n\n\n<p>In der Nacht vom 05.06.2023 auf den 06.06.2023 besch\u00e4digte ein bislang unbekannter T\u00e4ter mehrere Fahrzeuge in der Kaiserslauterer Stra\u00dfe. Der unbekannte T\u00e4ter zerkratzte, vermutlich mit einem spitzen Gegenstand, den Lack der ordnungsgem\u00e4\u00df geparkten Fahrzeuge. An einem der Fahrzeuge hinterlie\u00df der T\u00e4ter einen fast zwei Meter langen Kratzer. <\/p>\n\n\n\n<ul>\n<li><strong>Falls Sie ebenfalls betroffen sein sollten oder Hinweise zu dem unbekannten T\u00e4ter geben k\u00f6nnen wird gebeten, sich bei hiesiger Polizeiinspektion telefonisch unter 06322-9630 oder\u00a0<a href=\"mailto:%20pibadduerkheim@polizei.rlp.de\">pibadduerkheim@polizei.rlp.de<\/a>\u00a0zu melden.<\/strong><\/li>\n<\/ul>\n\n\n\n<h2 class=\"wp-block-heading\">(Maxdorf) &#8211; Dreiste Verkehrsunfallflucht<\/h2>\n\n\n\n<p>Vermutlich bereits am 06.05.2023 kam es zu einer sehr dreisten Unfallflucht. Hierbei wurde ein in der Sohlstra\u00dfe in Maxdorf geparktes Motorrad umgefahren und besch\u00e4digte. Die Ermittlungen vor Ort ergaben, dass vermutlich ein Verkehrsteilnehmer des Flie\u00dfverkehrs zu weit rechts fuhr und mit seinem Fahrzeug den hinteren linken Blinker des Motorrades ber\u00fchrte. Durch die Ersch\u00fctterung fiel das Motorrad vom Seitenst\u00e4nder auf die rechte Seite. Hierbei entstanden erhebliche Sch\u00e4den durch Kratzer. Danach wurde das Motorrad wieder so hingestellt, wie es zuvor geparkt war. Der Unfallverursacher meldete sich nicht beim Motorradhalter. Gegen ihn wird nun wegen unerlaubten Entfernen vom Unfallort ermittelt. Der Sachschaden an dem Motorrad wird, da mehrere Teile getauscht werden m\u00fcssen auf ca. 3500 EUR gesch\u00e4tzt.<\/p>\n\n\n\n<ul>\n<li><strong>Zeugen werden gebeten sich an die Polizeiinspektion Frankenthal unter der Tel.-Nr.: 06233\/313-0 oder an die Polizeiwache Maxdorf unter der Tel.-Nr.: 06237\/934-1100 zu wenden. Gerne nehmen wir Ihre Hinweise auch per E-Mail unter\u00a0<a href=\"mailto:%20pwmaxdorf@polizei.rlp.de\">pwmaxdorf@polizei.rlp.de<\/a>\u00a0entgegen.<\/strong><\/li>\n<\/ul>\n\n\n\n<h2 class=\"wp-block-heading\">(Frankenthal) &#8211; Einsatzvorbereitungen f\u00fcr das Strohhutfest 2023<\/h2>\n\n\n<div class=\"wp-block-image\">\n<figure class=\"aligncenter size-full\"><img decoding=\"async\" loading=\"lazy\" width=\"800\" height=\"526\" src=\"https:\/\/speyer24news.com\/wp-content\/uploads\/2019\/06\/Strohhutfest.jpg\" alt=\"\" class=\"wp-image-14237\" srcset=\"https:\/\/speyer24news.com\/wp-content\/uploads\/2019\/06\/Strohhutfest.jpg 800w, https:\/\/speyer24news.com\/wp-content\/uploads\/2019\/06\/Strohhutfest-300x197.jpg 300w, https:\/\/speyer24news.com\/wp-content\/uploads\/2019\/06\/Strohhutfest-768x505.jpg 768w\" sizes=\"(max-width: 800px) 100vw, 800px\" \/><\/figure><\/div>\n\n\n<p>In der Zeit von Donnerstag, 08.06.2023, bis einschlie\u00dflich Sonntag, 11.06.2023, findet in Frankenthal wieder das allj\u00e4hrliche Strohhutfest statt. Um ein m\u00f6glichst sicheres Fest zu gew\u00e4hrleisten, setzt die Polizei auch in diesem Jahr, neben anderen Ma\u00dfnahmen, auf den offenen Einsatz von Videotechnik. Die Video\u00fcberwachung erstreckt sich \u00fcber Teile der Kanalstra\u00dfe sowie die Carl-Theodor-Stra\u00dfe, die Willy-Brandt-Anlage, die Wormser Stra\u00dfe und den Rathausplatz. Au\u00dferdem kommen Bodycams zum Einsatz. Eine Videoaufzeichnung erfolgt am Er\u00f6ffnungstag von 13:00 Uhr bis 04:00 Uhr, freitags und samstags von 16:00 Uhr bis 04:00 Uhr sowie sonntags von 10:00 Uhr bis 04:00 Uhr. Eine Beschilderung wird die Bereiche ausweisen. Ziel der Ma\u00dfnahmen ist die Bek\u00e4mpfung und Aufkl\u00e4rung von Straftaten sowie bestenfalls eine deeskalierende Wirkung zur Verhinderung von Straftaten. Die Polizei Frankenthal steht in engem st\u00e4ndigen Austausch mit allen verantwortlichen Beh\u00f6rden und Organisationen mit Sicherheitsaufgaben und wird f\u00fcr die B\u00fcrgerinnen und B\u00fcrger vor Ort ansprechbar sein. Die Polizei wird konsequent gegen Personen vorgehen, die einen friedlichen Festverlauf st\u00f6ren. Unfriedlichen Besuchern kann die Polizei einen Platzverweis f\u00fcr den Innenstadtbereich der Stadt Frankenthal aussprechen. In hartn\u00e4ckigen F\u00e4llen kann die Polizei gewaltbereite Personen und Randalierer in Gewahrsam nehmen, um Schl\u00e4gereien und andere Straftaten zu verhindern. Zudem wird die Polizei den An- und Abreiseverkehr bez\u00fcglich des Fahrens unter dem Einfluss von Alkohol und anderen berauschenden Mitteln kontrollieren.<\/p>\n\n\n\n<h2 class=\"wp-block-heading\">(Frankenthal) &#8211; Verkehrsunfall mit vier Leichtverletzten \/ Rauchwolke beeintr\u00e4chtigte die Sicht<\/h2>\n\n\n\n<p>Am 07.06.2023, gegen 13:12 Uhr, gingen mehrere Notrufe \u00fcber einen Gr\u00fcnstreifenbrand neben der B9 auf H\u00f6he der BASF- Kl\u00e4ranlage ein. Die starke Rauchentwicklung sorgte f\u00fcr eingeschr\u00e4nkte Sicht im angrenzend Streckenbereich der B9. Eine 38-J\u00e4hrige Autofahrerin und ein 41-J\u00e4hriger Autofahrer wurden vom Rauch \u00fcberrascht und kollidierten. Im Fahrzeug der 38-J\u00e4hrigen befanden sich zudem zwei 8-J\u00e4hrige M\u00e4dchen. Alle vier Personen wurden leicht verletzt in umliegende Krankenh\u00e4user verbracht. Die beteiligten Fahrzeuge erlitten Totalschaden, der Sachschaden bel\u00e4uft sich auf rund 10000EUR. Die B9 in Fahrtrichtung Ludwigshafen musste f\u00fcr die Zeit der Unfallaufnahme voll gesperrt werden. Die Gegenspur musste aufgrund der L\u00f6scharbeiten des Brandes auf eine Spur verengt werden. Neben drei Fahrzeugen der Polizei war die Feuerwehr Frankenthal und Bobenheim-Roxheim mit vier Fahrzeugen und der Rettungsdient mit weiteren vier Fahrzeugen im Einsatz. Ermittlungen zu Unfallhergang wurden eingeleitet.<\/p>\n\n\n\n<ul>\n<li><strong>Zeugen werden gebeten sich an die Polizeiinspektion Frankenthal unter der Tel.-Nr.: 06233\/313-0 oder an die Polizeiwache Maxdorf unter der Tel.-Nr.: 06237\/934-1100 zu wenden. Gerne nehmen wir Ihre Hinweise auch per E-Mail unter\u00a0<a href=\"mailto:%20pifrankenthal@polizei.rlp.de\">pifrankenthal@polizei.rlp.de<\/a>\u00a0entgegen.<\/strong><\/li>\n<\/ul>\n\n\n\n<h2 class=\"wp-block-heading\">(A 61 \/ Parkplatz Erpelrain) &#8211; Unter Drogeneinfluss auf der Autobahn unterwegs<\/h2>\n\n\n\n<p>Unter dem Einfluss von Drogen war am 07.06.2023, um 16.30 Uhr, ein 48-J\u00e4hriger mit seinem PKW der Marke Honda unterwegs. Der Wagen wurde von Beamten der Polizeiautobahnstation Ruchheim auf der A61, auf dem Parkplatz Erpelrain, einer Verkehrskontrolle unterzogen. Hierbei zeigte der Fahrer drogenbedingte Auff\u00e4lligkeiten. Ein Drogenschnelltest best\u00e4tigte den Verdacht, der Mann stand unter dem Einfluss von Opiaten. Dem 48-J\u00e4hrigen wurde eine Blutprobe entnommen. Gegen ihn wurde ein Ermittlungsverfahren wegen Trunkenheit im Stra\u00dfenverkehr und Versto\u00df gegen das Bet\u00e4ubungsmittelgesetz eingeleitet. Die Weiterfahrt wurde ebenfalls untersagt.<\/p>\n\n\n\n<h2 class=\"wp-block-heading\">(Ludwigshafen) &#8211; Verkehrsunfall unter Alkoholeinwirkung<\/h2>\n\n\n\n<p>In Folge von Unachtsamkeit bei einhergehender Trunkenheit im Verkehr ereignete sich am sp\u00e4ten Mittwochabend, 07.06.2023, gegen 22:15 Uhr in der Rheinuferstra\u00dfe, 67061 Ludwigshafen am Rhein ein Verkehrsunfall bei einem fehlerhaften Fahrstreifenwechsel. Der 34-j\u00e4hrige Unfallverursacher und dessen 33-j\u00e4hriger Unfallgegner befuhren die Rheinuferstra\u00dfe in Fahrtrichtung Rheinallee auf je einer der beiden Richtungsfahrbahnen. Bei einem Fahrstreifenwechsel des 34-J\u00e4hrigen \u00fcbersah dieser den neben ihm fahrenden 33-J\u00e4hrigen und kollidierte mit diesem. Bei Eintreffen der eingesetzten Beamten war eine Alkoholisierung bei dem 34-J\u00e4hrigen erkennbar. Ein unter freiwilliger Mitwirkung durchgef\u00fchrter Atemalkoholtest ergab schlie\u00dflich einen Atemalkoholwert von 0,61 Promille.<\/p>\n\n\n\n<p>Aufgrund des bestehenden Tatverdachts der Stra\u00dfenverkehrsgef\u00e4hrdung wurde der F\u00fchrerschein des 34-J\u00e4hrigen vorl\u00e4ufig sichergestellt. Zum Zwecke der beweissichernden Dokumentation der Alkoholisierung wurde eine Blutprobe entnommen<\/p>\n\n\n\n<p>Es entstand ein Gesamtsachschaden in H\u00f6he von 1500 Euro. Verletzt wurde niemand.<\/p>\n\n\n\n<h2 class=\"wp-block-heading\">(Ludwigshafen) &#8211; Gef\u00e4hrlicher Eingriff in den Stra\u00dfenverkehr<\/h2>\n\n\n\n<p>Bislang unbekannte T\u00e4ter warfen am fr\u00fchen Mittwochabend, 07.06.2023, gegen 19:00 Uhr von der Fu\u00dfg\u00e4nger\u00fcberf\u00fchrung der Maudacher Stra\u00dfe im Bereich Bahnhof Mundenheim, 67065 Ludwigshafen am Rhein einen Kindersitz auf die Fahrbahn der Maudacher Stra\u00dfe. Zeitgleich befuhr ein Linienbus die Maudacher Stra\u00dfe in Richtung Bahnhof Mundenheim und passierte zur genannten Zeit die Fu\u00dfg\u00e4nger\u00fcberf\u00fchrung. Der Kindersitz verfehlte nur knapp die Windschutzscheibe des Linienbusses, prallte auf dessen Dach und landete in der Folge auf der Fahrbahn unmittelbar vor der dem Linienbus folgenden Fahrerin eines Kleinkraftrades. Verletzt wurde gl\u00fccklicherweise niemand. Es entstand ein mutwillig verursachter Sachschaden am Linienbus in H\u00f6he von ca. 1000 Euro.<\/p>\n\n\n\n<ul>\n<li><strong>Sachdienliche Hinweise nimmt die Polizeiinspektion Ludwigshafen 1 unter der Telefonnummer 0621 963-2122 oder per Email\u00a0<a href=\"mailto:%20piludwigshafen1@polizei.rlp.de\">piludwigshafen1@polizei.rlp.de<\/a>\u00a0entgegen.<\/strong><\/li>\n<\/ul>\n\n\n\n<h2 class=\"wp-block-heading\">(B 9 \/ AK Oggersheim) &#8211; Verkehrsunfall mit drei verletzten Personen<\/h2>\n\n\n\n<p>Am 07.06.2023 gegen 15:50 Uhr kam es auf der B9, in Fahrtrichtung Frankenthal, kurz nach dem Autobahnkreuz Oggersheim zu einem Verkehrsunfall mit zwei beteiligten Personenkraftwagen. Nach ersten Ermittlungen befuhr ein 52-J\u00e4hriger BMW-Fahrer die genannte \u00d6rtlichkeit und musste auf Grund einer Staubildung abbremsen. Dies bemerkte der nachfolgende 20-J\u00e4hrige Skoda-Fahrer zu sp\u00e4t. In der Folge kam es zu einem Auffahrunfall. Hierbei wurden drei der vier PKW Insassen leicht verletzt. Die verletzten Fahrzeuginsassen wurden in naheliegenden Krankenh\u00e4usern versorgt. Es wurde ein Ermittlungsverfahren gegen den Unfallverursacher eingeleitet.<\/p>\n\n\n\n<h2 class=\"wp-block-heading\">(Ludwigshafen) &#8211; Radfahrer bei Unfall verletzt \/ Fl\u00fcchtiger Autofahrer gesucht<\/h2>\n\n\n\n<p>Am Mittwochmittag (07.06.2023), gegen 14:20 Uhr, wurde ein 58-j\u00e4hriger Radfahrer bei einem Verkehrsunfall in der Ruchheimer Stra\u00dfe leicht verletzt. Ein Auto \u00fcberholte den Radfahrer in H\u00f6he der Br\u00fccke mit zu geringen Sicherheitsabstand. Au\u00dferdem hupte das Auto beim \u00dcberholen. Der Radfahrer wollte nach rechts ausweichen und st\u00fcrzte als er gegen die Betonbegrenzung fuhr. Der 58-J\u00e4hrige verletzte sich bei dem Unfall leicht. Er wurde vom Rettungsdienst in ein Krankenhaus gebracht.<\/p>\n\n\n\n<ul>\n<li><strong>Zeugen die den Unfall beobachtet haben werden gebeten sich mit der Polizeiwache Oggersheim unter Tel. 0621 963 &#8211; 2403 oder per E-Mail\u00a0<a href=\"mailto:%20pwoggersheim@polizei.rlp.de\">pwoggersheim@polizei.rlp.de<\/a><\/strong><\/li>\n<\/ul>\n\n\n\n<h2 class=\"wp-block-heading\">(Ludwigshafen) &#8211; Dachstuhlbrand in Mehrfamilienhaus<\/h2>\n\n\n\n<p>In einem Mehrfamilienhaus in der Weinbietstra\u00dfe im Stadtteil Mundenheim kam es am fr\u00fchen Mittwochmorgen (07.06.2023) zu einem Dachstuhlbrand. Personen kamen nicht zu Schaden, ein sich zum Zeitpunkt des Brandes in der Wohnung befindender Hund konnte jedoch nur tot geborgen werden. Am Haus entstand ein Sachschaden von circa 10.000 Euro. Die Kriminalpolizei Ludwigshafen hat die Ermittlungen zur Brandursache aufgenommen.<\/p>\n\n\n\n<h2 class=\"wp-block-heading\">(Ludwigshafen) &#8211; Unter Drogeneinfluss aus dem Verkehr gezogen<\/h2>\n\n\n\n<p>In der Nacht auf Mittwoch (07.06.2023), gegen 2:30 Uhr, kontrollierten Polizeikr\u00e4fte einen 39-j\u00e4hrigen Autofahrer in der Waltraudenstra\u00dfe. Die Beamten konnten bei dem Fahrer Hinweise auf eine aktuelle Drogenbeeinflussung feststellen. Ein Urintest best\u00e4tigte den Verdacht. Dieser verlief positiv auf Kokain. Um die genaue Drogenbeeinflussung festzustellen, wurde dem 39-J\u00e4hrigen eine Blutprobe entnommen.<\/p>\n\n\n\n<p>Wer berauscht f\u00e4hrt, gef\u00e4hrdet nicht nur sich, sondern auch andere! Der drogenbeeinflusste Fahrer muss nun mit einem Bu\u00dfgeld von bis zu 3000 Euro und einem Fahrverbot rechnen.<\/p>\n\n\n\n<h2 class=\"wp-block-heading\">(Ludwigshafen) &#8211; Brand einer Gr\u00fcnfl\u00e4che<\/h2>\n\n\n\n<p>In der Damaschkestra\u00dfe brannte am Dienstag, 06.06.2023, gegen 22 Uhr eine Gr\u00fcnfl\u00e4che. Das Feuer konnte durch die Feuerwehr gel\u00f6scht werden. Wie hoch der entstandene Sachschaden ist, wird derzeit erhoben. Auch die Ermittlungen zur Brandursache wurden durch die Polizei aufgenommen.<\/p>\n\n\n\n<p>Sachdienliche Hinweise bitte an die Polizeiinspektion Ludwigshafen 1, Telefonnummer 0621 963-2122 oder per E-Mail&nbsp;<a href=\"mailto:%20piludwigshafen1@polizei.rlp.de\">piludwigshafen1@polizei.rlp.de<\/a>&nbsp;.<\/p>\n\n\n\n<h2 class=\"wp-block-heading\">(Ludwigshafen) &#8211; Streit am Mundenheimer Bahnhof<\/h2>\n\n\n<div class=\"wp-block-image\">\n<figure class=\"aligncenter size-full\"><img decoding=\"async\" loading=\"lazy\" width=\"678\" height=\"381\" src=\"https:\/\/speyer24news.com\/wp-content\/uploads\/2021\/04\/Polizei-678x381.jpg\" alt=\"\" class=\"wp-image-35265\" srcset=\"https:\/\/speyer24news.com\/wp-content\/uploads\/2021\/04\/Polizei-678x381.jpg 678w, https:\/\/speyer24news.com\/wp-content\/uploads\/2021\/04\/Polizei-678x381-300x169.jpg 300w\" sizes=\"(max-width: 678px) 100vw, 678px\" \/><\/figure><\/div>\n\n\n<p>\u00dcber Notruf wurde der Polizei am Dienstag, 06.06.2023, gegen 21:20 Uhr gemeldet, dass sich aktuell etwa 15 Personen am Bahnhof Mundenheim versammelt h\u00e4tten und lautstark streiten w\u00fcrden. Beim Eintreffen der Polizeikr\u00e4fte fl\u00fcchteten etwa 10 Jugendliche in unterschiedliche Richtungen.<\/p>\n\n\n\n<p>Die verbliebenen Beteiligten sowie unbeteiligte Zeugen wurden befragt. Hierbei ergab sich, dass dem Streit eine K\u00f6rperverletzung zum Nachteil einer 15-J\u00e4hrigen vorausgegangen sein d\u00fcrfte. Im Nachgang habe man sich am Bahnhof zu einer Aussprache verabredet. Hierbei kam es zwischen den Mitgliedern zweier Gruppen zum Streit. Ein 20-J\u00e4hriger und eine 53-J\u00e4hrige seien dabei von zwei bislang unbekannten Jugendlichen mit einem Pfefferspray beziehungsweise einem Teleskopstock bedroht worden.<\/p>\n\n\n\n<p>Im Nahbereich wurden drei Jugendliche angetroffen und einer Personenkontrolle unterzogen. Einer der Kontrollierten, ein 15-J\u00e4hriger, hatte ein Tierabwehrspray bei sich. Dieses wurde sichergestellt.<\/p>\n\n\n\n<h2 class=\"wp-block-heading\">(Ludwigshafen) &#8211; Von der Sonne geblendet<\/h2>\n\n\n\n<p>Am 06.06.2023, gegen 17:24 Uhr, kam es auf der Konrad-Adenauer-Br\u00fccke im Bereich der Abfahrt zur Wredestra\u00dfe zu einem Auffahrunfall. Ein 34-J\u00e4hriger hatte verkehrsbedingt gebremst. Dies bemerkte der 24-j\u00e4hrige Autofahrer hinter ihm nicht, sodass es zum Zusammensto\u00df kam. Hierbei wurde der 34-J\u00e4hrige leicht verletzt. An beiden Fahrzeugen entstand insgesamt ein Sachschaden von etwa 13.000 Euro. Das Auto des 24-J\u00e4hrigen musste abgeschleppt werden.<\/p>\n\n\n\n<p>Der 24-J\u00e4hrige gab an, dass er von der Sonne geblendet worden sei und er den Bremsvorgang daher \u00fcbersehen habe. Wir appellieren: Mit einer tiefstehenden Sonne steigt die Unfallgefahr. Wenn Sie geblendet werden, fahren Sie \u00e4u\u00dfert langsam und besonders vorsichtig.<\/p>\n\n\n\n<h2 class=\"wp-block-heading\">(Ludwigshafen) &#8211; Brand von zwei Gartenh\u00e4usern<\/h2>\n\n\n\n<p>In einer Kleingartenanlage in der Bayreuther Stra\u00dfe kam es am 06.06.2023, gegen 15:15 Uhr, zu einem Brand von zwei Gartenh\u00e4usern. Beim Versuch das Feuer zu l\u00f6schen, wurde ein 84-J\u00e4hriger leicht verletzt. Er wurde in ein Krankenhaus gebracht. Die Schadensh\u00f6he wird aktuell auf etwa 10.000 Euro gesch\u00e4tzt. Hinweise auf ein vors\u00e4tzliches oder fahrl\u00e4ssiges Verhalten ergaben sich nicht. Urs\u00e4chlich f\u00fcr den Brand d\u00fcrfte ein technischer Defekt gewesen sein.<\/p>\n\n\n\n<h2 class=\"wp-block-heading\">(Ludwigshafen) &#8211; Autofahrerin verletzt sich bei Unfall<\/h2>\n\n\n\n<p>Am Diensttagmorgen (06.06.2023), fuhr eine 78-j\u00e4hrige Autofahrerin in der Mannheimer Stra\u00dfe gegen einen Baum. Die Fahrerin kam zuvor beim Abbiegen von der der Wollstra\u00dfe in die Mannheimer Stra\u00dfe von der Fahrbahn ab. Sie wurde durch den Aufprall leicht verletzt. Ein Krankenwagen hat sie in ein Krankenhaus gebracht. Durch den Unfall entstand ein Sachschaden in H\u00f6he von rund 20.000 Euro.<\/p>\n\n\n\n<h2 class=\"wp-block-heading\">(Ludwigshafen) &#8211; E-Scooter geklaut<\/h2>\n\n\n\n<p>In der Nacht von Montag auf Dienstag (05.06.2023, 21:30 Uhr bis 06.06.2023, 06:20 Uhr) wurde in der Bismarckstra\u00dfe der E-Scooter eines 31-J\u00e4hrigen gestohlen. Die Polizei bittet um Zeugenhinweise. Wer hat etwas beobachtet?<\/p>\n\n\n\n<ul>\n<li><strong>Sachdienliche Hinweise bitte an die Polizeiinspektion Ludwigshafen 1, Telefonnummer 0621 963-2122 oder per E-Mail\u00a0<a href=\"mailto:%20piludwigshafen1@polizei.rlp.de\">piludwigshafen1@polizei.rlp.de<\/a>\u00a0.<\/strong><\/li>\n<\/ul>\n\n\n\n<h2 class=\"wp-block-heading\">(Mannheim-Sandhofen) &#8211; Unter Drogen und ohne F\u00fchrerschein unterwegs<\/h2>\n\n\n\n<p>In den fr\u00fchen Morgenstunden des Donnerstags wurde ein 39-j\u00e4hriger Mann in der Sch\u00f6nauer Stra\u00dfe einer allgemeinen Verkehrskontrolle unterzogen. Hierbei h\u00e4ndigte er seinen polnischen Personalausweis sowie den Fahrzeugschein aus. Er gab an, den F\u00fchrerschein von der polnischen in die deutsche Fahrerlaubnis umgeschrieben zu haben, weshalb er aktuell den F\u00fchrerschein nicht bei sich h\u00e4tte. Eine Abfrage in den polizeilichen Datensystemen ergab, dass der Opelfahrer seine Fahrerlaubnis im Jahr 2019 von der F\u00fchrerscheinbeh\u00f6rde entzogen bekommen hatte. Zur weiteren Abkl\u00e4rung wurde er auf das Polizeirevier Sandhofen verbracht, wo auch ein freiwillig durchgef\u00fchrter Urintest positiv auf THC verlief. Hierauf folgte dann noch eine Blutentnahme. Der Opelfahrer sieht nun einer Anzeige wegen Fahren ohne Fahrerlaubnis und Fahren unter Einfluss berauschender Mittel entgegen. Sein Fahrzeugschl\u00fcssel wurde einbehalten.<\/p>\n\n\n\n<h2 class=\"wp-block-heading\">(Heidelberg-Kirchheim) &#8211; Radfahrer bei Zusammensto\u00df mit LKW verletzt<\/h2>\n\n\n\n<p>Am vergangenen Mittwoch, gegen 11:50 Uhr, wurde dem Polizeinotruf ein Verkehrsunfall mit Personenschaden im Leimer Weg Ecke Hardtstra\u00dfe gemeldet. Ein 32-j\u00e4hriger Rennradfahrer wollte von der Hardtstra\u00dfe kommend nach rechts in den Leimer Weg abbiegen. Hierbei \u00fcbersah er den von rechts kommenden LKW und stie\u00df mit diesem zusammen. Der Radfahrer kam dabei zu Fall und zog sich mehrere Prellungen und Sch\u00fcrfwunden zu. Ein hinzugerufener Rettungsdienst verbrachte ihn umgehend zur Behandlung in ein Heidelberger Krankenhaus. Die vor Ort befindliche Streifenwagenbesatzung bemerkte beim LKW-Fahrer Alkoholgeruch. Ein durchgef\u00fchrter Atemalkoholtest ergab einen Wert von rund 1,6 Promille. Der 54-J\u00e4hrige LKW-Fahrer wurde einer Blutprobe unterzogen und sein F\u00fchrerschein wurde einbehalten. Aufgrund der hohen Alkoholkonzentration, wird nun gepr\u00fcft, ob eine Mitschuld am Unfall besteht.<\/p>\n\n\n\n<h2 class=\"wp-block-heading\">(Schwetzingen \/ Rhein-Neckar-Kreis) &#8211; Tier ausgewichen und Unfall verursacht<\/h2>\n\n\n\n<p>Eine 25-j\u00e4hrige Citroen Fahrerin befuhr Mittwochnacht, gegen 23:40 Uhr, die B535 in Fahrtrichtung Mannheim. Kurz vor der Ausfahrt Mannheim-Friedrichsfeld rannte pl\u00f6tzlich ein Tier auf die Fahrbahn, welchem die Fahrerin ausweichen wollte. Infolge des ruckartigen Lenkens verlor sie die Kontrolle \u00fcber das Fahrzeug, kollidierte mit der Leitplanke und drehte sich mehrere Male. Durch den Unfall wurde eine 24-J\u00e4hrige Mitfahrerin auf der R\u00fcckbank leicht verletzt. Eine RTW brachte die Verletzte in ein nahegelegenes Krankenhaus. Der Citroen war nicht mehr fahrbereit und musste abgeschleppt werden. W\u00e4hrend der Unfallaufnahme war die B535 kurzzeitig gesperrt. Die vor Ort befindliche Freiwillige Feuerwehr Schwetzingen sicherte die Unfall\u00f6rtlichkeit ab und leitete den Verkehr ab. Nach Reinigung der Fahrbahn, konnte der Verkehr wieder freigegeben werden. Der Sachschaden am PKW bel\u00e4uft sich auf ca. 2.000 Euro.<\/p>\n\n\n\n<h2 class=\"wp-block-heading\">(Ketsch \/ Rhein-Neckar-Kreis) &#8211; Mit fast 2 Promille auf dem Fahrrad unterwegs<\/h2>\n\n\n\n<p>Am Dienstag, um kurz vor 22:30 Uhr, fiel einer Streife des Polizeireviers Schwetzingen ein Radfahrer auf, der in Ketsch mittig auf der Karlsruher Stra\u00dfe fuhr und in leichten Schlangenlinien unterwegs war. Bei der anschlie\u00dfenden Kontrolle erkl\u00e4rte der 51-j\u00e4hrige Fahrer, dass er gar keinen Alkohol getrunken habe. Ein Atemalkoholtest zeigte aber, dass der Mann fast zwei Promille hatte. Nach einer Blutentnahme wurde ihm die Weiterfahrt untersagt.<\/p>\n\n\n\n<p>Der Mann muss nun mit einer Anzeige wegen Trunkenheit im Stra\u00dfenverkehr rechnen.<\/p>\n\n\n\n<h2 class=\"wp-block-heading\">(Ketsch \/ Rhein-Neckar-Kreis) &#8211; Unfall \/ Rund 16.000 Euro Sachschaden nach Vorfahrtsmissachtung<\/h2>\n\n\n\n<p>Rund 16.000 Euro Sachschaden verursachte eine 36-j\u00e4hrige Dacia-Fahrerin am Dienstagmorgen, gegen 08:30 Uhr in der Gutenbergstra\u00dfe. Die 36-J\u00e4hrige fuhr mit ihrem Pkw die Enderlestra\u00dfe entlang. Auf H\u00f6he der Gutenbergstra\u00dfe missachtete die Frau die Vorfahrt eines von rechts anfahrenden 22-j\u00e4hrigen Nissan-Fahrers und kollidierte mit diesem. Durch den Zusammensto\u00df wurde der Dacia derart besch\u00e4digt, dass eine Weiterfahrt nicht mehr m\u00f6glich war und dieser durch einen Abschleppdienst abtransportiert werden musste. Gl\u00fccklicherweise wurde bei dem Unfall niemand verletzt -es blieb bei einem Blechschaden.<\/p>\n\n\n\n<h2 class=\"wp-block-heading\">(Sandhausen \/ Rhein-Neckar-Kreis) &#8211; Eine Fahrzeugkontrolle \/ Zwei gef\u00e4lschte F\u00fchrerscheine<\/h2>\n\n\n\n<p>Am Donnerstagmorgen, gegen 02:00 Uhr, wurde in der Hauptstra\u00dfe das Fahrzeug eines Pizza-Lieferdienstes einer allgemeinen Verkehrskontrolle unterzogen. Der 32-j\u00e4hrige Fahrer h\u00e4ndigte den kontrollierenden Beamten einen griechischen EU-F\u00fchrerschein aus, welcher augenscheinlich Merkmale einer Totalf\u00e4lschung aufwies. Ihm wurde die Weiterfahrt untersagt. Im Anschluss wurde der Chef des Beschuldigten kontaktiert, damit dieser das Fahrzeug, sowie seinen Mitarbeiter vor Ort abholt. Nachdem der 42-J\u00e4hrige ebenfalls mit seinem Pkw vor Ort kam, h\u00e4ndigte er den Beamten seinen F\u00fchrerschein aus. Auch dieser F\u00fchrerschein wies F\u00e4lschungsmerkmale auf. Eine genauere \u00dcberpr\u00fcfung im polizeilichen Informationssystem ergab, dass es sich bei dem diesem F\u00fchrerschein ebenfalls um eine Totalf\u00e4lschung handelte. Somit wurde dieser beschlagnahmt und auch hier wurde die Weiterfahrt untersagt. Beide M\u00e4nner sehen jetzt einer Anzeige wegen Fahrens ohne Fahrerlaubnis sowie Urkundenf\u00e4lschung entgegen.<\/p>\n\n\n\n<h2 class=\"wp-block-heading\">(Leimen \/ Rhein-Neckar-Kreis) &#8211; Ohne F\u00fchrerschein und mit gestohlenen Kennzeichen unterwegs<\/h2>\n\n\n\n<p>In der Nacht von Dienstag auf Mittwoch wollte um kurz nach halb zwei eine Streife des Polizeireviers Wiesloch einen vorausfahrenden Golf auf dem Stralsunder Ring kontrollieren. Doch noch bevor ein Anhaltesignal gegeben werden konnte, bog der Golf auf einen Parkplatz ab und hielt. Dort versuchte der Fahrer hektisch mit der Beifahrerin die Pl\u00e4tz zu tauschen. Nicht ohne Grund, wie sich herausstellte, denn der 20-j\u00e4hrige Lenker des Fahrzeugs hatte gar keinen F\u00fchrerschein. Doch damit nicht genug. Es zeigte sich, dass der Golf \u00fcber keinen g\u00fcltigen Versicherungsschutz verf\u00fcgte und die Kennzeichen nicht zu dem Fahrzeug passten. Weitere Ermittlungen ergaben, dass diese 2022 in Wiesloch entwendet worden waren. Ob der junge Mann auch als T\u00e4ter f\u00fcr diesen Diebstahl in Frage kommt, muss noch gekl\u00e4rt werden.<\/p>\n\n\n\n<p>Auf jeden Fall muss er sich wegen des Fahrens ohne Fahrerlaubnis, des Kennzeichenmissbrauchs sowie des Versto\u00dfes gegen das Pflichtversicherungsgesetz verantworten.<\/p>\n\n\n\n<h2 class=\"wp-block-heading\">(A 5 \/ Walldorf \/ Rhein-Neckar-Kreis) &#8211; 41-J\u00e4hriger trotz Fahrerlaubnissperre und entzogenem F\u00fchrerschein erneut alkoholisiert mit dem Auto unterwegs<\/h2>\n\n\n\n<p>Am Dienstagabend, kurz vor 22 Uhr, wurde eine Beamtin und ein Beamter der Autobahnpolizei Walldorf auf der BAB 5 bei Walldorf auf einen 41-j\u00e4hrigen VW-Fahrer aufmerksam. Der 41-J\u00e4hrige fuhr deutliche Schlangenlinien und geriet hierbei mehrfach auf die linke Fahrbahn, wobei es nur durch Gl\u00fcck zu keinem Zusammensto\u00df mit anderen Fahrzeugen gekommen ist. Bei der kurz daraufhin eingeleiteten Verkehrskontrolle konnten die Beamtin und der Beamte deutlichen Alkoholgeruch wahrnehmen. W\u00e4hrend der Kontrollma\u00dfnahme entdeckten sie au\u00dferdem in dem Fahrzeug mehrere leere Bierdosen sowie eine leere Lik\u00f6rflasche. Aufgrund seiner Alkoholisierung gelang es dem 41-J\u00e4hrigen nicht, einen Alkoholtest durchzuf\u00fchren, weshalb ihm auf dem Polizeirevier eine Blutprobe entnommen wurde. Bei der folgenden Recherche im polizeilichen System wurde au\u00dferdem in Erfahrung gebracht, dass der 41-J\u00e4hrige aufgrund vergangener Fahrten unter Alkoholbeeinflussung der F\u00fchrerschein bereits entzogen und eine Fahrerlaubnissperre ausgesprochen wurde. Die Anzeigenvorlage erfolgt mit dem Ergebnis der Blutprobe.<\/p>\n\n\n\n<h2 class=\"wp-block-heading\">(Reilingen \/ Rhein-Neckar-Kreis) &#8211; E-Bikes aus Keller entwendet<\/h2>\n\n\n\n<p>Zwischen letzten Freitag und Dienstagnachmittag entwendete eine bislang unbekannte T\u00e4terschaft aus dem Keller eines Mehrfamilienhauses in der Speyerer Stra\u00dfe zwei E-Bikes. Wie genau man sich Zugang in das Haus verschaffte, ist derzeit noch unklar. Im Keller wurde dann ein Kellerabteil aufgebrochen und daraus zwei E-Bikes der Marke Cube gestohlen. Diese hatten einen Wert von \u00fcber 8700 Euro.<\/p>\n\n\n\n<p>Die Polizei ermittelt nun wegen des besonders schweren Falls des Diebstahls.<\/p>\n\n\n\n<h2 class=\"wp-block-heading\">(St. Leon-Rot \/ Heidelberg) &#8211; 37-j\u00e4hriger Mann wegen des Verdachts der Einfuhr von und Beihilfe zum unerlaubten Handeltreiben mit Bet\u00e4ubungsmitteln in nicht geringer Menge in Untersuchungshaft<\/h2>\n\n\n\n<h3 class=\"wp-block-heading\">Gemeinsame Presseerkl\u00e4rung der Staatsanwaltschaft Heidelberg und des Polizeipr\u00e4sidiums Mannheim<\/h3>\n\n\n<div class=\"wp-block-image\">\n<figure class=\"aligncenter size-full\"><img decoding=\"async\" loading=\"lazy\" width=\"800\" height=\"533\" src=\"https:\/\/speyer24news.com\/wp-content\/uploads\/2020\/06\/Zelle.jpg\" alt=\"\" class=\"wp-image-28203\" srcset=\"https:\/\/speyer24news.com\/wp-content\/uploads\/2020\/06\/Zelle.jpg 800w, https:\/\/speyer24news.com\/wp-content\/uploads\/2020\/06\/Zelle-300x200.jpg 300w, https:\/\/speyer24news.com\/wp-content\/uploads\/2020\/06\/Zelle-768x512.jpg 768w\" sizes=\"(max-width: 800px) 100vw, 800px\" \/><figcaption class=\"wp-element-caption\">Beispielbild Zelle \/ Verhaftung, dient lediglich der Visualisierung<\/figcaption><\/figure><\/div>\n\n\n<p>Auf Antrag der Staatsanwaltschaft Heidelberg wurde durch das Amtsgericht Heidelberg Haftbefehl gegen einen 37 Jahre alten Mann erlassen.<\/p>\n\n\n\n<p>Der Mann steht im dringenden Verdacht, in mindestens sechs F\u00e4llen Kokain in jeweils nicht geringer Menge in die Bundesrepublik Deutschland eingef\u00fchrt zu haben.<\/p>\n\n\n\n<p>Bei einer am 06.06.2023 durchgef\u00fchrten Verkehrskontrolle auf einem Parkplatz der BAB 6 bei St. Leon-Rot konnte bei dem 37-J\u00e4hrigen rund 1 kg Kokain im Kofferraum seines Fahrzeugs aufgefunden und sichergestellt werden. Des Weiteren besteht aufgrund umfangreicher Ermittlungen der Verdacht, dass der Tatverd\u00e4chtige bereits zuvor in mindestens f\u00fcnf weiteren F\u00e4llen jeweils mindestens 1 kg Kokain in die Bundesrepublik Deutschland eingef\u00fchrt hatte.<\/p>\n\n\n\n<p>Am 07.06.2023 wurde der 37-J\u00e4hrige der Haftrichterin des Amtsgerichts Heidelberg vorgef\u00fchrt. Diese erlie\u00df auf Antrag der Staatsanwaltschaft Heidelberg Haftbefehl wegen Einfuhr von Bet\u00e4ubungsmitteln in nicht geringer Menge in Tateinheit mit Beihilfe zum unerlaubten Handeltreiben von Bet\u00e4ubungsmitteln in nicht geringer Menge in sechs F\u00e4llen und setzte den Haftbefehl in Vollzug. Im Anschluss wurde der Beschuldigte in eine Justizvollzugsanstalt eingeliefert.<\/p>\n\n\n\n<p>Die Ermittlungen der Staatsanwaltschaft Heidelberg und der Ermittlungsgruppe Rauschgift des Polizeipr\u00e4sidiums Mannheim dauern an.<\/p>\n\n\n\n<h2 class=\"wp-block-heading\">(A 67 \/ Dielheim \/ Rhein-Neckar-Kreis) &#8211; Missgl\u00fccktes \u00dcberholman\u00f6ver auf der Autobahn f\u00fchrt zu schwerem Unfall<\/h2>\n\n\n\n<p>Aus bislang noch unbekannter Ursache geriet am Dienstag, um kurz nach 11 Uhr, auf der A6, H\u00f6he Dielheim, ein Mercedes beim \u00dcberholen zu weit nach rechts und kollidierte mit dem Anh\u00e4nger eines LKW. Beide Fahrzeuge waren in Richtung Mannheim unterwegs gewesen. Als der LKW-Fahrer den Unfall bemerkte, legte er eine Vollbremsung ein. Dadurch prallte der PKW mit dem Zugfahrzeug zusammen und geriet ins Schleudern. Nach mehreren Kollisionen mit der rechten Leitplanke, kam der Mercedes schlie\u00dflich quer zur Fahrbahn zum Stehen. Die beiden Insassen, der 83-j\u00e4hrige Fahrer sowie seine 75-j\u00e4hrige Beifahrerin, wurden dabei schwer verletzt und in Folge dessen in ein Krankenhaus gebracht. Der LKW-Fahrer blieb unverletzt. Insgesamt entstand ein Sachschaden von mehr als 25.000 Euro. Wegen des Unfalls musste die Autobahn f\u00fcr mehrere Stunden, bis 16 Uhr, gesperrt werden, was zu einem erheblichen R\u00fcckstau f\u00fchrte. Dieser erstreckte sich auf eine L\u00e4nge von bis zu 12 Kilometern.<\/p>\n\n\n\n<p>Die Polizei nahm die Ermittlungen hinsichtlich der genauen Unfallursache auf.<\/p>\n\n\n\n<h2 class=\"wp-block-heading\">(Eppelheim \/ Rhein-Neckar-Kreis) &#8211; 44-J\u00e4hriger wegen des Verdachts des versuchten Totschlags in Tateinheit mit gef\u00e4hrlicher K\u00f6rperverletzung auf Antrag der Staatsanwaltschaft Heidelberg in einem psychiatrischen Krankenhaus untergebracht<\/h2>\n\n\n\n<h3 class=\"wp-block-heading\">Gemeinsame Pressemitteilung der Staatsanwaltschaft Heidelberg und des Polizeipr\u00e4sidiums Mannheim<\/h3>\n\n\n<div class=\"wp-block-image\">\n<figure class=\"aligncenter size-full\"><img decoding=\"async\" loading=\"lazy\" width=\"800\" height=\"600\" src=\"https:\/\/speyer24news.com\/wp-content\/uploads\/2019\/06\/Ausn\u00fcchterungszelle.jpg\" alt=\"\" class=\"wp-image-15212\" srcset=\"https:\/\/speyer24news.com\/wp-content\/uploads\/2019\/06\/Ausn\u00fcchterungszelle.jpg 800w, https:\/\/speyer24news.com\/wp-content\/uploads\/2019\/06\/Ausn\u00fcchterungszelle-300x225.jpg 300w, https:\/\/speyer24news.com\/wp-content\/uploads\/2019\/06\/Ausn\u00fcchterungszelle-768x576.jpg 768w, https:\/\/speyer24news.com\/wp-content\/uploads\/2019\/06\/Ausn\u00fcchterungszelle-678x509.jpg 678w, https:\/\/speyer24news.com\/wp-content\/uploads\/2019\/06\/Ausn\u00fcchterungszelle-326x245.jpg 326w, https:\/\/speyer24news.com\/wp-content\/uploads\/2019\/06\/Ausn\u00fcchterungszelle-80x60.jpg 80w\" sizes=\"(max-width: 800px) 100vw, 800px\" \/><figcaption class=\"wp-element-caption\">Beispielbild Zelle \/ Verhaftung, dient lediglich der Visualisierung<\/figcaption><\/figure><\/div>\n\n\n<p>Ein 44-J\u00e4hriger steht im dringenden Verdacht, am Mittag des 06. Juni 2023 in Eppelheim einen mit ihm weitl\u00e4ufig verwandten 66-J\u00e4hrigen Mann in dessen Wohnhaus durch mit einem Teleskopschlagstock gef\u00fchrte Schl\u00e4ge gegen den Kopf verletzt zu haben.<\/p>\n\n\n\n<p>Der Verletzte soll den Tatverd\u00e4chtigen bereits von seiner Terrassent\u00fcr aus wahrgenommen haben, als dieser sich seinem Anwesen n\u00e4herte und sich auf ihn zu bewegte. Er schloss daraufhin die Terrassent\u00fcr, um sich in Sicherheit zu bringen, und alarmierte im weiteren Verlauf die Polizei.<\/p>\n\n\n\n<p>Dem Tatverd\u00e4chtigen gelang es jedoch, sich Zutritt zu dem Wohnhaus zu verschaffen, indem er die Terrassent\u00fcr einschlug. In dem Wohnhaus soll er eine Zimmert\u00fcr eingetreten und den Wohnungsinhaber mit einem Teleskopschlagstock angegriffen und hierbei am Kopf verletzt haben. Dem Verletzten gelang es, nach drau\u00dfen zu fl\u00fcchten, wo er von den eingetroffenen Polizeibeamtinnen und Polizeibeamten in Sicherheit gebracht werden konnte. Der ihn verfolgende Beschuldigte wurde durch die Polizeibeamtinnen und Polizeibeamten unmittelbar nach Verlassen des Anwesens gestoppt. Er lie\u00df sich widerstandslos festnehmen.<\/p>\n\n\n\n<p>Der Wohnungsbesitzer wurde durch den Angriff des Tatverd\u00e4chtigen leicht verletzt.<\/p>\n\n\n\n<p>Am 07. Juni 2023 wurde der Tatverd\u00e4chtige, der sich mit hoher Wahrscheinlichkeit aufgrund einer psychischen Erkrankung zum Tatzeitpunkt im Zustand der Schuldunf\u00e4higkeit befunden hatte, der Ermittlungsrichterin am Amtsgericht Heidelberg vorgef\u00fchrt. Diese erlie\u00df den von der Staatsanwaltschaft Heidelberg beantragten Unterbringungsbefehl, er\u00f6ffnete ihn dem Beschuldigten und setzte ihn in Vollzug. Anschlie\u00dfend wurde der Beschuldigte in ein psychiatrisches Krankenhaus eingeliefert.<\/p>\n\n\n\n<p>Die Ermittlungen der Staatsanwaltschaft Heidelberg und der Kriminalpolizeidirektion Heidelberg des Polizeipr\u00e4sidiums Mannheim dauern weiter an.<\/p>\n\n\n\n<h2 class=\"wp-block-heading\">(Weinheim \/ Rhein-Neckar-Kreis) &#8211; Unfallflucht \/ Suchma\u00dfnahmen mit Polizeihubschrauber<\/h2>\n\n\n<div class=\"wp-block-image\">\n<figure class=\"aligncenter size-full\"><img decoding=\"async\" loading=\"lazy\" width=\"800\" height=\"600\" src=\"https:\/\/speyer24news.com\/wp-content\/uploads\/2020\/07\/Hubschrauber-bei-Personensuche.jpg\" alt=\"\" class=\"wp-image-29175\" srcset=\"https:\/\/speyer24news.com\/wp-content\/uploads\/2020\/07\/Hubschrauber-bei-Personensuche.jpg 800w, https:\/\/speyer24news.com\/wp-content\/uploads\/2020\/07\/Hubschrauber-bei-Personensuche-300x225.jpg 300w, https:\/\/speyer24news.com\/wp-content\/uploads\/2020\/07\/Hubschrauber-bei-Personensuche-768x576.jpg 768w, https:\/\/speyer24news.com\/wp-content\/uploads\/2020\/07\/Hubschrauber-bei-Personensuche-678x509.jpg 678w, https:\/\/speyer24news.com\/wp-content\/uploads\/2020\/07\/Hubschrauber-bei-Personensuche-326x245.jpg 326w, https:\/\/speyer24news.com\/wp-content\/uploads\/2020\/07\/Hubschrauber-bei-Personensuche-80x60.jpg 80w\" sizes=\"(max-width: 800px) 100vw, 800px\" \/><figcaption class=\"wp-element-caption\">Polizeihubschrauber bei Suchma\u00dfnahme in der Nacht, Bild dient lediglich der Visualisierung<\/figcaption><\/figure><\/div>\n\n\n<p>Mittwochnacht, gegen 21:50 Uhr, ereignete sich in der Odenwaldstra\u00dfe in Weinheim-Rittenweier ein Verkehrsunfall mit insgesamt drei beteiligten Fahrzeugen. Der 30-j\u00e4hrige Fahrer eines Fiat verlor die Kontrolle \u00fcber sein Fahrzeug, kam von der Fahrbahn ab und kollidierte zun\u00e4chst mit einem Gartenzaun. Im weiteren Verlauf kippte der Pkw zu Seite und schob noch zwei geparkte Fahrzeuge ineinander. Der entstandene Sachschaden bel\u00e4uft sich auf ca. 30.000 Euro. Zeugen konnten beobachten, wie der Fahrer und der 24-j\u00e4hrige Beifahrer aus dem Fahrzeug kletterten und in einen nahegelegenen Wald fl\u00fcchteten. Aufgrund des Schadensbildes an dem Fiat, konnten schwere Verletzungen bei den beiden fl\u00fcchtigen Insassen nicht ausgeschlossen werden. Daher folgten umfangreiche Suchma\u00dfnahmen mit einem Polizeihubschrauber sowie der Polizeihundestaffel, welche allerdings ergebnislos blieben. Im Unfallfahrzeug konnten durch die Beamten des Polizeireviers Weinheim zwei Mobiltelefone aufgefunden werden. Durch weitere Ermittlungen konnte die Anschrift des Beifahrers in Erfahrung gebracht werden. Dort wurde sowohl der Beifahrer als auch der Fahrer unverletzt angetroffen. Der 30-J\u00e4hrige stand unter dem Einfluss von Alkohol und THC und war auch nicht im Besitz einer g\u00fcltigen Fahrerlaubnis. Er musste die Beamten, zur Entnahme einer Blutprobe, auf das Polizeirevier Weinheim begleiten. Das Unfallfahrzeug wurde sichergestellt und abgeschleppt. Gegen den Fahrer wird nun wegen Gef\u00e4hrdung des Stra\u00dfenverkehrs, Unfallflucht und Fahren ohne Fahrerlaubnis ermittelt.<\/p>\n","protected":false},"excerpt":{"rendered":"<div class=\"mh-excerpt\"><p>Polizeimeldungen von Mittwoch &amp; Donnerstag (07.06. &amp; 08.06.2023) (Speyer) &#8211; Eigent\u00fcmer nach Fahrraddiebstahl gesucht Im Rahmen einer Personenkontrolle konnte bei einem 58-J\u00e4hrigen ein Fahrrad festgestellt werden, bei welchem das Eigentumsverh\u00e4ltnis zun\u00e4chst ungekl\u00e4rt war. Schlussendlich wurde <a class=\"mh-excerpt-more\" href=\"https:\/\/speyer24news.com\/?p=52671\" title=\"Polizeimeldungen Mittwoch &#038; Donnerstag (07.06. &#038; 08.06.2023)\">[&#8230;]<\/a><\/p>\n<\/div>","protected":false},"author":3,"featured_media":26162,"comment_status":"open","ping_status":"open","sticky":false,"template":"","format":"standard","meta":{"_monsterinsights_skip_tracking":false,"_monsterinsights_sitenote_active":false,"_monsterinsights_sitenote_note":"","_monsterinsights_sitenote_category":0,"footnotes":""},"categories":[15659],"tags":[7243,7244,3614,350,14537,15084,15267,14538,15361,15845,702,61,2555,6955,6986,6263,63,105,11150,6987,53,4854,13534,4683,1548,4905,11592,102,13626,213,14325,14324,13553,13541,55,8277,6368,5261,103,106,2803,2423,427,2625,380,62,104,979,1565],"aioseo_notices":[],"amp_enabled":true,"_links":{"self":[{"href":"https:\/\/speyer24news.com\/index.php?rest_route=\/wp\/v2\/posts\/52671"}],"collection":[{"href":"https:\/\/speyer24news.com\/index.php?rest_route=\/wp\/v2\/posts"}],"about":[{"href":"https:\/\/speyer24news.com\/index.php?rest_route=\/wp\/v2\/types\/post"}],"author":[{"embeddable":true,"href":"https:\/\/speyer24news.com\/index.php?rest_route=\/wp\/v2\/users\/3"}],"replies":[{"embeddable":true,"href":"https:\/\/speyer24news.com\/index.php?rest_route=%2Fwp%2Fv2%2Fcomments&post=52671"}],"version-history":[{"count":1,"href":"https:\/\/speyer24news.com\/index.php?rest_route=\/wp\/v2\/posts\/52671\/revisions"}],"predecessor-version":[{"id":52674,"href":"https:\/\/speyer24news.com\/index.php?rest_route=\/wp\/v2\/posts\/52671\/revisions\/52674"}],"wp:featuredmedia":[{"embeddable":true,"href":"https:\/\/speyer24news.com\/index.php?rest_route=\/wp\/v2\/media\/26162"}],"wp:attachment":[{"href":"https:\/\/speyer24news.com\/index.php?rest_route=%2Fwp%2Fv2%2Fmedia&parent=52671"}],"wp:term":[{"taxonomy":"category","embeddable":true,"href":"https:\/\/speyer24news.com\/index.php?rest_route=%2Fwp%2Fv2%2Fcategories&post=52671"},{"taxonomy":"post_tag","embeddable":true,"href":"https:\/\/speyer24news.com\/index.php?rest_route=%2Fwp%2Fv2%2Ftags&post=52671"}],"curies":[{"name":"wp","href":"https:\/\/api.w.org\/{rel}","templated":true}]}}