{"id":52680,"date":"2023-06-10T07:06:00","date_gmt":"2023-06-10T06:06:00","guid":{"rendered":"https:\/\/speyer24news.com\/?p=52680"},"modified":"2023-06-10T07:06:03","modified_gmt":"2023-06-10T06:06:03","slug":"polizeimeldungen-freitag-09-06-2023","status":"publish","type":"post","link":"https:\/\/speyer24news.com\/?p=52680","title":{"rendered":"Polizeimeldungen Freitag (09.06.2023)"},"content":{"rendered":"<style type=\"text\/css\">\r\n\t.ads_top_disp{}\r\n\t.ads_top_corner_disp{ float:left; margin:0px 10px 10px 0px; }\r\n\t.ads_first_p_disp{}\r\n\t.ads_bottom_disp{}\r\n\t<\/style>\n<h2 class=\"wp-block-heading\">Polizeimeldungen vom Freitag (09.06.2023)<\/h2>\n\n\n<div class=\"wp-block-image\">\n<figure class=\"aligncenter size-full\"><img decoding=\"async\" loading=\"lazy\" width=\"375\" height=\"500\" src=\"https:\/\/speyer24news.com\/wp-content\/uploads\/2022\/03\/Aktuelles-Polizeilogo.jpg\" alt=\"\" class=\"wp-image-43591\" srcset=\"https:\/\/speyer24news.com\/wp-content\/uploads\/2022\/03\/Aktuelles-Polizeilogo.jpg 375w, https:\/\/speyer24news.com\/wp-content\/uploads\/2022\/03\/Aktuelles-Polizeilogo-225x300.jpg 225w\" sizes=\"(max-width: 375px) 100vw, 375px\" \/><\/figure><\/div>\n\n\n<h2 class=\"wp-block-heading\">(Speyer) &#8211; Versuchter Einbruch in eine Gastst\u00e4tte<a href=\"https:\/\/www.facebook.com\/sharer.php?u=https%3A%2F%2Fwww.presseportal.de%2Fblaulicht%2Fpm%2F117688%2F5529360%2F%3Futm_source%3Dfacebook%26utm_medium%3Dsocial\"><\/a><a href=\"https:\/\/twitter.com\/intent\/tweet?text=POL-PDLU%3A%20Versuchter%20Einbruch%20in%20eine%20Gastst%C3%A4tte%2009.06.2023%2C%2003%3A19%20Uhr&amp;url=https%3A%2F%2Fwww.presseportal.de%2Fblaulicht%2Fpm%2F117688%2F5529360%2F%3Futm_source%3Dtwitter%26utm_medium%3Dsocial&amp;hashtags=ots&amp;lang=de\"><\/a><a href=\"https:\/\/web.whatsapp.com\/send?text=POL-PDLU%3A%20Versuchter%20Einbruch%20in%20eine%20Gastst%C3%A4tte%2009.06.2023%2C%2003%3A19%20Uhr%0A%0Ahttps%3A%2F%2Fwww.presseportal.de%2Fblaulicht%2Fpm%2F117688%2F5529360%2F%3Futm_source%3Dwhatsapp%26utm_medium%3Dsocial\"><\/a><a href=\"https:\/\/www.xing.com\/app\/user?op=share;url=https%3A%2F%2Fwww.presseportal.de%2Fblaulicht%2Fpm%2F117688%2F5529360%2F%3Futm_source%3Dxing%26utm_medium%3Dsocial\"><\/a><a href=\"http:\/\/www.linkedin.com\/shareArticle?mini=true&amp;url=https%3A%2F%2Fwww.presseportal.de%2Fblaulicht%2Fpm%2F117688%2F5529360%2F%3Futm_source%3Dlinkedin%26utm_medium%3Dsocial&amp;title=POL-PDLU%3A+Versuchter+Einbruch+in+eine+Gastst%C3%A4tte+09.06.2023%2C+03%3A19+Uhr\"><\/a><a href=\"mailto:?subject=POL-PDLU%3A%20Versuchter%20Einbruch%20in%20eine%20Gastst%C3%A4tte%2009.06.2023%2C%2003%3A19%20Uhr&amp;body=https:\/\/www.presseportal.de\/blaulicht\/pm\/117688\/5529360\"><\/a><\/h2>\n\n\n\n<p>In der Nacht von Donnerstag auf Freitag bemerkte ein Anwohner mehrere Personen vor einer Gastst\u00e4tte in der Blaulstra\u00dfe in Speyer. Da die Personen Taschenlampen mit sich f\u00fchrten wurde die Polizei verst\u00e4ndigt. Die Beamten konnten vor Ort keine Personen mehr feststellen, jedoch wies die Eingangst\u00fcr der Gastst\u00e4tte eine Besch\u00e4digung auf. Die T\u00e4ter schafften es jedoch nicht die Zugangst\u00fcr zur Gastst\u00e4tte zu \u00fcberwinden.<\/p>\n\n\n\n<ul>\n<li><strong>Zeugen, welche im genannten Zeitraum ebenfalls verd\u00e4chtige Wahrnehmungen gemacht haben, werden gebeten, sich bei der Polizei Speyer unter Tel. 06232 \/ 137-0 oder per E-Mail an\u00a0<a href=\"mailto:%20pispeyer@polizei.rlp.de\">pispeyer@polizei.rlp.de<\/a>\u00a0zu wenden.<\/strong><\/li>\n<\/ul>\n\n\n\n<h2 class=\"wp-block-heading\">(Schifferstadt) &#8211; Kontrollstelle<\/h2>\n\n\n\n<p>Bei einer am Donnerstagnachmittag durchgef\u00fchrten Kontrollstelle in der Speyerer Stra\u00dfe am S\u00fcdbahnhof wurden 9 Gurtverst\u00f6\u00dfe und 1 Handyversto\u00df festgestellt. Weiterhin erlosch bei einem PKW die Betriebserlaubnis, da \u00c4nderungen am Fahrwerk und der Auspuffanlage vorgenommen wurden. Der 21-j\u00e4hrige Fahrer muss sein Fahrzeug nun bei einer Pr\u00fcfstelle vorfahren. Aufgrund der Verst\u00f6\u00dfe wurden Ordnungswidrigkeitenanzeigen gefertigt.<\/p>\n\n\n\n<h2 class=\"wp-block-heading\">(Altrip) &#8211; Trickdiebstahl durch falschen Mitarbeiter der Wasserwerke<\/h2>\n\n\n<div class=\"wp-block-image\">\n<figure class=\"aligncenter size-full\"><img decoding=\"async\" loading=\"lazy\" width=\"801\" height=\"600\" src=\"https:\/\/speyer24news.com\/wp-content\/uploads\/2020\/05\/Zeugen-gesucht-Neutral.jpg\" alt=\"\" class=\"wp-image-26598\" srcset=\"https:\/\/speyer24news.com\/wp-content\/uploads\/2020\/05\/Zeugen-gesucht-Neutral.jpg 801w, https:\/\/speyer24news.com\/wp-content\/uploads\/2020\/05\/Zeugen-gesucht-Neutral-300x225.jpg 300w, https:\/\/speyer24news.com\/wp-content\/uploads\/2020\/05\/Zeugen-gesucht-Neutral-768x575.jpg 768w, https:\/\/speyer24news.com\/wp-content\/uploads\/2020\/05\/Zeugen-gesucht-Neutral-678x509.jpg 678w, https:\/\/speyer24news.com\/wp-content\/uploads\/2020\/05\/Zeugen-gesucht-Neutral-326x245.jpg 326w, https:\/\/speyer24news.com\/wp-content\/uploads\/2020\/05\/Zeugen-gesucht-Neutral-80x60.jpg 80w\" sizes=\"(max-width: 801px) 100vw, 801px\" \/><\/figure><\/div>\n\n\n<p>Am 07.06.2023, zwischen 13:30 Uhr und 13:50 Uhr, klingelte ein angeblicher Mitarbeiter der Wasserwerke bei einer Seniorin in der Maxburgstra\u00dfe. Der Mann gab an, dass es Beschwerden durch Nachbarn aufgrund von verschmutztem Wasser gegeben h\u00e4tte und er dies nun \u00fcberpr\u00fcfen m\u00fcsse. In der Wohnung sollte sich die Seniorin l\u00e4ngere Zeit im Bad aufhalten, sodass der angebliche Mitarbeiter der Wasserwerke Kontrollen durchf\u00fchren k\u00f6nne. Dies nutzte der T\u00e4ter aus und entwendete einen niedrigen f\u00fcnfstelligen Geldbetrag. <\/p>\n\n\n\n<h4 class=\"wp-block-heading\">Beschreibung des Mannes: <\/h4>\n\n\n\n<ul>\n<li><strong>ca. 50 Jahre alt<\/strong><\/li>\n\n\n\n<li><strong>korpulente Statur<\/strong><\/li>\n\n\n\n<li><strong>trug eine dunkle Kappe, eine dunkle Hose und ein helles Oberteil<\/strong><\/li>\n\n\n\n<li><strong>sprach gebrochen deutsch. <\/strong><\/li>\n<\/ul>\n\n\n\n<ul>\n<li><strong>Zeugen, die Angaben zu dem Mann geben k\u00f6nnen, werden gebeten, sich mit der Polizei in Schifferstadt (06235 495-0 oder\u00a0<a href=\"mailto:%20pischifferstadt@polizei.rlp.de\">pischifferstadt@polizei.rlp.de<\/a>) in Verbindung zu setzen. <\/strong><\/li>\n<\/ul>\n\n\n\n<h4 class=\"wp-block-heading\"><strong>Die Polizei r\u00e4t: <\/strong>Lassen Sie unangek\u00fcndigte Handwerker nicht in die Wohnung! Seri\u00f6se Firmen k\u00fcndigen den Besuch im Voraus an.<\/h4>\n\n\n\n<h2 class=\"wp-block-heading\">(Mutterstadt) &#8211; Betrunkener Radfahrer bleibt an PKW h\u00e4ngen<\/h2>\n\n\n\n<p>Am 08.06.2023, gegen 21:20 Uhr, fuhr ein 65-j\u00e4hriger Radfahrer die R\u00f6ntgenstra\u00dfe und streifte einen geparkten PKW. Hierdurch st\u00fcrzte der Radfahrer und zog sich eine leichte Verletzung im Kopfbereich zu. Ein Atemalkoholtest ergab einen Wert von 1,7 Promille. Dies zog eine Blutentnahme nach sich. An dem PKW entstand Sachschaden von etwa 5.000 Euro. Gegen den 65-J\u00e4hrigen wird wegen Gef\u00e4hrdung des Stra\u00dfenverkehrs ermittelt.<\/p>\n\n\n\n<h2 class=\"wp-block-heading\">(Mutterstadt) &#8211; Unfall vermutlich aufgrund medizinischer Ursache<\/h2>\n\n\n\n<p>Am 08.06.2023, gegen 09:10 Uhr, kam ein 86-j\u00e4hriger PKW-fahrer vermutlich aufgrund einer medizinischen Ursache in der Blockfeldstra\u00dfe von der Fahrbahn ab und stie\u00df mit einem geparkten PKW und einer Stra\u00dfenlaterne zusammen. Schlussendlich stoppte der PKW an einer M\u00fclltonnenumrandung. Der Fahrer wurde leicht verletzt in ein Krankenhaus gebracht. Der Gesamtschaden betr\u00e4gt etwa 15.000 Euro.<\/p>\n\n\n\n<h2 class=\"wp-block-heading\">(B\u00f6hl-Iggelheim) &#8211; Betrunkener Mofa-Fahrer baut Unfall<\/h2>\n\n\n\n<p>Am Donnerstagmorgen, gegen 08:30 Uhr, stie\u00df ein 37-j\u00e4hriger Mofa-Fahrer in der Lilienstra\u00dfe mit einem am Fahrbahnrand geparkten Fahrzeug zusammen. Hierdurch erlitt der Mann eine leichte Verletzung am Arm. Ein durchgef\u00fchrter Atemalkoholtest ergab einen Wert von 1,9 Promille. Es folgte die Blutentnahme durch einen Arzt. Ein Ermittlungsverfahren wegen Gef\u00e4hrdung des Stra\u00dfenverkehrs wurde eingeleitet. Insgesamt entstand Sachschaden von etwa 3.500 Euro.<\/p>\n\n\n\n<h2 class=\"wp-block-heading\">(B\u00f6hl-Iggelheim) &#8211; Diebstahl von Badeschlappen<\/h2>\n\n\n<div class=\"wp-block-image\">\n<figure class=\"aligncenter size-full\"><img decoding=\"async\" loading=\"lazy\" width=\"800\" height=\"533\" src=\"https:\/\/speyer24news.com\/wp-content\/uploads\/2023\/06\/Badeschuhe-Badelatschen-Strand.jpg\" alt=\"\" class=\"wp-image-52681\" srcset=\"https:\/\/speyer24news.com\/wp-content\/uploads\/2023\/06\/Badeschuhe-Badelatschen-Strand.jpg 800w, https:\/\/speyer24news.com\/wp-content\/uploads\/2023\/06\/Badeschuhe-Badelatschen-Strand-300x200.jpg 300w, https:\/\/speyer24news.com\/wp-content\/uploads\/2023\/06\/Badeschuhe-Badelatschen-Strand-768x512.jpg 768w\" sizes=\"(max-width: 800px) 100vw, 800px\" \/><\/figure><\/div>\n\n\n<p>Am 07.06.2023, gegen 15:30 Uhr, entwendete ein Mann am Niederwiesenweiher die Badeschlappen eines 21-J\u00e4hrigen. Der junge Mann rannte dem Dieb direkt hinterher und konnte diesen einholen und seine Schlappen zur\u00fcckholen. Gegen den 39-j\u00e4hrigen Tatverd\u00e4chtigen wurde ein Ermittlungsverfahren wegen Diebstahl eingeleitet. Der Grund f\u00fcr den Diebstahl bleibt unbekannt.<\/p>\n\n\n\n<h2 class=\"wp-block-heading\">(Bellheim) &#8211; Gl\u00fcck im Ungl\u00fcck<\/h2>\n\n\n\n<p>Am Donnerstagnachmittag befuhr eine 54-j\u00e4hrige Radfahrerin die Landstra\u00dfe zwischen Bellheim und Zeiskam. Aufgrund eines kurzzeitig aufkommenden starken Windes fiel ein Baum auf den Radweg und traf die Frau auf Brusth\u00f6he. Sie st\u00fcrzte vom Fahrrad und wurde leicht verletzt. Mit Unterst\u00fctzung der Feuerwehr wurde der Baum von der Fahrbahn ger\u00e4umt.<\/p>\n\n\n\n<h2 class=\"wp-block-heading\">(Hagenbach) &#8211; Fahrzeug auf Dach gelandet, Fahrer gefl\u00fcchtet<\/h2>\n\n\n\n<p>Zu einem spektakul\u00e4ren Unfall kam es am Donnerstag gegen 16:30h in Hagenbach in der Luitpoldstra\u00dfe. Ein 27-j\u00e4hriger Mercedesfahrer fuhr derart heftig auf ein geparktes Fahrzeug, dass sein Mercedes zur Seite kippte, auf der Fahrbahn entlang rutschte und dann auf dem Dach quer zur Fahrbahn zum Liegen kam. Der Unfallfahrer konnte sich selbstst\u00e4ndig aus seinem Fahrzeug befreien. Trotz Aufforderung von Zeugen, auf die Polizei zu warten, rannte der 27-J\u00e4hrige davon. Im Rahmen der Fahndung durch die Polizei konnte er nicht mehr angetroffen. Die Personalien des Fahrers konnten bei anschlie\u00dfenden \u00dcberpr\u00fcfungen ermittelt werden. Gegen ihn wird nun u.a. wegen Verkehrsunfallflucht ein Strafverfahren eingeleitet. Sein Fahrzeug wurde abgeschleppt. Insgesamt entstand ein Sachschaden in H\u00f6he von ca. 13.000 Euro.<\/p>\n\n\n\n<h2 class=\"wp-block-heading\">(Edenkoben) &#8211; Einbruch in Gastst\u00e4tte<\/h2>\n\n\n\n<p>Am Donnerstagmorgen (08.06.2023, 04.25 Uhr) fiel einem Gastst\u00e4ttenbesitzer in der Staatsstra\u00dfe beim Betreten der R\u00e4umlichkeiten eine vermummte Person auf, die gerade im Begriff war einen Flachbildfernseher von der Wand zu montieren. Beim Erkennen des Wirtes fl\u00fcchtete die Person durch den Haupteingang in unbekannte Richtung. Der T\u00e4ter verschaffte sich zuvor \u00fcber ein Vordach und Aufhebeln einer T\u00fcr Zugang zur Gastst\u00e4tte. <\/p>\n\n\n\n<p><strong>Er war ca. 1,80m gro\u00df, schlank und war dunkel gekleidet. <\/strong>Im Zuge der Fahndung konnte er nicht mehr angetroffen werden. <\/p>\n\n\n\n<ul>\n<li><strong>Hinweise nimmt die Polizei Edenkoben unter der Nummer 06323 9550 entgegen.<\/strong><\/li>\n<\/ul>\n\n\n\n<h2 class=\"wp-block-heading\">(Edenkoben) &#8211; Stromkabel durchgeschnitten<\/h2>\n\n\n\n<p>In den fr\u00fchen Morgenstunden am Donnerstag (08.06.2023, 03.30 Uhr) durchtrennten unbekannte T\u00e4ter das Stromkabel eines Wohnwagens, welcher auf dem Ludwigsplatz abgestellt war. Durch das Ausfallen des K\u00fchlschranks wurde der Eigent\u00fcmer darauf aufmerksam. <\/p>\n\n\n\n<ul>\n<li><strong>Hinweise auf verd\u00e4chtige Personen nimmt die Polizei Edenkoben unter der Nummer 06323 9550 entgegen.<\/strong><\/li>\n<\/ul>\n\n\n\n<h2 class=\"wp-block-heading\">(Edenkoben) &#8211; Unseri\u00f6se Hofreiniger unterwegs<\/h2>\n\n\n\n<p>Am Mittwoch (07.06.2023, 13.30 Uhr) erschienen zwei ca. 25 Jahre alte M\u00e4nner bei einem 85-j\u00e4hrigen Mann in der Goethestra\u00dfe und wollten f\u00fcr zun\u00e4chst 1200 Euro den Hof reinigen. Ein wachsamer Nachbar wurde auf die Situation aufmerksam und sprach die beiden M\u00e4nner an, die daraufhin dann nur noch 500 Euro wollten und sich nach dem Verlangen einer Rechnung dann ganz von der \u00d6rtlichkeit entfernten. Sie waren mit einem silberfarbenen Citroen mit WO-Kennzeichen unterwegs. Weitere Zeugen m\u00f6gen sich bitte bei der Polizei Edenkoben melden.<\/p>\n\n\n\n<h2 class=\"wp-block-heading\">(Kleinkarlbach) &#8211; Zeugenaufruf wegen Sachbesch\u00e4digung und Diebstahl in Weinberg<\/h2>\n\n\n\n<p>Im Zeitraum vom 06.06.23, 14:00 Uhr &#8211; 07.06.23, 11:00 Uhr kam es in zwei Weinbergen der Gemarkung Kleinkarlbach, Einzellage Senn zu Diebst\u00e4hlen und Sachbesch\u00e4digungen. Durch unbekannte T\u00e4ter wurden in zwei Wingertszeilen Metallpfosten gestohlen. Hierzu wurden mehrere Metalldr\u00e4hte durchschnitten. Dabei wurden auch Rebst\u00f6cke besch\u00e4digt. Die H\u00f6he des Schadens bel\u00e4uft sich nach einer ersten Sch\u00e4tzung auf bis zu 1000.- Euro. Die Ermittlungen wurden durch die Polizeiinspektion Gr\u00fcnstadt aufgenommen. <\/p>\n\n\n\n<ul>\n<li><strong>M\u00f6gliche Zeugen werden gebeten sich bei der Polizeiinspektion Gr\u00fcnstadt unter Tel. 06359\/9312 0 zu melden.<\/strong><\/li>\n<\/ul>\n\n\n\n<h2 class=\"wp-block-heading\">(Gr\u00fcnstadt) &#8211; Diebstahl von zwei hochwertigen PKW<\/h2>\n\n\n\n<p>Am 08.06.23 kam es zu zwei Diebst\u00e4hlen hochwertiger PKW.<\/p>\n\n\n\n<p>Um 03:05 Uhr wurde im Parkweg ein BMW 630 d xDrive, Farbe wei\u00df und um 03:41 Uhr im Amselweg ein BMW M2 Competition, Farbe Orange gestohlen.<\/p>\n\n\n\n<p>In beiden F\u00e4llen haben die T\u00e4ter wahrscheinlich mittels Funkwellenverl\u00e4ngerung die Funktion der Fernbedienung des Fahrzeugschl\u00fcssels \u00fcberwunden und die Fahrzeuge weggefahren. Die Ermittlungen hat die Zentrale Kriminalinspektion Ludwigshafen \u00fcbernommen.<\/p>\n\n\n\n<ul>\n<li><strong>M\u00f6gliche Zeugen werden gebeten sich bei der Polizeiinspektion Gr\u00fcnstadt unter Tel. 06359\/9312 0 zu melden.<\/strong><\/li>\n<\/ul>\n\n\n\n<p>Unter&nbsp;<a target=\"_blank\" rel=\"noreferrer noopener\" href=\"https:\/\/www.polizei-beratung.de\/\">www.polizei-beratung.de<\/a>&nbsp;finden sich Pr\u00e4ventionstipps um sich vor Autodieben zu sch\u00fctzen.<\/p>\n\n\n\n<h2 class=\"wp-block-heading\">(A 61 \/ Lambsheim) &#8211; Auffahrunfall im dichten Verkehr f\u00fchrt zu Teilsperrung der A61<\/h2>\n\n\n\n<p>Am Freitag, den 09.06.2023, kam es gegen 11 Uhr auf der A61 in Richtung Hockenheim, kurz vor dem Parkplatz &#8222;Auf dem Hirschen&#8220; zu einem Verkehrsunfall, bei dem ein 38-j\u00e4hriger Audi-Fahrer im dichten Verkehr auf den Skoda eines 36-J\u00e4hrigen auffuhr. Hierbei wurde der Skoda-Fahrer leicht und dessen 66-j\u00e4hrige Beifahrerin mittelschwer verletzt. Der Audi-Fahrer bliebt unverletzt.<\/p>\n\n\n\n<p>Durch den Verkehrsunfall entstand ein Sachschaden von rund 20000EUR. Au\u00dferdem musste der linke Fahrstreifen bis ca. 13 Uhr gesperrt werden, da die Fahrbahn durch ausgelaufene Betriebsstoffe verunreinigt wurde.<\/p>\n\n\n\n<p>Neben der Polizei und dem Rettungsdienst war die Feuerwehr Frankenthal, sowie die Autobahnmeisterei Ruchheim im Einsatz.<\/p>\n\n\n\n<h2 class=\"wp-block-heading\">(Frankenthal) &#8211; Erster Strohhutfesttag<\/h2>\n\n\n\n<p>Aus Sicht der Polizei verlief der erste Strohhutfesttag \u00fcberwiegend friedlich, wobei es insbesondere in den Abendstunden vermehrt zu polizeilichen Eins\u00e4tzen kam.<\/p>\n\n\n\n<p>Insgesamt wurden bisher drei K\u00f6rperverletzungsdelikte, zwei Sachbesch\u00e4digungen, eine Beleidigung gegen Polizeibeamte und ein Widerstand gegen Polizeibeamte bekannt. Es mussten f\u00fcnf Platzverweise ausgesprochen werden, welche zwei Personen nicht befolgten, weshalb diese dem Gewahrsam zugef\u00fchrt wurden. Diverse Streitigkeiten mussten geschlichtet werden.<\/p>\n\n\n\n<h2 class=\"wp-block-heading\">(Frankenthal) &#8211; Auch der zweite Strohhutfesttag verlief aus polizeilicher Sicht trotz des hohen Besucheraufkommens \u00fcberwiegend friedlich.<\/h2>\n\n\n\n<p>Insbesondere in den Abendstunden kam es jedoch, wie am Tag zuvor, wieder vermehrt zu polizeilichen Eins\u00e4tzen. Hierbei wurden insgesamt 19 Strafanzeigen bekannt, f\u00fcnf Platzverweise erteilt und eine Person dem Gewahrsam zugef\u00fchrt. Besonders anzumerken sind sieben Handtaschendiebst\u00e4hle im Bereich des Rathausplatzes. Die Polizei r\u00e4t aufgrund dessen &#8211; Lassen Sie ihre Wertgegenst\u00e4nde nie unbeaufsichtigt und tragen Sie diese wenn m\u00f6glich dicht am K\u00f6rper! Weitere Tipps erhalten Sie unter\u00a0<a href=\"https:\/\/www.polizei-beratung.de\/\" target=\"_blank\" rel=\"noreferrer noopener\">www.polizei-beratung.de<\/a><\/p>\n\n\n\n<h2 class=\"wp-block-heading\">(Pr\u00e4sidiumsbereich Rheinpfalz) &#8211; ROADPOL-Kontrollwoche Alkohol und Drogen im Stra\u00dfenverkehr vom 14.06. bis zum 20.06.2023<\/h2>\n\n\n<div class=\"wp-block-image\">\n<figure class=\"aligncenter size-full\"><img decoding=\"async\" loading=\"lazy\" width=\"600\" height=\"600\" src=\"https:\/\/speyer24news.com\/wp-content\/uploads\/2022\/05\/Alkohol-Tabletten-Drogen-Medikamente.png\" alt=\"\" class=\"wp-image-46525\" srcset=\"https:\/\/speyer24news.com\/wp-content\/uploads\/2022\/05\/Alkohol-Tabletten-Drogen-Medikamente.png 600w, https:\/\/speyer24news.com\/wp-content\/uploads\/2022\/05\/Alkohol-Tabletten-Drogen-Medikamente-300x300.png 300w, https:\/\/speyer24news.com\/wp-content\/uploads\/2022\/05\/Alkohol-Tabletten-Drogen-Medikamente-150x150.png 150w\" sizes=\"(max-width: 600px) 100vw, 600px\" \/><\/figure><\/div>\n\n\n<p>Die Verkehrs\u00fcberwachung mittels Verkehrskontrollen geh\u00f6rt zu den zentralen Aufgaben der Polizei. Die Kontrollen sind f\u00fcr die Sicherheit im Stra\u00dfenverkehr von gro\u00dfer Bedeutung und finden deshalb das ganze Jahr \u00fcber statt. Eine Analyse der Verkehrsunfallzahlen im Polizeipr\u00e4sidium Rheinpfalz verdeutlicht die Notwendigkeit von Kontrollma\u00dfnahmen, um die Senkung der Verkehrsunfallzahlen und auch insbesondere der Anzahl der Unf\u00e4lle mit Personensch\u00e4den zu erreichen.<\/p>\n\n\n\n<p>W\u00e4hrend die zur\u00fcckliegenden Jahre 2020 und 2021 im Zeichen der Corona-Pandemie und den damit verbundenen Ma\u00dfnahmen zur Eind\u00e4mmung des Infektionsgeschehens standen, n\u00e4herte sich das Jahr 2022 wieder der uns bekannten &#8222;Vor-Corona-Normalit\u00e4t&#8220; an. Dies spiegelt sich auch in der Verkehrsunfallentwicklung wider. In Folge der Aufhebung beschr\u00e4nkender Ma\u00dfnahmen im \u00f6ffentlichen, privaten und beruflichen Leben nahm das Gesamtverkehrsaufkommen wieder sp\u00fcrbar zu, worin der wesentliche Grund f\u00fcr die ebenfalls wieder ansteigenden Gesamtverkehrsunfallzahlen liegen d\u00fcrfte.<\/p>\n\n\n\n<p>So zeigt die Verkehrsunfallstatistik des Polizeipr\u00e4sidiums Rheinpfalz f\u00fcr das Jahr 2022 erstmals seit 2020 wieder einen Anstieg der Gesamtunfallzahlen. Lag der Wert im Jahr 2021 noch bei 26.903 Unf\u00e4llen, wurden im Jahr 2022 28.709 Unf\u00e4lle registriert. Erkennbar ist au\u00dferdem, dass Alkohol und Drogen weiterhin relevante Unfallursachen darstellen. Es kam im Zust\u00e4ndigkeitsbereich des Polizeipr\u00e4sidiums Rheinpfalz im Jahr 2022 zu insgesamt 623 Verkehrsunf\u00e4llen unter Alkoholeinfluss. (455 im Jahr 2021) Die Zahl der Verkehrsunf\u00e4lle, bei denen eine Drogenbeeinflussung unfallurs\u00e4chlich war, belief sich im Gesamtjahr 2022 auf 110 und blieb damit \u00e4hnlich hoch wie im Vorjahr (106 im Jahr 2021). Auch f\u00fcr das Jahr 2023 zeichnet sich ab, dass der Trend aus den Vorjahren fortgesetzt wird. So wurden im Zeitraum vom 01.01.2023 bis zum 31.05.2023 rund 12.000 Verkehrsunf\u00e4lle polizeilich erfasst. Die Anzahl der Unf\u00e4lle unter Alkohol- oder Drogeneinfluss liegt bei rund 260, hierbei wurden \u00fcber 130 Verkehrsteilnehmende verletzt.<\/p>\n\n\n\n<p>Vom 14. Juni bis 20. Juni 2023 finden daher im Rahmen der ROADPOL Kontrollwoche &#8222;Alkohol und Drogen&#8220; im Polizeipr\u00e4sidium Rheinpfalz Schwerpunktkontrollen zur Bek\u00e4mpfung und Verhinderung von Fahrt\u00fcchtigkeitsbeeintr\u00e4chtigungen im Stra\u00dfenverkehr statt, wobei der 17. Juni 2023 als Marathontag festgelegt wurde. Schwerpunktm\u00e4\u00dfig an diesem Marathon-Kontrolltag und innerhalb der Kontrollwoche werden wir unsere Kontrollt\u00e4tigkeiten in diesem Bereich fl\u00e4chendeckend intensivieren. Mit dieser Aktion wollen wir deutlich auf die Risiken im Stra\u00dfenverkehr, die sich durch den Alkohol- und Drogeneinfluss ergeben, hinweisen und diese verst\u00e4rkt in das \u00f6ffentliche Bewusstsein r\u00fccken. Wer unter Alkohol- und \/ oder Drogeneinfluss f\u00e4hrt, gef\u00e4hrdet nicht nur sich selbst, sondern auch alle anderen Verkehrsteilnehmenden. Lassen Sie daher immer Ihr Auto stehen, wenn Sie nicht n\u00fcchtern sind. Vielen Betroffenen ist nicht bewusst, dass im Gegensatz zu Alkohol die konsumierte Droge noch mehrere Tage und abh\u00e4ngig von der Substanz, der Stoffwechselt\u00e4tigkeit des Konsumenten und der H\u00e4ufigkeit des Drogenkonsums sogar mehrere Wochen die Fahrt\u00fcchtigkeit negativ beeinflussen kann und in strafbarer Menge im K\u00f6rper nachweisbar ist.<\/p>\n\n\n\n<p>&#8222;Grenzen \u00fcberschreiten, um Leben zu retten!&#8220; So lautet der Slogan von ROADPOL, dem europaweiten Polizei-Netzwerk, das die Zahl der Verkehrsunfallopfer senken will. ROADPOL ist ein europaweites Polizeinetzwerk, mit dem Ziel die Zahl der Verkehrsunfallopfer zu senken. Dabei koordiniert es, europaweit nationale Aktionen zur Durchsetzung der Vorschriften im Verkehrssektor. Innerhalb dieses Kontrollverbundes finden \u00fcber das Jahr verteilt verkehrspolizeiliche Schwerpunktkontrollen statt. Weitere Informationen finden Sie im Netz unter\u00a0<a href=\"https:\/\/www.roadpol.eu\/\" target=\"_blank\" rel=\"noreferrer noopener\">www.roadpol.eu<\/a>\u00a0.<\/p>\n\n\n\n<h2 class=\"wp-block-heading\">(A 650 \/ Ludwigshafen) &#8211; Alleinunfall im Baustellenbereich der A650<\/h2>\n\n\n\n<p>Am 09.06.2023, um 08:23 Uhr, ereignete sich im einspurigen Baustellenbereich der A650 nach der Auffahrt Ludwigshafen-Ruchheim ein Alleinunfall. Der 21-J\u00e4hrige Fahrzeugf\u00fchrer kollidierte am Beginn des Baustellenbereiches mit der aufgestellten Schutzmauer. Infolge dessen wurden der BMW so besch\u00e4digt, dass er seine Fahrt nicht fortsetzen konnte. Der Fahrer blieb unverletzt.<\/p>\n\n\n\n<p>Die Fahrbahn war infolge des Unfalles f\u00fcr ca. 20 Minuten voll gesperrt.<\/p>\n\n\n\n<h2 class=\"wp-block-heading\">(A 6 \/ Ludwigshafen) &#8211; Polizeieinsatz auf der Rheinbr\u00fccke<\/h2>\n\n\n\n<p>Am Donnerstagnachmittag kam es auf der Rheinbr\u00fccke der BAB 6 in Fahrtrichtung Mannheim zu einem polizeilichen Einsatz. Zur Gefahrenabwehr musste die Rheinbr\u00fccke von 16:28 h bis 18:00 h in beide Richtungen voll gesperrt und der Verkehr entsprechend abgeleitet werden.<\/p>\n\n\n\n<h2 class=\"wp-block-heading\">(Ludwigshafen) &#8211; Unfallflucht beim Bierkauf<\/h2>\n\n\n\n<p>Am Donnerstagmittag (08.06.2023) fuhr ein 31-j\u00e4hriger Ludwigshafener auf ein Tankstellengel\u00e4nde in der Oppauer Stra\u00dfe und kaufte mehrere Flaschen Bier. Als er wieder losfuhr, kollidierte er beim Ausparken seines Autos mit einem abgestellten Fahrzeug und entfernte sich anschlie\u00dfend von der \u00d6rtlichkeit, ohne sich um den entstandenen Schaden in H\u00f6he von rund 800,- zu k\u00fcmmern. Wenig sp\u00e4ter wurde das Fahrzeug des Mannes in N\u00e4he zu seiner Wohnanschrift in Ludwigshafen-Edigheim, festgestellt. Der 31-J\u00e4hrige wurde durch Polizeikr\u00e4fte in seiner Wohnung angetroffen. Er machte einen stark alkoholisierten Eindruck, ein Atemalkoholtest ergab einen Wert von 3,51 Promille. Au\u00dferdem gab er an, m\u00f6glicherweise Kokain konsumiert zu haben. Er wurde zur Dienststelle verbracht, wo ihm Blutproben entnommen wurden.<\/p>\n\n\n\n<p>Der Einfluss von Alkohol oder anderen berauschenden Mitteln stellt eine Hauptunfallursache dar. Wer berauscht f\u00e4hrt, gef\u00e4hrdet nicht nur sich, sondern auch Andere.<\/p>\n\n\n\n<p>Gegen den Unfallverursacher wurde ein Ermittlungsverfahren wegen des Verdachtes der Stra\u00dfenverkehrsgef\u00e4hrdung eingeleitet. Der F\u00fchrerschein wurde sichergestellt und gegen ihn kann eine Freiheitsstrafe bis zu f\u00fcnf Jahren oder eine Geldstrafe verh\u00e4ngt werden. Au\u00dferdem wird die F\u00fchrerscheinstelle die Geeignetheit des Unfallverursachers \u00fcberpr\u00fcfen.<\/p>\n\n\n\n<h2 class=\"wp-block-heading\">(Ludwigshafen) &#8211; Einbruch in Gastst\u00e4tte \/ Zeugen gesucht<\/h2>\n\n\n\n<p>Am fr\u00fchen Donnerstagmorgen (08.06.2023), zwischen 05:00 und 07:45 Uhr, brach ein Unbekannter in eine Gastst\u00e4tte im Lagerplatzweg ein. Nach ersten Ermittlungen wurde nichts entwendet, es entstand jedoch ein Sachschaden in H\u00f6he von circa 2.500 Euro.<\/p>\n\n\n\n<ul>\n<li><strong>Wer hat die Tat beobachtet oder im genannten Zeitraum im Bereich des Lagerplatzweges verd\u00e4chtige Personen beobachtet?<\/strong><\/li>\n\n\n\n<li><strong>Sachdienliche Hinweise bitte an die Polizeiinspektion Ludwigshafen 2, Telefonnummer 0621 963-2222 oder per E-Mail\u00a0<a href=\"mailto:%20piludwigshafen2@polizei.rlp.de\">piludwigshafen2@polizei.rlp.de<\/a>\u00a0.<\/strong><\/li>\n<\/ul>\n\n\n\n<h2 class=\"wp-block-heading\">(B 36 \/ Mannheim) &#8211; Gr\u00f6\u00dferer Verkehrsunfall auf der B36 \/ Rettungshubschrauber im Einsatz<\/h2>\n\n\n<div class=\"wp-block-image\">\n<figure class=\"aligncenter size-full\"><img decoding=\"async\" loading=\"lazy\" width=\"800\" height=\"600\" src=\"https:\/\/speyer24news.com\/wp-content\/uploads\/2021\/06\/20210606_142751_copy_1209x1612.jpg\" alt=\"\" class=\"wp-image-37601\" srcset=\"https:\/\/speyer24news.com\/wp-content\/uploads\/2021\/06\/20210606_142751_copy_1209x1612.jpg 800w, https:\/\/speyer24news.com\/wp-content\/uploads\/2021\/06\/20210606_142751_copy_1209x1612-300x225.jpg 300w, https:\/\/speyer24news.com\/wp-content\/uploads\/2021\/06\/20210606_142751_copy_1209x1612-768x576.jpg 768w, https:\/\/speyer24news.com\/wp-content\/uploads\/2021\/06\/20210606_142751_copy_1209x1612-678x509.jpg 678w, https:\/\/speyer24news.com\/wp-content\/uploads\/2021\/06\/20210606_142751_copy_1209x1612-326x245.jpg 326w, https:\/\/speyer24news.com\/wp-content\/uploads\/2021\/06\/20210606_142751_copy_1209x1612-80x60.jpg 80w\" sizes=\"(max-width: 800px) 100vw, 800px\" \/><figcaption class=\"wp-element-caption\">Beispielbild Rettungshubschrauber, dient lediglich der Visualisierung.<\/figcaption><\/figure><\/div>\n\n\n<p>Derzeit sind Kr\u00e4fte des Rettungsdienstes und der Polizei bei einem Unfall auf der B36, Schwetzinger Stra\u00dfe, Fahrtrichtung Mannheim-Rheinau. Zudem ist ein Rettungshubschrauber im Einsatz. \u00dcber den Unfallhergang sowie zu dem Verletzungsbild ist derzeit noch nichts bekannt. Durch die Unfallaufnahme kommt es zu Verkehrsbehinderungen und zu kurzfristigen Fahrbahnsperrungen. Ortskundige Verkehrsteilnehmer werden gebeten, die Strecke weitr\u00e4umig zu umfahren. Es wird nachberichtet. (09.06.2023 \u2013 15:24)<\/p>\n\n\n\n<h3 class=\"wp-block-heading has-text-align-center\">Pressemeldung Nr. 2<\/h3>\n\n\n\n<p>In den Mittagstunden des 09.06.2023, gegen 14:40 Uhr ereignete sich im Bereich Mannheim-Rheinau, auf der Schwetzinger Landstra\u00dfe, H\u00f6he der Marie-Curie-Stra\u00dfe, ein Verkehrsunfall mit Personenschaden. Hierbei missachtete ein Fahrer eines Pkw Opel Tigra, der aus Richtung des Edinger Riedweges die Schwetzinger Landstra\u00dfe befuhr, die Vorfahrt eines, von der B36 kommenden und in Fahrtrichtung Schwetzinger Landstra\u00dfe fahrenden, Porsche Panamera. Es kam zum Zusammensto\u00df beider Pkw, wobei der Opel von der Fahrbahn abgewiesen wurde und an einen Zaun einer Firma prallte. Eine im Pkw Opel mitfahrende 13-J\u00e4hrige Person wurde durch die Kollision mit dem Zaun, zwischen Pkw und Zaun, eingeschlossen und musste durch die eingesetzte Feuerwehr befreit werden. Bei dem Unfallgeschehen wurden der Unfallverursacher selbst, die mitfahrende 13-j\u00e4hrige Person sowie der Fahrer und Beifahrer des Porsche Panamera, nicht unerheblich verletzt. Alle Beteiligten wurden, zum Zwecke der weitere medizinischen Behandlung \/ Versorgung, in Kliniken verbracht. Aufgrund des Verkehrsunfallgeschehens wurde auch ein Rettungshubschrauber eingesetzt. Im Rahmen der Unfallaufnahme wurde weiterhin festgestellt, dass der Unfallverursacher unter dem Einfluss von Alkohol stand. Die beiden verunfallten Personenkraftwagen waren nicht mehr fahrbereit und mussten von der Unfallstelle abgeschleppt werden. Zudem musste, aufgrund eines gegebenen Betriebsstoffauslaufes, eine Fachfirma zur Fahrbahnreinigung verst\u00e4ndigt und eingesetzt werden. Im Bezug zur Verkehrsunfallaufnahme, des Einsatzes des Rettungshubschraubers und der erforderlichen Fahrbahnreinigung wurden ferner auch Verkehrssperrungen \/ Verkehrsma\u00dfnahmen notwendig, die allesamt wieder gegen 17:09 Uhr, aufgehoben werden konnten. Der bei dem Verkehrsunfall entstandene Sachschaden wurde auf ca. 70.000 EUR beziffert.<\/p>\n\n\n\n<h2 class=\"wp-block-heading\">(Heidelberg) &#8211; Regenbogen-Parkbank im Pfaffengrund beschmiert. Polizei sucht Zeugen<\/h2>\n\n\n\n<p>In der Nacht von Mittwoch auf Donnerstag beschmierte eine unbekannte T\u00e4terschaft die Regenbogenparkbank in der Sch\u00fctzenstra\u00dfe. Mittels Permanentmarker wurde die Bank gro\u00dffl\u00e4chig verunstaltet.<\/p>\n\n\n\n<p>Die Polizei nahm die Ermittlungen wegen gemeinsch\u00e4dlicher Sachbesch\u00e4digung auf.<\/p>\n\n\n\n<ul>\n<li><strong>Zeugen, die sachdienliche Hinweise geben k\u00f6nnen, insbesondere zu Personen, welche die Bank zwischen Mittwoch, 18 Uhr und Donnerstag, 11 Uhr nutzten, werden gebeten sich beim Polizeirevier Heidelberg-S\u00fcd, unter der Telefonnummer 06221-3418-0, zu melden.<\/strong><\/li>\n<\/ul>\n\n\n\n<h2 class=\"wp-block-heading\">(Oftersheim \/ Rhein-Neckar-Kreis) &#8211; Sp\u00fclmittel in Brunnen gekippt \/ Tik-Tok-Video veranlasst 20-J\u00e4hrigen zur Nachahmung<\/h2>\n\n\n\n<p>Als ein 20-J\u00e4hriger am Donnerstagabend einen Trend auf Tik-Tok imitieren wollte, leerte dieser um 21 Uhr eine 500 ml Flasche voll Sp\u00fclmittel in einen Brunnen in der Heidelberger Stra\u00dfe. Hierdurch entstand eine gro\u00dfe Menge an Schaum, die sich bis \u00fcber einen Meter \u00fcber den Wasserspiegel t\u00fcrmten. Da der 20-J\u00e4hrige wohl nicht mit so einem Ausma\u00df gerechnet hatte, f\u00fchrte ihn sein schlechtes Gewissen schlussendlich zum Polizeirevier nach Schwetzingen, um seine Tat zu gestehen. Den 20-J\u00e4hrigen erwartet nun eine Anzeige wegen gemeinsch\u00e4dlicher Sachbesch\u00e4digung.<\/p>\n\n\n\n<h2 class=\"wp-block-heading\">(Oftersheim \/ Rhein-Neckar-Kreis) &#8211; Vermisster 79-J\u00e4hriger tot aufgefunden \/ R\u00fccknahme der \u00d6ffentlichkeitsfahndung<\/h2>\n\n\n<div class=\"wp-block-image\">\n<figure class=\"aligncenter size-full\"><img decoding=\"async\" loading=\"lazy\" width=\"800\" height=\"533\" src=\"https:\/\/speyer24news.com\/wp-content\/uploads\/2021\/01\/Ruhe-in-Frieden.jpg\" alt=\"\" class=\"wp-image-32361\" srcset=\"https:\/\/speyer24news.com\/wp-content\/uploads\/2021\/01\/Ruhe-in-Frieden.jpg 800w, https:\/\/speyer24news.com\/wp-content\/uploads\/2021\/01\/Ruhe-in-Frieden-300x200.jpg 300w, https:\/\/speyer24news.com\/wp-content\/uploads\/2021\/01\/Ruhe-in-Frieden-768x512.jpg 768w\" sizes=\"(max-width: 800px) 100vw, 800px\" \/><\/figure><\/div>\n\n\n<p>Der seit dem 23.05.2023 als vermisst gemeldete 79-J\u00e4hrige wurde in der Nacht zum Donnerstag tot aufgefunden. Es ist nicht von einer Fremdeinwirkung auszugehen. Die \u00d6ffentlichkeitsfahndung wird zur\u00fcckgenommen.<\/p>\n\n\n\n<h2 class=\"wp-block-heading\">(Hockenheim \/ Rhein-Neckar-Kreis) &#8211; Motorradfahrer durch Vorfahrtsmissachtung eines Pkw-Fahrers leicht verletzt<\/h2>\n\n\n\n<p>In der Nacht von Donnerstag, den 08.06.2023 auf Freitag, den 09.06.2023 wurde im Einm\u00fcndungsbereich Schwetzinger Stra\u00dfe und Philipp-Schwab-Stra\u00dfe, gegen 01:30 Uhr, ein 16-j\u00e4hriger Motorradfahrer bei einem Unfall leicht verletzt. Nach derzeitigen Unfallermittlungen fuhr der 16-J\u00e4hrige die Schwetzinger Stra\u00dfe entlang. An der Ecke zur Philipp-Schwab-Stra\u00dfe missachtete ein 58-j\u00e4hriger Ford-Fahrer die Vorfahrt des Motorradfahrers und kollidierte mit diesem, woraufhin der 16-J\u00e4hrige die Kontrolle \u00fcber sein Zweirad verlor und zu Boden st\u00fcrzte. Durch den Sturz zog sich der 16-J\u00e4hrige leichte Verletzungen zu. An den Fahrzeugen entstand ein Sachschaden von insgesamt rund 3.000 Euro.<\/p>\n\n\n\n<h2 class=\"wp-block-heading\">(Stadtgebiet Wiesloch sowie in Teilen von Rauenberg, Dielheim und Baiertal) &#8211; Stromausfall<\/h2>\n\n\n\n<p>Seit 09.06.2023 ca. 21:30 Uhr kommt es im Stadtgebiet Wiesloch sowie in teilen von Rauenberg, Dielheim und Baiertal zu einer St\u00f6rung des Stromnetzes. Die genaue Ursache ist noch nicht bekannt. Mitarbeiter des \u00f6rtlichen Energieversorgers befinden sich zur Wiederherstellung der Stromversorgung vor Ort im Einsatz. Das Polizeirevier Wiesloch ist \u00fcber den Status informiert und die Streifent\u00e4tigkeit wurde erh\u00f6ht.<\/p>\n\n\n\n<h2 class=\"wp-block-heading\">(B 39 \/ Sinsheim \/ Rhein-Neckar-Kreis) &#8211; Verkehrsunfall<\/h2>\n\n\n\n<p>Gegen kurz vor 19.00 Uhr kam es auf der Bundesstra\u00dfe 39\/Steinsfurter Stra\u00dfe in H\u00f6he des Einm\u00fcndung &#8222;Im Tal&#8220; zwischen einem PKW und einem Motorrad zu einem Verkehrsunfall. Der Rettungsdienst und die Polizei sind vor Ort im Einsatz.<\/p>\n\n\n\n<p>Die B 39\/Steinsfurter Stra\u00dfe ist zwischen Sinsheim-Rohrbach und Sinsheim-Steinsfurt zur Verkehrsunfallaufnahme voll gesperrt. Der Verkehr wird vor Ort umgeleitet.<\/p>\n\n\n\n<p>Weiteres ist bislang nicht bekannt.<\/p>\n\n\n\n<h3 class=\"wp-block-heading has-text-align-center\">Pressemeldung Nr. 2<\/h3>\n\n\n\n<p>Gegen kurz vor 19 Uhr befuhr ein 21-j\u00e4hriger Motorradfahrer mit seiner Honda die B 39\/Steinsfurter Stra\u00dfe in Fahrtrichtung Sinsheim-Rohrbach. Hierbei verlor er aus bislang ungekl\u00e4rter Ursache die Kontrolle \u00fcber sein Motorrad und geriet in den Gegenverkehr. Hier kollidierte dieser frontal mit einem ordnungsgem\u00e4\u00df entgegenkommenden Audi. Die 53-j\u00e4hrige PKW-Lenkerin konnte den Zusammensto\u00df nicht verhindern. Der Motorradfahrer wurde durch den Zusammensto\u00df schwer, jedoch nicht lebensgef\u00e4hrlich verletzt und wurde durch einen Rettungshubschrauber in ein umliegendes Krankenhaus geflogen. Die PKW-Lenkerin erlitt einen Schock und wurde zur weiteren Beobachtung ebenfalls in ein umliegendes Krankenhaus verbracht.<\/p>\n\n\n\n<p>Im Zeitraum der Verkehrsunfallaufnahme war die Strecke komplett gesperrt. Das Motorrad und der PKW waren nicht mehr fahrbereit und wurde abgeschleppt. Durch den Verkehrsunfall entstand ein Sachschaden von ca. 25.000 EUR. Die Freiwillige Feuerwehr Sinsheim-Steinsfurt war ebenfalls vor Ort.<\/p>\n\n\n\n<p>Die weiteren Ermittlungen wurde durch den Verkehrsdienst Heidelberg \u00fcbernommen.<\/p>\n\n\n\n<h2 class=\"wp-block-heading\">(Neckargem\u00fcnd \/ Rhein-Neckar-Kreis) &#8211; Leicht verletztes Kind nach Auffahrunfall<\/h2>\n\n\n\n<p>Am Mittwochnachmittag, kurz nach 15 Uhr, ereignete sich in der Bahnhofstra\u00dfe ein Unfall, bei dem u.a. ein vierj\u00e4hriges M\u00e4dchen leicht verletzt wurde. Aufgrund der Verkehrslage musste eine 45-j\u00e4hrige Mercedes-Fahrerin bis zum Stillstand abbremsen. Eine heranfahrende 36-j\u00e4hrige Dacia-Fahrerin erkannte die Situation zu sp\u00e4t und fuhr der 45-j\u00e4hrigen Frau hinten auf. Abgesehen von der 36-J\u00e4hrigen befanden sich au\u00dferdem drei Kinder in dem Fahrzeug. Nach dem Unfall klagte die Dacia-Fahrerin sowie ein vierj\u00e4hriges M\u00e4dchen \u00fcber leichte Schmerzen. Zur medizinischen Untersuchung wurde das M\u00e4dchen in ein umliegendes Krankenhaus transportiert. Die anderen beiden Kinder sowie die 45-j\u00e4hrige Mercedes-Fahrerin blieben hierbei unverletzt.<\/p>\n\n\n\n<p>Aufgrund des Schadensbildes des Dacia und der auslaufenden Betriebsfl\u00fcssigkeiten, wurde das Fahrzeug durch einen Abschleppdienst abgeschleppt und die Fahrbahn im Anschluss gereinigt. Die H\u00f6he des gesamten Sachschadens liegt im niedrigen f\u00fcnfstelligen Bereich.<\/p>\n\n\n\n<h2 class=\"wp-block-heading\">(Dossenheim \/ Rhein-Neckar-Kreis) &#8211; Sturzbetrunken mit dem Roller unterwegs<\/h2>\n\n\n\n<p>Am Donnerstag meldete ein Zeuge um kurz vor 18 Uhr einen Mann, der sichtlich betrunken mit seinem Motorroller auf der Schwabenheimer Stra\u00dfe unterwegs war.<\/p>\n\n\n\n<p>Als eine Streife des Polizeireviers Heidelberg-Nord den 59-j\u00e4hrigen Fahrer dann kontrollierten, best\u00e4tigte sich die Aussage des Zeugen. Der Fahrzeuglenker stand sichtlich unter dem Einfluss von Alkohol. Er schwankte heftig, sprach nur noch verwaschen und konnte sich kaum auf den Beinen halten. Ein Atemtest ergab einen Wert von 2,7 Promille. Daher musste der Mann Blut abgeben und selbstverst\u00e4ndlich wurde ihm die Weiterfahrt untersagt.<\/p>\n\n\n\n<p>Der Mann muss nun mit einer Anzeige wegen Trunkenheit im Stra\u00dfenverkehr rechnen.<\/p>\n\n\n\n<h2 class=\"wp-block-heading\">(Weinheim \/ Rhein-Neckar-Kreis) &#8211; Unter Drogen Unfall verursacht und dann gefl\u00fcchtet<\/h2>\n\n\n\n<p>Nach ersten Erkenntnissen kam am Mittwoch, um kurz vor 22 Uhr, ein 30-J\u00e4hriger mit seinem Fiat in der Odenwaldstra\u00dfe aus bislang unbekannten Gr\u00fcnden von der Fahrbahn ab. Das Auto kollidierte zun\u00e4chst mit einem Gartenzaun und anschlie\u00dfend mit einem geparkten Passat. Durch die Wucht des Aufpralls wurde dieser wiederum auf einen ebenfalls dort geparkten Golf geschoben. Der Fahrer und sein Beifahrer fl\u00fcchteten in den nahegelegenen Wald, was von Zeugen beobachtet wurde. Durch den Unfall entstand ein Schaden von knapp 30.000 Euro. Die Polizei fahndete umgehend nach dem Unfallverursacher. Er konnte schlie\u00dflich ermittelt und vorl\u00e4ufig festgenommen werden. Es zeigte sich, dass der 30-J\u00e4hrige unter der Einwirkung von Alkohol und Cannabis gefahren war. Zudem hat er keinen F\u00fchrerschein. Er musste eine Blutprobe abgeben.<\/p>\n\n\n\n<p>Er wird sich wegen Stra\u00dfenverkehrsgef\u00e4hrdung, Unfallflucht sowie Fahren ohne Fahrerlaubnis verantworten m\u00fcssen.<\/p>\n","protected":false},"excerpt":{"rendered":"<div class=\"mh-excerpt\"><p>Polizeimeldungen vom Freitag (09.06.2023) (Speyer) &#8211; Versuchter Einbruch in eine Gastst\u00e4tte In der Nacht von Donnerstag auf Freitag bemerkte ein Anwohner mehrere Personen vor einer Gastst\u00e4tte in der Blaulstra\u00dfe in Speyer. Da die Personen Taschenlampen <a class=\"mh-excerpt-more\" href=\"https:\/\/speyer24news.com\/?p=52680\" title=\"Polizeimeldungen Freitag (09.06.2023)\">[&#8230;]<\/a><\/p>\n<\/div>","protected":false},"author":3,"featured_media":26162,"comment_status":"open","ping_status":"open","sticky":false,"template":"","format":"standard","meta":{"_monsterinsights_skip_tracking":false,"_monsterinsights_sitenote_active":false,"_monsterinsights_sitenote_note":"","_monsterinsights_sitenote_category":0,"footnotes":""},"categories":[15659],"tags":[7243,7244,3614,350,14537,15084,15267,14538,15361,15845,702,61,2555,6955,6986,6263,63,105,11150,6987,53,4854,13534,4683,1548,4905,11592,102,13626,213,14325,14324,13553,13541,55,8277,6368,5261,103,106,2803,2423,427,2625,380,62,104,979,1565],"aioseo_notices":[],"amp_enabled":true,"_links":{"self":[{"href":"https:\/\/speyer24news.com\/index.php?rest_route=\/wp\/v2\/posts\/52680"}],"collection":[{"href":"https:\/\/speyer24news.com\/index.php?rest_route=\/wp\/v2\/posts"}],"about":[{"href":"https:\/\/speyer24news.com\/index.php?rest_route=\/wp\/v2\/types\/post"}],"author":[{"embeddable":true,"href":"https:\/\/speyer24news.com\/index.php?rest_route=\/wp\/v2\/users\/3"}],"replies":[{"embeddable":true,"href":"https:\/\/speyer24news.com\/index.php?rest_route=%2Fwp%2Fv2%2Fcomments&post=52680"}],"version-history":[{"count":1,"href":"https:\/\/speyer24news.com\/index.php?rest_route=\/wp\/v2\/posts\/52680\/revisions"}],"predecessor-version":[{"id":52685,"href":"https:\/\/speyer24news.com\/index.php?rest_route=\/wp\/v2\/posts\/52680\/revisions\/52685"}],"wp:featuredmedia":[{"embeddable":true,"href":"https:\/\/speyer24news.com\/index.php?rest_route=\/wp\/v2\/media\/26162"}],"wp:attachment":[{"href":"https:\/\/speyer24news.com\/index.php?rest_route=%2Fwp%2Fv2%2Fmedia&parent=52680"}],"wp:term":[{"taxonomy":"category","embeddable":true,"href":"https:\/\/speyer24news.com\/index.php?rest_route=%2Fwp%2Fv2%2Fcategories&post=52680"},{"taxonomy":"post_tag","embeddable":true,"href":"https:\/\/speyer24news.com\/index.php?rest_route=%2Fwp%2Fv2%2Ftags&post=52680"}],"curies":[{"name":"wp","href":"https:\/\/api.w.org\/{rel}","templated":true}]}}