{"id":52777,"date":"2023-06-11T06:48:33","date_gmt":"2023-06-11T05:48:33","guid":{"rendered":"https:\/\/speyer24news.com\/?p=52777"},"modified":"2023-06-11T06:48:35","modified_gmt":"2023-06-11T05:48:35","slug":"polizeimeldungen-samstag-10-06-2023","status":"publish","type":"post","link":"https:\/\/speyer24news.com\/?p=52777","title":{"rendered":"Polizeimeldungen Samstag (10.06.2023)"},"content":{"rendered":"<style type=\"text\/css\">\r\n\t.ads_top_disp{}\r\n\t.ads_top_corner_disp{ float:left; margin:0px 10px 10px 0px; }\r\n\t.ads_first_p_disp{}\r\n\t.ads_bottom_disp{}\r\n\t<\/style>\n<h2 class=\"wp-block-heading\">Polizeimeldungen vom Samstag (10.06.2023)<\/h2>\n\n\n<div class=\"wp-block-image\">\n<figure class=\"aligncenter size-full\"><img decoding=\"async\" loading=\"lazy\" width=\"375\" height=\"500\" src=\"https:\/\/speyer24news.com\/wp-content\/uploads\/2022\/03\/Aktuelles-Polizeilogo.jpg\" alt=\"\" class=\"wp-image-43591\" srcset=\"https:\/\/speyer24news.com\/wp-content\/uploads\/2022\/03\/Aktuelles-Polizeilogo.jpg 375w, https:\/\/speyer24news.com\/wp-content\/uploads\/2022\/03\/Aktuelles-Polizeilogo-225x300.jpg 225w\" sizes=\"(max-width: 375px) 100vw, 375px\" \/><\/figure><\/div>\n\n\n<h2 class=\"wp-block-heading\">(Speyer) &#8211; Sexuelle Bel\u00e4stigung<\/h2>\n\n\n<div class=\"wp-block-image\">\n<figure class=\"aligncenter size-full\"><img decoding=\"async\" loading=\"lazy\" width=\"800\" height=\"592\" src=\"https:\/\/speyer24news.com\/wp-content\/uploads\/2023\/02\/Achtung.jpeg\" alt=\"\" class=\"wp-image-51381\" srcset=\"https:\/\/speyer24news.com\/wp-content\/uploads\/2023\/02\/Achtung.jpeg 800w, https:\/\/speyer24news.com\/wp-content\/uploads\/2023\/02\/Achtung-300x222.jpeg 300w, https:\/\/speyer24news.com\/wp-content\/uploads\/2023\/02\/Achtung-768x568.jpeg 768w, https:\/\/speyer24news.com\/wp-content\/uploads\/2023\/02\/Achtung-80x60.jpeg 80w\" sizes=\"(max-width: 800px) 100vw, 800px\" \/><\/figure><\/div>\n\n\n<p>Am Freitagabend wandte sich eine 21-J\u00e4hrige an die Polizei, da sie zuvor sexuell wurde. In der Warteschlange einer Supermarktkasse in der Fu\u00dfg\u00e4ngerzone von Speyer entbl\u00f6\u00dfte der hinter ihr wartende Mann sein Glied und dr\u00fcckte es gegen das Ges\u00e4\u00df der Gesch\u00e4digten. Diese verlie\u00df den Supermarkt und verst\u00e4ndigte die Polizei. Durch die alarmierten Beamte wurde der alkoholisierte 22-j\u00e4hrige Mann festgestellt und in Gewahrsam genommen.<\/p>\n\n\n\n<h2 class=\"wp-block-heading\">(Speyer) &#8211; Einbruchsdiebstahl in eine Gastst\u00e4tte<\/h2>\n\n\n\n<p>Am Freitagnachmittag entdeckte der Inhaber einer Gastst\u00e4tte in der Armbruststra\u00dfe in Speyer den Einbruch in sein Lokal. Noch unbekannte T\u00e4ter hebelten in der Nacht von Donnerstag auf Freitag die Eingangst\u00fcr auf und verschafften sich so Zutritt zur Gastst\u00e4tte. Im Innern waren Gl\u00fccksspielautomaten und Dartautomaten das Ziel der T\u00e4ter. Diese wurden, zum Teil gewaltsam, ge\u00f6ffnet. Die Schadensh\u00f6he kann zum jetzigen Zeitpunkt noch nicht benannt werden. <\/p>\n\n\n\n<ul>\n<li><strong>Zeugen, welche im genannten Zeitraum verd\u00e4chtige Wahrnehmungen gemacht haben, werden gebeten, sich bei der Polizei Speyer unter Tel. 06232 \/ 137-0 oder per E-Mail an\u00a0<a href=\"mailto:%20pispeyer@polizei.rlp.de\">pispeyer@polizei.rlp.de<\/a>\u00a0zu melden.<\/strong><\/li>\n<\/ul>\n\n\n\n<h2 class=\"wp-block-heading\">(Speyer) &#8211; Unerlaubtes Entfernen vom Unfallort<\/h2>\n\n\n\n<p>Am Freitagmittag beobachteten Zeugen einen Verkehrsunfall auf einem Parkplatz in der Innenstadt von Speyer. Hier stie\u00df ein junger Mann mit seinem PKW gegen ein geparktes Fahrzeug und entfernte sich nach dem Zusammensto\u00df eilig von der Unfall\u00f6rtlichkeit. An dem besch\u00e4digten Fahrzeug entstand Sachschaden in H\u00f6he von ca. 3000 Euro. Durch die Zeugen konnte das amtliche Kennzeichen des fl\u00fcchtenden PKW abgelesen und der Polizei mitgeteilt werden. Polizeibeamte konnten so den 19-j\u00e4hrigen Fahrer und sein mutma\u00dfliches Fluchtmotiv ermitteln: Der junge Mann aus Speyer war nicht im Besitz einer g\u00fcltigen Fahrerlaubnis. Als er von den Beamten an seiner Wohnanschrift angetroffen wurde, nahm er gerade die Sch\u00e4den an dem von ihm gefahrenen PKW in Augenschein. Ihn erwarten nun Strafverfahren wegen Unerlaubtem Entfernen vom Unfallort und Fahren ohne Fahrerlaubnis. Auch gegen die 56-j\u00e4hrige Mutter des Unfallverursachers mussten die Beamten ein Strafverfahren einleiten. Sie war die Halterin des Fahrzeuges und gestattete die Fahrt ihres Sohnes ohne Fahrerlaubnis. Nach derzeitigem Ermittlungsstand war sie zum Unfallzeitpunkt die Beifahrerin ihres Sohnes.<\/p>\n\n\n\n<h2 class=\"wp-block-heading\">(Schwegenheim) &#8211; Qualifizierte Nachwuchskr\u00e4fte gesucht<\/h2>\n\n\n<div class=\"wp-block-image\">\n<figure class=\"aligncenter size-full\"><img decoding=\"async\" loading=\"lazy\" width=\"800\" height=\"533\" src=\"https:\/\/speyer24news.com\/wp-content\/uploads\/2021\/08\/Polizei-Blaulicht-Nacht.jpg\" alt=\"\" class=\"wp-image-39755\" srcset=\"https:\/\/speyer24news.com\/wp-content\/uploads\/2021\/08\/Polizei-Blaulicht-Nacht.jpg 800w, https:\/\/speyer24news.com\/wp-content\/uploads\/2021\/08\/Polizei-Blaulicht-Nacht-300x200.jpg 300w, https:\/\/speyer24news.com\/wp-content\/uploads\/2021\/08\/Polizei-Blaulicht-Nacht-768x512.jpg 768w\" sizes=\"(max-width: 800px) 100vw, 800px\" \/><\/figure><\/div>\n\n\n<p>Mit eingeschaltetem Warnblinker und aufgesetztem Blaulicht setzte sich ein wei\u00dfer Pkw am Samstag, gegen 0:50 Uhr auf der B9 in H\u00f6he Schwegenheim in Fahrtrichtung Karlsruhe vor das Fahrzeug einer 21-J\u00e4hrigen. Die Frau hielt es f\u00fcr eine zivile Polizeikontrolle und folgte dem Fahrzeug auf den nahegelegenen Rastplatz. Im direkten Anschluss fuhr das wei\u00dfe Fahrzeug mit hoher Geschwindigkeit zur\u00fcck auf die B9. Das Fahrzeug konnte wenige Minuten sp\u00e4ter in H\u00f6he R\u00fclzheim festgestellt und kontrolliert werden. Der 18-j\u00e4hrige Fahrer und sein 19-j\u00e4hriger Beifahrer zeigten sich wenig begeistert von der Kontrolle durch ihre &#8222;Kollegen&#8220;. Im Fahrzeugfond konnte das mobile Blaulicht aufgefunden werden. Dieses wurde sichergestellt. Gegen den Fahrer wird wegen N\u00f6tigung und Amtsanma\u00dfung ermittelt. <\/p>\n\n\n\n<ul>\n<li><strong>Sie m\u00f6chten auch mit Blaulicht fahren? Sie wollen Verkehrskontrollen durchf\u00fchren? Sie haben Interesse am Polizeiberuf? Dann melden Sie sich bei der Polizei in Germersheim unter der 07274\/9580 oder informieren sich unter:\u00a0<a href=\"https:\/\/www.polizei.rlp.de\/karriere\" target=\"_blank\" rel=\"noreferrer noopener\">www.polizei.rlp.de\/karriere<\/a><\/strong><\/li>\n<\/ul>\n\n\n\n<h2 class=\"wp-block-heading\">(Bellheim) &#8211; Altkleidercontainer ausgebrannt<\/h2>\n\n\n\n<p>Vermutlich eine brennende Zigarette d\u00fcrfte Ursache f\u00fcr den Brand eines Altkleidercontainers gewesen sein, der am Samstag um 0:45 Uhr gemeldet wurde. Der im Waldst\u00fcckerring stehende Container brannte v\u00f6llig aus. <\/p>\n\n\n\n<ul>\n<li><strong>Personen, die Hinweise auf den Verursacher geben k\u00f6nnen, werden gebeten, sich mit der Polizei in Germersheim unter der Telefonnummer 07274\/9580 in Verbindung zu setzen.<\/strong><\/li>\n<\/ul>\n\n\n\n<h2 class=\"wp-block-heading\">(A 65 \/ Edesheim) &#8211; Fahrzeugf\u00fchrer gef\u00e4hrdet Verkehrsteilnehmer<\/h2>\n\n\n\n<p>Am Samstag, den 10.06.2023 um 10:23 Uhr, meldet ein Verkehrsteilnehmer einen r\u00fccksichtslosen PKW-F\u00fchrer, welcher die A 65 in Fahrtrichtung S\u00fcden befahren w\u00fcrde. Der Gesch\u00e4digte Verkehrsteilnehmer befand sich in H\u00f6he der Rastanlage &#8222;Pf\u00e4lzer Weinstra\u00dfe,&#8220; als der unbekannte Fahrzeugf\u00fchrer sein \u00dcberholen mit Lichthupe ank\u00fcndigte, den Mitteiler rechtsseitig \u00fcberholte und vor diesem schlie\u00dflich auf Grund des stockenden Verkehrs stark bremsen musste. Im Anschluss setzte der unbekannte Fahrer seine Fahrt mit erh\u00f6hter und nicht angepasster Geschwindigkeit in Richtung Karlsruhe fort. Hierbei soll der Fahrer noch weitere Verkehrsteilnehmer \u00fcber alle Fahrstreifen hinweg, auch \u00fcber den Standstreifen, \u00fcberholt haben. Das Kennzeichen des wei\u00dfen Audis wurde abgelesen und ist bekannt.<\/p>\n\n\n\n<ul>\n<li><strong>Zeugen oder Verkehrsteilnehmer, welche ebenfalls von dem Fahrer gef\u00e4hrdet oder gen\u00f6tigt wurden, m\u00f6gen sich bitte bei der Polizeiinspektion Edenkoben melden. Tel. 06323 9550 oder E-Mail:\u00a0<a href=\"mailto:%20piedenkoben@polizei.rlp.de\">piedenkoben@polizei.rlp.de<\/a><\/strong><\/li>\n<\/ul>\n\n\n\n<h2 class=\"wp-block-heading\">(A 65 \/ Maikammer und Dammheim) &#8211; Gleich zwei verletzte Motorradfahrer bei Verkehrsunf\u00e4llen verzeichnet<a href=\"https:\/\/www.facebook.com\/sharer.php?u=https%3A%2F%2Fwww.presseportal.de%2Fblaulicht%2Fpm%2F117686%2F5530168%2F%3Futm_source%3Dfacebook%26utm_medium%3Dsocial\"><\/a><a href=\"https:\/\/twitter.com\/intent\/tweet?text=POL-PDLD%3A%20Gleich%20zwei%20verletzte%20Motorradfahrer%20bei%20Verkehrsunf%C3%A4llen%20verzeichnet&amp;url=https%3A%2F%2Fwww.presseportal.de%2Fblaulicht%2Fpm%2F117686%2F5530168%2F%3Futm_source%3Dtwitter%26utm_medium%3Dsocial&amp;hashtags=ots&amp;lang=de\"><\/a><a href=\"https:\/\/web.whatsapp.com\/send?text=POL-PDLD%3A%20Gleich%20zwei%20verletzte%20Motorradfahrer%20bei%20Verkehrsunf%C3%A4llen%20verzeichnet%0A%0Ahttps%3A%2F%2Fwww.presseportal.de%2Fblaulicht%2Fpm%2F117686%2F5530168%2F%3Futm_source%3Dwhatsapp%26utm_medium%3Dsocial\"><\/a><a href=\"https:\/\/www.xing.com\/app\/user?op=share;url=https%3A%2F%2Fwww.presseportal.de%2Fblaulicht%2Fpm%2F117686%2F5530168%2F%3Futm_source%3Dxing%26utm_medium%3Dsocial\"><\/a><a href=\"http:\/\/www.linkedin.com\/shareArticle?mini=true&amp;url=https%3A%2F%2Fwww.presseportal.de%2Fblaulicht%2Fpm%2F117686%2F5530168%2F%3Futm_source%3Dlinkedin%26utm_medium%3Dsocial&amp;title=POL-PDLD%3A+Gleich+zwei+verletzte+Motorradfahrer+bei+Verkehrsunf%C3%A4llen+verzeichnet\"><\/a><a href=\"mailto:?subject=POL-PDLD%3A%20Gleich%20zwei%20verletzte%20Motorradfahrer%20bei%20Verkehrsunf%C3%A4llen%20verzeichnet&amp;body=https:\/\/www.presseportal.de\/blaulicht\/pm\/117686\/5530168\"><\/a><\/h2>\n\n\n\n<p>Am Freitag, den 09.06.2023, ereigneten sich im Dienstgebiet der Polizei Edenkoben gleich zwei Alleinunf\u00e4lle unter der Beteiligung von Motorr\u00e4dern. Um ca. 11:20 Uhr kam ein 62-j\u00e4hriger Motorradfahrer aus Baden-W\u00fcrttemberg auf der Kalmith\u00f6henstra\u00dfe bzw. der L 515 im Bereich von Maikammer ohne Fremdeinwirkung zu Fall. Der 62-j\u00e4hrige wurde bei dem Verkehrsunfall nur leicht verletzt und war noch selbstst\u00e4ndig in der Lage die Rettungskr\u00e4fte zu alarmieren. Urs\u00e4chlich f\u00fcr den Verkehrsunfall d\u00fcrfte \u00fcberh\u00f6hte Geschwindigkeit im Kurvenbereich gewesen sein.<\/p>\n\n\n\n<p>In den Abendstunden, um ca. 21:00 Uhr, ereignete sich sodann der n\u00e4chste Verkehrsunfall unter der Beteiligung eines Motorradfahrers. Ein 21-j\u00e4hriger R\u00fclzheimer befuhr hierbei mit seinem Motorrad die A 65 in Fahrtrichtung Ludwigshafen. In H\u00f6he von Dammheim kam der 21-j\u00e4hrige schlie\u00dflich auf der \u00dcberholspur aus bisher unbekannten Gr\u00fcnden ohne Fremdeinwirkung ins Schlingern und st\u00fcrzte. Hierbei rutschte der R\u00fclzheimer \u00fcber alle Fahrspuren und stoppte letztendlich im angrenzenden Gr\u00fcnstreifen. Vorsorglich kam der Rettungshubschrauber an die Unfallstelle, welcher allerdings nicht ben\u00f6tigt wurde. Der Verletzte wurde schlie\u00dflich mit einem Rettungswagen in ein nahegelegenes Krankenhaus verbracht.<\/p>\n\n\n\n<ul>\n<li><strong>Auf Grund der saisonal bedingten steigenden Unf\u00e4lle unter Beteiligung von Zweir\u00e4dern, m\u00f6chte die Polizei Edenkoben auf die Motorrad-Kampagne &#8222;Sicher ankommen&#8220; hinweisen. Hierbei finden Sie auf der <a href=\"https:\/\/www.polizei.rlp.de\/die-polizei\/aufgaben\/verkehr\/seniorensicherheit-im-strassenverkehr\/zweiradsicherheit\" title=\"\">Homepage der Polizei Rheinland-Pfalz<\/a> Tipps, um sicher ans Ziel zu kommen.<\/strong><\/li>\n<\/ul>\n\n\n\n<h2 class=\"wp-block-heading\">(Bad D\u00fcrkheim) &#8211; Unberechtigte Fertigung von Lichtbildern in einer Umkleidekabine<\/h2>\n\n\n<div class=\"wp-block-image\">\n<figure class=\"aligncenter size-full\"><img decoding=\"async\" loading=\"lazy\" width=\"801\" height=\"600\" src=\"https:\/\/speyer24news.com\/wp-content\/uploads\/2020\/05\/Zeugen-gesucht-Neutral.jpg\" alt=\"\" class=\"wp-image-26598\" srcset=\"https:\/\/speyer24news.com\/wp-content\/uploads\/2020\/05\/Zeugen-gesucht-Neutral.jpg 801w, https:\/\/speyer24news.com\/wp-content\/uploads\/2020\/05\/Zeugen-gesucht-Neutral-300x225.jpg 300w, https:\/\/speyer24news.com\/wp-content\/uploads\/2020\/05\/Zeugen-gesucht-Neutral-768x575.jpg 768w, https:\/\/speyer24news.com\/wp-content\/uploads\/2020\/05\/Zeugen-gesucht-Neutral-678x509.jpg 678w, https:\/\/speyer24news.com\/wp-content\/uploads\/2020\/05\/Zeugen-gesucht-Neutral-326x245.jpg 326w, https:\/\/speyer24news.com\/wp-content\/uploads\/2020\/05\/Zeugen-gesucht-Neutral-80x60.jpg 80w\" sizes=\"(max-width: 801px) 100vw, 801px\" \/><\/figure><\/div>\n\n\n<p>Am Freitag, den 09.06.2023 wurde durch einen unbekannten T\u00e4ter im Zeitraum zwischen 19:20Uhr-19:40Uhr unberechtigt Fotos von zwei Personen in einer Umkleidekabine des Freizeitbades Salinarium in Bad D\u00fcrkheim get\u00e4tigt. W\u00e4hrend die beiden 17- und 18-j\u00e4hrigen aus Mannheim stammenden Gesch\u00e4digten sich in einer gemeinsamen Kabine umzogen, konnte der 18-j\u00e4hrige Gesch\u00e4digte pl\u00f6tzlich feststellen, dass ein schwarzes Smartphone zum einen \u00fcber die Kabinent\u00fcr und danach unter die Kabinent\u00fcr gehalten und Fotos get\u00e4tigt wurden. Danach entfernte sich der unbekannte T\u00e4ter z\u00fcgig fu\u00dfl\u00e4ufig in unbekannte Richtung. Der 18-j\u00e4hrige konnte den unbekannten T\u00e4ter noch wegrennen sehen.<\/p>\n\n\n\n<h4 class=\"wp-block-heading\">Der unbekannte T\u00e4ter wird wie folgt beschrieben:<\/h4>\n\n\n\n<ul>\n<li><strong>m\u00e4nnlich<\/strong><\/li>\n\n\n\n<li><strong>ca.20-30 Jahre alt<\/strong><\/li>\n\n\n\n<li><strong>kurze braune Haare<\/strong><\/li>\n\n\n\n<li><strong>dunkelblaues T-Shirt<\/strong><\/li>\n\n\n\n<li><strong>kurze schwarze Jeanshose<\/strong><\/li>\n<\/ul>\n\n\n\n<p>Zeugen, die den Sachverhalt oder den unbekannten T\u00e4ter gesehen haben werden gebeten sich bei der Polizei Bad D\u00fcrkheim zu melden.<\/p>\n\n\n\n<h2 class=\"wp-block-heading\">(Gr\u00fcnstadt) &#8211; Trunkenheit im Verkehr und Fahren ohne Fahrerlaubnis<\/h2>\n\n\n\n<p>Am Sonntag, 11.06.2023 gegen 03:30 Uhr wurde ein 38-j\u00e4hriger Fahrer eines Audi in der M\u00f6rikestra\u00dfe in Gr\u00fcnstadt einer Verkehrskontrolle unterzogen. W\u00e4hrend der Kontrolle stellten die Beamten Atemalkoholgeruch bei dem Fahrer fest. Ein Test ergab einen Wert von 1,1 Promille. Weiterhin konnte ermittelt werden, dass der Fahrer nicht im Besitz einer erforderlichen Fahrerlaubnis ist, da ihm diese bereits entzogen wurde. Dem Mann wurde auf der Dienststelle eine Blutprobe entnommen und die Fahrzeugschl\u00fcssel wurden sichergestellt. Es wurde ein Ermittlungsverfahren wegen Trunkenheit im Verkehr und Fahrens ohne Fahrerlaubnis eingeleitet. Weiterhin wird gegen den Fahrzeughalter ein Strafverfahren wegen des Zulassens des Fahrens ohne Fahrerlaubnis eingeleitet.<\/p>\n\n\n\n<h2 class=\"wp-block-heading\">(Frankenthal) &#8211; Strohhutfest, dritter Tag<\/h2>\n\n\n\n<p>Nach bereits zwei \u00fcberwiegend friedlichen Einsatztagen auf dem Strohhutfest in Frankenthal endet auch der dritte Einsatztag gleicherweise.<\/p>\n\n\n\n<p>Insgesamt wurden sieben K\u00f6rperverletzungen, zwei Diebst\u00e4hle und eine Sachbesch\u00e4digung polizeilich bekannt. Es wurden f\u00fcnf Platzverweise erteilt.<\/p>\n\n\n\n<h2 class=\"wp-block-heading\">(Frankenthal) &#8211; Gef\u00e4hrliche K\u00f6rperverletzung<\/h2>\n\n\n<div class=\"wp-block-image\">\n<figure class=\"aligncenter size-full\"><img decoding=\"async\" loading=\"lazy\" width=\"800\" height=\"621\" src=\"https:\/\/speyer24news.com\/wp-content\/uploads\/2021\/07\/Messer-Angriff-Bedrohung-2.jpg\" alt=\"\" class=\"wp-image-38504\" srcset=\"https:\/\/speyer24news.com\/wp-content\/uploads\/2021\/07\/Messer-Angriff-Bedrohung-2.jpg 800w, https:\/\/speyer24news.com\/wp-content\/uploads\/2021\/07\/Messer-Angriff-Bedrohung-2-300x233.jpg 300w, https:\/\/speyer24news.com\/wp-content\/uploads\/2021\/07\/Messer-Angriff-Bedrohung-2-768x596.jpg 768w\" sizes=\"(max-width: 800px) 100vw, 800px\" \/><figcaption class=\"wp-element-caption\">Symbolbild &#8222;\u00dcberfall Messer&#8220;, dient lediglich der Visualisierung<\/figcaption><\/figure><\/div>\n\n\n<p>Am fr\u00fchen Morgen des 10.09.2023, gegen 04:45 Uhr, traf ein 33-j\u00e4hriger aus Lauffen am Neckar vor einer Bar in der M\u00fchlstra\u00dfe in Frankenthal auf eine sechsk\u00f6pfige Personengruppe. Grundlos wurde der 33-J\u00e4hrige durch die Personengruppe angep\u00f6belt. Eine Person aus der Gruppe verletzte den 33-j\u00e4hrigen Gesch\u00e4digten unvermittelt mit einem Messer. Die Personengruppe fl\u00fcchtete anschlie\u00dfend von der \u00d6rtlichkeit. Der 33-j\u00e4hrige Gesch\u00e4digte wurde durch den Angriff leicht verletzt.<\/p>\n\n\n\n<ul>\n<li><strong>Zeugen werden gebeten sich an die Polizeiinspektion Frankenthal unter der Tel.-Nr.: 06233\/313-0 oder an die Polizeiwache Maxdorf unter der Tel.-Nr.: 06237\/934-1100 zu wenden. Gerne nehmen wir Ihre Hinweise auch per E-Mail unter\u00a0<a href=\"mailto:%20pifrankenthal@polizei.rlp.de\">pifrankenthal@polizei.rlp.de<\/a>\u00a0entgegen.<\/strong><\/li>\n<\/ul>\n\n\n\n<h2 class=\"wp-block-heading\">(Frankenthal) &#8211; Verkehrsunfall unter Alkoholeinfluss<\/h2>\n\n\n\n<p>Am Abend des 09.06.2023 befuhr ein 59-j\u00e4hriger Fahrradfahrer die Schmiedgasse in Frankenthal auf dem Gehweg. Ohne auf den flie\u00dfenden Verkehr zu achten, fuhr er vom Gehweg auf die Fahrbahn, wo er mit einem Pkw kollidierte. Der 59-j\u00e4hrige Frankenthaler blieb hierbei unverletzt, es entstand jedoch Sachschaden in H\u00f6he von 100 Euro. Im Rahmen der Verkehrsunfallaufnahme konnte bei dem Unfallverursacher Alkoholgeruch festgestellt werden. Ein anschlie\u00dfend durchgef\u00fchrter Atemalkoholtest ergab 2,07 Promille. Gegen den 59-J\u00e4hrigen wurde ein Ermittlungsverfahren wegen Gef\u00e4hrdung des Stra\u00dfenverkehrs eingeleitet und eine Blutprobe entnommen. Es fallen immer wieder Fahrradfahrer mit hohen Alkoholwerten auf, welche sich der Folgen nicht bewusst sind. Nach derzeitig geltender Rechtsprechung gilt ein Fahrradfahrer ab einem Alkoholwert von 1,6 Promille als absolut fahrunt\u00fcchtig und macht sich nach \u00a7 316 StGB strafbar. Eine Entziehung der Fahrerlaubnis durch die Fahrerlaubnisbeh\u00f6rde ist auch dann m\u00f6glich, wenn ein F\u00fchrerscheininhaber alkoholisiert mit einem nicht f\u00fchrerscheinpflichtigen Fahrzeug, z.B. einem Fahrrad, am \u00f6ffentlichen Stra\u00dfenverkehr teilnimmt und sich hieraus Hinweise auf eine Nichteignung zum F\u00fchren von Kraftfahrzeugen ergeben.<\/p>\n\n\n\n<h2 class=\"wp-block-heading\">(Bobenheim-Roxheim) &#8211; Diebstahl \/ Hausfriedensbruch<\/h2>\n\n\n\n<p>Am 09.06.2023, gegen 19:30 Uhr, betrat ein 53-J\u00e4hriger unberechtigt mehrere fremde Grundst\u00fccke in der Ernst-Roth-Stra\u00dfe in Bobenheim-Roxheim. Hierbei versuchte er verschiedene Gegenst\u00e4nde zu entwenden. Er lie\u00df jedoch davon ab, als er von Zeugen angesprochen wurde. Schlie\u00dflich konnte er durch die Polizei kontrolliert werden. Aufgrund seines aggressiven Verhaltens w\u00e4hrend der Kontrolle, sowie zur Verhinderung weiterer Straftaten wurde der 53-J\u00e4hrige in Gewahrsam genommen. Im Anschluss bedrohte und beleidigte er die eingesetzten Beamten. Ein Atemalkoholtest ergab bei dem 53-J\u00e4hrigen aus Bobenheim-Roxheim einen Wert von 1,28 Promille.<\/p>\n\n\n\n<ul>\n<li><strong>Zeugen werden gebeten sich an die Polizeiinspektion Frankenthal unter der Tel.-Nr.: 06233\/313-0 oder an die Polizeiwache Maxdorf unter der Tel.-Nr.: 06237\/934-1100 zu wenden. Gerne nehmen wir Ihre Hinweise auch per E-Mail unter\u00a0<a href=\"mailto:%20pifrankenthal@polizei.rlp.de\">pifrankenthal@polizei.rlp.de<\/a>\u00a0entgegen.<\/strong><\/li>\n<\/ul>\n\n\n\n<h2 class=\"wp-block-heading\">(Mannheim) &#8211; Zwei Gesch\u00e4digte bei Raubdelikt<\/h2>\n\n\n<div class=\"wp-block-image\">\n<figure class=\"aligncenter size-full\"><img decoding=\"async\" loading=\"lazy\" width=\"801\" height=\"600\" src=\"https:\/\/speyer24news.com\/wp-content\/uploads\/2020\/05\/Zeugen-gesucht-Neutral.jpg\" alt=\"\" class=\"wp-image-26598\" srcset=\"https:\/\/speyer24news.com\/wp-content\/uploads\/2020\/05\/Zeugen-gesucht-Neutral.jpg 801w, https:\/\/speyer24news.com\/wp-content\/uploads\/2020\/05\/Zeugen-gesucht-Neutral-300x225.jpg 300w, https:\/\/speyer24news.com\/wp-content\/uploads\/2020\/05\/Zeugen-gesucht-Neutral-768x575.jpg 768w, https:\/\/speyer24news.com\/wp-content\/uploads\/2020\/05\/Zeugen-gesucht-Neutral-678x509.jpg 678w, https:\/\/speyer24news.com\/wp-content\/uploads\/2020\/05\/Zeugen-gesucht-Neutral-326x245.jpg 326w, https:\/\/speyer24news.com\/wp-content\/uploads\/2020\/05\/Zeugen-gesucht-Neutral-80x60.jpg 80w\" sizes=\"(max-width: 801px) 100vw, 801px\" \/><\/figure><\/div>\n\n\n<p>Opfer eines Raubdelikts wurden am Freitagmorgen gegen 05.25 Uhr ein 30-j\u00e4hriger Mann und eine 36-j\u00e4hrige Frau, die sich gemeinsam an der Haltestelle Rheinstra\u00dfe aufhielten. Hier wurden sie zun\u00e4chst von einer 4-k\u00f6pfigen Personengruppe angesprochen. Im Rahmen des Gespr\u00e4chs entwendete ein T\u00e4ter den Geldbeutel des Mannes. Als dieser den Diebstahl bemerkte und zu Fu\u00df die Verfolgung aufnahm, wurde ihm zun\u00e4chst ein Schlag ins Gesicht versetzt. Die Frau nahm die Tat mit dem Mobiltelefon auf. Als die T\u00e4ter dies mitbekamen, entrissen sie ihr das Ger\u00e4t und versuchten au\u00dferdem, ihr den Rucksack zu entwenden. Als dies misslang, fl\u00fcchteten sie. Die Gesch\u00e4digte zog sich bei dem Angriff eine Verletzung am Kn\u00f6chel zu und musste im Krankenhaus behandelt werden. Das entwendete Mobiltelefon hat einen Wert von 800 EUR. <\/p>\n\n\n\n<h4 class=\"wp-block-heading\">T\u00e4terbeschreibung: <\/h4>\n\n\n\n<ol>\n<li><strong>185 cm gro\u00df, s\u00fcdeurop\u00e4ischer Ph\u00e4notyp, schwarze gelockte Haare, braune Augen, schwarzes T-Shirt, hellgraue Trainingsjacke, dunkle Sporthose, schlank<\/strong><\/li>\n\n\n\n<li><strong>175 cm gro\u00df, s\u00fcdeurop\u00e4ischer Ph\u00e4notyp, schwarz gelockte Haare mit Sidecut, dunkle Jeans, schwarzer Hoodie, sehr schlank. <\/strong><\/li>\n<\/ol>\n\n\n\n<p>Das Polizeirevier Mannheim-Innenstadt hat die Ermittlungen aufgenommen.<\/p>\n\n\n\n<h2 class=\"wp-block-heading\">(Mannheim-Oststadt) &#8211; Stra\u00dfenbahnunfall auf dem Kaiserring<\/h2>\n\n\n\n<p>Am Freitagabend, gegen ca. 18:00 Uhr kam es im Mannheimer Innenstadtbereich, auf dem Kaiserring, H\u00f6he der Kunsthalle, zu einem Verkehrsunfall zweier Stra\u00dfenbahnen. Ein Stra\u00dfenbahnf\u00fchrer, welcher in Richtung Tattersall die Gleise befuhr, stie\u00df vermutlich in Folge Unachtsamkeit, mit einer in gleicher Richtung fahrenden weiteren Stra\u00dfenbahn zusammen, welche sich noch auf der selbigen Gleisanlage befand. Durch die Kollision entstand ein Sach-\/Streifschaden in bislang noch unbekannter H\u00f6he. Personensch\u00e4den konnten nicht verzeichnet werden. Die Stra\u00dfenbahnen selbst waren beide noch fahrbereit. Die betroffene Strecke war nur kurzzeitig zur Verkehrsunfallaufnahme gesperrt. Der weitere Individualverkehr wurde nicht beeintr\u00e4chtigt.<\/p>\n\n\n\n<h2 class=\"wp-block-heading\">(A6 \/ H\u00f6he Mannheim-Rheinau) &#8211; Fahrzeugbrand auf der Autobahn, rechter Fahrstreifen gesperrt<a href=\"https:\/\/www.facebook.com\/sharer.php?u=https%3A%2F%2Fwww.presseportal.de%2Fblaulicht%2Fpm%2F14915%2F5530279%2F%3Futm_source%3Dfacebook%26utm_medium%3Dsocial\"><\/a><a href=\"https:\/\/twitter.com\/intent\/tweet?text=POL-MA%3A%20BAB6%2C%20H%C3%B6he%20Mannheim-Rheinau%3A%20Fahrzeugbrand%20auf%20der%20Autobahn%2C%20rechter%20Fahrstreifen%20gesperrt%20-%20PM%20Nr.%201&amp;url=https%3A%2F%2Fwww.presseportal.de%2Fblaulicht%2Fpm%2F14915%2F5530279%2F%3Futm_source%3Dtwitter%26utm_medium%3Dsocial&amp;hashtags=ots&amp;lang=de\"><\/a><a href=\"https:\/\/web.whatsapp.com\/send?text=POL-MA%3A%20BAB6%2C%20H%C3%B6he%20Mannheim-Rheinau%3A%20Fahrzeugbrand%20auf%20der%20Autobahn%2C%20rechter%20Fahrstreifen%20gesperrt%20-%20PM%20Nr.%201%0A%0Ahttps%3A%2F%2Fwww.presseportal.de%2Fblaulicht%2Fpm%2F14915%2F5530279%2F%3Futm_source%3Dwhatsapp%26utm_medium%3Dsocial\"><\/a><a href=\"https:\/\/www.xing.com\/app\/user?op=share;url=https%3A%2F%2Fwww.presseportal.de%2Fblaulicht%2Fpm%2F14915%2F5530279%2F%3Futm_source%3Dxing%26utm_medium%3Dsocial\"><\/a><a href=\"http:\/\/www.linkedin.com\/shareArticle?mini=true&amp;url=https%3A%2F%2Fwww.presseportal.de%2Fblaulicht%2Fpm%2F14915%2F5530279%2F%3Futm_source%3Dlinkedin%26utm_medium%3Dsocial&amp;title=POL-MA%3A+BAB6%2C+H%C3%B6he+Mannheim-Rheinau%3A+Fahrzeugbrand+auf+der+Autobahn%2C+rechter+Fahrstreifen+gesperrt+-+PM+Nr.+1\"><\/a><a href=\"mailto:?subject=POL-MA%3A%20BAB6%2C%20H%C3%B6he%20Mannheim-Rheinau%3A%20Fahrzeugbrand%20auf%20der%20Autobahn%2C%20rechter%20Fahrstreifen%20gesperrt%20-%20PM%20Nr.%201&amp;body=https:\/\/www.presseportal.de\/blaulicht\/pm\/14915\/5530279\"><\/a><\/h2>\n\n\n\n<p>Aktuell kommt es auf der BAB 6 in Fahrtrichtung Heilbronn, H\u00f6he Mannheim-Rheinau zu einem Einsatz von Polizei, Feuerwehr und Rettungsdienst. Dort ist ein Pkw in Brand geraten. Nach aktuellem Stand der Ermittlungen wurden keine Personen verletzt. Der rechte Fahrstreifen ist zur Zeit gesperrt. Es wird nachberichtet. <em>10.06.2023 \u2013 15:52<\/em><\/p>\n\n\n\n<h3 class=\"wp-block-heading has-text-align-center\">Pressemeldung Nr. 2<\/h3>\n\n\n\n<p>Aufgrund der Einsatzma\u00dfnahmen ist die Autobahn auf H\u00f6he der Einsatzstelle aktuell in beiden Fahrtrichtungen voll gesperrt. Es wird nachberichtet.<\/p>\n\n\n\n<h3 class=\"wp-block-heading has-text-align-center\">Einsatzma\u00dfnahmen beendet, Fahrbahn wieder frei &#8211; Pressemeldung Nr. 3<\/h3>\n\n\n\n<p>Nach dem Fahrzeugbrand auf der BAB6 sind die Ma\u00dfnahmen von Polizei und Feuerwehr vor Ort abgeschlossen. Nachdem die Fahrbahn durch die Autobahnmeisterei gereinigt wurde, konnten alle Fahrstreifen wieder freigegeben werden. Die Ursache des Fahrzeugbrandes ist aktuell Gegenstand der Ermittlungen des Autobahnpolizeirevieres Mannheim-Seckenheim, der Sachschaden ist bislang noch nicht unbekannt. Verletzt wurde durch den Brand niemand. <em>10.06.2023 \u2013 18:14<\/em><\/p>\n\n\n\n<h2 class=\"wp-block-heading\">(Wiesloch \/ Rhein-Neckar-Kreis) &#8211; Der Stromausfall in Wiesloch und Teilen von Rauenberg, Dielheim und Baiertal dauert an<\/h2>\n\n\n\n<h3 class=\"wp-block-heading has-text-align-center\">Pressemeldung Nr. 2<\/h3>\n\n\n\n<p>Der Stromausfall in Wiesloch und Teilen von Rauenberg, Dielheim und Baiertal, der bereits seit Freitagabend gegen 21.30 Uhr besteht, dauert noch auf unbestimmt Zeit an. Der Netzversorger arbeitet mit Hochdruck an der St\u00f6rungsbeseitigung, kann jedoch aufgrund des Ausma\u00dfes der erforderlichen Reparaturarbeiten derzeit nicht absch\u00e4tzen, wann das Stromnetz wieder funktionsf\u00e4hig ist.<\/p>\n\n\n\n<h3 class=\"wp-block-heading has-text-align-center\">Stromversorgung in Wiesloch funktioniert wieder &#8211; Pressemeldung Nr. 3<\/h3>\n\n\n\n<p>Wie der Netzbetreiber mitteilte, soll die Stromversorgung bereits seit 09.00 Uhr wieder vollumf\u00e4nglich funktionieren.<\/p>\n\n\n\n<h2 class=\"wp-block-heading\">(Reilingen \/ Rhein-Neckar-Kreis) &#8211; Einbruch in Tankstelle \/ Zeugen gesucht<\/h2>\n\n\n\n<p>In der Nacht zum Donnerstag, dem 08.06.2023, gegen 02:20 Uhr kam es in Reilingen, im Bereich der Hauptstra\u00dfe, in der dort ans\u00e4ssigen ESSO-Tankstelle zu einem Einbruch. Bislang unbekannte T\u00e4ter brachen gewaltsam ein Fenster auf und verschafften sich Zutritt in die Tankstelle. Im Innenbereich wurden durch die T\u00e4ter zwei aufgestellte Spielautomaten aufgebrochen und das M\u00fcnzgeld entnommen. Zudem wurde sich noch gewaltsam Zutritt zu einer weiteren Lagerr\u00e4umlichkeit verschafft. Die H\u00f6he des entstandenen Sach-\/Diebstahlschadens ist derzeit noch unbekannt und Gegenstand der weiteren Ermittlungen. <\/p>\n\n\n\n<ul>\n<li><strong>Das Polizeirevier Hockenheim hat die Ermittlungen aufgenommen und nimmt Zeugenhinweise, unter der Telefonnummer: 06205 \/ 2860-0, entgegen.<\/strong><\/li>\n<\/ul>\n\n\n\n<h2 class=\"wp-block-heading\">(Heddesheim \/ Rhein-Neckar-Kreis) &#8211; Unbekannter T\u00e4ter besch\u00e4digt Bienenst\u00f6cke<\/h2>\n\n\n\n<p>Im Zeitraum zwischen Dienstagabend 19.30 Uhr und Donnerstagabend 18.30 Uhr drang ein bislang unbekannter T\u00e4ter auf ein Grundst\u00fcck in der Lilienstra\u00dfe ein und warf dort zwei Bienenst\u00f6cke um. Hierdurch verstarben 5000 &#8211; 10000 Bienen. Der Sachschaden bel\u00e4uft sich auf ca. 700 Euro. Der Polizeiposten Heddesheim hat die Ermittlungen aufgenommen.<\/p>\n","protected":false},"excerpt":{"rendered":"<div class=\"mh-excerpt\"><p>Polizeimeldungen vom Samstag (10.06.2023) (Speyer) &#8211; Sexuelle Bel\u00e4stigung Am Freitagabend wandte sich eine 21-J\u00e4hrige an die Polizei, da sie zuvor sexuell wurde. In der Warteschlange einer Supermarktkasse in der Fu\u00dfg\u00e4ngerzone von Speyer entbl\u00f6\u00dfte der hinter <a class=\"mh-excerpt-more\" href=\"https:\/\/speyer24news.com\/?p=52777\" title=\"Polizeimeldungen Samstag (10.06.2023)\">[&#8230;]<\/a><\/p>\n<\/div>","protected":false},"author":3,"featured_media":26162,"comment_status":"open","ping_status":"open","sticky":false,"template":"","format":"standard","meta":{"_monsterinsights_skip_tracking":false,"_monsterinsights_sitenote_active":false,"_monsterinsights_sitenote_note":"","_monsterinsights_sitenote_category":0,"footnotes":""},"categories":[15659],"tags":[7243,7244,3614,350,14537,15084,15267,14538,15361,15845,702,61,2555,6955,6986,6263,63,105,11150,6987,53,4854,13534,4683,1548,4905,11592,102,13626,213,14325,14324,13553,13541,55,8277,6368,5261,103,106,2803,2423,427,2625,380,62,104,979,1565],"aioseo_notices":[],"amp_enabled":true,"_links":{"self":[{"href":"https:\/\/speyer24news.com\/index.php?rest_route=\/wp\/v2\/posts\/52777"}],"collection":[{"href":"https:\/\/speyer24news.com\/index.php?rest_route=\/wp\/v2\/posts"}],"about":[{"href":"https:\/\/speyer24news.com\/index.php?rest_route=\/wp\/v2\/types\/post"}],"author":[{"embeddable":true,"href":"https:\/\/speyer24news.com\/index.php?rest_route=\/wp\/v2\/users\/3"}],"replies":[{"embeddable":true,"href":"https:\/\/speyer24news.com\/index.php?rest_route=%2Fwp%2Fv2%2Fcomments&post=52777"}],"version-history":[{"count":1,"href":"https:\/\/speyer24news.com\/index.php?rest_route=\/wp\/v2\/posts\/52777\/revisions"}],"predecessor-version":[{"id":52779,"href":"https:\/\/speyer24news.com\/index.php?rest_route=\/wp\/v2\/posts\/52777\/revisions\/52779"}],"wp:featuredmedia":[{"embeddable":true,"href":"https:\/\/speyer24news.com\/index.php?rest_route=\/wp\/v2\/media\/26162"}],"wp:attachment":[{"href":"https:\/\/speyer24news.com\/index.php?rest_route=%2Fwp%2Fv2%2Fmedia&parent=52777"}],"wp:term":[{"taxonomy":"category","embeddable":true,"href":"https:\/\/speyer24news.com\/index.php?rest_route=%2Fwp%2Fv2%2Fcategories&post=52777"},{"taxonomy":"post_tag","embeddable":true,"href":"https:\/\/speyer24news.com\/index.php?rest_route=%2Fwp%2Fv2%2Ftags&post=52777"}],"curies":[{"name":"wp","href":"https:\/\/api.w.org\/{rel}","templated":true}]}}