{"id":52783,"date":"2023-06-12T07:11:22","date_gmt":"2023-06-12T06:11:22","guid":{"rendered":"https:\/\/speyer24news.com\/?p=52783"},"modified":"2023-06-12T07:11:24","modified_gmt":"2023-06-12T06:11:24","slug":"polizeimeldungen-sonntag-11-06-2023","status":"publish","type":"post","link":"https:\/\/speyer24news.com\/?p=52783","title":{"rendered":"Polizeimeldungen Sonntag (11.06.2023)"},"content":{"rendered":"<style type=\"text\/css\">\r\n\t.ads_top_disp{}\r\n\t.ads_top_corner_disp{ float:left; margin:0px 10px 10px 0px; }\r\n\t.ads_first_p_disp{}\r\n\t.ads_bottom_disp{}\r\n\t<\/style>\n<h2 class=\"wp-block-heading\">Polizeimeldungen vom Sonntag (11.06.2023)<\/h2>\n\n\n<div class=\"wp-block-image\">\n<figure class=\"aligncenter size-full\"><img decoding=\"async\" loading=\"lazy\" width=\"375\" height=\"500\" src=\"https:\/\/speyer24news.com\/wp-content\/uploads\/2022\/03\/Aktuelles-Polizeilogo.jpg\" alt=\"\" class=\"wp-image-43591\" srcset=\"https:\/\/speyer24news.com\/wp-content\/uploads\/2022\/03\/Aktuelles-Polizeilogo.jpg 375w, https:\/\/speyer24news.com\/wp-content\/uploads\/2022\/03\/Aktuelles-Polizeilogo-225x300.jpg 225w\" sizes=\"(max-width: 375px) 100vw, 375px\" \/><\/figure><\/div>\n\n\n<h2 class=\"wp-block-heading\">(Speyer) &#8211; Ladendiebstahl mit Messer<\/h2>\n\n\n\n<p>Am 10.06.2023 gegen 17:00 Uhr konnte durch einen Ladendetektiv eines Kaufhauses in der Maximilianstra\u00dfe beobachtet werden, wie ein 14-j\u00e4hriger Jugendlicher mehrfach Kleidungsst\u00fccke mit in die Umkleidekabine nahm und ohne diese die Kabine wieder verlie\u00df. In der Umkleidekabine stellte der Ladendetektiv dann leere Kleiderb\u00fcgel samt Etiketten fest. Die Etiketten entfernte der 14-J\u00e4hrige mithilfe eines mitgef\u00fchrten Cuttermessers und steckte die Kleidung anschlie\u00dfend in seinen Rucksack.<\/p>\n\n\n\n<p>Der Jugendliche wurde im Anschluss seinem Erziehungsberechtigten \u00fcbergeben. Diesen erwartet nun eine Strafanzeige.<\/p>\n\n\n\n<h2 class=\"wp-block-heading\">(Speyer) &#8211; Sachbesch\u00e4digungen auf Parkplatz<\/h2>\n\n\n\n<p>Am Samstag gegen 13:00 Uhr meldeten Zeugen, dass auf dem Edeka Parkplatz in der Stra\u00dfe Am R\u00fcbsamenw\u00fchl eine m\u00e4nnliche Person geparkte Autos besch\u00e4digt. Der 35-j\u00e4hrige Tatverd\u00e4chtige gab gegen\u00fcber den Polizeibeamten an, dass er wahllos Scheibenwischer von Autos besch\u00e4digt habe.<\/p>\n\n\n\n<p>Bei der Durchsuchung des alkoholisierten Mannes konnte weiterhin ein Einhandmesser festgestellt werden. Den 35-J\u00e4hrigen erwartet eine Straf- und Ordnungswidrigkeitenanzeige.<\/p>\n\n\n\n<ul>\n<li><strong>Da nicht auszuschlie\u00dfen ist, dass noch mehr Fahrzeuge besch\u00e4digt wurden, werden die Gesch\u00e4digten gebeten, sich telefonisch (06232 \/ 137 &#8211; 0) oder per E-Mail  (<a href=\"mailto:pispeyer@polizei.rlp.de\">pispeyer@polizei.rlp.de<\/a>) bei der Polizeiinspektion Speyer zu melden.<\/strong><\/li>\n<\/ul>\n\n\n\n<h2 class=\"wp-block-heading\">(Waldsee) &#8211; Person in hilfloser Lage wurde Hilfeleistung verwehrt<\/h2>\n\n\n<div class=\"wp-block-image\">\n<figure class=\"aligncenter size-full\"><img decoding=\"async\" loading=\"lazy\" width=\"800\" height=\"600\" src=\"https:\/\/speyer24news.com\/wp-content\/uploads\/2023\/06\/Verletzte-Person-Hilfe-Verwundet.jpg\" alt=\"\" class=\"wp-image-52787\" srcset=\"https:\/\/speyer24news.com\/wp-content\/uploads\/2023\/06\/Verletzte-Person-Hilfe-Verwundet.jpg 800w, https:\/\/speyer24news.com\/wp-content\/uploads\/2023\/06\/Verletzte-Person-Hilfe-Verwundet-300x225.jpg 300w, https:\/\/speyer24news.com\/wp-content\/uploads\/2023\/06\/Verletzte-Person-Hilfe-Verwundet-768x576.jpg 768w, https:\/\/speyer24news.com\/wp-content\/uploads\/2023\/06\/Verletzte-Person-Hilfe-Verwundet-678x509.jpg 678w, https:\/\/speyer24news.com\/wp-content\/uploads\/2023\/06\/Verletzte-Person-Hilfe-Verwundet-326x245.jpg 326w, https:\/\/speyer24news.com\/wp-content\/uploads\/2023\/06\/Verletzte-Person-Hilfe-Verwundet-80x60.jpg 80w\" sizes=\"(max-width: 800px) 100vw, 800px\" \/><\/figure><\/div>\n\n\n<p>Am Sonntag, den 11.06.2023, gegen 01:00 Uhr, meldete ein Anwohner Hilferufe im Bereich der Schillerstra\u00dfe. Vor Ort konnten die eingesetzten Beamten den Mitteiler und eine 32-j\u00e4hrige Frau mit stark blutender Kopfplatzwunde antreffen. Auf Nachfrage teilte die Verletzte mit, dass sie gestolpert sei und sich infolge des Sturzes die Verletzung am Kopf zuzog. Sie habe einen Angeh\u00f6rigen verst\u00e4ndigt, welcher unmittelbar nach dem Sturz, aber noch vor dem Mitteiler und den eingesetzten Beamten, vor Ort gekommen sein soll. Dieser habe ihr jedoch lediglich Vorw\u00fcrfe gemacht und anschlie\u00dfend die \u00d6rtlichkeit, ohne Hilfe zu leisten, wieder verlassen. Ein freiwilliger Atemalkoholtest bei der Gest\u00fcrzten ergab einen Wert von 3,52 Promille. Die Verletzte wurde zur weiteren Behandlung in ein Krankenhaus verbracht. Gegen den Betreffenden wurde eine Strafanzeige wegen unterlassener Hilfeleistung eingeleitet, da es in diesem Fall erforderlich und zumutbar gewesen war der Verletzten zu helfen. Die Polizei wei\u00dft in diesem Zuge darauf hin, dass bei Ungl\u00fccksf\u00e4llen, gemeiner Gefahr oder Not Hilfe zu leisten ist, wenn dies erforderlich und zumutbar ist, sofern keine erhebliche eigene Gefahr besteht und hierdurch keine anderen wichtigen Pflichten tangiert werden.<\/p>\n\n\n\n<h2 class=\"wp-block-heading\">(R\u00f6merberg) &#8211; Einbruch in Vereinsheim<\/h2>\n\n\n<div class=\"wp-block-image\">\n<figure class=\"aligncenter size-full\"><img decoding=\"async\" loading=\"lazy\" width=\"801\" height=\"600\" src=\"https:\/\/speyer24news.com\/wp-content\/uploads\/2020\/05\/Zeugen-gesucht-Neutral.jpg\" alt=\"\" class=\"wp-image-26598\" srcset=\"https:\/\/speyer24news.com\/wp-content\/uploads\/2020\/05\/Zeugen-gesucht-Neutral.jpg 801w, https:\/\/speyer24news.com\/wp-content\/uploads\/2020\/05\/Zeugen-gesucht-Neutral-300x225.jpg 300w, https:\/\/speyer24news.com\/wp-content\/uploads\/2020\/05\/Zeugen-gesucht-Neutral-768x575.jpg 768w, https:\/\/speyer24news.com\/wp-content\/uploads\/2020\/05\/Zeugen-gesucht-Neutral-678x509.jpg 678w, https:\/\/speyer24news.com\/wp-content\/uploads\/2020\/05\/Zeugen-gesucht-Neutral-326x245.jpg 326w, https:\/\/speyer24news.com\/wp-content\/uploads\/2020\/05\/Zeugen-gesucht-Neutral-80x60.jpg 80w\" sizes=\"(max-width: 801px) 100vw, 801px\" \/><\/figure><\/div>\n\n\n<p>Am fr\u00fchen Samstagmorgen wurde der Polizei ein Einbruch in ein Vereinsheim in R\u00f6merberg in der Gro\u00dfen Hohl gemeldet. Bislang unbekannte T\u00e4ter hebelten die Eingangst\u00fcr des Vereinsheim auf und gelangten so in das Innere des Geb\u00e4udes. Hier \u00f6ffneten die T\u00e4ter mehrere Schr\u00e4nke, entwendeten allerdings nichts. Durch das Besch\u00e4digen der Eingangst\u00fcr und das Aufrei\u00dfen eines Schl\u00fcsselkastens entstand ein Sachschaden von ca. 250EUR.<\/p>\n\n\n\n<h4 class=\"wp-block-heading\">Zeugenangaben zufolge hielt sich eine verd\u00e4chtige Person am Vereinsheim auf, die:<\/h4>\n\n\n\n<ul>\n<li><strong>ca. 1,75m gro\u00df<\/strong><\/li>\n\n\n\n<li><strong>dunkelh\u00e4utig <\/strong><\/li>\n\n\n\n<li><strong>dunkel gekleidet war<\/strong><\/li>\n\n\n\n<li><strong>einen Vollbart <\/strong><\/li>\n\n\n\n<li><strong>und schulterlanges Haar hatte.<\/strong><\/li>\n<\/ul>\n\n\n\n<ul>\n<li><strong>Die Polizei bittet Zeugen darum, Angaben zu verd\u00e4chtigen Personen oder Wahrnehmungen telefonisch an 06232 \/ 137 &#8211; 0 oder per E-Mail an  <a href=\"mailto:pispeyer@polizei.rlp.de\">pispeyer@polizei.rlp.de<\/a> zu richten. <\/strong><\/li>\n<\/ul>\n\n\n\n<h2 class=\"wp-block-heading\">(Germersheim) &#8211; Betrunken mit Pedelec gest\u00fcrzt<\/h2>\n\n\n\n<p>Am Samstagvormittag st\u00fcrzte ein 67-J\u00e4hriger Pedelec-Fahrer aus R\u00f6merberg in der Ritter-von-Schmau\u00df-Stra\u00dfe in Germersheim von seinem Gef\u00e4hrt, als er von einem hohen Bordstein fahren wollte. Durch die Beamten konnte bei dem Mann vor Ort deutlicher Alkoholgeruch festgestellt werden. Der Atemalkoholtest ergab einen Wert von 2,5 Promille. Nachdem der Rettungsdienst den Fahrer versorgt hat, wurde er in ein Krankenhaus gebracht, wo ihm eine Blutprobe entnommen wurde. Durch den Sturz zog er sich eine Platzwunde am Kopf und diverse Sch\u00fcrfwunden zu. Ein entsprechendes Strafverfahren wegen Trunkenheit im Verkehr wurde eingeleitet.<\/p>\n\n\n\n<h2 class=\"wp-block-heading\">(R\u00fclzheim) &#8211; Gartenparty endet nach Streit im Krankenhaus<\/h2>\n\n\n\n<p>Am Samstagabend feierten zun\u00e4chst mehrere befreundete Nachbarn in geselligem Beisein in R\u00fclzheim in einem Garten, als die Situation aufgrund eines Streites zweier M\u00e4nner eskalierte. Zun\u00e4chst z\u00fcckte der 64-J\u00e4hrige ein Messer und versuchte den 47-j\u00e4rigen Nachbarn anzugreifen, was durch das beherzte Eingreifen weiterer Partyg\u00e4ste unterbunden werden konnte. Dieser wiederum griff zu einer Flasche und schlug mit dieser, dem \u00e4lteren Mann auf den Kopf. Durch den Schlag erlitt der 64-J\u00e4hrige eine Platzwunde und musste schlie\u00dflich ins Krankenhaus zur Versorgung der Wunden gebracht werden. Beide Kontrahenten waren deutlich alkoholisiert.<\/p>\n\n\n\n<h2 class=\"wp-block-heading\">(Rohrbach) &#8211; Mann leistet nach K\u00f6rperverletzung und Platzverweis Widerstand<\/h2>\n\n\n\n<p>Am 11.06.2023 kam es in Rohrbach nach einem K\u00f6rperverletzungsdelikt zu einem Polizeieinsatz. Im Rahmen der Anzeigenaufnahme musste dem alkoholisierten Beschuldigten ein Platzverweis ausgesprochen werden. Da er diesem trotz mehrfacher Aufforderung nicht nachgekommen war, wurde der Mann schlussendlich in Gewahrsam genommen. Hierbei zeigte er sich weiterhin sehr unkooperativ und leistete Widerstand gegen die eingesetzten Beamten. Bei dem Einsatz wurden weder die eingesetzten Beamten, noch der Beschuldigte verletzt.<\/p>\n\n\n\n<h2 class=\"wp-block-heading\">(Landau) &#8211; Sachbesch\u00e4digung durch randalierende Jugendliche<\/h2>\n\n\n\n<p>Am fr\u00fchen Morgen des 10.06.2023 kam es um ca. 01:20 Uhr zu mehreren Sachbesch\u00e4digungen an Fahrr\u00e4dern, welche auf dem Gel\u00e4nde der ehemaligen Landesgartenschau in Landau abgestellt waren. Durch Anwohner wurden mindestens sechs Jugendliche gemeldet, welche Fahrr\u00e4der aus Fahrradst\u00e4ndern genommen und umgeworfen h\u00e4tten. <\/p>\n\n\n\n<ul>\n<li><strong>Sachdienliche Hinweise richten sie bitte an die Polizeiinspektion Landau unter 06341 2870 oder per E-Mail unter\u00a0<a href=\"mailto:%20pilandau@polizei.rlp.de\">pilandau@polizei.rlp.de<\/a>.<\/strong><\/li>\n<\/ul>\n\n\n\n<h2 class=\"wp-block-heading\">(Landau) &#8211; Gest\u00fcrzter Rollerfahrer unter Alkoholeinfluss<\/h2>\n\n\n\n<p>Am 10.06.2023 kam um 00:30 Uhr der Fahrer eines Mofa-Rollers aus dem Kreis S\u00fcdliche Weinstra\u00dfe auf einem Feldweg in Landau-Arzheim zu Fall. Im Rahmen der Unfallaufnahme konnten bei dem Mann zwar nur leichte Verletzungen festgestellt werden, daf\u00fcr wurde durch die eingesetzten Beamten bei dem Mann erheblicher Atemalkoholgeruch wahrgenommen. Dem Mann wurde im weiteren Verlauf eine Blutprobe entnommen und es wurde ein entsprechendes Strafverfahren eingeleitet.<\/p>\n\n\n\n<h2 class=\"wp-block-heading\">(Landau) &#8211; Gef\u00e4hrliches \u00dcberholen auf der B10<\/h2>\n\n\n\n<p>Am Abend des 09.06.2023 kam es auf der B10 bei Landau zu einem gef\u00e4hrlichen Fahrman\u00f6ver eines PKW Fahrers. Der Fahrer eines goldenen VW hatte zun\u00e4chst einen Zweiradfahrer rechts \u00fcber einen Beschleunigungsstreifen \u00fcberholt. Im weiteren Verlauf hatte der VW im Baustellenbereich trotz \u00dcberholverbots und Gegenverkehr mehrere Fahrzeuge \u00fcberholt. Einige entgegenkommende Fahrzeuge mussten stark abbremsen. <\/p>\n\n\n\n<ul>\n<li><strong>Sachdienliche Hinweise richten sie bitte an die Polizeiinspektion Landau unter 06341 2870 oder per E-Mail unter\u00a0<a href=\"mailto:%20pilandau@polizei.rlp.de\">pilandau@polizei.rlp.de<\/a>.<\/strong><\/li>\n<\/ul>\n\n\n\n<h2 class=\"wp-block-heading\">(Edesheim) &#8211; Zeugenaufruf nach Verkehrsunfallflucht<\/h2>\n\n\n\n<p>Am Samstag, den 10.06.2023 um ca. 16:00 Uhr, befuhr ein 21-j\u00e4hriger Fahrradfahrer aus Hainfeld die Leonhard-Eckel-Siedlung vom Edesheimer Schwimmbad aus. Hierbei soll der 21-j\u00e4hrige von einem vorbeifahrenden PKW touchiert worden sein. Auf Grund dessen st\u00fcrzte der Fahrradfahrer und verletzte sich leicht. Im Anschluss setzte der PKW-Fahrer seine Fahrt fort, ohne seinen Pflichten als Verkehrsunfallbeteiligter nachzukommen. Es ist lediglich bekannt, dass es sich beim dem Fl\u00fcchtigen um einen Opel Astra gehandelt haben soll.<\/p>\n\n\n\n<ul>\n<li><strong>Zeugen, welche sachdienliche Hinweise geben k\u00f6nnen, m\u00f6gen sich bitte bei der Polizeiinspektion Edenkoben melden. Tel.: 06323 9550 E-Mail:\u00a0<a href=\"mailto:%20piedenkoben@polizei.rlp.de\">piedenkoben@polizei.rlp.de<\/a><\/strong><\/li>\n<\/ul>\n\n\n\n<h2 class=\"wp-block-heading\">(Neustadt) &#8211; E-Scooter entwendet<\/h2>\n\n\n\n<p>In der Nacht vom 10.06.2023 auf den 11.06.2023 kam es auf dem Hetzelplatz in Neustadt\/Wstr. zu einem Diebstahl von einem sog. E-Scooter. Hierbei konnten noch unbekannte T\u00e4ter den E-Scooter des 27 &#8211; j\u00e4hrigen Gesch\u00e4digten entwenden, obwohl dieser durch ein Schloss gesichert war. Dieses konnte noch am Tatort aufgefunden werden. <\/p>\n\n\n\n<ul>\n<li><strong>Es wird um Hinweise aus der Bev\u00f6lkerung gebeten. Hinweise werden bei der hiesigen Polizeiinspektion Neustadt\/Weinstra\u00dfe entgegengenommen.<\/strong><\/li>\n<\/ul>\n\n\n\n<h2 class=\"wp-block-heading\">(Neustadt) &#8211; Verkehrsunfall unter Alkoholeinfluss<\/h2>\n\n\n\n<p>In der Nacht vom 10.06.2023 auf den 11.06.2023 kam aus gegen 03:00 Uhr auf dem Parkplatz in der Louis-Escande-Stra\u00dfe in Neustadt\/Wstr. vor dem dortigen Restaurant\/Kino zu einem Verkehrsunfall. Die 41 &#8211; j\u00e4hrige Verursacherin fuhr r\u00fcckw\u00e4rts aus einer Parkl\u00fccke heraus um den Parkplatz zu verlassen. Hierbei kollidierte sie mit einem geparkten Fahrzeug. W\u00e4hrend der Unfallaufnahme konnte bei der 41 &#8211; J\u00e4hrigen deutlicher Alkoholgeruch in der Atemluft wahrgenommen werden. Ein Atemalkoholtest best\u00e4tigte den Verdacht des Alkoholeinflusses. Es konnte ein Wert von \u00fcber einer Promille festgestellt werden. Der Verursacherin wurde nach der Unfallaufnahme eine Blutprobe entnommen und der Fahrzeugschl\u00fcssel wurde sichergestellt. Gegen die 41 &#8211; J\u00e4hrige Dame wurde ein Ermittlungsverfahren wegen Gef\u00e4hrdung des Stra\u00dfenverkehrs eingeleitet.<\/p>\n\n\n\n<h2 class=\"wp-block-heading\">(Neustadt) &#8211; Zeugenaufruf nach begangener Verkehrsunfallflucht<\/h2>\n\n\n\n<p>Im Zeitraum vom Samstag, den 10.06.2023 von 14:00 &#8211; 15:00 Uhr kam es am Bayerplatz in Neustadt\/Wstr. vor dem dortigen Einzelhandelsgesch\u00e4ft zu einer Verkehrsunfallflucht. Die gesch\u00e4digte Verkehrsunfallbeteiligte habe ihr Fahrzeug der Automarke VW vor dem genannten Markt ordnungsgem\u00e4\u00df abgestellt. Der\/Die Verursacherin habe vermutlich beim Ausparken, dass Fahrzeug der Gesch\u00e4digten touchiert und habe sich anschlie\u00dfend unerlaubt von der Unfall\u00f6rtlichkeit entfernt. Es entstand hierbei leichter Sachschaden. Bei dem verursachenden PKW k\u00f6nnte es sich nach polizeilichen Ermittlungen um ein blaues Fahrzeug gehandelt haben. <\/p>\n\n\n\n<ul>\n<li><strong>Zeugen die den Unfallhergang beobachtet oder den Fahrer erkannt haben, werden gebeten, sich bei der Polizeiinspektion in Neustadt\/Weinstra\u00dfe zu melden.<\/strong><\/li>\n<\/ul>\n\n\n\n<h2 class=\"wp-block-heading\">(Neustadt) &#8211; Zeugenaufruf nach Verkehrsunfallflucht im Weinberg<\/h2>\n\n\n\n<p>Im Zeitraum von Freitag, den 02.06.2023 bis Freitag, den 09.06.2023 kam es an einem Weinberg in der N\u00e4he der Adolf-Kolping-Stra\u00dfe in Neustadt\/Wstr. hinter dem dortigen Supermarkt zu einer Verkehrsunfallflucht. Hierbei habe ein unbekannter Fahrzeugf\u00fchrer mehrere Stahlpfosten touchiert, sodass einzelne Reben abbrachen. Der\/Die Verursacher\/in verlie\u00df anschlie\u00dfend unerlaubt die Unfall\u00f6rtlichkeit. Anhand des Spurenbildes besteht der Verdacht, dass es sich bei dem Unfallfahrzeug um einen Traktor gehandelt haben k\u00f6nnte. Der Sachschaden kann zum aktuellen Zeitpunkt noch nicht umf\u00e4nglich beziffert werden. <\/p>\n\n\n\n<ul>\n<li><strong>Zeugen die den Unfallhergang beobachtet oder den Fahrer erkannt haben, werden gebeten, sich bei der Polizeiinspektion in Neustadt\/Weinstra\u00dfe zu melden.<\/strong><\/li>\n<\/ul>\n\n\n\n<h2 class=\"wp-block-heading\">(Frankenthal) &#8211; Gef\u00e4hrlicher Eingriff in den Stra\u00dfenverkehr<\/h2>\n\n\n\n<p>Am Morgen des 11.06.2023, gegen 05:15 Uhr, ereignete sich am Kanal in Frankenthal ein Verkehrsunfall mit einer verletzten Person. Die beiden Unfallbeteiligten Pkw fuhren hintereinander, als der 38-j\u00e4hrige vorausfahrende Fahrer \u00fcber einen herausgehobenen Gullydeckel f\u00e4hrt. In Folge dessen wurde der Gullydeckel hochgeschleudert und flog gegen die Fahrzeugfront des nachfolgenden Pkw. Der 33-J\u00e4hrige Fahrer des nachfolgenden Pkw wurde durch den Aufprall leicht verletzt. Die beiden Pkw waren nicht mehr fahrbereit. Es entstand ein Sachschaden in H\u00f6he von ca. 11.000EUR.<\/p>\n\n\n\n<ul>\n<li><strong>Zeugen werden gebeten sich an die Polizeiinspektion Frankenthal unter der Tel.-Nr.: 06233\/313-0 oder an die Polizeiwache Maxdorf unter der Tel.-Nr.: 06237\/934-1100 zu wenden. Gerne nehmen wir Ihre Hinweise auch per E-Mail unter\u00a0<a href=\"mailto:%20pifrankenthal@polizei.rlp.de\">pifrankenthal@polizei.rlp.de<\/a>\u00a0entgegen.<\/strong><\/li>\n<\/ul>\n\n\n\n<h2 class=\"wp-block-heading\">(Frankenthal) &#8211; Gef\u00e4hrliche K\u00f6rperverletzung<\/h2>\n\n\n\n<p>Am 11.06.2023, gegen 02:00 Uhr, geriet ein 42-J\u00e4hriger aus Frankenthal in einer Kneipe in der Eisenbahnstra\u00dfe in Frankenthal in eine k\u00f6rperliche Auseinandersetzung mit einer Gruppe, bestehend aus 5 Personen. Die Gruppe schlug hierbei mehrfach auf den 42-j\u00e4hrigen Gesch\u00e4digten ein. Daraufhin verspr\u00fchte ein unbeteiligter 65-J\u00e4hriger aus Frankenthal ein Tierabwehrspray in der Kneipe. Die 5-k\u00f6pfige Personengruppe entfernte sich anschlie\u00dfend von der \u00d6rtlichkeit. Der 42-J\u00e4hrige wurde aufgrund seiner Verletzungen im Gesicht, sowie einer Atemwegsreizung in ein umliegendes Krankenhaus verbracht.<\/p>\n\n\n\n<ul>\n<li><strong>Zeugen werden gebeten sich an die Polizeiinspektion Frankenthal unter der Tel.-Nr.: 06233\/313-0 oder an die Polizeiwache Maxdorf unter der Tel.-Nr.: 06237\/934-1100 zu wenden. Gerne nehmen wir Ihre Hinweise auch per E-Mail unter\u00a0<a href=\"mailto:%20pifrankenthal@polizei.rlp.de\">pifrankenthal@polizei.rlp.de<\/a>\u00a0entgegen<\/strong><\/li>\n<\/ul>\n\n\n\n<h2 class=\"wp-block-heading\">(B 9 \/ Frankenthal) &#8211; Nach F\u00fchrerscheinentzug noch immer nichts gelernt<\/h2>\n\n\n\n<p>Am Sonntag, den 11.06.2023, unterzogen Beamte der Polizeiautobahnstation Ruchheim gegen 01:00 Uhr den Fahrer eines Mazdas einer Verkehrskontrolle, nachdem dieser zuvor auf der B9 gefahren war. Bereits zu Beginn der Kontrolle konnten beim 26-j\u00e4hrigen Fahrer Auff\u00e4lligkeiten festgestellt werden, welche f\u00fcr einen Drogenkonsum sprachen. Hiermit konfrontiert gab er zu unter dem Einfluss von Amphetamin zu stehen. Bei einer Durchsuchung konnten Beamten weitere 1,5 Gramm Amphetamin auffinden. Im Besitz einer Fahrerlaubnis war der 26-J\u00e4hrige nicht mehr, da er bereits im Jahr zuvor durch Beamte der Polizeiautobahnstation Ruchheim unter Bet\u00e4ubungsmitteleinfluss fahrend festgestellt wurde. Ihm wurde auf der Dienststelle eine Blutprobe entnommen, ihn erwarten nun Strafanzeigen aufgrund des Versto\u00dfes gegen das Bet\u00e4ubungsmittelgesetz, sowie des Fahrens ohne Fahrerlaubnis.<\/p>\n\n\n\n<h2 class=\"wp-block-heading\">(Oggersheim) &#8211; R\u00e4uberischer Diebstahl \/ T\u00e4terfestnahme<\/h2>\n\n\n\n<p>Nachdem ein 47-J\u00e4hriger Mann aus Heidelberg am fr\u00fchen Samstagabend in einem Elektrofachgesch\u00e4ft im Hedwig-Laudien-Ring in Ludwigshafen einen Laptop entwendet hatte, fl\u00fcchtete dieser zun\u00e4chst fu\u00dfl\u00e4ufig mit dem Diebesgut. Einem Mitarbeiter des Marktes gelang es den Fl\u00fcchtenden zu stellen. Bevor dieser das Diebesgut wieder an sich nehmen konnte, schlug ihm der 47-J\u00e4hrige jedoch in den Bauch und fl\u00fcchtete erneut. Er konnte schlie\u00dflich von den hinzueilenden Polizeibeamten gestellt werden. Ihn erwartet nun ein Strafverfahren wegen r\u00e4uberischem Diebstahls.<\/p>\n\n\n\n<h2 class=\"wp-block-heading\">(A 650 \/ Oggersheim) &#8211; Fahrt unter Kokaineinfluss endet in Panne<\/h2>\n\n\n\n<p>Am Samstag, den 10.06.2023, stellten Beamte der Polizeiautobahnstation Ruchheim gegen 17:00 Uhr auf der A650 im Bereich Oggersheim ein Fahrzeug auf der Fahrbahn fest, welches offenbar eine Panne erlitten hatte. Die Beamten wollten dieses deshalb bis zum Eintreffen eines Pannendienstes absichern. Im Gespr\u00e4ch mit dem 45- j\u00e4hrigen Fahrer erfuhren sie nicht nur, dass er dieses Fahrzeug gerade erst k\u00e4uflich erworben hatte, sondern erlangten auch den Verdacht, dass der Fahrer unter dem Einfluss von Bet\u00e4ubungsmitteln stehen k\u00f6nnte. Ein durchgef\u00fchrter Drogenschnelltest verlief positiv auf Kokain. Ihm wurde deshalb eine Blutprobe entnommen, sein F\u00fchrerschein wurde sichergestellt und das defekte Fahrzeug wurde abgeschleppt.<\/p>\n\n\n\n<h2 class=\"wp-block-heading\">(Ludwigshafen) &#8211; Einbruchdiebstahl<\/h2>\n\n\n\n<p>Am Sonntag, den 11.06.2023, gegen 04:45 Uhr, wurde \u00fcber das Sicherheitssystem ein Einbruch im Kiosk &#8222;Am Ludwig&#8220; gemeldet. Durch die Beamten vor Ort konnte best\u00e4tigt werden, dass eines der Frontfenster aufgehebelt wurde. T\u00e4ter wurden innerhalb des Kiosks keine gesichtet. Der Verkaufsraum wurde durchw\u00fchlt, jedoch wurden Tabakwaren, ein MacBook, ein 10 Euro Schein durch die T\u00e4ter zur\u00fcckgelassen, sodass lediglich reiner Sachschaden entstand. Aktuell bestehen keine Hinweise auf die T\u00e4ter. <\/p>\n\n\n\n<ul>\n<li><strong>Sachdienliche Hinweise bitte an die Polizeiinspektion Ludwigshafen 1, Telefonnummer 0621 963-2122 oder per E-Mail\u00a0<a href=\"mailto:%20piludwigshafen1@polizei.rlp.de\">piludwigshafen1@polizei.rlp.de<\/a>\u00a0.<\/strong><\/li>\n<\/ul>\n\n\n\n<h2 class=\"wp-block-heading\">(Ludwigshafen) &#8211; Gef\u00e4hrliche K\u00f6rperverletzung<\/h2>\n\n\n<div class=\"wp-block-image\">\n<figure class=\"aligncenter size-full\"><img decoding=\"async\" loading=\"lazy\" width=\"800\" height=\"621\" src=\"https:\/\/speyer24news.com\/wp-content\/uploads\/2021\/07\/Messer-Angriff-Bedrohung-2.jpg\" alt=\"\" class=\"wp-image-38504\" srcset=\"https:\/\/speyer24news.com\/wp-content\/uploads\/2021\/07\/Messer-Angriff-Bedrohung-2.jpg 800w, https:\/\/speyer24news.com\/wp-content\/uploads\/2021\/07\/Messer-Angriff-Bedrohung-2-300x233.jpg 300w, https:\/\/speyer24news.com\/wp-content\/uploads\/2021\/07\/Messer-Angriff-Bedrohung-2-768x596.jpg 768w\" sizes=\"(max-width: 800px) 100vw, 800px\" \/><figcaption class=\"wp-element-caption\">Symbolbild &#8222;\u00dcberfall Messer&#8220;, dient lediglich der Visualisierung<\/figcaption><\/figure><\/div>\n\n\n<p>Am Samstag, den 10.06.2023, gegen 21:05 Uhr, kam es in der Saarlandstra\u00dfe zu einer gef\u00e4hrlichen K\u00f6rperverletzung zwischen drei Personen. Hintergrund seien Streitigkeiten wegen 200 Euro gewesen. Nachdem einer der Personen das Geld nicht bezahlen konnte, kam eine weitere Person dazu, welche ein Messer zog. Bei den Versuchen das Messer zu entrei\u00dfen schlugen sich die Personen teilweise mehrmals in das Gesicht. Bei der Dynamik stach die Person mit dem Messer einem Streitbeteiligten in den unteren R\u00fccken. Im weiteren Verlauf gelang es den anderen Personen, dem Beschuldigten das Messer zu entnehmen. Zwei der Personen wurden mittels Rettungsdienst in das Marienkrankenhaus gebracht, wo die Stichwunde gen\u00e4ht wurde. Bei Eintreffen vor Ort konnten durch die Beamten zwei Messer auf dem Boden festgestellt und sichergestellt werden. Wer jedoch die Messer mit sich f\u00fchrte, blieb ungekl\u00e4rt. <\/p>\n\n\n\n<ul>\n<li><strong>Sachdienliche Hinweise bitte an die Polizeiinspektion Ludwigshafen 1, Telefonnummer 0621 963-2122 oder per E-Mail\u00a0<a href=\"mailto:%20piludwigshafen1@polizei.rlp.de\">piludwigshafen1@polizei.rlp.de<\/a>\u00a0.<\/strong><\/li>\n<\/ul>\n\n\n\n<h2 class=\"wp-block-heading\">(Ludwigshafen) &#8211; Unfall unter Alkoholeinfluss<\/h2>\n\n\n\n<p>Am Samstag, den 10.06.2023, gegen 21:00 Uhr, kam es zwischen einem 32-j\u00e4hrigen Fahrradfahrer und einem 39-j\u00e4hrigen E-Scooter-Fahrer in der Bruchwiesenstra\u00dfe zu einem Verkehrsunfall. Der Fahrradfahrer war dabei derart alkoholisiert, dass er sein Fahrrad nicht mehr sicher in der Spur halten konnte und von der Fahrbahn abkam, sodass der E-Scooter-Fahrer auswich und beide zu Boden fielen. Der Fahrradfahrer verletzte sich am linken Unterarm und an der linken Augenbraue. Der E-Scooter-Fahrer erlitt eine Sch\u00fcrfwunde am rechten Bein. Ein freiwillig durchgef\u00fchrter Atemalkoholtest bei dem Fahrradfahrer ergab einen Wert von 1,32 Promille.<\/p>\n\n\n\n<h2 class=\"wp-block-heading\">(Ludwigshafen) &#8211; Einbruchsdiebstahl an Kassenautomat<\/h2>\n\n\n\n<p>In der Nacht von Freitag, den 09.06.2023 auf Samstag, den 10.06.2023 wurde ein Kassenautomat des Parkplatzes am Danziger Platz aufgebrochen. Zun\u00e4chst blieb unklar, ob dort Geld entwendet wurde. Der Automat wurde mit einer Flex ge\u00f6ffnet, um an die Geldkassette zu gelangen. Nach R\u00fccksprache mit einem Mitarbeiter der zugeh\u00f6rigen Firma ergab sich, dass aus der Geldkassette kein Geld entnommen wurde. Hinweise auf einen T\u00e4ter bestehen bislang noch keine.<\/p>\n\n\n\n<ul>\n<li><strong>Sachdienliche Hinweise bitte an die Polizeiinspektion Ludwigshafen 1, Telefonnummer 0621 963-2122 oder per E-Mail\u00a0<a href=\"mailto:%20piludwigshafen1@polizei.rlp.de\">piludwigshafen1@polizei.rlp.de<\/a>\u00a0.<\/strong><\/li>\n<\/ul>\n\n\n\n<h2 class=\"wp-block-heading\">(A6 \/ H\u00f6he Mannheim-Rheinau) &#8211; Fahrzeugbrand auf der Autobahn<\/h2>\n\n\n\n<h3 class=\"wp-block-heading has-text-align-center\">Pressemeldung Nr. 4<\/h3>\n\n\n\n<p>Wie bereits berichtet, kam es am 10.06.2023, gegen 15:40 Uhr zu einem Fahrzeugbrand auf der BAB6, H\u00f6he Mannheim-Rheinau, in Fahrtrichtung Heilbronn. Durch die Einsatzma\u00dfnahmen war die BAB6 in H\u00f6he der Einsatzstelle f\u00fcr ca. 20 Minuten in beide Richtungen voll gesperrt. Hierdurch bildete sich ein R\u00fcckstau in beide Fahrtrichtungen von jeweils ca. 3 Kilometern. Der Pkw brannte vollst\u00e4ndig aus, es entstand Sachschaden von ca. 30.000EUR. Personen wurden durch den Brand nicht verletzt. Die Brandursache ist weiterhin ungekl\u00e4rt, vermutet wird ein technischer Defekt, ausgehend vom Motorraum des Pkw. Das Fahrzeug wurde im Anschluss durch eine Fachfirma abgeschleppt.<\/p>\n\n\n\n<p>Aus gegebenem Anlass wei\u00dft die Polizei darauf hin, dass bei stockendem Verkehr, Stau und Unf\u00e4llen unbedingt eine Rettungsgasse zu bilden ist. Halten Sie die Rettungsgasse auch dann offen, wenn das erste Rettungsfahrzeug vorbeigefahren ist. Nur so ist gew\u00e4hrleistet, dass der Fahrweg f\u00fcr Polizei und Hilfsfahrzeuge frei ist und schnelle Hilfe erm\u00f6glicht werden kann.<\/p>\n\n\n\n<h2 class=\"wp-block-heading\">(Mannheim \/ Heidelberg \/ Rhein-Neckar-Kreis) &#8211; Mehrere Fl\u00e4chenbr\u00e4nde im Bereich des Polizeipr\u00e4sidiums Mannheim \/ Warnung vor aktueller Brandgefahr durch starke Trockenheit<\/h2>\n\n\n<div class=\"wp-block-image\">\n<figure class=\"aligncenter size-full\"><img decoding=\"async\" loading=\"lazy\" width=\"640\" height=\"428\" src=\"https:\/\/speyer24news.com\/wp-content\/uploads\/2021\/02\/Feuerwehr-Polizei.jpg\" alt=\"\" class=\"wp-image-33096\" srcset=\"https:\/\/speyer24news.com\/wp-content\/uploads\/2021\/02\/Feuerwehr-Polizei.jpg 640w, https:\/\/speyer24news.com\/wp-content\/uploads\/2021\/02\/Feuerwehr-Polizei-300x201.jpg 300w\" sizes=\"(max-width: 640px) 100vw, 640px\" \/><\/figure><\/div>\n\n\n<p>An verschiedenen Orten im Bereich des Polizeipr\u00e4sidiums Mannheim kam es zuletzt zu trockenheitsbedingten Fl\u00e4chenbr\u00e4nden. Diese wurden h\u00f6chstwahrscheinlich in den meisten F\u00e4llen durch grobe Fahrl\u00e4ssigkeit verursacht. So kam es am 10.06.2023 gegen 13:20 Uhr im Bereich des Neckarufers in Mannheim, Dammstra\u00dfe, zu einem Brand von ca. 12 m\u00b2 Wiese und Geb\u00fcsch. Hier konnte als Brandursache eine zur\u00fcckgelassene, nicht vollst\u00e4ndig gel\u00f6schte Feuerstelle ausgemacht werden. \u00c4hnlich war es gegen 17:00 Uhr, als neben einem Basketballfeld in Mannheim-Rheinau ein Gestr\u00fcpp zu brennen begann. In Wiesloch auf einem Gartengrundst\u00fcck in der Gerbersruhstra\u00dfe kam es um 17:10 Uhr zu einem Brand der Rasenfl\u00e4che und des Gr\u00fcnschnitts. Die Brandursache ist bislang nicht bekannt. Alle Br\u00e4nde konnten durch die Feuerwehr gel\u00f6scht werden. Eine aufmerksame Besatzung eines Rettungswagens, stellte gegen 21:30 Uhr auf einem Feldweg in Leimen zusammen mit Beamten des Polizeireviers Wiesloch drei Kinder mit ihrem Vater fest. Der Vater habe das &#8222;kleine Feuerchen&#8220; seiner Kinder schnell wieder mit dem Wasser aus dem daneben liegenden Leimbach l\u00f6schen k\u00f6nnen. Ein Gespr\u00e4ch \u00fcber die daraus entstehenden Gefahren zeigte Wirkung.<\/p>\n\n\n\n<h4 class=\"wp-block-heading\">Dar\u00fcber hinaus warnt die Polizei ausdr\u00fccklich: <\/h4>\n\n\n\n<p><strong>Die aktuelle Trockenheit f\u00fchrt zu einer immensen Brandgefahr f\u00fcr Wiesen, Buschwerk und W\u00e4lder! Das Grillen, Entz\u00fcnden von Lagerfeuern oder Rauchen in der Natur ist daher unbedingt zu unterlassen. Zurzeit ist der Waldbrandgefahrenindex in der Region laut dem Deutschen Wetterdienst durchg\u00e4ngig hoch eingestuft. Des Weiteren wird auf die Pressemitteilungen der Stadt Mannheim\u00a0<a href=\"https:\/\/www.mannheim.de\/de\/presse\/waldbrandgefahr-stadt-erinnert-an-grillverbot-0\" target=\"_blank\" rel=\"noreferrer noopener\">www.mannheim.de\/de\/presse\/waldbrandgefahr-stadt-erinnert-an-grillverbot-0<\/a>\u00a0und der Stadt Heidelberg\u00a0<a href=\"https:\/\/www.heidelberg.de\/hd\/HD\/service\/07_06_2023+waldbrandgefahr+aufgrund+hoher+temperaturen+und+trockenheit.html\" target=\"_blank\" rel=\"noreferrer noopener\">www.heidelberg.de\/hd\/HD\/service\/07_06_2023+waldbrandgefahr+aufgrund+hoher+temperaturen+und+trockenheit.html<\/a>\u00a0verwiesen.<\/strong><\/p>\n\n\n\n<h2 class=\"wp-block-heading\">(Sankt Leon-Rot \/ Rhein-Neckar-Kreis) &#8211; Verkehrsunfall auf der BAB 5 im Kreuzungsbereich zur BAB 6 \/ Mehrere Beteiligte<\/h2>\n\n\n\n<p>Am Sonntag gegen 13.45 Uhr wurde ein Verkehrsunfall mit mehreren beteiligten Fahrzeugen auf der BAB 5 im Kreuzungsbereich zur BAB 6 gemeldet.<\/p>\n\n\n\n<p>Aktuell sind der Rettungsdienst und die Polizei im Einsatz.<\/p>\n\n\n\n<p>Aufgrund des Verkehrsunfalls kommt es zu Verkehrsbehinderungen und Staubildungen im Bereich.<\/p>\n\n\n\n<p>Zum Unfallhergang und dem Ausma\u00df des Unfalls liegen zur Zeit noch keine Informationen vor.<\/p>\n\n\n\n<h3 class=\"wp-block-heading has-text-align-center\">Pressemeldung Nr. 2<\/h3>\n\n\n\n<p>Nach dem Verkehrsunfall auf der BAB 5 ist die Unfallaufnahme vor Ort mittlerweile abgeschlossen. Die Unfallursache ist weiterhin Gegenstand der Ermittlungen der Autobahnpolizei Walldorf. Durch den Unfall entstand ein Sachschaden von insgesamt 20.000EUR. Beide am Unfall beteiligte Fahrzeuge mussten durch eine Fachfirma zeitaufwendig abgeschleppt werden. Ein 52-j\u00e4hriger Unfallbeteiligter wurde leicht verletzt in ein umliegendes Krankenhaus eingeliefert, konnte allerdings zwischenzeitig wieder entlassen werden. Durch den Unfall bildete sich ein R\u00fcckstau von ca. 5 Kilometern L\u00e4nge. Der rechte Fahrstreifen musste f\u00fcr die Reinigungsarbeiten durch die Autobahnmeisterei gesperrt werden.<\/p>\n\n\n\n<h2 class=\"wp-block-heading\">(Eberbach \/ Rhein-Neckar-Kreis) &#8211; Verbaler Streit artet in &#8222;Schl\u00e4gerei&#8220; aus \/ Zeugen gesucht!<\/h2>\n\n\n\n<figure class=\"wp-block-image size-full\"><img decoding=\"async\" loading=\"lazy\" width=\"800\" height=\"533\" src=\"https:\/\/speyer24news.com\/wp-content\/uploads\/2021\/11\/Schlaegerei.jpg\" alt=\"\" class=\"wp-image-42366\" srcset=\"https:\/\/speyer24news.com\/wp-content\/uploads\/2021\/11\/Schlaegerei.jpg 800w, https:\/\/speyer24news.com\/wp-content\/uploads\/2021\/11\/Schlaegerei-300x200.jpg 300w, https:\/\/speyer24news.com\/wp-content\/uploads\/2021\/11\/Schlaegerei-768x512.jpg 768w\" sizes=\"(max-width: 800px) 100vw, 800px\" \/><figcaption class=\"wp-element-caption\">Beispielbild Schl\u00e4gerei \/ K\u00f6rperverletzung, dient lediglich der Visualisierung<\/figcaption><\/figure>\n\n\n\n<p>Bereits am Montag Abend, den 05.06.2023, gegen 20:30 Uhr kam es in der Luisenstra\u00dfe im Bereich des Dr.Schmi\u00dfer-Stifts zu einer k\u00f6rperlichen Auseinandersetzung zwischen mindestens sieben Personen. Bei der Auseinandersetzung wurde ein 22-J\u00e4hriger Mann und dessen gleichaltrige Verlobte verletzt. Eine zun\u00e4chst verbale Streitigkeit artete im weiteren Verlauf so aus, dass die beiden zuvor genannten Personen zu Boden gingen und mit Tritten traktiert wurden. Als sich die Gelgenheit ergab rannten sie zum nahegelegenen Polizeirevier um dort Schutz zu suchen. Durch die Beamten wurden die beiden Personen erstversorgt und es wurden die Ermittlungen bez\u00fcglich der gef\u00e4hrlichen K\u00f6rperverletzung aufgenommen.<\/p>\n\n\n\n<ul>\n<li><strong>Zeugen, die das Geschehen beobachten konnten bzw. denen verd\u00e4chtige Personen in Tatortn\u00e4he aufgefallen sind, werden gebeten, sich mit dem Polizeirevier Eberbach, Tel: 06271 \/ 9210-126, in Verbindung zu setzen.<\/strong><\/li>\n<\/ul>\n\n\n\n<h2 class=\"wp-block-heading\">(Heddesheim \/ Rhein-Neckar-Kreis) &#8211; Verkehrsunfall mit zwei verletzten Personen zwischen Quad und Motorrad, Zeugenaufruf !<\/h2>\n\n\n\n<p>In der Nacht von Samstag auf Sonntag gegen 01:40 Uhr ereignete sich auf der L631 zwischen Heddesheim und Ladenburg ein Verkehrsunfall zwischen einem 24-J\u00e4hrigen Motorradfahrer und einem 25-j\u00e4hrigen Quadfahrer. Nach derzeitigem Stand der Unfallermittlungen fuhr der Motorradfahrer von hinten auf das vor ihm fahrende Quad auf, woraufhin sowohl das Motorrad als auch der Fahrer nach links auf ein Feld geschleudert wurden. Beide Fahrzeugf\u00fchrer wurden sow verletzt, dass sie durch den Rettungsdienst zur weiteren \u00e4rztlichen Versorgung in nahegelegene Krankenh\u00e4user verbracht werden mussten. Der Quadfahrer konnte nach der Behandlung entlassen werden, der Motorradfahrer wurde zun\u00e4chst station\u00e4r aufgenommen. Die weiteren Ermittlungen werden durch das Autobahnpolizeirevier Mannheim Seckenheim durchgef\u00fchrt. Zeugen, die sachdienliche Hinweise geben k\u00f6nnen, werden gebeten, sich mit dem Verkehrsdienst Mannheim, Tel.: 0621 \/ 47093-0, in Verbindung zu setzen.<\/p>\n","protected":false},"excerpt":{"rendered":"<div class=\"mh-excerpt\"><p>Polizeimeldungen vom Sonntag (11.06.2023) (Speyer) &#8211; Ladendiebstahl mit Messer Am 10.06.2023 gegen 17:00 Uhr konnte durch einen Ladendetektiv eines Kaufhauses in der Maximilianstra\u00dfe beobachtet werden, wie ein 14-j\u00e4hriger Jugendlicher mehrfach Kleidungsst\u00fccke mit in die Umkleidekabine <a class=\"mh-excerpt-more\" href=\"https:\/\/speyer24news.com\/?p=52783\" title=\"Polizeimeldungen Sonntag (11.06.2023)\">[&#8230;]<\/a><\/p>\n<\/div>","protected":false},"author":3,"featured_media":26162,"comment_status":"open","ping_status":"open","sticky":false,"template":"","format":"standard","meta":{"_monsterinsights_skip_tracking":false,"_monsterinsights_sitenote_active":false,"_monsterinsights_sitenote_note":"","_monsterinsights_sitenote_category":0,"footnotes":""},"categories":[15659],"tags":[7243,7244,3614,350,14537,15084,15267,14538,15361,15845,702,61,2555,6955,6986,6263,63,105,11150,6987,53,4854,13534,4683,1548,4905,11592,102,13626,213,14325,14324,13553,13541,55,8277,6368,5261,103,106,2803,2423,427,2625,380,62,104,979,1565],"aioseo_notices":[],"amp_enabled":true,"_links":{"self":[{"href":"https:\/\/speyer24news.com\/index.php?rest_route=\/wp\/v2\/posts\/52783"}],"collection":[{"href":"https:\/\/speyer24news.com\/index.php?rest_route=\/wp\/v2\/posts"}],"about":[{"href":"https:\/\/speyer24news.com\/index.php?rest_route=\/wp\/v2\/types\/post"}],"author":[{"embeddable":true,"href":"https:\/\/speyer24news.com\/index.php?rest_route=\/wp\/v2\/users\/3"}],"replies":[{"embeddable":true,"href":"https:\/\/speyer24news.com\/index.php?rest_route=%2Fwp%2Fv2%2Fcomments&post=52783"}],"version-history":[{"count":1,"href":"https:\/\/speyer24news.com\/index.php?rest_route=\/wp\/v2\/posts\/52783\/revisions"}],"predecessor-version":[{"id":52788,"href":"https:\/\/speyer24news.com\/index.php?rest_route=\/wp\/v2\/posts\/52783\/revisions\/52788"}],"wp:featuredmedia":[{"embeddable":true,"href":"https:\/\/speyer24news.com\/index.php?rest_route=\/wp\/v2\/media\/26162"}],"wp:attachment":[{"href":"https:\/\/speyer24news.com\/index.php?rest_route=%2Fwp%2Fv2%2Fmedia&parent=52783"}],"wp:term":[{"taxonomy":"category","embeddable":true,"href":"https:\/\/speyer24news.com\/index.php?rest_route=%2Fwp%2Fv2%2Fcategories&post=52783"},{"taxonomy":"post_tag","embeddable":true,"href":"https:\/\/speyer24news.com\/index.php?rest_route=%2Fwp%2Fv2%2Ftags&post=52783"}],"curies":[{"name":"wp","href":"https:\/\/api.w.org\/{rel}","templated":true}]}}