{"id":52805,"date":"2023-06-15T07:17:33","date_gmt":"2023-06-15T06:17:33","guid":{"rendered":"https:\/\/speyer24news.com\/?p=52805"},"modified":"2023-06-15T07:17:36","modified_gmt":"2023-06-15T06:17:36","slug":"polizeimeldungen-mittwoch-14-06-2023","status":"publish","type":"post","link":"https:\/\/speyer24news.com\/?p=52805","title":{"rendered":"Polizeimeldungen Mittwoch (14.06.2023)"},"content":{"rendered":"<style type=\"text\/css\">\r\n\t.ads_top_disp{}\r\n\t.ads_top_corner_disp{ float:left; margin:0px 10px 10px 0px; }\r\n\t.ads_first_p_disp{}\r\n\t.ads_bottom_disp{}\r\n\t<\/style>\n<h2 class=\"wp-block-heading\">Polizeimeldungen vom Mittwoch (14.06.2023)<\/h2>\n\n\n<div class=\"wp-block-image\">\n<figure class=\"aligncenter size-full\"><img decoding=\"async\" loading=\"lazy\" width=\"375\" height=\"500\" src=\"https:\/\/speyer24news.com\/wp-content\/uploads\/2022\/03\/Aktuelles-Polizeilogo.jpg\" alt=\"\" class=\"wp-image-43591\" srcset=\"https:\/\/speyer24news.com\/wp-content\/uploads\/2022\/03\/Aktuelles-Polizeilogo.jpg 375w, https:\/\/speyer24news.com\/wp-content\/uploads\/2022\/03\/Aktuelles-Polizeilogo-225x300.jpg 225w\" sizes=\"(max-width: 375px) 100vw, 375px\" \/><\/figure><\/div>\n\n\n<h2 class=\"wp-block-heading\">(Speyer) &#8211; Bedrohung und Beleidigung am Spielplatz<\/h2>\n\n\n<div class=\"wp-block-image\">\n<figure class=\"aligncenter size-full\"><img decoding=\"async\" loading=\"lazy\" width=\"801\" height=\"600\" src=\"https:\/\/speyer24news.com\/wp-content\/uploads\/2020\/05\/Zeugen-gesucht-Neutral.jpg\" alt=\"\" class=\"wp-image-26598\" srcset=\"https:\/\/speyer24news.com\/wp-content\/uploads\/2020\/05\/Zeugen-gesucht-Neutral.jpg 801w, https:\/\/speyer24news.com\/wp-content\/uploads\/2020\/05\/Zeugen-gesucht-Neutral-300x225.jpg 300w, https:\/\/speyer24news.com\/wp-content\/uploads\/2020\/05\/Zeugen-gesucht-Neutral-768x575.jpg 768w, https:\/\/speyer24news.com\/wp-content\/uploads\/2020\/05\/Zeugen-gesucht-Neutral-678x509.jpg 678w, https:\/\/speyer24news.com\/wp-content\/uploads\/2020\/05\/Zeugen-gesucht-Neutral-326x245.jpg 326w, https:\/\/speyer24news.com\/wp-content\/uploads\/2020\/05\/Zeugen-gesucht-Neutral-80x60.jpg 80w\" sizes=\"(max-width: 801px) 100vw, 801px\" \/><\/figure><\/div>\n\n\n<p>Am 13.06.2023 gegen 15:20 Uhr betreuten ein 35-J\u00e4hriger und eine 16-j\u00e4hrige eine Gruppe von 9 Kindern auf dem Spielplatz in der Heinrich-Heine-Stra\u00dfe. Im Rahmen eines Fu\u00dfballspiels der Kinder wurde ein abgestelltes Fahrrad versehentlich getroffen und fiel zu Boden. Der 35-J\u00e4hrige entschuldigte sich bei dem bislang unbekannten Mann f\u00fcr das Missgeschick, woraufhin dieser begann die Gruppe und insbesondere die Aufsichtspersonen zu beleidigen und zu bedrohen. Der unbekannte Tatverd\u00e4chtige verlie\u00df die \u00d6rtlichkeit mit seinen Bekannten bevor die Polizei eintraf. <\/p>\n\n\n\n<h4 class=\"wp-block-heading\">Er wurde wie folgt beschrieben: <\/h4>\n\n\n\n<ul>\n<li><strong>schwarzes \u00e4rmelloses Shirt<\/strong><\/li>\n\n\n\n<li><strong>rote kurze Sporthose<\/strong><\/li>\n\n\n\n<li><strong>schwarze Bauchtasche<\/strong><\/li>\n\n\n\n<li><strong>schlank<\/strong><\/li>\n\n\n\n<li><strong>blonde kurze Haare<\/strong><\/li>\n\n\n\n<li><strong>3 Tage Bart<\/strong><\/li>\n\n\n\n<li><strong>ca. 1,75m <\/strong><\/li>\n\n\n\n<li><strong>ca. 25 Jahre<\/strong><\/li>\n<\/ul>\n\n\n\n<ul>\n<li><strong>Zeugen, die Angaben zu der gesuchten Person machen k\u00f6nnen, werden gebeten, sich bei der Polizei Speyer unter Tel. 06232 \/ 137-0 oder per E-Mail an\u00a0<a href=\"mailto:%20pispeyer@polizei.rlp.de\">pispeyer@polizei.rlp.de<\/a>\u00a0zu wenden.<\/strong><\/li>\n<\/ul>\n\n\n\n<h2 class=\"wp-block-heading\">(Speyer) &#8211; Mann f\u00e4hrt \u00fcber rote Ampel \/ Zeugen\/Gesch\u00e4digte gesucht<\/h2>\n\n\n\n<p>Am 13.06.2023 um 12:50 Uhr fuhr ein 78-j\u00e4hriger Mann mit seinem blauen Audi von der Sch\u00fctzenstra\u00dfe kommend ungebremst \u00fcber eine rote Ampel in den Kreuzungsbereich Landauer-\/Gilgenstra\u00dfe. Ein von links kommender PKW mit GER-Kennzeichen bremste bis zum Stillstand ab. Ein von rechts kommender PKW hatte noch ausreichend Platz um sich rollen zu lassen. Der blaue PKW-Fahrer bremste vor der Fu\u00dfg\u00e4ngerfurt ab. Zu diesem Zeitpunkt befand sich dort eine Fu\u00dfg\u00e4ngerin.<\/p>\n\n\n\n<ul>\n<li><strong>Zeugen oder Gesch\u00e4digte des Fahrman\u00f6vers werden geben sich bei der Polizei in Speyer zu melden. Sachdienliche Hinweise werden unter der Telefonnummer 06232 \/ 137 &#8211; 0 oder per E-Mail an\u00a0<a href=\"mailto:%20pispeyer@polizei.rlp.de\">pispeyer@polizei.rlp.de<\/a>\u00a0entgegengenommen.<\/strong><\/li>\n<\/ul>\n\n\n\n<h2 class=\"wp-block-heading\">(Speyer) &#8211; Diebstahl Kajak<\/h2>\n\n\n\n<p>Im Zeitraum vom 06.06.2023, 20:30 Uhr bis 08.06.2023, 09:30 Uhr entwendeten unbekannte T\u00e4ter ein aufblasbares Kajak in einer schwarzen Tasche mit Hai-Emblem aus einer Tiefgargage in der Carl-Dupr\u00e9-Stra\u00dfe. Das blaurote Kajak wiegt ca. 24kg und hatte einen Wert von ca. 890EUR.<\/p>\n\n\n\n<ul>\n<li><strong>Die Polizei bittet um Zeugenhinweise. Wer hat zur fraglichen Zeit etwas Verd\u00e4chtiges wahrgenommen? Sachdienliche Hinweise werden unter der Telefonnummer 06232 \/ 137 &#8211; 0 oder per E-Mail an\u00a0<a href=\"mailto:%20pispeyer@polizei.rlp.de\">pispeyer@polizei.rlp.de<\/a>\u00a0entgegengenommen.<\/strong><\/li>\n<\/ul>\n\n\n\n<h2 class=\"wp-block-heading\">(B\u00f6hl-Iggelheim) &#8211; Fl\u00e4chenbrand<\/h2>\n\n\n\n<p>Vermutlich aufgrund eines technischen Defektes geriet am Montagnachmittag auf einem Feld parallel zur Hanhofer Stra\u00dfe eine Heupresse in Brand. Zuvor hatte diese mehrere Rundballen gepresst, danach h\u00e4tten sich Heureste im Inneren der Maschine Feuer gefangen. Bedingt durch die Trockenheit des Feldes breitete sich der Brand schnell auf einer Fl\u00e4che von 150 x 30 m aus. Insgesamt entstand ein Sachschaden in H\u00f6he von ca. 40.000 Euro. Die Feuerwehren Ha\u00dfloch und B\u00f6hl-Iggelheim waren mit insgesamt 67 Mann zur Brandbek\u00e4mpfung im Einsatz.<\/p>\n\n\n\n<h2 class=\"wp-block-heading\">(Dannstadt-Schauernheim) &#8211; Drei Leichtverletzte und knapp 40.000 Euro Sachschaden<\/h2>\n\n\n\n<p>Zu einem schweren Verkehrsunfall mit zwei leichtverletzten Personen, davon ein 6-j\u00e4hriges Kind, und einem Sachschaden von ca. 40.000 Euro kam es am Montagmittag auf der L454 in Dannstadt-Schauernheim. Zuvor hatte ein 82-j\u00e4hriger Fahrzeuglenker aus Schifferstadt beim Abbiegen von der Abfahrt der A65 auf die Speyerer Stra\u00dfe vermutlich das Gaspedal mit der Bremse verwechselt und kollidierte mit dem vorbeifahrenden Fahrzeug einer 55-j\u00e4hrigen aus Birkenheide. Diese verlor daraufhin die Kontrolle \u00fcber ihr Fahrzeug, \u00fcberschlug sich und kam in einem Gr\u00fcnstreifen zum Stehen. Der Unfallverursacher selbst wurde durch einen ausgel\u00f6sten Airbag leicht verletzt. Die Verletzten wurden im Anschluss in umliegende Krankenh\u00e4user verbracht. Beide Fahrzeuge waren nicht mehr fahrbereit und mussten abgeschleppt werden. Aufgrund der Einsatzma\u00dfnahmen vor Ort war die Unfallstelle f\u00fcr knapp 2 \u00bd Stunden gesperrt.<\/p>\n\n\n\n<h2 class=\"wp-block-heading\">(Schwegenheim) &#8211; Zeugen gesucht<\/h2>\n\n\n\n<p>Am Dienstag, den 13.06.2023 ereignete sich ein augenscheinlich illegales Kraftfahrzeugrennen auf der B272 zwischen Hochstadt und Schwegenheim. Zeugenangaben zu Folge lieferten sich der Fahrer eines Kleinwagens sowie mehrere Motorradfahrer ein Rennen. Die Motorradfahrer h\u00e4tten zudem mehrfach sogenannte &#8222;Wheelies&#8220; durchgef\u00fchrt. Ein entsprechendes Strafverfahren wurde eingeleitet. <\/p>\n\n\n\n<ul>\n<li><strong>Weitere Zeugen, die Angaben zu dem Fahrverhalten der oben genannten Fahrzeuge machen k\u00f6nnen, werden gebeten sich mit der Polizei in Germersheim unter der Telefonnummer 07274\/9580 in Verbindung zu setzen.<\/strong><\/li>\n<\/ul>\n\n\n\n<h2 class=\"wp-block-heading\">(Landau) &#8211; Verkehrsunfall mit 50.000 Euro Sachschaden<\/h2>\n\n\n\n<p>Am 13.06.2023, gegen 23 Uhr, kam es zu einem Verkehrsunfall in der Neustadter Stra\u00dfe in Landau. Der 18-j\u00e4hrige Unfallverursacher befuhr die Zeppelinstra\u00dfe in Fahrtrichtung Osten. An der Kreuzung zur Neustadter Stra\u00dfe missachtete er die Vorfahrt der von links kommenden 26-j\u00e4hrigen Fahrzeugf\u00fchrerin. Die beiden Fahrzeuge stie\u00dfen im Kreuzungsbereich zusammen und wurden stark besch\u00e4digt. Beide Unfallbeteiligte wurden leicht verletzt und in umliegende Krankenh\u00e4user verbracht. An beiden PKWs entstand ein Totalschaden, der sich auf ca. 50.000 Euro bel\u00e4uft. Die beiden Fahrzeuge wurden anschlie\u00dfend abgeschleppt.<\/p>\n\n\n\n<h2 class=\"wp-block-heading\">(Landau) &#8211; Katalysatordiebstahl<\/h2>\n\n\n\n<p>Zwischen dem 09.06.2023, 16 Uhr und dem 13.06.2023, 11:30 Uhr, wurde an einem Fahrzeug in der Albert-Einstein-Stra\u00dfe der Katalysator entwendet. Aktuell liegen keine Hinweise auf einen T\u00e4ter vor. <\/p>\n\n\n\n<ul>\n<li><strong>Sachdienliche Hinweise nimmt die Polizeiinspektion Landau unter der Telefonnummer 06341-287-0 oder per E-Mail unter\u00a0<a href=\"mailto:%20pilandau@polizei.rlp.de\">pilandau@polizei.rlp.de<\/a>\u00a0entgegen<\/strong><\/li>\n<\/ul>\n\n\n\n<h2 class=\"wp-block-heading\">(Annweiler) &#8211; Motorradunfall<\/h2>\n\n\n\n<p>Am Dienstagabend, gegen 21 Uhr kam es zu einem Verkehrsunfall im Wellbachtal. Auf der B48 zwischen Rinnthal und Johanniskreuz ist ein Motorradfahrer gest\u00fcrzt. Der 20-j\u00e4hrige hat in einer Rechtskurve, vermutlich auf Grund nicht angepasster Geschwindigkeiten, die Kontrolle \u00fcber sein Fahrzeug verloren und ist gest\u00fcrzt. Bei dem Sturz zog sich der Motorradfahrer schwere, aber keine lebensgef\u00e4hrlichen Verletzungen zu. Einen weiteren Unfallbeteiligten gab es nicht. Der 20-j\u00e4hrige wurde in eine Landauer Klinik eingeliefert. Auf Grund der Unfallaufnahme musste die B48 mindestens 30 Minuten gesperrt werden.<\/p>\n\n\n\n<h2 class=\"wp-block-heading\">(B 10 bei Rinnthal) &#8211; Schwerer Verkehrsunfall<\/h2>\n\n\n<div class=\"wp-block-image\">\n<figure class=\"aligncenter size-full\"><img decoding=\"async\" loading=\"lazy\" width=\"800\" height=\"600\" src=\"https:\/\/speyer24news.com\/wp-content\/uploads\/2021\/06\/20210606_142751_copy_1209x1612.jpg\" alt=\"\" class=\"wp-image-37601\" srcset=\"https:\/\/speyer24news.com\/wp-content\/uploads\/2021\/06\/20210606_142751_copy_1209x1612.jpg 800w, https:\/\/speyer24news.com\/wp-content\/uploads\/2021\/06\/20210606_142751_copy_1209x1612-300x225.jpg 300w, https:\/\/speyer24news.com\/wp-content\/uploads\/2021\/06\/20210606_142751_copy_1209x1612-768x576.jpg 768w, https:\/\/speyer24news.com\/wp-content\/uploads\/2021\/06\/20210606_142751_copy_1209x1612-678x509.jpg 678w, https:\/\/speyer24news.com\/wp-content\/uploads\/2021\/06\/20210606_142751_copy_1209x1612-326x245.jpg 326w, https:\/\/speyer24news.com\/wp-content\/uploads\/2021\/06\/20210606_142751_copy_1209x1612-80x60.jpg 80w\" sizes=\"(max-width: 800px) 100vw, 800px\" \/><figcaption class=\"wp-element-caption\">Beispielbild Rettungshubschrauber, dient lediglich der Visualisierung.<\/figcaption><\/figure><\/div>\n\n\n<p>Am Mittwoch, den 14.06.2023 kam es gegen 14:45 Uhr auf der B 10 zwischen Rinnthal und Sarnstall zu einem schweren Verkehrsunfall mit insgesamt vier beteiligten Fahrzeugen. Eine 30-J\u00e4hrige Frau aus dem Landkreis S\u00fcdwestpfalz befuhr zusammen mit ihrem Beifahrer die B 10 in Fahrtrichtung Landau. Zwischen Rinnthal und Sarnstall verlor die Verkehrsteilnehmerin die Kontrolle \u00fcber ihren BMW und fuhr auf einen vorausfahrenden LKW auf. Hiernach kollidierte sie mit einem weiteren PKW, der ebenfalls in Fahrtrichtung Landau unterwegs war. Durch den Zusammensto\u00df geriet der VW in den Gegenverkehr und stie\u00df dort mit einem entgegenkommenden LKW zusammen. Der Beifahrer im BMW, sowie die beiden Fahrzeuginsassen des VW wurden in ihren Fahrzeugen eingeklemmt und mussten durch die Feuerwehr befreit werden. Die vier Fahrzeuginsassen der unfallbeteiligten PKW wurden schwer verletzt zur medizinischen Versorgung in umliegende Krankenh\u00e4user gebracht. Der entgegenkommende LKW-Fahrer wurde leicht verletzt und kam ebenfalls in ein Krankenhaus. Die B 10 musste in beide Fahrtrichtungen gesperrt werden. Es waren mehrere Einsatzkr\u00e4fte des Rettungsdienstes, Feuerwehr, ein Notarzt, sowie drei Rettungshubschrauber im Einsatz. Im Rahmen der Unfallaufnahme kam auch eine Drohne der Polizeidirektion Landau zum Einsatz. Die Vollsperrung der B 10 dauert weiterhin an und wird voraussichtlich noch bis 19 Uhr bestehen. Der Sachschaden wird auf mindestens 100.000 Euro gesch\u00e4tzt.<\/p>\n\n\n\n<h2 class=\"wp-block-heading\">(Kleinkarlbach \/ Kirchheim) &#8211; Diebst\u00e4hle und Sachbesch\u00e4digungen in Weinbergen<\/h2>\n\n\n\n<p>Im Verlauf der vergangenen zwei Wochen kam es im Bereich Kleinkarlbach\/Kirchheim zu mehreren Diebst\u00e4hlen von Wingertspf\u00e4hlen aus Metall und Sachbesch\u00e4digungen an Rebst\u00f6cken durch unbekannte T\u00e4ter. Es ist zu vermuten, dass sich die T\u00e4ter vornehmlich auf Weinberge mit metallenen Wingertspf\u00e4hlen konzentrieren, um diese dann als Altmetall zu verkaufen. Die Bev\u00f6lkerung wird darum gebeten, Auff\u00e4lligkeiten, wie ortsfremde Fahrzeuge und verd\u00e4chtige Personen, welche in diesem Bereich, aber auch im gesamten Gebiet der VG Leiningerland unterwegs sind, der Polizeiinspektion in Gr\u00fcnstadt mitzuteilen. Es ergeht auch die Bitte, bereits gesammelte, an Wegen gelagerte Wingertspf\u00e4hle, nach hier zu melden.<\/p>\n\n\n\n<h2 class=\"wp-block-heading\">(Gr\u00fcnstadt) &#8211; Zahlreiche Verkehrsverst\u00f6\u00dfe festgestellt<\/h2>\n\n\n\n<p>Am 14.06.2023 wurden von Kr\u00e4ften der Polizeiinspektion Gr\u00fcnstadt zur Mittagszeit in der Kirchheimer Stra\u00dfe mehrere Verkehrskontrollen durchgef\u00fchrt. Hierbei konnten in weniger als einer Stunde mehrere Verst\u00f6\u00dfe geahndet werden.<\/p>\n\n\n\n<p>Unter den kontrollierten Fahrzeugf\u00fchrern konnten insgesamt drei Personen ohne angelegten Sicherheitsgurt festgestellt werden, was ein Verwarnungsgeld von 30 Euro nach sich zieht.<\/p>\n\n\n\n<p>Sieben Fahrzeugf\u00fchrer verwendeten ein Mobiltelefon w\u00e4hrend der Fahrt. Der Bu\u00dfgeldkatalog sieht hierf\u00fcr ein Bu\u00dfgeld in H\u00f6he von 100 Euro und einen Punkt im Verkehrszentralregister vor.<\/p>\n\n\n\n<h2 class=\"wp-block-heading\">(A 61 \/ Frankenthal) &#8211; Pkw \u00fcbersieht Lkw beim Auffahren auf die A61 und \u00fcberschl\u00e4gt sich. Linke Spur gesperrt.<\/h2>\n\n\n<div class=\"wp-block-image\">\n<figure class=\"aligncenter size-full\"><img decoding=\"async\" loading=\"lazy\" width=\"800\" height=\"598\" src=\"https:\/\/speyer24news.com\/wp-content\/uploads\/2023\/06\/2.jpg\" alt=\"\" class=\"wp-image-52806\" srcset=\"https:\/\/speyer24news.com\/wp-content\/uploads\/2023\/06\/2.jpg 800w, https:\/\/speyer24news.com\/wp-content\/uploads\/2023\/06\/2-300x224.jpg 300w, https:\/\/speyer24news.com\/wp-content\/uploads\/2023\/06\/2-768x574.jpg 768w, https:\/\/speyer24news.com\/wp-content\/uploads\/2023\/06\/2-326x245.jpg 326w, https:\/\/speyer24news.com\/wp-content\/uploads\/2023\/06\/2-80x60.jpg 80w\" sizes=\"(max-width: 800px) 100vw, 800px\" \/><\/figure><\/div>\n\n\n<p>Am Mittwoch, den 14.06.2023, kam es gegen 06.13 Uhr auf der A61 in Richtung Koblenz, auf H\u00f6he des Autobahnkreuzes Frankenthal zu einem Verkehrsunfall. Ein 71-j\u00e4hriger VW-Fahrer wollte mit seinem Auto von der A6 aus Richtung Mannheim kommend auf die A61 Richtung Koblenz auffahren. Hierbei \u00fcbersah er den auf dem rechten Fahrstreifen fahrenden Lkw eines 64-J\u00e4hrigen. Der VW wurde durch den Ansto\u00df gedreht, \u00fcberschlug sich und blieb auf dem linken Fahrstreifen auf dem Dach liegen. Der VW-Fahrer wurde bei dem Unfall gl\u00fccklicherweise nur leicht verletzt. Der Lkw-Fahrer blieb unverletzt.<\/p>\n\n\n\n<p>Durch den Verkehrsunfall entstand ein Sachschaden von rund 20000EUR. Au\u00dferdem musste der linke Fahrstreifen an der Unfallstelle bis ca. 08.00 Uhr f\u00fcr die Bergung und Fahrbahnreinigung gesperrt werden.<\/p>\n\n\n\n<p>Neben der Polizei und dem Rettungsdienst war die Feuerwehr Ludwigshafen, sowie die Autobahnmeisterei Gau-Bickelheim im Einsatz.<\/p>\n\n\n\n<h2 class=\"wp-block-heading\">(Frankenthal) &#8211; Verkehrsunfallflucht mit leichtverletztem Kind<\/h2>\n\n\n\n<p>Am 13.06.2023, gegen 12.30 Uhr, befuhr die 12-j\u00e4hrige Fahrradfahrerin die Wormser Stra\u00dfe auf dem Fahrradweg in Richtung Industriestra\u00dfe. Als sie an der Kreuzung zum Nordring diesen bei gr\u00fcn \u00fcberqueren wollte, wurde sie durch einen abbiegenden Pkw leicht touchiert und fiel zur Seite. Hierbei verletzte sie sich leicht. Bei dem fl\u00fcchtigen Pkw soll es sich um einen wei\u00dfen Kleinwagen mit FT-Kennzeichen gehandelt haben.<\/p>\n\n\n\n<ul>\n<li><strong>Zeugen werden gebeten sich an die Polizeiinspektion Frankenthal unter der Tel.-Nr.: 06233\/313-0 oder an die Polizeiwache Maxdorf unter der Tel.-Nr.: 06237\/934-1100 zu wenden. Gerne nehmen wir Ihre Hinweise auch per E-Mail unter\u00a0<a href=\"mailto:%20pifrankenthal@polizei.rlp.de\">pifrankenthal@polizei.rlp.de<\/a>\u00a0entgegen.<\/strong><\/li>\n<\/ul>\n\n\n\n<h2 class=\"wp-block-heading\">(A 61 \/ Worms) &#8211; Mehrere Strafanzeigen nach Verkehrskontrolle<\/h2>\n\n\n\n<p>Am Dienstag, den 13.06.2023, kontrollierten Beamte der Polizeiautobahnstation Ruchheim gegen 22:45 Uhr einen PKW auf dem Parkplatz &#8222;Kurzgewann&#8220; an der A 61. Direkt zu Beginn der Kontrolle entgegnete der bereits erheblich vorbestrafte 38-j\u00e4hrige Fahrer, dass er keinen F\u00fchrerschein habe. Zudem nahmen die Beamten aus dem Fahrzeuginneren Marihuana-Geruch war. Hierauf angesprochen h\u00e4ndigte die 40-j\u00e4hrige Beifahrerin freiwillig 5 Gramm Marihuana aus. Gleichzeitig r\u00e4umte der Fahrer den Konsum des Bet\u00e4ubungsmittels ein. Der im Anschluss durchgef\u00fchrte Drogenschnelltest best\u00e4tigte seine Aussage und brachte zus\u00e4tzlich den vorangegangenen Konsum von Amphetamin und Methanphetamin ans Licht. Dem Fahrzeugf\u00fchrer wurde daraufhin eine Blutprobe entnommen. Er wird sich wegen des Fahrens ohne Fahrerlaubnis sowie einer Trunkenheitsfahrt verantworten m\u00fcssen. Gegen seine Lebensgef\u00e4hrtin wurde eine Strafanzeige wegen des Versto\u00dfes gegen das Bet\u00e4ubungsmittelgesetz gefertigt.<\/p>\n\n\n\n<h2 class=\"wp-block-heading\">(Ludwigshafen) &#8211; Versuchter Autoeinbruch \/ Tatverd\u00e4chtiger ermittelt<\/h2>\n\n\n\n<p>In der Nacht auf Mittwoch (14.06.2023), gegen 2:15 Uhr, meldete ein Zeuge eine verd\u00e4chtige Person. Die alarmierten Polizeikr\u00e4fte konnten die beschriebene Person, einen 15-J\u00e4hriger, in der Bgm.-Kutterer-Stra\u00dfe neben einem Auto kontrollieren. An dem Auto waren Spuren eines versuchten Einbruchs erkennbar. Der Schaden wird auf rund 1.500 Euro gesch\u00e4tzt. Ob der Jugendliche f\u00fcr den versuchten Einbruch verantwortlich ist, ist Bestandteil der laufenden Ermittlungen.<\/p>\n\n\n\n<h2 class=\"wp-block-heading\">(Ludwigshafen) &#8211; Alkoholisiert aus dem Verkehr gezogen<\/h2>\n\n\n\n<p>Am sp\u00e4ten Dienstagabend (13.06.2023) gegen 23 Uhr, kontrollierten Polizeikr\u00e4fte eine 57-j\u00e4hrige Autofahrerin in der Leininger Stra\u00dfe. Die Beamten konnten bei der Fahrerin Alkohol riechen. Ein Atemalkoholvortest ergab einen Wert von 0,66 Promille. Auf der Polizeidienststelle f\u00fchrte die 57-J\u00e4hrige einen weiteren Atemalkoholtest mit einem gerichtsverwertbaren Ger\u00e4t durch. Dieser Test ergab eine Atemalkoholkonzentration von 0,28 mg\/L. Die Fahrerin erwartet nun ein Ordnungswidrigkeitenverfahren mit einem Bu\u00dfgeld von bis zu 3.000 Euro und einem Fahrverbot.<\/p>\n\n\n\n<h2 class=\"wp-block-heading\">(Ludwigshafen) &#8211; Sachbesch\u00e4digung \/ Zeugen gesucht<\/h2>\n\n\n\n<p>Am Dienstagabend (13.06.2023), gegen 22 Uhr, wurde die Polizei Ludwigshafen zu einer Sachbesch\u00e4digung in der Berliner Stra\u00dfe (H\u00f6he Hausnummer 23) gerufen. Zeugen hatten 5 &#8211; 6 Jugendliche beobachtet, wie diese mit Steinen auf geparkte Autos geworfen haben. Die Jugendlichen konnten noch vor Eintreffen der Polizeikr\u00e4fte fl\u00fcchten. Die Beamten konnten ein besch\u00e4digtes Auto vorfinden. Die Schadensh\u00f6he wird auf 300 Euro gesch\u00e4tzt.<\/p>\n\n\n\n<ul>\n<li><strong>Die T\u00e4ter seinen m\u00e4nnlich und ca. 10 &#8211; 13 Jahre alt. Einer der T\u00e4ter habe ein wei\u00dfes T-Shirt der Marke Adidas und ein weiterer habe ein T-Shirt der Marke Alpha Industries getragen.<\/strong><\/li>\n\n\n\n<li><strong>Wer hat die Tat beobachtet oder kann Hinweise zu den fl\u00fcchtigen T\u00e4tern geben?<\/strong><\/li>\n\n\n\n<li><strong>Sachdienliche Hinweise bitte an die Polizeiinspektion Ludwigshafen 1, Telefonnummer 0621 963-2122 oder per E-Mail\u00a0<a href=\"mailto:%20piludwigshafen1@polizei.rlp.de\">piludwigshafen1@polizei.rlp.de<\/a>\u00a0.<\/strong><\/li>\n<\/ul>\n\n\n\n<h2 class=\"wp-block-heading\">(Ludwigshafen) &#8211; Widerstand gegen Vollstreckungsbeamte<\/h2>\n\n\n<div class=\"wp-block-image\">\n<figure class=\"aligncenter size-full\"><img decoding=\"async\" loading=\"lazy\" width=\"800\" height=\"533\" src=\"https:\/\/speyer24news.com\/wp-content\/uploads\/2021\/10\/Festnahme-Handschellen.jpg\" alt=\"\" class=\"wp-image-41224\" srcset=\"https:\/\/speyer24news.com\/wp-content\/uploads\/2021\/10\/Festnahme-Handschellen.jpg 800w, https:\/\/speyer24news.com\/wp-content\/uploads\/2021\/10\/Festnahme-Handschellen-300x200.jpg 300w, https:\/\/speyer24news.com\/wp-content\/uploads\/2021\/10\/Festnahme-Handschellen-768x512.jpg 768w\" sizes=\"(max-width: 800px) 100vw, 800px\" \/><figcaption class=\"wp-element-caption\">Beispielbild Handschelle \/ Verhaftung, dient lediglich der Visualisierung<\/figcaption><\/figure><\/div>\n\n\n<p>Am 13.06.2023, gegen 17:30 Uhr, erhielt ein 18-J\u00e4hriger in der Otto-Stabel-Stra\u00dfe durch den Kommunalen Vollzugsdienst (KVD) einen Platzverweis. Statt diesem nachzukommen, schubste der junge Mann einen 38-J\u00e4hrigen. Dieser blieb unverletzt. Der 18-J\u00e4hrige musste daraufhin zu Boden gebracht und fixiert werden. Hierbei wurde er leicht verletzt. Ein freiwillig durchgef\u00fchrter Atemalkoholtest ergab einen Wert von 3,18 Promille. Er wurde zur Polizeidienststelle verbracht, dort wurde ihm eine Blutprobe entnommen.<\/p>\n\n\n\n<p>Der 18-J\u00e4hrige wird sich nun wegen des Widerstands gegen Vollstreckungsbeamte verantworten m\u00fcssen.<\/p>\n\n\n\n<h2 class=\"wp-block-heading\">(Ludwigshafen) &#8211; Krad-Fahrer bei Unfall verletzt<\/h2>\n\n\n\n<p>Als ein 24-j\u00e4hriger Autofahrer und ein 60-j\u00e4hriger Krad-Fahrer am Dienstagmittag (13.06.2023, 14:10 Uhr) in der Mannheimer Stra\u00dfe auf das Gel\u00e4nde einer Tankstelle abbiegen wollten, kam es zum Unfall. Hierbei wurde der Krad-Fahrer durch die Kollision mit dem Auto leicht verletzt. Er wurde in ein Krankenhaus verbracht. An beiden Fahrzeugen entstand ein Sachschaden von insgesamt etwa 8.000 Euro.<\/p>\n\n\n\n<h2 class=\"wp-block-heading\">(Ludwigshafen) &#8211; Ladendieb gelingt Flucht<\/h2>\n\n\n\n<p>Eine Mitarbeiterin eines Lebensmitteldiscounters in der Mannheimer Stra\u00dfe meldete am 13.06.2023 gegen 14:00 Uhr \u00fcber Notruf, dass sie, sowie weitere Mitarbeitende vergeblich versucht hatte, einen Ladendieb an der Flucht zu hindern. Der Mann habe zun\u00e4chst Lebensmittel und Alkoholika in Taschen verstaut und sei dann in Richtung Ausgang gelaufen. Im Kassenbereich habe eine Mitarbeiterin versucht, ihn aufzuhalten. Hierauf stie\u00df der Mann sie weg und rannte in Richtung des Parkplatzes. Die Mitarbeiterin blieb unverletzt. Der Mann konnte schlie\u00dflich ohne Beute unerkannt fl\u00fcchten.<\/p>\n\n\n\n<h4 class=\"wp-block-heading\">Die Mitarbeitenden beschrieben ihn wie folgt: <\/h4>\n\n\n\n<ul>\n<li><strong>Zwischen 40 und 50 Jahre alt<\/strong><\/li>\n\n\n\n<li><strong>etwa 1,72-1,80 m gro\u00df<\/strong><\/li>\n\n\n\n<li><strong>Dreitagebart<\/strong><\/li>\n\n\n\n<li><strong>sehr schlank<\/strong><\/li>\n<\/ul>\n\n\n\n<ul>\n<li><strong>Sie k\u00f6nnen Angaben zu dem Mann machen? Hinweise werden an die Polizeiwache Oggersheim unter Tel. 0621 963 &#8211; 2403 oder per E-Mail\u00a0<a href=\"mailto:pwoggersheim@polizei.rlp.de\" target=\"_blank\" rel=\"noreferrer noopener\">pwoggersheim@polizei.rlp.de<\/a>\u00a0erbeten.<\/strong><\/li>\n<\/ul>\n\n\n\n<h2 class=\"wp-block-heading\">(Ludwigshafen) &#8211; Mehrere Br\u00e4nde in Ludwigshafen<\/h2>\n\n\n\n<p>Am Dienstag (13.06.2023) kam es zu drei Br\u00e4nden in Ludwigshafen.<\/p>\n\n\n\n<p>Am fr\u00fchen Morgen, gegen 4 Uhr, geriet eine Matratze in einer Wohnung in der Bayreuther Stra\u00dfe in Brand. Durch das entstandene Feuer entstand ein Sachschaden in H\u00f6he von rund 30.000 Euro. Verletzt wurde niemand.<\/p>\n\n\n\n<p>In der Carl-Bosch-Stra\u00dfe kam es am 13.06.2023, gegen 13 Uhr, zu einem Brand eines Anbaus eines derzeit leerstehenden Supermarkts. Der Anbau brannte vollst\u00e4ndig aus. Ein Dachblech sowie die Dachbegr\u00fcnung des Supermarkts wurden leicht besch\u00e4digt. Das Feuer griff nicht auf einen benachbarten Wohnkomplex \u00fcber. Insgesamt entstand ein Sachschaden von etwa 25.000 Euro.<\/p>\n\n\n\n<p>Auch auf dem Dach eines Einfamilienhauses in der Luitpoldstra\u00dfe kam es am Dienstagmittag (13.06.2023, gegen 13:15 Uhr) zu einem Brand. Hierdurch entstand ein Sachschaden von etwa 5.000 Euro. Zu Sch\u00e4den im Geb\u00e4ude kam es nicht.<\/p>\n\n\n\n<p>In allen drei F\u00e4llen hat die Kriminalpolizei die Ermittlungen zur Brandursache aufgenommen. Ein Zusammenhang zwischen den Br\u00e4nden besteht nach derzeitigem Ermittlungsstand nicht.<\/p>\n\n\n\n<h2 class=\"wp-block-heading\">(Ludwigshafen) &#8211; R\u00fcttelplatte aus Container gestohlen<\/h2>\n\n\n\n<p>Der Container einer Rohreinigungsfirma wurde zwischen dem 06.06.2023, 18 Uhr, und dem 13.06.2023, 8 Uhr, in der Mittelpartstra\u00dfe aufgebrochen. Aus dem Innern wurde eine R\u00fcttelplatte gestohlen. Hierdurch entstand ein Sachschaden von etwa 5.000 Euro.<\/p>\n\n\n\n<ul>\n<li><strong>Hinweise werden an die Polizeiwache Oggersheim unter Tel. 0621 963 &#8211; 2403 oder per E-Mail\u00a0<a href=\"mailto:%20pwoggersheim@polizei.rlp.de\">pwoggersheim@polizei.rlp.de<\/a>\u00a0erbeten.<\/strong><\/li>\n<\/ul>\n\n\n\n<h2 class=\"wp-block-heading\">(Ludwigshafen) &#8211; Rollerfahrer bei Unfall verletzt<\/h2>\n\n\n\n<p>Am Dienstagmorgen (13.06.2023), gegen 6:30 Uhr, st\u00fcrzte ein 49-j\u00e4hriger Rollerfahrer an der Kreuzung Ruchheimer Stra\u00dfe\/Speyerer Stra\u00dfe. Der Rollerfahrer fuhr entgegen der vorgeschriebenen Fahrtrichtung auf die Kreuzung zu und kollidierte mit einem entgegenkommenden Auto. Der 49-J\u00e4hrige wurde durch den Sturz leicht verletzt. Er wurde vom Rettungsdienst in ein Krankenhaus gebracht.<\/p>\n\n\n\n<h2 class=\"wp-block-heading\">(Ludwigshafen) &#8211; Einbruchsversuch w\u00e4hrend des Urlaubes<\/h2>\n\n\n\n<p>Unbekannte versuchten in der Zeit vom 23.05. bis zum 30.05.2023 in eine Wohnung in der Bexbacher Stra\u00dfe einzubrechen, w\u00e4hrend die Bewohner in Urlaub waren. Bei ihrer R\u00fcckkehr bemerkten sie Aufbruchwerkzeug an der Wohnungst\u00fcr. Ein Schaden ist durch den versuchten Einbruch nicht entstanden.<\/p>\n\n\n\n<p>Damit Sie im oder nach dem Urlaub keine b\u00f6se \u00dcberraschung erleben, treffen Sie geeignete Vorsorgema\u00dfnahmen. Informieren Sie Ihren Nachbarn, Ihre Freunde oder Ihre Bekannten, dass Ihr Haus oder Ihre Wohnung in der Zeit leer steht. Vermeiden Sie eindeutige Zeichen, an denen ein Einbrecher erkennt, dass ein Haus oder eine Wohnung unbewohnt ist.<\/p>\n\n\n\n<h4 class=\"wp-block-heading\">Hier einige Tipps:<\/h4>\n\n\n\n<ul>\n<li><strong>Lassen Sie den Briefkasten leeren<\/strong><\/li>\n\n\n\n<li><strong>Sorgen Sie tempor\u00e4r f\u00fcr Beleuchtung<\/strong><\/li>\n\n\n\n<li><strong>Lassen Sie Rolll\u00e4den nicht permanent geschlossen <\/strong><\/li>\n\n\n\n<li><strong>Sprechen Sie ihre Abwesenheit nicht auf den Anrufbeantworter<\/strong><\/li>\n\n\n\n<li><strong>Posten<\/strong> <strong>Sie keine aktuellen Urlaubsbilder Facebook, Twitter und Co. <\/strong><\/li>\n\n\n\n<li><strong>Verwahren Sie besonders wertvolle Gegenst\u00e4nde in einem Bankschlie\u00dffach<\/strong><\/li>\n<\/ul>\n\n\n\n<h4 class=\"wp-block-heading\"><strong>Weitere Informationen im Internet:\u00a0<a href=\"https:\/\/www.polizei-beratung.de\/\" target=\"_blank\" rel=\"noreferrer noopener\">www.polizei-beratung.de<\/a>\u00a0oder\u00a0<a href=\"https:\/\/www.k-einbruch.de\/\" target=\"_blank\" rel=\"noreferrer noopener\">www.k-einbruch.de<\/a><\/strong><\/h4>\n\n\n\n<h2 class=\"wp-block-heading\">(Mannheim) &#8211; Nicht angemeldete Versammlung sorgt f\u00fcr Verkehrsbeeintr\u00e4chtigung<\/h2>\n\n\n<div class=\"wp-block-image\">\n<figure class=\"aligncenter size-large\"><img decoding=\"async\" loading=\"lazy\" width=\"1024\" height=\"512\" src=\"https:\/\/speyer24news.com\/wp-content\/uploads\/2022\/01\/Demonstration-1024x512.png\" alt=\"\" class=\"wp-image-43221\" srcset=\"https:\/\/speyer24news.com\/wp-content\/uploads\/2022\/01\/Demonstration-1024x512.png 1024w, https:\/\/speyer24news.com\/wp-content\/uploads\/2022\/01\/Demonstration-300x150.png 300w, https:\/\/speyer24news.com\/wp-content\/uploads\/2022\/01\/Demonstration-768x384.png 768w, https:\/\/speyer24news.com\/wp-content\/uploads\/2022\/01\/Demonstration.png 1200w\" sizes=\"(max-width: 1024px) 100vw, 1024px\" \/><\/figure><\/div>\n\n\n<p>Aufgrund einer nicht-angemeldeten Versammlung kommt es aktuell zu Verkehrsbeeintr\u00e4chtigungen im Bereich der Kurpfalzbr\u00fccke in Mannheim. Am Mittwoch gegen 17.30 Uhr hatten sich spontan etwa 30 Personen versammelt und sich als Aufzug in Richtung Innenstadt formiert. Da sich die Personengruppe nicht an die erteilten Auflagen gehalten hat, wurde die Versammlung nach R\u00fccksprache mit der Versammlungsbeh\u00f6rde der Stadt Mannheim aufgel\u00f6st.<\/p>\n\n\n\n<p>Aktuell kommt es aufgrund von Absperrma\u00dfnahmen durch die Polizei zu Verkehrsbeeintr\u00e4chtigungen.<\/p>\n\n\n\n<h3 class=\"wp-block-heading has-text-align-center\">Nicht angemeldete Versammlung aufgel\u00f6st, Beeintr\u00e4chtigung des Verkehrs beendet &#8211; Pressemeldung Nr. 2<\/h3>\n\n\n\n<p>Gegen 17.30 Uhr sorgte eine nicht angemeldete Versammlung von 30 Personen im Bereich der Mannheimer Kurpfalzbr\u00fccke f\u00fcr Verkehrsbeeintr\u00e4chtigungen. Da sich die Personengruppe nicht an die erteilten Auflagen gehalten hat, wurde die Versammlung nach R\u00fccksprache mit der Versammlungsbeh\u00f6rde der Stadt Mannheim aufgel\u00f6st. Personalien wurden festgestellt und Platzverweise erteilt.<\/p>\n\n\n\n<p>Um 19.00 Uhr war die Beeintr\u00e4chtigung des Stra\u00dfenverkehrs beendet.<\/p>\n\n\n\n<h2 class=\"wp-block-heading\">(Mannheim) &#8211; Schl\u00e4gerei in Mannheim-Friedrichfeld mit einer schwer verletzten Person<\/h2>\n\n\n<div class=\"wp-block-image\">\n<figure class=\"aligncenter size-full\"><img decoding=\"async\" loading=\"lazy\" width=\"800\" height=\"533\" src=\"https:\/\/speyer24news.com\/wp-content\/uploads\/2021\/11\/Schlaegerei.jpg\" alt=\"\" class=\"wp-image-42366\" srcset=\"https:\/\/speyer24news.com\/wp-content\/uploads\/2021\/11\/Schlaegerei.jpg 800w, https:\/\/speyer24news.com\/wp-content\/uploads\/2021\/11\/Schlaegerei-300x200.jpg 300w, https:\/\/speyer24news.com\/wp-content\/uploads\/2021\/11\/Schlaegerei-768x512.jpg 768w\" sizes=\"(max-width: 800px) 100vw, 800px\" \/><figcaption class=\"wp-element-caption\">Beispielbild Schl\u00e4gerei \/ K\u00f6rperverletzung, dient lediglich der Visualisierung<\/figcaption><\/figure><\/div>\n\n\n<p>Am Mittwoch um kurz nach 10 Uhr kam es im Saarburger Ring zu Streitigkeiten zwischen mehreren Personen, welche in einer Schl\u00e4gerei m\u00fcndeten. Bei der Auseinandersetzung wurden nach ersten Erkenntnissen 3 Personen verletzt, davon eine schwer. Der Mann musste zur weiteren Behandlung in ein Krankenhaus gebracht werden.<\/p>\n\n\n\n<p>Die genauen Tathintergr\u00fcnde sind Gegenstand der laufenden Ermittlungen des Polizeipr\u00e4sidiums Mannheim.<\/p>\n\n\n\n<h2 class=\"wp-block-heading\">(Mannheim) &#8211; Schwimmbad-Spind aufgebrochen und Wertsachen entwendet \/ Zeugen gesucht!<\/h2>\n\n\n\n<p>In einem Schwimmbad in der Minneburgstra\u00dfe wurden am Montagnachmittag, in einem kurzen Zeitraum zwischen 15:50 Uhr und 16 Uhr Wertgegenst\u00e4nde aus einem verschlossenen Spind entwendet. Als die bisher unbekannte T\u00e4terschaft einen Spind mit einem unbekannten Gegenstand gewaltsam aufgebrochen hatte, nahmen diese anschlie\u00dfend die darin gelagerten Wertgegenst\u00e4nde wie einen Geldbeutel mit rund 90 EUR Bargeld, einer EC-Karte, Ausweis und F\u00fchrerschein sowie weitere 100 EUR, eine EC-Karte, eine Kreditkarte und ein Mobiltelefon an sich und fl\u00fcchteten. Der Diebstahlschaden liegt im mittleren dreistelligen Bereich. Die Eigent\u00fcmerin bemerkte den Diebstahl danach und verst\u00e4ndigte zun\u00e4chst die Badeaufsicht, die dann die Polizei verst\u00e4ndigte. Das Polizeirevier Mannheim-Neckarau hat nun die Ermittlungen wegen des besonders schweren Falls des Diebstahls aufgenommen und bittet Zeugen, die das Geschehen beobachten konnten, sich unter der Telefonnummer 0621 \/ 833970 zu melden.<\/p>\n\n\n\n<h2 class=\"wp-block-heading\">(Mannheim) &#8211; Unter Drogen und ohne F\u00fchrerschein am Steuer<\/h2>\n\n\n\n<p>Der 23-j\u00e4hrige Fahrer eines Mercedes wurde am Dienstag um kurz nach 17:30 Uhr von einer Streife des Polizeireviers Mannheim-K\u00e4fertal angehalten und kontrolliert. Dabei hatten die Beamten den richtigen Riecher, denn der Fahrer rannte, nachdem er sein Auto auf einem Parkplatz an der Wormser Stra\u00dfe geparkt hatte, sofort davon. Nicht ohne Grund, wie sich nach einer kurzen Verfolgung und der anschlie\u00dfenden Festnahme herausstellte. Der 23-J\u00e4hrige war ohne F\u00fchrerschein und unter Drogeneinfluss am Steuer gewesen. Zudem lag noch ein Haftbefehl wegen einer nicht bezahlten Geldstrafe gegen ihn vor. Die 25-j\u00e4hrige Halterin des Mercedes \u00fcbernahm die noch ausstehende Geldforderung, so dass der 23-J\u00e4hrige nach der Abgabe einer Blutprobe wieder auf freien Fu\u00df gesetzt werden konnte.<\/p>\n\n\n\n<p>Ihn erwartet eine Anzeige wegen Trunkenheit im Stra\u00dfenverkehr und Fahren ohne Fahrerlaubnis. Aber auch die Fahrzeughalterin muss mit einer Anzeige rechnen, denn sie hatte dem 23-J\u00e4hrigen ihr Auto \u00fcberlassen, obwohl sie wusste, dass dieser keinen F\u00fchrerschein mehr hatte.<\/p>\n\n\n\n<h2 class=\"wp-block-heading\">(Heidelberg) &#8211; Mehrere Pkw aufgebrochen und Wertgegenst\u00e4nde entwendet \/ Polizei sucht Zeugen!<\/h2>\n\n\n\n<p>Im Zeitraum von Freitagnachmittag, 14:30 Uhr und Dienstagmittag, gegen 12 Uhr gelang es einem oder mehreren bislang unbekannten T\u00e4tern in eine Tiefgarage in der Stra\u00dfe Am Hackteufel einzudringen und hier an einem BMW und einem Fiat zun\u00e4chst die Fensterscheiben einzuschlagen, um anschlie\u00dfend Wertgegenst\u00e4nde zu entwenden. Der gesamte Diebstahl- und Sachschaden liegt im niedrigen vierstelligen Bereich. <\/p>\n\n\n\n<ul>\n<li><strong>Zeugenhinweise nimmt das Polizeirevier Heidelberg-Mitte, unter der Tel.: 06221 \/ 1857-0, entgegen.<\/strong><\/li>\n<\/ul>\n\n\n\n<h2 class=\"wp-block-heading\">(Heidelberg) &#8211; 30-J\u00e4hrigen geschlagen und erpresst \/ Zeugen gesucht!<\/h2>\n\n\n<div class=\"wp-block-image\">\n<figure class=\"aligncenter size-full\"><img decoding=\"async\" loading=\"lazy\" width=\"801\" height=\"600\" src=\"https:\/\/speyer24news.com\/wp-content\/uploads\/2020\/05\/Zeugen-gesucht-Neutral.jpg\" alt=\"\" class=\"wp-image-26598\" srcset=\"https:\/\/speyer24news.com\/wp-content\/uploads\/2020\/05\/Zeugen-gesucht-Neutral.jpg 801w, https:\/\/speyer24news.com\/wp-content\/uploads\/2020\/05\/Zeugen-gesucht-Neutral-300x225.jpg 300w, https:\/\/speyer24news.com\/wp-content\/uploads\/2020\/05\/Zeugen-gesucht-Neutral-768x575.jpg 768w, https:\/\/speyer24news.com\/wp-content\/uploads\/2020\/05\/Zeugen-gesucht-Neutral-678x509.jpg 678w, https:\/\/speyer24news.com\/wp-content\/uploads\/2020\/05\/Zeugen-gesucht-Neutral-326x245.jpg 326w, https:\/\/speyer24news.com\/wp-content\/uploads\/2020\/05\/Zeugen-gesucht-Neutral-80x60.jpg 80w\" sizes=\"(max-width: 801px) 100vw, 801px\" \/><\/figure><\/div>\n\n\n<p>In der Nacht zum Dienstag gegen 2 Uhr wurde ein 30-J\u00e4hriger von zwei bislang unbekannten T\u00e4tern im Bereich der Oberbadgasse geschlagen und aufgefordert, seinen Geldbeutel auszuh\u00e4ndigen.<\/p>\n\n\n\n<p>Die zwei unbekannten T\u00e4ter kamen zuvor mit dem 30-J\u00e4hrigen im Bereich der Unteren Stra\u00dfe vor einer Bar ins Gespr\u00e4ch. Zu dritt gingen sie in Richtung Marktplatz als einer der T\u00e4ter unvermittelt den 30-J\u00e4hrigen im Bereich der Obergasse ins Gesicht schlug. Hiernach griffen beide T\u00e4ter dann den zu Boden gest\u00fcrzten 30-J\u00e4hrigen mit weiteren Schl\u00e4gen und Tritten an. Dabei forderten sie ihn auf, ihnen seinen Geldbeutel auszuh\u00e4ndigen. Dieser Forderung kam der 30-J\u00e4hrige nach. Nachdem die T\u00e4ter das Bargeld im zweistelligen Bereich hieraus entwendeten, fl\u00fcchteten sie in Richtung Heidelberger Schloss. Der 30-J\u00e4hrige wurde leicht verletzt.<\/p>\n\n\n\n<h4 class=\"wp-block-heading\">Die T\u00e4ter werden wie folgt beschrieben:<\/h4>\n\n\n\n<ol>\n<li><strong>T\u00e4ter: circa 176 cm gro\u00df, zwischen 19 und 21 Jahre alt, normale Statur. Er trug braunes, kurzes, zur Seite gek\u00e4mmtes Haar, einen Kinnbart, ein blaues T-Shirt und Jeanshosen.<\/strong><\/li>\n\n\n\n<li><strong>T\u00e4ter: circa 176 cm gro\u00df, zwischen 19 und 21 Jahren alt, normale Statur. Er trug seitlich kurzes, dunkelbraun-schwarzes Haar, eine schwarze Basecap, ein wei\u00dfes T-Shirt und blaue Jeans.<\/strong><\/li>\n<\/ol>\n\n\n\n<ul>\n<li><strong>Die Kriminalpolizeidirektion Heidelberg hat die weiteren Ermittlungen \u00fcbernommen und bittet Zeugen, die Hinweise zu den T\u00e4tern oder der Tat selbst geben k\u00f6nnen, sich unter der Telefonnummer 0621\/174-4444 zu melden.<\/strong><\/li>\n<\/ul>\n\n\n\n<h2 class=\"wp-block-heading\">(Plankstadt \/ Rhein-Neckar-Kreis) &#8211; Vorfahrt missachtet \/ Rollerfahrerin verletzt<\/h2>\n\n\n\n<p>Am Montag fuhr um 15 Uhr eine 45-J\u00e4hrige mit ihrem Daimler \u00fcber die Kreuzung Lessingstra\u00dfe\/ Schillerstra\u00dfe. Dabei missachtete sie die dortige Rechts-vor-Links-Regelung und \u00fcbersah so die Vorfahrt einer 36-j\u00e4hrigen Rollerfahrerin. Es kam zur Kollision der beiden Fahrzeuge und die Rollerfahrerin st\u00fcrzte zu Boden. Sie wurde dabei leicht verletzt. Zur weiteren medizinischen Abkl\u00e4rung wurde die 36-J\u00e4hrige in ein Krankenhaus gebracht. Der Sachschaden an beiden Fahrzeugen wird auf 500 Euro gesch\u00e4tzt.<\/p>\n\n\n\n<p>Die Unfallverursacherin muss sich nun wegen der Vorfahrtsverletzung sowie der fahrl\u00e4ssigen K\u00f6rperverletzung verantworten.<\/p>\n\n\n\n<h2 class=\"wp-block-heading\">(A 6 \/ Schwetzingen \/ Rhein-Neckar-Kreis) &#8211; Brennender PKW auf der BAB 6<\/h2>\n\n\n\n<p>Auf der BAB 6 zwischen der AS Mannheim-Schwetzingen und der AS Schwetzingen-Hockenheim besteht derzeit Gefahr durch einen brennenden PKW. Daher ist die Fahrbahn in Richtung Heilbronn derzeit voll gesperrt. \u00dcber verletzte Personen oder die H\u00f6he des Sachschadens ist derzeit noch nichts bekannt. <em>14.06.2023 \u2013 13:23<\/em><\/p>\n\n\n\n<h3 class=\"wp-block-heading has-text-align-center\">Pressemeldung Nr. 2<\/h3>\n\n\n\n<p>Bei dem brennenden Fahrzeug auf der BAB 6 zwischen der AS Mannheim-Schwetzingen und der AS Schwetzingen-Hockenheim handelte es sich um einen LKW, nicht um einen PKW. Der Brand am Fahrzeug sowie an einem St\u00fcck Wiese neben dem rechten Fahrbahnrand, wo der LKW zum Stehen kam, konnte von der Feuerwehr z\u00fcgig gel\u00f6scht werden. Auch konnte der LKW nach einem Reifenwechsel wieder weiterfahren. Die Fahrspuren in Richtung Heilbronn wurden wieder freigegeben.<\/p>\n\n\n\n<h2 class=\"wp-block-heading\">(Ketsch \/ Rhein-Neckar-Kreis) &#8211; Telefonverteilerkasten mit Graffiti beschmiert \/ Zeugen gesucht!<\/h2>\n\n\n\n<p>Am Dienstagvormittag, um 11:35 Uhr wurde eine Sachbesch\u00e4digung an einem Telefonverteilerkasten in der Karlsruher Stra\u00dfe, Ecke Hebelstra\u00dfe gemeldet. Durch einen bisher unbekannten T\u00e4ter \/ eine unbekannte T\u00e4terin wurde zu einem nicht bekannten Zeitpunkt ein Verteilerkasten mit gr\u00fcner Graffitifarbe bespr\u00fcht. Der Sachschaden wird auf einen niedrigen dreistelligen Betrag gesch\u00e4tzt. <\/p>\n\n\n\n<ul>\n<li><strong>Zeugenhinweise werden unter der Tel: 06202 \/ 61696 entgegengenommen.<\/strong><\/li>\n<\/ul>\n\n\n\n<h2 class=\"wp-block-heading\">(Eberbach \/ Rhein-Neckar-Kreis) &#8211; Auffahrunfall mit 2 Leichtverletzten<\/h2>\n\n\n\n<p>Am 13.06.2023 ereignet sich gegen 08:30 Uhr ein Auffahrunfall mit insgesamt drei beteiligten Fahrzeugen und zwei leicht verletzten Personen. Ein Transporter fuhr auf der G\u00fcterbahnhofstra\u00dfe und wollte nach rechts in den Schafwiesenweg abbiegen. Auf Grund des entgegenkommenden Verkehrs musste der Fahrer jedoch anhalten und warten. Ein hinter ihm befindlicher BMW bremste deshalb ab und hielt hinter dem Transporter. Der nachfolgende, 46-j\u00e4hrige Fahrer eines Kleinbusses registrierte die vor ihm haltenden Fahrzeuge zu sp\u00e4t und fuhr nahezu ungebremst auf den BWM auf. Der wurde auf Grund der Wucht des Aufpralls auf den Transporter geschoben. Dabei verletzten sich die 37-j\u00e4hrige BMW-Fahrerin sowie ihre 9-j\u00e4hrige Tochter leicht. Die Insassen der anderen Fahrzeuge blieben unverletzt. Der Gesamtschaden wird auf 8000 Euro gesch\u00e4tzt.<\/p>\n\n\n\n<p>Ob nun eine \u00fcberh\u00f6hte Geschwindigkeit unfallurs\u00e4chlich war oder noch ein anderes Fehlverhalten als Grund f\u00fcr den Zusammensto\u00df in Frage kommt, wird derzeit noch ermittelt.<\/p>\n\n\n\n<h2 class=\"wp-block-heading\">(Eberbach \/ Rhein-Neckar-Kreis) &#8211; Auto gestreift und davon gefahren \/ Polizei sucht Zeugen<\/h2>\n\n\n\n<p>Am Montag streifte zwischen 07:45 Uhr und 11 Uhr ein bislang unbekanntes Fahrzeug einen in der Carl-Benz-Stra\u00dfe geparkten BMW und entfernte sich unerlaubt von der Unfallstelle. Dabei wurde das geparkte Auto auf der linken Seite komplett zerkratzt. Es entstand ein Schaden von knapp 2000 Euro.<\/p>\n\n\n\n<p>Die Polizei ermittelt nun wegen Unfallflucht.<\/p>\n\n\n\n<ul>\n<li><strong>Zeugen, die sachdienliche Hinweise geben k\u00f6nnen, werden gebeten sich beim Polizeirevier Eberbach, unter der Telefonnummer 06271-9210-0, zu melden.<\/strong><\/li>\n<\/ul>\n\n\n\n<h2 class=\"wp-block-heading\">(Hirschberg an der Bergstra\u00dfe \/ Rhein-Neckar-Kreis) &#8211; Verkehrszeichen durch Aufkleber unbrauchbar gemacht \/ Zeugen gesucht!<\/h2>\n\n\n\n<p>Eine bislang unbekannte T\u00e4terschaft beklebte im Zeitraum zwischen Freitag, den 09.06.2023 gegen 16 Uhr und Montag, den 12.06.2023 gegen 08 Uhr in der Leutershausener Stra\u00dfe, Einm\u00fcndung Obere Bergstra\u00dfe, ein Verkehrszeichen sowie das Zusatzzeichen derart mit Aufklebern, dass diese ausgewechselt werden mussten. Es entstand ein Sachschaden im zweistelligen Bereich.<\/p>\n\n\n\n<ul>\n<li><strong>Der Polizeiposten Schriesheim hat die weiteren Ermittlungen wegen Sachbesch\u00e4digung aufgenommen. Zeugen, die sachdienliche Hinweise geben k\u00f6nnen, werden gebeten, sich unter der Telefonnummer 06201\/1003-0 zu melden.<\/strong><\/li>\n<\/ul>\n","protected":false},"excerpt":{"rendered":"<div class=\"mh-excerpt\"><p>Polizeimeldungen vom Mittwoch (14.06.2023) (Speyer) &#8211; Bedrohung und Beleidigung am Spielplatz Am 13.06.2023 gegen 15:20 Uhr betreuten ein 35-J\u00e4hriger und eine 16-j\u00e4hrige eine Gruppe von 9 Kindern auf dem Spielplatz in der Heinrich-Heine-Stra\u00dfe. Im Rahmen <a class=\"mh-excerpt-more\" href=\"https:\/\/speyer24news.com\/?p=52805\" title=\"Polizeimeldungen Mittwoch (14.06.2023)\">[&#8230;]<\/a><\/p>\n<\/div>","protected":false},"author":3,"featured_media":26162,"comment_status":"open","ping_status":"open","sticky":false,"template":"","format":"standard","meta":{"_monsterinsights_skip_tracking":false,"_monsterinsights_sitenote_active":false,"_monsterinsights_sitenote_note":"","_monsterinsights_sitenote_category":0,"footnotes":""},"categories":[15659],"tags":[7243,7244,3614,350,14537,15084,15267,14538,15361,15845,702,61,2555,6955,6986,6263,63,105,11150,6987,53,4854,13534,4683,1548,4905,11592,102,13626,213,14325,14324,13553,13541,55,8277,6368,5261,103,106,2803,2423,427,2625,380,62,104,979,1565],"aioseo_notices":[],"amp_enabled":true,"_links":{"self":[{"href":"https:\/\/speyer24news.com\/index.php?rest_route=\/wp\/v2\/posts\/52805"}],"collection":[{"href":"https:\/\/speyer24news.com\/index.php?rest_route=\/wp\/v2\/posts"}],"about":[{"href":"https:\/\/speyer24news.com\/index.php?rest_route=\/wp\/v2\/types\/post"}],"author":[{"embeddable":true,"href":"https:\/\/speyer24news.com\/index.php?rest_route=\/wp\/v2\/users\/3"}],"replies":[{"embeddable":true,"href":"https:\/\/speyer24news.com\/index.php?rest_route=%2Fwp%2Fv2%2Fcomments&post=52805"}],"version-history":[{"count":1,"href":"https:\/\/speyer24news.com\/index.php?rest_route=\/wp\/v2\/posts\/52805\/revisions"}],"predecessor-version":[{"id":52807,"href":"https:\/\/speyer24news.com\/index.php?rest_route=\/wp\/v2\/posts\/52805\/revisions\/52807"}],"wp:featuredmedia":[{"embeddable":true,"href":"https:\/\/speyer24news.com\/index.php?rest_route=\/wp\/v2\/media\/26162"}],"wp:attachment":[{"href":"https:\/\/speyer24news.com\/index.php?rest_route=%2Fwp%2Fv2%2Fmedia&parent=52805"}],"wp:term":[{"taxonomy":"category","embeddable":true,"href":"https:\/\/speyer24news.com\/index.php?rest_route=%2Fwp%2Fv2%2Fcategories&post=52805"},{"taxonomy":"post_tag","embeddable":true,"href":"https:\/\/speyer24news.com\/index.php?rest_route=%2Fwp%2Fv2%2Ftags&post=52805"}],"curies":[{"name":"wp","href":"https:\/\/api.w.org\/{rel}","templated":true}]}}