{"id":52848,"date":"2023-06-17T10:25:50","date_gmt":"2023-06-17T09:25:50","guid":{"rendered":"https:\/\/speyer24news.com\/?p=52848"},"modified":"2023-06-20T07:23:28","modified_gmt":"2023-06-20T06:23:28","slug":"polizeimeldungen-donnerstag-freitag-15-06-16-06-2023","status":"publish","type":"post","link":"https:\/\/speyer24news.com\/?p=52848","title":{"rendered":"Polizeimeldungen Donnerstag &amp; Freitag (15.06. &#8211; 16.06.2023)"},"content":{"rendered":"<style type=\"text\/css\">\r\n\t.ads_top_disp{}\r\n\t.ads_top_corner_disp{ float:left; margin:0px 10px 10px 0px; }\r\n\t.ads_first_p_disp{}\r\n\t.ads_bottom_disp{}\r\n\t<\/style>\n<h2 class=\"wp-block-heading\">Polizeimeldungen von Donnerstag &amp; Freitag (15.06. &#8211; 16.06.2023)<\/h2>\n\n\n<div class=\"wp-block-image\">\n<figure class=\"aligncenter size-full\"><img decoding=\"async\" loading=\"lazy\" width=\"375\" height=\"500\" src=\"https:\/\/speyer24news.com\/wp-content\/uploads\/2022\/03\/Aktuelles-Polizeilogo.jpg\" alt=\"\" class=\"wp-image-43591\" srcset=\"https:\/\/speyer24news.com\/wp-content\/uploads\/2022\/03\/Aktuelles-Polizeilogo.jpg 375w, https:\/\/speyer24news.com\/wp-content\/uploads\/2022\/03\/Aktuelles-Polizeilogo-225x300.jpg 225w\" sizes=\"(max-width: 375px) 100vw, 375px\" \/><\/figure><\/div>\n\n\n<h2 class=\"wp-block-heading\">(Speyer) &#8211; Kontrollen im Stadtgebiet<\/h2>\n\n\n\n<p>Im Zeitraum 16.06.2023, 18:00 Uhr bis 17.06.2023, 02:00 Uhr wurden im Dienstgebiet an verschiedenen \u00d6rtlichkeiten Verkehrskontrollen durchgef\u00fchrt. Im Rahmen der Kontrollen ergab sich ein Versto\u00df gegen das Bet\u00e4ubungsmittelgesetz, da bei einem 17-j\u00e4hrigen Beifahrer eines PKW eine geringe Menge Marihuana festgestellt wurde. Ein entsprechendes Strafverfahren wurde eingeleitet. Dar\u00fcber hinaus ergab sich bei einer anderen Kontrolle der Verdacht der Beeinflussung durch Drogen bei einem 20-j\u00e4hrigen Fahrer eines VW Polo, welchem daraufhin in der Dienststelle eine Blutprobe entnommen wurde. Bei den Kontrollen kam es noch zur Feststellung von zwei Verst\u00f6\u00dfen gegen die Gurtpflicht, zwei Handyverst\u00f6\u00dfen, eines Versto\u00dfes aufgrund einer abgelaufenen Hauptuntersuchung sowie zur Fertigung von acht M\u00e4ngelberichten, da diverse Dokumente oder beispielsweise der Verbandskasten nicht mitgef\u00fchrt wurden.<\/p>\n\n\n\n<h2 class=\"wp-block-heading\">(Speyer) &#8211; Zweimal Fahren ohne Fahrerlaubnis<\/h2>\n\n\n\n<p>Gleich zweimal wurden am Freitag, den 16.06.2023 Fahrzeugf\u00fchrer ohne g\u00fcltige Fahrerlaubnis festgestellt. Im ersten Fall verursachte ein 65-j\u00e4hriger Fahrer eines VW gegen 09:30 Uhr einen leichten Auffahrunfall in der Bahnhofstra\u00dfe in Speyer, zu Verletzungen kam es hierbei nicht. Im Rahmen der Unfallaufnahme ermittelten die Beamten, dass der Mann gar keine Fahrerlaubnis besitzt. Im zweiten Fall wurde gegen 21:00 Uhr ein 29-j\u00e4hriger Mann mit einem BMW in der Wormser Landstra\u00dfe einer allgemeinen Verkehrskontrolle unterzogen. Der Mann war ebenfalls nicht im Besitz einer g\u00fcltigen Fahrerlaubnis. Es wurden entsprechende Strafverfahren eingeleitet.<\/p>\n\n\n\n<h2 class=\"wp-block-heading\">(Speyer) &#8211; Leichtverletzte Polizeibeamte nach Festnahme eines Spiegeltreters<\/h2>\n\n\n<div class=\"wp-block-image\">\n<figure class=\"aligncenter size-full\"><img decoding=\"async\" loading=\"lazy\" width=\"800\" height=\"600\" src=\"https:\/\/speyer24news.com\/wp-content\/uploads\/2019\/06\/Ausn\u00fcchterungszelle.jpg\" alt=\"\" class=\"wp-image-15212\" srcset=\"https:\/\/speyer24news.com\/wp-content\/uploads\/2019\/06\/Ausn\u00fcchterungszelle.jpg 800w, https:\/\/speyer24news.com\/wp-content\/uploads\/2019\/06\/Ausn\u00fcchterungszelle-300x225.jpg 300w, https:\/\/speyer24news.com\/wp-content\/uploads\/2019\/06\/Ausn\u00fcchterungszelle-768x576.jpg 768w, https:\/\/speyer24news.com\/wp-content\/uploads\/2019\/06\/Ausn\u00fcchterungszelle-678x509.jpg 678w, https:\/\/speyer24news.com\/wp-content\/uploads\/2019\/06\/Ausn\u00fcchterungszelle-326x245.jpg 326w, https:\/\/speyer24news.com\/wp-content\/uploads\/2019\/06\/Ausn\u00fcchterungszelle-80x60.jpg 80w\" sizes=\"(max-width: 800px) 100vw, 800px\" \/><figcaption class=\"wp-element-caption\">Beispielbild Zelle \/ Verhaftung, dient lediglich der Visualisierung<\/figcaption><\/figure><\/div>\n\n\n<p>Am Donnerstag gegen 20:30 Uhr meldeten Zeugen, dass ein Mann in der Ludwigstra\u00dfe soeben einen Sprungkick gegen den Au\u00dfenspiegel eines geparkten Transporters ausgef\u00fchrt h\u00e4tte. Die Polizeistreife konnte vor Ort keinen Schaden an dem Au\u00dfenspiegel feststellen. Die Beamten stellten den Verd\u00e4chtigen allerdings in einer Kneipe in der Ludwigstra\u00dfe fest und baten diesen heraus, um ihn einer Personenkontrolle zu unterziehen. Zun\u00e4chst verhielt sich der 42-j\u00e4hrige Verd\u00e4chtige ruhig und willigte in die Durchsuchung seines Rucksacks ein. Als die Beamten ihm die Durchsuchung seiner Person ank\u00fcndigten, rannte er weg. Die Beamten holten ihn ein und er schlug nach ihnen. Die Beamten unterbanden seinen Angriff, indem sie ihn festhielten und zu Boden brachten. Hier versuchte der 42-J\u00e4hrige, den Beamten ihre Pfeffersprays vom G\u00fcrtel zu rei\u00dfen, was die Beamten mit einfacher k\u00f6rperlicher Gewalt unterbinden mussten. Der Verd\u00e4chtige leistete gegen seine Fesselung erhebliche Gegenwehr, indem er sich sperrte und um sich schlug. Als den Beamten die Fesselung gelungen war und sie den 42-J\u00e4hrigen in den Gefangenentransporter verbrachten, trat dieser um sich und versuchte sich loszurei\u00dfen, weswegen die Beamten ihn in den Transporter tragen mussten. Im Verlauf der dynamischen Widerstandshandlungen trugen die Beamten Sch\u00fcrfwunden davon, konnten ihren Dienst aber fortsetzen. Der 42-J\u00e4hrige blieb unverletzt. Aufgrund einer mutma\u00dflichen Beeinflussung mit berauschenden Mitteln veranlassten die Beamten bei ihm eine Blutentnahme. Zudem lagen bei ihm Hinweise auf eine psychische Ausnahmesituation vor, weswegen die Beamten ihn in eine psychiatrische Fachklinik verbrachten.<\/p>\n\n\n\n<h2 class=\"wp-block-heading\">(B 39 \/ Speyer) &#8211; Kollision auf B39 mit Nachspiel, Zeugen gesucht<\/h2>\n\n\n\n<p>Am 15.06.2023 gegen 18 Uhr befuhr ein 33-J\u00e4hriger mit seinem Transporter die B39 von Dudenhofen nach Speyer. Hinter ihm fuhr ein PKW mit Anh\u00e4nger. Der PKW-Fahrer st\u00f6rte sich mutma\u00dflich an der gefahrenen Geschwindigkeit des Transporters, weswegen er dicht auffuhr und hupte. Als der 33-J\u00e4hrige den rechten Fahrstreifen nutzte, um nach links auf die B9 in Richtung Germersheim aufzufahren, fuhr der Fahrer des PKW mit Anh\u00e4nger auf dem Fahrstreifen links neben ihm, lenkte aus unbekannten Gr\u00fcnden nach rechts und rammte den Transporter seitlich. In der Folge kamen beide Fahrzeuge an der Ampelkreuzung der B39 zwischen Dudenhofen und Speyer zum Stehen. Der 33-J\u00e4hrige ging auf den PKW seines Kontrahenten zu. Dieser fuhr allerdings los, weswegen der 33-J\u00e4hrige sich an dessen Au\u00dfenspiegel festhielt und diesen aus der Halterung riss. Der PKW fuhr auf die B9 in Richtung Ludwigshafen, der 33-J\u00e4hrige folgte ihm. Letztlich kam es hier auf einem Standstreifen wieder zu einer Begegnung der beiden Kontrahenten, bei welcher der 33-J\u00e4hrige Bilder fertigte. Der PKW-Fahrer fuhr hier mutma\u00dflich abermals davon, ohne seinen Pflichten als Unfallbeteiligter nachzukommen. Der Gesamtschaden liegt bei ca. 1.500 Euro.<\/p>\n\n\n\n<p>Die Polizei erfuhr erst eine halbe Stunde nach dem Geschehen von dem Vorfall und hat die Ermittlungen wegen Gef\u00e4hrlichen Eingriffs in den Stra\u00dfenverkehr, Sachbesch\u00e4digung sowie Unerlaubten Entfernens vom Unfallort aufgenommen.<\/p>\n\n\n\n<ul>\n<li><strong>Die Polizei sucht Augenzeugen des Vorfalls, um das Geschehen objektiv rekonstruieren zu k\u00f6nnen. Bitte melden Sie sich per Telefon an 06232 \/ 137-0 oder per E-Mail an&nbsp;<a href=\"mailto:%20pispeyer@polizei.rlp.de\">pispeyer@polizei.rlp.de<\/a><\/strong><\/li>\n<\/ul>\n\n\n\n<h2 class=\"wp-block-heading\">(Speyer) &#8211; Einbruch in Werkstatt im Industriehof<\/h2>\n\n\n\n<p>Zwischen dem 13.06.2023, 21:30 Uhr, und dem 15.06.2023, 16 Uhr, drangen unbekannte T\u00e4ter \u00fcber einen Zaun auf ein Werkstattgel\u00e4nde im Industriehof ein, drangen in die Werkstatt ein und entwendeten drei Schl\u00f6sser aus einem mit Zahlenschloss gesicherten Beh\u00e4ltnis. Sachschaden entstand nicht. Die Ermittlungen zu weiterem Diebesgut dauern an. Ebenso wird ein Zusammenhang zum Einbruch in eine andere Werkstatt in der Franz-Kirrmeier-Stra\u00dfe gepr\u00fcft-<\/p>\n\n\n\n<ul>\n<li><strong>Die Polizei bittet um Zeugenhinweise. Wer hat zur fraglichen Zeit etwas Verd\u00e4chtiges im Bereich der Franz-Kirrmeier-Stra\u00dfe wahrgenommen? Sachdienliche Hinweise werden unter der Telefonnummer 06232 \/ 137 &#8211; 0 oder per E-Mail an&nbsp;<a href=\"mailto:%20pispeyer@polizei.rlp.de\">pispeyer@polizei.rlp.de<\/a>&nbsp;entgegengenommen.<\/strong><\/li>\n<\/ul>\n\n\n\n<h2 class=\"wp-block-heading\">(Speyer) &#8211; Taschendiebstahl im Domgarten<\/h2>\n\n\n\n<p>Am Donnerstag zwischen ab 10:45 Uhr ging ein 67-j\u00e4hriger Tourist im Domgarten spazieren und besichtigte auch den Dom. Gegen 11:45 Uhr bemerkte er das Fehlen seiner schwarzen Ledergeldb\u00f6rse, die sich zuvor noch in seiner auf den R\u00fccken gedrehten Bauchtasche befunden hatte. Unbekannte T\u00e4ter hatten eine Gelegenheit gefunden, die Geldb\u00f6rse aus dieser zu entwenden. In der Geldb\u00f6rse befanden sich etwa 150 Euro Bargeld, der F\u00fchrerschein, die Krankenkassenkarte sowie mehrere Bankkarten.<\/p>\n\n\n\n<h2 class=\"wp-block-heading\">(Speyer) &#8211; Wasserspritzpistole sorgt f\u00fcr \u00c4rger<\/h2>\n\n\n\n<p>Am 14.06.2023 gegen 18:50 Uhr bespritzten eine 14- und eine 17- J\u00e4hrige am Postplatz vorbeilaufenden Passanten mit einer Wasserspritzpistole. Laut der M\u00e4dchen empfanden sie \u00fcberwiegende Mehrheit der Passanten dies als lustig aufgrund der aktuell herrschenden Temperaturen. Ein bislang unbekannter Mann war augenscheinlich dar\u00fcber erbost und schrie die M\u00e4dchen an. Diese entschuldigten sich deshalb bei dem Mann. Er beleidigte die zwei M\u00e4dchen dennoch, weshalb sich der 20-j\u00e4hrige Freund eins der M\u00e4dchen einmischte. Der unbekannte Tatverd\u00e4chte schlug diesem unvermittelt mit der rechten Faust ins Gesicht und fl\u00fcchtete anschlie\u00dfend fu\u00dfl\u00e4ufig in Richtung Altp\u00f6rtel. Der 20-J\u00e4hrige wurde durch den hinaufgerufenen Rettungswagen ambulant versorgt. <\/p>\n\n\n\n<h4 class=\"wp-block-heading\">Der unbekannte Mann wurde wie folgt beschrieben:<\/h4>\n\n\n\n<ul>\n<li><strong>auff\u00e4llig orangenes Polo-Shirt<\/strong><\/li>\n\n\n\n<li><strong>kurze graue Jeans<\/strong><\/li>\n\n\n\n<li><strong>kurze dunkle Haare und einen Bart<\/strong><\/li>\n\n\n\n<li><strong>goldene Sonnenbrille und vermutlich Sportschuhe<\/strong><\/li>\n<\/ul>\n\n\n\n<ul>\n<li><strong>Die Polizei bittet um Zeugenhinweise. Wer hat den Vorfall beobachtet und kann Angaben zum gefl\u00fcchteten Tatverd\u00e4chtigen machen? Sachdienliche Hinweise werden unter der Telefonnummer 06232 \/ 137 &#8211; 0 oder per E-Mail an&nbsp;<a href=\"mailto:%20pispeyer@polizei.rlp.de\">pispeyer@polizei.rlp.de<\/a>&nbsp;entgegengenommen.<\/strong><\/li>\n<\/ul>\n\n\n\n<h2 class=\"wp-block-heading\">(Speyer) &#8211; Unfall mit verletzter Radfahrerin<\/h2>\n\n\n\n<p>Am 14.06.2023 gegen 16:30 Uhr befuhr eine 32&#8211;J\u00e4hrige mit ihrem Fahrrad den parallel zur Industriestra\u00dfe verlaufenden Fahrradweg in Richtung Ortsausgang. Gleichzeitig beabsichtigte eine 20-J\u00e4hrige mit ihrem PKW von der B39 kommend nach rechts in Richtung Feuerwehr abzubiegen. Die Radfahrerin missachtete das Zeichen &#8222;Vorfahrt gew\u00e4hren&#8220;. Es kam zu einem leichten Zusammensto\u00df mit der fast rechtzeitig bremsenden Fahrzeugf\u00fchrerin. Die 32-j\u00e4hrige st\u00fcrzte dabei vom Fahrrad und verletzte sich leicht. Sie wurde durch den Rettungsdienst in ein nahegelegenes Krankenhaus gebracht. Am PKW und Fahrrad entstand augenscheinlich kein Sachschaden.<\/p>\n\n\n\n<h2 class=\"wp-block-heading\">(Speyer) &#8211; Schulweg\u00fcberwachung<\/h2>\n\n\n\n<p>Beamte der Polizei Speyer \u00fcberwachten am Mittwoch von 07:30 Uhr bis 08:00 Uhr den Schulweg der Siedlungsschule und am Donnerstagmorgen das Doppelgymnasium. An beiden Tagen verhielten sich die Verkehrsteilnehmenden vorbildlich. Es mussten keinerlei verkehrsrechtlichen Verst\u00f6\u00dfe geahndet werden. Dennoch wurden einige verkehrserzieherische Gespr\u00e4che mit Sch\u00fclern gef\u00fchrt<\/p>\n\n\n\n<h2 class=\"wp-block-heading\">(Speyer) &#8211; Diebstahl von Werkzeug<\/h2>\n\n\n\n<p>In der Nacht von Dienstag auf Mittwoch gelangten bislang unbekannter T\u00e4ter zwischen 23:00 Uhr und 00:00 Uhr in eine Werkstatt in der Franz-Kirrmeier-Stra\u00dfe. Hier entwendeten sie zwei Bohrmaschinen und \u00f6ffneten mehrere Werkzeugschr\u00e4nke. Der Gesamtschaden bel\u00e4uft sich auf ca. 300EUR Die Polizei bittet um Zeugenhinweise. <\/p>\n\n\n\n<ul>\n<li><strong>Wer hat zur fraglichen Zeit etwas Verd\u00e4chtiges im Bereich der Franz-Kirrmeier-Stra\u00dfe wahrgenommen? Sachdienliche Hinweise werden unter der Telefonnummer 06232 \/ 137 &#8211; 0 oder per E-Mail an&nbsp;<a href=\"mailto:%20pispeyer@polizei.rlp.de\">pispeyer@polizei.rlp.de<\/a>&nbsp;entgegengenommen.<\/strong><\/li>\n<\/ul>\n\n\n\n<h2 class=\"wp-block-heading\">(Speyer) &#8211; Ein Badeboot f\u00fcr 20 Cent<\/h2>\n\n\n\n<p>Ein 19-J\u00e4hriger \u00fcberklebte am 13.06.2023 gegen 18:15 Uhr in einem Baumarkt in der Iggelheimer das Etikett eines Badeboots mit einem anderen Etikett und scannte es an der Selbstbedienungskasse. Offenbar ging er davon aus, dass der Belegschaft des Marktes nicht auffallen w\u00fcrde, dass das Boot im Wert von 94,95 Euro nunmehr nur noch 20 Cent kosten sollte. Entgegen seiner Erwartungen bemerkte eine aufmerksame Mitarbeiterin des Marktes den Betrugsversuch und stellte den 19-J\u00e4hrigen, der seinen Heimweg deshalb ohne Badeboot antreten musste.<\/p>\n\n\n\n<h2 class=\"wp-block-heading\">(Schifferstadt) &#8211; Falscher Fahrer bei Unfall angegeben<\/h2>\n\n\n\n<p>Am 15.06.2023, gegen 11:00 Uhr, kam es auf der L454 zwischen Schifferstadt und Speyer zu einem Auffahrunfall. Eine 30-j\u00e4hrige PKW-Fahrerin musste verkehrsbedingt abbremsen, sodass der nachfolgende PKW eines 20-J\u00e4hrigen auffuhr. Hierbei verletzte sich die 30-J\u00e4hrige leicht und wurde in ein Krankenhaus gebracht. Bei der Unfallaufnahme gab der Beifahrer des 20-J\u00e4hrigen an, dass er gefahren sei. Dies konnte jedoch durch die 30-j\u00e4hrige Unfallbeteiligte eindeutig wiederlegt werden. Es wurde auch schnell klar, warum der 20-J\u00e4hrige von seiner Person ablenken wollte, denn dieser ist nicht im Besitz einer Fahrerlaubnis. Gegen den 20-J\u00e4hrigen, sowie gegen den 19-J\u00e4hrigen Beifahrer, welcher falsche Angaben \u00fcber den Fahrer machte, wird polizeilich ermittelt. Insgesamt entstand Sachschaden von etwa 4.800 Euro.<\/p>\n\n\n\n<h2 class=\"wp-block-heading\">(Limburgerhof) &#8211; PKW-Fahrt endet in Sandfl\u00e4che auf Spielplatz<\/h2>\n\n\n<div class=\"wp-block-image\">\n<figure class=\"aligncenter size-full\"><img decoding=\"async\" loading=\"lazy\" width=\"800\" height=\"526\" src=\"https:\/\/speyer24news.com\/wp-content\/uploads\/2023\/06\/PKW.jpg\" alt=\"\" class=\"wp-image-52851\" srcset=\"https:\/\/speyer24news.com\/wp-content\/uploads\/2023\/06\/PKW.jpg 800w, https:\/\/speyer24news.com\/wp-content\/uploads\/2023\/06\/PKW-300x197.jpg 300w, https:\/\/speyer24news.com\/wp-content\/uploads\/2023\/06\/PKW-768x505.jpg 768w\" sizes=\"(max-width: 800px) 100vw, 800px\" \/><\/figure><\/div>\n\n\n<p>Am 15.06.2023, gegen 19:00 Uhr, wird ein verschlossener, unbesch\u00e4digter PKW ohne Insassen auf einer Sandfl\u00e4che auf einem Spielplatz in der Bliesstra\u00dfe gemeldet. \u00dcber den 83-j\u00e4hrigen Fahrzeughalter konnte herausgefunden werden, dass dieser sich verfahren habe und schlussendlich auf dem Spielplatz festfuhr. Hiernach wollte der 83-J\u00e4hrige von daheim aus einen Abschleppdienst verst\u00e4ndigen. Gegen den 83-J\u00e4hrigen wurde ein Ordnungswidrigkeitenverfahren eingeleitet. Es kam zu keinem Personen- oder Sachschaden.<\/p>\n\n\n\n<h2 class=\"wp-block-heading\">(B\u00f6hl-Iggelheim) &#8211; Beim Abbiegen Fahrradfahrerin \u00fcbersehen<\/h2>\n\n\n\n<p>Beim Abbiegen von der Sandgasse in die Langgasse \u00fcbersah eine 43-j\u00e4hrige Pkw-Fahrerin aus B\u00f6hl-Iggelheim eine von rechts kommende 53-j\u00e4hrige Fahrradfahrerin aus Bad D\u00fcrkheim. Es kam zum Zusammensto\u00df der beiden Verkehrsteilnehmerinnen, in dessen Folge die Fahrradfahrerin \u00fcber die Motorhaube flog und danach auf die Stra\u00dfe st\u00fcrzte. Sie zog sich hierdurch eine Verletzung am Knie zu und musste in ein Speyerer Krankenhaus verbracht werden. An beiden Fahrzeugen entstand zudem ein Schaden von circa 1.500 Euro.<\/p>\n\n\n\n<h2 class=\"wp-block-heading\">(Gommersheim) &#8211; Sachbesch\u00e4digung<\/h2>\n\n\n\n<figure class=\"wp-block-image size-full\"><img decoding=\"async\" loading=\"lazy\" width=\"800\" height=\"590\" src=\"https:\/\/speyer24news.com\/wp-content\/uploads\/2023\/06\/SachbeschaedigungGommersheim.jpg\" alt=\"\" class=\"wp-image-52856\" srcset=\"https:\/\/speyer24news.com\/wp-content\/uploads\/2023\/06\/SachbeschaedigungGommersheim.jpg 800w, https:\/\/speyer24news.com\/wp-content\/uploads\/2023\/06\/SachbeschaedigungGommersheim-300x221.jpg 300w, https:\/\/speyer24news.com\/wp-content\/uploads\/2023\/06\/SachbeschaedigungGommersheim-768x566.jpg 768w, https:\/\/speyer24news.com\/wp-content\/uploads\/2023\/06\/SachbeschaedigungGommersheim-80x60.jpg 80w\" sizes=\"(max-width: 800px) 100vw, 800px\" \/><\/figure>\n\n\n\n<p>Unbekannte haben in der Nacht von Dienstag auf Mittwoch (13.06.2023, 22 Uhr bis 14.06.2023, 6 Uhr) auf dem Gel\u00e4nde des Sportvereins die Plane eines Zeltes mit einem Messer aufgeschlitzt und Lichterketten besch\u00e4digt. Aufgrund der Reste eines Lagefeuers muss davon ausgegangen werden, dass mehrere Unbekannte sich dort zu einem Trinkgelage trafen. Der Sachschaden wird auf mehrere hundert Euro beziffert. <\/p>\n\n\n\n<ul>\n<li><strong>Hinweise zu den Randalierern nimmt die Polizei Edenkoben unter der Telefonnummer 06323 9550 entgegen.<\/strong><\/li>\n<\/ul>\n\n\n\n<h2 class=\"wp-block-heading\">(L 530 \/ Gommersheim) &#8211; Bew\u00e4sserungsschl\u00e4uche besch\u00e4digt<\/h2>\n\n\n\n<p>Entlang der L 530 haben Unbekannte \u00fcber das vergangene Wochenende mehrere Bew\u00e4sserungsschl\u00e4uche eines Gem\u00fcseackers aufgeschlitzt bzw. anderweitig besch\u00e4digt. Die Schl\u00e4uche waren nicht mehr funktionst\u00fcchtig und mussten entsorgt werden. Der Sachschaden wird auf mehrere hundert Euro beziffert. Hinweise zu den T\u00e4tern nimmt die Polizei in Edenkoben unter der Telefonnummer 06323 9550 entgegen.<\/p>\n\n\n\n<h2 class=\"wp-block-heading\">(Kandel) &#8211; Kontrollstelle<\/h2>\n\n\n\n<p>Donnerstagabend wurden in der Marktstra\u00dfe in Kandel Verkehrskontrollen durchgef\u00fchrt. Dabei ergaben sich 19 Verst\u00f6\u00dfe. Ein Gro\u00dfteil der Ma\u00dfnahmen waren Handy &#8211; und Gurtverst\u00f6\u00dfe. Aufgrund von Ladungsverst\u00f6\u00dfen wurden zwei Lastkraftw\u00e4gen die Weiterfahrt untersagt.<\/p>\n\n\n\n<h2 class=\"wp-block-heading\">(Hagenbach) &#8211; Eine Kontrolle zwei Straftaten<\/h2>\n\n\n\n<p>In der Nacht von Mittwoch auf Donnerstag wurde ein 40-j\u00e4hriger PKW-Fahrer aus Karlsruhe in Hagenbach einer Verkehrskontrolle unterzogen. W\u00e4hrend der Kontrolle konnte Alkoholgeruch in der Atemluft festgestellt werden. Ein durchgef\u00fchrter Atemalkoholtest ergab einen Wert von 1,71 Promille. Die Weiterfahrt wurde untersagt. Dem Beschuldigten wurde eine Blutprobe entnommen. Zudem ist er nicht im Besitz einer g\u00fcltigen Fahrerlaubnis. Diese wurde ihm aufgrund einer vergangenen Trunkenheitsfahrt bereits entzogen. Gegen den Wiederholungst\u00e4ter wurden Strafverfahren wegen &#8222;Trunkenheit im Verkehr&#8220; sowie &#8222;Fahren ohne Fahrerlaubnis&#8220; eingeleitet.<\/p>\n\n\n\n<h2 class=\"wp-block-heading\">(Schaidt) &#8211; Sexuelle Bel\u00e4stigung<\/h2>\n\n\n\n<p>Donnerstagmittag griff ein 26-j\u00e4hriger Fu\u00dfg\u00e4nger in Schaidt in der Hauptstra\u00dfe einer entgegenkommenden Frau unerwartet an den Oberk\u00f6rper\/Brustbereich. Anschlie\u00dfend versuchte er eine weitere Frau zu umarmen. Diese konnte ausweichen. Der Beschuldigte konnte im Rahmen von Fahndungsma\u00dfnahmen festgestellt werden. Nach einem eindringlichen Gespr\u00e4ch wurde ihm ein Platzverweis erteilt. Weiterhin wurden entsprechende Strafanzeigen eingeleitet. Wenn Sie \u00e4hnliche Erfahrungen gemacht haben nehmen Sie Kontakt mit ihrer Polizeidienststelle auf oder rufen unmittelbar die 110 an.<\/p>\n\n\n\n<h2 class=\"wp-block-heading\">(Schaidt) &#8211; Schwerer Verkehrsunfall<\/h2>\n\n\n\n<p>Mittwochnachmittag gegen 15:00 Uhr ereignete sich auf der K15 kurz vor dem Ortseingang Schaidt ein Verkehrsunfall mit vier beteiligten Fahrzeugen. Drei Personenkraftw\u00e4gen und ein Motorrad waren beteiligt. Nach ersten Ermittlungen \u00fcberholte der Motorradfahrer bei unklarer Verkehrslage und \u00fcbersah den Gegenverkehr. Der verletzte 59-j\u00e4hrige Motorradfahrer kam in ein Krankenhaus. Auch zwei PKW-Fahrer erlitten leichte Verletzungen. Drei der vier beteiligten Fahrzeuge waren nicht mehr fahrbereit und mussten abgeschleppt werden. F\u00fcr den Zeitraum der Unfallaufnahme erfolgte eine Vollsperrung. Es entstand ein Gesamtschaden in H\u00f6he von ca. 30.000 Euro.<\/p>\n\n\n\n<h2 class=\"wp-block-heading\">(Gemarkung G\u00f6cklingen) &#8211; Heuballenbrand<\/h2>\n\n\n<div class=\"wp-block-image\">\n<figure class=\"aligncenter size-full\"><img decoding=\"async\" loading=\"lazy\" width=\"800\" height=\"597\" src=\"https:\/\/speyer24news.com\/wp-content\/uploads\/2023\/06\/BrandHeuballen.jpg\" alt=\"\" class=\"wp-image-52854\" srcset=\"https:\/\/speyer24news.com\/wp-content\/uploads\/2023\/06\/BrandHeuballen.jpg 800w, https:\/\/speyer24news.com\/wp-content\/uploads\/2023\/06\/BrandHeuballen-300x224.jpg 300w, https:\/\/speyer24news.com\/wp-content\/uploads\/2023\/06\/BrandHeuballen-768x573.jpg 768w, https:\/\/speyer24news.com\/wp-content\/uploads\/2023\/06\/BrandHeuballen-80x60.jpg 80w\" sizes=\"(max-width: 800px) 100vw, 800px\" \/><\/figure><\/div>\n\n\n<p>In der Nacht zum 16.06.23, gegen 0:00 Uhr, kam es auf G\u00f6cklinger Gemarkung, n\u00f6rdlich des Keschtebusch, zu einem Heuballenbrand. Das Feuer ist aus bislang nicht bekannter Ursache ausgebrochen und hat 500qm Heuballen vernichtet. Der Brand konnte durch die Feuerwehr schnell gel\u00f6scht werden.<\/p>\n\n\n\n<ul>\n<li><strong>Zeugen, die Hinweise zur Brandursache geben k\u00f6nnen, werden gebeten sich unter 06343\/93340 oder&nbsp;<a href=\"mailto:%20pibadbergzabern@polizei.rlp.de\">pibadbergzabern@polizei.rlp.de<\/a>&nbsp;mit der Polizeiinspektion Bad Bergzabern in Verbindung zu setzen.<\/strong><\/li>\n<\/ul>\n\n\n\n<h2 class=\"wp-block-heading\">(Annweiler) &#8211; Bei Einbruch Motorrad entwendet<\/h2>\n\n\n\n<p>Am Donnerstag (15.06.2023) wurde zwischen 06:40 und 17:30 Uhr in einen ehemaligen Verkaufsraum eines Ladengesch\u00e4ftes in der Hauptstra\u00dfe in Annweiler eingebrochen. Der oder die T\u00e4ter entwendeten ein dort abgestelltes Motorrad, BMW K1200S, in den Farben Schwarz und Gelb. Hierbei wurde zudem der linke Seitenspiegel besch\u00e4digt. M\u00f6glicherweise wurde f\u00fcr den Abtransport des Motorrades noch ein weiteres Fahrzeug genutzt. Der Sachschaden liegt bei ca. 5000 Euro. <\/p>\n\n\n\n<ul>\n<li><strong>Zeugen, welche die Tat beobachtet haben oder Angaben zum aktuellen Standort des Motorrades machen k\u00f6nnen, werden gebeten, sich bei der Polizeiwache Annweiler unter 06346 96462519 zu melden.<\/strong><\/li>\n<\/ul>\n\n\n\n<h2 class=\"wp-block-heading\">(Landau) &#8211; Bewaffneter Raub\u00fcberfall auf Tankstelle \/ Zeugen gesucht<\/h2>\n\n\n<div class=\"wp-block-image\">\n<figure class=\"aligncenter size-full\"><img decoding=\"async\" loading=\"lazy\" width=\"800\" height=\"621\" src=\"https:\/\/speyer24news.com\/wp-content\/uploads\/2021\/07\/Messer-Angriff-Bedrohung-2.jpg\" alt=\"\" class=\"wp-image-38504\" srcset=\"https:\/\/speyer24news.com\/wp-content\/uploads\/2021\/07\/Messer-Angriff-Bedrohung-2.jpg 800w, https:\/\/speyer24news.com\/wp-content\/uploads\/2021\/07\/Messer-Angriff-Bedrohung-2-300x233.jpg 300w, https:\/\/speyer24news.com\/wp-content\/uploads\/2021\/07\/Messer-Angriff-Bedrohung-2-768x596.jpg 768w\" sizes=\"(max-width: 800px) 100vw, 800px\" \/><figcaption class=\"wp-element-caption\">Symbolbild &#8222;\u00dcberfall Messer&#8220;, dient lediglich der Visualisierung<\/figcaption><\/figure><\/div>\n\n\n<p>Zu einem bewaffneten Raub\u00fcberfall kam es am sp\u00e4ten Abend des 15.06.2023 in Landau. Ziel war gegen 22:45 Uhr eine Tankstelle in der Damm\u00fchlstra\u00dfe. Unter dem Vorhalt eines Messers, forderte der T\u00e4ter von der Tankstellenmitarbeiterin die Herausgabe der Einnahmen. Im Anschluss fl\u00fcchtete der T\u00e4ter, samt Beute, unerkannt vom Tatort. Die Mitarbeiterin erlitt einen Schock, blieb ansonsten aber unverletzt. Eine sofort eingeleitete Fahndung f\u00fchrte nicht zur Ergreifung.<\/p>\n\n\n\n<h4 class=\"wp-block-heading\">Der T\u00e4ter wird wie folgt beschrieben:<\/h4>\n\n\n\n<ul>\n<li><strong>M\u00e4nnlich<\/strong><\/li>\n\n\n\n<li><strong>untersetzt<\/strong><\/li>\n\n\n\n<li><strong>ca. 1,60m gro\u00df<\/strong><\/li>\n\n\n\n<li><strong>Er trug eine wei\u00dfe FFP2-Maske und war bekleidet mit einer dunkelgrauen Jacke, einer dunklen Jogginghose und wei\u00dfen Sportschuhen.<\/strong><\/li>\n<\/ul>\n\n\n\n<p>Die Kriminalpolizei hat die Ermittlungen aufgenommen.<\/p>\n\n\n\n<ul>\n<li><strong>Wer sachdienliche Hinweise zu dem genannten Fall geben kann, wird gebeten sich unter der Rufnummer 06341-287-0 mit der Kriminalinspektion Landau, oder einer anderen Polizeidienststelle, in Verbindung zu setzen. Hinweise k\u00f6nnen auch per E-Mail unter&nbsp;<a href=\"mailto:%20kilandau.k5@polizei.rlp.de\">kilandau.k5@polizei.rlp.de<\/a>&nbsp;an die Polizei \u00fcbermittelt werden.<\/strong><\/li>\n<\/ul>\n\n\n\n<h2 class=\"wp-block-heading\">(A 65 \/ AS Landau-Nord \/ B 272) &#8211; Verlorener Tankrucksack<\/h2>\n\n\n\n<p>Ein 24 Jahre alter Motorradfahrer verlor am Mittwochnachmittag (14.06.2023, 16.37 Uhr) bei der Ausfahrt der A65 auf die B 272 in der dortigen Rechtskurve seinen Tankrucksack, der mittels Magneten befestigt war. Ein nachfolgender 61 Jahre alter Autofahrer konnte trotz einer Gefahrenbremsung nicht mehr ausweichen und kollidierte mit dem Rucksack. Dadurch entstand am PKW ein leichter Sachschaden im Frontbereich. Wegen der Unfallaufnahme kam es zu leichten Verkehrsbeeintr\u00e4chtigungen.<\/p>\n\n\n\n<h2 class=\"wp-block-heading\">(Burrweiler) &#8211; Polizei f\u00e4ngt Schafe ein<\/h2>\n\n\n<div class=\"wp-block-image\">\n<figure class=\"aligncenter size-full\"><img decoding=\"async\" loading=\"lazy\" width=\"800\" height=\"616\" src=\"https:\/\/speyer24news.com\/wp-content\/uploads\/2023\/06\/SchafeinBurrweiler.jpg\" alt=\"\" class=\"wp-image-52855\" srcset=\"https:\/\/speyer24news.com\/wp-content\/uploads\/2023\/06\/SchafeinBurrweiler.jpg 800w, https:\/\/speyer24news.com\/wp-content\/uploads\/2023\/06\/SchafeinBurrweiler-300x231.jpg 300w, https:\/\/speyer24news.com\/wp-content\/uploads\/2023\/06\/SchafeinBurrweiler-768x591.jpg 768w\" sizes=\"(max-width: 800px) 100vw, 800px\" \/><\/figure><\/div>\n\n\n<p>Weil der Hund einer 60 Jahre alten Frau beim Spaziergang N\u00e4he der Amicitia-H\u00fctte eine Schafsherde aufscheuchte, mussten mehrere Tiere durch die Polizei eingefangen werden. Die Schafshalterin konnte erreicht werden, die ihre Tiere wieder sicher in das Gehege zur\u00fcckf\u00fchrte.<\/p>\n\n\n\n<h2 class=\"wp-block-heading\">(Edenkoben) &#8211; Vier verletzte Polizeibeamte<a href=\"https:\/\/www.facebook.com\/sharer.php?u=https%3A%2F%2Fwww.presseportal.de%2Fblaulicht%2Fpm%2F117686%2F5536436%2F%3Futm_source%3Dfacebook%26utm_medium%3Dsocial\"><\/a><a href=\"https:\/\/twitter.com\/intent\/tweet?text=POL-PDLD%3A%20Edenkoben%20-%20Vier%20verletzte%20Polizeibeamte&amp;url=https%3A%2F%2Fwww.presseportal.de%2Fblaulicht%2Fpm%2F117686%2F5536436%2F%3Futm_source%3Dtwitter%26utm_medium%3Dsocial&amp;hashtags=ots&amp;lang=de\"><\/a><a href=\"https:\/\/web.whatsapp.com\/send?text=POL-PDLD%3A%20Edenkoben%20-%20Vier%20verletzte%20Polizeibeamte%0A%0Ahttps%3A%2F%2Fwww.presseportal.de%2Fblaulicht%2Fpm%2F117686%2F5536436%2F%3Futm_source%3Dwhatsapp%26utm_medium%3Dsocial\"><\/a><a href=\"https:\/\/www.xing.com\/app\/user?op=share;url=https%3A%2F%2Fwww.presseportal.de%2Fblaulicht%2Fpm%2F117686%2F5536436%2F%3Futm_source%3Dxing%26utm_medium%3Dsocial\"><\/a><a href=\"http:\/\/www.linkedin.com\/shareArticle?mini=true&amp;url=https%3A%2F%2Fwww.presseportal.de%2Fblaulicht%2Fpm%2F117686%2F5536436%2F%3Futm_source%3Dlinkedin%26utm_medium%3Dsocial&amp;title=POL-PDLD%3A+Edenkoben+-+Vier+verletzte+Polizeibeamte\"><\/a><a href=\"mailto:?subject=POL-PDLD%3A%20Edenkoben%20-%20Vier%20verletzte%20Polizeibeamte&amp;body=https:\/\/www.presseportal.de\/blaulicht\/pm\/117686\/5536436\"><\/a><\/h2>\n\n\n<div class=\"wp-block-image\">\n<figure class=\"aligncenter size-full\"><img decoding=\"async\" loading=\"lazy\" width=\"800\" height=\"425\" src=\"https:\/\/speyer24news.com\/wp-content\/uploads\/2020\/12\/Taser-PI-LU.jpg\" alt=\"\" class=\"wp-image-31596\" srcset=\"https:\/\/speyer24news.com\/wp-content\/uploads\/2020\/12\/Taser-PI-LU.jpg 800w, https:\/\/speyer24news.com\/wp-content\/uploads\/2020\/12\/Taser-PI-LU-300x159.jpg 300w, https:\/\/speyer24news.com\/wp-content\/uploads\/2020\/12\/Taser-PI-LU-768x408.jpg 768w\" sizes=\"(max-width: 800px) 100vw, 800px\" \/><\/figure><\/div>\n\n\n<p>Am sp\u00e4ten Freitagabend teilten zwei junge M\u00e4nner aus der Weinstra\u00dfe in Edenkoben mit, dass sie von ihrem Mitbewohner mit einem Messer und einem Schlagstock bedroht wurden und einer der M\u00e4nner durch den ihn mit dem Schlagstock am Oberschenkel verletzt wurde. Als zwei Streifenwagenbesatzungen vor Ort erschienen, rannte der Beschuldigte unmittelbar aus der gemeinsamen Wohnungen und verspr\u00fchte unvermittelt Pfefferspray auf seinen Mitbewohner und die vier Polizeibeamten. Der erheblich alkoholisierte 33-j\u00e4hrige Beschuldigte konnte schlie\u00dflich unter Zuhilfenahme des Distanzelektroimpulsger\u00e4tes zu Boden gebracht und fixiert werden. Er wurde im Anschluss einer Gewahrsamseinrichtung zugef\u00fchrt, wo er die Nacht verbringen musste. Gegen den Mann wurden Strafverfahren u.a. wegen gef\u00e4hrlicher K\u00f6rperverletzung und t\u00e4tlichen Angriffs auf Vollstreckungsbeamte eingeleitet. Der Gesch\u00e4digte sowie die vier eingesetzten Polizeibeamten erlitten durch den Angriff mit dem Reizgas Reizungen der Atemwege und Schmerzen an den freiliegenden K\u00f6rperstellen.<\/p>\n\n\n\n<h2 class=\"wp-block-heading\">(Edenkoben) &#8211; Betrunken und ohne g\u00fcltige Fahrerlaubnis in Polizeikontrolle<\/h2>\n\n\n\n<p>Stutzig wurden die Beamten bei einer Verkehrskontrolle am Mittwochabend (14.06.2023, 19 Uhr) in der Luitpoldstra\u00dfe. Neben einer gef\u00e4lschten italienischen Fahrerlaubnis schlug den Beamten w\u00e4hrend der Kontrolle eine Alkoholfahne entgegen, weshalb der 61-j\u00e4hrige Fahrer aus dem Bereich D\u00dcW einen Test durchf\u00fchren musste. Und weil dieser 0,6 Promille ergab, musste der Mann sein Fahrzeug abstellen und die Fahrzeugschl\u00fcssel abgeben. Wegen des gef\u00e4lschten F\u00fchrerscheins wurden strafrechtliche Ermittlungen eingeleitet.<\/p>\n\n\n\n<h2 class=\"wp-block-heading\">(St. Martin) &#8211; Falscher Polizeibeamter<\/h2>\n\n\n\n<p>Ein vermeintlicher Herr Buschmann vom Kommissariat 4 meldete sich gestern Mittag (15.06.2023, 12.30 Uhr) bei einem 85 Jahre alten Mann und wollte wissen, bei welchen Geldinstituten er seine Konten angelegt hat. Der Mann reagierte genau richtig. Er beendet umgehend das Gespr\u00e4ch und informierte die Polizei. <\/p>\n\n\n\n<p><strong>Die Polizei appelliert: <\/strong>Immer wieder sind Betr\u00fcger unterwegs, die sich als Polizisten ausgeben, um in den Besitz von Geld und anderen Wertgegenst\u00e4nden ihrer Opfer zu gelangen. Die Polizei wird niemanden um Geldbetr\u00e4ge bitten. Am Telefon sollten keine Details zu finanziellen Verh\u00e4ltnissen preisgegeben und niemals Geld an Unbekannte ausgeh\u00e4ndigt werden. Man sollte sich am Telefon keineswegs unter Druck setzen lassen. Besser: Einfach auflegen und die Polizei informieren.<\/p>\n\n\n\n<h2 class=\"wp-block-heading\">(Maikammer) &#8211; Vorfahrtsmissachtung<\/h2>\n\n\n<div class=\"wp-block-image\">\n<figure class=\"aligncenter size-full\"><img decoding=\"async\" loading=\"lazy\" width=\"800\" height=\"532\" src=\"https:\/\/speyer24news.com\/wp-content\/uploads\/2023\/06\/VUMaikammerBild1.jpg\" alt=\"\" class=\"wp-image-52857\" srcset=\"https:\/\/speyer24news.com\/wp-content\/uploads\/2023\/06\/VUMaikammerBild1.jpg 800w, https:\/\/speyer24news.com\/wp-content\/uploads\/2023\/06\/VUMaikammerBild1-300x200.jpg 300w, https:\/\/speyer24news.com\/wp-content\/uploads\/2023\/06\/VUMaikammerBild1-768x511.jpg 768w\" sizes=\"(max-width: 800px) 100vw, 800px\" \/><\/figure><\/div>\n\n\n<p>Eine 42 Jahre alte Autofahrerin missachtete am Mittwoch (14.06.2023, 16.30 Uhr) in der Marktstra\u00dfe die Vorfahrt eines 15-j\u00e4hrigen Kleinkraftradfahrers, der von der Weinstra\u00dfe Nord in Richtung S\u00fcd unterwegs war. <\/p>\n\n\n<div class=\"wp-block-image\">\n<figure class=\"aligncenter size-full\"><img decoding=\"async\" loading=\"lazy\" width=\"800\" height=\"546\" src=\"https:\/\/speyer24news.com\/wp-content\/uploads\/2023\/06\/VUMaikammerBild2.jpg\" alt=\"\" class=\"wp-image-52858\" srcset=\"https:\/\/speyer24news.com\/wp-content\/uploads\/2023\/06\/VUMaikammerBild2.jpg 800w, https:\/\/speyer24news.com\/wp-content\/uploads\/2023\/06\/VUMaikammerBild2-300x205.jpg 300w, https:\/\/speyer24news.com\/wp-content\/uploads\/2023\/06\/VUMaikammerBild2-768x524.jpg 768w\" sizes=\"(max-width: 800px) 100vw, 800px\" \/><\/figure><\/div>\n\n\n<p>Hierbei kam es zu einem Verkehrsunfall, bei dem der 15-J\u00e4hrige Sch\u00fcrfwunden an Beinen, H\u00fcfte und Armen erlitt. Er musste in \u00e4rztliche Behandlung. Sowohl am Fahrzeug als auch am Zweirad entstand ein Gesamtschaden von \u00fcber 5.000 Euro.<\/p>\n\n\n\n<h2 class=\"wp-block-heading\">(Ha\u00dfloch) &#8211; Zeugen gesucht \/ Felgendiebstahl<\/h2>\n\n\n\n<p>Am 16.06.2023, gegen 04:45 Uhr entwendeten unbekannte T\u00e4ter in der Brandenburger Stra\u00dfe in Ha\u00dfloch die vier R\u00e4der eines dort abgestellten Mercedes Gel\u00e4ndewagens. Durch die Tat entstand ein Schaden von 6000 EUR. <\/p>\n\n\n\n<ul>\n<li><strong>Wer hat im Tatzeitraum verd\u00e4chtige Personen oder Fahrzeuge im Bereich der Brandenburger Stra\u00dfe in Ha\u00dfloch gesehen? Hinweise nimmt die Polizei Ha\u00dfloch unter 06324 9330 oder per E-Mail&nbsp;<a href=\"mailto:%20pihassloch@polizei.rlp.de\">pihassloch@polizei.rlp.de<\/a>&nbsp;entgegen.<\/strong><\/li>\n<\/ul>\n\n\n\n<h2 class=\"wp-block-heading\">(Bad D\u00fcrkheim) &#8211; Katalysator entwendet<\/h2>\n\n\n\n<p>Am 12.06.2023 gegen 13:00 Uhr bemerkte ein B\u00fcrger, dass der Katalysator seines Fahrzeuges entwendet wurde. Vermutlich wurde der Katalysator des Fahrzeugs, welches in der B\u00fcrgermeister-Gropp-Stra\u00dfe geparkt war, mittels einer Flex abgetrennt. Der Tatzeitraum kann nicht weiter eingegrenzt werden. Der Gesamtschaden bel\u00e4uft sich auf sch\u00e4tzungsweise 1.500EUR. <\/p>\n\n\n\n<ul>\n<li><strong>Falls Sie Hinweise zur Tat oder zum T\u00e4ter geben k\u00f6nnen, melden sie diese bitte an die Polizei Bad D\u00fcrkheim unter der 06322 9630 oder&nbsp;<a href=\"mailto:%20pibadduerkheim@polizei.rlp.de\">pibadduerkheim@polizei.rlp.de<\/a>.<\/strong><\/li>\n<\/ul>\n\n\n\n<h2 class=\"wp-block-heading\">(Gr\u00fcnstadt) &#8211; Unter Drogeneinfluss E-Scooter gef\u00fchrt<\/h2>\n\n\n\n<p>Am 15.06.2023 gegen 12:50 Uhr wurde ein 24-j\u00e4hriger E-Scooter-Fahrer in der Carl-Zeiss-Stra\u00dfe in Gr\u00fcnstadt einer Verkehrskontrolle unterzogen. Im Rahmen der Kontrolle konnten bei dem Fahrer Auff\u00e4lligkeiten festgestellt werden, die auf einen Bet\u00e4ubungsmittelkonsum schlie\u00dfen lie\u00dfen. Ein durchgef\u00fchrter Drogenschnelltest verlief positiv auf Amphetamin. Dem Fahrer wurde die Weiterfahrt untersagt und ihm wurde durch einen Arzt eine Blutprobe entnommen. Entsprechende Verfahren wegen Trunkenheit im Verkehr und Versto\u00dfes gegen das Bet\u00e4ubungsmittelgesetz wurden eingeleitet.<\/p>\n\n\n\n<h2 class=\"wp-block-heading\">(Ludwigshafen) &#8211; Berufsinfoabend bei der Polizei Ludwigshafen-Oppau<a href=\"https:\/\/www.facebook.com\/sharer.php?u=https%3A%2F%2Fwww.presseportal.de%2Fblaulicht%2Fpm%2F117696%2F5534503%2F%3Futm_source%3Dfacebook%26utm_medium%3Dsocial\"><\/a><a href=\"https:\/\/twitter.com\/intent\/tweet?text=POL-PPRP%3A%20Berufsinfoabend%20bei%20der%20Polizei%20Ludwigshafen-Oppau&amp;url=https%3A%2F%2Fwww.presseportal.de%2Fblaulicht%2Fpm%2F117696%2F5534503%2F%3Futm_source%3Dtwitter%26utm_medium%3Dsocial&amp;hashtags=ots&amp;lang=de\"><\/a><a href=\"https:\/\/web.whatsapp.com\/send?text=POL-PPRP%3A%20Berufsinfoabend%20bei%20der%20Polizei%20Ludwigshafen-Oppau%0A%0Ahttps%3A%2F%2Fwww.presseportal.de%2Fblaulicht%2Fpm%2F117696%2F5534503%2F%3Futm_source%3Dwhatsapp%26utm_medium%3Dsocial\"><\/a><a href=\"https:\/\/www.xing.com\/app\/user?op=share;url=https%3A%2F%2Fwww.presseportal.de%2Fblaulicht%2Fpm%2F117696%2F5534503%2F%3Futm_source%3Dxing%26utm_medium%3Dsocial\"><\/a><a href=\"http:\/\/www.linkedin.com\/shareArticle?mini=true&amp;url=https%3A%2F%2Fwww.presseportal.de%2Fblaulicht%2Fpm%2F117696%2F5534503%2F%3Futm_source%3Dlinkedin%26utm_medium%3Dsocial&amp;title=POL-PPRP%3A+Berufsinfoabend+bei+der+Polizei+Ludwigshafen-Oppau\"><\/a><a href=\"mailto:?subject=POL-PPRP%3A%20Berufsinfoabend%20bei%20der%20Polizei%20Ludwigshafen-Oppau&amp;body=https:\/\/www.presseportal.de\/blaulicht\/pm\/117696\/5534503\"><\/a><\/h2>\n\n\n<div class=\"wp-block-image\">\n<figure class=\"aligncenter size-full\"><img decoding=\"async\" loading=\"lazy\" width=\"500\" height=\"707\" src=\"https:\/\/speyer24news.com\/wp-content\/uploads\/2023\/06\/2023BerufsinfoabendeOppau.jpg\" alt=\"\" class=\"wp-image-52859\" srcset=\"https:\/\/speyer24news.com\/wp-content\/uploads\/2023\/06\/2023BerufsinfoabendeOppau.jpg 500w, https:\/\/speyer24news.com\/wp-content\/uploads\/2023\/06\/2023BerufsinfoabendeOppau-212x300.jpg 212w\" sizes=\"(max-width: 500px) 100vw, 500px\" \/><\/figure><\/div>\n\n\n<p>Dein Traum ist es Polizistin oder Polizist zu werden? Du hast Interesse an einem vielf\u00e4ltigen, krisensicheren und spannenden Job, der dir immer wieder Abwechslung bietet? Die Polizei in Ludwigshafen-Oppau l\u00e4dt dich wieder zu Berufsinfoabenden ein. Hier bekommst du Infos, Tipps und Tricks zum Bewerbungsverfahren, Einblicke in unseren Berufsalltag im Wechselschichtdienst, die M\u00f6glichkeit uns als Dienststelle kennenzulernen und mit unseren Kolleginnen und Kollegen ins Gespr\u00e4ch zu kommen.<\/p>\n\n\n\n<h4 class=\"wp-block-heading\">Wann?<\/h4>\n\n\n\n<ul>\n<li><strong>Donnerstag, 29. Juni 2023<\/strong><\/li>\n\n\n\n<li><strong>Sonntag, 09. Juli 2023<\/strong><\/li>\n\n\n\n<li><strong>Dienstag, 08. August 2023<\/strong><\/li>\n\n\n\n<li><strong>Mittwoch, 27. September 2023<\/strong>\n<ul>\n<li><strong>jeweils von 17- 20 Uhr.<\/strong><\/li>\n<\/ul>\n<\/li>\n<\/ul>\n\n\n\n<h4 class=\"wp-block-heading\">Wo?<\/h4>\n\n\n\n<ul>\n<li><strong>Polizeiinspektion Ludwigshafen 2, Friesenheimer Stra\u00dfe 55 in 67069 Ludwigshafen.<\/strong><\/li>\n<\/ul>\n\n\n\n<h4 class=\"wp-block-heading\">Anmeldung:<\/h4>\n\n\n\n<ul>\n<li><strong>per E-Mail unter&nbsp;<a href=\"mailto:%20piludwigshafen2.einstellungen@polizei.rlp.de\">piludwigshafen2.einstellungen@polizei.rlp.de<\/a><\/strong><\/li>\n<\/ul>\n\n\n\n<h4 class=\"wp-block-heading\"><em>Du willst mehr \u00fcber den Polizeiberuf und zur Ausbildung erfahren? Auf unserer Homepage haben wir weitere Informationen f\u00fcr dich:&nbsp;<a href=\"https:\/\/www.polizei.rlp.de\/de\/karriere\/\" target=\"_blank\" rel=\"noreferrer noopener\">www.polizei.rlp.de\/de\/karriere\/<\/a><\/em><\/h4>\n\n\n\n<h2 class=\"wp-block-heading\">(Ludwigshafen) &#8211; Ank\u00fcndigung Kontrollwoche &#8222;Fahrradsicherheit&#8220; in Ludwigshafen<\/h2>\n\n\n\n<figure class=\"wp-block-image aligncenter size-full\"><img decoding=\"async\" loading=\"lazy\" width=\"800\" height=\"504\" src=\"https:\/\/speyer24news.com\/wp-content\/uploads\/2020\/09\/Gro\u00dfkontrolle_Radverkehr_04092020.jpg\" alt=\"\" class=\"wp-image-30133\" srcset=\"https:\/\/speyer24news.com\/wp-content\/uploads\/2020\/09\/Gro\u00dfkontrolle_Radverkehr_04092020.jpg 800w, https:\/\/speyer24news.com\/wp-content\/uploads\/2020\/09\/Gro\u00dfkontrolle_Radverkehr_04092020-300x189.jpg 300w, https:\/\/speyer24news.com\/wp-content\/uploads\/2020\/09\/Gro\u00dfkontrolle_Radverkehr_04092020-768x484.jpg 768w\" sizes=\"(max-width: 800px) 100vw, 800px\" \/><figcaption class=\"wp-element-caption\">Bild: Fahrrad Gro\u00dfkontrolle\nPP Mannheim<\/figcaption><\/figure>\n\n\n\n<p>Bei sommerlichen Temperaturen und strahlendem Sonnenschein lassen viele das Auto lieber stehen und fahren mit dem Rad. Leider kommt es dabei jedoch auch immer wieder zu gef\u00e4hrlichen Situationen f\u00fcr die Radfahrenden und zu Verkehrsunf\u00e4llen mit Personensch\u00e4den.<\/p>\n\n\n\n<p>Um auf m\u00f6gliche Gefahren und deren Vermeidung hinzuweisen sowie f\u00fcr diese zu sensibilisieren, f\u00fchrt die Polizeiinspektion Ludwigshafen 1 vom 19.06. bis 23.06.2023 wieder eine Kontrollwoche &#8222;Fahrradsicherheit&#8220; im Stadtgebiet durch.<\/p>\n\n\n\n<p>Ziel der Kontrollen ist es, durch die \u00dcberwachung des Verkehrsverhaltens die Verkehrsunf\u00e4lle mit Beteiligung von Fahrradfahrenden zu reduzieren und durch die Kontrolle von Ausstattung und des technischen Zustands die Unfallfolgen f\u00fcr die Radfahrenden zu reduzieren.<\/p>\n\n\n\n<p>Wie in den zur\u00fcckliegenden Jahren, werden auch dieses Jahr die sogenannten Elektrokleinstfahrzeuge in die Kontrollma\u00dfnahmen der Kontrollwoche mit eingebunden. Der Markt f\u00fcr Elektrokleinstfahrzeuge boomt. Doch einhergehend mit einer h\u00e4ufigeren Nutzung von E-Scooter, Hoverboards, Balance Boards, Monowheels, E-Skateboards und E-Bikes bzw. Pedelecs, steigt auch die Gefahr, f\u00fcr Verkehrsunf\u00e4lle mit dieser Fahrzeugart.<\/p>\n\n\n\n<p>Ein besonderes Augenmerk liegt hierbei auf die Kontrolle von Fahrten unter Alkoholeinfluss, Fahren ohne Fahrerlaubnis oder der Einhaltung des Pflichtversicherungsgesetzes.<\/p>\n\n\n\n<h2 class=\"wp-block-heading\">(Ludwigshafen) &#8211; Neuer Polizeivizepr\u00e4sident im Polizeipr\u00e4sidium Rheinpfalz<\/h2>\n\n\n<div class=\"wp-block-image\">\n<figure class=\"aligncenter size-full\"><img decoding=\"async\" loading=\"lazy\" width=\"800\" height=\"600\" src=\"https:\/\/speyer24news.com\/wp-content\/uploads\/2023\/06\/SarterAndreasIII.jpg\" alt=\"\" class=\"wp-image-52860\" srcset=\"https:\/\/speyer24news.com\/wp-content\/uploads\/2023\/06\/SarterAndreasIII.jpg 800w, https:\/\/speyer24news.com\/wp-content\/uploads\/2023\/06\/SarterAndreasIII-300x225.jpg 300w, https:\/\/speyer24news.com\/wp-content\/uploads\/2023\/06\/SarterAndreasIII-768x576.jpg 768w, https:\/\/speyer24news.com\/wp-content\/uploads\/2023\/06\/SarterAndreasIII-678x509.jpg 678w, https:\/\/speyer24news.com\/wp-content\/uploads\/2023\/06\/SarterAndreasIII-326x245.jpg 326w, https:\/\/speyer24news.com\/wp-content\/uploads\/2023\/06\/SarterAndreasIII-80x60.jpg 80w\" sizes=\"(max-width: 800px) 100vw, 800px\" \/><\/figure><\/div>\n\n\n<p>Am 15.06.2023, trat Polizeivizepr\u00e4sident Andreas Sarter seine neue Stelle als Leiter der Abteilung Polizeieinsatz im Polizeipr\u00e4sidium Rheinpfalz an.<\/p>\n\n\n\n<p>Polizeipr\u00e4sident Georg Litz freut sich auf die Zusammenarbeit mit Andreas Sarter und w\u00fcnscht seinem Vertreter viel Erfolg in seiner neuen Funktion.<\/p>\n\n\n\n<p>Andreas Sarter folgt auf Polizeivizepr\u00e4sidentin Anja Rakowski als stellvertretende Beh\u00f6rdenleitung. Frau Rakowski hatte am 27. M\u00e4rz 2023 die Leitung des Polizeipr\u00e4sidiums Trier \u00fcbernommen.<\/p>\n\n\n\n<p>Der 55-j\u00e4hrige Andreas Sarter, der im Kreis S\u00fcdliche Weinstra\u00dfe lebt, wurde 1985 bei der Polizei des Landes Rheinland-Pfalz eingestellt und war danach in verschiedenen Funktionen bei der Bereitschaftspolizei und innerhalb des Polizeipr\u00e4sidiums Rheinpfalz t\u00e4tig.<\/p>\n\n\n\n<p>Nach dem Studium an der Polizeif\u00fchrungsakademie (heutige Deutsche Hochschule der Polizei) in M\u00fcnster und dem sich daran anschlie\u00dfenden Aufstieg in den h\u00f6heren Polizeidienst war er seit 2004 zun\u00e4chst stellvertretender Abteilungsleiter bei der Bereitschaftspolizei. Anschlie\u00dfend war er Leiter der Polizeiinspektion Pirmasens und F\u00fchrungskr\u00e4ftetrainer an der Hochschule der Polizei Rheinland-Pfalz. Es folgten acht Jahre im Ministerium des Innern und f\u00fcr Sport. Hier wurde er zun\u00e4chst als Leiter des Lagezentrums, anschlie\u00dfend als Verkehrsreferent und zuletzt als Einsatzreferent eingesetzt. Nachdem er seit 2019 Vizepr\u00e4sident beim Polizeipr\u00e4sidium Einsatz, Logistik und Technik in Mainz-Hechtsheim war, wechselt er nun nach 22 Jahren, ebenfalls in der Funktion des Vizepr\u00e4sidenten, wieder ins Polizeipr\u00e4sidium Rheinpfalz.<\/p>\n\n\n\n<p>Die offizielle Amtseinf\u00fchrung von Andreas Sarter findet gemeinsam mit der Verabschiedung von Anja Rakowski am 3. August 2023 statt.<\/p>\n\n\n\n<p>Das Polizeipr\u00e4sidium Rheinpfalz mit Sitz in Ludwigshafen am Rhein ist zust\u00e4ndig f\u00fcr die Sicherheit von rund 900.000 Menschen. Der Dienstbezirk der Beh\u00f6rde mit ihren rund 2.200 Mitarbeiterinnen und Mitarbeitern umfasst auf etwa 2.400 Quadratkilometern die komplette Vorder- und S\u00fcdpfalz mit den Landkreisen Bad D\u00fcrkheim, Germersheim, Rhein-Pfalz-Kreis und S\u00fcdliche Weinstra\u00dfe sowie die kreisfreien St\u00e4dte Frankenthal (Pfalz), Landau in der Pfalz, Ludwigshafen am Rhein, Neustadt a.d.W. und Speyer.<\/p>\n\n\n\n<p>Der Abteilung Polizeieinsatz des Polizeipr\u00e4sidiums Rheinpfalz sind die Polizeidirektionen Landau, Ludwigshafen und Neustadt sowie die Kriminaldirektion und der F\u00fchrungsstab nachgeordnet. Andreas Sarter ist damit in seiner neuen Funktion f\u00fcr \u00fcber 1.700 Mitarbeitende verantwortlich.<\/p>\n\n\n\n<h2 class=\"wp-block-heading\">(Ludwigshafen) &#8211; Alkoholisiert Unfall verursacht<\/h2>\n\n\n\n<p>Am Donnerstagabend (15.06.2023), gegen 20:15 Uhr, stie\u00df ein 81-j\u00e4hriger Autofahrer in der Saarlandstra\u00dfe beim Spurwechsel mit dem neben ihm fahrenden Auto zusammen. Die alarmierten Polizeikr\u00e4fte konnten bei dem Unfallverursacher Alkoholgeruch feststellen. Ein Atemalkoholtest ergab einen Wert von 0,4 Promille. Dem Mann wurde auf der Polizeidienststelle eine Blutprobe entnommen und sein F\u00fchrerschein wurde beschlagnahmt. Er muss ich nun wegen einer Stra\u00dfenverkehrsgef\u00e4hrdung verantworten.<\/p>\n\n\n\n<h2 class=\"wp-block-heading\">(Ludwigshafen) &#8211; Mehrere Unf\u00e4lle mit verletzten Personen<\/h2>\n\n\n\n<p>Am Donnerstag (15.06.2023) ereigneten sich im Stadtgebiet sieben Unf\u00e4lle, bei denen Personen verletzt wurden.<\/p>\n\n\n\n<p>Gegen 7:45 Uhr wurde ein 14-j\u00e4hriger Fu\u00dfg\u00e4nger an der Kreuzung Saarlandstra\u00dfe\/Stifterstra\u00dfe von einem Auto erfasst. Der Jugendliche lief, trotz roter Fu\u00dfg\u00e4ngerampel, \u00fcber die Stra\u00dfe. Er wurde durch den Zusammensto\u00df leicht verletzt. Durch den Rettungsdienst wurde er in ein Krankenhaus gebracht.<\/p>\n\n\n\n<p>Eine 61-j\u00e4hrige Radfahrerin st\u00fcrzte gegen 14:50 Uhr in der Breiten Stra\u00dfe, als sie mit ihrem Rad gegen den Bordstein kam. Sie verletzte sich leicht und wurde vom Rettungsdient in ein Krankenhaus gebracht.<\/p>\n\n\n\n<p>Eine weitere Radfahrerin st\u00fcrzte gegen 19:45 Uhr in der Hemshofstra\u00dfe. Die 60-j\u00e4hrige kam zu Fall als sie vom Gehweg auf die Stra\u00dfe fahren soll. Auch die wurde leicht verletzt und in ein Krankenhaus gebracht.<\/p>\n\n\n\n<p>Zu einem Zusammensto\u00df zwischen einem Auto und einem Fahrradfahrer kam es gegen 14:20 Uhr an der Kreuzung Heinigstra\u00dfe\/Kaiser-Wilhem-Stra\u00dfe. Eine 53-j\u00e4hrige Radfahrerin hatte die Heinigstra\u00dfe entgegengesetzt der vorgeschriebenen Fahrtrichtung befahren. Ein 22-j\u00e4hriger Autofahrer wollte von der Kaiser-Wilhelm-Stra\u00dfe in die Heinigstra\u00dfe abbiegen und missachtete die Vorfahrt der Radfahrerin. Die Radfahrerin wurde leicht verletzt.<\/p>\n\n\n\n<p>In den Neug\u00e4rten wurde ein weiterer Radfahrer gegen 17:30 Uhr bei einem Unfall verletzt. Ein 20-j\u00e4hriger Autofahrer missachtete beim Wenden die Vorfahrt des 45-j\u00e4hrigen Radfahrers. Der Radfahrer st\u00fcrzte und verletzte sich leicht. Er wurde vom Rettungsdienst in ein Krankenhaus gebracht.<\/p>\n\n\n\n<p>Gegen 14:50 Uhr wurde ein 58-j\u00e4hriger Rollerfahrer an der Kreuzung Friesenheimer Stra\u00dfe\/Friedrich Stra\u00dfe verletzt. Ein 65-j\u00e4hriger Autofahrer wollte links abbiegen und missachtete den Vorrang des entgegenkommenden Rollerfahrers.<\/p>\n\n\n\n<p>Eine weitere Rollerfahrerin verletzte sich gegen 19 Uhr in der H\u00f6lderinstra\u00dfe. Die 19-j\u00e4hrige Rollerfahrerin war zuvor beim Abbiegen mit einem Rad auf einer Bahnschiene ausgerutscht. Sie verletzte sich leicht. Der Rollerfahrer wurde leicht verletzt.<\/p>\n\n\n\n<h2 class=\"wp-block-heading\">(Ludwigshafen) &#8211; Streit endet in gegenseitiger K\u00f6rperverletzung<\/h2>\n\n\n\n<p>Zu einer wechselseitigen K\u00f6rperverletzung und einer Sachbesch\u00e4digung kam es am 15.06.2023, als ein 69-j\u00e4hriger Autofahrer gegen 18 Uhr von der Jaegerstra\u00dfe in die Maxstra\u00dfe abbog. Er musste eine Vollbremsung machen, nachdem ein 35-J\u00e4hriger unvermittelt auf die Stra\u00dfe lief. Hierauf reagierte der \u00e4ltere der Beiden mit Hupen. Das wiederum ver\u00e4rgerte den J\u00fcngeren derart, dass er gegen die T\u00fcr des Autos trat. Hierdurch entstand ein Sachschaden von etwa 1000 Euro. Der 69-J\u00e4hrige stellte daraufhin sein Fahrzeug ab und lief dem 35-J\u00e4hrigen nach. In der Folge kam es zu wechselseitigen K\u00f6rperverletzungen sowie Beleidigungen. Beide M\u00e4nner wurden leicht verletzt.<\/p>\n\n\n\n<h2 class=\"wp-block-heading\">(Ludwigshafen) &#8211; Nicht hereingefallen<\/h2>\n\n\n\n<p>Einen Schockanruf erhielt am 15.06.2023, gegen 15:40 Uhr, eine 67-J\u00e4hrige aus Friesenheim. Der Frau sollte vorget\u00e4uscht werden, ihre Tochter habe einen t\u00f6dlichen Unfall verursacht und sei daher festgenommen worden. Um eine Haft zu verhindern, solle die 67-J\u00e4hrige eine hohe Kaution \u00fcbergeben. Die Ludwigshafenerin wurde skeptisch und lie\u00df sich auf den Betrugsversuch nicht ein.<\/p>\n\n\n\n<p>Ebenfalls nicht t\u00e4uschen lie\u00df sich ein 61-J\u00e4hriger aus Oggersheim. Er erhielt am 15.06.2023 eine Nachricht via &#8222;WhatsApp&#8220;. In der Nachricht wurde behauptet, dass der Verfasser eine neue Nummer habe. Da in der Anrede &#8222;Hallo Mama&#8220; stand, erkannt der 61-J\u00e4hrige die betr\u00fcgerische Absicht sofort.<\/p>\n\n\n\n<p>Obwohl schon viele B\u00fcrgerinnen und B\u00fcrger sensibilisiert sind, gelingt es den trickreichen Betr\u00fcgern in Einzelf\u00e4llen immer wieder, hohe Geldsummen oder Wertgegenst\u00e4nde zu erlangen. Fast immer zielen die Betrugsmaschen des &#8222;Enkeltricks&#8220;, des &#8222;falschen Polizeibeamten&#8220; oder des &#8222;WhatsApp-Betrugs&#8220; auf Seniorinnen und Senioren ab. Wissen Sie, wie Sie sich vor solchen Telefonbetr\u00fcger sch\u00fctzen k\u00f6nnen? Um Sie noch besser vor den fiesen Betrugsmaschen zu sch\u00fctzen, haben unsere Pr\u00e4ventionsexperten eine Telefonhotline f\u00fcr Seniorinnen und Senioren eingerichtet.<\/p>\n\n\n\n<p>Unter der Telefonnummer 0621 963 &#8211; 1515 k\u00f6nnen Sie sich von Montag bis Donnerstag zwischen 8 und 16 Uhr sowie freitags von 8 bis 12 Uhr kostenlos telefonisch \u00fcber Betrugsdelikte informieren. Rufen Sie uns an und informieren Sie sich \u00fcber die typischen Betrugsmaschen wie zum Beispiel &#8222;Falsche Polizeibeamte&#8220;, &#8222;Enkeltrick&#8220; oder sogenannte &#8222;Schockanrufe&#8220; und wie Sie sich mit einfachen Tricks dagegen wehren k\u00f6nnen.<\/p>\n\n\n\n<h2 class=\"wp-block-heading\">(Ludwigshafen) &#8211; Fu\u00dfg\u00e4ngerin angefahren und gefl\u00fcchtet \/ Zeugen gesucht<\/h2>\n\n\n<div class=\"wp-block-image\">\n<figure class=\"aligncenter size-full\"><img decoding=\"async\" loading=\"lazy\" width=\"801\" height=\"600\" src=\"https:\/\/speyer24news.com\/wp-content\/uploads\/2020\/05\/Zeugen-gesucht-Neutral.jpg\" alt=\"\" class=\"wp-image-26598\" srcset=\"https:\/\/speyer24news.com\/wp-content\/uploads\/2020\/05\/Zeugen-gesucht-Neutral.jpg 801w, https:\/\/speyer24news.com\/wp-content\/uploads\/2020\/05\/Zeugen-gesucht-Neutral-300x225.jpg 300w, https:\/\/speyer24news.com\/wp-content\/uploads\/2020\/05\/Zeugen-gesucht-Neutral-768x575.jpg 768w, https:\/\/speyer24news.com\/wp-content\/uploads\/2020\/05\/Zeugen-gesucht-Neutral-678x509.jpg 678w, https:\/\/speyer24news.com\/wp-content\/uploads\/2020\/05\/Zeugen-gesucht-Neutral-326x245.jpg 326w, https:\/\/speyer24news.com\/wp-content\/uploads\/2020\/05\/Zeugen-gesucht-Neutral-80x60.jpg 80w\" sizes=\"(max-width: 801px) 100vw, 801px\" \/><\/figure><\/div>\n\n\n<p>Am Donnerstagmittag (15.06.2023, 11:40 Uhr) wurde eine 66-J\u00e4hrige in der Pr\u00e4lat-Walzer-Passage von einem Auto touchiert. Das Auto fuhr in Richtung Pfalzbau weiter, ohne sich um die leicht verletzte Fu\u00dfg\u00e4ngerin zu k\u00fcmmern.<strong> Das fl\u00fcchtende Auto soll gro\u00df und silbern gewesen sein. Es habe ein LU-Kennzeichen gehabt. Bei dem Fahrer habe es sich um einen \u00e4lteren Mann gehandelt.<\/strong><\/p>\n\n\n\n<ul>\n<li><strong>Haben Sie den Unfall beobachtet oder k\u00f6nnen Sie Hinweise zu dem fl\u00fcchtigen Fahrer geben?<\/strong><\/li>\n\n\n\n<li><strong>Sachdienliche Hinweise bitte an die Polizeiinspektion Ludwigshafen 1, Telefonnummer 0621 963-2122 oder per E-Mail&nbsp;<a href=\"mailto:%20piludwigshafen1@polizei.rlp.de\">piludwigshafen1@polizei.rlp.de<\/a>&nbsp;<\/strong><\/li>\n<\/ul>\n\n\n\n<h2 class=\"wp-block-heading\">(Ludwigshafen) &#8211; Alkoholisiert gefahren<\/h2>\n\n\n\n<p>Als ein 46-j\u00e4hriger Autofahrer am 15.06.2023, gegen 00:10 Uhr, in der Bruchwiesenstra\u00dfe einer Verkehrskontrolle unterzogen wurde, konnte bei ihm deutlicher Alkoholgeruch wahrgenommen werden. Ein freiwillig durchgef\u00fchrter Atemalkoholtest ergab einen Wert von 1,27 Promille. Er wurde f\u00fcr die Entnahme einer Blutprobe zur Polizeidienststelle mitgenommen. Sein F\u00fchrerschein sowie die Fahrzeugschl\u00fcssel wurden sichergestellt.<\/p>\n\n\n\n<p>Ebenfalls alkoholisiert wollte ein 44-J\u00e4hriger am 14.06.2023 gegen 22:30 Uhr in der Emil-Nolde-Stra\u00dfe fahren. Als er auf sein Kleinkraftrad steigen wollte, st\u00fcrzte er und blieb bis zum Eintreffen der verst\u00e4ndigten Polizei liegen. Den Polizeikr\u00e4ften gegen\u00fcber verhielt er sich unkooperativ, aggressiv und beleidigte sie. Er wurde zur Dienststelle gebracht und dort in Gewahrsam genommen.<\/p>\n\n\n\n<p>Wer unter Alkohol- und\/oder Drogeneinfluss f\u00e4hrt, gef\u00e4hrdet nicht nur sich selbst, sondern auch andere. Vom 14. Juni bis 20. Juni findet die europaweite ROADPOL Kontrollwoche &#8222;Alkohol und Drogen&#8220; statt. Auch wir beteiligen uns. Hierdurch wollen wir deutlich auf die Risiken im Stra\u00dfenverkehr, die sich durch den Alkohol- und Drogeneinfluss ergeben, hinweisen und diese verst\u00e4rkt in das \u00f6ffentliche Bewusstsein r\u00fccken. Weitere Infos finden Sie in unserer Pressemeldung vom 09.06.2023:&nbsp;<a target=\"_blank\" rel=\"noreferrer noopener\" href=\"https:\/\/s.rlp.de\/S1JTP\">https:\/\/s.rlp.de\/S1JTP<\/a><\/p>\n\n\n\n<h2 class=\"wp-block-heading\">(Ludwigshafen) &#8211; Autobrand<\/h2>\n\n\n\n<p>Zu einem Brand eines Autos kam es am 14.06.2023, gegen 22:40 Uhr, in der Mannheimer Stra\u00dfe. Hierbei entstand ein Sachschaden von etwa 10.000 Euro. Urs\u00e4chlich d\u00fcrfte ein technischer Defekt gewesen sein. W\u00e4hrend der L\u00f6scharbeiten musste die Stra\u00dfenbahn-Strecke zeitweise gesperrt werden.<\/p>\n\n\n\n<h2 class=\"wp-block-heading\">(Ludwigshafen) &#8211; Nicht auf Betrugsversuch hereingefallen<\/h2>\n\n\n\n<p>Als eine 58-J\u00e4hrige aus Ludwigshafen-Mitte am Mittwoch (14.06.2023) einen Anruf erhielt, vermeintlich wegen eines gewonnen Gewinnspiels, lie\u00df sie sich davon nicht t\u00e4uschen. Sie erwiderte, dass sie wisse, dass es sich um einen Betrug handle und sie die Polizei informieren wird.<\/p>\n\n\n\n<p>Die Frau hatte bereits am Vortag einen Anruf erhalten und war hierauf nicht hereingefallen. Auch in diesem Telefonat hatte man ihr vorgaukeln wollen, sie habe ein Gewinnspiel gewonnen. Man teilte ihr mit, man w\u00fcrde sich zur \u00dcbergabe des Gewinns am n\u00e4chsten Tag noch einmal melden. Sie m\u00fcsse damit man ihr das Geld auszahlen k\u00f6nne, allerdings zun\u00e4chst 1000 Euro zahlen.<\/p>\n\n\n\n<h2 class=\"wp-block-heading\">(Ludwigshafen) &#8211; Auseinandersetzung in der Ludwigstra\u00dfe<\/h2>\n\n\n<div class=\"wp-block-image\">\n<figure class=\"aligncenter size-full\"><img decoding=\"async\" loading=\"lazy\" width=\"800\" height=\"533\" src=\"https:\/\/speyer24news.com\/wp-content\/uploads\/2021\/11\/Schlaegerei.jpg\" alt=\"\" class=\"wp-image-42366\" srcset=\"https:\/\/speyer24news.com\/wp-content\/uploads\/2021\/11\/Schlaegerei.jpg 800w, https:\/\/speyer24news.com\/wp-content\/uploads\/2021\/11\/Schlaegerei-300x200.jpg 300w, https:\/\/speyer24news.com\/wp-content\/uploads\/2021\/11\/Schlaegerei-768x512.jpg 768w\" sizes=\"(max-width: 800px) 100vw, 800px\" \/><figcaption class=\"wp-element-caption\">Beispielbild Schl\u00e4gerei \/ K\u00f6rperverletzung, dient lediglich der Visualisierung<\/figcaption><\/figure><\/div>\n\n\n<p>Aus bislang unbekannten Gr\u00fcnden gerieten am 14.06.2023 um 11:10 Uhr in der Ludwigstra\u00dfe ein 25-J\u00e4hriger und eine Gruppe junger M\u00e4nner in Streit. Nach einem zun\u00e4chst verbalen Schlagabtausch wurde die Auseinandersetzung k\u00f6rperlich. Hierbei spr\u00fchte einer der M\u00e4nner, ein 24-J\u00e4hriger, mit Pfefferspray in Richtung des 25-J\u00e4hrigen. Dieser wurde von einem weiteren Beteiligten au\u00dferdem getreten.<\/p>\n\n\n\n<p>An der Einm\u00fcndung Otto-Stabel-Stra\u00dfe\/W\u00f6rthstra\u00dfe konnten drei der Beteiligten, der 25-J\u00e4hrige, der 24-J\u00e4hrige sowie ein 23-J\u00e4hriger, angetroffen und einer Personenkontrolle unterzogen werden. Ein Pfefferspray wurde dabei nicht gefunden. Der 24-J\u00e4hrige hatte eine geringe Menge Marihuana bei sich, welches beschlagnahmt wurde. Beim 23-J\u00e4hrigen wurden einen Teleskopschlagstock sowie ein Taschenmesser aufgefunden und sichergestellt.<\/p>\n\n\n\n<p>Der 25-J\u00e4hrige wurde leicht verletzt. Die drei noch Anwesenden erhielten einen Platzverweis. Eine Nahbereichsfahndung nach den weiteren fl\u00fcchtigen T\u00e4tern und Absuche der Tat\u00f6rtlichkeit nach dem Pfefferspray blieben bislang ohne Erfolg.<\/p>\n\n\n\n<h2 class=\"wp-block-heading\">(Ludwigshafen) &#8211; In Keller eingebrochen<\/h2>\n\n\n\n<p>In der Heinrich-Heine-Stra\u00dfe gelang es Unbekannten sich zwischen Dienstag (13.06.2023, 21 Uhr) und Mittwoch (14.06.2023, 9 Uhr) Zutritt zu einem Mehrfamilienhaus zu verschaffen. Anschlie\u00dfend gingen sie ein Kellerabteil an und stahlen hieraus einen Einkaufs-Trolley sowie Getr\u00e4nke. Insgesamt entstand ein Sachschaden von etwa 300 Euro.<\/p>\n\n\n\n<ul>\n<li><strong>Sachdienliche Hinweise bitte an die Polizeiinspektion Ludwigshafen 1, Telefonnummer 0621 963-2122 oder per E-Mail&nbsp;<a href=\"mailto:%20piludwigshafen1@polizei.rlp.de\">piludwigshafen1@polizei.rlp.de<\/a>&nbsp;.<\/strong><\/li>\n<\/ul>\n\n\n\n<h2 class=\"wp-block-heading\">(Ludwigshafen) &#8211; Werkzeug aus Transporter gestohlen<\/h2>\n\n\n\n<p>Unbekannten gelang es zwischen dem 13.06.023, 18:15 Uhr, und dem 14.06.2023, 05:30 Uhr, in einen Transporter einzudringen. Zur m\u00f6glichen Tatzeit stand das Fahrzeug in der Erich-Reimann-Stra\u00dfe nahe der Kreuzung Adlerdamm. Aus dem Transporter konnten die Unbekannten Werkzeug im Wert von rund 1900 Euro stehlen.<\/p>\n\n\n\n<ul>\n<li><strong>Sie haben etwas Verd\u00e4chtiges beobachtet? Sachdienliche Hinweise nimmt die Kriminalpolizei Ludwigshafen unter der Telefonnummer 0621\/963-2773 oder per E-Mail&nbsp;<a href=\"mailto:%20kiludwigshafen.k1.kdd@polizei.rlp.de\">kiludwigshafen.k1.kdd@polizei.rlp.de<\/a>&nbsp;entgegen.<\/strong><\/li>\n<\/ul>\n\n\n\n<h2 class=\"wp-block-heading\">(Ludwigshafen) &#8211; Kupferdiebst\u00e4hle \/ Zeugen gesucht<\/h2>\n\n\n<div class=\"wp-block-image\">\n<figure class=\"aligncenter size-full\"><img decoding=\"async\" loading=\"lazy\" width=\"800\" height=\"532\" src=\"https:\/\/speyer24news.com\/wp-content\/uploads\/2021\/05\/Kupfer.jpg\" alt=\"\" class=\"wp-image-36529\" srcset=\"https:\/\/speyer24news.com\/wp-content\/uploads\/2021\/05\/Kupfer.jpg 800w, https:\/\/speyer24news.com\/wp-content\/uploads\/2021\/05\/Kupfer-300x200.jpg 300w, https:\/\/speyer24news.com\/wp-content\/uploads\/2021\/05\/Kupfer-768x511.jpg 768w\" sizes=\"(max-width: 800px) 100vw, 800px\" \/><\/figure><\/div>\n\n\n<p>Vermutlich in den letzten zwei Monaten entwendeten Unbekannte rund eine Tonne Kupferkabel. Die Kabel wurden entlang der Stra\u00dfenbahnstrecke im Tunnel zwischen den Haltestellen Hauptbahnhof und Bgm.-Kutterer-Stra\u00dfe gestohlen. Der Sachschaden wird auf mehrere zehntausend Euro gesch\u00e4tzt. Aufgrund des hohen Gewichtes gehen die Ermittler davon aus, dass das Diebesgut mit einem Sprinter oder Lkw abtransportiert wurde.<\/p>\n\n\n\n<ul>\n<li><strong>Haben Sie verd\u00e4chtige Wahrnehmungen gemacht oder k\u00f6nnen Sie Hinweise geben?<\/strong><\/li>\n\n\n\n<li><strong>Sachdienliche Hinweise bitte an die Polizeiinspektion Ludwigshafen 1, Telefonnummer 0621 963-2122 oder per E-Mail&nbsp;<a href=\"mailto:%20piludwigshafen1@polizei.rlp.de\">piludwigshafen1@polizei.rlp.de<\/a>&nbsp;.<\/strong><\/li>\n<\/ul>\n\n\n\n<h2 class=\"wp-block-heading\">(A 6 \/ Mannheim) &#8211; Nach Unfall mit mehreren Beteiligten \/ Gefahr durch ungesicherte Unfallstelle und 4 km Stau<\/h2>\n\n\n\n<p>Am Freitag gegen 07:45 Uhr ereignete sich ein Verkehrsunfall auf der A6 zwischen dem Viernheimer Kreuz und dem Kreuz Mannheim in Fahrtrichtung Heilbronn mit mehreren Beteiligten. Es besteht Gefahr durch die noch ungesicherte Unfallstelle. Gegenw\u00e4rtig wird ein dadurch verursachter R\u00fcckstau von 4 Kilometern L\u00e4nge gemeldet.<\/p>\n\n\n\n<h3 class=\"wp-block-heading has-text-align-center\">Pressemeldung Nr. 2<\/h3>\n\n\n\n<p>Nach ersten Erkenntnissen kam es zu einem Auffahrunfall mit drei beteiligten Fahrzeugen. Dabei fuhr zun\u00e4chst ein Fahrzeug einem anderen auf, welches durch die Wucht des Aufpralls wiederum auf ein weiteres, vor ihm befindliches, geschoben wurde. Der Fahrer des mittleren Fahrzeugs verletzte sich dabei leicht. Zwei der Fahrzeuge waren derart besch\u00e4digt, dass sie abgeschleppt werden mussten.<\/p>\n\n\n\n<p>Im Rahmen der Unfallaufnahme kam es zur Sperrung der rechten Fahrspur, die um 09:18 Uhr wieder f\u00fcr den Verkehr frei gegeben werden konnte.<\/p>\n\n\n\n<h2 class=\"wp-block-heading\">(Mannheim) &#8211; Seniorin Handtasche an Stra\u00dfenbahnhaltestelle entrissen \/ Polizei sucht Zeugen<\/h2>\n\n\n<div class=\"wp-block-image\">\n<figure class=\"aligncenter size-full\"><img decoding=\"async\" loading=\"lazy\" width=\"801\" height=\"600\" src=\"https:\/\/speyer24news.com\/wp-content\/uploads\/2020\/05\/Zeugen-gesucht-Neutral.jpg\" alt=\"\" class=\"wp-image-26598\" srcset=\"https:\/\/speyer24news.com\/wp-content\/uploads\/2020\/05\/Zeugen-gesucht-Neutral.jpg 801w, https:\/\/speyer24news.com\/wp-content\/uploads\/2020\/05\/Zeugen-gesucht-Neutral-300x225.jpg 300w, https:\/\/speyer24news.com\/wp-content\/uploads\/2020\/05\/Zeugen-gesucht-Neutral-768x575.jpg 768w, https:\/\/speyer24news.com\/wp-content\/uploads\/2020\/05\/Zeugen-gesucht-Neutral-678x509.jpg 678w, https:\/\/speyer24news.com\/wp-content\/uploads\/2020\/05\/Zeugen-gesucht-Neutral-326x245.jpg 326w, https:\/\/speyer24news.com\/wp-content\/uploads\/2020\/05\/Zeugen-gesucht-Neutral-80x60.jpg 80w\" sizes=\"(max-width: 801px) 100vw, 801px\" \/><\/figure><\/div>\n\n\n<p>Am Donnerstag entriss um kurz nach 8 Uhr ein bislang unbekannter m\u00e4nnlicher T\u00e4ter einer 81-J\u00e4hrigen die Handtasche. Die Seniorin hatte an der Stra\u00dfenbahnhaltestelle Seckenheimer Stra\u00dfe gestanden, als pl\u00f6tzlich ein Fahrradfahrer an ihr vorbeifuhr, dabei ihre Handtasche packte und mitnahm. Neben pers\u00f6nlichen Gegenst\u00e4nden und Identit\u00e4tspapieren wurde auch Bargeld entwendet.<\/p>\n\n\n\n<h4 class=\"wp-block-heading\">Der T\u00e4ter wird als:<\/h4>\n\n\n\n<ul>\n<li><strong>ungef\u00e4hr 30 Jahre alt<\/strong><\/li>\n\n\n\n<li><strong>180 cm gro\u00df<\/strong><\/li>\n\n\n\n<li><strong>schlank<\/strong><\/li>\n\n\n\n<li><strong>mit hellem Teint beschrieben. <\/strong><\/li>\n\n\n\n<li><strong>Er trug einen langen Kinnbart und einen dunkelblonden Zopf. <\/strong><\/li>\n\n\n\n<li><strong>Bekleidet war er mit einem grauen Kapuzenpullover mit Muster.<\/strong><\/li>\n<\/ul>\n\n\n\n<ul>\n<li><strong>Zeugen, die sachdienliche Hinweise geben k\u00f6nnen, werden gebeten sich beim Polizeirevier Mannheim-Oststadt, unter der Telefonnummer 0621-174331-0, zu melden.<\/strong><\/li>\n<\/ul>\n\n\n\n<h2 class=\"wp-block-heading\">(Mannheim) &#8211; Seniorin aus der Mannheimer Innenstadt vermisst<\/h2>\n\n\n<div class=\"wp-block-image\">\n<figure class=\"aligncenter size-full\"><img decoding=\"async\" src=\"https:\/\/speyer24news.com\/wp-content\/uploads\/2023\/06\/Bild-1.jpg\" alt=\"\" class=\"wp-image-52861\"\/><\/figure><\/div>\n\n\n<p>Eine 84-j\u00e4hrige Frau wird seit Mittwoch vermisst. Die Seniorin wurde zum letzten Mal um 12 Uhr in einer Pflegeeinrichtung in E6 gesehen. Sie ist auf die Einnahme von Medikamenten angewiesen, weshalb nicht ausgeschlossen werden kann, dass sich die 84-J\u00e4hrige in einer hilflosen Lage befindet.<\/p>\n\n\n<div class=\"wp-block-image\">\n<figure class=\"alignleft size-full\"><img decoding=\"async\" src=\"https:\/\/speyer24news.com\/wp-content\/uploads\/2023\/06\/Bild-2.jpg\" alt=\"\" class=\"wp-image-52862\"\/><\/figure><\/div>\n\n\n<ul>\n<li><strong>Sie wird als knapp 155 cm gro\u00df und mit kr\u00e4ftiger Statur, kurzen grauen Haare und braunen Augen beschrieben. <\/strong><\/li>\n\n\n\n<li><strong>Sie tr\u00e4gt ein hellgraues Kleid. <\/strong><\/li>\n\n\n\n<li><strong>Nach derzeitigen Erkenntnissen ist sie mit einem schwarzen Rollator unterwegs.<\/strong><\/li>\n<\/ul>\n\n\n\n<p>Die eingeleiteten Suchma\u00dfnahmen blieb bislang ohne Erfolg, weshalb ein Polizeihubschrauber und ein Mantrailer-Sp\u00fcrhund zur Unterst\u00fctzung angefordert wurden.<\/p>\n\n\n\n<ul>\n<li><strong>Falls die Gesuchte angetroffen werden sollte, wird darum gebeten, die Polizei \u00fcber das kriminalpolizeilichen Hinweistelefon 0621-174-4444 oder den Notruf 110 zu verst\u00e4ndigen. Selbstverst\u00e4ndlich kann man sich mit Hinweisen auch an jede andere Polizeidienststelle wenden.<\/strong><\/li>\n<\/ul>\n\n\n\n<h3 class=\"wp-block-heading has-text-align-center\">Pressemeldung Nr. 2<\/h3>\n\n\n\n<p>Die Suchma\u00dfnahmen f\u00fchrten bislang nicht zum Auffinden der vermissten Frau und werden fortgesetzt.<\/p>\n\n\n\n<h2 class=\"wp-block-heading\">(Mannheim) &#8211; Mann vergisst Vorw\u00e4rtsgang einzulegen und f\u00e4hrt r\u00fcckw\u00e4rts in geparkten Pkw \/ 20.000 Euro Sachschaden<\/h2>\n\n\n\n<p>Am Mittwochabend, um 21:30 Uhr parkte ein 60-j\u00e4hriger Mann seinen Pkw r\u00fcckw\u00e4rts aus einer Ausfahrt in der Katharinenstra\u00dfe aus. Als der 60-J\u00e4rhige nun seine Fahrt nach vorne fortsetzten wollte, verga\u00df dieser jedoch den Vorw\u00e4rtsgang einzulegen und fuhr r\u00fcckw\u00e4rts auf einen geparkten Opel auf. Durch die Wucht des Aufpralls wurde der Opel auf den Randstein aufgeschoben. Es entstand ein Sachschaden von insgesamt 20.000 Euro. Der 60-J\u00e4rhige blieb, bis auf einen Schock, unverletzt. Das Polizeirevier Mannheim-Neckarau hat die Ermittlungen \u00fcbernommen.<\/p>\n\n\n\n<h2 class=\"wp-block-heading\">(Mannheim) &#8211; Schwerer Raub in der Mannheimer Innenstadt \/ Polizei sucht Zeugen<\/h2>\n\n\n<div class=\"wp-block-image\">\n<figure class=\"aligncenter size-full\"><img decoding=\"async\" loading=\"lazy\" width=\"800\" height=\"621\" src=\"https:\/\/speyer24news.com\/wp-content\/uploads\/2021\/07\/Messer-Angriff-Bedrohung-2.jpg\" alt=\"\" class=\"wp-image-38504\" srcset=\"https:\/\/speyer24news.com\/wp-content\/uploads\/2021\/07\/Messer-Angriff-Bedrohung-2.jpg 800w, https:\/\/speyer24news.com\/wp-content\/uploads\/2021\/07\/Messer-Angriff-Bedrohung-2-300x233.jpg 300w, https:\/\/speyer24news.com\/wp-content\/uploads\/2021\/07\/Messer-Angriff-Bedrohung-2-768x596.jpg 768w\" sizes=\"(max-width: 800px) 100vw, 800px\" \/><figcaption class=\"wp-element-caption\">Symbolbild &#8222;\u00dcberfall Messer&#8220;, dient lediglich der Visualisierung<\/figcaption><\/figure><\/div>\n\n\n<p>Bereits am Freitag, den 02.06.2023, kam es gegen 00:30 Uhr im Quadrat U3 zu einem Angriff auf einen 72-J\u00e4hrigen. Dieser war zun\u00e4chst von einer ihm unbekannten Frau auf Grund seines Gehstocks angesprochen worden. Nach einem kurzen Wortwechsel ging die Frau weiter. Nur kurze Zeit sp\u00e4ter wurde der 72-J\u00e4hrige unvermittelt von hinten gepackt und zu Boden geworfen. Drei M\u00e4nner zogen ihn wieder hoch, wovon zwei ihm dann ein Messer an den Hals hielten. Der dritte Mann nutzte die Wehrlosigkeit des Seniors aus und stahl mehrere hundert Euro aus dessen Umh\u00e4ngetasche. Die drei M\u00e4nner liefen \u00fcber den Herschelplatz davon. Ob die Frau mit den T\u00e4tern in Verbindung steht oder als Zeugin fungieren kann, ist noch Gegenstand der Ermittlungen.<\/p>\n\n\n\n<h2 class=\"wp-block-heading\">Die beteiligten Personen werden wie folgt beschrieben:<\/h2>\n\n\n\n<ul>\n<li><strong>Das Alter der drei M\u00e4nner wird auf 25 Jahre gesch\u00e4tzt. Sie trugen alle einen dunklen Jogginganzug und hatten eine schwarze Hautfarbe. Der Mann, der das Geld entnahm, soll zudem eine wei\u00dfe Schirmm\u00fctze der Marke Puma getragen haben.<\/strong><\/li>\n\n\n\n<li><strong>Die Frau war ungef\u00e4hr 25 Jahre alt und hatte ein mittelamerikanisches Erscheinungsbild. Sie trug Jeans, wei\u00dfe Turnschuhe und eine schwarze Bluse. Sie unterhielt sich auf Deutsch mit dem 72-J\u00e4hrigen.<\/strong><\/li>\n<\/ul>\n\n\n\n<p>Gegen die drei M\u00e4nner wird wegen schweren Raubes ermittelt.<\/p>\n\n\n\n<ul>\n<li><strong>Zeugen, die sachdienliche Hinweise geben k\u00f6nnen, werden gebeten sich beim kriminalpolizeilichen Hinweistelefon, unter der Telefonnummer 0621\/174-4444, zu melden.<\/strong><\/li>\n<\/ul>\n\n\n\n<h2 class=\"wp-block-heading\">(Mannheim-Friedrichsfeld) &#8211; Schl\u00e4gerei mit einer schwer verletzten Person<\/h2>\n\n\n\n<h3 class=\"wp-block-heading has-text-align-center\">Pressemitteilung Nr. 2<\/h3>\n\n\n\n<p>Mittwochvormittag gegen 10:20 Uhr kam es auf dem Saarburger Ring in einer Wohnungsunterkunft zu Streitigkeiten zwischen mehreren Personen. Nachdem die Polizei durch die Sicherheitskr\u00e4fte informiert wurde und vor Ort kam, hatte sich die Personengruppe bereits aufgel\u00f6st und die Polizeibeamtinnen und Polizeibeamten konnten zun\u00e4chst keine der Beteiligten feststellen.<\/p>\n\n\n\n<p>Nach bisherigen Erkenntnissen und Ermittlungen vor Ort kam es zwischen zwei Personengruppen zu einem verbalen Disput, der in k\u00f6rperliche Auseinandersetzungen endete, wobei die Personen auch mit diversen umherstehende Gegenst\u00e4nde wie M\u00f6belteilen und anderen agierten. Durch die Auseinandersetzungen wurden f\u00fcnf Personen verletzt, davon vier leicht, die nach medizinischer Versorgung vor Ort in ein Krankenhaus gebracht wurden. Alle vier konnten zwischenzeitlich wieder entlassen werden. Ein 23-J\u00e4hriger wurde schwer am Auge verletzt und musste aufgrund der erlittenen Verletzungen zur medizinischen Notfallversorgung in eine Klinik eingeliefert. Lebensgefahr besteht nicht.<\/p>\n\n\n\n<p>Um einer m\u00f6glichen Nachfolgeauseinandersetzung der Personengruppen entgegenzuwirken, wurden neun der beteiligten Personen durch die Stadt Mannheim in anderen Unterk\u00fcnften untergebracht.<\/p>\n\n\n\n<p>Das Dezernat 9.1 der Kriminalpolizei des Polizeipr\u00e4sidiums Mannheim hat die weiteren Ermittlungen, insbesondere zu den Hintergr\u00fcnden und den bislang unbekannten T\u00e4tern, aufgenommen.<\/p>\n\n\n\n<h2 class=\"wp-block-heading\">(Heidelberg) &#8211; Diebstahl aus Wohnmobil in Neuenheim<\/h2>\n\n\n\n<p>Eine unerfreuliche Begegnung hatte ein 39-j\u00e4hriger Wohnmobilbesitzer in der Nacht von Donnerstag auf Freitag. Gegen 23:30 Uhr hielt er sich f\u00fcr eine kurze Zeit au\u00dferhalb seines Wohnmobils auf, welches unverschlossen in der Uferstra\u00dfe geparkt war. Dann bemerkte er, dass sich eine fremde, m\u00e4nnliche Person unbefugt im Fahrzeuginneren aufhielt. Als er den Eindringling darauf ansprach, floh der Mann. Der 39-J\u00e4hrige versuchte ihn noch aufzuhalten, aber der Unbekannte konnte sich losrei\u00dfen. Es stellte sich heraus, dass eine Smart Watch und etwas Kleingeld entwendet wurden.<\/p>\n\n\n\n<p>Die Polizei nahm die Ermittlungen auf.<\/p>\n\n\n\n<h2 class=\"wp-block-heading\">(Heidelberg) &#8211; Mutma\u00dfliches Diebesgut sichergestellt \/ Eigent\u00fcmer gesucht!<\/h2>\n\n\n<div class=\"wp-block-image\">\n<figure class=\"aligncenter size-full\"><img decoding=\"async\" loading=\"lazy\" width=\"600\" height=\"600\" src=\"https:\/\/speyer24news.com\/wp-content\/uploads\/2023\/06\/Diebesgut.jpg\" alt=\"\" class=\"wp-image-52863\" srcset=\"https:\/\/speyer24news.com\/wp-content\/uploads\/2023\/06\/Diebesgut.jpg 600w, https:\/\/speyer24news.com\/wp-content\/uploads\/2023\/06\/Diebesgut-300x300.jpg 300w, https:\/\/speyer24news.com\/wp-content\/uploads\/2023\/06\/Diebesgut-150x150.jpg 150w\" sizes=\"(max-width: 600px) 100vw, 600px\" \/><\/figure><\/div>\n\n\n<p>Bei einer Fahrzeugkontrolle am Mittwoch, 14.06.2023 in der N\u00e4he des Kirchheimer Friedhofs wurden im Kofferraum eines PKW mutma\u00dfliches Aufbruchswerkzeug, Kleidung, diverse M\u00fctzen und Handschuhe gefunden. F\u00fcr weitere Abkl\u00e4rung wurde der 21-j\u00e4hrige Fahrzeugf\u00fchrer mit aufs Polizeirevier Heidelberg-S\u00fcd genommen. In seinem Rucksack wurden dann noch die hier abgebildeten Schmuckst\u00fccke gefunden, deren Herkunft unklar ist. M\u00f6glicherweise stammen sie aus einem oder mehreren Einbr\u00fcchen oder sonstigen Diebstahlsdelikten, die noch nicht angezeigt oder bemerkt wurden.<\/p>\n\n\n\n<h4 class=\"wp-block-heading\">Einzelne, gr\u00f6\u00dfere Bilder finden Sie hier:<\/h4>\n\n\n\n<figure class=\"wp-block-embed is-type-wp-embed is-provider-polizeiprasidium-mannheim wp-block-embed-polizeiprasidium-mannheim\"><div class=\"wp-block-embed__wrapper\">\n<blockquote class=\"wp-embedded-content\" data-secret=\"A0nm1kWkBd\"><a href=\"https:\/\/ppmannheim.polizei-bw.de\/heidelberg-mutmassliches-diebesgut-sichergestellt-eigentuemer-gesucht\/\">Heidelberg: Mutma\u00dfliches Diebesgut sichergestellt &#8211; Eigent\u00fcmer gesucht!<\/a><\/blockquote><iframe class=\"wp-embedded-content\" sandbox=\"allow-scripts\" security=\"restricted\" style=\"position: absolute; clip: rect(1px, 1px, 1px, 1px);\" title=\"&#8222;Heidelberg: Mutma\u00dfliches Diebesgut sichergestellt &#8211; Eigent\u00fcmer gesucht!&#8220; &#8212; Polizeipr\u00e4sidium Mannheim\" src=\"https:\/\/ppmannheim.polizei-bw.de\/heidelberg-mutmassliches-diebesgut-sichergestellt-eigentuemer-gesucht\/embed\/#?secret=OgorgZXdMY#?secret=A0nm1kWkBd\" data-secret=\"A0nm1kWkBd\" width=\"500\" height=\"282\" frameborder=\"0\" marginwidth=\"0\" marginheight=\"0\" scrolling=\"no\"><\/iframe>\n<\/div><\/figure>\n\n\n\n<ul>\n<li><strong>Wer seinen Schmuck wiedererkennt oder Hinweise auf den\/die Eigent\u00fcmer hat, meldet sich bitte unter der 06221\/7542441.<\/strong><\/li>\n<\/ul>\n\n\n\n<h2 class=\"wp-block-heading\">(Schwetzingen \/ Rhein-Neckar-Kreis) &#8211; Verk\u00e4uferin abgelenkt und Schmuck im Wert von knapp 1.000 Euro entwendet \/ Zeugen gesucht!<\/h2>\n\n\n\n<p>Am Donnerstagvormittag betrat ein bisher unbekannter T\u00e4ter um 10:30 Uhr ein Schmuckgesch\u00e4ft in der Mannheimer Stra\u00dfe und erkundigte sich bei der Verk\u00e4uferin \u00fcber diverse Schmuckst\u00fccke. Nachdem sich der T\u00e4ter eine goldene Halskette sowie einen Anh\u00e4nger einpacken lies, lenkte der T\u00e4ter die Verk\u00e4uferin insoweit ab, dass er weiteres Interesse an verschiedenen Uhrmodellen bekundete. Um die Uhren hervorzuholen, musste sich die Verk\u00e4uferin von dem T\u00e4ter kurzzeitig abwenden. Dies nutze der Unbekannte aus und nahm den Schmuck aus der Verpackung heraus und schlie\u00dflich an sich. Im weiteren Verlauf gab der T\u00e4ter an, nicht \u00fcber ausreichend Bargeld zu verf\u00fcgen, weshalb er eine Bankfiliale aufsuchen m\u00fcsse. Durch einen sp\u00e4ter hinzukommenden Bekannten der Verk\u00e4uferin wurde dem T\u00e4ter der Weg zur n\u00e4chsten Bankfiliale beschrieben, daraufhin entfernte sich der T\u00e4ter jedoch in unbekannte Richtung. Die H\u00f6he des Diebstahlschadens liegt knapp unter 1.000 Euro.<\/p>\n\n\n\n<h4 class=\"wp-block-heading\">Der T\u00e4ter kann wie folgt beschrieben werden:<\/h4>\n\n\n\n<ul>\n<li><strong>m\u00e4nnlich<\/strong><\/li>\n\n\n\n<li><strong>ca. 30-35 Jahre<\/strong><\/li>\n\n\n\n<li><strong>ca. 180 cm gro\u00df<\/strong><\/li>\n\n\n\n<li><strong>afroamerikanisches Erscheinungsbild<\/strong><\/li>\n\n\n\n<li><strong>schlanke K\u00f6rperstatur<\/strong><\/li>\n\n\n\n<li><strong>Bekleidet mit schwarzen Schuhe (mit leichtem Absatz), lange, enge schwarze Hose, schwarzes T-Shirt mit wei\u00dfem Muster auf der Brust und schwarzer Base-Cap.<\/strong><\/li>\n<\/ul>\n\n\n\n<ul>\n<li><strong>Zeugen, die sachdienliche Hinweise geben k\u00f6nnen, werden gebeten, sich mit dem Polizeirevier Schwetzingen, Tel.: 06202 \/ 288-0, in Verbindung zu setzen.<\/strong><\/li>\n<\/ul>\n\n\n\n<h2 class=\"wp-block-heading\">(Oftersheim \/ Rhein-Neckar-Kreis) &#8211; 73-J\u00e4hrige f\u00e4llt Messenger-Betrug zum Opfer<\/h2>\n\n\n\n<p>Am 14.06.2023, gegen 09.00 Uhr, meldete sich eine 73-J\u00e4hrige bei der Polizei und zeigte einen Betrug zu ihrem Nachteil an. Diese erhielt am 12.06.2023 eine WhatsApp-Nachricht von ihrem vermeintlichen Sohn, dass er sein Handy verloren habe. In der Folge wurde die 73-J\u00e4hrige aufgefordert die neue Handynummer zu speichern und f\u00fcr den angeblichen Sohn eine \u00dcberweisung in H\u00f6he eines vierstelligen Betrages zu t\u00e4tigen. Guten Willens \u00fcberwies sie daraufhin den Betrag. Am 13.06.2023 gegen 19.00 Uhr bemerkte sie den Betrug, als sie die alte Handynummer ihres Sohnes anrief und dieser sich am Handy meldete.<\/p>\n\n\n\n<h4 class=\"wp-block-heading\"><em>Wie sie sich, ihre Verwandten und Freunde sch\u00fctzen k\u00f6nnen, erfahren sie hier:&nbsp;<a href=\"https:\/\/www.polizei-beratung.de\/themen-und-tipps\/betrug\/messenger\/\" target=\"_blank\" rel=\"noreferrer noopener\">https:\/\/www.polizei-beratung.de\/themen-und-tipps\/betrug\/messenger\/<\/a><\/em><\/h4>\n\n\n\n<h2 class=\"wp-block-heading\">(Leimen \/ Rhein-Neckar-Kreis) &#8211; Einbruch in Mehrfamilienhaus \/ Zeugen gesucht!<\/h2>\n\n\n\n<p>Am Donnerstagnachmittag, zwischen 15:30 Uhr und 16:45 Uhr verschafften sich bisher unbekannte T\u00e4ter Zugang zu einer Wohnung in einem Mehrfamilienhaus in der St. Ilgner Stra\u00dfe. Nachdem die T\u00e4terschaft unberechtigterweise auf das Grundst\u00fcck gelangte, hebelten der oder die T\u00e4ter\/in mit einem unbekannten Gegenstand die Wohnungst\u00fcr auf. Nach bisherigen Erkenntnissen wurden aus den R\u00e4umen u.a. ein Akkuschrauber mitsamt Ladeger\u00e4t sowie vier Uhren entwendet. Die H\u00f6he des gesamten Diebstahlschadens ist bislang noch nicht bekannt und Gegenstand der aktuellen Ermittlungen. <\/p>\n\n\n\n<ul>\n<li><strong>Das Polizeirevier Wiesloch nimmt Zeugenhinweise unter der Tel.: 06222 \/ 5709-0 entgegen.<\/strong><\/li>\n<\/ul>\n\n\n\n<h2 class=\"wp-block-heading\">(A 6 \/ Walldorf \/ Rhein-Neckar-Kreis) &#8211; Unter Drogeneinfluss LKW gerammt und dann zu Fu\u00df geflohen.<\/h2>\n\n\n\n<p>Am Donnerstag fuhr um 01:30 Uhr ein Ford einem LKW hinten auf, der auf der A6 von Hockenheim in Richtung Walldorf unterwegs gewesen war. Durch den Zusammensto\u00df verlor der 40-j\u00e4hrige Fahrer die Kontrolle \u00fcber sein Auto und prallte gegen die rechte Leitplanke. Als die vom LKW-Fahrer verst\u00e4ndigte Polizei vor Ort kam, befanden sich beide Fahrzeuge auf dem Seitenstreifen der Autobahn, aber vom Unfallfahrer fehlte jede Spur. Nach intensiver Suche konnte der Mann einige Zeit sp\u00e4ter an der Br\u00fccke der B3 aufgefunden werden. Als der 40-J\u00e4hrige den ihn suchenden Streifenwagen bemerkte, warf er eine kleine Menge an Bet\u00e4ubungsmitteln zu Boden. Auf der Wache wurde dem Mann Blut abgenommen und ihm die Weiterfahrt untersagt. Sein PKW musste abgeschleppt werden. Insgesamt entstand ein Schaden von knapp 5500 Euro.<\/p>\n\n\n\n<p>Der Mann muss sich nun wegen Unfallflucht, Stra\u00dfenverkehrsgef\u00e4hrdung und Besitz von Bet\u00e4ubungsmitteln verantworten. Sein F\u00fchrerschein wurde beschlagnahmt.<\/p>\n\n\n\n<h2 class=\"wp-block-heading\">(Wiesloch \/ Rhein-Neckar-Kreis) &#8211; Betrunkener rammt mehrere Fahrzeuge und fl\u00fcchtet<\/h2>\n\n\n\n<p>Am Mittwoch gegen 19.20 Uhr teilten mehrere Augenzeugen \u00fcber Notruf mit, dass es in der Panoramastra\u00dfe zu einer Verkehrsunfallflucht gekommen sei. Hierbei habe ein Autofahrer mehrere Fahrzeuge beim Befahren der Panoramastra\u00dfe besch\u00e4digt und machte einen betrunkenen Eindruck. Im Anschluss sei er die Panoramastra\u00dfe in Fahrtrichtung Westen davongefahren. Das Fahrzeug und das Kennzeichen konnten von den aufmerksamen Zeugen beschrieben werden. Aufgrund dieser Hinweise konnte der Halter des Fahrzeugs ausfindig gemacht und dessen Wohnanschrift aufgesucht werden. In der dortigen Parkgarage des Hauses wurde auch das beschriebenen Fahrzeug mit frischen Unfallsch\u00e4den festgestellt. Beim Fotografieren der Unfallsch\u00e4den lief eine m\u00e4nnliche Person, welche auf die Personenbeschreibung der Zeugen passte, an der \u00d6rtlichkeit vorbei und hielt noch den Fahrzeugschl\u00fcssel f\u00fcr das besagte Unfallfahrzeug in der Hand.Bei dem nachfolgenden Gespr\u00e4ch konnte sofort deutlicher Alkoholgeruch festgestellt werden. Den Fahrer erwartet nur eine Anzeige wegen einer Gef\u00e4hrdung des Stra\u00dfenverkehrs unter Alkoholeinfluss. Die H\u00f6he des entstandenen Sachschadens ist bislang noch unbekannt.<\/p>\n\n\n\n<h2 class=\"wp-block-heading\">(Weiler \/ Rhein-Neckar-Kreis) &#8211; Fahrzeugbrand<\/h2>\n\n\n\n<p>Aus bislang unbekannter Ursache geriet gegen 13:15 Uhr ein in der Kaiserstra\u00dfe geparkter Opel in Brand. Verletzt wurde dabei niemand, allerdings wurde die Fahrbahn in Mitleidenschaft gezogen. Im Rahmen der L\u00f6scharbeiten kam es zu einer Vollsperrung der Kaiserstra\u00dfe. Diese dauert noch an.<\/p>\n\n\n\n<h3 class=\"wp-block-heading has-text-align-center\">Pressemeldung Nr. 2<\/h3>\n\n\n\n<p>Nach dem Fahrzeugbrand in der Kaiserstra\u00dfe sind die Einsatzma\u00dfnahmen vor Ort abgeschlossen. Die Fahrbahn musste durch eine Fachfirma gereinigt werden. Die Verkehrssperrungen konnten wieder aufgehoben werden, die Stra\u00dfe ist seit 16:00 Uhr wieder befahrbar.<\/p>\n\n\n\n<h2 class=\"wp-block-heading\">(A 6 \/ Sinsheim \/ Rhein-Neckar-Kreis) &#8211; Verkehrsunfall mit mehreren beteiligten Fahrzeugen, ein Pkw hat sich \u00fcberschlagen<a href=\"https:\/\/www.facebook.com\/sharer.php?u=https%3A%2F%2Fwww.presseportal.de%2Fblaulicht%2Fpm%2F14915%2F5536398%2F%3Futm_source%3Dfacebook%26utm_medium%3Dsocial\"><\/a><a href=\"https:\/\/twitter.com\/intent\/tweet?text=POL-MA%3A%20BAB%206%2C%20Sinsheim%2FRhein-Neckar-Kreis%3A%20Verkehrsunfall%20mit%20mehreren%20beteiligten%20Fahrzeugen%2C%20ein%20Pkw%20hat%20sich%20%C3%BCberschlagen%20-%20PM%20Nr.%201&amp;url=https%3A%2F%2Fwww.presseportal.de%2Fblaulicht%2Fpm%2F14915%2F5536398%2F%3Futm_source%3Dtwitter%26utm_medium%3Dsocial&amp;hashtags=ots&amp;lang=de\"><\/a><a href=\"https:\/\/web.whatsapp.com\/send?text=POL-MA%3A%20BAB%206%2C%20Sinsheim%2FRhein-Neckar-Kreis%3A%20Verkehrsunfall%20mit%20mehreren%20beteiligten%20Fahrzeugen%2C%20ein%20Pkw%20hat%20sich%20%C3%BCberschlagen%20-%20PM%20Nr.%201%0A%0Ahttps%3A%2F%2Fwww.presseportal.de%2Fblaulicht%2Fpm%2F14915%2F5536398%2F%3Futm_source%3Dwhatsapp%26utm_medium%3Dsocial\"><\/a><a href=\"https:\/\/www.xing.com\/app\/user?op=share;url=https%3A%2F%2Fwww.presseportal.de%2Fblaulicht%2Fpm%2F14915%2F5536398%2F%3Futm_source%3Dxing%26utm_medium%3Dsocial\"><\/a><a href=\"http:\/\/www.linkedin.com\/shareArticle?mini=true&amp;url=https%3A%2F%2Fwww.presseportal.de%2Fblaulicht%2Fpm%2F14915%2F5536398%2F%3Futm_source%3Dlinkedin%26utm_medium%3Dsocial&amp;title=POL-MA%3A+BAB+6%2C+Sinsheim%2FRhein-Neckar-Kreis%3A+Verkehrsunfall+mit+mehreren+beteiligten+Fahrzeugen%2C+ein+Pkw+hat+sich+%C3%BCberschlagen+-+PM+Nr.+1\"><\/a><a href=\"mailto:?subject=POL-MA%3A%20BAB%206%2C%20Sinsheim%2FRhein-Neckar-Kreis%3A%20Verkehrsunfall%20mit%20mehreren%20beteiligten%20Fahrzeugen%2C%20ein%20Pkw%20hat%20sich%20%C3%BCberschlagen%20-%20PM%20Nr.%201&amp;body=https:\/\/www.presseportal.de\/blaulicht\/pm\/14915\/5536398\"><\/a><\/h2>\n\n\n\n<p>Aktuell kommt es zu einem Einsatz von Polizei, Feuerwehr und Rettungsdienst auf der BAB 6 H\u00f6he Sinsheim-Steinsfurt in Fahrtrichtung Heilbronn. Grund hierf\u00fcr ist ein Verkehrsunfall mit mehreren beteiligten Fahrzeugen, ein beteiligter Pkw hat sich \u00fcberschlagen und kam auf dem Dach zum Liegen. Die Richtungsfahrbahn in Fahrtrichtung Heilbronn ist aktuell gesperrt. Es wird nachberichtet.<\/p>\n\n\n\n<h3 class=\"wp-block-heading has-text-align-center\">Pressemeldung Nr. 2<a href=\"https:\/\/www.facebook.com\/sharer.php?u=https%3A%2F%2Fwww.presseportal.de%2Fblaulicht%2Fpm%2F14915%2F5536418%2F%3Futm_source%3Dfacebook%26utm_medium%3Dsocial\"><\/a><a href=\"https:\/\/twitter.com\/intent\/tweet?text=POL-MA%3A%20BAB%206%2C%20Sinsheim%2FRhein-Neckar-Kreis%3A%20Verkehrsunfall%2C%20ein%20Pkw%20hat%20sich%20%C3%BCberschlagen%20-%20PM%20Nr.%202&amp;url=https%3A%2F%2Fwww.presseportal.de%2Fblaulicht%2Fpm%2F14915%2F5536418%2F%3Futm_source%3Dtwitter%26utm_medium%3Dsocial&amp;hashtags=ots&amp;lang=de\"><\/a><a href=\"https:\/\/web.whatsapp.com\/send?text=POL-MA%3A%20BAB%206%2C%20Sinsheim%2FRhein-Neckar-Kreis%3A%20Verkehrsunfall%2C%20ein%20Pkw%20hat%20sich%20%C3%BCberschlagen%20-%20PM%20Nr.%202%0A%0Ahttps%3A%2F%2Fwww.presseportal.de%2Fblaulicht%2Fpm%2F14915%2F5536418%2F%3Futm_source%3Dwhatsapp%26utm_medium%3Dsocial\"><\/a><a href=\"https:\/\/www.xing.com\/app\/user?op=share;url=https%3A%2F%2Fwww.presseportal.de%2Fblaulicht%2Fpm%2F14915%2F5536418%2F%3Futm_source%3Dxing%26utm_medium%3Dsocial\"><\/a><a href=\"http:\/\/www.linkedin.com\/shareArticle?mini=true&amp;url=https%3A%2F%2Fwww.presseportal.de%2Fblaulicht%2Fpm%2F14915%2F5536418%2F%3Futm_source%3Dlinkedin%26utm_medium%3Dsocial&amp;title=POL-MA%3A+BAB+6%2C+Sinsheim%2FRhein-Neckar-Kreis%3A+Verkehrsunfall%2C+ein+Pkw+hat+sich+%C3%BCberschlagen+-+PM+Nr.+2\"><\/a><a href=\"mailto:?subject=POL-MA%3A%20BAB%206%2C%20Sinsheim%2FRhein-Neckar-Kreis%3A%20Verkehrsunfall%2C%20ein%20Pkw%20hat%20sich%20%C3%BCberschlagen%20-%20PM%20Nr.%202&amp;body=https:\/\/www.presseportal.de\/blaulicht\/pm\/14915\/5536418\"><\/a><\/h3>\n\n\n\n<p>Nach dem Verkehrsunfall auf der BAB 6 Fahrtrichtung Heilbronn, H\u00f6he Sinsheim-Steinsfurt, ist die Unfallaufnahme vor Ort abgeschlossen. Die Verkehrssperrungen konnten aufgehoben werden, die Fahrbahn ist wieder frei. Entgegen der ersten Meldung waren an dem Verkehrsunfall nicht mehrere Fahrzeuge beteiligt, sondern lediglich ein Pkw. Dieser kam nach derzeitigem Stand der Ermittlungen infolge eines Sekundenschlafes nach rechts von der Fahrbahn ab, kollidierte mit der Leitplanke, wurde daraufhin nach links abgewiesen, \u00fcberschlug sich und kam dann im Unfallendstand auf dem Dach liegend auf der Fahrbahn zum Stehen. Der 22-j\u00e4hrige Fahrer des Pkw wurde durch den Unfall leicht verletzt und musste mittels Rettungswagen in ein umliegendes Krankenhaus eingeliefert werden. An dem Fahrzeug entstand Totalschaden. Dieser musste durch eine Fachfirma abgeschleppt werden. Die Fahrbahn musste aufw\u00e4ndig gereinigt werden und konnte im Anschluss wieder freigegeben werden. Der durch den Unfall entstandene Sachschaden ist bislang noch nicht bekannt.<\/p>\n\n\n\n<h2 class=\"wp-block-heading\">(Sinsheim \/ Rhein-Neckar-Kreis) &#8211; Mit \u00fcber 2 Promille Auto gefahren \/ F\u00fchrerschein einbehalten<\/h2>\n\n\n\n<p>Am Donnerstagabend, gegen 22:15 Uhr informierte ein Zeuge die Polizei \u00fcber einen auff\u00e4llig fahrenden Pkw-Fahrer. Kurze Zeit sp\u00e4ter konnte der 51-j\u00e4hrige Peugeot-Fahrer in der Schwarzwaldstra\u00dfe durch die Beamten des Polizeirevier Sinsheim festgestellt und einer Kontrolle unterzogen werden. Bereits bei der Hinterherfahrt fuhr der 51-J\u00e4hrige merklich Schlangenlinien und geriet in den Gegenverkehr. Im Rahmen des anschlie\u00dfenden Kontrollgespr\u00e4chs konnten die Beamten deutlichen Alkoholgeruch wahrnehmen. Ein sp\u00e4ter durchgef\u00fchrter Alkoholtest best\u00e4tigte, dass der 51-J\u00e4hrige mit 2,72 Promille viel zu alkoholisiert war, um am Stra\u00dfenverkehr teilzunehmen. Der Peugeot-Fahrer musste die Beamten auf das Revier begleiten und eine Blutprobe abgeben. Der Fahrzeugschl\u00fcssel wurde sichergestellt und der F\u00fchrerschein einbehalten. Der 51-J\u00e4hrige muss nun mit f\u00fchrerscheinrechtlichen Konsequenzen und einer Anzeige wegen Trunkenheit im Stra\u00dfenverkehr rechnen.<\/p>\n\n\n\n<h2 class=\"wp-block-heading\">(Sinsheim \/ Rhein-Neckar-Kreis) &#8211; Unbekannte zerkratzen mutwillig Fahrzeug<\/h2>\n\n\n\n<p>Am Mittwoch parkte eine 59-J\u00e4hrige ihr Fahrzeug zwischen 09.00 Uhr und 12.00 Uhr auf dem Schwimmbadparkplatz und fuhr nach ihrem dortigen Besuch wieder nach Hause. Dort angekommen, stellte sie fest, dass ihr Fahrzeug Besch\u00e4digungen an der gesamten linken Fahrzeugseite aufwies. Eine bislang unbekannte T\u00e4terschaft zerkratzte das Fahrzeug mittels eines spitzen Gegenstandes. Die H\u00f6he des entstandenen Sachschadens ist bislang noch unklar.<\/p>\n\n\n\n<ul>\n<li><strong>Zeugen, die Tathinweise geben k\u00f6nnen, werden gebeten sich bei dem Polizeirevier Sinsheim zu melden, unter: 07261 690-0.<\/strong><\/li>\n<\/ul>\n\n\n\n<h2 class=\"wp-block-heading\">(Waibstadt \/ Rhein-Neckar-Kreis) &#8211; 19-J\u00e4hriger unter Drogeneinfluss unterwegs \/ Fremd\/Fake-Urinbeutel am K\u00f6rper versteckt<\/h2>\n\n\n\n<p>In der Nacht von Mittwoch auf Donnerstag wurde ein 19-J\u00e4hriger BMW-Fahrer gegen 00:30 Uhr in der Ziegelstra\u00dfe durch Beamten des Polizeirevier Sinsheim einer Verkehrskontrolle unterzogen. Bereits zu Beginn des Kontrollgespr\u00e4chs konnten die Beamten deutlichen Marihuana-Geruch wahrnehmen. Der 19-j\u00e4hrige Fahrer war in Begleitung von drei weiteren m\u00e4nnlichen Personen, welche alle sichtlich unter dem Einfluss von Bet\u00e4ubungsmitteln standen. Au\u00dferdem schien sich der 19-J\u00e4hrige speziell auf eine Polizeikontrolle vorbereitet zu haben. Denn die Beamten konnten bei seiner Durchsuchung einen Beutel mit Urin feststellen, welcher einen Drogentest m\u00f6glicherweise auf ein negatives Ergebnis lenken sollte. Nachdem dem 19-J\u00e4hrigen der Beutel abgenommen wurde, wurde mit ihm ein Drogentest durchgef\u00fchrt. Das positive Ergebnis auf THC und Kokain erh\u00e4rtete den Verdacht, weshalb dem jungen Mann auf dem Polizeirevier eine Blutprobe entnommen und die Weiterfahrt untersagt wurde. Der 19-J\u00e4hrige muss sich nun wegen der Fahrt unter Drogeneinfluss sowie dem Verdacht des Bet\u00e4ubungsmittelbesitzes verantworten.<\/p>\n\n\n\n<h2 class=\"wp-block-heading\">(Neckargem\u00fcnd \/ Rhein-Neckar-Kreis) &#8211; Halsbrecherische Fahrt nach Unfallflucht endete mit Festnahme \/ Polizei sucht Zeugen<\/h2>\n\n\n\n<p>Am Mittwoch stie\u00df um kurz nach 10:30 Uhr ein Renault beim Ausparken gegen einen in der Bahnhofsstra\u00dfe haltenden Streifenwagen des Polizeireviers Neckargem\u00fcnd. Doch anstatt den Unfall aufnehmen zu lassen, beschleunigte der Fahrer und raste auf der Bammentaler Stra\u00dfe in Richtung Wiesenbach davon. Dabei \u00fcberholte er mehrfach, trotz des Gegenverkehrs, und gef\u00e4hrdete andere Verkehrsteilnehmer. Der Renault fuhr zun\u00e4chst nach Wiesenbach, drehte dann aber, um \u00fcber die B45 nach Neckargem\u00fcnd zur\u00fcckzukehren. Dabei \u00fcberholte der 46-j\u00e4hrige Fahrer erneut mehrere Male r\u00fccksichtslos vorausfahrende Fahrzeuge und erreichte Geschwindigkeiten von bis zu 140 km\/h. Zur\u00fcck in Neckargem\u00fcnd konnte das Fahrzeug dann von der Polizei angehalten und der Fahrer vorl\u00e4ufig festgenommen werden. Nach einer Blutentnahme wurde der F\u00fchrerschein des Mannes beschlagnahmt.<\/p>\n\n\n\n<p>Die Hintergr\u00fcnde der riskanten Fahrt sind Gegenstand der weiteren Ermittlungen. Der 46-J\u00e4hrige muss mit einer Anzeige wegen Unfallflucht, Stra\u00dfenverkehrsgef\u00e4hrdung und einem verbotenen Kraftfahrzeugrennen rechnen.<\/p>\n\n\n\n<ul>\n<li><strong>Zeugen, die sachdienliche Hinweise geben k\u00f6nnen, oder Personen, die durch die Fahrt gef\u00e4hrdet oder gesch\u00e4digt wurden, werden gebeten sich beim Polizeirevier Neckargem\u00fcnd, unter der Telefonnummer 06223-9254-0, zu melden.<\/strong><\/li>\n<\/ul>\n\n\n\n<h2 class=\"wp-block-heading\">(Ladenburg \/ Rhein-Neckar-Kreis) &#8211; Baucontainer aufgebrochen und Werkzeug gestohlen \/ Polizei sucht Zeugen<\/h2>\n\n\n\n<p>Eine bislang unbekannte T\u00e4terschaft brach zwischen Donnerstagabend und Freitagfr\u00fch auf einer Baustelle im Neugraben einen Frachtcontainer auf. Nach ersten Ermittlungen wurde dabei ein Hindernis, welches die T\u00fcren sch\u00fctzen sollte, weggehebelt. Anschlie\u00dfend brachen die T\u00e4ter ein Vorh\u00e4ngeschloss auf und entwendete aus dem Container Werkzeuge und Ger\u00e4te im Wert von mehreren tausend Euro. Aufgrund der Vorgehensweise und dem Gewicht der gestohlenen Gegenst\u00e4nde ist davon auszugehen, dass mehrere Personen an der Tat beteiligt waren und ein Fahrzeug zum Abtransport verwendet wurde.<\/p>\n\n\n\n<ul>\n<li><strong>Die Polizei leitete die Ermittlungen wegen des besonders schweren Falls des Diebstahls ein. Zeugen, die sachdienliche Hinweise geben k\u00f6nnen, insbesondere zu verd\u00e4chtigen Personen oder Fahrzeugen im Bereich der Stra\u00dfe Neugraben beziehungsweise im Umfeld der Baustelle, werden gebeten sich beim Polizeirevier Ladenburg, unter der Telefonnummer 06203-9305-0, zu melden.<\/strong><\/li>\n<\/ul>\n\n\n\n<h2 class=\"wp-block-heading\">(Weinheim \/ Rhein-Neckar-Kreis) &#8211; Wendeman\u00f6ver f\u00fchrt zum Unfall<\/h2>\n\n\n\n<p>Eine 36-J\u00e4hrige befuhr am Mittwoch gegen 20.40 Uhr die N\u00f6rdliche Bergstra\u00dfe in Fahrtrichtung Weinheim. Sie hielt mit ihrem Pkw am linken Stra\u00dfenrand an, da sie anschlie\u00dfend auf der N\u00f6rdlichen Bergstra\u00dfe in Richtung Hemsbach wenden wollte. Bei dem Wendeman\u00f6ver \u00fcbersah sie einen entgegenkommenden 45-j\u00e4hrigen Fahrradfahrer. Die 36-J\u00e4hrige stand mit ihrem Pkw quer auf der Fahrspur, als es zum Unfall zwischen den beiden Verkehrsteilnehmern kam. Der Fahrradfahrer konnte nicht mehr bremsen und fuhr auf den Pkw auf. Durch diesen Aufprall wurde der Fahrradfahrer \u00fcber die Motorhaube geschleudert und kam zu Fall. Der 45-J\u00e4hrige wurde bei dem Unfall leicht verletzt. Die H\u00f6he des entstandenen Sachschadens ist bislang unbekannt.<\/p>\n\n\n\n<h2 class=\"wp-block-heading\">(Weinheim \/ Rhein-Neckar-Kreis) &#8211; 22-J\u00e4hrige Rollstuhlfahrerin von Pkw erfasst und leicht verletzt \/ Zeugenaufruf!<\/h2>\n\n\n\n<p>Am Dienstagnachmittag ereignete sich ein Unfall auf H\u00f6he der OEG-Haltestelle &#8222;Weinheim Hbf&#8220; im Einm\u00fcndungsbereich der Bergstra\u00dfe und Mannheimer Stra\u00dfe, bei dem eine 22-J\u00e4hrige leicht verletzt wurde. Die 22-J\u00e4hrige, welche um 17:45 Uhr mit ihrem Krankenfahrstuhl den Fu\u00dfg\u00e4ngerweg \u00fcberqueren wollte, wurde von einem anfahrenden Pkw mit grauer Lackierung seitlich erfasst und zog sich hierbei leichte Verletzungen zu. Die Fahrerin des Pkw stieg unmittelbar nach der Kollision aus und sorgte sich unverz\u00fcglich um die 22-J\u00e4hrige, jedoch entfernte sich die unbekannte Frau im Anschluss von der Unfallstelle. An dem Krankenfahrstuhl entstand ein Sachschaden von etwa 200 Euro.<\/p>\n\n\n\n<ul>\n<li><strong>Die Autofahrerin oder Zeugen, die das Geschehen beobachten konnten und Angaben zu der Frau bzw. dem Pkw und\/oder zu dem Geschehen machen k\u00f6nnen, werden gebeten, sich mit dem Polizeirevier Weinheim, Tel.: 06201 \/ 1003-0, in Verbindung zu setzen.<\/strong><\/li>\n<\/ul>\n","protected":false},"excerpt":{"rendered":"<div class=\"mh-excerpt\"><p>Polizeimeldungen von Donnerstag &amp; Freitag (15.06. &#8211; 16.06.2023) (Speyer) &#8211; Kontrollen im Stadtgebiet Im Zeitraum 16.06.2023, 18:00 Uhr bis 17.06.2023, 02:00 Uhr wurden im Dienstgebiet an verschiedenen \u00d6rtlichkeiten Verkehrskontrollen durchgef\u00fchrt. Im Rahmen der Kontrollen ergab <a class=\"mh-excerpt-more\" href=\"https:\/\/speyer24news.com\/?p=52848\" title=\"Polizeimeldungen Donnerstag &amp; Freitag (15.06. &#8211; 16.06.2023)\">[&#8230;]<\/a><\/p>\n<\/div>","protected":false},"author":3,"featured_media":26162,"comment_status":"open","ping_status":"open","sticky":false,"template":"","format":"standard","meta":{"_monsterinsights_skip_tracking":false,"_monsterinsights_sitenote_active":false,"_monsterinsights_sitenote_note":"","_monsterinsights_sitenote_category":0,"footnotes":""},"categories":[15659],"tags":[7243,7244,3614,350,14537,15084,15267,14538,15361,702,61,2555,6955,6986,6263,63,105,11150,6987,53,4854,13534,4683,1548,4905,11592,102,13626,213,14325,14324,13553,13541,55,8277,6368,5261,103,106,2803,2423,427,2625,380,62,104,979,1565],"aioseo_notices":[],"amp_enabled":true,"_links":{"self":[{"href":"https:\/\/speyer24news.com\/index.php?rest_route=\/wp\/v2\/posts\/52848"}],"collection":[{"href":"https:\/\/speyer24news.com\/index.php?rest_route=\/wp\/v2\/posts"}],"about":[{"href":"https:\/\/speyer24news.com\/index.php?rest_route=\/wp\/v2\/types\/post"}],"author":[{"embeddable":true,"href":"https:\/\/speyer24news.com\/index.php?rest_route=\/wp\/v2\/users\/3"}],"replies":[{"embeddable":true,"href":"https:\/\/speyer24news.com\/index.php?rest_route=%2Fwp%2Fv2%2Fcomments&post=52848"}],"version-history":[{"count":3,"href":"https:\/\/speyer24news.com\/index.php?rest_route=\/wp\/v2\/posts\/52848\/revisions"}],"predecessor-version":[{"id":52909,"href":"https:\/\/speyer24news.com\/index.php?rest_route=\/wp\/v2\/posts\/52848\/revisions\/52909"}],"wp:featuredmedia":[{"embeddable":true,"href":"https:\/\/speyer24news.com\/index.php?rest_route=\/wp\/v2\/media\/26162"}],"wp:attachment":[{"href":"https:\/\/speyer24news.com\/index.php?rest_route=%2Fwp%2Fv2%2Fmedia&parent=52848"}],"wp:term":[{"taxonomy":"category","embeddable":true,"href":"https:\/\/speyer24news.com\/index.php?rest_route=%2Fwp%2Fv2%2Fcategories&post=52848"},{"taxonomy":"post_tag","embeddable":true,"href":"https:\/\/speyer24news.com\/index.php?rest_route=%2Fwp%2Fv2%2Ftags&post=52848"}],"curies":[{"name":"wp","href":"https:\/\/api.w.org\/{rel}","templated":true}]}}