{"id":52878,"date":"2023-06-18T09:47:38","date_gmt":"2023-06-18T08:47:38","guid":{"rendered":"https:\/\/speyer24news.com\/?p=52878"},"modified":"2023-06-18T09:51:41","modified_gmt":"2023-06-18T08:51:41","slug":"polizeimeldungen-samstag-17-06-2023","status":"publish","type":"post","link":"https:\/\/speyer24news.com\/?p=52878","title":{"rendered":"Polizeimeldungen Samstag (17.06.2023)"},"content":{"rendered":"<style type=\"text\/css\">\r\n\t.ads_top_disp{}\r\n\t.ads_top_corner_disp{ float:left; margin:0px 10px 10px 0px; }\r\n\t.ads_first_p_disp{}\r\n\t.ads_bottom_disp{}\r\n\t<\/style>\n<h2 class=\"wp-block-heading\">Polizeimeldungen vom Samstag (17.06.2023)<\/h2>\n\n\n<div class=\"wp-block-image\">\n<figure class=\"aligncenter size-full\"><img decoding=\"async\" loading=\"lazy\" width=\"375\" height=\"500\" src=\"https:\/\/speyer24news.com\/wp-content\/uploads\/2022\/03\/Aktuelles-Polizeilogo.jpg\" alt=\"\" class=\"wp-image-43591\" srcset=\"https:\/\/speyer24news.com\/wp-content\/uploads\/2022\/03\/Aktuelles-Polizeilogo.jpg 375w, https:\/\/speyer24news.com\/wp-content\/uploads\/2022\/03\/Aktuelles-Polizeilogo-225x300.jpg 225w\" sizes=\"(max-width: 375px) 100vw, 375px\" \/><\/figure><\/div>\n\n\n<h2 class=\"wp-block-heading\">(Speyer) &#8211; Einbr\u00fcche in Gesch\u00e4ftsr\u00e4ume<\/h2>\n\n\n\n<p>Am Morgen des 17.06.2023 wurden der Polizei Speyer zwei Einbr\u00fcche in Gesch\u00e4ftstr\u00e4ume in Speyer gemeldet. Bei der ersten Tat wurde die T\u00fcr eines Friseurs in der Auestra\u00dfe aufgehebelt. Im Inneren wurde ein Bargeldbetrag in geringer dreistelliger H\u00f6he aus der Kasse entwendet. Bei der zweiten Tat wurde in eine B\u00e4ckerei in der Bahnhofstra\u00dfe eingebrochen. Hier wurden, neben einem \u00e4hnlich hohen Bargeldbetrag, auch Zigaretten und Getr\u00e4nke entwendet. Die Polizei Speyer hat die Ermittlungen aufgenommen.<\/p>\n\n\n\n<ul>\n<li><strong>Zeugen, welche in der Nacht zuvor verd\u00e4chtige Wahrnehmungen gemacht haben, werden gebeten, sich bei der Polizei Speyer unter Tel. 06232 \/ 137-0 oder per E-Mail an&nbsp;<a href=\"mailto:%20pispeyer@polizei.rlp.de\">pispeyer@polizei.rlp.de<\/a>&nbsp;zu wenden.<\/strong><\/li>\n<\/ul>\n\n\n\n<h2 class=\"wp-block-heading\">(R\u00f6merberg \/ Hanhofen) &#8211; Zwei Trunkenheitsfahrten<\/h2>\n\n\n<div class=\"wp-block-image\">\n<figure class=\"aligncenter size-full\"><img decoding=\"async\" loading=\"lazy\" width=\"640\" height=\"480\" src=\"https:\/\/speyer24news.com\/wp-content\/uploads\/2021\/04\/Alkohol.jpg\" alt=\"\" class=\"wp-image-35158\" srcset=\"https:\/\/speyer24news.com\/wp-content\/uploads\/2021\/04\/Alkohol.jpg 640w, https:\/\/speyer24news.com\/wp-content\/uploads\/2021\/04\/Alkohol-300x225.jpg 300w, https:\/\/speyer24news.com\/wp-content\/uploads\/2021\/04\/Alkohol-326x245.jpg 326w, https:\/\/speyer24news.com\/wp-content\/uploads\/2021\/04\/Alkohol-80x60.jpg 80w\" sizes=\"(max-width: 640px) 100vw, 640px\" \/><\/figure><\/div>\n\n\n<p>Zu zwei Trunkenheitsfahrten kam es im Verlauf des Samstagabends. Im ersten Fall beobachteten Zeugen gegen 18:30 Uhr den Sturz eines 66-j\u00e4hrigen Fahrradfahrers in R\u00f6merberg. Der Mann blieb unverletzt. Die Beamten konnten jedoch den mutma\u00dflichen Grund des Sturzes feststellen: der Mann hatte einen Atemalkoholwert in H\u00f6he von 1,76 Promille. Ihm wurde eine Blutprobe entnommen. Im zweiten Fall befuhr ein 60-j\u00e4hriger Mann mit seinem PKW gegen 18:00 Uhr die B 39 bei Hanhofen. Aufmerksame Verkehrsteilnehmer meldeten der Polizei Speyer, dass der PKW immer wieder in &#8222;Schlangenlinien&#8220; unterwegs sei. Der Fahrer des PKW konnte im Anschluss durch die Polizei kontrolliert werden. Bei ihm ergab ein Atemalkoholtest einen Wert von 2,61 Promille. Auch ihm wurde eine Blutprobe entnommen. Zudem wurde der F\u00fchrerschein des Mannes sichergestellt.<\/p>\n\n\n\n<h2 class=\"wp-block-heading\">(Germersheim) &#8211; Geschwindiskeitskontrolle<\/h2>\n\n\n\n<p>Am Freitagmorgen, den 16.06.2023, wurden in der 30er Zone in der Mozartstra\u00dfe Geschwindigkeitsmessungen und eine Schulwegkontrolle durchgef\u00fchrt. In einer Stunde Kontrollzeit fuhren sechs Fahrzeuge zu schnell. Die h\u00f6chste gemessene Geschwindigkeit waren 50 km\/h.<\/p>\n\n\n\n<h2 class=\"wp-block-heading\">(Landau \/ Kreis S\u00fcdliche Weinstra\u00dfe) &#8211; Aktuelle Warnmeldung der Polizeidirektion Landau<\/h2>\n\n\n<div class=\"wp-block-image\">\n<figure class=\"aligncenter size-full\"><img decoding=\"async\" loading=\"lazy\" width=\"800\" height=\"592\" src=\"https:\/\/speyer24news.com\/wp-content\/uploads\/2023\/02\/Achtung.jpeg\" alt=\"\" class=\"wp-image-51381\" srcset=\"https:\/\/speyer24news.com\/wp-content\/uploads\/2023\/02\/Achtung.jpeg 800w, https:\/\/speyer24news.com\/wp-content\/uploads\/2023\/02\/Achtung-300x222.jpeg 300w, https:\/\/speyer24news.com\/wp-content\/uploads\/2023\/02\/Achtung-768x568.jpeg 768w, https:\/\/speyer24news.com\/wp-content\/uploads\/2023\/02\/Achtung-80x60.jpeg 80w\" sizes=\"(max-width: 800px) 100vw, 800px\" \/><\/figure><\/div>\n\n\n<p>Die Polizeidirektion Landau m\u00f6chte Sie darauf hinweisen, dass es aktuell im Bereich Landau \/ Kreis S\u00fcdliche Weinstra\u00dfe vermehrt zu Anrufen bei \u00e4lteren Menschen kommt, bei denen es sich um Betrugsversuche im Bereich falscher Polizeibeamter handeln k\u00f6nnte.<\/p>\n\n\n\n<ul>\n<li><strong>Geben Sie am Telefon keine Auskunft \u00fcber Ihre pers\u00f6nlichen und finanziellen Verh\u00e4ltnisse oder andere sensible Daten.<\/strong><\/li>\n\n\n\n<li><strong>\u00d6ffnen Sie unbekannten Personen nicht die T\u00fcr. Ziehen Sie gegebenenfalls eine Vertrauensperson hinzu, z. B. Nachbarn oder nahe Verwandte.<\/strong><\/li>\n\n\n\n<li><strong>\u00dcbergeben Sie unbekannten Personen kein Geld oder Wertsachen.<\/strong><\/li>\n<\/ul>\n\n\n\n<h4 class=\"wp-block-heading\">Wenden Sie sich an das \u00f6rtliche Polizeirevier. Erz\u00e4hlen Sie der Polizei von den Anrufen. Die Polizeidirektion Landau ist f\u00fcr Sie da! Telefonnummer: 06341-287-0 oder 06341-287-2010.<\/h4>\n\n\n\n<h2 class=\"wp-block-heading\">(Neustadt-Mu\u00dfbach) &#8211; Diebstahl aus mehreren Hausg\u00e4rten durch unbekannte T\u00e4ter<\/h2>\n\n\n\n<p>In der Nacht von Donnerstag, den 15.06.2023 auf Freitag, den 16.06.2023, kam es in der Dr.-Sartorius-Stra\u00dfe und dem Portugieserweg in Neustadt an der Weinstra\u00dfe, Ortsteil Mu\u00dfbach, zu einem Diebstahl mehrerer Gegenst\u00e4nde aus den G\u00e4rten von drei Anwohnern. Es wurden u.a. ein Kugelgrill, ein Beil sowie zwei Gartenschl\u00e4uche samt Aufrollvorrichtung durch bislang unbekannte T\u00e4ter entwendet. Der Schaden betr\u00e4gt ca. 2.100 Euro. <\/p>\n\n\n\n<ul>\n<li><strong>Die PI Neustadt bittet um Zeugenhinweise unter der Tel. 06321\/8540 oder per Mail an&nbsp;<a href=\"mailto:%20pineustadt@polizei.rlp.de\">pineustadt@polizei.rlp.de<\/a>.<\/strong><\/li>\n<\/ul>\n\n\n\n<h2 class=\"wp-block-heading\">(Maxdorf) &#8211; Gef\u00e4hrliche K\u00f6rperverletzung \/ Zeugen gesucht!<\/h2>\n\n\n<div class=\"wp-block-image\">\n<figure class=\"aligncenter size-full\"><img decoding=\"async\" loading=\"lazy\" width=\"800\" height=\"533\" src=\"https:\/\/speyer24news.com\/wp-content\/uploads\/2021\/11\/Schlaegerei.jpg\" alt=\"\" class=\"wp-image-42366\" srcset=\"https:\/\/speyer24news.com\/wp-content\/uploads\/2021\/11\/Schlaegerei.jpg 800w, https:\/\/speyer24news.com\/wp-content\/uploads\/2021\/11\/Schlaegerei-300x200.jpg 300w, https:\/\/speyer24news.com\/wp-content\/uploads\/2021\/11\/Schlaegerei-768x512.jpg 768w\" sizes=\"(max-width: 800px) 100vw, 800px\" \/><figcaption class=\"wp-element-caption\">Beispielbild Schl\u00e4gerei \/ K\u00f6rperverletzung, dient lediglich der Visualisierung<\/figcaption><\/figure><\/div>\n\n\n<p>Die Polizeiwache Maxdorf bittet um Ihre Mitthilfe. Wer kann Angaben zur gef\u00e4hrlichen K\u00f6rperverletzung am 16.06.2023, gegen 20:00 Uhr, im Bereich der Justus-von-Liebig-Realschule plus in Maxdorf machen?<\/p>\n\n\n\n<p>Ein Jugendlicher wurde bei der Auseinandersetzung leicht verletzt und in ein anliegendes Krankenhaus verbracht. Mehrere Angreifer sollen auf den Jugendlichen eingeschlagen haben.<\/p>\n\n\n\n<ul>\n<li><strong>Zeugen werden gebeten sich an die Polizeiinspektion Frankenthal unter der Tel.-Nr.: 06233\/313-0 oder an die Polizeiwache Maxdorf unter der Tel.-Nr.: 06237\/934-1100 zu wenden. Gerne nehmen wir Ihre Hinweise auch per E-Mail unter&nbsp;<a href=\"mailto:%20pifrankenthal@polizei.rlp.de\">pifrankenthal@polizei.rlp.de<\/a>&nbsp;entgegen.<\/strong><\/li>\n<\/ul>\n\n\n\n<h2 class=\"wp-block-heading\">(Frankenthal) &#8211; Fahrraddiebstahl leicht gemacht<\/h2>\n\n\n\n<p>Am 16.06.2023 um 18:00 Uhr wurden w\u00e4hrend der sportlichen Ert\u00fcchtigung die unverschlossenen Fahrr\u00e4der von vier Sportlern durch vier unbekannte Jugendliche entwendet. Die R\u00e4der sollen im Bereich des Jahnplatzes abgestellt worden sein.<\/p>\n\n\n\n<h4 class=\"wp-block-heading\">In Frankenthal ereignet sich statistisch an jedem Tag ein Fahrraddiebstahl. Bitte beachten Sie die technische Richtlinie TR 6102 f\u00fcr ein sicheres Fahrradschloss. Nachzulesen unter&nbsp;<a target=\"_blank\" rel=\"noreferrer noopener\" href=\"https:\/\/www.adfc.de\/\">www.adfc.de<\/a>. Wir wollen, dass Sie sicher Leben &#8211; ihre Polizei Frankenthal.<\/h4>\n\n\n\n<h2 class=\"wp-block-heading\">(Frankenthal) &#8211; Wiederholter Diebstahl aus Einkaufswagen<\/h2>\n\n\n\n<p>Am 16.06.2023, von 10:45 Uhr bis 11:30 Uhr, sowie am 13.06.2023 von 11:00 Uhr bis 14:00 Uhr, wurden im Bereich des Kaufland Marktes Frankenthal zwei Diebst\u00e4hle aus unbeobachteten Einkaufsw\u00e4gen gemeldet. T\u00e4terhinweise konnten in beiden F\u00e4llen nicht erlangt werden.<\/p>\n\n\n\n<h4 class=\"wp-block-heading\"><strong>Die Polizei r\u00e4t:<\/strong> Lassen Sie Ihre Wertsachen nie unbeaufsichtigt! Weitere Tipps erhalten Sie unter&nbsp;<a href=\"https:\/\/www.polizei-beratung.de\/\" target=\"_blank\" rel=\"noreferrer noopener\">www.polizei-beratung.de<\/a>.<\/h4>\n\n\n\n<p>Wir wollen, dass Sie sicher Leben &#8211; ihre Polizei Frankenthal.<\/p>\n\n\n\n<h2 class=\"wp-block-heading\">(Bobenheim-Roxheim) &#8211; Versuchter WhatsApp Betrug<\/h2>\n\n\n\n<p>Ein 32-J\u00e4hriger Roxheimer erhielt am 14.06.2023 eine SMS von seiner angeblichen Tochter. Die Betr\u00fcgerin bat den 32-J\u00e4hrigen sich \u00fcber Whats-App zu melden. Da der Gesch\u00e4digte keine Kinder hat und ihm die Betrugsmasche bekannt war, ging er nicht auf die SMS ein.<\/p>\n\n\n\n<h4 class=\"wp-block-heading\">Lassen Sie sich nicht t\u00e4uschen und seien Sie misstrauisch. Wenn Ihnen ein Anruf oder eine Textnachricht seltsam erscheint rufen Sie uns an. Wir sind unter der 110 oder der 06233 3130 f\u00fcr Sie da. Wir wollen, dass Sie sicher Leben &#8211; Ihre Polizei Frankenthal.<\/h4>\n\n\n\n<h2 class=\"wp-block-heading\">(Ludwigshafen) &#8211; Unbekannter Radfahrer n\u00f6tigt mehrmals den Busfahrer eines Linienbusses im Innenstadtbereich von Ludwigshafen und tritt einer Frau (Fahrg\u00e4stin im Bus) gegen das rechte Knie<\/h2>\n\n\n<div class=\"wp-block-image\">\n<figure class=\"aligncenter size-full\"><img decoding=\"async\" loading=\"lazy\" width=\"801\" height=\"600\" src=\"https:\/\/speyer24news.com\/wp-content\/uploads\/2020\/05\/Zeugen-gesucht-Neutral.jpg\" alt=\"\" class=\"wp-image-26598\" srcset=\"https:\/\/speyer24news.com\/wp-content\/uploads\/2020\/05\/Zeugen-gesucht-Neutral.jpg 801w, https:\/\/speyer24news.com\/wp-content\/uploads\/2020\/05\/Zeugen-gesucht-Neutral-300x225.jpg 300w, https:\/\/speyer24news.com\/wp-content\/uploads\/2020\/05\/Zeugen-gesucht-Neutral-768x575.jpg 768w, https:\/\/speyer24news.com\/wp-content\/uploads\/2020\/05\/Zeugen-gesucht-Neutral-678x509.jpg 678w, https:\/\/speyer24news.com\/wp-content\/uploads\/2020\/05\/Zeugen-gesucht-Neutral-326x245.jpg 326w, https:\/\/speyer24news.com\/wp-content\/uploads\/2020\/05\/Zeugen-gesucht-Neutral-80x60.jpg 80w\" sizes=\"(max-width: 801px) 100vw, 801px\" \/><\/figure><\/div>\n\n\n<p>Am Freitag, 16.06.2023, in der Zeit zwischen 23.30 Uhr und 23.40 Uhr wurde ein 23j\u00e4hriger Busfahrer der RNV durch einen unbekannten Radfahrer im Stra\u00dfenverkehr gen\u00f6tigt. Der Radfahrer h\u00e4tte den Busfahrer in der Wredestra\u00dfe (Fahrtrichtung Heinigstra\u00dfe) mehrmals geschnitten und zum Ausweichen gedr\u00e4ngt. An der Haltestelle &#8222;Wittelsbachplatz&#8220; hatte der Bus ordnungsgem\u00e4\u00df gehalten. Im Zuge dessen w\u00e4re der Radfahrer mit seinem Fahrrad in den Bus eingestiegen. Es kam zum verbalen Streitgespr\u00e4ch zwischen dem Busfahrer und dem Radfahrer. Kurz darauf h\u00e4tte der Radfahrer wom\u00f6glich aus Zorn einer 55j\u00e4hrigen Frau, welche sich als Fahrgast in dem Bus befand, gegen ihr rechtes Knie getreten. Im Anschluss verlie\u00df der Radfahrer die \u00d6rtlichkeit in unbekannte Richtung. T\u00e4terhinweise liegen derzeit nicht vor. Die Hinzuziehung eines Rettungsdienstes war nicht von N\u00f6ten.<\/p>\n\n\n\n<h4 class=\"wp-block-heading\">Personenbeschreibung des Radfahrers: <\/h4>\n\n\n\n<ul>\n<li><strong>gr\u00fcne Oberkleidung<\/strong><\/li>\n\n\n\n<li><strong>blaue Unterbekleidung<\/strong><\/li>\n\n\n\n<li><strong>ca. 30 Jahre alt<\/strong><\/li>\n\n\n\n<li><strong>kurze Haare<\/strong><\/li>\n\n\n\n<li><strong>Dreitagebart<\/strong><\/li>\n\n\n\n<li><strong>blaues Fahrrad<\/strong><\/li>\n<\/ul>\n\n\n\n<ul>\n<li><strong>Zeugen werden gebeten mit der Polizeiinspektion Ludwigshafen 1 Kontakt aufzunehmen, Tel. 0621 963-2122 oder per E-Mail&nbsp;<a href=\"mailto:%20piludwigshafen1@polizei.rlp.de\">piludwigshafen1@polizei.rlp.de<\/a><\/strong><\/li>\n<\/ul>\n\n\n\n<h2 class=\"wp-block-heading\">(Ludwigshafen) &#8211; Auff\u00e4llige Fahrweise aufgrund Trunkenheit in der Bruchwiesenstra\u00dfe in Ludwigshafen<\/h2>\n\n\n\n<p>Am Freitag, 16.06.2023, gegen 15.00 Uhr, wurde ein schwarzes Fahrzeug ohne amtliche Kennzeichen gemeldet, welches auch wegen auff\u00e4lliger Fahrweise (Schlangenlinien, \u00dcberfahren Rot zeigender Lichtzeichensignalanlage) von weiteren Verkehrsteilnehmern bemerkt wurde. Bei dem Fahrzeug handelte es sich um einen schwarzen Personenkraftwagen der Marke VW, Typ Passat. Das Fahrzeug wurde in der Bruchwiesenstra\u00dfe durch eine Polizeistreife angehalten und kontrolliert. Das Fahrzeug wies erhebliche Besch\u00e4digungen im Bereich der Front auf. Weiterhin war die Frontscheibe an mehreren Stellen gesprungen, der Fahrer- und der Beifahrerairbag waren ausgel\u00f6st. Als der 56j\u00e4hrige Fahrer aus Dannstadt-Schauernheim die Fahrzeugt\u00fcr \u00f6ffnete, nahmen die Beamten erheblichen Alkoholgeruch wahr. Ein freiwilliger Atemalkoholtest ergab einen Wert von 0,85 Promille. Bei einem weiteren Alkoholtest 10 Minuten sp\u00e4ter erh\u00f6hte sich der Wert auf 0,93 Promille. Es konnte desweiteren ermittelt werden, dass der Fahrer schon seit 8 Jahren keinen F\u00fchrerschein mehr besitzt. Bei einer Inaugenscheinnahme des erheblichen Frontschadens des Pkws trat hervor, dass der Wasserk\u00fchler besch\u00e4digt war und Fl\u00fcssigkeit verlor. Wo es zum Unfall kam, konnte der Fahrer nicht sagen. Aufgrund der Besch\u00e4digung des Fahrzeugk\u00fchlers gehen die Polizeibeamten davon aus, dass sich der Unfall vermutlich im Stadtgebiet Ludwigshafen ereignet hatte. Die Unfallstelle konnte bislang nicht ermittelt werden. Nachdem dem Fahrer auf der hiesigen Dienststelle eine Blutprobe durch einen Arzt entnommen wurde, konnte der 56j\u00e4hrige Fahrer die Polizeidienststelle wieder verlassen.<\/p>\n\n\n\n<p>Gegen den Fahrer wurden Strafverfahren wegen Stra\u00dfenverkehrsgef\u00e4hrdung im Zusammenhang mit Trunkenheit, Verkehrsunfallflucht und Fahren ohne Fahrerlaubnis eingeleitet.<\/p>\n\n\n\n<ul>\n<li><strong>Zeugen, insbesondere Unfallzeugen, werden gebeten mit der Polizeiinspektion Ludwigshafen 1 Kontakt aufzunehmen, Tel. 0621 963-2122 oder per E-Mail&nbsp;<a href=\"mailto:%20piludwigshafen1@polizei.rlp.de\">piludwigshafen1@polizei.rlp.de<\/a><\/strong><\/li>\n<\/ul>\n\n\n\n<h2 class=\"wp-block-heading\">(Ludwigshafen) &#8211; Hausfriedensbruch im Supermarkt in der Innenstadt Ludwigshafen endet mit Widerstand gegen Polizeibeamte<\/h2>\n\n\n\n<p>Am Freitag, 16.06.2023, gegen 13.45 Uhr, meldete ein Ladendetektiv eines Supermarktes in der Ludwigshafener Innenstadt, dass er einen 32j\u00e4hrigen Ludwigshafener in dem Supermarkt angetroffen h\u00e4tte, obwohl dieser schon Hausverbot in diesem Supermarkt h\u00e4tte. Als die Polizeibeamten vor Ort eintrafen, konnte der 32j\u00e4hrige Beschuldigte und der Ladendetektiv vor dem Supermarkt angetroffen werden. Der Beschuldigte des Hausfriedensbruchs spuckte sofort in Richtung der Beamten, weshalb dieser von den Beamten zu Boden gebracht wurde. Anschlie\u00dfend sollte der 32j\u00e4hrige Mann gefesselt werden, wogegen er jedoch Widerstand leistete und nicht gefesselt werden konnte. Erst nach Androhung des Elektroschockger\u00e4tes (sog. Taser) lie\u00df sich der Beschuldigte fesseln und da er noch weiter herumspuckte, wurde ihm eine Spuckhaube aufgesetzt. Danach wurde der 32j\u00e4hrige Beschuldigte auf die Polizeidienststelle verbracht. Nachdem er sich beruhigt hatte, wurde der Beschuldigte wieder entlassen und er erhielt f\u00fcr diesen Tag einen Platzverweis f\u00fcr den Innenstadtbereich von Ludwigshafen. Weder der Beschuldigte, noch die Beamten wurden aufgrund des Einsatzes verletzt. Aufgrund der \u00d6rtlichkeit entfaltete der Einsatz eine gro\u00dfe \u00d6ffentlichkeitswirksamkeit.<\/p>\n\n\n\n<p>Gegen den Beschuldigten wurde ein Strafverfahren wegen Hausfriedensbruchs und Widerstand gegen Polizeibeamte eingeleitet.<\/p>\n\n\n\n<h2 class=\"wp-block-heading\">(Heidelberg-Altstadt) &#8211; Verhinderung Trunkenheitsfahrt, T\u00e4tlicher Angriff auf Polizeibeamte<\/h2>\n\n\n<div class=\"wp-block-image\">\n<figure class=\"aligncenter size-full\"><img decoding=\"async\" loading=\"lazy\" width=\"800\" height=\"533\" src=\"https:\/\/speyer24news.com\/wp-content\/uploads\/2022\/06\/Blaulicht.jpg\" alt=\"\" class=\"wp-image-46705\" srcset=\"https:\/\/speyer24news.com\/wp-content\/uploads\/2022\/06\/Blaulicht.jpg 800w, https:\/\/speyer24news.com\/wp-content\/uploads\/2022\/06\/Blaulicht-300x200.jpg 300w, https:\/\/speyer24news.com\/wp-content\/uploads\/2022\/06\/Blaulicht-768x512.jpg 768w\" sizes=\"(max-width: 800px) 100vw, 800px\" \/><\/figure><\/div>\n\n\n<p>Im Rahmen der Streifenfahrt wurden Beamte auf eine Person aufmerksam, die sich gegen 00:00 Uhr am Samstagmorgen im Bereich der Unteren Stra\u00dfe bzw. Dreik\u00f6nigstra\u00dfe offensichtlich erheblich alkoholisiert auf ihr Fahrrad setzte und im Begriff war davon zu fahren.<\/p>\n\n\n\n<p>Um die Trunkenheitsfahrt zu verhindern, wurde die Person durch die Beamten gezielt angesprochen.<\/p>\n\n\n\n<p>In der Folge sollte die Identit\u00e4t des Mannes festgestellt werden. Dieser Ma\u00dfnahme entzog sich der 71-J\u00e4hrige, in dem er zun\u00e4chst fu\u00dfl\u00e4ufig fl\u00fcchtete. Nachdem er eingeholt wurde, schlug er einem Beamten mit der Faust gegen den Arm. Bei der anschlie\u00dfenden Festnahme widersetzte er sich ebenfalls den Beamten.<\/p>\n\n\n\n<p>Als dem Beschuldigten sp\u00e4ter in einem Krankenhaus eine Blutprobe entnommen werden sollte, versuchte er einen Polizeibeamten gezielt zu treten, was aber gl\u00fccklicherweise misslang. Des Weiteren beleidigte er die eingesetzten Beamten mehrfach.<\/p>\n\n\n\n<p>Um die Teilnahme am Stra\u00dfenverkehr mit dem Fahrrad vollst\u00e4ndig zu unterbinden, wurde es durch die Beamten beschlagnahmt. Dieses kann der 71-J\u00e4hrige nach Erlangung der N\u00fcchternheit wieder abholen.<\/p>\n\n\n\n<p>Der Beschuldigte gelangt aufgrund Widerstandes gegen Vollstreckungsbeamte, T\u00e4tlichen Angriffs auf Vollstreckungsbeamte und Beleidigung zur Anzeige. Die Ermittlungen hierzu f\u00fchrt das Polizeirevier Heidelberg-Mitte.<\/p>\n\n\n\n<h2 class=\"wp-block-heading\">(A 6 \/ H\u00f6he Schwetzingen \/ Rhein-Neckar-Kreis) &#8211; Verkehrsunfall mit Totalschaden<\/h2>\n\n\n\n<p>In den fr\u00fchen Freitagmorgenstunden ereignete sich um 01:15 Uhr ein Verkehrsunfall auf der Autobahn A6, H\u00f6he Schwetzingen, in Fahrtrichtung Heilbronn. Ein 19-j\u00e4hriger m\u00e4nnlicher Fahrzeugf\u00fchrer geriet aus bisher ungekl\u00e4rter Ursache mit seinem BMW von der Fahrbahn ab und verlor die Kontrolle \u00fcber sein Fahrzeug. Das Fahrzeug schleuderte daraufhin unkontrolliert gegen einen Sattelzug, wodurch dessen Tank besch\u00e4digt wurde und Kraftstoff auf die Fahrbahn gelangte. Der 19-j\u00e4hrige Fahrzeugf\u00fchrer wurde bei dem Unfall leicht verletzt. Rettungskr\u00e4fte versorgten ihn vor Ort medizinisch. Anschlie\u00dfend wurde er in ein nahegelegenes Krankenhaus gebracht und \u00e4rztlich versorgt. An seinem Auto entstand Totalschaden.<\/p>\n\n\n\n<p>Aufgrund des Unfalls musste die Autobahn A6 in Fahrtrichtung Heilbronn f\u00fcr mehrere Stunden vollst\u00e4ndig gesperrt werden, bis die Reinigungsarbeiten abgeschlossen waren. Der Verkehr wurde \u00f6rtlich abgeleitet.<\/p>\n\n\n\n<p>Der Verkehrsdienst Heidelberg, Au\u00dfenstelle Walldorf hat die Ermittlungen zur Unfallursache aufgenommen.<\/p>\n\n\n\n<h2 class=\"wp-block-heading\">(Neckargem\u00fcnd \/ Rhein-Neckar-Kreis) &#8211; Schwerer Verkehrsunfall mit Beteiligung eines Motorrades<a href=\"https:\/\/www.facebook.com\/sharer.php?u=https%3A%2F%2Fwww.presseportal.de%2Fblaulicht%2Fpm%2F14915%2F5536437%2F%3Futm_source%3Dfacebook%26utm_medium%3Dsocial\"><\/a><a href=\"https:\/\/twitter.com\/intent\/tweet?text=POL-MA%3A%20Neckargem%C3%BCnd%2C%20Rhein-NEckar-Kreis%3A%20Schwerer%20Verkehrsunfall%20mit%20Beteiligung%20eines%20Motorrades%20-%20PM%20Nr.%201&amp;url=https%3A%2F%2Fwww.presseportal.de%2Fblaulicht%2Fpm%2F14915%2F5536437%2F%3Futm_source%3Dtwitter%26utm_medium%3Dsocial&amp;hashtags=ots&amp;lang=de\"><\/a><a href=\"https:\/\/web.whatsapp.com\/send?text=POL-MA%3A%20Neckargem%C3%BCnd%2C%20Rhein-NEckar-Kreis%3A%20Schwerer%20Verkehrsunfall%20mit%20Beteiligung%20eines%20Motorrades%20-%20PM%20Nr.%201%0A%0Ahttps%3A%2F%2Fwww.presseportal.de%2Fblaulicht%2Fpm%2F14915%2F5536437%2F%3Futm_source%3Dwhatsapp%26utm_medium%3Dsocial\"><\/a><a href=\"https:\/\/www.xing.com\/app\/user?op=share;url=https%3A%2F%2Fwww.presseportal.de%2Fblaulicht%2Fpm%2F14915%2F5536437%2F%3Futm_source%3Dxing%26utm_medium%3Dsocial\"><\/a><a href=\"http:\/\/www.linkedin.com\/shareArticle?mini=true&amp;url=https%3A%2F%2Fwww.presseportal.de%2Fblaulicht%2Fpm%2F14915%2F5536437%2F%3Futm_source%3Dlinkedin%26utm_medium%3Dsocial&amp;title=POL-MA%3A+Neckargem%C3%BCnd%2C+Rhein-NEckar-Kreis%3A+Schwerer+Verkehrsunfall+mit+Beteiligung+eines+Motorrades+-+PM+Nr.+1\"><\/a><a href=\"mailto:?subject=POL-MA%3A%20Neckargem%C3%BCnd%2C%20Rhein-NEckar-Kreis%3A%20Schwerer%20Verkehrsunfall%20mit%20Beteiligung%20eines%20Motorrades%20-%20PM%20Nr.%201&amp;body=https:\/\/www.presseportal.de\/blaulicht\/pm\/14915\/5536437\"><\/a><\/h2>\n\n\n\n<p>Aktuell kommt es in Neckargem\u00fcnd in der Julius-Menzer-Stra\u00dfe zu einem Einsatz von Polizei, Feuerwehr und Rettungsdienst. Grund hierf\u00fcr ist ein schwerer Verkehrsunfall, bei dem ein Motorradfahrer alleinbeteiligt gegen eine Hauswand gefahren ist. Die n\u00e4heren Umst\u00e4nde des Verkehrsunfalles sind bislang nicht bekannt. Es wird nachberichtet. <em>17.06.2023 \u2013 02:36<\/em><\/p>\n\n\n\n<h2 class=\"wp-block-heading\">(A 5 \/ Hemsbach \/ Rhein-Neckar-Kreis) &#8211; Unfall mit mehreren Fahrzeugen \/ Rettungshubschrauber im Einsatz<\/h2>\n\n\n<div class=\"wp-block-image\">\n<figure class=\"aligncenter size-full\"><img decoding=\"async\" loading=\"lazy\" width=\"800\" height=\"600\" src=\"https:\/\/speyer24news.com\/wp-content\/uploads\/2021\/06\/20210606_142751_copy_1209x1612.jpg\" alt=\"\" class=\"wp-image-37601\" srcset=\"https:\/\/speyer24news.com\/wp-content\/uploads\/2021\/06\/20210606_142751_copy_1209x1612.jpg 800w, https:\/\/speyer24news.com\/wp-content\/uploads\/2021\/06\/20210606_142751_copy_1209x1612-300x225.jpg 300w, https:\/\/speyer24news.com\/wp-content\/uploads\/2021\/06\/20210606_142751_copy_1209x1612-768x576.jpg 768w, https:\/\/speyer24news.com\/wp-content\/uploads\/2021\/06\/20210606_142751_copy_1209x1612-678x509.jpg 678w, https:\/\/speyer24news.com\/wp-content\/uploads\/2021\/06\/20210606_142751_copy_1209x1612-326x245.jpg 326w, https:\/\/speyer24news.com\/wp-content\/uploads\/2021\/06\/20210606_142751_copy_1209x1612-80x60.jpg 80w\" sizes=\"(max-width: 800px) 100vw, 800px\" \/><figcaption class=\"wp-element-caption\">Beispielbild Rettungshubschrauber, dient lediglich der Visualisierung.<\/figcaption><\/figure><\/div>\n\n\n<p>Aktuell befinden sich auf der BAB 5 in Fahrtrichtung Karlsruhe H\u00f6he der Anschlussstelle Hemsbach Feuerwehr, Rettungsdienst und Polizei im Einsatz. Grund hierf\u00fcr ist ein Unfall mit drei beteiligten Fahrzeugen. Zur Zeit ist die Richtungsfahrbahn Karlsruhe wegen eines Rettungshubschraubers gesperrt. Zum Unfallhergang oder Verletzungen liegen noch keine Informationen vor, es wird nachberichtet. <em>17.06.2023 \u2013 13:17<\/em><\/p>\n\n\n\n<h3 class=\"wp-block-heading has-text-align-center\">Unfall mit drei Fahrzeugen und mehreren Verletzten &#8211; Pressemeldung Nr. 2<\/h3>\n\n\n\n<p>Am Samstagmittag, gegen 12:50 Uhr, ereignete sich auf der BAB 5 in Fahrtrichtung Karlsruhe, kurz nach der Anschlussstelle Hemsbach, ein Verkehrsunfall mit insgesamt drei beteiligten Fahrzeugen. Zum Unfallzeitpunkt befuhr ein 32-j\u00e4hriger Fahrer eines Audis den linken Fahrstreifen und erkannte zu sp\u00e4t, dass der vorausfahrende Verkehr abbremsen musste. In der Folge fuhr der Audi einem Mercedes auf, dieser wurde wiederum auf einen Citroen aufgeschoben. Die unfallbeteiligten Fahrzeuge waren mit insgesamt neun Personen besetzt. Die drei Insassen des Mercedes wurden leicht verletzt und kamen in nahegelegene Krankenh\u00e4user. Der entstandene Gesamtschaden belief sich auf ca. 37.000 Euro. Der Audi und Mercedes waren nicht mehr fahrbereit und mussten abgeschleppt werden. Im Einsatz waren die Freiwillige Feuerwehr Hemsbach, die Polizei und der Rettungsdienst, unter anderem mit einem Rettungshubschrauber. Die Fahrtrichtung Karlsruhe blieb bis etwa 14 Uhr gesperrt, es bildete sich zeitweise ein R\u00fcckstau von bis zu sechs Kilometern. Die Gegenfahrbahn in Richtung Frankfurt war von dem Unfall nicht betroffen, dennoch bildete sich ein R\u00fcckstau von etwa vier Kilometern bis zum Autobahnkreuz Weinheim durch Gaffer.<\/p>\n","protected":false},"excerpt":{"rendered":"<div class=\"mh-excerpt\"><p>Polizeimeldungen vom Samstag (17.06.2023) (Speyer) &#8211; Einbr\u00fcche in Gesch\u00e4ftsr\u00e4ume Am Morgen des 17.06.2023 wurden der Polizei Speyer zwei Einbr\u00fcche in Gesch\u00e4ftstr\u00e4ume in Speyer gemeldet. Bei der ersten Tat wurde die T\u00fcr eines Friseurs in der <a class=\"mh-excerpt-more\" href=\"https:\/\/speyer24news.com\/?p=52878\" title=\"Polizeimeldungen Samstag (17.06.2023)\">[&#8230;]<\/a><\/p>\n<\/div>","protected":false},"author":3,"featured_media":26162,"comment_status":"open","ping_status":"open","sticky":false,"template":"","format":"standard","meta":{"_monsterinsights_skip_tracking":false,"_monsterinsights_sitenote_active":false,"_monsterinsights_sitenote_note":"","_monsterinsights_sitenote_category":0,"footnotes":""},"categories":[15659],"tags":[7243,7244,350,14537,15084,15267,14538,15361,15845,702,61,2555,6955,6986,6263,63,105,11150,6987,53,4854,13534,4683,1548,4905,11592,102,13626,213,14325,14324,13553,13541,55,8277,6368,5261,103,106,2803,2423,427,2625,380,62,104,979,1565],"aioseo_notices":[],"amp_enabled":true,"_links":{"self":[{"href":"https:\/\/speyer24news.com\/index.php?rest_route=\/wp\/v2\/posts\/52878"}],"collection":[{"href":"https:\/\/speyer24news.com\/index.php?rest_route=\/wp\/v2\/posts"}],"about":[{"href":"https:\/\/speyer24news.com\/index.php?rest_route=\/wp\/v2\/types\/post"}],"author":[{"embeddable":true,"href":"https:\/\/speyer24news.com\/index.php?rest_route=\/wp\/v2\/users\/3"}],"replies":[{"embeddable":true,"href":"https:\/\/speyer24news.com\/index.php?rest_route=%2Fwp%2Fv2%2Fcomments&post=52878"}],"version-history":[{"count":2,"href":"https:\/\/speyer24news.com\/index.php?rest_route=\/wp\/v2\/posts\/52878\/revisions"}],"predecessor-version":[{"id":52881,"href":"https:\/\/speyer24news.com\/index.php?rest_route=\/wp\/v2\/posts\/52878\/revisions\/52881"}],"wp:featuredmedia":[{"embeddable":true,"href":"https:\/\/speyer24news.com\/index.php?rest_route=\/wp\/v2\/media\/26162"}],"wp:attachment":[{"href":"https:\/\/speyer24news.com\/index.php?rest_route=%2Fwp%2Fv2%2Fmedia&parent=52878"}],"wp:term":[{"taxonomy":"category","embeddable":true,"href":"https:\/\/speyer24news.com\/index.php?rest_route=%2Fwp%2Fv2%2Fcategories&post=52878"},{"taxonomy":"post_tag","embeddable":true,"href":"https:\/\/speyer24news.com\/index.php?rest_route=%2Fwp%2Fv2%2Ftags&post=52878"}],"curies":[{"name":"wp","href":"https:\/\/api.w.org\/{rel}","templated":true}]}}