{"id":52942,"date":"2023-06-22T14:04:27","date_gmt":"2023-06-22T13:04:27","guid":{"rendered":"https:\/\/speyer24news.com\/?p=52942"},"modified":"2023-07-01T09:06:02","modified_gmt":"2023-07-01T08:06:02","slug":"vermisstensuche-vermisste-person-oeffentlichkeitsfahndung","status":"publish","type":"post","link":"https:\/\/speyer24news.com\/?p=52942","title":{"rendered":"Vermisstensuche \/ Vermisste Person \/ \u00d6ffentlichkeitsfahndung"},"content":{"rendered":"<style type=\"text\/css\">\r\n\t.ads_top_disp{}\r\n\t.ads_top_corner_disp{ float:left; margin:0px 10px 10px 0px; }\r\n\t.ads_first_p_disp{}\r\n\t.ads_bottom_disp{}\r\n\t<\/style>\n<h2 class=\"wp-block-heading\">63-J\u00e4hriger vermisst \/ R\u00fccknahme der \u00d6ffentlichkeitsfahndung<\/h2>\n\n\n\n<h3 class=\"wp-block-heading has-text-align-center\">Pressemeldung Nr. 2<\/h3>\n\n\n\n<p><strong>(Schwetzingen \/ Rhein-Neckar-Kreis) \u2013 <\/strong>Die \u00d6ffentlichkeitsfahndung nach dem seit dem 19.06.2023 als vermisst gemeldeten 63-j\u00e4hrigen Wolfram B. wird zur\u00fcckgenommen. Medienvertreter werden gebeten, das Bild aus ihren Best\u00e4nden zu l\u00f6schen. Zwar ist der Vermisste noch nicht wieder an seine Wohnanschrift zur\u00fcckgekehrt, doch gab es zwischenzeitlich eine Kontaktaufnahme mit einem Angeh\u00f6rigen, sodass aktuell nicht mehr von einer hilflosen Lage ausgegangen wird.<\/p>\n\n\n\n<p><em>Polizeipr\u00e4sidium Mannheim<br>28.06.2023<\/em><\/p>\n\n\n\n<h2 class=\"wp-block-heading\">63-J\u00e4hriger vermisst \/ \u00d6ffentlichkeitsfahndung mit Lichtbild<\/h2>\n\n\n\n<p><strong>(Schwetzingen \/ Rhein-Neckar-Kreis) \u2013 <\/strong>Am sp\u00e4ten Montagabend, 19.06.2023, wurde der 63-j\u00e4hrige Wolfram B. als vermisst gemeldet. Am fr\u00fcheren Abend bestand noch Kontakt mit einem Angeh\u00f6rigen via Messenger. Es ist davon auszugehen, dass der Vermisste mit einem&nbsp;<strong>schwarz-grauen Motorrad der Marke KTM \u2013 790 Duke mit Heidelberger Kennzeichen<\/strong>&nbsp;unterwegs ist.<\/p>\n\n\n\n<p>Er ist jedoch weder an seine Wohnanschrift zur\u00fcckgekehrt, noch bestand seitdem weiterer Kontakt.<\/p>\n\n\n\n<p>Da Wolfram B. auf die Einnahme von Medikamenten angewiesen ist, ist nicht auszuschlie\u00dfen, dass er sich in einer hilflosen Lage befindet.<\/p>\n\n\n\n<p>Die bisherigen Fahndungsma\u00dfnahmen und die Absuche m\u00f6glicher Hinwendungsorte f\u00fchrte bislang nicht zu seinem Auffinden, weshalb die Kriminalpolizei sich nun mit Lichtbildern des Vermissten an die \u00d6ffentlichkeit wendet. Diese k\u00f6nnen hier abgerufen werden:<\/p>\n\n\n\n<h4 class=\"wp-block-heading\"><a href=\"https:\/\/fahndung.polizei-bw.de\/tracing\/schwetzingen-vermisstenfahndung\/embed\/#?secret=rIBLuhCITR#?secret=KzEhFddydz\">https:\/\/fahndung.polizei-bw.de\/tracing\/schwetzingen-vermisstenfahndung\/embed\/#?secret=rIBLuhCITR#?secret=KzEhFddydz<\/a><\/h4>\n\n\n\n<h3 class=\"wp-block-heading\">\u00dcber die Lichtbilder hinaus kann Wolfram B. wie folgt beschrieben werden:<\/h3>\n\n\n\n<ul>\n<li><strong>ca. 1,80 gro\u00df<\/strong><\/li>\n\n\n\n<li><strong>ca. 73 kg schwer<\/strong><\/li>\n\n\n\n<li><strong>Augenfarbe: blau<\/strong><\/li>\n\n\n\n<li><strong>Haarfarbe: hellbraun, ggf. grauer Kinnbart<\/strong><\/li>\n\n\n\n<li><strong>Brillentr\u00e4ger<\/strong><\/li>\n\n\n\n<li><strong>trug bei seinem Verschwinden vermutlich eine Motorradjacke<\/strong><\/li>\n<\/ul>\n\n\n\n<ul>\n<li><strong>Wer den Vermissten und\/oder das oben beschriebene Motorrad gesehen hat oder aus anderen Gr\u00fcnden Hinweise zu seinem Aufenthaltsort hat, meldet sich bitte beim kriminalpolizeilichen Hinweistelefon unter der 0621\/174-4444 oder bei jeder anderen Polizeidienststelle.<\/strong><\/li>\n<\/ul>\n\n\n\n<p><em>Polizeipr\u00e4sidium Mannheim<br>20.06.2023<\/em><\/p>\n","protected":false},"excerpt":{"rendered":"<div class=\"mh-excerpt\"><p>63-J\u00e4hriger vermisst \/ R\u00fccknahme der \u00d6ffentlichkeitsfahndung Pressemeldung Nr. 2 (Schwetzingen \/ Rhein-Neckar-Kreis) \u2013 Die \u00d6ffentlichkeitsfahndung nach dem seit dem 19.06.2023 als vermisst gemeldeten 63-j\u00e4hrigen Wolfram B. wird zur\u00fcckgenommen. Medienvertreter werden gebeten, das Bild aus ihren <a class=\"mh-excerpt-more\" href=\"https:\/\/speyer24news.com\/?p=52942\" title=\"Vermisstensuche \/ Vermisste Person \/ \u00d6ffentlichkeitsfahndung\">[&#8230;]<\/a><\/p>\n<\/div>","protected":false},"author":3,"featured_media":29028,"comment_status":"open","ping_status":"open","sticky":false,"template":"","format":"standard","meta":{"_monsterinsights_skip_tracking":false,"_monsterinsights_sitenote_active":false,"_monsterinsights_sitenote_note":"","_monsterinsights_sitenote_category":0,"footnotes":""},"categories":[15659],"tags":[2388,8199,14114,15541,14119,16216,16217,16254,1881,13261,9112,154,1117,13264,16252,619,618,12344,16253,14519],"aioseo_notices":[],"amp_enabled":true,"_links":{"self":[{"href":"https:\/\/speyer24news.com\/index.php?rest_route=\/wp\/v2\/posts\/52942"}],"collection":[{"href":"https:\/\/speyer24news.com\/index.php?rest_route=\/wp\/v2\/posts"}],"about":[{"href":"https:\/\/speyer24news.com\/index.php?rest_route=\/wp\/v2\/types\/post"}],"author":[{"embeddable":true,"href":"https:\/\/speyer24news.com\/index.php?rest_route=\/wp\/v2\/users\/3"}],"replies":[{"embeddable":true,"href":"https:\/\/speyer24news.com\/index.php?rest_route=%2Fwp%2Fv2%2Fcomments&post=52942"}],"version-history":[{"count":2,"href":"https:\/\/speyer24news.com\/index.php?rest_route=\/wp\/v2\/posts\/52942\/revisions"}],"predecessor-version":[{"id":53045,"href":"https:\/\/speyer24news.com\/index.php?rest_route=\/wp\/v2\/posts\/52942\/revisions\/53045"}],"wp:featuredmedia":[{"embeddable":true,"href":"https:\/\/speyer24news.com\/index.php?rest_route=\/wp\/v2\/media\/29028"}],"wp:attachment":[{"href":"https:\/\/speyer24news.com\/index.php?rest_route=%2Fwp%2Fv2%2Fmedia&parent=52942"}],"wp:term":[{"taxonomy":"category","embeddable":true,"href":"https:\/\/speyer24news.com\/index.php?rest_route=%2Fwp%2Fv2%2Fcategories&post=52942"},{"taxonomy":"post_tag","embeddable":true,"href":"https:\/\/speyer24news.com\/index.php?rest_route=%2Fwp%2Fv2%2Ftags&post=52942"}],"curies":[{"name":"wp","href":"https:\/\/api.w.org\/{rel}","templated":true}]}}