{"id":52978,"date":"2023-06-27T05:27:34","date_gmt":"2023-06-27T04:27:34","guid":{"rendered":"https:\/\/speyer24news.com\/?p=52978"},"modified":"2023-06-27T05:34:17","modified_gmt":"2023-06-27T04:34:17","slug":"polizeimeldungen-montag-26-06-2023","status":"publish","type":"post","link":"https:\/\/speyer24news.com\/?p=52978","title":{"rendered":"Polizeimeldungen Montag (26.06.2023)"},"content":{"rendered":"<style type=\"text\/css\">\r\n\t.ads_top_disp{}\r\n\t.ads_top_corner_disp{ float:left; margin:0px 10px 10px 0px; }\r\n\t.ads_first_p_disp{}\r\n\t.ads_bottom_disp{}\r\n\t<\/style>\n<h2 class=\"wp-block-heading\">Polizeimeldungen vom Montag (26.06.2023)<\/h2>\n\n\n<div class=\"wp-block-image\">\n<figure class=\"aligncenter size-full\"><img decoding=\"async\" loading=\"lazy\" width=\"375\" height=\"500\" src=\"https:\/\/speyer24news.com\/wp-content\/uploads\/2022\/03\/Aktuelles-Polizeilogo.jpg\" alt=\"\" class=\"wp-image-43591\" srcset=\"https:\/\/speyer24news.com\/wp-content\/uploads\/2022\/03\/Aktuelles-Polizeilogo.jpg 375w, https:\/\/speyer24news.com\/wp-content\/uploads\/2022\/03\/Aktuelles-Polizeilogo-225x300.jpg 225w\" sizes=\"(max-width: 375px) 100vw, 375px\" \/><\/figure><\/div>\n\n\n<h2 class=\"wp-block-heading\">(Speyer) &#8211; Alkoholfahrt eines Rollerfahrers<\/h2>\n\n\n\n<p>Eine Streife der Polizeiinspektion Speyer kontrollierte in der Nacht zum Montag in der Josef-Schmitt-Stra\u00dfe einen 39-j\u00e4hrigen Rollerfahrer. Die Beamten bemerkten sowohl am Roller als auch am Helm des Mannes frische Unfallspuren. Ein freiwillig durchgef\u00fchrter Atemalkoholtest ergab einen Wert von 0,94 Promille. Der Rollerfahrer gab an, in einer Kurve die Kontrolle \u00fcber sein Fahrzeug verloren zu haben und gest\u00fcrzt zu sein. Es sei aber nur sein Roller besch\u00e4digt worden. Er selbst hatte leichte, oberfl\u00e4chliche Wunden davongetragen. Die Polizisten haben ihn zur Dienststelle gebracht, wo ihm durch einen Arzt eine Blutprobe entnommen wurde. Den 39-j\u00e4hrigen erwartet nun ein Strafverfahren wegen Trunkenheit im Verkehr.<\/p>\n\n\n\n<h2 class=\"wp-block-heading\">(Neuhofen) &#8211; Autofahrer unter Drogeneinfluss<\/h2>\n\n\n\n<p>Am Sonntagnachmittag wurde ein 28-j\u00e4hriger PKW-Fahrer in der Otto-Dill-Stra\u00dfe einer Kontrolle unterzogen, da der Fahrer den Sicherheitsgurt nicht angelegt hatte. Im Verlauf der Kontrolle ergaben sich jedoch Hinweise auf eine Fahrt unter Einfluss von Bet\u00e4ubungsmitteln. Ein Drogentest best\u00e4tigte diesen Verdacht, sodass eine Blutentnahme folgte. Die Weiterfahrt wurde untersagt und der F\u00fchrerschein sichergestellt. Die F\u00fchrerscheinstelle wurde \u00fcber den Vorfall in Kenntnis gesetzt und ein Ordnungswidrigkeitenverfahren eingeleitet.<\/p>\n\n\n\n<h2 class=\"wp-block-heading\">(Mutterstadt) &#8211; Fahrzeug mit erloschener Betriebserlaubnis (Tuning)<\/h2>\n\n\n<div class=\"wp-block-image\">\n<figure class=\"aligncenter size-full\"><img decoding=\"async\" loading=\"lazy\" width=\"800\" height=\"600\" src=\"https:\/\/speyer24news.com\/wp-content\/uploads\/2023\/06\/VWGolf.jpg\" alt=\"\" class=\"wp-image-52979\" srcset=\"https:\/\/speyer24news.com\/wp-content\/uploads\/2023\/06\/VWGolf.jpg 800w, https:\/\/speyer24news.com\/wp-content\/uploads\/2023\/06\/VWGolf-300x225.jpg 300w, https:\/\/speyer24news.com\/wp-content\/uploads\/2023\/06\/VWGolf-768x576.jpg 768w, https:\/\/speyer24news.com\/wp-content\/uploads\/2023\/06\/VWGolf-678x509.jpg 678w, https:\/\/speyer24news.com\/wp-content\/uploads\/2023\/06\/VWGolf-326x245.jpg 326w, https:\/\/speyer24news.com\/wp-content\/uploads\/2023\/06\/VWGolf-80x60.jpg 80w\" sizes=\"(max-width: 800px) 100vw, 800px\" \/><\/figure><\/div>\n\n\n<p>Am 26.06.2023 um 09:08 Uhr stellten Beamte der Polizeiautobahnstation Ruchheim auf der A65 einen VW Golf mit auff\u00e4lliger Bereifung fest und unterzogen diesen an der Ausfahrt Mutterstadt-Nord einer Verkehrskontrolle. Dabei konnte festgestellt werden, dass der 20-J\u00e4hrige Fahrer die Distanzringe und Reifenkombination nachtr\u00e4glich ver\u00e4ndert hat. Einen Nachweis \u00fcber die Einzelabnahme durch eine technische Pr\u00fcfstelle konnte der Fahrer nicht vorlegen.<\/p>\n\n\n\n<p>Durch die technischen Ver\u00e4nderungen ohne eine Genehmigung erlischt die Betriebserlaubnis des Fahrzeuges. Gegen den 20-J\u00e4hrige Fahrzeugf\u00fchrer wurde ein Ordnungswidrigkeitenverfahren eingeleitet und weitere Fahrten mit dem Fahrzeug untersagt.<\/p>\n\n\n\n<h2 class=\"wp-block-heading\">(B\u00f6hl-Iggelheim) &#8211; Mit Golfcart im Stra\u00dfenverkehr unterwegs<\/h2>\n\n\n<div class=\"wp-block-image\">\n<figure class=\"aligncenter size-full\"><img decoding=\"async\" loading=\"lazy\" width=\"800\" height=\"713\" src=\"https:\/\/speyer24news.com\/wp-content\/uploads\/2023\/06\/Golfcart.png\" alt=\"\" class=\"wp-image-52980\" srcset=\"https:\/\/speyer24news.com\/wp-content\/uploads\/2023\/06\/Golfcart.png 800w, https:\/\/speyer24news.com\/wp-content\/uploads\/2023\/06\/Golfcart-300x267.png 300w, https:\/\/speyer24news.com\/wp-content\/uploads\/2023\/06\/Golfcart-768x684.png 768w\" sizes=\"(max-width: 800px) 100vw, 800px\" \/><\/figure><\/div>\n\n\n<p>Am Sonntagmorgen wurde ein junger Mann mitgeteilt, welcher mit einem Golfcart zusammen mit Begleitern im Bereich des Niederwiesenweihers fuhr. Vor Ort konnte der 22-j\u00e4hrige Fahrer des Golfcart einer Kontrolle unterzogen werden. Laut dem Fahrer habe er das Golfcart ausgeliehen. Da der Fahrer zuvor von Schifferstadt aus mit dem Fahrzeug im \u00f6ffentlichen Stra\u00dfenverkehr fuhr und das Golfcart nicht versichert war, wurde ein Ermittlungsverfahren eingeleitet. Der Fahrzeugschl\u00fcssel wurde sichergestellt. Das Gef\u00e4hrt soll im Nachgang mit einem Anh\u00e4nger von der Eigent\u00fcmerin abgeholt werden.<\/p>\n\n\n\n<h2 class=\"wp-block-heading\">(Zeiskam) &#8211; Betrunken auf dem Fahrrad<\/h2>\n\n\n\n<p>Am Sonntagabend kontrollierte die Germersheimer Polizei in Zeiskam einen auff\u00e4llig fahrenden Fahrradfahrer. Schnell konnte der Grund f\u00fcr die Fahrweise gefunden werden. Der 44-j\u00e4hrige hatte knapp 2 Promille, weshalb eine Blutprobe entnommen und ein entsprechendes Strafverfahren eingeleitet wurde.<\/p>\n\n\n\n<h2 class=\"wp-block-heading\">(Germersheim) &#8211; PKW Aufbruch<\/h2>\n\n\n\n<p>In der Nacht vom 25.06.2023 kam es in der Waldstra\u00dfe in Germersheim zum Aufbruch eines dort geparkten PKW. Der bislang unbekannte T\u00e4ter schlug die Seitenscheibe ein und entwendete eine Handtasche aus dem Innenraum. Der Sachschaden bel\u00e4uft sich auf ca. 1000 Euro. <\/p>\n\n\n\n<ul>\n<li><strong>Die Polizeiinspektion Germersheim hat die Ermittlungen aufgenommen und bittet alle Zeugen sich unter der Telefonnummer 07274-9580 oder per Mail an&nbsp;<a href=\"mailto:%20pigermersheim@polizei.rlp.de\">pigermersheim@polizei.rlp.de<\/a>&nbsp;zu melden.<\/strong><\/li>\n<\/ul>\n\n\n\n<h2 class=\"wp-block-heading\">(Herxheim) &#8211; Unfallfluchten am Freibad<\/h2>\n\n\n\n<p>Gleich zwei Unfallfluchten wurden in den vergangenen Tagen am Freibad in Herxheim begangen. Am gestrigen Sonntag zwischen 16 und 20 Uhr wurde ein wei\u00dfer VW Passat an der linken Fahrzeugseite nach Beurteilung der Spurenlage beim Ein- oder Ausparken besch\u00e4digt. Im Zeitraum von Mittwoch bis Samstag wurde zudem ein wei\u00dfer Mercedes an der linken Fahrzeugfront besch\u00e4digt. <\/p>\n\n\n\n<ul>\n<li><strong>Wer Hinweise zu den beiden Verkehrsstraftaten geben kann, meldet sich bitte bei der Polizeiinspektion Landau per Mail (<a href=\"mailto:pilandau@polizei.rlp.de\">pilandau@polizei.rlp.de<\/a>) oder telefonisch unter 06341\/287-0.<\/strong><\/li>\n<\/ul>\n\n\n\n<h2 class=\"wp-block-heading\">(W\u00f6rth) &#8211; Verkehrskontrollen<\/h2>\n\n\n\n<p>Sonntagabend wurden in der Bahnhofstra\u00dfe in W\u00f6rth Verkehrskontrollen durchgef\u00fchrt. Innerhalb k\u00fcrzester Zeit wurden mehrere Verst\u00f6\u00dfe festgestellt und geahndet. Die Kontrollstelle musste anschlie\u00dfend einsatzbedingt aufgel\u00f6st werden.<\/p>\n\n\n\n<h2 class=\"wp-block-heading\">(Schweighofen) &#8211; Brand eines Feldes<\/h2>\n\n\n\n<p>Am Montag, 26.06.2023, gegen 13.50 Uhr, wurde bei landwirtschaftlichen Arbeit auf einem Feld in Schweighofen, vermutlich durch Funkenschlag, ein Brand ausgel\u00f6st. Besch\u00e4digt wurden 4 Hektar Feld (Weizen\/Erdbeeren), sowie ein landwirtschaftlicher Anh\u00e4nger. Die Freiwillige Feuerwehr konnte den Brand schnell unter Kontrolle bringen. Es entstand Sachschaden von mehreren Tausend Euro. Verletzt wurde niemand.<\/p>\n\n\n\n<h2 class=\"wp-block-heading\">(Landau) &#8211; Fahrradsturz mit offener Ellbogenfaktur<\/h2>\n\n\n\n<p>Eine 59-j\u00e4hrige Frau verlor am Sonntagabend beim Anhaltevorgang an der Kreuzung Horst-\/Damm\u00fchlstra\u00dfe das Gleichgewicht und st\u00fcrzte. Da sie sich hierbei eine offene Ellbogenfraktur zuzog, wurde sie durch den hinzugerufenen Rettungsdienst in ein Krankenhaus verbracht.<\/p>\n\n\n\n<h2 class=\"wp-block-heading\">(B 10 \/ Annweiler-Queichhambach) &#8211; Geschwindigkeitskontrollen auf Umleitungsstrecken zur B 10<\/h2>\n\n\n\n<p>Die aktuellen Bauma\u00dfnahmen auf der Bundesstra\u00dfe 10 zwischen der Anschlussstelle Birkweiler und Annweiler sorgen auf den Umleitungsstrecken in den umliegenden D\u00f6rfern zu erh\u00f6htem Verkehrsaufkommen, welches die gefahrenen Geschwindigkeiten betreffend oftmals zu Unmut bei den Anwohnern f\u00fchrt. Vor diesem Hintergrund wurden am 20., 21. und 23.06.2023 in Queichhambach Radarkontrollen \u00fcber mehrere Stunden durchgef\u00fchrt. Hierbei wurden insgesamt 5989 Fahrzeuge gemessen und auf die Einhaltung der dortigen 30 km\/h H\u00f6chstgeschwindigkeit hin \u00fcberpr\u00fcft. Es wurden 872 Verwarnungen festgestellt und 61 Ordnungswidrigkeiten zur Anzeige gebracht. Fahrverbote mussten keine ausgesprochen werden. Somit waren an diesen drei Messtagen 15,6 % zu schnell unterwegs. Die Polizei wird auch weiterhin auf den Umleitungsstrecken Geschwindigkeitsmessungen durchf\u00fchren.<\/p>\n\n\n\n<h2 class=\"wp-block-heading\">(Landkreis Bad D\u00fcrkheim) &#8211; Motorradkontrollen<\/h2>\n\n\n<div class=\"wp-block-image\">\n<figure class=\"aligncenter size-full\"><img decoding=\"async\" loading=\"lazy\" width=\"500\" height=\"670\" src=\"https:\/\/speyer24news.com\/wp-content\/uploads\/2023\/06\/KontrollstelleDUeW-GrethenI.jpg\" alt=\"\" class=\"wp-image-52981\" srcset=\"https:\/\/speyer24news.com\/wp-content\/uploads\/2023\/06\/KontrollstelleDUeW-GrethenI.jpg 500w, https:\/\/speyer24news.com\/wp-content\/uploads\/2023\/06\/KontrollstelleDUeW-GrethenI-224x300.jpg 224w\" sizes=\"(max-width: 500px) 100vw, 500px\" \/><\/figure><\/div>\n\n\n<p>Am vergangenen Wochenende wurden durch den Zweiradkontrolltrupp der Polizeidirektion Neustadt, sowie der Polizeiinspektionen Bad D\u00fcrkheim und Neustadt Motorradfahrerinnen und Motorradfahrer kontrolliert. Der Schwerpunkt der Kontrollen lag hier auf stark frequentierten Motorradstrecken entlang des Haardtrands und im Pf\u00e4lzer Wald. Auf Grund des guten und sonnigen Wetters waren sehr viele Motorradfahrende unterwegs.<\/p>\n\n\n\n<p>Station\u00e4re Kontrollen wurden auf der B37, zwischen Bad D\u00fcrkheim und OT Bad D\u00fcrkheim-Grethen, sowie auf der L517, zwischen Leistadt und Weisenheim am Berg und der L499 im Elmsteiner Tal eingerichtet.<\/p>\n\n\n<div class=\"wp-block-image\">\n<figure class=\"aligncenter size-full\"><img decoding=\"async\" loading=\"lazy\" width=\"500\" height=\"721\" src=\"https:\/\/speyer24news.com\/wp-content\/uploads\/2023\/06\/KontrollstelleElmsteinerTal.jpg\" alt=\"\" class=\"wp-image-52982\" srcset=\"https:\/\/speyer24news.com\/wp-content\/uploads\/2023\/06\/KontrollstelleElmsteinerTal.jpg 500w, https:\/\/speyer24news.com\/wp-content\/uploads\/2023\/06\/KontrollstelleElmsteinerTal-208x300.jpg 208w\" sizes=\"(max-width: 500px) 100vw, 500px\" \/><\/figure><\/div>\n\n\n<p>Bei einer am Samstag, ab 13:30 Uhr durchgef\u00fchrten Geschwindigkeitskontrolle auf der B37, OT Bad D\u00fcrkheim-Grethen, wurden innerhalb einer halben Stunde 33 Motorr\u00e4der gemessen. Bei keinem Motorrad wurde eine \u00fcberh\u00f6hte Geschwindigkeit festgestellt.<\/p>\n\n\n\n<h4 class=\"wp-block-heading\">\u00dcber das Wochenende wurden insgesamt \u00fcber 60 Motorr\u00e4der kontrolliert und folgende Verst\u00f6\u00dfe geahndet:<\/h4>\n\n\n\n<ul>\n<li><strong>Neun Verst\u00f6\u00dfe gegen das Durchfahrtsverbot auf der L499<\/strong><\/li>\n\n\n\n<li><strong>Elf sonstige Ordnungswidrigkeiten, alle im Verwarnungsgeldbereich<\/strong><\/li>\n\n\n\n<li><strong>Zwei Mal war die Betriebserlaubnis auf Grund technischer Ver\u00e4nderungen bzw. Umbauten erloschen<\/strong><\/li>\n\n\n\n<li><strong>Neun M\u00e4ngelberichte\/Kontrollaufforderungen u.a. wg. nicht mitgef\u00fchrter F\u00fchrerscheine bzw. Zulassungsbescheinigungen.<\/strong><\/li>\n<\/ul>\n\n\n\n<p>\u00dcber die Sommermonate wird die Polizei auch weiterhin verst\u00e4rkt den motorisierten Zweiradverkehr kontrollieren und festgestellte Verst\u00f6\u00dfe ahnden.<\/p>\n\n\n\n<h2 class=\"wp-block-heading\">(Gr\u00fcnstadt) &#8211; PKW-Fahrer unter Alkoholeinfluss<\/h2>\n\n\n\n<p>Am 26.06.2023 gegen 00:14 Uhr wurde ein 62-j\u00e4hriger Fahrer eines VW in der Daimlerstra\u00dfe in Gr\u00fcnstadt einer Verkehrskontrolle unterzogen. W\u00e4hrend der Kontrolle stellten die Beamten Atemalkoholgeruch bei dem Fahrer fest. Ein Test ergab einen Wert von 2,13 Promille. Dem Mann wurde die Weiterfahrt untersagt und durch einen Arzt eine Blutprobe entnommen. Der F\u00fchrerschein wurde sichergestellt. Es wurde ein Ermittlungsverfahren wegen Trunkenheit im Verkehr eingeleitet. Zudem wird die zust\u00e4ndige F\u00fchrerscheinstelle \u00fcber den Vorfall in Kenntnis gesetzt.<\/p>\n\n\n\n<h2 class=\"wp-block-heading\">(Dirmstein) &#8211; Fl\u00e4chenbrand<\/h2>\n\n\n\n<p>Am 25.06.2023 gegen 12:35 Uhr wurde der Polizei Gr\u00fcnstadt der Brand einer Gr\u00fcnfl\u00e4che im Bereich Peterskirchenweg in Dirmstein gemeldet. Es kam dort aus ungekl\u00e4rten Gr\u00fcnden zum Brand einer etwa 8 qm gro\u00dfen Rasenfl\u00e4che. Der Brand konnte z\u00fcgig durch die im Einsatz befindlichen Feuerwehren der Verbandsgemeinde Leininger Land gel\u00f6scht werden.<\/p>\n\n\n\n<h2 class=\"wp-block-heading\">(L 522 \/ Lambsheim) &#8211; Trunkenheit im Verkehr mit Beleidigung<\/h2>\n\n\n\n<p>Am Sonntag, den 25.06.2023 sollte gegen um 19:25 Uhr ein 23-j\u00e4hriger Autofahrer auf der Landstra\u00dfe 522 zwischen Frankenthal und Lambsheim einer allgemeinen Verkehrskontrolle unterzogen werden. Kurz vor der Kontrollank\u00fcndigung beschleunigte der Fahrer das Fahrzeug stark und fl\u00fcchtete am Lambsheimer Friedhof zu Fu\u00df aus dem Fahrzeug. Er konnte jedoch kurz danach festgestellt und der Kontrolle unterzogen werden. W\u00e4hrend dieser beleidigte er einen der Beamten. Beim Fahrzeugf\u00fchrer konnte Atemalkoholgeruch wahrgenommen werden, weshalb ihm eine Blutprobe entnommen wurde. Zudem ist er nicht im Besitz einer g\u00fcltigen Fahrerlaubnis. Das Ergebnis der Blutalkoholkonzentration wird durch die Rechtsmedizin ermittelt. Den Fahrer erwarten Anzeigen aufgrund von Trunkenheit im Verkehr, Fahren ohne Fahrerlaubnis sowie Beleidigung.<\/p>\n\n\n\n<h2 class=\"wp-block-heading\">(Ludwigshafen) &#8211; 35.000 Euro Schaden durch Verkehrsunfall<\/h2>\n\n\n\n<p>Am Sonntagabend, 24.06.2023, gegen 20 Uhr, ereignete sich auf dem Kaiserw\u00f6rthdamm ein Verkehrsunfall mit drei beteiligten PKWs. Im Kreuzungsbereich Kaiserw\u00f6rthdamm \/ Lagerhausstra\u00dfe bog eine Verkehrsteilnehmerin mit ihrem PKW nach links in Richtung B 9 (Speyer) ab und \u00fcbersah das entgegenkommende Fahrzeug. Beide PKWs kollidierten, wobei ein Fahrzeug nach rechts gegen ein weiteres Auto geschoben wurde. Die drei Fahrzeuge waren nicht mehr fahrbereit und wurden abgeschleppt. Es entstand ein Gesamtschaden in H\u00f6he von ca. 35.000 Euro. Alle Beteiligten blieben unverletzt.<\/p>\n\n\n\n<h2 class=\"wp-block-heading\">(Ludwigshafen) &#8211; Verkehrsunfallfluchten \/ Zeugen gesucht<\/h2>\n\n\n\n<p>Zwischen Samstagnachmittag (24.06.2023), 17:30 Uhr und Sonntagabend (25.06.2023), 20:00 Uhr besch\u00e4digte ein Unbekannter, vermutlich beim Vorbeifahren, einen am Fahrbahnrand der Fu\u00dfg\u00f6nheimer Stra\u00dfe H\u00f6he Hausnummer 34 abgestellten blauen Mercedes CLK. Er entfernte sich, ohne schadensregulierende Ma\u00dfnahmen zu treffen. Es entstand ein Sachschaden von circa 600 Euro.<\/p>\n\n\n\n<p>Ebenfalls zwischen Samstag und Sonntag (24.06.2023, 10:00 Uhr und 25.06.2023. 11:00 Uhr) wurde in der Fichtestra\u00dfe, H\u00f6he Hausnummer 14, ein ebenfalls am Fahrbahnrand abgestellter wei\u00dfer VW-Transporter besch\u00e4digt. Die Schadensh\u00f6he wird auf ca. 2.000 Euro gesch\u00e4tzt. Auch hier k\u00fcmmerte sich der Verursacher nicht um die Schadensregulierung.<\/p>\n\n\n\n<p>Am Sonntagabend (25.06.2023) gegen 18:00 Uhr meldeten mehrere Verkehrsteilnehmer eine besch\u00e4digte Ampelanlage in der Kopernikusstra\u00dfe. Vermutlich wurde diese durch einen vorbeifahrenden LKW besch\u00e4digt. Der Verursacher ist bislang nicht bekannt.<\/p>\n\n\n\n<ul>\n<li><strong>Wer hat eine der Taten beobachtet oder kann Hinweise zur Identit\u00e4t der Verursacher geben?<\/strong><\/li>\n\n\n\n<li><strong>Sachdienliche Hinweise bitte an die Polizeiinspektion Ludwigshafen 2, Telefonnummer 0621 963-2222 oder per E-Mail&nbsp;<a href=\"mailto:%20piludwigshafen2@polizei.rlp.de\">piludwigshafen2@polizei.rlp.de<\/a>&nbsp;.<\/strong><\/li>\n<\/ul>\n\n\n\n<h2 class=\"wp-block-heading\">(Ludwigshafen) &#8211; Randalierer endet in Polizeigewahrsam<\/h2>\n\n\n<div class=\"wp-block-image\">\n<figure class=\"aligncenter size-full\"><img decoding=\"async\" loading=\"lazy\" width=\"800\" height=\"600\" src=\"https:\/\/speyer24news.com\/wp-content\/uploads\/2019\/06\/Ausn\u00fcchterungszelle.jpg\" alt=\"\" class=\"wp-image-15212\" srcset=\"https:\/\/speyer24news.com\/wp-content\/uploads\/2019\/06\/Ausn\u00fcchterungszelle.jpg 800w, https:\/\/speyer24news.com\/wp-content\/uploads\/2019\/06\/Ausn\u00fcchterungszelle-300x225.jpg 300w, https:\/\/speyer24news.com\/wp-content\/uploads\/2019\/06\/Ausn\u00fcchterungszelle-768x576.jpg 768w, https:\/\/speyer24news.com\/wp-content\/uploads\/2019\/06\/Ausn\u00fcchterungszelle-678x509.jpg 678w, https:\/\/speyer24news.com\/wp-content\/uploads\/2019\/06\/Ausn\u00fcchterungszelle-326x245.jpg 326w, https:\/\/speyer24news.com\/wp-content\/uploads\/2019\/06\/Ausn\u00fcchterungszelle-80x60.jpg 80w\" sizes=\"(max-width: 800px) 100vw, 800px\" \/><figcaption class=\"wp-element-caption\">Beispielbild Zelle \/ Verhaftung, dient lediglich der Visualisierung<\/figcaption><\/figure><\/div>\n\n\n<p>Am Sonntagabend, 25.06.2023, gegen 18:30 Uhr, wurde der Polizei eine herumgr\u00f6lende und randalierende Person in der Pranckhstra\u00dfe gemeldet. Diese w\u00fcrde lautstark verfassungsfeindliche Parolen rufen, den sogenannten &#8222;Hitlergru\u00df&#8220; zeigen und gegen die T\u00fcren und Fenster der umliegenden Geb\u00e4ude schlagen. Nach dem Eintreffen der Einsatzkr\u00e4fte vor Ort ging der augenscheinlich Alkoholisierte unmittelbar auf die eingesetzten Beamten zu und tat seine Ablehnung dem deutschen Rechtssystem und der Polizei gegen\u00fcber lautstark kund. Das Verhalten des 38-j\u00e4hrigen war sprunghaft, er begann willk\u00fcrlich gegen weitere Schaufenster zu schlagen sowie die Beamten mit seinen mitgef\u00fchrten Gegenst\u00e4nden zu bewerfen und versuchte kontinuierlich, sich auf geparkte Fahrzeuge zu setzen. Gegen\u00fcber den Polizeibeamten erkl\u00e4rte der Beschuldigte, er werde die Polizeikr\u00e4fte &#8222;kaputtschlagen&#8220;, sollte er angefasst werden. Daraufhin wurde der Mann zu Boden gebracht und gefesselt. Er versuchte sich mit aller Kraft dagegen zu wehren und schrie weiter lautstark herum. Er wurde anschlie\u00dfend in Gewahrsam genommen. Zur Feststellung seiner Schuldf\u00e4higkeit wurde ihm eine Blutprobe entnommen. Gegen den 38-J\u00e4hrigen wird wegen Verwendung von Kennzeichen verfassungswidriger Organisationen, Widerstandes und t\u00e4tlichen Angriffs ermittelt.<\/p>\n\n\n\n<h2 class=\"wp-block-heading\">(Ludwigshafen) &#8211; Im Freibad bestohlen<\/h2>\n\n\n\n<p>Den Sonntagnachmittag (25.06.2023) verbrachten drei Teenager im Willersinnfreibad, wo sie gegen 17:00 Uhr ihren Platz verlie\u00dfen und eine Tasche mit Wertgegenst\u00e4nden zur\u00fccklie\u00dfen. Als sie circa eine halbe Stunde sp\u00e4ter zur\u00fcckkehrten, war die Tasche nicht mehr da. <\/p>\n\n\n\n<ul>\n<li><strong>Weitere Badeg\u00e4ste hatten beobachtet, wie eine m\u00e4nnliche Person mit Bart und Sonnenbrille die Tasche an sich genommen habe. <\/strong><\/li>\n\n\n\n<li><strong>Wer hat die Tat beobachtet und kann Angaben zur Identit\u00e4t des T\u00e4ters machen?<\/strong><\/li>\n<\/ul>\n\n\n\n<ul>\n<li><strong>Sachdienliche Hinweise bitte an die Polizeiinspektion Ludwigshafen 2, Telefonnummer 0621 963-2222 oder per E-Mail&nbsp;<a href=\"mailto:%20piludwigshafen2@polizei.rlp.de\">piludwigshafen2@polizei.rlp.de<\/a>&nbsp;. Die Polizei r\u00e4t in diesem Zusammenhang: Lassen Sie Ihre Wertsachen nie unbeaufsichtigt! Weitere Tipps erhalten Sie unter&nbsp;<a href=\"https:\/\/www.polizei-beratung.de\/\" target=\"_blank\" rel=\"noreferrer noopener\">www.polizei-beratung.de<\/a>&nbsp;. Wir m\u00f6chten, dass sie sicher Leben &#8211; Ihre Polizei \u2003<\/strong><\/li>\n<\/ul>\n\n\n\n<h2 class=\"wp-block-heading\">(Ludwigshafen) &#8211; Fahren ohne Fahrerlaubnis unter Drogeneinfluss<\/h2>\n\n\n\n<p>Am Sonntagmittag, 25.06.2023, kurz vor 14 Uhr, wurde in der Damaschkestra\u00dfe ein 42-j\u00e4hriger Autofahrer aufgrund fehlendem KFZ-Kennzeichen kontrolliert. Dabei wurden drogenspezifische Ausfallerscheinungen bei ihm festgestellt. Ein durchgef\u00fchrter Test verlief positiv auf Amphetamin. Der Pkw wurde verkehrssicher abgestellt. Dem 42-J\u00e4hrigen wurde anschlie\u00dfend eine Blutprobe entnommen.<\/p>\n\n\n\n<h4 class=\"wp-block-heading\"><em>Dein Trip: Ohne Drogen! Bei der Teilnahme am Stra\u00dfenverkehr ist ein klarer Kopf gefragt. Drogen und die Verkehrssicherheit beeintr\u00e4chtigende Medikamente sind damit nicht vereinbar.<\/em><\/h4>\n\n\n\n<h2 class=\"wp-block-heading\">(Ludwigshafen) &#8211; K\u00f6rperverletzung in Gartenstadt<\/h2>\n\n\n\n<p>Am Sonntagmorgen, 25.06.2023, soll es in und vor einer Gastst\u00e4tte in der Betty-Impertro-Stra\u00dfe zu einer k\u00f6rperlichen Auseinandersetzung zwischen mehreren Personen gekommen sein. Nach Angaben von Zeugen sollen ein 35- und ein 37-J\u00e4hriger auf die anderen Personen eingeschlagen haben. Dabei erlitt ein 29-J\u00e4hriger eine Kopfverletzung und Sch\u00fcrfwunden. Er kam zur Untersuchung in ein Krankenhaus. Ein weiterer 28-J\u00e4hriger wurde im Gesicht verletzt. Den beiden Beschuldigten wurde ein Platzverweis erteilt.<\/p>\n\n\n\n<h2 class=\"wp-block-heading\">(Ludwigshafen) &#8211; Brandstiftung \/ Zeugen gesucht<\/h2>\n\n\n<div class=\"wp-block-image\">\n<figure class=\"aligncenter size-full\"><img decoding=\"async\" loading=\"lazy\" width=\"801\" height=\"600\" src=\"https:\/\/speyer24news.com\/wp-content\/uploads\/2020\/05\/Zeugen-gesucht-Neutral.jpg\" alt=\"\" class=\"wp-image-26598\" srcset=\"https:\/\/speyer24news.com\/wp-content\/uploads\/2020\/05\/Zeugen-gesucht-Neutral.jpg 801w, https:\/\/speyer24news.com\/wp-content\/uploads\/2020\/05\/Zeugen-gesucht-Neutral-300x225.jpg 300w, https:\/\/speyer24news.com\/wp-content\/uploads\/2020\/05\/Zeugen-gesucht-Neutral-768x575.jpg 768w, https:\/\/speyer24news.com\/wp-content\/uploads\/2020\/05\/Zeugen-gesucht-Neutral-678x509.jpg 678w, https:\/\/speyer24news.com\/wp-content\/uploads\/2020\/05\/Zeugen-gesucht-Neutral-326x245.jpg 326w, https:\/\/speyer24news.com\/wp-content\/uploads\/2020\/05\/Zeugen-gesucht-Neutral-80x60.jpg 80w\" sizes=\"(max-width: 801px) 100vw, 801px\" \/><\/figure><\/div>\n\n\n<p>Am fr\u00fchen Sonntagmorgen (25.06.2023), zwischen 02:00 und 03:30 Uhr, entz\u00fcndeten in der Hauptstra\u00dfe (Ecke Hilgundstra\u00dfe) Unbekannte eine vor einem Mehrparteienhaus auf der Stra\u00dfe abgelegte Matratze. Das Feuer lie\u00df das Schaufenster eines im Erdgeschoss befindlichen Gesch\u00e4ftes bersten und verursachte Ru\u00dfsch\u00e4den an der Hausfassade, griff jedoch nicht auf das Geb\u00e4ude \u00fcber, weshalb keine Personen zu Schaden kamen. Der entstandene Sachschaden bel\u00e4uft sich auf circa 1.500 Euro.<\/p>\n\n\n\n<ul>\n<li><strong>Wer hat die Tat beobachtet oder kann Hinweise auf die Identit\u00e4t der T\u00e4ter geben?<\/strong><\/li>\n\n\n\n<li><strong>Sachdienliche Hinweise nimmt die Kriminalpolizei Ludwigshafen unter der Telefonnummer 0621\/963-2773 oder per E-Mail&nbsp;<a href=\"mailto:%20kiludwigshafen.k1.kdd@polizei.rlp.de\">kiludwigshafen.k1.kdd@polizei.rlp.de<\/a>&nbsp;entgegen.<\/strong><\/li>\n<\/ul>\n\n\n\n<h2 class=\"wp-block-heading\">(Ludwigshafen) &#8211; Trickdiebstahl im Stadtteil Hemshof<\/h2>\n\n\n\n<p>Am Samstagabend, 24.06.2023, gegen 22 Uhr, wurde in der Marienstra\u00dfe einem 24-J\u00e4hrigen der Geldbeutel incl. der Kreditkarte, dem Ausweis sowie ca. 40 Euro Bargeld gestohlen. Der junge Mann hatte sich bei drei M\u00e4nnern nach einem noch ge\u00f6ffneten Kiosk erkundigt. Nach dem mehrmin\u00fctigen Gespr\u00e4ch vermisste er die Wertgegenst\u00e4nde, die sich in seinem Rucksack befunden haben. <\/p>\n\n\n\n<h4 class=\"wp-block-heading\">Die M\u00e4nner werden als:<\/h4>\n\n\n\n<ul>\n<li><strong>ca. 20 Jahre alt und <\/strong><\/li>\n\n\n\n<li><strong>ca. 1,80 m gro\u00df beschrieben. <\/strong><\/li>\n\n\n\n<li><strong>Einer trug rote kurze Hosen und ein wei\u00dfes T-Shirt und wei\u00dfe Schuhe.<\/strong><\/li>\n<\/ul>\n\n\n\n<ul>\n<li><strong>Sachdienliche Hinweise bitte an die Polizeiinspektion Ludwigshafen 1, Telefonnummer 0621 963-2122 oder per E-Mail&nbsp;<a href=\"mailto:%20piludwigshafen1@polizei.rlp.de\">piludwigshafen1@polizei.rlp.de<\/a>&nbsp;.<\/strong><\/li>\n<\/ul>\n\n\n\n<h2 class=\"wp-block-heading\">(Ludwigshafen) &#8211; Auto aufgebrochen und Dokumente gestohlen<\/h2>\n\n\n\n<p>Am Samstagabend (24.06.2023) wurde in der Raschigstra\u00dfe ein schwarzer Opel Astra aufgebrochen und s\u00e4mtliche Dokumente aus dem Handschuhfach entwendet.<\/p>\n\n\n\n<ul>\n<li><strong>Sachdienliche Hinweise bitte an die Polizeiinspektion Ludwigshafen 1, Telefonnummer 0621 963-2122 oder per E-Mail&nbsp;<a href=\"mailto:%20piludwigshafen1@polizei.rlp.de\">piludwigshafen1@polizei.rlp.de<\/a>&nbsp;.<\/strong><\/li>\n<\/ul>\n\n\n\n<h2 class=\"wp-block-heading\">(Ludwigshafen) &#8211; Versuchter Betrug durch Gewinnversprechen<\/h2>\n\n\n\n<p>Am Freitagmittag, 23.06.2023, erhielt eine 60-J\u00e4hrige von einem Anrufer mit ausl\u00e4ndischer Telefonnummer und schlechtem Deutsch eine Gewinnbenachrichtigung \u00fcber 39.000 Euro. Der Gewinn solle durch einen Mittelsmann am Montag, den 26.06.2023, zwischen 9 und 11 Uhr an sie ausgeh\u00e4ndigt werden. Hierf\u00fcr w\u00fcrde jedoch eine Geb\u00fchr in H\u00f6he von 900 Euro f\u00e4llig werden, die vor Ort mittels EC-Karte entrichtet werden m\u00fcsse. Die B\u00fcrgerin meldete diesen Anruf vorbildlich der Polizeiinspektion Ludwigshafen 1. Eine weitere Kontaktaufnahme des Anrufers erfolgte nicht.<\/p>\n\n\n\n<h2 class=\"wp-block-heading\">(Mannheim) &#8211; Unfall zwischen PKW und Wohnmobilanh\u00e4nger<\/h2>\n\n\n\n<p>Ein 34-j\u00e4hriger Mercedes-Fahrer und ein 56-j\u00e4hriger Verkehrsteilnehmer mit einem Wohnmobilanh\u00e4nger befuhren am Sonntagvormittag gegen 10.30 Uhr auf selber Fahrbahn die Luzenbergstra\u00dfe in Fahrtrichtung Lampertheim. Aufgrund der dortigen Ampel bremste der 56-J\u00e4hrige verkehrsbedingt ab. Hierbei fuhr der 34-J\u00e4hrige auf den Wohnmobilanh\u00e4nger auf. Durch die Kollision entstand am Wohnmobilanh\u00e4nger ein Totalschaden. Am Mercedes entstand ebenfalls ein Sachschaden in H\u00f6he vierstelligen Betrags. Beide PKW waren nicht mehr fahrbereit und wurden abgeschleppt. Gl\u00fccklicherweise verletzte sich bei dem Unfall keiner der beteiligten Verkehrsteilnehmer.<\/p>\n\n\n\n<h2 class=\"wp-block-heading\">(A 6 \/ Mannheim) &#8211; Betrunkener Autofahrer verursacht Sachschaden im f\u00fcnfstelligen Bereich<\/h2>\n\n\n\n<p>Mit 1,68 Promille verursachte ein 55-j\u00e4hriger Ford-Fahrer am Sonntagmorgen, gegen 03:45 Uhr auf der BAB 6 einen gesamten Sachschaden von rund 19.000 Euro. Nachdem der 55-J\u00e4hrige zwischen dem Autobahnkreuz Viernheim und Autobahnkreuz Mannheim eine Schutzplanke am rechten Fahrbahnrand streifte, fuhr der Mann im Anschluss auf den Parkplatz &#8222;Linsenb\u00fchl&#8220; ab und prallte hier frontal in das Heck eines geparkten Lkw. Anschlie\u00dfend fl\u00fcchtete der 55-J\u00e4hrige von der Unfallstelle. Durch die hinzugezogenen Beamten der Autobahnpolizei konnte der 55-J\u00e4hrige kurz darauf in einem Gr\u00fcnstreifen des Ausfahrtsbereichs am Parkplatz festgestellt werden. Da sich der 55-J\u00e4hrige durch den Unfall leichte Verletzungen zuzog, wurde er durch einen Rettungswagen in ein nahegelegenes Krankenhaus transportiert. Durch die Beamten konnte au\u00dferdem ein deutlicher Alkoholgeruch festgestellt werden, weshalb ein Alkoholtest durchgef\u00fchrt wurde. Der Mann war mit 1,68 Promille stark alkoholisiert. Ihm wurde eine Blutprobe entnommen. Das Fahrzeug sowie der Fahrzeugschl\u00fcssel wurden sichergestellt. Der 55-J\u00e4hrige hat neben f\u00fchrerscheinrechtlichen Konsequenzen auch mit einer Anzeige wegen Stra\u00dfenverkehrsgef\u00e4hrdung unter Alkoholeinfluss zu rechnen.<\/p>\n\n\n\n<h2 class=\"wp-block-heading\">(Mannheim) &#8211; Mit Monowheel im \u00f6ffentlichen Stra\u00dfenverkehr teilgenommen<\/h2>\n\n\n\n<p>Am Freitagmittag, um 12:30 Uhr wurden die Beamten des Polizeirevier Neckarau auf einen 43-j\u00e4hrigen Mann aufmerksam, der mit einem Monowheel die Windeckstra\u00dfe entlangfuhr und vor sich einen Kinderwagen herschob. Nachdem der 43-J\u00e4hrige die Beamten bemerkte, fuhr dieser auf den angrenzenden Gehweg und versteckte sich hinter einen Pkw, um das Monowheel in dem Kinderwagen zu verstauen. Das F\u00fchren eines elektrischen Einrads im \u00f6ffentlichen Stra\u00dfenverkehr ist in der Bundesrepublik Deutschland nicht gestattet und stellt aufgrund der Teilnahme am Stra\u00dfenverkehr eine Straftat dar. Gegen den 43-J\u00e4hrigen wird nun wegen des Versto\u00dfes gegen das Pflichtversicherungsgesetz ermittelt.<\/p>\n\n\n\n<p>Erreicht ein motorisiertes Fahrzeug eine Geschwindigkeit von mehr als 6 km\/h, z\u00e4hlt es als Kraftfahrzeug und erfordert eine Zulassung sowie einen Versicherungsschutz. Dies ist f\u00fcr ein elektrisches Einrad jedoch nicht vorgesehen.<\/p>\n\n\n\n<h2 class=\"wp-block-heading\">(Heidelberg) &#8211; Trickdiebstahl mit beachtlichem Schaden<\/h2>\n\n\n<div class=\"wp-block-image\">\n<figure class=\"aligncenter size-full\"><img decoding=\"async\" loading=\"lazy\" width=\"801\" height=\"600\" src=\"https:\/\/speyer24news.com\/wp-content\/uploads\/2020\/05\/Zeugen-gesucht-Neutral.jpg\" alt=\"\" class=\"wp-image-26598\" srcset=\"https:\/\/speyer24news.com\/wp-content\/uploads\/2020\/05\/Zeugen-gesucht-Neutral.jpg 801w, https:\/\/speyer24news.com\/wp-content\/uploads\/2020\/05\/Zeugen-gesucht-Neutral-300x225.jpg 300w, https:\/\/speyer24news.com\/wp-content\/uploads\/2020\/05\/Zeugen-gesucht-Neutral-768x575.jpg 768w, https:\/\/speyer24news.com\/wp-content\/uploads\/2020\/05\/Zeugen-gesucht-Neutral-678x509.jpg 678w, https:\/\/speyer24news.com\/wp-content\/uploads\/2020\/05\/Zeugen-gesucht-Neutral-326x245.jpg 326w, https:\/\/speyer24news.com\/wp-content\/uploads\/2020\/05\/Zeugen-gesucht-Neutral-80x60.jpg 80w\" sizes=\"(max-width: 801px) 100vw, 801px\" \/><\/figure><\/div>\n\n\n<p>Am 25.06.2023 erschien ein 73-J\u00e4hriger auf dem Heidelberger Polizeirevier, um eine Anzeige wegen Diebstahl zu erstatten. Er sei von einer weiblichen Person angesprochen und ber\u00fchrt worden. Im Anschluss fehlte seine wertvolle Armbanduhr. Den Tathergang schilderte er wie folgt: Gegen 10:00 Uhr begab er sich auf den Weg zur B\u00e4ckerei. Auf dem Heimweg wurde er auf der Bergstra\u00dfe, H\u00f6he Einm\u00fcndung Gustav-Kirchhoff-Stra\u00dfe, von einer weiblichen Person auf englischer Sprache angesprochen. Die unbekannte Frau gab in einem gebrochenem Englisch zu verstehen, dass sie Geld ben\u00f6tige und hierf\u00fcr auch ein Waschservice anbieten w\u00fcrde. Was genau f\u00fcr einen Service sie meinte, hinterfragte der 73-J\u00e4hrige nicht und verneinte ihr Angebot, woraufhin sie ihn unvermittelt umarmte. Die k\u00f6rperliche N\u00e4he nutzte die Unbekannte, um ihr Opfer nach Gegenst\u00e4nden abzusuchen. Sie ber\u00fchrte ihn unter anderem auch am Schritt, so dass sich der 73-J\u00e4hrige sexuell bel\u00e4stigt f\u00fchlte. Er wehrte sich vehement gegen diese Ber\u00fchrungen, konnte sich jedoch k\u00f6rperlich nicht durchsetzen. Nachdem die unbekannte Frau ihn loslie\u00df, fl\u00fcchtete sie in einem wei\u00dfen Pkw. Zuhause angekommen bemerkte der 73-J\u00e4hrige erst das Fehlen seine Armbanduhr.<\/p>\n\n\n\n<h4 class=\"wp-block-heading\">Die bislang unbekannte Frau kann wie folgt beschrieben werden: <\/h4>\n\n\n\n<ul>\n<li><strong>Mitte Zwanzig<\/strong><\/li>\n\n\n\n<li><strong>circa 160-165cm gro\u00df<\/strong><\/li>\n\n\n\n<li><strong>kr\u00e4ftige Statur<\/strong><\/li>\n\n\n\n<li><strong>osteurop\u00e4isches Erscheinungsbild<\/strong><\/li>\n\n\n\n<li><strong>schwarze schulterlange Haare<\/strong><\/li>\n\n\n\n<li><strong>sie trug ein wei\u00dfes Hemd und eine schwarze Hose<\/strong><\/li>\n\n\n\n<li><strong>sprach schlechtes Englisch und kein Deutsch<\/strong><\/li>\n<\/ul>\n\n\n\n<ul>\n<li><strong>Sie stieg nach der Tat in einen wei\u00dfen Kleinwagen ein. Der Gesch\u00e4digte konnte sich lediglich das Teilkennzeichen DU (Duisburg) merken. <\/strong><\/li>\n\n\n\n<li><strong>Der Fahrzeugf\u00fchrer war m\u00e4nnlich, circa 30-40 Jahre alt und trug einen rotbraunen Vollbart.<\/strong><\/li>\n<\/ul>\n\n\n\n<ul>\n<li><strong>Es entstand ein Diebstahlschaden in H\u00f6he eines f\u00fcnfstelligen Betrags. Zeugen, die Hinweise zur Identit\u00e4t der Frau oder weitere Hinweise geben k\u00f6nnen, werden gebeten, sich bei dem Polizeirevier Heidelberg-Nord zu melden, unter: 06221-45690.<\/strong><\/li>\n<\/ul>\n\n\n\n<h2 class=\"wp-block-heading\">(Heidelberg) &#8211; Fl\u00fcchtiger T\u00e4ter nach Einbruch in ein Restaurant \/ Zeugen gesucht!<\/h2>\n\n\n\n<p>Am Sonntag, zwischen 01 Uhr und 04 Uhr suchte ein bisher unbekannter T\u00e4ter ein Restaurant in der Haspelgasse auf. Um in das geschlossene Restaurant zu gelangen, schlug der Unbekannte die Holzt\u00fcr ein und verschaffte sich so Zutritt. Im Inneren des Lokals entwendete der T\u00e4ter einen Bargeldbetrag in unbekannter H\u00f6he, zwei Mobiltelefone, ein iPad sowie mehrere Flaschen Wein. Die Videoaufzeichnungen wurden gesichert und werden derzeit ausgewertet. Die H\u00f6he des gesamten Schadens kann derzeit noch nicht beziffert werden. Die Ermittlungsgruppe Eigentum der Kriminalpolizeidirektion Heidelberg hat sich unter Beteiligung der zentralen Kriminaltechnik dem Fall angenommen. Zeugen, welche sachdienliche Hinweise geben k\u00f6nnen, werden gebeten, sich unter Tel.: 0621\/174-4444 mit den Ermittlerinnen und Ermittlern in Verbindung zu setzen.<\/p>\n\n\n\n<h2 class=\"wp-block-heading\">(Heidelberg-Weststadt) &#8211; Diebstahl aus Taxi \/ Zeugenaufruf<\/h2>\n\n\n\n<p>Am Sonntagmorgen, in der Zeit von 00:30 Uhr bis 00:45 Uhr kam es im Bereich des Willy-Brandt-Platz, am dortigen Taxi-Halteplatz zu einem Diebstahl zum Nachteil eines Taxi-Fahrers. Dieser stand am Halteplatz und stand mit dem R\u00fccken zum Fahrzeug.<\/p>\n\n\n\n<p>Ein bislang unbekannter T\u00e4ter begab sich auf die Beifahrerseite und \u00f6ffnete die unverschlossene T\u00fcr. Er duckte sich in das Fahrzeuginnere und entwendete die Fahrergeldb\u00f6rse mit mehreren tausend Euro, das Handy des Taxifahrers und zwei Schachteln Zigaretten. Danach begab er sich mit einem weiteren unbekannten Mann in den Hauptbahnhof. Diesen verlie\u00df er kurze Zeit sp\u00e4ter wieder in Richtung Lessingstra\u00dfe, danach verliert sich die Spur.<\/p>\n\n\n\n<p>Der Taxi-Fahrer bemerkte den Diebstahl erst ca. eine Stunde sp\u00e4ter und verst\u00e4ndigte hierauf die Polizei. W\u00e4hrend der Anzeigenaufnahme stellte sich der gesamte Sachverhalt dar.<\/p>\n\n\n\n<ul>\n<li><strong>Der Mann, der die Gegenst\u00e4nde entwendet hat, war mit einer hellen Hose und einem dunklen Oberteil bekleidet.<\/strong><\/li>\n\n\n\n<li><strong>Seine Begleitung, welche nach der Tat im Hauptbahnhof verschwand, war bekleidet mit einem hellen Oberteil, dunkle kurze Hose, trug eine dunkle Kappe und f\u00fchrte einen schwarzen Rucksack mit sich.<\/strong><\/li>\n<\/ul>\n\n\n\n<ul>\n<li><strong>Zeugen, die in diesem Zusammenhang Angaben zu der Tat oder dem T\u00e4ter machen k\u00f6nnen, werden gebeten, sich unter Tel.: 06221-18570 beim Polizeirevier Heidelberg-Mitte zu melden.<\/strong><\/li>\n<\/ul>\n\n\n\n<h2 class=\"wp-block-heading\">(Heidelberg) &#8211; Ganz sch\u00f6n schr\u00e4g drauf<\/h2>\n\n\n<div class=\"wp-block-image\">\n<figure class=\"aligncenter size-full\"><img decoding=\"async\" loading=\"lazy\" width=\"800\" height=\"574\" src=\"https:\/\/speyer24news.com\/wp-content\/uploads\/2023\/06\/Schraeglage_verpixelt.jpg\" alt=\"\" class=\"wp-image-52983\" srcset=\"https:\/\/speyer24news.com\/wp-content\/uploads\/2023\/06\/Schraeglage_verpixelt.jpg 800w, https:\/\/speyer24news.com\/wp-content\/uploads\/2023\/06\/Schraeglage_verpixelt-300x215.jpg 300w, https:\/\/speyer24news.com\/wp-content\/uploads\/2023\/06\/Schraeglage_verpixelt-768x551.jpg 768w\" sizes=\"(max-width: 800px) 100vw, 800px\" \/><\/figure><\/div>\n\n\n<p>Am Freitagvormittag gegen 10.40 Uhr meldeten Zeugen einen Unfall in der Franz-Kruckenberg-Stra\u00dfe in Heidelberg-Rohrbach, bei welchem Personen in einem Fahrzeug eingeklemmt seien. Sodann wurde die \u00d6rtlichkeit von Feuerwehr, Rettungsdienst und Polizei beschleunigt angefahren, wo die Kolleginnen und Kollegen ein Auto in einer Schr\u00e4glage von ca. 30 Grad auf einem anderen Auto vorfinden konnten. In diese Endstellung gelangte die 29-j\u00e4hrige Autofahrerin wohl, indem sie ein am Stra\u00dfenrand geparktes anderes Fahrzeug im Vorbeifahren streifte und ihr rechter Vorderreifen ungew\u00f6hnlicherweise Halt im Bereich des hinteren Sto\u00dff\u00e4ngers des anderen Fahrzeugs fand, bis der Pkw in erheblicher Schr\u00e4glage neben dem parkenden Fahrzeug zum Stillstand gelangte. Die drei Insassinnen, die Beifahrerinnen sind beide 28 Jahre alt, blieben zum Gl\u00fcck unverletzt. Das Fahrzeug konnte durch die Berufsfeuerwehr Heidelberg aus der Schr\u00e4glage zu Boden gebracht werden.<\/p>\n\n\n\n<p>Eine Testung der Fahrerin auf Alkohol-, Drogen- oder Medikamentenbeeinflussung verlief negativ. Auch gaben Zeugen an, dass das Auto langsam unterwegs gewesen sei.<\/p>\n\n\n\n<p>An dem unfallverursachenden Toyota Yaris entstand ein Schaden im Bereich des Sto\u00dff\u00e4ngers vorne sowie eine starke Deformierung der Beifahrert\u00fcr. Es wird von einem Sachschaden von rund 10.000 Euro ausgegangen.<\/p>\n\n\n\n<p>Bei dem geparkten Renault Kangoo wurde durch die Kollision die Fahrerseite von der C-S\u00e4ule bis zur Fahrert\u00fcr derart stark besch\u00e4digt, dass ein wirtschaftlicher Totalschaden am Fahrzeug in H\u00f6he von ca. 20.000 EUR angenommen wird. Durch den Aufprall wurde der ordnungsgem\u00e4\u00df parkende Pkw au\u00dferdem noch auf einen davor parkenden Hyundai aufgeschoben, der im Heckbereich einen leichten Sachschaden im niedrigen dreistelligen Bereich davontrug.<\/p>\n\n\n\n<p>Die Autofahrerin kam zwar mit dem Schrecken davon, muss nun aber mit einer Anzeige rechnen, da sie die erforderliche Sorgfalt im Stra\u00dfenverkehr au\u00dfer Acht gelassen und dadurch andere gesch\u00e4digt hat.<\/p>\n\n\n\n<h2 class=\"wp-block-heading\">(Gaiberg \/ Rhein-Neckar-Kreis) &#8211; BMW-Fahrer verursacht Unfall und fl\u00fcchtet \/ Videoaufzeichnung und Zeugen entlarven Unfallverursacher<\/h2>\n\n\n\n<p>Am Sonntagmittag, gegen 12:15 Uhr besch\u00e4digte ein 61-j\u00e4hriger BMW-Fahrer einen auf einem Parkplatz geparkten Opel und fl\u00fcchtete im Anschluss von der Unfallstelle. Zugetragen hatte sich der Unfall auf einem Parkplatz in der Stra\u00dfe In den Wein\u00e4ckern. Demzufolge kollidierte der BMW beim r\u00fcckw\u00e4rtigen Ausparken mit dem Opel und hinterlie\u00df einen Sachschaden im niedrigen vierstelligen Bereich. Doch anstatt den Unfall zu melden, entfernten sich der BMW-Fahrer sowie seine Beifahrerin von der \u00d6rtlichkeit. Durch zwei aufmerksame Zeugen konnte das Unfallgeschehen beobachtet werden. Au\u00dferdem zeichnete eine Videokamera den Unfall auf, wodurch der BMW sowie der Fahrer ausfindig gemacht werden konnten. Der 61-J\u00e4hrige muss sich nun wegen Verkehrsunfallflucht verantworten.<\/p>\n\n\n\n<h2 class=\"wp-block-heading\">(Sinsheim \/ Rhein-Neckar-Kreis) &#8211; Verkehrsunfall zwischen Pkw und Motorrad \/ Zeugen gesucht<\/h2>\n\n\n\n<p>Am Samstag, gegen 12:20 Uhr kam es in der Neulandstra\u00dfe zu einem Verkehrsunfall zwischen einem Pkw und einem Motorrad. Unklar ist hierbei, ob der Motorrad-Fahrer den Pkw \u00fcberholt hat oder der Pkw-Fahrer das Motorrad. Es kam zum Zusammensto\u00df, wobei an beiden Fahrzeugen ein Schaden im niedrigen vierstelligen Bereich entstand.<\/p>\n\n\n\n<ul>\n<li><strong>Da der Unfallhergang unklar ist, werden Zeugen, die Angaben zu dem Unfall machen k\u00f6nnen, gebeten, sich unter der Tel.: 07261-6900 zu melden.<\/strong><\/li>\n<\/ul>\n\n\n\n<h2 class=\"wp-block-heading\">(Sinsheim-Reihen \/ Rhein-Neckar-Kreis) &#8211; Pkw kollidiert mit Regionalbahn \/ Bahnstrecke zwischen Steinsfurt und Eppingen gesperrt<\/h2>\n\n\n\n<h3 class=\"wp-block-heading has-text-align-center\">Pressemeldung Nr. 3 &#8211; Zeugenaufruf!<\/h3>\n\n\n<div class=\"wp-block-image\">\n<figure class=\"aligncenter size-full\"><img decoding=\"async\" loading=\"lazy\" width=\"801\" height=\"600\" src=\"https:\/\/speyer24news.com\/wp-content\/uploads\/2020\/05\/Zeugen-gesucht-Neutral.jpg\" alt=\"\" class=\"wp-image-26598\" srcset=\"https:\/\/speyer24news.com\/wp-content\/uploads\/2020\/05\/Zeugen-gesucht-Neutral.jpg 801w, https:\/\/speyer24news.com\/wp-content\/uploads\/2020\/05\/Zeugen-gesucht-Neutral-300x225.jpg 300w, https:\/\/speyer24news.com\/wp-content\/uploads\/2020\/05\/Zeugen-gesucht-Neutral-768x575.jpg 768w, https:\/\/speyer24news.com\/wp-content\/uploads\/2020\/05\/Zeugen-gesucht-Neutral-678x509.jpg 678w, https:\/\/speyer24news.com\/wp-content\/uploads\/2020\/05\/Zeugen-gesucht-Neutral-326x245.jpg 326w, https:\/\/speyer24news.com\/wp-content\/uploads\/2020\/05\/Zeugen-gesucht-Neutral-80x60.jpg 80w\" sizes=\"(max-width: 801px) 100vw, 801px\" \/><\/figure><\/div>\n\n\n<p>Wie bereits am 13.06.23 berichtet, kam es auf der Bahnstrecke zwischen Steinfurt und Eppingen zu einem Verkehrsunfall mit gr\u00f6\u00dferem Ausma\u00df, da ein Pkw mit einer Regionalbahn kollidierte. Die Ermittlungen zum Unfallhergang werden derzeit durch den Verkehrsdienst des Polizeipr\u00e4sidiums Mannheim gef\u00fchrt. Dieser ist nun auf der Suche nach Zeugen, welche Angaben zum Unfallhergang oder sachdienliche Hinweise geben k\u00f6nnen. Insbesondere werden Zeugen gesucht, welche in Richtung Weiler vor dem geschlossenen Bahn\u00fcbergang standen und den Unfall beobachtet haben. <\/p>\n\n\n\n<ul>\n<li><strong>Diese werden gebeten, sich beim Verkehrsdienst Mannheim unter Tel.: 0621\/174-4220 zu melden.<\/strong><\/li>\n<\/ul>\n\n\n\n<h2 class=\"wp-block-heading\">(Heiligkreuzsteinach \/ Rhein-Neckar-Kreis) &#8211; Motorradfahrer kommt von Fahrbahn ab und rutscht B\u00f6schung runter<\/h2>\n\n\n\n<p>Am Sonntagnachmittag, kurz vor 16 Uhr fuhr ein 16-J\u00e4hriger mit seinem Motorrad und seiner 16-j\u00e4hrigen Sozia die L 535 in Heiligkreuzsteinach in Richtung Sch\u00f6nau entlang. Aus bisher noch unbekannter Ursache kam der 16-J\u00e4hrige ohne Fremdbeteiligung nach rechts von der Fahrbahn ab und rutschte mit seiner Begleitung ca. f\u00fcnf bis sechs Meter einen Hang hinunter. Die beiden 16-J\u00e4hrigen wurden hierbei gl\u00fccklicherweise nur leicht verletzt. Sie wurden jedoch zu weiteren Untersuchungen in ein umliegendes Krankenhaus transportiert. Die H\u00f6he des Sachschadens ist noch nicht bekannt. F\u00fcr die Unfallaufnahme und einhergehenden Bergungsma\u00dfnahmen wurde die L 535 vollst\u00e4ndig gesperrt.<\/p>\n","protected":false},"excerpt":{"rendered":"<div class=\"mh-excerpt\"><p>Polizeimeldungen vom Montag (26.06.2023) (Speyer) &#8211; Alkoholfahrt eines Rollerfahrers Eine Streife der Polizeiinspektion Speyer kontrollierte in der Nacht zum Montag in der Josef-Schmitt-Stra\u00dfe einen 39-j\u00e4hrigen Rollerfahrer. Die Beamten bemerkten sowohl am Roller als auch am <a class=\"mh-excerpt-more\" href=\"https:\/\/speyer24news.com\/?p=52978\" title=\"Polizeimeldungen Montag (26.06.2023)\">[&#8230;]<\/a><\/p>\n<\/div>","protected":false},"author":3,"featured_media":26162,"comment_status":"open","ping_status":"open","sticky":false,"template":"","format":"standard","meta":{"_monsterinsights_skip_tracking":false,"_monsterinsights_sitenote_active":false,"_monsterinsights_sitenote_note":"","_monsterinsights_sitenote_category":0,"footnotes":""},"categories":[15659],"tags":[7243,7244,3614,350,14537,15084,15267,14538,15361,15845,702,61,2555,6955,6986,6263,63,105,11150,6987,53,4854,13534,4683,1548,4905,11592,102,13626,213,14325,14324,13553,13541,55,8277,6368,5261,103,106,2803,2423,427,2625,380,62,104,979,1565],"aioseo_notices":[],"amp_enabled":true,"_links":{"self":[{"href":"https:\/\/speyer24news.com\/index.php?rest_route=\/wp\/v2\/posts\/52978"}],"collection":[{"href":"https:\/\/speyer24news.com\/index.php?rest_route=\/wp\/v2\/posts"}],"about":[{"href":"https:\/\/speyer24news.com\/index.php?rest_route=\/wp\/v2\/types\/post"}],"author":[{"embeddable":true,"href":"https:\/\/speyer24news.com\/index.php?rest_route=\/wp\/v2\/users\/3"}],"replies":[{"embeddable":true,"href":"https:\/\/speyer24news.com\/index.php?rest_route=%2Fwp%2Fv2%2Fcomments&post=52978"}],"version-history":[{"count":2,"href":"https:\/\/speyer24news.com\/index.php?rest_route=\/wp\/v2\/posts\/52978\/revisions"}],"predecessor-version":[{"id":52986,"href":"https:\/\/speyer24news.com\/index.php?rest_route=\/wp\/v2\/posts\/52978\/revisions\/52986"}],"wp:featuredmedia":[{"embeddable":true,"href":"https:\/\/speyer24news.com\/index.php?rest_route=\/wp\/v2\/media\/26162"}],"wp:attachment":[{"href":"https:\/\/speyer24news.com\/index.php?rest_route=%2Fwp%2Fv2%2Fmedia&parent=52978"}],"wp:term":[{"taxonomy":"category","embeddable":true,"href":"https:\/\/speyer24news.com\/index.php?rest_route=%2Fwp%2Fv2%2Fcategories&post=52978"},{"taxonomy":"post_tag","embeddable":true,"href":"https:\/\/speyer24news.com\/index.php?rest_route=%2Fwp%2Fv2%2Ftags&post=52978"}],"curies":[{"name":"wp","href":"https:\/\/api.w.org\/{rel}","templated":true}]}}