{"id":52989,"date":"2023-06-27T09:02:11","date_gmt":"2023-06-27T08:02:11","guid":{"rendered":"https:\/\/speyer24news.com\/?p=52989"},"modified":"2023-06-27T09:02:13","modified_gmt":"2023-06-27T08:02:13","slug":"stadtnotizen-verkehrsnotizen-aus-speyer-81","status":"publish","type":"post","link":"https:\/\/speyer24news.com\/?p=52989","title":{"rendered":"Stadtnotizen &amp; Verkehrsnotizen aus Speyer"},"content":{"rendered":"<style type=\"text\/css\">\r\n\t.ads_top_disp{}\r\n\t.ads_top_corner_disp{ float:left; margin:0px 10px 10px 0px; }\r\n\t.ads_first_p_disp{}\r\n\t.ads_bottom_disp{}\r\n\t<\/style>\n<h2 class=\"wp-block-heading has-text-align-center\">Stadtnotizen<\/h2>\n\n\n<div class=\"wp-block-image\">\n<figure class=\"aligncenter\"><img decoding=\"async\" loading=\"lazy\" width=\"800\" height=\"600\" src=\"https:\/\/speyer24news.com\/wp-content\/uploads\/2020\/01\/Speyer-Stadtnachrichten-2.jpg\" alt=\"\" class=\"wp-image-23901\" srcset=\"https:\/\/speyer24news.com\/wp-content\/uploads\/2020\/01\/Speyer-Stadtnachrichten-2.jpg 800w, https:\/\/speyer24news.com\/wp-content\/uploads\/2020\/01\/Speyer-Stadtnachrichten-2-300x225.jpg 300w, https:\/\/speyer24news.com\/wp-content\/uploads\/2020\/01\/Speyer-Stadtnachrichten-2-768x576.jpg 768w, https:\/\/speyer24news.com\/wp-content\/uploads\/2020\/01\/Speyer-Stadtnachrichten-2-678x509.jpg 678w, https:\/\/speyer24news.com\/wp-content\/uploads\/2020\/01\/Speyer-Stadtnachrichten-2-326x245.jpg 326w, https:\/\/speyer24news.com\/wp-content\/uploads\/2020\/01\/Speyer-Stadtnachrichten-2-80x60.jpg 80w\" sizes=\"(max-width: 800px) 100vw, 800px\" \/><\/figure><\/div>\n\n\n<h2 class=\"wp-block-heading\">Feuerwehr Speyer startet \u201eWoche der Sommergefahren\u201c<\/h2>\n\n\n<div class=\"wp-block-image\">\n<figure class=\"aligncenter size-full\"><img decoding=\"async\" loading=\"lazy\" width=\"450\" height=\"450\" src=\"https:\/\/speyer24news.com\/wp-content\/uploads\/2019\/05\/Feuerwehr-Speyer-@Nina-Ebert.jpg\" alt=\"\" class=\"wp-image-12943\" srcset=\"https:\/\/speyer24news.com\/wp-content\/uploads\/2019\/05\/Feuerwehr-Speyer-@Nina-Ebert.jpg 450w, https:\/\/speyer24news.com\/wp-content\/uploads\/2019\/05\/Feuerwehr-Speyer-@Nina-Ebert-150x150.jpg 150w, https:\/\/speyer24news.com\/wp-content\/uploads\/2019\/05\/Feuerwehr-Speyer-@Nina-Ebert-300x300.jpg 300w\" sizes=\"(max-width: 450px) 100vw, 450px\" \/><\/figure><\/div>\n\n\n<p>Ab  Montag, 26. Juni 2023 startet die Feuerwehr Speyer eine einw\u00f6chige \u00d6ffentlichkeitskampagne, um \u00fcber m\u00f6gliche Gefahren, die hohe Temperaturen mit sich bringen, zu informieren. Denn Speyer ist wie fast alle Teile Deutschlands in den letzten Wochen von starker Hitze und Trockenheit betroffen. Da der Sommer erst begonnen hat, aber schon jetzt Fl\u00e4chenbr\u00e4nde oder auch \u00fcberhitzte Fahrzeuge f\u00fcr Mensch und Tier eine Gefahr darstellen k\u00f6nnen, ist die Feuerwehr Speyer auf die Abwehr dieser und weiterer Gefahren f\u00fcr die kommenden Monate bestm\u00f6glich vorbereitet.<\/p>\n\n\n\n<h4 class=\"wp-block-heading\">In dieser Woche wird t\u00e4glich eine von insgesamt f\u00fcnf \u201eSommergefahren\u201c auf der Website&nbsp;<a href=\"https:\/\/deref-web.de\/mail\/client\/7tvaFTHSnNM\/dereferrer\/?redirectUrl=http%3A%2F%2Fwww.feuerwehr-speyer.org\" target=\"_blank\" rel=\"noreferrer noopener\">www.feuerwehr-speyer.org<\/a>&nbsp;sowie \u00fcber die Social-Media-Kan\u00e4le Facebook und Instagram vorgestellt.&nbsp;&nbsp;&nbsp;&nbsp;<\/h4>\n\n\n\n<p>So wird die B\u00fcrgerschaft \u00fcber Vorkehrungen, Schutz und Hilfe bei Vegetationsbr\u00e4nden, Unwetter, der Nutzung von Fahrzeugen sowie beim Grillen und Baden aufgekl\u00e4rt.<\/p>\n\n\n\n<p><em>Stadtverwaltung Speyer<br>26.06.2023<\/em><\/p>\n\n\n\n<h2 class=\"wp-block-heading\">F\u00fcnftes Treffen des Speyerer Umwelt-Stammtischs<\/h2>\n\n\n\n<p>Die Stadt Speyer l\u00e4dt zum f\u00fcnften Treffen des Umwelt-Stammtischs am <strong>Dienstag, 4. Juli 2023 um 19 Uhr<\/strong> im Siedlergemeinschaftshaus in Speyer-Nord im Eichenweg ein.\u00a0\u00a0\u00a0<\/p>\n\n\n\n<p>Jede und jeder, die\/der sich f\u00fcr Themen rund um die Umwelt interessiert, ist willkommen und kann sich bei den zweimonatlich stattfindenden Treffen einbringen. So soll Lust auf ein nachhaltiges Leben gemacht und dazu motiviert werden, f\u00fcr ein zukunftsf\u00e4higes Speyer einzutreten.<\/p>\n\n\n\n<h4 class=\"wp-block-heading\">Anmeldungen sind per E-Mail an <a href=\"mailto:umweltstammtisch@stadt-speyer.de\">umweltstammtisch@stadt-speyer.de<\/a> m\u00f6glich.<\/h4>\n\n\n\n<p><em>Stadtverwaltung Speyer<br>26.06.2023<\/em><\/p>\n\n\n\n<h2 class=\"wp-block-heading\">Kursangebot der vhs: Entdeckungsreise auf der Wiese am Hummelgarten<\/h2>\n\n\n<div class=\"wp-block-image\">\n<figure class=\"aligncenter size-full\"><img decoding=\"async\" loading=\"lazy\" width=\"800\" height=\"533\" src=\"https:\/\/speyer24news.com\/wp-content\/uploads\/2021\/09\/Speyerer-Hummelgarten-Arbeitsgruppe-Hummelgarten-10.09.21-im-Hintergrund-Herr-Buehring-und-Frau-Keller-Mehlem.jpg\" alt=\"\" class=\"wp-image-40369\" srcset=\"https:\/\/speyer24news.com\/wp-content\/uploads\/2021\/09\/Speyerer-Hummelgarten-Arbeitsgruppe-Hummelgarten-10.09.21-im-Hintergrund-Herr-Buehring-und-Frau-Keller-Mehlem.jpg 800w, https:\/\/speyer24news.com\/wp-content\/uploads\/2021\/09\/Speyerer-Hummelgarten-Arbeitsgruppe-Hummelgarten-10.09.21-im-Hintergrund-Herr-Buehring-und-Frau-Keller-Mehlem-300x200.jpg 300w, https:\/\/speyer24news.com\/wp-content\/uploads\/2021\/09\/Speyerer-Hummelgarten-Arbeitsgruppe-Hummelgarten-10.09.21-im-Hintergrund-Herr-Buehring-und-Frau-Keller-Mehlem-768x512.jpg 768w\" sizes=\"(max-width: 800px) 100vw, 800px\" \/><\/figure><\/div>\n\n\n<p>Um Blumen und ihre tierischen Fans drehen sich Spiele, R\u00e4tsel und Geschichten f\u00fcr die ganze Familie bei dem Kursangebot der vhs. \u00a0\u00a0\u00a0<br>Die Veranstaltung<strong> \u201eEntdeckungsreise auf der Wiese am Hummelgarten\u201c findet am Samstag, 1. Juli 2023 von 15 bis 18 Uhr im Hummelgarten (Butensch\u00f6nstra\u00dfe 8)<\/strong> statt.<\/p>\n\n\n\n<p>Picknick kann gerne mitgebracht werden.<\/p>\n\n\n\n<h4 class=\"wp-block-heading\">Eine Anmeldung \u00fcber die Homepage der Volkshochschule Speyer (<a href=\"https:\/\/deref-web.de\/mail\/client\/OZQli-6lJ98\/dereferrer\/?redirectUrl=http%3A%2F%2Fwww.vhs-speyer.de\" target=\"_blank\" rel=\"noreferrer noopener\">www.vhs-speyer.de<\/a>) mit der Kursnummer&nbsp;10413&nbsp;ist erforderlich.<\/h4>\n\n\n\n<p>Die Veranstaltung ist eine Kooperation der Bieneninitiative, Rucksackschule, Volkshochschule, Stadtbibliothek und dem Nachhaltigkeitsmanagement der Stadt Speyer.<\/p>\n\n\n\n<p><em>Stadtverwaltung Speyer<br>23.06.2023<\/em><\/p>\n\n\n\n<h2 class=\"wp-block-heading\">Stadtverwaltung l\u00e4dt zum B\u00fcrgerschaftsempfang am 30. Juni<\/h2>\n\n\n<div class=\"wp-block-image\">\n<figure class=\"aligncenter size-full\"><img decoding=\"async\" loading=\"lazy\" width=\"500\" height=\"702\" src=\"https:\/\/speyer24news.com\/wp-content\/uploads\/2023\/06\/Buergerempfang.jpg\" alt=\"\" class=\"wp-image-52991\" srcset=\"https:\/\/speyer24news.com\/wp-content\/uploads\/2023\/06\/Buergerempfang.jpg 500w, https:\/\/speyer24news.com\/wp-content\/uploads\/2023\/06\/Buergerempfang-214x300.jpg 214w\" sizes=\"(max-width: 500px) 100vw, 500px\" \/><\/figure><\/div>\n\n\n<p>Offen,\u00a0familienfreundlich und locker: Ein Fest f\u00fcr die Menschen in Speyer &#8211; so soll der B\u00fcrgerschaftsempfang sein, der in diesem Jahr erstmals am <strong>Freitag, 30. Juni 2023, von 14 bis 18 Uhr im Garten und Foyer der Stadthalle<\/strong> stattfinden wird. \u00a0<br>Eingeladen ist die Speyerer B\u00fcrgerschaft, um gemeinsam mit Stadtvorstand und Verwaltung ins Gespr\u00e4ch zu kommen und einen geselligen Freitagnachmittag zu verbringen.<\/p>\n\n\n\n<p>Ein Familienfest f\u00fcr ganz Speyer also, das neben einem gastronomischen Angebot von Eintopf bis Eis auch Speyerer Bier der Black Stork Braumanufaktur und alkoholfreie Cocktails des Juf\u00f6-Mobils&nbsp;\u201eChillmo\u201c bereith\u00e4lt. Sonstige alkoholfreie Getr\u00e4nke und Speyerer Brezeln des Traditionsunternehmens Berzel stehen kostenfrei zur Verf\u00fcgung.<\/p>\n\n\n\n<p>F\u00fcr den musikalischen Rahmen sorgt die Musikschule Speyer, w\u00e4hrend im Garten Spielm\u00f6glichkeiten, eine H\u00fcpfburg und Kinderschminken f\u00fcr die Kleinsten zur Verf\u00fcgung stehen. Im Foyer der Stadthalle pr\u00e4sentieren sich verschiedene Abteilungen der Stadtverwaltung, unter anderem die Stadtbibliothek, die Ehrenamtsagentur \u201espefa\u201c, die Nachbarschaftshilfe, das Seniorenb\u00fcro und die Gemeindeschwestern plus. Der Jugendstadtrat steht am Juf\u00f6-Mobil f\u00fcr Ausk\u00fcnfte bereit. EBS und die Stadtwerke Speyer GmbH werden sich ebenfalls pr\u00e4sentieren.<\/p>\n\n\n<div class=\"wp-block-image\">\n<figure class=\"aligncenter size-full\"><img decoding=\"async\" loading=\"lazy\" width=\"525\" height=\"525\" src=\"https:\/\/speyer24news.com\/wp-content\/uploads\/2023\/06\/Speyer-Fan-logo-ohne-Spruch.png\" alt=\"\" class=\"wp-image-52992\" srcset=\"https:\/\/speyer24news.com\/wp-content\/uploads\/2023\/06\/Speyer-Fan-logo-ohne-Spruch.png 525w, https:\/\/speyer24news.com\/wp-content\/uploads\/2023\/06\/Speyer-Fan-logo-ohne-Spruch-300x300.png 300w, https:\/\/speyer24news.com\/wp-content\/uploads\/2023\/06\/Speyer-Fan-logo-ohne-Spruch-150x150.png 150w\" sizes=\"(max-width: 525px) 100vw, 525px\" \/><\/figure><\/div>\n\n\n<p>Ein besonderer H\u00f6hepunkt ist die Bekanntgabe des Fanlogo-Spruchs, der nach einer durchgef\u00fchrten Beteiligungsaktion und einer Abstimmung aus den drei Favoriten pr\u00e4sentiert werden wird.<\/p>\n\n\n\n<p>Zu dem bunten Programm laden Oberb\u00fcrgermeisterin Stefanie Seiler und der gesamte Stadtvorstand herzlich ein. Die Stadtchefin, B\u00fcrgermeisterin Monika Kabs sowie die Beigeordneten Irmgard M\u00fcnch-Weinmann und Sandra Selg freuen sich darauf, bei lockerer Sommerfest-Atmosph\u00e4re ins Gespr\u00e4ch zu kommen.<\/p>\n\n\n\n<p><em>Stadtverwaltung Speyer<br>23.06.2023<\/em><\/p>\n\n\n\n<h2 class=\"wp-block-heading\">Plauderspaziergang f\u00fcr Senior*innen in Speyer Mitte<\/h2>\n\n\n<div class=\"wp-block-image\">\n<figure class=\"aligncenter size-full\"><img decoding=\"async\" loading=\"lazy\" width=\"800\" height=\"600\" src=\"https:\/\/speyer24news.com\/wp-content\/uploads\/2022\/04\/Senioren-Alte-Menschen-Ausflug.jpg\" alt=\"\" class=\"wp-image-45166\" srcset=\"https:\/\/speyer24news.com\/wp-content\/uploads\/2022\/04\/Senioren-Alte-Menschen-Ausflug.jpg 800w, https:\/\/speyer24news.com\/wp-content\/uploads\/2022\/04\/Senioren-Alte-Menschen-Ausflug-300x225.jpg 300w, https:\/\/speyer24news.com\/wp-content\/uploads\/2022\/04\/Senioren-Alte-Menschen-Ausflug-768x576.jpg 768w, https:\/\/speyer24news.com\/wp-content\/uploads\/2022\/04\/Senioren-Alte-Menschen-Ausflug-678x509.jpg 678w, https:\/\/speyer24news.com\/wp-content\/uploads\/2022\/04\/Senioren-Alte-Menschen-Ausflug-326x245.jpg 326w, https:\/\/speyer24news.com\/wp-content\/uploads\/2022\/04\/Senioren-Alte-Menschen-Ausflug-80x60.jpg 80w\" sizes=\"(max-width: 800px) 100vw, 800px\" \/><\/figure><\/div>\n\n\n<p><strong>Ab dem 29. Juni 2023<\/strong> k\u00f6nnen \u00e4ltere Mitb\u00fcrger*innen in Speyer bei gemeinsamen Spazierg\u00e4ngen miteinander ins Gespr\u00e4ch kommen. Denn Heidi Gangkofner, Gemeindeschwester Plus, und Doris Schmitz, Ehrenamtliche des Seniorenb\u00fcros, bieten ab kommender Woche donnerstags einen Plauderspaziergang f\u00fcr Senior*innen an.<\/p>\n\n\n\n<p>Im Anschluss an den Bummel durch das sch\u00f6ne Zentrum von Speyer k\u00f6nnen sich die Teilnehmenden in einem Caf\u00e9 oder im Seniorenb\u00fcro bei Kaffee und Tee weiter austauschen.<\/p>\n\n\n<div class=\"wp-block-image\">\n<figure class=\"aligncenter size-full\"><img decoding=\"async\" loading=\"lazy\" width=\"800\" height=\"491\" src=\"https:\/\/speyer24news.com\/wp-content\/uploads\/2022\/09\/Seniorenbuero-Speyer-1.jpg\" alt=\"\" class=\"wp-image-49163\" srcset=\"https:\/\/speyer24news.com\/wp-content\/uploads\/2022\/09\/Seniorenbuero-Speyer-1.jpg 800w, https:\/\/speyer24news.com\/wp-content\/uploads\/2022\/09\/Seniorenbuero-Speyer-1-300x184.jpg 300w, https:\/\/speyer24news.com\/wp-content\/uploads\/2022\/09\/Seniorenbuero-Speyer-1-768x471.jpg 768w\" sizes=\"(max-width: 800px) 100vw, 800px\" \/><\/figure><\/div>\n\n\n<p><strong>Treffpunkt der w\u00f6chentlichen, etwa einst\u00fcndigen Spazierg\u00e4nge ist jeweils um 8.30 Uhr im Seniorenb\u00fcro Speyer (Maulbronner Hof 1a).<\/strong><\/p>\n\n\n\n<h4 class=\"wp-block-heading\">Interessierte k\u00f6nnen sich zu der kostenlosen Veranstaltung telefonisch unter 06232 14-2661 montags bis donnerstags zwischen 9 und 12 Uhr anmelden. Festes Schuhwerk wird empfohlen.<\/h4>\n\n\n\n<p><em>Stadtverwaltung Speyer<br>21.06.2023<\/em><\/p>\n\n\n\n<h2 class=\"wp-block-heading\">Achter Speyerer Abendbummel: Ro\u00dfmarktstra\u00dfen-Spezial<\/h2>\n\n\n<div class=\"wp-block-image\">\n<figure class=\"aligncenter size-full\"><img decoding=\"async\" loading=\"lazy\" width=\"800\" height=\"615\" src=\"https:\/\/speyer24news.com\/wp-content\/uploads\/2023\/03\/Abendbummel-142.jpg\" alt=\"\" class=\"wp-image-51540\" srcset=\"https:\/\/speyer24news.com\/wp-content\/uploads\/2023\/03\/Abendbummel-142.jpg 800w, https:\/\/speyer24news.com\/wp-content\/uploads\/2023\/03\/Abendbummel-142-300x231.jpg 300w, https:\/\/speyer24news.com\/wp-content\/uploads\/2023\/03\/Abendbummel-142-768x590.jpg 768w\" sizes=\"(max-width: 800px) 100vw, 800px\" \/><figcaption class=\"wp-element-caption\"><strong>Abendbummel im Oktober 2020<\/strong><br><em><em>Foto<\/em><\/em>:<em> \u00a9 Klaus Landry<\/em><\/figcaption><\/figure><\/div>\n\n\n<p>Die Stabsstelle Wirtschaftsf\u00f6rderung, Messen, M\u00e4rkte und Veranstaltungen l\u00e4sst in der Achten Auflage des erfolgreichen Veranstaltungsformats \u201eSpeyerer Abendbummel\u201c ein \u201eRo\u00dfmarktstra\u00dfen-Spezial\u201c stattfinden.<\/p>\n\n\n\n<p>Am <strong>Mittwoch, 5. Juli 2023<\/strong> erhalten alle Interessierten die Gelegenheit, einen Blick hinter die Kulissen der kompletten Ro\u00dfmarktstra\u00dfe zu werfen. Die angesiedelten Gesch\u00e4fte werden zeigen, was sie zu bieten haben. Dabei sind spannende Hintergrundinfos sowie ein kurzweiliger und unterhaltsamer Abend garantiert!<\/p>\n\n\n\n<p>Oberb\u00fcrgermeisterin Stefanie Seiler wird die Teilnehmenden am 5. Juli um 18 Uhr vor dem Kaufhof begr\u00fc\u00dfen und anschlie\u00dfend mit ihnen die beteiligten, aktuell noch geheimen Gesch\u00e4fte besuchen.<\/p>\n\n\n\n<h4 class=\"wp-block-heading\">Wer sich \u00fcberraschen lassen m\u00f6chte, kann sich ab sofort verbindlich zur Teilnahme am achten Speyerer Abendbummel anmelden. Interessierte werden gebeten, sich unter Angabe von Name, Anschrift und Telefonnummer, per E-Mail an <a href=\"mailto:heidi.jester@stadt-speyer.de\">heidi.jester@stadt-speyer.de<\/a> zu wenden. Die Eintrittskarten werden mit der Post versandt. Die Teilnahme ist kostenlos, die Pl\u00e4tze begrenzt. Schnell sein lohnt sich also!<\/h4>\n\n\n\n<p><em>Text: Stadtverwaltung Speyer Foto: \u00a9 Klaus Landry<br>20.06.2023<\/em><\/p>\n\n\n\n<h2 class=\"wp-block-heading\">Stadtbibliothek Speyer beteiligt sich an Aktion f\u00fcr Metropol-Card w\u00e4hrend Bundesgartenschau 2023<\/h2>\n\n\n<div class=\"wp-block-image\">\n<figure class=\"aligncenter size-full\"><img decoding=\"async\" loading=\"lazy\" width=\"667\" height=\"500\" src=\"https:\/\/speyer24news.com\/wp-content\/uploads\/2019\/10\/Villa-Ecarius.jpg\" alt=\"\" class=\"wp-image-20878\" srcset=\"https:\/\/speyer24news.com\/wp-content\/uploads\/2019\/10\/Villa-Ecarius.jpg 667w, https:\/\/speyer24news.com\/wp-content\/uploads\/2019\/10\/Villa-Ecarius-300x225.jpg 300w, https:\/\/speyer24news.com\/wp-content\/uploads\/2019\/10\/Villa-Ecarius-326x245.jpg 326w, https:\/\/speyer24news.com\/wp-content\/uploads\/2019\/10\/Villa-Ecarius-80x60.jpg 80w\" sizes=\"(max-width: 667px) 100vw, 667px\" \/><\/figure><\/div>\n\n\n<p>Es ist das Highlight der Metropolregion Rhein-Neckar in diesem Jahr: Bis zum 8. Oktober findet in Mannheim die Bundesgartenschau (BUGA) 2023 statt. Das verkn\u00fcpft der Verein Metropol-Card-Bibliotheken Rhein-Neckar, zu dessen Mitgliedern auch die Stadtbibliothek Speyer z\u00e4hlt, mit einer Bibliotheksaktion: <strong><em>Wer bis 31. Oktober 2023<\/em><\/strong> einen Gutschein oder eine BUGA 23-Dauerkarte in der Stadtbibliothek Speyer vorlegt, erh\u00e4lt eine drei Monate g\u00fcltige Metropol-Card.<\/p>\n\n\n\n<p>An der Aktion teilnehmen k\u00f6nnen alle, die mindestens 18 Jahre alt sind, in der Metropolregion Rhein-Neckar leben, studieren oder arbeiten und weder eine Metropol-Card noch einen Bibliotheksausweis der Stadtbibliothek Speyer besitzen. Die Metropol-Card bietet drei Monate lang kostenlosen Zugang zu Angeboten der teilnehmenden Bibliotheken und der digitalen Medien. Der Gutschein kann unter&nbsp;<a href=\"https:\/\/deref-web.de\/mail\/client\/QKTw2v2CdKI\/dereferrer\/?redirectUrl=https%3A%2F%2Fmetropol-card.net%2Fgutschein-fuer-3-monate-metropol-card%2F\" target=\"_blank\" rel=\"noreferrer noopener\">https:\/\/metropol-card.net\/gutschein-fuer-3-monate-metropol-card\/<\/a>&nbsp;heruntergeladen werden.<\/p>\n\n\n\n<h4 class=\"wp-block-heading\">Was die Metropol-Card bietet:<\/h4>\n\n\n<div class=\"wp-block-image\">\n<figure class=\"aligncenter size-full\"><img decoding=\"async\" loading=\"lazy\" width=\"500\" height=\"668\" src=\"https:\/\/speyer24news.com\/wp-content\/uploads\/2020\/07\/Stadtbibliothek_Metropolcard.jpg\" alt=\"\" class=\"wp-image-29114\" srcset=\"https:\/\/speyer24news.com\/wp-content\/uploads\/2020\/07\/Stadtbibliothek_Metropolcard.jpg 500w, https:\/\/speyer24news.com\/wp-content\/uploads\/2020\/07\/Stadtbibliothek_Metropolcard-225x300.jpg 225w\" sizes=\"(max-width: 500px) 100vw, 500px\" \/><\/figure><\/div>\n\n\n<p>Der gemeinsame Bibliotheksausweis Metropol-Card erm\u00f6glicht die Vor-Ort-Nutzung von 1,9 Millionen Medien. F\u00fcr 24 Euro k\u00f6nnen zw\u00f6lf Monate lang 44 Bibliotheken mit 82 Ausleihstellen genutzt werden. Mit gemeinsamen digitalen Angeboten machen die \u00d6ffentlichen Bibliotheken B\u00fcrger*innen und insbesondere Sch\u00fcler*innen fit f\u00fcr die digitale Zukunft. Die unkomplizierte Nutzung durch den gemeinsamen Bibliotheksausweis macht den Metropolgedanken in der Region erlebbar.<\/p>\n\n\n\n<p>Neben den physischen Medien in den angeschlossenen B\u00fcchereien bietet die e-Ausleihe Rhein-Neckar unter&nbsp;<a href=\"https:\/\/deref-web.de\/mail\/client\/LHeMycaTgec\/dereferrer\/?redirectUrl=http%3A%2F%2Fwww.metropolbib.de\" target=\"_blank\" rel=\"noreferrer noopener\">www.metropolbib.de<\/a>&nbsp;61.550 elektronische B\u00fccher, H\u00f6rb\u00fccher, Zeitschriften und Zeitungen an. 7.500 tagesaktuelle Zeitungen und Zeitschriften aus 150 L\u00e4ndern in \u00fcber 60 Sprachen im Presseportal PressReader k\u00f6nnen automatisch in die gew\u00fcnschte Muttersprache \u00fcbersetzt werden.<\/p>\n\n\n\n<p>Zwei der wichtigsten und seri\u00f6sesten Online-Informationsquellen, die Brockhaus Enzyklop\u00e4die und das Jugendlexikon, sowie die Munzinger Datenbanken Personen und L\u00e4nder bieten gepr\u00fcfte, fundierte und zitierf\u00e4hige Informationen. Au\u00dferdem erm\u00f6glicht die Metropol-Mediensuche als Webseite oder als App das St\u00f6bern durch das Medienangebot aller Metropol-Card-Bibliotheken.<\/p>\n\n\n\n<h4 class=\"wp-block-heading\">Wer hinter der Metropol-Card steht:<\/h4>\n\n\n\n<p>Koordiniert werden die Angebote durch den Metropol-Card-Bibliotheken Rhein-Neckar e. V.. Die Kombination aus gemeinsamem Bibliotheksausweis und Katalog, Onleihe-Verbund und weiteren gemeinsamen digitalen Angeboten \u00fcber die drei Bundesl\u00e4nder Baden-W\u00fcrttemberg, Rheinland-Pfalz und Hessen hinweg ist bundesweit einzigartig.<\/p>\n\n\n\n<h4 class=\"wp-block-heading\">Weitere Informationen zur Metropol-Card sind unter\u00a0<a href=\"https:\/\/deref-web.de\/mail\/client\/AFe5qXkRyog\/dereferrer\/?redirectUrl=http%3A%2F%2Fwww.metropol-card.net\" target=\"_blank\" rel=\"noreferrer noopener\">www.metropol-card.net<\/a>\u00a0abrufbar.<\/h4>\n\n\n\n<p><em>Stadtverwaltung Speyer<br>15.06.2023<\/em><\/p>\n\n\n\n<h2 class=\"wp-block-heading\">Speyerer Mietspiegel wird neu erstellt<\/h2>\n\n\n\n<p>Der Speyerer Mietspiegel wird neu erstellt. Das beauftragte ALP Institut f\u00fcr Wohnen und Stadtentwicklung GmbH aus Hamburg verschickt daf\u00fcr in den n\u00e4chsten Tagen Frageb\u00f6gen an Haushalte, die in einer repr\u00e4sentativen Zufallsauswahl gezogen wurden. Die Stadtverwaltung Speyer bittet alle Kontaktierten um Mithilfe.<\/p>\n\n\n\n<p>Der Mietspiegel sorgt f\u00fcr Transparenz auf dem Wohnungsmarkt: Er dokumentiert die orts\u00fcbliche Vergleichsmiete f\u00fcr verschiedene Wohnungstypen und ist daher von gro\u00dfer praktischer Bedeutung f\u00fcr den Ausgleich zwischen den Mietparteien. Au\u00dferdem tr\u00e4gt er zur Rechtssicherheit bei.<\/p>\n\n\n\n<p>Die Stadt Speyer hat seit dem Jahr 1982 Mietspiegel erstellt. Das geschah bislang auf freiwilliger Basis. Seit dem 1. Juli 2022 sind Gemeinden ab 50.000 Einwohnerinnen und Einwohnern verpflichtet, einen Mietspiegel zu erstellen. Mit dieser Pflicht f\u00fcr die Gemeinden wurde auch eine Verpflichtung der angeschriebenen Haushalte sowie der Vermieterinnen und Vermieter, Auskunft zu erteilen, eingef\u00fchrt. Wer der Auskunftspflicht nicht nachkommt, riskiert ein Bu\u00dfgeld.&nbsp;<\/p>\n\n\n\n<p>Die Neuerstellung des\u00a0Speyerer Mietspiegels\u00a0wird durch den Mieterverein Ludwigshafen, Frankenthal und Speyer e. V., den Haus-, Wohnungs- und Grundeigent\u00fcmerverein Speyer e. V., den Hauseigent\u00fcmer- und Vermieterverein Speyer\/Vorderpfalz e. V. und das Amtsgericht Speyer unterst\u00fctzt.<\/p>\n\n\n\n<p><em>Stadtverwaltung Speyer<br>12.06.2023<\/em><\/p>\n\n\n\n<h2 class=\"wp-block-heading\">Weitere Tilgung der Kassenkredite<\/h2>\n\n\n<div class=\"wp-block-image\">\n<figure class=\"aligncenter size-full\"><img decoding=\"async\" loading=\"lazy\" width=\"768\" height=\"551\" src=\"https:\/\/speyer24news.com\/wp-content\/uploads\/2021\/01\/Geld.jpg\" alt=\"\" class=\"wp-image-31982\" srcset=\"https:\/\/speyer24news.com\/wp-content\/uploads\/2021\/01\/Geld.jpg 768w, https:\/\/speyer24news.com\/wp-content\/uploads\/2021\/01\/Geld-300x215.jpg 300w\" sizes=\"(max-width: 768px) 100vw, 768px\" \/><\/figure><\/div>\n\n\n<p>Die Stadt Speyer hat am 15. Mai 2023 einen Kassenkredit in H\u00f6he von 10 Millionen Euro getilgt. Damit lagen die st\u00e4dtischen Kassenkredite zum 31. Mai 2023 bei 52 Millionen Euro. Zum 31. Dezember 2022 hatten die Kassenkredite in der Summe noch 62 Millionen Euro betragen. \u201eMit der Tilgung eines weiteren Liquidit\u00e4tskredits sind wir einen n\u00e4chsten wichtigen Schritt in Sachen Haushaltskonsolidierung gegangen\u201c, freut sich Oberb\u00fcrgermeisterin Stefanie Seiler nach der k\u00fcrzlich erhaltenen Haushaltsgenehmigung f\u00fcr das Jahr 2023 \u00fcber eine weitere positive Nachricht im Bereich der st\u00e4dtischen Finanzen.<\/p>\n\n\n\n<p><em>Stadtverwaltung Speyer<br>12.06.2023<\/em><\/p>\n\n\n\n<h2 class=\"wp-block-heading has-text-align-center\">Verkehrsnotizen<\/h2>\n\n\n<div class=\"wp-block-image\">\n<figure class=\"aligncenter\"><img decoding=\"async\" loading=\"lazy\" width=\"800\" height=\"565\" src=\"https:\/\/speyer24news.com\/wp-content\/uploads\/2020\/01\/Baustelle-2.jpg\" alt=\"\" class=\"wp-image-23900\" srcset=\"https:\/\/speyer24news.com\/wp-content\/uploads\/2020\/01\/Baustelle-2.jpg 800w, https:\/\/speyer24news.com\/wp-content\/uploads\/2020\/01\/Baustelle-2-300x212.jpg 300w, https:\/\/speyer24news.com\/wp-content\/uploads\/2020\/01\/Baustelle-2-768x542.jpg 768w\" sizes=\"(max-width: 800px) 100vw, 800px\" \/><\/figure><\/div>\n\n\n<h2 class=\"wp-block-heading\"><strong>NEU:<\/strong> Parkplatz an der Stadthalle gesperrt<\/h2>\n\n\n\n<p>Am <strong>Freitag, 30. Juni 2023 <\/strong>ist der gesamte Parkplatz an der Stadthalle wegen des B\u00fcrgerschaftsempfangs der Stadt Speyer f\u00fcr den \u00f6ffentlichen Verkehr gesperrt.<\/p>\n\n\n\n<p>Von der Sperrung sind auch Jahres- und Monatsparkscheininhaber betroffen.<\/p>\n\n\n\n<p><em>Stadtverwaltung Speyer<br>26.06.2023<\/em><\/p>\n\n\n\n<h2 class=\"wp-block-heading\"><strong>NEU:<\/strong> Parkplatz Festplatz gesperrt<\/h2>\n\n\n\n<p>Wegen der Einzeichnung der Stellfl\u00e4chen f\u00fcr die Schaustellerbetriebe des Brezelfestes steht der Parkplatz Festplatz am <strong>Dienstag, 27. Juni 2023<\/strong> nicht als Parkfl\u00e4che zur Verf\u00fcgung. Die Sperrung wird nach Beendigung der Markierungsarbeiten im Laufe des Tages aufgehoben.<\/p>\n\n\n\n<p><strong><em>Wetterbedingt k\u00f6nnte sich die Ma\u00dfnahme auf Mittwoch, 28. Juni 2023 verschieben.<\/em><\/strong><\/p>\n\n\n\n<p>Parkplatzsuchende werden gebeten auf den Parkplatz Naturfreundehaus auszuweichen.<\/p>\n\n\n\n<p>Auch Inhaber*innen eines Monats- und Jahresparkscheininhaber k\u00f6nnen diesen nutzen.<\/p>\n\n\n\n<p><em>Stadtverwaltung Speyer<br>26.06.2023<\/em><\/p>\n\n\n\n<h2 class=\"wp-block-heading\"><strong>NEU:<\/strong> Br\u00fccke Brucknerweg gesperrt<\/h2>\n\n\n\n<p>Aufgrund von Asphaltarbeiten im Auftrag der Stadt Speyer wird die Br\u00fccke beim Brucknerweg <strong>ab Dienstag, 27. Juni bis voraussichtlich 4. Juli 2023<\/strong> f\u00fcr den Verkehr voll gesperrt. Der Durchgang f\u00fcr Fu\u00dfg\u00e4nger ist weiterhin m\u00f6glich.<\/p>\n\n\n\n<p>F\u00fcr R\u00fcckfragen steht die Stra\u00dfenverkehrsbeh\u00f6rde unter der Rufnummer 14-2938 zur Verf\u00fcgung.<\/p>\n\n\n\n<p><em>Stadtverwaltung Speyer<br>23.06.2023<\/em><\/p>\n\n\n\n<h2 class=\"wp-block-heading\"><strong>NEU:<\/strong> Gro\u00dfe Pfaffengasse gesperrt<\/h2>\n\n\n\n<p>Aufgrund eines Kranaufbaus f\u00fcr die Sanierung des Kaiserdom-Gymnasiums wird die Gro\u00dfe Pfaffengasse zwischen Judengasse und Engelsgasse <strong>am 27. Juni 2023 in der Zeit von 9 bis voraussichtlich 18 Uhr<\/strong> f\u00fcr den Verkehr komplett gesperrt. Eine Umleitung wird eingerichtet.<\/p>\n\n\n\n<p>F\u00fcr R\u00fcckfragen steht die Stra\u00dfenverkehrsbeh\u00f6rde unter der Telefonnummer 14-2938 zur Verf\u00fcgung.<\/p>\n\n\n\n<p><em>Stadtverwaltung Speyer<br>23.06.2023<\/em><\/p>\n\n\n\n<h2 class=\"wp-block-heading\"><strong>NEU:<\/strong> Conrad-Hist-Stra\u00dfe gesperrt<\/h2>\n\n\n<div class=\"wp-block-image\">\n<figure class=\"aligncenter size-full\"><img decoding=\"async\" loading=\"lazy\" width=\"800\" height=\"600\" src=\"https:\/\/speyer24news.com\/wp-content\/uploads\/2023\/06\/Sperrung-Conrad-Hist-Strasse-2023-1.jpg\" alt=\"\" class=\"wp-image-52993\" srcset=\"https:\/\/speyer24news.com\/wp-content\/uploads\/2023\/06\/Sperrung-Conrad-Hist-Strasse-2023-1.jpg 800w, https:\/\/speyer24news.com\/wp-content\/uploads\/2023\/06\/Sperrung-Conrad-Hist-Strasse-2023-1-300x225.jpg 300w, https:\/\/speyer24news.com\/wp-content\/uploads\/2023\/06\/Sperrung-Conrad-Hist-Strasse-2023-1-768x576.jpg 768w, https:\/\/speyer24news.com\/wp-content\/uploads\/2023\/06\/Sperrung-Conrad-Hist-Strasse-2023-1-678x509.jpg 678w, https:\/\/speyer24news.com\/wp-content\/uploads\/2023\/06\/Sperrung-Conrad-Hist-Strasse-2023-1-326x245.jpg 326w, https:\/\/speyer24news.com\/wp-content\/uploads\/2023\/06\/Sperrung-Conrad-Hist-Strasse-2023-1-80x60.jpg 80w\" sizes=\"(max-width: 800px) 100vw, 800px\" \/><\/figure><\/div>\n\n\n<p>Aufgrund von Kanalarbeiten im Auftrag der Entsorgungsbetriebe Speyer, wird die Conrad-Hist-Stra\u00dfe auf H\u00f6he der Hausnummer 1a <strong>ab Montag, 26. Juni bis voraussichtlich 8. Juli 2023<\/strong> f\u00fcr den Verkehr voll gesperrt.<\/p>\n\n\n\n<p>Eine Umleitung \u00fcber Am Woogbach, Theodor-Heuss-Stra\u00dfe und Josef-Schmitt-Stra\u00dfe wird eingerichtet.<\/p>\n\n\n\n<p>F\u00fcr R\u00fcckfragen steht die Stra\u00dfenverkehrsbeh\u00f6rde unter der Rufnummer 14-2938 zur Verf\u00fcgung.<\/p>\n\n\n\n<p><em>Stadtverwaltung Speyer<br>23.06.2023<\/em><\/p>\n\n\n\n<h2 class=\"wp-block-heading\">Vollsperrung Allerheiligenstra\u00dfe\u00a0<\/h2>\n\n\n\n<p>Aufgrund von Sanierungsarbeiten an der Wasserleitung im Auftrag der Stadtwerke Speyer wird die Allerheiligenstra\u00dfe zwischen Herdstra\u00dfe und Hausnummer 23&nbsp;<strong>ab Montag, 12. Juni 2023, bis voraussichtlich Freitag, 28. Juli 2023<\/strong>, f\u00fcr den Verkehr voll gesperrt. Eine Umleitung wird eingerichtet; die Einbahnregelung wird aufgehoben.<\/p>\n\n\n\n<p>F\u00fcr R\u00fcckfragen steht die Stra\u00dfenverkehrsbeh\u00f6rde unter der Rufnummer&nbsp;06232-14-2938 zur Verf\u00fcgung.<\/p>\n\n\n\n<p><em>Stadtverwaltung Speyer<br>02.06.2023<\/em><\/p>\n\n\n\n<h2 class=\"wp-block-heading\">Ro\u00dfmarktstra\u00dfe aus Richtung Maximilianstra\u00dfe wegen Kranaufbaus ab 6. Juni 2023 vollgesperrt<\/h2>\n\n\n<div class=\"wp-block-image\">\n<figure class=\"aligncenter size-full\"><img decoding=\"async\" loading=\"lazy\" width=\"800\" height=\"600\" src=\"https:\/\/speyer24news.com\/wp-content\/uploads\/2023\/06\/Kran-Rossmarktstrasse-Speyer-1-1.jpg\" alt=\"\" class=\"wp-image-52990\" srcset=\"https:\/\/speyer24news.com\/wp-content\/uploads\/2023\/06\/Kran-Rossmarktstrasse-Speyer-1-1.jpg 800w, https:\/\/speyer24news.com\/wp-content\/uploads\/2023\/06\/Kran-Rossmarktstrasse-Speyer-1-1-300x225.jpg 300w, https:\/\/speyer24news.com\/wp-content\/uploads\/2023\/06\/Kran-Rossmarktstrasse-Speyer-1-1-768x576.jpg 768w, https:\/\/speyer24news.com\/wp-content\/uploads\/2023\/06\/Kran-Rossmarktstrasse-Speyer-1-1-678x509.jpg 678w, https:\/\/speyer24news.com\/wp-content\/uploads\/2023\/06\/Kran-Rossmarktstrasse-Speyer-1-1-326x245.jpg 326w, https:\/\/speyer24news.com\/wp-content\/uploads\/2023\/06\/Kran-Rossmarktstrasse-Speyer-1-1-80x60.jpg 80w\" sizes=\"(max-width: 800px) 100vw, 800px\" \/><\/figure><\/div>\n\n\n<p>Ab <strong>Dienstag, 6. Juni 2023<\/strong>, wird in der Ro\u00dfmarktstra\u00dfe auf H\u00f6he der Hausnummer 39 ein Kran aufgebaut. Dieser ist notwendig, um eine Brandschadensanierung durchzuf\u00fchren. Nach Auflage des Denkmalschutzes muss die komplette Hausfassade erhalten bleiben; das r\u00fcckw\u00e4rtige Geb\u00e4ude dagegen wird neu aufgebaut. Hierzu m\u00fcssen schwere Lasten wie Stahltr\u00e4ger, Dachbalken etc. \u00fcber die Fassade hinweggehoben werden. F\u00fcr die Arbeiten ist ein Kran mit einer Stellfl\u00e4che von 4,50 x 4,50 Metern notwendig. Ein kleinerer Kran ist aufgrund der zu hebenden Lasten nicht m\u00f6glich. Um den Kran ist ein Sicherheitsabstand vorgeschrieben. Dieser f\u00fchrt dazu, dass die Ro\u00dfmarktstra\u00dfe aus Richtung Maximilianstra\u00dfe vollgesperrt werden muss.<\/p>\n\n\n\n<p>Die Stadtverwaltung Speyer hat sich mit der ausf\u00fchrenden Baufirma darauf geeinigt, anstatt rotwei\u00dfer Absperrschranken eine sogenannte Bauwand aufzustellen, damit auf dieser f\u00fcr die Ro\u00dfmarktstra\u00dfe geworben werden kann. Eine Umleitung f\u00fcr Zufu\u00dfgehende und Radfahrende wird sowohl \u00fcber die Antoniengasse als auch \u00fcber die Karmeliterstra\u00dfe ausgeschildert.<\/p>\n\n\n\n<p>Der Kran wird <strong>zun\u00e4chst f\u00fcr acht Wochen <\/strong>aufgestellt. In dieser Zeit wird versucht, die Arbeiten abzuschlie\u00dfen, f\u00fcr die ein Kran ben\u00f6tigt wird. Danach sollen die Arbeiten an der Baustelle ohne Kran fortgesetzt werden. Ein Durchgang f\u00fcr Zufu\u00dfgehende und Radfahrende wird so bald wie m\u00f6glich eingerichtet.<\/p>\n\n\n\n<p><em>Stadtverwaltung Speyer<br>30.05.2023<\/em><\/p>\n\n\n\n<h2 class=\"wp-block-heading\">Vollsperrung Eichenweg&nbsp;<\/h2>\n\n\n\n<p>Aufgrund von Arbeiten an der Stromleitung im Auftrag der Stadtwerke Speyer wird der Eichenweg zwischen der Hausnummer 14a bis zur Waldseer Stra\u00dfe&nbsp;<strong>ab Donnerstag, 1. Juni 2023, bis voraussichtlich Freitag, 7. Juli 2023<\/strong>, f\u00fcr den Verkehr voll gesperrt.<\/p>\n\n\n\n<p>Die Einbahnstra\u00dfenregelung im Eichenweg wird f\u00fcr diese Zeit aufgehoben und als Sackgasse ausgewiesen.<\/p>\n\n\n\n<p>F\u00fcr R\u00fcckfragen steht die Stra\u00dfenverkehrsbeh\u00f6rde unter der Rufnummer 06232-14-2938 zur Verf\u00fcgung.<\/p>\n\n\n\n<p><em>Stadtverwaltung Speyer<br>30.05.2023<\/em><\/p>\n\n\n\n<h2 class=\"wp-block-heading\">Vollsperrung Ulmenweg<\/h2>\n\n\n\n<p>Aufgrund von Arbeiten an der Gas- und Wasserleitung im Auftrag der Stadtwerke Speyer wird der Ulmenweg beginnend ab der Spaldinger Stra\u00dfe in Abschnitten zu je 50 Metern&nbsp;<strong>ab Montag, 17. April 2023, bis voraussichtlich Ende Juni 2023<\/strong>&nbsp;f\u00fcr den Verkehr voll gesperrt sein. Die Arbeiten werden in mehreren Bauabschnitten durchgef\u00fchrt. Der Ulmenweg wird beidseitig als Sackgasse ausgewiesen und eine Umleitung eingerichtet. F\u00fcr R\u00fcckfragen steht die Stra\u00dfenverkehrsbeh\u00f6rde unter der Telefonnummer 06232-14-2938 zur Verf\u00fcgung.<\/p>\n\n\n\n<p><em>Stadtverwaltung Speyer<br>14.04.2023<\/em><\/p>\n\n\n\n<h2 class=\"wp-block-heading\">Vollsperrung Kleine Pfaffengasse<\/h2>\n\n\n\n<p>Aufgrund von Arbeiten an der Gashauptleitung im Auftrag der Stadtwerke Speyer wird die Kleine Pfaffengasse, zwischen Engelsgasse und Judengasse,<strong>&nbsp;ab Dienstag, 18. April 2023, bis voraussichtlich Ende Juni 2023<\/strong>&nbsp;f\u00fcr den Verkehr voll gesperrt. Die Arbeiten werden in mehreren Bauabschnitten durchgef\u00fchrt. Die Kleine Pfaffengasse wird beidseitig als Sackgasse ausgewiesen und eine Umleitung eingerichtet. F\u00fcr R\u00fcckfragen steht die Stra\u00dfenverkehrsbeh\u00f6rde unter der Telefonnummer 06232-14-2938 zur Verf\u00fcgung.<\/p>\n\n\n\n<p><em>Stadtverwaltung Speyer<br>14.04.2023<\/em><\/p>\n\n\n\n<h2 class=\"wp-block-heading\"><strong>AKTUALISIERT:<\/strong>&nbsp;Vollsperrung des Bahn\u00fcbergangs M\u00fchlturmstra\u00dfe dauert weiter an<\/h2>\n\n\n\n<p>Die Deutsche Bahn hat erneut bei der Stra\u00dfenverkehrsbeh\u00f6rde der Stadt Speyer eine Verl\u00e4ngerung der Vollsperrung des Bahn\u00fcbergangs M\u00fchlturmstra\u00dfe beantragt. Die Sperrung wird&nbsp;<strong>nun voraussichtlich bis 30. April 2023<\/strong>&nbsp;andauern.<\/p>\n\n\n\n<p>Die Stadt Speyer weist darauf hin, dass die Verantwortlichkeit f\u00fcr Planung und Bauausf\u00fchrung alleine bei der Deutschen Bahn liegt. Angesichts der Bedeutung der Verbindung, insbesondere f\u00fcr den Fu\u00df- und Radverkehr, und der Verkehrssicherheit des Schulverkehrs wird die Stadt Speyer gegen\u00fcber der Deutschen Bahn weiterhin auf eine rasche Wieder\u00f6ffnung des Bahn\u00fcbergangs dr\u00e4ngen.<\/p>\n\n\n\n<p><em>Stadtverwaltung Speyer \/ DB Netz AG<br>01.03.2023<\/em><\/p>\n\n\n\n<h2 class=\"wp-block-heading\">Ge\u00e4nderte Verkehrsf\u00fchrung am Bahn\u00fcbergang Sch\u00fctzenstra\u00dfe nach Modernisierung durch die Deutsche Bahn<\/h2>\n\n\n\n<p>Wie am 13. Juli 2022 im gemeinsamen Verkehrsausschuss und Ausschuss f\u00fcr Stadtentwicklung, Bauen und Konversion mitgeteilt wurde, m\u00fcssen im Zuge der Modernisierung des Bahn\u00fcbergangs Sch\u00fctzenstra\u00dfe die derzeit bundesweit g\u00fcltigen Sicherheitsanforderungen umgesetzt werden. Hierbei gilt es, das Risiko eines R\u00fcckstaus auf den Gleisen auszuschlie\u00dfen.<\/p>\n\n\n\n<p>Hierzu bestehen gem\u00e4\u00df Planungen der Deutschen Bahn zwei M\u00f6glichkeiten: Ein sogenanntes vorgeschaltetes Lichtzeichen oder ein Verbot des Linksabbiegens mittels Verkehrszeichen. Wie sich im Verlauf der Modernisierungsarbeiten herausstellte, konnte die Deutsche Bahn das urspr\u00fcnglich bevorzugte vorgeschaltete Lichtzeichen nicht wie geplant bis zur Wiederinbetriebnahme des Bahn\u00fcbergangs installieren, da der Mast des vorgeschalteten Lichtzeichens aufgrund von Konflikten mit vorhandenen unterirdischen Leitungen nicht im \u00f6ffentlichen Stra\u00dfenraum platziert werden konnte. Bis eine L\u00f6sung zur Platzierung des Masts gefunden ist, muss demnach die Alternativvariante umgesetzt werden.<\/p>\n\n\n\n<p>Daher ist ab sofort ein Linksabbiegen von der Sch\u00fctzenstra\u00dfe in die Hasenstra\u00dfe nicht mehr zul\u00e4ssig. Die Zufahrt zum Oberk\u00e4mmerer-Gebiet erfolgt von S\u00fcden \u00fcber die Holzstra\u00dfe und die Br\u00fccke \u00fcber den Gie\u00dfh\u00fcbelbach oder \u00fcber den Bahn\u00fcbergang Alte Schwegenheimer Stra\u00dfe.<\/p>\n\n\n\n<p>Die Stadt Speyer bittet im Namen der Deutschen Bahn die Verkehrsteilnehmenden und Anwohnenden um Verst\u00e4ndnis f\u00fcr die Beeintr\u00e4chtigungen.<\/p>\n\n\n\n<p><em>Stadtverwaltung Speyer<br>02.09.2022<\/em><\/p>\n\n\n\n<h2 class=\"wp-block-heading\">Baustellen\u00fcbersicht der Stadt Speyer<\/h2>\n\n\n<div class=\"wp-block-image\">\n<figure class=\"aligncenter\"><img decoding=\"async\" loading=\"lazy\" width=\"800\" height=\"384\" src=\"https:\/\/speyer24news.com\/wp-content\/uploads\/2022\/03\/Baustelle-Speyer-Facebook.jpg\" alt=\"\" class=\"wp-image-43610\" srcset=\"https:\/\/speyer24news.com\/wp-content\/uploads\/2022\/03\/Baustelle-Speyer-Facebook.jpg 800w, https:\/\/speyer24news.com\/wp-content\/uploads\/2022\/03\/Baustelle-Speyer-Facebook-300x144.jpg 300w, https:\/\/speyer24news.com\/wp-content\/uploads\/2022\/03\/Baustelle-Speyer-Facebook-768x369.jpg 768w\" sizes=\"(max-width: 800px) 100vw, 800px\" \/><\/figure><\/div>\n\n\n<p>Ab sofort stellt die Stadt Speyer eine neue Baustellenliste zur Verf\u00fcgung, die die bisherige Kommunikation von laufenden und kommenden Baustellen erweitert und b\u00fcrgerfreundlicher gestaltet.<\/p>\n\n\n\n<p>Die bisher zur Verf\u00fcgung gestellte Liste \u201eAlle Baustellen\u201c f\u00fchrt alle Baustellen, die sich innerhalb des Speyerer Stadtgebiets befinden, stichpunktartig auf. Diese technische Liste gibt auch einen \u00dcberblick \u00fcber die betroffenen Sparten wie Strom, Gas, oder Wasser.<\/p>\n\n\n\n<p>Die nun neu hinzugekommene Liste \u201eWichtigste Baustellen\u201c beinhaltet Baustellen, von denen ein bedeutender Teil der Verkehrsteilnehmenden in Speyer signifikant betroffen ist, beispielsweise wegen ihrer lange Dauer und\/oder weil wichtige Stra\u00dfen im Netz betroffen sind. Es werden zus\u00e4tzlich zu den Baustellen im Speyerer Stadtgebiet auch wichtige Baustellen in der n\u00e4heren Umgebung aufgef\u00fchrt, beispielsweise auf der B9 und B39. Dar\u00fcber hinaus soll auch der in den Jahren 2023 und 2024 geplante Verkehrsversuch zum Postplatz Eingang in diese Auflistung finden. Neben dem voraussichtlichen Zeitraum und der Ursache werden auch die Umleitungen f\u00fcr die verschiedenen Verkehrsarten und bei Bedarf erg\u00e4nzende Informationen dargestellt. Am Ende der Liste findet sich ferner eine \u00dcbersicht zu m\u00f6glichen Ansprechpartner*innen.<\/p>\n\n\n\n<p>Die neue Baustellenliste ist chronologisch sortiert, sodass die B\u00fcrger*innen auf den ersten Blick neu hinzukommende Baustellen erkennen und f\u00fcr ihre n\u00e4chste Fahrt ber\u00fccksichtigen k\u00f6nnen \u2013 ohne frustriert erst an der Baustellenabsperrung wenden m\u00fcssen. Zeit- und nervenschonend f\u00fcr die B\u00fcrgerschaft \u2013 aber auch gut f\u00fcr die Umwelt, da unn\u00f6tiger Verkehr vermieden wird.<\/p>\n\n\n\n<p>Die \u00dcbersicht \u00fcber die Baustellensituation wird immer freitags aktualisiert und ist unter&nbsp;<a href=\"http:\/\/www.speyer.de\/baustellen\"><strong>www.speyer.de\/baustellen<\/strong><\/a>&nbsp;im NEWS-TICKER zu finden.<br>Des Weiteren gibt es auf der Baustellenseite der Stadt Speyer wie gewohnt detaillierte Informationen zu laufenden und kommenden Gro\u00dfbaustellen.<\/p>\n\n\n\n<p><em>Stadtverwaltung Speyer<br>18.03.2022<\/em><\/p>\n","protected":false},"excerpt":{"rendered":"<div class=\"mh-excerpt\"><p>Stadtnotizen Feuerwehr Speyer startet \u201eWoche der Sommergefahren\u201c Ab Montag, 26. Juni 2023 startet die Feuerwehr Speyer eine einw\u00f6chige \u00d6ffentlichkeitskampagne, um \u00fcber m\u00f6gliche Gefahren, die hohe Temperaturen mit sich bringen, zu informieren. Denn Speyer ist wie <a class=\"mh-excerpt-more\" href=\"https:\/\/speyer24news.com\/?p=52989\" title=\"Stadtnotizen &amp; Verkehrsnotizen aus Speyer\">[&#8230;]<\/a><\/p>\n<\/div>","protected":false},"author":3,"featured_media":46477,"comment_status":"open","ping_status":"open","sticky":false,"template":"","format":"standard","meta":{"_monsterinsights_skip_tracking":false,"_monsterinsights_sitenote_active":false,"_monsterinsights_sitenote_note":"","_monsterinsights_sitenote_category":0,"footnotes":""},"categories":[47],"tags":[8519,8410,15790,15307,13163,13640,8522,15656,15658,15657,16267,12806,6198,14730,507,4212,11842,16266,10822,16265,15956,16263,16264,5202,16143,8839,7737,8840,16261,6,16262,1434,13124,657,14546,1296,8196,658,1114,513,16260],"aioseo_notices":[],"amp_enabled":true,"_links":{"self":[{"href":"https:\/\/speyer24news.com\/index.php?rest_route=\/wp\/v2\/posts\/52989"}],"collection":[{"href":"https:\/\/speyer24news.com\/index.php?rest_route=\/wp\/v2\/posts"}],"about":[{"href":"https:\/\/speyer24news.com\/index.php?rest_route=\/wp\/v2\/types\/post"}],"author":[{"embeddable":true,"href":"https:\/\/speyer24news.com\/index.php?rest_route=\/wp\/v2\/users\/3"}],"replies":[{"embeddable":true,"href":"https:\/\/speyer24news.com\/index.php?rest_route=%2Fwp%2Fv2%2Fcomments&post=52989"}],"version-history":[{"count":1,"href":"https:\/\/speyer24news.com\/index.php?rest_route=\/wp\/v2\/posts\/52989\/revisions"}],"predecessor-version":[{"id":52994,"href":"https:\/\/speyer24news.com\/index.php?rest_route=\/wp\/v2\/posts\/52989\/revisions\/52994"}],"wp:featuredmedia":[{"embeddable":true,"href":"https:\/\/speyer24news.com\/index.php?rest_route=\/wp\/v2\/media\/46477"}],"wp:attachment":[{"href":"https:\/\/speyer24news.com\/index.php?rest_route=%2Fwp%2Fv2%2Fmedia&parent=52989"}],"wp:term":[{"taxonomy":"category","embeddable":true,"href":"https:\/\/speyer24news.com\/index.php?rest_route=%2Fwp%2Fv2%2Fcategories&post=52989"},{"taxonomy":"post_tag","embeddable":true,"href":"https:\/\/speyer24news.com\/index.php?rest_route=%2Fwp%2Fv2%2Ftags&post=52989"}],"curies":[{"name":"wp","href":"https:\/\/api.w.org\/{rel}","templated":true}]}}