{"id":53012,"date":"2023-06-29T18:36:56","date_gmt":"2023-06-29T17:36:56","guid":{"rendered":"https:\/\/speyer24news.com\/?p=53012"},"modified":"2023-06-30T08:29:20","modified_gmt":"2023-06-30T07:29:20","slug":"polizeimeldungen-dienstag-mittwoch-27-06-28-06-2023","status":"publish","type":"post","link":"https:\/\/speyer24news.com\/?p=53012","title":{"rendered":"Polizeimeldungen Dienstag &#038; Mittwoch (27.06. &#038; 28.06.2023)"},"content":{"rendered":"<style type=\"text\/css\">\r\n\t.ads_top_disp{}\r\n\t.ads_top_corner_disp{ float:left; margin:0px 10px 10px 0px; }\r\n\t.ads_first_p_disp{}\r\n\t.ads_bottom_disp{}\r\n\t<\/style>\n<h2 class=\"wp-block-heading\">Polizeimeldungen vom Dienstag &amp; Mittwoch (27.06. &amp; 28.06.2023)<\/h2>\n\n\n<div class=\"wp-block-image\">\n<figure class=\"aligncenter size-full\"><img decoding=\"async\" loading=\"lazy\" width=\"375\" height=\"500\" src=\"https:\/\/speyer24news.com\/wp-content\/uploads\/2022\/03\/Aktuelles-Polizeilogo.jpg\" alt=\"\" class=\"wp-image-43591\" srcset=\"https:\/\/speyer24news.com\/wp-content\/uploads\/2022\/03\/Aktuelles-Polizeilogo.jpg 375w, https:\/\/speyer24news.com\/wp-content\/uploads\/2022\/03\/Aktuelles-Polizeilogo-225x300.jpg 225w\" sizes=\"(max-width: 375px) 100vw, 375px\" \/><\/figure><\/div>\n\n\n<h2 class=\"wp-block-heading\">(Speyer) &#8211; Verkehrsunfall mit verletztem Radfahrer<\/h2>\n\n\n\n<p>Am Dienstag gegen 18 Uhr fuhr eine 52-j\u00e4hrige PKW-Fahrerin vom Parkplatz eines Gesch\u00e4fts in der Iggelheimer Stra\u00dfe in den flie\u00dfenden Verkehr der Iggelheimer Stra\u00dfe ein und \u00fcbersah hierbei einen auf dem beidseitig befahrbaren Radweg von rechts kommenden 45-j\u00e4hrigen Fahrradfahrer, der in Richtung Friedrich-Ebert-Stra\u00dfe unterwegs war. Eine rechtzeitige Bremsung gelang Beiden nicht mehr, weswegen der Radfahrer auf die Motorhaube aufschlug und zu Boden st\u00fcrzte. Hierbei zog er sich Verletzungen am linken Bein und dem rechten Ellbogen zu. Der Rettungsdienst verbrachte ihn in ein Krankenhaus. An beiden Fahrzeugen entstand Sachschaden in Gesamth\u00f6he von ca. 1.200 Euro.<\/p>\n\n\n\n<h2 class=\"wp-block-heading\">(Speyer) &#8211; M\u00fcllm\u00e4nner mit Spielzeugpistolen sorgen f\u00fcr Anscheinsgefahr<\/h2>\n\n\n<div class=\"wp-block-image\">\n<figure class=\"aligncenter size-full\"><img decoding=\"async\" loading=\"lazy\" width=\"800\" height=\"533\" src=\"https:\/\/speyer24news.com\/wp-content\/uploads\/2023\/06\/Waffe-Pistole-Ueberfall.jpg\" alt=\"\" class=\"wp-image-52492\" srcset=\"https:\/\/speyer24news.com\/wp-content\/uploads\/2023\/06\/Waffe-Pistole-Ueberfall.jpg 800w, https:\/\/speyer24news.com\/wp-content\/uploads\/2023\/06\/Waffe-Pistole-Ueberfall-300x200.jpg 300w, https:\/\/speyer24news.com\/wp-content\/uploads\/2023\/06\/Waffe-Pistole-Ueberfall-768x512.jpg 768w\" sizes=\"(max-width: 800px) 100vw, 800px\" \/><\/figure><\/div>\n\n\n<p>Am Dienstag gegen 10:30 Uhr meldeten Zeugen der Polizei zwei M\u00fcllm\u00e4nner, von denen einer eine Waffe vor sich gehalten und diese anschlie\u00dfend in den Hosenbund gesteckt habe. Die Beamten stellten in der Stra\u00dfe Im Erlich auf H\u00f6he der Sparkasse zwei M\u00fcllm\u00e4nner auf der Stra\u00dfe, sowie ein M\u00fcllfahrzeug und dessen Fahrer fest und unterzogen die M\u00e4nner einer Kontrolle. Unvermittelt holten die beiden auf der Stra\u00dfe befindlichen M\u00e4nner im Alter von 21 und 27 Jahren vor den Beamten jeweils eine schwarze Pistole aus ihrer Hose und hielten diese vor sich. Die Beamten mussten in diesem Moment von einer gegenw\u00e4rtigen, erheblichen Gefahr ausgehen und forderten die M\u00e4nner unter Vorhalt ihrer Dienstwaffen und Androhung des Schusswaffengebrauchs zum Weglegen der Waffen auf. Die beiden M\u00e4nner folgten den Anweisungen und legten die Waffen auf den Boden. Die Beamten fesselten zun\u00e4chst aufgrund der weiterhin unklaren Lage alle drei M\u00fcllm\u00e4nner und durchsuchten sie ergebnislos nach weiteren gef\u00e4hrlichen Gegenst\u00e4nden. Sie stellten die beiden Pistolen sicher und stellten fest, dass es sich bei diesen um nachtr\u00e4glich schwarz angemalte Spielzeugpistolen handelt, die von einer echten Pistole nur bei genauem Hinsehen zu unterscheiden sind. Die Beamten leiteten Ordnungswidrigkeitsverfahren wegen des F\u00fchrens von Anscheinswaffen ein und f\u00fchrten ein eindringliches Gespr\u00e4ch mit den M\u00fcllm\u00e4nnern.<\/p>\n\n\n\n<h2 class=\"wp-block-heading\">(Speyer) &#8211; Betrunkene PKW-Fahrerin auf der Maximilianstra\u00dfe<\/h2>\n\n\n\n<p>In der Nacht auf Dienstag gegen halb drei stellte ein aufmerksamer Zeuge einen stark bremsenden PKW in der Maximilianstra\u00dfe fest, der weiter in Richtung Postplatz fuhr. Dort verlor dessen Fahrerin eine Zigarette aus dem Fenster, stieg barfu\u00df aus und tanzte beim Aufheben der Zigarette. Auf Ansprache des Zeugen r\u00e4umte die Fahrerin den Konsum berauschender Mittel ein und setzte ihre Fahrt fort. In der Heinrich-Heine-Stra\u00dfe stoppten hinzugerufene Polizeibeamte den PKW der Dame und stellten im Umfeld der 30-j\u00e4hrigen Fahrerin deutlichen Alkoholgeruch fest. Ein Atemalkoholtest ergab bei ihr einen Wert von 1,66 Promille. Zudem bestanden Hinweise auf die Einnahme von Medikamenten. Die Beamten veranlassten eine Blutentnahme bei der 30-J\u00e4hrigen, untersagten die Weiterfahrt und leiteten ein Strafverfahren gegen sie ein.<\/p>\n\n\n\n<h2 class=\"wp-block-heading\">(Speyer) &#8211; E-Scooter w\u00e4hrend kurzen Einkaufs entwendet, Zeugen gesucht<\/h2>\n\n\n\n<p>Am Montag, den 26.06.2023, zwischen 14:30 Uhr und 14:40 Uhr stellte ein 61-J\u00e4hriger seinen gr\u00fcnen E-Scooter der Marke Streetbooster im Wert von ca. 700 Euro in der Antoniengasse in der Maximilianstra\u00dfe ab und schloss ihn mittels eines massiven Kettenschlosses an einem Fahrradb\u00fcgel an. Anschlie\u00dfend ging er in den benachbarten Supermarkt einkaufen. Als er nach seinem Einkauf zur\u00fcckkam, stellte er den Diebstahl seines Gef\u00e4hrts fest.<\/p>\n\n\n\n<ul>\n<li><strong>Wer hat zur genannten Zeit im Umfeld des REWE City auf der Maximilianstra\u00dfe oder der Antoniengasse verd\u00e4chtige Personen beobachtet oder kann sonstige sachdienliche Hinweise zum Diebstahl des E-Scooters geben? Die Polizei Speyer bittet Zeugen um Meldung per Telefon an 06232\/137-0 oder per E-Mail an&nbsp;<a href=\"mailto:%20pispeyer@polizei.rlp.de\">pispeyer@polizei.rlp.de<\/a><\/strong><\/li>\n<\/ul>\n\n\n\n<h2 class=\"wp-block-heading\">(Waldsee) &#8211; Mofafahrer versucht zu fl\u00fcchten<\/h2>\n\n\n\n<p>Am Montagabend, gegen 22:45 Uhr, sollte ein Mofa in der Neuhofener Stra\u00dfe kontrolliert werden. Der 40-j\u00e4hrige Fahrer stellte das Mofa ab und fl\u00fcchtete mit seiner Begleiterin fu\u00dfl\u00e4ufig. Der Fahrer konnte jedoch unmittelbar nach seinem Fluchtversuch eingeholt und einer Kontrolle unterzogen werden. Ein Alkoholtest ergab einen Wert von 1,3 Promille. Weiterhin wurde das Mofa technisch ver\u00e4ndert, sodass dieses schneller fuhr, als vorgeschrieben. Dem 40-J\u00e4hrigen wurde eine Blutprobe entnommen und Strafverfahren wegen Trunkenheit im Verkehr und Fahren ohne Fahrerlaubnis eingeleitet. Auch die Halterin des Mofas erwartet wegen des Zulassens des Fahrens ohne Fahrerlaubnis ein Strafverfahren. Der Fahrzeugschl\u00fcssel wurde sichergestellt und das Mofa muss bei einer Pr\u00fcfstelle vorgefahren werden. Die fl\u00fcchtende Begleiterin ist namentlich bekannt.<\/p>\n\n\n\n<h2 class=\"wp-block-heading\">(L 528 \/ B\u00f6hl-Iggelheim \/ Schifferstadt) &#8211; Verkehrskontrollen<\/h2>\n\n\n\n<p>Am Dienstagvormittag wurden auf der L528 zwischen den Ortsteilen B\u00f6hl und Iggelheim im Bereich der \u00dcberf\u00fchrung der Bahngleise Geschwindigkeitsmessungen durchgef\u00fchrt. Hierbei wurden 9 Verst\u00f6\u00dfe geahndet. Die gemessene H\u00f6chstgeschwindigkeit bei erlaubten 70 km\/h lag bei 88 km\/h. Dies zieht nach Abzug der Toleranz eine Verwarnung in H\u00f6he von 40 Euro nach sich. Bei einer ebenfalls am Vormittag stattfindenden Kontrolle am S\u00fcdbahnhof in Schifferstadt wurden 11 Gurt- und 2 Handyverst\u00f6\u00dfe sanktioniert. Die Polizei appelliert erneut, den Sicherheitsgurt zu tragen, um Verletzungen vorzubeugen.<\/p>\n\n\n\n<h2 class=\"wp-block-heading\">(Schifferstadt) &#8211; Verkehrskontrollen<\/h2>\n\n\n\n<p>Am Montagvormittag wurde in der Speyerer Stra\u00dfe im Bereich des S\u00fcdbahnhofes eine Kontrollstelle eingerichtet. Hierbei wurden 27 Gurt- und 8 Handyverst\u00f6\u00dfe geahndet. Weiterhin waren in einem Fahrzeug Kinder nicht vorschriftsgem\u00e4\u00df angeschnallt und in einem weiteren PKW ein Hund nicht gesichert. Es wurden diverse Ordnungswidrigkeitenverfahren eingeleitet. Die Polizei appelliert, den Sicherheitsgurt ordnungsgem\u00e4\u00df zu tragen, um somit schwere Verletzungen bei Unf\u00e4llen zu mindern. Auch ein kurzer Blick auf das Handy reicht aus, um unaufmerksam im Stra\u00dfenverkehr zu sein.<\/p>\n\n\n\n<h2 class=\"wp-block-heading\">(Neuhofen) &#8211; Trunkenheitsfahrt<\/h2>\n\n\n\n<p>Am Dienstagnachmittag wurde ein schlangenlinienfahrender PKW im Bereich Neuhofen mitgeteilt. Laut einer Zeugin w\u00e4re der PKW teilweise auf die Gegenspur und auch nach rechts in den Gr\u00fcnstreifen geraten. Auch habe der PKW mehrmals ohne ersichtlichen Grund abgebremst. Aufgrund der Mitteilung des Standortes durch die Zeugin konnte der PKW in der Ludwigshafener Stra\u00dfe geparkt festgestellt werden. Ein bei der 66-j\u00e4hrigen PKW-Fahrerin durchgef\u00fchrter Alkoholtest ergab einen Wert von ca. 0,9 Promille. Der Dame wurde eine Blutprobe entnommen und der F\u00fchrerschein sichergestellt.<\/p>\n\n\n\n<h2 class=\"wp-block-heading\">(Mutterstadt) &#8211; PKW entfernt sich nach Unfall unerlaubt von der Unfall\u00f6rtlichkeit<\/h2>\n\n\n\n<p>Am 27.06.2023, gegen 17:05 Uhr, bog eine bislang unbekannte Fahrzeugf\u00fchrerin von der Theodor-Heuss-Stra\u00dfe nach rechts in die Ludwigshafener Stra\u00dfe in Richtung Ortsmitte ab. Hierbei stie\u00df der PKW mit dem Vorderrad eines 54-j\u00e4hrigen Pedelec-Fahrers, welcher den Radweg in Richtung Maudach befuhr, zusammen. Es entstand Sachschaden am vorderen Rad des Pedelecs. Verletzt wurde der 54-J\u00e4hrige nicht. <\/p>\n\n\n\n<ul>\n<li><strong>Bei dem unfallverursachenden PKW soll es sich um einen silbernen Volvo gehandelt haben.<\/strong><\/li>\n<\/ul>\n\n\n\n<ul>\n<li><strong>Hinweise nimmt die Polizeiinspektion Schifferstadt telefonisch unter 06235 495-0 oder per E-Mail (<a href=\"mailto:pischifferstadt@polizei.rlp.de\">pischifferstadt@polizei.rlp.de<\/a>) entgegen.<\/strong><\/li>\n<\/ul>\n\n\n\n<h2 class=\"wp-block-heading\">(Schwegenheim) &#8211; Verbotene Beleuchtung<\/h2>\n\n\n\n<p><a href=\"https:\/\/www.facebook.com\/sharer.php?u=https%3A%2F%2Fwww.presseportal.de%2Fblaulicht%2Fpm%2F117686%2F5545261%2F%3Futm_source%3Dfacebook%26utm_medium%3Dsocial\"><\/a><a href=\"https:\/\/twitter.com\/intent\/tweet?text=POL-PDLD%3A%20Schwegenheim%20-%20verbotene%20Beleuchtung&amp;url=https%3A%2F%2Fwww.presseportal.de%2Fblaulicht%2Fpm%2F117686%2F5545261%2F%3Futm_source%3Dtwitter%26utm_medium%3Dsocial&amp;hashtags=ots&amp;lang=de\"><\/a><a href=\"https:\/\/web.whatsapp.com\/send?text=POL-PDLD%3A%20Schwegenheim%20-%20verbotene%20Beleuchtung%0A%0Ahttps%3A%2F%2Fwww.presseportal.de%2Fblaulicht%2Fpm%2F117686%2F5545261%2F%3Futm_source%3Dwhatsapp%26utm_medium%3Dsocial\"><\/a><a href=\"https:\/\/www.xing.com\/app\/user?op=share;url=https%3A%2F%2Fwww.presseportal.de%2Fblaulicht%2Fpm%2F117686%2F5545261%2F%3Futm_source%3Dxing%26utm_medium%3Dsocial\"><\/a><a href=\"http:\/\/www.linkedin.com\/shareArticle?mini=true&amp;url=https%3A%2F%2Fwww.presseportal.de%2Fblaulicht%2Fpm%2F117686%2F5545261%2F%3Futm_source%3Dlinkedin%26utm_medium%3Dsocial&amp;title=POL-PDLD%3A+Schwegenheim+-+verbotene+Beleuchtung\"><\/a><a href=\"mailto:?subject=POL-PDLD%3A%20Schwegenheim%20-%20verbotene%20Beleuchtung&amp;body=https:\/\/www.presseportal.de\/blaulicht\/pm\/117686\/5545261\"><\/a><\/p>\n\n\n\n<p>Am Dienstagabend kam einer Germersheimer Streifenwagenbesatzung in der Hauptstra\u00dfe in Schwegenheim ein PKW mit auff\u00e4llig hellen Scheinwerfern entgegen. Bei der anschlie\u00dfenden Kontrolle stellten die Beamten fest, dass der Fahrer das Abblendlicht verbotenerweise manipuliert hatte. Dadurch war die Betriebserlaubnis seines Fahrzeugs erloschen.<\/p>\n\n\n\n<h2 class=\"wp-block-heading\">(Lustadt) &#8211; Rollerfahrer gest\u00fcrzt<\/h2>\n\n\n\n<p>Am Montagabend befuhr ein 17-j\u00e4hriger Rollerfahrer die K 3 von Lustadt in Fahrtrichtung Westheim. Dabei kam er aus Unachtsamkeit nach rechts von der Fahrbahn ab und st\u00fcrzte. Zur weiteren medizinischen Versorgung wurde er in ein Krankenhaus eingeliefert.<\/p>\n\n\n\n<h2 class=\"wp-block-heading\">(Germersheim) &#8211; Einbruchsversuch in Supermarkt<\/h2>\n\n\n\n<p>In der Nacht von Montag auf Dienstag (ca. 1 Uhr) versuchten bislang unbekannte T\u00e4ter in einen Lebensmittelhandel in der Mainzer Stra\u00dfe in Germersheim einzubrechen. Dabei wurde das Dach besch\u00e4digt. Die genaue Schadensh\u00f6he ist bislang nicht bekannt. <\/p>\n\n\n\n<ul>\n<li><strong>Die Polizeiinspektion Germersheim hat die Ermittlungen aufgenommen und bittet alle Zeugen sich unter der Telefonnummer 07274-9580 oder per Mail an&nbsp;<a href=\"mailto:%20pigermersheim@polizei.rlp.de\">pigermersheim@polizei.rlp.de<\/a>&nbsp;zu melden.<\/strong><\/li>\n<\/ul>\n\n\n\n<h2 class=\"wp-block-heading\">(W\u00f6rth) &#8211; Einbr\u00fcche<\/h2>\n\n\n\n<p>In der Nacht von Sonntag auf Montag ereigneten sich mehrere Einbr\u00fcche in W\u00f6rth. Zum einen wurden mehrere Imbissw\u00e4gen des Badeparks aufgebrochen. Das Geb\u00e4ude wurde nicht angegangen. Es wurde eine Arbeitsmaschine entwendet. Weiterhin wurde versucht beim Tennisclub in W\u00f6rth die T\u00fcr zu den Tennispl\u00e4tzen aufzubrechen. Die T\u00e4ter manipulierten am Schloss, konnten dieses jedoch nicht \u00f6ffnen. Beim Turnverein Pfortz-Maximiliansau wurde die Zugangst\u00fcr zum Schankraum aufgehebelt. Es wurde Bargeld entwendet.<\/p>\n\n\n\n<ul>\n<li><strong>Zeugenhinweise nimmt die Polizei W\u00f6rth unter 07271-9221-0 \/&nbsp;<a href=\"mailto:%20piwoerth@polizei.rlp.de\">piwoerth@polizei.rlp.de<\/a>&nbsp;entgegen.<\/strong><\/li>\n<\/ul>\n\n\n\n<h2 class=\"wp-block-heading\">(Hagenbach) &#8211; Polizeilicher R\u00fcckblick auf das Brunnenfest<\/h2>\n\n\n\n<p>In der Gesamtschau verlief das Brunnenfest in Hagenbach bei hervorragendem Wetter friedlich. Es war sehr gut besucht, sodass es zeitweise kaum ein Durchkommen auf der Festmeile gab. Dennoch hielten sich wenige Personen, nicht an die Regeln. Am Samstagabend gegen 22:00h randalierten ein 24-J\u00e4hriger und ein 16-J\u00e4hriger. Als der Sicherheitsdienst die beiden kontrollieren wollte, rannten sie weg, wobei einer auf seiner Flucht ein Messer zog. Der 24-J\u00e4hrige konnte schnell entwaffnet und gefesselt werden. Durch die hinzugerufene Polizeikr\u00e4fte wurde der 24-J\u00e4hrige aufgrund seiner psychischen Verfassung in ein Krankenhaus gebracht. Der 16-J\u00e4hrige, der auf seiner Flucht noch zwei Abflussrohre besch\u00e4digte, erhielt einen Platzverweis. Strafverfahren wurden eingeleitet. Am Montagabend gegen 19:15h lie\u00df sich der 24-j\u00e4hrige Mann aus dem Landkreis Karlsruhe wieder auf dem Festgel\u00e4nde blicken. Er wurde sofort vom Sicherheitsdienst des Platzes verwiesen. Eine Polizeistreife konnte ihn im Anschluss an der Hainbuchenschule antreffen, wo ihm das Aufenthaltsverbot verdeutlicht wurde. Ein weiterer Betretungsversuch des unbelehrbaren 24-J\u00e4hrigen konnte um 22:10h abermals vom Sicherheitsdienst verhindert werden.<\/p>\n\n\n\n<h2 class=\"wp-block-heading\">(Insheim \/ Hayna) &#8211; Einbr\u00fcche in Schreberg\u00e4rten \/ Zeugenaufruf der Polizei<\/h2>\n\n\n\n<p>In der vergangenen Woche kam es in der Nacht von Donnerstag auf Freitag zu mehreren Einbr\u00fcchen in Gartenh\u00e4user der Schrebergartensiedlung &#8222;Am Roten Berg&#8220; in Insheim. Ebenfalls betroffen war die Schrebergartenanlage bei der Marienkapelle in Hayna. <\/p>\n\n\n\n<ul>\n<li><strong>Wer in der Nacht vom 22. auf den 23. Juni Verd\u00e4chtiges im Bereich Insheim und\/oder Hayna wahrgenommen hat, meldet dies bitte bei der Polizeiinspektion Landau per Mail (<a href=\"mailto:pilandau@polizei.rlp.de\">pilandau@polizei.rlp.de<\/a>) oder telefonisch unter 06341\/287-0. Auch wer selbst Gesch\u00e4digter der Einbr\u00fcche war und dies noch nicht bei der Polizei gemeldet hat, sollte dies bitte tun.<\/strong><\/li>\n<\/ul>\n\n\n\n<h2 class=\"wp-block-heading\">(Winden) &#8211; K\u00f6rperverletzung<\/h2>\n\n\n\n<p>Samstagnacht kam es im Rahmen einer Hochzeitsfeier zu einer k\u00f6rperlichen Auseinandersetzung zwischen zwei G\u00e4sten. Der Beschuldigte griff den Gesch\u00e4digten von hinten an und schlug ihm mehrmals ins Gesicht. Der Gesch\u00e4digte wurde verletzt und seine Oberbekleidung besch\u00e4digt. Die Personalien des Beschuldigten konnten ermittelt werden. Ein entsprechendes Strafverfahren wurde eingeleitet.<\/p>\n\n\n\n<h2 class=\"wp-block-heading\">(Bad Bergzabern) &#8211; Farbschmierereien<\/h2>\n\n\n\n<p>Am 26.06.2023 kam es im Bereich um das Schloss in Bad Bergzabern zu mehreren Sachbesch\u00e4digungen durch Graffiti.<\/p>\n\n\n\n<p>In drei F\u00e4llen wurden die Fassaden mit roter Farbe beschmiert. Es fanden sich Schriftz\u00fcge wie &#8222;blanco sara&#8220;, &#8222;blanco&#8220;, &#8222;963tltja&#8220; oder &#8222;khalil&#8220;.<\/p>\n\n\n\n<p>Mit blauer Farbe wurde ein Grundst\u00fcckszaun und ein Verkehrszeichen verunstaltet.<\/p>\n\n\n\n<p>Insgesamt entstand Sachschaden von etwa 1000 Euro.<\/p>\n\n\n\n<ul>\n<li><strong>M\u00f6gliche weitere Gesch\u00e4digte und Zeugen zu den Taten und den festgestellten Schriftz\u00fcgen m\u00f6gen sich bitte mit der Polizeiinspektion Bad Bergzabern in Verbindung setzen (06343\/93340 oder&nbsp;<a href=\"mailto:%20pibadbergzabern@polizei.rlp.de\">pibadbergzabern@polizei.rlp.de<\/a>).<\/strong><\/li>\n<\/ul>\n\n\n\n<h2 class=\"wp-block-heading\">(Edesheim) &#8211; Mehrere Autos in Edesheim aufgebrochen<\/h2>\n\n\n\n<p>In der Nacht vom 26.06.23 auf den 27.06.23 wurden gleich drei Autos in der Leonhard-Eckel-Siedlung in Edesheim aufgebrochen. Die Taten ereigneten sich zwischen 18:00 Uhr und 08:00 Uhr. Bei zwei Autos wurde jeweils die hintere Dreieckscheibe eingeschlagen und der Innenraum durchw\u00fchlt. Bei einem Cabrio wurde das Stoffdach eingeschnitten, um so in das Fahrzeug zu gelangen. Auch hier wurde das Fahrzeug durchsucht. In allen drei F\u00e4llen wurde nach ersten Erkenntnissen nichts gestohlen. Die Polizeiinspektion Edenkoben hat die Ermittlungen aufgenommen und ist auf der Suche nach Zeugen der Taten.<\/p>\n\n\n\n<h2 class=\"wp-block-heading\">(Edenkoben) &#8211; Vandalismus und Diebstahl in Bauhofgel\u00e4nde<\/h2>\n\n\n\n<p>Am Dienstag, den 27.06.2023, wurde in den fr\u00fchen Morgenstunden das umz\u00e4unte Gel\u00e4nde des Bauhofes der Stadt Edenkoben in der Stra\u00dfe Am Holzweg durch bislang unbekannte T\u00e4ter betreten und dort randaliert. Es kam zu Sachbesch\u00e4digungen und zum Diebstahl einer Gie\u00dflanze. Hinweise nimmt die Polizeiinspektion Edenkoben entgegen.<\/p>\n\n\n\n<h2 class=\"wp-block-heading\">(Rhein-Pfalz-Kreis) &#8211; Liebesschwindel im Internet<\/h2>\n\n\n<div class=\"wp-block-image\">\n<figure class=\"aligncenter size-full\"><img decoding=\"async\" loading=\"lazy\" width=\"800\" height=\"568\" src=\"https:\/\/speyer24news.com\/wp-content\/uploads\/2021\/04\/Love-Scamming.jpg\" alt=\"\" class=\"wp-image-35588\" srcset=\"https:\/\/speyer24news.com\/wp-content\/uploads\/2021\/04\/Love-Scamming.jpg 800w, https:\/\/speyer24news.com\/wp-content\/uploads\/2021\/04\/Love-Scamming-300x213.jpg 300w, https:\/\/speyer24news.com\/wp-content\/uploads\/2021\/04\/Love-Scamming-768x545.jpg 768w\" sizes=\"(max-width: 800px) 100vw, 800px\" \/><figcaption class=\"wp-element-caption\">Beispielbild Love \/ Romance Scamming, dient lediglich der Visualisierung<\/figcaption><\/figure><\/div>\n\n\n<p>\u00dcber einen Zeitraum von etwa zwei Monaten hinweg baute ein unbekannter T\u00e4ter \u00fcber ein soziales Netzwerk und einen Messengerdienst im Internet Kontakt zu einer 59-j\u00e4hrigen Frau aus dem Rhein-Pfalz-Kreis auf und gab sich als ein Mann aus, der ein Erbe in S\u00fcdamerika anzutreten habe und hierf\u00fcr Geld ben\u00f6tige. Der T\u00e4ter schuf eine emotionale Abh\u00e4ngigkeit und stellte eine langfristige Beziehung in Aussicht, die sich nie realisierte. Hierdurch veranlasste er die 59-J\u00e4hrige zur \u00dcberweisung eines hohen vierstelligen Geldbetrages auf ein deutsches Bankkonto. Die Kommunikation fand in Deutsch statt, zu einem pers\u00f6nlichen Treffen kam es nicht. <\/p>\n\n\n\n<h4 class=\"wp-block-heading\"><em>Die von den T\u00e4tern angewandte Vorgehensweise ist unter dem Namen &#8222;Romance Scamming&#8220; bekannt. Ausf\u00fchrliche Hinweise zur Verhinderung einer Ausbeutung finden Sie im Internet unter&nbsp;<a href=\"https:\/\/www.polizei-beratung.de\/themen-und-tipps\/betrug\/scamming\/\" target=\"_blank\" rel=\"noreferrer noopener\">https:\/\/www.polizei-beratung.de\/themen-und-tipps\/betrug\/scamming\/<\/a><\/em><\/h4>\n\n\n\n<h2 class=\"wp-block-heading\">(Neustadt-OT Hambach) &#8211; Verkehrsunfall im Kreuzungsbereich<\/h2>\n\n\n\n<p>Am 28.06.2023 um 12:58 Uhr befuhr eine 23-j\u00e4hrige Ford-Fahrerin den Horstweg in 67435 Neustadt\/W.-Hambach und wollte in die Dammstra\u00dfe einbiegen. Beim Einbiegen \u00fcbersah die junge Fahrerin eine vorfahrtsberechtigte BMW-Fahrerin, welche die Dammstra\u00dfe in Fahrtrichtung Diedesfeld befuhr. Im Kreuzungsbereich kam es sodann zum Zusammensto\u00df der beiden Fahrzeuge. Der BMW der 46-j\u00e4hrigen Fahrerin \u00fcberschlug sich durch die Kollision, sodass die Fahrerin durch die Feuerwehr befreit werden musste. Diese wurde im Anschluss in ein Krankenhaus zur weiteren Behandlung verbracht. Die Beifahrerin des Fords erlitt durch den Verkehrsunfall ebenfalls leichte Sch\u00fcrfwunden und einen Schock. Beide Fahrzeuge waren nicht mehr fahrbereit und wurden abgeschleppt. Die Fahrbahn war f\u00fcr die Dauer von circa 30 Minuten komplett gesperrt. Durch den Vorfall entstand ein Gesamtschaden von circa 8000 Euro.<\/p>\n\n\n\n<h2 class=\"wp-block-heading\">(Neustadt) &#8211; Gelddiebstahl<\/h2>\n\n\n\n<p>Im Rahmen einer \u00f6ffentlichen Veranstaltung am Samstagnachmittag, den 24.06.2023, kam es in der Sektkellerei Heim in Neustadt zu einem Diebstahl. Der oder die T\u00e4ter brachen eine Geldkassette auf und stahlen die Einnahmen. <\/p>\n\n\n\n<ul>\n<li><strong>Sachdienliche Hinweise nimmt die Polizei Neustadt unter der Telefonnummer 06321\/854-0 oder per Email&nbsp;<a href=\"mailto:%20kineustadt@polizei.rlp.de\">kineustadt@polizei.rlp.de<\/a>, so wie auch jede andere Polizeidienststelle entgegen.<\/strong><\/li>\n<\/ul>\n\n\n\n<h2 class=\"wp-block-heading\">(Frankeneck) &#8211; Alkoholisiert in einen geparkten PKW gefahren&#8230;<\/h2>\n\n\n\n<p>&#8230; ist am 28.06.2023 um 18:40 Uhr ein 58-J\u00e4hriger aus der VG Lambrecht mit seinem Peugeot in der Talstra\u00dfe in 67468 Frankeneck\/ Pfalz. Der Peugeot-Fahrer befuhr die Talstra\u00dfe von Elmstein kommend in Fahrtrichtung Lambrecht, als er einem entgegenkommenden bislang unbekannten Fahrzeug ausweichen musste. Hierbei verlor er die Kontrolle \u00fcber seinen PKW und stie\u00df frontal in einen geparkten Ford. W\u00e4hrend der Verkehrsunfallaufnahme konnte bei dem 58-J\u00e4hrigen starker Atemalkoholgeruch festgestellt werden. Eine Atemalkoholtest ergab einen Wert von 1,55 Promille, weshalb der Mann eine Blutprobe abgeben musste. Dessen F\u00fchrerschein wurde beschlagnahmt. Zu dem entgegenkommenden Fahrzeug liegen bislang keinerlei Hinweise vor. <\/p>\n\n\n\n<ul>\n<li><strong>Zeugen, welche sachdienliche Angaben zum Unfallhergang machen k\u00f6nnen, werden gebeten sich mit der Polizei Neustadt\/W. in Verbindung zu setzen. Bei dem Verkehrsunfall entstand ein Gesamtschaden in H\u00f6he von 12500 Euro. Beide PKW waren nicht mehr fahrbereit.<\/strong><\/li>\n<\/ul>\n\n\n\n<h2 class=\"wp-block-heading\">(Bad D\u00fcrkheim) &#8211; Brand in Gr\u00fcnschnittsammelstelle<\/h2>\n\n\n\n<p>Am 26.06.2023 gegen 18:00 Uhr wurde ein Brand in der &#8222;Gr\u00fcnschnittsammelstelle&#8220; parallel zur Mannheimer Stra\u00dfe in Bad D\u00fcrkheim gemeldet. Der Brand wurde durch die freiwillige Feuerwehr Bad D\u00fcrkheim gel\u00f6scht. Ersten Ermittlungen zu Folge, hatte sich der Gr\u00fcnschnitt vermutlich selbst entz\u00fcndet. Es entstand kein Personen- \/ Sachschaden.<\/p>\n\n\n\n<h2 class=\"wp-block-heading\">(Bad D\u00fcrkheim) &#8211; VW besch\u00e4digt und gefl\u00fcchtet<\/h2>\n\n\n\n<p>Im Zeitraum von 19.06.2023 bis 26.06.2023 wurde ein in der Gerberstra\u00dfe in Bad D\u00fcrkheim abgestellter VW besch\u00e4digt. Ein bislang unbekannter Verkehrsteilnehmer besch\u00e4digte vermutlich beim Aus- bzw. Einparken den VW und entfernte sich anschlie\u00dfend unerlaubt von der Unfallstelle. An der linken Sto\u00dfstange entstand ein Sachschaden in H\u00f6he von 200EUR. Es liegen keinerlei Hinweise auf den Unfallverursacher vor. <\/p>\n\n\n\n<ul>\n<li><strong>Die Polizei Bad D\u00fcrkheim bittet um Hinweise unter 06322 963 0 oder per E-Mail an&nbsp;<a href=\"mailto:%20pibadduerkheim@polizei.rlp.de\">pibadduerkheim@polizei.rlp.de<\/a><\/strong><\/li>\n<\/ul>\n\n\n\n<h2 class=\"wp-block-heading\">(Bad D\u00fcrkheim) &#8211; Zeitschrift in Kirche angez\u00fcndet<\/h2>\n\n\n\n<p>Wie erst jetzt bekannt wurde, versuchten bislang unbekannte T\u00e4ter, im Zeitraum von 25.06.2023 16:00 Uhr bis 18:00 Uhr, in einer Kirche in der Kurgartenstra\u00dfe in Bad D\u00fcrkheim, eine Zeitschrift in Brand zu setzen. Auf die Zeitschrift hatten diese eine kleine Teelichtkerze gestellt. Gl\u00fccklicherweise verglimmte die Zeitschrift nur und das Plastik-Teelicht verschmorte leicht. Der Steinfu\u00dfboden wurden nicht besch\u00e4digt. Eine Gefahr f\u00fcr Kirchenbesucher oder das Kirchengeb\u00e4ude bestand nicht. Gegen die unbekannten T\u00e4ter wird nun wegen Sachbesch\u00e4digung ermittelt. <\/p>\n\n\n\n<ul>\n<li><strong>Die Polizei Bad D\u00fcrkheim bittet um Hinweise unter 06322 963 0 oder per E-Mail an&nbsp;<a href=\"mailto:%20pibadduerkheim@polizei.rlp.de\">pibadduerkheim@polizei.rlp.de<\/a><\/strong><\/li>\n<\/ul>\n\n\n\n<h2 class=\"wp-block-heading\">(Bad D\u00fcrkheim) &#8211; Fahne besch\u00e4digt<\/h2>\n\n\n\n<p>Wie erst jetzt bekannt wurde, wurde im Zeitraum von 23.06.2023 22:00 Uhr bis 24.06.2023 11:00 Uhr eine Fahne die an einem Wohnhaus in der Bahnstra\u00dfe in Ellerstadt angebracht war, besch\u00e4digt. Bislang unbekannte T\u00e4ter z\u00fcndeten die an einem Fahnenmast angebrachte kleine Fahne an. Ein Geb\u00e4udeschaden entstand nicht. Eine Gefahr f\u00fcr die Bewohner oder das Geb\u00e4ude bestand nicht. Hinweise zu den bislang unbekannten T\u00e4tern liegen nicht vor. Gegen die unbekannten T\u00e4ter wird nun wegen Sachbesch\u00e4digung ermittelt. <\/p>\n\n\n\n<ul>\n<li><strong>Die Polizei Bad D\u00fcrkheim bittet um Hinweise unter 06322 963 0 oder per E-Mail an&nbsp;<a href=\"mailto:%20pibadduerkheim@polizei.rlp.de\">pibadduerkheim@polizei.rlp.de<\/a><\/strong><\/li>\n<\/ul>\n\n\n\n<h2 class=\"wp-block-heading\">(Ellerstadt) &#8211; Fl\u00e4chenbrand verursacht Stromausfall<\/h2>\n\n\n\n<p>Am 27.06.2023 gegen 01:00 Uhr wurde ein Fl\u00e4chenbrand, neben der B37, kurz bevor diese in die A650 \u00fcbergeht, gemeldet. Es handelte es sich um eine Fl\u00e4che von ca. 15qm die sich direkt unter einem Strommast befand. Der Brand wurde durch die freiwillige Feuerwehr Bad D\u00fcrkheim gel\u00f6scht. Ersten Ermittlungen zu Folge, war der Ausl\u00f6ser vermutlich ein Funkenflug aufgrund eines defekten Stromkabels. In den Bereichen Ellerstadt, Friedelsheim und Maxdorf kam es zu Stromausf\u00e4llen.<\/p>\n\n\n\n<h2 class=\"wp-block-heading\">(Neuleiningen) &#8211; Unter Drogeneinfluss PKW gef\u00fchrt<\/h2>\n\n\n\n<p>Am 28.06.2023 gegen 23:00 Uhr wurde ein 28-j\u00e4hriger VW-Fahrer in Neuleiningen einer Verkehrskontrolle unterzogen. W\u00e4hrend der Kontrolle ergaben sich f\u00fcr die kontrollierenden Beamten Hinweise auf einen vorangegangenen Bet\u00e4ubungsmittelkonsum seitens des Fahrzeugf\u00fchrers. Ein durchgef\u00fchrter Drogenvortest reagierte positiv auf THC. Dem Fahrer wurde die Weiterfahrt untersagt und durch einen Arzt eine Blutprobe entnommen. Es wurden Ermittlungsverfahren wegen Trunkenheit im Verkehr sowie wegen des Versto\u00dfes gegen das Bet\u00e4ubungsmittelgesetz eingeleitet. Zudem wird die zust\u00e4ndige F\u00fchrerscheinstelle \u00fcber den Vorfall in Kenntnis gesetzt.<\/p>\n\n\n\n<h2 class=\"wp-block-heading\">(Gr\u00fcnstadt) &#8211; Widerstand geleistet<\/h2>\n\n\n<div class=\"wp-block-image\">\n<figure class=\"aligncenter size-full\"><img decoding=\"async\" loading=\"lazy\" width=\"800\" height=\"600\" src=\"https:\/\/speyer24news.com\/wp-content\/uploads\/2019\/06\/Ausn\u00fcchterungszelle.jpg\" alt=\"\" class=\"wp-image-15212\" srcset=\"https:\/\/speyer24news.com\/wp-content\/uploads\/2019\/06\/Ausn\u00fcchterungszelle.jpg 800w, https:\/\/speyer24news.com\/wp-content\/uploads\/2019\/06\/Ausn\u00fcchterungszelle-300x225.jpg 300w, https:\/\/speyer24news.com\/wp-content\/uploads\/2019\/06\/Ausn\u00fcchterungszelle-768x576.jpg 768w, https:\/\/speyer24news.com\/wp-content\/uploads\/2019\/06\/Ausn\u00fcchterungszelle-678x509.jpg 678w, https:\/\/speyer24news.com\/wp-content\/uploads\/2019\/06\/Ausn\u00fcchterungszelle-326x245.jpg 326w, https:\/\/speyer24news.com\/wp-content\/uploads\/2019\/06\/Ausn\u00fcchterungszelle-80x60.jpg 80w\" sizes=\"(max-width: 800px) 100vw, 800px\" \/><figcaption class=\"wp-element-caption\">Beispielbild Zelle \/ Verhaftung, dient lediglich der Visualisierung<\/figcaption><\/figure><\/div>\n\n\n<p>Am Dienstagmittag gegen 13:18 Uhr wurde die Polizei zu einem Randalierer in ein Mehrfamilienhaus in Gr\u00fcnstadt gerufen. Bei Eintreffen der Beamten hatte der Verantwortliche die \u00d6rtlichkeit verlassen. Kurz darauf erschien dieser wieder vor dem Anwesen und ging aggressiv auf die eingesetzten Beamten zu. Da der junge Mann nicht zu beruhigen war, wurde dieser gefesselt. Hierbei wehrte er sich, bedrohte und beleidigte die Polizisten, schlug und trat um sich und verletzte hierbei zwei Beamte leicht. In Abstimmung mit der Unterbringungsbeh\u00f6rde der Kreisverwaltung Bad D\u00fcrkheim wurde der Randalierer in eine psychiatrische Fachklinik verbracht. Gegen den Mann wurden Ermittlungsverfahren wegen Widerstands sowie K\u00f6rperverletzung, Bedrohung und Beleidigung eingeleitet. Die im Rahmen des Einsatzes leicht verletzten Polizeibeamten konnten ihren Dienst fortsetzten.<\/p>\n\n\n\n<h2 class=\"wp-block-heading\">(Gr\u00fcnstadt) &#8211; Geschwindigkeits- und Verkehrskontrollen<\/h2>\n\n\n\n<p>Am 26.06.2023 zwischen 09:00 Uhr und 14:00 Uhr wurden im Dienstgebiet der Polizeiinspektion Gr\u00fcnstadt Geschwindigkeits- und Verkehrskontrollen durchgef\u00fchrt. Im Rahmen der Geschwindigkeitskontrollen in der Weinstra\u00dfe in Bockenheim wurden drei Geschwindigkeitsverst\u00f6\u00dfe geahndet. Die gemessene H\u00f6chstgeschwindigkeit betrug 48 km\/h. Bei der Geschwindigkeits\u00fcberwachung in der Hauptstra\u00dfe in Ebertsheim wurden zwei Verst\u00f6\u00dfe festgestellt und geahndet. Die gemessene H\u00f6chstgeschwindigkeit lag hierbei bei 48 km\/h.<\/p>\n\n\n\n<p>Au\u00dferdem konnten in der Kirchheimer Stra\u00dfe in Gr\u00fcnstadt sieben Ordnungswidrigkeiten festgestellt werden. Vier Fahrzeugf\u00fchrer hatten den Sicherheitsgurt nicht angelegt und zwei benutzten ein Handy w\u00e4hrend der Fahrt in vorschriftswidriger Weise. Ein weiteres Verfahren wurde aufgrund unzureichender Profiltiefe eingeleitet.<\/p>\n\n\n\n<h2 class=\"wp-block-heading\">(Frankenthal) &#8211; M\u00f6gliches Raubdelikt in der Flomersheimer Stra\u00dfe<\/h2>\n\n\n<div class=\"wp-block-image\">\n<figure class=\"aligncenter size-full\"><img decoding=\"async\" loading=\"lazy\" width=\"801\" height=\"600\" src=\"https:\/\/speyer24news.com\/wp-content\/uploads\/2020\/05\/Zeugen-gesucht-Neutral.jpg\" alt=\"\" class=\"wp-image-26598\" srcset=\"https:\/\/speyer24news.com\/wp-content\/uploads\/2020\/05\/Zeugen-gesucht-Neutral.jpg 801w, https:\/\/speyer24news.com\/wp-content\/uploads\/2020\/05\/Zeugen-gesucht-Neutral-300x225.jpg 300w, https:\/\/speyer24news.com\/wp-content\/uploads\/2020\/05\/Zeugen-gesucht-Neutral-768x575.jpg 768w, https:\/\/speyer24news.com\/wp-content\/uploads\/2020\/05\/Zeugen-gesucht-Neutral-678x509.jpg 678w, https:\/\/speyer24news.com\/wp-content\/uploads\/2020\/05\/Zeugen-gesucht-Neutral-326x245.jpg 326w, https:\/\/speyer24news.com\/wp-content\/uploads\/2020\/05\/Zeugen-gesucht-Neutral-80x60.jpg 80w\" sizes=\"(max-width: 801px) 100vw, 801px\" \/><\/figure><\/div>\n\n\n<p>In der Nacht von Dienstag, 27.06.2023 auf Mittwoch, 28.06.2023 kam es zu einem Raubdelikt in der Flomersheimer Stra\u00dfe in Frankenthal. Gegen 01:00 Uhr wurde ein vor einem Anwesen befindlicher 40-J\u00e4hriger von einer Personengruppe von 6 bis 7 jungen M\u00e4nnern angesprochen. Anschlie\u00dfend wurde er mehrfach geschlagen und getreten. Nachdem sich die Personengruppe wieder entfernt hatte, stellte der Gesch\u00e4digte fest, dass Bargeld aus der Geldb\u00f6rse fehlt. Aufgrund der laufenden Ermittlungen sucht die Polizei nach Zeugen des Vorfalls gegen 01:00 Uhr sowie insbesondere Hinweise zur Identit\u00e4t der T\u00e4ter.<\/p>\n\n\n\n<ul>\n<li><strong>Zeugen werden gebeten sich an die Polizeiinspektion Frankenthal unter der Tel.-Nr.: 06233\/313-0 oder an die Polizeiwache Maxdorf unter der Tel.-Nr.: 06237\/934-1100 zu wenden. Gerne nehmen wir Ihre Hinweise auch per E-Mail unter&nbsp;<a href=\"mailto:%20pifrankenthal@polizei.rlp.de\">pifrankenthal@polizei.rlp.de<\/a>&nbsp;entgegen.<\/strong><\/li>\n<\/ul>\n\n\n\n<h2 class=\"wp-block-heading\">(Bobenheim-Roxheim) &#8211; Zeugenaufruf nach Raubdelikt an Supermarkt im S\u00fcdring<\/h2>\n\n\n<div class=\"wp-block-image\">\n<figure class=\"aligncenter size-full\"><img decoding=\"async\" loading=\"lazy\" width=\"801\" height=\"600\" src=\"https:\/\/speyer24news.com\/wp-content\/uploads\/2020\/05\/Zeugen-gesucht-Neutral.jpg\" alt=\"\" class=\"wp-image-26598\" srcset=\"https:\/\/speyer24news.com\/wp-content\/uploads\/2020\/05\/Zeugen-gesucht-Neutral.jpg 801w, https:\/\/speyer24news.com\/wp-content\/uploads\/2020\/05\/Zeugen-gesucht-Neutral-300x225.jpg 300w, https:\/\/speyer24news.com\/wp-content\/uploads\/2020\/05\/Zeugen-gesucht-Neutral-768x575.jpg 768w, https:\/\/speyer24news.com\/wp-content\/uploads\/2020\/05\/Zeugen-gesucht-Neutral-678x509.jpg 678w, https:\/\/speyer24news.com\/wp-content\/uploads\/2020\/05\/Zeugen-gesucht-Neutral-326x245.jpg 326w, https:\/\/speyer24news.com\/wp-content\/uploads\/2020\/05\/Zeugen-gesucht-Neutral-80x60.jpg 80w\" sizes=\"(max-width: 801px) 100vw, 801px\" \/><\/figure><\/div>\n\n\n<p>Bereits am Freitag, den 23.06.2023 kam es gegen 13:00 Uhr an einem Supermarkt im S\u00fcdring in Bobenheim-Roxheim zu einem Raubdelikt. Drei weibliche Personen im Alter von etwa 30 Jahren f\u00fcllten wahrscheinlich auff\u00e4llig schnell zun\u00e4chst mehrere Einkaufsw\u00e4gen mit diversen Artikeln und verlie\u00dfen anschlie\u00dfend ohne zu bezahlen den Markt. Hierbei \u00f6ffnete vermutlich ein dazugeh\u00f6riges Kind die elektrische Schiebet\u00fcr. Die Personen luden hiernach die Waren in eine silberne Limousine, als der Filialleiter hierauf aufmerksam wurde und die Frauen aufhalten wollte. Diese lie\u00dfen weitere Waren zur\u00fcck und setzten sich zum Wegfahren ins Auto. Die Fahrt konnte nicht verhindert werden. Hierbei wurde ein Zeuge, der den Filialleiter unterst\u00fctzen wollte, verletzt und der PKW besch\u00e4digt. Aufgrund der laufenden Ermittlungen sucht die Polizei nach Zeugen des Vorfalls sowie insbesondere Hinweise zur Identit\u00e4t der T\u00e4terinnen sowie des Kindes und Details zum Fahrzeug.<\/p>\n\n\n\n<ul>\n<li><strong>Zeugen werden gebeten sich an die Polizeiinspektion Frankenthal unter der Tel.-Nr.: 06233\/313-0 oder an die Polizeiwache Maxdorf unter der Tel.-Nr.: 06237\/934-1100 zu wenden. Gerne nehmen wir Ihre Hinweise auch per E-Mail unter&nbsp;<a href=\"mailto:%20pifrankenthal@polizei.rlp.de\">pifrankenthal@polizei.rlp.de<\/a>&nbsp;entgegen.<\/strong><\/li>\n<\/ul>\n\n\n\n<h2 class=\"wp-block-heading\">(Ludwigshafen) &#8211; Ergebnis der Kontrollwoche &#8222;Fahrradsicherheit&#8220; in Ludwigshafen <\/h2>\n\n\n\n<h3 class=\"wp-block-heading\">Nachtrag zur Pressemeldung vom 16.06.2023 unter https:\/\/s.rlp.de\/geTER<\/h3>\n\n\n<div class=\"wp-block-image\">\n<figure class=\"aligncenter size-full\"><img decoding=\"async\" loading=\"lazy\" width=\"800\" height=\"600\" src=\"https:\/\/speyer24news.com\/wp-content\/uploads\/2019\/04\/Fahrradkontrollwoche.jpg\" alt=\"\" class=\"wp-image-12351\" srcset=\"https:\/\/speyer24news.com\/wp-content\/uploads\/2019\/04\/Fahrradkontrollwoche.jpg 800w, https:\/\/speyer24news.com\/wp-content\/uploads\/2019\/04\/Fahrradkontrollwoche-300x225.jpg 300w, https:\/\/speyer24news.com\/wp-content\/uploads\/2019\/04\/Fahrradkontrollwoche-768x576.jpg 768w, https:\/\/speyer24news.com\/wp-content\/uploads\/2019\/04\/Fahrradkontrollwoche-678x509.jpg 678w, https:\/\/speyer24news.com\/wp-content\/uploads\/2019\/04\/Fahrradkontrollwoche-326x245.jpg 326w, https:\/\/speyer24news.com\/wp-content\/uploads\/2019\/04\/Fahrradkontrollwoche-80x60.jpg 80w\" sizes=\"(max-width: 800px) 100vw, 800px\" \/><figcaption class=\"wp-element-caption\">Fahrradkontrollwoche<\/figcaption><\/figure><\/div>\n\n\n<p>Die Polizeiinspektion Ludwigshafen 1 f\u00fchrte in der Zeit vom 19.06. bis 23.06.2023 eine Kontrollwoche &#8222;Fahrradsicherheit&#8220; im Stadtgebiet Ludwigshafen durch.<\/p>\n\n\n\n<p>Von Montag bis Freitag wurden insgesamt 323 Rad- und E-Scooter-Fahrende kontrolliert. Die Polizei stellte 144 Verst\u00f6\u00dfe fest. 66 Verst\u00f6\u00dfe waren auf Ausstattungsm\u00e4ngel, insbesondere Beleuchtungsm\u00e4ngel und fehlende Reflektoren und Fahrradklingeln zur\u00fcckzuf\u00fchren. 78 Verst\u00f6\u00dfe wurden aufgrund des Fehlverhaltens der Radfahrenden und E-Scooter-Fahrenden registriert. Besonders auff\u00e4llig war das verbotswidrige Befahren in der Fu\u00dfg\u00e4ngerzone, falsche Radwegbenutzung, Handynutzung w\u00e4hrend der Fahrt sowie die Geh\u00f6rbeeintr\u00e4chtigung durch Kopfh\u00f6rer. Lediglich 94 kontrollierte Radfahrende (ca. 29 %) trugen einen Fahrradhelm. Die Polizei weist ausdr\u00fccklich darauf hin, dass durch das Tragen eines Helms schlimme Kopfverletzungen gemildert oder gar verhindert werden k\u00f6nnen. Daher empfehlen wir immer mit Helm zu fahren. Mehr Informationen zum Thema erhalten Sie unter&nbsp;<a target=\"_blank\" rel=\"noreferrer noopener\" href=\"https:\/\/www.ich-trag-helm.de\/\">www.ich-trag-helm.de<\/a>&nbsp;.<\/p>\n\n\n\n<p>Erfreulicherweise mussten bei den kontrollierten Radfahrenden und E-Scootern keine Straftaten, wie Fahren unter Alkohol- oder Bet\u00e4ubungsmitteleinfluss oder Fahren ohne Versicherungsschutz festgestellt werden.<\/p>\n\n\n\n<p>Die Polizeiinspektion Ludwigshafen 1 wird auch k\u00fcnftig Kontrollen von Radfahrenden durchf\u00fchren. Die n\u00e4chste gro\u00dfe Kontrollwoche ist im Oktober dieses Jahres, mit Beginn der dunkleren Jahreszeit, geplant. Hier wird das Hauptaugenmerk dann auf der Erkennbarkeit der Radfahrenden im Stra\u00dfenverkehr liegen.<\/p>\n\n\n\n<h2 class=\"wp-block-heading\">(Ludwigshafen) &#8211; In Schule eingebrochen<\/h2>\n\n\n\n<p>In eine Schule in der Rheing\u00f6nheimer Stra\u00dfe wurde zwischen dem, 26.06.2023, 20 Uhr und dem 27.06.2023, 06:30 Uhr, eingebrochen. Im Schulgeb\u00e4ude durchw\u00fchlten die unbekannten T\u00e4ter R\u00e4ume und Schr\u00e4nke und versuchten einen Tresor aufzubrechen. Insgesamt entstand ein Sachschaden von 4.000 Euro.<\/p>\n\n\n\n<p>Auch in eine Grundschule in der Georg-Herwegh-Stra\u00dfe versuchten Unbekannte zwischen Dienstagnachmittag (27.06.2023, 17 Uhr) und Mittwochmorgen (28.06.2023, 06:15 Uhr) einzudringen. Hierbei wurde eine T\u00fcr besch\u00e4digt. Es gelang den T\u00e4tern jedoch nicht, ins Geb\u00e4udeinnere zu gelangen.<\/p>\n\n\n\n<ul>\n<li><strong>In beiden F\u00e4llen bittet die Polizei um Ihre Mithilfe. Wer hat zur fraglichen Zeit etwas beobachtet? Wer kann Angaben zu den Unbekannten machen? Sachdienliche Hinweise bitte an die Polizeiinspektion Ludwigshafen 1, Telefonnummer 0621 963-2122 oder per E-Mail&nbsp;<a href=\"mailto:%20piludwigshafen1@polizei.rlp.de\">piludwigshafen1@polizei.rlp.de<\/a>&nbsp;.<\/strong><\/li>\n<\/ul>\n\n\n\n<h2 class=\"wp-block-heading\">(Ludwigshafen) &#8211; Verdacht eines T\u00f6tungsdelikts in Ludwigshafen<\/h2>\n\n\n<div class=\"wp-block-image\">\n<figure class=\"aligncenter size-full\"><img decoding=\"async\" loading=\"lazy\" width=\"800\" height=\"533\" src=\"https:\/\/speyer24news.com\/wp-content\/uploads\/2021\/01\/Ruhe-in-Frieden.jpg\" alt=\"\" class=\"wp-image-32361\" srcset=\"https:\/\/speyer24news.com\/wp-content\/uploads\/2021\/01\/Ruhe-in-Frieden.jpg 800w, https:\/\/speyer24news.com\/wp-content\/uploads\/2021\/01\/Ruhe-in-Frieden-300x200.jpg 300w, https:\/\/speyer24news.com\/wp-content\/uploads\/2021\/01\/Ruhe-in-Frieden-768x512.jpg 768w\" sizes=\"(max-width: 800px) 100vw, 800px\" \/><\/figure><\/div>\n\n\n<p>In der Prinzregentenstra\u00dfe wurde am 27.06.2023, gegen 23 Uhr, ein 34-J\u00e4hriger leblos in seiner Wohnung gefunden. Nach derzeitigem Stand der Ermittlungen ist von einem T\u00f6tungsdelikt auszugehen. Ein Tatverd\u00e4chtiger wurde vorl\u00e4ufig festgenommen. Die Ermittlungen zu den genauen Hintergr\u00fcnden und Umst\u00e4nden der Tat sowie dem Motiv dauern an.<\/p>\n\n\n\n<h3 class=\"wp-block-heading has-text-align-center\">1. Nachtrag<\/h3>\n\n\n\n<h4 class=\"wp-block-heading\">Gemeinsame Pressemeldung von Staatsanwaltschaft Frankenthal (Pfalz) und Polizeipr\u00e4sidium Rheinpfalz<\/h4>\n\n\n\n<p>Nach den bisher durchgef\u00fchrten Ermittlungen von Staatsanwaltschaft Frankenthal und der Kriminalpolizei Ludwigshafen wurde in der Prinzregentenstra\u00dfe am 27.06.2023, gegen 23 Uhr, ein 34-J\u00e4hriger leblos und stark blutend in seiner Wohnung gefunden. Trotz sofort eingeleiteter Reanimationsma\u00dfnahmen verstarb der Mann kurz darauf in der Wohnung. Auf Grund von Zeugenaussagen sowie den Verletzungen des 34-J\u00e4hrigen wird von einem T\u00f6tungsdelikt ausgegangen. Laut Zeugen sei es im Vorfeld zu einer k\u00f6rperlichen Auseinandersetzung zwischen dem 34-J\u00e4hrigen und einem 46-j\u00e4hrigen Mitbewohner gekommen. Dieser ist dringend tatverd\u00e4chtig. Er wurde vorl\u00e4ufig festgenommen. Die Ermittlungen zu den genauen Hintergr\u00fcnden und Umst\u00e4nden der Tat sowie dem Motiv dauern an.<\/p>\n\n\n\n<h2 class=\"wp-block-heading\">(Ludwigshafen) &#8211; Verbotenes Fahrzeugrennen \/ Zeugen gesucht<\/h2>\n\n\n\n<p>Am sp\u00e4ten Dienstagabend (27.06.2023), gegen 22:40 Uhr, beobachteten Polizeibeamte ein Fahrzeugrennen zwischen einer 27-J\u00e4hrigen und einem 24-J\u00e4hrigen. Beide Autos waren mit teils stark \u00fcberh\u00f6hter Geschwindigkeit von der Valentin-Bauer-Stra\u00dfe in Richtung Bruchwiesenstra\u00dfe unterwegs. Auf der Bruchwiesenstra\u00dfe konnten die Fahrzeuge schlie\u00dflich angehalten und kontrolliert werden. Beide Fahrzeugf\u00fchrer erwarten nun Strafverfahren wegen des Verdachts der Teilnahme an einem verbotenen Kraftfahrzeugrennen.<\/p>\n\n\n\n<ul>\n<li><strong>Es werden nun weitere Zeugen gesucht, die das Fahrzeugrennen beobachtet haben oder durch das Verhalten der Fahrzeugf\u00fchrer gef\u00e4hrdet wurden.<\/strong><\/li>\n<\/ul>\n\n\n\n<ul>\n<li><strong>Sachdienliche Hinweise bitte an die Polizeiinspektion Ludwigshafen 1, Telefonnummer 0621 963-2122 oder per E-Mail&nbsp;<a href=\"mailto:%20piludwigshafen1@polizei.rlp.de\">piludwigshafen1@polizei.rlp.de<\/a>&nbsp;.<\/strong><\/li>\n<\/ul>\n\n\n\n<h2 class=\"wp-block-heading\">(Ludwigshafen) &#8211; Fahrzeugbrand auf L523 \/ Vollsperrung<\/h2>\n\n\n\n<p>Dienstagnachmittag (27.06.2023), gegen 13:30 Uhr, kam es auf der L 523 (\u00dcbergang zur Bundesstra\u00dfe 9) in Ludwigshafen zu einem Fahrzeugbrand. Aus bisher ungekl\u00e4rter Ursache geriet ein Kleintransporter in H\u00f6he der Auffahrt Nachtweide in Vollbrand. Der 58-j\u00e4hrige Fahrer erlitt Brandverletzungen und wurde durch den Rettungsdienst in ein Krankenhaus gebracht. Die Stra\u00dfe ist aktuell noch komplett gesperrt, der Verkehr wird abgeleitet.<\/p>\n\n\n\n<h3 class=\"wp-block-heading has-text-align-center\">1. Nachtrag zu:&nbsp;<a target=\"_blank\" rel=\"noreferrer noopener\" href=\"https:\/\/s.rlp.de\/e8gho\">https:\/\/s.rlp.de\/e8gho<\/a><\/h3>\n\n\n\n<p>Dienstagnachmittag (27.06.2023), gegen 13:30 Uhr, kam es auf der L 523 (\u00dcbergang zur Bundesstra\u00dfe 9) in Ludwigshafen zu einem Fahrzeugbrand. Nach derzeitigem Stand der Ermittlungen war es im Laderaum eines Transporters zun\u00e4chst zu einer Verpuffung gekommen. Beim \u00d6ffnen der Laderaumt\u00fcr erlitt der 58-j\u00e4hrige Fahrer des Transporters schwere Brandverletzungen. Der Laderaum brannte vollst\u00e4ndig aus und griff auch auf die Fahrerkabine \u00fcber. Auch die Fahrbahn wurde erheblich besch\u00e4digt.<\/p>\n\n\n\n<p>W\u00e4hrend der L\u00f6sch- und Aufr\u00e4umarbeiten sowie den ersten Ermittlungen vor Ort musste die L 523 im Bereich Nachtweide zwischen 14 Uhr bis 19 Uhr vollgesperrt werden. Es kam hierdurch zu einer hohen Verkehrsbeeintr\u00e4chtigung.<\/p>\n\n\n\n<p>Nach derzeitigem Kenntnisstand wird der entstandene Sachschaden auf 75.000 Euro gesch\u00e4tzt. Die rechte Spur wird bis zum Abschluss einer Begutachtung der Fahrbahn weiterhin gesperrt bleiben.<\/p>\n\n\n\n<p>Die Ermittlungen zur genauen Brandursache dauern weiter an.<\/p>\n\n\n\n<h2 class=\"wp-block-heading\">(Ludwigshafen) &#8211; Autofahrer bei Unfall mit Stra\u00dfenbahn eingeklemmt<\/h2>\n\n\n\n<p>Dienstagmittag (27.06.2023) kam es in der Hohenzollernstra\u00dfe gegen 11:30 Uhr zu einem Verkehrsunfall zwischen einem Autofahrer und einer Stra\u00dfenbahn. Die Stra\u00dfenbahn der Linie 10 war auf der Hohenzollernstra\u00dfe in Fahrtrichtung Sternstra\u00dfe unterwegs, als es zu einem Zusammensto\u00df mit einem am rechten Fahrbahnrand ausparkenden Auto kam. Durch den Zusammensto\u00df wurde das Auto zwischen der Stra\u00dfenbahn und einem weiteren am Fahrbahnrand geparkten PKW eingeklemmt. Der 38-j\u00e4hrige Autofahrer musste durch die Feuerwehr aus dem Fahrzeug befreit werden. Er erlitt leichte Verletzungen und wurde durch den Rettungsdienst in ein Krankenhaus gebracht. Die 36-j\u00e4hrige Stra\u00dfenbahnfahrerin sowie die Fahrg\u00e4ste blieben unverletzt. An allen drei beteiligten Fahrzeugen entstand Sachschaden in H\u00f6he von mehreren tausend Euro.<\/p>\n\n\n\n<h2 class=\"wp-block-heading\">(Ludwigshafen) &#8211; Mit Au\u00dfenspiegel Auto touchiert<\/h2>\n\n\n\n<p>Eine 18-J\u00e4hrige Autofahrerin fuhr am 27.06.2023, gegen 11:15 Uhr die Schillerstra\u00dfe in Richtung Hans-Warsch-Platz. Auf H\u00f6he der Hausnummer 47 touchierte sie mit ihrem Au\u00dfenspiegel ein am rechten Fahrbahnrand parkendes bzw. haltendes Auto. Hierdurch k\u00f6nnte am anderen Auto ein Schaden entstanden sein. Verkehrsbedingt musste die junge Frau zun\u00e4chst weiterfahren. Als sie nur wenige Minuten sp\u00e4ter zur Unfallstelle zur\u00fcckkehrte, war das andere Auto jedoch weg.<\/p>\n\n\n\n<ul>\n<li><strong>Wenn Sie zur fraglichen Zeit in der Schillerstra\u00dfe geparkt bzw. gehalten und einen Schaden an ihrem Auto festgestellt haben, melden Sie sich bitte bei der Polizeiwache Oggersheim unter Tel. 0621 963 &#8211; 2403 oder per E-Mail&nbsp;<a href=\"mailto:%20pwoggersheim@polizei.rlp.de\">pwoggersheim@polizei.rlp.de<\/a>&nbsp;erbeten.<\/strong><\/li>\n<\/ul>\n\n\n\n<h2 class=\"wp-block-heading\">(Ludwigshafen) &#8211; Sicher zur Schule \/ Polizei f\u00fchrt Schulbuskontrollen durch<\/h2>\n\n\n\n<p>Durch eine spezialisierte Einheit des Polizeipr\u00e4sidiums Rheinpfalz zur Kontrolle des gewerblichen G\u00fcter- und Personenverkehrs wurde am Morgen des Dienstages, den 27.06.2023 eine Schulbuskontrolle an der Ersatzhaltestelle des Schulzentrums Schifferstadt durchgef\u00fchrt. Die Beanstandungsquote lag bei \u00fcber 80 Prozent. Die Beanstandungen reichten von kleineren bis hin zu erheblichen M\u00e4ngeln.<\/p>\n\n\n\n<p>Ausr\u00fcstgegenst\u00e4nde waren teilweise unvollst\u00e4ndig oder nicht funktionsf\u00e4hig. In gleich mehreren F\u00e4llen wussten Fahrer nicht, wo sich Warndreieck oder Verbandskasten befanden und konnten diese erst nach l\u00e4ngerem Suchen oder nach R\u00fccksprache mit dem Chef auffinden &#8211; Gegenst\u00e4nde, die im Notfall schnell zur Hand sein sollten.<\/p>\n\n\n\n<p>Bei einem Bus war die seitliche Fahrtrichtungsanzeige defekt &#8211; eine Gefahr f\u00fcr Radfahrer. In zwei F\u00e4llen leuchtete die Motorkontrollleuchte dauerhaft &#8211; ein Zeichen, dass ein Problem mit dem Motor oder der Abgaseinrichtung besteht. Ein Unternehmer hatte offenbar seine eigene L\u00f6sung gefunden mit diesem Problem umzugehen. Anstatt den Mangel beheben zu lassen, hatte er die Kontrollleuchte einfach mit Klebeband \u00fcberklebt. Bei einem der Schulbusse konnte Luftverlust aus dem Druckluftsystem festgestellt werden. Hier bedarf es nun der umgehenden Reparatur. Bei einem weiteren Bus wurde festgestellt, dass drei Radschrauben lose waren. Die Weiterfahrt konnte erst nach Behebung des Mangels gestattet werden.<\/p>\n\n\n\n<p>Die Zentralen Verkehrsdienste f\u00fchren immer wieder Kontrollen mit besonderen Schwerpunkten durch. Auch in Zukunft werden wir die Sicherheit in Schulbussen besonders im Blick haben.<\/p>\n\n\n\n<h2 class=\"wp-block-heading\">(Ludwigshafen) &#8211; In Schule eingebrochen<\/h2>\n\n\n\n<p>Bislang Unbekannte brachen in der Nacht auf Dienstag (27.06.2023, gegen 1:38 Uhr) in eine Schule in der Krummlachstra\u00dfe ein. Hierbei brachen sie eine T\u00fcr auf und verursachten dadurch einen gesch\u00e4tzten Sachschaden von 500 Euro. Entwendet wurde nach derzeitigem Stand der Ermittlungen nichts.<\/p>\n\n\n\n<ul>\n<li><strong>Bei den Unbekannten k\u00f6nnte es sich um drei Jugendliche gehandelt haben. <\/strong><\/li>\n<\/ul>\n\n\n\n<ul>\n<li><strong>Die Polizeiinspektion Ludwigshafen 2 bittet um Hinweise. Wer hat etwas beobachtet? Wer kann Angaben zu m\u00f6glichen T\u00e4tern machen? Sachdienliche Hinweise bitte an die Polizeiinspektion Ludwigshafen 2, Telefonnummer 0621 963-2222 oder per E-Mail&nbsp;<a href=\"mailto:%20piludwigshafen2@polizei.rlp.de\">piludwigshafen2@polizei.rlp.de<\/a>&nbsp;.<\/strong><\/li>\n<\/ul>\n\n\n\n<h2 class=\"wp-block-heading\">(Ludwigshafen) &#8211; Ungekl\u00e4rter Todesfall<\/h2>\n\n\n<div class=\"wp-block-image\">\n<figure class=\"aligncenter size-full\"><img decoding=\"async\" loading=\"lazy\" width=\"800\" height=\"533\" src=\"https:\/\/speyer24news.com\/wp-content\/uploads\/2021\/02\/candle-2038736_1920.jpg\" alt=\"\" class=\"wp-image-33582\" srcset=\"https:\/\/speyer24news.com\/wp-content\/uploads\/2021\/02\/candle-2038736_1920.jpg 800w, https:\/\/speyer24news.com\/wp-content\/uploads\/2021\/02\/candle-2038736_1920-300x200.jpg 300w, https:\/\/speyer24news.com\/wp-content\/uploads\/2021\/02\/candle-2038736_1920-768x512.jpg 768w\" sizes=\"(max-width: 800px) 100vw, 800px\" \/><\/figure><\/div>\n\n\n<p>Am Montagabend, 26.06.2023, gegen 18.00 Uhr, wurde ein 27-J\u00e4hriger aus Ludwigshafen-Mundenheim leblos in seiner Wohnung gefunden. Trotz sofort eingeleiteter Reanimationsma\u00dfnahmen verstarb er kurz darauf in einem Krankenhaus. Die Kriminalpolizei hat die Ermittlungen zur konkreten Todesursache aufgenommen. Nach derzeitigem Erkenntnisstand kann eine Fremdeinwirkung ausgeschlossen werden.<\/p>\n\n\n\n<h2 class=\"wp-block-heading\">(Ludwigshafen) &#8211; Unfall zwischen Radfahrern \/ Zeugen gesucht<\/h2>\n\n\n\n<p>Am Montagnachmittag (26.06.2023), gegen 17:00 Uhr, waren ein 10- und ein 11-J\u00e4hriger mit ihren Fahrr\u00e4dern auf dem Radweg der Bruchwiesenstra\u00dfe in Richtung Innenstadt unterwegs. Von dem Radweg fuhren sie auf die Krummlachstra\u00dfe und durch die dortige Unterf\u00fchrung der Auffahrt zur A650. In der Unterf\u00fchrung kam den beiden Jungen ein Radfahrer auf der gleichen Spur entgegen. Der 10-J\u00e4hrige erschrak und st\u00fcrzte. Der Radfahrer hielt zun\u00e4chst an, setzte seine Fahrt dann aber in Richtung Gartenstadt fort. Der 10-J\u00e4hrige zog sich leichte Verletzungen zu und wurde durch den Rettungsdienst in ein Krankenhaus gebracht. <\/p>\n\n\n\n<h3 class=\"wp-block-heading\">Die Kinder beschrieben den Mann als:<\/h3>\n\n\n\n<ul>\n<li><strong>circa 30 Jahre alt<\/strong><\/li>\n\n\n\n<li><strong>bekleidet mit einer langen reflektierenden Jacke der BASF<\/strong><\/li>\n\n\n\n<li><strong>dunkler Sonnenbrille und schwarzer Kappe<\/strong><\/li>\n<\/ul>\n\n\n\n<ul>\n<li><strong>Wer hat den Unfall beobachtet oder kann Angaben zur Identit\u00e4t des Unfallbeteiligten machen?<\/strong><\/li>\n<\/ul>\n\n\n\n<ul>\n<li><strong>Sachdienliche Hinweise bitte an die Polizeiinspektion Ludwigshafen 1, Telefonnummer 0621 963-2122 oder per E-Mail&nbsp;<a href=\"mailto:%20piludwigshafen1@polizei.rlp.de\">piludwigshafen1@polizei.rlp.de<\/a>&nbsp;.<\/strong><\/li>\n<\/ul>\n\n\n\n<h2 class=\"wp-block-heading\">(Ludwigshafen) &#8211; Autofahrer verletzt beim T\u00fcr\u00f6ffnen Radfahrerin<\/h2>\n\n\n\n<p>Am Montagnachmittag (26.06.2023) wurde eine 32-j\u00e4hrige Radfahrerin bei einem Verkehrsunfall in der Kettlerstra\u00dfe verletzt. Die Frau war auf der Fahrbahn in Richtung Maudacher Stra\u00dfe unterwegs, als ein 47-J\u00e4hriger die Fahrert\u00fcr seines soeben am Fahrbahnrand geparkten Autos \u00f6ffnete. Die 32-J\u00e4hrige kollidierte mit der T\u00fcr, st\u00fcrzte und zog sich leichte Verletzungen am Kopf zu. Durch den Rettungsdienst wurde sie zur weiteren Versorgung und Untersuchung in ein Krankenhaus gebracht.<\/p>\n\n\n\n<p>Eine unachtsam aufgerissene Autot\u00fcr kann schnell zu erheblichen Sachsch\u00e4den oder schweren Unf\u00e4llen f\u00fchren. Im engen Stra\u00dfenverkehr laufen Rad- oder E-Scooterfahrende immer wieder Gefahr, pl\u00f6tzlich einer Wagent\u00fcr ausweichen zu m\u00fcssen. Im g\u00fcnstigsten Fall kommen alle Beteiligten mit dem Schrecken davon. Im schlimmsten Fall kann ein Aufprall mit einer ge\u00f6ffneten Autot\u00fcr f\u00fcr die Radfahrenden zu schweren Verletzungen f\u00fchren oder sogar t\u00f6dlich enden. &#8222;Dooring&#8220; hei\u00dft das Ph\u00e4nomen, auf das der Pr\u00e4ventionsclip des Landeskriminalamtes Rheinland-Pfalz hinweist.<\/p>\n\n\n\n<p>Ein einfacher Griff hilft Pkw-Fahrenden, das Risiko zu minimieren. Beim sogenannten &#8222;Holl\u00e4ndischen Griff&#8220; werden Fahrer- oder Beifahrert\u00fcr jeweils mit der Hand ge\u00f6ffnet, die der entsprechenden T\u00fcr abgewandt ist, wie im Pr\u00e4ventionsclip erl\u00e4utert wird. Der Fahrer oder die Fahrerin greift also mit der rechten Hand zum T\u00fcrgriff. Dabei wird automatisch die Schulter zur Fahrbahn gedreht und von hinten kommende Fahrzeuge werden so besser gesehen. Entsprechend greift ein Beifahrer mit links zur T\u00fcr und beugt so einem Zusammensto\u00df mit Bikern auf der Gehwegseite vor. In den Niederlanden geh\u00f6rt diese Praxis schon lange zur Fahrschulausbildung, daher der Name des ebenso einfachen wie sinnvollen Griffs.<\/p>\n\n\n\n<figure class=\"wp-block-embed is-type-video is-provider-youtube wp-block-embed-youtube wp-embed-aspect-16-9 wp-has-aspect-ratio\"><div class=\"wp-block-embed__wrapper\">\n<iframe loading=\"lazy\" title=\"Ph\u00e4nomen \u201eDooring\u201c: Unfallgefahr durch aufgerissene Autot\u00fcren\" width=\"500\" height=\"281\" src=\"https:\/\/www.youtube.com\/embed\/9N-82X6f04Q?feature=oembed\" frameborder=\"0\" allow=\"accelerometer; autoplay; clipboard-write; encrypted-media; gyroscope; picture-in-picture; web-share\" allowfullscreen><\/iframe>\n<\/div><\/figure>\n\n\n\n<h2 class=\"wp-block-heading\">(Ludwigshafen) &#8211; Call-Center Betrug<\/h2>\n\n\n\n<p>Am Montagmittag, 26.06.2023, gegen 14.20 Uhr, erhielt eine 73-J\u00e4hrige aus Rheing\u00f6nheim einen Anruf. Die Anruferin gab an, dass sie die Tochter der \u00e4lteren Dame sei und bat um Hilfe, da sie soeben einen Mann todgefahren habe. Als die 73-J\u00e4hrige erkl\u00e4rte sie habe keine Tochter gab sich die Anruferin mit j\u00fcngerer Stimme, als angebliche Enkelin aus. Daraufhin erkl\u00e4rte die \u00e4ltere Dame, sie verst\u00e4ndige die Polizei und zeigte den Anruf beim Kriminaldauerdienst telefonisch an.<\/p>\n\n\n\n<p>Ebenfalls am Montagmittag, 26.06.2023, gegen 15.00 Uhr, wurde eine 72-J\u00e4hrige telefonisch kontaktiert mit der Info, dass ihre Tochter in einen t\u00f6dlichen Unfall verwickelt sei. Die Gesch\u00e4digte reagierte derart geschockt, dass die Anruferin das Telefonat beendete. Die Polizei warnt eindringlich vor der Betrugsmasche der Schockanrufe und r\u00e4t allen Betroffenen, misstrauisch zu sein, wenn sie am Telefon mit einem beunruhigenden Sachverhalt konfrontiert werden. Indem die Betr\u00fcger geschickt und bewusst an die elterliche F\u00fcrsorge appellieren und gezielt Angst sch\u00fcren, gelingt es ihnen immer wieder Geld zu erbeuten. Gehen Sie nicht darauf ein, sondern halten Sie R\u00fccksprache mit Ihren richtigen Verwandten, um die Sachverhalte zu verifizieren. Und \u00fcbergeben Sie niemals Geld oder Wertsachen an unbekannte Personen. Lassen Sie zudem pr\u00e4ventiv gesehen Ihren Vornamen im Telefonbuch abk\u00fcrzen (aus Erika Mustermann wird beispielsweise E. Mustermann) oder ganz streichen. So k\u00f6nnen die T\u00e4ter Sie erst gar nicht ausfindig machen. Sind Sie bereits Opfer geworden, hilft Ihnen gerne die Opferschutzbeauftragte des Polizeipr\u00e4sidiums Rheinpfalz, Tel.Nr.0621 963-1154.<\/p>\n\n\n\n<h4 class=\"wp-block-heading\"><em>Auf der Internet-Seite&nbsp;<a href=\"https:\/\/www.polizei-beratung.de\/\" target=\"_blank\" rel=\"noreferrer noopener\">www.polizei-beratung.de<\/a>&nbsp;finden Sie umfangreiche Informationen zu diesem Thema.<\/em><\/h4>\n\n\n\n<h2 class=\"wp-block-heading\">(Ludwigshafen) &#8211; Unfall im Kreuzungsbereich \/ Zeugen gesucht<\/h2>\n\n\n\n<p>Am Montagnachmittag (26.06.2023) kam es gegen 14:15 Uhr zu einem Verkehrsunfall an der Einm\u00fcndung der J\u00e4gerstra\u00dfe in die Sumgaitallee. Ein 28-j\u00e4hriger Autofahrer war an der per Ampelschaltung vorfahrtsgeregelten Einm\u00fcndung der J\u00e4gerstra\u00dfe in die Sumgaitallee abgebogen und im Einm\u00fcndungsbereich mit dem Transporter eines 51-J\u00e4hrigen kollidiert. Die 31-j\u00e4hrige Beifahrerin des 28-J\u00e4hrigen wurde durch den Zusammensto\u00df leicht verletzt, sein Fahrzeug war nicht mehr fahrbereit und musste abgeschleppt werden. Es entstand ein Gesamtschaden von circa 2.000 Euro. Die genaue Unfallursache ist Gegenstand der Ermittlungen.<\/p>\n\n\n\n<ul>\n<li><strong>Wer hat den Verkehrsunfall beobachtet und kann Angaben zum Unfallhergang machen?<\/strong><\/li>\n<\/ul>\n\n\n\n<ul>\n<li><strong>Sachdienliche Hinweise bitte an die Polizeiinspektion Ludwigshafen 1, Telefonnummer 0621 963-2122 oder per E-Mail&nbsp;<a href=\"mailto:%20piludwigshafen1@polizei.rlp.de\">piludwigshafen1@polizei.rlp.de<\/a>&nbsp;.<\/strong><\/li>\n<\/ul>\n\n\n\n<h2 class=\"wp-block-heading\">(Ludwigshafen) &#8211; Versuchter Diebstahl<\/h2>\n\n\n\n<p>Unbekannte T\u00e4ter schlugen eine Seitenscheibe eines Wohnmobils der Marke Fiat in der Saarburger Stra\u00dfe ein und versuchten vergeblich das Fahrzeug zu entwenden. Der Schaden wird auf etwa 200 Euro gesch\u00e4tzt. Die Tat m\u00fcsste sich zwischen dem 01.03.2023, 00.00 Uhr und 26.06.2023, 13.00 Uhr, ereignet haben.<\/p>\n\n\n\n<ul>\n<li><strong>Hinweise nimmt die Kriminalpolizei Ludwigshafen unter der Telefonnummer 0621 963-2773 oder per E-Mail&nbsp;<a href=\"mailto:%20kiludwigshafen.k1.kdd@polizei.rlp.de\">kiludwigshafen.k1.kdd@polizei.rlp.de<\/a>&nbsp;entgegen.<\/strong><\/li>\n<\/ul>\n\n\n\n<h2 class=\"wp-block-heading\">(Ludwigshafen) &#8211; Diebstahl in Disco<\/h2>\n\n\n\n<p>Unbekannte T\u00e4ter verschafften sich im Zeitraum Montagnacht, 26.06.2023, 01.00 Uhr und Montagmittag, 26.06.2023, 13.00 Uhr, Zutritt zu einer Disco im Lagerplatzweg. Es gelang den T\u00e4tern Bargeld zu erbeuten. Au\u00dferdem gingen sie mehrere Automaten an. Ob hierbei Geld entnommen wurde, wird derzeit ermittelt. Es entstand ein Gesamtschaden in H\u00f6he von etwa 20.000 Euro. <\/p>\n\n\n\n<ul>\n<li><strong>Hinweise nimmt die Kriminalpolizei Ludwigshafen unter der Telefonnummer 0621 963-2773 oder per E-Mail&nbsp;<a href=\"mailto:%20kiludwigshafen.k1.kdd@polizei.rlp.de\">kiludwigshafen.k1.kdd@polizei.rlp.de<\/a>&nbsp;entgegen.<\/strong><\/li>\n<\/ul>\n\n\n\n<h2 class=\"wp-block-heading\">(Ludwigshafen) &#8211; Diebstahl<\/h2>\n\n\n\n<p>Am 26.06.2023, gegen 12.30 Uhr, wurden einer 21-j\u00e4hrigen Frau der Personalausweis, die EC-Karte und 50 Euro Bargeld gestohlen. Die Frau war fu\u00dfl\u00e4ufig in der Walzm\u00fchlstra\u00dfe unterwegs und wurde von entgegenkommenden Frauen angerempelt. Anschlie\u00dfend fiel der 21-J\u00e4hrigen auf, dass ihr das Etui mit den genannten Wertgegenst\u00e4nden entwendet wurde. Es entstand ein Schaden in H\u00f6he von 100 Euro.<\/p>\n\n\n\n<h2 class=\"wp-block-heading\">(Ludwigshafen) &#8211; 25-j\u00e4hrige Radfahrerin leicht verletzt<\/h2>\n\n\n\n<p>Als eine 58-j\u00e4hrige Autofahrerin am Montag, 26.06.2023, gegen 10 Uhr, in der Industriestra\u00dfe auf den Parkplatz eines Supermarkts einbog, kollidierte sie mit einer 25-j\u00e4hrigen Radfahrerin. Diese wurde durch den Unfall leicht verletzt und in ein Krankenhaus verbracht. Am Auto entstand ein Sachschaden von etwa 200 Euro.<\/p>\n\n\n\n<h2 class=\"wp-block-heading\">(Ludwigshafen) &#8211; Verkehrsunfall mit Unfallflucht auf Supermarktparkplatz<\/h2>\n\n\n\n<p>Eine 53-J\u00e4hrige zeigte bei der Polizeiwache Ludwigshafen-Oggersheim einen Verkehrsunfall mit Fahrerflucht an. Ihr VW-Polo wurde am Samstag, 24.06.2023, im Zeitraum 12.45 Uhr und 22.35 Uhr, auf dem Parkplatz eines Supermarktes in der Oderstra\u00dfe an der hinteren Beifahrert\u00fcr besch\u00e4digt. <\/p>\n\n\n\n<ul>\n<li><strong>Hinweise werden an die Polizeiwache Oggersheim unter Tel. 0621 963 &#8211; 2403 oder per E-Mail&nbsp;<a href=\"mailto:%20pwoggersheim@polizei.rlp.de\">pwoggersheim@polizei.rlp.de<\/a>&nbsp;erbeten. <\/strong><\/li>\n<\/ul>\n\n\n\n<p><strong><em>Die Polizei weist daraufhin, dass Unerlaubtes Entfernen von Unfallort kein Kavaliersdelikt ist! Der fl\u00fcchtige Fahrer muss mit einer Geld- oder Freiheitsstrafe bis zu 3 Jahren und evtl. mit einem F\u00fchrerscheinentzug rechnen. Au\u00dferdem kann der Fl\u00fcchtige den Kaskoschutz seiner Kfz-Versicherung verlieren und von seiner Versicherung an der Beteiligung des Fremdschadens beteiligt werden. Die Polizei r\u00e4t deshalb, jeden Unfall bei der Polizei zu melden.<\/em><\/strong><\/p>\n\n\n\n<h2 class=\"wp-block-heading\">(Ludwigshafen) &#8211; 19-J\u00e4hriger nach \u00dcbergriff durch Personengruppe verletzt \/ Zeugen gesucht<\/h2>\n\n\n<div class=\"wp-block-image\">\n<figure class=\"aligncenter size-full\"><img decoding=\"async\" loading=\"lazy\" width=\"800\" height=\"533\" src=\"https:\/\/speyer24news.com\/wp-content\/uploads\/2021\/11\/Schlaegerei.jpg\" alt=\"\" class=\"wp-image-42366\" srcset=\"https:\/\/speyer24news.com\/wp-content\/uploads\/2021\/11\/Schlaegerei.jpg 800w, https:\/\/speyer24news.com\/wp-content\/uploads\/2021\/11\/Schlaegerei-300x200.jpg 300w, https:\/\/speyer24news.com\/wp-content\/uploads\/2021\/11\/Schlaegerei-768x512.jpg 768w\" sizes=\"(max-width: 800px) 100vw, 800px\" \/><figcaption class=\"wp-element-caption\">Beispielbild Schl\u00e4gerei \/ K\u00f6rperverletzung, dient lediglich der Visualisierung<\/figcaption><\/figure><\/div>\n\n\n<p>Bereits am Samstagabend (24.06.2023) wurde ein 19-J\u00e4hriger durch eine Gruppe von 15-20 m\u00e4nnlichen Jugendlichen angegriffen und verletzt. Der Vorfall ereignete sich gegen 20:20 Uhr im Ebertpark, im Bereich der Erzbergerstra\u00dfe. Nach ersten Ermittlungen schlugen und traten die mit Fu\u00dfballtrikots bekleideten jungen M\u00e4nner mehrmals auf den 19-J\u00e4hrigen ein und fl\u00fcchteten im Anschluss zu Fu\u00df \u00fcber den Festplatz des Pfalzfestes in unbekannte Richtung. Der junge Mann wurde zur weiteren Untersuchung und Behandlung durch den Rettungsdienst in ein Krankenhaus gebracht.<\/p>\n\n\n\n<ul>\n<li><strong>Wer hat die Tat beobachtet oder kann Hinweise auf die Identit\u00e4t der T\u00e4ter geben?<\/strong><\/li>\n<\/ul>\n\n\n\n<ul>\n<li><strong>Sachdienliche Hinweise bitte an die Polizeiinspektion Ludwigshafen 1, Telefonnummer 0621 963-2122 oder per E-Mail&nbsp;<a href=\"mailto:%20piludwigshafen1@polizei.rlp.de\">piludwigshafen1@polizei.rlp.de<\/a>&nbsp;.<\/strong><\/li>\n<\/ul>\n\n\n\n<h2 class=\"wp-block-heading\">(Ludwigshafen) &#8211; Autofahrer kollidiert mit Radfahrer und fl\u00fcchtet<\/h2>\n\n\n\n<p>Bereits in der Nacht zum Samstag (24.06.2023) kam es im Schlehengang zu einer Verkehrsunfallflucht. Gegen 00:30 Uhr fuhr ein 47-j\u00e4hriger Radfahrer auf der Fahrbahn des Schlehengangs in Richtung Raschigstra\u00dfe. An der Einm\u00fcndung zur Raschigstra\u00dfe bog ein Autofahrer in den Schlehenweg ein, kam dabei auf die Fahrspur des Radfahrers und touchierte diesen am Vorderrad. Der Mann verlor die Kontrolle \u00fcber das Fahrrad und st\u00fcrzte gegen ein geparktes Auto. Der Unfallverursacher entfernte sich von der \u00d6rtlichkeit. Der 47-J\u00e4hrige wurde leicht verletzt.<\/p>\n\n\n\n<ul>\n<li><strong>Wer hat den Unfall beobachtet oder kann Angaben zum Unfallverursacher machen?<\/strong><\/li>\n<\/ul>\n\n\n\n<ul>\n<li><strong>Sachdienliche Hinweise bitte an die Polizeiinspektion Ludwigshafen 1, Telefonnummer 0621 963-2122 oder per E-Mail&nbsp;<a href=\"mailto:%20piludwigshafen1@polizei.rlp.de\">piludwigshafen1@polizei.rlp.de<\/a>&nbsp;.<\/strong><\/li>\n<\/ul>\n\n\n\n<h2 class=\"wp-block-heading\">(Mannheim) &#8211; Nicht angemeldete Versammlung aufgel\u00f6st<\/h2>\n\n\n\n<p>Am Mittwoch gegen 17.00 Uhr trafen sich ca. 30 Personen im Bereich des Mannheimer Wasserturms zu einer nicht angemeldete Versammlung. Da sich die Personengruppe nicht an die erteilten Auflagen gehalten hat, wurde die Versammlung, nach R\u00fccksprache mit der Versammlungsbeh\u00f6rde der Stadt Mannheim, aufgel\u00f6st. Personalien wurden festgestellt und Platzverweise erteilt. Zu vor\u00fcbergehenden Verkehrsbeeintr\u00e4chtigungen kam es nicht.<\/p>\n\n\n\n<h2 class=\"wp-block-heading\">(Mannheim) &#8211; Zigarette l\u00f6st Brand auf Balkon aus<\/h2>\n\n\n\n<p>Ein bislang unbekannter T\u00e4ter warf am Montag gegen 15.15 Uhr eine noch gl\u00fchende Zigarette vom Balkon eines Wohnblocks. Die Zigarette fiel in einen Blumenk\u00fcbel auf dem Balkon einer Anwohnerin in einem darunter liegenden Stockwerk. Die trockene Blumenerde entz\u00fcndet sich umgehend und das Feuer griff auf vier weitere Blumenk\u00fcbel \u00fcber. Sofort wurde die Berufsfeuerwehr Mannheim alarmiert und l\u00f6schte den Brand. Durch den Brand wurde auch die Br\u00fcstung des Balkons in Mitleidenschaft gezogen. Es entstand Sachschaden in H\u00f6he eines vierstelligen Betrags.<\/p>\n\n\n\n<h2 class=\"wp-block-heading\">(Mannheim) &#8211; \u00dcber 21.000 Euro Sachschaden nach Unfall<\/h2>\n\n\n\n<p>Am Montagmorgen, gegen 09:45 Uhr besch\u00e4digte eine 88-j\u00e4hrige VW-Fahrerin gleich mehrere in der Speyerer Stra\u00dfe geparkte Pkw und verursachte dadurch einen gesamten Sachschaden von knapp \u00fcber 21.000 Euro. Die 88-J\u00e4hrige fuhr die Speyerer Stra\u00dfe in Richtung Neckarauer Stra\u00dfe entlang. Aufgrund zu geringen Abstands kollidierte die Frau mit einem am Stra\u00dfenrand geparkten Pkw derselben Marke und besch\u00e4digte hierbei den linken Au\u00dfenspiegel. Im Anschluss prallte sie gegen einen ebenfalls am Fahrbahnrand geparkten Subaru und besch\u00e4digte die linke Fahrzeugfront. Durch den Zusammensto\u00df l\u00f6sten die Airbags der 88-j\u00e4hrigen VW-Fahrerin aus. Die Frau blieb bei dem Unfall unverletzt. Ihr Pkw musste jedoch aufgrund des Schadensbildes abgeschleppt werden. Die Halter der besch\u00e4digten Pkw wurden \u00fcber das Unfallereignis in Kenntnis gesetzt.<\/p>\n\n\n\n<h2 class=\"wp-block-heading\">(Mannheim-Oststadt) &#8211; Verkehrsunfall mit verletztem Kind \/ Zeugenaufruf<\/h2>\n\n\n\n<p>Am Montag gegen 14:00 Uhr kam es auf der Augustaanlage, in H\u00f6he des Friedrichsplatzes, zu einem Verkehrsunfall, bei dem ein 12-j\u00e4hriger Fahrradfahrer mit einem 46-j\u00e4hrigen Pkw-Fahrer zusammenstie\u00df. Der 12-J\u00e4hrige verletzte sich hierbei schwer und musste in einem Krankenhaus weiter behandelt werden. Lebensgefahr besteht nicht. Der Verkehrsdienst des Polizeipr\u00e4sidiums Mannheim hat die Ermittlungen aufgenommen. <\/p>\n\n\n\n<ul>\n<li><strong>Zeugen, die Hinweise zum Unfallhergang machen k\u00f6nnen, werden gebeten, sich beim Verkehrsdienst unter Tel.: 174-4222 zu melden.<\/strong><\/li>\n<\/ul>\n\n\n\n<h2 class=\"wp-block-heading\">(Heidelberg) &#8211; Unbekannte schlagen mit Glasflasche auf Mann ein und fl\u00fcchten \/ Zeugenaufruf!<\/h2>\n\n\n<div class=\"wp-block-image\">\n<figure class=\"aligncenter size-full\"><img decoding=\"async\" loading=\"lazy\" width=\"801\" height=\"600\" src=\"https:\/\/speyer24news.com\/wp-content\/uploads\/2020\/05\/Zeugen-gesucht-Neutral.jpg\" alt=\"\" class=\"wp-image-26598\" srcset=\"https:\/\/speyer24news.com\/wp-content\/uploads\/2020\/05\/Zeugen-gesucht-Neutral.jpg 801w, https:\/\/speyer24news.com\/wp-content\/uploads\/2020\/05\/Zeugen-gesucht-Neutral-300x225.jpg 300w, https:\/\/speyer24news.com\/wp-content\/uploads\/2020\/05\/Zeugen-gesucht-Neutral-768x575.jpg 768w, https:\/\/speyer24news.com\/wp-content\/uploads\/2020\/05\/Zeugen-gesucht-Neutral-678x509.jpg 678w, https:\/\/speyer24news.com\/wp-content\/uploads\/2020\/05\/Zeugen-gesucht-Neutral-326x245.jpg 326w, https:\/\/speyer24news.com\/wp-content\/uploads\/2020\/05\/Zeugen-gesucht-Neutral-80x60.jpg 80w\" sizes=\"(max-width: 801px) 100vw, 801px\" \/><\/figure><\/div>\n\n\n<p>Am Donnerstagabend, in der Zeit zwischen 22:45 Uhr und 23:10 Uhr, wurde ein 41-j\u00e4hriger Mann in der Eppelheimer Stra\u00dfe von zwei unbekannten T\u00e4tern angegriffen und leicht verletzt. Der 41-J\u00e4hrige hielt sich in der Eppelheimer Stra\u00dfe, in der N\u00e4he einer Tankstelle auf und telefonierte, als pl\u00f6tzlich zwei M\u00e4nner auf diesen zuliefen und ihm aus bisher unbekannten Gr\u00fcnden das Mobiltelefon aus der Hand rissen. Nachdem sich der 41-J\u00e4hrige wieder sein Mobiltelefon aneignete, schlug einer der T\u00e4ter dem 41-J\u00e4hrigen unvermittelt mit einer Glasflasche auf den Kopf, wodurch der Mann leicht verletzt wurde. Die beiden T\u00e4ter fl\u00fcchteten daraufhin in unbekannte Richtung. <\/p>\n\n\n\n<h3 class=\"wp-block-heading\">Die Unbekannten k\u00f6nnen wie folgt beschrieben werden:<\/h3>\n\n\n\n<ul>\n<li><strong>m\u00e4nnlich<\/strong><\/li>\n\n\n\n<li><strong>arabisches Erscheinungsbild<\/strong><\/li>\n\n\n\n<li><strong>ca. 22-25 Jahre alt<\/strong><\/li>\n\n\n\n<li><strong>bekleidet mit schwarzen Jacken.<\/strong><\/li>\n<\/ul>\n\n\n\n<p>Zeugen, welche sachdienliche Hinweise geben k\u00f6nnen, werden gebeten, sich mit dem Polizeirevier Heidelberg-Mitte, Tel.: 06221\/1857-0, in Verbindung zu setzen.<\/p>\n\n\n\n<h2 class=\"wp-block-heading\">(Heidelberg) &#8211; Unachtsamer Busfahrer f\u00e4hrt auf Motorrad auf<\/h2>\n\n\n\n<p>Ein 34-j\u00e4hriger Busfahrer eines Linienbusses befuhr am Mittwoch gegen 17.40 Uhr die Bundesstra\u00dfe 37 stadtausw\u00e4rts. Vermutlich infolge Unachtsamkeit und zu geringem Sicherheitsabstand fuhr er auf ein vorausfahrendes, verkehrsbedingt abbremsendes Motorrad eines 19-J\u00e4hrigen auf. Der 19-J\u00e4hrige kam hierdurch zu Fall und zog sich leichte Verletzungen zu. Ein Transport in die Klinik war nicht erforderlich. An beiden Fahrzeugen entstand Sachschaden in H\u00f6he von ca. 5.000 Euro.<\/p>\n\n\n\n<h2 class=\"wp-block-heading\">(Heidelberg) &#8211; Mehrere Grundst\u00fccke heimgesucht und Gegenst\u00e4nde entwendet \/ Zeugen gesucht!<\/h2>\n\n\n\n<p>Eine derzeit noch unbekannte T\u00e4terschaft verschaffte sich in der Zeit zwischen Montagabend, 21:30 Uhr und Dienstagmorgen, 06 Uhr Zutritt zu mehreren Grundst\u00fccken in der Hirschgasse.<\/p>\n\n\n\n<p>In einem Fall gelangte die bisher unbekannte T\u00e4terschaft \u00fcber eine offenstehende Balkont\u00fcr auf der R\u00fcckseite des Hauses in die Wohnung eines Mehrfamilienhauses und entwendete Bargeld im niedrigen dreistelligen Bereich, einen Schl\u00fcsselbund und mehrere Obstst\u00fccke.<\/p>\n\n\n\n<p>Unweit des ersten Objekts gelangte die T\u00e4terschaft auf bisher ungekl\u00e4rte Weise ebenfalls auf den Balkon und entwendete hier zwei Paar Schuhe, eine Tragetasche sowie ein Badetuch. Eine durch die Ger\u00e4usche wach gewordene 18-J\u00e4hrige konnte die T\u00e4terschaft auf dem Balkon beobachten und teilte dies ihren Eltern mit. <\/p>\n\n\n\n<h3 class=\"wp-block-heading\">Der T\u00e4ter fl\u00fcchtete jedoch auch hier von der \u00d6rtlichkeit kann jedoch wie folgt beschrieben werden:<\/h3>\n\n\n\n<ul>\n<li><strong>vermutlich m\u00e4nnlich<\/strong><\/li>\n\n\n\n<li><strong>blonde\/rosafarbene Haarfarbe (Kurzhaarfrisur)<\/strong><\/li>\n\n\n\n<li><strong>bekleidet mit einem bunten Hawaii-Hemd und kurzer schwarzer Hose<\/strong><\/li>\n<\/ul>\n\n\n\n<p>Au\u00dferdem suchte der bzw. die Unbekannte noch ein Gartengrundst\u00fcck auf. Hier kletterte der oder die T\u00e4terin \u00fcber ein verschlossenes Hoftor und entwendete aus einem unverschlossenem Gartenh\u00e4uschen ein Fahrrad sowie f\u00fcnf Paar Schuhe und fl\u00fcchtete in unbekannte Richtung. Im Zuge der Ermittlungen konnte das entwendete Fahrrad unweit an einem Tor angelehnt festgestellt werden. Die H\u00f6he des gesamten Diebstahlschadens ist noch nicht bekannt und Teil der noch andauernden Ermittlungen sowie die Frage, ob es sich in allen F\u00e4llen um ein und denselben T\u00e4ter handeln k\u00f6nnte oder noch weitere Personen beteiligt waren.<\/p>\n\n\n\n<p>Die Spezialisten und Spezialistinnen f\u00fcr Eigentumsdelikte unter Hinzuziehung der zentralen Kriminaltechnik der Kriminalpolizeidirektion Heidelberg haben die Ermittlungen \u00fcbernommen und bereits erste Spuren gesichert. <\/p>\n\n\n\n<ul>\n<li><strong>Zeugen, die das Geschehen beobachten konnten bzw. denen verd\u00e4chtige Personen in der N\u00e4he des Tatorts aufgefallen sind, werden gebeten, sich unter der Telefonnummer: 0621-174-4444 zu melden.<\/strong><\/li>\n<\/ul>\n\n\n\n<h2 class=\"wp-block-heading\">(Sandhausen \/ Rhein-Neckar-Kreis) &#8211; Unfall mit zwei beteiligten Pkw<\/h2>\n\n\n\n<p>Um kurz nach 10 Uhr ereignete sich am Dienstagvormittag im Kreuzungsbereich der Carl-Benz-Stra\u00dfe und der Heinrich-Lanz-Stra\u00dfe ein Unfall mit zwei beteiligten Fahrzeugen. Zum aktuellen Schadens -und Verletzungsbild sowie zum Unfallhergang kann noch keine Aussage getroffen werden. Derzeit sind Einsatzkr\u00e4fte der Feuerwehr, Polizei und der Rettungsdienst vor Ort im Einsatz. Es kann aufgrund der Unfallaufnahme zu Verkehrsbehinderungen kommen.<\/p>\n\n\n\n<h3 class=\"wp-block-heading has-text-align-center\">Pressemeldung Nr. 2<\/h3>\n\n\n\n<p>Wie bereits berichtet, ereignete sich am Dienstagvormittag ein Unfall im Kreuzungsbereich der Carl-Benz-Stra\u00dfe und der Heinrich-Lanz-Stra\u00dfe. Nach bisherigem Stand der Unfallermittlungen missachtete ein 33-j\u00e4hriger Skoda-Fahrer die Vorfahrt einer 83-j\u00e4hrigen VW-Fahrerin. Durch den Zusammensto\u00df wurden beide verletzt in ein Krankenhaus eingeliefert. \u00dcber das genaue Verletzungsbild kann derzeit noch keine Aussage getroffen werden. Beide Fahrzeuge waren nicht mehr fahrbereit und musste abgeschleppt werden. Es entstand ein Sachschaden von insgesamt rund 25.000 Euro.<\/p>\n\n\n\n<h2 class=\"wp-block-heading\">(Schwetzingen \/ Rhein-Neckar-Kreis) &#8211; 63-J\u00e4hriger vermisst \/ R\u00fccknahme der \u00d6ffentlichkeitsfahndung<\/h2>\n\n\n\n<h3 class=\"wp-block-heading has-text-align-center\">Pressemeldung Nr. 2<\/h3>\n\n\n\n<p>Die \u00d6ffentlichkeitsfahndung nach dem seit dem 19.06.2023 als vermisst gemeldeten 63-j\u00e4hrigen Wolfram B. wird zur\u00fcckgenommen. Medienvertreter werden gebeten, das Bild aus ihren Best\u00e4nden zu l\u00f6schen. Zwar ist der Vermisste noch nicht wieder an seine Wohnanschrift zur\u00fcckgekehrt, doch gab es zwischenzeitlich eine Kontaktaufnahme mit einem Angeh\u00f6rigen, sodass aktuell nicht mehr von einer hilflosen Lage ausgegangen wird.<\/p>\n\n\n\n<h2 class=\"wp-block-heading\">(Wiesloch \/ Rhein-Neckar-Kreis) &#8211; 11-J\u00e4hrige von Fahrzeug angefahren<\/h2>\n\n\n\n<p>Am Montag gegen 16.20 Uhr befuhr ein 44-j\u00e4hriger Mercedes-Fahrer die Gerbersruhstra\u00dfe von Richtung der Heidelberger Stra\u00dfe kommend in westlicher Fahrtrichtung. In H\u00f6he der Kreuzung Gerbersruhstra\u00dfe \/ Schlo\u00dfstra\u00dfe fuhr er in den dortigen Kreuzungsbereich ein und musste hierbei aufgrund eines vorausfahrenden Pkw, welcher seinerseits nach links abbiegen wollte, verkehrsbedingt halten. Nach dem Abbiegevorgang des Vorausfahrenden setzte er seine Fahrt \u00fcber die Kreuzung fort und kollidierte hierbei mit einem 11-j\u00e4hrigen M\u00e4dchen, welches mit ihrem Tretroller bei Gr\u00fcn die Fu\u00dfg\u00e4ngerfurt \u00fcber die Gerbersruhstra\u00dfe querte. Durch den Zusammensto\u00df st\u00fcrzte das Kind mitsamt seines Rollers zu Boden und zog sich hierbei leichte Verletzungen zu. Mehrere Ersthelfer eilten zur Hilfe. Am Pkw entstand keinerlei Sachschaden.<\/p>\n\n\n\n<h4 class=\"wp-block-heading\">Die Polizei sucht Zeugen und die Ersthelfer des Unfalls. Diese werden gebeten sich bei dem Polizeirevier Wiesloch zu melden, unter: 06222-57090.<\/h4>\n\n\n\n<h2 class=\"wp-block-heading\">(St. Leon-Rot \/ Rhein-Neckar-Kreis) &#8211; R\u00fccksichtslos und betrunken auf der Autobahn unterwegs \/ Weitere Zeugen gesucht<\/h2>\n\n\n\n<p>Am Montagabend, kurz vor 21 Uhr informierte eine Zeugin die Polizei \u00fcber einen Mercedes-Fahrer, welcher auf der BAB 6 zwischen der Anschlussstelle Wiesloch\/Rauenberg und dem Autobahnkreuz Walldorf durch seine rasante und ruckartige Fahrweise auffallen w\u00fcrde. Dieser sei mehrfach \u00fcber die durchgezogenen Linien gefahren und w\u00fcrde durch sehr dichtes Auffahren den Sicherheitsabstand nicht einhalten. Auf dem Parkplatz Bucheneck konnte der 32-j\u00e4hrige Mercedes-Fahrer schlie\u00dflich einer Verkehrskontrolle unterzogen werden. Bei dem kurz daraufhin eingeleiteten Kontrollgespr\u00e4ch konnten die Beamten des Polizeirevier Sinsheim deutlichen Alkoholgeruch bei dem 32-J\u00e4hrigen wahrnehmen. Ein Alkoholtest ergab einen Wert von knapp \u00fcber einem Promille. Auf dem Polizeirevier musste der 32-J\u00e4hrige eine Blutprobe abgeben.<\/p>\n\n\n\n<ul>\n<li><strong>Das Autobahnrevier Walldorf hat nun die weiteren Ermittlungen \u00fcbernommen und bittet Zeugen, welche Hinweise geben k\u00f6nnen bzw. die selbst von dem Mercedes-Fahrer gef\u00e4hrdet oder gesch\u00e4digt wurden, sich unter der Telefonnummer 06227\/35826-0 zu melden.<\/strong><\/li>\n<\/ul>\n\n\n\n<h2 class=\"wp-block-heading\">(A 5 \/ St.- Leon-Rot \/ Rhein-Neckar-Kreis) &#8211; Unbekannte entwenden Kraftstoff aus LKW-Tank<\/h2>\n\n\n\n<p>Ein 53-j\u00e4hriger LKW-Fahrer stellte seinen LKW am Sonntag gegen 20.00 Uhr auf dem Parkplatz M\u00f6nchberg ab, um seine Nachtruhe abzuhalten. Als er sich schlafen legte, befanden sich im Tank ca. 500 Liter Diesel-Kraftstoff. Am n\u00e4chsten Morgen wollte der 53-J\u00e4hrige seine Fahrt gegen 09.30 Uhr fortsetzen und stellte beim Starten des Motors fest, dass die Kontrollleuchte des Reservetanks blinkte. In der Nacht hatte der Fahrer nichts Verd\u00e4chtiges wahrgenommen, sodass von den unbekannten T\u00e4tern bislang jede Spur fehlt.<\/p>\n\n\n\n<ul>\n<li><strong>Zeugen, die Hinweise geben k\u00f6nnen, werden gebeten sich beim Verkehrsdienst Walldorf zu melden, unter: 06227-358260.<\/strong><\/li>\n<\/ul>\n\n\n\n<h2 class=\"wp-block-heading\">(Meckesheim \/ Rhein-Neckar-Kreis) &#8211; Brand an Br\u00fcckenbauwerk \/ Zeugenaufruf<\/h2>\n\n\n<div class=\"wp-block-image\">\n<figure class=\"aligncenter size-full\"><img decoding=\"async\" loading=\"lazy\" width=\"801\" height=\"600\" src=\"https:\/\/speyer24news.com\/wp-content\/uploads\/2020\/05\/Zeugen-gesucht-Neutral.jpg\" alt=\"\" class=\"wp-image-26598\" srcset=\"https:\/\/speyer24news.com\/wp-content\/uploads\/2020\/05\/Zeugen-gesucht-Neutral.jpg 801w, https:\/\/speyer24news.com\/wp-content\/uploads\/2020\/05\/Zeugen-gesucht-Neutral-300x225.jpg 300w, https:\/\/speyer24news.com\/wp-content\/uploads\/2020\/05\/Zeugen-gesucht-Neutral-768x575.jpg 768w, https:\/\/speyer24news.com\/wp-content\/uploads\/2020\/05\/Zeugen-gesucht-Neutral-678x509.jpg 678w, https:\/\/speyer24news.com\/wp-content\/uploads\/2020\/05\/Zeugen-gesucht-Neutral-326x245.jpg 326w, https:\/\/speyer24news.com\/wp-content\/uploads\/2020\/05\/Zeugen-gesucht-Neutral-80x60.jpg 80w\" sizes=\"(max-width: 801px) 100vw, 801px\" \/><\/figure><\/div>\n\n\n<p>Durch einen bislang unbekannten T\u00e4ter wurde am Montag in den fr\u00fchen Abendstunden gegen 17.20 Uhr ein Holzst\u00fctzpfeiler der sogenannten Aubr\u00fccke in der Schulstra\u00dfe in Brand gesetzt. Durch die Freiwillige Feuerwehr Meckesheim konnte der Brand z\u00fcgig gel\u00f6scht werden. Der Polizeiposten Meckesheim hat die Ermittlungen aufgenommen und ist auf der Suche nach Zeugen, welche Angaben zu dem oder den T\u00e4ter\/T\u00e4tern oder zur Tathandlung machen k\u00f6nnen. <\/p>\n\n\n\n<ul>\n<li><strong>Zeugen werden gebeten, sich unter Tel.: 06226\/1336 beim Polizeiposten Meckesheim zu melden.<\/strong><\/li>\n<\/ul>\n\n\n\n<h2 class=\"wp-block-heading\">(A 6 \/ Sinsheim \/ Rhein-Neckar-Kreis) &#8211; Wohnmobil verliert Solarpanel \/ Zwei Fahrzeuge besch\u00e4digt<\/h2>\n\n\n\n<p>Am Dienstagnachmittag gegen 16:30 Uhr verlor der Fahrer eines Wohnmobils auf der BAB 6 zwischen der Anschlussstelle Wiesloch\/Rauenberg und der Anschlussstelle Sinsheim eine auf dem Dach montierte Photovoltaikanlage. Ein nachfolgender Autofahrer erkannte das Hindernis auf der Fahrbahn zu sp\u00e4t und \u00fcberfuhr dieses, wodurch die Unterseite des Fahrzeugs besch\u00e4digt wurde. Die aufgewirbelten Metallteile trafen zudem einen dahinter befindlichen Pkw und besch\u00e4digten die Windschutzscheibe. Der Fahrer des Wohnmobils konnte ausfindig gemacht werden, da sich dieser kurz darauf selbstst\u00e4ndig bei der Polizei meldete. Der Sachschaden an beiden Pkw bel\u00e4uft sich auf mindestens 3.000 Euro.<\/p>\n\n\n\n<h2 class=\"wp-block-heading\">(Sinsheim \/ Rhein-Neckar-Kreis) &#8211; Exhibitionistische Handlung \/ Zeugen gesucht!<\/h2>\n\n\n<div class=\"wp-block-image\">\n<figure class=\"aligncenter size-full\"><img decoding=\"async\" loading=\"lazy\" width=\"500\" height=\"1000\" src=\"https:\/\/speyer24news.com\/wp-content\/uploads\/2022\/10\/Exhibitionist.png\" alt=\"\" class=\"wp-image-49838\" srcset=\"https:\/\/speyer24news.com\/wp-content\/uploads\/2022\/10\/Exhibitionist.png 500w, https:\/\/speyer24news.com\/wp-content\/uploads\/2022\/10\/Exhibitionist-150x300.png 150w\" sizes=\"(max-width: 500px) 100vw, 500px\" \/><\/figure><\/div>\n\n\n<p>Am Montag gegen 14:15 Uhr stellte eine aufmerksame Anruferin einen Mann in der Friedrichstra\u00dfe fest, welcher sich in unsittlicher Weise entbl\u00f6\u00dfte. Sobald sich m\u00e4nnliche Personen n\u00e4herten, verdeckte der unbekannte Mann sein Genital. Im Anschluss verlie\u00df er die Friedrichstra\u00dfe in unbekannte Richtung.<\/p>\n\n\n\n<h4 class=\"wp-block-heading\">Der Mann wird wie folgt beschrieben:<\/h4>\n\n\n\n<ul>\n<li><strong>\u00e4lterer Mann, \u00fcber 60 Jahre alt<\/strong><\/li>\n\n\n\n<li><strong>auff\u00e4llig gro\u00df, ca. 190 cm<\/strong><\/li>\n\n\n\n<li><strong>war bekleidet mit einem l\u00e4ngeren beigen T-Shirt<\/strong><\/li>\n\n\n\n<li><strong>er f\u00fchrte einen Rucksack und einen Strohhut mit sich<\/strong><\/li>\n<\/ul>\n\n\n\n<ul>\n<li><strong>Die Kriminalpolizei Heidelberg hat die Ermittlungen aufgenommen und ist nun auf der Suche nach Zeugen, welche Angaben zu dem Verhalten des unbekannten Mannes und auch zu dem Mann machen k\u00f6nnen. Diese werden gebeten, sich unter dem kriminalpolizeilichen Hinweistelefon Tel.: 0621\/174-4444 zu melden.<\/strong><\/li>\n<\/ul>\n\n\n\n<h2 class=\"wp-block-heading\">(Eberbach \/ Rhein-Neckar-Kreis) &#8211; Verdacht des versuchten Wechselfallbetrugs in Fachgesch\u00e4ften \/ Zeugen gesucht!<\/h2>\n\n\n\n<p>Nach bisherigem Ermittlungsstand versuchte am Dienstagnachmittag, kurz nach 14 Uhr eine bislang unbekannte weibliche T\u00e4terin in mindestens zwei Eberbacher Fachgesch\u00e4ften in der Friedrichstra\u00dfe diverse Kleinartikel mit geringem Sachwert mittels eines 200-Euro-Scheines zu kaufen. Nachdem das Verkaufspersonal das Wechselgeld auf den Tresen legte, erfolgte seitens der Unbekannten ein R\u00fcckzug von dem Kaufinteresse. Nur der Aufmerksamkeit und der Besonnenheit des Verkaufspersonals war es zu verdanken, dass das Wechselgeld rechtzeitig zur\u00fcckgefordert werden konnte und kein Schaden entstanden ist. Die T\u00e4terin eignete sich ihren 200 Euro Schein wieder an und verlie\u00df die Gesch\u00e4fte in unbekannte Richtung.<\/p>\n\n\n\n<ul>\n<li><strong>Zeugen, die ebenfalls von jenem Vorgehen betroffen oder gar gesch\u00e4digt wurden, werden gebeten, sich beim Polizeirevier Eberbach, Tel: 06721\/9210-126, zu melden.<\/strong><\/li>\n<\/ul>\n\n\n\n<h2 class=\"wp-block-heading\">(Dossenheim \/ Rhein-Neckar-Kreis) &#8211; Stra\u00dfenverkehrsgef\u00e4hrdung durch r\u00fccksichtslosen Raser<\/h2>\n\n\n\n<p>Am Montag gegen 15:30 Uhr kam es auf der Schwabenheimer Stra\u00dfe in Richtung Dossenheim zu einer Gef\u00e4hrdung mehrerer Autofahrer, als ein bislang unbekannter Autofahrer in H\u00f6he der Autobahnbr\u00fccke BAB 5 pl\u00f6tzlich zum \u00dcberholen ansetzte. Er achtete hierbei weder auf den entgegenkommenden Fahrzeugverkehr, noch auf die zul\u00e4ssige H\u00f6chstgeschwindigkeit und fuhr mit deutlich \u00fcberh\u00f6hter Geschwindigkeit an einem aufmerksamen Autofahrer vorbei. Dieser verlangsamte w\u00e4hrend dem \u00dcberholvorgang des Rasers sein Fahrzeug, so dass dieser wieder einscheren konnte. Nur so konnte ein Frontalzusammensto\u00df rechtzeitig verhindert werden. Genau der gleiche \u00dcberholvorgang wurde dann auch beim n\u00e4chsten vorausfahrenden Fahrzeug durchgef\u00fchrt. Auch hier \u00fcberholte der Raser und die Autofahrerin, die nun \u00fcberholt wurde, musste ebenfalls ihre Geschwindigkeit verringern, damit der Raser wieder vor ihr einscheren konnte. Auch hier w\u00e4re es beinahe zu einem Frontalzusammensto\u00df mit dem Gegenverkehr gekommen.<\/p>\n\n\n\n<p>Der Autofahrer, welcher zuerst \u00fcberholt worden war, begab sich dann auf ein nahe gelegenes Polizeirevier zur Anzeigenerstattung. Eine eingeleitete Fahndung verlief ergebnislos. Der Verkehrsdienst Heidelberg ist auf der Suche nach Zeugen, die Angaben zur groben und r\u00fccksichtslosen Fahrweise des Rasers machen k\u00f6nnen.<\/p>\n\n\n\n<ul>\n<li><strong>Zu dem Pkw des Rasers ist bekannt, dass es sich um einen roten Opel Vectra, \u00e4lteres Modell, handelt.<\/strong><\/li>\n<\/ul>\n\n\n\n<ul>\n<li><strong>Zeugen werden gebeten, sich unter Tel.: 0621\/174-4111 beim Verkehrsdienst zu melden.<\/strong><\/li>\n<\/ul>\n\n\n\n<h2 class=\"wp-block-heading\">(Weinheim \/ Rhein-Neckar-Kreis) &#8211; Betrunkener Radfahrer nutzt Fluchtt\u00fcr im Saukopftunnel als Schlafplatz<\/h2>\n\n\n<div class=\"wp-block-image\">\n<figure class=\"aligncenter size-full\"><img decoding=\"async\" loading=\"lazy\" width=\"640\" height=\"480\" src=\"https:\/\/speyer24news.com\/wp-content\/uploads\/2021\/04\/Alkohol.jpg\" alt=\"\" class=\"wp-image-35158\" srcset=\"https:\/\/speyer24news.com\/wp-content\/uploads\/2021\/04\/Alkohol.jpg 640w, https:\/\/speyer24news.com\/wp-content\/uploads\/2021\/04\/Alkohol-300x225.jpg 300w, https:\/\/speyer24news.com\/wp-content\/uploads\/2021\/04\/Alkohol-326x245.jpg 326w, https:\/\/speyer24news.com\/wp-content\/uploads\/2021\/04\/Alkohol-80x60.jpg 80w\" sizes=\"(max-width: 640px) 100vw, 640px\" \/><\/figure><\/div>\n\n\n<p>In der Nacht von Montag auf Dienstag wurde der Polizei um 00:30 Uhr durch Mitarbeiter des Landratsamt mitgeteilt, dass in einem Tunnel auf der B 38 eine der Fluchtt\u00fcren ge\u00f6ffnet wurde. Nachdem sich eine Streifenwagenbesatzung des Polizeireviers Weinheim vor Ort ein Bild verschaffe, stellten die Beamten im Bereich der Fluchtt\u00fcr einen schlafenden Mann mitsamt Fahrrad fest. Im Zuge des Gespr\u00e4chs mit dem 38-J\u00e4hrigen konnte in Erfahrung gebracht werden, dass der Mann mit seinem Fahrrad den Saukopftunnel befuhr und sich aufgrund seiner Alkoholisierung an einer Fluchtt\u00fcr schlafen legte. Ein Alkoholtest wurde durchgef\u00fchrt. Mit 3,1 Promille war der 38-J\u00e4hrige deutlich alkoholisiert. Der Mann musste die Beamten auf das Polizeirevier begleiten und eine Blutprobe abgeben. Er muss sich nun wegen Trunkenheit im Verkehr verantworten.<\/p>\n","protected":false},"excerpt":{"rendered":"<div class=\"mh-excerpt\"><p>Polizeimeldungen vom Dienstag &amp; Mittwoch (27.06. &amp; 28.06.2023) (Speyer) &#8211; Verkehrsunfall mit verletztem Radfahrer Am Dienstag gegen 18 Uhr fuhr eine 52-j\u00e4hrige PKW-Fahrerin vom Parkplatz eines Gesch\u00e4fts in der Iggelheimer Stra\u00dfe in den flie\u00dfenden Verkehr <a class=\"mh-excerpt-more\" href=\"https:\/\/speyer24news.com\/?p=53012\" title=\"Polizeimeldungen Dienstag &#038; Mittwoch (27.06. &#038; 28.06.2023)\">[&#8230;]<\/a><\/p>\n<\/div>","protected":false},"author":3,"featured_media":26162,"comment_status":"open","ping_status":"open","sticky":false,"template":"","format":"standard","meta":{"_monsterinsights_skip_tracking":false,"_monsterinsights_sitenote_active":false,"_monsterinsights_sitenote_note":"","_monsterinsights_sitenote_category":0,"footnotes":""},"categories":[15659],"tags":[7243,7244,3614,350,14537,15084,15267,14538,15361,15845,702,61,2555,6955,6986,6263,63,105,11150,6987,53,4854,13534,4683,1548,4905,11592,102,13626,213,14325,14324,13553,13541,55,8277,6368,5261,103,106,2803,2423,427,2625,380,62,104,979,1565],"aioseo_notices":[],"amp_enabled":true,"_links":{"self":[{"href":"https:\/\/speyer24news.com\/index.php?rest_route=\/wp\/v2\/posts\/53012"}],"collection":[{"href":"https:\/\/speyer24news.com\/index.php?rest_route=\/wp\/v2\/posts"}],"about":[{"href":"https:\/\/speyer24news.com\/index.php?rest_route=\/wp\/v2\/types\/post"}],"author":[{"embeddable":true,"href":"https:\/\/speyer24news.com\/index.php?rest_route=\/wp\/v2\/users\/3"}],"replies":[{"embeddable":true,"href":"https:\/\/speyer24news.com\/index.php?rest_route=%2Fwp%2Fv2%2Fcomments&post=53012"}],"version-history":[{"count":3,"href":"https:\/\/speyer24news.com\/index.php?rest_route=\/wp\/v2\/posts\/53012\/revisions"}],"predecessor-version":[{"id":53024,"href":"https:\/\/speyer24news.com\/index.php?rest_route=\/wp\/v2\/posts\/53012\/revisions\/53024"}],"wp:featuredmedia":[{"embeddable":true,"href":"https:\/\/speyer24news.com\/index.php?rest_route=\/wp\/v2\/media\/26162"}],"wp:attachment":[{"href":"https:\/\/speyer24news.com\/index.php?rest_route=%2Fwp%2Fv2%2Fmedia&parent=53012"}],"wp:term":[{"taxonomy":"category","embeddable":true,"href":"https:\/\/speyer24news.com\/index.php?rest_route=%2Fwp%2Fv2%2Fcategories&post=53012"},{"taxonomy":"post_tag","embeddable":true,"href":"https:\/\/speyer24news.com\/index.php?rest_route=%2Fwp%2Fv2%2Ftags&post=53012"}],"curies":[{"name":"wp","href":"https:\/\/api.w.org\/{rel}","templated":true}]}}