{"id":53030,"date":"2023-07-01T08:25:00","date_gmt":"2023-07-01T07:25:00","guid":{"rendered":"https:\/\/speyer24news.com\/?p=53030"},"modified":"2023-07-01T08:36:47","modified_gmt":"2023-07-01T07:36:47","slug":"polizeimeldung-freitag-30-06-2023","status":"publish","type":"post","link":"https:\/\/speyer24news.com\/?p=53030","title":{"rendered":"Polizeimeldungen Freitag (30.06.2023)"},"content":{"rendered":"<style type=\"text\/css\">\r\n\t.ads_top_disp{}\r\n\t.ads_top_corner_disp{ float:left; margin:0px 10px 10px 0px; }\r\n\t.ads_first_p_disp{}\r\n\t.ads_bottom_disp{}\r\n\t<\/style>\n<h2 class=\"wp-block-heading\">Polizeimeldungen vom Freitag (30.06.2023)<\/h2>\n\n\n<div class=\"wp-block-image\">\n<figure class=\"aligncenter size-full\"><img decoding=\"async\" loading=\"lazy\" width=\"375\" height=\"500\" src=\"https:\/\/speyer24news.com\/wp-content\/uploads\/2022\/03\/Aktuelles-Polizeilogo.jpg\" alt=\"\" class=\"wp-image-43591\" srcset=\"https:\/\/speyer24news.com\/wp-content\/uploads\/2022\/03\/Aktuelles-Polizeilogo.jpg 375w, https:\/\/speyer24news.com\/wp-content\/uploads\/2022\/03\/Aktuelles-Polizeilogo-225x300.jpg 225w\" sizes=\"(max-width: 375px) 100vw, 375px\" \/><\/figure><\/div>\n\n\n<h2 class=\"wp-block-heading\">(Speyer) &#8211; Ladendiebst\u00e4hle in der Innenstadt<\/h2>\n\n\n\n<p>Am 29.06.2023 gegen 14:30 Uhr nahm ein 40-j\u00e4hrger Mann in einem Drogeriemarkt in der Maximilianstra\u00dfe einen Herrenduft im Wert von 150 Euro aus der Auslage und verstaute ihn zun\u00e4chst in seinem Rucksack. Er entfernte anschlie\u00dfend die Folie und nahm das Parfum aus der Verpackung. Als er von einer Mitarbeiterin angesprochen wurde, stellte er den Duft in ein Regal und fl\u00fcchtete aus dem Markt. Im Rahmen der Fahndung konnte der Mann aufgrund der guten Beschreibung in Maximilianstra\u00dfe festgestellt und kontrolliert werden.<\/p>\n\n\n\n<p>Gegen 19:10 Uhr kam es im gleichen Markt zu einem weiteren Ladendiebstahl. Eine f\u00fcnfk\u00f6pfige Personengruppe hielt sich dabei in der Parf\u00fcmabteilung auf. Ein 17-J\u00e4hriger nahm eine Parfumflasche im Wert von 85 Euro an sich, entfernte die Verpackung und strecke die Flasche in eine Hosentasche. Anschlie\u00dfend verlie\u00df die Gruppe ohne die Ware zu bezahlen den Markt. Die zuvor beschriebene Gruppe wurde durch die eingesetzten Beamten im Bereich der Kutschergasse kontrolliert. Der Tatverd\u00e4chtige 17-J\u00e4hrige hatte das Diebesgut zu diesem Zeitpunkt nicht mehr bei sich.<\/p>\n\n\n\n<p>Gegen beide M\u00e4nner wurde ein Strafverfahren wegen Diebstahl eingeleitet.<\/p>\n\n\n\n<h2 class=\"wp-block-heading\">(Speyer) &#8211; Radfahrerin st\u00fcrzt in der Sch\u00fctzenstra\u00dfe \/ Zeugen gesucht<\/h2>\n\n\n\n<p>Am 29.06.2023 gegen 10:30 Uhr befuhr eine 60-J\u00e4hrige auf ihrem Fahrrad die die Sch\u00fctzenstra\u00dfe aus Richtung Landauer Stra\u00dfe kommend in Richtung Obere Langgasse. Auf H\u00f6he des Sch\u00fctzengartens kam die Dame zu Fall und verletzte sich dabei schwer. Die Frau konnte sich bei der Unfallaufnahme nicht mehr an den genauen Unfallhergang erinnern. Sie wurde durch den Rettungsdienst in ein nahegelegenes Krankenhaus gebracht. Die Polizei sucht nun Zeugen die Angaben zum Unfallgeschehen machen k\u00f6nnen. <\/p>\n\n\n\n<ul>\n<li><strong>Zeugen werden gebeten, sich mit der Polizeiinspektion Speyer unter 06232 137-0 oder&nbsp;<a href=\"mailto:%20pispeyer@polizei.rlp.de\">pispeyer@polizei.rlp.de<\/a>&nbsp;in Verbindung zu setzen.<\/strong><\/li>\n<\/ul>\n\n\n\n<h2 class=\"wp-block-heading\">(Schifferstadt) &#8211; Radfahrer kollidieren miteinander<\/h2>\n\n\n\n<p>Am Mittwochabend, gegen 18:50 Uhr, befuhr ein 70-j\u00e4hriger Radfahrer den Wirtschaftsweg, welcher parallel zur Rehhofstra\u00dfe verl\u00e4uft, in Richtung Salierstra\u00dfe. Ein 49-j\u00e4hriger Radfahrer befuhr einen angrenzenden Wirtschaftsweg in Richtung Rehhofstra\u00dfe. Beim Kreuzen der beiden Wirtschaftswege kollidierten beide Radfahrer miteinander und verletzten sich leicht. Eine \u00e4rztliche Versorgung war vor Ort nicht notwindig. Insgesamt entstand Sachschaden von etwa 150 Euro.<\/p>\n\n\n\n<h2 class=\"wp-block-heading\">(Schifferstadt) &#8211; Ladendiebstahl<\/h2>\n\n\n\n<p>Am Mittwochmittag, gegen 12:00 Uhr, beobachtete ein Ladendetektiv in einem Einkaufsmarkt im Waldspitzweg eine junge Frau, wie diese eine Schnapsflasche in den Rucksack ihres m\u00e4nnlichen Begleiters und eine Getr\u00e4nkedose in ihre eigene Handtasche steckte. Nach dem Kassenbereich wurden der 28-J\u00e4hrige und dessen 17-j\u00e4hrige Begleitern durch den Ladendetektiv angesprochen. Im Rahmen einer Durchsuchung wurden bei dem Mann ein Klappmesser und ein Pfefferspray aufgefunden und sichergestellt. Gegen beide Personen wird wegen Diebstahl mit Waffen ermittelt.<\/p>\n\n\n\n<h2 class=\"wp-block-heading\">(Mutterstadt) &#8211; M\u00fcll angez\u00fcndet \/ Sachbesch\u00e4digung durch Feuer<\/h2>\n\n\n<div class=\"wp-block-image\">\n<figure class=\"aligncenter size-full\"><img decoding=\"async\" loading=\"lazy\" width=\"640\" height=\"428\" src=\"https:\/\/speyer24news.com\/wp-content\/uploads\/2021\/02\/Feuerwehr-Polizei.jpg\" alt=\"\" class=\"wp-image-33096\" srcset=\"https:\/\/speyer24news.com\/wp-content\/uploads\/2021\/02\/Feuerwehr-Polizei.jpg 640w, https:\/\/speyer24news.com\/wp-content\/uploads\/2021\/02\/Feuerwehr-Polizei-300x201.jpg 300w\" sizes=\"(max-width: 640px) 100vw, 640px\" \/><\/figure><\/div>\n\n\n<p>Am Mittwochabend, 28.06.23, meldeten Anwohner aus der Westpreu\u00dfenstra\u00dfe, dass gegen 17 Uhr ihre Papiertonne gebrannt h\u00e4tte. Durch den Brand wurde die Gartenmauer des Anwesens besch\u00e4digt. Die Papiertonne wurde durch das Feuer vollst\u00e4ndig zerst\u00f6rt und muss nun ersetzt werden. Wenig sp\u00e4ter kam es zu einer weiteren Meldung aus dem Bereich der nahegelegenen Pommernstra\u00dfe. Auch hier ging auf der Stra\u00dfe bereitgestellter Papierm\u00fcll in Flammen auf. Die Flammen verbrannten neben einigen M\u00fclls\u00e4cken auch die Gartenhecke des Anwesens. Dem beherzten Eingreifen der Anwohner selbst ist es zu verdanken, dass keine gr\u00f6\u00dferen Sch\u00e4den entstanden. Die Polizei geht auf Grund des r\u00e4umlichen Zusammenhangs von vors\u00e4tzlichem in Brand setzen des Papierm\u00fclls aus und ermittelt wegen Sachbesch\u00e4digung durch Feuer in zwei F\u00e4llen. <\/p>\n\n\n\n<ul>\n<li><strong>Zeugen, die verd\u00e4chtige Personen in der Zeit zwischen 17 &#8211; 20 Uhr im Bereich Westpreu\u00dfenstra\u00dfe \/ Pommernstra\u00dfe bemerkten oder sonstige, verd\u00e4chtige Beobachtungen gemacht haben, werden gebeten, sich mit der Polizeiinspektion Schifferstadt unter 06235 &#8211; 4950 oder&nbsp;<a href=\"mailto:%20pischifferstadt@polizei.rlp.de\">pischifferstadt@polizei.rlp.de<\/a>&nbsp;in Verbindung zu setzen.<\/strong><\/li>\n<\/ul>\n\n\n\n<h2 class=\"wp-block-heading\">(W\u00f6rth) &#8211; Keine Chance f\u00fcr Diebe<\/h2>\n\n\n\n<p>Gleich zweimal meldete sich der Ladendetektiv eines Discounters am K\u00fchgrunddamm in W\u00f6rth im Laufe des Donnerstages. Bereits gegen 11:40 Uhr konnte er zwei Ladendiebe stellen, die versuchten getrennt voneinander mehrere Konsumg\u00fcter an der Kasse vorbei zu schmuggeln. Auch am Abend gegen 19.00 Uhr war es zwei weiteren Ladendieben nicht m\u00f6glich, ihr Vorhaben zu Ende zu bringen. Sie packten mehrere Gegenst\u00e4nde gemeinschaftlich in einen Rucksack und wollten dem Markt ohne zu bezahlen verlassen. Auch hierbei wurden sie erwischt. Von den vier T\u00e4tern wurde im Rahmen des Strafverfahrens wegen Ladendiebstahl je eine Sicherheitsleistung erhoben.<\/p>\n\n\n\n<h2 class=\"wp-block-heading\">(W\u00f6rth) &#8211; Vorbildliche Elterntaxis<\/h2>\n\n\n\n<p>Bei einer Schulwegkontrolle am Donnerstagmorgen an der Dammschule und am Europa-Gymnasium in W\u00f6rth wurde der anreisende Schulverkehr \u00fcberwacht. Hin und wieder mussten die Beamten ein verkehrserzieherisches Gespr\u00e4ch mit einigen Eltern f\u00fchren. Es ergaben sich allerdings keine Verkehrsverst\u00f6\u00dfe. Insgesamt war das Verhalten der sog. Elterntaxis positiv zu bewerten.<\/p>\n\n\n\n<h2 class=\"wp-block-heading\">(Hagenbach) &#8211; Gartenlaube aufgebrochen<\/h2>\n\n\n\n<p>In der Nacht von Mittwoch auf Donnerstag verschaffte sich ein bisher unbekannter T\u00e4ter gewaltsam Zutritt zu einer Gartenlaube in Hagenbach in Verl\u00e4ngerung der Raiffeisenstra\u00dfe. Er entwendete dort ein Notstromaggregat und eine Gastherme im Wert von ca. 1700 Euro. <\/p>\n\n\n\n<ul>\n<li><strong>Zeugen, welche verd\u00e4chtige Wahrnehmungen gemacht haben, m\u00f6gen sich bitte mit der Polizei W\u00f6rth unter 07271 92210 oder&nbsp;<a href=\"mailto:%20piwoerth@polizei.rlp.de\">piwoerth@polizei.rlp.de<\/a>&nbsp;in Verbindung setzen.<\/strong><\/li>\n<\/ul>\n\n\n\n<h2 class=\"wp-block-heading\">(Landau-Queichheim) &#8211; (Grund-)Schulweg\u00fcberwachung<\/h2>\n\n\n\n<p>Am Freitagmorgen wurde im Zeitraum 07:30h-08:00h der Schulweg zur Grundschule in der Queichheimer Hauptstra\u00dfe \u00fcberwacht. Lediglich ein sog. &#8222;Eltern-Taxi&#8220; hielt verkehrswidrig. Die Eltern zeigten sich durchweg erfreut \u00fcber die polizeiliche Kontrolle und bef\u00fcrworteten diese.<\/p>\n\n\n\n<h2 class=\"wp-block-heading\">(Landau-Queichheim) &#8211; Schulweg\u00fcberwachung in der Schneiderstra\u00dfe<\/h2>\n\n\n\n<p>Am Donnerstag wurde durch die Polizei Landau am Schulzentrum in der Schneiderstra\u00dfe von 07:30h-08:15h eine Schulweg\u00fcberwachung durchgef\u00fchrt. Hierbei wurden 5 Kraftfahrzeuge mit M\u00e4ngeln und ein Gurtversto\u00df festgestellt. Zudem wurde ein 35-J\u00e4hriger mit seinem Auto kontrolliert und hierbei eine Drogenbeeinflussung festgestellt. Den Mann erwarten entsprechende Strafverfahren.<\/p>\n\n\n\n<h2 class=\"wp-block-heading\">(Landau-Nu\u00dfdorf) &#8211; T\u00f6dlicher Verkehrsunfall<\/h2>\n\n\n<div class=\"wp-block-image\">\n<figure class=\"aligncenter size-full\"><img decoding=\"async\" loading=\"lazy\" width=\"800\" height=\"533\" src=\"https:\/\/speyer24news.com\/wp-content\/uploads\/2021\/01\/Ruhe-in-Frieden.jpg\" alt=\"\" class=\"wp-image-32361\" srcset=\"https:\/\/speyer24news.com\/wp-content\/uploads\/2021\/01\/Ruhe-in-Frieden.jpg 800w, https:\/\/speyer24news.com\/wp-content\/uploads\/2021\/01\/Ruhe-in-Frieden-300x200.jpg 300w, https:\/\/speyer24news.com\/wp-content\/uploads\/2021\/01\/Ruhe-in-Frieden-768x512.jpg 768w\" sizes=\"(max-width: 800px) 100vw, 800px\" \/><\/figure><\/div>\n\n\n<p>Am Freitagnachmittag kam es auf der K 8 zwischen Nu\u00dfdorf und Landau zu einem t\u00f6dlichen Verkehrsunfall. Gegen 15:40 Uhr befuhr ein 68-j\u00e4hriger Jeep-Fahrer aus dem Kreis S\u00fcdliche Weinstra\u00dfe die K 8 aus Nu\u00dfdorf kommend in Richtung L 516. Aus bisher ungekl\u00e4rter Ursache kam der 68-J\u00e4hrige nach links von der Fahrbahn ab und kam alleinbeteiligt im angrenzenden Weinberg zum Stehen. Trotz sofort eingeleiteter Reanimationsma\u00dfnahmen verstarb der 68-J\u00e4hrige anschlie\u00dfend im Krankenhaus. Der entstandene Sachschaden bel\u00e4uft sich auf mehrere tausend Euro. Zur Kl\u00e4rung der Unfallursache wurde ein Gutachter beauftragt.<\/p>\n\n\n\n<h2 class=\"wp-block-heading\">(Maikammer) &#8211; Zusammensto\u00df mit Fu\u00dfg\u00e4ngerin<\/h2>\n\n\n<div class=\"wp-block-image\">\n<figure class=\"aligncenter size-full\"><img decoding=\"async\" loading=\"lazy\" width=\"800\" height=\"506\" src=\"https:\/\/speyer24news.com\/wp-content\/uploads\/2023\/07\/IMG_E3055.jpg\" alt=\"\" class=\"wp-image-53031\" srcset=\"https:\/\/speyer24news.com\/wp-content\/uploads\/2023\/07\/IMG_E3055.jpg 800w, https:\/\/speyer24news.com\/wp-content\/uploads\/2023\/07\/IMG_E3055-300x190.jpg 300w, https:\/\/speyer24news.com\/wp-content\/uploads\/2023\/07\/IMG_E3055-768x486.jpg 768w\" sizes=\"(max-width: 800px) 100vw, 800px\" \/><\/figure><\/div>\n\n\n<p>Am Donnerstag, 29.06.2023, gegen 07.15 Uhr, befuhr ein 58-j\u00e4hriger Hyundai-Fahrer die Kardinal-Wendel-Stra\u00dfe in Richtung Maxburgstra\u00dfe und wollte nach links in die Bischof-Ketteler-Stra\u00dfe abbiegen. Nach wenigen Metern Fahrt \u00fcbersah er hierbei eine 87-j\u00e4hrige Fu\u00dfg\u00e4ngerin, die im unmittelbaren Kreuzungsbereich gerade die Stra\u00dfe \u00fcberqueren wollte. Es kam zum Zusammensto\u00df und die Frau musste anschlie\u00dfend aufgrund einer Kopfverletzung in ein Krankenhaus eingeliefert werden.<\/p>\n\n\n\n<h2 class=\"wp-block-heading\">(Neustadt) &#8211; Betrunken und berauscht zur Tankstelle<\/h2>\n\n\n\n<p>Am 30.06.2023 um 02:00 Uhr konnte ein 21-J\u00e4hriger aus Schleswig-Holstein, welcher mit einem Miet-E-Scooter in der Martin-Luther-Stra\u00dfe in 67433 Neustadt\/W. unterwegs war, zun\u00e4chst einer anlassunabh\u00e4ngigen Verkehrskontrolle unterzogen werden. Dieser befand sich zu diesem Zeitpunkt auf dem Weg zu einer Tankstelle. Im Rahmen der Kontrolle konnte starker Atemalkoholgeruch bei dem jungen Mann festgestellt werden. Ein Vortest ergab letztlich einen Wert von 1,20 Promille. Des Weiteren konnten bei dem Fahrer des E-Scooters Auff\u00e4lligkeiten festgestellt werden, welche auf einen zeitnahen Bet\u00e4ubungsmittelkonsum schlie\u00dfen lie\u00dfen. Ein ebenfalls durchgef\u00fchrter Vortest verlief positiv auf THC. Der 21-J\u00e4hrige musste daher in der hiesigen Dienststelle eine Blutprobe abgeben. Dessen F\u00fchrerschein konnte nicht mit dem Ziel der Entziehung sichergestellt werden, da der Fahrer diesen vor circa zwei Wochen wegen eines gleichgelagerten Deliktes bereits abgeben musste. Nun kommt auf diesen ein Strafverfahren wegen Trunkenheit im Verkehr zu. Au\u00dferdem wird die zust\u00e4ndige F\u00fchrerscheinstelle \u00fcber den Vorfall in Kenntnis gesetzt.<\/p>\n\n\n\n<h2 class=\"wp-block-heading\">(Neustadt) &#8211; Personenkontrollen f\u00fchren zum Auffinden von Bet\u00e4ubungsmitteln<a href=\"https:\/\/www.facebook.com\/sharer.php?u=https%3A%2F%2Fwww.presseportal.de%2Fblaulicht%2Fpm%2F117687%2F5546910%2F%3Futm_source%3Dfacebook%26utm_medium%3Dsocial\"><\/a><a href=\"https:\/\/twitter.com\/intent\/tweet?text=POL-PDNW%3A%20Personenkontrollen%20f%C3%BChren%20zum%20Auffinden%20von%20Bet%C3%A4ubungsmitteln&amp;url=https%3A%2F%2Fwww.presseportal.de%2Fblaulicht%2Fpm%2F117687%2F5546910%2F%3Futm_source%3Dtwitter%26utm_medium%3Dsocial&amp;hashtags=ots&amp;lang=de\"><\/a><a href=\"https:\/\/web.whatsapp.com\/send?text=POL-PDNW%3A%20Personenkontrollen%20f%C3%BChren%20zum%20Auffinden%20von%20Bet%C3%A4ubungsmitteln%0A%0Ahttps%3A%2F%2Fwww.presseportal.de%2Fblaulicht%2Fpm%2F117687%2F5546910%2F%3Futm_source%3Dwhatsapp%26utm_medium%3Dsocial\"><\/a><a href=\"https:\/\/www.xing.com\/app\/user?op=share;url=https%3A%2F%2Fwww.presseportal.de%2Fblaulicht%2Fpm%2F117687%2F5546910%2F%3Futm_source%3Dxing%26utm_medium%3Dsocial\"><\/a><a href=\"http:\/\/www.linkedin.com\/shareArticle?mini=true&amp;url=https%3A%2F%2Fwww.presseportal.de%2Fblaulicht%2Fpm%2F117687%2F5546910%2F%3Futm_source%3Dlinkedin%26utm_medium%3Dsocial&amp;title=POL-PDNW%3A+Personenkontrollen+f%C3%BChren+zum+Auffinden+von+Bet%C3%A4ubungsmitteln\"><\/a><a href=\"mailto:?subject=POL-PDNW%3A%20Personenkontrollen%20f%C3%BChren%20zum%20Auffinden%20von%20Bet%C3%A4ubungsmitteln&amp;body=https:\/\/www.presseportal.de\/blaulicht\/pm\/117687\/5546910\"><\/a><\/h2>\n\n\n\n<p>Am 29.06.2023 im Zeitraum von 20:30 Uhr bis 23:45 Uhr konnten im Stadtgebiet von 67433 Neustadt\/W. mehrere Personenkontrollen durchgef\u00fchrt werden, bei denen jeweils Bet\u00e4ubungsmittel in geringer Menge aufgefunden und sichergestellt werden konnten. So konnte um 20:50 Uhr durch eine Streife ein 36-J\u00e4hriger aus Ludwigshafen in der Landwehrstra\u00dfe kontrolliert werden. Bei dem Mann konnte eine geringe Menge Cannabis, sowie ein Einhandmesser aufgefunden und sichergestellt werden. Gegen 21:00 Uhr wurde der hiesigen Dienststelle eine sich auff\u00e4llig verhaltende Person im Bereich der Martin-Luther-Stra\u00dfe gemeldet. Im Rahmen der Kontrolle des 42-j\u00e4hrigen Mannes aus Neustadt\/W. konnte bei diesem ein Haschischbrocken fest- und sichergestellt werden. Zuletzt wurde gegen 23:45 ein 21-j\u00e4hriger Neustadter ebenfalls durch Beamte der hiesigen Dienststelle einer Personenkontrolle unterzogen. Der junge Mann versuchte noch sein mitgef\u00fchrtes Bet\u00e4ubungsmittel in Form von Cannabis hinter dem Funkstreifenwagen zu verstecken. Der T\u00e4uschungsversuch flog jedoch durch die Aufmerksamkeit der eingesetzten Beamten auf, sodass dieser, ebenso wie die anderen beiden M\u00e4nner sich in einem Strafverfahren wegen des Versto\u00dfes gegen das Bet\u00e4ubungsmittelgesetz verantworten muss. Des Weiteren wird die zust\u00e4ndige F\u00fchrerscheinstelle \u00fcber den Vorfall in Kenntnis gesetzt.<\/p>\n\n\n\n<h2 class=\"wp-block-heading\">(Bad D\u00fcrkheim) &#8211; Durchfahrtskontrolle<\/h2>\n\n\n\n<p>Am 29.06.2023 zwischen 17:00 Uhr und 18:00 Uhr wurde auf einem Wirtschaftsweg zwischen Ungstein und Kallstadt das Durchfahrtsverbot \u00fcberwacht. Ein Fahrzeugf\u00fchrer befuhr verbotswidrig den Wirtschaftsweg und muss nun mit einem Verwarnungsgeld von 50 Euro rechnen. Die Polizei bittet hier die Verkehrsteilnehmer sich an die geltenden Verkehrsregeln zu halten, da es ansonsten auf den engen Wirtschaftswegen zu Gefahrensituationen f\u00fcr Fu\u00dfg\u00e4nger und Radfahrer kommen kann.<\/p>\n\n\n\n<h2 class=\"wp-block-heading\">(Dirmstein) &#8211; PKW unter Drogeneinfluss gef\u00fchrt<a href=\"https:\/\/www.facebook.com\/sharer.php?u=https%3A%2F%2Fwww.presseportal.de%2Fblaulicht%2Fpm%2F117687%2F5546965%2F%3Futm_source%3Dfacebook%26utm_medium%3Dsocial\"><\/a><a href=\"https:\/\/twitter.com\/intent\/tweet?text=POL-PDNW%3A%20PI%20Gr%C3%BCnstadt%20-%20PKW%20unter%20Drogeneinfluss%20gef%C3%BChrt&amp;url=https%3A%2F%2Fwww.presseportal.de%2Fblaulicht%2Fpm%2F117687%2F5546965%2F%3Futm_source%3Dtwitter%26utm_medium%3Dsocial&amp;hashtags=ots&amp;lang=de\"><\/a><a href=\"https:\/\/web.whatsapp.com\/send?text=POL-PDNW%3A%20PI%20Gr%C3%BCnstadt%20-%20PKW%20unter%20Drogeneinfluss%20gef%C3%BChrt%0A%0Ahttps%3A%2F%2Fwww.presseportal.de%2Fblaulicht%2Fpm%2F117687%2F5546965%2F%3Futm_source%3Dwhatsapp%26utm_medium%3Dsocial\"><\/a><a href=\"https:\/\/www.xing.com\/app\/user?op=share;url=https%3A%2F%2Fwww.presseportal.de%2Fblaulicht%2Fpm%2F117687%2F5546965%2F%3Futm_source%3Dxing%26utm_medium%3Dsocial\"><\/a><a href=\"http:\/\/www.linkedin.com\/shareArticle?mini=true&amp;url=https%3A%2F%2Fwww.presseportal.de%2Fblaulicht%2Fpm%2F117687%2F5546965%2F%3Futm_source%3Dlinkedin%26utm_medium%3Dsocial&amp;title=POL-PDNW%3A+PI+Gr%C3%BCnstadt+-+PKW+unter+Drogeneinfluss+gef%C3%BChrt\"><\/a><a href=\"mailto:?subject=POL-PDNW%3A%20PI%20Gr%C3%BCnstadt%20-%20PKW%20unter%20Drogeneinfluss%20gef%C3%BChrt&amp;body=https:\/\/www.presseportal.de\/blaulicht\/pm\/117687\/5546965\"><\/a><\/h2>\n\n\n\n<p>Am 29.06.2023 gegen 17:50 Uhr wurde ein 28-j\u00e4hriger PKW-Fahrer in der Leininger Stra\u00dfe in Dirmstein einer Verkehrskontrolle unterzogen. W\u00e4hrend der Kontrolle konnten bei dem Mann Auff\u00e4lligkeiten festgestellt werden, welche auf einen Bet\u00e4ubungsmitteleinfluss hindeuteten. Ein daraufhin durchgef\u00fchrter Drogenvortest best\u00e4tigte den Verdacht und reagierte positiv auf Kokain und THC. Dem Mann wurde folglich die Weiterfahrt untersagt und ihm wurde eine Blutprobe entnommen. Entsprechende Verfahren wegen Trunkenheit im Verkehr und Versto\u00dfes gegen das Bet\u00e4ubungsmittelgesetz wurden eingeleitet. Zudem wird die zust\u00e4ndige F\u00fchrerscheinstelle \u00fcber den Vorfall in Kenntnis gesetzt.<\/p>\n\n\n\n<h2 class=\"wp-block-heading\">(Gerolsheim) &#8211; Verkehrsunfall unter Alkoholeinfluss<\/h2>\n\n\n<div class=\"wp-block-image\">\n<figure class=\"aligncenter size-full\"><img decoding=\"async\" loading=\"lazy\" width=\"800\" height=\"600\" src=\"https:\/\/speyer24news.com\/wp-content\/uploads\/2023\/07\/315c.jpg\" alt=\"\" class=\"wp-image-53032\" srcset=\"https:\/\/speyer24news.com\/wp-content\/uploads\/2023\/07\/315c.jpg 800w, https:\/\/speyer24news.com\/wp-content\/uploads\/2023\/07\/315c-300x225.jpg 300w, https:\/\/speyer24news.com\/wp-content\/uploads\/2023\/07\/315c-768x576.jpg 768w, https:\/\/speyer24news.com\/wp-content\/uploads\/2023\/07\/315c-678x509.jpg 678w, https:\/\/speyer24news.com\/wp-content\/uploads\/2023\/07\/315c-326x245.jpg 326w, https:\/\/speyer24news.com\/wp-content\/uploads\/2023\/07\/315c-80x60.jpg 80w\" sizes=\"(max-width: 800px) 100vw, 800px\" \/><\/figure><\/div>\n\n\n<p>Am 29.06.2023 gegen 22:00 Uhr fuhr ein 50-j\u00e4hriger VW-Fahrer mit seiner 50-j\u00e4hrigen Beifahrerin von He\u00dfheim nach Gerolsheim. Am Ortseingang Gerolsheim kam dieser mit seinem Fahrzeug nach rechts von der Fahrbahn ab, touchierte mehrere Verkehrszeichen und eine Grundst\u00fccksmauer und kam schlussendlich an einem Grundst\u00fcckszaun zum Stillstand. Durch die Beamten konnte bei dem Fahrer Alkoholgeruch wahrgenommen werden. Ein Atemalkoholtest ergab bei dem 50-J\u00e4hrigen einen Wert von 1,77 Promille. Der F\u00fchrerschein wurde beschlagnahmt und ihm wurde eine Blutprobe entnommen. Der Gesamtschaden bel\u00e4uft sich auf ca. 36.000 EUR. Gegen den Fahrer wurde ein Strafverfahren wegen Gef\u00e4hrdung des Stra\u00dfenverkehrs eingeleitet.<\/p>\n\n\n\n<h2 class=\"wp-block-heading\">(B 9 \/ Frankenthal) &#8211; Kein F\u00fchrerschein, Fahrzeug weder zugelassen noch versichert, Bet\u00e4ubungsmittelkonsum \/ Eine Verkehrskontrolle f\u00fchrt zu mehreren Strafanzeigen<\/h2>\n\n\n\n<p>Am Freitag, den 30.06.2023, bestreiften Beamte der Polizeiautobahnstation Ruchheim deren Dienstgebiet. Gegen 18 Uhr entschieden diese sich dann einen BMW-Fahrer zu kontrollieren, welcher auf der B9 in Fahrtrichtung Worms unterwegs war. Hierbei hatten die Beamten den richtigen Riecher bewiesen: Der 41-j\u00e4hrige Fahrer beichtete gleich zu Beginn der Kontrolle, dass er nicht im Besitz einer g\u00fcltigen Fahrerlaubnis war. Auch sein Fahrzeug war weder zugelassen, noch versichert. Zu all dem stand der Fahrer unter dem Einfluss von THC und Methamphetamin und gegen ihn lag ein Haftbefehl wegen vorangegangener Straftaten vor. Nach Entrichtung seiner Geldstrafe und der Entnahme einer Blutprobe konnte der 41-J\u00e4hrige zu Fu\u00df weiter seiner Wege gehen, der Fahrzeugschl\u00fcssel und die Kennzeichen seines BMW wurden n\u00e4mlich sichergestellt.<\/p>\n\n\n\n<h2 class=\"wp-block-heading\">(Pr\u00e4sidialbereich Rheinpfalz) &#8211; Geschwindigkeitskontrollen im Juli 2023<\/h2>\n\n\n<div class=\"wp-block-image\">\n<figure class=\"aligncenter size-full\"><img decoding=\"async\" loading=\"lazy\" width=\"800\" height=\"450\" src=\"https:\/\/speyer24news.com\/wp-content\/uploads\/2020\/12\/Blitzer-Logo.jpg\" alt=\"\" class=\"wp-image-31938\" srcset=\"https:\/\/speyer24news.com\/wp-content\/uploads\/2020\/12\/Blitzer-Logo.jpg 800w, https:\/\/speyer24news.com\/wp-content\/uploads\/2020\/12\/Blitzer-Logo-300x169.jpg 300w, https:\/\/speyer24news.com\/wp-content\/uploads\/2020\/12\/Blitzer-Logo-768x432.jpg 768w, https:\/\/speyer24news.com\/wp-content\/uploads\/2020\/12\/Blitzer-Logo-678x381.jpg 678w\" sizes=\"(max-width: 800px) 100vw, 800px\" \/><\/figure><\/div>\n\n\n<h3 class=\"wp-block-heading\">Im <strong>Gebiet der Polizeidirektion Landau <\/strong>finden wie folgt Kontrollen statt:<\/h3>\n\n\n\n<ul>\n<li><strong>04.07.2023 im Bereich Queichhambach<\/strong><\/li>\n\n\n\n<li><strong>13.07.2023 im Bereich Essingen-Dreihof<\/strong><\/li>\n\n\n\n<li><strong>19.07.2023 im Bereich Klingenm\u00fcnster<\/strong><\/li>\n\n\n\n<li><strong>25.07.2023 im Bereich Edesheim<\/strong><\/li>\n<\/ul>\n\n\n\n<h3 class=\"wp-block-heading\">Im <strong>Gebiet der Polizeidirektion Neustadt<\/strong> finden wie folgt Kontrollen statt:<\/h3>\n\n\n\n<ul>\n<li><strong>06.07.2023 im Bereich Neuleiningen (Autobahn A6)<\/strong><\/li>\n\n\n\n<li><strong>10.07.2023 im Bereich Esthal<\/strong><\/li>\n\n\n\n<li><strong>18.07.2023 im Bereich Meckenheim<\/strong><\/li>\n\n\n\n<li><strong>26.07.2023 im Bereich Friedelsheim<\/strong><\/li>\n<\/ul>\n\n\n\n<h3 class=\"wp-block-heading\">Im <strong>Gebiet der Polizeidirektion Ludwigshafen<\/strong> finden wie folgt Kontrollen statt:<\/h3>\n\n\n\n<ul>\n<li><strong>07.07.2023 im Bereich Ludwigshafen<\/strong><\/li>\n\n\n\n<li><strong>11.07.2023 im Bereich Speyer<\/strong><\/li>\n\n\n\n<li><strong>21.07.2023 im Bereich Maxdorf<\/strong><\/li>\n\n\n\n<li><strong>24.07.2023 im Bereich Frankenthal<\/strong><\/li>\n<\/ul>\n\n\n\n<p>Die Polizei weist ausdr\u00fccklich darauf hin, dass Kontrollen auch au\u00dferhalb der genannten Zeiten und \u00d6rtlichkeiten stattfinden.<\/p>\n\n\n\n<h2 class=\"wp-block-heading\">(Ludwigshafen) &#8211; Polizeibeamte bei Widerstandshandlung leicht verletzt<\/h2>\n\n\n\n<p>Am fr\u00fchen Freitagmorgen (30.06.2023) wurde die Polizei \u00fcber einen am Boden liegenden, lautstark schreienden Mann in der Wredestra\u00dfe informiert. Bei Eintreffen der Polizeikr\u00e4fte begann der augenscheinlich stark alkoholisierte 31-J\u00e4hrige diese unvermittelt lautstark zu beleidigen. Aufgrund seines aggressiven Verhaltens wurde er gefesselt, bei einer anschlie\u00dfenden Durchsuchung nach Ausweispapieren versuchte er die Beamten zu treten, weshalb seine Beine ebenfalls fixiert werden mussten. Durch die Widerstandshandlung wurden zwei Polizeibeamte leicht verletzt. Da sich der 31-J\u00e4hrige auch weiterhin hochaggressiv zeigte, wurde er nach Entnahme einer Blutprobe in Gewahrsam genommen.<\/p>\n\n\n\n<p>Immer wieder werden Polizeibeamte und Polizeibeamtinnen Opfer von Gewalt. Die Taten reichen von Beleidigungen, \u00fcber Drohungen, anspucken bis hin zu k\u00f6rperlichen Angriffen.<\/p>\n\n\n\n<p>Die Polizei duldet keine Gewalt. Nicht gegen B\u00fcrgerinnen und B\u00fcrger und nicht gegen Polizeibeamtinnen und Polizeibeamte. Jedwede Gewaltanwendung wird strafrechtlich verfolgt!<\/p>\n\n\n\n<p>Bei einer Widerstandhandlung drohen dem T\u00e4ter bis zu drei Jahre Freiheitsstrafe oder eine Geldstrafe.<\/p>\n\n\n\n<h2 class=\"wp-block-heading\">(Ludwigshafen) &#8211; Unter Alkoholeinfluss<\/h2>\n\n\n\n<p>Am Donnerstagabend (29.06.2023) kontrollierten Polizeikr\u00e4fte gegen 20:00 Uhr einen Autofahrer in der Friesenheimer Stra\u00dfe. Hierbei konnten bei dem 64-J\u00e4hrigen Hinweise auf Alkoholkonsum erlangt werden. Ein Atemalkoholtest ergab einen Wert von \u00fcber 1,3 Promille. Der Mann wurde in die Dienststelle gebracht, wo ihm eine Blutprobe entnommen wurde. Am fr\u00fchen Freitagmorgen, gegen 01:10 Uhr, wurde eine 33-j\u00e4hrige Autofahrerin im Strandweg einer Verkehrskontrolle unterzogen. Auch bei ihr ergaben sich Hinweise auf Alkoholbeeinflussung, dieses Mal zeigte der Atemalkoholtest einen Wert von rund 1,5 Promille an. Auch der 33-J\u00e4hrigen wurde eine Blutprobe entnommen.<\/p>\n\n\n\n<p>Gegen die unter Alkoholeinfluss stehenden Fahrer wurden Ermittlungsverfahren wegen Trunkenheit im Verkehr eingeleitet. Die F\u00fchrerscheine wurden sichergestellt und gegen sie kann eine Freiheitsstrafe bis zu einem Jahr oder eine Geldstrafe verh\u00e4ngt werden. \u2003<\/p>\n\n\n\n<h2 class=\"wp-block-heading\">(Ludwigshafen) &#8211; Hinweise erbeten<\/h2>\n\n\n\n<p>In der Saarlandstra\u00dfe wurde am 29.06.2023, gegen 19:20 Uhr, die Windschutzscheibe eines fahrenden Autos durch kleine Steine besch\u00e4digt. Unmittelbar nach den Einschl\u00e4gen sah ein Zeuge zwei Jugendliche im Alter von 13-14 Jahre in ein Geb\u00fcsch rennen. Ob es hierbei einen Zusammenhang geben und die Jugendlichen die Steine geworfen haben k\u00f6nnten, wird derzeit ermittelt.<\/p>\n\n\n\n<ul>\n<li><strong>Wir bitten Personen, die den Vorfall beobachtet haben, sich zu melden. Sachdienliche Hinweise bitte an die Polizeiinspektion Ludwigshafen 1, Telefonnummer 0621 963-2122 oder per E-Mail&nbsp;<a href=\"mailto:%20piludwigshafen1@polizei.rlp.de\">piludwigshafen1@polizei.rlp.de<\/a>&nbsp;.<\/strong><\/li>\n<\/ul>\n\n\n\n<h2 class=\"wp-block-heading\">(Ludwigshafen) &#8211; Zwei Verletzte bei Zusammensto\u00df von Radfahrern<\/h2>\n\n\n\n<p>Am Donnerstagnachmittag (29.06.2023) kam es zu einem Unfall zwischen zwei Radfahrern in einer Parkanlage zwischen der Schnabelbrunnengasse und der Merianstra\u00dfe. Ein 46-J\u00e4hriger hatte die Vorfahrt einer 55-J\u00e4hrigen missachtet und war mit ihr zusammengesto\u00dfen. Die 55-J\u00e4hrige st\u00fcrzte, verletzte sich und musste durch den Rettungsdient in ein Krankenhaus gebracht werden.<\/p>\n\n\n\n<h2 class=\"wp-block-heading\">(Ludwigshafen) &#8211; Ungekl\u00e4rter Todesfall \/ 1. Nachtrag<\/h2>\n\n\n\n<h3 class=\"wp-block-heading\">Nachtrag zur Meldung vom 27.06.2023&nbsp;<a href=\"https:\/\/s.rlp.de\/1ZhsK\" target=\"_blank\" rel=\"noreferrer noopener\">https:\/\/s.rlp.de\/1ZhsK<\/a><\/h3>\n\n\n<div class=\"wp-block-image\">\n<figure class=\"aligncenter size-full\"><img decoding=\"async\" loading=\"lazy\" width=\"800\" height=\"533\" src=\"https:\/\/speyer24news.com\/wp-content\/uploads\/2021\/02\/candle-2038736_1920.jpg\" alt=\"\" class=\"wp-image-33582\" srcset=\"https:\/\/speyer24news.com\/wp-content\/uploads\/2021\/02\/candle-2038736_1920.jpg 800w, https:\/\/speyer24news.com\/wp-content\/uploads\/2021\/02\/candle-2038736_1920-300x200.jpg 300w, https:\/\/speyer24news.com\/wp-content\/uploads\/2021\/02\/candle-2038736_1920-768x512.jpg 768w\" sizes=\"(max-width: 800px) 100vw, 800px\" \/><\/figure><\/div>\n\n\n<p>Nachdem ein 27-J\u00e4hriger aus Ludwigshafen-Gartenstadt am Montagabend (26.06.2023) tot in seiner Wohnung gefunden wurde, wurde der Verstorbene am Donnerstag (29.06.2023) im Institut f\u00fcr Rechtsmedizin des Klinikums Saarbr\u00fccken auf Antrag der Staatsanwaltschaft Frankenthal obduziert. Hierbei konnten keine Hinweise auf eine todesurs\u00e4chliche Fremdeinwirkung festgestellt werden.<\/p>\n\n\n\n<h2 class=\"wp-block-heading\">(Ludwigshafen) &#8211; Engagiertes Eingreifen verhindert Diebstahl<\/h2>\n\n\n<div class=\"wp-block-image\">\n<figure class=\"aligncenter size-full\"><img decoding=\"async\" loading=\"lazy\" width=\"801\" height=\"600\" src=\"https:\/\/speyer24news.com\/wp-content\/uploads\/2020\/05\/Zeugen-gesucht-Neutral.jpg\" alt=\"\" class=\"wp-image-26598\" srcset=\"https:\/\/speyer24news.com\/wp-content\/uploads\/2020\/05\/Zeugen-gesucht-Neutral.jpg 801w, https:\/\/speyer24news.com\/wp-content\/uploads\/2020\/05\/Zeugen-gesucht-Neutral-300x225.jpg 300w, https:\/\/speyer24news.com\/wp-content\/uploads\/2020\/05\/Zeugen-gesucht-Neutral-768x575.jpg 768w, https:\/\/speyer24news.com\/wp-content\/uploads\/2020\/05\/Zeugen-gesucht-Neutral-678x509.jpg 678w, https:\/\/speyer24news.com\/wp-content\/uploads\/2020\/05\/Zeugen-gesucht-Neutral-326x245.jpg 326w, https:\/\/speyer24news.com\/wp-content\/uploads\/2020\/05\/Zeugen-gesucht-Neutral-80x60.jpg 80w\" sizes=\"(max-width: 801px) 100vw, 801px\" \/><\/figure><\/div>\n\n\n<p>Eine bislang Unbekannte stahl am Donnertag, 29.06.2023, gegen 10:20 Uhr, in der Wredestra\u00dfe den Geldbeutel eines 72-J\u00e4hrigen. Dies beobachtete ein 32-J\u00e4hriger, der nicht z\u00f6gerte und sofort eingriff. Noch bevor es der Frau gelang mit dem Geldbeutel zu fl\u00fcchten, stellte der junge Mann sie. Die Frau lie\u00df daraufhin ihre Beute fallen und fl\u00fcchtete in Richtung Bismarckstra\u00dfe. Sie war in Begleitung eines Mannes.<\/p>\n\n\n\n<h4 class=\"wp-block-heading\">Die Frau konnte wie folgt beschrieben werden: <\/h4>\n\n\n\n<ul>\n<li><strong>Etwa 40-45 Jahre alt<\/strong><\/li>\n\n\n\n<li><strong>gr\u00fcnes Oberteil<\/strong><\/li>\n\n\n\n<li><strong>wei\u00dfe Hose<\/strong><\/li>\n<\/ul>\n\n\n\n<ul>\n<li><strong>Ihr Begleiter war laut Zeugenaussage ebenfalls zwischen 40 und 45 Jahren alt und trug ein blauwei\u00dfgestreiftes Hemd.<\/strong><\/li>\n<\/ul>\n\n\n\n<ul>\n<li><strong>Sie haben die Tat beobachtet oder die Unbekannten bei ihrer Flucht gesehen und k\u00f6nnen weitere Angaben machen? Sachdienliche Hinweise bitte an die Polizeiinspektion Ludwigshafen 1, Telefonnummer 0621 963-2122 oder per E-Mail&nbsp;<a href=\"mailto:%20piludwigshafen1@polizei.rlp.de\">piludwigshafen1@polizei.rlp.de<\/a>&nbsp;.<\/strong><\/li>\n<\/ul>\n\n\n\n<h2 class=\"wp-block-heading\">(Mannheim-Innenstadt) &#8211; Handy zwei Mal aus der Hand gerissen, und dann gefl\u00fcchtet \/ Zeugenaufruf!<\/h2>\n\n\n\n<p>Am Donnerstagabend, gegen 21:00 Uhr, telefonierte eine Jugendliche im Bereich des Marktplatzes per Videotelefonie, als ihr ein bislang unbekannter Mann das Handy aus der Hand nahm und fl\u00fcchten wollte. Da sich allerdings viele Passanten um die Jugendliche herum befanden, gab der Mann der Jugendlichen das Handy wieder zur\u00fcck und entfernte sich zun\u00e4chst in unbekannte Richtung. Die Jugendliche setzte ihren Weg in Richtung Konkordienkirche fort. In H\u00f6he der Quadrate R 3\/Q 3 tauchte der unbekannte Mann erneut vor ihr auf, entnahm ihr abermals das Handy, stie\u00df sie weg, fl\u00fcchtete in Richtung Paradeplatz und stieg hier in die Stra\u00dfenbahn, Linie 4. Die Jugendliche folgte dem Mann und informierte eine Stra\u00dfenbahnfahrerin \u00fcber den Vorfall, welche daraufhin die T\u00fcren der Bahn verschloss. Der Unbekannte bemerkte jedoch, dass ihm die Jugendliche gefolgt war, riss die T\u00fcren wieder auf, warf das zuvor entwendete Handy auf den Boden und fl\u00fcchtete. Die Jugendliche konnte ihr Handy unbesch\u00e4digt wieder an sich nehmen und verst\u00e4ndigte die Polizei.<\/p>\n\n\n\n<h4 class=\"wp-block-heading\">Der Mann wird wie folgt beschrieben:<\/h4>\n\n\n\n<ul>\n<li><strong>Ca. 180 cm gro\u00df<\/strong><\/li>\n\n\n\n<li><strong>Trug ein schwarzes T-Shirt mit violettem Aufdruck auf dem R\u00fccken<\/strong><\/li>\n\n\n\n<li><strong>Hatte schwarze, nach hinten gegelte Haare<\/strong><\/li>\n\n\n\n<li><strong>Und trug bunte Schuhe (wei\u00df\/violett)<\/strong><\/li>\n<\/ul>\n\n\n\n<ul>\n<li><strong>Das Fachdezernat f\u00fcr Raubdelikte des Polizeipr\u00e4sidiums Mannheim hat die Ermittlungen aufgenommen und ist auf der Suche nach Zeugen, welche Angaben zur Tat oder dem T\u00e4ter machen k\u00f6nnen. Diese werden gebeten, sich unter Tel.: 0621\/174-4444 zu melden.<\/strong><\/li>\n<\/ul>\n\n\n\n<h2 class=\"wp-block-heading\">(Mannheim-Neckarstadt) &#8211; Pkw aufgebrochen \/ Zeugen gesucht!<\/h2>\n\n\n\n<p>Am Donnerstagabend, zwischen 20:00 Uhr und 22:00 Uhr wurde in der Uhlandstra\u00dfe bei einem Dacia das hintere Dreiecksfenster eingeschlagen. Hierdurch gelangte bislang ein unbekannter T\u00e4ter in das Fahrzeuginnere und entwendete einen Rucksack, mit diversen elektronischen Gegenst\u00e4nden. Der Wert des Diebesgutes bel\u00e4uft sich auf einen niedrigen vierstelligen Bereich. <\/p>\n\n\n\n<ul>\n<li><strong>Das Polizeirevier Mannheim-Neckarstadt hat die Ermittlungen aufgenommen und ist auf der Suche nach Zeugen, welche Angaben zum Sachverhalt oder dem\/den T\u00e4tern machen k\u00f6nnen. Sie werden gebeten, sich beim Polizeirevier Mannheim-Neckarstadt unter Tel.: 0621\/33010 zu melden.<\/strong><\/li>\n<\/ul>\n\n\n\n<h2 class=\"wp-block-heading\">(Heidelberg) &#8211; Balkonbrand \/ Polizisten und Mitarbeiter des Polizeireviers Heidelberg-S\u00fcd verhindern Schlimmeres<\/h2>\n\n\n\n<p>Einen glimpflichen Ausgang eines Brandes in der Heinrich-Fuchs-Stra\u00dfe verdankte man am Donnerstagmittag, den 22.06.2023 insgesamt elf Polizisten und einem technischen Mitarbeiter des Polizeirevier Heidelberg-S\u00fcd.<\/p>\n\n\n\n<p>Nachdem gegen 13:30 Uhr ein Beamter auf einen Brand an einem Balkon sowie der dortigen Gr\u00fcnfl\u00e4che aufmerksam wurde, reagierten der Beamte sowie seine elf Kollegen geistesgegenw\u00e4rtig. Da sich das Brandobjekt in unmittelbarer N\u00e4he zum Polizeirevier befindet, begaben sich die Einsatzkr\u00e4fte fu\u00dfl\u00e4ufig mit Feuerl\u00f6schern best\u00fcckt an die Brandstelle.<\/p>\n\n\n\n<p>An der Gr\u00fcnfl\u00e4che entwickelten sich die Flammen mittlerweile bis zu einer H\u00f6he von knapp zwei Metern. Den Beamten gelang es jedoch, das Feuer rasch unter Kontrolle zu bringen und schlie\u00dflich zu l\u00f6schen. Um an den Brandherd auf dem Balkon zu gelangen, wies sich ein Beamter als Kletterk\u00fcnstler aus und bek\u00e4mpfte den Brand auf dem Balkon. Durch das schnelle Einschreiten der Beamten sowie des technischen Mitarbeiters, konnte das \u00dcbergreifen des Feuers auf die Hausfassade sowie der dar\u00fcber liegenden Balkoneinheiten und somit ein wahrscheinlich gr\u00f6\u00dferer Schaden verhindert werden.<\/p>\n\n\n\n<p>Durch die Berufsfeuerwehr Heidelberg wurden im Nachgang Nachl\u00f6scharbeiten vorgenommen, um eine erneute Brandentwicklung vollst\u00e4ndig ausschlie\u00dfen zu k\u00f6nnen.<\/p>\n\n\n\n<p>Ursache f\u00fcr den Brand war eine auf dem Balkon umgefallene Kerze, die weitere Gegenst\u00e4nde entz\u00fcndete. Als die 56-j\u00e4hrige Frau die brennenden Gegenst\u00e4nde auf ihrem Balkon bemerkt hatte, geriet diese in Panik und schmiss die in Flammen stehenden Objekte \u00fcber ihren Balkon auf die Gr\u00fcnfl\u00e4che, woraufhin diese \u00fcber eine Fl\u00e4che von 10 qm Feuer fing.<\/p>\n\n\n\n<p>An dem Geb\u00e4ude sowie an dem Balkon entstand kein Sachschaden. Die H\u00f6he des Schadens an der Gr\u00fcnfl\u00e4che ist bislang noch nicht bekannt.<\/p>\n\n\n\n<p>S\u00e4mtliche Einsatzkr\u00e4fte blieben hierbei unverletzt. Die 56-J\u00e4hrige hingegen wurde leicht verletzt in ein Krankenhaus verbracht.<\/p>\n\n\n\n<h2 class=\"wp-block-heading\">(Br\u00fchl \/ Rhein-Neckar-Kreis) &#8211; Radfahrer fl\u00fcchtet nach Verkehrsunfall<\/h2>\n\n\n\n<p>Ein bislang unbekannter Radfahrer befuhr am Donnerstag gegen 14.40 Uhr die Heidelberger Stra\u00dfe in Richtung Speyerer Stra\u00dfe. Eine 51-j\u00e4hrige Dacia-Fahrerin befuhr gleichzeitig die K\u00f6nigsberger Stra\u00dfe in Richtung Frankfurter Stra\u00dfe. An der &#8222;Rechts vor Links&#8220; geregelten Kreuzung der Heidelberger Stra\u00dfe\/K\u00f6nigsberger Stra\u00dfe missachtete der unbekannte Radfahrer die Vorfahrt und stie\u00df gegen den vorderen linken Kotfl\u00fcgel der Dacia-Fahrerin. Der Radfahrer prallte durch die Kollision mit seinem K\u00f6rper auf die Motorhaube des PKWs. Die 51-j\u00e4hrige Fahrerin stieg aus ihrem Fahrzeug aus, w\u00e4hrend sich der Radfahrer wieder aufrappelte. Er stieg innerhalb weniger Sekunden wieder auf sein Rad und fuhr in Richtung Speyerer Stra\u00dfe sehr z\u00fcgig davon. Am Dacia entstand durch den Unfall ein erheblicher Sachschaden.<\/p>\n\n\n\n<h4 class=\"wp-block-heading\">Der Radfahrer wird wie folgt beschrieben:<\/h4>\n\n\n\n<ul>\n<li><strong>ca. 30 Jahre alt<\/strong><\/li>\n\n\n\n<li><strong>ca. 190 cm gro\u00df<\/strong><\/li>\n\n\n\n<li><strong>kr\u00e4ftige, athletische Figur<\/strong><\/li>\n\n\n\n<li><strong>kurze, dunkelblonde Haare<\/strong><\/li>\n\n\n\n<li><strong>war sommerlich gekleidet (T-Shirt, kurze Hose)<\/strong><\/li>\n\n\n\n<li><strong>Bei dem Rad handelte es sich um ein Mountainbike.<\/strong><\/li>\n<\/ul>\n\n\n\n<ul>\n<li><strong>Der Radfahrer und\/oder Zeugen, die Hinweise zu dem Unfall oder der Identit\u00e4t des Radfahrers geben k\u00f6nnen, werden gebeten sich beim Polizeiposten Br\u00fchl zu melden, unter: 06202-71282.<\/strong><\/li>\n<\/ul>\n\n\n\n<h2 class=\"wp-block-heading\">(Neulu\u00dfheim \/ Rhein-Neckar-Kreis) &#8211; Ohne Versicherung, unter Bet\u00e4ubungsmittelbeeinflussung E-Scooter gefahren und dann Widerstand geleistet<\/h2>\n\n\n\n<p>Am Donnerstagnachmittag, gegen 15.45 Uhr, fiel einer Streife des Polizeireviers Hockenheim in der Stra\u00dfe &#8222;Am Sandbuckel&#8220; ein E-Scooterfahrer auf, welcher kein g\u00fcltiges Versicherungskennzeichen besa\u00df. Die Polizeibeamten kontrollierten den Mann daraufhin. Im Laufe der Kontrolle erh\u00e4rtete sich der Verdacht, dass der Fahrer zudem unter Beeinflussung von Bet\u00e4ubungsmitteln stand. Ein durchgef\u00fchrter Urintest best\u00e4tigte den Verdacht. Hierauf sollte der nunmehr Beschuldigte zum Polizeirevier Hockenheim gebracht werden, um sich einer Blutentnahme zu unterziehen. Dies verweigerte der Mann jedoch vehement, indem er sich beim Verbringen zum Fahrzeug von den Beamten losriss und fl\u00fcchten wollte. Dies konnte durch die Beamten vor Ort verhindert werden, jedoch versuchte er sich weiterhin immer wieder aus den Festhaltegriffen der einschreitenden Polizeibeamten herauszuwinden und loszurei\u00dfen. Im Fahrzeug untergebracht gelang es dem Mann, mehrfach die F\u00fc\u00dfe aus dem Fahrzeug zu strecken, sodass die T\u00fcr nicht geschlossen werden konnte. Letztendlich konnte der Scooterfahrer unter erheblichem Kraftaufwand auf der R\u00fcckbank des Streifenwagens fixiert werden. Bis zum Eintreffen auf dem Revier beruhigte sich der Mann wieder. Nach erfolgter Blutentnahme verlie\u00df er das Revier. Sein Roller wurde sichergestellt, nachdem kein g\u00fcltiger Versicherungsschutz nachgewiesen werden konnte.<\/p>\n\n\n\n<p>Gegen den E-Scooter-Fahrer wurden Ermittlungsverfahren wegen Fahren unter Drogeneinwirkung, Versto\u00df gegen das Pflichtversicherungsgesetz und Widerstand gegen Vollstreckungsbeamte eingeleitet.<\/p>\n\n\n\n<h2 class=\"wp-block-heading\">(Nu\u00dfloch \/ Rhein-Neckar-Kreis) &#8211; Einbruch in Reitverein<\/h2>\n\n\n\n<p>Eine bislang unbekannte T\u00e4terschaft verschaffte sich am sich am Donnerstag zwischen 06.15 Uhr und 06.30 Uhr mittels eines unbekanntem Werkzeugs Zutritt in den Reitverein Nu\u00dfloch und durchsuchte dort diverse R\u00e4umlichkeiten. Der oder die T\u00e4terin gelangte \u00fcber ein Fenster in die R\u00e4umlichkeiten des Reitvereins. Es wurden diverse Fenster sowie T\u00fcren besch\u00e4digt. Bislang ist kein Diebstahlsschaden bekannt. Die H\u00f6he des entstandenen Sachschadens ist bislang ebenfalls noch unbekannt.<\/p>\n\n\n\n<ul>\n<li><strong>Zeugen, die Hinweise auf die T\u00e4terschaft haben, werden gebeten sich bei dem Polizeirevier Wiesloch zu melden, unter: 06222-57090.<\/strong><\/li>\n<\/ul>\n\n\n\n<h2 class=\"wp-block-heading\">(Wiesloch \/ Rhein-Neckar-Kreis) &#8211; Unbekannter bricht in sieben Wohngeb\u00e4ude ein \/ Zeugen gesucht!<\/h2>\n\n\n\n<p>Auf bislang ungekl\u00e4rte Weise verschaffte sich eine noch unbekannte T\u00e4terschaft in der Zeit zwischen Mittwochabend, 19 Uhr und Donnerstagmorgen, 7 Uhr Zutritt in insgesamt sieben Geb\u00e4ude im Apfelweg. Im Inneren der Wohngeb\u00e4ude brach die T\u00e4terschaft mehrere Kellerparzellen auf und entwendete insgesamt drei Mountainbikes und einen Bordcomputer, welcher an einem Fahrrad angebracht war. Die H\u00f6he des gesamten Diebstahl- und Sachschadens ist noch nicht bekannt und Gegenstand der aktuellen Ermittlungen. <\/p>\n\n\n\n<ul>\n<li><strong>Das Polizeirevier Wiesloch ermittelt nun wegen des besonders schweren Falls des Diebstahls und bittet Zeugen, welche Hinweise geben k\u00f6nnen, sich unter der Tel.: 062222\/5709-0 zu melden.<\/strong><\/li>\n<\/ul>\n\n\n\n<h2 class=\"wp-block-heading\">(St. Leon-Rot \/ Rhein-Neckar-Kreis) &#8211; 57-J\u00e4hriger nach Unfall betrunken zu Hause angetroffen<\/h2>\n\n\n\n<p>Am Donnerstagnachmittag gegen 17.15 Uhr suchten Polizeibeamte einen 57-j\u00e4hrigen Verkehrsteilnehmer an seiner Wohnadresse in Neulu\u00dfheim auf, da dieser gegen ca. 17.00 Uhr eine Unfallflucht in der Bahnhofstra\u00dfe in St. Leon-Rot begangen haben sollte. Laut einer Zeugin hatte sich der Fahrer, nachdem er ein Verkehrszeichen besch\u00e4digt hatte, umgehend vom Unfallort entfernt. Daraufhin wurde die Wohnanschrift des Fahrers \u00fcberpr\u00fcft und er konnte dort angetroffen werden. Das Fahrzeug des 57-J\u00e4hrigen wies frische Unfallspuren auf. Die Beamten konnten im Gespr\u00e4ch mit dem 57-J\u00e4hrigen au\u00dferdem einen deutlichen Alkoholgeruch wahrnehmen. Ein freiwillig durchgef\u00fchrter Atemalkoholtest zeigte einen Wert von etwas mehr als 1 Promille an. Der Fahrer gab an, dass er den Alkohol in der kurzen Zeit nach seiner R\u00fcckkehr zu Hause konsumiert habe. Im weiteren Verlauf wurde dem 57-J\u00e4hrigen Blut abgenommen und die weitere Teilnahme am Stra\u00dfenverkehr untersagt. Wann der Alkohol tats\u00e4chlich konsumiert wurde und ob der Fahrer unter Alkoholeinfluss das Fahrzeug im Stra\u00dfenverkehr f\u00fchrte, ist aktuell Gegenstand der weiteren Ermittlungen. Die H\u00f6he des entstandenen Sachschadens ist bislang nicht bekannt.<\/p>\n\n\n\n<h2 class=\"wp-block-heading\">(K 4105 \/ Sch\u00f6nbrunn \/ Rhein-Neckar-Kreis) &#8211; Fahrzeug \u00fcberschlagen \/ Fahrer und Beifahrer verletzt<\/h2>\n\n\n\n<p>Am Donnerstagnachmittag, gegen 18:30 Uhr ereignete sich auf der K 4105 ein Unfall, bei dem ein 27-j\u00e4hriger Mercedes-Fahrer leicht und sein 40-j\u00e4hriger Beifahrer schwer, jedoch nicht lebensgef\u00e4hrlich, verletzt wurden. Nach bisherigem Stand der Unfallermittlungen fuhr der 27-J\u00e4hrige die K 4105 von Sch\u00f6nbrunn kommend in Richtung Schwanheim entlang und verlor aufgrund nicht angepasster Geschwindigkeit auf der nassen Fahrbahn die Kontrolle \u00fcber seinen Mercedes. Nachdem das Fahrzeug nach links von der Fahrbahn abkam, \u00fcberschlug sich dieses und blieb schlie\u00dflich auf dem Dach liegen. Der 27-j\u00e4hrige Fahrer wurde mit einem Rettungswagen in ein umliegendes Krankenhaus transportiert. Der 40-j\u00e4hrige Beifahrer hingegen wurde aufgrund seiner Verletzungen mit einem Rettungshubschrauber in ein nahegelegenes Krankenhaus geflogen. An dem Fahrzeug entstand ein wirtschaftlicher Totalschaden in H\u00f6he von 8.000 Euro und es musste von einem Abschleppunternehmen abtransportiert werden.<\/p>\n\n\n\n<h2 class=\"wp-block-heading\">(Weinheim \/ Rhein-Neckar-Kreis) &#8211; Unfall \/ 25.000 Euro Sachschaden nach Vorfahrtsversto\u00df<\/h2>\n\n\n\n<p>Nachdem am Donnerstagmorgen, kurz vor 9 Uhr ein 84-j\u00e4hriger Toyota-Fahrer im Kreuzungsbereich der Weberstra\u00dfe und Prankelstra\u00dfe die Vorfahrt eines 27-j\u00e4hrigen Audi-Fahrer missachtete, kollidierten die beiden Pkw in der Folge miteinander und waren aufgrund der Besch\u00e4digungen nicht mehr fahrbereit. Die beiden Fahrzeuge mussten abgeschleppt werden. Bei dem Unfall wurde niemand verletzt. Der Sachschaden wird auf rund 25.000 Euro gesch\u00e4tzt.<\/p>\n","protected":false},"excerpt":{"rendered":"<div class=\"mh-excerpt\"><p>Polizeimeldungen vom Freitag (30.06.2023) (Speyer) &#8211; Ladendiebst\u00e4hle in der Innenstadt Am 29.06.2023 gegen 14:30 Uhr nahm ein 40-j\u00e4hrger Mann in einem Drogeriemarkt in der Maximilianstra\u00dfe einen Herrenduft im Wert von 150 Euro aus der Auslage <a class=\"mh-excerpt-more\" href=\"https:\/\/speyer24news.com\/?p=53030\" title=\"Polizeimeldungen Freitag (30.06.2023)\">[&#8230;]<\/a><\/p>\n<\/div>","protected":false},"author":3,"featured_media":26162,"comment_status":"open","ping_status":"open","sticky":false,"template":"","format":"standard","meta":{"_monsterinsights_skip_tracking":false,"_monsterinsights_sitenote_active":false,"_monsterinsights_sitenote_note":"","_monsterinsights_sitenote_category":0,"footnotes":""},"categories":[15659],"tags":[7243,7244,3614,350,14537,15084,15267,14538,15361,15845,702,61,2555,6955,6986,6263,63,105,11150,6987,53,4854,13534,4683,1548,4905,11592,102,13626,213,14325,14324,13553,13541,55,8277,6368,5261,103,106,2803,2423,427,2625,380,62,104,979,1565],"aioseo_notices":[],"amp_enabled":true,"_links":{"self":[{"href":"https:\/\/speyer24news.com\/index.php?rest_route=\/wp\/v2\/posts\/53030"}],"collection":[{"href":"https:\/\/speyer24news.com\/index.php?rest_route=\/wp\/v2\/posts"}],"about":[{"href":"https:\/\/speyer24news.com\/index.php?rest_route=\/wp\/v2\/types\/post"}],"author":[{"embeddable":true,"href":"https:\/\/speyer24news.com\/index.php?rest_route=\/wp\/v2\/users\/3"}],"replies":[{"embeddable":true,"href":"https:\/\/speyer24news.com\/index.php?rest_route=%2Fwp%2Fv2%2Fcomments&post=53030"}],"version-history":[{"count":2,"href":"https:\/\/speyer24news.com\/index.php?rest_route=\/wp\/v2\/posts\/53030\/revisions"}],"predecessor-version":[{"id":53038,"href":"https:\/\/speyer24news.com\/index.php?rest_route=\/wp\/v2\/posts\/53030\/revisions\/53038"}],"wp:featuredmedia":[{"embeddable":true,"href":"https:\/\/speyer24news.com\/index.php?rest_route=\/wp\/v2\/media\/26162"}],"wp:attachment":[{"href":"https:\/\/speyer24news.com\/index.php?rest_route=%2Fwp%2Fv2%2Fmedia&parent=53030"}],"wp:term":[{"taxonomy":"category","embeddable":true,"href":"https:\/\/speyer24news.com\/index.php?rest_route=%2Fwp%2Fv2%2Fcategories&post=53030"},{"taxonomy":"post_tag","embeddable":true,"href":"https:\/\/speyer24news.com\/index.php?rest_route=%2Fwp%2Fv2%2Ftags&post=53030"}],"curies":[{"name":"wp","href":"https:\/\/api.w.org\/{rel}","templated":true}]}}