{"id":53039,"date":"2023-07-01T08:54:51","date_gmt":"2023-07-01T07:54:51","guid":{"rendered":"https:\/\/speyer24news.com\/?p=53039"},"modified":"2023-07-01T08:55:34","modified_gmt":"2023-07-01T07:55:34","slug":"geschwindigkeitskontrolle-blitzer-kw-27-03-07-09-07-23","status":"publish","type":"post","link":"https:\/\/speyer24news.com\/?p=53039","title":{"rendered":"Geschwindigkeitskontrolle \/ Blitzer KW 27 (03.07. \u2013 09.07.23)"},"content":{"rendered":"<style type=\"text\/css\">\r\n\t.ads_top_disp{}\r\n\t.ads_top_corner_disp{ float:left; margin:0px 10px 10px 0px; }\r\n\t.ads_first_p_disp{}\r\n\t.ads_bottom_disp{}\r\n\t<\/style>\n<h2 class=\"wp-block-heading\">(Mannheim) \u2013 Geschwindigkeitskontrollen vom 3. bis 7. Juli<\/h2>\n\n\n<div class=\"wp-block-image\">\n<figure class=\"aligncenter\"><img decoding=\"async\" loading=\"lazy\" width=\"640\" height=\"497\" src=\"https:\/\/speyer24news.com\/wp-content\/uploads\/2020\/12\/Blitzer-2.jpg\" alt=\"\" class=\"wp-image-31937\" srcset=\"https:\/\/speyer24news.com\/wp-content\/uploads\/2020\/12\/Blitzer-2.jpg 640w, https:\/\/speyer24news.com\/wp-content\/uploads\/2020\/12\/Blitzer-2-300x233.jpg 300w\" sizes=\"(max-width: 640px) 100vw, 640px\" \/><\/figure><\/div>\n\n\n<h3 class=\"wp-block-heading\">Die Stadt Mannheim f\u00fchrt&nbsp;vom 3. bis 7. Juli in folgenden Stra\u00dfen mobile Geschwindigkeitskontrollen durch:<\/h3>\n\n\n\n<ul>\n<li><strong>Ausgasse<\/strong><\/li>\n\n\n\n<li><strong>C-Quadrate<\/strong><\/li>\n\n\n\n<li><strong>Fahrgasse<\/strong><\/li>\n\n\n\n<li><strong>Garnstra\u00dfe<\/strong><\/li>\n\n\n\n<li><strong>Hafenstra\u00dfe<\/strong><\/li>\n\n\n\n<li><strong>K-Quadrate (mit Johannes-Kepler-Schule)<\/strong><\/li>\n\n\n\n<li><strong>Kattowitzer Zeile (Sch\u00f6nauschule)<\/strong><\/li>\n\n\n\n<li><strong>Kriegerstra\u00dfe (mit Gustav-Wiederkehr-Schule)<\/strong><\/li>\n\n\n\n<li><strong>Lilienthalstra\u00dfe<\/strong><\/li>\n\n\n\n<li><strong>Luisenring<\/strong><\/li>\n\n\n\n<li><strong>Q-Quadrate<\/strong><\/li>\n\n\n\n<li><strong>Rottfeldstra\u00dfe<\/strong><\/li>\n\n\n\n<li><strong>R-Quadrate (mit Mozartschule)<\/strong><\/li>\n\n\n\n<li><strong>Rudolf-Maus-Stra\u00dfe (Hans-Christian-Andersen-Schule)<\/strong><\/li>\n\n\n\n<li><strong>Sch\u00f6nauer Stra\u00dfe<\/strong><\/li>\n\n\n\n<li><strong>Sonderburger Stra\u00dfe<\/strong><\/li>\n\n\n\n<li><strong>Wilhelm-Liebknecht-Stra\u00dfe (Almenhofschule)<\/strong><\/li>\n<\/ul>\n\n\n\n<p>Kurzfristige \u00c4nderungen oder zus\u00e4tzliche Messstellen sind aus aktuellem Anlass m\u00f6glich.<\/p>\n\n\n\n<p><em>Stadt Mannheim<br>29.06.2023<\/em><\/p>\n\n\n\n<h2 class=\"wp-block-heading\">(Ludwigshafen) \u2013 Radarkontrollen f\u00fcr die Woche vom<br>03. Juli bis 9. Juli 2023<\/h2>\n\n\n<div class=\"wp-block-image\">\n<figure class=\"aligncenter\"><img decoding=\"async\" loading=\"lazy\" width=\"800\" height=\"600\" src=\"https:\/\/speyer24news.com\/wp-content\/uploads\/2020\/03\/Blitzer-1.jpg\" alt=\"\" class=\"wp-image-25724\" srcset=\"https:\/\/speyer24news.com\/wp-content\/uploads\/2020\/03\/Blitzer-1.jpg 800w, https:\/\/speyer24news.com\/wp-content\/uploads\/2020\/03\/Blitzer-1-300x225.jpg 300w, https:\/\/speyer24news.com\/wp-content\/uploads\/2020\/03\/Blitzer-1-768x576.jpg 768w, https:\/\/speyer24news.com\/wp-content\/uploads\/2020\/03\/Blitzer-1-678x509.jpg 678w, https:\/\/speyer24news.com\/wp-content\/uploads\/2020\/03\/Blitzer-1-326x245.jpg 326w, https:\/\/speyer24news.com\/wp-content\/uploads\/2020\/03\/Blitzer-1-80x60.jpg 80w\" sizes=\"(max-width: 800px) 100vw, 800px\" \/><\/figure><\/div>\n\n\n<h4 class=\"wp-block-heading\">Die Stadt Ludwigshafen nimmt in folgenden Stadtteilen Radarkontrollen vor:<\/h4>\n\n\n\n<ul>\n<li><strong>Montag, 3. Juli: Oggersheim, S\u00fcd und Pfingstweide<\/strong><\/li>\n\n\n\n<li><strong>Dienstag, 4. Juli: Mitte, Ruchheim und Gartenstadt<\/strong><\/li>\n\n\n\n<li><strong>Mittwoch, 5. Juli: Nord, Friesenheim und Edigheim<\/strong><\/li>\n\n\n\n<li><strong>Donnerstag, 6. Juli: Mundenheim, Mauach und S\u00fcd<\/strong><\/li>\n\n\n\n<li><strong>Freitag, 7. Juli: Friesenheim, West und Oppau<\/strong><\/li>\n<\/ul>\n\n\n\n<p>Kurzfristige \u00c4nderungen beh\u00e4lt sich der Bereich Stra\u00dfenverkehr vor. Kontrollen k\u00f6nnen auch kurzfristig an anderen Stellen stattfinden.<\/p>\n\n\n\n<p><em>Stadt Ludwigshafen am Rhein<br>29.06.2023<\/em><\/p>\n\n\n\n<h2 class=\"wp-block-heading\">(Pr\u00e4sidialbereich Rheinpfalz) &#8211; Geschwindigkeitskontrollen im Juli 2023<\/h2>\n\n\n<div class=\"wp-block-image\">\n<figure class=\"aligncenter size-full\"><img decoding=\"async\" loading=\"lazy\" width=\"800\" height=\"450\" src=\"https:\/\/speyer24news.com\/wp-content\/uploads\/2020\/12\/Blitzer-Logo.jpg\" alt=\"\" class=\"wp-image-31938\" srcset=\"https:\/\/speyer24news.com\/wp-content\/uploads\/2020\/12\/Blitzer-Logo.jpg 800w, https:\/\/speyer24news.com\/wp-content\/uploads\/2020\/12\/Blitzer-Logo-300x169.jpg 300w, https:\/\/speyer24news.com\/wp-content\/uploads\/2020\/12\/Blitzer-Logo-768x432.jpg 768w, https:\/\/speyer24news.com\/wp-content\/uploads\/2020\/12\/Blitzer-Logo-678x381.jpg 678w\" sizes=\"(max-width: 800px) 100vw, 800px\" \/><\/figure><\/div>\n\n\n<h3 class=\"wp-block-heading\">Im <strong>Gebiet der Polizeidirektion Landau <\/strong>finden wie folgt Kontrollen statt:<\/h3>\n\n\n\n<ul>\n<li><strong>04.07.2023 im Bereich Queichhambach<\/strong><\/li>\n\n\n\n<li><strong>13.07.2023 im Bereich Essingen-Dreihof<\/strong><\/li>\n\n\n\n<li><strong>19.07.2023 im Bereich Klingenm\u00fcnster<\/strong><\/li>\n\n\n\n<li><strong>25.07.2023 im Bereich Edesheim<\/strong><\/li>\n<\/ul>\n\n\n\n<h3 class=\"wp-block-heading\">Im <strong>Gebiet der Polizeidirektion Neustadt<\/strong> finden wie folgt Kontrollen statt:<\/h3>\n\n\n\n<ul>\n<li><strong>06.07.2023 im Bereich Neuleiningen (Autobahn A6)<\/strong><\/li>\n\n\n\n<li><strong>10.07.2023 im Bereich Esthal<\/strong><\/li>\n\n\n\n<li><strong>18.07.2023 im Bereich Meckenheim<\/strong><\/li>\n\n\n\n<li><strong>26.07.2023 im Bereich Friedelsheim<\/strong><\/li>\n<\/ul>\n\n\n\n<h3 class=\"wp-block-heading\">Im <strong>Gebiet der Polizeidirektion Ludwigshafen<\/strong> finden wie folgt Kontrollen statt:<\/h3>\n\n\n\n<ul>\n<li><strong>07.07.2023 im Bereich Ludwigshafen<\/strong><\/li>\n\n\n\n<li><strong>11.07.2023 im Bereich Speyer<\/strong><\/li>\n\n\n\n<li><strong>21.07.2023 im Bereich Maxdorf<\/strong><\/li>\n\n\n\n<li><strong>24.07.2023 im Bereich Frankenthal<\/strong><\/li>\n<\/ul>\n\n\n\n<p>Die Polizei weist ausdr\u00fccklich darauf hin, dass Kontrollen auch au\u00dferhalb der genannten Zeiten und \u00d6rtlichkeiten stattfinden.<\/p>\n\n\n\n<p><em>Polizeipr\u00e4sidium Rheinpfalz<br>30.06.2023<\/em><\/p>\n","protected":false},"excerpt":{"rendered":"<div class=\"mh-excerpt\"><p>(Mannheim) \u2013 Geschwindigkeitskontrollen vom 3. bis 7. Juli Die Stadt Mannheim f\u00fchrt&nbsp;vom 3. bis 7. Juli in folgenden Stra\u00dfen mobile Geschwindigkeitskontrollen durch: Kurzfristige \u00c4nderungen oder zus\u00e4tzliche Messstellen sind aus aktuellem Anlass m\u00f6glich. Stadt Mannheim29.06.2023 (Ludwigshafen) <a class=\"mh-excerpt-more\" href=\"https:\/\/speyer24news.com\/?p=53039\" title=\"Geschwindigkeitskontrolle \/ Blitzer KW 27 (03.07. \u2013 09.07.23)\">[&#8230;]<\/a><\/p>\n<\/div>","protected":false},"author":3,"featured_media":33649,"comment_status":"open","ping_status":"open","sticky":false,"template":"","format":"standard","meta":{"_monsterinsights_skip_tracking":false,"_monsterinsights_sitenote_active":false,"_monsterinsights_sitenote_note":"","_monsterinsights_sitenote_category":0,"footnotes":""},"categories":[64],"tags":[18,7702,4819,4814,7703,14960,19,5148,4822,4817,5149,4228,14750,947,5146,4820,4815,5147,58,153,59,17,7699,7068,7004,949,5150,4818,4813,1310,948,10894,10893,979],"aioseo_notices":[],"amp_enabled":true,"_links":{"self":[{"href":"https:\/\/speyer24news.com\/index.php?rest_route=\/wp\/v2\/posts\/53039"}],"collection":[{"href":"https:\/\/speyer24news.com\/index.php?rest_route=\/wp\/v2\/posts"}],"about":[{"href":"https:\/\/speyer24news.com\/index.php?rest_route=\/wp\/v2\/types\/post"}],"author":[{"embeddable":true,"href":"https:\/\/speyer24news.com\/index.php?rest_route=\/wp\/v2\/users\/3"}],"replies":[{"embeddable":true,"href":"https:\/\/speyer24news.com\/index.php?rest_route=%2Fwp%2Fv2%2Fcomments&post=53039"}],"version-history":[{"count":2,"href":"https:\/\/speyer24news.com\/index.php?rest_route=\/wp\/v2\/posts\/53039\/revisions"}],"predecessor-version":[{"id":53041,"href":"https:\/\/speyer24news.com\/index.php?rest_route=\/wp\/v2\/posts\/53039\/revisions\/53041"}],"wp:featuredmedia":[{"embeddable":true,"href":"https:\/\/speyer24news.com\/index.php?rest_route=\/wp\/v2\/media\/33649"}],"wp:attachment":[{"href":"https:\/\/speyer24news.com\/index.php?rest_route=%2Fwp%2Fv2%2Fmedia&parent=53039"}],"wp:term":[{"taxonomy":"category","embeddable":true,"href":"https:\/\/speyer24news.com\/index.php?rest_route=%2Fwp%2Fv2%2Fcategories&post=53039"},{"taxonomy":"post_tag","embeddable":true,"href":"https:\/\/speyer24news.com\/index.php?rest_route=%2Fwp%2Fv2%2Ftags&post=53039"}],"curies":[{"name":"wp","href":"https:\/\/api.w.org\/{rel}","templated":true}]}}