{"id":53095,"date":"2023-07-04T07:50:33","date_gmt":"2023-07-04T06:50:33","guid":{"rendered":"https:\/\/speyer24news.com\/?p=53095"},"modified":"2023-07-04T07:50:35","modified_gmt":"2023-07-04T06:50:35","slug":"polizeimeldungen-montag-03-07-2023","status":"publish","type":"post","link":"https:\/\/speyer24news.com\/?p=53095","title":{"rendered":"Polizeimeldungen Montag (03.07.2023)"},"content":{"rendered":"<style type=\"text\/css\">\r\n\t.ads_top_disp{}\r\n\t.ads_top_corner_disp{ float:left; margin:0px 10px 10px 0px; }\r\n\t.ads_first_p_disp{}\r\n\t.ads_bottom_disp{}\r\n\t<\/style>\n<h2 class=\"wp-block-heading\">Polizeimeldungen vom Montag (03.07.2023)<\/h2>\n\n\n<div class=\"wp-block-image\">\n<figure class=\"aligncenter size-full\"><img decoding=\"async\" loading=\"lazy\" width=\"375\" height=\"500\" src=\"https:\/\/speyer24news.com\/wp-content\/uploads\/2022\/03\/Aktuelles-Polizeilogo.jpg\" alt=\"\" class=\"wp-image-43591\" srcset=\"https:\/\/speyer24news.com\/wp-content\/uploads\/2022\/03\/Aktuelles-Polizeilogo.jpg 375w, https:\/\/speyer24news.com\/wp-content\/uploads\/2022\/03\/Aktuelles-Polizeilogo-225x300.jpg 225w\" sizes=\"(max-width: 375px) 100vw, 375px\" \/><\/figure><\/div>\n\n\n<h2 class=\"wp-block-heading\">(Speyer) &#8211; Unfall zwischen PKW und Fahrrad<\/h2>\n\n\n\n<p>Am 02.07.2023 gegen 23:05 Uhr befuhr ein 46-J\u00e4hriger mit seinem Rad entgegen der Fahrtrichtung den Radweg der Waldseer Stra\u00dfe aus Richtung Otterstadter Weg kommend in Fahrtrichtung Wormser Landstra\u00dfe. Zeitgleich fuhr ein 23-j\u00e4hriger Mann mit seinem Pkw die Tullastra\u00dfe aus Richtung Auestra\u00dfe kommend. Dieser fuhr an der Ampel bei &#8222;gr\u00fcn&#8220; in die Kreuzung Tullastra\u00dfe\/Waldseer Stra\u00dfe ein. Pl\u00f6tzlich kam der Radfahrer von rechts in den Kreuzungsbereich eingefahren und beabsichtigte trotz Rotlicht die Kreuzung zu \u00fcberqueren. Der PKW Fahrer konnte einen Zusammensto\u00df nicht mehr verhindern. Der 46-J\u00e4hrige fiel auf die Motorhaube, die Windschutzscheibe und kam verletzt auf der Stra\u00dfe zum Liegen. Er wurde durch den Fahrer und hinzugeeilte Passanten erst versorgt. Der Kreuzungsbereich wurde f\u00fcr die Unfallaufnahme kurzzeitig voll gesperrt. Sowohl der Rettungsdienst, als auch der Notarzt waren im Einsatz. Die eingesetzten Beamten stellten Alkoholgeruch ausgehend vom Radfahrer fest. Ihm wurde im Krankenhaus eine Blutprobe entnommen.<\/p>\n\n\n\n<h2 class=\"wp-block-heading\">(Speyer) &#8211; Randalierer leistet Widerstand<\/h2>\n\n\n\n<p>Am Sonntagabend gegen 18:15 Uhr wurde der Polizei in Speyer mehrfach ein Mann gemeldet, der in der Stra\u00dfe Am Nonnebach Anwohner beleidigen w\u00fcrde. Zudem habe er den Zeugen gedroht sie abzustechen. Vor Ort wurde der 48-j\u00e4hrige Mann von der Polizei angetroffen. Dieser gab sich wie gemeldet aggressiv, schien alkoholisiert und beleidigte alle umstehenden Personen. W\u00e4hrend der polizeilichen Ma\u00dfnahme bedrohte und beleidigter er auch mehrfach die Beamten. Als er zudem ank\u00fcndigte zu fl\u00fcchten, brachten die Polizisten ihn zu Boden und fesselten ihn. Dabei trat der 48-J\u00e4hrige um sich und schrie nach Hilfe. Hierbei zog der Mann sich eine leichte Sch\u00fcrfwunde zu. Ihm musste eine Spuckschutzhaube aufgesetzt werden, da er fortw\u00e4hrend um sich spuckte. Der Mann wurde schlie\u00dflich dem polizeilichen Gewahrsam zugef\u00fchrt. Er muss sich nun unter anderem wegen Widerstand gegen Polizeibeamte, Bedrohung und Beleidigung strafrechtlich verantworten. Gl\u00fccklicherweise blieben sowohl die eingesetzten Polizisten als auch Anwohner unverletzt. Ein in der Folge durchgef\u00fchrter Atemalkoholtest ergab bei dem Beschuldigten einen Wert von 0,57 Promille.<\/p>\n\n\n\n<h2 class=\"wp-block-heading\">(Weingarten) &#8211; T\u00f6tungsdelikt<\/h2>\n\n\n\n<h3 class=\"wp-block-heading has-text-align-center\">2. Nachtrag: Vorl\u00e4ufiges Ergebnis der Obduktion<\/h3>\n\n\n\n<h3 class=\"wp-block-heading\">Gemeinsame Pressemitteilung von Staatsanwaltschaft Landau\/Pfalz und Polizeipr\u00e4sidium Rheinpfalz<\/h3>\n\n\n\n<p>Nach dem Verdacht eines T\u00f6tungsdeliktes am 01.07.2023 in Weingarten (Pfalz) wurde der 17-j\u00e4hrige Verstorbene heute (03.07.2023) im Institut f\u00fcr Rechtsmedizin der Universit\u00e4t Mainz auf Antrag der Staatsanwaltschaft Landau obduziert. Das vorl\u00e4ufige Ergebnis der Obduktion ergab als Todesursache das Verbluten infolge einer Stichverletzung im Bereich des Brustkorbs des Verstorbenen.<\/p>\n\n\n\n<h2 class=\"wp-block-heading\">(Bellheim) &#8211; Unfall mit Handy in der Hand<\/h2>\n\n\n\n<p>Ein 18-j\u00e4hriger Autofahrer befuhr Sonntagnachmittag die Landstra\u00dfe 509 von Knittelsheim in Richtung Bellheim. In einer Linkskurve war er kurzzeitig durch sein Handy abgelenkt, weshalb er von der Fahrbahn abkam und sich mit seinem PKW \u00fcberschlug. Mit leichten Verletzungen wurde er in ein Krankenhaus eingeliefert. Schlechter ging es jedoch f\u00fcr sein Fahrzeug aus. An diesem entstand ein Totalschaden.<\/p>\n\n\n\n<h2 class=\"wp-block-heading\">(Hagenbach) &#8211; Sprengung eines Geldausgabeautomaten<\/h2>\n\n\n<div class=\"wp-block-image\">\n<figure class=\"aligncenter size-full\"><img decoding=\"async\" loading=\"lazy\" width=\"640\" height=\"427\" src=\"https:\/\/speyer24news.com\/wp-content\/uploads\/2021\/04\/Gesprengter-Geldautomat-Beispielfoto.jpg\" alt=\"\" class=\"wp-image-35942\" srcset=\"https:\/\/speyer24news.com\/wp-content\/uploads\/2021\/04\/Gesprengter-Geldautomat-Beispielfoto.jpg 640w, https:\/\/speyer24news.com\/wp-content\/uploads\/2021\/04\/Gesprengter-Geldautomat-Beispielfoto-300x200.jpg 300w\" sizes=\"(max-width: 640px) 100vw, 640px\" \/><figcaption class=\"wp-element-caption\">Symbolbild &#8222;gesprengter Geldautomat&#8220;, dient lediglich der Visualisierung<\/figcaption><\/figure><\/div>\n\n\n<p>Unbekannte T\u00e4ter sprengten am 03.07.2023 gegen 02:30 Uhr einen Geldausgabeautomaten in einer Bankfiliale in Hagenbach. Am Geb\u00e4ude entstand Sachschaden in noch nicht bekannter H\u00f6he. Ob aus dem Geldausgabeautomat Geld entwendet wurde, ist derzeit noch nicht gekl\u00e4rt. Fahndungsma\u00dfnahmen der Polizei laufen. Die Kriminalpolizei Ludwigshafen hat die Ermittlungen aufgenommen. Bei Vorliegen neuer Erkenntnisse wird nachberichtet.<\/p>\n\n\n\n<ul>\n<li><strong>Sachdienliche Hinweise nimmt die Kriminalpolizei Ludwigshafen unter der Telefonnummer 0621\/963-2773 oder per Email\u00a0<a href=\"mailto:%20kiludwigshafen.k1.kdd@polizei.rlp.de\">kiludwigshafen.k1.kdd@polizei.rlp.de<\/a>\u00a0entgegen.<\/strong><\/li>\n<\/ul>\n\n\n\n<h3 class=\"wp-block-heading has-text-align-center\">Nachtragsmeldung<\/h3>\n\n\n\n<p>Nach der Sprengung von zwei Geldausgabeautomaten am 03.07.2023 in der Ludwigstra\u00dfe in Hagenbach hat die Kriminalpolizei Ludwigshafen die Ermittlungen aufgenommen.<\/p>\n\n\n\n<p>Nach derzeitigem Ermittlungsstand fl\u00fcchteten nach der Sprengung drei Personen in einem dunklen BMW. Ein Zeuge nahm die Verfolgung auf, brach diese jedoch ab, nachdem er mit dem Fluchtfahrzeug zusammenstie\u00df.<\/p>\n\n\n\n<p>Durch die Explosionen wurden die Geldautomaten und das Geb\u00e4ude besch\u00e4digt. Der entstandene Schaden wird auf mindestens 100.000 Euro gesch\u00e4tzt. Nach ersten Erkenntnissen gelang es den T\u00e4tern nicht, Bargeld zu erbeuten.<\/p>\n\n\n\n<ul>\n<li><strong>Haben Sie die Tat beobachtet oder k\u00f6nnen Sie Hinweise geben?<\/strong><\/li>\n<\/ul>\n\n\n\n<ul>\n<li><strong>Sachdienliche Hinweise nimmt die Kriminalpolizei Ludwigshafen unter der Telefonnummer 0621\/963-2773 oder per E-Mail\u00a0<a href=\"mailto:%20kiludwigshafen.k1.kdd@polizei.rlp.de\">kiludwigshafen.k1.kdd@polizei.rlp.de<\/a>\u00a0entgegen.<\/strong><\/li>\n<\/ul>\n\n\n\n<h4 class=\"wp-block-heading\"><em>Bitte beachten Sie den Appell Ihrer Polizei und begeben Sie sich nicht in Gefahr:<\/em><\/h4>\n\n\n\n<ul>\n<li><strong>Betreten Sie einen Tatort nach einer Geldautomatensprengung nicht, wenn dieser noch nicht untersucht wurde. Es k\u00f6nnten Folgeexplosionen stattfinden oder das Geb\u00e4ude k\u00f6nnte besch\u00e4digt worden sein.<\/strong><\/li>\n\n\n\n<li><strong>Versuchen Sie nicht die T\u00e4ter selbst zu stellen. Diese fahren auf ihrer Flucht mit hoher Geschwindigkeit und r\u00fccksichtlos.<\/strong><\/li>\n\n\n\n<li><strong>Wenn Sie eine Tat beobachten, w\u00e4hlen Sie den Notruf 110 und schildern Ihre Beobachtungen aus sicherer Entfernung.<\/strong><\/li>\n<\/ul>\n\n\n\n<h2 class=\"wp-block-heading\">(L 499 \/ Esthal) &#8211; Kontrolle des Durchfahrtsverbots Elmsteiner Tal<\/h2>\n\n\n<div class=\"wp-block-image\">\n<figure class=\"aligncenter size-full\"><img decoding=\"async\" loading=\"lazy\" width=\"500\" height=\"721\" src=\"https:\/\/speyer24news.com\/wp-content\/uploads\/2023\/06\/KontrollstelleElmsteinerTal.jpg\" alt=\"\" class=\"wp-image-52982\" srcset=\"https:\/\/speyer24news.com\/wp-content\/uploads\/2023\/06\/KontrollstelleElmsteinerTal.jpg 500w, https:\/\/speyer24news.com\/wp-content\/uploads\/2023\/06\/KontrollstelleElmsteinerTal-208x300.jpg 208w\" sizes=\"(max-width: 500px) 100vw, 500px\" \/><\/figure><\/div>\n\n\n<p>Auch an diesem Samstag wurde durch Polizeibeamtinnen und Polizeibeamte der Polizeiinspektion Neustadt\/Weinstra\u00dfe das bestehende Durchfahrtsverbot f\u00fcr Kraftr\u00e4der auf der L 499 zwischen Frankeneck und Johanniskreuz kontrolliert. Die Bilanz nach zwei Stunden station\u00e4rer Kontrolle: Elf Fahrzeugf\u00fchrer, welche mit ihren Motorr\u00e4dern verbotswidrig das Elmsteiner Tal befuhren. Die Strafe folgte mit einem zu zahlenden Verwarnungsgeld von f\u00fcnfzig Euro auf dem Fu\u00dfe. Das Durchfahrtsverbot besteht jedes Jahr in der Zeit vom 01. April bis 31. Oktober und gilt an Samstagen, Sonntagen sowie Feiertagen.<\/p>\n\n\n\n<h2 class=\"wp-block-heading\">(Lambrecht) &#8211; Hakenkreuzschmiererei auf Werbetafel<\/h2>\n\n\n<div class=\"wp-block-image\">\n<figure class=\"aligncenter size-full\"><img decoding=\"async\" loading=\"lazy\" width=\"800\" height=\"623\" src=\"https:\/\/speyer24news.com\/wp-content\/uploads\/2023\/07\/BildLambertskreuz.jpeg\" alt=\"\" class=\"wp-image-53096\" srcset=\"https:\/\/speyer24news.com\/wp-content\/uploads\/2023\/07\/BildLambertskreuz.jpeg 800w, https:\/\/speyer24news.com\/wp-content\/uploads\/2023\/07\/BildLambertskreuz-300x234.jpeg 300w, https:\/\/speyer24news.com\/wp-content\/uploads\/2023\/07\/BildLambertskreuz-768x598.jpeg 768w\" sizes=\"(max-width: 800px) 100vw, 800px\" \/><\/figure><\/div>\n\n\n<p>Am Samstag, den 01.07.2023 meldete der Wirt des Waldhauses Lambertskreuz, dass eine seiner Werbetafeln in Lambrecht, \u00d6stliche Luhrbachstra\u00dfe, durch Farbschmierereien u.a. mit einem Hakenkreuz, besch\u00e4digt wurde. Die Besch\u00e4digungen d\u00fcrften im Zeitraum zwischen dem 10. und 15 Juni erfolgt sein. <\/p>\n\n\n\n<ul>\n<li><strong>Zeugen, die verd\u00e4chtige Wahrnehmungen gemacht haben oder Hinweise auf m\u00f6gliche handelnde Personen geben k\u00f6nnen, werden gebeten sich an die Polizei in Neustadt unter der Tel.: 06321 854 -0 zu wenden.<\/strong><\/li>\n<\/ul>\n\n\n\n<h2 class=\"wp-block-heading\">(Bad D\u00fcrkheim) &#8211; Geschwindigkeitskontrollen<\/h2>\n\n\n\n<p>Am 02.07.2023 zwischen 11:00 Uhr und 12:00 Uhr wurde auf der B37 in Bad D\u00fcrkheim \/ Ortsteil Hardenburg eine Geschwindigkeits\u00fcberwachung durchgef\u00fchrt. Alle Verkehrsteilnehmer hielten sich vorbildlich an die erlaubte H\u00f6chstgeschwindigkeit von 50 km\/h, so dass keine Verwarnungen ausgesprochen werden mussten. Im genannten Zeitraum passierten ca. 650 Fahrzeuge den Messbereich in beide Fahrtrichtungen.<\/p>\n\n\n\n<h2 class=\"wp-block-heading\">(Ludwigshafen) &#8211; Fahrzeuge besch\u00e4digt \/ Ingewahrsamnahme<\/h2>\n\n\n\n<p>In der Nacht zum Montag (03.07.2023) verst\u00e4ndigten gegen 01:25 Uhr Anwohner der Hoheneckenstra\u00dfe die Polizei, weil zwei M\u00e4nner durch die Stra\u00dfe zogen, ein Motorrad umschmissen und ein Auto besch\u00e4digten. Die alarmierten Polizeikr\u00e4fte konnten die beiden alkoholisierten 20- und 21-J\u00e4hrigen in der Altriper Stra\u00dfe feststellen und kontrollieren. Der 21-J\u00e4hrige versuchte wegzulaufen, konnte jedoch gestoppt werden. Da er hiermit offensichtlich nicht einverstanden war, beleidigte und bedrohte er die Polizeikr\u00e4fte lautstark. W\u00e4hrend der Kontrolle verhielt er sich auch weiterhin derart aggressiv, dass er in Gewahrsam genommen werden musste. Ein Atemalkoholtest ergab bei dem 20-J\u00e4hrigen einen Wert von \u00fcber 1,1 Promille, bei dem 21-J\u00e4hrigen \u00fcber 1,8 Promille. Beide erwarten Strafverfahren wegen Sachbesch\u00e4digung, den 21-J\u00e4hrigen zus\u00e4tzlich eines wegen Beleidigung und Bedrohung.<\/p>\n\n\n\n<h2 class=\"wp-block-heading\">(Ludwigshafen) &#8211; Werkzeugdiebstahl \/ Zeugen gesucht<\/h2>\n\n\n\n<p>Zwischen dem Abend des 30.06.2023 und dem Abend des 02.07.2023 entwendeten Unbekannte mehrere hochwertige Werkzeuge aus einem am Carl-Wurster-Platz abgestellten Auto. Es entstand ein Sachschaden von circa 8.000 Euro.<\/p>\n\n\n\n<ul>\n<li><strong>Wer hat die Tat beobachtet oder im genannten Zeitraum im Bereich des Car-Wurster-Platz verd\u00e4chtige Personen wahrgenommen?<\/strong><\/li>\n<\/ul>\n\n\n\n<ul>\n<li><strong>Sachdienliche Hinweise bitte an die Polizeiinspektion Ludwigshafen 2, Telefonnummer 0621 963-2222 oder per E-Mail\u00a0<a href=\"mailto:%20piludwigshafen2@polizei.rlp.de\">piludwigshafen2@polizei.rlp.de<\/a>\u00a0.<\/strong><\/li>\n<\/ul>\n\n\n\n<h2 class=\"wp-block-heading\">(Ludwigshafen) &#8211; Unfall gebaut und abgehauen<\/h2>\n\n\n\n<p>Ein 27-J\u00e4hriger beobachtete am Sonntag, 02.07.2023, gegen 18:35 Uhr, wie eine bislang unbekannte Person in einem wei\u00dfen Hyundai in der Rheing\u00f6nheimer Stra\u00dfe an der Haltestelle Hoheneckenstra\u00dfe \u00fcber eine Erh\u00f6hung fuhr und schlie\u00dflich mit einem Verkehrsschild kollidierte. Statt sich um den entstanden Schaden zu k\u00fcmmern, entfernte sich die Person unerlaubt vom Unfallort. <strong>Das Auto soll ein Ludwigshafener Nummernschild gehabt haben.<\/strong><\/p>\n\n\n\n<ul>\n<li><strong>Sie haben den Unfall ebenfalls beobachtet oder k\u00f6nnen Angaben zur Fahrerin oder dem Fahrer des wei\u00dfen Hyundais machen? Sachdienliche Hinweise bitte an die Polizeiinspektion Ludwigshafen 1, Telefonnummer 0621 963-2122 oder per E-Mail\u00a0<a href=\"mailto:%20piludwigshafen1@polizei.rlp.de\">piludwigshafen1@polizei.rlp.de<\/a>\u00a0.<\/strong><\/li>\n<\/ul>\n\n\n\n<p>Die Polizei weist daraufhin, dass Unerlaubtes Entfernen von Unfallort kein Kavaliersdelikt ist! Der fl\u00fcchtige Fahrer muss mit einer Geld- oder Freiheitsstrafe bis zu 3 Jahren und evtl. mit einem F\u00fchrerscheinentzug rechnen. Au\u00dferdem kann der Fl\u00fcchtige den Kaskoschutz seiner Kfz-Versicherung verlieren und von seiner Versicherung an der Beteiligung des Fremdschadens beteiligt werden. Die Polizei r\u00e4t deshalb, jeden Unfall bei der Polizei zu melden.<\/p>\n\n\n\n<h2 class=\"wp-block-heading\">(Ludwigshafen) &#8211; Brennendes Sofa<\/h2>\n\n\n\n<p>Am Sonntag (02.07.2023, gegen 14:30 Uhr) wurde ein brennendes Sofa im Schlehengang gemeldet. Dieses stand bereits seit l\u00e4ngerer Zeit vor einer Garage. Ersten Ermittlungen zufolge d\u00fcrfte eine bislang unbekannte Person das M\u00f6belst\u00fcck in Brand gesetzt haben. Es entstand ein Sachschaden von etwa 200 Euro.<\/p>\n\n\n\n<ul>\n<li><strong>Sie haben etwas beobachtet? Sachdienliche Hinweise bitte an die Polizeiinspektion Ludwigshafen 1, Telefonnummer 0621 963-2122 oder per E-Mail\u00a0<a href=\"mailto:%20piludwigshafen1@polizei.rlp.de\">piludwigshafen1@polizei.rlp.de<\/a>\u00a0.<\/strong><\/li>\n<\/ul>\n\n\n\n<h2 class=\"wp-block-heading\">(Ludwigshafen) &#8211; Geldbeutel aus Auto gestohlen<\/h2>\n\n\n\n<p>Eine Scheibe eines Mercedes wurde in der Nacht auf Sonntag (02.07.2023), eingeschlagen. Das Auto stand zur Tatzeit auf dem Parkplatz des Wildparks in der Neuh\u00f6fer Stra\u00dfe. Aus dem Auto wurde ein Geldbeutel gestohlen. Insgesamt entstand ein Sachschaden von rund 600 Euro.<\/p>\n\n\n\n<ul>\n<li><strong>Sachdienliche Hinweise bitte an die Polizeiinspektion Ludwigshafen 1, Telefonnummer 0621 963-2122 oder per E-Mail\u00a0<a href=\"mailto:%20piludwigshafen1@polizei.rlp.de\">piludwigshafen1@polizei.rlp.de<\/a>\u00a0.<\/strong><\/li>\n<\/ul>\n\n\n\n<p>Auto-Einbrecher haben es in der Regel besonders auf Navigationsger\u00e4te, Mobiltelefone, Notebooks sowie sonstige zur\u00fcckgelassene Wertsachen wie Handtaschen oder Kleidung mit Scheckkarten, Papieren und Bargeld abgesehen. Es ist davon auszugehen, dass die T\u00e4ter die Parkpl\u00e4tze beobachten und kurz nach Abstellen eines Pkw sofort agieren. Aus diesem Grund ist besonders in der dunklen Jahreszeit in den Abendstunden erh\u00f6hte Sorgfalt beim Abstellen und Verlassen des eigenen Fahrzeugs geboten. Verschlie\u00dfen Sie Ihr Fahrzeug auch bei kurzer Parkdauer und \u00fcberpr\u00fcfen Sie den Schlie\u00dfzustand. Achten Sie beim Verlassen des Fahrzeugs auf verd\u00e4chtige Personen in Ihrem Umkreis. Lassen Sie keine Wertgegenst\u00e4nde sichtbar im Fahrzeug zur\u00fcck. Selbst bei Kleinstgegenst\u00e4nden, ergibt sich ein Anreiz f\u00fcr den T\u00e4ter.<\/p>\n\n\n\n<h4 class=\"wp-block-heading\"><em>Weiterf\u00fchrende Informationen zu diesem und auch anderen Themen finden Sie auf der Internetpr\u00e4senz der polizeilichen Kriminalpr\u00e4vention unter\u00a0<a href=\"https:\/\/www.polizei-beratung.de\/\" target=\"_blank\" rel=\"noreferrer noopener\">www.polizei-beratung.de<\/a>\u00a0.<\/em><\/h4>\n\n\n\n<h2 class=\"wp-block-heading\">(Mannheim-Waldhof) &#8211; Unter Drogeneinfluss und ohne F\u00fchrerschein gefahren, vor der Polizei gefl\u00fcchtet<\/h2>\n\n\n\n<p>Am Sonntagmorgen, gegen 04.40 Uhr fiel einer Streife des Polizeirevier Mannheim-K\u00e4fertal ein Pkw auf, welcher mit mehreren Personen besetzt war und auf der Hessischen Stra\u00dfe unterwegs war. Das Fahrzeug sollte an der n\u00e4chsten Ampel angehalten und einer Kontrolle unterzogen werden. Zun\u00e4chst machte der Pkw-Fahrer auch die Anstalten, sich einer Kontrolle zu unterziehen und hielt an. Als die Beamten jedoch an das Auto herantraten, gab der Autofahrer Gas und fuhr in Richtung Speckweg davon. Die Polizeibeamten reagierten jedoch unverz\u00fcglich und verfolgten den nun Verd\u00e4chtigen mit dem Streifenwagen \u00fcber mehrere Stra\u00dfen hinweg und stellten das Fahrzeug in der Stra\u00dfe Mittelried fest. Der Fahrzeugf\u00fchrer und sein Beifahrer hatten die Flucht zu Fu\u00df angetreten und konnten dann, in der Stra\u00dfe im Stillen Winkel festgestellt und kontrolliert werden. W\u00e4hrend der Kontrolle ergaben sich bei dem Fahrer Hinweise auf den Einfluss von Bet\u00e4ubungsmitteln, zudem hatte er Alkohol getrunken. Bei einer weiteren \u00dcberpr\u00fcfung stellte sich auch noch heraus, dass der Fahrer nicht im Besitz einer Fahrerlaubnis war. Daraufhin wurde dem 27-J\u00e4hrigen Blut entnommen,<\/p>\n\n\n\n<p>Ihn erwartet jetzt eine Anzeige wegen Fahrens ohne Fahrerlaubnis, Fahren unter dem Einfluss von Bet\u00e4ubungsmitteln, sowie des Besitzes von Bet\u00e4ubungsmitteln.<\/p>\n\n\n\n<h2 class=\"wp-block-heading\">(A 6 \/ Mannheim \/ Schwetzingen) &#8211; Unfall mit umgekipptem Lkw<\/h2>\n\n\n\n<p>Am Montagmorgen, gegen 09:30 Uhr kamm es aufgrund eines umgekippten Lkw auf der BAB 6 Heilbronn Richtung Mannheim an der Ausfahrt Mannheim\/Schwetzingen zu Verkehrsbeeintr\u00e4chtigungen. Der Fahrer des Lkw musste durch die Feuerwehr aus dem Fahrzeug geborgen werden und wird in ein umliegendes Krankenhaus gebracht. \u00dcber das genaue Schadens- sowie Verletzungsbild kann derzeit noch keine Aussage getroffen werden. F\u00fcr die Unfallaufnahme und die Bergung des Lkw wird die Ausfahrt Mannheim\/Schwetzingen vollst\u00e4ndig gesperrt. Verkehrsteilnehmer werden gebeten, an der AS Mannheim\/Schwetzingen Richtung Schwetzingen auf die B 535 aufzufahren und dann auf H\u00f6he &#8222;Pfitzenmeier&#8220; gleich wieder auf die L 597 und dann links Richtung Friedrichsfeld wieder auf die B 535 Richtung Mannheim aufzufahren.<\/p>\n\n\n\n<h3 class=\"wp-block-heading has-text-align-center\">Pressemeldung Nr. 2<\/h3>\n\n\n\n<p>Montagmorgen, gegen 09:30 Uhr, kipppte ein LKW auf der BAB 6 von Heilbronn in Richtung Mannheim an der Ausfahrt Schwetzingen, um. Der Grund f\u00fcr den Unfall ist noch unbekannt und Gegenstand der laufenden Ermittlungen. Das Unfallfahrzeug wird aktuell noch geborgen und die Unfallstelle ger\u00e4umt. Der Fahrer wurde mit schweren Verletzungen in ein umliegendes Krankenhaus gebracht. Die H\u00f6he des entstandenen Sachschaden ist bislang noch unbekannt.<\/p>\n\n\n\n<h2 class=\"wp-block-heading\">(Heidelberg) &#8211; Kind bei Unfall verletzt \/ Zeugenaufruf!<\/h2>\n\n\n\n<p>Bereits am 13.06.2023 ereignete sich gegen 07:30 Uhr ein Unfall zwischen einem Pkw und einem Kind im Stadtteil Neuenheim, f\u00fcr den noch weitere Zeugen gesucht werden. Zum Unfallzeitpunkt fuhr eine 32-j\u00e4hrige Hyundai-Fahrerin die Uferstra\u00dfe entlang, als diese an einem Fu\u00dfg\u00e4nger\u00fcberweg mit einem 12-j\u00e4hrigen Jungen, welcher auf seinem Fahrrad die Fahrbahn querte, kollidierte. Der 12-J\u00e4hrige verlor durch den Zusammensto\u00df sein Gleichgewicht und st\u00fcrzte zu Boden. Der Junge trug einen Helm und zog sich durch den Sturz nur leichte Verletzungen an den Knien zu. Der gesamte Sachschaden bel\u00e4uft sich auf einen niedrigen vierstelligen Betrag.<\/p>\n\n\n\n<ul>\n<li><strong>Zeugen, die den Unfallhergang beobachten konnten, werden gebeten, sich mit dem Polizeirevier Heidelberg-Nord, Tel.: 06221\/4569-0, in Verbdingung zu setzen.<\/strong><\/li>\n<\/ul>\n\n\n\n<h2 class=\"wp-block-heading\">(A 61 \/ Hockenheim \/ Rhein-Neckar-Kreis) &#8211; Motorradfahrer f\u00e4hrt durch Rettungsgasse und verursacht Unfall<\/h2>\n\n\n\n<p>Am Sonntag kam es auf der BAB 61 gegen 11.30 Uhr zu einer Staubildung, bei welchem eine Rettungsgasse gebildet wurde. Ein 62-j\u00e4hriger Porsche-Fahrer befand sich deshalb \u00e4u\u00dferst links auf der linken der beiden Fahrspuren. Am Dreieck Hockenheim wollte dieser auf die BAB 6 in Fahrtrichtung Mannheim wechseln. Hierzu setzte er seinen Blinker, schaute nach rechts und leitete auf seinem Fahrstreifen den Wechselvorgang ein. Als der 62-J\u00e4hrige noch auf seiner Fahrspur \u00e4u\u00dferst rechts war, gab es pl\u00f6tzlich einen lauten Schlag. Hier fuhr ein 48-J\u00e4hriger Motorrad-Fahrer zuvor verbotswidrig die Rettungsgasse entlang und prallte w\u00e4hrend der 62-J\u00e4hrige den Fahrstreifen wechseln wollte, in den vorderen rechten Kotfl\u00fcgel des Autos. Durch den Aufprall verlor er die Kontrolle \u00fcber sein Motorrad, st\u00fcrzte und verletzte sich leicht. Er wurde zur medizinischen Versorgung in ein umliegendes Krankenhaus verbracht. Das Motorrad war nicht mehr fahrbereit und wurde abgeschleppt. Es entstand Sachschaden in H\u00f6he von ca. 11.000 Euro.<\/p>\n\n\n\n<h2 class=\"wp-block-heading\">(Hockenheim \/ Rhein-Neckar-Kreis) &#8211; Schnelle Fahndung nach Handydiebstahl f\u00fchrt zum Erfolg<\/h2>\n\n\n\n<p>Am Samstag meldete sich ein 23-J\u00e4hriger bei dem Polizeirevier Hockenheim und gab an, dass sein Mobiltelefon gestohlen wurde. \u00dcber seine Handyortung konnte er sehen, dass sich das Mobiltelefon auf der TUR Hockenheim befindet. Eine Streife des Verkehrsdienstes Walldorf begab sich daraufhin an die \u00d6rtlichkeit. In der Zwischenzeit verlagerte sich der Ortungsstandort des Mobiltelefons jedoch in das Stadtgebiet Hockenheim in Richtung Continentalstra\u00dfe \/ In der Clamm, wo kurze Zeit sp\u00e4ter zwei m\u00e4nnliche Personen, jeweils mit einem Mobiltelefon in der Hand, vor Ort stehend festgestellt werden konnten. Der Eigent\u00fcmer des Handys wurde angewiesen sein Mobiltelefon anzuklingeln. Hierauf klingelte das Mobiltelefon, welches einer der M\u00e4nner gerade in den H\u00e4nden hielt. Der 42-J\u00e4hrige gab an, dass er das Mobiltelefon von einem Kumpel in Frankfurt a. Main k\u00e4uflich erworben hatte. Das Handy konnte durch die Beamten seinem rechtm\u00e4\u00dfigen Eigent\u00fcmer wieder \u00fcbergeben werden. Wie der 42-J\u00e4hrige nun tats\u00e4chlich in den Besitz des Handys kam und wer den Diebstahl begangen hat, ist aktuell noch Stand der Ermittlungen.<\/p>\n\n\n\n<h2 class=\"wp-block-heading\">(A 6 \/ St. Leon-Rot \/ Rhein-Neckar-Kreis) &#8211; R\u00fcckstau verursacht Unfall<\/h2>\n\n\n\n<p>Ein 46-j\u00e4hriger Ford-Fahrer und ein 65-j\u00e4hriger Hyundai-Fahrer befuhren am Sonntag gegen 20.45 Uhr den linken Fahrstreifen der BAB 6 in Fahrtrichtung Heilbronn. Der Verkehr war auf Grund der Baustelle in H\u00f6he St. Leon-Rot leicht stockend und die Fahrzeuge mussten aufgrund der gegebenen Verkehrssituation abbremsen. Der Ford-Fahrer bemerkte dies zu sp\u00e4t und fuhr in Folge dessen auf den Hyundai auf. Verletzt wurde bei dem Unfall keiner der Beteiligten. Beide Fahrzeuge waren nicht mehr fahrbereit und mussten abgeschleppt werden. Es entstand ein Sachschaden in H\u00f6he von ca. 21.000 Euro.<\/p>\n\n\n\n<h2 class=\"wp-block-heading\">(Meckesheim \/ Rhein-Neckar-Kreis) &#8211; 23-J\u00e4hriger unter Einfluss von Bet\u00e4ubungsmitteln hinterm Steuer erwischt<\/h2>\n\n\n\n<p>Am Samstagabend, gegen 23:45 Uhr stoppten Beamte des Polizeireviers Neckargem\u00fcnd in der Zuzenh\u00e4user Stra\u00dfe einen 23-j\u00e4hirger Mercedes-Fahrer, der unter Einfluss von Drogen unterwegs war. Bereits w\u00e4hrend des Kontrollgespr\u00e4chs bemerkten die Beamten deutliche Anzeichen, die auf den Konsum von Bet\u00e4ubungsmitteln hindeuteten, weshalb die Beamten einen Drogentest durchf\u00fchrten. Das positive Ergebnis auf Kokain erh\u00e4rtete den Verdacht. Der 23-J\u00e4hrige musste eine Blutprobe abgeben. Bei der Durchsuchung des Mannes sowie seines Pkw konnten die Beamten weitere geringe Mengen Kokain auffinden. Dem jungen Mann wurde die Weiterfahrt untersagt. Der Fahrzeugschl\u00fcssel wurde sichergestellt.<\/p>\n\n\n\n<p>Der 23-J\u00e4hrige muss sich nun wegen der Fahrt unter Drogen sowie dem Versto\u00df gegen das Bet\u00e4ubungsmittelbgesetz verantworten.<\/p>\n\n\n\n<h2 class=\"wp-block-heading\">(Eppelheim \/ Rhein-Neckar-Kreis) &#8211; Medizinischer Notfall f\u00fchrt zum Unfall<\/h2>\n\n\n\n<p>Ein 45-j\u00e4hriger Fahrzeugf\u00fchrer befuhr am Samstag gegen 2.20 Uhr in Eppelheim die Schillerstra\u00dfe in Richtung Jakob-Ruppert-Stra\u00dfe. Kurz nachdem das Fahrzeug die Schulstra\u00dfe \u00fcberquerte, kam dies nach rechts von der Fahrbahn ab und prallte in den dortigen Gartenzaun eines Hauses. Dort blieb der Citroen mit der Fahrzeugfront im besagtem Garten stehen. Die Anwohnerin bemerkte den Unfall und setzte hierauf einen Notruf ab. Fast zeitgleich trafen Ersthelfer am Unfallort ein. Diese begaben sich umgehend zum Fahrzeug und fanden den Fahrer bewusstlos vor. Im Rahmen der Ersten Hilfe wurde der 45-J\u00e4hrige bis zum Eintreffen der Einsatzkr\u00e4fte durch die Ersthelfer erfolgreich reanimiert und im Anschluss in ein umliegendes Krankenhaus verbracht. Vermutlich verlor der 45-J\u00e4hrige aufgrund eines medizinischen Notfalls sein Bewusstsein und fuhr infolge dessen mit seinem Fahrzeug in den Gartenzaun. Bei der Kollision entstand geringer Sachschaden am Fahrzeug. Der Zaun wurde ebenfalls besch\u00e4digt. Die genaue H\u00f6he des Sachschadens ist bislang noch unbekannt.<\/p>\n","protected":false},"excerpt":{"rendered":"<div class=\"mh-excerpt\"><p>Polizeimeldungen vom Montag (03.07.2023) (Speyer) &#8211; Unfall zwischen PKW und Fahrrad Am 02.07.2023 gegen 23:05 Uhr befuhr ein 46-J\u00e4hriger mit seinem Rad entgegen der Fahrtrichtung den Radweg der Waldseer Stra\u00dfe aus Richtung Otterstadter Weg kommend <a class=\"mh-excerpt-more\" href=\"https:\/\/speyer24news.com\/?p=53095\" title=\"Polizeimeldungen Montag (03.07.2023)\">[&#8230;]<\/a><\/p>\n<\/div>","protected":false},"author":3,"featured_media":26162,"comment_status":"open","ping_status":"open","sticky":false,"template":"","format":"standard","meta":{"_monsterinsights_skip_tracking":false,"_monsterinsights_sitenote_active":false,"_monsterinsights_sitenote_note":"","_monsterinsights_sitenote_category":0,"footnotes":""},"categories":[15659],"tags":[7243,7244,3614,350,14537,15084,15267,14538,15361,15845,702,61,2555,6955,6986,6263,63,105,11150,6987,53,4854,13534,4683,1548,4905,11592,102,13626,213,14325,14324,13553,13541,55,8277,6368,5261,103,106,2803,2423,427,2625,380,62,104,979,1565],"aioseo_notices":[],"amp_enabled":true,"_links":{"self":[{"href":"https:\/\/speyer24news.com\/index.php?rest_route=\/wp\/v2\/posts\/53095"}],"collection":[{"href":"https:\/\/speyer24news.com\/index.php?rest_route=\/wp\/v2\/posts"}],"about":[{"href":"https:\/\/speyer24news.com\/index.php?rest_route=\/wp\/v2\/types\/post"}],"author":[{"embeddable":true,"href":"https:\/\/speyer24news.com\/index.php?rest_route=\/wp\/v2\/users\/3"}],"replies":[{"embeddable":true,"href":"https:\/\/speyer24news.com\/index.php?rest_route=%2Fwp%2Fv2%2Fcomments&post=53095"}],"version-history":[{"count":1,"href":"https:\/\/speyer24news.com\/index.php?rest_route=\/wp\/v2\/posts\/53095\/revisions"}],"predecessor-version":[{"id":53097,"href":"https:\/\/speyer24news.com\/index.php?rest_route=\/wp\/v2\/posts\/53095\/revisions\/53097"}],"wp:featuredmedia":[{"embeddable":true,"href":"https:\/\/speyer24news.com\/index.php?rest_route=\/wp\/v2\/media\/26162"}],"wp:attachment":[{"href":"https:\/\/speyer24news.com\/index.php?rest_route=%2Fwp%2Fv2%2Fmedia&parent=53095"}],"wp:term":[{"taxonomy":"category","embeddable":true,"href":"https:\/\/speyer24news.com\/index.php?rest_route=%2Fwp%2Fv2%2Fcategories&post=53095"},{"taxonomy":"post_tag","embeddable":true,"href":"https:\/\/speyer24news.com\/index.php?rest_route=%2Fwp%2Fv2%2Ftags&post=53095"}],"curies":[{"name":"wp","href":"https:\/\/api.w.org\/{rel}","templated":true}]}}