{"id":53110,"date":"2023-07-04T10:09:26","date_gmt":"2023-07-04T09:09:26","guid":{"rendered":"https:\/\/speyer24news.com\/?p=53110"},"modified":"2023-07-04T10:09:27","modified_gmt":"2023-07-04T09:09:27","slug":"speyer-sport-3","status":"publish","type":"post","link":"https:\/\/speyer24news.com\/?p=53110","title":{"rendered":"Speyer \/ Sport"},"content":{"rendered":"<style type=\"text\/css\">\r\n\t.ads_top_disp{}\r\n\t.ads_top_corner_disp{ float:left; margin:0px 10px 10px 0px; }\r\n\t.ads_first_p_disp{}\r\n\t.ads_bottom_disp{}\r\n\t<\/style>\n<h2 class=\"wp-block-heading\">26. VOR-TOUR der Hoffnung vom 21.07. &#8211; 23.07.2023<\/h2>\n\n\n\n<h3 class=\"wp-block-heading\">Mit Stationen u.A. auch in Speyer am 21.07. ca 11:15 Uhr<\/h3>\n\n\n<div class=\"wp-block-image\">\n<figure class=\"aligncenter size-full\"><img decoding=\"async\" loading=\"lazy\" width=\"600\" height=\"599\" src=\"https:\/\/speyer24news.com\/wp-content\/uploads\/2023\/07\/VOR-TOUR-der-Hoffnung-2023.jpg\" alt=\"\" class=\"wp-image-53112\" srcset=\"https:\/\/speyer24news.com\/wp-content\/uploads\/2023\/07\/VOR-TOUR-der-Hoffnung-2023.jpg 600w, https:\/\/speyer24news.com\/wp-content\/uploads\/2023\/07\/VOR-TOUR-der-Hoffnung-2023-300x300.jpg 300w, https:\/\/speyer24news.com\/wp-content\/uploads\/2023\/07\/VOR-TOUR-der-Hoffnung-2023-150x150.jpg 150w\" sizes=\"(max-width: 600px) 100vw, 600px\" \/><\/figure><\/div>\n\n\n<p><strong>Pfalz \/ Speyer &#8211;<\/strong> Der gro\u00dfe Erfolg der \u201eTOUR DER HOFFNUNG\u201c \u00fcber die vielen Jahre hinweg liegt darin begr\u00fcndet, dass sich immer mehr Einzelaktionen unter dem Dach der Tour selbst zu starken und erfolgreichen Veranstaltungen entwickelt haben.<\/p>\n\n\n\n<p>Die VOR-TOUR entwickelte sich aus einer fixen Idee zweier Freunde, mit dem Rad zum Prolog der \u201eTour der Hoffnung\u201c nach Gie\u00dfen anzureisen. Heute bewegt sie nicht nur 100 Radler durch die Region, sondern vor allem unglaubliche Spendensummen! Denn mit der j\u00e4hrlich stattfindenden VOR-TOUR des Organisationsleiters J\u00fcrgen Gr\u00fcnwald haben er und seine vielen K\u00fcmmerer die \u201eTOUR DER HOFFNUNG\u201c dort fest verankert, vor allem emotional, was ich immer wieder als Mitradlerin feststellen darf!<\/p>\n\n\n\n<p>Es ist eine tolle Gemeinschaft geworden, die sich in den Dienst unserer gemeinsamen Sache gestellt hat. Ich m\u00f6chte deshalb auch die Gelegenheit nutzen, Euch allen an dieser Stelle ganz herzlich DANKE zu sagen!<\/p>\n\n\n\n<h4 class=\"wp-block-heading\">Wie Sie helfen k\u00f6nnen<\/h4>\n\n\n\n<p>Eigentlich lebt die \u201eVOR-TOUR der Hoffnung\u201c vom Einfallsreichtum und vom Engagement all derer, die am Rande der Strecke und in den Etappenzielorten unsere Sache zu ihrer Sache machen. Vereine veranstalten Sammlungen, Belegschaften tun sich zusammen, um f\u00fcr die krebskranken Kinder zu spenden. Es muss gar nicht immer die gro\u00dfe Aktion sein, um zu helfen.<\/p>\n\n\n\n<p>Viele Vereine in den St\u00e4dten und D\u00f6rfern, die von der \u201eTour\u201c besucht werden, nutzen den Stopp der Hoffnungsradler, um kleine Feste zu veranstalten, auf denen dann flei\u00dfig gesammelt wird.<\/p>\n\n\n\n<p>Die M\u00f6glichkeiten der Hilfe sind unbegrenzt!<\/p>\n\n\n<div class=\"wp-block-image\">\n<figure class=\"aligncenter size-full\"><img decoding=\"async\" loading=\"lazy\" width=\"800\" height=\"599\" src=\"https:\/\/speyer24news.com\/wp-content\/uploads\/2023\/07\/VOR-TOUR-der-Hoffnung-Logo.jpg\" alt=\"\" class=\"wp-image-53113\" srcset=\"https:\/\/speyer24news.com\/wp-content\/uploads\/2023\/07\/VOR-TOUR-der-Hoffnung-Logo.jpg 800w, https:\/\/speyer24news.com\/wp-content\/uploads\/2023\/07\/VOR-TOUR-der-Hoffnung-Logo-300x225.jpg 300w, https:\/\/speyer24news.com\/wp-content\/uploads\/2023\/07\/VOR-TOUR-der-Hoffnung-Logo-768x575.jpg 768w, https:\/\/speyer24news.com\/wp-content\/uploads\/2023\/07\/VOR-TOUR-der-Hoffnung-Logo-678x509.jpg 678w, https:\/\/speyer24news.com\/wp-content\/uploads\/2023\/07\/VOR-TOUR-der-Hoffnung-Logo-326x245.jpg 326w, https:\/\/speyer24news.com\/wp-content\/uploads\/2023\/07\/VOR-TOUR-der-Hoffnung-Logo-80x60.jpg 80w\" sizes=\"(max-width: 800px) 100vw, 800px\" \/><\/figure><\/div>\n\n\n<h4 class=\"wp-block-heading\">Der Kampf gegen Krebs braucht privates Engagement: <\/h4>\n\n\n\n<h4 class=\"wp-block-heading\"><strong>Helfen Sie uns durch Ihre Spende im Kampf gegen den Kinderkrebs!<\/strong><\/h4>\n\n\n\n<h3 class=\"wp-block-heading\">SPENDENKONTEN<\/h3>\n\n\n\n<h4 class=\"wp-block-heading\">Sparkasse Neuwied<\/h4>\n\n\n\n<p>IBAN: DE67 5745 0120 0102 2195 32 \u00b7 SWIFT-BIC: MALADE51NWD<\/p>\n\n\n\n<h4 class=\"wp-block-heading\">Kreissparkasse Ahrweiler<\/h4>\n\n\n\n<p>IBAN: DE55 5775 1310 0003 0080 00 \u00b7 SWIFT-BIC: MALADE51AHR<\/p>\n\n\n\n<h4 class=\"wp-block-heading\">VR-Bank Rhein-Mosel eG<\/h4>\n\n\n\n<p>IBAN: DE61 5746 0117 0000 9995 55&nbsp;\u00b7&nbsp;SWIFT-BIC:GENODED1NWD<\/p>\n\n\n\n<h3 class=\"wp-block-heading\">Spender welche eine Spendenquittung ben\u00f6tigen unbedingt die Spenderadresse auf der \u00dcberweisung eintragen, Vielen Dank.<\/h3>\n\n\n\n<ul>\n<li><strong>Die gesammelten Spenden erhalten zu 100% die Beg\u00fcnstigten.<\/strong><\/li>\n\n\n\n<li><strong>Es gehen keine Spenden in Verwaltungskosten.<\/strong><\/li>\n\n\n\n<li><strong>Die Spendenverwaltung erfolgt durch den Stadtk\u00e4mmerer der Stadt Gie\u00dfen.<\/strong><\/li>\n\n\n\n<li><strong>Die get\u00e4tigten Spenden sind zu 100% Steuer abzugsf\u00e4hig.<\/strong><\/li>\n\n\n\n<li><strong>Ein medizinisches Kuratorium entscheidet \u00fcber die Verteilung der Spenden.<\/strong><\/li>\n<\/ul>\n\n\n\n<h3 class=\"wp-block-heading\"><strong>Mehr Informationen \u00fcber die VOR-TOUR der Hoffnung, den Verein, die unterst\u00fctzten Projekte u.v.m. unter: <a href=\"https:\/\/www.vortour-der-hoffnung.de\/\">https:\/\/www.vortour-der-hoffnung.de\/<\/a><\/strong><\/h3>\n\n\n\n<figure class=\"wp-block-embed is-type-video is-provider-youtube wp-block-embed-youtube wp-embed-aspect-16-9 wp-has-aspect-ratio\"><div class=\"wp-block-embed__wrapper\">\n<iframe loading=\"lazy\" title=\"Vor-Tour der Hoffnung - Imagefilm 2016 (neu)\" width=\"500\" height=\"281\" src=\"https:\/\/www.youtube.com\/embed\/McgHZg9R5ao?feature=oembed\" frameborder=\"0\" allow=\"accelerometer; autoplay; clipboard-write; encrypted-media; gyroscope; picture-in-picture; web-share\" allowfullscreen><\/iframe>\n<\/div><\/figure>\n\n\n\n<p><em>VOR-TOUR der Hoffnung e.V.<br>04.07.2023<\/em><\/p>\n","protected":false},"excerpt":{"rendered":"<div class=\"mh-excerpt\"><p>26. VOR-TOUR der Hoffnung vom 21.07. &#8211; 23.07.2023 Mit Stationen u.A. auch in Speyer am 21.07. ca 11:15 Uhr Pfalz \/ Speyer &#8211; Der gro\u00dfe Erfolg der \u201eTOUR DER HOFFNUNG\u201c \u00fcber die vielen Jahre hinweg <a class=\"mh-excerpt-more\" href=\"https:\/\/speyer24news.com\/?p=53110\" title=\"Speyer \/ Sport\">[&#8230;]<\/a><\/p>\n<\/div>","protected":false},"author":3,"featured_media":31941,"comment_status":"open","ping_status":"open","sticky":false,"template":"","format":"standard","meta":{"_monsterinsights_skip_tracking":false,"_monsterinsights_sitenote_active":false,"_monsterinsights_sitenote_note":"","_monsterinsights_sitenote_category":0,"footnotes":""},"categories":[9,339],"tags":[16316,16323,16321,16322,16319,16002,16320,16000,16317,16324,16001,16318],"aioseo_notices":[],"amp_enabled":true,"_links":{"self":[{"href":"https:\/\/speyer24news.com\/index.php?rest_route=\/wp\/v2\/posts\/53110"}],"collection":[{"href":"https:\/\/speyer24news.com\/index.php?rest_route=\/wp\/v2\/posts"}],"about":[{"href":"https:\/\/speyer24news.com\/index.php?rest_route=\/wp\/v2\/types\/post"}],"author":[{"embeddable":true,"href":"https:\/\/speyer24news.com\/index.php?rest_route=\/wp\/v2\/users\/3"}],"replies":[{"embeddable":true,"href":"https:\/\/speyer24news.com\/index.php?rest_route=%2Fwp%2Fv2%2Fcomments&post=53110"}],"version-history":[{"count":1,"href":"https:\/\/speyer24news.com\/index.php?rest_route=\/wp\/v2\/posts\/53110\/revisions"}],"predecessor-version":[{"id":53114,"href":"https:\/\/speyer24news.com\/index.php?rest_route=\/wp\/v2\/posts\/53110\/revisions\/53114"}],"wp:featuredmedia":[{"embeddable":true,"href":"https:\/\/speyer24news.com\/index.php?rest_route=\/wp\/v2\/media\/31941"}],"wp:attachment":[{"href":"https:\/\/speyer24news.com\/index.php?rest_route=%2Fwp%2Fv2%2Fmedia&parent=53110"}],"wp:term":[{"taxonomy":"category","embeddable":true,"href":"https:\/\/speyer24news.com\/index.php?rest_route=%2Fwp%2Fv2%2Fcategories&post=53110"},{"taxonomy":"post_tag","embeddable":true,"href":"https:\/\/speyer24news.com\/index.php?rest_route=%2Fwp%2Fv2%2Ftags&post=53110"}],"curies":[{"name":"wp","href":"https:\/\/api.w.org\/{rel}","templated":true}]}}