{"id":53144,"date":"2023-07-06T08:05:46","date_gmt":"2023-07-06T07:05:46","guid":{"rendered":"https:\/\/speyer24news.com\/?p=53144"},"modified":"2023-07-06T08:05:48","modified_gmt":"2023-07-06T07:05:48","slug":"polizeimeldungen-mittwoch-05-07-2023","status":"publish","type":"post","link":"https:\/\/speyer24news.com\/?p=53144","title":{"rendered":"Polizeimeldungen Mittwoch (05.07.2023)"},"content":{"rendered":"<style type=\"text\/css\">\r\n\t.ads_top_disp{}\r\n\t.ads_top_corner_disp{ float:left; margin:0px 10px 10px 0px; }\r\n\t.ads_first_p_disp{}\r\n\t.ads_bottom_disp{}\r\n\t<\/style>\n<h2 class=\"wp-block-heading\">Polizeimeldungen vom Mittwoch (05.07.2023)<\/h2>\n\n\n<div class=\"wp-block-image\">\n<figure class=\"aligncenter size-full\"><img decoding=\"async\" loading=\"lazy\" width=\"375\" height=\"500\" src=\"https:\/\/speyer24news.com\/wp-content\/uploads\/2022\/03\/Aktuelles-Polizeilogo.jpg\" alt=\"\" class=\"wp-image-43591\" srcset=\"https:\/\/speyer24news.com\/wp-content\/uploads\/2022\/03\/Aktuelles-Polizeilogo.jpg 375w, https:\/\/speyer24news.com\/wp-content\/uploads\/2022\/03\/Aktuelles-Polizeilogo-225x300.jpg 225w\" sizes=\"(max-width: 375px) 100vw, 375px\" \/><\/figure><\/div>\n\n\n<h2 class=\"wp-block-heading\">(Speyer) &#8211; Fahrrad Marke Eigenbau f\u00fchrt zu Anzeigen<\/h2>\n\n\n\n<p>Am 04.07.2023 gegen 23:00 Uhr stellten Beamte der Polizei in Speyer einen 49-j\u00e4hrigen Mann auf seinem Fahrrad in der Waldseer Stra\u00dfe fest. Aufgrund der offensichtlich baulichen Ver\u00e4nderungen wurde der Fahrer einer Verkehrskontrolle unterzogen. Das Rad war ein selbstgebautes Elektrofahrzeug ohne Kennzeichen. Bei einer \u00dcberpr\u00fcfung auf einem Rollenpr\u00fcfstand stellten die Beamten fest, dass das Rad eine H\u00f6chstgeschwindigkeit von 40\/ km\/h aufweist. Der 49-J\u00e4hrige konnte weder eine Versicherung noch eine Fahrerlaubnis vorweisen. Ihn erwarten nun Anzeigen wegen Fahren ohne Fahrerlaubnis und Versto\u00df gegen das Pflichtversicherungsgesetz.<\/p>\n\n\n\n<h2 class=\"wp-block-heading\">(Germersheim \/ Lingenfeld) &#8211; Verkehrskontrollen<\/h2>\n\n\n\n<p>Am Dienstag f\u00fchrten Germersheimer Polizisten mehrere Verkehrskontrollen durch. Von 09-10:45 Uhr wurden Geschwindigkeitskontrollen in der Stra\u00dfe &#8222;Am Alten Hafen&#8220; durchgef\u00fchrt. Insgesamt f\u00fcnf Fahrzeuge waren zu schnell unterwegs. Anschlie\u00dfend wurde das Durchfahrtsverbot &#8222;Am Hirschgraben&#8220; zwischen Lingenfeld und Westheim \u00fcberwacht. Hierbei wurden insgesamt sieben Verst\u00f6\u00dfe festgestellt. Zudem gingen den Beamten vier Fahrzeuge mit technischen M\u00e4ngeln und ein &#8222;Gurtmuffel&#8220; ins Netz.<\/p>\n\n\n\n<h2 class=\"wp-block-heading\">(Hochstadt) &#8211; Unsichere Fahrweise \/ Zeugen gesucht<\/h2>\n\n\n\n<p>Am Dienstag zwischen 18.50 Uhr und 19.00 Uhr, meldeten mehrere Verkehrsteilnehmer einen schwarzen Kleinwagen, welcher in unsicherer Fahrweise \u00fcber die B 272 von Weingarten kommend in Richtung Landau unterwegs sei. Hierbei soll dieser Kleinwagen unter anderem mehrfach auf die Gegenfahrbahn geraten sein und es soll zu eindeutigen Gefahrensituationen mit entgegengekommenen Fahrzeugen gekommen sein. Im Bereich der Bahnhofstra\u00dfe in Hochstadt konnte die 72 j\u00e4hrige Fahrerin des Kleinwagens durch andere Verkehrsteilnehmer bis zum Eintreffen der Polizei an der Weiterfahrt gehindert werden. An dem Kleinwagen konnte Sch\u00e4den festgestellt werden, die zu diesem Zeitpunkt nicht eindeutig zugeordnet werden konnten. Aufgrund der gesundheitlichen Verfassung der Fahrerin wurde die Weiterfahrt untersagt und die 72 j\u00e4hrige Frau fuhr mit einem Taxi nach Hause. <\/p>\n\n\n\n<ul>\n<li><strong>Die Polizei Landau bittet darum, dass sich Zeugen, die Angaben zu der Fahrweise des schwarzen Kleinwagens oder m\u00f6glicher Besch\u00e4digungen machen k\u00f6nnen, unter der 06341 \/ 2870 oder per Email bei der Polizei melden.<\/strong><\/li>\n<\/ul>\n\n\n\n<h2 class=\"wp-block-heading\">(W\u00f6rth) &#8211; Gro\u00dfeinsatz Badepark<\/h2>\n\n\n\n<h3 class=\"wp-block-heading\">Gemeinsame Presseerkl\u00e4rung der Feuerwehr W\u00f6rth und der Polizeiinspektion W\u00f6rth:<\/h3>\n\n\n<div class=\"wp-block-image\">\n<figure class=\"aligncenter size-full\"><img decoding=\"async\" loading=\"lazy\" width=\"800\" height=\"600\" src=\"https:\/\/speyer24news.com\/wp-content\/uploads\/2023\/07\/W1.jpg\" alt=\"\" class=\"wp-image-53145\" srcset=\"https:\/\/speyer24news.com\/wp-content\/uploads\/2023\/07\/W1.jpg 800w, https:\/\/speyer24news.com\/wp-content\/uploads\/2023\/07\/W1-300x225.jpg 300w, https:\/\/speyer24news.com\/wp-content\/uploads\/2023\/07\/W1-768x576.jpg 768w, https:\/\/speyer24news.com\/wp-content\/uploads\/2023\/07\/W1-678x509.jpg 678w, https:\/\/speyer24news.com\/wp-content\/uploads\/2023\/07\/W1-326x245.jpg 326w, https:\/\/speyer24news.com\/wp-content\/uploads\/2023\/07\/W1-80x60.jpg 80w\" sizes=\"(max-width: 800px) 100vw, 800px\" \/><\/figure><\/div>\n\n\n<p>Am Mittwoch um 07:49 Uhr wurden die Feuerwehren der Stadt W\u00f6rth und der Gefahrstoffzug des Landkreises mit dem Stichwort Chlorgasaustritt nach W\u00f6rth zum Badepark alarmiert. Vor Ort hatte der Bademeister schon vorbildlich reagiert und das Schwimmbad ger\u00e4umt und erl\u00e4uterte der eintreffenden Feuerwehr die Gefahrenlage. Bei gemeldeten Chlorgasaustritt ist ein hoher Selbstschutz der Feuerwehrangeh\u00f6rigen notwendig. <\/p>\n\n\n<div class=\"wp-block-image\">\n<figure class=\"aligncenter size-full\"><img decoding=\"async\" loading=\"lazy\" width=\"800\" height=\"600\" src=\"https:\/\/speyer24news.com\/wp-content\/uploads\/2023\/07\/W2.jpg\" alt=\"\" class=\"wp-image-53146\" srcset=\"https:\/\/speyer24news.com\/wp-content\/uploads\/2023\/07\/W2.jpg 800w, https:\/\/speyer24news.com\/wp-content\/uploads\/2023\/07\/W2-300x225.jpg 300w, https:\/\/speyer24news.com\/wp-content\/uploads\/2023\/07\/W2-768x576.jpg 768w, https:\/\/speyer24news.com\/wp-content\/uploads\/2023\/07\/W2-678x509.jpg 678w, https:\/\/speyer24news.com\/wp-content\/uploads\/2023\/07\/W2-326x245.jpg 326w, https:\/\/speyer24news.com\/wp-content\/uploads\/2023\/07\/W2-80x60.jpg 80w\" sizes=\"(max-width: 800px) 100vw, 800px\" \/><\/figure><\/div>\n\n\n<p>Zur Zeit wird der Bereich mittels Messger\u00e4te \u00fcberwacht und die notwendigen Ger\u00e4tschaften aufgebaut. Wenn alles aufgebaut ist, wird der Lagerraum unter Chemikalienschutzanz\u00fcgen ge\u00f6ffnet und kontrolliert, um dann weitere notwendigen Ma\u00dfnahmen durchzuf\u00fchren. Der Verkehr im Ort wird umgeleitet. Das Schwimmbad bleibt heute geschlossen. Durch die statische Lage und den technischen Schutz des Schwimmbadbetreibers besteht zur Zeit keine Gefahr f\u00fcr die Bev\u00f6lkerung.<\/p>\n\n\n\n<h3 class=\"wp-block-heading has-text-align-center\">Abschlussmeldung Einsatz Badepark<\/h3>\n\n\n\n<p>Die Einsatzkr\u00e4fte der Feuerwehren konnten den Lagerraum betreten und Ma\u00dfnahmen durchf\u00fchren. Bei einer anschlie\u00dfenden Messung am Einsatzort ergaben sich keine Auff\u00e4lligkeiten mehr. Die Verkehrsumleitungen wurden aufgehoben. Der Raum wurde an die Verantwortlichen des Badeparks \u00fcbergeben. Anfragen hinsichtlich der \u00d6ffnungszeiten sind an die Stadt W\u00f6rth zu richten. Die Feuerwehr W\u00f6rth m\u00f6chte eine separate Pressemitteilung zum genauen Einsatzablauf ver\u00f6ffentlichen.<\/p>\n\n\n\n<h2 class=\"wp-block-heading\">(W\u00f6rth) &#8211; K\u00f6rperverletzungsdelikt an Schule<\/h2>\n\n\n\n<p>Dienstagmorgen kam es in einer Schule in W\u00f6rth zu einem Kampf zwischen zwei Sch\u00fclern. Ein Jugendlicher wurde dabei verletzt und musste in ein Krankenhaus verbracht werden. Die genauen Umst\u00e4nde sind derzeit unklar. Die Ermittlungen dauern an.<\/p>\n\n\n\n<h2 class=\"wp-block-heading\">(B 39 \/ Neustadt) &#8211; Verkehrsteilnehmer verliert Autoreifen<\/h2>\n\n\n<div class=\"wp-block-image\">\n<figure class=\"aligncenter size-full\"><img decoding=\"async\" loading=\"lazy\" width=\"800\" height=\"595\" src=\"https:\/\/speyer24news.com\/wp-content\/uploads\/2023\/07\/PKWohneRad.jpg\" alt=\"\" class=\"wp-image-53147\" srcset=\"https:\/\/speyer24news.com\/wp-content\/uploads\/2023\/07\/PKWohneRad.jpg 800w, https:\/\/speyer24news.com\/wp-content\/uploads\/2023\/07\/PKWohneRad-300x223.jpg 300w, https:\/\/speyer24news.com\/wp-content\/uploads\/2023\/07\/PKWohneRad-768x571.jpg 768w, https:\/\/speyer24news.com\/wp-content\/uploads\/2023\/07\/PKWohneRad-80x60.jpg 80w\" sizes=\"(max-width: 800px) 100vw, 800px\" \/><\/figure><\/div>\n\n\n<p>Ein Rad ab hatte ein Verkehrsteilnehmer, der am 05.07.2023 zur Rush-Hour gegen 16:30 Uhr auf der B39 unterwegs war. Der Mann fuhr mit seinem PKW von Neustadt in Fahrtrichtung Lambrecht, als sich sein linker, vorderer Reifen vom Fahrzeug l\u00f6ste und verselbstst\u00e4ndigte. Gl\u00fccklicherweise wurde niemand durch den Reifen gef\u00e4hrdet, der PKW stand nun jedoch nicht mehr fahrbereit auf der Fahrbahn, sodass der Verkehr bis zum Eintreffen des Abschleppdienstes durch die Beamten geregelt werden musste. Es kam zu einem erheblichen R\u00fcckstau.<\/p>\n\n\n\n<h2 class=\"wp-block-heading\">(Lambsheim) &#8211; Brand verursacht 150.000 Euro Schaden<\/h2>\n\n\n\n<p>Aus bislang ungekl\u00e4rter Ursache kam es am Dienstag (04.07.2023, zwischen 07:15 Uhr und 16 Uhr) zu einem Brand im Terrassenbereich eines Einfamilienhauses in der Christoph-Schick-Stra\u00dfe. Das Feuer griff auf das Haus \u00fcber und besch\u00e4digte dieses stark. Die Gesamtschadensh\u00f6he wird derzeit auf 150.000 Euro gesch\u00e4tzt. Verletzt wurde niemand.<\/p>\n\n\n\n<p>Die Ermittlungen zur Brandursache wurden durch die Kriminalpolizei Ludwigshafen aufgenommen<\/p>\n\n\n\n<h2 class=\"wp-block-heading\">(Gr\u00fcnstadt) &#8211; Autofahrer entzieht sich der Kontrolle<\/h2>\n\n\n\n<p>Am 03.07.23 gegen 20:15 Uhr wollten Polizeibeamte der Polizeiinspektion Gr\u00fcnstadt im Rahmen einer Verkehrskontrolle einen Toyotafahrer anhalten. Doch dieser reagierte nicht auf die Anhaltezeichen und setzte seine Fahrt fort. Im weiteren Verlauf konnte das Fahrzeug und der Fahrer in Gr\u00fcnstadt festgestellt und kontrolliert werden. Es stellte sich heraus, dass die Kennzeichenschilder, die an dem Toyota angebracht waren, nicht f\u00fcr diesen ausgegeben sind. Die Kennzeichen geh\u00f6ren zu einem anderen, zurzeit nicht zugelassenen Transporter. Warum der Mann die falschen Kennzeichenschilder montiert hatte und nicht die zu dem zugelassenen Toyota geh\u00f6renden verwendete, wurde nicht bekannt. Nun wird wegen Urkundenf\u00e4lschung ermittelt.<\/p>\n\n\n\n<h2 class=\"wp-block-heading\">(Dirmstein) &#8211; Garagenbrand durch technischen Defekt<\/h2>\n\n\n\n<p>Zu einem Garagenbrand ist es am sp\u00e4ten Dienstagabend, dem 04.07.2023, gegen 22:30 Uhr in Dirmstein gekommen. Zuvor bemerkten Anwohner eine starke Rauchentwicklung \u00fcber der Garage. Durch die \u00f6rtliche Feuerwehr konnte der Brand anschlie\u00dfend schnell unter Kontrolle gebracht werden. Urs\u00e4chlich war vermutlich ein technischer Defekt einer sich im hinteren Bereich der Garage befindlichen Beregnungspumpe. Personen verletzten sich nach bisherigen Erkenntnissen nicht. Der Gesamtschaden, welcher durch das Feuer entstand, ist bislang noch unbekannt.<\/p>\n\n\n\n<h2 class=\"wp-block-heading\">(Heuchelheim) &#8211; Versuchter Betrug am Telefon<\/h2>\n\n\n<div class=\"wp-block-image\">\n<figure class=\"aligncenter size-full\"><img decoding=\"async\" loading=\"lazy\" width=\"578\" height=\"572\" src=\"https:\/\/speyer24news.com\/wp-content\/uploads\/2021\/10\/Telefonbetrug-geschnitten.jpg\" alt=\"\" class=\"wp-image-41297\" srcset=\"https:\/\/speyer24news.com\/wp-content\/uploads\/2021\/10\/Telefonbetrug-geschnitten.jpg 578w, https:\/\/speyer24news.com\/wp-content\/uploads\/2021\/10\/Telefonbetrug-geschnitten-300x297.jpg 300w\" sizes=\"(max-width: 578px) 100vw, 578px\" \/><\/figure><\/div>\n\n\n<p>Ein Mann aus Heuchelheim bei Frankenthal erhielt am Montagnachmittag, 03.07.2023, einen Anruf, vermeintlich von einem Mitarbeiter seiner Hausbank. Dieser behauptete, es habe auf dem Konto des Mannes verd\u00e4chtige Abbuchungen gegeben. Um das Geld zur\u00fcckzuholen, m\u00fcsse er eine TAN generieren. Dieser Aufforderung kam der Mann nach. Kurz danach meldete sich seine echte Bank bei dem Mann und erkl\u00e4rte ihm, dass es sich um einen Betrug gehandelt habe. Da die Bank die \u00dcberweisungsvorg\u00e4nge stoppte, entstand kein Schaden.<\/p>\n\n\n\n<p>Obwohl schon viele B\u00fcrgerinnen und B\u00fcrger sensibilisiert sind, gelingt es den trickreichen Betr\u00fcgern in Einzelf\u00e4llen immer wieder, hohe Geldsummen oder Wertgegenst\u00e4nde zu erlangen. Fast immer zielen die Betrugsmaschen des auf Seniorinnen und Senioren ab. Wissen Sie, wie Sie sich vor solchen Telefonbetr\u00fcger sch\u00fctzen k\u00f6nnen? Um Sie noch besser vor den fiesen Betrugsmaschen zu sch\u00fctzen, haben unsere Pr\u00e4ventionsexperten eine Telefonhotline f\u00fcr Seniorinnen und Senioren eingerichtet.<\/p>\n\n\n\n<p>Unter der Telefonnummer 0621 963 &#8211; 1515 k\u00f6nnen Sie sich von Montag bis Donnerstag zwischen 8 und 16 Uhr sowie freitags von 8 bis 12 Uhr kostenlos telefonisch \u00fcber Betrugsdelikte informieren. Rufen Sie uns an und informieren Sie sich \u00fcber die typischen Betrugsmaschen wie zum Beispiel &#8222;Falsche Polizeibeamte&#8220;, &#8222;Enkeltrick&#8220; oder sogenannte &#8222;Schockanrufe&#8220; und wie Sie sich mit einfachen Tricks dagegen wehren k\u00f6nnen.<\/p>\n\n\n\n<h2 class=\"wp-block-heading\">Richtigstellung: (Frankenthal) &#8211; Verkehrsunfallflucht durch Radfahrer im Kindesalter<\/h2>\n\n\n\n<p>Bezugnehmend auf die Pressemeldung unter\u00a0<a href=\"https:\/\/s.rlp.de\/YVtLU\" target=\"_blank\" rel=\"noreferrer noopener\">https:\/\/s.rlp.de\/YVtLU<\/a>\u00a0: Es kam zu einer Verwechslung aufgrund des anf\u00e4nglich gleichlautenden Namens der Stra\u00dfe: Der Verkehrsunfall mit Flucht durch einen Radfahrer im Kindesalter ereignete sich in der Hans-Holbein-Stra\u00dfe, nicht in der Hans-Kopp-Stra\u00dfe.<\/p>\n\n\n\n<ul>\n<li><strong>Zeugen werden gebeten sich an die Polizeiinspektion Frankenthal unter der Tel.-Nr.: 06233\/313-0 oder an die Polizeiwache Maxdorf unter der Tel.-Nr.: 06237\/934-1100 zu wenden. Gerne nehmen wir Ihre Hinweise auch per E-Mail unter\u00a0<a href=\"mailto:pifrankenthal@polizei.rlp.de\" target=\"_blank\" rel=\"noreferrer noopener\">pifrankenthal@polizei.rlp.de<\/a>\u00a0entgegen.<\/strong><\/li>\n<\/ul>\n\n\n\n<h2 class=\"wp-block-heading\">(Ludwigshafen) &#8211; R\u00fccknahme der \u00d6ffentlichkeitsfahndung nach einem vermissten 15-j\u00e4hrigen Jungen<\/h2>\n\n\n\n<h3 class=\"wp-block-heading\">Nachtrag zu&nbsp;<a target=\"_blank\" rel=\"noreferrer noopener\" href=\"https:\/\/s.rlp.de\/GLjd7\">https:\/\/s.rlp.de\/GLjd7<\/a><\/h3>\n\n\n\n<p>Der seit dem 04.07.2023 vermisste 15-J\u00e4hrige meldete sich noch am selben Abend bei der Polizei und konnte wohlbehalten in Ludwigshafen angetroffen werden. <\/p>\n\n\n\n<h2 class=\"wp-block-heading\">(Ludwigshafen) &#8211; Hinweise erbeten<\/h2>\n\n\n\n<p>In der Pfalzgartenstra\u00dfe fuhr am 05.07.2023 gegen 8 Uhr, eine bislang unbekannte Person mit ihrem grauen VW gegen den wei\u00dfen Renault einer 39-J\u00e4hrigen. Hierdurch entstand an ihrem Fahrzeug ein Schaden von etwa 1.000 Euro. Statt sich um den entstandenen Schaden zu k\u00fcmmern, fuhr die unbekannte Person weiter. Der Unfall ereignete sich in der N\u00e4he eines Kindergartens und soll durch mehrere Eltern beobachtet worden sein. <\/p>\n\n\n\n<p><strong>Wir bitten diese sowie weitere Zeugen, sich bei der Polizeiwache Oggersheim zu melden. Hinweise werden unter Tel. 0621 963 &#8211; 2403 oder per E-Mail\u00a0<a href=\"mailto:%20pwoggersheim@polizei.rlp.de\">pwoggersheim@polizei.rlp.de<\/a>\u00a0erbeten.<\/strong><\/p>\n\n\n\n<p>Die Polizei weist darauf hin, dass es sich bei einer Verkehrsunfallflucht um kein Kavaliersdelikt handelt. Eine Unfallflucht ist eine Straftat und kann mit einer Geldstrafe oder einer Freiheitsstrafe von bis zu drei Jahren geahndet werden. In vielen F\u00e4llen bleiben die Gesch\u00e4digten auf ihren Kosten sitzen. Es k\u00f6nnte auch Ihr Auto treffen. Helfen Sie uns, den Unfallopfern zu helfen. Wenn Sie Zeuge einer Unfallflucht werden, notieren Sie das Kennzeichen oder machen Sie ein Foto mit Ihrem Handy. Verst\u00e4ndigen Sie auf jeden Fall die Polizei.<\/p>\n\n\n\n<h2 class=\"wp-block-heading\">(Ludwigshafen) &#8211; Polizeikr\u00e4fte beleidigt<\/h2>\n\n\n<div class=\"wp-block-image\">\n<figure class=\"aligncenter size-full\"><img decoding=\"async\" loading=\"lazy\" width=\"800\" height=\"533\" src=\"https:\/\/speyer24news.com\/wp-content\/uploads\/2021\/10\/Festnahme-Handschellen.jpg\" alt=\"\" class=\"wp-image-41224\" srcset=\"https:\/\/speyer24news.com\/wp-content\/uploads\/2021\/10\/Festnahme-Handschellen.jpg 800w, https:\/\/speyer24news.com\/wp-content\/uploads\/2021\/10\/Festnahme-Handschellen-300x200.jpg 300w, https:\/\/speyer24news.com\/wp-content\/uploads\/2021\/10\/Festnahme-Handschellen-768x512.jpg 768w\" sizes=\"(max-width: 800px) 100vw, 800px\" \/><figcaption class=\"wp-element-caption\">Beispielbild Handschelle \/ Verhaftung, dient lediglich der Visualisierung<\/figcaption><\/figure><\/div>\n\n\n<p>Der Polizeiinspektion Ludwigshafen 1 wurde am 04.07.2023, gegen 19 Uhr, zwei verd\u00e4chtige M\u00e4nner gemeldet. Diese haben eine Seniorin in der Nachbarschaft angesprochen. Die Verd\u00e4chtigen konnten in einer gegen\u00fcberliegenden Bar angetroffen werden. Einer der beiden, ein 40-J\u00e4hriger, verhielt sich bei der Kontrolle sofort aggressiv. Er musste schlie\u00dflich gefesselt und zur Feststellung seiner Identit\u00e4t durchsucht werden. Hierbei beleidigte er die Polizeikr\u00e4fte. Der Mann wird nun mit einer Strafanzeige wegen Beleidigung rechnen m\u00fcssen.<\/p>\n\n\n\n<h2 class=\"wp-block-heading\">(Ludwigshafen) &#8211; Mehrere Unf\u00e4lle mit Leichtverletzten<\/h2>\n\n\n\n<p>Am 04.07.2023 kam es im Stadtgebiet von Ludwigshafen zu mehreren Verkehrsunf\u00e4llen bei denen Personen leicht verletzt wurden.<\/p>\n\n\n\n<p>Als gegen 15:40 Uhr ein 78-j\u00e4hriger Fu\u00dfg\u00e4nger in der Von-Weber-Stra\u00dfe unvermittelt auf die Stra\u00dfe lief, musste eine 62-j\u00e4hrige Radfahrerin derart stark abbremsen, dass sie st\u00fcrzte. Hierbei stie\u00df sie auch gegen ein parkendes Auto. Die 62-J\u00e4hrige wurde leicht verletzt und in ein Krankenhaus verbracht. An dem Auto entstand ein Sachschaden von gesch\u00e4tzt 400 Euro.<\/p>\n\n\n\n<p>Bei einem Auffahrunfall in der Mundenheimer Stra\u00dfe gegen 14:45 Uhr wurde eine 27-J\u00e4hrige leicht verletzt. Zudem entstand an den beiden beteiligten Autos ein Sachschaden von etwa 3.000 Euro.<\/p>\n\n\n\n<p>In der Saarlandstra\u00dfe kollidierte gegen 16:35 Uhr ein 55-j\u00e4hriger Autofahrer mit einem 57-j\u00e4hrigen Radfahrer. Letzter wurde durch den Unfall leicht verletzt. W\u00e4hrend der Verkehrsunfallaufnahme musste eine der Fahrspuren der Saarlandstra\u00dfe gesperrt werden. Insgesamt entstand ein gesch\u00e4tzter Schaden von etwa 700 Euro.<\/p>\n\n\n\n<p>Als ein 40-j\u00e4hriger Pedelec-Fahrer gegen 18 Uhr auf einem Waldweg (verl\u00e4uft parallel zur Speyerer Stra\u00dfe) wegen des sandigen Bodens beim Lenkvorgang st\u00fcrzte, konnte die hinter ihm fahrende 62-j\u00e4hrige Pedelec-Fahrerin nicht mehr bremsen. Sie st\u00fctzte \u00fcber ihn. Beide Radfahrenden wurden leicht verletzt. An den R\u00e4dern entstand ein Sachschaden von insgesamt etwa 300 Euro.<\/p>\n\n\n\n<h2 class=\"wp-block-heading\">(Ludwigshafen) &#8211; Mofafahrerin leicht verletzt und abgehauen<\/h2>\n\n\n\n<p>In der Rohrlachstra\u00dfe \u00fcberholte ein VW-Fahrer eine 17-j\u00e4hrige Mofafahrerin und touchierte hierbei mit seinem Au\u00dfenspiegel ihren Arm. Hierdurch wurde die Jugendliche leicht verletzt. Statt seiner Pflicht nachzukommen, fuhr der Mann weiter. Als die 17-J\u00e4hrige ihn erneut einholen konnte und ansprach, habe sich der Fahrer unbeeindruckt gezeigt und sei abermals weggefahren.<\/p>\n\n\n\n<p>Gegen den Mann wird nun wegen des unerlaubten Entfernens vom Unfallort ermittelt.<\/p>\n\n\n\n<p>Die Polizei weist daraufhin, dass Fahrerflucht kein Kavaliersdelikt ist! Der fl\u00fcchtige Fahrer muss mit einer Geld- oder Freiheitsstrafe bis zu 3 Jahren und evtl. mit einem F\u00fchrerscheinentzug rechnen. Au\u00dferdem kann der Fl\u00fcchtige den Kaskoschutz seiner Kfz-Versicherung verlieren und von seiner Versicherung an der Beteiligung des Fremdschadens beteiligt werden. Die Polizei r\u00e4t deshalb, jeden Unfall bei der Polizei zu melden.<\/p>\n\n\n\n<h2 class=\"wp-block-heading\">(Ludwigshafen) &#8211; Unter Alkoholeinfluss Unfall verursacht und gefl\u00fcchtet<\/h2>\n\n\n\n<p>Am Dienstagnachmittag (04.07.2023), gegen 16:30 Uhr, wurde ein 40-j\u00e4hrige Motorradfahrer auf einen 60-j\u00e4hrige Autofahrer aufmerksam, da dieser seinen blauen Citroen in Schlangenlinien \u00fcber den Br\u00fcsseler Ring lenkte und hierbei immer wieder von der Fahrbahn abkam. An einer Tankstelle in der Budapester Stra\u00dfe hielt der Autofahrer an, der Motorradfahrer entschied sich ebenfalls anzuhalten und den Mann auf sein Fahrverhalten anzusprechen. Daraufhin stieg der 60-J\u00e4hrige wieder in sein Fahrzeug und fuhr gegen das Motorrad des 40-J\u00e4hrigen, wodurch dieses besch\u00e4digt wurde. Danach ergriff der Autofahrer zu Fu\u00df die Flucht. Der 40-J\u00e4hrige verfolgte ihn und informierte die Polizei, welche den 60-J\u00e4hrigen in der Prager Stra\u00dfe antreffen konnte. Bei einer Kontrolle konnten Hinweise auf Alkoholkonsum erlangt werden, ein Atemalkoholtest ergab einen Wert von 0,8 Promille. Au\u00dferdem stellte sich heraus, dass das genutzte Auto nicht versichert ist.<\/p>\n\n\n\n<p>Der Einfluss von Alkohol oder anderen berauschenden Mitteln stellt eine Hauptunfallursache dar. Wer berauscht f\u00e4hrt, gef\u00e4hrdet nicht nur sich, sondern auch Andere. Gegen den unter Alkoholeinfluss stehenden Unfallverursacher wurde ein Ermittlungsverfahren wegen des Verdachtes der Stra\u00dfenverkehrsgef\u00e4hrdung eingeleitet. Der F\u00fchrerschein wurde beschlagnahmt und gegen ihn kann eine Freiheitsstrafe bis zu f\u00fcnf Jahren oder eine Geldstrafe verh\u00e4ngt werden.<\/p>\n\n\n\n<h2 class=\"wp-block-heading\">(A 650 \/ Ludwigshafen) &#8211; Zwei Monate Fahrverbot f\u00fcr flotte Fahrt \u00fcber die BAB 650<\/h2>\n\n\n<div class=\"wp-block-image\">\n<figure class=\"aligncenter size-full\"><img decoding=\"async\" loading=\"lazy\" width=\"800\" height=\"589\" src=\"https:\/\/speyer24news.com\/wp-content\/uploads\/2023\/07\/Zivilfahrzeug-Autobahnpolizei-ProViDa.jpg\" alt=\"\" class=\"wp-image-53148\" srcset=\"https:\/\/speyer24news.com\/wp-content\/uploads\/2023\/07\/Zivilfahrzeug-Autobahnpolizei-ProViDa.jpg 800w, https:\/\/speyer24news.com\/wp-content\/uploads\/2023\/07\/Zivilfahrzeug-Autobahnpolizei-ProViDa-300x221.jpg 300w, https:\/\/speyer24news.com\/wp-content\/uploads\/2023\/07\/Zivilfahrzeug-Autobahnpolizei-ProViDa-768x565.jpg 768w, https:\/\/speyer24news.com\/wp-content\/uploads\/2023\/07\/Zivilfahrzeug-Autobahnpolizei-ProViDa-80x60.jpg 80w\" sizes=\"(max-width: 800px) 100vw, 800px\" \/><\/figure><\/div>\n\n\n<p>Am 04.07.2023, gegen 15:20 Uhr, fiel einer Zivilstreife der Zentralen Verkehrsdienste der Polizeidirektion Neustadt, ausgestattet mit einer geeichten Videomessanlage, ein Audi auf, der auf der Bundesautobahn 650 im Bereich Ludwigshafen deutlich die zul\u00e4ssige Geschwindigkeit \u00fcberschritt. Anstatt der dort zul\u00e4ssigen 100 km\/h fuhr der Fahrzeugf\u00fchrer aus dem Rhein-Pfalz-Kreis mit 166 km\/h \u00fcber die Autobahn in Richtung Bad D\u00fcrkheim. Nach Abzug der Toleranz bleibt eine Nettogeschwindigkeit von 157 km\/h und somit eine \u00dcberschreitung um 57 km\/h. Ihn erwarten nun ein Bu\u00dfgeld in H\u00f6he von 960,- EUR, ein zweimonatiges Fahrverbot und 2 Punkte im Fahreignungsregister.<\/p>\n\n\n\n<h2 class=\"wp-block-heading\">(Ludwigshafen) &#8211; Falscher Wasserwerk-Mitarbeiter<\/h2>\n\n\n\n<p>In der Batschkastra\u00dfe gelangte am 04.07.2023 (zwischen 11:45 Uhr und 13 Uhr) ein angeblicher Mitarbeiter eines Wasserwerks unter einem Vorwand in die Wohnung einer Seniorin. Hier konnte der falschen Wasserwerker unbemerkt Bargeld stehlen und fliehen. Es entstand ein Schaden von rund 900 Euro. <\/p>\n\n\n\n<ul>\n<li><strong>Haben Sie zur fraglichen Zeit etwas Verd\u00e4chtiges gesehen oder k\u00f6nnen Sie Hinweise geben? Sachdienliche Hinweise nimmt die Kriminalpolizei Ludwigshafen unter der Telefonnummer 0621\/963-2773 oder per E-Mail\u00a0<a href=\"mailto:%20kiludwigshafen.k1.kdd@polizei.rlp.de\">kiludwigshafen.k1.kdd@polizei.rlp.de<\/a>\u00a0entgegen.<\/strong><\/li>\n<\/ul>\n\n\n\n<p>Trickdiebstahl in Wohnungen ist ein Ph\u00e4nomen, von dem fast ausschlie\u00dflich \u00e4ltere Menschen betroffen sind. Unter Vort\u00e4uschen von Notlagen, einer offiziellen Funktion oder Vort\u00e4uschen einer pers\u00f6nlichen Beziehung zum Opfer versuchen die T\u00e4ter sich Zutritt zur Wohnung zu verschaffen. Hierbei werden skrupellos und zielgerichtet das Alter, die Gebrechlichkeit und die Gutgl\u00e4ubigkeit des Opfers ausgenutzt. Bedenken Sie, dass Trickt\u00e4ter erfinderisch und schauspielerisch begabt sind. Sie reagieren schnell und denken sich immer neue Taktiken aus, um ihr Ziel zu erreichen. Seien Sie deshalb immer misstrauisch, wenn Sie von Fremden angesprochen werden. Verhindern Sie den Zugriff auf Ihre Wertsachen und halten Sie Abstand. Wenn Ihnen eine Situation verd\u00e4chtig vorkommt oder Sie sich unwohl f\u00fchlen, beenden Sie das Gespr\u00e4ch. Rufen Sie die Polizei, unter der 110 wenn Sie bedr\u00e4ngt werden oder sich in einer Gefahr befinden. N\u00e4here Informationen zum Thema sowie die Tricks der T\u00e4ter erfahren sie unter&nbsp;<a target=\"_blank\" rel=\"noreferrer noopener\" href=\"https:\/\/www.polizei-beratung.de\/\">www.polizei-beratung.de<\/a><\/p>\n\n\n\n<h2 class=\"wp-block-heading\">(Ludwigshafen) &#8211; Einbruchsversuch<\/h2>\n\n\n\n<p>Zwischen dem 26.06.2023, 19:30 Uhr, und dem 04.07.2023, 07:30 Uhr, versuchten bislang Unbekannte in der Pasadenaallee in einen Container einzubrechen. Dies misslang den T\u00e4tern. Sie haben den Einbruchsversuch beobachtet? <\/p>\n\n\n\n<ul>\n<li><strong>Sachdienliche Hinweise bitte an die Polizeiinspektion Ludwigshafen 1, Telefonnummer 0621 963-2122 oder per E-Mail\u00a0<a href=\"mailto:%20piludwigshafen1@polizei.rlp.de\">piludwigshafen1@polizei.rlp.de<\/a>\u00a0.<\/strong><\/li>\n<\/ul>\n\n\n\n<h2 class=\"wp-block-heading\">(Ludwigshafen) &#8211; Zielrichtung Autos \/ Mehrere Diebst\u00e4hle im Stadtgebiet<\/h2>\n\n\n\n<p>Im Stadtgebiet Ludwigshafen kam es zu mehreren Diebst\u00e4hlen aus Autos. In der Nacht von Montag auf Dienstag (03.07.2023 &#8211; 04.07.2023) wurden in der B\u00fcrgermeister-Kutter-Stra\u00dfe und der Erich-Reimann-Stra\u00dfe bei drei Fahrzeugen die Seitenscheiben eingeschlagen und der Innenraum durch Unbekannte durchsucht. Hierbei wurden unter Anderem Werkzeuge entwendet. <strong>Sachdienliche Hinweise nimmt die Kriminalpolizei Ludwigshafen unter der Telefonnummer 0621\/963-2773 oder per E-Mail\u00a0<a href=\"mailto:%20kiludwigshafen.k1.kdd@polizei.rlp.de\">kiludwigshafen.k1.kdd@polizei.rlp.de<\/a>\u00a0entgegen.<\/strong><\/p>\n\n\n\n<p>Vermutlich in der Nacht von Sonntag auf Montag (02.07.2023 &#8211; 03.07.2023) entwendeten Unbekannte den Katalysator eines ebenfalls in der Erich-Reimann-Stra\u00dfe abgestellten Autos. <strong>Sachdienliche Hinweise in diesem Falle bitte an die Polizeiinspektion Ludwigshafen 1, Telefonnummer 0621 963-2122 oder per E-Mail\u00a0<a href=\"mailto:%20piludwigshafen1@polizei.rlp.de\">piludwigshafen1@polizei.rlp.de<\/a>\u00a0.<\/strong><\/p>\n\n\n\n<p>Am Dienstagnachmittag, gegen 17:45 Uhr, wurde auf einem Supermarktparkplatz in der Bruchwiesenstra\u00dfe aus einem Auto Bargeld entwendet. <strong>Sachdienliche Hinweise bitte an die Polizeiinspektion Ludwigshafen 2, Telefonnummer 0621 963-2222 oder per E-Mail\u00a0<a href=\"mailto:%20piludwigshafen2@polizei.rlp.de\">piludwigshafen2@polizei.rlp.de<\/a>\u00a0.<\/strong><\/p>\n\n\n\n<p>Der Gesamtschaden aller Taten bel\u00e4uft sich auf circa 7.000 Euro.<\/p>\n\n\n\n<h2 class=\"wp-block-heading\">(B 37 \/ Mannheim) &#8211; Unfall zwischen Stra\u00dfenbahn und PKW<\/h2>\n\n\n\n<p>Derzeit kommt es in Mannheim zu Behinderungen auf der B 37. Im Kreuzungsbereich zur Schwetzinger Stra\u00dfe ist es zu einem Zusammensto\u00df zwischen einer Stra\u00dfenbahn und einem PKW gekommen. Die Unfallaufnahme dauert an. Nach ersten Erkenntnissen wurden bei dem Zusammensto\u00df keine Personen verletzt. Polizei ist vor Ort. <em>05.07.2023 \u2013 19:31<\/em><\/p>\n\n\n\n<h2 class=\"wp-block-heading\">(Mannheim) &#8211; 47-J\u00e4hriger ohne g\u00fcltigen F\u00fchrerschein unterwegs<\/h2>\n\n\n\n<p>Am Dienstagmorgen kontrollierte eine Polizeistreife des Polizeirevier Mannheim-Oststadt um 08:45 Uhr einen 47-j\u00e4hrigen Mann, der mit seinem VW im innerst\u00e4dtische Quadrat H 7 unterwegs war. Aufgrund dessen, dass seine 42-j\u00e4hrige Beifahrerin nicht angegurtet war, wurde das Fahrzeug einer Verkehrskontrolle unterzogen. Als der Fahrer nun nach seinen Dokumenten gefragt wurde, konnte er lediglich einen vorl\u00e4ufigen tschechischen F\u00fchrerschein aush\u00e4ndigen. Da ein derartiges Dokument in der Bundesrepublik Deutschland nicht als g\u00fcltige Fahrerlaubnis anzuerkennen ist, muss der 47-J\u00e4hrige nun mit einer Anzeige wegen Fahren ohne Fahrerlaubnis rechnen.<\/p>\n\n\n\n<h2 class=\"wp-block-heading\">(Mannheim) &#8211; Erneut Kabel aus Rohbau entwendet<\/h2>\n\n\n\n<p>Im Tatzeitraum zwischen Montag, 19 Uhr, und Dienstag, 06 Uhr, entwendete eine bislang unbekannte T\u00e4terschaft ca. 100 Meter Starkstromkabel. Die T\u00e4ter betraten auf unbekanntem Weg den Rohbau in der Heinrich-Wittkamp-Stra\u00dfe, trennten dort die Kabel ab und transportierten diese auf ebenfalls unbekannte Weise ab. Es entstand ein Diebstahlschaden in H\u00f6he eines vierstelligen Betrages.<\/p>\n\n\n\n<ul>\n<li><strong>Zeugen, die Hinweise auf die unbekannten T\u00e4ter oder die Tatbegehung geben k\u00f6nnen, werden gebeten sich beim Polizeirevier Mannheim-Neckarstadt zu melden, unter: 0621-33010.<\/strong><\/li>\n<\/ul>\n\n\n\n<h2 class=\"wp-block-heading\">(Heidelberg) &#8211; Radfahrer nach Rotlichtversto\u00df von Auto erfasst und schwer verletzt<\/h2>\n\n\n\n<p>Am Dienstag wurde gegen 19 Uhr ein Verkehrsunfall im Kirchheimer Weg zwischen einem Fahrradfahrer und einem Autofahrer gemeldet. Hierbei missachtete der 30-j\u00e4hrige Radfahrer das Rotlicht der Lichtzeichenanlage. Die 35-j\u00e4hrige Daimler-Benz-Fahrerin wollte nach links von dem Margot-Becke-Ring auf den Kirchheimer Weg abbiegen. Bei diesem Abbiegevorgang kollidierte der Daimler-Benz mit dem 30-j\u00e4hrigen Fahrradfahrer. Der Fahrradfahrer wurde durch den Unfall schwer verletzt und zur weiteren Behandlung in ein Krankenhaus verbracht. Da in den mitgef\u00fchrten Sachen des Radfahrers kleinste Mengen Bet\u00e4ubungsmittel aufgefunden werden konnten, lag der Verdacht nahe, dass der 30-J\u00e4hrige unter dem Einfluss von Bet\u00e4ubungsmitteln steht. Ein im Nachgang durchgef\u00fchrter Urintest best\u00e4tigte den Verdacht. Die 35-j\u00e4hrige Autofahrerin verletzte sich bei dem Unfall nicht. Es entstand ein Sachschaden in H\u00f6he von ca. 5.500 Euro. Die Ermittlungen werden durch den Verkehrsdienst Heidelberg gef\u00fchrt und dauern aktuell noch an.<\/p>\n\n\n\n<h2 class=\"wp-block-heading\">(L 630 \/ Plankstadt \/ Rhein-Neckar-Kreis) &#8211; Mit 2,48 Promille vom Roller gekippt<\/h2>\n\n\n\n<p>Am Dienstag gegen 10 Uhr wurde der Polizei eine gest\u00fcrzte Rollerfahrerin auf der L 630 gemeldet, die alleinbeteiligt zu Fall kam. Am Einsatzort trafen die Beamten auf die 43-j\u00e4hrige Fahrerin. Im Gespr\u00e4ch mit ihr, nahmen die Polizeibeamtinnen und Polizeibeamten Alkoholgeruch wahr. Auf die Nachfrage, ob sie Alkohol konsumiert habe, gab die 43-J\u00e4hrige an, am Vorabend eine gr\u00f6\u00dfere Alkoholmenge getrunken zu haben, woraufhin ihr ein freiwilliger Atemalkoholtest angeboten wurde. Dieser zeigte ein Me\u00dfergebnis von stolzen 2,48 Promille. Da die 43-J\u00e4hrige auch \u00fcber Unwohlseins klagte, wurde sie durch einen hinzugerufenen Rettungswagen in ein nahe gelegenes Krankenhaus verbracht. Vor Orte stellte sich zudem heraus, dass die Fahrerin mit ihrem Roller an der Kreuzung Bruchh\u00e4user Stra\u00dfe\/ Heidelberger Stra\u00dfe zum Stehen kam und beim Stehen pl\u00f6tzlich vom Roller st\u00fcrzte. Gl\u00fccklicherweise verletzte sie sich hierbei nicht. Ihr F\u00fchrerschein wurde vorerst einbehalten. Die 43-J\u00e4hrige muss sich nun wegen Trunkenheit im Verkehr verantworten.<\/p>\n\n\n\n<h2 class=\"wp-block-heading\">(Schwetzingen \/ Rhein-Neckar-Kreis) &#8211; \u00dcber 36.000 Euro Sachschaden nach Unfall<\/h2>\n\n\n\n<p>Am Dienstagmorgen ereignete sich in der Mannheimer Landstra\u00dfe ein Unfall, bei dem eine 51-j\u00e4hrige Ford-Fahrerin leicht verletzt wurde. Um kurz vor 07 Uhr befuhr ein 25-j\u00e4hriger VW-Fahrer die Mannheimer Landstra\u00dfe in Richtung Mannheim-Friedrichsfeld. An der Auffahrt B535 in Richtung Heidelberg ordnete sich der 25-J\u00e4hrige auf die Linksabbiegerspur ein, um anschlie\u00dfend an der Auffahrt abzufahren. Hierbei \u00fcbersah der 25-J\u00e4hrige jedoch eine entgegenkommende 51-j\u00e4hrige Ford-Fahrerin und kollidierte mit dieser. Der der VW geriet ins Schleudern und kam in einem angrenzenden Gr\u00fcnstreifen zum Stehen. Durch die herumfliegenden Fahrzeugteile wurde ein verkehrsbedingt wartender Audi besch\u00e4digt. Au\u00dferdem wurde ein Verkehrsschild durch den Aufprall besch\u00e4digt. Bei dem Unfall wurde die 51-J\u00e4hrige leicht verletzt. Eine medizinische Versorgung vor Ort war jedoch nicht notwendig. Auch ihre beiden im Auto mitgef\u00fchrten Hunde blieben nach bisherigen Unfallermittlungen unverletzt. Der VW sowie der Ford waren nicht mehr fahrbereit und mussten abgeschleppt werden. Der Sachschaden bel\u00e4uft sich insgesamt auf \u00fcber 36.000 Euro.<\/p>\n\n\n\n<h2 class=\"wp-block-heading\">(Leimen \/ Rhein-Neckar-Kreis) &#8211; Kraftrad vor der Haust\u00fcr gestohlen<\/h2>\n\n\n\n<p>Ein 35-J\u00e4hriger stelle am Montag gegen 20 Uhr sein schwarzes Motorrad, Suzuki VX800, im Centgrafenweg ab. Ein bislang unbekannter T\u00e4ter entwendete das Motorrad in den nachfolgenden Stunden auf bislang unbekannte Art und Weise. Als der 35-J\u00e4hrige am n\u00e4chsten Morgen gegen 07 Uhr den Diebstahl feststellte, alarmierte er umgehend die Polizei.<\/p>\n\n\n\n<ul>\n<li><strong>Zeugen, die Hinweise auf den Verbleib des Motorrads oder die T\u00e4ter haben, werden gebeten sich bei dem Polizeiposten Leimen zu melden, unter: 06224-17490.<\/strong><\/li>\n<\/ul>\n\n\n\n<h2 class=\"wp-block-heading\">(Wiesloch \/ Rhein-Neckar-Kreis) &#8211; Taxifahrerin verursacht Unfall und fl\u00fcchtet \/ Zeugen gesucht!<\/h2>\n\n\n<div class=\"wp-block-image\">\n<figure class=\"aligncenter size-full\"><img decoding=\"async\" loading=\"lazy\" width=\"801\" height=\"600\" src=\"https:\/\/speyer24news.com\/wp-content\/uploads\/2020\/05\/Zeugen-gesucht-Neutral.jpg\" alt=\"\" class=\"wp-image-26598\" srcset=\"https:\/\/speyer24news.com\/wp-content\/uploads\/2020\/05\/Zeugen-gesucht-Neutral.jpg 801w, https:\/\/speyer24news.com\/wp-content\/uploads\/2020\/05\/Zeugen-gesucht-Neutral-300x225.jpg 300w, https:\/\/speyer24news.com\/wp-content\/uploads\/2020\/05\/Zeugen-gesucht-Neutral-768x575.jpg 768w, https:\/\/speyer24news.com\/wp-content\/uploads\/2020\/05\/Zeugen-gesucht-Neutral-678x509.jpg 678w, https:\/\/speyer24news.com\/wp-content\/uploads\/2020\/05\/Zeugen-gesucht-Neutral-326x245.jpg 326w, https:\/\/speyer24news.com\/wp-content\/uploads\/2020\/05\/Zeugen-gesucht-Neutral-80x60.jpg 80w\" sizes=\"(max-width: 801px) 100vw, 801px\" \/><\/figure><\/div>\n\n\n<p>Am Dienstagmorgen gegen 17:15 Uhr ereignete sich im Einm\u00fcndungsbereich Gerbersruhestra\u00dfe und Busstra\u00dfe ein Unfall zwischen einer Taxifahrerin und einem 19-j\u00e4hrigen Radfahrer. Der 19-J\u00e4hrige fuhr den Fahrradweg der Gerbersruhstra\u00dfe entlang, als eine bisher unbekannte Taxifahrerin, die die Busstra\u00dfe in Richtung Gerbersruhstra\u00dfe entlangfuhr, den 19-J\u00e4hrigen \u00fcbersah und mit diesem kollidierte. Der 19-J\u00e4hrige st\u00fcrzte, blieb gl\u00fccklicherweise jedoch unverletzt. Nach dem Zusammensto\u00df stieg die unbekannte Frau aus, erkundigte sich \u00fcber das Wohlbefinden des 19-J\u00e4hrigen und entfernte sich im Anschluss von der Unfallstelle. <\/p>\n\n\n\n<h4 class=\"wp-block-heading\">Die Unbekannte kann wie folgt beschrieben werden:<\/h4>\n\n\n\n<ul>\n<li><strong>circa 40-45 Jahre alt<\/strong><\/li>\n\n\n\n<li><strong>circa 165 cm gro\u00df<\/strong><\/li>\n\n\n\n<li><strong>braune, schulterlange Haare<\/strong><\/li>\n\n\n\n<li><strong>Brillentr\u00e4gerin<\/strong><\/li>\n\n\n\n<li><strong>kr\u00e4ftige K\u00f6rperstatur<\/strong><\/li>\n\n\n\n<li><strong>trug ein blaues T-Shirt und eine beige Hose.<\/strong><\/li>\n<\/ul>\n\n\n\n<ul>\n<li><strong>Bei dem Taxi soll es sich um eine Karlsruher Zulassung handeln. <\/strong><\/li>\n<\/ul>\n\n\n\n<p>An dem Fahrrad wurden beide Reifen besch\u00e4digt. Inwieweit an dem Verursacherfahrzeug Sch\u00e4den entstanden sind, ist bisher unbekannt. Die H\u00f6he des gesamten Sachschadens kann derzeit noch nicht beziffert werden.<\/p>\n\n\n\n<ul>\n<li><strong>Zeugen, die den Unfallhergang beobachten konnten und Angaben zu der Frau bzw. dem Taxi machen k\u00f6nnen, werden gebeten, sich mit dem Polizeirevier Wiesloch, Tel: 062222\/5709-0, in Verbindung zu setzen.<\/strong><\/li>\n<\/ul>\n\n\n\n<h2 class=\"wp-block-heading\">(Neckarbischofsheim \/ Rhein-Neckar-Kreis) &#8211; Jagdwilderei \/ Zeugen gesucht<\/h2>\n\n\n<div class=\"wp-block-image\">\n<figure class=\"aligncenter size-full\"><img decoding=\"async\" loading=\"lazy\" width=\"801\" height=\"600\" src=\"https:\/\/speyer24news.com\/wp-content\/uploads\/2020\/05\/Zeugen-gesucht-Neutral.jpg\" alt=\"\" class=\"wp-image-26598\" srcset=\"https:\/\/speyer24news.com\/wp-content\/uploads\/2020\/05\/Zeugen-gesucht-Neutral.jpg 801w, https:\/\/speyer24news.com\/wp-content\/uploads\/2020\/05\/Zeugen-gesucht-Neutral-300x225.jpg 300w, https:\/\/speyer24news.com\/wp-content\/uploads\/2020\/05\/Zeugen-gesucht-Neutral-768x575.jpg 768w, https:\/\/speyer24news.com\/wp-content\/uploads\/2020\/05\/Zeugen-gesucht-Neutral-678x509.jpg 678w, https:\/\/speyer24news.com\/wp-content\/uploads\/2020\/05\/Zeugen-gesucht-Neutral-326x245.jpg 326w, https:\/\/speyer24news.com\/wp-content\/uploads\/2020\/05\/Zeugen-gesucht-Neutral-80x60.jpg 80w\" sizes=\"(max-width: 801px) 100vw, 801px\" \/><\/figure><\/div>\n\n\n<p>In der Zeit vom 23.06.23 bis 30.06.23 kam es im Gewann Kohlplattenschlag in Neckarbischofsheim zu einem Fall von Jagdwilderei. Der zust\u00e4ndige Jagdp\u00e4chter entdeckte bei seinem Kontrollgang unweit der Heid\u00e4ckersiedlung die \u00dcberreste eines Rehs. Augenscheinlich wurde dieses teilweise ausgeweidet. Weitere Jagdkollegen teilten ihm mit, dass es unweit der Fundstelle einen weiteren Fall von Jagdwilderei gegeben haben soll. Der Polizeiposten Waibstadt hat nun die Ermittlungen aufgenommen. <\/p>\n\n\n\n<ul>\n<li><strong>Zeugen, die Angaben zu den Vorf\u00e4llen machen k\u00f6nnen, werden gebeten, sich unter Tel.: 07263-910674 zu melden.<\/strong><\/li>\n<\/ul>\n\n\n\n<h2 class=\"wp-block-heading\">(Eberbach \/ Rhein-Neckar-Kreis) &#8211; Nach Verkehrsunfall \/ Gesch\u00e4digtes Fahrzeug gesucht<\/h2>\n\n\n\n<p>Am 30.06.2023 gegen 08.15 Uhr befuhr eine 62-J\u00e4hrige mit ihrem Fiat die Schwanheimer Stra\u00dfe in Richtung Beckstra\u00dfe entlang und blieb auf H\u00f6he der Dr.-Wei\u00df-Stra\u00dfe mit ihrem rechten Au\u00dfenspiegel an einem am Fahrbahnrand geparkten wei\u00dfen Fahrzeug h\u00e4ngen. Sie entfernte sich vorerst von der Unfallstelle ohne die Polizei \u00fcber den verursachten Schaden zu informieren. Nachdem sie sich einem Familienangeh\u00f6rigen anvertraute, kam die Fahrerin auf das Polizeirevier und zeigte den Unfall an. Zu diesem Zeitpunkt, gegen 10.00 Uhr, konnte das Fahrzeug jedoch nicht mehr vor Ort festgestellt werden, sodass eine Kontaktaufnahme zum Fahrzeughalter bisher nicht m\u00f6glich war. Ob an dem unbekannten Fahrzeug ein Schaden entstanden ist, ist bislang nicht bekannt.<\/p>\n\n\n\n<ul>\n<li><strong>Zeugen, die Hinwiese auf das Fahrzeug geben k\u00f6nnen oder die Halterin \/ der Halter selbst, werden gebeten sich bei dem Polizeirevier Eberbach zu melden, unter: 06271 92100.<\/strong><\/li>\n<\/ul>\n\n\n\n<h2 class=\"wp-block-heading\">(Dossenheim \/ Rhein-Neckar-Kreis) &#8211; 18-J\u00e4hriger durch Unbekannte angegriffen und bestohlen<\/h2>\n\n\n<div class=\"wp-block-image\">\n<figure class=\"aligncenter size-full\"><img decoding=\"async\" loading=\"lazy\" width=\"801\" height=\"600\" src=\"https:\/\/speyer24news.com\/wp-content\/uploads\/2020\/05\/Zeugen-gesucht-Neutral.jpg\" alt=\"\" class=\"wp-image-26598\" srcset=\"https:\/\/speyer24news.com\/wp-content\/uploads\/2020\/05\/Zeugen-gesucht-Neutral.jpg 801w, https:\/\/speyer24news.com\/wp-content\/uploads\/2020\/05\/Zeugen-gesucht-Neutral-300x225.jpg 300w, https:\/\/speyer24news.com\/wp-content\/uploads\/2020\/05\/Zeugen-gesucht-Neutral-768x575.jpg 768w, https:\/\/speyer24news.com\/wp-content\/uploads\/2020\/05\/Zeugen-gesucht-Neutral-678x509.jpg 678w, https:\/\/speyer24news.com\/wp-content\/uploads\/2020\/05\/Zeugen-gesucht-Neutral-326x245.jpg 326w, https:\/\/speyer24news.com\/wp-content\/uploads\/2020\/05\/Zeugen-gesucht-Neutral-80x60.jpg 80w\" sizes=\"(max-width: 801px) 100vw, 801px\" \/><\/figure><\/div>\n\n\n<p>Samstagnacht, in der Zeit zwischen 01:30 Uhr und 02:00 Uhr wurde ein 18-J\u00e4hriger in der Bergstra\u00dfe von einer bislang unbekannten m\u00e4nnlichen Gruppe aus bisher nicht bekannten Gr\u00fcnden unvermittelt angegriffen. Dabei wurde der 18-J\u00e4hrige so fest gesto\u00dfen, dass er zu Boden st\u00fcrzte, mit dem Kopf auf den Boden prallte und das Bewusstsein verlor. Als der 18-J\u00e4hrige wieder das Bewusstsein erlangte, befanden sich die T\u00e4tergruppe nicht mehr vor Ort. Zu Hause stellte der junge Mann dann das Fehlen seiner Tasche sowie eines Bargeldbetrags im hohen dreistelligen Bereich fest.<\/p>\n\n\n\n<ul>\n<li><strong>Zu den T\u00e4tern sind derzeit keinerlei Hinweise bekannt.<\/strong><\/li>\n\n\n\n<li><strong>Der Vorfall hatte sich vor einem Altenpflegeheim, N\u00e4he der Haltestelle &#8222;Dossenheim Nord&#8220; zugetragen.<\/strong><\/li>\n\n\n\n<li><strong>Zeugen, welche das Geschehen beobachten konnten und sachdienliche Hinweise geben k\u00f6nnen, werden gebeten, sich beim kriminalpolizeilichen Hinweistelefon, unter der Telefonnummer 0621\/174-4444, zu melden.<\/strong><\/li>\n<\/ul>\n\n\n\n<h2 class=\"wp-block-heading\">(Weinheim \/ Rhein-Neckar-Kreis) &#8211; Nach exhibitionistischer Handlung vorl\u00e4ufige Festnahme<\/h2>\n\n\n<div class=\"wp-block-image\">\n<figure class=\"aligncenter size-full\"><img decoding=\"async\" loading=\"lazy\" width=\"800\" height=\"533\" src=\"https:\/\/speyer24news.com\/wp-content\/uploads\/2021\/10\/Festnahme-Handschellen.jpg\" alt=\"\" class=\"wp-image-41224\" srcset=\"https:\/\/speyer24news.com\/wp-content\/uploads\/2021\/10\/Festnahme-Handschellen.jpg 800w, https:\/\/speyer24news.com\/wp-content\/uploads\/2021\/10\/Festnahme-Handschellen-300x200.jpg 300w, https:\/\/speyer24news.com\/wp-content\/uploads\/2021\/10\/Festnahme-Handschellen-768x512.jpg 768w\" sizes=\"(max-width: 800px) 100vw, 800px\" \/><figcaption class=\"wp-element-caption\">Beispielbild Handschelle \/ Verhaftung, dient lediglich der Visualisierung<\/figcaption><\/figure><\/div>\n\n\n<p>Durch eine Zeugin wurde am Dienstagnachmittag gegen 12:40 Uhr die Polizei alarmiert, nachdem sich ein Mann in der Mannheimer Stra\u00dfe in unsittlicherer Art und Weise entbl\u00f6\u00dft und sexuelle Handlungen an sich vorgenommen haben soll.<\/p>\n\n\n\n<p>Nachdem die Polizeibeamtinnen und Polizeibeamten des Polizeireviers Weinheim an der \u00d6rtlichkeit eintrafen, versuchte sich der 47-J\u00e4hrigen in einem Geb\u00fcsch vor den Beamten zu verstecken. Die Beamten lie\u00dfen sich davon aber nicht beirren, sprachen den Mann an, der daraufhin sein Versteck verlie\u00df und vorl\u00e4ufig festgenommen werden konnte.<\/p>\n\n\n\n<p>Die weiteren Ermittlungen hat die Kriminalpolizei \u00fcbernommen.<\/p>\n","protected":false},"excerpt":{"rendered":"<div class=\"mh-excerpt\"><p>Polizeimeldungen vom Mittwoch (05.07.2023) (Speyer) &#8211; Fahrrad Marke Eigenbau f\u00fchrt zu Anzeigen Am 04.07.2023 gegen 23:00 Uhr stellten Beamte der Polizei in Speyer einen 49-j\u00e4hrigen Mann auf seinem Fahrrad in der Waldseer Stra\u00dfe fest. Aufgrund <a class=\"mh-excerpt-more\" href=\"https:\/\/speyer24news.com\/?p=53144\" title=\"Polizeimeldungen Mittwoch (05.07.2023)\">[&#8230;]<\/a><\/p>\n<\/div>","protected":false},"author":3,"featured_media":26162,"comment_status":"open","ping_status":"open","sticky":false,"template":"","format":"standard","meta":{"_monsterinsights_skip_tracking":false,"_monsterinsights_sitenote_active":false,"_monsterinsights_sitenote_note":"","_monsterinsights_sitenote_category":0,"footnotes":""},"categories":[15659],"tags":[7243,7244,3614,350,14537,15084,15267,14538,15361,15845,702,61,2555,6955,6986,6263,63,105,11150,6987,53,4854,13534,4683,1548,4905,11592,102,13626,213,14325,14324,13553,13541,55,8277,6368,5261,103,106,2803,2423,427,2625,380,62,104,979,1565],"aioseo_notices":[],"amp_enabled":true,"_links":{"self":[{"href":"https:\/\/speyer24news.com\/index.php?rest_route=\/wp\/v2\/posts\/53144"}],"collection":[{"href":"https:\/\/speyer24news.com\/index.php?rest_route=\/wp\/v2\/posts"}],"about":[{"href":"https:\/\/speyer24news.com\/index.php?rest_route=\/wp\/v2\/types\/post"}],"author":[{"embeddable":true,"href":"https:\/\/speyer24news.com\/index.php?rest_route=\/wp\/v2\/users\/3"}],"replies":[{"embeddable":true,"href":"https:\/\/speyer24news.com\/index.php?rest_route=%2Fwp%2Fv2%2Fcomments&post=53144"}],"version-history":[{"count":1,"href":"https:\/\/speyer24news.com\/index.php?rest_route=\/wp\/v2\/posts\/53144\/revisions"}],"predecessor-version":[{"id":53149,"href":"https:\/\/speyer24news.com\/index.php?rest_route=\/wp\/v2\/posts\/53144\/revisions\/53149"}],"wp:featuredmedia":[{"embeddable":true,"href":"https:\/\/speyer24news.com\/index.php?rest_route=\/wp\/v2\/media\/26162"}],"wp:attachment":[{"href":"https:\/\/speyer24news.com\/index.php?rest_route=%2Fwp%2Fv2%2Fmedia&parent=53144"}],"wp:term":[{"taxonomy":"category","embeddable":true,"href":"https:\/\/speyer24news.com\/index.php?rest_route=%2Fwp%2Fv2%2Fcategories&post=53144"},{"taxonomy":"post_tag","embeddable":true,"href":"https:\/\/speyer24news.com\/index.php?rest_route=%2Fwp%2Fv2%2Ftags&post=53144"}],"curies":[{"name":"wp","href":"https:\/\/api.w.org\/{rel}","templated":true}]}}