{"id":53254,"date":"2023-07-07T10:23:03","date_gmt":"2023-07-07T09:23:03","guid":{"rendered":"https:\/\/speyer24news.com\/?p=53254"},"modified":"2023-07-07T10:23:04","modified_gmt":"2023-07-07T09:23:04","slug":"polizeimeldungen-donnerstag-06-07-2023","status":"publish","type":"post","link":"https:\/\/speyer24news.com\/?p=53254","title":{"rendered":"Polizeimeldungen Donnerstag (06.07.2023)"},"content":{"rendered":"<style type=\"text\/css\">\r\n\t.ads_top_disp{}\r\n\t.ads_top_corner_disp{ float:left; margin:0px 10px 10px 0px; }\r\n\t.ads_first_p_disp{}\r\n\t.ads_bottom_disp{}\r\n\t<\/style>\n<h2 class=\"wp-block-heading\">Polizeimeldungen vom Donnerstag (06.07.2023)<\/h2>\n\n\n<div class=\"wp-block-image\">\n<figure class=\"aligncenter size-full\"><img decoding=\"async\" loading=\"lazy\" width=\"375\" height=\"500\" src=\"https:\/\/speyer24news.com\/wp-content\/uploads\/2022\/03\/Aktuelles-Polizeilogo.jpg\" alt=\"\" class=\"wp-image-43591\" srcset=\"https:\/\/speyer24news.com\/wp-content\/uploads\/2022\/03\/Aktuelles-Polizeilogo.jpg 375w, https:\/\/speyer24news.com\/wp-content\/uploads\/2022\/03\/Aktuelles-Polizeilogo-225x300.jpg 225w\" sizes=\"(max-width: 375px) 100vw, 375px\" \/><\/figure><\/div>\n\n\n<h2 class=\"wp-block-heading\">(Speyer) &#8211; Unfall zwischen Radfahrer und PKW<\/h2>\n\n\n\n<p>Am 05.07.2023 gegen 15:03 Uhr befuhr ein 44-j\u00e4hriger Mann mit seinem Fahrrad den Radweg der Industriestra\u00dfe in Richtung Innenstadt. Zeitgleich befuhr ein 52-J\u00e4hriger mit seinem PKW in die entgegengesetzte Richtung. Der Autofahrer wollte rechts in eine Parkbucht einparken und musste dazu den Radweg queren. Aufgrund eines geparkten LKW`s sahen sich die beiden Verkehrsteilnehmer nicht. Der Radfahrer fuhr deshalb fast ungebremst gegen das Fahrzeug, rutschte \u00fcber die Motorhaube, fiel zu Boden und verletzte sich hierbei. Ein hinzugerufener Rettungsdienst brachte denn 44-J\u00e4hrigen in ein nahegelegenes Krankenhaus. Es entstand ein Gesamtschaden ca. 2500EUR<\/p>\n\n\n\n<h2 class=\"wp-block-heading\">(Speyer) &#8211; Mehrere Einbr\u00fcche in Keller und Tiefgaragen<\/h2>\n\n\n\n<p>Bislang unbekannte T\u00e4ter gelangten zwischen dem 04.07.2023, 16:30 Uhr und dem 05.07.2023, 6:00 Uhr in mehrere Tiefgaragen in der Petronia-Steiner-Stra\u00dfe, der Windthorststra\u00dfe und der Remlingstra\u00dfe und brachen dort eine Vielzahl von Metallt\u00fcren und Kellerabteile auf. Bislang konnten noch nicht alle Gesch\u00e4digten erreicht werden. Nach aktuellem Stand der Ermittlungen entwendeten der oder die T\u00e4ter einen Akku eines E-Bikes, ein Fahrrad und zwei Jacken. Die genaue Gesamtschadensh\u00f6he steht noch nicht fest, liegt aber nach jetzigem Stand schon in einem hohen vierstelligen Bereich. <\/p>\n\n\n\n<ul>\n<li><strong>Wer hat im Bereich der Petronia-Steiner-Stra\u00dfe, Windthorststra\u00dfe und der Remlingstra\u00dfe etwas beobachtet oder kann sachdienliche Hinweise geben? Zeugen werden gebeten, ihre Wahrnehmungen der Polizei Speyer telefonisch oder per E-Mail mitzuteilen (Tel. 06232 \/ 137-0, E-Mail an\u00a0<a href=\"mailto:%20pispeyer@polizei.rlp.de\">pispeyer@polizei.rlp.de<\/a>. )<\/strong><\/li>\n<\/ul>\n\n\n\n<h2 class=\"wp-block-heading\">(Schifferstadt) &#8211; LKW streift Br\u00fccke und fl\u00fcchtet<\/h2>\n\n\n\n<p>Am 04.07.2023, gegen 22:30 Uhr, befuhr eine Sattelzugmaschine mit Auflieger die Mutterstadter Stra\u00dfe in Richtung Ortsmitte. Auf dem Auflieger wurden alte Zugmaschinen und Fahrzeugteile transportiert. Im Bereich der Bahnunterf\u00fchrung am Ortseingang, H\u00f6he des Bahnweihers, blieb das Gespann aufgrund der H\u00f6he an der Br\u00fccke h\u00e4ngen. Laut Zeugen habe das Gespann zur\u00fcckgesetzt und sei ein weiteres Mal &#8222;mit Anlauf&#8220; durch die Unterf\u00fchrung gefahren. Diesmal streifte das Gespann mit der Ladung die Br\u00fccke und passierte diese. Hierdurch fielen kleine Fahrzeugteile auf die Fahrbahn. Der Beifahrer wollte die Teile aufsammeln, entdeckte jedoch die Zeugen und das Gespann fuhr in Richtung Ortsmitte. Beim Befahren des Fu\u00dfg\u00e4nger\u00fcberwegs in der Burgstra\u00dfe (Einm\u00fcndung Kirchenstra\u00dfe) blieb die Ladung an der Beleuchtung des Fu\u00dfg\u00e4nger\u00fcberweges h\u00e4ngen und besch\u00e4digte diese. Hiernach stoppte der LKW und der 54-j\u00e4hrige Fahrer aus K\u00f6ln und der 58-j\u00e4hrige Beifahrer aus Krefeld wurden einer Kontrolle unterzogen. Durch eine Abschleppfirma wurden die Zugmaschine samt Auflieger, sowie die geladenen Zugmaschinen abgeschleppt. Die Sperrung dauerte ca. 5 Stunden. An der Bahnunterf\u00fchrung entstand ein Streifschaden, welcher die Befahrbarkeit der Br\u00fccke nicht einschr\u00e4nkt. Die Beleuchtung am Fu\u00dfg\u00e4nger\u00fcberweg wurde demontiert. Die Gesamtschadensh\u00f6he steht noch nicht fest. Bei der Unfallaufnahme unterst\u00fctzten Kr\u00e4fte der Zentralen Verkehrsdienste. Aktuell laufen Ermittlungen bez\u00fcglich Unfallflucht und illegalem Abfalltransport. Die Fahrzeuge wurden sichergestellt.<\/p>\n\n\n\n<h2 class=\"wp-block-heading\">(A 65 \/ Dannstadt-Schauernheim) &#8211; Autofahrer unter Drogeneinfluss<\/h2>\n\n\n\n<p>Einen drogenbeeinflussten Autofahrer kontrollierten am 06.07.2023, um 13 Uhr, Beamte der Polizeiautobahnstation Ruchheim in Dannstadt-Schauernheim, Lorscher Stra\u00dfe. Der 52-j\u00e4hrige war mit seinem VW zun\u00e4chst auf der A65 in Fahrtrichtung Neustadt unterwegs. An der Anschlussstelle Dannstadt fuhr er von der Autobahn ab und konnte von den Polizisten schlie\u00dflich im Ortsteil Schauernheim angehalten werden. Bei der Kontrolle stellten die Polizisten drogentypische Auffallerscheinungen fest. Ein durchgef\u00fchrter Drogenschnelltest best\u00e4tigte den Verdacht, der Mann stand unter dem Einfluss von THC. Dem 52-J\u00e4hrigen wurde eine Blutprobe entnommen und ein Ermittlungsverfahren wegen Trunkenheit im Stra\u00dfenverkehr und Versto\u00df gegen das Bet\u00e4ubungsmittelgesetz eingeleitet.<\/p>\n\n\n\n<h2 class=\"wp-block-heading\">(Schwegenheim) &#8211; Vermisstes Kind \/ \u00d6ffentlichkeitsfahndung<\/h2>\n\n\n<div class=\"wp-block-image\">\n<figure class=\"aligncenter size-full\"><img decoding=\"async\" src=\"https:\/\/speyer24news.com\/wp-content\/uploads\/2023\/07\/Vermisste_Angelina-1.png\" alt=\"\" class=\"wp-image-53256\"\/><\/figure><\/div>\n\n\n<p>Seit Mittwoch, 05.07.2023, wird die in Schwegenheim, im Kreis Germersheim, wohnende 11-j\u00e4hrige Angelina L. vermisst. Sie entfernte sich aus der Obhut der Erziehungsberechtigten und seitdem ist ihr Aufenthaltsort unbekannt. Durch die bisherigen polizeilichen Ma\u00dfnahmen konnte Angelina L. nicht aufgefunden werden, so dass wir die \u00d6ffentlichkeit um Mithilfe bitten. Sie hat Bez\u00fcge nach Speyer, Ludwigshafen und Mannheim und k\u00f6nnte sich m\u00f6glicherweise dort aufhalten.<\/p>\n\n\n\n<h4 class=\"wp-block-heading\">Sie wird wie folgt beschrieben:<\/h4>\n\n\n\n<ul>\n<li><strong>Ca. 165 cm gro\u00df<\/strong><\/li>\n\n\n\n<li><strong>korpulent<\/strong><\/li>\n\n\n\n<li><strong>sie tr\u00e4gt schwarze Kleidung und wei\u00dfe Nike-Turnschuhe.<\/strong><\/li>\n<\/ul>\n\n\n\n<ul>\n<li><strong>Wer hat Angelina L. gesehen? Wer kann Hinweise zum derzeitigen Aufenthaltsort geben?<\/strong><\/li>\n<\/ul>\n\n\n\n<ul>\n<li><strong>Hinweise nimmt die Polizei Landau unter der Telefonnummer 06341-287-0, der E-Mail-Adresse:\u00a0<a href=\"mailto:%20kilandau.k1@polizei.rlp.de\">kilandau.k1@polizei.rlp.de<\/a>, oder jede andere Polizeidienststelle entgegen.<\/strong><\/li>\n<\/ul>\n\n\n\n<h2 class=\"wp-block-heading\">(R\u00fclzheim) &#8211; PKW\u00b4s aufgebrochen<\/h2>\n\n\n\n<p>In der Nacht von Dienstag, 04.07.2023, auf Mittwoch, 05.07.2023, kam es in R\u00fclzheim zu insgesamt drei PKW Aufbr\u00fcchen. Bislang unbekannte T\u00e4ter schlugen an geparkten Fahrzeugen des Herstellers BMW die Seitenscheiben ein und entwendeten verschiedene elektronische Bauteile aus den Fahrzeugen. Die Taten ereigneten sich in der Mittleren Ortsstra\u00dfe, der Karl-Maupai-Stra\u00dfe und in den Helle Eichen. Die genaue Schadenssumme ist noch unklar. Die Polizei hat die entsprechenden Ermittlungen aufgenommen.<\/p>\n\n\n\n<ul>\n<li><strong>Zeugen der Tat m\u00f6chten sich bitte telefonisch unter 07274\/958-0 oder per Mail an\u00a0<a href=\"mailto:%20pigermersheim@polizei.rlp.de\">pigermersheim@polizei.rlp.de<\/a>\u00a0melden.<\/strong><\/li>\n<\/ul>\n\n\n\n<h2 class=\"wp-block-heading\">(A 65 \/ LD-Nord) &#8211; Brennendes Wohnmobil<\/h2>\n\n\n<div class=\"wp-block-image\">\n<figure class=\"aligncenter size-full\"><img decoding=\"async\" loading=\"lazy\" width=\"800\" height=\"574\" src=\"https:\/\/speyer24news.com\/wp-content\/uploads\/2023\/07\/BrandvonWohnmobil.jpg\" alt=\"\" class=\"wp-image-53257\" srcset=\"https:\/\/speyer24news.com\/wp-content\/uploads\/2023\/07\/BrandvonWohnmobil.jpg 800w, https:\/\/speyer24news.com\/wp-content\/uploads\/2023\/07\/BrandvonWohnmobil-300x215.jpg 300w, https:\/\/speyer24news.com\/wp-content\/uploads\/2023\/07\/BrandvonWohnmobil-768x551.jpg 768w\" sizes=\"(max-width: 800px) 100vw, 800px\" \/><\/figure><\/div>\n\n\n<p>Am Donnerstagmorgen gegen kurz nach 8 Uhr wurde ein Kilometer vor der AS Landau-Nord (Fahrtrichtung KA) ein brennendes Wohnmobil gemeldet. Beim Eintreffen der Streife sowie der Feuerwehr stand das Fahrzeug bereits in Vollbrand, wobei auch die angrenzende B\u00f6schung bereits in Brand geraten war. Die Feuerwehr konnte den Brand l\u00f6schen. Warum das Wohnmobil in Brand geraten ist, ist derzeit nicht bekannt. Ein technischer Defekt kann nicht ausgeschlossen werden. Wegen den L\u00f6scharbeiten war die A65 in Fahrtrichtung Karlsruhe kurzzeitig voll gesperrt. Es kam zu Verkehrsbehinderungen.<\/p>\n\n\n\n<h2 class=\"wp-block-heading\">(Neustadt) &#8211; Betrunkener Peugeot-Fahrer festgestellt<\/h2>\n\n\n\n<p>Am 06.07.2023, um 10.10 Uhr, stellten Beamte der Polizeiautobahnstation Ruchheim einen betrunkenen Autofahrer fest. Der Mann war mit seinem Peugeot auf der 650 in Richtung Mannheim unterwegs. An der Anschlussstelle Ruchheim zogen die Beamten den Wagen von der Autobahn runter und kontrollierten den Fahrer. Bei dem 41-J\u00e4hrigen konnte gleich starker Alkoholgeruch festgestellt werden. Ein Atemalkoholtest ergab einen Wert von 1,45 Promille.<\/p>\n\n\n\n<p>Dem Mann wurde eine Blutprobe entnommen. Sein F\u00fchrerschein wurde beschlagnahmt und ein Strafverfahren wegen Trunkenheit im Stra\u00dfenverkehr eingeleitet.<\/p>\n\n\n\n<h2 class=\"wp-block-heading\">(Neustadt) &#8211; Mit Mercedes ohne F\u00fchrerschein gefahren<\/h2>\n\n\n\n<p>Mit seinem Mercedes war am 05.07.2023, um 11.15 Uhr, ein 30-j\u00e4hriger Speyerer unterwegs. Das Auto wurde in der Maxdorfer Stra\u00dfe in Ludwigshafen von Polizeibeamten der Polizeiautobahnstation gestoppt und der Fahrer einer Verkehrskontrolle unterzogen. Bei der Kontrolle h\u00e4ndigte der Mann einen F\u00fchrerschein aus. Bei der \u00dcberpr\u00fcfung der Person in den polizeilichen Informationssystemen stellte sich heraus, dass der F\u00fchrerschein des Mannes zu beschlagnahmen war. Dem Mann war bereits am 19.06.2021 rechtskr\u00e4ftig die Fahrerlaubnis entzogen worden.<\/p>\n\n\n\n<p>Der F\u00fchrerschein wurde beschlagnahmt.<\/p>\n\n\n\n<p>Gegen den 30-J\u00e4hrigen wurde ein Strafverfahren wegen Fahren ohne Fahrerlaubnis eingeleitet.<\/p>\n\n\n\n<h2 class=\"wp-block-heading\">(Neustadt) &#8211; \u00dcberfall auf Fu\u00dfg\u00e4nger<\/h2>\n\n\n<div class=\"wp-block-image\">\n<figure class=\"aligncenter size-full\"><img decoding=\"async\" loading=\"lazy\" width=\"801\" height=\"600\" src=\"https:\/\/speyer24news.com\/wp-content\/uploads\/2020\/05\/Zeugen-gesucht-Neutral.jpg\" alt=\"\" class=\"wp-image-26598\" srcset=\"https:\/\/speyer24news.com\/wp-content\/uploads\/2020\/05\/Zeugen-gesucht-Neutral.jpg 801w, https:\/\/speyer24news.com\/wp-content\/uploads\/2020\/05\/Zeugen-gesucht-Neutral-300x225.jpg 300w, https:\/\/speyer24news.com\/wp-content\/uploads\/2020\/05\/Zeugen-gesucht-Neutral-768x575.jpg 768w, https:\/\/speyer24news.com\/wp-content\/uploads\/2020\/05\/Zeugen-gesucht-Neutral-678x509.jpg 678w, https:\/\/speyer24news.com\/wp-content\/uploads\/2020\/05\/Zeugen-gesucht-Neutral-326x245.jpg 326w, https:\/\/speyer24news.com\/wp-content\/uploads\/2020\/05\/Zeugen-gesucht-Neutral-80x60.jpg 80w\" sizes=\"(max-width: 801px) 100vw, 801px\" \/><\/figure><\/div>\n\n\n<p>Sonntagnacht, den 02.07.2023, gegen 02:00 Uhr ereignete sich in der Landwehrstra\u00dfe in Neustadt in der N\u00e4he des Bahnhofes Neustadt B\u00f6big ein \u00dcberfall zum Nachteil eines 29 J\u00e4hrigen Mannes. Die Person wurde von einer m\u00e4nnlichen Personengruppe angegriffen und geschubst. Der 29 J\u00e4hrige kam dadurch zu Fall und wurde leicht verletzt. Ihm wurde das Mobiltelefon und 70 Euro Bargeld abgenommen. Die vier schwarz gekleideten m\u00e4nnlichen T\u00e4ter fl\u00fcchteten unerkannt \u00fcber den Fu\u00dfweg parallel zum Speyerbach in Richtung Innenstadt.<\/p>\n\n\n\n<ul>\n<li><strong>Sachdienliche Hinweise nimmt die Polizei Neustadt unter der Telefonnummer 06321\/854-0 oder per Email\u00a0<a href=\"mailto:%20kineustadt@polizei.rlp.de\">kineustadt@polizei.rlp.de<\/a>, so wie auch jede andere Polizeidienststelle entgegen.<\/strong><\/li>\n<\/ul>\n\n\n\n<h2 class=\"wp-block-heading\">(Bad D\u00fcrkheim) &#8211; Geschwindigkeitskontrollen der Polizeiinspektion <\/h2>\n\n\n\n<p>Im Laufe der 27. Kalenderwoche wurden im Dienstgebiet der Polizeiinspektion Bad D\u00fcrkheim mehrere Geschwindigkeitskontrollen durchgef\u00fchrt.<\/p>\n\n\n\n<p>In der Bahnhofstra\u00dfe in Erpolzheim wurden am 04.07.23, zwischen 09:45 Uhr und 11:20 Uhr, drei Geschwindigkeitsverst\u00f6\u00dfe festgestellt. Das schnellste gemessene Fahrzeug war bei erlaubten 30 km\/h mit 49 km\/h unterwegs.<\/p>\n\n\n\n<p>Im Anschluss an diese Kontrolle wurde der Verkehr in der Weinstra\u00dfe in Herxheim am Berg gemessen. Zwischen 11:40 Uhr und 13:30 Uhr konnten hierbei neun Geschwindigkeits\u00fcberschreitungen geahndet werden, wobei die schnellste gemessene Geschwindigkeit 57 km\/h, bei erlaubten 30 km\/h betrug.<\/p>\n\n\n\n<p>Am heutigen Donnerstag wurden in der Freinsheimer Stra\u00dfe in Kallstadt eine Kontrollstelle eingerichtet. Zwischen 09:00 Uhr und 11:30 Uhr wurden ca. 45 Fahrzeuge gemessen, von denen acht zu schnell unterwegs waren. Der schnellste Pkw wurde mit 49 km\/h gemessen, obwohl die zul\u00e4ssige H\u00f6chstgeschwindigkeit in diesem Bereich 30 km\/h betr\u00e4gt.<\/p>\n\n\n\n<h2 class=\"wp-block-heading\">(Kallstadt) &#8211; Verkehrsunfall mit verletztem Radfahrer<\/h2>\n\n\n\n<p>Am 05.07.2023, 21:55 Uhr kam es zu einem Verkehrsunfall in der Freinsheimer Stra\u00dfe in Kallstadt H\u00f6he der der Stra\u00dfe &#8218;Am Kleisinger&#8216;.<\/p>\n\n\n\n<p>Der 25-J\u00e4hrige Unfallverursacher befuhr mit seinem Fahrrad die Stra\u00dfe &#8218;Am Kleisinger&#8216; in Richtung der Freinsheimer Stra\u00dfe und missachtet dort die Vorfahrt des kreuzenden und bevorrechtigten 55-J\u00e4hrigen PKW-Fahrer. Der 25-J\u00e4hrige st\u00fcrzte bei dem Zusammensto\u00df mit dem PKW und verletzte sich hierbei schwer, jedoch nicht lebensgef\u00e4hrlich. Da bei dem Radfahrer Alkoholgeruch wahrgenommen werden konnte, besteht der Verdacht, dass der Radfahrer zum Zeitpunkt des Verkehrsunfalls unter dem Einfluss von Alkohol stand. Diesbez\u00fcglich wurde ein entsprechendes Strafverfahren wegen der Gef\u00e4hrdung des Stra\u00dfenverkehrs eingeleitet und zum Zwecke der Beweissicherung eine Blutprobe entnommen.<\/p>\n\n\n\n<h2 class=\"wp-block-heading\">(Tiefenthal) &#8211; Fehler beim Abbiegen f\u00fchrt zum Zusammensto\u00df<\/h2>\n\n\n\n<p>Am Mittwoch (05.07.23) gegen 10:40 Uhr ereignete sich auf der L 453 zwischen Tiefenthal und Hettenleidelheim ein Verkehrsunfall. Ein 62 Jahre alter Fahrer eines Pkw befuhr die Landstra\u00dfe in Richtung Hettenleidelheim und wollte nach links in einen Feldweg einbiegen. Hierbei missachtete er den Vorrang einer ihm entgegenfahrenden 33 Jahre alten Pkw-Fahrerin. Es kam zur Kollision, aufgrund derer an beiden Fahrzeugen die Frontairbags ausl\u00f6sten. Der Unfallverursacher verletzte sich leicht. Beide Fahrzeuge waren infolge des Unfalls nicht mehr fahrbereit und mussten abgeschleppt werden; der Gesamtschaden betr\u00e4gt ca. 18.000 Euro. Aufgrund auslaufender Betriebsstoffe kam die Stra\u00dfenmeisterei Gr\u00fcnstadt zum Einsatz.<\/p>\n\n\n\n<h2 class=\"wp-block-heading\">(Neuleiningen) &#8211; PKW unter Alkoholeinfluss gef\u00fchrt<a href=\"https:\/\/www.facebook.com\/sharer.php?u=https%3A%2F%2Fwww.presseportal.de%2Fblaulicht%2Fpm%2F117687%2F5552259%2F%3Futm_source%3Dfacebook%26utm_medium%3Dsocial\"><\/a><a href=\"https:\/\/twitter.com\/intent\/tweet?text=POL-PDNW%3A%20PI%20Gr%C3%BCnstadt%20-%20PKW%20unter%20Alkoholeinfluss%20gef%C3%BChrt&amp;url=https%3A%2F%2Fwww.presseportal.de%2Fblaulicht%2Fpm%2F117687%2F5552259%2F%3Futm_source%3Dtwitter%26utm_medium%3Dsocial&amp;hashtags=ots&amp;lang=de\"><\/a><a href=\"https:\/\/web.whatsapp.com\/send?text=POL-PDNW%3A%20PI%20Gr%C3%BCnstadt%20-%20PKW%20unter%20Alkoholeinfluss%20gef%C3%BChrt%0A%0Ahttps%3A%2F%2Fwww.presseportal.de%2Fblaulicht%2Fpm%2F117687%2F5552259%2F%3Futm_source%3Dwhatsapp%26utm_medium%3Dsocial\"><\/a><a href=\"https:\/\/www.xing.com\/app\/user?op=share;url=https%3A%2F%2Fwww.presseportal.de%2Fblaulicht%2Fpm%2F117687%2F5552259%2F%3Futm_source%3Dxing%26utm_medium%3Dsocial\"><\/a><a href=\"http:\/\/www.linkedin.com\/shareArticle?mini=true&amp;url=https%3A%2F%2Fwww.presseportal.de%2Fblaulicht%2Fpm%2F117687%2F5552259%2F%3Futm_source%3Dlinkedin%26utm_medium%3Dsocial&amp;title=POL-PDNW%3A+PI+Gr%C3%BCnstadt+-+PKW+unter+Alkoholeinfluss+gef%C3%BChrt\"><\/a><a href=\"mailto:?subject=POL-PDNW%3A%20PI%20Gr%C3%BCnstadt%20-%20PKW%20unter%20Alkoholeinfluss%20gef%C3%BChrt&amp;body=https:\/\/www.presseportal.de\/blaulicht\/pm\/117687\/5552259\"><\/a><\/h2>\n\n\n\n<p>Am 06.07.2023 gegen 23:30 Uhr wurde eine 46-j\u00e4hrige BMW-Fahrerin in Neuleiningen einer Verkehrskontrolle unterzogen. Im Rahmen der Kontrolle konnte bei der Frau Alkoholgeruch festgestellt werden. Ein vor Ort durchgef\u00fchrter Test ergab einen Wert von 0,86 Promille. Der Fahrerin wurde die Weiterfahrt untersagt und zum Zwecke eines gerichtsverwertbaren Atemalkoholtests zur Dienststelle verbracht. Ein Verfahren wegen Trunkenheit im Verkehr wurde eingeleitet.<\/p>\n\n\n\n<h2 class=\"wp-block-heading\">(Ludwigshafen) &#8211; Betrunken und ohne F\u00fchrerschein gefahren<\/h2>\n\n\n\n<p>In der Nacht auf Donnerstag (06.07.2023, 03:10 Uhr) kontrollierten Polizeikr\u00e4fte in der Frankenthaler Stra\u00dfe einen 21-j\u00e4hrigen Autofahrer. Hierbei ergaben sich Hinweise auf einen Alkoholkonsum des jungen Mannes. Ein Atemalkoholtest ergab einen Wert von \u00fcber 1,4 Promille. Weiterhin ist der Mann nicht im Besitz einer g\u00fcltigen Fahrerlaubnis. In der Polizeidienststelle wurde dem 21-J\u00e4hrigen eine Blutprobe entnommen und ein Ermittlungsverfahren wegen Trunkenheit im Verkehr gegen ihn eingeleitet.<\/p>\n\n\n\n<h2 class=\"wp-block-heading\">(Ludwigshafen) &#8211; Einbruch in Einfamilienhaus<\/h2>\n\n\n\n<p>Am Mittwochabend (05.07.2023, zwischen 22 Uhr und 23:30 Uhr) verschafften sich bislang Unbekannte Zutritt zu einem Einfamilienhaus in der Deichstra\u00dfe. Im Innern durchw\u00fchlten sie mehrere Zimmer und konnten schlie\u00dflich mit Schmuck sowie Bargeld fliehen. Wie hoch der entstandene Schaden ist, wird aktuell ermittelt.<\/p>\n\n\n\n<ul>\n<li><strong>Die Kriminalpolizei Ludwigshafen bittet um Zeugenhinweise. Wer hat zur fraglichen Zeit etwas Ungew\u00f6hnliches in der Deichstra\u00dfe oder deren Umgebung gesehen? Sachdienliche Hinweise werden unter der Telefonnummer 0621\/963-2773 oder per E-Mail\u00a0<a href=\"mailto:%20kiludwigshafen.k1.kdd@polizei.rlp.de\">kiludwigshafen.k1.kdd@polizei.rlp.de<\/a>\u00a0entgegengenommen.<\/strong><\/li>\n<\/ul>\n\n\n\n<h2 class=\"wp-block-heading\">(Ludwigshafen) &#8211; Schockanrufe<\/h2>\n\n\n\n<p>Auch am 05.07.2023 kam es wieder zu Schockanrufen durch falsche Polizeibeamte. Die Angerufenen, ein 54-J\u00e4hriger aus Edigheim und eine 88-J\u00e4hrige aus Oggersheim, fielen auf die mittlerweile relativ bekannte Masche nicht herein. Ihnen sollte vorgegaukelt werden, dass ihre Kinder einen t\u00f6dlichen Verkehrsunfall verursacht h\u00e4tten und nur eine hohe Kautionszahlung eine Inhaftierung verhindern k\u00f6nne. Statt sich hierauf einzulassen beendeten sie das Gespr\u00e4ch zeitnah und informierten die Polizei.<\/p>\n\n\n\n<h2 class=\"wp-block-heading\">(Ludwigshafen) &#8211; Einbruchsversuch in Wohnung<\/h2>\n\n\n\n<p>Am 05.07.2023, gegen 16 Uhr, bemerkte ein 53-J\u00e4hriger, wie ein bislang Unbekannter versuchte durch ein offen stehendes Fenster in seine Wohnung in der Friedrichstra\u00dfe einzudringen. Als er den Mann daraufhin ansprach, fl\u00fcchtete dieser. Der 53-J\u00e4hrige verst\u00e4ndigte die Polizei. Trotz sofort eingeleiteter Fahndungsma\u00dfnahmen konnte der Unbekannte bislang jedoch nicht ausfindig gemacht werden. Der T\u00e4ter konnte wie folgt beschrieben werden: m\u00e4nnlich, ungef\u00e4hr 1,75 m gro\u00df, dunkles Haar und hatte eine kr\u00e4ftige Statur.<\/p>\n\n\n\n<ul>\n<li><strong>Die Polizeiinspektion Ludwigshafen 2 bittet um sachdienliche Hinweise. Wenn Sie etwas beobachtet haben, wenden Sie sich bitte an die Polizeiinspektion Ludwigshafen 2, Telefonnummer 0621 963-2222 oder per E-Mail\u00a0<a href=\"mailto:%20piludwigshafen2@polizei.rlp.de\">piludwigshafen2@polizei.rlp.de<\/a>\u00a0.<\/strong><\/li>\n<\/ul>\n\n\n\n<h2 class=\"wp-block-heading\">(Ludwigshafen) &#8211; Bei Unfall leicht verletzt<\/h2>\n\n\n\n<p>An einer Ampel im Kreuzungsbereich B\u00fcrgermeister-Gr\u00fcnzweig-Stra\u00dfe\/Rohrlachstra\u00dfe kam es am Mittwoch (05.07.2023, gegen 14 Uhr) zu einem Unfall zwischen einer 37-j\u00e4hrigen Autofahrerin und einer 14-j\u00e4hrigen Fu\u00dfg\u00e4ngerin. Diese wurde durch den Unfall leicht verletzt und in ein Krankenhaus verbracht.<\/p>\n\n\n\n<p>Auch in der Kurze Stra\u00dfe kam es am 05.07.2023, gegen 07:30 Uhr, zu einem Unfall bei dem eine 33-j\u00e4hrige Radfahrerin leicht verletzt wurde. Sie wurde in ein Krankenhaus verbracht. Sie war gest\u00fcrzt nachdem ein 25-j\u00e4hriger Autofahrer beim Abbiegevorgang mit ihr zusammengesto\u00dfen war. An seinem Fahrzeug entstand Sachschaden in H\u00f6he von etwa 2.000 Euro.<\/p>\n\n\n\n<h2 class=\"wp-block-heading\">(Ludwigshafen) &#8211; Unter Alkoholeinfluss unterwegs<\/h2>\n\n\n\n<p>Einen alkoholisierten Autofahrer stellten Beamte der Polizeiautobahnstation Ruchheim am 05.07.2023, um 10.40 Uhr in Ludwigshafen, Maxdorfer Stra\u00dfe, fest. Der 36-J\u00e4hrige war mit seinem Pkw, Citroen, in Richtung Ruchheim unterwegs. Bei der Kontrolle stellten die Polizisten Alkoholgeruch bei dem Mann fest. Er r\u00e4umte ein, am Vorabend Alkohol getrunken zu haben. Ein Atemalkoholtest ergab einen Wert von 1,12 Promille.<\/p>\n\n\n\n<p>Dem 36-J\u00e4hrigen wurde eine Blutprobe entnommen. Ein Strafverfahren wegen Trunkenheit im Stra\u00dfenverkehr eingeleitet und der F\u00fchrerschein beschlagnahmt.<\/p>\n\n\n\n<h2 class=\"wp-block-heading\">(Ludwigshafen) &#8211; M\u00fcllfahrzeug besch\u00e4digt und abgehauen<\/h2>\n\n\n\n<p>In der Hartmannstra\u00dfe fuhr eine bislang unbekannte Fahrerin eines wei\u00dfen Audi Q5 am 05.07.23 um 9:45 Uhr gegen ein M\u00fcllfahrzeug. Es kam zum Sachschaden an beiden Fahrzeugen. Statt sich jedoch um den entstanden Schaden zu k\u00fcmmern, fuhr die Autofahrerin einfach davon. <\/p>\n\n\n\n<h4 class=\"wp-block-heading\">Die Fahrerin konnte wie folgt beschrieben werden: <\/h4>\n\n\n\n<ul>\n<li><strong>Etwa 30 Jahre alt<\/strong><\/li>\n\n\n\n<li><strong>langes schwarzes Haar<\/strong><\/li>\n\n\n\n<li><strong>schlank<\/strong><\/li>\n\n\n\n<li><strong>Der <strong>wei\u00dfe Audi Q5<\/strong> habe ein Ludwigshafener Kennzeichen gehabt. <\/strong><\/li>\n\n\n\n<li><strong>Die H\u00f6he des Schadens am M\u00fcllfahrzeug d\u00fcrfte sich auf etwa 500 Euro belaufen.<\/strong><\/li>\n<\/ul>\n\n\n\n<p><strong>Sie haben den Unfall beobachtet und k\u00f6nnen weitere Angaben machen? Sachdienliche Hinweise bitte an die Polizeiinspektion Ludwigshafen 2, Telefonnummer 0621 963-2222 oder per E-Mail\u00a0<a href=\"mailto:piludwigshafen2@polizei.rlp.de\" target=\"_blank\" rel=\"noreferrer noopener\">piludwigshafen2@polizei.rlp.de<\/a>\u00a0.<\/strong><\/p>\n\n\n\n<p>Die Polizei weist daraufhin, dass Unerlaubtes Entfernen von Unfallort kein Kavaliersdelikt ist! Der fl\u00fcchtige Fahrer muss mit einer Geld- oder Freiheitsstrafe bis zu 3 Jahren und evtl. mit einem F\u00fchrerscheinentzug rechnen. Au\u00dferdem kann der Fl\u00fcchtige den Kaskoschutz seiner Kfz-Versicherung verlieren und von seiner Versicherung an der Beteiligung des Fremdschadens beteiligt werden. Die Polizei r\u00e4t deshalb, jeden Unfall bei der Polizei zu melden.<\/p>\n\n\n\n<h2 class=\"wp-block-heading\">(B 44 \/ Mannheim) &#8211; Verkehrsunfall mit mehreren Verletzten<\/h2>\n\n\n\n<h3 class=\"wp-block-heading has-text-align-center\">Pressemeldung Nr. 1<\/h3>\n\n\n\n<p>Am Donnerstag gegen 14.25 Uhr kam es im Kreuzungsbereich der B 44 und der Lilienthalstra\u00dfe zu einem Verkehrsunfall mit vier beteiligten Fahrzeugen. Zuvor hatte es einen Ausfall der Ampelanlage in diesem Bereich gegeben. Bei dem Unfall wurden nach derzeitigem Kenntnisstand sieben Insassen verletzt und mussten medizinisch versorgt werden. Aktuell ist die Auf- und Abfahrt von der B 44 auf die Lilienthalstra\u00dfe gesperrt. Die Einsatzkr\u00e4fte befinden sich vor Ort und die Bergungsarbeiten dauern noch an. Zu der H\u00f6he des entstandenen Sachschadens ist bislang nichts bekannt. Ortskundige werden gebeten, die Unfallstelle zu umfahren.<\/p>\n\n\n\n<h2 class=\"wp-block-heading has-text-align-center\">Unfall mit vier Fahrzeugen, eine leicht verletzte Person &#8211; Pressemeldung Nr. 2<\/h2>\n\n\n\n<p>Wie bereits berichtet (\u00a0<a href=\"https:\/\/www.presseportal.de\/blaulicht\/pm\/14915\/5552089\" target=\"_blank\" rel=\"noreferrer noopener\">www.presseportal.de\/blaulicht\/pm\/14915\/5552089<\/a>\u00a0) ereignete sich am 06.07.2023 um 15:30 Uhr im Bereich Mannheim -Sch\u00f6nau auf der Lilienthalsta\u00dfe\/ B44 ein Verkehrsunfall, bei dem letztendlich vier Fahrzeuge beteiligt waren. Nach derzeitigem Stand der Ermittlungen durch den Verkehrsdienst Mannheim, nahm die 51-j\u00e4hrige Unfallverursacher irrt\u00fcmlicher Weise an, dass der vorfahrtsberechtigte Verkehr auf der B44 warten w\u00fcrde, weshalb sie mit ihren PKW, Toyota in die Kreuzung einfuhr. Hier kam es zum zum Zusammensto\u00df mit einer 53-j\u00e4hrigen Fahrzeugf\u00fchrerin eines PKW, Smart. Dieser wurde durch den Zusammenprall so abgelenkt, dass er im weiteren Verlauf mit einem Citroen und einem Mercedes kollidierte. Durch den Unfall wurde die 53-j\u00e4hrige Fahrerin des Smart leicht verletzt und durch den Rettungsdienst zur weiteren \u00e4rztlichen Versorgung in ein nahegelegenes Krankenhaus verbraucht, wo sie nach kurzer Behandlung bereits wieder entlassen werden konnte. Bei dem Unfall entstand ein Gesamtschaden von ca. 22.000 Euro. Aufgrund der Unfallaufnahme und der Reinigung der Unfallstelle kam es zu kleineren Verkehrsst\u00f6rungen die gegen 17:00 Uhr erledigt waren. Die weiteren Ermittlungen werden durch den Verkehrsdienst Mannheim durchgef\u00fchrt.<\/p>\n\n\n\n<h2 class=\"wp-block-heading\">(Mannheim \/ Rhein-Neckar-Kreis) &#8211; Verdacht des Diebstahls\/ drei Tatverd\u00e4chtige in Untersuchungshaft<\/h2>\n\n\n\n<h2 class=\"wp-block-heading\">Gemeinsame Presseerkl\u00e4rung der Staatsanwaltschaft Mannheim und des Polizeipr\u00e4sidiums Mannheim<\/h2>\n\n\n<div class=\"wp-block-image\">\n<figure class=\"aligncenter size-full\"><img decoding=\"async\" loading=\"lazy\" width=\"800\" height=\"533\" src=\"https:\/\/speyer24news.com\/wp-content\/uploads\/2020\/06\/Zelle.jpg\" alt=\"\" class=\"wp-image-28203\" srcset=\"https:\/\/speyer24news.com\/wp-content\/uploads\/2020\/06\/Zelle.jpg 800w, https:\/\/speyer24news.com\/wp-content\/uploads\/2020\/06\/Zelle-300x200.jpg 300w, https:\/\/speyer24news.com\/wp-content\/uploads\/2020\/06\/Zelle-768x512.jpg 768w\" sizes=\"(max-width: 800px) 100vw, 800px\" \/><figcaption class=\"wp-element-caption\">Beispielbild Zelle \/ Verhaftung, dient lediglich der Visualisierung<\/figcaption><\/figure><\/div>\n\n\n<p>Die Staatsanwaltschaft Mannheim und die Kriminalinspektion 2 der Kriminalpolizeidirektion Heidelberg des Polizeipr\u00e4sidiums Mannheim f\u00fchren seit Anfang 2023 intensive Ermittlungen gegen eine Gruppierung aus Mannheim wegen des Verdachts des Diebstahls von hochwertigen Fahrr\u00e4dern und Pedelecs.<\/p>\n\n\n\n<p>Die Ermittlungen f\u00fchrten zu den drei Tatverd\u00e4chtigen im Alter von 24, 26 und 36 Jahren. Nach derzeitigem Ermittlungsstand soll die Gruppierung zur Nachtzeit in Mannheim und dem umliegenden Rhein-Neckar-Kreis Pedelecs und hochwertige Fahrr\u00e4der aus Unterst\u00e4nden, Garagen, Kellern, aber auch von \u00f6ffentlichen Pl\u00e4tzen mithilfe von diversen Werkzeugen entwendet haben. Hierbei entstand ein Diebstahlschaden von gesch\u00e4tzt 180.000 EUR.<\/p>\n\n\n\n<p>Bei der Durchsuchung von sechs Objekten wurden insgesamt 19 Pedelecs, zwei E-Scooter sowie umfangreiche Beweismittel aufgefunden. Zudem wurden bei zwei Tatverd\u00e4chtigen insgesamt 800 Gramm Marihuana und 175 Gramm Kokain sowie Bargeld im niedrigen vierstelligen Bereich sichergestellt.<\/p>\n\n\n\n<p>Durch die Staatsanwaltschaft Mannheim wurden beim Amtsgericht Mannheim Haftbefehle gegen die drei Tatverd\u00e4chtigen erwirkt. Dem 24-J\u00e4hrigen werden darin 19 F\u00e4lle des Diebstahls, davon ein Versuch, vorgeworfen, den beiden weiteren Tatverd\u00e4chtigen Handeltreiben mit Bet\u00e4ubungsmitteln. Sie wurden am Freitag, den 30.06.2023, dem Haft- und Ermittlungsrichter beim Amtsgericht Mannheim vorgef\u00fchrt. Nach der Er\u00f6ffnung der Haftbefehle wurden alle in verschiedene Justizvollzugsanstalten eingeliefert.<\/p>\n\n\n\n<p>Die Ermittlungen der Staatsanwaltschaft Mannheim und der Kriminalpolizeidirektion Heidelberg, insbesondere zur Beteiligung des 26- und des 36-j\u00e4hrigen Tatverd\u00e4chtigen an den Diebstahlstaten, dauern an.<\/p>\n\n\n\n<h2 class=\"wp-block-heading\">(Mannheim) &#8211; 15-J\u00e4hriger vermisst \/ R\u00fccknahme der \u00d6ffentlichkeitsfahndung<\/h2>\n\n\n\n<h3 class=\"wp-block-heading has-text-align-center\">Pressemeldung Nr. 2<\/h3>\n\n\n\n<p>Der seit 10.06.2023 als vermisst geltende 15-j\u00e4hrige Leon S. wurde inzwischen von einer Streife in Ludwigshafen aufgegriffen und zur\u00fcck nach Mannheim in seine Einrichtung gebracht.<\/p>\n\n\n\n<h2 class=\"wp-block-heading\">(Mannheim-Innenstadt) &#8211; Personensuche am Rheinufer<\/h2>\n\n\n<div class=\"wp-block-image\">\n<figure class=\"aligncenter size-full\"><img decoding=\"async\" loading=\"lazy\" width=\"800\" height=\"600\" src=\"https:\/\/speyer24news.com\/wp-content\/uploads\/2020\/07\/Hubschrauber-bei-Personensuche.jpg\" alt=\"\" class=\"wp-image-29175\" srcset=\"https:\/\/speyer24news.com\/wp-content\/uploads\/2020\/07\/Hubschrauber-bei-Personensuche.jpg 800w, https:\/\/speyer24news.com\/wp-content\/uploads\/2020\/07\/Hubschrauber-bei-Personensuche-300x225.jpg 300w, https:\/\/speyer24news.com\/wp-content\/uploads\/2020\/07\/Hubschrauber-bei-Personensuche-768x576.jpg 768w, https:\/\/speyer24news.com\/wp-content\/uploads\/2020\/07\/Hubschrauber-bei-Personensuche-678x509.jpg 678w, https:\/\/speyer24news.com\/wp-content\/uploads\/2020\/07\/Hubschrauber-bei-Personensuche-326x245.jpg 326w, https:\/\/speyer24news.com\/wp-content\/uploads\/2020\/07\/Hubschrauber-bei-Personensuche-80x60.jpg 80w\" sizes=\"(max-width: 800px) 100vw, 800px\" \/><figcaption class=\"wp-element-caption\">Polizeihubschrauber bei Suchma\u00dfnahme in der Nacht, Bilddient lediglich der Visualisierung<\/figcaption><\/figure><\/div>\n\n\n<p>Nach Zeugenhinweisen auf eine im Rhein schwimmende Person, wurden am fr\u00fchen Donnerstagabend umfangreiche Suchma\u00dfnahmen eingeleitet. Zuvor konnte durch Zeugen um 20.30 Uhr eine Person im Rhein &#8211; auf H\u00f6he der Mannheimer Rheinkaistra\u00dfe &#8211; gesichtet werden, die kurz darauf au\u00dfer Sicht geriet. Trotz der umgehend zu Wasser und Land eingeleiteten Suchma\u00dfnahmen, an denen neben Einsatzkr\u00e4ften der Polizei, Feuerwehr, DLRG, Rettungsdienst auch ein Rettungshubschrauber beteiligt war, konnten keine weiteren Hinweise auf die Person erlangt werden. Die Suchma\u00dfnahmen wurden um 23.00 Uhr erfolglos eingestellt. Die Kriminalpolizei hat die Ermittlungen \u00fcbernommen.<\/p>\n\n\n\n<h2 class=\"wp-block-heading\">(Mannheim-City-Airport) &#8211; Ultraleichtflieger kommt bei Landung von Landebahn ab<\/h2>\n\n\n\n<p>Am sp\u00e4ten Donnerstagnachmittag gegen 18:15 Uhr kam ein Ultraleichtflieger am City-Airport Mannheim bei der Landung von der Rollbahn ab und kam an einer B\u00f6schung zum Stehen. Der Pilot konnte das Flugzeug selbstst\u00e4ndig verlassen. Er wurde lediglich leicht verletzt. Weitere Personen befanden sich nicht in dem Flugger\u00e4t. Der Kriminaldauerdienst hat die Ermittlungen zur Unfallursache aufgenommen. Der Sachschaden ist bislang nicht bekannt.<\/p>\n\n\n\n<h2 class=\"wp-block-heading\">(Mannheim-Schwetzingerstadt) &#8211; Unfall zwischen Stra\u00dfenbahn und PKW<\/h2>\n\n\n\n<h3 class=\"wp-block-heading has-text-align-center\">Pressemeldung Nr. 2<\/h3>\n\n\n\n<p>Wie bereits berichtet, kam es Mittwochabend um 19 Uhr zu einem Verkehrsunfall zwischen einem Pkw und einer Stra\u00dfenbahn. Hierbei wurde niemand verletzt. Der Gesamtschaden bel\u00e4uft sich auf mehrere tausend Euro im f\u00fcnfstelligen Bereich. Der Verkehr war aufgrund der Unfallaufnahme bis 20 Uhr leicht beeintr\u00e4chtigt. Die Ermittlungen zum Unfallhergang wurden durch das Polizeirevier Mannheim-Oststadt aufgenommen. <\/p>\n\n\n\n<ul>\n<li><strong>Zeugen die Angaben zum Unfallhergang machen k\u00f6nnen, werden gebeten, sich bei dem Polizeirevier Mannheim-Oststadt, unter Tel.: 0621\/174-3310 zu melden.<\/strong><\/li>\n<\/ul>\n\n\n\n<h2 class=\"wp-block-heading\">(Mannheim \/ Heidelberg) &#8211; Erkl\u00e4rung des Polizeipr\u00e4sidiums Mannheim zur gemeinsamen Pressemitteilung in Sachen Diebstahl von Pedelec &#8211; neues Konzept des Polizeipr\u00e4sidiums greift!<\/h2>\n\n\n<div class=\"wp-block-image\">\n<figure class=\"aligncenter size-full\"><img decoding=\"async\" loading=\"lazy\" width=\"500\" height=\"667\" src=\"https:\/\/speyer24news.com\/wp-content\/uploads\/2021\/07\/Fahrrad-Schloss-Diebstahlsicherung.jpg\" alt=\"\" class=\"wp-image-39612\" srcset=\"https:\/\/speyer24news.com\/wp-content\/uploads\/2021\/07\/Fahrrad-Schloss-Diebstahlsicherung.jpg 500w, https:\/\/speyer24news.com\/wp-content\/uploads\/2021\/07\/Fahrrad-Schloss-Diebstahlsicherung-225x300.jpg 225w\" sizes=\"(max-width: 500px) 100vw, 500px\" \/><\/figure><\/div>\n\n\n<p>Das Polizeipr\u00e4sidium Mannheim registrierte seit Januar 2023 einen erh\u00f6hten Anstieg von besonders schweren F\u00e4llen des Diebstahls von E-Bikes bzw. Pedelecs und weiteren hochwertigen Fahrr\u00e4dern. Regelm\u00e4\u00dfig lag und liegt hier auch die Schadensh\u00f6he im hohen vierstelligen Bereich. Durch die Kriminalpolizei Heidelberg und die Schutzpolizei des Polizeipr\u00e4sidium Mannheim wurde ein Konzept erarbeitet, welches vor vier Wochen umgesetzt wurde und ma\u00dfgeblich f\u00fcr den Erfolg im vorliegenden Fall ist. Das Konzept beinhaltet eine fortlaufende Lagebildauswertung aktueller Pedelec- und E-Bike-Diebst\u00e4hle. Bei Vorliegen bestimmter Voraussetzungen erfolgt die \u00dcbernahme der Sachbearbeitung durch die Kriminalpolizei mit Unterst\u00fctzung durch die Spezialisten der Kriminaltechnik. Ziel dieses Konzeptes ist es, die beachtlichen Diebstahlsch\u00e4den einzud\u00e4mmen, das Diebesgut sicherzustellen und an die Gesch\u00e4digten zur\u00fcckzuf\u00fchren.<\/p>\n\n\n\n<p>Die Zahlen sprechen f\u00fcr sich, so wurde im 1. Halbjahr 2023 bereits die gleiche Anzahl an Diebst\u00e4hlen von Pedelecs registriert wie im gesamten Jahr 2022. Die Schadensh\u00f6he geht in die Hunderttausende.<\/p>\n\n\n\n<p>Aktuell ermitteln die Spezialisten der Kriminalpolizei Heidelberg in einem besonders schweren Fall des Bandendiebstahls, j\u00fcngst wurden drei Tatverd\u00e4chtige festgenommen und dem Haftrichter vorgef\u00fchrt.<\/p>\n\n\n\n<p>Den Tatver\u00e4chtigen wird vorgeworfen, seit Anfang 2023 in mindestens 19 F\u00e4llen Pedelecs und hochwertige Fahrr\u00e4der im Gesamtwert von 180.000 EUR gestohlen zu haben.<\/p>\n\n\n\n<p>Polizeipr\u00e4sident Siegfried Kollmar: &#8222;Der Fahrraddiebstahl von fr\u00fcher ist regelm\u00e4\u00dfig nicht mehr zu vergleichen mit dem Fahrraddiebstahl von heute. Heutzutage werden E-Bike&#8217;s im Wert von mehreren tausend Euro entwendet und dabei wird nicht davor zur\u00fcckgeschreckt, in H\u00e4user einzubrechen um an das hochwertige Diebesgut zu gelangen. Dabei sind auch Banden am Werk, welche professionell vorgehen, die hochwertigen E-Bike&#8217;s schnell verwerten und u.U. auch ins Ausland verbringen. Die stark steigenden Zahlen haben uns dazu bewegt, bei der Bek\u00e4mpfung derartiger Straftaten einen Schwerpunkt zu setzen und die Kriminalpolizeidirektion mit der Bearbeitung von entsprechenden Diebesserien zu beauftragen. Da wir regelm\u00e4\u00dfig keine Tatzeugen und wenig oder keine Tatortspuren haben, gestaltet sich die Ermittlungsarbeit \u00e4u\u00dferst schwierig. Einen ersten Erfolg konnten wir jetzt mit der Aufkl\u00e4rung einer Serie von 19 F\u00e4llen und der Inhaftierung von drei Tatverd\u00e4chtigen erzielen. Unsere Kriminalpolizei wird an diesem Thema weiter dranbleiben.&#8220;<\/p>\n\n\n\n<p>Das Polizeipr\u00e4sidium Mannheim zeigt durch das Konzept nicht nur neue Ans\u00e4tze f\u00fcr Ermittlungen in diesem Bereich, sondern arbeitet auch pr\u00e4ventiv durch verschiedene Aktionen mit den B\u00fcrgern des Polizeipr\u00e4sidium Mannheim.<\/p>\n\n\n\n<p>Die Pr\u00e4ventionsabteilung bietet regelm\u00e4\u00dfige, verschieden Kurse in der Jugendverkehrsschule an; Zum Beispiel Schulungen zum Thema Diebstahlsicherung von Fahrr\u00e4dern und Pedelecs. Des Weiteren werden durch die Verkehrswacht gemeinsam mit den Pr\u00e4ventionsbeamten des Polizeipr\u00e4sidium Mannheim spezielle Pedelec-Schulungen in der Jugendverkehrsschule Mannheim angeboten. Auch wird es jetzt im Juli spezielle Aktionstage zum Thema rund um die Fahrradsicherheit \/ Vermeidung von Fahrraddiebst\u00e4hlen geben.<\/p>\n\n\n\n<h4 class=\"wp-block-heading\"><em><strong>N\u00e4here Informationen rund um das Thema und Termine finden Sie unter folgendem Link: <a href=\"https:\/\/www.kvw-mhm.de\/\">https:\/\/www.kvw-mhm.de\/<\/a><\/strong><\/em><\/h4>\n\n\n\n<h2 class=\"wp-block-heading\">(Heidelberg) &#8211; 8.000 Euro Sachschaden nach Unfall im Kreisverkehr<\/h2>\n\n\n\n<p>Am Mittwoch fuhr ein 55-j\u00e4hriger Mercedes-Fahrer in einen Kreisverkehr auf der L 637 in Richtung Kurpfalzring ein. Hierbei \u00fcbersah der Mann eine bereits im Kreisverkehr befindliche 28-j\u00e4hrige Frau in ihrem Fiat und stie\u00df mit diesem zusammen. Die H\u00f6he des gesamten Schadens ist derzeit noch nicht bekannt.<\/p>\n\n\n\n<h2 class=\"wp-block-heading\">(Heidelberg) &#8211; 20-j\u00e4hriger Radfahrer bei Unfall schwer verletzt<\/h2>\n\n\n\n<p>Bei einem Unfall im Einm\u00fcndungsbereich der Peterstaler Stra\u00dfe und dem M\u00fchlweg wurde am Mittwochvormittag ein 20-j\u00e4hriger Radfahrer schwer, jedoch nicht lebensgef\u00e4hrlich, verletzt. Nachdem eine 21-j\u00e4hrige Renault-Fahrerin gegen 10:45 Uhr die Peterstaler Stra\u00dfe entlang fuhr, setzte diese auf H\u00f6he des Einm\u00fcndungsbereichs am M\u00fchlweg zum Wenden an und \u00fcbersah hierbei den entgegenkommenden 20-J\u00e4hrigen. In dessen Folge kollidierten der 20-J\u00e4hrige mit dem Renault und st\u00fcrzte zu Boden. Durch den Sturz zog sich der junge Mann schwere Verletzungen zu und musste zur weiteren medizinischen Versorgung in ein nahegelegenes Krankenhaus transportiert werden. Die H\u00f6he des Gesamtschadens wird auf einen hohen vierstelligen Betrag gesch\u00e4tzt.<\/p>\n\n\n\n<h2 class=\"wp-block-heading\">(M\u00fchlhausen \/ Rhein-Neckar-Kreis) &#8211; T\u00e4ter entwendet Schmuck und fl\u00fcchtet mit Fahrrad \/ Zeugen gesucht!<\/h2>\n\n\n<div class=\"wp-block-image\">\n<figure class=\"aligncenter size-full\"><img decoding=\"async\" loading=\"lazy\" width=\"801\" height=\"600\" src=\"https:\/\/speyer24news.com\/wp-content\/uploads\/2020\/05\/Zeugen-gesucht-Neutral.jpg\" alt=\"\" class=\"wp-image-26598\" srcset=\"https:\/\/speyer24news.com\/wp-content\/uploads\/2020\/05\/Zeugen-gesucht-Neutral.jpg 801w, https:\/\/speyer24news.com\/wp-content\/uploads\/2020\/05\/Zeugen-gesucht-Neutral-300x225.jpg 300w, https:\/\/speyer24news.com\/wp-content\/uploads\/2020\/05\/Zeugen-gesucht-Neutral-768x575.jpg 768w, https:\/\/speyer24news.com\/wp-content\/uploads\/2020\/05\/Zeugen-gesucht-Neutral-678x509.jpg 678w, https:\/\/speyer24news.com\/wp-content\/uploads\/2020\/05\/Zeugen-gesucht-Neutral-326x245.jpg 326w, https:\/\/speyer24news.com\/wp-content\/uploads\/2020\/05\/Zeugen-gesucht-Neutral-80x60.jpg 80w\" sizes=\"(max-width: 801px) 100vw, 801px\" \/><\/figure><\/div>\n\n\n<p>Am Mittwochnachmittag gegen 16:30 Uhr betrat ein bislang unbekannter T\u00e4ter einen Schmuckladen in der Dielheimer Stra\u00dfe und entwendete mehrere Ringe. Mit einem Hammer best\u00fcckt schlug der Unbekannte eine Schmuckvitrine ein und entwendete hieraus die Schmuckst\u00fccke. Als der T\u00e4ter durch das Eingreifen einer Mitarbeiterin des Schmuckgesch\u00e4fts bei der weiteren Tatausf\u00fchrung gest\u00f6rt wurde, ergriff dieser die Flucht. Anschlie\u00dfend fuhr der T\u00e4ter mit einem Fahrrad auf dem Almenweg weiter in Richtung Rauenberg. <\/p>\n\n\n\n<h4 class=\"wp-block-heading\">Der bisher unbekannte T\u00e4ter kann wie folgt beschrieben werden:<\/h4>\n\n\n\n<ul>\n<li><strong>m\u00e4nnlich<\/strong><\/li>\n\n\n\n<li><strong>circa 190 cm gro\u00df<\/strong><\/li>\n\n\n\n<li><strong>15-25 Jahre alt<\/strong><\/li>\n\n\n\n<li><strong>sehr schlaksig<\/strong><\/li>\n\n\n\n<li><strong>leichte Hakennase<\/strong><\/li>\n\n\n\n<li><strong>er trug wei\u00dfe Sneaker, einen blauen Jogginganzug mit wei\u00dfen Streifen auf den Schultern (Aufschrift: TEXX), eine wei\u00df-schwarze Cappy, eine schwarze FFP2-Maske, eine Sonnenbrille (gelb-lila reflektierend) und f\u00fchrte einen grauen Turnbeutel mit sich.<\/strong><\/li>\n<\/ul>\n\n\n\n<ul>\n<li><strong>Bei dem Fahrrad handelte es sich um ein neon-orangenes und neuwertiges E-Bike.<\/strong><\/li>\n<\/ul>\n\n\n\n<ul>\n<li><strong>Zeugen, die sachdienliche Hinweise geben k\u00f6nnen, werden gebeten, sich mit dem Polizeirevier Wiesloch, Tel.: 06222\/5709-0, in Verbindung zu setzen.<\/strong><\/li>\n<\/ul>\n\n\n\n<h2 class=\"wp-block-heading\">(Neidenstein \/ Rhein-Neckar-Kreis) &#8211; Pkw st\u00f6\u00dft mit Ampel zusammen<\/h2>\n\n\n\n<p>Am Donnerstag, 00.20 Uhr, befuhr eine 43-J\u00e4hrige mit ihrem Pkw die L 549 von Meckesheim kommend in Richtung Waibstadt. Im Bereich Neidenstein kam sie vor der Einm\u00fcndung Daisbacher Stra\u00dfe nach links von der Fahrspur ab, \u00fcberfuhr eine Verkehrsinsel und stie\u00df hierbei mit der Ampel, die sich auf der Verkehrsinsel befand, zusammen. Die Ampel knickte dadurch ab und Teile der Ampel verstreuten sich auf eine L\u00e4nge von 25 m. Das Auto kam entgegen der Fahrtrichtung zum Stehen. Verletzt wurde die Autofahrerin bei dem Unfall nicht. Das Auto der 43-J\u00e4hrigen musste abgeschleppt werden. Die Schadensh\u00f6he bel\u00e4uft sich auf mehrere tausend Euro im f\u00fcnfstelligen Bereich.<\/p>\n\n\n\n<p>Die Ursache des Unfalls ist Gegenstand der Ermittlungen, die durch das Polizeirevier Sinsheim aufgenommen wurden.<\/p>\n\n\n\n<h2 class=\"wp-block-heading\">(Helmstadt-Bargen \/ Rhein-Neckar-Kreis) &#8211; Angeblicher Spendensammler durch Anwohnerin wiedererkannt und abgewiesen<\/h2>\n\n\n\n<p>Mittwochvormittag gegen 10:40 Uhr versuchte ein polizeibekannter 46-j\u00e4hriger Mann im Sommerhausweg angebliche Spenden f\u00fcr einen Zirkus zu sammeln. Eine Anwohnerin erkannte den Mann wieder, da er im Laufe des Jahres mehrfach bei ihr Spenden sammeln wollte. Zudem wusste die Anwohnerin, dass kein Zirkus in der N\u00e4he logierte. Nachdem sie den 46-J\u00e4hrigen ohne Spende abgewiesen hat, alarmierte sie umgehend die Polizei. Als die Polizeibeamtinnen und Polizeibeamten des Polizeiposten Waibstadt kurze Zeit sp\u00e4ter eintrafen, konnten sie den Mann feststellen, kontrollieren und verwiesen ihn anschlie\u00dfend der \u00d6rtlichkeit. Der Polizeiposten Waibstadt hat nun die Ermittlungen wegen des Versuchs des Betrugs eingeleitet.<\/p>\n\n\n\n<h2 class=\"wp-block-heading\">(Bammental \/ Rhein-Neckar-Kreis) &#8211; 29-J\u00e4hriger ohne F\u00fchrerschein unterwegs<\/h2>\n\n\n\n<p>Bei einer Verkehrskontrolle in der Bahnhofstra\u00dfe gelangte am Mittwochabend ein 29-J\u00e4hriger wegen Fahren ohne F\u00fchrerschein zur Anzeige. Nachdem Polizeibeamtinnen und Polizeibeamte des Polizeirevier Neckargem\u00fcnd den 29-J\u00e4hrigen um kurz vor 20 Uhr einer Verkehrskontrolle unterzogen, beichtete er den Beamten bereits zu Beginn des Gespr\u00e4chs, dass er keinen F\u00fchrerschein besitzen w\u00fcrde. Da dem 29-J\u00e4hrigen daraufhin die Weiterfahrt untersagt wurde, kontaktierte der Mann eine Angeh\u00f6rige, welche mit dem Taxi die \u00d6rtlichkeit aufsuchte und diesen nach Hause fuhr.<\/p>\n\n\n\n<h2 class=\"wp-block-heading\">(Eberbach \/ Rhein-Neckar-Kreis) &#8211; Autokorso und feiernde Sch\u00fcler nach bestandenem Abitur<\/h2>\n\n\n\n<p>Am Mittwoch, in der Zeit zwischen 11:15 Uhr und 12 Uhr, feierten Sch\u00fcler des diesj\u00e4hrigen Abiturjahrgangs ihr bestandenes Abitur mit einem Autokorso durch das Stadtgebiet von Eberbach. An dem Autokorso nahmen 10 Fahrzeuge, besetzt mit den diesj\u00e4hrigen Abiturienten, teil. Im gesamten Verlauf verhielten sich die Sch\u00fcler vorbildlich und friedlich. Es herrschte eine ausgelassene Stimmung.<\/p>\n\n\n\n<h2 class=\"wp-block-heading\">(Laudenbach \/ Rhein-Neckar-Kreis) &#8211; Pedelec-Fahrer begeht Unfallflucht<\/h2>\n\n\n\n<p>Am Mittwoch, um 18.10 Uhr, befuhr ein 22-J\u00e4hriger die Stra\u00dfe Im Kisselflie\u00df in Richtung S\u00fcdspange. An der dortigen Einm\u00fcndung musste er verkehrsbedingt halten. Als er am Anfahren war, kam ein bislang unbekannter Pedelec-Fahrer und \u00fcberholte den Autofahrer. Zudem schnitt er dessen Fahrlinie, weshalb der 22-J\u00e4hrige nach links ausweichen musste, um einen Unfall zu verhindern. Dies hatte zur Folge, dass er gegen ein Verkehrsschild prallte und die linke Fahrzeugseite seines BMWs besch\u00e4digte. Der Pedelec-Fahrer setzte seinen Weg in Richtung der Br\u00fccke fort und entzog sich der Unfallaufnahme. <\/p>\n\n\n\n<ul>\n<li><strong>Das Polizeirevier Weinheim hat die Ermittlungen aufgenommen und ist nun auf der Suche nach Zeugen die Angaben zu dem Pedelec-Fahrer oder dem Unfall machen k\u00f6nnen. Diese werden gebeten, sich unter Tel.: 06201\/10030 zu melden.<\/strong><\/li>\n<\/ul>\n","protected":false},"excerpt":{"rendered":"<div class=\"mh-excerpt\"><p>Polizeimeldungen vom Donnerstag (06.07.2023) (Speyer) &#8211; Unfall zwischen Radfahrer und PKW Am 05.07.2023 gegen 15:03 Uhr befuhr ein 44-j\u00e4hriger Mann mit seinem Fahrrad den Radweg der Industriestra\u00dfe in Richtung Innenstadt. Zeitgleich befuhr ein 52-J\u00e4hriger mit <a class=\"mh-excerpt-more\" href=\"https:\/\/speyer24news.com\/?p=53254\" title=\"Polizeimeldungen Donnerstag (06.07.2023)\">[&#8230;]<\/a><\/p>\n<\/div>","protected":false},"author":3,"featured_media":26162,"comment_status":"open","ping_status":"open","sticky":false,"template":"","format":"standard","meta":{"_monsterinsights_skip_tracking":false,"_monsterinsights_sitenote_active":false,"_monsterinsights_sitenote_note":"","_monsterinsights_sitenote_category":0,"footnotes":""},"categories":[15659],"tags":[7243,7244,3614,350,14537,15084,15267,14538,15361,15845,702,61,2555,6955,6986,6263,63,105,11150,6987,53,4854,13534,4683,1548,4905,11592,102,13626,213,14325,14324,13553,13541,55,8277,6368,5261,103,106,2803,2423,427,2625,380,62,104,979,1565],"aioseo_notices":[],"amp_enabled":true,"_links":{"self":[{"href":"https:\/\/speyer24news.com\/index.php?rest_route=\/wp\/v2\/posts\/53254"}],"collection":[{"href":"https:\/\/speyer24news.com\/index.php?rest_route=\/wp\/v2\/posts"}],"about":[{"href":"https:\/\/speyer24news.com\/index.php?rest_route=\/wp\/v2\/types\/post"}],"author":[{"embeddable":true,"href":"https:\/\/speyer24news.com\/index.php?rest_route=\/wp\/v2\/users\/3"}],"replies":[{"embeddable":true,"href":"https:\/\/speyer24news.com\/index.php?rest_route=%2Fwp%2Fv2%2Fcomments&post=53254"}],"version-history":[{"count":1,"href":"https:\/\/speyer24news.com\/index.php?rest_route=\/wp\/v2\/posts\/53254\/revisions"}],"predecessor-version":[{"id":53258,"href":"https:\/\/speyer24news.com\/index.php?rest_route=\/wp\/v2\/posts\/53254\/revisions\/53258"}],"wp:featuredmedia":[{"embeddable":true,"href":"https:\/\/speyer24news.com\/index.php?rest_route=\/wp\/v2\/media\/26162"}],"wp:attachment":[{"href":"https:\/\/speyer24news.com\/index.php?rest_route=%2Fwp%2Fv2%2Fmedia&parent=53254"}],"wp:term":[{"taxonomy":"category","embeddable":true,"href":"https:\/\/speyer24news.com\/index.php?rest_route=%2Fwp%2Fv2%2Fcategories&post=53254"},{"taxonomy":"post_tag","embeddable":true,"href":"https:\/\/speyer24news.com\/index.php?rest_route=%2Fwp%2Fv2%2Ftags&post=53254"}],"curies":[{"name":"wp","href":"https:\/\/api.w.org\/{rel}","templated":true}]}}