{"id":53269,"date":"2023-07-10T15:30:58","date_gmt":"2023-07-10T14:30:58","guid":{"rendered":"https:\/\/speyer24news.com\/?p=53269"},"modified":"2023-07-10T15:32:14","modified_gmt":"2023-07-10T14:32:14","slug":"polizeimeldungen-freitag-samstag-07-07-08-07-2023","status":"publish","type":"post","link":"https:\/\/speyer24news.com\/?p=53269","title":{"rendered":"Polizeimeldungen Wochenende (07.07. &#038; 09.07.2023)"},"content":{"rendered":"<style type=\"text\/css\">\r\n\t.ads_top_disp{}\r\n\t.ads_top_corner_disp{ float:left; margin:0px 10px 10px 0px; }\r\n\t.ads_first_p_disp{}\r\n\t.ads_bottom_disp{}\r\n\t<\/style>\n<h2 class=\"wp-block-heading\">Polizeimeldungen vom Wochenende (07.07. &#8211; 09.07.2023)<\/h2>\n\n\n<div class=\"wp-block-image\">\n<figure class=\"aligncenter size-full\"><img decoding=\"async\" loading=\"lazy\" width=\"375\" height=\"500\" src=\"https:\/\/speyer24news.com\/wp-content\/uploads\/2022\/03\/Aktuelles-Polizeilogo.jpg\" alt=\"\" class=\"wp-image-43591\" srcset=\"https:\/\/speyer24news.com\/wp-content\/uploads\/2022\/03\/Aktuelles-Polizeilogo.jpg 375w, https:\/\/speyer24news.com\/wp-content\/uploads\/2022\/03\/Aktuelles-Polizeilogo-225x300.jpg 225w\" sizes=\"(max-width: 375px) 100vw, 375px\" \/><\/figure><\/div>\n\n\n<h2 class=\"wp-block-heading\">(Speyer) &#8211; Versuchter Betrug durch Manipulationen an Kleidungsst\u00fccken<\/h2>\n\n\n\n<p>Am Samstagnachmittag versuchte eine 47-j\u00e4hrige Frau aus Speyer bei einem Einkauf in der Innenstadt zu betr\u00fcgen. Nach der Auswahl von mehreren Bekleidungsgegenst\u00e4nden in einem Gesch\u00e4ft in der Fu\u00dfg\u00e4ngerzone n\u00e4hte sie in der dortigen Umkleidekabine kurzerhand andere Etiketten in die Kleider und tauschte die angebrachten Preisschilder aus. Die hinzugerufenen Polizeibeamten konnten bei der Frau noch weitere Kleider mit ver\u00e4nderten Etiketten finden, welche einem anderen Gesch\u00e4ft in Speyer zugeordnet werden konnten. Gegen die T\u00e4terin wurden Strafverfahren eingeleitet.<\/p>\n\n\n\n<h2 class=\"wp-block-heading\">(Speyer) &#8211; Erfolgreiche Notlandung eines Leichtflugzeuges auf der Kollerinsel<\/h2>\n\n\n\n<p>Am Samstagmittag musste ein einmotoriges Leichtflugzeug der Marke Cessna aufgrund eines technischen Defektes auf der Kollerinsel bei Speyer notlanden. Der 63-j\u00e4hrige Pilot schaffte die erfolgreiche Landung auf einer Wiese, ohne Sch\u00e4den zu verursachen. Er und ein weiterer Insasse blieben gl\u00fccklicherweise unverletzt.<\/p>\n\n\n\n<h2 class=\"wp-block-heading\">(Speyer) &#8211; Einbruchsdiebstahl in ein Lebensmittelgesch\u00e4ft<\/h2>\n\n\n\n<p>In der Nacht von Freitag auf Samstag drangen noch unbekannte T\u00e4ter in ein Lebensmittelgesch\u00e4ft in Speyer ein. Die T\u00e4ter stiegen \u00fcber eine von ihnen eingeschlagene Fensterscheibe ein und durchw\u00fchlten im Innern die R\u00e4umlichkeiten. Angaben zur Schadensh\u00f6he und dem Diebesgut k\u00f6nnen noch nicht gemacht werden.<\/p>\n\n\n\n<ul>\n<li><strong>Wer hat zu dem besagten Zeitraum im Bereich der Auestra\u00dfe etwas Verd\u00e4chtiges beobachtet? Zeugen werden gebeten, ihre Wahrnehmungen der Polizei Speyer telefonisch oder per E-Mail mitzuteilen (Tel. 06232 \/ 137-0, E-Mail an&nbsp;<a href=\"mailto:%20pispeyer@polizei.rlp.de\">pispeyer@polizei.rlp.de<\/a>.)<\/strong><\/li>\n<\/ul>\n\n\n\n<h2 class=\"wp-block-heading\">(Speyer) &#8211; Einbruch in ein Wohnhaus<\/h2>\n\n\n<div class=\"wp-block-image\">\n<figure class=\"aligncenter size-full\"><img decoding=\"async\" loading=\"lazy\" width=\"640\" height=\"476\" src=\"https:\/\/speyer24news.com\/wp-content\/uploads\/2020\/12\/Einbruch.jpg\" alt=\"\" class=\"wp-image-31438\" srcset=\"https:\/\/speyer24news.com\/wp-content\/uploads\/2020\/12\/Einbruch.jpg 640w, https:\/\/speyer24news.com\/wp-content\/uploads\/2020\/12\/Einbruch-300x223.jpg 300w, https:\/\/speyer24news.com\/wp-content\/uploads\/2020\/12\/Einbruch-80x60.jpg 80w\" sizes=\"(max-width: 640px) 100vw, 640px\" \/><figcaption class=\"wp-element-caption\">Symbolbild Einbruch, dient lediglich der Visualisierung<\/figcaption><\/figure><\/div>\n\n\n<p>In der Nacht von Freitag auf Samstag, zwischen 00:00 Uhr und 01:40 Uhr kam es in einem Wohnhaus auf einem Firmengel\u00e4nde in der L\u00f6nneberga-Stra\u00dfe zu einem Einbruch. Ersten Erkenntnissen zufolge verschafften sich die bisher unbekannten T\u00e4ter \u00fcber den r\u00fcckw\u00e4rtigen Bereich Zugang zum Gel\u00e4nde und letztlich durch Aufhebeln der Terrassent\u00fcr Zugang zum Haus. Im Haus entwendeten die T\u00e4ter ein Wandtresor. Der Gesamtschaden d\u00fcrfte im f\u00fcnfstelligen Bereich liegen.<\/p>\n\n\n\n<ul>\n<li><strong>Auff\u00e4llig hierbei waren zwei wei\u00dfe Lieferwagen, die w\u00e4hrend der Tatzeit vor dem Gel\u00e4nde abgestellt waren. Die beiden Lieferwagen konnten jedoch nach der Tat nicht mehr festgestellt werden.<\/strong><\/li>\n<\/ul>\n\n\n\n<ul>\n<li><strong>Wer hat zu dem besagten Zeitraum im Bereich der L\u00f6nneberga-Stra\u00dfe etwas beobachtet oder kann Angaben zur Personen oder den Lieferwagen machen? Jede noch so unbedeutende Wahrnehmung w\u00e4hrend des Tatzeitraums k\u00f6nnte der Polizei den entscheidenden Hinweis liefern. Zeugen werden gebeten, ihre Wahrnehmungen der Polizei Speyer telefonisch oder per E-Mail mitzuteilen (Tel. 06232 \/ 137-0, E-Mail an&nbsp;<a href=\"mailto:%20pispeyer@polizei.rlp.de\">pispeyer@polizei.rlp.de<\/a>. )<\/strong><\/li>\n<\/ul>\n\n\n\n<h2 class=\"wp-block-heading\">(Speyer) &#8211; Trunkenheit im Verkehr<\/h2>\n\n\n\n<p>W\u00e4hrend der Streifent\u00e4tigkeit konnte am Freitagabend ein Kleinkraftrad in der Franz-Kirrmeier-Stra\u00dfe festgestellt werden. Der Fahrer trug keinen Helm, weshalb er einer Verkehrskontrolle unterzogen wurde. Hierbei konnte deutlicher Alkoholgeruch beim Fahrzeugf\u00fchrer festgestellt werden. Ein Atemalkoholtest ergab 1,2 Promille. Den Fahrer erwartet nun ein Strafverfahren wegen Trunkenheit im Verkehr. Zudem wurde sein F\u00fchrerschein in amtliche Verwahrung genommen.<\/p>\n\n\n\n<h2 class=\"wp-block-heading\">(Speyer) &#8211; Verkehrsunfallflucht \/ Zeugen gesucht<\/h2>\n\n\n\n<p>Am 07.07.2023 gegen 18:13 Uhr befuhr ein 27-j\u00e4hriger Mann mit seinem PKW die Bahnhofstra\u00dfe in Richtung Gilgenstra\u00dfe. Auf H\u00f6he des Postplatzes wollte er links auf diesen abbiegen. Hinter ihm fuhr ein Mann mit einem Lastenfahrrad, der versucht habe, am PKW w\u00e4hrend dessen Abbiegevorgangs rechts vorbei zu fahren. Dabei stie\u00df der Fahrer des Lastenfahrrads mit dem hinteren Radkasten des PKW&#8217;s zusammen. Anschlie\u00dfend fl\u00fcchtete der Mann mit seinem Fahrrad. <\/p>\n\n\n\n<h4 class=\"wp-block-heading\">Der Fahrradfahrer kann wie folgt beschrieben werden:<\/h4>\n\n\n\n<ul>\n<li><strong>ca. 50-60 Jahre alt<\/strong><\/li>\n\n\n\n<li><strong>trug eine graue lange Arbeitshose mit einem grauen T-Shirt<\/strong><\/li>\n\n\n\n<li><strong>kurze braune Haare<\/strong><\/li>\n<\/ul>\n\n\n\n<ul>\n<li><strong>Wer hat zu dem besagten Zeitraum im Bereich des Postplatzes etwas beobachtet? Zeugen werden gebeten, ihre Wahrnehmungen der Polizei Speyer telefonisch oder per E-Mail mitzuteilen (Tel. 06232 \/ 137-0, E-Mail an&nbsp;<a href=\"mailto:%20pispeyer@polizei.rlp.de\">pispeyer@polizei.rlp.de<\/a>. )<\/strong><\/li>\n<\/ul>\n\n\n\n<h2 class=\"wp-block-heading\">(Speyer) &#8211; Diebstahl von Verkehrsschild und Nissenleuchte<\/h2>\n\n\n\n<p>Am 07.07.2023 gegen 03:55 Uhr stellten Beamte der Polizei Speyer im Schillerweg unter der Br\u00fccke vier Jugendliche \/ junge Erwachsene fest. Ein 18-J\u00e4hriger trug ein Verkehrsschild (Durchfahrt verboten) in beiden H\u00e4nden. Noch vor der Kontrolle rannten 3 Jugendliche davon. Der 18-J\u00e4hrige Schildtr\u00e4ger wurde von den Beamten kontrolliert und durchsucht. In seinem Rucksack fanden die Polizisten eine noch im Betrieb befindliche Nissenleuchte und in der rechten Hosentasche f\u00fchrte er zugriffsbereit ein Messer mit sich. Im Rahmen der Fahndung wurde noch ein 16-J\u00e4hriger aufgegriffen, der zuvor aus der Gruppe gefl\u00fcchtet war. Bei ihm fanden die Beamten Einweg-E-Zigaretten und verbotene Feuerwerksk\u00f6rper.<\/p>\n\n\n\n<h2 class=\"wp-block-heading\">(Speyer) &#8211; Motorradfahrer verletzt<\/h2>\n\n\n\n<p>Am 06.07.2023 gegen 20:58 Uhr befuhr ein 22-j\u00e4hriger Mann mit seinem Motorrad die Landauer Stra\u00dfe in Richtung Innenstadt. In einer langegezogenen Kurve kam der Fahrer aufgrund unangepasster Geschwindigkeit und dem bet\u00e4tigen der Vorderradbremse von der Stra\u00dfe ab. Der Fahrer erlitt leichte Verletzungen und wurde vorsorglich durch den Rettungsdienst in ein nahegelegenes Krankenhaus gebracht. Das Motorrad war nicht mehr fahrbereit und es entstand ein Sachschaden von ca. 3000 Euro. Die Stra\u00dfe musste f\u00fcr die Dauer der Unfallaufnahme kurzzeitig gesperrt werden. Am Gr\u00fcnstreifen entstand kein Schaden.<\/p>\n\n\n\n<h2 class=\"wp-block-heading\">(Speyer) &#8211; Sachbesch\u00e4digung an mehreren Fahrzeugen \/ Zeugen gesucht<\/h2>\n\n\n<div class=\"wp-block-image\">\n<figure class=\"aligncenter size-full\"><img decoding=\"async\" loading=\"lazy\" width=\"801\" height=\"600\" src=\"https:\/\/speyer24news.com\/wp-content\/uploads\/2020\/05\/Zeugen-gesucht-Neutral.jpg\" alt=\"\" class=\"wp-image-26598\" srcset=\"https:\/\/speyer24news.com\/wp-content\/uploads\/2020\/05\/Zeugen-gesucht-Neutral.jpg 801w, https:\/\/speyer24news.com\/wp-content\/uploads\/2020\/05\/Zeugen-gesucht-Neutral-300x225.jpg 300w, https:\/\/speyer24news.com\/wp-content\/uploads\/2020\/05\/Zeugen-gesucht-Neutral-768x575.jpg 768w, https:\/\/speyer24news.com\/wp-content\/uploads\/2020\/05\/Zeugen-gesucht-Neutral-678x509.jpg 678w, https:\/\/speyer24news.com\/wp-content\/uploads\/2020\/05\/Zeugen-gesucht-Neutral-326x245.jpg 326w, https:\/\/speyer24news.com\/wp-content\/uploads\/2020\/05\/Zeugen-gesucht-Neutral-80x60.jpg 80w\" sizes=\"(max-width: 801px) 100vw, 801px\" \/><\/figure><\/div>\n\n\n<p>Im Zeitraum vom 04.07.2023, 12:00 Uhr bis 06.07.2023, 18:30 Uhr besch\u00e4digten bislang unbekannte T\u00e4ter mittels spitzem Gegenstand die Beifahrerseite von f\u00fcnf geparkten Fahrzeugen in der Zeppelinstra\u00dfe. Die Fahrzeuge standen alle in einer Reihe, in L\u00e4ngsaufstellung zur Fahrbahn, mit der Beifahrerseite zum Gehweg. Der bisher bekannte Gesamtschaden bel\u00e4uft sich auf ca. 10 000 EUR.<\/p>\n\n\n\n<ul>\n<li><strong>Wer hat zu dem besagten Zeitraum in der Zeppelinstra\u00dfe etwas beobachtet? Zeugen oder weitere Gesch\u00e4digte werden gebeten, ihre Wahrnehmungen der Polizei Speyer telefonisch oder per E-Mail mitzuteilen (Tel. 06232 \/ 137-0, E-Mail an&nbsp;<a href=\"mailto:%20pispeyer@polizei.rlp.de\">pispeyer@polizei.rlp.de<\/a>. )<\/strong><\/li>\n<\/ul>\n\n\n\n<h2 class=\"wp-block-heading\">(K 13 \/ Waldsee) &#8211; Verkehrs\u00fcberwachung<\/h2>\n\n\n\n<p>Am Freitag, den 07.07.2023, wurden, im Zeitraum von 11:30 -13:30 Uhr, Geschwindigkeitskontrollen auf der K13 in Waldsee durchgef\u00fchrt. Es wurden 6 Geschwindigkeitsverst\u00f6\u00dfe geahndet, wovon einer der Betroffenen die vorgeschriebene Geschwindigkeitsbegrenzung von 50 km\/h um 25 km\/h \u00fcberschritt. Dieses Verhalten hat f\u00fcr den Fahrer ein Bu\u00dfgeld, sowie einen Eintrag mit einem Punkt im Fahreignungsregister in Flensburg zur Folge. Des Weiteren wurde ein Verkehrsteilnehmer kontrolliert, welcher den vorgeschriebenen Sicherheitsgurt nicht angelegt hatte, was mit einem Verwarnungsgeld sanktioniert wurde.<\/p>\n\n\n\n<h2 class=\"wp-block-heading\">(Schifferstadt) &#8211; Unfallflucht<\/h2>\n\n\n\n<p>Am Donnerstagmittag, gegen 12:25 Uhr, befuhr eine 17-J\u00e4hrige Kleinkraftradfahrerin den Neust\u00fcckweg. Im Einm\u00fcndungsbereich zur Stra\u00dfe &#8222;Am Schulzentrum&#8220; fuhr ein unbekannter Radfahrer auf die Fahrbahn und stie\u00df hierbei mit der 17-J\u00e4hrigen zusammen. Die 17-J\u00e4hrige wurde leicht verletzt. Der unbekannte Radfahrer erkundigte sich kurz nach dem Wohlbefinden der jungen Frau und verlie\u00df die \u00d6rtlichkeit. <\/p>\n\n\n\n<ul>\n<li><strong>Zeugen, die Hinweise zum dem Radfahrer machen k\u00f6nnen, werden gebeten, sich mit der Polizeiinspektion Schifferstadt telefonisch unter der 06235 495-0 oder per E-Mail (<a href=\"mailto:pischifferstadt@polizei.rlp.de\">pischifferstadt@polizei.rlp.de<\/a>) in Verbindung zu setzen.<\/strong><\/li>\n<\/ul>\n\n\n\n<h2 class=\"wp-block-heading\">(Schifferstadt) &#8211; Unfall mit Personenschaden<\/h2>\n\n\n\n<p>Am Donnerstagmorgen, gegen 08:40 Uhr, fuhr ein 20-j\u00e4hriger PKW-Fahrer die Mannheimer Stra\u00dfe in Richtung L532. An der Einm\u00fcndung missachtete der 20-J\u00e4hrige beim Abbiegen die Vorfahrt einer 75-j\u00e4hrigen PKW-Fahrerin, sodass es zum Zusammensto\u00df kam. Beide Beteiligte wurden leicht verletzt in Krankenh\u00e4user gebracht. Aufgrund auslaufender Betriebsstoffe musste der Einm\u00fcndungsbereich bis 10:20 Uhr gesperrt werden. Die Fahrzeuge wurden abgeschleppt, es entstand Sachschaden von etwa 5.000 Euro.<\/p>\n\n\n\n<h2 class=\"wp-block-heading\">(B 9 \/ Neuhofen) &#8211; Brand an der Ausfahrt Neuhofen<\/h2>\n\n\n<div class=\"wp-block-image\">\n<figure class=\"aligncenter size-full\"><img decoding=\"async\" loading=\"lazy\" width=\"800\" height=\"599\" src=\"https:\/\/speyer24news.com\/wp-content\/uploads\/2023\/07\/BildBrand.jpg\" alt=\"\" class=\"wp-image-53280\" srcset=\"https:\/\/speyer24news.com\/wp-content\/uploads\/2023\/07\/BildBrand.jpg 800w, https:\/\/speyer24news.com\/wp-content\/uploads\/2023\/07\/BildBrand-300x225.jpg 300w, https:\/\/speyer24news.com\/wp-content\/uploads\/2023\/07\/BildBrand-768x575.jpg 768w, https:\/\/speyer24news.com\/wp-content\/uploads\/2023\/07\/BildBrand-678x509.jpg 678w, https:\/\/speyer24news.com\/wp-content\/uploads\/2023\/07\/BildBrand-326x245.jpg 326w, https:\/\/speyer24news.com\/wp-content\/uploads\/2023\/07\/BildBrand-80x60.jpg 80w\" sizes=\"(max-width: 800px) 100vw, 800px\" \/><\/figure><\/div>\n\n\n<p>Am 09.07.2023 um 14:15 Uhr geriet aus unbekannten Gr\u00fcnden an der B9 der Gr\u00fcnstreifen zwischen der Aus- sowie Auffahrt Neuhofen\/Limburgerhof in Brand. Durch die Feuerwehr Neuhofen und Limburgerhof wurde das brennende Gras von mehreren Seiten bek\u00e4mpft. F\u00fcr die Dauer der L\u00f6schma\u00dfnahmen musste die Aus- sowie Auffahrt zur B9 von 14:25 Uhr &#8211; 16:00 Uhr voll gesperrt werden.<\/p>\n\n\n\n<h2 class=\"wp-block-heading\">(Neuhofen) &#8211; Verkehrskontrolle f\u00fchrt zum Auffinden von Bet\u00e4ubungsmitteln<\/h2>\n\n\n\n<p>Im Rahmen einer allgemeinen Verkehrskontrolle konnte bei einer Fahrzeugf\u00fchrerin eine Verpackung mit &#8222;Pep\/Speed&#8220; aufgefunden werden. Hierbei handelt es sich um illegale Bet\u00e4ubungsmittel aus der Gruppe der Amphetamine. Diese haben meist eine stark stimulierende und aufputschende Wirkung. Eine aktuelle Beeinflussung der Fahrerin, zum Zeitpunkt der Fahrt, war nicht gegeben, dennoch erwartet die Beschuldigte nun ein Strafverfahren wegen Versto\u00dfes gegen das Bet\u00e4ubungsmittelgesetz. In diesem Zusammenhang weist die Polizei darauf hin, dass die Einnahme von Bet\u00e4ubungsmitteln dieser Art immer Risiken mit sich bringt, die Wirkung h\u00e4ufig sehr unberechenbar ist, und sich eine schnelle psychische Abh\u00e4ngigkeit entwickeln kann. Zudem riskiert man auch vielseitige psychische und k\u00f6rperliche Folgesch\u00e4den wie Krampfanf\u00e4lle, Halluzinationen, komat\u00f6se Zust\u00e4nde bis hin zum Atemstillstand.<\/p>\n\n\n\n<h2 class=\"wp-block-heading\">(Neuhofen) &#8211; Betrunken Unfall verursacht<\/h2>\n\n\n\n<p>Am Donnerstagnachmittag, gegen 16:40 Uhr, stie\u00df ein 78-j\u00e4hriger PKW-Fahrer beim Ausparken auf dem Parkplatz des Wildparks gegen ein geparktes Fahrzeug und fl\u00fcchtete. Durch Zeugen wurde das Kennzeichen notiert, sodass der Mann kurze Zeit sp\u00e4ter daheim angetroffen wurde. Ein Atemalkoholtest ergab einen Wert von 2 Promille. Nach den Angaben des Mannes habe er nach der Fahrt daheim etwas getrunken. Es folgte eine Blutentnahme und der F\u00fchrerschein wurde sichergestellt. An dem geparkten PKW entstand Sachschaden von etwa 3.500 Euro.<\/p>\n\n\n\n<h2 class=\"wp-block-heading\">(Dannstadt-Schauernheim) &#8211; Fahrzeugf\u00fchrer unter dem Einfluss von THC<\/h2>\n\n\n\n<p>Unter dem Einfluss von Drogen war am 07.07.2023, um 15:45 Uhr, ein 30-J\u00e4hriger mit seinem Renault unterwegs. Das Fahrzeug wurde von Beamten der Polizeiautobahnstation Ruchheim auf der A61, auf dem Rasthof Dannstadt-Ost, einer Verkehrskontrolle unterzogen. Hierbei zeigte der Fahrer deutliche Auffallerscheinungen auf eine m\u00f6gliche Drogenbeeinflussung. Ein Drogenschnelltest best\u00e4tigte den Verdacht, der Mann stand unter dem Einfluss von THC.<\/p>\n\n\n\n<p>Dem 30-J\u00e4hrigen wurde im Anschluss auf der Dienststelle eine Blutprobe entnommen. Gegen ihn wurde ein Ermittlungsverfahren wegen Trunkenheit im Stra\u00dfenverkehr sowie dem Versto\u00df gegen das Bet\u00e4ubungsmittelgesetz eingeleitet.<\/p>\n\n\n\n<h2 class=\"wp-block-heading\">(A 65 \/ Mutterstadt) &#8211; Mercedes-Fahrerin unter Drogeneinfluss<\/h2>\n\n\n\n<p>Am Freitag, den 08.07.2023, um 19 Uhr stellten Polizeibeamte der Polizeiautobahnstation Ruchheim einen Mercedes-Benz auf der A65 fest, dessen Fahrerin unter dem Einfluss von Drogen unterwegs war.<\/p>\n\n\n\n<p>Bei der Kontrolle der 37-j\u00e4hrigen Fahrerin erkannten die Beamten deutliche drogenbedingte Auffallerscheinungen. Ein Drogenschnelltest best\u00e4tigte, dass die Frau unter dem Einfluss von Kokain und Amphetamin stand.<\/p>\n\n\n\n<p>Der 37-J\u00e4hrigen wurde eine Blutprobe entnommen und ein Ermittlungsverfahren wegen Trunkenheit im Stra\u00dfenverkehr und Versto\u00df gegen das Bet\u00e4ubungsmittelgesetz eingeleitet.<\/p>\n\n\n\n<h2 class=\"wp-block-heading\">(Mutterstadt) &#8211; Betrunken am Steuer erwischt<\/h2>\n\n\n\n<p>Am Donnerstagabend, gegen 23:15 Uhr, wurde ein 50-j\u00e4hriger PKW-Fahrer im Pfalzring einer Kontrolle unterzogen. Ein durchgef\u00fchrter Atemalkoholtest ergab einen Wert von 1,1 Promille. Dem Mann wurde durch einen Arzt eine Blutprobe entnommen und der F\u00fchrerschein sichergestellt. Ein Ermittlungsverfahren wegen Trunkenheit im Verkehr wurde eingeleitet.<\/p>\n\n\n\n<h2 class=\"wp-block-heading\">(Bellheim) &#8211; Geschwindigkeitsmessung<\/h2>\n\n\n\n<p>Durch Beamte der Polizeiinspektion Germersheim wurde am Donnerstagmorgen in der Zeit zwischen 09:30 Uhr und 11:00 Uhr im Bereich der Postgrabenstra\u00dfe Verkehrssicherheitsarbeit geleistet und Geschwindigkeitsmessungen durchgef\u00fchrt. Hierbei wurden vier Fahrzeugf\u00fchrer in der 30er-Zone mit \u00fcberh\u00f6hter Geschwindigkeit gemessen. Zudem wurden an zwei Fahrzeugen technische M\u00e4ngel festgestellt.<\/p>\n\n\n\n<h2 class=\"wp-block-heading\">(Germersheim) &#8211; Mit Trike \u00fcberschlagen<\/h2>\n\n\n\n<p>Eine an diesem Fahrzeug unge\u00fcbte 34-j\u00e4hrige Frau zog am Samstag, gegen 17 Uhr beim Anfahren in der Kirchstra\u00dfe zu fest am Gashebel. Hierdurch beschleunigte das Trike so stark, dass die Fahrerin die Kontrolle \u00fcber das Fahrzeug verlor. Sie fuhr zun\u00e4chst an eine Hauswand und ein Stra\u00dfenschild, bevor sich das Fahrzeug \u00fcberschlug. Die Fahrerin zog sich eine Kopfplatzwunde zu und wurde ambulant behandelt. Sie trug zum Unfallzeitpunkt keinen Helm. Der Sachschaden bel\u00e4uft sich auf zirka 12000 Euro.<\/p>\n\n\n\n<h2 class=\"wp-block-heading\">(Germersheim) &#8211; Unfall mit verletztem Motorradfahrer<\/h2>\n\n\n\n<p>Am Freitagabend gegen 20:00 Uhr befuhr ein 30-j\u00e4hriger mit seinem Motorrad die Bellheimer Stra\u00dfe in Fahrtrichtung der August-Keiler-Stra\u00dfe. Eine 38-j\u00e4hrige PKW-Fahrerin wollte aus der Berliner Stra\u00dfe in die Bellheimer Stra\u00dfe abbiegen und missachtete dabei ihre Wartepflicht. Trotz des Bremsvorgangs des Motorradfahrers kam es in der Einm\u00fcndung zur Kollision infolgedessen sich der Motorradfahrer \u00fcberschlug und mehrere Meter weiter zum Liegen kam. Das Motorrad fuhr f\u00fchrerlos 140 Meter weiter und kam erst nach einem Aufprall an einem Verkehrsschild und einem Baum zum Stehen. Der Motorradfahrer erlitt unter anderem eine Fraktur am Bein und wurde schwerverletzt mit einem Rettungshubschrauber in ein Krankenhaus geflogen. Ein Motorradhelm verhinderte schlimmere Verletzungen. An beiden Fahrzeugen entstand ein wirtschaftlicher Totalschaden. Die Schadensh\u00f6he wird auf circa 35000 Euro gesch\u00e4tzt. Die PKW-Fahrerin erwartet nun ein Strafverfahren wegen fahrl\u00e4ssiger K\u00f6rperverletzung infolge eines Verkehrsunfall mit Personenschaden. Ein Gutachten soll kl\u00e4ren, ob der Motorradfahrer die zul\u00e4ssige H\u00f6chstgeschwindigkeit eingehalten hat.<\/p>\n\n\n\n<h2 class=\"wp-block-heading\">(Germersheim) &#8211; PKW aufgebrochen<\/h2>\n\n\n\n<p>In der Nacht von Donnerstag, den 06.07.2023, auf Freitag, den 07.07.2023, wurde im Ortsteil Sondernheim von Germersheim ein PKW aufgebrochen. Bislang unbekannte T\u00e4ter schlugen mit einem Backstein eine Seitenscheibe ein und entwendeten den Geldbeutel der Fahrzeugeigent\u00fcmerin aus dem Handschuhfach. Die Polizei hat ein Strafverfahren wegen Einbruchsdiebstahl aufgenommen. <\/p>\n\n\n\n<ul>\n<li><strong>T\u00e4ter- und sonstige Hinweise bitte telefonisch oder per E-Mail an die Polizei Germersheim.<\/strong><\/li>\n<\/ul>\n\n\n\n<h2 class=\"wp-block-heading\">(Rheinzabern) &#8211; Betrunkene Autofahrerin<\/h2>\n\n\n\n<p>Am 08.07.2023 meldet um 02:14 Uhr eine aufmerksame Anwohnerin eine weibliche Person, welche auf der Hauptstra\u00dfe in ihrem PKW sitze und versuche einen Gang im gestarteten PKW einzulegen. Die Fahrzeuglenkerin erschien der Anruferin aufgrund ihrer unkoordinierten Handlungen als betrunken. Die Anwohnerin konnte die Autofahrerin gut beschreiben. Die Streife vor Ort konnte nur noch den betreffenden PKW mit eingeschaltetem Warnblinker feststellen, von der Autofahrerin fehlte zun\u00e4chst jede Spur. Entsprechende Befragungen ergaben jedoch den Aufenthaltsort in Jockgrim. Dort konnte die 60-j\u00e4hrige Autofahrerin stark alkoholisiert angetroffen und zweifelsfrei identifiziert werden. Ein freiwilliger Alkotest ergab einen Wert von mehr als 1,8 Promille. Es wurde ein Strafverfahren eingeleitet, da die 60-j\u00e4hrige Frau unter Verdacht stand das Auto im alkoholisierten Zustand von Jockgrim nach Rheinzabern gefahren zu haben. Eine Blutprobe wurde entnommen.<\/p>\n\n\n\n<h2 class=\"wp-block-heading\">(W\u00f6rth) &#8211; Erhitzte Gem\u00fcter<\/h2>\n\n\n\n<p>Ein Autofahrer wollte am 08.07.2023 gegen 12 Uhr mit seiner Familie auf einen Gro\u00dfraumparkplatz eines Supermarktes im Bereich W\u00f6rth Dorschberg fahren. Auf der Zufahrtsstra\u00dfe stand jedoch ein Fahrzeug eines Paketdienstes mit eingeschalteter Warnblinkanlage. Als der Familienvater an den Transportfahrzeug links vorbeifahren wollte, fuhr der Lieferdienstfahrer ebenfalls an. Es kam zu einem Wortgefecht der beiden Autofahrer bei den sommerlichen Temperaturen. Diese endeten darin, dass ein derzeit noch unbekannter Paketzulieferer den Familienvater verbal beleidigte und sogar bedrohte. Nach dem Wortgefecht bestieg der ca. 40-j\u00e4hrige Paketzusteller sein Lieferfahrzeug und fuhr weiter um offensichtlich seiner Arbeit nachzugehen. Ein Strafverfahren wurde eingeleitet, Ermittlungen bei der Halterfirma bez\u00fcglich dem Zusteller gef\u00fchrt.<\/p>\n\n\n\n<h2 class=\"wp-block-heading\">(Hagenbach) &#8211; Organisierte Ladendiebe<\/h2>\n\n\n\n<p>Am 08.07.2023 betraten um 16:30 Uhr 2 weibliche Personen den Supermarkt in Hagenbach. Zun\u00e4chst gaben sich die 19- j\u00e4hrige Frau und die 29-j\u00e4hrige Frau als normale Kunden aus. Sie legten Waren im Wert von 680 Euro in den mitgef\u00fchrten Einkaufswagen. Dann versuchten sie in einem vermeintlich unbeobachteten Moment durch den gesicherten Eingangsbereich des Supermarktes mit dem gef\u00fcllten Einkaufswagen zu gelangen. Dies wurde jedoch von aufmerksamen Mitarbeitern beobachtet und die Flucht mit Diebesgut konnte verhindert werden. Die beiden T\u00e4terinnen fl\u00fcchteten dann ohne Diebesgut zu Fu\u00df auf den Gro\u00dfraumparkplatz Richtung Berg. Sie konnten jedoch durch die Mitarbeiter und die verst\u00e4ndigte Polizeistreife gestellt werden. Eine Strafanzeige wurde aufgenommen, da die beiden Frauen bereits mehrfach aufgefallen sind, wurde sie zur Dienststelle gebracht. Dort wurde eine erkennungsdienstliche Erfassung durchgef\u00fchrt, um weitere strafbare Handlungen in Zukunft hoffentlich zu verhindern. Das Strafverfahren wird nach Abschluss der Staatsanwaltschaft vorgelegt.<\/p>\n\n\n\n<h2 class=\"wp-block-heading\">(Schweighofen) &#8211; Unfall auf dem Flugplatz<\/h2>\n\n\n<div class=\"wp-block-image\">\n<figure class=\"aligncenter size-full\"><img decoding=\"async\" loading=\"lazy\" width=\"800\" height=\"602\" src=\"https:\/\/speyer24news.com\/wp-content\/uploads\/2023\/07\/poMMes_2023-07-08_21-12-06_6.jpeg\" alt=\"\" class=\"wp-image-53273\" srcset=\"https:\/\/speyer24news.com\/wp-content\/uploads\/2023\/07\/poMMes_2023-07-08_21-12-06_6.jpeg 800w, https:\/\/speyer24news.com\/wp-content\/uploads\/2023\/07\/poMMes_2023-07-08_21-12-06_6-300x226.jpeg 300w, https:\/\/speyer24news.com\/wp-content\/uploads\/2023\/07\/poMMes_2023-07-08_21-12-06_6-768x578.jpeg 768w, https:\/\/speyer24news.com\/wp-content\/uploads\/2023\/07\/poMMes_2023-07-08_21-12-06_6-678x509.jpeg 678w, https:\/\/speyer24news.com\/wp-content\/uploads\/2023\/07\/poMMes_2023-07-08_21-12-06_6-326x245.jpeg 326w, https:\/\/speyer24news.com\/wp-content\/uploads\/2023\/07\/poMMes_2023-07-08_21-12-06_6-80x60.jpeg 80w\" sizes=\"(max-width: 800px) 100vw, 800px\" \/><\/figure><\/div>\n\n\n<p>Gl\u00fcck im Ungl\u00fcck hatten am Samstag, den 08.07.2023, ein 75-j\u00e4hriger Pilot und sein 51-j\u00e4hriger Passagier, beide aus Baden-W\u00fcrttemberg stammend. Um 16:25 Uhr wollte der Pilot den Motorsegler zur Landung bringen, wobei er ca. 30 &#8211; 50 Meter vor der Landebahn aufsetzte. <\/p>\n\n\n<div class=\"wp-block-image\">\n<figure class=\"aligncenter size-full\"><img decoding=\"async\" loading=\"lazy\" width=\"800\" height=\"600\" src=\"https:\/\/speyer24news.com\/wp-content\/uploads\/2023\/07\/poMMes_2023-07-08_21-12-19_8.jpeg\" alt=\"\" class=\"wp-image-53274\" srcset=\"https:\/\/speyer24news.com\/wp-content\/uploads\/2023\/07\/poMMes_2023-07-08_21-12-19_8.jpeg 800w, https:\/\/speyer24news.com\/wp-content\/uploads\/2023\/07\/poMMes_2023-07-08_21-12-19_8-300x225.jpeg 300w, https:\/\/speyer24news.com\/wp-content\/uploads\/2023\/07\/poMMes_2023-07-08_21-12-19_8-768x576.jpeg 768w, https:\/\/speyer24news.com\/wp-content\/uploads\/2023\/07\/poMMes_2023-07-08_21-12-19_8-678x509.jpeg 678w, https:\/\/speyer24news.com\/wp-content\/uploads\/2023\/07\/poMMes_2023-07-08_21-12-19_8-326x245.jpeg 326w, https:\/\/speyer24news.com\/wp-content\/uploads\/2023\/07\/poMMes_2023-07-08_21-12-19_8-80x60.jpeg 80w\" sizes=\"(max-width: 800px) 100vw, 800px\" \/><\/figure><\/div>\n\n\n<p>Nachdem das Flugzeug zum Stillstand gekommen war, konnten beide Insassen aus eigenen Kr\u00e4ften aussteigen. Beide Personen blieben unverletzt. <\/p>\n\n\n<div class=\"wp-block-image\">\n<figure class=\"aligncenter size-full\"><img decoding=\"async\" loading=\"lazy\" width=\"500\" height=\"667\" src=\"https:\/\/speyer24news.com\/wp-content\/uploads\/2023\/07\/poMMes_2023-07-08_21-12-05_5.jpeg\" alt=\"\" class=\"wp-image-53275\" srcset=\"https:\/\/speyer24news.com\/wp-content\/uploads\/2023\/07\/poMMes_2023-07-08_21-12-05_5.jpeg 500w, https:\/\/speyer24news.com\/wp-content\/uploads\/2023\/07\/poMMes_2023-07-08_21-12-05_5-225x300.jpeg 225w\" sizes=\"(max-width: 500px) 100vw, 500px\" \/><\/figure><\/div>\n\n\n<p>Am Flugger\u00e4t entstand Sachschaden in einer H\u00f6he von ca. 50.000 EUR. Ob ein Flurschaden entstanden ist und was urs\u00e4chlich f\u00fcr die missgl\u00fcckte Landung war, ist derzeit Gegenstand weiterer Ermittlungen der zust\u00e4ndigen Beh\u00f6rden.<\/p>\n\n\n\n<h2 class=\"wp-block-heading\">(Bad Bergzabern) &#8211; Durchfahrtskontrollen Fu\u00dfg\u00e4ngerzone<\/h2>\n\n\n\n<p>Am Samstagnachmittag den 08.07.2023 wurden aufgrund von B\u00fcrgerbeschwerden mehrere Durchfahrtskontrollen durch die Polizei Bad Bergzabern in der Fu\u00dfg\u00e4ngerzone durchgef\u00fchrt. Hierbei konnten sechs Radfahrer festgestellt und verwarnt werden.<\/p>\n\n\n\n<h2 class=\"wp-block-heading\">(Bad Bergzabern) &#8211; Alkoholisierter Radfahrer<\/h2>\n\n\n\n<p>Am Samstagmittag, den 08.07.23 um 13:25 Uhr, gingen bei der Polizei Zeugenhinweise auf einen in Schlangenlinien fahrenden Radfahrer ein. Er wurde anschlie\u00dfend im Klingweg in Bad Bergzabern einer Verkehrskontrolle unterzogen. Hierbei konnte Atemalkoholgeruch festgestellt werden. Ein Atemalkoholtest ergab einen Wert von \u00fcber 2 Promille. Aufgrund dessen wurde dem Radfahrer die Weiterfahrt untersagt und eine Blutprobe entnommen. Ein entsprechendes Strafverfahren wegen Trunkenheit im Verkehr wurde eingeleitet.<\/p>\n\n\n\n<h2 class=\"wp-block-heading\">(Insheim) &#8211; Motorradfahrer nach Unfall gefl\u00fcchtet<\/h2>\n\n\n\n<p>Die 67-j\u00e4hrige Gesch\u00e4digte befuhr am 07.07.2023 gegen 17:00 Uhr mit ihrem PKW die Strecke von Offenbach kommend in Richtung Insheim. Auf ca. halber Strecke kam dieser ein Motorradfahrer entgegen. Kurz bevor beide Fahrzeuge auf gleicher H\u00f6he waren, l\u00f6ste sich auf einmal ein Koffer am Motorrad. Die Gesch\u00e4digte konnte nicht mehr ausweichen, sodass der Koffer auf der Fahrzeugfront einschlug. Der bislang unbekannte Motorradfahrer fl\u00fcchtete im Anschluss von der Unfall\u00f6rtlichkeit. Am PKW der Frau entstand Sachschaden von ca. 1500 Euro. Hinweise zum fl\u00fcchtigen Motorradfahrer nimmt die Polizei Landau unter der Telefonnummer 06341-2870 oder per E-Mail&nbsp;<a href=\"mailto:%20pilandau@polizei.rlp.de\">pilandau@polizei.rlp.de<\/a>&nbsp;entgegen.<\/p>\n\n\n\n<h2 class=\"wp-block-heading\">(Landau) &#8211; Tasche aus Einkaufswagen entwendet<\/h2>\n\n\n\n<p>Als eine 78-j\u00e4hrige Dame aus Landau am 08.07.2023 gegen Mittag ihren Einkauf an der Kasse eines Supermarktes in der Damm\u00fchlstra\u00dfe bezahlen wollte, m\u00fcsste diese feststellen, dass ihre Geldb\u00f6rse nicht mehr in ihrer Handtasche im Einkaufswagen lag. Zuvor war die Dame von einem unbekannten jungen Mann im Supermarkt angerempelt worden. <\/p>\n\n\n\n<ul>\n<li><strong>Der ca. 25 Jahre alte Mann trug ein blauwei\u00df gestreiftes T-Shirt und eine dunkle Hose.<\/strong><\/li>\n<\/ul>\n\n\n\n<h2 class=\"wp-block-heading\">(Landau) &#8211; Brand in der August-Croissant-Stra\u00dfe<\/h2>\n\n\n\n<p>In der August-Croissant-Stra\u00dfe kam es aus bislang ungekl\u00e4rter Ursache am 08.07.2023 gegen 01.36 Uhr zum Brand eines Autohauses. Die L\u00f6scharbeiten der Feuerwehr dauern an. Die Polizei betreibt Absperrma\u00dfnahmen. Die Evakuierung angrenzender Wohnh\u00e4user wurde bereits eingeleitet. Der entstandene Sachschaden kann derzeit noch nicht beziffert werden. Hinweise auf Verletzte gibt es bislang keine. Die Ermittlungen dauern weiter an.<\/p>\n\n\n\n<h2 class=\"wp-block-heading\">(Landau) &#8211; Unfallflucht \/ Zeugen gesucht<\/h2>\n\n\n\n<p>Die gesch\u00e4digte Fahrzeughalterin stellte ihr Fahrzeug, einen blauen Opel Adam, am sp\u00e4ten Abend des 07.07.2023 im Bereich des Kindergartens in der Cornichonstra\u00dfe ab. Als sie am n\u00e4chsten Morgen an ihr Auto zur\u00fcckkehrte, musste sie einen frischen Streifschaden an der Fahrerseite feststellen. Vermutlich streifte ein unbekannter PKW-Fahrer beim Vorbeifahren das Auto der Frau. Aufgrund der Spuren, d\u00fcrfte es sich bei dem Fl\u00fcchtigen um einen wei\u00dfen PKW handeln. <\/p>\n\n\n\n<ul>\n<li><strong>Wer kann in dem vorliegenden Unfall Hinweise auf Personen oder Fahrzeuge geben? Die Polizei Landau nimmt diese unter der Telefonnummer 06341-2870 oder per E-Mail&nbsp;<a href=\"mailto:%20pilandau@polizei.rlp.de\">pilandau@polizei.rlp.de<\/a>&nbsp;entgegen.<\/strong><\/li>\n<\/ul>\n\n\n\n<h2 class=\"wp-block-heading\">(Landau) &#8211; Betrunken mit PKW unterwegs<\/h2>\n\n\n\n<p>Ein 58- j\u00e4hriger PKW-Fahrer aus dem Landkreis Bad D\u00fcrkheim sollte am 07.07.2023 gegen 18:45 Uhr im Bereich Waffenstra\u00dfe kontrolliert werden, da er w\u00e4hrend der Fahrt keinen Sicherheitsgurt angelegt hatte. Im Rahmen der Kontrolle konnte dann starker Alkoholgeruch und festgestellt werden. Beim Aussteigen schwankte der Fahrer leicht. Ein Atemalkoholtest ergab einen Wert von 1,62 Promille. Seinen F\u00fchrerschein musste der Mann abgeben, ihn erwartet nun ein Strafverfahren wegen Trunkenheit im Verkehr.<\/p>\n\n\n\n<h2 class=\"wp-block-heading\">(Landau) &#8211; Einbr\u00fcche in Schreberg\u00e4rten \/ Zeugenaufruf der Polizei<\/h2>\n\n\n\n<p>In der Nacht zum 07.07.2023 kam es zu zwei Einbr\u00fcchen in Gartenh\u00e4user in der Schrebergartenanlage des Kleingartenvereins Am Ebenberg in der Eutzinger Stra\u00dfe. <\/p>\n\n\n\n<ul>\n<li><strong>Wer hat im Tatzeitraum verd\u00e4chtige Personen oder Fahrzeuge im Bereich Eutzinger Stra\u00dfe \/ ehemaliges Landesgartenschaugel\u00e4nde gesehen? Hinweise nimmt die Polizei Landau unter der Telefonnummer 06341-2870 oder per E-Mail&nbsp;<a href=\"mailto:%20pilandau@polizei.rlp.de\">pilandau@polizei.rlp.de<\/a>&nbsp;entgegen.<\/strong><\/li>\n<\/ul>\n\n\n\n<h2 class=\"wp-block-heading\">(Essingen) &#8211; Betrunken durch den Kreisverkehr<\/h2>\n\n\n\n<p>Nachdem ein 30-j\u00e4hriger Autofahrer aus dem Kreis S\u00fcdliche Weinstra\u00dfe am 08.07.2023 kurz vor Mitternacht mit quietschenden Reifen den Kreisverkehr am Dreihof Essingen befuhr, wurde dieser einer Verkehrskontrolle unterzogen. Die Aussprache des Mannes w\u00e4hrend der Kontrolle war deutlich lallend und verwaschen. Aufschluss brachte der vor Ort durchgef\u00fchrte Atemalkoholtest, der einen Wert von 2,33 Promille ergab. Dem Fahrer wurde im Anschluss eine Blutprobe entnommen. Seinen F\u00fchrerschein musste er abgeben.<\/p>\n\n\n\n<h2 class=\"wp-block-heading\">(K 56 \/ Roschbach) &#8211; Betrunkener Radfahrer gest\u00fcrzt<\/h2>\n\n\n\n<p>Zu viel Weinschorle, um sicher Fahrrad zu fahren, konsumierte ein 63-j\u00e4hriger Mann im Laufe des Freitagabends. Bei der Heimfahrt st\u00fcrzte der Mann mit seinem Mountainbike auf der K56 zwischen Hainfeld und Roschbach. Ein bei der Unfallaufnahme durchgef\u00fchrter Atemalkoholtest ergab einen Wert von 1,5 Promille. Der Mountainbikefahrer musste mit dem Verdacht auf eine Nasen- und Rippenfraktur in ein nahegelegenes Krankenhaus verbracht werden. Aufgrund seiner Alkoholisierung wurde gegen ihn ein Strafverfahren wegen Trunkenheit im Stra\u00dfenverkehr eingeleitet und eine Blutprobe entnommen.<\/p>\n\n\n\n<p>Seinem Begleiter, der ebenfalls mit dem Fahrrad unterwegs war, wurde aufgrund seiner Alkoholisierung die Weiterfahrt untersagt.<\/p>\n\n\n\n<p>In den letzten Tagen und Wochen fallen immer wieder Fahrradfahrer mit hohen Alkoholwerten auf, welche sich der Folgen nicht bewusst sind. Nach derzeitig geltender Rechtsprechung gilt ein Fahrradfahrer ab einem Alkoholwert von 1,6 Promille als absolut fahrunt\u00fcchtig und macht sich nach \u00a7 316 StGB strafbar. Bereits mit einem Alkoholwert zwischen 0,3 Promille und 1,59 Promille ist eine Strafbarkeit nach \u00a7 316 StGB m\u00f6glich, wenn eine &#8222;relative Fahrunt\u00fcchtigkeit&#8220; vorliegt. Ein Fahrzeugf\u00fchrer ist, im Gegensatz zu der &#8222;absoluten Fahrunt\u00fcchtigkeit&#8220; ab 1,6 Promille, &#8222;relativ Fahrunt\u00fcchtig&#8220; wenn zu der Alkoholisierung eine sogenannte Ausfallerscheinung, wie z.B. das Fahren in Schlangenlinien oder die Verursachung eines Verkehrsunfalls hinzukommt.<\/p>\n\n\n\n<p>Eine Entziehung der Fahrerlaubnis durch die Fahrerlaubnisbeh\u00f6rde ist auch dann m\u00f6glich, wenn ein F\u00fchrerscheininhaber alkoholisiert mit einem nicht f\u00fchrerscheinpflichtigen Fahrzeug, z.B. einem Fahrrad, am \u00f6ffentlichen Stra\u00dfenverkehr teilnimmt und sich hieraus Hinweise auf eine Nichteignung zum F\u00fchren von Kraftfahrzeugen ergeben.<\/p>\n\n\n\n<h2 class=\"wp-block-heading\">(Neustadt) &#8211; N\u00e4chtlicher Ausflug mit aufreizender Begleitung endet mit Abholung durch Erziehungsberechtigten<\/h2>\n\n\n\n<p>Am 10.07.2023 um 02:00 Uhr konnte eine Mercedes G-Klasse in der Landauer Stra\u00dfe in 67433 Neustadt\/W. einer anlassunabh\u00e4ngigen Verkehrskontrolle unterzogen werden. Im Rahmen dieser Kontrolle konnte letztlich festgestellt werden, dass auf dem Beifahrersitz ein 16-j\u00e4hriger Landauer sa\u00df. Ferner konnten auf der R\u00fcckbank zwei Damen eines nahegelegenen Etablissements sitzend angetroffen werden. Aufgrund diesen Umstandes, sowie der Tatsache, dass der Minderj\u00e4hrige zu der n\u00e4chtlichen Uhrzeit nicht in Begleitung eines Erziehungsberechtigten war und zudem unter Alkoholeinfluss stand, wurde dieser in hiesige Dienststelle verbracht. Hier wurde dieser durch einen Erziehungsberechtigten abgeholt. Die n\u00e4chtliche Spritztour war daher f\u00fcr den Jugendlichen abrupt beendet.<\/p>\n\n\n\n<h2 class=\"wp-block-heading\">(Neustadt) &#8211; Kerwe Carlsberg: Randalierer kommt ins Polizeigewahrsam<\/h2>\n\n\n<div class=\"wp-block-image\">\n<figure class=\"aligncenter size-full\"><img decoding=\"async\" loading=\"lazy\" width=\"800\" height=\"600\" src=\"https:\/\/speyer24news.com\/wp-content\/uploads\/2019\/06\/Ausn\u00fcchterungszelle.jpg\" alt=\"\" class=\"wp-image-15212\" srcset=\"https:\/\/speyer24news.com\/wp-content\/uploads\/2019\/06\/Ausn\u00fcchterungszelle.jpg 800w, https:\/\/speyer24news.com\/wp-content\/uploads\/2019\/06\/Ausn\u00fcchterungszelle-300x225.jpg 300w, https:\/\/speyer24news.com\/wp-content\/uploads\/2019\/06\/Ausn\u00fcchterungszelle-768x576.jpg 768w, https:\/\/speyer24news.com\/wp-content\/uploads\/2019\/06\/Ausn\u00fcchterungszelle-678x509.jpg 678w, https:\/\/speyer24news.com\/wp-content\/uploads\/2019\/06\/Ausn\u00fcchterungszelle-326x245.jpg 326w, https:\/\/speyer24news.com\/wp-content\/uploads\/2019\/06\/Ausn\u00fcchterungszelle-80x60.jpg 80w\" sizes=\"(max-width: 800px) 100vw, 800px\" \/><figcaption class=\"wp-element-caption\">Beispielbild Zelle \/ Verhaftung, dient lediglich der Visualisierung<\/figcaption><\/figure><\/div>\n\n\n<p>Am sp\u00e4ten Samstagabend wurde auf der Carlsberger Kerwe ein betrunkener Randalierer in Gewahrsam genommen. Dem Ordnungsamt Leiningerland fiel ein junger Mann auf, der M\u00fclltonnen umgeworfen hatte und Flaschen an eine Hauswand schmiss. Durch Weglaufen versuchte er sich der Personenkontrolle zu entziehen. Nach einer Verfolgung wehrte sich der 23-J\u00e4hrige gegen die Kontrolle und stie\u00df die Ordnungsbeamten von sich und schlug in ihre Richtung. Schlie\u00dflich konnte er gefesselt werden, doch lie\u00df er sich noch lange nicht beruhigen. Durch die Polizeistreife wurde der Randalierer in Gewahrsam genommen. Aufgrund seiner Alkoholisierung wurde ihm im Rahmen der Einleitung eines Strafverfahrens eine Blutprobe entnommen.<\/p>\n\n\n\n<h2 class=\"wp-block-heading\">(Neustadt) &#8211; Brand eines Wald-\/Wiesengrundst\u00fcckes in Hambach<\/h2>\n\n\n\n<p>Sonntagmittag, gegen 12:50 Uhr, brach im Bereich eines privaten Wiesen-\/Waldgrundst\u00fcckes in Neustadt, Ortsteil Hambach, ein Brand aus. Durch die sofort alarmierte Feuerwehr und das fr\u00fchzeitige Einschreiten der Anwohner mittels Gartenschl\u00e4uchen konnte der Brand einged\u00e4mmt und letztendlich gel\u00f6scht werden. Eine Gef\u00e4hrdung der Wohnanwesen war somit nicht gegeben. Nach Einsch\u00e4tzung der Feuerwehr umfasste die Brandfl\u00e4che ca. 1200m\u00b2. Zeugen zufolge wurden zuvor im Bereich des Brandausbruches M\u00e4harbeiten durchgef\u00fchrt. Ob der Brand durch eine unsachgem\u00e4\u00dfe Benutzung des Freischneiders ausgebrochen ist, konnte nicht abschlie\u00dfend gekl\u00e4rt werden.<\/p>\n\n\n\n<h2 class=\"wp-block-heading\">(Neustadt) &#8211; K\u00f6rperverletzung auf dem Eselshautfest<\/h2>\n\n\n\n<p>Auf dem Eselshautfest in Neustadt-Mu\u00dfbach ereignete sich in der Nacht vom 08. auf den 09.07.2023 Punkt Mitternacht eine Schl\u00e4gerei zwischen zwei Jugendlichen, nachdem es zuvor zu einer Beleidigung gekommen w\u00e4re. Einer der Jugendlichen wurde leicht verletzt.<\/p>\n\n\n\n<p>Durch Mitarbeiter des Jugendamtes und der Polizei wurden weiterhin Jugendschutzkontrollen auf dem Fest durchgef\u00fchrt. Hierbei konnte festgestellt werden, dass an einer Ausschankstelle Wein an Jugendliche abgegeben wurde.<\/p>\n\n\n\n<h2 class=\"wp-block-heading\">(Neustadt) &#8211; Verkehrsunfall unter Drogeneinfluss<\/h2>\n\n\n\n<p>Am Nachmittag des Samstags (08.07.2023), ereignete sich gegen 16.13 Uhr auf der B 39, in H\u00f6he der Ortslage Neustadt-Geinsheim, ein Verkehrsunfall bei welchem insgesamt drei Fahrzeuge beteiligt waren. Ein 22j\u00e4hriger aus Baden-W\u00fcrttemberg fuhr mit seinem Ford vom Ortsteil Geinsheim kommend von der K22 auf die B39, ohne auf den bevorrechtigten Verkehr zu achten. Es kam im Einm\u00fcndungsbereich zum Zusammensto\u00df mit zwei weiteren Pkw, die in unterschiedlichen Richtungen die Bundesstra\u00dfe befuhren. Durch den Zusammensto\u00df wurde eine Person leicht verletzt. Der Unfallverursacher stand augenscheinlich unter dem Einfluss von Bet\u00e4ubungsmitteln. Ihm wurde eine Blutprobe entnommen. Eine Fahrerlaubnis besitzt der Unfallverursacher nicht. Alle drei Fahrzeuge mussten abgeschleppt werden. F\u00fcr die Dauer der Unfallaufnahme wurde die B39 zeitweise gesperrt und der Verkehr \u00fcber Geinsheim umgeleitet. Durch die Stra\u00dfenmeisterei mussten im Nachgang Reinigungsarbeiten durchgef\u00fchrt werden.<\/p>\n\n\n\n<h2 class=\"wp-block-heading\">(Neustadt) &#8211; Gef\u00e4hrlicher K\u00f6rperverletzung auf dem Eselshautfest \/ Zeugen gesucht<\/h2>\n\n\n\n<p>Am Freitag dem 07.07.2023, kam es gegen 23:45 am Rande des Eselshautfestes zu einer gef\u00e4hrlichen K\u00f6rperverletzung. Nach gegenw\u00e4rtigem Stand der Ermittlungen rempelte der 26-J\u00e4hrige Gesch\u00e4digte aus dem Gro\u00dfraum Landau, versehentlich eine m\u00e4nnliche Person auf der Toilette an. Anschlie\u00dfend drehte sich der noch unbekannte T\u00e4ter um und schlug dem Gesch\u00e4digten ein Schoppenglas, dass er in der Hand hielt, ins Gesicht. Hierdurch erlitt der Gesch\u00e4digte Schnittverletzungen im Gesicht und im Nacken. Der Beschuldigte entfernte sich anschlie\u00dfend vermutlich in einer vierk\u00f6pfigen Gruppe von der Tat\u00f6rtlichkeit. Eine Identit\u00e4tsfeststellung war nicht mehr m\u00f6glich. Der Gesch\u00e4digte wurde aufgrund der Verletzungen in ein nahegelegenes Krankenhaus verbracht. Da zu dem Beschuldigten bislang keine Erkenntnisse vorliegen, bittet die Polizei um Hinweise aus der Bev\u00f6lkerung. Sachdienliche Hinweise zum Tathergang oder zum T\u00e4ter k\u00f6nnen der Polizeiinspektion Neustadt\/W. jederzeit mitgeteilt werden.<\/p>\n\n\n\n<h2 class=\"wp-block-heading\">(Neustadt) &#8211; Sachbesch\u00e4digungen durch Feuer \/ T\u00e4terfestnahme<\/h2>\n\n\n<div class=\"wp-block-image\">\n<figure class=\"aligncenter size-full\"><img decoding=\"async\" loading=\"lazy\" width=\"800\" height=\"533\" src=\"https:\/\/speyer24news.com\/wp-content\/uploads\/2021\/10\/Festnahme-Handschellen.jpg\" alt=\"\" class=\"wp-image-41224\" srcset=\"https:\/\/speyer24news.com\/wp-content\/uploads\/2021\/10\/Festnahme-Handschellen.jpg 800w, https:\/\/speyer24news.com\/wp-content\/uploads\/2021\/10\/Festnahme-Handschellen-300x200.jpg 300w, https:\/\/speyer24news.com\/wp-content\/uploads\/2021\/10\/Festnahme-Handschellen-768x512.jpg 768w\" sizes=\"(max-width: 800px) 100vw, 800px\" \/><figcaption class=\"wp-element-caption\">Beispielbild Handschelle \/ Verhaftung, dient lediglich der Visualisierung<\/figcaption><\/figure><\/div>\n\n\n<p>Bereits am 06.07.2023 gegen 20:36 Uhr wurde hiesiger Dienststelle durch mehrere Passanten gemeldet, dass es in der Adolf-Kolping-Stra\u00dfe, in der Merowingerstra\u00dfe, sowie in der Ro\u00dflaufstra\u00dfe in 67433 Neustadt\/W. brennen w\u00fcrde. Hierbei haben teils kleinere Gr\u00fcnfl\u00e4chen, sowie M\u00fclleimer und abgestellte Plastikm\u00fclls\u00e4cke in Brand gestanden. Die Br\u00e4nde konnte allesamt durch die hinzugezogene Feuerwehr schnell gel\u00f6scht werden. Ein \u00dcbergreifen auf angrenzende Geb\u00e4ude und Waldbereiche konnte ausgeschlossen werden. Im Rahmen der Nahbereichsfahndung konnten durch Beamte der hiesigen Dienststelle letztlich zwei m\u00e4nnliche, sowie eine weibliche Tatverd\u00e4chtige vorl\u00e4ufig festgenommen werden. Im Verlauf der Sachverhaltsaufnahme konnte eruiert werden, dass die Tatverd\u00e4chtigen die Gr\u00fcnfl\u00e4chen, sowie die M\u00fcllbeh\u00e4lter und den Plastikm\u00fcll mittels Feuerzeugen angez\u00fcndet haben. Nach Abschluss der polizeilichen Ma\u00dfnahmen in der hiesigen Dienststelle wurden die Personen entlassen.<\/p>\n\n\n\n<ul>\n<li><strong>Zeugen, welche sachdienliche Hinweise zu den Taten geben k\u00f6nnen, werden gebeten, sich mit der Polizei Neustadt\/W. in Verbindung zu setzten.<\/strong><\/li>\n<\/ul>\n\n\n\n<h2 class=\"wp-block-heading\">(Deidesheim) &#8211; Verkehrsunfall unter Alkoholeinflu\u00df mit anschlie\u00dfendem unerlaubten Entfernen von der Unfallstelle<\/h2>\n\n\n\n<p>Am Sonntagmorgen, 09.07.23, gg. 02:05 Uhr, meldete ein aufmerksamer Zeuge einen Verkehrsunfall in der Appengasse in Deidesheim. Ein PKW sei von der Stra\u00dfe abgekommen und mit einem Verkehrsschild kollidiert. Der Verursacher sei jedoch von der Unfallstelle gefl\u00fcchtet. Im Verlauf der Sachverhaltsaufnahme konnte als verantwortlicher PKW-F\u00fchrer eine 62j\u00e4hrige Frau aus Deidesheim ermittelt werden. Bei der \u00dcberpr\u00fcfung wurde festgestellt, dass die Frau unter dem Einfluss von Alkohol stand. Ihr wurde im Anschluss an die Kontrolle eine Blutprobe entnommen und ihr F\u00fchrerschein sichergestellt. Sie erwartet nun ein Strafverfahren wegen Gef\u00e4hrdung des Stra\u00dfenverkehrs und unerlaubten Entfernens vom Unfallort.<\/p>\n\n\n\n<h2 class=\"wp-block-heading\">(Deidesheim) &#8211; Verkehrsunfall mit leichtverletzten Personen<\/h2>\n\n\n\n<p>Am Samstag, den 08.07.23, gg. 17:50 Uhr, fuhr eine 68j\u00e4hrge Frau aus Freiburg an der Anschlussstelle Deidesheim mit ihrem PKW auf die B271 in Rtg. BAB65. Pl\u00f6tzlich wendete sie ihr Fahrzeug auf der B271 um in Rtg. Bad D\u00fcrkheim weiterzufahren. Der entgegenkommende 36j\u00e4hrige PKW-Fahrer aus Ludwigshafen erkannte die Situation und kollidierte trotz einer Vollbremsung mit der wendenden PKW-Fahrerin. Durch den Verkehrsunfall wurden beide PKW-F\u00fchrer leicht verletzt und zur weiteren Untersuchung in umliegende Krankenh\u00e4user verbracht. An beiden Fahrzeugen entstand wirtschaftl. Totalschaden. Die Schadensh\u00f6he bel\u00e4uft sich nach ersten Sch\u00e4tzungen auf ca. 25.000 Euro.<\/p>\n\n\n\n<h2 class=\"wp-block-heading\">(Bad D\u00fcrkheim) &#8211; K\u00f6rperverletzung w\u00e4hrend Weingut-Besuch<\/h2>\n\n\n\n<p>Am 08.07.2023 wurde die Polizeiinspektion Bad D\u00fcrkheim gegen 21:30 Uhr \u00fcber eine Auseinandersetzung in einem Weingut in Bad D\u00fcrkheim informiert. Ein 21-J\u00e4hriger Tatverd\u00e4chtige fl\u00fcchtete beim Eintreffen der Polizeikr\u00e4fte, konnte jedoch eingeholt und gestellt werden. Es stellte sich heraus, dass es zwischen dem 21-J\u00e4hrigen Vorderpf\u00e4lzer und einem 32-J\u00e4hrigen Mannheimer zun\u00e4chst zu einer verbalen Auseinandersetzung gekommen sei. Der Streit zwischen den Beiden eskalierte, infolgedessen der 32-J\u00e4hrige verletzt und ein Hemd zerst\u00f6rt wurde. Die Ursache des Streits ist noch unklar. Es wurde gegen den 21-J\u00e4grigen ein Strafverfahren wegen des Verdachtes einer Gef\u00e4hrlichen K\u00f6rperverletzung eingeleitet.<\/p>\n\n\n\n<ul>\n<li><strong>Sollte es Zeugen geben, welche sachdienliche Hinweise geben k\u00f6nnen, so m\u00f6gen diese sich an die Polizeiinspektion Bad D\u00fcrkheim telefonisch unter der 06322 963-0 oder per Mail an&nbsp;<a href=\"mailto:%20pibadduerkheim@polizei.rlp.de\">pibadduerkheim@polizei.rlp.de<\/a>&nbsp;wenden.<\/strong><\/li>\n<\/ul>\n\n\n\n<h2 class=\"wp-block-heading\">(Bad D\u00fcrkheim) &#8211; Aufbruch mehrerer Spinde im Schwimmbad<\/h2>\n\n\n\n<p>Am 08.07.2023 wurde die Polizeiinspektion Bad D\u00fcrkheim gegen 16:16 Uhr \u00fcber mehrere aufgebrochene Spinde im &#8218;Salinarium&#8216; in Bad D\u00fcrkheim informiert. In der Zeit zwischen 15:00 Uhr und 16:00 Uhr verschaffte sich bis dato unbekannte T\u00e4terschaft Zutritt in die dortige Umkleide und \u00f6ffnete hier sechs Spinde ohne gro\u00dfe Kraftanstrengung. Es wurde eine dreistellige Bargeldsumme entwendet. Die Ermittlungen hinsichtlich des \/ der T\u00e4ters \/ T\u00e4terin dauern gegenw\u00e4rtig noch an. Entsprechende Videoaufzeichnungen werden ausgewertet.<\/p>\n\n\n\n<ul>\n<li><strong>Sollte es Zeugen geben, welche sachdienliche Hinweise geben k\u00f6nnen, so m\u00f6gen diese sich an die Polizeiinspektion Bad D\u00fcrkheim telefonisch unter der 06322 963-0 oder per Mail an&nbsp;<a href=\"mailto:%20pibadduerkheim@polizei.rlp.de\">pibadduerkheim@polizei.rlp.de<\/a>&nbsp;wenden.<\/strong><\/li>\n<\/ul>\n\n\n\n<h2 class=\"wp-block-heading\">(Kerwe Carlsberg) &#8211; Randalierer kommt ins Polizeigewahrsam<\/h2>\n\n\n<div class=\"wp-block-image\">\n<figure class=\"aligncenter size-full\"><img decoding=\"async\" loading=\"lazy\" width=\"800\" height=\"600\" src=\"https:\/\/speyer24news.com\/wp-content\/uploads\/2019\/06\/Ausn\u00fcchterungszelle.jpg\" alt=\"\" class=\"wp-image-15212\" srcset=\"https:\/\/speyer24news.com\/wp-content\/uploads\/2019\/06\/Ausn\u00fcchterungszelle.jpg 800w, https:\/\/speyer24news.com\/wp-content\/uploads\/2019\/06\/Ausn\u00fcchterungszelle-300x225.jpg 300w, https:\/\/speyer24news.com\/wp-content\/uploads\/2019\/06\/Ausn\u00fcchterungszelle-768x576.jpg 768w, https:\/\/speyer24news.com\/wp-content\/uploads\/2019\/06\/Ausn\u00fcchterungszelle-678x509.jpg 678w, https:\/\/speyer24news.com\/wp-content\/uploads\/2019\/06\/Ausn\u00fcchterungszelle-326x245.jpg 326w, https:\/\/speyer24news.com\/wp-content\/uploads\/2019\/06\/Ausn\u00fcchterungszelle-80x60.jpg 80w\" sizes=\"(max-width: 800px) 100vw, 800px\" \/><figcaption class=\"wp-element-caption\">Beispielbild Zelle \/ Verhaftung, dient lediglich der Visualisierung<\/figcaption><\/figure><\/div>\n\n\n<p>Am sp\u00e4ten Samstagabend wurde auf der Carlsberger Kerwe ein betrunkener Randalierer in Gewahrsam genommen. Dem Ordnungsamt Leiningerland fiel ein junger Mann auf, der M\u00fclltonnen umgeworfen hatte und Flaschen an eine Hauswand schmiss. Durch Weglaufen versuchte er sich der Personenkontrolle zu entziehen. Nach einer Verfolgung wehrte sich der 23-J\u00e4hrige gegen die Kontrolle und stie\u00df die Ordnungsbeamten von sich und schlug in ihre Richtung. Schlie\u00dflich konnte er gefesselt werden, doch lie\u00df er sich noch lange nicht beruhigen. Durch die Polizeistreife wurde der Randalierer in Gewahrsam genommen. Aufgrund seiner Alkoholisierung wurde ihm im Rahmen der Einleitung eines Strafverfahrens eine Blutprobe entnommen.<\/p>\n\n\n\n<h2 class=\"wp-block-heading\">(A 6 \/ Tiefenthal) &#8211; Reifen geplatzt \/ Pkw schleudert gegen Leitplanke.<\/h2>\n\n\n<div class=\"wp-block-image\">\n<figure class=\"aligncenter size-full\"><img decoding=\"async\" loading=\"lazy\" width=\"800\" height=\"655\" src=\"https:\/\/speyer24news.com\/wp-content\/uploads\/2023\/07\/Bild1-1.jpg\" alt=\"\" class=\"wp-image-53281\" srcset=\"https:\/\/speyer24news.com\/wp-content\/uploads\/2023\/07\/Bild1-1.jpg 800w, https:\/\/speyer24news.com\/wp-content\/uploads\/2023\/07\/Bild1-1-300x246.jpg 300w, https:\/\/speyer24news.com\/wp-content\/uploads\/2023\/07\/Bild1-1-768x629.jpg 768w\" sizes=\"(max-width: 800px) 100vw, 800px\" \/><\/figure><\/div>\n\n\n<p>Am Sonntag, den 09.07.2023, kam es gegen 13.15 Uhr auf der A6 in Richtung Saarbr\u00fccken zwischen Gr\u00fcnstadt und Wattenheim zu einem Verkehrsunfall. Bei einem 48-j\u00e4hrigen Seat-Fahrer platzte der rechte Vorderreifen an seinem Auto. Dadurch verlor der 48-j\u00e4hrige die Kontrolle \u00fcber sein Auto und schleuderte gegen die rechte Leitplanke. Da sich im Seat auch 2 Kleinkinder befanden, startete vorsorglich der Rettungshubschrauber um im Falle eines medizinischen Notfalles schnell reagieren zu k\u00f6nnen. Entgegen ersten Vermutungen blieben der Seat-Fahrer und seine beiden 1 und 3 Jahre alten Kinder gl\u00fccklicherweise unverletzt.<\/p>\n\n\n\n<p>Durch den Verkehrsunfall entstand ein Sachschaden von rund 15000 EUR. Au\u00dferdem musste der rechte Fahrstreifen an der Unfallstelle bis ca. 14.15 Uhr f\u00fcr die Bergung und Fahrbahnreinigung gesperrt werden.<\/p>\n\n\n\n<p>Neben der Polizei und dem Rettungsdienst war die Feuerwehr Gr\u00fcnstadt, sowie die Autobahnmeisterei Wattenheim im Einsatz.<\/p>\n\n\n\n<h2 class=\"wp-block-heading\">(A 6 \/ Neuleiningen) &#8211; Verkehrsunfall auf der BAB 6 mit Vollsperrung<\/h2>\n\n\n\n<p>Am Sonntag gegen 18:00 h ereignete sich ein Verkehrsunfall auf der BAB 6 in Fahrtrichtung Mannheim, H\u00f6he Neuleiningen. Der Fahrer eines Kleinbusses, welcher mit insgesamt neun Personen besetzt war, verlor aufgrund nicht angepasster Geschwindigkeit die Kontrolle \u00fcber sein Fahrzeug und kippte um. Hierbei wurden mehrere Insassen verletzt. Da neben mehreren Fahrzeugen der freiwilligen Feuerwehr und der Rettungsdienste zus\u00e4tzlich ein Rettungshubschrauber angefordert wurde, musste die Fahrbahn in Richtung Mannheim von 18:30 &#8211; 19:00 h voll gesperrt werden.<\/p>\n\n\n\n<h2 class=\"wp-block-heading\">(Gr\u00fcnstadt) &#8211; E-Scooter ohne Versicherungsschutz und unter Bet\u00e4ubungsmitteleinfluss gef\u00fchrt<\/h2>\n\n\n\n<p>Am Freitag, 07.07.2023 gegen 15:00 Uhr wurde ein 26-j\u00e4hriger aus Gr\u00fcnstadt im Bereich des Bahnhofes in Gr\u00fcnstadt fahrend auf einem Elektroroller festgestellt. Wie sich herausstellte war der E-Roller nicht versichert. Weiterhin ergaben sich bei dem Mann w\u00e4hrend der Kontrollen Auff\u00e4lligkeiten, welche auf einen vorangegangenen Bet\u00e4ubungsmittelkonsum schlie\u00dfen lie\u00dfen. Ein entsprechender Vortest verlief positiv auf THC. Die Weiterfahrt wurde untersagt und dem Mann wurde durch einen Arzt eine Blutprobe entnommen. Entsprechende Ermittlungsverfahren wegen Versto\u00dfes gegen das Pflichtversicherungsgesetz, Trunkenheit im Verkehr und Versto\u00df gegen das Bet\u00e4ubungsmittelgesetz wurden eingeleitet.<\/p>\n\n\n\n<h2 class=\"wp-block-heading\">(Gerolsheim) &#8211; Fl\u00e4chenbrand im Bereich der K24<\/h2>\n\n\n\n<p>Am Samstag, 08.07.2023 gegen 16:15 Uhr wurde der Polizei Gr\u00fcnstadt der Brand eines Feldes im Bereich der K24 zwischen Gerolsheim und Dirmstein gemeldet. Dort kam es aufgrund des Abflammens von Unkraut durch einen Landwirt zum Brand einer etwa 300 qm gro\u00dfen Fl\u00e4che eines benachbarten Getreidefeldes. Der Brand konnte durch die im Einsatz befindliche Feuerwehr gel\u00f6scht werden. Da sich das betroffene Feld in unmittelbarer N\u00e4he zur Bundesautobahn 6 befindet, war die Sicht der Verkehrsteilnehmer durch die enorme Rauchentwicklung kurzzeitig beeintr\u00e4chtigt. Gegen den Verantwortlichen wird ein Ermittlungsverfahren eingeleitet.<\/p>\n\n\n\n<h2 class=\"wp-block-heading\">(Frankenthal) &#8211; Zweifache Trunkenheitsfahrt<\/h2>\n\n\n\n<p>Am Freitagabend, kurz nach 23 Uhr, kam es in der Eisenbahnstra\u00dfe in Frankenthal zu verbalen Streitigkeiten zwischen einem 33-J\u00e4hrigen Autofahrer und einem 42-J\u00e4hrigen Anwohner wegen einem Parkplatz. Der Streit eskalierte und es kam zu einer K\u00f6rperverletzung zum Nachteil des Anwohners. Noch vor Eintreffen der Polizei fuhr der 33-J\u00e4hrige mit dem Auto davon bis er kurz darauf zu Fu\u00df zur\u00fcckkehrte. Im Rahmen der Sachverhaltsaufnahme ergaben sich Hinweise auf eine Alkoholisierung bei dem 33-J\u00e4hrigen. Ein Atemalkoholtest ergab mehr als 2 Promille. Eine Fahrerlaubnis konnte der Mann nicht vorweisen. Ein Fahrzeugschl\u00fcssel wurde nicht mitgef\u00fchrt. Dem 33-J\u00e4hrigen wurde eine Blutprobe entnommen und entsprechende Strafverfahren er\u00f6ffnet. Gegen 01:50 Uhr wurde der 33-J\u00e4hrige im Foltzring am Steuer seines Autos erneut angetroffen. Dem 33-J\u00e4hrigen wurde wieder eine Blutprobe entnommen und eine weitere Trunkenheitsfahrt sowie ein Fahren ohne Fahrerlaubnis zur Anzeige gebracht. Wie sich herausstellte, war das Auto nicht mehr versichert, weshalb eine Strafanzeige wegen Versto\u00df gegen das Pflichtversicherungsgesetz hinzukam. Der Fahrzeugschl\u00fcssel wurde sichergestellt und das Auto abgeschleppt.<\/p>\n\n\n\n<h2 class=\"wp-block-heading\">(A 650 \/ Ludwigshafen) &#8211; Unter Drogeneinfluss<\/h2>\n\n\n\n<p>Unter Drogeneinfluss war am 09.07.2023, um 01.35 Uhr, ein 38-J\u00e4hriger mit seinem Mitsubishi unterwegs. Das Fahrzeug wurde von Beamten der Polizeiautobahnstation Ruchheim auf der A650 festgestellt und auf der Speyerer Stra\u00dfe in Ludwigshafen am Rhein einer Verkehrskontrolle unterzogen.<\/p>\n\n\n\n<p>Bei der Kontrolle wurden bei dem 38-J\u00e4hrigen drogenbedingte Anzeichen festgestellt. Ein Drogenschnelltest ergab, dass der Mann unter dem Einfluss von Amphetaminen stand. Dem 38-J\u00e4hrigen wurde eine Blutprobe entnommen und ein Ermittlungsverfahren wegen Trunkenheit im Stra\u00dfenverkehr und Versto\u00df gegen das Bet\u00e4ubungsmittelgesetz eingeleitet.<\/p>\n\n\n\n<h2 class=\"wp-block-heading\">(Ludwigshafen) &#8211; Aggressiver und alkoholisierter Fahrradfahrer<\/h2>\n\n\n\n<p>Am 08.07.2023, gegen 20 Uhr, wurde eine Verkehrsteilnehmerin auf einen 54-j\u00e4hrigen Fahrradfahrer aufmerksam, welcher die Keplerstra\u00dfe in Form von Schlangenlinien befuhr. Als die Frau den Mann ansprach, wurde sie unmittelbar von diesem beleidigt. Der Mann konnte durch die hinzugerufene Polizei einer Verkehrskontrolle unterzogen werden. Ein Atemalkoholtest ergab einen Wert von 1,99 Promille. Gegen den Mann wurde sowohl ein Strafverfahren wegen der Trunkenheit im Stra\u00dfenverkehr, als auch wegen Beleidigung eingeleitet.<\/p>\n\n\n\n<h2 class=\"wp-block-heading\">(Ludwigshafen) &#8211; Autofahrer unter Drogeneinfluss, Kind ohne ausreichende Sicherung mit an Bord<\/h2>\n\n\n\n<p>Am sp\u00e4ten Nachmittag des 08.07.2023 wurde der 35- j\u00e4hrige Fahrer eines VW-Golf einer Verkehrskontrolle unterzogen, da sich auf dem Beifahrersitz ein Kind ohne Kindersitz befand. W\u00e4hrend der Kontrolle konnten beim Fahrer drogentypische Anzeichen festgestellt werden, weshalb gegen ihn ein Verfahren eingeleitet und die Weiterfahrt untersagt wurde.<\/p>\n\n\n\n<h2 class=\"wp-block-heading\">(Ludwigshafen) &#8211; Unter Alkoholeinfluss vor der Polizei gefl\u00fcchtet<\/h2>\n\n\n\n<p>Am fr\u00fchen Morgen des 08.07.23 entzog sich ein 27-j\u00e4hriger Autofahrer einer Verkehrskontrolle in Mannheim und konnte letztlich an seiner Wohnanschrift in Ludwigshafen angetroffen und kontrolliert werden. Es stellte sich heraus, dass der Mann unter dem Einfluss von Alkohol stand, weshalb gegen ihn ein Verfahren wegen Trunkenheit im Stra\u00dfenverkehr eingeleitet wurde.<\/p>\n\n\n\n<h2 class=\"wp-block-heading\">(Autobahnkreuz Oggersheim) &#8211; Zeugenaufruf nach Verkehrsunfallflucht<a href=\"https:\/\/www.facebook.com\/sharer.php?u=https%3A%2F%2Fwww.presseportal.de%2Fblaulicht%2Fpm%2F117687%2F5553374%2F%3Futm_source%3Dfacebook%26utm_medium%3Dsocial\"><\/a><a href=\"https:\/\/twitter.com\/intent\/tweet?text=POL-PDNW%3A%20Polizeiautobahnstation%20Ruchheim%20-%20Zeugenaufruf%20nach%20Verkehrsunfallflucht%20im%20Autobahnkreuz%20Oggersheim&amp;url=https%3A%2F%2Fwww.presseportal.de%2Fblaulicht%2Fpm%2F117687%2F5553374%2F%3Futm_source%3Dtwitter%26utm_medium%3Dsocial&amp;hashtags=ots&amp;lang=de\"><\/a><a href=\"https:\/\/web.whatsapp.com\/send?text=POL-PDNW%3A%20Polizeiautobahnstation%20Ruchheim%20-%20Zeugenaufruf%20nach%20Verkehrsunfallflucht%20im%20Autobahnkreuz%20Oggersheim%0A%0Ahttps%3A%2F%2Fwww.presseportal.de%2Fblaulicht%2Fpm%2F117687%2F5553374%2F%3Futm_source%3Dwhatsapp%26utm_medium%3Dsocial\"><\/a><a href=\"https:\/\/www.xing.com\/app\/user?op=share;url=https%3A%2F%2Fwww.presseportal.de%2Fblaulicht%2Fpm%2F117687%2F5553374%2F%3Futm_source%3Dxing%26utm_medium%3Dsocial\"><\/a><a href=\"http:\/\/www.linkedin.com\/shareArticle?mini=true&amp;url=https%3A%2F%2Fwww.presseportal.de%2Fblaulicht%2Fpm%2F117687%2F5553374%2F%3Futm_source%3Dlinkedin%26utm_medium%3Dsocial&amp;title=POL-PDNW%3A+Polizeiautobahnstation+Ruchheim+-+Zeugenaufruf+nach+Verkehrsunfallflucht+im+Autobahnkreuz+Oggersheim\"><\/a><a href=\"mailto:?subject=POL-PDNW%3A%20Polizeiautobahnstation%20Ruchheim%20-%20Zeugenaufruf%20nach%20Verkehrsunfallflucht%20im%20Autobahnkreuz%20Oggersheim&amp;body=https:\/\/www.presseportal.de\/blaulicht\/pm\/117687\/5553374\"><\/a><\/h2>\n\n\n<div class=\"wp-block-image\">\n<figure class=\"aligncenter size-full\"><img decoding=\"async\" loading=\"lazy\" width=\"800\" height=\"600\" src=\"https:\/\/speyer24news.com\/wp-content\/uploads\/2023\/07\/Presse.jpeg\" alt=\"\" class=\"wp-image-53276\" srcset=\"https:\/\/speyer24news.com\/wp-content\/uploads\/2023\/07\/Presse.jpeg 800w, https:\/\/speyer24news.com\/wp-content\/uploads\/2023\/07\/Presse-300x225.jpeg 300w, https:\/\/speyer24news.com\/wp-content\/uploads\/2023\/07\/Presse-768x576.jpeg 768w, https:\/\/speyer24news.com\/wp-content\/uploads\/2023\/07\/Presse-678x509.jpeg 678w, https:\/\/speyer24news.com\/wp-content\/uploads\/2023\/07\/Presse-326x245.jpeg 326w, https:\/\/speyer24news.com\/wp-content\/uploads\/2023\/07\/Presse-80x60.jpeg 80w\" sizes=\"(max-width: 800px) 100vw, 800px\" \/><\/figure><\/div>\n\n\n<p>Am 07.07.2023 gegen 20 Uhr meldete ein Verkehrsteilnehmer ein Pannen-Motorrad im \u00dcbergang der BAB 650 auf die B 9 in Fahrtrichtung Frankenthal. Durch die Streife der Autobahnpolizei Ruchheim konnte vor Ort festgestellt werden, dass ein zun\u00e4chst unbekannter Motorradfahrer offensichtlich zu Sturz gekommen war. Die Schutzplanken an der Unfall\u00f6rtlichkeit waren besch\u00e4digt und die Seitenverkleidung des Motorrads war verkratzt, jedoch befanden sich keine Personen vor Ort.<\/p>\n\n\n\n<ul>\n<li><strong>Die Polizeiautobahnstation Ruchheim sucht Zeugen. Wer hat den Verkehrsunfall beobachtet und kann sachdienliche Hinweise zum fl\u00fcchtigen Motorradfahrer geben. Hinweise bitte an die Polizeiautobahnstation Ruchheim, telefonisch unter 06237 \/ 933-0 oder per Email&nbsp;<a href=\"mailto:%20pastruchheim@polizei.rlp.de\">pastruchheim@polizei.rlp.de<\/a>.<\/strong><\/li>\n<\/ul>\n\n\n\n<h2 class=\"wp-block-heading\">(Ludwigshafen-Gartenstadt) &#8211; Verkehrsunfall mit drei Fahrzeugen<\/h2>\n\n\n\n<p>Am 07.07.2023, um 16:15 Uhr, kam es im Bereich der Meckenheimer Stra\u00dfe zu einem Verkehrsunfall mit drei Fahrzeugen. Ein 25-j\u00e4hriger Verkehrsunfallbeteiligter aus Ludwigshafen fuhr mit seinem Pkw auf einen vorausfahrenden PKW auf, welcher dann auf einen davor fahrenden Pkw geschoben wurde. Ein 65-j\u00e4hriger Verkehrsunfallbeteiligter aus Ludwigshafen wurde hierbei leicht verletzt und vorsorglich in ein Krankenhaus eingeliefert. An den beteiligten PKW entstand Sachschaden in H\u00f6he von ca. 5.000 Euro.<\/p>\n\n\n\n<h2 class=\"wp-block-heading\">(Ludwigshafen) &#8211; 88-J\u00e4hrige erh\u00e4lt Schockanruf<\/h2>\n\n\n\n<p>Am 07.07.2023 erhielt eine 88-j\u00e4hrige Frau aus Ludwigshafen einen Anruf von einem bisher unbekannten m\u00e4nnlichen Anrufer. Dieser sch\u00fcchterte die Frau ein, dass ihre Tochter bei einem Verkehrsunfall eine Fahrradfahrerin t\u00f6dlich verletzt habe und ins Gef\u00e4ngnis m\u00fcsse, wenn keine Kaution in H\u00f6he von 50.000 Euro bezahlt wird. Das Gespr\u00e4ch wurde beendet und es kam zu keinem finanziellen Schaden.<\/p>\n\n\n\n<p><strong><em>Die Polizei warnt eindringlich vor der Betrugsmasche der Schockanrufe und r\u00e4t allen Betroffenen, misstrauisch zu sein, wenn sie am Telefon mit einem beunruhigenden Sachverhalt konfrontiert werden. Gehen Sie nicht darauf ein, sondern halten Sie R\u00fccksprache mit Ihren richtigen Verwandten, um die Sachverhalte zu verifizieren. Und \u00fcbergeben Sie niemals Geld oder Wertsachen an unbekannte Personen. Lassen Sie zudem vorsorglich Ihren Vornamen im Telefonbuch abk\u00fcrzen (aus Erika Mustermann wird beispielsweise E. Mustermann) oder ganz streichen. So machen Sie es den T\u00e4tern schwerer, Sie \u00fcberhaupt ausfindig zu machen. Sind Sie bereits Opfer geworden, hilft Ihnen gerne die Opferschutzbeauftragte des Polizeipr\u00e4sidiums Rheinpfalz, Tel.Nr.0621 963-1154.<\/em><\/strong><\/p>\n\n\n\n<h2 class=\"wp-block-heading\">(Ludwigshafen) &#8211; Trickdiebe erbeuten Bargeld und Goldschmuck<\/h2>\n\n\n\n<p>Unter dem Vorwand, dass es Probleme mit einer Wasserleitung geben w\u00fcrde, gelangte ein Trickdieb am 07.07.2023 gegen 10:00 Uhr in die Wohnung einer 75-j\u00e4hrigen Frau in der Wredestra\u00dfe. Der unbekannte T\u00e4ter begab sich mit der Gesch\u00e4digten in das Badezimmer, w\u00e4hrend ein weiterer T\u00e4ter unbeobachtet in die Wohnung gelangen konnte. Erst im Nachgang stellte die Seniorin das Fehlen von Bargeld und Goldschmuck fest. Der Schaden bel\u00e4uft sich hierbei auf etwa 3000 EUR. Seien sie misstrauisch und lassen sie keine fremden Personen in ihre Wohnung, wenn sie keinen Termin mit einem Handwerker vereinbart haben. <\/p>\n\n\n\n<h4 class=\"wp-block-heading\"><em>N\u00e4here Informationen zum Thema sowie die Tricks der T\u00e4ter erfahren sie unter&nbsp;<a href=\"https:\/\/www.polizei-beratung.de\/\" target=\"_blank\" rel=\"noreferrer noopener\">www.polizei-beratung.de<\/a><\/em><\/h4>\n\n\n\n<h2 class=\"wp-block-heading\">(Ludwigshafen) &#8211; Gef\u00e4hrliche K\u00f6rperverletzung<\/h2>\n\n\n<div class=\"wp-block-image\">\n<figure class=\"aligncenter size-full\"><img decoding=\"async\" loading=\"lazy\" width=\"800\" height=\"533\" src=\"https:\/\/speyer24news.com\/wp-content\/uploads\/2021\/11\/Schlaegerei.jpg\" alt=\"\" class=\"wp-image-42366\" srcset=\"https:\/\/speyer24news.com\/wp-content\/uploads\/2021\/11\/Schlaegerei.jpg 800w, https:\/\/speyer24news.com\/wp-content\/uploads\/2021\/11\/Schlaegerei-300x200.jpg 300w, https:\/\/speyer24news.com\/wp-content\/uploads\/2021\/11\/Schlaegerei-768x512.jpg 768w\" sizes=\"(max-width: 800px) 100vw, 800px\" \/><figcaption class=\"wp-element-caption\">Beispielbild Schl\u00e4gerei \/ K\u00f6rperverletzung, dient lediglich der Visualisierung<\/figcaption><\/figure><\/div>\n\n\n<p>Ein 58-J\u00e4hriger wollte in der Nacht auf Freitag (07.07.2023) am Berliner Platz einen Streit zwischen einem 48-J\u00e4hrigen und dessen 42-j\u00e4hrigen Partnerin schlichten. Der 48-J\u00e4hrige schlug dem Helfenden ins Gesicht sodass dieser zu Boden fiel. Danach trat er den am Bodenliegenden. Dieser wurde leicht verletzt.<\/p>\n\n\n\n<p>Der 48-J\u00e4hrige, der augenscheinlich stark alkoholisiert war, fl\u00fcchtete sodann mit dem Fahrrad. Er konnte kurze Zeit sp\u00e4ter am Danziger Platz von Polizeikr\u00e4ften angetroffen und einer Kontrolle unterzogen werden. Ein freiwilliger Atemalkoholtest ergab einen Wert von 2,09 Promille. Er gab an, dass der 58-J\u00e4hrige ihn geschlagen und er sich lediglich verteidigt habe. Ihm wurde in der Dienststelle eine Blutprobe entnommen.<\/p>\n\n\n\n<p>Gegen den 48-J\u00e4hrigen wurden Anzeigen wegen Trunkenheit im Verkehr sowie einer gef\u00e4hrlichen K\u00f6rperverletzung aufgenommen.<\/p>\n\n\n\n<h2 class=\"wp-block-heading\">(Ludwigshafen) &#8211; Betrugsversuche scheitern<\/h2>\n\n\n\n<p>Am Donnerstag (06.07.2023) kam es erneut zu mehreren Betrugsversuchen via Mobiltelefon. Eine 79-J\u00e4hrige erhielt einen Anruf eines falschen Polizeibeamten, welcher ihr von einem schweren Unfall ihrer Schw\u00e4gerin berichtete. Die 79-J\u00e4hrige erkannte die Masche aber schnell und zeigte sich dem Anrufer gegen\u00fcber misstrauisch, woraufhin dieser das Gespr\u00e4ch beendete.<\/p>\n\n\n\n<p>Eine 69-J\u00e4hrige erhielt eine WhatsApp-Nachricht, der Verfasser gab sich als ihr Kind aus. Auch in diesem Fall war der Frau die Betrugsmasche bereits bekannt und sie erstattete Anzeige.<\/p>\n\n\n\n<h2 class=\"wp-block-heading\">(Ludwigshafen) &#8211; Upskirting<\/h2>\n\n\n<div class=\"wp-block-image\">\n<figure class=\"aligncenter size-full\"><img decoding=\"async\" loading=\"lazy\" width=\"800\" height=\"605\" src=\"https:\/\/speyer24news.com\/wp-content\/uploads\/2023\/07\/Rock-Frau-Beine-upskirting.jpg\" alt=\"\" class=\"wp-image-53277\" srcset=\"https:\/\/speyer24news.com\/wp-content\/uploads\/2023\/07\/Rock-Frau-Beine-upskirting.jpg 800w, https:\/\/speyer24news.com\/wp-content\/uploads\/2023\/07\/Rock-Frau-Beine-upskirting-300x227.jpg 300w, https:\/\/speyer24news.com\/wp-content\/uploads\/2023\/07\/Rock-Frau-Beine-upskirting-768x581.jpg 768w, https:\/\/speyer24news.com\/wp-content\/uploads\/2023\/07\/Rock-Frau-Beine-upskirting-80x60.jpg 80w\" sizes=\"(max-width: 800px) 100vw, 800px\" \/><\/figure><\/div>\n\n\n<p>Ein bislang Unbekannter filmte am 6.7.2023 gegen 16:45 Uhr in der Buslinie 77 (zwischen Haltestelle &#8222;Schwanthalerplatz&#8220; und &#8222;Walzm\u00fchle&#8220;) einer 19-J\u00e4hrigen unter das Kleid. Dies bemerkte die junge Frau als der Unbekannte ausstieg und sie abermals filmte.<\/p>\n\n\n\n<h4 class=\"wp-block-heading\">Er konnte wie folgt beschrieben werden: <\/h4>\n\n\n\n<ul>\n<li><strong>Etwa 1,70-1,75 m gro\u00df<\/strong><\/li>\n\n\n\n<li><strong>mitte 30<\/strong><\/li>\n\n\n\n<li><strong>kr\u00e4ftige Statur<\/strong><\/li>\n\n\n\n<li><strong>3-Tage-Bart<\/strong><\/li>\n\n\n\n<li><strong>kurz rasierte Haare<\/strong><\/li>\n\n\n\n<li><strong>gr\u00fcnbr\u00e4unliche Augen<\/strong><\/li>\n\n\n\n<li><strong>bekleidet mit einem dunkelblauen T-Shirt mit einem roten Logo<\/strong><\/li>\n\n\n\n<li><strong>Insgesamt habe er kein gepflegtes Erscheinungsbild gehabt.<\/strong><\/li>\n<\/ul>\n\n\n\n<p>Upskirting und Downblousing hei\u00dfen die Ph\u00e4nomene bei denen unbefugt, absichtlich oder wissentlich Video- oder Bildaufnahmen von Genitalien, dem Ges\u00e4\u00df, der weiblichen Brust oder diese K\u00f6rperteile bedeckende Unterw\u00e4sche hergestellt werden. Eine Handlung, die seit 2021 auch strafbar ist. Bei einer &#8222;Verletzung des Intimbereichs durch Bildaufnahmen&#8220; k\u00f6nnen eine Geld- oder Freiheitsstrafe von bis zu zwei Jahren verh\u00e4ngt werden.<\/p>\n\n\n\n<p>Oft bekommen es Betroffene nicht einmal mit, wenn jemand ein Foto- oder eine Videoaufnahme dieses besonders pers\u00f6nlichen und intimen Bereichs, wie unter dem Rock oder dem Kleid, von ihnen fertigt. So sind z. B. Smartphones mit Foto- und Videofunktion mittlerweile besonders handlich und klein, so dass Betroffene nur schwer auf solche Handlungen aufmerksam werden.<\/p>\n\n\n\n<p><strong><em>Was kann ich als Opfer tun? &#8211; Machen Sie auf sich aufmerksam und rufen Sie laut um Hilfe. &#8211; Rufen Sie die Polizei unter 110! &#8211; Pr\u00e4gen Sie sich T\u00e4termerkmale ein. &#8211; Erstatten Sie eine Strafanzeige bei der Polizei vor Ort oder online. Wer Opfer einer Straftat, eines Unfalls oder eines vergleichbaren Ereignisses geworden ist, f\u00fchlt sich nicht selten hilflos und hat Angst. Die meisten Betroffenen m\u00f6chten, dass die Verursacher gestoppt und zur Verantwortung gezogen werden und der entstandene Schaden wieder ausgeglichen wird.<\/em><\/strong><\/p>\n\n\n\n<p><strong><em>Betroffene von Straftaten haben zahlreiche Rechte, die dabei helfen sollen, die Belastungen durch das Strafverfahren abzumildern und erlittenes Unrecht wieder gut zu machen. Informationen zu den Bereichen &#8211; wie und wo Gesch\u00e4digte einer Straftat Anzeige erstatten k\u00f6nnen, &#8211; wie ein Ermittlungsverfahren bei der Polizei abl\u00e4uft, &#8211; was anschlie\u00dfend passiert, &#8211; wie Sie ggf. Entsch\u00e4digung erhalten k\u00f6nnen und &#8211; wo Sie weitere Unterst\u00fctzung und Informationen bekommen k\u00f6nnen, finden Sie auf&nbsp;<a href=\"https:\/\/www.polizei-beratung.de\/opferinformationen\/\" target=\"_blank\" rel=\"noreferrer noopener\">https:\/\/www.polizei-beratung.de\/opferinformationen\/<\/a>.<\/em><\/strong><\/p>\n\n\n\n<h2 class=\"wp-block-heading\">(Ludwigshafen) &#8211; Nicht auf falsche TWL-Mitarbeiter hereingefallen<\/h2>\n\n\n\n<p>Am Donnerstag, 06.07.2023, klingelte ein falscher TWL-Mitarbeiter bei einer Seniorin in der Kornackerstra\u00dfe und behauptete, er m\u00fcsse einen Wasserschaden im Haus beheben. Sie lie\u00df ihn zun\u00e4chst herein, wurde jedoch sehr schnell skeptisch und verwies den Mann resolut aus ihrer Wohnung. Hierbei bemerkte sie, dass bereits ein weiterer Mann vor der T\u00fcr gewartet hatte. Auch er fl\u00fcchtete. Der Enkel der Seniorin, der in diesem Moment zuf\u00e4llig am Haus vorbeikam, verfolgte einen der M\u00e4nner auf Zurufe seiner Gro\u00dfmutter. Er verlor ihn jedoch aus den Augen, als der T\u00e4ter in der Hauptstra\u00dfe in einen silbernen VW einstieg und wegfuhr.<\/p>\n\n\n\n<h4 class=\"wp-block-heading\">Der Mann konnte wie folgt beschrieben werden:<\/h4>\n\n\n\n<ul>\n<li><strong>ca. 30-40 Jahre<\/strong><\/li>\n\n\n\n<li><strong>kr\u00e4ftig<\/strong><\/li>\n\n\n\n<li><strong>ohne Bart <\/strong><\/li>\n\n\n\n<li><strong>mit einer dunklen Jacke, dunkler Umh\u00e4ngetasche und wei\u00dfem Basecap bekleidet<\/strong><\/li>\n\n\n\n<li><strong>Er habe akzentfrei deutsch gesprochen.<\/strong><\/li>\n<\/ul>\n\n\n\n<ul>\n<li><strong>Sie haben den Vorfall in der Kornackerstra\u00dfe beobachtet oder k\u00f6nnen weitere Angaben zum T\u00e4ter oder seinem Fluchtfahrzeug machen? Sachdienliche Hinweise bitte an die Polizeiinspektion Ludwigshafen 1, Telefonnummer 0621 963-2122 oder per E-Mail&nbsp;<a href=\"mailto:%20piludwigshafen1@polizei.rlp.de\">piludwigshafen1@polizei.rlp.de<\/a>&nbsp;.<\/strong><\/li>\n<\/ul>\n\n\n\n<h2 class=\"wp-block-heading\">(Ludwigshafen) &#8211; Unfall in der Saarlandstra\u00dfe<\/h2>\n\n\n\n<p>Ein 17-j\u00e4hriger Fahrradfahrer missachtete am 06.07.2023, gegen 07:50 Uhr, in der Saarlandstra\u00dfe eine rote Ampel und es kam zum Unfall mit einem gerade in den Adlerdamm abbiegenden Sattelschlepper. Der Jugendliche st\u00fcrzte und wurde leicht verletzt. Der LKW setzte seine Fahrt ohne anzuhalten fort. Nach derzeitigem Stand der Ermittlungen d\u00fcrfte der Fahrer oder die Fahrerin den Unfall wegen der Gr\u00f6\u00dfe des Fahrzeugs nicht bemerkt haben.<\/p>\n\n\n\n<h2 class=\"wp-block-heading\">(Ludwigshafen) &#8211; Kellerabteile aufgebrochen<\/h2>\n\n\n\n<p>In der Nacht von Mittwoch auf Donnerstag (05.07.2023, 22 Uhr bis 06.07.2023, 5 Uhr) wurden mehrere Kellerabteile eines Mehrparteienhauses in der Fontanestra\u00dfe aufgebrochen. Aus einem der Keller wurde ein Werkzeugkoffer gestohlen. Ob aus den weiteren Abteilen ebenfalls etwas entwendet wurde und wie hoch der entstandene Sachschaden ist, wird aktuell ermittelt.<\/p>\n\n\n\n<ul>\n<li><strong>Sachdienliche Hinweise bitte an die Polizeiinspektion Ludwigshafen 1, Telefonnummer 0621 963-2122 oder per E-Mail&nbsp;<a href=\"mailto:%20piludwigshafen1@polizei.rlp.de\">piludwigshafen1@polizei.rlp.de<\/a>&nbsp;.<\/strong><\/li>\n<\/ul>\n\n\n\n<h2 class=\"wp-block-heading\">(Ludwigshafen) &#8211; Fahrr\u00e4der aus Keller entwendet<\/h2>\n\n\n\n<p>Im Zeitraum vom 02.07.2023, 15:15 Uhr, bis zum 03.07.2023, 06:30 Uhr, wurde durch unbekannte T\u00e4ter in der Von-Weber-Stra\u00dfe in einem Mehrfamilienhaus in mehrere Keller eingebrochen. Hierbei wurden ein Rennrad und ein E-Bike entwendet. <\/p>\n\n\n\n<p><strong>Sachdienliche Hinweise nimmt die Polizeiinspektion Ludwigshafen 1, unter der Telefonnummer 0621 963-2122 oder per E-Mail&nbsp;<a href=\"mailto:%20piludwigshafen1@polizei.rlp.de\">piludwigshafen1@polizei.rlp.de<\/a>&nbsp;entgegen.<\/strong><\/p>\n\n\n\n<h2 class=\"wp-block-heading\">(Ludwigshafen) &#8211; \u00dcber Monate Waren gestohlen<\/h2>\n\n\n\n<p>Ein Schaden vermutlich im niedrigen f\u00fcnfstelligen Bereich entstand in einem Lebensmitteldiscounter in der Maxdorfer Stra\u00dfe, weil zwei Frauen im Alter von 32 und 64 Jahren \u00fcber Monate regelm\u00e4\u00dfig Waren stahlen. Sie hatten jeweils gr\u00f6\u00dfere Mengen Lebensmittel eingekauft, jedoch nur einen geringen Cent-Betrag gezahlt. Dies konnte gelingen, da eine Kassiererin den Frauen bei der Tat half, indem sie falsch kassierte.<\/p>\n\n\n\n<h2 class=\"wp-block-heading\">(Mannheim) &#8211; Polizei, Feuerwehr und Rettungsdienst an Mannheimer Schule im Einsatz<\/h2>\n\n\n\n<p>Derzeit befinden sich Kr\u00e4fte der Feuerwehr, Polizei und des Rettungsdienstes an einer Schule im innerst\u00e4dtischen Quadrat D 7 im Einsatz. Aufgrund von Stra\u00dfensperrungen im Bereich C 7, C8 und C 15, kann es derzeit zu Verkehrsbehinderungen kommen. Zum aktuellen Zeitpunkt besteht kein Schulbetrieb an der Schule. Die Feuerwehr f\u00fchrt momentan Luftmessungen an der Schule durch, da es vermutlich zu einem Gasaustritt gekommen ist. Nach derzeitigem Kenntnisstand ist unklar, ob es Verletzte gibt.<\/p>\n\n\n\n<h3 class=\"wp-block-heading has-text-align-center\">Pressemeldung Nr. 2<\/h3>\n\n\n\n<p>Wie bereits berichtet, kam es am Freitag gegen 13:45 Uhr an einer Mannheimer Schule im Quadrat D 7 zu einem Einsatz von Kr\u00e4ften der Feuerwehr, Polizei und des Rettungsdienstes. Urs\u00e4chlich hierf\u00fcr war eine fehlerhafte Lagerung von zwei Gasflaschen. Diese werden nun ordnungsgem\u00e4\u00df umgelagert. Es bestand zu keiner Zeit eine Gefahr. S\u00e4mtliche Stra\u00dfensperrungen wurden wieder aufgehoben.<\/p>\n\n\n\n<h2 class=\"wp-block-heading\">(Mannheim) &#8211; Beauftragung der Leitung des Polizeireviers Mannheim-Oststadt<\/h2>\n\n\n<div class=\"wp-block-image\">\n<figure class=\"aligncenter size-full\"><img decoding=\"async\" loading=\"lazy\" width=\"800\" height=\"534\" src=\"https:\/\/speyer24news.com\/wp-content\/uploads\/2023\/07\/AH5A9184.jpg\" alt=\"\" class=\"wp-image-53278\" srcset=\"https:\/\/speyer24news.com\/wp-content\/uploads\/2023\/07\/AH5A9184.jpg 800w, https:\/\/speyer24news.com\/wp-content\/uploads\/2023\/07\/AH5A9184-300x200.jpg 300w, https:\/\/speyer24news.com\/wp-content\/uploads\/2023\/07\/AH5A9184-768x513.jpg 768w\" sizes=\"(max-width: 800px) 100vw, 800px\" \/><figcaption class=\"wp-element-caption\">Polizeidirektor Michael Reichert (rechts) \u00fcbernimmt die Leitung des Polizeireviers Mannheim-Oststadt.<\/figcaption><\/figure><\/div>\n\n\n<p>Freitagvormittag fand im Mutterhaus des Polizeipr\u00e4sidiums Mannheim in L6 die offizielle Amts\u00fcbergabe bei einer feierlichen Veranstaltung statt.<\/p>\n\n\n\n<p>Mannheims B\u00fcrgermeisterin Frau Prof. Dr. Pretzell er\u00f6ffnete die Feierlichkeit mit einem Gru\u00dfwort und freute sich \u00fcber die neue und sehr kompetente Besetzung durch Polizeidirektor Michael Reichert. Sie bezeichnete die \u00fcbergreifende Zusammenarbeit der Stadt Mannheim mit der Polizei als sehr wichtig und konstruktiv.<\/p>\n\n\n\n<p>Nachdem zuletzt in Weinheim und Schwetzingen die Polizeireviere mit Revierleiterinnen besetzt wurden, beauftragte Polizeipr\u00e4sident Siegfried Kollmar mit Polizeidirektor Michael Reichert in diesem Jahr erstmals wieder einen Mann mit der Leitung einem seiner Reviere. In seinem Gru\u00dfwort bezeichnet der Polizeipr\u00e4sident den neuen Revierleiter u.a. als sehr zielstrebig, flei\u00dfig und erfahren. Er sei der richtige Mann an der richtigen Stelle. Man merke ihm bereits in den ersten Wochen an, wieviel Spa\u00df ihm die neue Arbeit bereitet. Dies sieht er als wichtige Voraussetzung, um nicht nur den Anspr\u00fcchen der Mannheimer B\u00fcrgerinnen und B\u00fcrger gerecht zu werden, sondern auch seinen eigenen Mitarbeiterinnen und Mitarbeitern. Mit ca. 3500-4000 Straftaten, die das Polizeirevier Mannheim-Oststadt j\u00e4hrlich zu bearbeiten hat, ist dies sicherlich eine herausfordernde Aufgabe die auf den neuen Leiter Michael Reichert zukommt. Als gro\u00dfe Wertsch\u00e4tzung und sch\u00f6ne Geste der bislang sehr guten Zusammenarbeit mit der Stadt Mannheim bezeichnete Siegfried Kollmar die Anwesenheit und die Gl\u00fcckw\u00fcnsche der B\u00fcrgermeisterin Frau Prof. Dr. Pretzell. Auch das Kommen mehrerer Vertreter des Ministeriums des Inneren, f\u00fcr Digitalisierung und Kommunen Baden-W\u00fcrttemberg, zeigt den engen und guten Austausch zwischen dem Innenministerium und dem Regionalpr\u00e4sidium Mannheim.<\/p>\n\n\n\n<p>Polizeidirektor Michael Reichert trat bereits am 01.06.2023 sein neues Amt als Revierleiter des Polizeireviers Mannheim-Oststadt an. Zuvor befand er sich jahrelang im Landespolizeipr\u00e4sidium in Stuttgart und unterst\u00fctzte im Referat 31. Hier bekam er viel Handwerkszeug mit und konnte seinen Werkzeugkoffer f\u00fcr sein zuk\u00fcnftiges Aufgabenfeld f\u00fcllen. Er f\u00fchlt sich gut vorbereitet und tritt sein Amt mit dem notwendigen Respekt an. &#8222;In der Krise beweist sich der Charakter&#8220;, zitierte er den ehemaligen Bundeskanzler Helmut Schmidt und ist sich sicher, dass er gemeinsam mit seinem sehr gut aufgestellten Team alle Krisensituationen meistern wird.<\/p>\n\n\n\n<p>Michael Reichert, geboren 10.09.1980 in Buchen<\/p>\n\n\n\n<p>01.07.2000 Eintritt in die Landespolizei Baden-W\u00fcrttemberg<\/p>\n\n\n\n<p>31.03.2004 Abschluss an der Fachhochschule der Polizei in Villingen-Schwenningen<\/p>\n\n\n\n<p>31.03.2004 Einstellung bei der PD Heidelberg, Polizeirevier Heidelberg-S\u00fcd<\/p>\n\n\n\n<p>01.10.2005 Umsetzung zum Polizeirevier Heidelberg-Nord<\/p>\n\n\n\n<p>02.05.2007 Umsetzung zum Polizeirevier Schwetzingen<\/p>\n\n\n\n<p>10.01.2011 Abordnung zum Regierungspr\u00e4sidium Karlsruhe<\/p>\n\n\n\n<p>10.01.2011 Abordnung zum Polizeipr\u00e4sidium Mannheim<\/p>\n\n\n\n<p>01.08.2012 Abordnung zum Landeskriminalamt Baden-W\u00fcrttemberg<\/p>\n\n\n\n<p>01.01.2013 Abordnung zum Ministeriums des Inneren, f\u00fcr Digitalisierung und Kommunen Baden-W\u00fcrttemberg<\/p>\n\n\n\n<p>01.04.2013 Abordnung zum Regierungspr\u00e4sidium Karlsruhe<\/p>\n\n\n\n<p>01.10.2013 Abordnung zur Hochschule f\u00fcr Polizei Baden-W\u00fcrttemberg<\/p>\n\n\n\n<p>01.01.2014 Versetzung zum Polizeipr\u00e4sidium Mannheim<\/p>\n\n\n\n<p>01.10.2014 Abordnung zur Deutschen Hochschule der Polizei in M\u00fcnster<\/p>\n\n\n\n<p>01.10.2015 Abordnung zum Ministeriums des Inneren, f\u00fcr Digitalisierung und  Kommunen Baden-W\u00fcrttemberg, Referat 31<\/p>\n\n\n\n<p>01.06.2023 Versetzung zum Polizeipr\u00e4sidium Mannheim und Bestellung zum Leiter des Polizeireviers Mannheim-Oststadt<\/p>\n\n\n\n<h2 class=\"wp-block-heading\">(Mannheim) &#8211; 19-J\u00e4hriger nach W\u00fcrfen von Gegenst\u00e4nden auf fahrende Fahrzeuge wegen Verdachts des versuchten Mordes und weiterer Delikte in Untersuchungshaft<\/h2>\n\n\n\n<h3 class=\"wp-block-heading\">Gemeinsame Pressemitteilung der Staatsanwaltschaft Mannheim und des Polizeipr\u00e4sidiums Mannheim<\/h3>\n\n\n<div class=\"wp-block-image\">\n<figure class=\"aligncenter size-full\"><img decoding=\"async\" loading=\"lazy\" width=\"800\" height=\"533\" src=\"https:\/\/speyer24news.com\/wp-content\/uploads\/2020\/06\/Zelle.jpg\" alt=\"\" class=\"wp-image-28203\" srcset=\"https:\/\/speyer24news.com\/wp-content\/uploads\/2020\/06\/Zelle.jpg 800w, https:\/\/speyer24news.com\/wp-content\/uploads\/2020\/06\/Zelle-300x200.jpg 300w, https:\/\/speyer24news.com\/wp-content\/uploads\/2020\/06\/Zelle-768x512.jpg 768w\" sizes=\"(max-width: 800px) 100vw, 800px\" \/><figcaption class=\"wp-element-caption\">Beispielbild Zelle \/ Verhaftung, dient lediglich der Visualisierung<\/figcaption><\/figure><\/div>\n\n\n<p>Nachdem im Zeitraum zwischen dem 12.05.2022 und dem 28.07.2022 in zahlreichen F\u00e4llen Wurfgeschosse wie Hantelscheiben, Steine und Werkzeug auf stadteinw\u00e4rts fahrende Fahrzeuge im Bereich der Unterm\u00fchlaustra\u00dfe geworfen worden waren, die in den meisten F\u00e4llen Fahrzeugscheiben durchschlugen (siehe auch die Links zu bisherigen Pressemitteilungen im Anhang), konnten das Dezernat 9.1 der Kriminalpolizei des Polizeipr\u00e4sidiums Mannheim und die Staatsanwaltschaft Mannheim nun zwei Tatverd\u00e4chtige ermitteln. Ein 19-j\u00e4hriger Tatverd\u00e4chtiger wurde festgenommen und befindet sich in Untersuchungshaft. Die Fahndung zur Ergreifung des zweiten Tatverd\u00e4chtigen, einem 18-J\u00e4hrigen, l\u00e4uft auf Hochtouren.<\/p>\n\n\n\n<p>Nach derzeitigem Ermittlungsstand sollen beide Tatverd\u00e4chtige zumindest in sechs F\u00e4llen in den fr\u00fchen Morgenstunden die Gegenst\u00e4nde auf die mit ungef\u00e4hr 50 km\/h stadteinw\u00e4rts fahrenden Fahrzeuge geworfen haben. In vier F\u00e4llen wurden Scheiben an den Fahrzeugen durchschlagen, wobei ein Fahrzeugf\u00fchrer leicht verletzt wurde. Trotz des Schocks war es den Fahrzeugf\u00fchrern in allen F\u00e4llen m\u00f6glich, die Kontrolle \u00fcber ihre Fahrzeuge so zu behalten, dass Folgeunf\u00e4lle vermieden werden konnten. Insgesamt entstand ein Sachschaden in H\u00f6he von ungef\u00e4hr 4.700 Euro. Die intensiv gef\u00fchrten Ermittlungen sowie die Auswertung der gesicherten Spuren, insbesondere DNA-Spuren, f\u00fchrten zu dem Tatverdacht gegen den 18- und den 19-J\u00e4hrigen.<\/p>\n\n\n\n<p>Am 05.07.2023 wurden Durchsuchungsbeschl\u00fcsse des Amtsgericht Mannheim gegen die zwei Tatverd\u00e4chtigen vollstreckt. Dabei konnte der 19-J\u00e4hrige festgenommen werden. Bei der Durchsuchung der Wohnungen wurden weitere Beweismittel sichergestellt. Der 19-J\u00e4hrige wurde am Mittwoch, den 05.07.2023, der Haft- und Ermittlungsrichterin am Amtsgericht Mannheim vorgef\u00fchrt und nach Erlass eines Haftbefehls wegen mitt\u00e4terschaftlich begangenen versuchten Mordes in vier F\u00e4llen und versuchter gef\u00e4hrlicher K\u00f6rperverletzung in zwei F\u00e4llen sowie gef\u00e4hrlichen Eingriffs in den Stra\u00dfenverkehr in allen sechs F\u00e4llen anschlie\u00dfend in eine Justizvollzugsanstalt eingeliefert.<\/p>\n\n\n\n<p>Die Ermittlungen der Staatsanwaltschaft Mannheim und der Kriminalpolizei des Polizeipr\u00e4sidiums Mannheim &#8211; insbesondere zur Ergreifung des zweiten T\u00e4ters &#8211; dauern an.<\/p>\n\n\n\n<h4 class=\"wp-block-heading\">Bezug:<\/h4>\n\n\n\n<p><a target=\"_blank\" rel=\"noreferrer noopener\" href=\"http:\/\/presseportal.de\/blaulicht\/pm\/14915\/5285155\">http:\/\/presseportal.de\/blaulicht\/pm\/14915\/5285155<\/a><\/p>\n\n\n\n<p><a target=\"_blank\" rel=\"noreferrer noopener\" href=\"http:\/\/presseportal.de\/blaulicht\/pm\/14915\/5220758\">http:\/\/presseportal.de\/blaulicht\/pm\/14915\/5220758<\/a><\/p>\n\n\n\n<p><a target=\"_blank\" rel=\"noreferrer noopener\" href=\"http:\/\/presseportal.de\/blaulicht\/pm\/14915\/5221459\">http:\/\/presseportal.de\/blaulicht\/pm\/14915\/5221459<\/a><\/p>\n\n\n\n<p><a target=\"_blank\" rel=\"noreferrer noopener\" href=\"http:\/\/presseportal.de\/blaulicht\/pm\/14915\/5277745\">http:\/\/presseportal.de\/blaulicht\/pm\/14915\/5277745<\/a><\/p>\n\n\n\n<p><a href=\"http:\/\/presseportal.de\/blaulicht\/pm\/14915\/5231510\" target=\"_blank\" rel=\"noreferrer noopener\">http:\/\/presseportal.de\/blaulicht\/pm\/14915\/5231510<\/a><\/p>\n\n\n\n<h2 class=\"wp-block-heading\">(Mannheim-Neckarstadt) &#8211; Unfallflucht durch Lkw \/ Zeugenaufruf<\/h2>\n\n\n\n<p>Am Freitagmorgen, kurz nach Mitternacht, missachtete ein Lkw-Fahrer an der Kreuzung Carl-Benz-Stra\u00dfe \/ Geibelstra\u00dfe die Vorfahrt eines Linienbusses der RNV. Hierdurch musste dieser eine Gefahrenbremsung einlegen, um einen Zusammensto\u00df des von rechts kommenden Lkw zu verhindern. In der Folge wurde ein Fahrgast im Bus nach vorne geschleudert und verletzte sich hierbei leicht. Der Lkw-Fahrer indessen setzte seine Fahrt fort, und bog dann in die Fratrelstra\u00dfe ab. Eine sofort eingeleitete Fahndung nach dem Lkw-Fahrer verlief ergebnislos. Der verletzte Fahrgast begab sich selbst\u00e4ndig in \u00e4rztliche Behandlung. <\/p>\n\n\n\n<ul>\n<li><strong>Der Verkehrsdienst des Polizeipr\u00e4sidiums Mannheim hat die Ermittlungen aufgenommen und ist nun auf der Suche nach Zeugen, welche sachdienliche Hinweise zu dem Unfallgeschehen und\/oder dem Lkw-Fahrer machen kann. Zeugen melden sich bitte unter der Tel.: 0621\/174-4222.<\/strong><\/li>\n<\/ul>\n\n\n\n<h2 class=\"wp-block-heading\">(Mannheim-Wallstadt) &#8211; Wohnungsbrand l\u00f6st Feuerwehreinsatz aus \/ 75 000,- Euro Sachschaden<\/h2>\n\n\n\n<p>Am fr\u00fchen Montagmorgen, gegen 01.20 Uhr, ging bei der Berufsfeuerwehr Mannheim die Meldung ein, dass im Mannheimer Stadtteil Wallstadt, im Bereich der Amorbacher Stra\u00dfe, eine Wohnung eines Mehrfamilienhauses in Brand geraten sei. Beim Eintreffen von Polizei und Feuerwehr konnte ein Wohnungsbrand in einer im 2 Obergeschoss befindlichen Wohnung festgestellt werden. Der Mieter der Wohnung, wie auch 7 weitere Hausbewohner konnten sich bereits selbst\u00e4ndig und unverletzt in Sicherheit bringen. Der Brand konnte durch die Berufsfeuerwehr Mannheim, die mit einem L\u00f6schzug vor Ort war, rasch unter Kontrolle gebracht und gel\u00f6scht werden, so dass Schlimmeres verhindert wurde. Der entstandene Geb\u00e4udeschaden und der Wohnungseinrichtung wird auf insgesamt ca. 75 000,- Euro gesch\u00e4tzt. Die genaue Brandursache ist noch Gegenstand der Ermittlungen, die vom Polizeirevier Mannheim &#8211; K\u00e4fertal gef\u00fchrt werden.<\/p>\n\n\n\n<h2 class=\"wp-block-heading\">(A 6 \/Mannheim-Wallstadt) &#8211; Nach Pkw-Brand auf der BAB 6 f\u00e4hrt Pkw in Absperrmaterial \/ Richtungsfahrbahn derzeit gesperrt<\/h2>\n\n\n\n<p>Nach einem Pkw-Brand auf der BAB 6 befinden sich derzeit Feuerwehr und Polizei vor Ort im Einsatz. Im Verlauf der L\u00f6scharbeiten f\u00e4hrt ein Verkehrsteilnehmer mit seinem Pkw in die eingerichtete Absperrung. Aufgrund dessen ist derzeit die Fahrtrichtungsfahrbahn zwischen dem Mannheimer Kreuz und dem Viernheimer Kreuz in Richtung Darmstadt gesperrt. Nach jetzigem Stand kam es nur zu Sachsch\u00e4den. <em>08.07.2023 \u2013 16:48<\/em><\/p>\n\n\n\n<h2 class=\"wp-block-heading\">(Heidelberg) &#8211; Verletzter bei Verkehrsunfall mit E-Scooter \/ Fahrer unter Alkoholeinfluss<\/h2>\n\n\n\n<p>Am Freitagabend befuhr ein 16-J\u00e4hriger mit einem E-Scooter gegen 23.00 Uhr die Theodor-Heuss-Br\u00fccke vom Bismarckplatz kommend in Richtung Neuenheim. Da er seine Aufmerksamkeit auf andere Verkehrsteilnehmer richtete, bemerkte er einen entgegenkommenden Radfahrer nicht rechtzeitig. Der Jugendliche wich abrupt aus und kollidierte mit einem Fahnenmast. Bei dem Zusammensto\u00df und dem folgenden Sturz zog er sich blutige Sch\u00fcrfwunden und eine Schwellung oberhalb des Auges zu und verlor zudem einen Schneidezahn. Eine Atemalkohol\u00fcberpr\u00fcfung ergab bei ihm 0,47 Promille. Der junge Mann wurde zur Versorgung seiner Verletzungen in die Chirurgische Klinik nach Heidelberg gebracht, wo er auch eine Blutprobe abgeben musste.<\/p>\n\n\n\n<h2 class=\"wp-block-heading\">(Heidelberg-Handschuhsheim) &#8211; Unbekannte geben sich als Mitarbeiter der Stadtwerke aus \/ R\u00fcstige Rentnerin verhindert Diebstahl<\/h2>\n\n\n<div class=\"wp-block-image\">\n<figure class=\"aligncenter size-full\"><img decoding=\"async\" loading=\"lazy\" width=\"801\" height=\"600\" src=\"https:\/\/speyer24news.com\/wp-content\/uploads\/2020\/05\/Zeugen-gesucht-Neutral.jpg\" alt=\"\" class=\"wp-image-26598\" srcset=\"https:\/\/speyer24news.com\/wp-content\/uploads\/2020\/05\/Zeugen-gesucht-Neutral.jpg 801w, https:\/\/speyer24news.com\/wp-content\/uploads\/2020\/05\/Zeugen-gesucht-Neutral-300x225.jpg 300w, https:\/\/speyer24news.com\/wp-content\/uploads\/2020\/05\/Zeugen-gesucht-Neutral-768x575.jpg 768w, https:\/\/speyer24news.com\/wp-content\/uploads\/2020\/05\/Zeugen-gesucht-Neutral-678x509.jpg 678w, https:\/\/speyer24news.com\/wp-content\/uploads\/2020\/05\/Zeugen-gesucht-Neutral-326x245.jpg 326w, https:\/\/speyer24news.com\/wp-content\/uploads\/2020\/05\/Zeugen-gesucht-Neutral-80x60.jpg 80w\" sizes=\"(max-width: 801px) 100vw, 801px\" \/><\/figure><\/div>\n\n\n<p>Am Samstagnachmittag verschafften sich gegen 14.30 Uhr zwei angebliche Mitarbeiter der Stadtwerke Zutritt zur Wohnung eines \u00e4lteren Ehepaars in der Dossenheimer Landstra\u00dfe. Der demente Mann lie\u00df die angeblichen Handwerker zun\u00e4chst in die Wohnung ein, holte dann jedoch seine Ehefrau hinzu, die beide Tatverd\u00e4chtige in der Wohnung antraf, als diese angeblich die Wasserleitungen \u00fcberpr\u00fcfen wollten. Sie verwies beide M\u00e4nner geistesgegenw\u00e4rtig aus der Wohnung. Entwendet wurde nach derzeitigem Ermittlungsstand nichts.<\/p>\n\n\n\n<h4 class=\"wp-block-heading\">Die beiden M\u00e4nner wurden wie folgt beschrieben: <\/h4>\n\n\n\n<ol>\n<li><strong>Ca. 20-30 Jahre alt, ca. 180 cm gro\u00df, schlank, dunkle, kurze Haare, sprach akzentfreies Deutsch, europ\u00e4isches Erscheinungsbild. Er trug ein dunkelblaues Oberteil mit wei\u00dfer Aufschrift auf der Brust und eine dunkelblaue Hose.<\/strong><\/li>\n\n\n\n<li><strong>Ca. 30-40 Jahre alt, ca. 180 cm gro\u00df, leicht untersetzte Figur, blond-graue Haare, europ\u00e4isches Erscheinungsbild. Er soll entweder ein graues Oberteil und eine sandfarbene Hose oder aber ein sandfarbenes Oberteil und eine graue Hose getragen haben.<\/strong><\/li>\n<\/ol>\n\n\n\n<ul>\n<li><strong>Das Polizeirevier Heidelberg-Nord bittet Zeugen, die sachdienliche Hinweise geben k\u00f6nnen oder wom\u00f6glich selbst gesch\u00e4digt wurden, sich unter der Telefonnummer 06221-45 690 zu melden.<\/strong><\/li>\n<\/ul>\n\n\n\n<h2 class=\"wp-block-heading\">(Heidelberg-Boxberg) &#8211; Betrunkener Rollerfahrer verliert Kontrolle und kollidiert mit geparktem Pkw<\/h2>\n\n\n\n<p>Am Samstagabend, gegen 19.10 Uhr, konnte eine Anwohnerin in der Stra\u00dfe Am Waldrand einen 61-j\u00e4hriger Rollerfahrer beobachten, wie dieser aus einem Grundst\u00fcck in Schlangenlinien auf die Stra\u00dfe fuhr. Bereits nach kurzer Strecke verlor der 61-J\u00e4hrige die Kontrolle \u00fcber sein Kleinkraftrad, st\u00fcrzte und prallte gegen einen geparkten Mitsubishi. Dabei hatte der 61-j\u00e4hrige Unfallverursacher Gl\u00fcck und blieb unverletzt. An seinem Roller entstand ein Sachschaden von 500,- Euro und am geparkten Pkw ein Schaden in H\u00f6he von ca. 1000,- Euro. Weniger Gl\u00fcck hatte 61-J\u00e4hrige bei der Unfallaufnahme durch Beamte des Polizeireviers Heidelberg-S\u00fcd. Diesen war schnell klar warum der 61-J\u00e4hrige die Kontrolle verlor. Den Beamten schlug erheblicher Atemalkoholgeruch entgegen. Ein Atemalkoholtest f\u00f6rderte den stolzen Wert von 3,06 Promille zu Tage. dem 61-J\u00e4hrigen wurde eine Blutprobe entnommen und er sieht sich nun einer Anzeige wegen Gef\u00e4hrdung des Stra\u00dfenverkehrs entgegen.<\/p>\n\n\n\n<h2 class=\"wp-block-heading\">(Schwetzingen \/ Rhein-Neckar-Kreis) &#8211; Einsatz von Polizei, Feuerwehr und Rettungskr\u00e4ften an Gesamtschule<\/h2>\n\n\n<div class=\"wp-block-image\">\n<figure class=\"aligncenter size-full\"><img decoding=\"async\" loading=\"lazy\" width=\"640\" height=\"428\" src=\"https:\/\/speyer24news.com\/wp-content\/uploads\/2021\/02\/Feuerwehr-Polizei.jpg\" alt=\"\" class=\"wp-image-33096\" srcset=\"https:\/\/speyer24news.com\/wp-content\/uploads\/2021\/02\/Feuerwehr-Polizei.jpg 640w, https:\/\/speyer24news.com\/wp-content\/uploads\/2021\/02\/Feuerwehr-Polizei-300x201.jpg 300w\" sizes=\"(max-width: 640px) 100vw, 640px\" \/><\/figure><\/div>\n\n\n<p>Seit um kurz nach 10 Uhr am Freitag sind mehrere Kr\u00e4fte des Rettungsdienstes, der Feuerwehr und der Polizei an einer Schule in der Spoleto-Stra\u00dfe im Einsatz. Es gibt mehrere verletzte Personen, die derzeit medizinisch versorgt werden m\u00fcssen. \u00dcber das Ausma\u00df der Verletzungen ist bislang nichts bekannt. Es wird nachberichtet.<\/p>\n\n\n\n<h3 class=\"wp-block-heading has-text-align-center\">Pressemeldung Nr. 2<\/h3>\n\n\n\n<p>Wie bereits berichtet, waren um kurz nach 10 Uhr Kr\u00e4fte des Rettungsdienstes, der Feuerwehr und der Polizei an einer Schule in der Spoleto-Stra\u00dfe im Einsatz. Hier kam es im Chemieunterricht im Rahmen eines Versuchs zu einer kleineren Verpuffung. Diese hatte zur Folge, dass es bei 15 Sch\u00fclerinnen und Sch\u00fclern zu Unwohlsein kam. Zwei weitere Sch\u00fcler klagten \u00fcber leichte Atemwegsreizungen und wurden vorsorglich medizinisch versorgt. Eine Gefahr bestand zu keinem Zeitpunkt. Die Sch\u00fclerinnen und Sch\u00fcler konnten nach L\u00fcften der R\u00e4umlichkeit wieder zur\u00fcck in ihr Klassenzimmer kehren.<\/p>\n\n\n\n<h2 class=\"wp-block-heading\">(Leimen \/ Rhein-Neckar-Kreis) &#8211; Vorfahrt missachtet \/ 35 000.- Sachschaden und zwei leicht Verletzte<\/h2>\n\n\n\n<p>Am Samstagnacht, gegen 23.20 Uhr, befuhr eine 20-J\u00e4hrige mit ihrem Audi die Wilhelm-Haug-Stra\u00dfe. An der Kreuzung zur Schwetzinger Stra\u00dfe hielt die 20-J\u00e4hrige zun\u00e4chst kurz an, um dann die Schwetzingen Stra\u00dfe in Richtung Adam-M\u00fcller-Stra\u00dfe zu \u00fcberqueren. Dabei \u00fcbersah sie den von rechts kommenden Opel einer 29-J\u00e4hrigen und kollidierte mit diesem. In der weiteren Folge wurde der Audi abgewiesen und kam an einem Pfosten zum Stehen. Durch den Aufprall l\u00f6sten beide Airbags des Audis aus. W\u00e4hrend die Unfallverusacherin unverletzt blieb, erlitt ihre gleichaltrige Beifahrerin leichte Verletzungen. Die Fahrerin des Opel erlitt ebenfalls leicht Verletzungen. Beide Verletzte wurden zur weiteren ambulanten Behandlung in umliegende Krankenh\u00e4user verbracht. Beide Pkw waren nicht mehr fahrbereit und mussten abgeschleppt werden. An diesen entstand ein Sachschaden von insgesamt ca. 35 000,- Euro. Der Schaden am Pfosten wird mit 500,- Euro beziffert.<\/p>\n\n\n\n<h2 class=\"wp-block-heading\">(Wiesloch \/ Rhein-Neckar-Kreis) &#8211; Rettungshubschraubereinsatz \/ Unfall zwischen Pkw und Roller<\/h2>\n\n\n<div class=\"wp-block-image\">\n<figure class=\"aligncenter size-full\"><img decoding=\"async\" loading=\"lazy\" width=\"640\" height=\"472\" src=\"https:\/\/speyer24news.com\/wp-content\/uploads\/2020\/07\/ADAC-Rettungshubschrauber.jpg\" alt=\"\" class=\"wp-image-29359\" srcset=\"https:\/\/speyer24news.com\/wp-content\/uploads\/2020\/07\/ADAC-Rettungshubschrauber.jpg 640w, https:\/\/speyer24news.com\/wp-content\/uploads\/2020\/07\/ADAC-Rettungshubschrauber-300x221.jpg 300w, https:\/\/speyer24news.com\/wp-content\/uploads\/2020\/07\/ADAC-Rettungshubschrauber-80x60.jpg 80w\" sizes=\"(max-width: 640px) 100vw, 640px\" \/><figcaption class=\"wp-element-caption\">Beispielbild Rettungshubschrauber, dient lediglich der Visualisierung<\/figcaption><\/figure><\/div>\n\n\n<p>Am Freitagvormittag, um kurz vor 10 Uhr ereignete sich im Amselweg ein Unfall, bei dem ein Roller-Fahrer verletzt wurde. Polizei und Rettungskr\u00e4fte sind derzeit im Einsatz. Der Roller-Fahrer wird durch einen Rettungshubschrauber in ein nahegelegenes Krankenhaus geflogen. Aufgrund der Unfallaufnahme kann es zu Verkehrsbehinderungen kommen. \u00dcber das genaue Verletzungs- bzw. Schadensbild sowie den Unfallhergang k\u00f6nnen wir noch keine Aussage treffen.<\/p>\n\n\n\n<h2 class=\"wp-block-heading\">(L 595 \/ Sch\u00f6nbrunn \/ Rhein-Neckar-Kreis) &#8211; Tierherde auf Ausflug<\/h2>\n\n\n\n<p>Am Donnerstag gegen 08.00 Uhr wurde das Polizeirevier Neckargem\u00fcnd \u00fcber freilaufendende Schafe und Ziegen, unterhalb des Eisbrunnen, in der Heidelberger Stra\u00dfe gemeldet. Am zweiten Hochwasser-R\u00fcckhaltebecken, von Waldwimmersbach in Fahrtrichtung Haag, konnten dann die gemeldeten Tiere festgestellt werden. Es hatten sich mehrere Ziegen und Schafe auf und neben dem R\u00fcckhaltebecken, sowie im angrenzenden Wald, verstreut. Bei einer Nachschau an dem umz\u00e4unten Gehege, konnten keine Unregelm\u00e4\u00dfigkeiten festgestellt werden. Die gesamte Umz\u00e4unung war intakt, jedoch ohne Strom. Der Halter der Tiere konnte ermittelt und verst\u00e4ndigt werden. Das Veterin\u00e4ramt wurde ebenfalls in Kenntnis gesetzt.<\/p>\n\n\n\n<h2 class=\"wp-block-heading\">(Sinsheim \/ Rhein-Neckar-Kreis) &#8211; Scheune im Krebsgrund im Vollbrand<\/h2>\n\n\n\n<p>Feuerwehr und Polizei sind derzeit bei einem Scheunenbrand in der Siedlung Krebsgrund in Sinsheim eingesetzt. Es gibt bislang keine Informationen zur Brandursache.<\/p>\n\n\n\n<h3 class=\"wp-block-heading has-text-align-center\">Pressemeldung Nr. 2<\/h3>\n\n\n\n<p>Nach derzeitigem Stand der Ermittlungen kam es am Sonntagmittag gegen 11.20 Uhr in der Siedlung Im Krebsgrund aufgrund eines technischen Defektes an einem in einer Scheune abgestellten Transporter zum Ausbruch eines Feuers. Die Flammen griffen schnell auf die Scheune \u00fcber. Die Feuerwehr, die mit 78 Einsatzkr\u00e4ften und 15 Fahrzeugen vor Ort war, konnte ein Abbrennen des Geb\u00e4udes nicht verhindern. Das THW unterst\u00fctzte mit Baggern und Radladern vor Ort und zog Tr\u00fcmmerteile auseinander, sodass sie gel\u00f6scht werden konnten. Es kamen keine Personen zu Schaden. Der Sachschaden d\u00fcrfte im sechsstelligen Bereich liegen. Das Polizeirevier Sinsheim hat die Ermittlungen aufgenommen.<\/p>\n\n\n\n<h2 class=\"wp-block-heading\">(Sinsheim \/ Rhein-Neckar-Kreis) &#8211; Ausflug auf Roller endet mit mehreren Anzeigen<\/h2>\n\n\n\n<p>Donnerstagabend gegen 21:30 Uhr wurden zwei Jugendliche in der Friedrichsstra\u00dfe auf einem Roller kontrolliert. Bei der Kontrolle stelle sich heraus, dass nicht nur das Versicherungskennzeichen seit \u00fcber 10 Jahren ung\u00fcltig, sondern der 17-j\u00e4hrige Fahrer auch nicht im Besitz einer g\u00fcltigen Fahrerlaubnis war. Sein 16-j\u00e4hriger Mitfahrer trug keinen Sicherheitshelm. W\u00e4hrend der Kontrolle kam der 16-j\u00e4hrige Rollerbesitzer hinzu, der den Polizeibeamtinnen und Polizeibeamten vor Ort ein angeblich g\u00fcltiges Versicherungskennzeichen vorzeigte. Aber auch das war schon seit einem Jahr abgelaufen und geh\u00f6rte urspr\u00fcnglich auch nicht zu dem kontrollierten Roller. Dar\u00fcber hinaus wurde beim Fahrer noch eine munitionslose Schreckschusswaffe sichergestellt, f\u00fcr die er keine Waffenbesitzkarte vorzeigen konnte.<\/p>\n\n\n\n<p>Nach den polizeilichen Ma\u00dfnahmen wurden der 17-j\u00e4hrige Fahrer und der 16-j\u00e4hrige Rollerbesitzer ihren Eltern \u00fcbergeben. Beide m\u00fcssen nun mit Anzeigen wegen Versto\u00df Pflichtversicherungsgesetz rechnen. Der 17-J\u00e4hrige darf sich auch wegen Verdacht des Fahrens ohne g\u00fcltige Fahrerlaubnis und der 16-J\u00e4hrige wegen Verdachts der Urkundenf\u00e4lschung und Versto\u00df Waffengesetz verantworten. Der Roller wurde sichergestellt, um die tats\u00e4chlichen Besitzverh\u00e4ltnisse zu kl\u00e4ren sowie diesen durch die Verkehrspolizei Heidelberg pr\u00fcfen zu lassen.<\/p>\n\n\n\n<p>Die Jugendsachbearbeiter des Polizeirevier Sinsheim haben die weiteren Ermittlungen aufgenommen.<\/p>\n\n\n\n<h2 class=\"wp-block-heading\">(Sinsheim \/ Rhein-Neckar-Kreis) &#8211; Einbruch in ein Einfamilienhaus \/ Zeugen gesucht!<\/h2>\n\n\n\n<p>Am Donnerstag, in der Zeit zwischen 07:30 Uhr und 17:10 Uhr, verschaffte sich eine bisher unbekannte T\u00e4terschaft Zutritt in ein Einfamilienhaus in der Stra\u00dfe &#8222;In der Kappisau&#8220; und fl\u00fcchtete anschlie\u00dfend in unbekannte Richtung. Nachdem die T\u00e4terschaft \u00fcber das Garagentor kletterte und somit auf das Grundst\u00fcck gelangte, schoben diese im weiteren Verlauf einen geschlossenen Fensterrolladen nach oben, hebelten mit einem unbekannten Gegenstand gewaltsam das Fenster auf und gelangten so in die R\u00e4umlichkeiten des Hauses. Anschlie\u00dfend fl\u00fcchteten die Unbekannten \u00fcber die Terrassent\u00fcr in unbekannte Richtung. Nach bisherigem Ermittlungsstand wurden keine Gegenst\u00e4nde entwendet. Die H\u00f6he des Sachschadens ist noch nicht bekannt.<\/p>\n\n\n\n<ul>\n<li><strong>Die Spezialistinnen und Spezialisten f\u00fcr Eigentumsdelikte unter der Hinzuziehung der Kriminaltechnik der Kriminalpolizeidirektion Heidelberg haben die Ermittlungen aufgenommen. Zeugen, die verd\u00e4chtige Personen im n\u00e4heren Umfeld um den Tatort gemacht haben oder sachdienliche Angaben machen k\u00f6nnen, werden gebeten, sich beim Hinweistelefon der Kriminalpolizei unter 0621\/ 174-4444 zu melden.<\/strong><\/li>\n<\/ul>\n\n\n\n<h2 class=\"wp-block-heading\">(Sinsheim-Adersbach \/ Rhein-Neckar-Kreis) &#8211; Wildernder Hund rei\u00dft mehrfach Rehwild \/ Zeugen gesucht<\/h2>\n\n\n<div class=\"wp-block-image\">\n<figure class=\"aligncenter size-full\"><img decoding=\"async\" loading=\"lazy\" width=\"800\" height=\"571\" src=\"https:\/\/speyer24news.com\/wp-content\/uploads\/2023\/07\/Wilder-Hund-Gefaehrlich-Wildriss.jpg\" alt=\"\" class=\"wp-image-53279\" srcset=\"https:\/\/speyer24news.com\/wp-content\/uploads\/2023\/07\/Wilder-Hund-Gefaehrlich-Wildriss.jpg 800w, https:\/\/speyer24news.com\/wp-content\/uploads\/2023\/07\/Wilder-Hund-Gefaehrlich-Wildriss-300x214.jpg 300w, https:\/\/speyer24news.com\/wp-content\/uploads\/2023\/07\/Wilder-Hund-Gefaehrlich-Wildriss-768x548.jpg 768w\" sizes=\"(max-width: 800px) 100vw, 800px\" \/><figcaption class=\"wp-element-caption\">Wildernder Hund \/ Wildriss, Bild dient lediglich der Visualisierung und ist nicht das gesuchte Tier.<\/figcaption><\/figure><\/div>\n\n\n<p>Am Freitag (07.07.2023) fand ein Jagdp\u00e4chter im Bereich Neuwiesenstra\u00dfe, beim Feldweg zum dortigen Kindergarten, ein totes Reh auf. Das Tier wies nach Aussage des J\u00e4gers deutliche Bissspuren durch einen Hund auf. Bereits Mitte Juni wurde unweit dieser \u00d6rtlichkeit schon einmal ein gerissenes Reh gefunden, mit nahezu identischen Verletzungen. Es ist davon auszugehen, dass in diesem Bereich ein freilaufender Hund das Rehwild jagt und rei\u00dft. Zeugen, welche solch einen Vorfall beobachtet haben oder sachdienliche Hinweise zu einem freilaufenden Hund im dortigen Bereich geben k\u00f6nnen, werden gebeten sich mit dem Polizeirevier Sinsheim unter 07261-6900 in Verbindung zu setzen.<\/p>\n\n\n\n<h2 class=\"wp-block-heading\">(Heddesheim \/ Rhein-Neckar-Kreis) &#8211; Unbekannter besch\u00e4digt mutwillig Fahrzeug und fl\u00fcchtet \/ Zeugen gesucht!<\/h2>\n\n\n\n<p>Um 03:15 Uhr wurde in der Nacht von Donnerstag auf Freitag eine 59-j\u00e4hrige Frau aufgrund eines lauten Knalls geweckt. Als die Frau aus ihrem Fenster in der Schulstra\u00dfe blickte, konnte sie beobachten, wie eine dunkel gekleidete, schlanke Person in Richtung Beindstra\u00dfe davonrannte. Zeitgleich stellte die Frau Besch\u00e4digungen an ihrem Pkw fest, der am Stra\u00dfenrand geparkt war. Nach bisherigen Ermittlungen schlug der unbekannte T\u00e4ter mit einem bisher unbekannten Gegenstand das Beifahrerfenster sowie das hintere rechte Fenster ein, wodurch die Scheiben vollst\u00e4ndig zersprangen. Au\u00dferdem schlug der T\u00e4ter auf die Frontscheibe ein, die dadurch nicht zu Bruch ging und zerkratzte die rechte Fahrzeugseite. An dem Fahrzeug entstand ein Sachschaden im mittleren vierstelligen Bereich.<\/p>\n\n\n\n<ul>\n<li><strong>Das Polizeirevier Ladenburg hat die Ermittlungen wegen Sachbesch\u00e4digung aufgenommen und bittet Zeuge, die sachdienliche Hinweise geben k\u00f6nnen, sich unter der Tel.: 06203\/9305-0 zu melden.<\/strong><\/li>\n<\/ul>\n\n\n\n<h2 class=\"wp-block-heading\">(Weinheim \/ Rhein-Neckar-Kreis) &#8211; 54-J\u00e4hriger wird Opfer eines Raubdelikts<\/h2>\n\n\n<div class=\"wp-block-image\">\n<figure class=\"aligncenter size-full\"><img decoding=\"async\" loading=\"lazy\" width=\"640\" height=\"426\" src=\"https:\/\/speyer24news.com\/wp-content\/uploads\/2020\/12\/Taschendiebstahl.jpg\" alt=\"\" class=\"wp-image-31455\" srcset=\"https:\/\/speyer24news.com\/wp-content\/uploads\/2020\/12\/Taschendiebstahl.jpg 640w, https:\/\/speyer24news.com\/wp-content\/uploads\/2020\/12\/Taschendiebstahl-300x200.jpg 300w\" sizes=\"(max-width: 640px) 100vw, 640px\" \/><figcaption class=\"wp-element-caption\">Beispielbild Diebstahl, dient lediglich der Visualisierung.<\/figcaption><\/figure><\/div>\n\n\n<p>Ein 54-j\u00e4hriger Hirschberger wurde am sp\u00e4ten Freitagabend gegen 22.40 Uhr am alten OEG-Bahnhof in Weinheim Opfer eines Raubdelikts. Nach vorangegangenen Meinungsverschiedenheiten mit einer Gruppe Jugendlicher in einem Schnellrestaurant folgten diese dem Mann auf den Bahnsteig. W\u00e4hrend mehrere aus der Gruppe ihn in ein Gespr\u00e4ch verwickelten, n\u00e4herten sich von hinten drei T\u00e4ter, die den Rucksack des Gesch\u00e4digten entwendeten. Als der Mann den Diebstahl bemerkte und intervenierte, setzten die T\u00e4ter Pfefferspray gegen ihn ein und konnten so mit der Beute fliehen. Der Mann wurde durch das Pfefferspray leicht verletzt. Der Diebstahlschaden betr\u00e4gt ca. 100 Euro. <\/p>\n\n\n\n<ul>\n<li><strong>Die Jugendlichen sollen ca. 15 Jahre alt gewesen sein. N\u00e4her konnte der Gesch\u00e4digte die T\u00e4ter nicht beschreiben. Das Polizeirevier Weinheim hat die Ermittlungen aufgenommen.<\/strong><\/li>\n<\/ul>\n\n\n\n<p><\/p>\n","protected":false},"excerpt":{"rendered":"<div class=\"mh-excerpt\"><p>Polizeimeldungen vom Wochenende (07.07. &#8211; 09.07.2023) (Speyer) &#8211; Versuchter Betrug durch Manipulationen an Kleidungsst\u00fccken Am Samstagnachmittag versuchte eine 47-j\u00e4hrige Frau aus Speyer bei einem Einkauf in der Innenstadt zu betr\u00fcgen. Nach der Auswahl von mehreren <a class=\"mh-excerpt-more\" href=\"https:\/\/speyer24news.com\/?p=53269\" title=\"Polizeimeldungen Wochenende (07.07. &#038; 09.07.2023)\">[&#8230;]<\/a><\/p>\n<\/div>","protected":false},"author":3,"featured_media":26162,"comment_status":"open","ping_status":"open","sticky":false,"template":"","format":"standard","meta":{"_monsterinsights_skip_tracking":false,"_monsterinsights_sitenote_active":false,"_monsterinsights_sitenote_note":"","_monsterinsights_sitenote_category":0,"footnotes":""},"categories":[15659],"tags":[7243,7244,3614,350,14537,15084,15267,14538,15845,702,61,2555,6955,6986,6263,63,105,11150,6987,53,4854,13534,4683,1548,4905,11592,102,13626,213,14325,14324,13553,13541,55,8277,6368,5261,103,106,2803,2423,427,2625,380,62,104,979,1565],"aioseo_notices":[],"amp_enabled":true,"_links":{"self":[{"href":"https:\/\/speyer24news.com\/index.php?rest_route=\/wp\/v2\/posts\/53269"}],"collection":[{"href":"https:\/\/speyer24news.com\/index.php?rest_route=\/wp\/v2\/posts"}],"about":[{"href":"https:\/\/speyer24news.com\/index.php?rest_route=\/wp\/v2\/types\/post"}],"author":[{"embeddable":true,"href":"https:\/\/speyer24news.com\/index.php?rest_route=\/wp\/v2\/users\/3"}],"replies":[{"embeddable":true,"href":"https:\/\/speyer24news.com\/index.php?rest_route=%2Fwp%2Fv2%2Fcomments&post=53269"}],"version-history":[{"count":4,"href":"https:\/\/speyer24news.com\/index.php?rest_route=\/wp\/v2\/posts\/53269\/revisions"}],"predecessor-version":[{"id":53284,"href":"https:\/\/speyer24news.com\/index.php?rest_route=\/wp\/v2\/posts\/53269\/revisions\/53284"}],"wp:featuredmedia":[{"embeddable":true,"href":"https:\/\/speyer24news.com\/index.php?rest_route=\/wp\/v2\/media\/26162"}],"wp:attachment":[{"href":"https:\/\/speyer24news.com\/index.php?rest_route=%2Fwp%2Fv2%2Fmedia&parent=53269"}],"wp:term":[{"taxonomy":"category","embeddable":true,"href":"https:\/\/speyer24news.com\/index.php?rest_route=%2Fwp%2Fv2%2Fcategories&post=53269"},{"taxonomy":"post_tag","embeddable":true,"href":"https:\/\/speyer24news.com\/index.php?rest_route=%2Fwp%2Fv2%2Ftags&post=53269"}],"curies":[{"name":"wp","href":"https:\/\/api.w.org\/{rel}","templated":true}]}}