{"id":53636,"date":"2023-07-12T10:20:52","date_gmt":"2023-07-12T09:20:52","guid":{"rendered":"https:\/\/speyer24news.com\/?p=53636"},"modified":"2023-07-13T15:25:53","modified_gmt":"2023-07-13T14:25:53","slug":"vermisste-person-personensuche-8","status":"publish","type":"post","link":"https:\/\/speyer24news.com\/?p=53636","title":{"rendered":"Vermisste Person \/ Personensuche"},"content":{"rendered":"<style type=\"text\/css\">\r\n\t.ads_top_disp{}\r\n\t.ads_top_corner_disp{ float:left; margin:0px 10px 10px 0px; }\r\n\t.ads_first_p_disp{}\r\n\t.ads_bottom_disp{}\r\n\t<\/style>\n<h1 class=\"wp-block-heading\">Fahndungsr\u00fccknahme<\/h1>\n\n\n\n<p><strong>(Ludwigshafen) \u2013<\/strong> Der am Dienstag vermisst gemeldete 27-J\u00e4hrige konnte wohlbehalten in Ludwigshafen angetroffen werden.<\/p>\n\n\n\n<p><em>Polizeipr\u00e4sidium Rheinpfalz<br>13.07.2023<\/em><\/p>\n\n\n\n<h2 class=\"wp-block-heading\">\u00d6ffentlichkeitsfahndung nach vermisstem 27-J\u00e4hrigen<\/h2>\n\n\n\n<p><strong>(Ludwigshafen) \u2013 <\/strong>Seit Mittwoch, 05.07.2023, wird der in Ludwigshafen wohnende 27-j\u00e4hrige Herr S. vermisst. Herr S. verlie\u00df am Mittwoch den 05.07.2023, gegen 10:00 Uhr, seine Wohnanschrift in Ludwigshafen-Friesenheim in unbekannte Richtung. Der Vermisste ist vermutlich mit einem schwarzen Fahrrad der Marke Bulls unterwegs. Herr S. k\u00f6nnte m\u00f6glicherweise orientierungslos sein. Herr S. spricht lediglich bulgarisch, weshalb eine Verst\u00e4ndigung aufgrund auftretender Sprachbarrieren kaum m\u00f6glich ist. Aufgrund der Gesamtumst\u00e4nde ist nicht auszuschlie\u00dfen, dass er sich in einer hilflosen Lage befindet. Durch die bisherigen polizeilichen Ma\u00dfnahmen konnte Herr S. nicht aufgefunden werden, so dass wir die \u00d6ffentlichkeit um Mithilfe bitten.<\/p>\n\n\n\n<h3 class=\"wp-block-heading\">Er wird wie folgt beschrieben:<\/h3>\n\n\n\n<p><\/p>\n\n\n\n<ul>\n<li><strong>Ca. 1,75m gro\u00df<\/strong><\/li>\n\n\n\n<li><strong>sehr d\u00fcnne Statur (ca. 50Kg.)<\/strong><\/li>\n\n\n\n<li><strong>schwarze kurze Haare<\/strong><\/li>\n\n\n\n<li><strong>braune Augen<\/strong><\/li>\n<\/ul>\n\n\n\n<p><\/p>\n\n\n\n<p><strong>Kleidung: <\/strong><\/p>\n\n\n\n<ul>\n<li><strong>schwarzes T-Shirt<\/strong><\/li>\n\n\n\n<li><strong>hellblaue Jeans<\/strong><\/li>\n\n\n\n<li><strong>dunkelblaue Jacke (Trainingsanzug von Jack &amp; Jones)<\/strong><\/li>\n<\/ul>\n\n\n\n<ul>\n<li><strong>Fahrrad: <\/strong><\/li>\n<\/ul>\n\n\n\n<ul>\n<li><strong>schwarz<\/strong><\/li>\n\n\n\n<li><strong>Marke Bulls<\/strong><\/li>\n\n\n\n<li><strong>orange\/blaue Streifen auf Rahmen<\/strong><\/li>\n<\/ul>\n\n\n\n<ul>\n<li><strong>Wer hat Herrn S. gesehen? Wer kann Hinweise zum derzeitigen Aufenthaltsort geben?<\/strong><\/li>\n<\/ul>\n\n\n\n<h3 class=\"wp-block-heading\"><strong>Sachdienliche Hinweise nimmt die Kriminalpolizei Ludwigshafen unter der Telefonnummer 0621\/963-2773 oder per E-Mail&nbsp;<a href=\"mailto:%20kiludwigshafen.k1.kdd@polizei.rlp.de\">kiludwigshafen.k1.kdd@polizei.rlp.de<\/a>&nbsp;entgegen.<\/strong><\/h3>\n\n\n\n<p><em>Polizeipr\u00e4sidium Rheinpfalz<br>11.07.2023<\/em><\/p>\n","protected":false},"excerpt":{"rendered":"<div class=\"mh-excerpt\"><p>Fahndungsr\u00fccknahme (Ludwigshafen) \u2013 Der am Dienstag vermisst gemeldete 27-J\u00e4hrige konnte wohlbehalten in Ludwigshafen angetroffen werden. Polizeipr\u00e4sidium Rheinpfalz13.07.2023 \u00d6ffentlichkeitsfahndung nach vermisstem 27-J\u00e4hrigen (Ludwigshafen) \u2013 Seit Mittwoch, 05.07.2023, wird der in Ludwigshafen wohnende 27-j\u00e4hrige Herr S. vermisst. <a class=\"mh-excerpt-more\" href=\"https:\/\/speyer24news.com\/?p=53636\" title=\"Vermisste Person \/ Personensuche\">[&#8230;]<\/a><\/p>\n<\/div>","protected":false},"author":3,"featured_media":29028,"comment_status":"open","ping_status":"open","sticky":false,"template":"","format":"standard","meta":{"_monsterinsights_skip_tracking":false,"_monsterinsights_sitenote_active":false,"_monsterinsights_sitenote_note":"","_monsterinsights_sitenote_category":0,"footnotes":""},"categories":[15659],"tags":[153,2144,2388,10661,8199,14114,1881,11152,13261,1117,11286,13264,619,618,11287,12344,14519],"aioseo_notices":[],"amp_enabled":true,"_links":{"self":[{"href":"https:\/\/speyer24news.com\/index.php?rest_route=\/wp\/v2\/posts\/53636"}],"collection":[{"href":"https:\/\/speyer24news.com\/index.php?rest_route=\/wp\/v2\/posts"}],"about":[{"href":"https:\/\/speyer24news.com\/index.php?rest_route=\/wp\/v2\/types\/post"}],"author":[{"embeddable":true,"href":"https:\/\/speyer24news.com\/index.php?rest_route=\/wp\/v2\/users\/3"}],"replies":[{"embeddable":true,"href":"https:\/\/speyer24news.com\/index.php?rest_route=%2Fwp%2Fv2%2Fcomments&post=53636"}],"version-history":[{"count":3,"href":"https:\/\/speyer24news.com\/index.php?rest_route=\/wp\/v2\/posts\/53636\/revisions"}],"predecessor-version":[{"id":53650,"href":"https:\/\/speyer24news.com\/index.php?rest_route=\/wp\/v2\/posts\/53636\/revisions\/53650"}],"wp:featuredmedia":[{"embeddable":true,"href":"https:\/\/speyer24news.com\/index.php?rest_route=\/wp\/v2\/media\/29028"}],"wp:attachment":[{"href":"https:\/\/speyer24news.com\/index.php?rest_route=%2Fwp%2Fv2%2Fmedia&parent=53636"}],"wp:term":[{"taxonomy":"category","embeddable":true,"href":"https:\/\/speyer24news.com\/index.php?rest_route=%2Fwp%2Fv2%2Fcategories&post=53636"},{"taxonomy":"post_tag","embeddable":true,"href":"https:\/\/speyer24news.com\/index.php?rest_route=%2Fwp%2Fv2%2Ftags&post=53636"}],"curies":[{"name":"wp","href":"https:\/\/api.w.org\/{rel}","templated":true}]}}