{"id":53641,"date":"2023-07-13T07:40:41","date_gmt":"2023-07-13T06:40:41","guid":{"rendered":"https:\/\/speyer24news.com\/?p=53641"},"modified":"2023-07-13T07:40:44","modified_gmt":"2023-07-13T06:40:44","slug":"polizeimeldungen-mittwoch-12-07-2023","status":"publish","type":"post","link":"https:\/\/speyer24news.com\/?p=53641","title":{"rendered":"Polizeimeldungen Mittwoch (12.07.2023)"},"content":{"rendered":"<style type=\"text\/css\">\r\n\t.ads_top_disp{}\r\n\t.ads_top_corner_disp{ float:left; margin:0px 10px 10px 0px; }\r\n\t.ads_first_p_disp{}\r\n\t.ads_bottom_disp{}\r\n\t<\/style>\n<h2 class=\"wp-block-heading\">Polizeimeldungen vom Mittwoch (12.07.2023)<\/h2>\n\n\n<div class=\"wp-block-image\">\n<figure class=\"aligncenter size-full\"><img decoding=\"async\" loading=\"lazy\" width=\"375\" height=\"500\" src=\"https:\/\/speyer24news.com\/wp-content\/uploads\/2022\/03\/Aktuelles-Polizeilogo.jpg\" alt=\"\" class=\"wp-image-43591\" srcset=\"https:\/\/speyer24news.com\/wp-content\/uploads\/2022\/03\/Aktuelles-Polizeilogo.jpg 375w, https:\/\/speyer24news.com\/wp-content\/uploads\/2022\/03\/Aktuelles-Polizeilogo-225x300.jpg 225w\" sizes=\"(max-width: 375px) 100vw, 375px\" \/><\/figure><\/div>\n\n\n<h2 class=\"wp-block-heading\">(Speyer) &#8211; Unfall nach geplatztem Reifen<\/h2>\n\n\n\n<p>Am 11.07.2023 gegen 20:33 Uhr befuhr eine 18-J\u00e4hrige mit ihrem PKW die Geibstra\u00dfe und bog mit der abknickenden Vorfahrtsstra\u00dfe in die Stra\u00dfe Am Neuen Rheinhafen ab. In der Kurve platzte der linke Vorderreifen, wodurch die 18-J\u00e4hrige die Kontrolle \u00fcber den PKW verlor und mit der Fahrzeugfront gegen eine am rechten Fahrbahnrand befindliche Laterne stie\u00df. Am PKW entstand Totalschaden, die Laterne wurde leicht besch\u00e4digt. Infolge des Unfalles l\u00f6sten im Fahrzeug die Airbags aus. Die Fahrerin und ihre Beifahrerin verletzten sich leicht und wurden durch den Rettungsdienst in ein nahegelegenes Krankenhaus gebracht.<\/p>\n\n\n\n<h2 class=\"wp-block-heading\">(Speyer) &#8211; Rennradfahrer f\u00e4hrt auf LKW auf<\/h2>\n\n\n\n<p>Am 11.07.2023 gegen 17:45 Uhr fuhr ein 66-J\u00e4hriger mit seinem LKW und Auflieger die Joachim-Becher-Stra\u00dfe in Fahrtrichtung der Stra\u00dfe Am neuen Rheinhafen. Als der Fahrer ein Knallger\u00e4usch wahrnahm, stoppte er sein Fahrzeug und fand hinter dem Auflieger einen gest\u00fcrzten 62-j\u00e4hrigen Rennradfahrer. Dieser hatte nach bisherigem Stand der Ermittlungen vor dem Unfall den Windschatten des LKW\u00b4s ausgenutzt und war aufgrund zu geringem Sicherheitsabstand auf den Auflieger aufgefahren. Der Radfahrer war ansprechbar, konnte sich aber nicht mehr an den Unfallhergang erinnern. Er wurde durch einen Rettungsdienst in ein nahegelegenes Krankenhaus gebracht. Am LKW entstand kein Sachschaden. Das hochwertige Carbon-Rennrad brach bei dem VU auseinander.<\/p>\n\n\n\n<ul>\n<li><strong>Zeugen, die den Unfall beobachtet haben, werden gebeten, ihre Wahrnehmungen der Polizei Speyer telefonisch oder per E-Mail mitzuteilen (Tel. 06232 \/ 137-0, E-Mail an\u00a0<a href=\"mailto:%20pispeyer@polizei.rlp.de\">pispeyer@polizei.rlp.de<\/a>. )<\/strong><\/li>\n<\/ul>\n\n\n\n<h2 class=\"wp-block-heading\">(Speyer) &#8211; Polizeiliche Bilanz des Brezelfestes 2023<\/h2>\n\n\n<div class=\"wp-block-image\">\n<figure class=\"aligncenter size-full\"><img decoding=\"async\" loading=\"lazy\" width=\"800\" height=\"600\" src=\"https:\/\/speyer24news.com\/wp-content\/uploads\/2023\/07\/Brezellauf-2023-51.jpg\" alt=\"\" class=\"wp-image-53404\" srcset=\"https:\/\/speyer24news.com\/wp-content\/uploads\/2023\/07\/Brezellauf-2023-51.jpg 800w, https:\/\/speyer24news.com\/wp-content\/uploads\/2023\/07\/Brezellauf-2023-51-300x225.jpg 300w, https:\/\/speyer24news.com\/wp-content\/uploads\/2023\/07\/Brezellauf-2023-51-768x576.jpg 768w, https:\/\/speyer24news.com\/wp-content\/uploads\/2023\/07\/Brezellauf-2023-51-678x509.jpg 678w, https:\/\/speyer24news.com\/wp-content\/uploads\/2023\/07\/Brezellauf-2023-51-326x245.jpg 326w, https:\/\/speyer24news.com\/wp-content\/uploads\/2023\/07\/Brezellauf-2023-51-80x60.jpg 80w\" sizes=\"(max-width: 800px) 100vw, 800px\" \/><\/figure><\/div>\n\n\n<p>Im Zeitraum von Donnerstag, den 06.07.2023, bis Dienstag, den 11.07.2023, fand das Speyerer Brezelfest statt. Die Polizei Speyer zeigte mit Unterst\u00fctzung des Polizeipr\u00e4sidiums Einsatz, Logistik und Technik an allen Tagen Pr\u00e4senz auf dem Festgel\u00e4nde. Eine insgesamt positive Bilanz zieht die Polizei bei dem diesj\u00e4hrigen Brezelfest. In den sechs Tagen mit \u00fcberdurchschnittlich hohen Temperaturen und dem entsprechenden Besucheraufkommen musste die Polizei lediglich sieben Anzeigen wegen K\u00f6rperverletzungen aufnehmen und drei Streitigkeiten schlichten.<\/p>\n\n\n\n<p>Ein 20-J\u00e4hriger musste in Gewahrsam genommen werden, weil er so stark alkoholisiert war, dass er nicht mehr wegef\u00e4hig war.<\/p>\n\n\n\n<p>Im Festverlauf erteilten die Polizeibeamten 12 Platzverweise. Zudem wurden drei Fahrraddiebst\u00e4hle, eine Bedrohung und eine Sachbesch\u00e4digung angezeigt.<\/p>\n\n\n\n<p>Zusammen mit der Stadt Speyer wurden bei Jugendschutzkontrollen und der \u00dcberwachung der Allgemeinverf\u00fcgung zahlreiche Tabakwaren und brandweinhaltige Getr\u00e4nke mit Einverst\u00e4ndnis vernichtet.<\/p>\n\n\n\n<p>Bei einer Jugendschutzkontrolle wurde ein 16-J\u00e4hriger kontrolliert, der bei der Personalienfeststellung fl\u00fcchtete. Er konnte im Domgarten eingeholt werden. Er begr\u00fcndete seine Flucht mit dem Besitz von einer geringen Menge Cannabis.<\/p>\n\n\n\n<p>Die Beamten stellten einen weiteren 16-J\u00e4hrigen fest, in dessen N\u00e4he es nach Bet\u00e4ubungsmitteln roch. Bei der Durchsuchung fanden die Polizisten einen Grinder mit Marihuana.<\/p>\n\n\n\n<h2 class=\"wp-block-heading\">(Hochdorf-Assenheim) &#8211; Wechselseitige K\u00f6rperverletzung mit Messer<\/h2>\n\n\n<div class=\"wp-block-image\">\n<figure class=\"aligncenter size-full\"><img decoding=\"async\" loading=\"lazy\" width=\"800\" height=\"621\" src=\"https:\/\/speyer24news.com\/wp-content\/uploads\/2021\/07\/Messer-Angriff-Bedrohung-2.jpg\" alt=\"\" class=\"wp-image-38504\" srcset=\"https:\/\/speyer24news.com\/wp-content\/uploads\/2021\/07\/Messer-Angriff-Bedrohung-2.jpg 800w, https:\/\/speyer24news.com\/wp-content\/uploads\/2021\/07\/Messer-Angriff-Bedrohung-2-300x233.jpg 300w, https:\/\/speyer24news.com\/wp-content\/uploads\/2021\/07\/Messer-Angriff-Bedrohung-2-768x596.jpg 768w\" sizes=\"(max-width: 800px) 100vw, 800px\" \/><figcaption class=\"wp-element-caption\">Symbolbild &#8222;\u00dcberfall Messer&#8220;, dient lediglich der Visualisierung<\/figcaption><\/figure><\/div>\n\n\n<p>Gegen 20:25 am 11.07.2023 kam es in der Hauptstra\u00dfe in Hochdorf-Assenheim zu einer k\u00f6rperlichen Auseinandersetzung zwischen zwei m\u00e4nnlichen Personen. Im Verlauf der Auseinandersetzung wurde durch einen T\u00e4ter ein Messer eingesetzt, jedoch keine lebensbedrohlichen Verletzungen zugef\u00fcgt. Die Hintergr\u00fcnde der Auseinandersetzung sind bislang nicht bekannt. Gegen beide T\u00e4ter wurden Strafverfahren eingeleitet und die Ermittlungen dauern an.<\/p>\n\n\n\n<ul>\n<li><strong>M\u00f6gliche Zeugen werden gebeten, sich unter der Telefonnummer 06235 &#8211; 495-0 oder per E-Mail (<a href=\"mailto:pischifferstadt@polizei.rlp.de\">pischifferstadt@polizei.rlp.de<\/a>) bei der Polizeiinspektion Schifferstadt zu melden.<\/strong><\/li>\n<\/ul>\n\n\n\n<h2 class=\"wp-block-heading\">(Bad Bergzabern) &#8211; Ver\u00f6ffentlichung der Verkehrsunfallstatistik 2022<\/h2>\n\n\n\n<p>Die polizeiliche Verkehrsunfallstatistik der Polizei Bad Bergzabern ist ab sofort unter der Internetpr\u00e4senz der Polizeiinspektion Bad Bergzabern abrufbar.<\/p>\n\n\n\n<p><a href=\"https:\/\/www.polizei.rlp.de\/die-polizei\/dienststellen\/polizeipraesidium-rheinpfalz\/unsere-dienststellen\/polizeidirektion-landau\/polizeiinspektion-bad-bergzabern\">https:\/\/www.polizei.rlp.de\/die-polizei\/dienststellen\/polizeipraesidium-rheinpfalz\/unsere-dienststellen\/polizeidirektion-landau\/polizeiinspektion-bad-bergzabern<\/a><\/p>\n\n\n\n<h2 class=\"wp-block-heading\">(B 10 \/ Landau-Nord) &#8211; Frontalzusammensto\u00df mit mehreren verletzten Personen<\/h2>\n\n\n<div class=\"wp-block-image\">\n<figure class=\"aligncenter size-full\"><img decoding=\"async\" loading=\"lazy\" width=\"800\" height=\"600\" src=\"https:\/\/speyer24news.com\/wp-content\/uploads\/2023\/07\/poMMes_2023-07-12_18-12-47_15.jpeg\" alt=\"\" class=\"wp-image-53642\" srcset=\"https:\/\/speyer24news.com\/wp-content\/uploads\/2023\/07\/poMMes_2023-07-12_18-12-47_15.jpeg 800w, https:\/\/speyer24news.com\/wp-content\/uploads\/2023\/07\/poMMes_2023-07-12_18-12-47_15-300x225.jpeg 300w, https:\/\/speyer24news.com\/wp-content\/uploads\/2023\/07\/poMMes_2023-07-12_18-12-47_15-768x576.jpeg 768w, https:\/\/speyer24news.com\/wp-content\/uploads\/2023\/07\/poMMes_2023-07-12_18-12-47_15-678x509.jpeg 678w, https:\/\/speyer24news.com\/wp-content\/uploads\/2023\/07\/poMMes_2023-07-12_18-12-47_15-326x245.jpeg 326w, https:\/\/speyer24news.com\/wp-content\/uploads\/2023\/07\/poMMes_2023-07-12_18-12-47_15-80x60.jpeg 80w\" sizes=\"(max-width: 800px) 100vw, 800px\" \/><\/figure><\/div>\n\n\n<p>Am 12.07.2023, gegen 15:42 Uhr, kam es auf der B10 bei Landau-Nord zu einem Verkehrsunfall mit mehreren verletzten Personen. Ein 62-j\u00e4hriger Mann aus Baden-W\u00fcrttemberg befuhr mit seinem Audi die B10 von Annweiler aus kommend. Auf H\u00f6he der Anschlussstelle Landau-Nord kam er, wahrscheinlich aus Unachtsamkeit, auf die Gegenfahrbahn und kollidierte dort frontal mit einem entgegenkommenden Kia eines Mannes aus dem Kreis S\u00fcdliche Weinstra\u00dfe. Hierbei wurden die Beifahrerin des Unfallverursachers und die beiden Insassen des Kia verletzt und mussten, f\u00fcr weitere Untersuchungen, in umliegende Krankenh\u00e4user eingeliefert werden. <\/p>\n\n\n<div class=\"wp-block-image\">\n<figure class=\"aligncenter size-full\"><img decoding=\"async\" loading=\"lazy\" width=\"800\" height=\"600\" src=\"https:\/\/speyer24news.com\/wp-content\/uploads\/2023\/07\/IMG_2605.jpg\" alt=\"\" class=\"wp-image-53643\" srcset=\"https:\/\/speyer24news.com\/wp-content\/uploads\/2023\/07\/IMG_2605.jpg 800w, https:\/\/speyer24news.com\/wp-content\/uploads\/2023\/07\/IMG_2605-300x225.jpg 300w, https:\/\/speyer24news.com\/wp-content\/uploads\/2023\/07\/IMG_2605-768x576.jpg 768w, https:\/\/speyer24news.com\/wp-content\/uploads\/2023\/07\/IMG_2605-678x509.jpg 678w, https:\/\/speyer24news.com\/wp-content\/uploads\/2023\/07\/IMG_2605-326x245.jpg 326w, https:\/\/speyer24news.com\/wp-content\/uploads\/2023\/07\/IMG_2605-80x60.jpg 80w\" sizes=\"(max-width: 800px) 100vw, 800px\" \/><\/figure><\/div>\n\n\n<p>An beiden PKW entstand Totalschaden in H\u00f6he von ca. 60.000 Euro und beide PKW mussten abgeschleppt werden. Die B10 musste f\u00fcr ca. 1 Stunde in beide Fahrtrichtungen gesperrt werden. Der Verkehr wurde \u00fcber die Anschlussstelle Landau-Nord abgeleitet. Der Unfallverursacher muss sich nun der Fahrl\u00e4ssigen K\u00f6rperverletzung verantworten.<\/p>\n\n\n\n<h2 class=\"wp-block-heading\">(Edenkoben) &#8211; Ladendiebstahl<\/h2>\n\n\n\n<p>Drei Jungs im Alter zwischen 13 und 14 Jahren wurden gestern in einem Einkaufsmarkt in der Staatsstra\u00dfe erwischt, wie sie kosmetische Artikel und verschiedene Parfums in ihren Hosentaschen verstauten. Anschlie\u00dfend begaben sie sich an die Kasse, wo sie lediglich zwei Packungen Kaugummi bezahlen wollten. Der Marktleiter bestellte die Streife ein, die die Jungs ihren Eltern \u00fcbergab. Ein Ermittlungsverfahren wegen Ladendiebstahl wurde gegen alle drei eingeleitet.<\/p>\n\n\n\n<h2 class=\"wp-block-heading\">(L 542 \/ Venningen) &#8211; Abgelenkt durchs Handy<\/h2>\n\n\n\n<p>Infolge Ablenkung durch die Nutzung des mitgef\u00fchrten Handys kam Dienstagabend (11.07.2023, 18.20 Uhr) auf der L 542 zwischen Kirrweiler und Venningen ein 31 Jahre alter Autofahrer von seiner Fahrspur nach links ab und kollidierte mit dem Fahrzeug eines entgegenkommenden 22-J\u00e4hrigen. W\u00e4hrend am Fahrzeug des Unfallverursachers nur leichte Besch\u00e4digungen am hinteren Fahrzeugteil entstand, wurde am anderen Fahrzeug die gesamte linke Fahrzeugseite demoliert. Der Gesamtunfallschaden liegt bei knapp 8.000 Euro. Die Polizei appelliert: Die Ablenkung durch das Handy am Steuer ist in Deutschland ein gro\u00dfes Problem und eine untersch\u00e4tzte Gefahr. Schon bei Tempo 50 legt man innerhalb von zwei Sekunden mehr als die L\u00e4nge eines Tennisplatzes zur\u00fcck &#8211; wer in dieser Zeit aufs Handy schaut, ist 30 Meter blind unterwegs. Wer bei 100 km\/h f\u00fcnf Sekunden aufs Smartphone schaut, durchf\u00e4hrt blind mehr als die L\u00e4nge eines Fu\u00dfballfeldes.<\/p>\n\n\n\n<h2 class=\"wp-block-heading\">(Friedelsheim) &#8211; Verkehrskontrollen<\/h2>\n\n\n\n<p>Am 11.07.2023 zwischen 12:00 Uhr und 12:45 Uhr wurde in Friedelsheim in Fahrtrichtung Wachenheim, eine Verkehrskontrolle durchgef\u00fchrt. Aufgrund der Eingabe eines B\u00fcrgers, wurde eine Kontrollstelle zur \u00dcberpr\u00fcfung des Radverkehrs errichtet. Im genannten Zeitraum konnten keine Radfahrer festgestellt werden, die den Gehweg verbotswidrig befuhren. Insgesamt passierten 4 Fahrr\u00e4der die Kontrollstelle, welche sich jedoch allesamt an die geltenden Verkehrsregeln hielten.<\/p>\n\n\n\n<h2 class=\"wp-block-heading\">(Carlsberg) &#8211; Zwei Waldbr\u00e4nde<\/h2>\n\n\n\n<p>Am 11.07.2023 gegen 17:00 Uhr wurde der Polizeiinspektion Gr\u00fcnstadt ein Brand im Waldgebiet in Carlsberg mitgeteilt. Beim Eintreffen war das Feuer bereits durch die Feuerwehr gel\u00f6scht worden. Die Feuerwehr der Verbandsgemeinde Leiningerland war mit 37 Einsatzkr\u00e4ften sowie 10 Fahrzeugen im Einsatz. In der N\u00e4he eines Waldweges hatte es an zwei Stellen gebrannt, wobei ein Brand den Weiteren durch Funkenflug ausl\u00f6ste. Es handelt sich um Fl\u00e4chen von 200 qm bzw. 600 qm. Als Brandursache kann eine Selbstentz\u00fcndung nicht ausgeschlossen werden.<\/p>\n\n\n\n<h2 class=\"wp-block-heading\">(Hettenleidelheim) &#8211; Verkehrsunfall mit mehreren verletzten Personen<\/h2>\n\n\n\n<p>Am Dienstag (11.07.2023) gegen 08:00 Uhr kam es zum Zusammensto\u00df zweier Pkw. Die 40-j\u00e4hrige Fahrerin eines Kia befuhr die Poststra\u00dfe in Fahrtrichtung &#8222;In der Union&#8220; in Hettenleidelheim und beabsichtigte, den Kreuzungsbereich zu passieren. Hierbei \u00fcbersah sie die vorfahrtberechtigte 35-j\u00e4hrige Audi-Fahrerin und es kam zur Kollision. Durch den Zusammensto\u00df wurden beide Fahrerinnen sowie der im Audi befindlichen drei Kinder im Alter von 5 und 7 Jahren leicht verletzt. Alle Beteiligten wurden in umliegende Krankenh\u00e4user verbracht. An beiden Pkw entstand Sachschaden in H\u00f6he von insgesamt ca. 20.000 Euro.<\/p>\n\n\n\n<h2 class=\"wp-block-heading\">(Frankenthal) &#8211; Diebstahl beim Einkaufen<\/h2>\n\n\n<div class=\"wp-block-image\">\n<figure class=\"aligncenter size-full\"><img decoding=\"async\" loading=\"lazy\" width=\"640\" height=\"426\" src=\"https:\/\/speyer24news.com\/wp-content\/uploads\/2020\/12\/Taschendiebstahl.jpg\" alt=\"\" class=\"wp-image-31455\" srcset=\"https:\/\/speyer24news.com\/wp-content\/uploads\/2020\/12\/Taschendiebstahl.jpg 640w, https:\/\/speyer24news.com\/wp-content\/uploads\/2020\/12\/Taschendiebstahl-300x200.jpg 300w\" sizes=\"(max-width: 640px) 100vw, 640px\" \/><figcaption class=\"wp-element-caption\">Beispielbild Diebstahl, dient lediglich der Visualisierung.<\/figcaption><\/figure><\/div>\n\n\n<p>Am Dienstag, den 11.07.2023 gegen 11:00 Uhr wurde einem 87-j\u00e4hrigen Gesch\u00e4digten in einem Supermarkt in der Eisenbahnstra\u00dfe in Frankenthal der Geldbeutel entwendet. Vermutlich wurde dieser beim Anrempeln durch eine junge Dame aus einer Umh\u00e4ngetasche genommen. <\/p>\n\n\n\n<ul>\n<li><strong>Die junge Dame sei etwa 30 Jahre alt, habe blondes, lockiges Haar und war mit einem bunten Oberteil bekleidet.<\/strong><\/li>\n<\/ul>\n\n\n\n<p> Aufgrund der laufenden Ermittlungen sucht die Polizei nach Zeugen des Vorfalls und bittet um Hinweise zur Identit\u00e4t der T\u00e4terin.<\/p>\n\n\n\n<ul>\n<li><strong>Zeugen werden gebeten sich an die Polizeiinspektion Frankenthal unter der Tel.-Nr.: 06233\/313-0 oder an die Polizeiwache Maxdorf unter der Tel.-Nr.: 06237\/934-1100 zu wenden. Gerne nehmen wir Ihre Hinweise auch per E-Mail unter\u00a0<a href=\"mailto:%20pifrankenthal@polizei.rlp.de\">pifrankenthal@polizei.rlp.de<\/a>\u00a0entgegen.<\/strong><\/li>\n<\/ul>\n\n\n\n<h2 class=\"wp-block-heading\">(Ludwigshafen) &#8211; Mit gestohlenem Roller vor Polizei gefl\u00fcchtet<\/h2>\n\n\n\n<p>Weil sie am Dienstag (11.07.2023), gegen 22 Uhr, in der Bayreuther Stra\u00dfe ohne Licht und ohne Helm mit einem Roller fuhren, sollten ein 17-J\u00e4hriger und sein 21-j\u00e4hriger Sozius einer Verkehrskontrolle unterzogen werden. Entsprechende Haltesignale durch die Polizeikr\u00e4fte ignorierten sie und fl\u00fcchteten. In der Bliesstra\u00dfe stellten sie den Roller schlie\u00dflich ab und konnten nach kurzer Verfolgung zu Fu\u00df gestellt werden.<\/p>\n\n\n\n<p>Bei einer Personendurchsuchung des 17-J\u00e4hrigen konnte eine geringe Menge Haschisch sichergestellt werden. Der Jugendliche, der nicht in Besitz einer g\u00fcltigen Fahrerlaubnis ist, gab an, er habe vor der Fahrt Haschisch konsumiert. Er wurde f\u00fcr die Entnahme einer Blutprobe zur Polizeidienststelle mitgenommen.<\/p>\n\n\n\n<p>W\u00e4hrend der Sachverhaltsaufnahme stellte sich zudem heraus, dass der Roller einige Tage zuvor gestohlen worden war.<\/p>\n\n\n\n<h2 class=\"wp-block-heading\">(Ludwigshafen) &#8211; Verkehrsunfall mit verletztem Fahrradfahrer<\/h2>\n\n\n\n<p>Am Dienstagnachmittag gegen 16:45 Uhr, befuhr ein 32-J\u00e4hriger mit seinem Auto die Wredestra\u00dfe in Fahrtrichtung Heinigstra\u00dfe. Beim Abbiegevorgang brachte er den von rechts kommenden Fahrradfahrer zum Sturz. Hierdurch erlitt dieser Sch\u00fcrfwunden an Kopf und Bein. Eine \u00e4rztliche Behandlung wurde abgelehnt.<\/p>\n\n\n\n<h2 class=\"wp-block-heading\">(Ludwigshafen) &#8211; Leicht verletzt bei Unfall<\/h2>\n\n\n\n<p>In der Sternstra\u00dfe wurde am Dienstag (11.07.2023), gegen 12:30 Uhr, eine 31-j\u00e4hrige Elektroroller-Fahrerin bei einem Unfall leicht verletzt. Eine 63-j\u00e4hrige Autofahrerin hatte beim Abbiegen die Vorfahrt der 31-J\u00e4hrigen, die entgegen der vorgeschriebenen Fahrtrichtung gefahren war, missachtet. Der Sachschaden wird derzeit auf etwa 1.000 Euro gesch\u00e4tzt.<\/p>\n\n\n\n<p>Auch in der B\u00fcrgermeister-Gr\u00fcnzweigstra\u00dfe kam es am Dienstagmittag, gegen 14:40 Uhr, zu einem Auffahrunfall bei dem ein 41-j\u00e4hriger Autofahrer leicht verletzt wurde. Die 21-j\u00e4hrige Fahrerin des auffahrenden Autos blieb unverletzt. Insgesamt d\u00fcrfte sich der Sachschaden auf etwa 800 Euro belaufen.<\/p>\n\n\n\n<h2 class=\"wp-block-heading\">(Ludwigshafen) &#8211; Fahrradkontrolle in der Bismarckstra\u00dfe<\/h2>\n\n\n\n<p>Insgesamt f\u00fcnf Verst\u00f6\u00dfe wegen Befahren einer Fu\u00dfg\u00e4ngerzone mit einem Fahrrad konnten Polizeikr\u00e4fte am 11.07.2023 zwischen 11:00 Uhr und 12:00 Uhr im Rahmen einer eingerichteten Kontrollstelle in der Bismarckstra\u00dfe feststellen. Die verantwortlichen Fahrradfahrer wurden vor Ort verwarnt.<\/p>\n\n\n\n<h2 class=\"wp-block-heading\">(Ludwigshafen) &#8211; Einbruch in Ger\u00e4teschuppen<\/h2>\n\n\n\n<p>Am Morgen des 11.07.2023 meldete eine Zeugin einen Einbruch in den Ger\u00e4teschuppen der Kindertagesst\u00e4tte Albert-Schweitzer in Ludwigshafen. Bislang unbekannte T\u00e4ter hebelten die T\u00fcr zum Ger\u00e4teschuppen auf und durchw\u00fchlten diesen. Durch den Einbruch entstand ein Schaden in H\u00f6he von rund 50 Euro.<\/p>\n\n\n\n<ul>\n<li><strong>Haben Sie verd\u00e4chtige Personen an der Kindertagesst\u00e4tte beobachtet?<\/strong><\/li>\n<\/ul>\n\n\n\n<ul>\n<li><strong>Sachdienliche Hinweise bitte an die Polizeiinspektion Ludwigshafen 1, Telefonnummer 0621 963-2122 oder per E-Mail\u00a0<a href=\"mailto:%20piludwigshafen1@polizei.rlp.de\">piludwigshafen1@polizei.rlp.de<\/a>\u00a0.<\/strong><\/li>\n<\/ul>\n\n\n\n<h2 class=\"wp-block-heading\">(Ludwigshafen) &#8211; Auto aufgebrochen \/ Zeugen gesucht<\/h2>\n\n\n\n<p>In der Nacht von Montag auf Dienstag schlugen Unbekannte die Scheibe eines in Von-Weber-Stra\u00dfe abgestellten Autos ein und durchsuchten den Innenraum. Nach ersten Ermittlungen wurden keine Wertsachen entwendet. Es entstand ein Sachschaden von circa 500 Euro.<\/p>\n\n\n\n<ul>\n<li><strong>Wer hat die Tat beobachtet oder im Tatzeitraum im Bereich der Von-Weber-Stra\u00dfe\/H\u00e4ndelstra\u00dfe verd\u00e4chtige Personen wahrgenommen?<\/strong><\/li>\n<\/ul>\n\n\n\n<ul>\n<li><strong>Sachdienliche Hinweise nimmt die Kriminalpolizei Ludwigshafen unter der Telefonnummer 0621\/963-2773 oder per E-Mail\u00a0<a href=\"mailto:%20kiludwigshafen.k1.kdd@polizei.rlp.de\">kiludwigshafen.k1.kdd@polizei.rlp.de<\/a>\u00a0entgegen.<\/strong><\/li>\n<\/ul>\n\n\n\n<h2 class=\"wp-block-heading\">(Mannheim) &#8211; Fahrzeugbrand<\/h2>\n\n\n\n<p>Aus bislang unbekannter Ursache geriet am Mittwoch gegen 10:30 Uhr ein Fahrzeug in der Frankenthaler Stra\u00dfe zwischen Scharhof und BAB 6 im Stadtteil Sandhofen in Brand. Aktuell kommt es zum Einsatz von Polizei und Feuerwehr. Nach bisherigem Kenntnisstand gibt es keine Verletzten. F\u00fcr die L\u00f6scharbeiten wurde die Frankenthaler Stra\u00dfe vollst\u00e4ndig gesperrt. Es kann zu Verkehrsbehinderungen kommen.<\/p>\n\n\n\n<h3 class=\"wp-block-heading has-text-align-center\">Pressemeldung Nr. 2<\/h3>\n\n\n\n<p>Wom\u00f6glich aufgrund eines technischen Defekts geriet ein Fahrzeug gegen 10:30 Uhr in der Frankenthaler Stra\u00dfe, zwischen Scharhof und BAB 6, in Brand. Der Brand konnte durch die Feuerwehr vollst\u00e4ndig gel\u00f6scht werden. Das Fahrzeug wurde abgeschleppt. Die Verkehrssperrungen konnten nach der Bergung wieder vollst\u00e4ndig aufgehoben werden. Die Fahrbahn ist seit 11:36 Uhr wieder befahrbar. Der Schaden wird auf einen h\u00f6heren vierstelligen Betrag gesch\u00e4tzt.<\/p>\n\n\n\n<h2 class=\"wp-block-heading\">(Mannheim) &#8211; Mehrere tausend Euro Diebstahlschaden nach Einbruch in Mehrfamilienhaus<\/h2>\n\n\n\n<p>In dem Zeitraum von Dienstag, 20 Uhr, bis Mittwoch, 01:00 Uhr, verschaffte sich eine bisher unbekannte T\u00e4terschaft Zutritt in eine Wohnung eines Mehrfamilienhauses in der Dononstra\u00dfe. Mit einem bislang unbekannten Gegenstand hebelte die T\u00e4terschaft gewaltsam die Balkont\u00fcr auf und gelangte so in das Innere der Wohnung. Nachdem sich die Unbekannten eine Spiegelreflexkamera, ein Kulturbeutel, Goldschmuck und einen Bargeldbetrag aneignete, fl\u00fcchtete diese \u00fcber die Balkont\u00fcr in unbekannte Richtung. An der Balkont\u00fcr entstand ein Schaden von rund 1.000 Euro. Der Diebstahlschaden befindet sich nach derzeitigen Ermittlungen im niedrigen f\u00fcnfstelligen Bereich<\/p>\n\n\n\n<p>Die Spezialisten und Spezialistinnen f\u00fcr Eigentumsdelikte der Kriminalpolizeidirektion Heidelberg haben die Ermittlungen wegen Einbruchdiebstahl aufgenommen und die Spuren werden derzeit kriminaltechnisch ausgewertet. <\/p>\n\n\n\n<ul>\n<li><strong>Zeugen, die das Geschehen beobachten konnten bzw. denen verd\u00e4chtige Personen in der N\u00e4he des Tatorts aufgefallen sind, werden gebeten, sich an das kriminalpolizeiliche Hinweistelefon unter 0621\/ 174-4444 zu wenden.<\/strong><\/li>\n<\/ul>\n\n\n\n<h2 class=\"wp-block-heading\">(Mannheim) &#8211; Stra\u00dfensperrung aufgrund eines Wasserrohrbruches<\/h2>\n\n\n<div class=\"wp-block-image\">\n<figure class=\"aligncenter size-full\"><img decoding=\"async\" loading=\"lazy\" width=\"640\" height=\"480\" src=\"https:\/\/speyer24news.com\/wp-content\/uploads\/2020\/01\/Vollsperrung-1.jpg\" alt=\"\" class=\"wp-image-24649\" srcset=\"https:\/\/speyer24news.com\/wp-content\/uploads\/2020\/01\/Vollsperrung-1.jpg 640w, https:\/\/speyer24news.com\/wp-content\/uploads\/2020\/01\/Vollsperrung-1-300x225.jpg 300w, https:\/\/speyer24news.com\/wp-content\/uploads\/2020\/01\/Vollsperrung-1-326x245.jpg 326w, https:\/\/speyer24news.com\/wp-content\/uploads\/2020\/01\/Vollsperrung-1-80x60.jpg 80w\" sizes=\"(max-width: 640px) 100vw, 640px\" \/><\/figure><\/div>\n\n\n<p>Am Dienstag musste aufgrund eines Wasserrohrbruches und der daraus resultierenden mehrfachen Fahrbahnabsenkung im Einm\u00fcndungsbereich der Rohrlachstra\u00dfe diese in Fahrtrichtung Karolinger Weg zwischen 07.45 Uhr und 09.30 Uhr komplett gesperrt werden. Die Bauma\u00dfnahmen werden, aller Voraussicht nach, noch mindestens eine Woche andauern. <\/p>\n\n\n\n<h4 class=\"wp-block-heading\">Da f\u00fcr die Anwohner ab dem Karolinger Weg kein weiterer Zufahrtsweg vorhanden ist, wurden folgende Anfahrtswege festgelegt:<\/h4>\n\n\n\n<ul>\n<li><strong>Zufahrt \u00fcber die Kloppenheimer Stra\u00dfe, den (verl\u00e4ngerten) B\u00f6sfeldweg 1 gegen\u00fcber des Schlittweges, Autobahnunterf\u00fchrung bis zum Parkplatz im Rohrlachweg<\/strong><\/li>\n\n\n\n<li><strong>asphaltierter Feldweg direkt an den Bahnschienen in Richtung SAP-Arena<\/strong><\/li>\n<\/ul>\n\n\n\n<p>Die Anwohner werden gebeten die beschriebenen Strecken zu nutzen. Im Laufe des Tages werden die Umleitungen ausgeschildert. Weitere Informationen werden durch die Stadt Mannheim mitgeteilt<\/p>\n\n\n\n<h2 class=\"wp-block-heading\">(Mannheim) &#8211; Autofahrerin nach Abbiegefehler gefl\u00fcchtet \/ Polizei sucht Zeugen<\/h2>\n\n\n\n<p>Am Dienstag fuhr um kurz vor 9 Uhr ein 71-J\u00e4hriger mit seinem E-Bike auf der Einbahnstra\u00dfe zwischen H1 und H2, als er von einem schwarzen Fiat \u00fcberholt wurde. Pl\u00f6tzlich bog das Auto in die Stra\u00dfe zwischen G2 und H2 ab, ohne aber auf den Radfahrer zu achten. Der so Geschnittene musste stark abbremsen, um im letzten Augenblick einen Zusammensto\u00df mit dem Fiat zu verhindern. Der 71-J\u00e4hrige st\u00fcrzte und verletzte sich leicht. Eine Behandlung des Seniors im Krankenhaus war aber nicht von N\u00f6ten. Sein E-Bike blieb ohne Schaden. Die Fiat-Fahrerin fuhr weiter ohne ihren Warte- und Feststellungspflichten nachzukommen.<\/p>\n\n\n\n<p>Bei der Unfallverursacherin soll es sich um eine blonde Frau handeln, die einen schwarzen Fiat-Kleinwagen fuhr.<\/p>\n\n\n\n<p>Die Polizei leitete die Ermittlungen wegen Unfallflucht ein.<\/p>\n\n\n\n<ul>\n<li><strong>Zeugen, die sachdienliche Hinweise geben k\u00f6nnen, werden gebeten sich beim Polizeirevier Mannheim-Neckarstadt, unter der Telefonnummer 0621-3301-0, zu melden.<\/strong><\/li>\n<\/ul>\n\n\n\n<h2 class=\"wp-block-heading\">(Mannheim-Feudenheim) &#8211; Verkehrsunfall mit Beteiligung eines Rettungswagen<\/h2>\n\n\n\n<p>Derzeit findet eine Verkehrsunfallaufnahme im Bereich der Banater Stra\u00dfe\/Ilvesheimer Stra\u00dfe in Mannheim statt. An dem Verkehrsunfall ist auch ein Rettungswagen beteiligt. Mit Verkehrsbehinderungen muss gerechnet werden. Details zum Unfallhergang oder verletzten Personen liegen noch nicht vor. <em>12.07.2023 \u2013 20:22<\/em><\/p>\n\n\n\n<h3 class=\"wp-block-heading has-text-align-center\">Pressemeldung Nr. 2<\/h3>\n\n\n\n<p>Wie bereits berichtet, kam es am Mittwochabend, gegen 20.05 Uhr, im Kreuzungsbereich Banater Stra\u00dfe \/ Ilvesheimer Stra\u00dfe in Mannheim-Feudenheim zu einem Verkehrsunfall zwischen einem Pkw und einem Rettungswagen. Der Rettungswagen, der mit eingeschaltetem Blaulicht und Signalhorn unterwegs war, kollidierte mit einer 70-j\u00e4hrigen Autofahrerin, die aus Richtung Ilvesheim mit ihrem VW in die Kreuzung einfuhr. Durch den Zusammensto\u00df wurde ihr Auto nach links in Richtung einer Verkehrsinsel abgewiesen und prallte dort gegen einen Ampelmast. Ein dort wartender 17-j\u00e4hriger Fahrradfahrer konnte sich geistesgegenw\u00e4rtig durch einen Sprung von seinem Fahrrad retten und wurde gl\u00fccklicherweise nur leicht verletzt. Ein 58-j\u00e4hriger Notfallsanit\u00e4ter wurde schwer, aber nicht lebensgef\u00e4hrlich verletzt. Die Autofahrerin erlitt nur leichte Verletzungen. Insgesamt entstand ein Sachschaden von ca. 18.000 Euro. Die Kreuzung war wegen der Unfallaufnahme bis etwa 22.15 Uhr gesperrt. Der Verkehr wurde \u00f6rtlich umgeleitet. Die Ermittlungen zum Unfallhergang haben die Spezialisten des Verkehrsdienstes Mannheim aufgenommen.<\/p>\n\n\n\n<h2 class=\"wp-block-heading\">(Heidelberg) &#8211; Unbekannter verursacht Unfall und fl\u00fcchtet \/ Verletzte Motorradfahrerin &#8211; weitere Zeugen gesucht!<\/h2>\n\n\n<div class=\"wp-block-image\">\n<figure class=\"aligncenter size-full\"><img decoding=\"async\" loading=\"lazy\" width=\"801\" height=\"600\" src=\"https:\/\/speyer24news.com\/wp-content\/uploads\/2020\/05\/Zeugen-gesucht-Neutral.jpg\" alt=\"\" class=\"wp-image-26598\" srcset=\"https:\/\/speyer24news.com\/wp-content\/uploads\/2020\/05\/Zeugen-gesucht-Neutral.jpg 801w, https:\/\/speyer24news.com\/wp-content\/uploads\/2020\/05\/Zeugen-gesucht-Neutral-300x225.jpg 300w, https:\/\/speyer24news.com\/wp-content\/uploads\/2020\/05\/Zeugen-gesucht-Neutral-768x575.jpg 768w, https:\/\/speyer24news.com\/wp-content\/uploads\/2020\/05\/Zeugen-gesucht-Neutral-678x509.jpg 678w, https:\/\/speyer24news.com\/wp-content\/uploads\/2020\/05\/Zeugen-gesucht-Neutral-326x245.jpg 326w, https:\/\/speyer24news.com\/wp-content\/uploads\/2020\/05\/Zeugen-gesucht-Neutral-80x60.jpg 80w\" sizes=\"(max-width: 801px) 100vw, 801px\" \/><\/figure><\/div>\n\n\n<p>Um einem in einer Einsatzfahrt befindlichem Rettungswagen in der Speyerer Stra\u00dfe in Richtung Schwetzingen Platz zu schaffen, wechselte eine 64-j\u00e4hrige Pkw-Fahrerin von der rechten auf die linke Fahrspur. Hierdurch f\u00fchlte sich ein bislang unbekannter Pkw-Fahrer wom\u00f6glich gest\u00f6rt und hupte die Frau mehrfach an. Nachdem der Rettungswagen die Rettungsgasse passierte, \u00fcberholte der unbekannte Fahrer die 64-J\u00e4hrige und bremste diese bis zum Stillstand aus. Durch das pl\u00f6tzliche und abrupte Abbremsen gelang es einer dahinter befindlichen 29-j\u00e4hrigen Motorradfahrerin trotz eingeleiteter Vollbremsung nicht mehr rechtzeitig zum Stehen zu kommen und kollidierte folglich dem Pkw der 64-J\u00e4hrigen. Die 29-J\u00e4hrige st\u00fcrzte und zog sich leichte Verletzungen an der Schulter zu. Ein Rettungswagen brachte die Motorradfahrerin in ein Krankenhaus. Durch den Zusammensto\u00df wurde der Pkw sowie das Motorrad besch\u00e4digt. Die auslaufenden Betriebsstoffe des Motorrads wurden auf der Fahrbahn durch die Feuerwehr beseitigt. Der Unfallverursacher fl\u00fcchtete in unbekannte Richtung.<\/p>\n\n\n\n<p>Bei dem Fahrzeug soll es sich um einen wei\u00dfen Kleinwagen mit Heidelberger Zulassung handeln.<\/p>\n\n\n\n<ul>\n<li><strong>Der Verkehrsdienst Heidelberg hat die Ermittlungen aufgenommen und bittet Zeugen, die das Geschehen beobachten konnten oder zur Identifizierung beitragen k\u00f6nnen, sich unter der Telefonnummer: 0621\/174-4111 zu melden.<\/strong><\/li>\n<\/ul>\n\n\n\n<h2 class=\"wp-block-heading\">(Heidelberg) &#8211; E-Scooter zerkratzt geparktes Auto \/ Unfallflucht<\/h2>\n\n\n\n<p>Als eine 34-j\u00e4hrige Frau am Dienstag, gegen 21 Uhr, nach einem Krankenhausaufenthalt zu ihrem in der Bachstra\u00dfe geparkten VW zur\u00fcckkehrte, musste sie feststellen, dass eine Seite ihres Autos stark verkratzt worden war. Eine Streife des Polizeireviers Heidelberg-Nord untersuchte die Besch\u00e4digung und konnte einen in der N\u00e4he abgestellten Leih-E-Scooter als wahrscheinlichen Verursacher identifizieren. Nach ersten Ermittlungen anhand des korrespondierenden Spurenbildes streifte der E-Scooter mit dem Lenker w\u00e4hrend der Vorbeifahrt die rechte Front des VW. Der Nutzer oder die Nutzerin meldete den verursachten Schaden aber nicht, sondern entfernte sich unerkannt von der \u00d6rtlichkeit, weshalb die Polizei die Ermittlungen wegen Unfallflucht aufnahm.<\/p>\n\n\n\n<h2 class=\"wp-block-heading\">(Heidelberg) &#8211; Autofahrer greift Fahrradfahrer an \/ Zeugen gesucht!<\/h2>\n\n\n\n<p>Dienstagvormittag gegen 11:30 Uhr fuhr ein 27-j\u00e4hriger Radfahrer auf der Montpellierbr\u00fccke in Richtung Heidelberg. Da er an der Kreuzung in die Lessingstra\u00dfe Richtung Hauptbahnhof abbiegen wollte, musste er aufgrund der roten Lichtzeichenanlage an der Kreuzung anhalten. Ein bislang unbekannter Autofahrer hinter ihm begann zu hupen, stieg aus, beleidigte den 27-J\u00e4hrigen und schubste ihn zweimal. Ein LKW-Fahrer, der \u00fcber die Kreuzung in Richtung Ringstra\u00dfe weiterfahren wollte, wurde auf die Auseinandersetzung aufmerksam und sprach den Autofahrer auf sein Verhalten an, weshalb sich dieser wieder zur\u00fcck in sein Auto begab. Es soll sich dabei um einen wei\u00dfen Kleinbus gehandelt haben.<\/p>\n\n\n\n<ul>\n<li><strong>Das Polizeirevier Heidelberg-Mitte hat die weiteren Ermittlungen aufgenommen. Zeugen, die das Geschehen beobachtet haben und sachdienliche Hinweise geben k\u00f6nnen, werden gebeten, sich unter der Tel.: 06221-1857-0 zu melden.<\/strong><\/li>\n<\/ul>\n\n\n\n<h2 class=\"wp-block-heading\">(Heidelberg) &#8211; Bislang unbekanntes M\u00e4nnertrio beleidigen Theatergruppe auf Karlsplatz \/ Zeugen gesucht!<\/h2>\n\n\n<div class=\"wp-block-image\">\n<figure class=\"aligncenter size-full\"><img decoding=\"async\" loading=\"lazy\" width=\"801\" height=\"600\" src=\"https:\/\/speyer24news.com\/wp-content\/uploads\/2020\/05\/Zeugen-gesucht-Neutral.jpg\" alt=\"\" class=\"wp-image-26598\" srcset=\"https:\/\/speyer24news.com\/wp-content\/uploads\/2020\/05\/Zeugen-gesucht-Neutral.jpg 801w, https:\/\/speyer24news.com\/wp-content\/uploads\/2020\/05\/Zeugen-gesucht-Neutral-300x225.jpg 300w, https:\/\/speyer24news.com\/wp-content\/uploads\/2020\/05\/Zeugen-gesucht-Neutral-768x575.jpg 768w, https:\/\/speyer24news.com\/wp-content\/uploads\/2020\/05\/Zeugen-gesucht-Neutral-678x509.jpg 678w, https:\/\/speyer24news.com\/wp-content\/uploads\/2020\/05\/Zeugen-gesucht-Neutral-326x245.jpg 326w, https:\/\/speyer24news.com\/wp-content\/uploads\/2020\/05\/Zeugen-gesucht-Neutral-80x60.jpg 80w\" sizes=\"(max-width: 801px) 100vw, 801px\" \/><\/figure><\/div>\n\n\n<p>Am Samstagabend, 08.07.2023, trat eine Theatergruppe vor \u00fcber 200 Zuschauern auf dem Karlsplatz auf und bot ihr Theaterst\u00fcck dar. Gegen 20:25 Uhr f\u00fchlten sich drei bislang unbekannte junge M\u00e4nner wom\u00f6glich durch die Darstellung der Schauspieler derart gest\u00f6rt, dass diese die Darsteller mehrfach lautstark homophob beleidigten. Der mehrfachen Aufforderung einer Darstellerin, die \u00d6rtlichkeit zu verlassen, kamen die Drei vorerst nicht nach. Da die unbekannten M\u00e4nner den lautstarken Disput mit ihr suchten, wurden auch Zuschauer auf die drei Unbekannten aufmerksam. Sie eilten der Darstellerin unterst\u00fctzend zur Seite, weshalb die drei Jugendlichen beschlossen, die \u00d6rtlichkeit zu verlassen.<\/p>\n\n\n\n<h4 class=\"wp-block-heading\">Die T\u00e4ter werden wie folgt beschrieben:<\/h4>\n\n\n\n<ol>\n<li><strong>T\u00e4ter: m\u00e4nnlich, circa 18 bis 20 Jahre alt, zwischen 175 und 180 cm gro\u00df, kurze blonde Haare, sportlich-athletische Figur, lief auf zwei Kr\u00fccken<\/strong><\/li>\n\n\n\n<li><strong>T\u00e4ter: m\u00e4nnlich, circa 18 bis 20 Jahre alt, lange blonde glatte Haare<\/strong><\/li>\n\n\n\n<li><strong>T\u00e4ter: m\u00e4nnlich, circa 18 bis 20 Jahre alt, kurze schwarze Haare<\/strong><\/li>\n<\/ol>\n\n\n\n<ul>\n<li><strong>Das Polizeirevier Heidelberg-Mitte hat die weiteren Ermittlungen \u00fcbernommen. Zeugen, die sachdienliche Hinweise geben k\u00f6nnen, die Tatverd\u00e4chtigen beobachtet oder zu deren Identifizierung beitragen k\u00f6nnen, werden gebeten, sich unter der Tel.: 06221-1857-0 zu melden.<\/strong><\/li>\n<\/ul>\n\n\n\n<h2 class=\"wp-block-heading\">(Hockenheim \/ Rhein-Neckar-Kreis) &#8211; Tod von zwei Kindern<\/h2>\n\n\n\n<h3 class=\"wp-block-heading has-text-align-center\">Pressemitteilung Nr. 3<\/h3>\n\n\n\n<h3 class=\"wp-block-heading\">Gemeinsame Pressemitteilung der Staatsanwaltschaft Mannheim und des Polizeipr\u00e4sidiums Mannheim<\/h3>\n\n\n\n<p>Im Fall der beiden toten Kinder aus Hockenheim liegt nach dem Obduktionsergebnis mittlerweile auch das Ergebnis des erg\u00e4nzend eingeholten feingeweblichen Gutachtens vor. Demnach ist davon auszugehen, dass beide Kinder zun\u00e4chst medikament\u00f6s sediert und dann ohne grobe Gewalteinwirkung erstickt wurden.<\/p>\n\n\n\n<p>Zudem wurde ein psychiatrisches Gutachten eingeholt. Nach dem vorl\u00e4ufigen schriftlichen Gutachten lag bei der Tatverd\u00e4chtigen zum Tatzeitpunkt eine verminderte Schuldf\u00e4higkeit vor.<\/p>\n\n\n\n<p>Gegen die Tatverd\u00e4chtige wird nach wie vor wegen des Verdachts des (heimt\u00fcckischen) Mordes in zwei F\u00e4llen ermittelt. Sie befindet sich weiter in Untersuchungshaft. Zum Tatvorwurf hat sich die Tatverd\u00e4chtige nach wie vor nicht ge\u00e4u\u00dfert. Die umfangreichen polizeilichen Ermittlungen des Dezernats 9.1 der Kriminalpolizeidirektion des Polizeipr\u00e4sidiums Mannheim dauern an.<\/p>\n\n\n\n<h2 class=\"wp-block-heading\">(Wiesloch \/ Rhein-Neckar-Kreis) &#8211; \u00dcber 1000 Liter Diesel entwendet \/ Zeugen gesucht!<\/h2>\n\n\n<div class=\"wp-block-image\">\n<figure class=\"aligncenter size-full\"><img decoding=\"async\" loading=\"lazy\" width=\"800\" height=\"578\" src=\"https:\/\/speyer24news.com\/wp-content\/uploads\/2022\/03\/diesel-g59e827b3c_1920.jpg\" alt=\"\" class=\"wp-image-43466\" srcset=\"https:\/\/speyer24news.com\/wp-content\/uploads\/2022\/03\/diesel-g59e827b3c_1920.jpg 800w, https:\/\/speyer24news.com\/wp-content\/uploads\/2022\/03\/diesel-g59e827b3c_1920-300x217.jpg 300w, https:\/\/speyer24news.com\/wp-content\/uploads\/2022\/03\/diesel-g59e827b3c_1920-768x555.jpg 768w\" sizes=\"(max-width: 800px) 100vw, 800px\" \/><\/figure><\/div>\n\n\n<p>In der Nacht von Dienstag auf Mittwoch entwendete eine bislang unbekannte T\u00e4terschaft in Wiesloch aus zwei in der Stra\u00dfe In den Wein\u00e4ckern geparkten LKW Dieselkraftstoff in einem Gesamtvolumen von \u00fcber 1.000 Litern. Hierf\u00fcr wurden die verschlossenen Tankdeckel der LKW auf unbekannte Art und Weise ge\u00f6ffnet. Die Tat l\u00e4sst sich auf einen Zeitraum von Dienstag 19.45 Uhr bis Mittwoch 04.30 Uhr eingrenzen.<\/p>\n\n\n\n<ul>\n<li><strong>Zeugen, die sachdienliche Hinweise geben k\u00f6nnen, werden gebeten, sich beim Polizeirevier Wiesloch unter 06222\/5709-0 zu melden.<\/strong><\/li>\n<\/ul>\n\n\n\n<h2 class=\"wp-block-heading\">(Neckargem\u00fcnd \/ Rhein-Neckar-Kreis) &#8211; Ladendieb auf frischer Tat ertappt<\/h2>\n\n\n\n<p>Gleich an zwei Tagen hintereinander wurde ein 49-J\u00e4hriger dabei beobachtet, wie er bereits am Montag ein Einkaufsgesch\u00e4ft in der Kurpfalzstra\u00dfe betrat und ein Ladekabel f\u00fcr E-Autos sowie mehrere Wasserflaschen an sich nahm und sich im Anschluss in unbekannte Richtung entfernte. Am darauffolgenden Tag, um 11 Uhr, begab sich der Mann erneut in das Einkaufsgesch\u00e4ft und entwendete erneut mehrere PET Flaschen. Nachdem der Mann das Einkaufsgesch\u00e4ft verlassen hatte, leerte dieser die Flaschen vollst\u00e4ndig aus, um diese anschlie\u00dfend im Pfandautomaten abzugeben. Durch einen Mitarbeiter des Supermarkts wurde der Mann auf den Diebstahl angesprochen und bis zum Eintreffen der Polizei festgehalten. Der 49-J\u00e4hrige muss sich nun wegen Diebstahl in zwei F\u00e4llen verantworten. Der Diebstahlschaden liegt insgesamt im niedrigen dreistelligen Bereich.<\/p>\n\n\n\n<h2 class=\"wp-block-heading\">(Heddesheim \/ Rhein-Neckar-Kreis) &#8211; Gl\u00fccklicher Zufall verhindert Betrugserfolg<\/h2>\n\n\n\n<p>Eine bislang unbekannte T\u00e4terschaft rief am Dienstag gegen 11.45 Uhr einen 80-J\u00e4hrigen auf seinem Festnetztelefon an und behauptete, seine Ehefrau habe einen Verkehrsunfall gehabt und dabei den Tod eines Verkehrsteilnehmers verursacht. Die Unbekannten, eine Frau und ein Mann, redeten auf den Senior ein und teilten ihm mit, dass seine Frau nicht in Haft m\u00fcsse, wenn er 50.000 EUR als Kaution zahle. Als er angab, das Geld von der Bank holen zu wollen, wurde er dennoch wiederholt nach Wertgegenst\u00e4nden bei sich zu Hause befragt. Auf dem Weg zur Bank traf der 80-J\u00e4hrige durch Zufall auf seine Frau und erkannte, dass er einem Betrugsversuch zum Opfer gefallen war. Gl\u00fccklicherweise kam es zu keinem finanziellen Schaden.<\/p>\n\n\n\n<h4 class=\"wp-block-heading\">Bitte informieren Sie sich, wie Sie sich sch\u00fctzen k\u00f6nnen und informieren Sie auch Freunde und Angeh\u00f6rige: <a href=\"https:\/\/www.polizei-beratung.de\/themen-und-tipps\/betrug\/betrug-durch-falsche-polizisten\/\">https:\/\/www.polizei-beratung.de\/themen-und-tipps\/betrug\/betrug-durch-falsche-polizisten\/<\/a><\/h4>\n","protected":false},"excerpt":{"rendered":"<div class=\"mh-excerpt\"><p>Polizeimeldungen vom Mittwoch (12.07.2023) (Speyer) &#8211; Unfall nach geplatztem Reifen Am 11.07.2023 gegen 20:33 Uhr befuhr eine 18-J\u00e4hrige mit ihrem PKW die Geibstra\u00dfe und bog mit der abknickenden Vorfahrtsstra\u00dfe in die Stra\u00dfe Am Neuen Rheinhafen <a class=\"mh-excerpt-more\" href=\"https:\/\/speyer24news.com\/?p=53641\" title=\"Polizeimeldungen Mittwoch (12.07.2023)\">[&#8230;]<\/a><\/p>\n<\/div>","protected":false},"author":3,"featured_media":26162,"comment_status":"open","ping_status":"open","sticky":false,"template":"","format":"standard","meta":{"_monsterinsights_skip_tracking":false,"_monsterinsights_sitenote_active":false,"_monsterinsights_sitenote_note":"","_monsterinsights_sitenote_category":0,"footnotes":""},"categories":[15659],"tags":[7243,7244,3614,350,14537,15084,15267,14538,15361,15845,702,61,2555,6955,6986,6263,63,105,11150,6987,53,4854,13534,4683,1548,4905,11592,102,13626,213,14325,14324,13553,13541,55,8277,6368,5261,103,106,2803,2423,427,2625,380,62,104,979,1565],"aioseo_notices":[],"amp_enabled":true,"_links":{"self":[{"href":"https:\/\/speyer24news.com\/index.php?rest_route=\/wp\/v2\/posts\/53641"}],"collection":[{"href":"https:\/\/speyer24news.com\/index.php?rest_route=\/wp\/v2\/posts"}],"about":[{"href":"https:\/\/speyer24news.com\/index.php?rest_route=\/wp\/v2\/types\/post"}],"author":[{"embeddable":true,"href":"https:\/\/speyer24news.com\/index.php?rest_route=\/wp\/v2\/users\/3"}],"replies":[{"embeddable":true,"href":"https:\/\/speyer24news.com\/index.php?rest_route=%2Fwp%2Fv2%2Fcomments&post=53641"}],"version-history":[{"count":1,"href":"https:\/\/speyer24news.com\/index.php?rest_route=\/wp\/v2\/posts\/53641\/revisions"}],"predecessor-version":[{"id":53644,"href":"https:\/\/speyer24news.com\/index.php?rest_route=\/wp\/v2\/posts\/53641\/revisions\/53644"}],"wp:featuredmedia":[{"embeddable":true,"href":"https:\/\/speyer24news.com\/index.php?rest_route=\/wp\/v2\/media\/26162"}],"wp:attachment":[{"href":"https:\/\/speyer24news.com\/index.php?rest_route=%2Fwp%2Fv2%2Fmedia&parent=53641"}],"wp:term":[{"taxonomy":"category","embeddable":true,"href":"https:\/\/speyer24news.com\/index.php?rest_route=%2Fwp%2Fv2%2Fcategories&post=53641"},{"taxonomy":"post_tag","embeddable":true,"href":"https:\/\/speyer24news.com\/index.php?rest_route=%2Fwp%2Fv2%2Ftags&post=53641"}],"curies":[{"name":"wp","href":"https:\/\/api.w.org\/{rel}","templated":true}]}}