{"id":53652,"date":"2023-07-13T22:23:41","date_gmt":"2023-07-13T21:23:41","guid":{"rendered":"https:\/\/speyer24news.com\/?p=53652"},"modified":"2023-07-13T22:23:44","modified_gmt":"2023-07-13T21:23:44","slug":"polizeimeldungen-donnerstag-13-07-2023","status":"publish","type":"post","link":"https:\/\/speyer24news.com\/?p=53652","title":{"rendered":"Polizeimeldungen Donnerstag (13.07.2023)"},"content":{"rendered":"<style type=\"text\/css\">\r\n\t.ads_top_disp{}\r\n\t.ads_top_corner_disp{ float:left; margin:0px 10px 10px 0px; }\r\n\t.ads_first_p_disp{}\r\n\t.ads_bottom_disp{}\r\n\t<\/style>\n<h2 class=\"wp-block-heading\">Polizeimeldungen vom Donnerstag (13.07.2023)<\/h2>\n\n\n<div class=\"wp-block-image\">\n<figure class=\"aligncenter size-full\"><img decoding=\"async\" loading=\"lazy\" width=\"375\" height=\"500\" src=\"https:\/\/speyer24news.com\/wp-content\/uploads\/2022\/03\/Aktuelles-Polizeilogo.jpg\" alt=\"\" class=\"wp-image-43591\" srcset=\"https:\/\/speyer24news.com\/wp-content\/uploads\/2022\/03\/Aktuelles-Polizeilogo.jpg 375w, https:\/\/speyer24news.com\/wp-content\/uploads\/2022\/03\/Aktuelles-Polizeilogo-225x300.jpg 225w\" sizes=\"(max-width: 375px) 100vw, 375px\" \/><\/figure><\/div>\n\n\n<h2 class=\"wp-block-heading\">(Speyer) &#8211; Fahrradkontrollwoche bei der Polizei Speyer<\/h2>\n\n\n<div class=\"wp-block-image\">\n<figure class=\"aligncenter size-full\"><img decoding=\"async\" loading=\"lazy\" width=\"800\" height=\"600\" src=\"https:\/\/speyer24news.com\/wp-content\/uploads\/2019\/04\/Fahrradkontrollwoche.jpg\" alt=\"\" class=\"wp-image-12351\" srcset=\"https:\/\/speyer24news.com\/wp-content\/uploads\/2019\/04\/Fahrradkontrollwoche.jpg 800w, https:\/\/speyer24news.com\/wp-content\/uploads\/2019\/04\/Fahrradkontrollwoche-300x225.jpg 300w, https:\/\/speyer24news.com\/wp-content\/uploads\/2019\/04\/Fahrradkontrollwoche-768x576.jpg 768w, https:\/\/speyer24news.com\/wp-content\/uploads\/2019\/04\/Fahrradkontrollwoche-678x509.jpg 678w, https:\/\/speyer24news.com\/wp-content\/uploads\/2019\/04\/Fahrradkontrollwoche-326x245.jpg 326w, https:\/\/speyer24news.com\/wp-content\/uploads\/2019\/04\/Fahrradkontrollwoche-80x60.jpg 80w\" sizes=\"(max-width: 800px) 100vw, 800px\" \/><figcaption class=\"wp-element-caption\">Fahrradkontrollwoche<\/figcaption><\/figure><\/div>\n\n\n<p>In der Woche<strong> vom 17.07.2023 bis einschlie\u00dflich 23.07.2023<\/strong> wird durch die Polizeiinspektion Speyer eine Fahrradkontrollwoche durchgef\u00fchrt.<\/p>\n\n\n\n<p>Hierbei stehen die Sicherheit im Stra\u00dfenverkehr, aber vor allem die Pr\u00e4vention von Fahrraddiebst\u00e4hlen im Fokus der Beamten. Im Laufe der Woche werden im Stadtgebiet vermehrt mobile und station\u00e4re Verkehrskontrollen von Radfahrenden durchgef\u00fchrt.<\/p>\n\n\n\n<p>Ziel der Aktion ist es, Fahrradbesitzer f\u00fcr die Notwendigkeit eines wirkungsvollen Diebstahlschutzes zu sensibilisieren. Dazu nutzten die Beamten auch ihre Fahrradschablone mit dem Slogan &#8222;Angeschlossen? Ihre Polizei Speyer&#8220;. An brisanten Punkten soll das Symbol auf dem Boden auf die Wichtigkeit der Diebstahlsicherung hinweisen.<\/p>\n\n\n\n<p><strong>Am Mittwoch den 19.07.2023 zwischen 12:00Uhr und 15:30 Uhr werden Beamte einen Infostand vor der Polizeiinspektion auf der Maximilianstra\u00dfe errichten.<\/strong><\/p>\n\n\n\n<p>Hier k\u00f6nnen sich Interessierte an Infost\u00e4nden der Zentralen Pr\u00e4vention und lokaler Netzwerkpartner (ADFC, Fahrradbeauftragter der Stadt Speyer) einerseits einen Einblick in die Unfall- und Diebstahlspr\u00e4vention verschaffen. Andererseits begleiteten Polizeibeamte einen Torkelparcours unter Nutzung der Rauschbrille.<\/p>\n\n\n\n<p>Der Allgemeine Deutsche Fahrrad-Club (ADFC) Mannheim codiert an diesem Tag Fahrr\u00e4der (kostenpflichtig), um Diebst\u00e4hle zu vermeiden und die Aufkl\u00e4rungsrate nach einem Diebstahl zu erh\u00f6hen.<\/p>\n\n\n\n<p>Mitzubringen sind Personalausweis und Kaufbeleg mit Rahmennummer. Ist kein Kaufbeleg vorhanden, kann der Eigent\u00fcmer des Fahrrades mit einer eidesstattlichen Erkl\u00e4rung die Codierung durchf\u00fchren lassen.<\/p>\n\n\n\n<h2 class=\"wp-block-heading\">(Speyer) &#8211; Fahrzeugf\u00fchrer unter Bet\u00e4ubungsmitteleinfluss<\/h2>\n\n\n\n<p>Am 13.07.2023 gegen 00:45 Uhr kontrollierten Beamte der Polizei Speyer in der Dudenhofer Stra\u00dfe einen 20-J\u00e4hrigen mit seinem Pkw. Hierbei konnten zum einen erhebliche M\u00e4ngel an der Bereifung festgestellt werden, zum anderen zeigte der Fahrer drogentypische Auff\u00e4lligkeiten. Dem Fahrer wurde auf der Dienststelle eine Blutprobe entnommen und die Weiterfahrt untersagt.<\/p>\n\n\n\n<h2 class=\"wp-block-heading\">(Speyer) &#8211; Schulwegkontrolle am Doppelgymnasium<\/h2>\n\n\n\n<p>Nach Schulende \u00fcberwachten Beamte der Polizei Speyer am Mittwoch den Schulweg im Bereich Doppelgymnasium. Seit \u00c4nderung der Verkehrsf\u00fchrung, ist an dieser Stelle die Einfahrt von der Freiherr-vom-Stein-Stra\u00dfe nur noch f\u00fcr den Radfahrer ge\u00f6ffnet. Dennoch fahren immer wieder PKW in die Stra\u00dfe und es kommt zu gef\u00e4hrlichen Verkehrssituationen.<\/p>\n\n\n\n<h2 class=\"wp-block-heading\">(Schifferstadt) &#8211; In Ladengesch\u00e4ft ausgerastet<\/h2>\n\n\n\n<p>Zu einer k\u00f6rperlichen Auseinandersetzung kam es am Mittwochmittag in einem Ladengesch\u00e4ft in der Hauptstra\u00dfe. Nachdem eine 63-j\u00e4hrige aus Schifferstadt das Gesch\u00e4ft betreten hatte zerst\u00f6rte sie zun\u00e4chst ohne Vorwarnung dort stehende Pflanzen. Darauf angesprochen ging die T\u00e4terin dann pl\u00f6tzlich auf die 48-j\u00e4hrige Gesch\u00e4ftsinhaberin zu und schlug und trat in ihre Richtung. Einer der Tritte traf sie dann auch am Knie. Danach fl\u00fcchtete die 63-j\u00e4hrige T\u00e4terin aus dem Gesch\u00e4ft, konnte aber kurze Zeit sp\u00e4ter durch eine Streifenbesatzung angetroffen werden. Da bei ihr Hinweise auf eine psychische Erkrankung vorlagen, wurde sie im Anschluss in eine Fachklinik verbracht.<\/p>\n\n\n\n<h2 class=\"wp-block-heading\">(Altrip) &#8211; Garagenbrand mit zwei Verletzten<\/h2>\n\n\n\n<p>Als ein 53-J\u00e4hriger am Mittwochabend (12.07.2023, 19 Uhr) eine Grill-Gasflasche in seiner Garage in der Friedrichstra\u00dfe abstellte, kam es zu einer Verpuffung und einem anschlie\u00dfenden Brandausbruch. Sowohl der 53-J\u00e4hrige als auch seine Ehefrau wurden verletzt. Die Garage brannte gr\u00f6\u00dftenteils aus. Die H\u00f6he des entstandenen Sachschadens wird aktuell auf etwa 10.000 Euro gesch\u00e4tzt.<\/p>\n\n\n\n<h2 class=\"wp-block-heading\">(Altrip) &#8211; 92-j\u00e4hrige um mehrere tausend Euro betrogen<\/h2>\n\n\n<div class=\"wp-block-image\">\n<figure class=\"aligncenter size-full\"><img decoding=\"async\" loading=\"lazy\" width=\"800\" height=\"577\" src=\"https:\/\/speyer24news.com\/wp-content\/uploads\/2022\/07\/pressebild-senioren-frau-telefon.jpg\" alt=\"\" class=\"wp-image-47724\" srcset=\"https:\/\/speyer24news.com\/wp-content\/uploads\/2022\/07\/pressebild-senioren-frau-telefon.jpg 800w, https:\/\/speyer24news.com\/wp-content\/uploads\/2022\/07\/pressebild-senioren-frau-telefon-300x216.jpg 300w, https:\/\/speyer24news.com\/wp-content\/uploads\/2022\/07\/pressebild-senioren-frau-telefon-768x554.jpg 768w\" sizes=\"(max-width: 800px) 100vw, 800px\" \/><\/figure><\/div>\n\n\n<p>Opfer einer perfiden Betrugsmasche wurde eine 92-j\u00e4hrige Dame aus Altrip am vergangenen Dienstag. Die Dame erhielt am sp\u00e4ten Dienstabend einen Anruf von einer ihr unbekannten Nummer. An der anderen Leitung meldete sich dann ein angeblicher Polizeibeamter und gab an, dass die Tochter der angerufenen einen Verkehrsunfall mit zwei Toten verursacht habe. Um eine Haft ihrer Tochter zu verhindern, solle die Dame nun eine Kaution zahlen. Daraufhin wurde Goldschmuck und eine M\u00fcnzsammlung im Gesamtwert von ca. 7.000 Euro verpackt. <\/p>\n\n\n\n<h4 class=\"wp-block-heading\">Im Anschluss erfolgte die \u00dcbergabe der Wertgegenst\u00e4nde an eine &#8222;Abholerin&#8220;, die wie folgt beschrieben werden kann: <\/h4>\n\n\n\n<ul>\n<li><strong>sehr jung<\/strong><\/li>\n\n\n\n<li><strong>korpulent<\/strong><\/li>\n\n\n\n<li><strong>ca. 170 cm gro\u00df<\/strong><\/li>\n\n\n\n<li><strong>dunkle kurze Haare<\/strong><\/li>\n\n\n\n<li><strong>trug schwarze Gummihandschuhe sowie ein beigefarbenes Oberteil. <\/strong><\/li>\n<\/ul>\n\n\n\n<ul>\n<li><strong>Hinweise zu der T\u00e4terin bzw. der Abholerin bitte telefonisch unter der 06235 \/ 495-0 oder per E-Mail (<a href=\"mailto:pischifferstadt@polizei.rlp.de\">pischifferstadt@polizei.rlp.de<\/a>) an die Polizeiinspektion Schifferstadt.<\/strong><\/li>\n<\/ul>\n\n\n\n<h2 class=\"wp-block-heading\">(Dannstadt-Schauernheim) &#8211; 16-j\u00e4hriger bei Unfall verletzt<\/h2>\n\n\n\n<p>Vermutlich aufgrund einer Unachtsamkeit fuhr ein 16-j\u00e4hriger aus R\u00f6dersheim-Gronau am Mittwochabend im Robert-Koch-Weg mit seinem Mofa auf einen ordnungsgem\u00e4\u00df geparkten Pkw auf. Da der 16-j\u00e4hrige keinen Helm trug, zog er sich durch den Aufprall eine Platzwunde am Kopf zu. Zur weiteren medizinischen Versorgung wurde er im Anschluss in ein Krankenhaus verbracht. Insgesamt entstand an beiden Fahrzeugen ein Sachschaden von circa 1.500 Euro.<\/p>\n\n\n\n<h2 class=\"wp-block-heading\">(R\u00f6merberg \/ Mechtersheim) &#8211; Einbruch in Vereinsheim<\/h2>\n\n\n\n<p>Im Zeitraum vom 09.07.2023, 20:00 Uhr bis 12.07.2023, 10:00 Uhr versuchten bislang unbekannte T\u00e4ter im Bereich Naturschutzgebiet Schafwiesen an mehreren Stellen in ein Vereinsheim einzudringen. An einem angrenzenden Schuppen durchtrennten sie ein Vorh\u00e4ngeschloss mittels Trennschleifer. Der Innenbereich wurde durchw\u00fchlt und ein Kompressor entwendet.<\/p>\n\n\n\n<h2 class=\"wp-block-heading\">(Bellheim) &#8211; Schwerer Motorradunfall<\/h2>\n\n\n\n<p>Am Mittwochmittag befuhr ein 21-j\u00e4hriger Motorradfahrer die Bundesstra\u00dfe 9 in n\u00f6rdliche Richtung. Bei der Anschlussstelle Bellheim Nord wollte er die Bundesstra\u00dfe verlassen und untersch\u00e4tzte dabei seine Geschwindigkeit. Im Ausfahrtsbereich kam er von der Fahrbahn ab, kollidierte mit einem Verkehrszeichen und \u00fcberschlug sich. Mit schweren Verletzungen kam er zur weiteren medizinischen Versorgung in ein Krankenhaus. An seinem Motorrad entstand ein wirtschaftlicher Totalschaden.<\/p>\n\n\n\n<h2 class=\"wp-block-heading\">(Knittelsheim) &#8211; Feldbrand<\/h2>\n\n\n<div class=\"wp-block-image\">\n<figure class=\"aligncenter size-full\"><img decoding=\"async\" loading=\"lazy\" width=\"800\" height=\"526\" src=\"https:\/\/speyer24news.com\/wp-content\/uploads\/2023\/07\/BrandKnittelsheim.jpg\" alt=\"\" class=\"wp-image-53658\" srcset=\"https:\/\/speyer24news.com\/wp-content\/uploads\/2023\/07\/BrandKnittelsheim.jpg 800w, https:\/\/speyer24news.com\/wp-content\/uploads\/2023\/07\/BrandKnittelsheim-300x197.jpg 300w, https:\/\/speyer24news.com\/wp-content\/uploads\/2023\/07\/BrandKnittelsheim-768x505.jpg 768w\" sizes=\"(max-width: 800px) 100vw, 800px\" \/><\/figure><\/div>\n\n\n<p>Am Donnerstagabend, den 13.07.2023 gegen 17:45 Uhr kam es zu einem Feldbrand in der Verl\u00e4ngerung der Ludwigstra\u00dfe in Knittelsheim. Die freiwillige Feuerwehr r\u00fcckte in gr\u00f6\u00dftm\u00f6glicher St\u00e4rke aus und l\u00f6schte den Brand. W\u00e4hrend des Brandes wurde eine Pferdekoppel durch die Flammen erfasst und brannte aus. Die Tiere konnten noch rechtzeitig durch die Eigent\u00fcmer gerettet werden. Die Ursache ist derzeit nicht bekannt und ist Teil der Ermittlungen.<\/p>\n\n\n\n<h2 class=\"wp-block-heading\">(Steinfeld) &#8211; Erneuter Brand in der katholischen Kirche Steinfeld<\/h2>\n\n\n<div class=\"wp-block-image\">\n<figure class=\"aligncenter size-full\"><img decoding=\"async\" loading=\"lazy\" width=\"800\" height=\"582\" src=\"https:\/\/speyer24news.com\/wp-content\/uploads\/2023\/07\/FeuerinKirche.jpg\" alt=\"\" class=\"wp-image-53655\" srcset=\"https:\/\/speyer24news.com\/wp-content\/uploads\/2023\/07\/FeuerinKirche.jpg 800w, https:\/\/speyer24news.com\/wp-content\/uploads\/2023\/07\/FeuerinKirche-300x218.jpg 300w, https:\/\/speyer24news.com\/wp-content\/uploads\/2023\/07\/FeuerinKirche-768x559.jpg 768w\" sizes=\"(max-width: 800px) 100vw, 800px\" \/><\/figure><\/div>\n\n\n<p>Bereits zum zweiten Mal kam es in der katholischen Kirche in der Bahnhofstra\u00dfe zu einem Brand. Am 13.07.2023, zwischen 08:00 und 09:30 Uhr wurde von einem bislang noch unbekannten T\u00e4ter ein Tuch in Brand gesetzt, welches \u00fcber einen St\u00e4nder hing. Es entstand ein Sachschaden in H\u00f6he von 300.- Euro. Am 02.05.23 kam es ebenfalls zu einer Sachsch\u00e4digung durch ein Feuer in der Kirche. Hinweise zu der Tat nimmt die Polizeiinspektion Bad Bergzabern unter 06343\/93340 oder&nbsp;<a href=\"mailto:%20pibadbergzabern@polizei.rlp.de\">pibadbergzabern@polizei.rlp.de<\/a>&nbsp;auf.<\/p>\n\n\n\n<h2 class=\"wp-block-heading\">(L 545 \/ Steinfeld) &#8211; Von der Fahrbahn abgekommen<\/h2>\n\n\n<div class=\"wp-block-image\">\n<figure class=\"aligncenter size-full\"><img decoding=\"async\" loading=\"lazy\" width=\"800\" height=\"601\" src=\"https:\/\/speyer24news.com\/wp-content\/uploads\/2023\/07\/UnfallbildL545.jpg\" alt=\"\" class=\"wp-image-53654\" srcset=\"https:\/\/speyer24news.com\/wp-content\/uploads\/2023\/07\/UnfallbildL545.jpg 800w, https:\/\/speyer24news.com\/wp-content\/uploads\/2023\/07\/UnfallbildL545-300x225.jpg 300w, https:\/\/speyer24news.com\/wp-content\/uploads\/2023\/07\/UnfallbildL545-768x577.jpg 768w, https:\/\/speyer24news.com\/wp-content\/uploads\/2023\/07\/UnfallbildL545-678x509.jpg 678w, https:\/\/speyer24news.com\/wp-content\/uploads\/2023\/07\/UnfallbildL545-326x245.jpg 326w, https:\/\/speyer24news.com\/wp-content\/uploads\/2023\/07\/UnfallbildL545-80x60.jpg 80w\" sizes=\"(max-width: 800px) 100vw, 800px\" \/><\/figure><\/div>\n\n\n<p>Am Mittwoch, 12.07.2023, gegen 22:15 Uhr, befuhr die Fahrerin eines Pkw Mazda die Landstra\u00dfe von Steinfeld in Richtung Bad Bergzabern. In H\u00f6he der Einm\u00fcndung zur K25 n\u00e4herte sich von rechts ein wei\u00dfer Kastenwagen. In der Dunkelheit sch\u00e4tzte die Fahranf\u00e4ngerin die Verkehrssituation falsch ein und bef\u00fcrchtete, der Kastenwagen k\u00f6nnte ihr die Vorfahrt nehmen, weshalb sie ihm ausweichen wollte. Aufgrund eines Ausweichman\u00f6vers kam sie nach rechts in den Gr\u00fcnstreifen und der PKW schleuderte \u00fcber ein Feld und kam dort zum Stehen. Die 18-j\u00e4hrige Fahranf\u00e4ngerin wurde leichtverletzt und vom Rettungsdienst in ein Krankenhaus verbracht. Der besch\u00e4digte Pkw wurde von einem Abschleppdienst geborgen.<\/p>\n\n\n\n<h2 class=\"wp-block-heading\">(Neustadt) &#8211; Unter Drogeneinfluss zur Verwandtschaft<a href=\"https:\/\/www.facebook.com\/sharer.php?u=https%3A%2F%2Fwww.presseportal.de%2Fblaulicht%2Fpm%2F117687%2F5557602%2F%3Futm_source%3Dfacebook%26utm_medium%3Dsocial\"><\/a><a href=\"https:\/\/twitter.com\/intent\/tweet?text=POL-PDNW%3A%20Unter%20Drogeneinfluss%20zur%20Verwandtschaft&amp;url=https%3A%2F%2Fwww.presseportal.de%2Fblaulicht%2Fpm%2F117687%2F5557602%2F%3Futm_source%3Dtwitter%26utm_medium%3Dsocial&amp;hashtags=ots&amp;lang=de\"><\/a><a href=\"https:\/\/web.whatsapp.com\/send?text=POL-PDNW%3A%20Unter%20Drogeneinfluss%20zur%20Verwandtschaft%0A%0Ahttps%3A%2F%2Fwww.presseportal.de%2Fblaulicht%2Fpm%2F117687%2F5557602%2F%3Futm_source%3Dwhatsapp%26utm_medium%3Dsocial\"><\/a><a href=\"https:\/\/www.xing.com\/app\/user?op=share;url=https%3A%2F%2Fwww.presseportal.de%2Fblaulicht%2Fpm%2F117687%2F5557602%2F%3Futm_source%3Dxing%26utm_medium%3Dsocial\"><\/a><a href=\"http:\/\/www.linkedin.com\/shareArticle?mini=true&amp;url=https%3A%2F%2Fwww.presseportal.de%2Fblaulicht%2Fpm%2F117687%2F5557602%2F%3Futm_source%3Dlinkedin%26utm_medium%3Dsocial&amp;title=POL-PDNW%3A+Unter+Drogeneinfluss+zur+Verwandtschaft\"><\/a><a href=\"mailto:?subject=POL-PDNW%3A%20Unter%20Drogeneinfluss%20zur%20Verwandtschaft&amp;body=https:\/\/www.presseportal.de\/blaulicht\/pm\/117687\/5557602\"><\/a><\/h2>\n\n\n\n<p>Am 13.07.2023 um 13:00 Uhr konnte ein 19-J\u00e4hriger aus Frankenthal\/ Pfalz mit seinem Nissan in der Talstra\u00dfe in 67434 Neustadt\/W. einer anlassunabh\u00e4ngigen Verkehrskontrolle unterzogen werden. Dieser befand sich zu diesem Zeitpunkt auf dem Weg zu einem Verwandtschaftsbesuch. Im Rahmen der \u00dcberpr\u00fcfung der Verkehrst\u00fcchtigkeit konnten bei dem jungen Fahrer Auff\u00e4lligkeiten festgestellt werden, welche auf einen zeitnahen Bet\u00e4ubungsmittelkonsum schlie\u00dfen lie\u00dfen. Ein Vortest reagierte letztlich positiv auf die Stoffgruppe THC. Der Frankenthaler musste schlie\u00dflich eine Blutprobe abgeben. Der Fahrzeugschl\u00fcssel wurde einem Bekannten \u00fcbergeben. Nun kommt auf den 19-J\u00e4hrigen ein Straf-, sowie ein Ordnungswidrigkeitenverfahren zu. Ferner wird die zust\u00e4ndige F\u00fchrerscheinstelle \u00fcber den Vorfall in Kenntnis gesetzt.<\/p>\n\n\n\n<h2 class=\"wp-block-heading\">(Neustadt) &#8211; Erneut S\u00fchnekreuz besch\u00e4digt<\/h2>\n\n\n<div class=\"wp-block-image\">\n<figure class=\"aligncenter size-full\"><img decoding=\"async\" loading=\"lazy\" width=\"500\" height=\"658\" src=\"https:\/\/speyer24news.com\/wp-content\/uploads\/2023\/07\/BeschaedigtesSuehnekreuz.jpg\" alt=\"\" class=\"wp-image-53656\" srcset=\"https:\/\/speyer24news.com\/wp-content\/uploads\/2023\/07\/BeschaedigtesSuehnekreuz.jpg 500w, https:\/\/speyer24news.com\/wp-content\/uploads\/2023\/07\/BeschaedigtesSuehnekreuz-228x300.jpg 228w\" sizes=\"(max-width: 500px) 100vw, 500px\" \/><\/figure><\/div>\n\n\n<p>Zum wiederholten Male wurde ein S\u00fchnekreuz in der Feldgemarkung Neustadt-K\u00f6nigsbach von unbekannten T\u00e4tern in der Nacht von Montag auf Dienstag zerst\u00f6rt. Nachdem im M\u00e4rz 2023 ein S\u00fchnekreuz dort zum zweiten Mal erheblich besch\u00e4digt wurde haben die T\u00e4ter jetzt ein anderes, in der N\u00e4he aufgestelltes S\u00fchnekreuz nord\u00f6stlich von K\u00f6nigsbach unmittelbar hinter der Bahnunterf\u00fchrung Richtung L 516 komplett vom Sockel gerissen, wodurch dieses in 3 Teile zerbrach. Das Kreuz ist sehr alt und laut der K\u00f6nigsbacher Ortsvorsteherin, Frau Schaupp, denkmalgesch\u00fctzt. Es entstand ein Schaden von mehreren Tausend Euro. <\/p>\n\n\n\n<ul>\n<li><strong>Die Stadt Neustadt hat f\u00fcr Hinweise, die zur Ergreifung der T\u00e4ter f\u00fchren, eine Belohnung in H\u00f6he von 500 Euro ausgesetzt. Die Polizei Neustadt erbittet Zeugenhinweise unter 06321-8540 oder\u00a0<a href=\"mailto:%20pineustadt@polizei.rlp.de\">pineustadt@polizei.rlp.de<\/a><\/strong><\/li>\n<\/ul>\n\n\n\n<h2 class=\"wp-block-heading\">(Gr\u00fcnstadt) &#8211; Einbruch in Elektrofachmarkt<\/h2>\n\n\n\n<p>In der Zeit vom 11.07.2023, 18:30 Uhr bis zum 12.07.2023 06:45 Uhr, brachen Unbekannte in einen Elektrofachmarkt in der Kirchheimer Stra\u00dfe in Gr\u00fcnstadt ein. Aus dem Gesch\u00e4ft wurden Kaffeemaschinen gestohlen. Die genaue Schadensh\u00f6he ist noch nicht bekannt.<\/p>\n\n\n\n<ul>\n<li><strong>Haben Sie die Tat beobachtet oder k\u00f6nnen Sie Hinweise geben? Sachdienliche Hinweise bitte an die Polizeiinspektion Gr\u00fcnstadt, Telefonnummer 06359 93 120 oder per E-Mail\u00a0<a href=\"mailto:%20pigruenstadt@polizei.rlp.de\">pigruenstadt@polizei.rlp.de<\/a>\u00a0.<\/strong><\/li>\n<\/ul>\n\n\n\n<h2 class=\"wp-block-heading\">(Quirnheim ) &#8211; Geschwindigkeits- und Verkehrskontrollen<\/h2>\n\n\n\n<p>Am 12.07.2023 zwischen 14:40 Uhr und 16:00 Uhr wurden in der Eistalstra\u00dfe in Quirnheim Geschwindigkeits- und Verkehrskontrollen durchgef\u00fchrt. Im Rahmen der Kontrollen konnten zehn Geschwindigkeitsverst\u00f6\u00dfe festgestellt und geahndet werden. Die gemessene H\u00f6chstgeschwindigkeit betrug 73 km\/h.<\/p>\n\n\n\n<h2 class=\"wp-block-heading\">(Obrigheim) &#8211; Getreidefeldbrand<\/h2>\n\n\n\n<p>Am Donnerstag den 13.07.2023 kam es gegen 13:00 Uhr hinter dem Sportplatz in Obrigheim an der Jahnstra\u00dfe zu einem Getreidefeldbrand. Nach derzeitigem Stand wurde durch einen M\u00e4hdrescher beim Dreschen ein Stein aufgenommen, welcher Funkenschlag und schlie\u00dflich den Brand ausl\u00f6ste. Die eingetroffenen Feuerwehren der Verbandsgemeinde Leiningerland, der Verbandsgemeinde Monsheim und der Stadt Gr\u00fcnstadt hatten den Brand schnell und schwei\u00dftreibend unter Kontrolle. Letztlich konnte festgestellt werden, dass eine Fl\u00e4che von ca.20000 qm abbrannte. Verletzt wurde niemand.<\/p>\n\n\n\n<h2 class=\"wp-block-heading\">(Ludwigshafen) &#8211; Gegen Einbr\u00fcche in Kleingartenanlagen \/ Flyer-Aktion der Polizei<a href=\"https:\/\/www.facebook.com\/sharer.php?u=https%3A%2F%2Fwww.presseportal.de%2Fblaulicht%2Fpm%2F117696%2F5557781%2F%3Futm_source%3Dfacebook%26utm_medium%3Dsocial\"><\/a><a href=\"https:\/\/twitter.com\/intent\/tweet?text=POL-PPRP%3A%20Gegen%20Einbr%C3%BCche%20in%20Kleingartenanlagen%20-%20Flyer-Aktion%20der%20Polizei&amp;url=https%3A%2F%2Fwww.presseportal.de%2Fblaulicht%2Fpm%2F117696%2F5557781%2F%3Futm_source%3Dtwitter%26utm_medium%3Dsocial&amp;hashtags=ots&amp;lang=de\"><\/a><a href=\"https:\/\/web.whatsapp.com\/send?text=POL-PPRP%3A%20Gegen%20Einbr%C3%BCche%20in%20Kleingartenanlagen%20-%20Flyer-Aktion%20der%20Polizei%0A%0Ahttps%3A%2F%2Fwww.presseportal.de%2Fblaulicht%2Fpm%2F117696%2F5557781%2F%3Futm_source%3Dwhatsapp%26utm_medium%3Dsocial\"><\/a><a href=\"https:\/\/www.xing.com\/app\/user?op=share;url=https%3A%2F%2Fwww.presseportal.de%2Fblaulicht%2Fpm%2F117696%2F5557781%2F%3Futm_source%3Dxing%26utm_medium%3Dsocial\"><\/a><a href=\"http:\/\/www.linkedin.com\/shareArticle?mini=true&amp;url=https%3A%2F%2Fwww.presseportal.de%2Fblaulicht%2Fpm%2F117696%2F5557781%2F%3Futm_source%3Dlinkedin%26utm_medium%3Dsocial&amp;title=POL-PPRP%3A+Gegen+Einbr%C3%BCche+in+Kleingartenanlagen+-+Flyer-Aktion+der+Polizei\"><\/a><a href=\"mailto:?subject=POL-PPRP%3A%20Gegen%20Einbr%C3%BCche%20in%20Kleingartenanlagen%20-%20Flyer-Aktion%20der%20Polizei&amp;body=https:\/\/www.presseportal.de\/blaulicht\/pm\/117696\/5557781\"><\/a><\/h2>\n\n\n<div class=\"wp-block-image\">\n<figure class=\"aligncenter size-full\"><img decoding=\"async\" loading=\"lazy\" width=\"800\" height=\"582\" src=\"https:\/\/speyer24news.com\/wp-content\/uploads\/2023\/07\/20230713_113605.jpg\" alt=\"\" class=\"wp-image-53657\" srcset=\"https:\/\/speyer24news.com\/wp-content\/uploads\/2023\/07\/20230713_113605.jpg 800w, https:\/\/speyer24news.com\/wp-content\/uploads\/2023\/07\/20230713_113605-300x218.jpg 300w, https:\/\/speyer24news.com\/wp-content\/uploads\/2023\/07\/20230713_113605-768x559.jpg 768w\" sizes=\"(max-width: 800px) 100vw, 800px\" \/><\/figure><\/div>\n\n\n<p>Regelm\u00e4\u00dfig zu Fr\u00fchjahrsbeginn kehren viele Kleingartenbesitzer auf ihre Grundst\u00fccke zur\u00fcck. Hierbei erwarten sie teils unsch\u00f6ne \u00dcberraschungen, denn leider kommt es immer wieder zu Einbr\u00fcchen in Kleingartenanlagen. In den meisten F\u00e4llen brechen die Diebe in Gartenh\u00e4user ein oder stehlen Werkzeuge und Elektroger\u00e4te. Die Bezirksbeamtinnen und -beamten der Polizeiinspektion Ludwigshafen 2 und der Polizeiwache Oggersheim haben in diesem Jahr eine ganz besondere Aktion geplant, um Ludwigshafener Kleingartenbesitzer bestm\u00f6glich vor Dieben zu sch\u00fctzen.<\/p>\n\n\n\n<p>Im Mai dieses Jahres haben die Polizeikr\u00e4fte daher begonnen, in den insgesamt neun Kleingartenanlagen im Zust\u00e4ndigkeitsbereich der Polizeiinspektion Ludwigshafen 2 sowie der Polizeiwache Oggersheim das pers\u00f6nliche Gespr\u00e4ch mit den Besitzern zu suchen. Am heutigen Donnerstag (13.07.2023) fand die Aktion in den Gartenanlagen &#8222;Guldengewann&#8220; im Stadtteil Edigheim und &#8222;Aue&#8220; in Oppau statt. Mithilfe eines informativen Flyers soll f\u00fcr das Thema Einbr\u00fcche sensibilisiert werden. Ziel der Aktion ist es, durch einfach umzusetzende Verhaltenshinweisen Dieben das Leben schwer zu machen.<\/p>\n\n\n\n<h4 class=\"wp-block-heading\">Einige der Tipps haben wir untenstehend aufgef\u00fchrt:<\/h4>\n\n\n\n<ul>\n<li><strong>W\u00e4hlen Sie eine schwer \u00fcberwindbare Umz\u00e4unung<\/strong><\/li>\n\n\n\n<li><strong>Eine Au\u00dfenbeleuchtung mit Bewegungsmelder kann Diebe abschrecken<\/strong><\/li>\n\n\n\n<li><strong>Herumliegende Werkzeuge und Gartenger\u00e4te k\u00f6nnen als Aufbruchswerkzeug dienen, halten Sie diese stets unter Verschluss<\/strong><\/li>\n\n\n\n<li><strong>Bewahren Sie keine wertvollen Gegenst\u00e4nde in Ihrem Kleingarten auf<\/strong><\/li>\n\n\n\n<li><strong>Verriegeln Sie immer Ihre T\u00fcren und Fenster<\/strong><\/li>\n\n\n\n<li><strong>Verwenden Sie Zylinderschl\u00f6sser, Diskusschl\u00f6sser mit einer sog.&#8220;Panzer\u00fcberfalle&#8220; und Sicherheitsriegel<\/strong><\/li>\n\n\n\n<li><strong>Verstecken Sie Ihre Schl\u00fcssel niemals auf dem Grundst\u00fcck<\/strong><\/li>\n\n\n\n<li><strong>Auch in Kleingartenanlagen ist es wichtig aufeinander zu achten! Schlie\u00dfen Sie sich mit weiteren P\u00e4chterinnen und P\u00e4chtern zusammen und vereinbaren Sie, dass regelm\u00e4\u00dfig jemand in der Kleingartenanlage nach dem Rechten schaut<\/strong><\/li>\n\n\n\n<li><strong>Wenn Sie verd\u00e4chtige Personen in der Anlage sehen, melden Sie diese sofort \u00fcber den Notruf 110 bei der Polizei<\/strong><\/li>\n\n\n\n<li><strong>Weitere Tipps zum Thema Einbruchschutz erhalten Sie unter <a href=\"https:\/\/s.rlp.de\/il0Hq\" target=\"_blank\" rel=\"noreferrer noopener\">https:\/\/s.rlp.de\/il0Hq<\/a><\/strong><\/li>\n<\/ul>\n\n\n\n<p>Wenn Sie noch Fragen haben oder in einem pers\u00f6nlichen Gespr\u00e4ch erfahren m\u00f6chten, wie Sie sich und Ihren Kleingarten am besten sch\u00fctzen k\u00f6nnen, melden Sie sich bitte bei uns. Wir freuen uns, mit Ihnen ins Gespr\u00e4ch zu kommen! Die Ansprechpersonen f\u00fcr Ihren Stadtteil erreichen Sie unter:<\/p>\n\n\n\n<ul>\n<li><strong>West, Nord, Hemshof: 0621 963-2223<\/strong><\/li>\n\n\n\n<li><strong>Friesenheim: 0621 963-2218 o. -2221<\/strong><\/li>\n\n\n\n<li><strong>Oppau: 0621 963-2220<\/strong><\/li>\n\n\n\n<li><strong>Edigheim, Pfingstweide: 0621 963-2234 oder 0621 963-2220<\/strong><\/li>\n\n\n\n<li><strong>Oggersheim, Ruchheim: 0621 963-2416 oder 0621 963-2414<\/strong><\/li>\n<\/ul>\n\n\n\n<h2 class=\"wp-block-heading\">(Ludwigshafen) &#8211; \u00d6ffentlichkeitsfahndung nach vermisstem 27-J\u00e4hrigen \/ Fahndungsr\u00fccknahme<\/h2>\n\n\n\n<p>Der am Dienstag vermisst gemeldete 27-J\u00e4hrige konnte wohlbehalten in Ludwigshafen angetroffen werden.<\/p>\n\n\n\n<h2 class=\"wp-block-heading\">(Ludwigshafen) &#8211; Einbruchsversuch in Lebensmittelmarkt<\/h2>\n\n\n\n<p>Bislang Unbekannte versuchten zwischen Mittwoch und Donnerstag (11.07.2023, 22 Uhr und 12.07.2023, 9 Uhr) in einen Lebensmittelmarkt in der Adolf-Kolping-Stra\u00dfe einzubrechen. Durch Hebelversuche entstand ein Sachschaden von etwa 150 Euro. Es gelang den Unbekannten nicht, ins Geb\u00e4ude einzudringen und etwas zu entwenden.<\/p>\n\n\n\n<ul>\n<li><strong>Hinweise werden an die Polizeiwache Oggersheim unter Tel. 0621 963 &#8211; 2403 oder per E-Mail\u00a0<a href=\"mailto:%20pwoggersheim@polizei.rlp.de\">pwoggersheim@polizei.rlp.de<\/a>\u00a0erbeten.<\/strong><\/li>\n<\/ul>\n\n\n\n<h2 class=\"wp-block-heading\">(Ludwigshafen) &#8211; Feuerwerksk\u00f6rper erz\u00fcrnen Anwohner<\/h2>\n\n\n<div class=\"wp-block-image\">\n<figure class=\"aligncenter size-full\"><img decoding=\"async\" loading=\"lazy\" width=\"800\" height=\"533\" src=\"https:\/\/speyer24news.com\/wp-content\/uploads\/2021\/11\/Schlaegerei.jpg\" alt=\"\" class=\"wp-image-42366\" srcset=\"https:\/\/speyer24news.com\/wp-content\/uploads\/2021\/11\/Schlaegerei.jpg 800w, https:\/\/speyer24news.com\/wp-content\/uploads\/2021\/11\/Schlaegerei-300x200.jpg 300w, https:\/\/speyer24news.com\/wp-content\/uploads\/2021\/11\/Schlaegerei-768x512.jpg 768w\" sizes=\"(max-width: 800px) 100vw, 800px\" \/><figcaption class=\"wp-element-caption\">Beispielbild Schl\u00e4gerei \/ K\u00f6rperverletzung, dient lediglich der Visualisierung<\/figcaption><\/figure><\/div>\n\n\n<p>In der Nacht zum Donnerstag z\u00fcndeten ein 43-J\u00e4hriger und ein 39-J\u00e4hriger in der Kurt-Schumacher-Stra\u00dfe illegale Feuerwerksk\u00f6rper. Mehrere Anwohner, die sich durch den L\u00e4rm gest\u00f6rt f\u00fchlten, begaben sich auf die Stra\u00dfe, um dem Handeln ein Ende zu bereiten. Als die Verursacher dies bemerkten, stiegen sie auf ihre Fahrr\u00e4der und versuchten zu fl\u00fcchten. Ein 41-J\u00e4hriger und ein 32-J\u00e4hriger verhinderten die Flucht, sodass die beiden M\u00e4nner von ihren R\u00e4dern st\u00fcrzten und sich leicht verletzten. Nach ihren Aussagen sollen die beiden Anwohner sie dann auch noch angegriffen haben. Die beiden 39- und 43-J\u00e4hrigen wurden durch den Rettungsdienst behandelt. Die illegalen Feuerwerksk\u00f6rper wurden sichergestellt und ein Ermittlungsverfahren wegen des Verdachts des Versto\u00dfes gegen das Sprengstoffgesetz eingeleitet. Gegen die beiden Anwohner wurden Ermittlungsverfahren wegen des Verdachts der gef\u00e4hrlichen K\u00f6rperverletzung eingeleitet.<\/p>\n\n\n\n<ul>\n<li><strong>Wer hat den Vorfall beobachtet und kann Angaben zu den Geschehnissen machen?<\/strong><\/li>\n<\/ul>\n\n\n\n<ul>\n<li><strong>Sachdienliche Hinweise bitte an die Polizeiinspektion Ludwigshafen 2, Telefonnummer 0621 963-2222 oder per E-Mail\u00a0<a href=\"mailto:%20piludwigshafen2@polizei.rlp.de\">piludwigshafen2@polizei.rlp.de<\/a>\u00a0.<\/strong><\/li>\n<\/ul>\n\n\n\n<h2 class=\"wp-block-heading\">(Ludwigshafen) &#8211; Widerstand gegen Polizeibeamte<\/h2>\n\n\n<div class=\"wp-block-image\">\n<figure class=\"aligncenter size-full\"><img decoding=\"async\" loading=\"lazy\" width=\"800\" height=\"425\" src=\"https:\/\/speyer24news.com\/wp-content\/uploads\/2020\/12\/Taser-PI-LU.jpg\" alt=\"\" class=\"wp-image-31596\" srcset=\"https:\/\/speyer24news.com\/wp-content\/uploads\/2020\/12\/Taser-PI-LU.jpg 800w, https:\/\/speyer24news.com\/wp-content\/uploads\/2020\/12\/Taser-PI-LU-300x159.jpg 300w, https:\/\/speyer24news.com\/wp-content\/uploads\/2020\/12\/Taser-PI-LU-768x408.jpg 768w\" sizes=\"(max-width: 800px) 100vw, 800px\" \/><\/figure><\/div>\n\n\n<p>Aufgrund eines gemeldeten Randalierers fuhren Polizeikr\u00e4fte in der Nacht vom 12.07.2023 auf den 13.07.2023, gegen 00:30 Uhr, in die Bahnhofstra\u00dfe in Ludwigshafen. Vor Ort stellten die Beamten einen 31-J\u00e4hrigen gr\u00f6lend auf einem Balkon fest. Da der Mann sich bei der Kontrolle aggressiv gegen\u00fcber den Polizeikr\u00e4ften verhielt, sollte er gefesselt werden. Hiergegen wehrte er sich derart, dass das DEIG (Distanzelektroimpulsger\u00e4t) eingesetzt werden musste. Der Mann konnte schlie\u00dflich \u00fcberw\u00e4ltigt und gefesselt werden. Da er alkoholisiert war, wurde dem 31-J\u00e4hrigen in der Polizeidienststelle eine Blutprobe entnommen. Anschlie\u00dfend musste er die Nacht im Polizeigewahrsam verbringen. Durch die Widerstandshandlungen wurden der 31-J\u00e4hrige sowie ein Polizeibeamter leicht verletzt.<\/p>\n\n\n\n<h2 class=\"wp-block-heading\">(Ludwigshafen) &#8211; Verkehrsunfallflucht mit Personenschaden<\/h2>\n\n\n\n<p>Unmittelbar nach seinem Fahrtbeginn am fr\u00fchen Mittwochabend (12.07.2023), bog ein 26-J\u00e4hriger mit seinem Auto in die Hauptstra\u00dfe in Ludwigshafen ab. Hierbei \u00fcbersah er den bereits auf der Hauptstra\u00dfe fahrenden 21-j\u00e4hrigen Rollerfahrer. Durch den Zusammensto\u00df st\u00fcrzte der Rollerfahrer zu Boden und verletzte sich leicht. Am Roller selbst entstanden ebenfalls mehrere Schrammen und Streifsch\u00e4den.<\/p>\n\n\n\n<p>Der Autofahrer fuhr ununterbrochen weiter, ohne sich um den verletzten Rollerfahrer zu k\u00fcmmern. W\u00e4hrend dieser vom Rettungsdienst behandelt wurde, konnte der verantwortliche Fahrzeugf\u00fchrer durch die genauen Angaben des Rollerfahrers ermittelt und an dessen Wohnanschrift angetroffen werden.<\/p>\n\n\n\n<p>Die Polizei weist daraufhin, dass Unerlaubtes Entfernen von Unfallort kein Kavaliersdelikt ist! Der fl\u00fcchtige Fahrer muss mit einer Geld- oder Freiheitsstrafe bis zu 3 Jahren und evtl. mit einem F\u00fchrerscheinentzug rechnen. Au\u00dferdem kann der Fl\u00fcchtige den Kaskoschutz seiner Kfz-Versicherung verlieren und von seiner Versicherung an der Beteiligung des Fremdschadens beteiligt werden. Die Polizei r\u00e4t deshalb, jeden Unfall bei der Polizei zu melden.<\/p>\n\n\n\n<h2 class=\"wp-block-heading\">(Ludwigshafen) &#8211; Radfahrer schwer verletzt<\/h2>\n\n\n\n<p>Aus bislang unbekannten Gr\u00fcnden l\u00f6ste sich am 12.07.2023, gegen 18:30 Uhr, das Vorderrad seines Fahrrads als ein 50-J\u00e4hriger in der Mannheimer Stra\u00dfe \u00fcber einen abgesenkten Bordstein fahren wollte. Der Radfahrer st\u00fcrzte und verletzte sich schwer. Er wurde in ein Krankenhaus verbracht.<\/p>\n\n\n\n<h2 class=\"wp-block-heading\">(Ludwigshafen) &#8211; Exhibitionist \/ Zeugen gesucht<\/h2>\n\n\n<div class=\"wp-block-image\">\n<figure class=\"aligncenter size-full\"><img decoding=\"async\" loading=\"lazy\" width=\"500\" height=\"1000\" src=\"https:\/\/speyer24news.com\/wp-content\/uploads\/2022\/10\/Exhibitionist.png\" alt=\"\" class=\"wp-image-49838\" srcset=\"https:\/\/speyer24news.com\/wp-content\/uploads\/2022\/10\/Exhibitionist.png 500w, https:\/\/speyer24news.com\/wp-content\/uploads\/2022\/10\/Exhibitionist-150x300.png 150w\" sizes=\"(max-width: 500px) 100vw, 500px\" \/><\/figure><\/div>\n\n\n<p>Am 12.07.2023 wurde der Polizei ein Mann gemeldet, der gegen 17:50 auf einem Spielplatz in Ruchheim (Magdeburger Stra\u00dfe) an seinem entbl\u00f6\u00dften Glied manipulierte. Der Mann sei \u00fcberrascht gewesen, habe sich z\u00fcgig wieder angezogen und die \u00d6rtlichkeit verlassen, als er bemerkt habe, dass man ihn gesehen hatte.<\/p>\n\n\n\n<ul>\n<li><strong>Er sei etwa 50-60 Jahre alt gewesen<\/strong><\/li>\n\n\n\n<li><strong>habe einen Bart<\/strong><\/li>\n\n\n\n<li><strong>Der Mann trug eine karierte Hose und ein dunkelblaues Achselshirt <\/strong><\/li>\n\n\n\n<li><strong>Au\u00dferdem habe er einen schwarzen Rucksack bei sich gehabt.<\/strong><\/li>\n<\/ul>\n\n\n\n<ul>\n<li><strong>Die Polizei sucht Zeugen, die den Vorfall ebenfalls gesehen haben oder Hinweise auf den Unbekannten geben k\u00f6nnen. Sachdienliche Hinweise nimmt die Kriminalpolizei Ludwigshafen unter der Telefonnummer 0621\/963-2773 oder per E-Mail\u00a0<a href=\"mailto:%20kiludwigshafen.k1.kdd@polizei.rlp.de\">kiludwigshafen.k1.kdd@polizei.rlp.de<\/a>\u00a0entgegen.<\/strong><\/li>\n<\/ul>\n\n\n\n<h2 class=\"wp-block-heading\">(Ludwigshafen) &#8211; Zwei gestohlene Mofas<\/h2>\n\n\n\n<p>Am 12.07.2023, gegen 09:50 Uhr, meldeten Anwohner im Hohen Weg in Ludwigshafen ein dauerhaftes Motorenger\u00e4usch. Vor Ort konnte ein kurzgeschlossener Roller auf dem hinteren Parkplatz festgestellt werden. Vermutlich wurde der Roller zuvor gestohlen. Die Ermittlungen hierzu dauern noch an.<\/p>\n\n\n\n<p>Ebenfalls am 12.07.2023, gegen 16:30 Uhr, bemerkte eine Zeugin, als sie aus ihrer Einfahrt in der Hauptstra\u00dfe fahren wollte, dass diese durch ein Mofa blockiert war. Sie meldete dies der Polizei und fragte zeitgleich in der Nachbarschaft nach dem Fahrer. Ein Mann wollte zwischenzeitlich den Roller umparken, ging dann aber weg. Polizeiliche Ermittlungen ergaben, dass das Mofa einen Tag zuvor in der Schmiedegasse gestohlen wurde.<\/p>\n\n\n\n<p>Bei dem Mann, der den Roller umparken wollte, k\u00f6nnte es sich um den Dieb handeln. <\/p>\n\n\n\n<h4 class=\"wp-block-heading\">Er wird wie folgt beschrieben: <\/h4>\n\n\n\n<ul>\n<li><strong>m\u00e4nnlich<\/strong><\/li>\n\n\n\n<li><strong>ungef\u00e4hr 15 bis 16 Jahre alt<\/strong><\/li>\n\n\n\n<li><strong>war mit schwarzer Sporthose und Badeschlappen bekleidet. <\/strong><\/li>\n\n\n\n<li><strong>Eine Oberbekleidung trug er nicht.<\/strong><\/li>\n<\/ul>\n\n\n\n<p>Ob die beiden Taten in Verbindung zu einander stehen, kann zum jetzigen Zeitpunkt weder best\u00e4tigt noch ausgeschlossen werden.<\/p>\n\n\n\n<ul>\n<li><strong>Haben Sie verd\u00e4chtige Personen an den genannten \u00d6rtlichkeiten beobachtet?<\/strong><\/li>\n<\/ul>\n\n\n\n<ul>\n<li><strong>Sachdienliche Hinweise bitte an die Polizeiinspektion Ludwigshafen 1, Telefonnummer 0621 963-2122 oder per E-Mail\u00a0<a href=\"mailto:%20piludwigshafen1@polizei.rlp.de\">piludwigshafen1@polizei.rlp.de<\/a>\u00a0.<\/strong><\/li>\n<\/ul>\n\n\n\n<h2 class=\"wp-block-heading\">(Ludwigshafen) &#8211; Trickdieb erbeutet Bargeld<\/h2>\n\n\n<div class=\"wp-block-image\">\n<figure class=\"aligncenter size-large\"><img decoding=\"async\" loading=\"lazy\" width=\"1024\" height=\"649\" src=\"https:\/\/speyer24news.com\/wp-content\/uploads\/2022\/04\/Geld-Betrug-Schockanruf-Rentner-1024x649.jpg\" alt=\"\" class=\"wp-image-44260\" srcset=\"https:\/\/speyer24news.com\/wp-content\/uploads\/2022\/04\/Geld-Betrug-Schockanruf-Rentner-1024x649.jpg 1024w, https:\/\/speyer24news.com\/wp-content\/uploads\/2022\/04\/Geld-Betrug-Schockanruf-Rentner-300x190.jpg 300w, https:\/\/speyer24news.com\/wp-content\/uploads\/2022\/04\/Geld-Betrug-Schockanruf-Rentner-768x487.jpg 768w, https:\/\/speyer24news.com\/wp-content\/uploads\/2022\/04\/Geld-Betrug-Schockanruf-Rentner.jpg 1280w\" sizes=\"(max-width: 1024px) 100vw, 1024px\" \/><figcaption class=\"wp-element-caption\">Beispielbild Schockanruf \/ Betrug, dient lediglich der Visualisierung<\/figcaption><\/figure><\/div>\n\n\n<p>Am Mittwochnachmittag (12.07.2023) wurde ein 90-j\u00e4hriger Ludwigshafener Opfer eines Trickdiebstahls. Ein Unbekannter sprach den Mann gegen 15:00 Uhr aus einem Auto heraus in der Kreuzstra\u00dfe an und verwickelte ihn in ein Gespr\u00e4ch. Er vermittelte dem 90-J\u00e4hrigen den Eindruck, dass er ihn von fr\u00fcher kenne und konnte ihn dazu bewegen, gemeinsam mit ihm in die Wohnung des Seniors zu gehen. Dort fragte der Unbekannte ihn nach Bargeld, woraufhin der Ludwigshafener seinen Geldbeutel hervorholte. Der Mann nahm das Geld, circa 400 Euro, aus der Geldb\u00f6rse und fl\u00fcchtete aus der Wohnung.<\/p>\n\n\n\n<ul>\n<li><strong>Er wurde durch den Gesch\u00e4digten als circa 1,60 Meter gro\u00df <\/strong><\/li>\n\n\n\n<li><strong>und von schmaler Statur beschrieben. <\/strong><\/li>\n\n\n\n<li><strong>Er sei circa 35-40 Jahre alt gewesen, <\/strong><\/li>\n\n\n\n<li><strong>habe dunkle Haare <\/strong><\/li>\n\n\n\n<li><strong>und insgesamt gepflegt gewirkt.<\/strong><\/li>\n<\/ul>\n\n\n\n<ul>\n<li><strong>Wer hat zum Tatzeitpunkt im Bereich der Kreuzstra\u00dfe eine der Beschreibung entsprechende Person wahrgenommen oder kann Angaben zur Identit\u00e4t des T\u00e4ters machen?<\/strong><\/li>\n<\/ul>\n\n\n\n<ul>\n<li><strong>Sachdienliche Hinweise nimmt die Kriminalpolizei Ludwigshafen unter der Telefonnummer 0621\/963-2773 oder per E-Mail\u00a0<a href=\"mailto:%20kiludwigshafen.k1.kdd@polizei.rlp.de\">kiludwigshafen.k1.kdd@polizei.rlp.de<\/a>\u00a0entgegen.<\/strong><\/li>\n<\/ul>\n\n\n\n<p>Trickdiebstahl in Wohnungen ist ein Ph\u00e4nomen, von der fast ausschlie\u00dflich \u00e4ltere Menschen betroffen sind. Unter Vort\u00e4uschen von Notlagen, einer offiziellen Funktion oder Vort\u00e4uschen einer pers\u00f6nlichen Beziehung zum Opfer versuchen die T\u00e4ter sich Zutritt zur Wohnung zu verschaffen. Hierbei werden skrupellos und zielgerichtet das Alter, die Gebrechlichkeit und die Gutgl\u00e4ubigkeit des Opfers ausgenutzt.<\/p>\n\n\n\n<p>Bedenken Sie, dass Trickt\u00e4ter erfinderisch und schauspielerisch begabt sind. Sie reagieren schnell und denken sich immer neue Taktiken aus, um ihr Ziel zu erreichen. Seien Sie deshalb immer misstrauisch, wenn Sie von Fremden angesprochen werden. Verhindern Sie den Zugriff auf Ihre Wertsachen und halten Sie Abstand. Wenn Ihnen eine Situation verd\u00e4chtig vorkommt oder Sie sich unwohl f\u00fchlen, beenden Sie das Gespr\u00e4ch. Rufen Sie die Polizei, unter der 110 wenn Sie bedr\u00e4ngt werden oder sich in einer Gefahr befinden.<\/p>\n\n\n\n<h4 class=\"wp-block-heading\"><strong>N\u00e4here Informationen zum Thema sowie die Tricks der T\u00e4ter erfahren sie unter\u00a0<a href=\"https:\/\/www.polizei-beratung.de\/\" target=\"_blank\" rel=\"noreferrer noopener\">www.polizei-beratung.de<\/a>\u00a0.<\/strong><\/h4>\n\n\n\n<h2 class=\"wp-block-heading\">(Ludwigshafen) &#8211; Betrugsmasche sofort erkannt<\/h2>\n\n\n\n<p>Ein 79-J\u00e4hriger aus Friesenheim erhielt am 12.07.2023, gegen 12:30 Uhr, einen Anruf von einem falschen Polizeibeamten. Dieser gab sich als &#8222;Markus St\u00f6hr&#8220; von der Kriminalpolizei in Neustadt aus. Er behauptete, es habe eine Festnahme gegeben und der Name des 79-J\u00e4hrigen w\u00e4re dabei auf einer Liste aufgetaucht. Der Senior erkannt die Masche sofort und brach das Gespr\u00e4ch ab.<\/p>\n\n\n\n<p>Beachten Sie die Tipps Ihrer Polizei, um sich vor Betrug am Telefon zu sch\u00fctzen:<\/p>\n\n\n\n<ul>\n<li><strong>Die Polizei wird Sie niemals um Geldbetr\u00e4ge bitten oder dazu auffordern, Geld oder Wertsachen herauszugeben.<\/strong><\/li>\n\n\n\n<li><strong>Die Polizei ruft Sie niemals unter der Polizeinotruf-Nummer 110 an. Das machen nur Betr\u00fcger. Sind Sie sich unsicher, fragen Sie bei Ihrer Polizeidienststelle nach. Benutzen Sie hierf\u00fcr nie die R\u00fcckruffunktion Ihres Telefons, sondern w\u00e4hlen Sie die Nummer selbst.<\/strong><\/li>\n\n\n\n<li><strong>Am besten ist, wenn Sie die Nummer Ihrer \u00f6rtlichen Polizeidienststelle sowie die Notrufnummer 110 griffbereit am Telefon haben, damit Sie diese im Zweifelsfall selbst w\u00e4hlen k\u00f6nnen.<\/strong><\/li>\n\n\n\n<li><strong>Sollten Sie einen solchen Anruf erhalten, informieren Sie Ihre \u00f6rtlich zust\u00e4ndige Polizeidienststelle oder melden Sie den Sachverhalt \u00fcber unserer Online-Wache: <a href=\"https:\/\/www.polizei.rlp.de\/de\/onlinewache\/\" target=\"_blank\" rel=\"noreferrer noopener\">www.polizei.rlp.de\/de\/onlinewache\/<\/a>.<\/strong><\/li>\n\n\n\n<li><strong>Unsere Pr\u00e4ventionsexperten informieren unter der Tel.: 0621 963-1515, wie man sich am besten gegen Telefonbetrug sch\u00fctzen kann.<\/strong><\/li>\n<\/ul>\n\n\n\n<h4 class=\"wp-block-heading\"><strong>Auf der Internet-Seite\u00a0<a href=\"https:\/\/www.polizei-beratung.de\/\" target=\"_blank\" rel=\"noreferrer noopener\">www.polizei-beratung.de<\/a>\u00a0finden Sie umfangreiche Informationen zu diesem Thema.<\/strong><\/h4>\n\n\n\n<h2 class=\"wp-block-heading\">(Ludwigshafen) &#8211; Rollerfahrer verletzt sich bei Unfall<\/h2>\n\n\n\n<p>Ein 35-J\u00e4hriger befuhr am 12.07.2023, gegen 09:30 Uhr, mit seinem Roller die Ludwigstra\u00dfe in Ludwigshafen. Aufgrund noch unbekannter Ursache kam er zu Fall und kollidierte mit einem ordnungsgem\u00e4\u00df am rechten Fahrbahnrand parkenden Auto.<\/p>\n\n\n\n<p>Der Rollerfahrer wurde durch den Sturz leicht verletzt. Zudem entstand an beiden Fahrzeugen einen Sachschaden. Die Gesamtschadensh\u00f6he bel\u00e4uft sich auf ca. 1.500 Euro.<\/p>\n\n\n\n<h2 class=\"wp-block-heading\">(Ludwigshafen) &#8211; Fu\u00dfg\u00e4ngerin bei Verkehrsunfall schwer verletzt<\/h2>\n\n\n\n<p>Am Mittwochmorgen (12.07.2023), gegen 08:50 Uhr, befuhr ein 72-j\u00e4hriger Autofahrer die Bruchwiesenstra\u00dfen in Ludwigshafen. W\u00e4hrend seines Abbiegevorgangs in die Raschigstra\u00dfe \u00fcbersah er eine 18-j\u00e4hrige Fu\u00dfg\u00e4ngerin, die gerade dabei war, den dortigen Fu\u00dfg\u00e4nger\u00fcberweg zu \u00fcberqueren. Durch den Zusammensto\u00df wurde die Fu\u00dfg\u00e4ngerin schwer verletzt. Sie wurde vom Rettungsdienst in ein Krankenhaus gebracht. Zudem entstand ein Sachschaden von rund 1.500 Euro.<\/p>\n\n\n\n<h2 class=\"wp-block-heading\">(Ludwigshafen) &#8211; Trickdiebstahl fordert Geldb\u00f6rse<\/h2>\n\n\n\n<p>Am 11.07.2023, zwischen 10 Uhr und 10:15 Uhr, wurde einer 73-J\u00e4hrigen, vermutlich w\u00e4hrend eines gekonnten Ablenkungsman\u00f6vers, der Geldbeutel aus der Handtasche entwendet. Die 73-J\u00e4hrige befand sich gerade in einem Drogeriemarkt in der Ludwigstra\u00dfe, als sie von einer Frau in ein Gespr\u00e4ch verwickelt wurde. Die Frau beendete das Gespr\u00e4ch pl\u00f6tzlich und verlie\u00df die \u00d6rtlichkeit. Als die 73-J\u00e4hrige ihren Einkauf fortsetzen wollte, fielen ihr zwei weitere Frauen auf, die sich in unmittelbarer N\u00e4he zur ihr befanden. Auch diese verlie\u00dfen unmittelbar die \u00d6rtlichkeit. Wenige Zeit sp\u00e4ter stellte die 73-J\u00e4hrige fest, dass ihre im Einkaufswagen befindliche Tasche ge\u00f6ffnet war und der Geldbeutel fehlte.<\/p>\n\n\n\n<p>Trickdiebstahl ist ein Ph\u00e4nomen, von dem fast ausschlie\u00dflich \u00e4ltere Menschen betroffen sind. Unter Vort\u00e4uschen von Notlagen, einer offiziellen Funktion oder Vort\u00e4uschen einer pers\u00f6nlichen Beziehung zum Opfer versuchen die T\u00e4ter ein Gespr\u00e4ch aufzubauen. Hierbei werden skrupellos und zielgerichtet das Alter, die Gebrechlichkeit und die Gutgl\u00e4ubigkeit des Opfers ausgenutzt. Bedenken Sie, dass Trickt\u00e4ter erfinderisch und schauspielerisch begabt sind. Sie reagieren schnell und denken sich immer neue Taktiken aus, um ihr Ziel zu erreichen. Seien Sie deshalb immer misstrauisch, wenn Sie von Fremden angesprochen werden. Verhindern Sie den Zugriff auf Ihre Wertsachen und halten Sie Abstand. Wenn Ihnen eine Situation verd\u00e4chtig vorkommt oder Sie sich unwohl f\u00fchlen, beenden Sie das Gespr\u00e4ch. Rufen Sie die Polizei, unter der 110 wenn Sie bedr\u00e4ngt werden oder sich in einer Gefahr befinden.<\/p>\n\n\n\n<h4 class=\"wp-block-heading\"><strong>N\u00e4here Informationen zum Thema sowie die Tricks der T\u00e4ter erfahren sie unter\u00a0<a href=\"https:\/\/www.polizei-beratung.de\/\" target=\"_blank\" rel=\"noreferrer noopener\">www.polizei-beratung.de<\/a><\/strong><\/h4>\n\n\n\n<h2 class=\"wp-block-heading\">(Mannheim) &#8211; Hafenbahnstra\u00dfe untersp\u00fclt \/ Sperrung ab Donnerstag um 15.00 Uhr<\/h2>\n\n\n<div class=\"wp-block-image\">\n<figure class=\"aligncenter size-full\"><img decoding=\"async\" loading=\"lazy\" width=\"640\" height=\"480\" src=\"https:\/\/speyer24news.com\/wp-content\/uploads\/2020\/01\/Vollsperrung-1.jpg\" alt=\"\" class=\"wp-image-24649\" srcset=\"https:\/\/speyer24news.com\/wp-content\/uploads\/2020\/01\/Vollsperrung-1.jpg 640w, https:\/\/speyer24news.com\/wp-content\/uploads\/2020\/01\/Vollsperrung-1-300x225.jpg 300w, https:\/\/speyer24news.com\/wp-content\/uploads\/2020\/01\/Vollsperrung-1-326x245.jpg 326w, https:\/\/speyer24news.com\/wp-content\/uploads\/2020\/01\/Vollsperrung-1-80x60.jpg 80w\" sizes=\"(max-width: 640px) 100vw, 640px\" \/><\/figure><\/div>\n\n\n<p>Aufgrund eines Kanalschadens in der Hafenbahnstra\u00dfe, Fahrtrichtung Sandhofen, m\u00fcssen auf H\u00f6he der Stra\u00dfe &#8222;Zum Herrenried&#8220; die beiden Fahrspuren ab 15.00 Uhr gesperrt werden, da ein Stra\u00dfeneinbruch droht.<\/p>\n\n\n\n<p>Aufgrund der Sperrung kann es zu Verkehrsbeeintr\u00e4chtigungen kommen. Es wird darum gebeten, den Bereich, wenn m\u00f6glich, weitr\u00e4umig zu umfahren.<\/p>\n\n\n\n<h2 class=\"wp-block-heading\">(Edingen-Neckarhausen \/ Rhein-Neckar-Kreis) &#8211; PKW kommt von Fahrbahn ab \/ Eine Person leichtverletzt<\/h2>\n\n\n\n<p>Die 49-j\u00e4hrige Fahrerin eines Dacia kam am Mittwoch gegen 11.30 Uhr in der Hauptstra\u00dfe in Edingen aus bislang unbekannter Ursache nach rechts von der Fahrbahn ab und kollidierte mit einem dort geparkten Toyota. Dieser wurde durch die Wucht des Aufpralls gegen einen Baum geschoben. Die Fahrerin des Toyotas befand sich zu diesem Zeitpunkt noch in ihrem Fahrzeug und wurde durch den Unfall leicht verletzt.<\/p>\n\n\n\n<p>An beiden Fahrzeugen entstand ein Sachschaden von mehreren tausend Euro. Sowohl der Dacia, als auch der Toyota mussten nach Abschluss der Unfallaufnahme durch das Polizeirevier Ladenburg abgeschleppt werden, da sie nicht mehr fahrbereit waren.<\/p>\n\n\n\n<h2 class=\"wp-block-heading\">(Heidelberg) &#8211; Betrugsversuch \u00fcber Internetverkaufsportal<\/h2>\n\n\n\n<p>Ein 36-j\u00e4hriger Mann aus der Bahnstadt bot \u00fcber ein Internetportal mehrere Pl\u00fcschtiere zum Verkauf an. Am Mittwoch meldete sich eine Person bei ihm, die ein Interesse an dem Spielzeug bekundete. Nachdem man sich handelseinig wurde, t\u00e4uschte der K\u00e4ufer vor, dass es Probleme bei der \u00dcberweisung gegeben hatte und schickte deshalb dem 36-J\u00e4hrigen eine E-Mail mit einem Internet-Link. Mit dessen Hilfe sollte der Verk\u00e4ufer seine Bankdaten verifizieren, was er auch tat. Als danach eine Weiterleitung auf eine Internetseite erfolgte, auf der er sein Internetbanking-Passwort eingeben sollte, wurde er misstrauisch und brach den Vorgang ab. So verhinderte er im letzten Augenblick, dass sich der unbekannte T\u00e4ter Zugang zu seinem Bankkonto verschaffen konnte. Gl\u00fccklicherweise blieb es daher bei einem Betrugsversuch und dem 36-J\u00e4hrigen entstand kein finanzieller Schaden.<\/p>\n\n\n\n<p>Die Polizei ermittelt nun wegen des versuchten Betruges.<\/p>\n\n\n\n<h2 class=\"wp-block-heading\">(Walldorf \/ Rhein-Neckar-Kreis) &#8211; Zwei E-Gitarren aus Musikhaus entwendet<\/h2>\n\n\n\n<p>Bislang unbekannter T\u00e4ter entwendete am Mittwoch gegen 19.00 Uhr zwei E-Gitarren aus dem Verkaufsraum eines Musikfachgesch\u00e4fts in der Wiesenstra\u00dfe in Walldorf. Hierf\u00fcr verschaffte sich der T\u00e4ter unbemerkt Zugang zu einem abgesonderten abgetrennten\/ gesonderten Bereich und entwendete die beiden Musikinstrumente, die gemeinsam zusammen einen Wert von mehreren tausend Euro haben.<\/p>\n\n\n\n<ul>\n<li><strong>Zeugen, die sachdienliche Hinweise geben k\u00f6nnen, werden gebeten, sich beim Polizeirevier Wiesloch unter 06222\/5709-0 zu melden.<\/strong><\/li>\n<\/ul>\n\n\n\n<h2 class=\"wp-block-heading\">(Hockenheim \/ Rhein-Neckar-Kreis) &#8211; Geldautomat gesprengt und v\u00f6llig zerst\u00f6rt<\/h2>\n\n\n<div class=\"wp-block-image\">\n<figure class=\"aligncenter size-full\"><img decoding=\"async\" loading=\"lazy\" width=\"640\" height=\"427\" src=\"https:\/\/speyer24news.com\/wp-content\/uploads\/2021\/04\/Gesprengter-Geldautomat-Beispielfoto.jpg\" alt=\"\" class=\"wp-image-35942\" srcset=\"https:\/\/speyer24news.com\/wp-content\/uploads\/2021\/04\/Gesprengter-Geldautomat-Beispielfoto.jpg 640w, https:\/\/speyer24news.com\/wp-content\/uploads\/2021\/04\/Gesprengter-Geldautomat-Beispielfoto-300x200.jpg 300w\" sizes=\"(max-width: 640px) 100vw, 640px\" \/><figcaption class=\"wp-element-caption\">Symbolbild &#8222;gesprengter Geldautomat&#8220;, dient lediglich der Visualisierung<\/figcaption><\/figure><\/div>\n\n\n<p>In der Nacht von Mittwoch auf Donnerstag gegen 02.30 Uhr wurde ein Geldautomat in der Ketscher Str. in Hockenheim durch bislang unbekannte T\u00e4ter gesprengt und hierbei v\u00f6llig zerst\u00f6rt. Nach Angaben von Zeugen sind drei Personen kurz darauf von der \u00d6rtlichkeit gefl\u00fcchtet. Durch die Wucht der Explosion wurden mehrere PKW im direkten Umfeld des Automaten besch\u00e4digt.<\/p>\n\n\n\n<p>Der Bereich um den Automaten wurde in der Nacht weitr\u00e4umig abgesperrt. Die Kriminalpolizeidirektion Heidelberg \u00fcbernahm unter Hinzuziehung der zentralen Kriminaltechnik des Polizeipr\u00e4sidiums Mannheim und dem Entsch\u00e4rfungsdienstes des LKA BW noch in der Nacht die Ermittlungen.<\/p>\n\n\n\n<p>Die H\u00f6he des erbeuteten Bargeldes und des entstandenen Sachschadens sind aktuell noch Gegenstand der Ermittlungen.<\/p>\n\n\n\n<p>Erste Ermittlungen ergaben, dass die T\u00e4ter im Anschluss vermutlich mit einem dunklen, hochmotorisierten Audi gefl\u00fcchtet sind.<\/p>\n\n\n\n<h2 class=\"wp-block-heading\">(Reilingen \/ Rhein-Neckar-Kreis) &#8211; Betrunkener verursacht Auffahrunfall<\/h2>\n\n\n\n<p>Am Mittwoch hielten um kurz vor 22 Uhr ein Audi und ein Mercedes an einer roten Ampel der L560, als ein weiterer Audi von hinten angefahren kam und auf den stehenden Mercedes prallt. Durch die Wucht der Kollision wurde dieser weiter auf den vor ihm stehenden zweiten Audi geschoben. Als eine Streife des Polizeireviers Hockenheim den Unfall aufnahm, bemerkte sie, dass der 33-j\u00e4hrige Unfallverursacher ganz erheblich unter Alkoholeinfluss stand. Ein Atemtest ergab einen Wert von \u00fcber 1,7 Promille. Nach einer Blutprobe wurde ihm die Weiterfahrt untersagt und sein F\u00fchrerschein sichergestellt. Verletzt hatte sich bei dem Auffahrunfall zum Gl\u00fcck niemand. Es entstand aber ein erheblicher Sachschaden, der mit 50.000 Euro beziffert wird.<\/p>\n\n\n\n<p>Der 33-J\u00e4hrige muss nun mit einer Anzeige wegen der Gef\u00e4hrdung des Stra\u00dfenverkehrs rechnen.<\/p>\n\n\n\n<p><\/p>\n\n\n\n<h2 class=\"wp-block-heading\">(L 546 \/ Rot \/ Rhein-Neckar-Kreis) &#8211; Unbekannte stellen Hindernis auf die L546 \/ Polizei sucht Zeugen<\/h2>\n\n\n<div class=\"wp-block-image\">\n<figure class=\"aligncenter size-full\"><img decoding=\"async\" loading=\"lazy\" width=\"801\" height=\"600\" src=\"https:\/\/speyer24news.com\/wp-content\/uploads\/2020\/05\/Zeugen-gesucht-Neutral.jpg\" alt=\"\" class=\"wp-image-26598\" srcset=\"https:\/\/speyer24news.com\/wp-content\/uploads\/2020\/05\/Zeugen-gesucht-Neutral.jpg 801w, https:\/\/speyer24news.com\/wp-content\/uploads\/2020\/05\/Zeugen-gesucht-Neutral-300x225.jpg 300w, https:\/\/speyer24news.com\/wp-content\/uploads\/2020\/05\/Zeugen-gesucht-Neutral-768x575.jpg 768w, https:\/\/speyer24news.com\/wp-content\/uploads\/2020\/05\/Zeugen-gesucht-Neutral-678x509.jpg 678w, https:\/\/speyer24news.com\/wp-content\/uploads\/2020\/05\/Zeugen-gesucht-Neutral-326x245.jpg 326w, https:\/\/speyer24news.com\/wp-content\/uploads\/2020\/05\/Zeugen-gesucht-Neutral-80x60.jpg 80w\" sizes=\"(max-width: 801px) 100vw, 801px\" \/><\/figure><\/div>\n\n\n<p>Eine bislang unbekannte T\u00e4terschaft platzierte in der Nacht von Mittwoch auf Donnerstag einen Leitpfosten mittig und quer auf der Fahrbahn der L546 auf H\u00f6he der Einm\u00fcndung der Bahnhofstra\u00dfe. Als sich um kurz nach 2 Uhr ein 30-J\u00e4hriger mit seinem VW der Stelle in Richtung Bad Sch\u00f6nborn n\u00e4herte, bemerkte er eine Gruppe junger Menschen, von denen einer offenbar in seine Richtung die Stra\u00dfe filmte. Davon irritiert, bemerkte er das Hindernis erst im letzten Augenblick. Ruckartig wich der Fahrer auf die Gegenfahrbahn aus, um nicht mit dem Pfosten zusammenzuprallen. Gl\u00fccklicherweise kam ihm kein Fahrzeug entgegen, sodass der 30-J\u00e4hrige mit einem Schrecken davonkam. Als der Fahrer wendete, um die Gefahrenstelle zu beseitigen, sah er noch, wie die Gruppe in Richtung Rot davonrannte.<\/p>\n\n\n\n<p>Die Polizei leitete die Ermittlungen wegen des gef\u00e4hrlichen Eingriffs in den Stra\u00dfenverkehr ein.<\/p>\n\n\n\n<ul>\n<li><strong>Zeugen, die sachdienliche Hinweise geben k\u00f6nnen, werden gebeten sich beim Polizeirevier Wiesloch, unter der Telefonnummer 06222-5709-0, zu melden.<\/strong><\/li>\n<\/ul>\n\n\n\n<h2 class=\"wp-block-heading\">(St. Leon \/ Rhein-Neckar-Kreis) &#8211; Autofahrer rammt absichtlich zwei Radfahrer \/ Polizei sucht Zeugen<\/h2>\n\n\n<div class=\"wp-block-image\">\n<figure class=\"aligncenter size-full\"><img decoding=\"async\" loading=\"lazy\" width=\"801\" height=\"600\" src=\"https:\/\/speyer24news.com\/wp-content\/uploads\/2020\/05\/Zeugen-gesucht-Neutral.jpg\" alt=\"\" class=\"wp-image-26598\" srcset=\"https:\/\/speyer24news.com\/wp-content\/uploads\/2020\/05\/Zeugen-gesucht-Neutral.jpg 801w, https:\/\/speyer24news.com\/wp-content\/uploads\/2020\/05\/Zeugen-gesucht-Neutral-300x225.jpg 300w, https:\/\/speyer24news.com\/wp-content\/uploads\/2020\/05\/Zeugen-gesucht-Neutral-768x575.jpg 768w, https:\/\/speyer24news.com\/wp-content\/uploads\/2020\/05\/Zeugen-gesucht-Neutral-678x509.jpg 678w, https:\/\/speyer24news.com\/wp-content\/uploads\/2020\/05\/Zeugen-gesucht-Neutral-326x245.jpg 326w, https:\/\/speyer24news.com\/wp-content\/uploads\/2020\/05\/Zeugen-gesucht-Neutral-80x60.jpg 80w\" sizes=\"(max-width: 801px) 100vw, 801px\" \/><\/figure><\/div>\n\n\n<p>Um kurz nach 11 Uhr waren am Dienstag zwei Radfahrer von Frauenweiler auf der alten Roter Stra\u00dfe in Richtung St. Leon-Rot unterwegs, als sie vor der Br\u00fccke \u00fcber die B3 von einem BMW angehupt wurden. Die beiden Radler fuhren auf der schmalen Stra\u00dfe ganz nach rechts, um das Auto passieren zu lassen. Der 77-j\u00e4hrige Fahrer des BMW \u00fcberholte zun\u00e4chst die Fahrr\u00e4der, rammte dann aber, nach ersten Erkenntnissen bewusst und absichtlich, den vorausfahrenden, 62-j\u00e4hrigen Radfahrer, so dass dieser st\u00fcrzte. Als seine 52-j\u00e4hrige Begleiterin von ihrem Fahrrad stieg, um sich um den durch die Kollision leicht Verletzten zu k\u00fcmmern, wurde auch sie von dem BMW angefahren und zog sich so Prellungen und Sch\u00fcrfwunden zu. Dessen Fahrer k\u00fcmmerte sich nicht um die zwei nun am Boden liegenden Radfahrer, sondern fl\u00fcchtete von der Unfallstelle<\/p>\n\n\n\n<p>Die Polizei ermittelt nun gegen den 77-J\u00e4hrigen wegen des gef\u00e4hrlichen Eingriffs in den Stra\u00dfenverkehr sowie wegen Unfallflucht.<\/p>\n\n\n\n<ul>\n<li><strong>Zeugen, die sachdienliche Hinweise geben k\u00f6nnen, werden gebeten sich beim Polizeirevier Wiesloch, unter der Telefonnummer 06222-5709-0, zu melden.<\/strong><\/li>\n<\/ul>\n\n\n\n<h2 class=\"wp-block-heading\">(Meckesheim \/ Rhein-Neckar-Kreis) &#8211; Traktor \u00fcberschl\u00e4gt sich \/ Rettungskr\u00e4fte im Einsatz<\/h2>\n\n\n\n<p>Derzeit sind Kr\u00e4fte der Feuerwehr, des Rettungsdienstes und der Polizei bei einem Verkehrsunfallgeschehen mit einem \u00fcberschlagenen Traktor, im Feldgebiet &#8222;Am Hummelberg&#8220;, eingesetzt. \u00dcber den Unfallhergang sowie zu dem Verletzungsbild ist derzeit noch nichts bekannt. Durch die Unfallaufnahme kann es zu Verkehrsbehinderungen und zu kurzfristigen Sperrungen kommen. Es wird nachberichtet. <em>13.07.2023 \u2013 17:35<\/em><\/p>\n\n\n\n<h2 class=\"wp-block-heading\">(Meckesheim \/ Rhein-Neckar-Kreis) &#8211; Ohne F\u00fchrerschein einem Streifenwagen die Vorfahrt genommen<\/h2>\n\n\n\n<p>In der Nacht von Mittwoch auf Donnerstag missachtete um kurz nach 2 Uhr der Fahrer eines VW auf der Zuzenh\u00e4user Stra\u00dfe die Vorfahrt eines Streifenwagens. Bei der nachfolgenden Kontrolle zeigte sich, dass der 20-j\u00e4hrige Fahrzeugf\u00fchrer gar keinen F\u00fchrerschein besa\u00df. Zudem hatte der Mann den VW ohne Wissen der Halterin unerlaubt genutzt. Doch damit nicht genug &#8211; der Mann trug auch noch ein verbotenes Springmesser bei sich, welches die Polizei beschlagnahmte.<\/p>\n\n\n\n<p>Der 20-J\u00e4hrigen muss sich jetzt wegen Fahren ohne Fahrerlaubnis, unbefugter Ingebrauchnahme eines Kraftwagens sowie wegen eines Versto\u00dfes gegen das Waffengesetz verantworten.<\/p>\n\n\n\n<h2 class=\"wp-block-heading\">(Eberbach \/ Rhein-Neckar-Kreis) &#8211; Polizei mit richtigem Riecher \/ Mann mit \u00fcber ein Promille am Steuer unterwegs<\/h2>\n\n\n\n<p>Am sp\u00e4ten Mittwochabend gegen 23.00 Uhr wurde in der Uferstra\u00dfe der 53-j\u00e4hrige Fahrer eines Fords durch Polizeibeamte des Polizeireviers Eberbach einer allgemeinen Verkehrskontrolle unterzogen. Den Beamten fiel unmittelbar zu Beginn der Kontrolle deutlicher Alkoholgeruch in der Atemluft des 53-J\u00e4hrigen auf. Ein durchgef\u00fchrter Atemalkoholtest ergab einen Wert von 1,2 Promille. Sein Auto musste der Fahrer stehen lassen und seine Fahrzeugschl\u00fcssel Polizei abgeben. Im Anschluss begleitete er die Polizeibeamten auf das Polizeirevier Eberbach und musste eine Blutprobe abgeben.<\/p>\n\n\n\n<p>Gegen ihn wurde ein Verfahren wegen Trunkenheit im Stra\u00dfenverkehr eingeleitet. Weiterhin erwarten ihn f\u00fchrerscheinrechtliche Konsequenzen.<\/p>\n\n\n\n<h2 class=\"wp-block-heading\">(Neckargem\u00fcnd \/ Rhein-Neckar-Kreis) &#8211; \u00dcber 10.000 Euro Sachschaden nach Auffahrunfall<\/h2>\n\n\n\n<p>Am Mittwochnachmittag um 18:45 Uhr kam es in der Schwimmbadstra\u00dfe zu einem Auffahrunfall, bei dem eine Frau leicht verletzt wurde. Aufgrund der Verkehrssituation musste eine 52-j\u00e4hrigen Opel-Fahrerin verkehrsbedingt halten. Eine 60-J\u00e4hrige Peugeot-Fahrerin erkannte die Situation zu sp\u00e4t und fuhr der Opel-Fahrerin hinten auf. Durch den Zusammensto\u00df wurde der Opel auf einen davorstehenden Smart aufgeschoben. Die 52-J\u00e4hrige wurde leicht verletzt in ein Krankenhaus gebracht. Die anderen Beteiligten blieben unverletzt. Der Gesamtschaden s\u00e4mtlicher Fahrzeuge wird auf einen niedrigen f\u00fcnfstelligen Betrag gesch\u00e4tzt. Das Polizeirevier Neckargem\u00fcnd ermittelt nun wegen der fahrl\u00e4ssiger K\u00f6rperverletzung.<\/p>\n\n\n\n<h2 class=\"wp-block-heading\">(Neckargem\u00fcnd \/ Rhein-Neckar-Kreis) &#8211; 43 j\u00e4hriger Fahrer nach Fahrt unter Drogeneinfluss aus dem Verkehr gezogen<\/h2>\n\n\n\n<p>Am Mittwochmittag gegen 12:30 Uhr kontrollierten Beamte und Beamtinnen des Polizeirevier Neckargem\u00fcnd einen 43-J\u00e4hrigen Mercedes-Fahrer in der Bahnhofstra\u00dfe. Bereits zu Beginn der Verkehrskontrolle erh\u00e4rtete sich der Verdacht, dass der Mercedes-Fahrer Drogen konsumiert haben k\u00f6nnte, weshalb die Polizeibeamten und Polizeibeamtinnen einen Drogentest durchf\u00fchrten. Das positive Ergebnis auf THC best\u00e4tigte den Verdacht, weshalb dem Mann eine Blutprobe entnommen wurde. Dem 43-J\u00e4hrigen wurde die Weiterfahrt untersagt. Sein F\u00fchrerschein wurde sichergestellt.<\/p>\n\n\n\n<p>Der 43-J\u00e4hrige muss sich nun wegen der Fahrt unter Drogen sowie dem Verdacht des Bet\u00e4ubungsmittelbesitzes verantworten.<\/p>\n\n\n\n<h2 class=\"wp-block-heading\">(Ladenburg \/ Rhein-Neckar-Kreis) &#8211; Laderampe besch\u00e4digt, T\u00e4ter gefl\u00fcchtet \/ Zeugen gesucht!<\/h2>\n\n\n\n<p>Am Mittwochvormittag gegen 09:30 Uhr besch\u00e4digte ein bisher unbekannter Fahrzeugf\u00fchrer bzw. eine unbekannte Fahrzeugf\u00fchrerin die Laderampe eines geparkten Lkw und fl\u00fcchtet im Anschluss von der Unfallstelle. Der oder die Unbekannte fuhr die Ladenburger Hauptstra\u00dfe entlang, als dieser aus bislang noch unbekannten Gr\u00fcnde mit der Laderampe kollidierte. Der Sachschaden liegt im niedrigen vierstelligen Bereich.<\/p>\n\n\n\n<ul>\n<li><strong>Zeugen, die das Geschehen beobachten konnten bzw. sachdienliche Hinweise geben k\u00f6nnen, werden gebeten, sich mit dem Polizeirevier Ladenburg, Tel.: 06203\/9305-0, in Verbindung zu setzen.<\/strong><\/li>\n<\/ul>\n","protected":false},"excerpt":{"rendered":"<div class=\"mh-excerpt\"><p>Polizeimeldungen vom Donnerstag (13.07.2023) (Speyer) &#8211; Fahrradkontrollwoche bei der Polizei Speyer In der Woche vom 17.07.2023 bis einschlie\u00dflich 23.07.2023 wird durch die Polizeiinspektion Speyer eine Fahrradkontrollwoche durchgef\u00fchrt. Hierbei stehen die Sicherheit im Stra\u00dfenverkehr, aber vor <a class=\"mh-excerpt-more\" href=\"https:\/\/speyer24news.com\/?p=53652\" title=\"Polizeimeldungen Donnerstag (13.07.2023)\">[&#8230;]<\/a><\/p>\n<\/div>","protected":false},"author":3,"featured_media":26162,"comment_status":"open","ping_status":"open","sticky":false,"template":"","format":"standard","meta":{"_monsterinsights_skip_tracking":false,"_monsterinsights_sitenote_active":false,"_monsterinsights_sitenote_note":"","_monsterinsights_sitenote_category":0,"footnotes":""},"categories":[15659],"tags":[7243,7244,3614,350,14537,15084,15267,14538,15361,15845,702,61,2555,6955,6986,6263,63,105,11150,6987,53,4854,13534,4683,1548,4905,11592,102,13626,213,14325,14324,13553,13541,55,8277,6368,5261,103,106,2803,2423,427,2625,380,62,104,979,1565],"aioseo_notices":[],"amp_enabled":true,"_links":{"self":[{"href":"https:\/\/speyer24news.com\/index.php?rest_route=\/wp\/v2\/posts\/53652"}],"collection":[{"href":"https:\/\/speyer24news.com\/index.php?rest_route=\/wp\/v2\/posts"}],"about":[{"href":"https:\/\/speyer24news.com\/index.php?rest_route=\/wp\/v2\/types\/post"}],"author":[{"embeddable":true,"href":"https:\/\/speyer24news.com\/index.php?rest_route=\/wp\/v2\/users\/3"}],"replies":[{"embeddable":true,"href":"https:\/\/speyer24news.com\/index.php?rest_route=%2Fwp%2Fv2%2Fcomments&post=53652"}],"version-history":[{"count":2,"href":"https:\/\/speyer24news.com\/index.php?rest_route=\/wp\/v2\/posts\/53652\/revisions"}],"predecessor-version":[{"id":53659,"href":"https:\/\/speyer24news.com\/index.php?rest_route=\/wp\/v2\/posts\/53652\/revisions\/53659"}],"wp:featuredmedia":[{"embeddable":true,"href":"https:\/\/speyer24news.com\/index.php?rest_route=\/wp\/v2\/media\/26162"}],"wp:attachment":[{"href":"https:\/\/speyer24news.com\/index.php?rest_route=%2Fwp%2Fv2%2Fmedia&parent=53652"}],"wp:term":[{"taxonomy":"category","embeddable":true,"href":"https:\/\/speyer24news.com\/index.php?rest_route=%2Fwp%2Fv2%2Fcategories&post=53652"},{"taxonomy":"post_tag","embeddable":true,"href":"https:\/\/speyer24news.com\/index.php?rest_route=%2Fwp%2Fv2%2Ftags&post=53652"}],"curies":[{"name":"wp","href":"https:\/\/api.w.org\/{rel}","templated":true}]}}