{"id":53676,"date":"2023-07-15T07:28:55","date_gmt":"2023-07-15T06:28:55","guid":{"rendered":"https:\/\/speyer24news.com\/?p=53676"},"modified":"2023-07-17T12:13:19","modified_gmt":"2023-07-17T11:13:19","slug":"polizeimeldungen-freitag-14-07-2023","status":"publish","type":"post","link":"https:\/\/speyer24news.com\/?p=53676","title":{"rendered":"Polizeimeldungen Freitag (14.07.2023)"},"content":{"rendered":"<style type=\"text\/css\">\r\n\t.ads_top_disp{}\r\n\t.ads_top_corner_disp{ float:left; margin:0px 10px 10px 0px; }\r\n\t.ads_first_p_disp{}\r\n\t.ads_bottom_disp{}\r\n\t<\/style>\n<h2 class=\"wp-block-heading\">Polizeimeldungen vom Freitag (14.07.2023)<\/h2>\n\n\n<div class=\"wp-block-image\">\n<figure class=\"aligncenter size-full\"><img decoding=\"async\" loading=\"lazy\" width=\"375\" height=\"500\" src=\"https:\/\/speyer24news.com\/wp-content\/uploads\/2022\/03\/Aktuelles-Polizeilogo.jpg\" alt=\"\" class=\"wp-image-43591\" srcset=\"https:\/\/speyer24news.com\/wp-content\/uploads\/2022\/03\/Aktuelles-Polizeilogo.jpg 375w, https:\/\/speyer24news.com\/wp-content\/uploads\/2022\/03\/Aktuelles-Polizeilogo-225x300.jpg 225w\" sizes=\"(max-width: 375px) 100vw, 375px\" \/><\/figure><\/div>\n\n\n<h2 class=\"wp-block-heading\">(Speyer) &#8211; Junggesellenabschied l\u00f6st Polizeieinsatz aus<\/h2>\n\n\n<div class=\"wp-block-image\">\n<figure class=\"aligncenter size-full\"><img decoding=\"async\" loading=\"lazy\" width=\"800\" height=\"600\" src=\"https:\/\/speyer24news.com\/wp-content\/uploads\/2021\/04\/SEK-Beispielbild.jpg\" alt=\"\" class=\"wp-image-35457\" srcset=\"https:\/\/speyer24news.com\/wp-content\/uploads\/2021\/04\/SEK-Beispielbild.jpg 800w, https:\/\/speyer24news.com\/wp-content\/uploads\/2021\/04\/SEK-Beispielbild-300x225.jpg 300w, https:\/\/speyer24news.com\/wp-content\/uploads\/2021\/04\/SEK-Beispielbild-768x576.jpg 768w, https:\/\/speyer24news.com\/wp-content\/uploads\/2021\/04\/SEK-Beispielbild-678x509.jpg 678w, https:\/\/speyer24news.com\/wp-content\/uploads\/2021\/04\/SEK-Beispielbild-326x245.jpg 326w, https:\/\/speyer24news.com\/wp-content\/uploads\/2021\/04\/SEK-Beispielbild-80x60.jpg 80w\" sizes=\"(max-width: 800px) 100vw, 800px\" \/><figcaption class=\"wp-element-caption\">Beispielbild eines Sondereinsatzkommandos (SEK) &#8211; Bild dient lediglich der Visualisierung<\/figcaption><\/figure><\/div>\n\n\n<p>Am Freitagmittag (14.07.2023) informierte ein Passant gegen 12:45 Uhr die Polizei, nachdem er zwei mit Sturmhauben maskierte und mit Pistolen bewaffnete M\u00e4nner in ein Geb\u00e4ude in der Salierstra\u00dfe gehen sah. Gem\u00e4\u00df unseren vorbereiteten Einsatzkonzepten wurde die \u00d6rtlichkeit mit starken Polizeikr\u00e4ften angefahren. Vor Ort konnten die zwei 29- und 30-j\u00e4hrigen M\u00e4nner angetroffen und kontrolliert werden. Diese waren auf dem Weg zu einem Junggesellenabschied und hatten sich maskiert und mit t\u00e4uschend echt aussehenden Luftdruck-Pistolen bewaffnet, um den k\u00fcnftigen Br\u00e4utigam zu &#8222;entf\u00fchren&#8220;.<\/p>\n\n\n\n<p>Die Luftdruck-Waffen wurden sichergestellt. Ob sich die beiden M\u00e4nner durch das F\u00fchren der Waffen strafbar gemacht haben, wird derzeit noch ermittelt. Weiterhin wird gepr\u00fcft, ob den Verantwortlichen die Kosten des Einsatzes in Rechnung gestellt werden k\u00f6nnen.<\/p>\n\n\n\n<p>Der Vorfall zeigt eindr\u00fccklich, dass ein Mitf\u00fchren von waffen\u00e4hnlichen Gegenst\u00e4nden zu gro\u00dfer Verunsicherung in der Bev\u00f6lkerung f\u00fchrt. Besonders f\u00fcr die Verantwortlichen, aber auch f\u00fcr Polizeikr\u00e4fte stellen derartige Eins\u00e4tze eine erhebliche Gefahrensituation dar, da grunds\u00e4tzlich mit einer scharfen Waffe gerechnet wurden muss. Daher appelliert die Polizei eindringlich, mit derartigen Gegenst\u00e4nden niemals in der \u00d6ffentlichkeit zu hantieren.<\/p>\n\n\n\n<h4 class=\"wp-block-heading\"><strong>Weitere Informationen zum Thema F\u00fchren von Waffen in der \u00d6ffentlichkeit finden Sie unter&nbsp;<a href=\"https:\/\/s.rlp.de\/9uoRc\" target=\"_blank\" rel=\"noreferrer noopener\">https:\/\/s.rlp.de\/9uoRc<\/a><\/strong><\/h4>\n\n\n\n<h2 class=\"wp-block-heading\">(Speyer) &#8211; Betrunkener Rollerfahrer verursacht Unfall<\/h2>\n\n\n\n<p>Am 13.07.2023 gegen 11:37 Uhr befuhr ein 58-j\u00e4hriger Rollerfahrer die Holzstra\u00dfe in Richtung Sch\u00fctzenstra\u00dfe. Zeugen beobachteten, wie der Mann in Schlangenlinien fuhr und gegen ein geparktes Fahrzeug stie\u00df. An dem Fahrzeug entstand Sachschaden in H\u00f6he von ca. 600 Euro. Der Rollerfahrer wurde leicht verletzt. Bei der Unfallaufnahme stellten die Beamten starken Atemalkoholgeruch bei dem 58-J\u00e4hrigen fest. Ein freiwillig durchgef\u00fchrter Atemalkoholtest ergab einen Wert von 2,47 Promille. Zudem war der Mann nicht mehr im Besitz einer Fahrerlaubnis. Dem Mann wurde eine Blutprobe entnommen und der Roller sichergestellt.<\/p>\n\n\n\n<h2 class=\"wp-block-heading\">(Speyer) &#8211; Trickdiebstahl auf Parkplatz<\/h2>\n\n\n<div class=\"wp-block-image\">\n<figure class=\"aligncenter size-full\"><img decoding=\"async\" loading=\"lazy\" width=\"640\" height=\"426\" src=\"https:\/\/speyer24news.com\/wp-content\/uploads\/2020\/12\/Taschendiebstahl.jpg\" alt=\"\" class=\"wp-image-31455\" srcset=\"https:\/\/speyer24news.com\/wp-content\/uploads\/2020\/12\/Taschendiebstahl.jpg 640w, https:\/\/speyer24news.com\/wp-content\/uploads\/2020\/12\/Taschendiebstahl-300x200.jpg 300w\" sizes=\"(max-width: 640px) 100vw, 640px\" \/><figcaption class=\"wp-element-caption\">Beispielbild Diebstahl, dient lediglich der Visualisierung.<\/figcaption><\/figure><\/div>\n\n\n<p>Am 13.07.2023 gegen 11.35 Uhr wurde eine 79-j\u00e4hrige Frau auf einem Parkplatz in der Dudenhofer Stra\u00dfe von einer bislang unbekannten Frau angesprochen. Die Unbekannte forderte die Seniorin auf, ihr etwas aus einer Zeitung vorzulesen. Anschlie\u00dfend bemerkte die 79-J\u00e4hrige, dass die Geldb\u00f6rse aus ihrer Handtasche fehlte. <\/p>\n\n\n\n<h4 class=\"wp-block-heading\">Die Frau wird wie folgt beschrieben: <\/h4>\n\n\n\n<ul>\n<li><strong>60-70 Jahre alt<\/strong><\/li>\n\n\n\n<li><strong>graue Haare<\/strong><\/li>\n\n\n\n<li><strong>trug ein helles verwaschenes Kleid<\/strong><\/li>\n<\/ul>\n\n\n\n<p>In der Geldb\u00f6rse befanden sich ein mittlerer dreistelliger Bargeldbetrag, ein Personalausweis und die EC-Karte. <\/p>\n\n\n\n<h4 class=\"wp-block-heading\">Die Polizei r\u00e4t:<\/h4>\n\n\n\n<ul>\n<li><strong>Geld, Schecks, Kreditkarten und Papiere immer in verschiedenen verschlossenen Innentaschen der Kleidung m\u00f6glichst dicht am K\u00f6rper tragen.<\/strong><\/li>\n\n\n\n<li><strong>Hand- und Umh\u00e4ngetaschen verschlossen vor dem K\u00f6rper tragen oder unter den Arm klemmen.<\/strong><\/li>\n\n\n\n<li><strong>Verwenden Sie einen Brustbeutel, eine G\u00fcrtelinnentasche, einen Geldg\u00fcrtel oder eine am G\u00fcrtel angekettete Geldb\u00f6rse.<\/strong><\/li>\n\n\n\n<li><strong>Handtaschen nicht oben in die Einkaufstasche, den Einkaufskorb oder den Einkaufswagen legen, sondern so nah wie m\u00f6glich am K\u00f6rper tragen.<\/strong><\/li>\n\n\n\n<li><strong>Handtaschen im Restaurant, Kaufhaus oder Gesch\u00e4ft (auch bei der Anprobe von Schuhen oder Kleidung) nicht \u00fcber die Stuhllehne h\u00e4ngen oder unbeaufsichtigt lassen. <\/strong><\/li>\n<\/ul>\n\n\n\n<h4 class=\"wp-block-heading\"><strong>Weitere Informationen finden Sie unter&nbsp;<a href=\"https:\/\/www.polizei-beratung.de\/\" target=\"_blank\" rel=\"noreferrer noopener\">https:\/\/www.polizei-beratung.de<\/a>.<\/strong><\/h4>\n\n\n\n<h2 class=\"wp-block-heading\">(Speyer) &#8211; Sichergestellte Fahrr\u00e4der suchen ihre Besitzer<\/h2>\n\n\n<div class=\"wp-block-image\">\n<figure class=\"aligncenter size-full\"><img decoding=\"async\" loading=\"lazy\" width=\"800\" height=\"600\" src=\"https:\/\/speyer24news.com\/wp-content\/uploads\/2023\/07\/1.jpg\" alt=\"\" class=\"wp-image-53679\" srcset=\"https:\/\/speyer24news.com\/wp-content\/uploads\/2023\/07\/1.jpg 800w, https:\/\/speyer24news.com\/wp-content\/uploads\/2023\/07\/1-300x225.jpg 300w, https:\/\/speyer24news.com\/wp-content\/uploads\/2023\/07\/1-768x576.jpg 768w, https:\/\/speyer24news.com\/wp-content\/uploads\/2023\/07\/1-678x509.jpg 678w, https:\/\/speyer24news.com\/wp-content\/uploads\/2023\/07\/1-326x245.jpg 326w, https:\/\/speyer24news.com\/wp-content\/uploads\/2023\/07\/1-80x60.jpg 80w\" sizes=\"(max-width: 800px) 100vw, 800px\" \/><\/figure><\/div>\n\n\n<p>Am 14.07.2023 gegen 03:00 Uhr wurden Polizeibeamte zu einer Ruhest\u00f6rung auf einem Spielplatz im Bereich der Hans-Stempel-Stra\u00dfe gerufen. Als sich die Beamten dem Spielplatz n\u00e4herten, fl\u00fcchteten zwei Radfahrer. Eine Nachschau im Park f\u00fchrte zum Auffinden von f\u00fcnf versteckt abgestellten, neuwertigen Fahrr\u00e4dern. <\/p>\n\n\n\n<figure class=\"wp-block-gallery has-nested-images columns-2 is-cropped wp-block-gallery-1 is-layout-flex wp-block-gallery-is-layout-flex\">\n<figure class=\"wp-block-image size-large\"><img decoding=\"async\" loading=\"lazy\" width=\"800\" height=\"600\" data-id=\"53681\" src=\"https:\/\/speyer24news.com\/wp-content\/uploads\/2023\/07\/2.jpg\" alt=\"\" class=\"wp-image-53681\" srcset=\"https:\/\/speyer24news.com\/wp-content\/uploads\/2023\/07\/2.jpg 800w, https:\/\/speyer24news.com\/wp-content\/uploads\/2023\/07\/2-300x225.jpg 300w, https:\/\/speyer24news.com\/wp-content\/uploads\/2023\/07\/2-768x576.jpg 768w, https:\/\/speyer24news.com\/wp-content\/uploads\/2023\/07\/2-678x509.jpg 678w, https:\/\/speyer24news.com\/wp-content\/uploads\/2023\/07\/2-326x245.jpg 326w, https:\/\/speyer24news.com\/wp-content\/uploads\/2023\/07\/2-80x60.jpg 80w\" sizes=\"(max-width: 800px) 100vw, 800px\" \/><\/figure>\n\n\n\n<figure class=\"wp-block-image size-large\"><img decoding=\"async\" loading=\"lazy\" width=\"800\" height=\"600\" data-id=\"53683\" src=\"https:\/\/speyer24news.com\/wp-content\/uploads\/2023\/07\/3.jpg\" alt=\"\" class=\"wp-image-53683\" srcset=\"https:\/\/speyer24news.com\/wp-content\/uploads\/2023\/07\/3.jpg 800w, https:\/\/speyer24news.com\/wp-content\/uploads\/2023\/07\/3-300x225.jpg 300w, https:\/\/speyer24news.com\/wp-content\/uploads\/2023\/07\/3-768x576.jpg 768w, https:\/\/speyer24news.com\/wp-content\/uploads\/2023\/07\/3-678x509.jpg 678w, https:\/\/speyer24news.com\/wp-content\/uploads\/2023\/07\/3-326x245.jpg 326w, https:\/\/speyer24news.com\/wp-content\/uploads\/2023\/07\/3-80x60.jpg 80w\" sizes=\"(max-width: 800px) 100vw, 800px\" \/><\/figure>\n\n\n\n<figure class=\"wp-block-image size-large\"><img decoding=\"async\" loading=\"lazy\" width=\"800\" height=\"600\" data-id=\"53680\" src=\"https:\/\/speyer24news.com\/wp-content\/uploads\/2023\/07\/4.jpg\" alt=\"\" class=\"wp-image-53680\" srcset=\"https:\/\/speyer24news.com\/wp-content\/uploads\/2023\/07\/4.jpg 800w, https:\/\/speyer24news.com\/wp-content\/uploads\/2023\/07\/4-300x225.jpg 300w, https:\/\/speyer24news.com\/wp-content\/uploads\/2023\/07\/4-768x576.jpg 768w, https:\/\/speyer24news.com\/wp-content\/uploads\/2023\/07\/4-678x509.jpg 678w, https:\/\/speyer24news.com\/wp-content\/uploads\/2023\/07\/4-326x245.jpg 326w, https:\/\/speyer24news.com\/wp-content\/uploads\/2023\/07\/4-80x60.jpg 80w\" sizes=\"(max-width: 800px) 100vw, 800px\" \/><\/figure>\n\n\n\n<figure class=\"wp-block-image size-large\"><img decoding=\"async\" loading=\"lazy\" width=\"800\" height=\"600\" data-id=\"53682\" src=\"https:\/\/speyer24news.com\/wp-content\/uploads\/2023\/07\/5.jpg\" alt=\"\" class=\"wp-image-53682\" srcset=\"https:\/\/speyer24news.com\/wp-content\/uploads\/2023\/07\/5.jpg 800w, https:\/\/speyer24news.com\/wp-content\/uploads\/2023\/07\/5-300x225.jpg 300w, https:\/\/speyer24news.com\/wp-content\/uploads\/2023\/07\/5-768x576.jpg 768w, https:\/\/speyer24news.com\/wp-content\/uploads\/2023\/07\/5-678x509.jpg 678w, https:\/\/speyer24news.com\/wp-content\/uploads\/2023\/07\/5-326x245.jpg 326w, https:\/\/speyer24news.com\/wp-content\/uploads\/2023\/07\/5-80x60.jpg 80w\" sizes=\"(max-width: 800px) 100vw, 800px\" \/><\/figure>\n<\/figure>\n\n\n\n<h4 class=\"wp-block-heading\">Bei den R\u00e4dern handelt es sich um:<\/h4>\n\n\n\n<ul>\n<li><strong>ein Cube Mountainbike<\/strong><\/li>\n\n\n\n<li><strong>ein Kalkhoff Pedelec<\/strong><\/li>\n\n\n\n<li><strong>ein Cube, Mountainbike<\/strong><\/li>\n\n\n\n<li><strong>ein Fischer Pedelec <\/strong><\/li>\n\n\n\n<li><strong>und ein Fischer Tourenrad<\/strong><\/li>\n<\/ul>\n\n\n\n<ul>\n<li><strong>Gesch\u00e4digte oder Zeugen die Angaben zum Besitzer machen k\u00f6nnen, werden gebeten, sich unter der Rufnummer 06232\/137-0 oder per E-Mail an\u00a0<a href=\"mailto:%20pispeyer@polizei.rlp.de\">pispeyer@polizei.rlp.de<\/a>\u00a0an die Polizei zu wenden.<\/strong><\/li>\n<\/ul>\n\n\n\n<h2 class=\"wp-block-heading\">(Mutterstadt) &#8211; Umbau am Motorrad f\u00fchrt zur Stilllegung<\/h2>\n\n\n\n<p>Aufgrund einer starken Ger\u00e4uschentwicklung beim Beschleunigen seines Motorrades wurde ein 19-j\u00e4hriger aus Mutterstadt in der Nacht von Donnerstag auf Freitag in der Stuhlbruderstra\u00dfe einer Verkehrskontrolle unterzogen. Im Rahmen der Kontrolle wurden technische Ver\u00e4nderungen an dem Motorrad festgestellt, was zum Erl\u00f6schen der Betriebserlaubnis f\u00fchrte. Den 19-j\u00e4hrigen erwartet nun ein Bu\u00dfgeldverfahren und er muss den ordnungsgem\u00e4\u00dfen Zustand seines Motorrades wiederherstellen.<\/p>\n\n\n\n<h2 class=\"wp-block-heading\">(Bad Bergzabern) &#8211; Versuchter Fahrraddiebstahl<\/h2>\n\n\n\n<p>Am Donnerstag, 13.07.23, zwischen 18:30 Uhr und 21:20 Uhr, versuchten bislang unbekannte T\u00e4ter ein E-Bike aus dem Hof eines Anwesens in der Petronellastra\u00dfe zu entwenden. <\/p>\n\n\n\n<ul>\n<li><strong>Zeugen, die im oben genannten Zeitraum verd\u00e4chtige Wahrnehmungen im Bereich des Anwesen Nummer 42 gemacht haben, werden gebeten sich unter 06343 93340 oder&nbsp;<a href=\"mailto:%20pibadbergzabern@polizei.rlp.de\">pibadbergzabern@polizei.rlp.de<\/a>&nbsp;mit der Polizeiinspektion Bad Bergzabern in Verbindung zu setzen.<\/strong><\/li>\n<\/ul>\n\n\n\n<h2 class=\"wp-block-heading\">(Bad Bergzabern) &#8211; E-Scooter entwendet<\/h2>\n\n\n\n<p>In der Nacht von 12.\/13.07.23, wurde in der Mozartstra\u00dfe ein schwarzer E-Scooter der Marke Karcher entwendet. Das Fahrzeug stand vor dem Anwesen Nummer 20 und ist mit einem Versicherungskennzeichen versehen. <\/p>\n\n\n\n<ul>\n<li><strong>Zeugen werden gebeten sich unter 06343 93340 oder&nbsp;<a href=\"mailto:%20pibadbergzabern@polizei.rlp.de\">pibadbergzabern@polizei.rlp.de<\/a>&nbsp;mit der Polizeiinspektion Bad Bergzabern in Verbindung zu setzen.<\/strong><\/li>\n<\/ul>\n\n\n\n<h2 class=\"wp-block-heading\">(Annweiler) &#8211; Unfallflucht im S\u00fcdring<\/h2>\n\n\n<div class=\"wp-block-image\">\n<figure class=\"aligncenter size-full\"><img decoding=\"async\" loading=\"lazy\" width=\"800\" height=\"614\" src=\"https:\/\/speyer24news.com\/wp-content\/uploads\/2023\/07\/Fahrzeugschadenvornelinks.jpg\" alt=\"\" class=\"wp-image-53684\" srcset=\"https:\/\/speyer24news.com\/wp-content\/uploads\/2023\/07\/Fahrzeugschadenvornelinks.jpg 800w, https:\/\/speyer24news.com\/wp-content\/uploads\/2023\/07\/Fahrzeugschadenvornelinks-300x230.jpg 300w, https:\/\/speyer24news.com\/wp-content\/uploads\/2023\/07\/Fahrzeugschadenvornelinks-768x589.jpg 768w, https:\/\/speyer24news.com\/wp-content\/uploads\/2023\/07\/Fahrzeugschadenvornelinks-80x60.jpg 80w\" sizes=\"(max-width: 800px) 100vw, 800px\" \/><\/figure><\/div>\n\n\n<p>Am Donnerstagmorgen zwischen 10Uhr und 10:15Uhr wurde vor der KiTa Kunterbunt im S\u00fcdring in Annweiler eine Unfallflucht begangen. Vermutlich beim Vorbeifahren bleib ein noch unbekanntes Fahrzeug an einem wei\u00dfen Opel Corsa h\u00e4ngen und besch\u00e4digte diesen links an der Frontsch\u00fcrze. <\/p>\n\n\n\n<ul>\n<li><strong>Wer Hinweise zum Unfallhergang bzw. dem Verursacher geben kann, meldet sich bitte bei der Polizeiwache Annweiler<\/strong><\/li>\n<\/ul>\n\n\n\n<h2 class=\"wp-block-heading\">(St. Martin) &#8211; Unbekannte Motorradfahrer gesucht<\/h2>\n\n\n\n<p>Am Donnerstag um kurz vor 7 Uhr wurden zwei bislang unbekannte Motorradfahrer im Wald bei St. Martin gesichtet. Die zwei Moto-Cross-Maschinen waren ohne Kennzeichen versehen und fuhren entlang der Totenkopfstra\u00dfe auf dortigen Waldwegen. Von den Fahrern fehlt jede Spur. <\/p>\n\n\n\n<ul>\n<li><strong>Hinweise nimmt die Polizei Edenkoben unter der Telefonnummer 06323 9550 entgegen.<\/strong><\/li>\n<\/ul>\n\n\n\n<h2 class=\"wp-block-heading\">(Lambrecht) &#8211; Unter Drogeneinfluss die Arbeit angetreten&#8230;<\/h2>\n\n\n\n<p>&#8230; hat am 14.07.2023 um 07:15 Uhr ein 25-J\u00e4hriger aus Neustadt\/W., welcher mit seinem Ford Transit die Hauptstra\u00dfe in 67466 Lambrecht\/ Pfalz befuhr und einer anlassunabh\u00e4ngigen Verkehrskontrolle unterzogen wurde. Dieser trat zu diesem Zeitpunkt seine Arbeit an und war mit dem Fahrzeug auf dem Weg zu einem Kunden. Im Rahmen der \u00dcberpr\u00fcfung der Verkehrst\u00fcchtigkeit des Fahrers konnten bei diesem Auff\u00e4lligkeiten festgestellt werden, welche auf einen zeitnahen Bet\u00e4ubungsmittelkonsum schlie\u00dfen lie\u00dfen. Ein durchgef\u00fchrter Drogenvortest verlief letztlich positiv auf die Stoffgruppe THC, weshalb der junge Mann eine Blutprobe abgeben musste. Der Fahrzeugschl\u00fcssel wurde einem Bekannten \u00fcbergeben. Nun muss sich der Neustadter in einem Straf-, sowie einem Ordnungswidrigkeitenverfahren verantworten. Ferner wird die zust\u00e4ndige F\u00fchrerscheinstelle \u00fcber den Vorfall in Kenntnis gesetzt.<\/p>\n\n\n\n<h2 class=\"wp-block-heading\">(Frankenthal) &#8211; Mann mit Messer verursacht Polizeieinsatz \/ Zeugen gesucht<\/h2>\n\n\n<div class=\"wp-block-image\">\n<figure class=\"aligncenter size-full\"><img decoding=\"async\" loading=\"lazy\" width=\"800\" height=\"621\" src=\"https:\/\/speyer24news.com\/wp-content\/uploads\/2021\/07\/Messer-Angriff-Bedrohung-2.jpg\" alt=\"\" class=\"wp-image-38504\" srcset=\"https:\/\/speyer24news.com\/wp-content\/uploads\/2021\/07\/Messer-Angriff-Bedrohung-2.jpg 800w, https:\/\/speyer24news.com\/wp-content\/uploads\/2021\/07\/Messer-Angriff-Bedrohung-2-300x233.jpg 300w, https:\/\/speyer24news.com\/wp-content\/uploads\/2021\/07\/Messer-Angriff-Bedrohung-2-768x596.jpg 768w\" sizes=\"(max-width: 800px) 100vw, 800px\" \/><figcaption class=\"wp-element-caption\">Symbolbild &#8222;\u00dcberfall Messer&#8220;, dient lediglich der Visualisierung<\/figcaption><\/figure><\/div>\n\n\n<p>Am Donnerstagnachmittag, gegen 15 Uhr, gingen mehrere Notrufe bei der Polizei Frankenthal ein. Es wurde ein Mann gemeldet, der mit einem gro\u00dfen K\u00fcchenmesser in der Hand zu Fu\u00df durch die Schmiedegasse in Richtung Wormser Stra\u00dfe laufen w\u00fcrde. Gem\u00e4\u00df unseren vorbereiteten Einsatzkonzepten \u00fcberpr\u00fcften sofort starke Polizeikr\u00e4fte den gemeldeten Bereich. Der Gesuchte konnte jedoch nicht angetroffen werden. Zeugen gaben an, dass sie im Metznerpark zuvor eine lautstarke Auseinandersetzung zwischen mehreren Personen beobachtet h\u00e4tten. Im Park wurden f\u00fcnf Personen, die m\u00f6glicherweise an den Streitigkeiten beteiligt waren, kontrolliert. Dabei stellten Polizeikr\u00e4fte bei einem 21-J\u00e4hrigen geringe Mengen Marihuanabl\u00fcten sicher.<\/p>\n\n\n\n<p>Bei den weiteren Ermittlungen wurde bekannt, dass der Gesuchte offenbar w\u00e4hrend der Auseinandersetzung von einem Zeugen fotografiert und das Bild in einem sozialen Netzwerk ver\u00f6ffentlicht wurde.<\/p>\n\n\n\n<p>Nach den bislang durchgef\u00fchrten Ermittlungen d\u00fcrfte es sich bei dem Gesuchten mit dem Messer um einen 21-J\u00e4hrigen handeln. Dieser soll mit einem 26-J\u00e4hrigen in Streit geraten sein. Verletzte gab es dabei nicht.<\/p>\n\n\n\n<p>Die Ermittlungen, insbesondere ob und in welcher Form das Messer verwendet wurde sowie zu den Hintergr\u00fcnden, wurden aufgenommen.<\/p>\n\n\n\n<ul>\n<li><strong>Zeugen werden gebeten sich an die Polizeiinspektion Frankenthal unter der Tel.-Nr.: 06233\/313-0 oder an die Polizeiwache Maxdorf unter der Tel.-Nr.: 06237\/934-1100 zu wenden. Gerne nehmen wir Ihre Hinweise auch per E-Mail unter&nbsp;<a href=\"mailto:%20pifrankenthal@polizei.rlp.de\">pifrankenthal@polizei.rlp.de<\/a>&nbsp;entgegen.<\/strong><\/li>\n<\/ul>\n\n\n\n<h2 class=\"wp-block-heading\">(Ludwigshafen) &#8211; Unvermittelt ins Gesicht geschlagen<\/h2>\n\n\n<div class=\"wp-block-image\">\n<figure class=\"aligncenter size-full\"><img decoding=\"async\" loading=\"lazy\" width=\"800\" height=\"533\" src=\"https:\/\/speyer24news.com\/wp-content\/uploads\/2021\/11\/Schlaegerei.jpg\" alt=\"\" class=\"wp-image-42366\" srcset=\"https:\/\/speyer24news.com\/wp-content\/uploads\/2021\/11\/Schlaegerei.jpg 800w, https:\/\/speyer24news.com\/wp-content\/uploads\/2021\/11\/Schlaegerei-300x200.jpg 300w, https:\/\/speyer24news.com\/wp-content\/uploads\/2021\/11\/Schlaegerei-768x512.jpg 768w\" sizes=\"(max-width: 800px) 100vw, 800px\" \/><figcaption class=\"wp-element-caption\">Beispielbild Schl\u00e4gerei \/ K\u00f6rperverletzung, dient lediglich der Visualisierung<\/figcaption><\/figure><\/div>\n\n\n<p>Ein 44-J\u00e4hriger wurde in der Nacht auf Freitag (14.07.2023, gegen 03:20 Uhr) im Bereich des Eisstadions in der Saarlandstra\u00dfe von zwei ihm unbekannten M\u00e4nnern angep\u00f6belt. Einer der beiden habe ihm kurz darauf unvermittelt ins Gesicht geschlagen. Der andere habe versucht, seinen Begleiter zu beruhigen. Der 44-J\u00e4hrige wurde leicht verletzt. Die M\u00e4nner seien schlie\u00dflich Richtung Mundenheim davongegangen.<\/p>\n\n\n\n<h4 class=\"wp-block-heading\">Sie konnten wie folgt beschrieben werden: <\/h4>\n\n\n\n<ul>\n<li><strong>Beide etwa 25 Jahre alt. <\/strong><\/li>\n\n\n\n<li><strong>Sie h\u00e4tten beide ein T-Shirt getragen, wobei das Shirt des T\u00e4ters dunkel war. <\/strong><\/li>\n<\/ul>\n\n\n\n<ul>\n<li><strong>Sachdienliche Hinweise bitte an die Polizeiinspektion Ludwigshafen 1, Telefonnummer 0621 963-2122 oder per E-Mail&nbsp;<a href=\"mailto:%20piludwigshafen1@polizei.rlp.de\">piludwigshafen1@polizei.rlp.de<\/a>&nbsp;.<\/strong><\/li>\n<\/ul>\n\n\n\n<h2 class=\"wp-block-heading\">(Ludwigshafen) &#8211; Hinweise erbeten<\/h2>\n\n\n\n<p>Am 13.07.2023, gegen 20:20 Uhr, kam es in der Orangeriestra\u00dfe zu einem Verkehrsunfall zwischen einer 37-j\u00e4hrigen Autofahrerin und einem 47-j\u00e4hrigen Autofahrer. Da die Schilderungen des Unfallhergangs auseinandergehen, bittet die Polizeiwache Oggersheim um Zeugenhinweise. <\/p>\n\n\n\n<ul>\n<li><strong>Hinweise werden an die Polizeiwache Oggersheim unter Tel. 0621 963 &#8211; 2403 oder per E-Mail&nbsp;<a href=\"mailto:%20pwoggersheim@polizei.rlp.de\">pwoggersheim@polizei.rlp.de<\/a>&nbsp;erbeten.<\/strong><\/li>\n<\/ul>\n\n\n\n<h2 class=\"wp-block-heading\">(Ludwigshafen) &#8211; Radfahrer bei Unfall verletzt<\/h2>\n\n\n\n<p>Am Donnerstagnachmittag (13.07.2023), gegen 16:30 Uhr, war ein 39-j\u00e4hriger Radfahrer auf dem Radweg der Horst-Schorck-Stra\u00dfe in Richtung Friesenheimer Stra\u00dfe unterwegs. Auf H\u00f6he der dortigen Kleingartenanlage bog der Mann nach links auf einen Parkplatz ab. Ein 63-j\u00e4hriger Autofahrer, der in gleicher Richtung unterwegs war, bog ebenfalls auf den Parkplatz ab und missachtete den Vorrang des Radfahrers. Er touchierte das Fahrrad, wodurch der 39-J\u00e4hrige st\u00fcrzte und leicht verletzt wurde. Er wurde durch den Rettungsdienst vor Ort versorgt.<\/p>\n\n\n\n<h2 class=\"wp-block-heading\">(Ludwigshafen) &#8211; Kind leicht verletzt<\/h2>\n\n\n\n<p>In der Fuggerstra\u00dfe kam es am Donnerstag, 13.07.2023, gegen 15:15 Uhr zu einem Unfall bei dem ein 9-j\u00e4hriges Kind leicht verletzt wurde. Dieses war mit seinem Roller aus einer Hofeinfahrt auf die Stra\u00dfe gefahren und wurde dort von einem Auto erfasst. Durch den Zusammenprall st\u00fcrzte das Kind. Es wurde vorsorglich in ein Krankenhaus verbracht.<\/p>\n\n\n\n<p>Am Auto sowie dem Roller entstand ein Sachschaden von insgesamt etwa 800 Euro.<\/p>\n\n\n\n<h2 class=\"wp-block-heading\">(Ludwigshafen) &#8211; Brand in Mehrfamilienhaus<\/h2>\n\n\n\n<p>Am Donnerstagnachmittag (13.07.2023) kam es zu einem Brand in einer Wohnung eines Mehrfamilienhauses in der Von-Denis-Stra\u00dfe in Limburgerhof. Dieser wurde durch die Feuerwehr gel\u00f6scht, bevor er auf weitere R\u00e4umlichkeiten \u00fcbergreifen konnte. Ein Bewohner wurde mit Verdacht auf eine Rauchgasintoxikation durch den Rettungsdienst in ein Krankenhaus gebracht. Es entstand ein Sachschaden in H\u00f6he von circa 10.000 Euro. Die Kriminalpolizei Ludwigshafen hat die Ermittlungen zur Brandursache aufgenommen.<\/p>\n\n\n\n<h2 class=\"wp-block-heading\">(Ludwigshafen) &#8211; Falscher Sparkassenmitarbeiter erbeutet Bargeld<\/h2>\n\n\n<div class=\"wp-block-image\">\n<figure class=\"aligncenter size-large\"><img decoding=\"async\" loading=\"lazy\" width=\"1024\" height=\"649\" src=\"https:\/\/speyer24news.com\/wp-content\/uploads\/2022\/04\/Geld-Betrug-Schockanruf-Rentner-1024x649.jpg\" alt=\"\" class=\"wp-image-44260\" srcset=\"https:\/\/speyer24news.com\/wp-content\/uploads\/2022\/04\/Geld-Betrug-Schockanruf-Rentner-1024x649.jpg 1024w, https:\/\/speyer24news.com\/wp-content\/uploads\/2022\/04\/Geld-Betrug-Schockanruf-Rentner-300x190.jpg 300w, https:\/\/speyer24news.com\/wp-content\/uploads\/2022\/04\/Geld-Betrug-Schockanruf-Rentner-768x487.jpg 768w, https:\/\/speyer24news.com\/wp-content\/uploads\/2022\/04\/Geld-Betrug-Schockanruf-Rentner.jpg 1280w\" sizes=\"(max-width: 1024px) 100vw, 1024px\" \/><figcaption class=\"wp-element-caption\">Beispielbild Schockanruf \/ Betrug, dient lediglich der Visualisierung<\/figcaption><\/figure><\/div>\n\n\n<p>Am 11.07.2023 erhielt ein 84-j\u00e4hriger Ludwigshafener einen Anruf eines vermeintlichen Sparkassenmitarbeiters. Im Zuge des Gespr\u00e4chs gab der Senior dem Anrufer umfassend pers\u00f6nliche Daten preis. Gestern Nachmittag (13.07.2023) stellte er fest, dass knapp 3.000 Euro unberechtigt von seinem Konto abgebucht wurden. Die Kriminalpolizei Ludwigshafen hat die Ermittlungen aufgenommen.<\/p>\n\n\n\n<p>Obwohl schon viele B\u00fcrgerinnen und B\u00fcrger sensibilisiert sind, gelingt es den trickreichen Betr\u00fcgern in Einzelf\u00e4llen immer wieder, hohe Geldsummen oder Wertgegenst\u00e4nde zu erlangen. Fast immer zielen die Betrugsmaschen des &#8222;Enkeltricks&#8220; o-der des &#8222;falschen Polizeibeamten&#8220; auf Seniorinnen und Senioren ab. Wissen Sie, wie Sie sich vor solchen Telefonbetr\u00fcger sch\u00fctzen k\u00f6nnen?<\/p>\n\n\n\n<p>Um Sie noch besser vor den fiesen Betrugsmaschen zu sch\u00fctzen, haben unsere Pr\u00e4ventionsexperten eine Telefonhotline f\u00fcr Seniorinnen und Senioren eingerichtet. Unter der Telefonnummer 0621 963 &#8211; 1515 k\u00f6nnen Sie sich von Montag bis Donnerstag zwischen 8 und 16 Uhr sowie freitags von 8 bis 12 Uhr kostenlos telefonisch \u00fcber Betrugsdelikte informieren. Rufen Sie uns an und informieren Sie sich \u00fcber die typischen Betrugsmaschen wie zum Beispiel &#8222;Falsche Polizeibeamte&#8220;, &#8222;Enkeltrick&#8220; oder sogenannte &#8222;Schockanrufe&#8220; und wie Sie sich mit einfachen Tricks dagegen wehren k\u00f6nnen.<\/p>\n\n\n\n<h2 class=\"wp-block-heading\">(Ludwigshafen) &#8211; Auto aufgebrochen \/ Zeugen gesucht<\/h2>\n\n\n\n<p>Am fr\u00fchen Donnerstagmorgen (13.07.2023), zwischen 02:30 und 07:30 Uhr, schlugen Unbekannte die Scheibe eines auf einem Parkplatz in der Erich-Reimann-Stra\u00dfe abgestellten Autos ein und durchsuchten den Innenraum. Nach ersten Ermittlungen wurde ein paar Schuhe entwendet. Es entstand ein Gesamtschaden von circa 700 Euro.<\/p>\n\n\n\n<ul>\n<li><strong>Wer hat die Tat beobachtet oder im Bereich der Erich-Reimann-Stra\u00dfe \/ Von-Weber-Stra\u00dfe verd\u00e4chtige Personen beobachtet? Sachdienliche Hinweise nimmt die Kriminalpolizei Ludwigshafen unter der Telefonnummer 0621\/963-2773 oder per E-Mail&nbsp;<a href=\"mailto:%20kiludwigshafen.k1.kdd@polizei.rlp.de\">kiludwigshafen.k1.kdd@polizei.rlp.de<\/a>&nbsp;entgegen.<\/strong><\/li>\n<\/ul>\n\n\n\n<h2 class=\"wp-block-heading\">(Mannheim) &#8211; Aktivisten kleben sich auf Fahrbahn<\/h2>\n\n\n<div class=\"wp-block-image\">\n<figure class=\"aligncenter size-large\"><img decoding=\"async\" loading=\"lazy\" width=\"1024\" height=\"512\" src=\"https:\/\/speyer24news.com\/wp-content\/uploads\/2022\/01\/Demonstration-1024x512.png\" alt=\"\" class=\"wp-image-43221\" srcset=\"https:\/\/speyer24news.com\/wp-content\/uploads\/2022\/01\/Demonstration-1024x512.png 1024w, https:\/\/speyer24news.com\/wp-content\/uploads\/2022\/01\/Demonstration-300x150.png 300w, https:\/\/speyer24news.com\/wp-content\/uploads\/2022\/01\/Demonstration-768x384.png 768w, https:\/\/speyer24news.com\/wp-content\/uploads\/2022\/01\/Demonstration.png 1200w\" sizes=\"(max-width: 1024px) 100vw, 1024px\" \/><\/figure><\/div>\n\n\n<p>Klimaaktivisten sorgten am Freitag f\u00fcr St\u00f6rungen im Stra\u00dfenverkehr. Gegen 13:15 Uhr betraten vier Personen die Fahrbahn im Bereich des Kaiserrings in Mannheim und setzten sich dort nieder. Zwei der vier Personen klebten sich mit jeweils einer Hand auf die Fahrbahn. Unter Mitwirkung des Rettungsdienstes wurden die angeklebten H\u00e4nde von der Fahrbahn gel\u00f6st und die Personen anschlie\u00dfend von der Fahrbahn entfernt. Die Personen mussten hierbei getragen werden. Anschlie\u00dfend wurden die Personalien der Personen festgestellt. Sie m\u00fcssen nun mit einer Anzeige wegen des Verdachts der versuchten N\u00f6tung rechnen. Die Fahrbahn war bis 14:00 Uhr gesperrt, trotz Ableitung des Verkehrs kam es zu Beeintr\u00e4chtigungen.<\/p>\n\n\n\n<h2 class=\"wp-block-heading\">(A 6 \/ Mannheim) &#8211; Geplatzte Lkw-Reifen, Gefahr durch herumliegende Fahrzeugteile<\/h2>\n\n\n\n<p>Aktuell kommt es auf der BAB 6 Mannheim Richtung Heilbronn, zwischen Mannheim\/Schwetzingen und Dreieck Hockenheim, zu einem Einsatz von Kr\u00e4ften der Feuerwehr und der Polizei. Aus bislang unbekannten Gr\u00fcnden platzten gegen 12:30 Uhr gleich mehrere Reifen eines Lkw. Hierbei wurde der Lkw so besch\u00e4digt, dass derzeit mehrere Liter Diesel und \u00d6l auf die Fahrbahn laufen. \u00dcber die H\u00f6he des Schadens kann derzeit noch keine Aussage getroffen werden. Es kommt aktuell zu einem R\u00fcckstau von 5 km. Ortskundige Verkehrsteilnehmer werden gebeten, das Gebiet zu umfahren. <em>14.07.2023 \u2013 13:34<\/em><\/p>\n\n\n\n<h2 class=\"wp-block-heading\">(Mannheim) &#8211; Berauscht mit unversichertem E-Scooter unterwegs<\/h2>\n\n\n\n<p>Einer Streife des Polizeireviers Mannheim-Sandhofen fiel am Freitag, um kurz vor 1 Uhr, in der Roggenstra\u00dfe ein E-Scooter-Fahrer auf, dessen Gef\u00e4hrt kein Versicherungskennzeichen aufwies. Als die Polizei den 52-j\u00e4hrigen Fahrzeugf\u00fchrer anhalten wollte, stellte dieser pl\u00f6tzlich seinen E-Scooter zwischen zwei geparkten Autos ab und fl\u00fcchtete zu Fu\u00df. Nicht ohne Grund, wie sich herausstellte, als die Polizei den Fl\u00fcchtenden einholte. Der Mann war mit \u00fcber 1,3 Promille stark alkoholisiert und fuhr auch noch unter der Einwirkung von Kokain. Zudem hatte der E-Scooter keinen Versicherungsschutz. Wem das Fahrzeug eigentlich geh\u00f6rt, ist Gegenstand weiterer Ermittlungen. Es erfolgten die Sicherstellung des E-Scooters und eine Blutentnahme beim 52-J\u00e4hrigen. Er muss mit f\u00fchrerscheinrechtlichen Konsequenzen rechnen.<\/p>\n\n\n\n<p>Der Fahrer wird sich wegen Trunkenheit im Stra\u00dfenverkehr und dem Versto\u00df gegen das Pflichtversicherungsgesetz verantworten m\u00fcssen.<\/p>\n\n\n\n<h2 class=\"wp-block-heading\">(Mannheim) &#8211; Drei verletzte Personen nach Zusammensto\u00df mit Linienbus<\/h2>\n\n\n\n<p>Am Donnerstagmittag ereignete sich im Kreuzungsbereich der Landteilstra\u00dfe und John-Deere-Stra\u00dfe ein Unfall, bei dem drei Personen leicht verletzt wurden. Gegen 14:15 Uhr fuhr ein 19-j\u00e4hriger Opel-Fahrer und sein 23-j\u00e4hriger Beifahrer die John-Deere-Stra\u00dfe in Richtung Hauptbahnhof entlang. Als der Opel-Fahrer bei Gr\u00fcn nach links in die Landteilstra\u00dfe abbiegen wollte, \u00fcbersah dieser den vorrangberechtigten Linienbus und kollidierte mit diesem. Zum Unfallzeitpunkt befanden sich gl\u00fccklicherweise keine Fahrg\u00e4ste in dem Bus. Der 38-j\u00e4hrige Linienbusfahrer sowie der 19-J\u00e4hrige Opel-Fahrer und sein 23-j\u00e4hriger Beifahrer wurden bei dem Unfall leicht verletzt. Der Opel-Fahrer und sein Begleiter wurden durch den Rettungsdienst in ein umliegendes Krankenhaus transportiert. Der 38-j\u00e4hrige Fahrer des Linienbusses konnte seine Weiterfahrt auf das Werksgel\u00e4nde fortsetzen. Der Opel musste aufgrund des Schadensbildes abgeschleppt werden. Der Gesamtschaden wird auf 30.000 Euro gesch\u00e4tzt.<\/p>\n\n\n\n<h2 class=\"wp-block-heading\">(Mannheim) &#8211; Einbruch in den K-Quadraten \/ Zeugen gesucht!<\/h2>\n\n\n\n<p>Am Donnerstag, zwischen 09:30 Uhr und 14:00 Uhr, kam es in einem Mehrfamilienhaus in den K 4-Quadraten zu einem Einbruch in eine Wohnung. Die bislang unbekannte T\u00e4terschaft verschaffte sich gewaltsam \u00fcber die Eingangst\u00fcr Zutritt zum Wohnbereich. Sowohl die H\u00f6he des Diebstahlsschadens, als auch das Diebstahlsgut kann bislang weder beziffert noch benannt werden.<\/p>\n\n\n\n<p>Die Ermittlungen werden von der Ermittlungsgruppe Eigentum der Kriminalpolizeidirektion Heidelberg \u00fcbernommen und die Spuren werden derzeit kriminaltechnisch ausgewertet.<\/p>\n\n\n\n<ul>\n<li><strong>Zeugen werden gebeten, sich bitte an das kriminalpolizeiliche Hinweistelefon unter 0621\/174-4444 zu wenden.<\/strong><\/li>\n<\/ul>\n\n\n\n<h2 class=\"wp-block-heading\">(Mannheim) &#8211; Unbekannter besch\u00e4digt Ampelanlage und fl\u00fcchtet \/ Zeugen gesucht!<\/h2>\n\n\n\n<p>Durch einen bislang unbekannten Fahrzeugf\u00fchrer \/ eine unbekannte Fahrzeugf\u00fchrerin wurde zu einem noch nicht genau verifizierbaren Zeitpunkt im Bereich der Diffenestra\u00dfe \/ Eisenstra\u00dfe eine Lichtzeichenanlage auf bisher unbekannte Weise derart besch\u00e4digt, dass diese aus der Verankerung gerissen wurde. Die H\u00f6he des Sachschadens kann derzeit noch nicht genau beziffert werden. <\/p>\n\n\n\n<ul>\n<li><strong>Das Polizeirevier Mannheim-Neckarstadt ermittelt nun wegen Verkehrsunfallflucht und bittet Zeugen, welche sachdienliche Hinweise geben k\u00f6nnen, sich unter der Tel.: 0621 \/3301-0 zu melden.<\/strong><\/li>\n<\/ul>\n\n\n\n<h2 class=\"wp-block-heading\">(Mannheim-Almenhof\/Niederfeld) &#8211; Multimediasysteme aus hochwertigen Fahrzeugen entwendet<\/h2>\n\n\n\n<p>In der Zeit zwischen Mittwoch 18 Uhr bis Donnerstag 08 Uhr kam es im Bereich der M\u00f6nchw\u00f6rthstra\u00dfe und der Alberichstra\u00dfe zu zwei Diebst\u00e4hlen aus hochwertigen Autos der Marke BMW. Bislang unbekannte T\u00e4ter \u00f6ffneten in der M\u00f6nchw\u00f6rthstra\u00dfe durch Einschlagen der Scheibe die T\u00fcren des BMW und gelangten so an das Navigationssystem. Dieses bauten der oder die T\u00e4ter mitsamt der Bedienung aus. In der Alberichstra\u00dfe ist bislang nicht bekannt wie der oder die T\u00e4ter in das Fahrzeuginnere gelangten. Hier wurde der Tacho-Bildschirm und ein Multimediasystem aus dem Fahrzeug entwendet. Der Sachschaden kann bislang noch nicht beziffert werden. Die Spezialisten der Kriminaltechnik werten derzeit die Spuren an den Fahrzeugen aus. Die Kriminalpolizei hat die Ermittlungen aufgenommen. <\/p>\n\n\n\n<ul>\n<li><strong>Zeugen die Angaben zu verd\u00e4chtigen Personen in dem Bereich oder zur Tat machen k\u00f6nnen, werden gebeten, sich unter dem kriminalpolizeilichen Hinweistelefon zu melden: 0621\/174-4444.<\/strong><\/li>\n<\/ul>\n\n\n\n<h4 class=\"wp-block-heading\"><strong>Bitte beachten Sie auch die Hinweise auf unserer Beratungsseite: <a href=\"https:\/\/www.polizei-beratung.de\/themen-und-tipps\/diebstahl\/sicherheit-rund-ums-fahrzeug\/#panel-20646-5\">https:\/\/www.polizei-beratung.de\/themen-und-tipps\/diebstahl\/sicherheit-rund-ums-fahrzeug\/#panel-20646-5<\/a><\/strong><\/h4>\n\n\n\n<p>Navigationsger\u00e4te, Autoradios und Mobiltelefone sind nicht nur bei Autofahrern popul\u00e4r. Auch f\u00fcr Diebe sind sie eine hei\u00df begehrte Ware. Wer solch wertvolle Gegenst\u00e4nde sorglos im Auto zur\u00fcckl\u00e4sst, wird allzu leicht zum Opfer der Langfinger.<\/p>\n\n\n\n<p>Auf der R\u00fcckseite des Anti-Klau-Anh\u00e4ngers der Polizei finden Sie eine Checkliste mit wichtigen Tipps, an die es zu denken gilt, bevor Sie Ihr Auto verlassen. Der Anh\u00e4nger wird am R\u00fcckspiegel angebracht. Von au\u00dfen signalisiert er einem potenziellen Dieb klar: Hier ist nichts zu holen.<\/p>\n\n\n\n<h2 class=\"wp-block-heading\">(Heidelberg) &#8211; Rund 500 g Erdbeeren verspeist \/ Erdbeerdiebe auf frischer Tat ertappt<\/h2>\n\n\n\n<p>Am Donnerstagabend wurden vier T\u00e4ter dabei erwischt, wie sich diese auf einem Erdbeerfeld im Grasweg bewegten und hier Erdbeeren pfl\u00fcckten und verspeisten. Rund 500 Gramm Erdbeeren a\u00dfen die vier M\u00e4nner und verstauten au\u00dferdem weitere geringe Mengen in ihren Taschen. Eine zuf\u00e4llig vorbeifahrende Polizeistreife wurde auf die M\u00e4nner aufmerksam und unterzogen sie einer Kontrolle. Schlie\u00dflich mussten die M\u00e4nner die Beamten auf das Polizeirevier begleiten. Nach Beendigung strafprozessualer Ma\u00dfnahmen durften die diese ihren Heimweg antreten. Die vier Tatverd\u00e4chtigen im Alter von 21, 22, 26 und 27 Jahren m\u00fcssen sich nun wegen Diebstahl verantworten. Der Diebstahlschaden liegt im niedrigen einstelligen Bereich.<\/p>\n\n\n\n<h2 class=\"wp-block-heading\">(Heidelberg) &#8211; Harley wegen unzul\u00e4ssiger technischer Umbauten aus dem Verkehr gezogen<\/h2>\n\n\n\n<p>Am Donnerstag kontrollierte eine Streife des Verkehrsdienstes Heidelberg um 15:30 Uhr in der R\u00f6merstra\u00dfe den Fahrer einer Harley-Davidson. Die Polizisten stellten schnell fest, dass das Motorrad einige Umbauten aufwies. Nach genauerer Pr\u00fcfung erwiesen sich bedeutende Teile, unter anderem die Bremsanlage, die Sto\u00dfd\u00e4mpfer und der Lenker, als unzul\u00e4ssig. Eine technische Untersuchung stellte fest, dass die Harley durch die Umbauten gef\u00e4hrliche M\u00e4ngel aufwies und nicht mehr verkehrssicher war. Die Polizisten informierten die Zulassungsstelle, welche das Motorrad umgehend entstempeln lie\u00df.<\/p>\n\n\n\n<p>Der 29-j\u00e4hrige Fahrer darf daher das Motorrad in diesem Zustand nicht mehr im \u00f6ffentlichen Stra\u00dfenverkehr nutzen. Dar\u00fcber hinaus muss er mit einem Bu\u00dfgeld rechnen.<\/p>\n\n\n\n<h2 class=\"wp-block-heading\">(Heidelberg) &#8211; 18- und 19-J\u00e4hriger wegen des Verdachts der Vergewaltigung auf Antrag der Staatsanwaltschaft Heidelberg in Untersuchungshaft<\/h2>\n\n\n\n<h3 class=\"wp-block-heading\">Gemeinsame Pressemitteilung der Staatsanwaltschaft Heidelberg und des Polizeipr\u00e4sidiums Mannheim<\/h3>\n\n\n<div class=\"wp-block-image\">\n<figure class=\"aligncenter size-full\"><img decoding=\"async\" loading=\"lazy\" width=\"800\" height=\"533\" src=\"https:\/\/speyer24news.com\/wp-content\/uploads\/2020\/06\/Zelle.jpg\" alt=\"\" class=\"wp-image-28203\" srcset=\"https:\/\/speyer24news.com\/wp-content\/uploads\/2020\/06\/Zelle.jpg 800w, https:\/\/speyer24news.com\/wp-content\/uploads\/2020\/06\/Zelle-300x200.jpg 300w, https:\/\/speyer24news.com\/wp-content\/uploads\/2020\/06\/Zelle-768x512.jpg 768w\" sizes=\"(max-width: 800px) 100vw, 800px\" \/><figcaption class=\"wp-element-caption\">Beispielbild Zelle \/ Verhaftung, dient lediglich der Visualisierung<\/figcaption><\/figure><\/div>\n\n\n<p>Auf Antrag der Staatsanwaltschaft Heidelberg wurde Haftbefehl gegen zwei junge M\u00e4nner erlassen.<\/p>\n\n\n\n<p>In der Nacht von Freitag auf Samstag, 08. Juli 2023, gegen 01:00 Uhr, wurde eine 17-j\u00e4hrige junge Frau in der Kurf\u00fcrsten-Anlage von den zwei M\u00e4nnern angesprochen.<\/p>\n\n\n\n<p>Die 17-J\u00e4hrige wies das Gespr\u00e4ch ab und lief weiter. Die beiden M\u00e4nner folgten ihr zun\u00e4chst auf ihren Fahrr\u00e4dern und schlossen im Verlauf wieder zu der jungen Frau auf. Der 18-J\u00e4hrige stieg von seinem Fahrrad ab, um neben der 17-J\u00e4hrigen herzulaufen. Dadurch bedr\u00e4ngt, gab die junge Frau ausdr\u00fccklich zu verstehen, dass sie sich unwohl f\u00fchlt und versuchte hiernach fortzulaufen und sich hinter einem Baum zu verstecken.<\/p>\n\n\n\n<p>Die zwei Tatverd\u00e4chtigen folgten ihr jedoch und stie\u00dfen sie zu Boden. Gemeinschaftlich hielten der 18- und 19-J\u00e4hrige die 17-J\u00e4hrige fest und nahmen an der Gesch\u00e4digten gegen ihren heftigen Widerstand sexuelle Handlungen vor.<\/p>\n\n\n\n<p>Nur durch die massive Gegenwehr der jungen Frau lie\u00dfen die zwei Tatverd\u00e4chtigen von ihr ab und fl\u00fcchteten in unbekannte Richtung. Die 17-J\u00e4hrige fl\u00fcchtete sich zum Hauptbahnhof, wo ihr ein Zeuge zu Hilfe eilte und die Polizei alarmierte.<\/p>\n\n\n\n<p>Nach intensiv gef\u00fchrten Ermittlungen konnten die zwei Tatverd\u00e4chtigen durch die Kriminalbeamtinnen und Kriminalbeamten der Kriminalpolizeidirektion Heidelberg am Mittwoch, den 12. Juli 2023, an ihrer Wohnanschrift festgenommen werden.<\/p>\n\n\n\n<p>Am 13. Juli 2023 erlie\u00df die Ermittlungsrichterin am Amtsgericht Heidelberg auf Antrag der Staatsanwaltschaft gegen die 18- und 19-j\u00e4hrigen Tatverd\u00e4chtigen Haftbefehl wegen gemeinschaftlicher Vergewaltigung.<\/p>\n\n\n\n<p>Anschlie\u00dfend wurden beide Beschuldigte in unterschiedliche Justizvollzugsanstalten eingeliefert.<\/p>\n\n\n\n<p>Die Ermittlungen der Staatsanwaltschaft Heidelberg und der Kriminalpolizeidirektion Heidelberg dauern an.<\/p>\n\n\n\n<h2 class=\"wp-block-heading\">(Heidelberg-Neuenheim) &#8211; Betrugsmasche mit Gutscheinkarten f\u00fcr Onlineshopping<\/h2>\n\n\n\n<p>Donnerstagnachmittag gegen 15 Uhr erhielt ein 63-J\u00e4hriger eine E-Mail seines vermeintlichen Vorgesetzten mit der Bitte, ihm dringend Gutscheinkarten im Wert von 800 Euro zu besorgen. Den Anweisungen Folge leistend, kaufte der Mann f\u00fcr seinen angeblichen Chef die Gutscheinkarten und \u00fcbermittelte die jeweiligen Codes per E-Mail. Nachdem der 63-J\u00e4hrige abermals aufgefordert wurde, weitere Gutscheine zu besorgen, sch\u00f6pfte der Mann Verdacht. Der finanzielle Schaden konnte nicht mehr abgewendet werden. Zudem brachte er den Fall zur Anzeige.<\/p>\n\n\n\n<p>Das Polizeirevier Heidelberg-Nord hat die weiteren Ermittlungen \u00fcbernommen.<\/p>\n\n\n\n<h2 class=\"wp-block-heading\">(Leimen \/ Rhein-Neckar-Kreis) &#8211; Wohnungsbrand<a href=\"https:\/\/www.facebook.com\/sharer.php?u=https%3A%2F%2Fwww.presseportal.de%2Fblaulicht%2Fpm%2F14915%2F5558550%2F%3Futm_source%3Dfacebook%26utm_medium%3Dsocial\"><\/a><a href=\"https:\/\/twitter.com\/intent\/tweet?text=POL-MA%3A%20Leimen%2C%20Rhein-Neckar-Kreis%3A%20Wohnungsbrand%20PM%20Nr.%201&amp;url=https%3A%2F%2Fwww.presseportal.de%2Fblaulicht%2Fpm%2F14915%2F5558550%2F%3Futm_source%3Dtwitter%26utm_medium%3Dsocial&amp;hashtags=ots&amp;lang=de\"><\/a><a href=\"https:\/\/web.whatsapp.com\/send?text=POL-MA%3A%20Leimen%2C%20Rhein-Neckar-Kreis%3A%20Wohnungsbrand%20PM%20Nr.%201%0A%0Ahttps%3A%2F%2Fwww.presseportal.de%2Fblaulicht%2Fpm%2F14915%2F5558550%2F%3Futm_source%3Dwhatsapp%26utm_medium%3Dsocial\"><\/a><a href=\"https:\/\/www.xing.com\/app\/user?op=share;url=https%3A%2F%2Fwww.presseportal.de%2Fblaulicht%2Fpm%2F14915%2F5558550%2F%3Futm_source%3Dxing%26utm_medium%3Dsocial\"><\/a><a href=\"http:\/\/www.linkedin.com\/shareArticle?mini=true&amp;url=https%3A%2F%2Fwww.presseportal.de%2Fblaulicht%2Fpm%2F14915%2F5558550%2F%3Futm_source%3Dlinkedin%26utm_medium%3Dsocial&amp;title=POL-MA%3A+Leimen%2C+Rhein-Neckar-Kreis%3A+Wohnungsbrand+PM+Nr.+1\"><\/a><a href=\"mailto:?subject=POL-MA%3A%20Leimen%2C%20Rhein-Neckar-Kreis%3A%20Wohnungsbrand%20PM%20Nr.%201&amp;body=https:\/\/www.presseportal.de\/blaulicht\/pm\/14915\/5558550\"><\/a><\/h2>\n\n\n\n<p>Derzeit kommt es aufgrund eines Wohnungsbrandes in der K\u00f6nigsberger Stra\u00dfe zum Einsatz von Rettungskr\u00e4ften. Die Feuerwehr ist ebenfalls im Einsatz. \u00dcber Verletzte oder Brandursache ist derzeit nichts bekannt. Es kann aufgrund der Einsatzma\u00dfnahmen zu Verkehrsbeeintr\u00e4chtigungen kommen. <em>14.07.2023 \u2013 13:43<\/em><\/p>\n\n\n\n<h3 class=\"wp-block-heading has-text-align-center\">Pressmeldung Nr. 2<\/h3>\n\n\n\n<p>Wie bereits berichtet kam es in der K\u00f6nigsberger Stra\u00dfe zu einem Wohnungsbrand. Die Feuerwehr hat den Brand gel\u00f6scht. Die Brandursache ist Gegenstand der Ermittlungen, die Schadensh\u00f6he bel\u00e4uft sich gesch\u00e4tzt auf einen niedrigen sechsstelligen Bereich. Personen wurden durch den Brand nicht verletzt.<\/p>\n\n\n\n<h2 class=\"wp-block-heading\">(B 291 \/ Walldorf \/ Rhein-Neckar-Kreis) &#8211; Jaguar-Fahrer verliert Kontrolle \u00fcber sein Fahrzeug<\/h2>\n\n\n\n<p>Am Donnerstagabend um 18.45 Uhr befuhr ein 40-j\u00e4hriger Jaguar-Fahrer die B 291 aus Richtung der BAB 5. In der Kurve untersch\u00e4tzt der Pkw-Fahrer die Kurvenf\u00fchrung und st\u00f6\u00dft in die Leitplanke. Diese dreht das Fahrzeug, bis es entgegen der Fahrtrichtung zum Stehen kommt. Die Leitplanke und das Fahrzeug wurden durch den Zusammensto\u00df erheblich besch\u00e4digt. Die Schadenssumme bel\u00e4uft sich auf \u00fcber 30.000 EUR. Der 40-J\u00e4hrige wurde nicht verletzt. Da das Auto durch den Zusammenprall auch noch Betriebsstoffe verlor, musste die Fahrbahn durch die Freiwillige Feuerwehr Walldorf gereinigt werden. F\u00fcr das Abschleppen des Fahrzeuges musste die B 291 f\u00fcr 5 Minuten in Richtung Wiesloch gesperrt werden.<\/p>\n\n\n\n<h2 class=\"wp-block-heading\">(Hockenheim \/ Rhein-Neckar-Kreis) &#8211; E-Bike entwendet \/ Polizei sucht Zeugen<\/h2>\n\n\n\n<p>In der Nacht von Donnerstag auf Freitag entwendete eine bislang unbekannte T\u00e4terschaft ein in der Heinrich-B\u00f6ll-Stra\u00dfe abgestelltes E-Bike. Der Besitzer hatte es mit einem Kabelschloss an einem Fahrradst\u00e4nder vor seinem Haus gesichert und den Akku zu sich in Wohnung genommen. Am Freitag bemerkte er gegen halb sechs, dass das E-Bike, ein Damenrad mit Fahrradkorb auf dem Gep\u00e4cktr\u00e4ger, mitsamt dem Schloss gestohlen worden war.<\/p>\n\n\n\n<p>Die Polizei ermittelt wegen des besonders schweren Falls des Diebstahls.<\/p>\n\n\n\n<ul>\n<li><strong>Zeugen, die sachdienliche Hinweise geben k\u00f6nnen, werden gebeten sich beim Polizeirevier Hockenheim, unter der Telefonnummer 06205-2860-0, zu melden.<\/strong><\/li>\n<\/ul>\n\n\n\n<h2 class=\"wp-block-heading\">(Sinsheim \/ Rhein-Neckar-Kreis) &#8211; Unbekannter entwendet Tresor und fl\u00fcchtet \/ Zeugen gesucht!<\/h2>\n\n\n\n<p>In der Zeit zwischen Mittwoch, 14:30 Uhr, und Donnerstag, 06:20 Uhr, verschaffte sich eine bisher unbekannte T\u00e4terschaft Zutritt in eine Praxis in der Wiesenstra\u00dfe, indem diese ein Fenster neben der Eingangst\u00fcr gewaltsam mit einem bisher unbekannten Gegenstand aufhebelte und so in das Innere der Praxis gelangte. Aus einem Schrank entwendete die T\u00e4terschaft einen Tresor und fl\u00fcchtet im Anschluss in unbekannte Richtung. In dem Tresor befanden sich \u00fcber einhundert Blankorezepte f\u00fcr Bet\u00e4ubungsmittel, diverse verschreibungspflichtigen Bet\u00e4ubungsmittel sowie eine Kassenbox.<\/p>\n\n\n\n<p>Gegen 15:15 Uhr wurde die Polizei erneut alarmiert, da ein Zeuge bei M\u00e4harbeiten auf einen offenstehenden Tresor in der Wiesenstra\u00dfe aufmerksam wurde. Durch die hinzugerufene Polizeistreife des Polizeirevier Sinsheim konnte ein Bezug zu dem Einbruch in der Praxis hergestellt werden. Der Tresor wurde durch die Unbekannten gewaltsam auf unbekannte Weise ge\u00f6ffnet. Um den Tresor herum lagen diverse Inhalte des Tresors. Die genaue H\u00f6he des Diebstahlsschadens ist derzeit noch nicht bekannt und Gegenstand der aktuellen Ermittlungen. Der Tresor wurde die Beamten und Beamtinnen spurenschonend sichergestellt.<\/p>\n\n\n\n<p>Die Ermittlungsgruppe Eigentum der Kriminalpolizeidirektion Heidelberg hat sich unter Beteiligung der zentralen Kriminaltechnik dem Fall angenommen und bereits erste Spuren gesichert. Diese werden nun ausgewertet. Zeugen, welche sachdienliche Hinweise geben k\u00f6nnen, werden gebeten, sich unter Tel.: 0621\/174-4444 mit den Ermittlerinnen und Ermittlern in Verbindung zu setzen.<\/p>\n\n\n\n<h2 class=\"wp-block-heading\">(Sinsheim \/ Rhein-Neckar-Kreis) &#8211; Auffahrunfall an roter Ampel \/ Eine Frau verletzt im Krankenhaus<\/h2>\n\n\n\n<p>Um kurz vor 10 Uhr hielt am Donnerstag eine 51-j\u00e4hrige Frau mit ihrem Opel an der roten Ampel der Einm\u00fcndung Neulandstra\u00dfe\/ Dietmar-Hopp-Stra\u00dfe. Von hinten n\u00e4herte sich ein Mercedes mit erh\u00f6hter Geschwindigkeit. Dem 32-j\u00e4hrigen Fahrzeuglenker gelang es nicht mehr rechtzeitig abzubremsen und kollidierte so mit dem Heck des stehenden Opels. Durch die Wucht des Zusammensto\u00dfes entstand an beiden Fahrzeugen ein Totalschaden in H\u00f6he von insgesamt 26.000 Euro. Die 51-J\u00e4hrige musste verletzt in ein Krankenhaus gebracht werden. Der Mercedesfahrer blieb unverletzt.<\/p>\n\n\n\n<p>Die Polizei leitete die Ermittlungen hinsichtlich der genauen Unfallursache ein.<\/p>\n\n\n\n<h2 class=\"wp-block-heading\">(Meckesheim \/ Rhein-Neckar-Kreis) &#8211; Traktor \u00fcberschl\u00e4gt sich<\/h2>\n\n\n\n<h3 class=\"wp-block-heading has-text-align-center\">Pressemeldung Nr. 2<\/h3>\n\n\n<div class=\"wp-block-image\">\n<figure class=\"aligncenter size-full\"><img decoding=\"async\" loading=\"lazy\" width=\"800\" height=\"533\" src=\"https:\/\/speyer24news.com\/wp-content\/uploads\/2021\/01\/Ruhe-in-Frieden.jpg\" alt=\"\" class=\"wp-image-32361\" srcset=\"https:\/\/speyer24news.com\/wp-content\/uploads\/2021\/01\/Ruhe-in-Frieden.jpg 800w, https:\/\/speyer24news.com\/wp-content\/uploads\/2021\/01\/Ruhe-in-Frieden-300x200.jpg 300w, https:\/\/speyer24news.com\/wp-content\/uploads\/2021\/01\/Ruhe-in-Frieden-768x512.jpg 768w\" sizes=\"(max-width: 800px) 100vw, 800px\" \/><\/figure><\/div>\n\n\n<p>Am Donnerstag ereignete sich um kurz nach 17 Uhr in Meckesheim in der Stra\u00dfe Am Hummelberg ein tragischer Unfall. Nach ersten Erkenntnissen kam ein 60-J\u00e4hriger zu Tode, als er mit seinem Traktor beim R\u00fcckw\u00e4rtsfahren von einem unbefestigten Feldweg abkam und eine B\u00f6schung herunterst\u00fcrzte. Das Fahrzeug \u00fcberschlug sich mehrfach. Dabei zog sich der Mann t\u00f6dliche Verletzungen zu.<\/p>\n\n\n\n<p>Die genaue Unfallursache ist Gegenstand der laufenden Ermittlungen.<\/p>\n\n\n\n<h2 class=\"wp-block-heading\">(Bammental \/ Rhein-Neckar-Kreis) &#8211; Seniorin \u00fcbersieht Radfahrer im Kreisverkehr<\/h2>\n\n\n\n<p>Eine 81-j\u00e4hrige Pkw-Fahrerin befand sich gestern, um 10.20 Uhr auf der Hauptstra\u00dfe in Bammental und fuhr dann am Heldenweg in den dortigen Kreisverkehr ein. Hier \u00fcbersah sie einen 32-j\u00e4hrigen Rennradfahrer und stie\u00df mit ihm zusammen. Der Radfahrer wurde bei dem Zusammensto\u00df nicht verletzt. Der Gesamtsachschaden der beteiligten Fahrzeuge bel\u00e4uft sich auf mehrere tausend Euro im vierstelligen Bereich. Das Polizeirevier Neckargem\u00fcnd hat die Ermittlungen zur Unfallursache aufgenommen.<\/p>\n\n\n\n<h2 class=\"wp-block-heading\">(Neckargem\u00fcnd \/ Rhein-Neckar-Kreis) &#8211; Auff\u00e4lliges Rennrad entwendet<\/h2>\n\n\n\n<p>Am Donnerstag, in der Zeit von 15 Uhr bis 19 Uhr entwendete ein bislang unbekannter T\u00e4ter den Schl\u00fcssel eines Fahrradschlosses bei einer Besucherin des Terassenschwimmbades. Diese hatte den Schl\u00fcssel verdeckt an ihrem Platz liegen lassen, als sie ins Wasser ging. Bei dem Fahrrad handelt es sich um ein Rennrad mit auff\u00e4lliger Flip-Flop-Lackierung, bei der sich die Farbe je nach Lichteinfall ver\u00e4ndert. Das Polizeirevier Neckargem\u00fcnd hat die Ermittlungen aufgenommen. <\/p>\n\n\n\n<ul>\n<li><strong>Zeugen die Angaben zum Sachverhalt oder dem\/der T\u00e4ter\/in machen k\u00f6nnen, werden gebeten, sich unter Tel.: 06221-92540 zu melden.<\/strong><\/li>\n<\/ul>\n\n\n\n<h2 class=\"wp-block-heading\">(L 597 \/ Ladenburg \/ Rhein-Neckar-Kreis) &#8211; Motorradfahrer bei Unfall verletzt<\/h2>\n\n\n\n<p>Eine Autofahrerin beabsichtigte am Freitag um 11.45 Uhr, von der L 597 in Richtung L 536 abzubiegen. Allerdings \u00fcbersah sie hierbei den Motorradfahrer, welcher aus Richtung Heddesheim die L 631 befuhr. Der Kradfahrer konnte dem Pkw nicht mehr ausweichen und kollidierte mit dem Auto. Infolgedessen wurde der Motorradfahrer aufgeladen, schlug auf die Windschutzscheibe und landete auf der Fahrbahn hinter dem Pkw. Er zog sich hierbei mehrere Frakturen zu. Diese werden derzeit in einem nahe gelegenen Krankenhaus behandelt. Lebensgefahr besteht nicht. Beide Fahrzeuge waren nach dem Unfall nicht mehr fahrbereit. Der Gesamtsachschaden ist nicht bekannt. Der Verkehrsunfalldienst des Polizeipr\u00e4sidium Mannheim hat die Ermittlungen aufgenommen.<\/p>\n","protected":false},"excerpt":{"rendered":"<div class=\"mh-excerpt\"><p>Polizeimeldungen vom Freitag (14.07.2023) (Speyer) &#8211; Junggesellenabschied l\u00f6st Polizeieinsatz aus Am Freitagmittag (14.07.2023) informierte ein Passant gegen 12:45 Uhr die Polizei, nachdem er zwei mit Sturmhauben maskierte und mit Pistolen bewaffnete M\u00e4nner in ein Geb\u00e4ude <a class=\"mh-excerpt-more\" href=\"https:\/\/speyer24news.com\/?p=53676\" title=\"Polizeimeldungen Freitag (14.07.2023)\">[&#8230;]<\/a><\/p>\n<\/div>","protected":false},"author":3,"featured_media":26162,"comment_status":"open","ping_status":"open","sticky":false,"template":"","format":"standard","meta":{"_monsterinsights_skip_tracking":false,"_monsterinsights_sitenote_active":false,"_monsterinsights_sitenote_note":"","_monsterinsights_sitenote_category":0,"footnotes":""},"categories":[15659],"tags":[7243,7244,3614,350,14537,15084,15267,14538,15361,15845,702,61,2555,6955,6986,6263,63,105,11150,6987,53,4854,13534,4683,1548,4905,11592,102,13626,213,14325,14324,13553,13541,55,8277,6368,5261,103,106,2803,2423,427,2625,380,62,104,979,1565],"aioseo_notices":[],"amp_enabled":true,"_links":{"self":[{"href":"https:\/\/speyer24news.com\/index.php?rest_route=\/wp\/v2\/posts\/53676"}],"collection":[{"href":"https:\/\/speyer24news.com\/index.php?rest_route=\/wp\/v2\/posts"}],"about":[{"href":"https:\/\/speyer24news.com\/index.php?rest_route=\/wp\/v2\/types\/post"}],"author":[{"embeddable":true,"href":"https:\/\/speyer24news.com\/index.php?rest_route=\/wp\/v2\/users\/3"}],"replies":[{"embeddable":true,"href":"https:\/\/speyer24news.com\/index.php?rest_route=%2Fwp%2Fv2%2Fcomments&post=53676"}],"version-history":[{"count":2,"href":"https:\/\/speyer24news.com\/index.php?rest_route=\/wp\/v2\/posts\/53676\/revisions"}],"predecessor-version":[{"id":53697,"href":"https:\/\/speyer24news.com\/index.php?rest_route=\/wp\/v2\/posts\/53676\/revisions\/53697"}],"wp:featuredmedia":[{"embeddable":true,"href":"https:\/\/speyer24news.com\/index.php?rest_route=\/wp\/v2\/media\/26162"}],"wp:attachment":[{"href":"https:\/\/speyer24news.com\/index.php?rest_route=%2Fwp%2Fv2%2Fmedia&parent=53676"}],"wp:term":[{"taxonomy":"category","embeddable":true,"href":"https:\/\/speyer24news.com\/index.php?rest_route=%2Fwp%2Fv2%2Fcategories&post=53676"},{"taxonomy":"post_tag","embeddable":true,"href":"https:\/\/speyer24news.com\/index.php?rest_route=%2Fwp%2Fv2%2Ftags&post=53676"}],"curies":[{"name":"wp","href":"https:\/\/api.w.org\/{rel}","templated":true}]}}