{"id":53689,"date":"2023-07-17T08:48:43","date_gmt":"2023-07-17T07:48:43","guid":{"rendered":"https:\/\/speyer24news.com\/?p=53689"},"modified":"2023-07-17T08:48:46","modified_gmt":"2023-07-17T07:48:46","slug":"polizeimeldungen-wochenende-15-07-16-07-2023","status":"publish","type":"post","link":"https:\/\/speyer24news.com\/?p=53689","title":{"rendered":"Polizeimeldungen Wochenende (15.07 &#038; 16.07.2023)"},"content":{"rendered":"<style type=\"text\/css\">\r\n\t.ads_top_disp{}\r\n\t.ads_top_corner_disp{ float:left; margin:0px 10px 10px 0px; }\r\n\t.ads_first_p_disp{}\r\n\t.ads_bottom_disp{}\r\n\t<\/style>\n<h2 class=\"wp-block-heading\">Polizeimeldungen vom Wochenende (15.07 &amp; 16.07.2023)<\/h2>\n\n\n<div class=\"wp-block-image\">\n<figure class=\"aligncenter size-full\"><img decoding=\"async\" loading=\"lazy\" width=\"375\" height=\"500\" src=\"https:\/\/speyer24news.com\/wp-content\/uploads\/2022\/03\/Aktuelles-Polizeilogo.jpg\" alt=\"\" class=\"wp-image-43591\" srcset=\"https:\/\/speyer24news.com\/wp-content\/uploads\/2022\/03\/Aktuelles-Polizeilogo.jpg 375w, https:\/\/speyer24news.com\/wp-content\/uploads\/2022\/03\/Aktuelles-Polizeilogo-225x300.jpg 225w\" sizes=\"(max-width: 375px) 100vw, 375px\" \/><\/figure><\/div>\n\n\n<h2 class=\"wp-block-heading\">(Speyer) &#8211; Kleiner Fl\u00e4chenbrand im Wald bei der NATO-Stra\u00dfe<\/h2>\n\n\n\n<p>Am Samstagabend gegen 20.10 Uhr wird die Polizei Speyer \u00fcber einen kleineren Fl\u00e4chenbrand im Waldst\u00fcck bei der NATO-Stra\u00dfe, die von der L528 (Verl\u00e4ngerte Iggelheimer Stra\u00dfe) abgeht. Die eingesetzte Polizeistreife konnte mit dem Feuerl\u00f6scher die weitere Verbreitung des Brandes bis zum Eintreffen der Feuerwehr verhindern, welche den Brand vollst\u00e4ndig l\u00f6schte. Wie sich der Brand entz\u00fcndete, ist derzeit nicht bekannt.<\/p>\n\n\n\n<h2 class=\"wp-block-heading\">(Schifferstadt) &#8211; Doppelte Trunkenheitsfahrt<\/h2>\n\n\n\n<p>Am Samstag, 15.07.2023, gegen 22:50 Uhr, wurde den Beamten der Polizeiinspektion Schifferstadt eine m\u00e4nnliche Person gemeldet, welche mit dem Fahrrad auf dem Fahrradweg in der Salierstra\u00dfe gest\u00fcrzt sei und nun seine Fahrt fortsetze. Unweit der Unfallstelle konnte der 43-j\u00e4hrige Radfahrer mit leichten Verletzungen in Begleitung eines 45-j\u00e4hrigen Fahrradfahrers festgestellt werden. Beide Personen wirkten auf die Beamten stark alkoholisiert. Ein Atemalkoholtest bei dem 43-J\u00e4hrigen ergab einen Wert von 2,30 Promille, bei seinem 45-j\u00e4hrigen Begleiter einen Wert von 2,17 Promille. Beiden Personen wurde eine Blutprobe entnommen und die Weiterfahrt untersagt. Sie erwartet nun ein Strafverfahren wegen Trunkenheit im Verkehr.<\/p>\n\n\n\n<h2 class=\"wp-block-heading\">(B 9 \/ Schifferstadt) &#8211; Falschfahrer unter Alkoholeinfluss<\/h2>\n\n\n\n<p>Am 15.07.2023 gegen 22:30 Uhr wurde die Polizeiautobahnstation Ruchheim \u00fcber einen Falschfahrer auf der B9 in Kenntnis gesetzt. Nach Angaben der Zeugen sei der Falschfahrer auf der Richtungsfahrbahn Speyer in Fahrtrichtung Ludwigshafen unterwegs gewesen. Als er sein Fehlverhalten bemerkte, habe er sein Fahrzeug gewendet und sei in Schlangenlinien auf die korrekte Fahrbahn der BAB 61 in Fahrtrichtung Koblenz aufgefahren. Eine Streife konnte das Fahrzeug kurze Zeit sp\u00e4ter an der Anschlussstelle Schifferstadt feststellen und einer Verkehrskontrolle unterziehen. Bei \u00dcberpr\u00fcfung der Fahrt\u00fcchtigkeit ergab ein Atemalkoholtest einen Wert von 1,05 Promille. Die Weiterfahrt wurde dem Fahrer untersagt und sein F\u00fchrerschein sichergestellt. Zudem wurde ein Strafverfahren wegen Stra\u00dfenverkehrsgef\u00e4hrdung und Trunkenheit im Verkehr eingeleitet.<\/p>\n\n\n\n<h2 class=\"wp-block-heading\">(B 9 \/ Schifferstadt) &#8211; Fl\u00e4chenbrand neben B9<\/h2>\n\n\n<div class=\"wp-block-image\">\n<figure class=\"aligncenter size-full\"><img decoding=\"async\" loading=\"lazy\" width=\"600\" height=\"522\" src=\"https:\/\/speyer24news.com\/wp-content\/uploads\/2023\/07\/Brand.jpg\" alt=\"\" class=\"wp-image-53690\" srcset=\"https:\/\/speyer24news.com\/wp-content\/uploads\/2023\/07\/Brand.jpg 600w, https:\/\/speyer24news.com\/wp-content\/uploads\/2023\/07\/Brand-300x261.jpg 300w\" sizes=\"(max-width: 600px) 100vw, 600px\" \/><\/figure><\/div>\n\n\n<p>Am Samstag, den 15.07.2023, meldeten Verkehrsteilnehmer gegen 11:30 Uhr einen Fl\u00e4chenbrand neben der Fahrbahn der B9 in Richtung Frankenthal in H\u00f6he von Schifferstadt. Das Feuer, welches aus unbekannter Ursache ausgebrochen ist, konnte z\u00fcgig durch die Feuerwehr Limburgerhof gel\u00f6scht werden. W\u00e4hrend der L\u00f6scharbeiten wurde der rechte Fahrstreifen f\u00fcr etwa eine halbe Stunde gesperrt. Der Brand beschr\u00e4nkte sich auf den Gr\u00fcnstreifen, Sachschaden entstand nicht.<\/p>\n\n\n\n<h2 class=\"wp-block-heading\">(Dannstadt-Schauernheim) &#8211; Zeugenaufruf nach \u00d6lspur<\/h2>\n\n\n\n<p>Am Samstag, 14.07.2023, gegen 17:30 Uhr, wurden die Beamten der Polizeiinspektion Schifferstadt auf eine \u00d6lspur in Dannstadt-Schauernheim aufmerksam gemacht. Dieser erstreckte sich von der Weinbietstra\u00dfe bis zum Rathausplatz. Die Stra\u00dfe musste im Anschluss durch eine Spezialfirma gereinigt werden. <\/p>\n\n\n\n<ul>\n<li><strong>Hinweise zu dem bislang unbekannten Verursacher bitte telefonisch unter der 06235 \/ 495-0 oder per E-Mail (<a href=\"mailto:pischifferstadt@polizei.rlp.de\">pischifferstadt@polizei.rlp.de<\/a>) an die Polizeiinspektion Schifferstadt.<\/strong><\/li>\n<\/ul>\n\n\n\n<h2 class=\"wp-block-heading\">(R\u00f6merberg) &#8211; Person kurzzeitig eingesperrt<\/h2>\n\n\n\n<p>Am Freitagabend gegen 22.10 Uhr wird die Polizei Speyer \u00fcber eine eingesperrte Person in einem Toilettenh\u00e4uschen an einem Badesee in Mechtersheim informiert. Wie sich herausstellte, hatte der Besitzer der dortigen Strandbar den Toilettenraum in der Annahme, dass sich niemand mehr darin befindet, verschlossen und den See bereits verlassen. Eine 27-j\u00e4hrige Besucherin der Bar befand sich jedoch noch innerhalb der R\u00e4umlichkeiten. Durch die Begleitung der Frau wurde die Polizei verst\u00e4ndigt. Da ein Verantwortlicher nicht erreicht werden konnte, musste die T\u00fcr durch die Feuerwehr ge\u00f6ffnet und die Person befreit werden. Diese blieb unverletzt.<\/p>\n\n\n\n<h2 class=\"wp-block-heading\">(Schwegenheim) &#8211; LKW aufgebrochen<\/h2>\n\n\n\n<p>In der Nacht von Donnerstag auf Freitag wurden zwei auf dem Fernfahrerparkplatz des Tankhofs Schwegenheim abgestellte Sattelz\u00fcge durch noch unbekannte T\u00e4ter ins Visier genommen. Hierbei wurde die Plane eines Sattelzuges aufgeschlitzt, das Vorh\u00e4ngeschloss eines weiteren Sattelanh\u00e4ngers aufgebrochen. Da nichts entwendet wurde ist davon auszugehen, dass die Ladung der Fahrzeuge nicht den Beutevorstellungen der T\u00e4ter entsprach.<\/p>\n\n\n\n<p>Zeugen werden gebeten, sich mit der Polizeiinspektion Germersheim in Verbindung zu setzen.<\/p>\n\n\n\n<h2 class=\"wp-block-heading\">(Germersheim) &#8211; Ladendiebe erwischt<\/h2>\n\n\n\n<p>Ein 21-j\u00e4hriger Heranwachsender und ein 17-j\u00e4hriger Jugendlicher begaben sich am Samstagmittag in ein Kaufhaus in der Mainzer Stra\u00dfe. Dort steckten sie unabh\u00e4ngig voneinander Elektronikartikel im Gesamtwert von ca. 100 Euro in ihre Taschen und versuchten diese ohne zu bezahlen zu entwenden. Durch aufmerksame Mitarbeiter wurden diese jedoch beobachtet, angesprochen und die Polizei hinzugezogen. Beide erwartet nun eine Strafanzeige wegen Ladendiebstahls.<\/p>\n\n\n\n<h2 class=\"wp-block-heading\">(Bellheim) &#8211; Erfolgloser Fluchtversuch<\/h2>\n\n\n\n<p>Beamte der Polizeiinspektion Germersheim beabsichtigten, in der Nacht von Freitag auf Samstag eine gr\u00f6\u00dfere Personengruppe im Bellheimer Spiegelbachpark einer Kontrolle zu unterziehen. Ein 20-j\u00e4hriger Heranwachsender versuchte sich zun\u00e4chst durch wegrennen und kurz darauf unter Zuhilfenahme eines E-Scooters der Ma\u00dfnahme zu entziehen. Das Fahrzeug und dessen Fahrer konnten durch die Beamten gestoppt werden. Den Grund f\u00fcr den Fluchtversuch erbrachte die anschlie\u00dfende Personendurchsuchung. Der junge Mann f\u00fchrte Marihuana und Haschisch mit sich. Obendrein war der Roller nicht versichert. Da sich weiterhin Anhaltspunkt ergaben, dass der Roller berauscht gef\u00fchrt wurde, sieht sich der Heranwachsende nach Entnahme einer Blutprobe bei der Polizeiinspektion Germersheim nun mit diversen Strafanzeigen und einer Ordnungswidrigkeitenanzeige konfrontiert. Die Bet\u00e4ubungsmittel wurden sichergestellt.<\/p>\n\n\n\n<h2 class=\"wp-block-heading\">(Neuburg am Rhein) &#8211; Einbruch in Gartenhaus<\/h2>\n\n\n\n<p>Unbekannte T\u00e4ter brachen vermutlich in der Nacht vom 13.07.2023 auf den 14.07.2023 in ein Gartenhaus eines Gartengrundst\u00fcckes in Neuburg am Rhein ein. Die Langfinger haben es auf elektronisches Werkzeug abgesehen. Es entstand ein Schaden von knapp 1000 Euro.<\/p>\n\n\n\n<h2 class=\"wp-block-heading\">(Landau) &#8211; Kind aus Badezimmer befreit<\/h2>\n\n\n\n<p>Am 15.07.2023 gegen 21:10 Uhr wurde die Polizeiinspektion Landau von einer besorgten Mutter um Hilfe gebeten, da sich ihr zweij\u00e4hriges Kind im Badezimmer eingeschlossen hatte. Die eingesetzten Polizeibeamten konnten den Schlie\u00dfmechanismus der Badezimmert\u00fcr von au\u00dfen \u00f6ffnen und das Kind in die Obhut der gl\u00fccklichen Mutter \u00fcbergeben.<\/p>\n\n\n\n<h2 class=\"wp-block-heading\">(Landau) &#8211; Fahrradfahrer verunfallt<\/h2>\n\n\n\n<p>Am Samstagnachmittag kam es in der Zufahrt eines Supermarkt-Parkplatzes in der Industriestra\u00dfe zu einem Zusammensto\u00df zwischen einer 60-j\u00e4hrigen Fahrradfahrerin und einer 60-j\u00e4hrigen Autofahrerin. Beim Ausfahren aus der Parkplatzausfahrt \u00fcbersah die Autofahrerin die einbiegende Fahrradfahrerin. Die Radfahrerin wurde von dem Fahrzeug zwar touchiert, konnte einen Sturz allerdings verhindern. Die Fahrradfahrerin verletzte sich durch den Zusammensto\u00df leicht.<\/p>\n\n\n\n<h2 class=\"wp-block-heading\">(Landau) &#8211; Nach Sekundenschlaf im Feld gelandet<\/h2>\n\n\n\n<p>Leichte Verletzungen und einen Sachschaden in H\u00f6he von etwa 8.000 Euro sind das Resultat eines Verkehrsunfalls am fr\u00fchen Samstagmorgen in Landau. Ein 23-j\u00e4hriger Verkehrsteilnehmer befuhr gegen 04:30 Uhr mit seinem Fahrzeug die Landesstra\u00dfe 509 von Landau kommend in Richtung Offenbach. Am Kreisverkehr bei der Autobahnauffahrt Landau-Mitte, in Richtung Ludwigshafen, fuhr der 23-J\u00e4hrige Verkehrsteilnehmer ungebremst \u00fcber den Kreisverkehr und blieb im Feld beim Mitfahrerparkplatz stehen. Beim \u00dcberfahren des Kreisverkehrs wurde die \u00d6lwanne des Fahrzeugs des 23-J\u00e4hrigen aufgerissen, sodass Betriebsstoffe ausliefen. Das Fahrzeug wurde durch den Verkehrsunfall total besch\u00e4digt. Aufgrund des Auslaufens von Betriebsstoffen und zur Absicherung der Unfallstelle wurden die Feuerwehr und die Stra\u00dfenmeisterei verst\u00e4ndigt. Da der 23-J\u00e4hrige angab, kurz eingeschlafen zu sein, wurde ein Strafverfahren wegen des Verdachts einer Stra\u00dfenverkehrsgef\u00e4hrdung eingeleitet.<\/p>\n\n\n\n<h2 class=\"wp-block-heading\">(A 65 \/ Landau) &#8211; Trunkenheit im Stra\u00dfenverkehr<\/h2>\n\n\n\n<p>Bereits auf der Autobahn 65 ab Karlsruhe konnte ein Verkehrsteilnehmer Samstagnacht, 15.07.2023, gegen 03:00 Uhr ein Fahrzeug wahrnehmen, welches in starken Schlangenlinien in Richtung Landau fuhr und dabei fast mit der Leitplanke kollidierte. Bei der folgenden Verkehrskontrolle in Landau konnte beim dem 48-j\u00e4hrigen Fahrzeugf\u00fchrer deutlicher Atemalkoholgeruch wahrgenommen werden. Ein Atemalkoholtest ergab einen Wert von 0,61 Promille. Dem Fahrer wurde eine Blutprobe entnommen und sein F\u00fchrerschein wurde sichergestellt.<\/p>\n\n\n\n<h2 class=\"wp-block-heading\">(Landau) &#8211; Brand eines Heuballens<\/h2>\n\n\n\n<p>Am Freitagabend brannte gegen 22:00 Uhr auf der Wiesenfl\u00e4che zwischen den Stra\u00dfen Am Queichanger und der Schneiderstra\u00dfe in Landau ein Heuballen. Der entstandene Schaden d\u00fcrfte etwa 50 Euro betragen. Die dazu gerufene Feuerwehr lie\u00df den Heuballen kontrolliert abbrennen, sodass es zu keinem weiteren Schaden kam. Nach ersten Ermittlungen kann ein strafbares Verhalten nicht ausgeschlossen werden, da sich kurz vor der Entz\u00fcndung des Heuballens zwei junge M\u00e4nner an diesem aufgehalten h\u00e4tten. Die weiteren Ermittlungen wurden aufgenommen.<\/p>\n\n\n\n<ul>\n<li><strong>Wer Hinweise zu der Tat bzw. den m\u00f6glichen T\u00e4tern geben kann, soll sich bitte bei der Polizei Landau unter der Telefonnummer 06341-2870 oder per Mail:\u00a0<a href=\"mailto:%20pilandau@polizei.rlp.de\">pilandau@polizei.rlp.de<\/a>\u00a0melden.<\/strong><\/li>\n<\/ul>\n\n\n\n<h2 class=\"wp-block-heading\">(Landau) &#8211; 10 Verkehrsteilnehmer benutzen Handy w\u00e4hrend der Fahrt<\/h2>\n\n\n\n<p>Am Freitagvormittag wurde der Verkehr in der Wollmesheimer Stra\u00dfe in Landau, in Fahrtrichtung Zentrum, \u00fcberwacht. In dem Zeitraum zwischen 07:45 Uhr bis 09:20 Uhr wurde bei 10 Verkehrsteilnehmer festgestellt, dass sie w\u00e4hrend der Fahrt ein Mobiltelefon benutzten.<\/p>\n\n\n\n<h2 class=\"wp-block-heading\">(Landau) &#8211; Fu\u00dfg\u00e4nger wird von Radfahrer umgesto\u00dfen und st\u00fcrzt schwer<\/h2>\n\n\n<div class=\"wp-block-image\">\n<figure class=\"aligncenter size-full\"><img decoding=\"async\" loading=\"lazy\" width=\"801\" height=\"600\" src=\"https:\/\/speyer24news.com\/wp-content\/uploads\/2020\/05\/Zeugen-gesucht-Neutral.jpg\" alt=\"\" class=\"wp-image-26598\" srcset=\"https:\/\/speyer24news.com\/wp-content\/uploads\/2020\/05\/Zeugen-gesucht-Neutral.jpg 801w, https:\/\/speyer24news.com\/wp-content\/uploads\/2020\/05\/Zeugen-gesucht-Neutral-300x225.jpg 300w, https:\/\/speyer24news.com\/wp-content\/uploads\/2020\/05\/Zeugen-gesucht-Neutral-768x575.jpg 768w, https:\/\/speyer24news.com\/wp-content\/uploads\/2020\/05\/Zeugen-gesucht-Neutral-678x509.jpg 678w, https:\/\/speyer24news.com\/wp-content\/uploads\/2020\/05\/Zeugen-gesucht-Neutral-326x245.jpg 326w, https:\/\/speyer24news.com\/wp-content\/uploads\/2020\/05\/Zeugen-gesucht-Neutral-80x60.jpg 80w\" sizes=\"(max-width: 801px) 100vw, 801px\" \/><\/figure><\/div>\n\n\n<p>Am 13.07.2023 kam es gegen 13:45 Uhr zu einer K\u00f6rperverletzung in der Industriestra\u00dfe in Landau. Ein 69-j\u00e4hriger Fu\u00dfg\u00e4nger hatte kurz zuvor einen Disput mit einem Radfahrer, da dieser ihn nicht \u00fcber den Zebrastreifen gehen lies. Der Radfahrer fuhr daraufhin dem Fu\u00dfg\u00e4nger hinterher und gab ihm einen Sto\u00df, sodass dieser schwer st\u00fcrzte. Der 69-j\u00e4hrige zog sich stark blutende Gesichtsverletzungen zu und musste mit einem Rettungswagen in ein Krankenhaus gebracht werden. Der Radfahrer fl\u00fcchtete anschlie\u00dfend in die Schlachthofstra\u00dfe. <\/p>\n\n\n\n<h4 class=\"wp-block-heading\">Der Radfahrer wird wie folgt beschrieben:<\/h4>\n\n\n\n<ul>\n<li><strong>m\u00e4nnlich<\/strong><\/li>\n\n\n\n<li><strong>ca. 50 Jahre alt<\/strong><\/li>\n\n\n\n<li><strong>ca. 180 &#8211; 185 cm gro\u00df<\/strong><\/li>\n\n\n\n<li><strong>(Voll)Bart<\/strong><\/li>\n\n\n\n<li><strong>normale bis sportliche Statur<\/strong><\/li>\n\n\n\n<li><strong>trug einen roten Fahrradhelm sowie schwarze Oberbekleidung<\/strong><\/li>\n<\/ul>\n\n\n\n<ul>\n<li><strong>Zeugenhinweise nimmt die Polizeiinspektion Landau entgegen.<\/strong><\/li>\n<\/ul>\n\n\n\n<h2 class=\"wp-block-heading\">(Leinsweiler) &#8211; Sachbesch\u00e4digung an geparktem Fahrzeug<\/h2>\n\n\n\n<p>In der Nacht vom 14.07.2023 auf den 15.07.2023 wurde eine Seitenscheibe eines am Stra\u00dfenrand der Trifelsstra\u00dfe in Leinsweiler geparkten Fahrzeuges vermutlich mittels einer Holzlatte von unbekannten T\u00e4tern eingeschlagen. Hierdurch entstand ein Schaden von etwa 1000 Euro.<\/p>\n\n\n\n<ul>\n<li><strong>Wer Hinweise zu der Tat bzw. den m\u00f6glichen T\u00e4tern geben kann, soll sich bitte bei der Polizei Landau unter der Telefonnummer 06341-2870 oder per Mail:\u00a0<a href=\"mailto:%20pilandau@polizei.rlp.de\">pilandau@polizei.rlp.de<\/a>\u00a0melden.<\/strong><\/li>\n<\/ul>\n\n\n\n<h2 class=\"wp-block-heading\">(Leinsweiler) &#8211; Verkehrsunfall durch Ablenkung<\/h2>\n\n\n\n<p>Am 14.07.2023 gegen 10:40 Uhr ereignete sich in Leinsweiler auf der K48 ein Verkehrsunfall zwischen einem 19-j\u00e4hrigen Radfahrer und einem Postfahrzeug. Der Radfahrer blickte w\u00e4hrend der Fahrt auf seinen Tachometer bzw. Bordcomputer und achtete derweil nicht auf die Fahrbahn. Dadurch geriet der Radfahrer auf die Gegenfahrbahn und der entgegenkommende Postzusteller konnte nicht mehr ausweichen. Der Postzusteller touchierte mit seinem Au\u00dfenspiegel den Radfahrer an dessen Lenker, wodurch dieser st\u00fcrzte und sich mehrere oberfl\u00e4chliche Verletzungen zuzog. Der Radfahrer wurde zur weiteren Untersuchung in ein Krankenhaus verbracht.<\/p>\n\n\n\n<h2 class=\"wp-block-heading\">(B 48 \/ Wellbachtal) &#8211; Kontrollen und 2 Unf\u00e4lle<\/h2>\n\n\n\n<p>Am Sonntag, 16.Juli st\u00fcrzten 28-J\u00e4hriger und eine 47-J\u00e4hrige unabh\u00e4ngig voneinander jeweils infolge nicht angepasster Geschwindigkeit mit ihren Motorr\u00e4dern auf der B48. Beide zogen sich Verletzungen an der Hand zu. Die Polizei Annweiler \u00fcberwachte bereits am Samstag, 15.07.23 im Wellbachtal den motorisierten Zweiradverkehr. Hierbei wurden pr\u00e4ventiv verkehrserzieherische Gespr\u00e4che gef\u00fchrt, Verst\u00f6\u00dfe konnten nicht festgestellt werden.<\/p>\n\n\n\n<h2 class=\"wp-block-heading\">(Edesheim) &#8211; Trunkenheitsfahrt mit PKW<\/h2>\n\n\n\n<p>Am Abend des 14.07.2023 gegen 21:40 Uhr, wurde in der Edesheim ein 80-j\u00e4hriger PKW-Fahrer in der Ruprechtstra\u00dfe einer allgemeinen Verkehrskontrolle unterzogen. Im Rahmen der Verkehrskontrolle konnte beim Fahrzeugf\u00fchrer leichter Alkoholgeruch und ger\u00f6tete Bindeh\u00e4ute festgestellt werden. Ein durchgef\u00fchrter Atemalkoholtest ergab einen Wert von 0,72 Promille. Den Fahrzeugf\u00fchrer hat nun ein Bu\u00dfgeldverfahren und eine Mitteilung an die zust\u00e4ndige Fahrerlaubnisbeh\u00f6rde zu erwarten.<\/p>\n\n\n\n<h2 class=\"wp-block-heading\">(Gro\u00dffischlingen) &#8211; Verkehrsunfallflucht unter Alkoholeinfluss<\/h2>\n\n\n\n<p>Am Abend des 14.07.2023 gegen 19:50 Uhr wurde in Gro\u00dffischlingen eine aktuelle Verkehrsunfallflucht in der Stra\u00dfe Am Hofst\u00fcck gemeldet. Im Rahmen der Nahbereichsfahndung konnte ein Personenkraftwagen festgestellt werden, welcher auf die Fahrzeugbeschreibung des Fl\u00fcchtenden zutreffend war. Im Rahmen der Verkehrskontrolle konnten frische Unfallsch\u00e4den und deutlicher Atemalkoholgeruch beim 39-j\u00e4hrigen Fahrer festgestellt werden. Am Fahrzeug entstand durch den Verkehrsunfall ein Sachschaden im hohen dreistelligen Bereich. Ein mit dem Fahrer durchgef\u00fchrter Atemalkoholtest ergab einen Wert von 3,58 Promille. Des Weiteren hatte der Beschuldigte keine g\u00fcltige Fahrerlaubnis. In der Folge wurde eine Blutprobe beim Fahrer entnommen. Den 39-J\u00e4hrigen erwartet nun ein Strafverfahren.<\/p>\n\n\n\n<h2 class=\"wp-block-heading\">(Neustadt-Mu\u00dfbach) &#8211; Durch eigene Aussage Anzeigen eingehandelt&#8230;<\/h2>\n\n\n\n<p>&#8230; hat sich am 16.07.2023 um 20:30 Uhr ein 19-J\u00e4hriger aus Neustadt\/W., welcher mit seinem Kleinkraftrad in der Stra\u00dfe zum Ordenswald in 67435 Neustadt\/W.-Mu\u00dfbach zun\u00e4chst einer anlassunabh\u00e4ngigen Verkehrskontrolle unterzogen wurde. Im Verlauf der Kontrolle konnten bei dem jungen Mann n\u00e4mlich Auff\u00e4lligkeiten festgestellt werden, welche auf eine aktuelle Bet\u00e4ubungsmittelbeeinflussung schlie\u00dfen lie\u00dfen. Laut eigener Aussage habe der junge Fahrer den Mittag bei Freunden verbracht, welche Cannabis konsumiert h\u00e4tten. Er selbst habe nichts konsumiert. Ein Vortest reagierte letztlich positiv auf die Stoffgruppe THC. Der Neustadter musste daher eine Blutprobe abgeben. Ferner wurde der Fahrzeugschl\u00fcssel sichergestellt. Nun kommt auf den 19-J\u00e4hrigen eine Straf-, sowie eine Ordnungswidrigkeitenanzeige zu. Au\u00dferdem wird die zust\u00e4ndige F\u00fchrerscheinstelle \u00fcber den Vorfall in Kenntnis gesetzt.<\/p>\n\n\n\n<h2 class=\"wp-block-heading\">(Neustadt) &#8211; Ohne Versicherungsschutz unterwegs&#8230;<\/h2>\n\n\n\n<p>&#8230; war am 15.07.2023 um 20:20 Uhr in der Spitalbachstra\u00dfe in 67433 Neustadt\/W. ein 27-J\u00e4hriger aus Neustadt\/W. mit seinem E-Scooter. Der Fahrer wurde durch Beamte der hiesigen Dienststelle kontrolliert, da an dessen E-Scooter keine Versicherungsplakette angebracht war. Dem 27-J\u00e4hriegen wurde die Weiterfahrt untersagt, weshalb dieser seinen E-Scooter nach Hause schieben musste. Nun kommt auf diesen ein Strafverfahren wegen des Versto\u00dfes gegen das Pflichtversicherungsgesetz zu.<\/p>\n\n\n\n<p>Die Polizei weist in diesem Zusammenhang nochmals eindringlich darauf hin, dass sogenannte Elektrokleinstfahrzeuge zwingend \u00fcber einen Versicherungsschutz verf\u00fcgen m\u00fcssen, sobald diese im \u00f6ffentlichen Verkehrsraum gef\u00fchrt werden.<\/p>\n\n\n\n<h2 class=\"wp-block-heading\">Neustadt) &#8211; Eigent\u00fcmersuche nach Fahrraddiebstahl<\/h2>\n\n\n<div class=\"wp-block-image\">\n<figure class=\"aligncenter size-full\"><img decoding=\"async\" loading=\"lazy\" width=\"800\" height=\"600\" src=\"https:\/\/speyer24news.com\/wp-content\/uploads\/2023\/07\/Rad1.jpg\" alt=\"\" class=\"wp-image-53691\" srcset=\"https:\/\/speyer24news.com\/wp-content\/uploads\/2023\/07\/Rad1.jpg 800w, https:\/\/speyer24news.com\/wp-content\/uploads\/2023\/07\/Rad1-300x225.jpg 300w, https:\/\/speyer24news.com\/wp-content\/uploads\/2023\/07\/Rad1-768x576.jpg 768w, https:\/\/speyer24news.com\/wp-content\/uploads\/2023\/07\/Rad1-678x509.jpg 678w, https:\/\/speyer24news.com\/wp-content\/uploads\/2023\/07\/Rad1-326x245.jpg 326w, https:\/\/speyer24news.com\/wp-content\/uploads\/2023\/07\/Rad1-80x60.jpg 80w\" sizes=\"(max-width: 800px) 100vw, 800px\" \/><\/figure><\/div>\n\n\n<p>Am 15.07.2023 um 18:00 Uhr konnte ein 40-J\u00e4hriger aus Neustadt\/W. in der Branchweilerhofstra\u00dfe in 67433 Neustadt\/W. einer Personenkontrolle unterzogen werden. Dieser schob zu diesem Zeitpunkt ein Fahrrad auf dem Gehweg. Im Verlauf der Kontrolle des Mannes gab dieser an, dass er das Fahrrad von einem Parkplatz eines Supermarktes in der Martin-Luther-Stra\u00dfe in 67433 Neustadt\/W. am vorigen Tag an sich genommen hat. Hiernach habe er das Fahrrad der Marke &#8222;Sanea&#8220; mit nach Hause genommen. Das Fahrrad war laut dem Neustadter unverschlossen. Aufgrund der Ehrlichkeit des 40-J\u00e4hrigen muss dieser sich nun in einem Strafverfahren wegen eines Fahrraddiebstahls verantworten. Ob das Sprichwort &#8222;Ehrlichkeit w\u00e4hrt am l\u00e4ngsten&#8220; dem T\u00e4ter in dem Strafverfahren helfen wird, bleibt abzuwarten.<\/p>\n\n\n\n<ul>\n<li><strong>Die Polizei Neustadt\/W. bittet den Eigent\u00fcmer des Fahrrades sich mit dieser unter Tel. 06321\/854-0 oder per Mail unter\u00a0<a href=\"mailto:%20pineustadt@polizei.rlp.de\">pineustadt@polizei.rlp.de<\/a>\u00a0in Verbindung zu setzen.<\/strong><\/li>\n<\/ul>\n\n\n\n<h2 class=\"wp-block-heading\">(Neustadt) &#8211; Unter dem Einfluss von Bet\u00e4ubungsmitteln das Rotlicht einer Lichtzeichenanlage missachtet<\/h2>\n\n\n\n<p>Da eine 21-j\u00e4hrige E-Scooter-Fahrerin das Rotlicht der Ampelkreuzung Schillerstra\u00dfe\/Landauer Stra\u00dfe in Neustadt an der Weinstra\u00dfe missachtete, wurde sie durch eine Funkstreifenwagenbesatzung der Polizeiinspektion Neustadt\/Wstr. am 15.07.2023 gegen 11:50 Uhr kontrolliert. Im Rahmen der durchgef\u00fchrten Verkehrskontrolle wurde festgestellt, dass die Frau bei der Fahrt offensichtlich unter dem Einfluss berauschender Mittel stand. Aufgrund der erlangten Hinweise und der Angaben der Fahrerin wurde der Frau eine Blutprobe entnommen. Die Fahrerin erwartet nun eine Ordnungswidrigkeitenanzeige wegen Fahren unter dem Einfluss berauschender Mitteln und eine Strafanzeige wegen dem Besitz und Erwerb von Bet\u00e4ubungsmitteln. Die Weiterfahrt wurde untersagt.<\/p>\n\n\n\n<h2 class=\"wp-block-heading\">(Ha\u00dfloch) &#8211; Zwei alkoholisierte Unfallbeteiligte<\/h2>\n\n\n\n<p>Am 16.07.2023 wurde der Polizei Ha\u00dfloch kurz vor 2 Uhr ein Verkehrsunfall mit zwei beteiligten PKW in der Neustadter Stra\u00dfe in Ha\u00dfloch gemeldet. Im Rahmen der Unfallaufnahme gaben beide Unfallbeteiligten, ein 54-J\u00e4hriger aus dem Kreis Bad D\u00fcrkheim und eine 39-J\u00e4hrige aus Neustadt an der Weinstra\u00dfe an, der Andere sei mit dem PKW nicht weit genug rechts gefahren. Hierdurch kam es zum Kontakt der beiden Au\u00dfenspiegel der Fahrerseiten, woran nat\u00fcrlich der Andere Schuld gehabt habe. Doch nicht nur die Wahrnehmung des Unfallhergangs schien sehr \u00e4hnlich, auch der Abend vor dem Unfall verlief bei den Unfallbeteiligten wohl gleichgelagert. Denn im Rahmen der Unfallaufnahme wurde durch die eingesetzten Beamten festgestellt, dass beide Fahrzeugf\u00fchrer vor dem Antritt der Fahrt Alkohol konsumiert hatten. So ergaben die freiwilligen Atemalkoholtests bei beiden Kraftfahrzeugf\u00fchrern jeweils Werte von \u00fcber 1,1 Promille. Dementsprechend wurden zwei Strafverfahren wegen Trunkenheit im Verkehr eingeleitet und jeweils eine Blutprobe entnommen. Die F\u00fchrerscheine wurden sichergestellt und der Staatsanwaltschaft zur Entscheidung \u00fcber die Entziehung der Fahrerlaubnis \u00fcbersandt.<\/p>\n\n\n\n<h2 class=\"wp-block-heading\">(Bad D\u00fcrkheim) &#8211; Auseinandersetzung auf Flohmarkt<\/h2>\n\n\n\n<p>Am 15.07.2023 wurde eine 14-J\u00e4hrige gegen 10:00 Uhr auf dem Flohmarkt in der Mannheimer Stra\u00dfe durch eine unbekannte Frau aus heiterem Himmel angeschrien und bespuckt. Ferner hat die unbekannte Angreiferin versucht die 14-J\u00e4hrige mit einer Handtasche zu schlagen. Mehrere Passanten sind der 14-J\u00e4hrigen zu Hilfe gekommen, woraufhin sich die Angreiferin entfernte.<\/p>\n\n\n\n<ul>\n<li><strong>Diesbez\u00fcglich wird gebeten, dass sich etwaige Passanten, welche Hinweise geben k\u00f6nnen, sich mit der Polizeiinspektion in Bad D\u00fcrkheim in Verbindung setzen.<\/strong><\/li>\n<\/ul>\n\n\n\n<h2 class=\"wp-block-heading\">(Bad D\u00fcrkheim) &#8211; Einbruch in der Bruchstra\u00dfe<\/h2>\n\n\n\n<p>In der Nacht vom 14.07.2023 auf den 15.07.2023 drangen unbekannte T\u00e4ter in ein Firmengel\u00e4nde in der Bruchstra\u00dfe in Bad D\u00fcrkheim ein. Hierbei wurden mehrere technische Ger\u00e4tschaften im derzeitigen Wert von 80.000 EUR entwendet.<\/p>\n\n\n\n<ul>\n<li><strong>Sollte es Zeugen geben, welche sachdienliche Hinweise geben k\u00f6nnen, so m\u00f6gen diese sich an die Polizeiinspektion Bad D\u00fcrkheim telefonisch unter der 06322 963-0 oder per Mail an\u00a0<a href=\"mailto:%20pibadduerkheim@polizei.rlp.de\">pibadduerkheim@polizei.rlp.de<\/a>\u00a0wenden.<\/strong><\/li>\n<\/ul>\n\n\n\n<h2 class=\"wp-block-heading\">(L 455 \/ Freinsheim) &#8211; Durchfahrtskontrolle<\/h2>\n\n\n\n<p>Die Polizeiinspektion Bad D\u00fcrkheim f\u00fchrte am 14.07.2023 in den sp\u00e4ten Abendstunden eine Durchfahrtskontrolle auf der zurzeit wegen dem Stadtmauerfest gesperrten L 455 zwischen Ungstein und Freinsheim durch. Erfreulicherweise wurde kein Verkehrsteilnehmer beanstandet.<\/p>\n\n\n\n<h2 class=\"wp-block-heading\">(Freinsheim) &#8211; Stadtmauerfest<\/h2>\n\n\n\n<p>Die Polizeiinspektion Bad D\u00fcrkheim wurde am ersten Abend des Stadtmauerfestes gegen 01:10 Uhr auf den Plan gerufen. Ein 19-J\u00e4hriger aus Gr\u00fcnstadt konnte durch aufmerksame Zeugen beobachtet werden, wie er die Scheibe eines geparkten VW in der Bismarckstra\u00dfe eingeschlagen hatte. Warum genau der 19-J\u00e4hrige die Scheibe einschlug bedarf weiterer Ermittlungen. Ein m\u00f6glicher Grund k\u00f6nnte die Alkoholisierung gewesen sein. Es entstand nach derzeitigem Stand ein Schaden von rund 400 Euro. Ein Ermittlungsverfahren wegen Sachbesch\u00e4digung wurde eingeleitet.<\/p>\n\n\n\n<p>Bereits gegen 23:15 Uhr musste die Polizei Bad D\u00fcrkheim anr\u00fccken. Hintergrund war eine Auseinandersetzung zwischen einem 54-J\u00e4hrigen aus der Verbandsgemeinde Leiningerland und einem 34-J\u00e4hrigen, ebenfalls aus der Verbandsgemeinde Leiningerland. Im Rahmen der Sachverhaltsaufnahme stellte sich vor Ort heraus, dass der 54-J\u00e4hrige dem 34-J\u00e4hrigen, welcher mit seinem PKW vorbeifuhr, ein Glas gegen die Seitenscheiben geschmissen hatte. Hierdurch wurde der PKW besch\u00e4digt. Der 54-J\u00e4hrige muss sich nun wegen einem Gef\u00e4hrlichen Eingriff in den Stra\u00dfenverkehr verantworten.<\/p>\n\n\n\n<ul>\n<li><strong>Hinweise bitte an die Polizeiinspektion Bad D\u00fcrkheim, Tel. 06322\/963-0, oder\u00a0<a href=\"mailto:%20pibadduerkheim@polizei.rlp.de\">pibadduerkheim@polizei.rlp.de<\/a><\/strong><\/li>\n<\/ul>\n\n\n\n<h2 class=\"wp-block-heading\">(Gro\u00dfkarlbach) &#8211; Trunkenheit im Verkehr<\/h2>\n\n\n\n<p>Am Sonntag, 16.07.2023 gegen 00:45 Uhr wurde ein 28-j\u00e4hriger Fahrer eines Pkw in der Hauptstra\u00dfe in Gro\u00dfkarlbach einer Verkehrskontrolle unterzogen. W\u00e4hrend der Kontrolle stellten die Beamten Atemalkoholgeruch bei dem Fahrer fest. Ein anschlie\u00dfender Test ergab einen Wert \u00fcber 0,5 Promille. Dem Mann wurde die Weiterfahrt untersagt und es wurde ein Bu\u00dfgeldverfahren eingeleitet. Den Betroffenen erwartet ein Bu\u00dfgeld in H\u00f6he von 500 Euro, 2 Punkte in Flensburg sowie ein einmonatiges Fahrverbot.<\/p>\n\n\n\n<h2 class=\"wp-block-heading\">(Frankenthal) &#8211; Gef\u00e4hrliche K\u00f6rperverletzung<\/h2>\n\n\n<div class=\"wp-block-image\">\n<figure class=\"aligncenter size-full\"><img decoding=\"async\" loading=\"lazy\" width=\"800\" height=\"533\" src=\"https:\/\/speyer24news.com\/wp-content\/uploads\/2021\/11\/Schlaegerei.jpg\" alt=\"\" class=\"wp-image-42366\" srcset=\"https:\/\/speyer24news.com\/wp-content\/uploads\/2021\/11\/Schlaegerei.jpg 800w, https:\/\/speyer24news.com\/wp-content\/uploads\/2021\/11\/Schlaegerei-300x200.jpg 300w, https:\/\/speyer24news.com\/wp-content\/uploads\/2021\/11\/Schlaegerei-768x512.jpg 768w\" sizes=\"(max-width: 800px) 100vw, 800px\" \/><figcaption class=\"wp-element-caption\">Beispielbild Schl\u00e4gerei \/ K\u00f6rperverletzung, dient lediglich der Visualisierung<\/figcaption><\/figure><\/div>\n\n\n<p>Am fr\u00fchen Morgen des 16.07.2023, gegen 04:00 Uhr, kam es in einer Bar in der M\u00fchlstra\u00dfe in Frankenthal zwischen mehreren Personen zum Streit. Dabei wurde ein 20-j\u00e4hriger Gesch\u00e4digter aus Ludwigshafen von einem anfangs unbekannten T\u00e4ter zu Boden geschlagen. Anschlie\u00dfend wurde der 20-J\u00e4hrige von mehreren Personen sowohl geschlagen, als auch getreten. Bei dem Versuch dem Gesch\u00e4digten zu helfen wurde eine 20-j\u00e4hrige Frau aus Ludwigshafen ebenfalls verletzt. Die beiden Gesch\u00e4digten konnten sich zun\u00e4chst aus der Bar entfernen. Wenig sp\u00e4ter kam es zu einem erneuten Aufeinandertreffen zwischen den Gesch\u00e4digten und den T\u00e4tern, wobei der 20-J\u00e4hrige abermals verletzt wurde. Er erlitt mehrere Platzwunden am Kopf und wurde in ein umliegendes Krankenhaus verbracht. 2 der unbekannten T\u00e4ter konnten im Rahmen von Fahndungsma\u00dfnahmen in der n\u00e4heren Umgebung angetroffen werden. Hierbei handelte es sich um einen 19-J\u00e4hrigen aus Frankenthal, sowie einen 34-J\u00e4hrigen aus Ludwigshafen. Gegen sie wurde ein Ermittlungsverfahren wegen gef\u00e4hrlicher K\u00f6rperverletzung eingeleitet.<\/p>\n\n\n\n<ul>\n<li><strong>Zeugen werden gebeten sich an die Polizeiinspektion Frankenthal unter der Tel.-Nr.: 06233\/313-0 oder an die Polizeiwache Maxdorf unter der Tel.-Nr.: 06237\/934-1100 zu wenden. Gerne nehmen wir Ihre Hinweise auch per E-Mail unter\u00a0<a href=\"mailto:%20pifrankenthal@polizei.rlp.de\">pifrankenthal@polizei.rlp.de<\/a>\u00a0entgegen.<\/strong><\/li>\n<\/ul>\n\n\n\n<h2 class=\"wp-block-heading\">(A 61 \/ Frankenthal) &#8211; Drei Leichtverletzte durch Auffahrunfall<\/h2>\n\n\n<div class=\"wp-block-image\">\n<figure class=\"aligncenter size-full\"><img decoding=\"async\" loading=\"lazy\" width=\"800\" height=\"594\" src=\"https:\/\/speyer24news.com\/wp-content\/uploads\/2023\/07\/Bild2.jpg\" alt=\"\" class=\"wp-image-53692\" srcset=\"https:\/\/speyer24news.com\/wp-content\/uploads\/2023\/07\/Bild2.jpg 800w, https:\/\/speyer24news.com\/wp-content\/uploads\/2023\/07\/Bild2-300x223.jpg 300w, https:\/\/speyer24news.com\/wp-content\/uploads\/2023\/07\/Bild2-768x570.jpg 768w, https:\/\/speyer24news.com\/wp-content\/uploads\/2023\/07\/Bild2-80x60.jpg 80w\" sizes=\"(max-width: 800px) 100vw, 800px\" \/><\/figure><\/div>\n\n\n<p>Am Samstag, den 15.07.2023, musste ein 66-j\u00e4hriger Motorradfahrer gegen 10:00 Uhr auf der BAB61 in Richtung Koblenz H\u00f6he Frankenthal verkehrsbedingt bremsen. Ein hinter diesem fahrender 83-j\u00e4hriger PKW-Fahrer bremste ebenfalls stark ab, konnte jedoch einen Zusammensto\u00df mit dem Motorrad nicht mehr verhindern. Der Motorradfahrer st\u00fcrzte und verletzte sich leicht. Der PKW-Fahrer, sowie dessen 72-j\u00e4hrige Beifahrerin wurden durch den Unfall ebenfalls leicht verletzt. Die Fahrzeuge waren nicht mehr fahrbereit und mussten abgeschleppt werden. Beide Fahrstreifen wurden f\u00fcr die Unfallaufnahme, sowie Reinigungsarbeiten gesperrt, weshalb der Verkehr \u00fcber den Standstreifen geleitet wurde. Es kam deshalb zu Verkehrsbeeintr\u00e4chtigungen f\u00fcr etwa eine Stunde.<\/p>\n\n\n\n<h2 class=\"wp-block-heading\">(Frankenthal) &#8211; Falsche Polizeibeamte<\/h2>\n\n\n\n<p>Derzeit gehen bei der Polizei wieder h\u00e4ufiger Meldungen \u00fcber Anrufe von falschen Polizeibeamten ein. H\u00e4ufig werden \u00e4ltere Menschen angerufen, es werden Geschichten erfunden, um die Opfer unter Druck zu setzen und so an Bargeld, Schmuck oder andere Wertgegenst\u00e4nde zu gelangen.<\/p>\n\n\n\n<h2 class=\"wp-block-heading\">(Frankenthal) &#8211; Diebstahl aus Snackautomaten<\/h2>\n\n\n\n<p>In der Nacht vom 13.07.2023 auf den 14.07.2023, gegen 00:30 Uhr, machten sich 3 unbekannte T\u00e4ter an dem Snackautomaten einer Waschanlage in der Adam-Opel-Stra\u00dfe in Frankenthal zu schaffen. Zun\u00e4chst besch\u00e4digten sie den Automaten mit Hilfe von Werkzeugen, sowie k\u00f6rperlicher Gewalt. Anschlie\u00dfend entwendeten sie einen Gro\u00dfteil des Inhalts.<\/p>\n\n\n\n<ul>\n<li><strong>Zeugen werden gebeten sich an die Polizeiinspektion Frankenthal unter der Tel.-Nr.: 06233\/313-0 oder an die Polizeiwache Maxdorf unter der Tel.-Nr.: 06237\/934-1100 zu wenden. Gerne nehmen wir Ihre Hinweise auch per E-Mail unter\u00a0<a href=\"mailto:%20pifrankenthal@polizei.rlp.de\">pifrankenthal@polizei.rlp.de<\/a>\u00a0entgegen.<\/strong><\/li>\n<\/ul>\n\n\n\n<h2 class=\"wp-block-heading\">(Ludwigshafen) &#8211; Gef\u00e4hrliche K\u00f6rperverletzung<\/h2>\n\n\n<div class=\"wp-block-image\">\n<figure class=\"aligncenter size-full\"><img decoding=\"async\" loading=\"lazy\" width=\"800\" height=\"533\" src=\"https:\/\/speyer24news.com\/wp-content\/uploads\/2021\/11\/Schlaegerei.jpg\" alt=\"\" class=\"wp-image-42366\" srcset=\"https:\/\/speyer24news.com\/wp-content\/uploads\/2021\/11\/Schlaegerei.jpg 800w, https:\/\/speyer24news.com\/wp-content\/uploads\/2021\/11\/Schlaegerei-300x200.jpg 300w, https:\/\/speyer24news.com\/wp-content\/uploads\/2021\/11\/Schlaegerei-768x512.jpg 768w\" sizes=\"(max-width: 800px) 100vw, 800px\" \/><figcaption class=\"wp-element-caption\">Beispielbild Schl\u00e4gerei \/ K\u00f6rperverletzung, dient lediglich der Visualisierung<\/figcaption><\/figure><\/div>\n\n\n<p>Am Freitag, den 14.07.2023 gegen 23:00 Uhr, wurde ein Mann im Bereich der Yorckstra\u00dfe Ecke Mundenheimer Stra\u00dfe (Ernst-Bloch-Platz) von drei unbekannten T\u00e4tern angegriffen. Die T\u00e4ter haben der Person mehrfach in den Bereich des Oberk\u00f6rpers geschlagen, wobei einer der T\u00e4ter einen harten Gegenstand in der Hand hielt. <\/p>\n\n\n\n<h4 class=\"wp-block-heading\">Die T\u00e4ter konnten nur vage beschrieben werden: <\/h4>\n\n\n\n<ul>\n<li><strong>Etwa 1,80m gro\u00df<\/strong><\/li>\n\n\n\n<li><strong>20 bis 25 Jahre alt<\/strong><\/li>\n\n\n\n<li><strong>einer der T\u00e4ter dick, zwei T\u00e4ter schlank<\/strong><\/li>\n\n\n\n<li><strong>schwarze Haare<\/strong><\/li>\n\n\n\n<li><strong>Bart <\/strong><\/li>\n\n\n\n<li><strong>und alle wei\u00df\/ schwarz gekleidet.<\/strong><\/li>\n<\/ul>\n\n\n\n<ul>\n<li><strong>Sachdienliche Hinweise bitte an die Polizeiinspektion Ludwigshafen 1, Telefonnummer 0621 963-2122 oder per E-Mail\u00a0<a href=\"mailto:%20piludwigshafen1@polizei.rlp.de\">piludwigshafen1@polizei.rlp.de<\/a>\u00a0.<\/strong><\/li>\n<\/ul>\n\n\n\n<h2 class=\"wp-block-heading\">(Ludwigshafen) &#8211; K\u00f6rperverletzung im Friedenspark<\/h2>\n\n\n\n<p>Am Freitag, den 14.07.2023 gegen 22:30 Uhr, kam es im Friedenspark im Ludwigshafener Stadtteil Hemshof zu Streitigkeiten zwischen zwei Personen. Hierbei wurde ein 39-j\u00e4hriger Hundespazierg\u00e4nger durch einen anderen Passanten mit Pfefferspray bespr\u00fcht. Als der ausgef\u00fchrte Hund des 39-j\u00e4hrigen sich von der Leine riss, fl\u00fcchtete der Passant in Richtung Europaplatz. <\/p>\n\n\n\n<ul>\n<li><strong>Zeugen des Vorfalls werden gebeten sich bei der Polizeiinspektion 2 unter Tel. 0621\/963-2222 zu melden.<\/strong><\/li>\n<\/ul>\n\n\n\n<h2 class=\"wp-block-heading\">(Ludwigshafen) &#8211; Gef\u00e4hrliche K\u00f6rperverletzung<\/h2>\n\n\n<div class=\"wp-block-image\">\n<figure class=\"aligncenter size-full\"><img decoding=\"async\" loading=\"lazy\" width=\"801\" height=\"600\" src=\"https:\/\/speyer24news.com\/wp-content\/uploads\/2020\/05\/Zeugen-gesucht-Neutral.jpg\" alt=\"\" class=\"wp-image-26598\" srcset=\"https:\/\/speyer24news.com\/wp-content\/uploads\/2020\/05\/Zeugen-gesucht-Neutral.jpg 801w, https:\/\/speyer24news.com\/wp-content\/uploads\/2020\/05\/Zeugen-gesucht-Neutral-300x225.jpg 300w, https:\/\/speyer24news.com\/wp-content\/uploads\/2020\/05\/Zeugen-gesucht-Neutral-768x575.jpg 768w, https:\/\/speyer24news.com\/wp-content\/uploads\/2020\/05\/Zeugen-gesucht-Neutral-678x509.jpg 678w, https:\/\/speyer24news.com\/wp-content\/uploads\/2020\/05\/Zeugen-gesucht-Neutral-326x245.jpg 326w, https:\/\/speyer24news.com\/wp-content\/uploads\/2020\/05\/Zeugen-gesucht-Neutral-80x60.jpg 80w\" sizes=\"(max-width: 801px) 100vw, 801px\" \/><\/figure><\/div>\n\n\n<p>Am Freitagmorgen, den 14.07.2023 gegen 07:50 Uhr, wurde ein 12-j\u00e4hriger Junge in der Comeniusstra\u00dfe auf H\u00f6he der NORMA-Filiale von einem unbekannten Jungen angesprochen und mehrfach beleidigt. Nach einem Wortgefecht ging der unbekannte T\u00e4ter auf den 12-J\u00e4hrigen los und trat ihm mehrfach gegen den Kopf. Als der 12-J\u00e4hrige zu Boden fiel, boxte der T\u00e4ter f\u00fcnf Mal auf den Kopf des Gesch\u00e4digten. Der T\u00e4ter trug dabei einen Ring am Mittelfinger. <\/p>\n\n\n\n<h4 class=\"wp-block-heading\">Der unbekannte T\u00e4ter wurde wie folgt beschrieben: <\/h4>\n\n\n\n<ul>\n<li><strong>Topfschnitt mit Vokuhila<\/strong><\/li>\n\n\n\n<li><strong>braune Haare<\/strong><\/li>\n\n\n\n<li><strong>etwa 1,60m gro\u00df<\/strong><\/li>\n\n\n\n<li><strong>etwa 13 bis 15 Jahre alt<\/strong><\/li>\n\n\n\n<li><strong>schlank<\/strong><\/li>\n\n\n\n<li><strong>europ\u00e4isches Erscheinungsbild<\/strong><\/li>\n\n\n\n<li><strong>Gekleidet war der T\u00e4ter mit einer blauen Weste, mit schwarzen Schuhen und einer langen, weiten blauen Hose.<\/strong><\/li>\n<\/ul>\n\n\n\n<ul>\n<li><strong>Sachdienliche Hinweise bitte an die Polizeiinspektion Ludwigshafen 1, Telefonnummer 0621 963-2122 oder per E-Mail\u00a0<a href=\"mailto:%20piludwigshafen1@polizei.rlp.de\">piludwigshafen1@polizei.rlp.de<\/a>\u00a0.<\/strong><\/li>\n<\/ul>\n\n\n\n<h2 class=\"wp-block-heading\">(Ludwigshafen) &#8211; Einbruchdiebstahl in PKW<\/h2>\n\n\n\n<p>Am Freitagmorgen, den 14.07.2023 gegen 07:00 Uhr, wurde durch einen Zeugen gemeldet, dass in der Georg-Herwegh-Stra\u00dfe ein Taxi aufgebrochen wurde. Hierbei schlugen unbekannte T\u00e4ter die Scheibe ein und entwendeten den Auftraggeber des Taxis aus der Mittelkonsole.<\/p>\n\n\n\n<ul>\n<li><strong>Sachdienliche Hinweise nimmt die Kriminalpolizei Ludwigshafen unter der Telefonnummer 0621\/963-2773 oder per E-Mail\u00a0<a href=\"mailto:%20kiludwigshafen.k1.kdd@polizei.rlp.de\">kiludwigshafen.k1.kdd@polizei.rlp.de<\/a>\u00a0entgegen.<\/strong><\/li>\n<\/ul>\n\n\n\n<h2 class=\"wp-block-heading\">(Ludwigshafen) &#8211; Einbruchdiebstahl in Apotheke<\/h2>\n\n\n\n<p>In der Nacht von Donnerstag, den 13.07.2023 auf Freitag, den 14.07.2023 wurde ein Einbruch in eine Apotheke in der Leininger Stra\u00dfe gemeldet. Durch die Polizei konnten Schuhabdruckspuren im Bereich hinter dem Verkaufsraum festgestellt werden. Derzeit bestehen keinerlei Hinweise auf einen T\u00e4ter. Ob etwas entwendet wurde, ist derzeit unklar. Die Kriminalpolizei ermittelt wegen Einbruchsdiebstahls.<\/p>\n\n\n\n<ul>\n<li><strong>Sachdienliche Hinweise nimmt die Kriminalpolizei Ludwigshafen unter der Telefonnummer 0621\/963-2773 oder per E-Mail\u00a0<a href=\"mailto:%20kiludwigshafen.k1.kdd@polizei.rlp.de\">kiludwigshafen.k1.kdd@polizei.rlp.de<\/a>\u00a0entgegen.<\/strong><\/li>\n<\/ul>\n\n\n\n<h2 class=\"wp-block-heading\">(Mannheim-Innenstadt) &#8211; Mobiltelefon und Bargeld geraubt \/ Zeugen gesucht<\/h2>\n\n\n<div class=\"wp-block-image\">\n<figure class=\"aligncenter size-full\"><img decoding=\"async\" loading=\"lazy\" width=\"801\" height=\"600\" src=\"https:\/\/speyer24news.com\/wp-content\/uploads\/2020\/05\/Zeugen-gesucht-Neutral.jpg\" alt=\"\" class=\"wp-image-26598\" srcset=\"https:\/\/speyer24news.com\/wp-content\/uploads\/2020\/05\/Zeugen-gesucht-Neutral.jpg 801w, https:\/\/speyer24news.com\/wp-content\/uploads\/2020\/05\/Zeugen-gesucht-Neutral-300x225.jpg 300w, https:\/\/speyer24news.com\/wp-content\/uploads\/2020\/05\/Zeugen-gesucht-Neutral-768x575.jpg 768w, https:\/\/speyer24news.com\/wp-content\/uploads\/2020\/05\/Zeugen-gesucht-Neutral-678x509.jpg 678w, https:\/\/speyer24news.com\/wp-content\/uploads\/2020\/05\/Zeugen-gesucht-Neutral-326x245.jpg 326w, https:\/\/speyer24news.com\/wp-content\/uploads\/2020\/05\/Zeugen-gesucht-Neutral-80x60.jpg 80w\" sizes=\"(max-width: 801px) 100vw, 801px\" \/><\/figure><\/div>\n\n\n<p>Am fr\u00fchen Sonntagmorgen, kurz nach 00.00 Uhr, wurde ein 51-J\u00e4hriger im Bereich der Gr\u00fcnfl\u00e4chen hinter dem Mannheimer Schloss, von 4-5 unbekannten, m\u00e4nnlichen Personen angesprochen. Als der 51-J\u00e4hrige darauf nicht einging, wurde er von der Personengruppe k\u00f6rperlich angegangen, wodurch er zu Boden st\u00fcrzte. Dabei entwendeten die Unbekannten das Mobiltelefon und Bargeld des Gesch\u00e4digten. Anschlie\u00dfend fl\u00fcchteten die Unbekannten von der \u00d6rtlichkeit und konnten bei den durchgef\u00fchrten Fahndungsma\u00dfnahmen nicht mehr festgestellt werden.<\/p>\n\n\n\n<p><strong>Zeugen, die sachdienliche Hinweise zu dem Vorfall bzw. den unbekannten m\u00e4nnlichen Personen machen k\u00f6nnen, werden gebeten, sich mit dem Kriminaldauerdienst unter Tel.: 0621-174-4444 in Verbindung zu setzten.<\/strong><\/p>\n\n\n\n<h2 class=\"wp-block-heading\">(Mannheim-Innenstadt) &#8211; Sachbesch\u00e4digung auf Baustelle \/ Zeugen gesucht<\/h2>\n\n\n\n<p>Bislang unbekannte T\u00e4ter besch\u00e4digten in der Nacht von Donnerstag, dem 13. auf Freitag, dem 14.07.2023, im Baustellenbereich des Studentenwohnheimes bei Quadrat B6 12-14, mehrere W\u00e4nde an denen zurzeit Bauma\u00dfnahmen vorgenommen werden. Die Besch\u00e4digungen erfolgten durch mutwilliges &#8222;Aufschlitzen&#8220;, vermutlich mit einem scharfkantigen Werkzeug. Durch die Sachbesch\u00e4digung entstand ein betr\u00e4chtlich hoher Schaden, vermutlich im f\u00fcnfstelligen Bereich. Ermittlungen wurden aufgenommen. <\/p>\n\n\n\n<ul>\n<li><strong>Zeugen, die sachdienliche Hinweise geben k\u00f6nnen, werden gebeten sich mit dem Polizeirevier MA-Innenstadt, unter der Rufnummer 0621-12580, in Verbindung zu setzen.<\/strong><\/li>\n<\/ul>\n\n\n\n<h2 class=\"wp-block-heading\">(Heidelberg-Wieblingen) &#8211; Motorradfahrer durch Unfall mit PKW verletzt<\/h2>\n\n\n\n<p>Am Freitagmorgen kam es, gegen 09:00 Uhr, im Bereich HD-Wieblingen, auf der L637, zu einem Verkehrsunfall mit Personenschaden. Ein 43-j\u00e4hriger Fahrer einer Harley-Davidson befuhr zu dieser Zeit die L637, aus Richtung Eppelheim kommend. Auf H\u00f6he der Einm\u00fcndung Maa\u00dfstra\u00dfe musste ein dem Motorrad vorausfahrender PKW verkehrsbedingt abbremsen. Der Motorradfahrer selbst konnte nicht mehr rechtzeitig bremsen und wich nach links aus, um einen Unfall zu vermeiden. Bei dem Ausweichvorgang traf er allerdings die erh\u00f6hte Bordsteinkante der dortigen Verkehrsinsel, hob aufgrund dessen mit seinem Motorrad ab, kam in den Gegenverkehr und wurde von einem entgegenkommenden 59-j\u00e4hrigen Hyundai-Fahrer erfasst. Der Harley-Fahrer wurde von dem PKW aufgeladen, prallte auf die Windschutzscheibe des Hyundai und kam letztlich auf dem Boden zum Liegen. Durch die Kollision wurde der Motorradfahrer nicht unerheblich verletzt und musste zur medizinischen Versorgung in eine Klinik verbracht werden. Der Fahrer des PKW wurde ebenfalls verletzt und musste ebenso zur weiteren Behandlung in eine Klinik eingeliefert werden. Beide Kraftfahrzeuge waren nach dem Zusammenprall nicht mehr fahrbereit und wurden von der Unfallstelle abgeschleppt. Durch den Verkehrsunfall entstand ein Sachschaden, der jedoch noch nicht bezifferbar ist.<\/p>\n\n\n\n<h2 class=\"wp-block-heading\">(Plankstadt \/ Rhein-Neckar-Kreis) &#8211; Fl\u00e4chenbrand \/ Einsatz von Feuerwehr und Polizei<\/h2>\n\n\n\n<p>Am Freitag, gegen 13:30 Uhr brach im Bereich Plankstadt, im Feldgebiet &#8222;Jungholz&#8220;, zwischen dem dortigen Geh\u00f6ft und der Gleisanlage der Deutschen Bahn, ein Brand aus. Der Brand, welcher wohl zurzeit der vorgenommenen M\u00e4harbeiten, aus bislang unbekannter Ursache ausbrach, konnte jedoch zeitnah gel\u00f6scht werden. Von dem Brandgeschehen war eine Ackerfl\u00e4che von ca. 7000m\u00b2 betroffen. Zu einem Personenschaden kam es nicht. Der entstandene Sachschaden l\u00e4sst sich noch nicht beziffern. Die erforderlichen Nachl\u00f6scharbeiten wurden durch die Feuerwehr, welche mit 60 Einsatzkr\u00e4ften vor Ort war, vorgenommen.<\/p>\n\n\n\n<h2 class=\"wp-block-heading\">(Schwetzingen \/ Rhein-Neckar-Kreis) &#8211; Unbekannter entwendet E-Scooter<\/h2>\n\n\n\n<p>Am sp\u00e4ten Samstagabend entwendete ein bislang unbekannter T\u00e4ter einen mittels Kabelschloss gesicherten E-Scooter in der Clementine-Bassermann-Stra\u00dfe. Der vermeintliche T\u00e4ter konnte im Anschluss an die Tat durch den Sohn des Gesch\u00e4digten im Bereich der Karlsruher Stra\u00dfe fahrenderweise auf dem geklauten E-Scooter gesichtet werden. Hierbei trug der T\u00e4ter einen auff\u00e4lligen Cowboy-Hut. <\/p>\n\n\n\n<ul>\n<li><strong>Zeugen, die sachdienliche Hinweise geben k\u00f6nnen, werden gebeten sich mit dem Polizeirevier Schwetzingen unter der Telefonnummer 06202-2880, in Verbindung zu setzen.<\/strong><\/li>\n<\/ul>\n\n\n\n<h2 class=\"wp-block-heading\">(B 36 \/ Br\u00fchl \/ Rhein-Neckar-Kreis) &#8211; Verkehrsunfall mit Personenschaden \/ PKW \u00fcberschl\u00e4gt sich &#8211; Rettungskr\u00e4fte im Einsatz<\/h2>\n\n\n\n<p>Aktuell befinden sich Kr\u00e4fte der Feuerwehr, des Rettungsdienstes und der Polizei bei einem Verkehrsunfall mit einem sich \u00fcberschlagenen PKW, im Bereich der Alten Mannheimer Landstra\u00dfe \/ der B 36. \u00dcber den Unfallhergang selbst sowie zu dem Verletzungsbild liegen derzeit noch keine Informationen vor. Durch die Unfallaufnahme kann es zu Verkehrsbehinderungen und zu kurzfristigen Fahrbahnsperrungen kommen. Ortskundige Verkehrsteilnehmer werden gebeten, die Strecke weitr\u00e4umig zu umfahren. Es wird nachberichtet. <em>16.07.2023 \u2013 01:37<\/em><\/p>\n\n\n\n<h3 class=\"wp-block-heading has-text-align-center\">Pressemeldung Nr. 2<\/h3>\n\n\n\n<p>Nach dem Verkehrsunfall auf der B36 ist die Unfallaufnahme vor Ort abgeschlossen, die Fahrbahn ist wieder frei. Der 38-J\u00e4hrige Fahrzeugf\u00fchrer wurde mit einem Rettungswagen in ein umliegendes Krankenhaus gebracht, er wurde durch den Unfall leicht verletzt. Das verunfallte Fahrzeug musste durch eine Fachfirma abgeschleppt werden, der entstandene Sachschaden ist bislang nicht bekannt. Unfallurs\u00e4chlich d\u00fcrfte der alkoholisierte Zustand des Fahrzeugf\u00fchrers gewesen sein, dieser hatte ca. 1,6 Promille Alkohol im Blut.<\/p>\n\n\n\n<h2 class=\"wp-block-heading\">(A 61 \/ Hockenheim \/ Rhein-Neckar-Kreis) &#8211; Folgeunfall mit Verletzten nach Verkehrsunfall \/ Streifenwagen besch\u00e4digt<\/h2>\n\n\n\n<p>Nach einem Verkehrsunfall auf der A 61, zwischen der Rheinbr\u00fccke Speyer und der Anschlussstelle Hockenheim, ereignete sich am Samstag um kurz nach 23.00 Uhr ein Folgeunfall, bei dem mehrere Personen leicht verletzt und ein Einsatzfahrzeug der Polizei besch\u00e4digt wurden. Hierbei fuhr der 71-j\u00e4hrige Fahrer eines Pkw Mercedes auf den Pkw Renault einer 41-J\u00e4hrigen auf, als diese aufgrund der polizeilichen Absperrma\u00dfnahmen im Rahmen der Verkehrsunfallaufnahme vom linken auf den rechten Fahrstreifen wechselte. Nach dieser Kollision \u00fcberrollte der Unfallverursacher mit seinem Pkw zun\u00e4chst das auf der Fahrbahn befindliche Absicherungsmaterial des Streifenwagens, bevor er aufgrund seiner nicht angepassten Geschwindigkeit in das Heck des Streifenwagen prallte. Bei dem Unfallgeschehen wurden neben dem Unfallverursacher vier weitere Personen leicht verletzt. Gl\u00fccklicherweise konnten diese nach kurzer ambulanter Behandlung durch den Rettungsdienst die Unfallstelle eigenst\u00e4ndig verlassen. Zur Unfallaufnahme wurden beide Fahrstreifen in Richtung Hockenheim bis 03.20 Uhr gesperrt und der Verkehr \u00fcber den Standstreifen vorbeigeleitet. Die H\u00f6he des entstandenen Sachschadens d\u00fcrfte sich im h\u00f6heren f\u00fcnfstelligen Bereich bewegen werden. Die weiteren Ermittlungen hat der Verkehrsdienst Mannheim aufgenommen.<\/p>\n\n\n\n<h2 class=\"wp-block-heading\">(Edingen-Neckarhausen \/ Rhein-Neckar-Kreis) &#8211; Brand einer Gartenscheune<\/h2>\n\n\n\n<p>Am Sonntag gegen 04:20 Uhr kam es aus bislang noch nicht gekl\u00e4rter Ursache zu einem Brand einer Gartenscheune in der Friedrich-Ebert-Stra\u00dfe in Neckarhausen. Das Feuer konnte durch die Feuerwehr schnell gel\u00f6scht werden. Da es sich bei dem Brandobjekt um eine Scheune mit Betondach handelte, konnte das Feuer nicht auf das gesamte Objekt \u00fcbergreifen. Ersten Erkenntnissen zufolge entfachte sich das Feuer hinter einer Scheunent\u00fcre aus Holz, hinter der mehrere Kabel \u00fcbereinander gelagert wurden. Der Sachschaden kann bislang nicht beziffert werden. Personen kamen nicht zu Schaden, das Geb\u00e4ude ist zur Zeit leerstehend. Das Polizeirevier Ladenburg hat die Ermittlungen aufgenommen.<\/p>\n\n\n\n<ul>\n<li><strong>Zeugen, die sachdienliche Hinweise geben k\u00f6nnen, werden gebeten sich beim Polizeirevier Ladenburg, Tel: 06203-93050 zu melden.<\/strong><\/li>\n<\/ul>\n\n\n\n<h2 class=\"wp-block-heading\">(Eberbach \/ Rhein-Neckar-Kreis) &#8211; Rollerfahrer mit 1,8 Promille unterwegs<\/h2>\n\n\n\n<p>Am fr\u00fchen Sonntagmorgen meldete eine Zeugin um kurz vor 00:30 Uhr einen Mann, der sichtlich betrunken mit seinem Motorroller auf der Uferstra\u00dfe unterwegs war. Als eine Streife des Polizeireviers Eberbach den 24-j\u00e4hrigen Fahrer dann kurz vor der Kl\u00e4ranlage in Eberbach kontrollieren konnte, best\u00e4tigte sich die Aussage der Zeugin. Der Fahrzeuglenker stand sichtlich unter dem Einfluss von Alkohol. Ein vor Ort durchgef\u00fchrter Atemalkoholtest ergab einen Wert von 1,8 Promille. Der Fahrer wurde mit auf die Dienststelle genommen, wo ihm eine Blutprobe entnommen wurde. Gegen ihn wird nun wegen Trunkenheit im Stra\u00dfenverkehr ermittelt.<\/p>\n","protected":false},"excerpt":{"rendered":"<div class=\"mh-excerpt\"><p>Polizeimeldungen vom Wochenende (15.07 &amp; 16.07.2023) (Speyer) &#8211; Kleiner Fl\u00e4chenbrand im Wald bei der NATO-Stra\u00dfe Am Samstagabend gegen 20.10 Uhr wird die Polizei Speyer \u00fcber einen kleineren Fl\u00e4chenbrand im Waldst\u00fcck bei der NATO-Stra\u00dfe, die von <a class=\"mh-excerpt-more\" href=\"https:\/\/speyer24news.com\/?p=53689\" title=\"Polizeimeldungen Wochenende (15.07 &#038; 16.07.2023)\">[&#8230;]<\/a><\/p>\n<\/div>","protected":false},"author":3,"featured_media":26162,"comment_status":"open","ping_status":"open","sticky":false,"template":"","format":"standard","meta":{"_monsterinsights_skip_tracking":false,"_monsterinsights_sitenote_active":false,"_monsterinsights_sitenote_note":"","_monsterinsights_sitenote_category":0,"footnotes":""},"categories":[15659],"tags":[7243,7244,3614,350,14537,15084,15267,14538,15361,15845,702,61,2555,6955,6986,6263,63,105,11150,6987,53,4854,13534,4683,1548,4905,11592,102,13626,213,14325,14324,13553,13541,55,8277,6368,5261,103,106,2803,2423,427,2625,380,62,104,979,1565],"aioseo_notices":[],"amp_enabled":true,"_links":{"self":[{"href":"https:\/\/speyer24news.com\/index.php?rest_route=\/wp\/v2\/posts\/53689"}],"collection":[{"href":"https:\/\/speyer24news.com\/index.php?rest_route=\/wp\/v2\/posts"}],"about":[{"href":"https:\/\/speyer24news.com\/index.php?rest_route=\/wp\/v2\/types\/post"}],"author":[{"embeddable":true,"href":"https:\/\/speyer24news.com\/index.php?rest_route=\/wp\/v2\/users\/3"}],"replies":[{"embeddable":true,"href":"https:\/\/speyer24news.com\/index.php?rest_route=%2Fwp%2Fv2%2Fcomments&post=53689"}],"version-history":[{"count":1,"href":"https:\/\/speyer24news.com\/index.php?rest_route=\/wp\/v2\/posts\/53689\/revisions"}],"predecessor-version":[{"id":53693,"href":"https:\/\/speyer24news.com\/index.php?rest_route=\/wp\/v2\/posts\/53689\/revisions\/53693"}],"wp:featuredmedia":[{"embeddable":true,"href":"https:\/\/speyer24news.com\/index.php?rest_route=\/wp\/v2\/media\/26162"}],"wp:attachment":[{"href":"https:\/\/speyer24news.com\/index.php?rest_route=%2Fwp%2Fv2%2Fmedia&parent=53689"}],"wp:term":[{"taxonomy":"category","embeddable":true,"href":"https:\/\/speyer24news.com\/index.php?rest_route=%2Fwp%2Fv2%2Fcategories&post=53689"},{"taxonomy":"post_tag","embeddable":true,"href":"https:\/\/speyer24news.com\/index.php?rest_route=%2Fwp%2Fv2%2Ftags&post=53689"}],"curies":[{"name":"wp","href":"https:\/\/api.w.org\/{rel}","templated":true}]}}