{"id":53698,"date":"2023-07-17T12:24:17","date_gmt":"2023-07-17T11:24:17","guid":{"rendered":"https:\/\/speyer24news.com\/?p=53698"},"modified":"2023-07-19T06:57:41","modified_gmt":"2023-07-19T05:57:41","slug":"geschwindigkeitskontrolle-blitzer-kw-29-17-07-23-07-23","status":"publish","type":"post","link":"https:\/\/speyer24news.com\/?p=53698","title":{"rendered":"Geschwindigkeitskontrolle \/ Blitzer KW 29 (17.07. \u2013 23.07.23)"},"content":{"rendered":"<style type=\"text\/css\">\r\n\t.ads_top_disp{}\r\n\t.ads_top_corner_disp{ float:left; margin:0px 10px 10px 0px; }\r\n\t.ads_first_p_disp{}\r\n\t.ads_bottom_disp{}\r\n\t<\/style>\n<h2 class=\"wp-block-heading\">(Mannheim) \u2013 Geschwindigkeitskontrollen vom 17. bis 21. Juli<\/h2>\n\n\n<div class=\"wp-block-image\">\n<figure class=\"aligncenter\"><img decoding=\"async\" loading=\"lazy\" width=\"640\" height=\"497\" src=\"https:\/\/speyer24news.com\/wp-content\/uploads\/2020\/12\/Blitzer-2.jpg\" alt=\"\" class=\"wp-image-31937\" srcset=\"https:\/\/speyer24news.com\/wp-content\/uploads\/2020\/12\/Blitzer-2.jpg 640w, https:\/\/speyer24news.com\/wp-content\/uploads\/2020\/12\/Blitzer-2-300x233.jpg 300w\" sizes=\"(max-width: 640px) 100vw, 640px\" \/><\/figure><\/div>\n\n\n<h3 class=\"wp-block-heading\">Die Stadt Mannheim f\u00fchrt&nbsp;vom 17. bis 21. Juli in folgenden Stra\u00dfen mobile Geschwindigkeitskontrollen durch:<\/h3>\n\n\n\n<ul>\n<li><strong>Buchener Stra\u00dfe<\/strong><\/li>\n\n\n\n<li><strong>Friedrich-Ebert-Stra\u00dfe<\/strong><\/li>\n\n\n\n<li><strong>Grenadierstra\u00dfe (Erich-K\u00e4stner-Schule)<\/strong><\/li>\n\n\n\n<li><strong>K\u00e4fertaler Stra\u00dfe<\/strong><\/li>\n\n\n\n<li><strong>Krefelder Stra\u00dfe<\/strong><\/li>\n\n\n\n<li><strong>Lange R\u00f6tterstra\u00dfe<\/strong><\/li>\n\n\n\n<li><strong>Marianne-Cohn-Stra\u00dfe<\/strong><\/li>\n\n\n\n<li><strong>Mallaustra\u00dfe<\/strong><\/li>\n\n\n\n<li><strong>Mudauer Ring<\/strong><\/li>\n\n\n\n<li><strong>Mutterstadter Platz (Rheinau Schule)<\/strong><\/li>\n\n\n\n<li><strong>Osterburker Stra\u00dfe<\/strong><\/li>\n\n\n\n<li><strong>Relaisstra\u00dfe<\/strong><\/li>\n\n\n\n<li><strong>Rohrhofer Stra\u00dfe<\/strong><\/li>\n\n\n\n<li><strong>R\u00f6merstra\u00dfe (Wallstadtschule)<\/strong><\/li>\n\n\n\n<li><strong>Wilhelm-Peters-Stra\u00dfe (Gerhard-Hauptmann- Schule)<\/strong><\/li>\n\n\n\n<li><strong>Winterstra\u00dfe (Pfingstbergschule)<\/strong><\/li>\n\n\n\n<li><strong>Zum Herrenried (K\u00e4the-Kollwitz-Schule)<\/strong><\/li>\n<\/ul>\n\n\n\n<p>Kurzfristige \u00c4nderungen oder zus\u00e4tzliche Messstellen sind aus aktuellem Anlass m\u00f6glich.<\/p>\n\n\n\n<p><em>Stadt Mannheim<br>13.07.2023<\/em><\/p>\n\n\n\n<h2 class=\"wp-block-heading\">(Ludwigshafen) \u2013 Radarkontrollen f\u00fcr die Woche vom 17. Juli bis 23. Juli 2023<\/h2>\n\n\n<div class=\"wp-block-image\">\n<figure class=\"aligncenter\"><img decoding=\"async\" loading=\"lazy\" width=\"800\" height=\"600\" src=\"https:\/\/speyer24news.com\/wp-content\/uploads\/2020\/03\/Blitzer-1.jpg\" alt=\"\" class=\"wp-image-25724\" srcset=\"https:\/\/speyer24news.com\/wp-content\/uploads\/2020\/03\/Blitzer-1.jpg 800w, https:\/\/speyer24news.com\/wp-content\/uploads\/2020\/03\/Blitzer-1-300x225.jpg 300w, https:\/\/speyer24news.com\/wp-content\/uploads\/2020\/03\/Blitzer-1-768x576.jpg 768w, https:\/\/speyer24news.com\/wp-content\/uploads\/2020\/03\/Blitzer-1-678x509.jpg 678w, https:\/\/speyer24news.com\/wp-content\/uploads\/2020\/03\/Blitzer-1-326x245.jpg 326w, https:\/\/speyer24news.com\/wp-content\/uploads\/2020\/03\/Blitzer-1-80x60.jpg 80w\" sizes=\"(max-width: 800px) 100vw, 800px\" \/><\/figure><\/div>\n\n\n<h4 class=\"wp-block-heading\">Die Stadt Ludwigshafen nimmt in folgenden Stadtteilen Radarkontrollen vor:<\/h4>\n\n\n\n<ul>\n<li><strong>Mittwoch,19. Juli: Mundenheim, Mitte und Nord<\/strong><\/li>\n\n\n\n<li><strong>Donnerstag, 20. Juli:<\/strong> <strong>Edigheim, Friesenheim und West<\/strong><\/li>\n\n\n\n<li><strong>Freitag, 21. Juli: Gartenstadt,<\/strong> <strong>Mundenheim und Maudach<\/strong><\/li>\n\n\n\n<li><strong>Samstag, 22. Juli: Oggersheim,<\/strong> <strong>Ruchheim und Oppau.<\/strong><\/li>\n<\/ul>\n\n\n\n<p>Kurzfristige \u00c4nderungen beh\u00e4lt sich der Bereich Stra\u00dfenverkehr vor. Kontrollen k\u00f6nnen auch kurzfristig an anderen Stellen stattfinden.<\/p>\n\n\n\n<p><em>Stadt Ludwigshafen am Rhein<br>17.07.2023<\/em><\/p>\n\n\n\n<h2 class=\"wp-block-heading\">(Pr\u00e4sidialbereich Rheinpfalz) \u2013 Geschwindigkeitskontrollen im Juli 2023<\/h2>\n\n\n<div class=\"wp-block-image\">\n<figure class=\"aligncenter\"><img decoding=\"async\" loading=\"lazy\" width=\"800\" height=\"450\" src=\"https:\/\/speyer24news.com\/wp-content\/uploads\/2020\/12\/Blitzer-Logo.jpg\" alt=\"\" class=\"wp-image-31938\" srcset=\"https:\/\/speyer24news.com\/wp-content\/uploads\/2020\/12\/Blitzer-Logo.jpg 800w, https:\/\/speyer24news.com\/wp-content\/uploads\/2020\/12\/Blitzer-Logo-300x169.jpg 300w, https:\/\/speyer24news.com\/wp-content\/uploads\/2020\/12\/Blitzer-Logo-768x432.jpg 768w, https:\/\/speyer24news.com\/wp-content\/uploads\/2020\/12\/Blitzer-Logo-678x381.jpg 678w\" sizes=\"(max-width: 800px) 100vw, 800px\" \/><\/figure><\/div>\n\n\n<h3 class=\"wp-block-heading\">Im&nbsp;<strong>Gebiet der Polizeidirektion Landau&nbsp;<\/strong>finden wie folgt Kontrollen statt:<\/h3>\n\n\n\n<ul>\n<li><strong>19.07.2023 im Bereich Klingenm\u00fcnster<\/strong><\/li>\n\n\n\n<li><strong>25.07.2023 im Bereich Edesheim<\/strong><\/li>\n<\/ul>\n\n\n\n<h3 class=\"wp-block-heading\">Im&nbsp;<strong>Gebiet der Polizeidirektion Neustadt<\/strong>&nbsp;finden wie folgt Kontrollen statt:<\/h3>\n\n\n\n<ul>\n<li><strong>26.07.2023 im Bereich Friedelsheim<\/strong><\/li>\n<\/ul>\n\n\n\n<h3 class=\"wp-block-heading\">Im&nbsp;<strong>Gebiet der Polizeidirektion Ludwigshafen<\/strong>&nbsp;finden wie folgt Kontrollen statt:<\/h3>\n\n\n\n<ul>\n<li><strong>21.07.2023 im Bereich Maxdorf<\/strong><\/li>\n\n\n\n<li><strong>24.07.2023 im Bereich Frankenthal<\/strong><\/li>\n<\/ul>\n\n\n\n<p>Die Polizei weist ausdr\u00fccklich darauf hin, dass Kontrollen auch au\u00dferhalb der genannten Zeiten und \u00d6rtlichkeiten stattfinden.<\/p>\n\n\n\n<p><em>Polizeipr\u00e4sidium Rheinpfalz<br>30.06.2023<\/em><\/p>\n","protected":false},"excerpt":{"rendered":"<div class=\"mh-excerpt\"><p>(Mannheim) \u2013 Geschwindigkeitskontrollen vom 17. bis 21. Juli Die Stadt Mannheim f\u00fchrt&nbsp;vom 17. bis 21. Juli in folgenden Stra\u00dfen mobile Geschwindigkeitskontrollen durch: Kurzfristige \u00c4nderungen oder zus\u00e4tzliche Messstellen sind aus aktuellem Anlass m\u00f6glich. Stadt Mannheim13.07.2023 (Ludwigshafen) <a class=\"mh-excerpt-more\" href=\"https:\/\/speyer24news.com\/?p=53698\" title=\"Geschwindigkeitskontrolle \/ Blitzer KW 29 (17.07. \u2013 23.07.23)\">[&#8230;]<\/a><\/p>\n<\/div>","protected":false},"author":3,"featured_media":33649,"comment_status":"open","ping_status":"open","sticky":false,"template":"","format":"standard","meta":{"_monsterinsights_skip_tracking":false,"_monsterinsights_sitenote_active":false,"_monsterinsights_sitenote_note":"","_monsterinsights_sitenote_category":0,"footnotes":""},"categories":[64],"tags":[18,19,5148,4822,4817,5149,4228,14750,947,5146,4820,4815,5147,779,5152,4821,4816,5153,15146,14749],"aioseo_notices":[],"amp_enabled":true,"_links":{"self":[{"href":"https:\/\/speyer24news.com\/index.php?rest_route=\/wp\/v2\/posts\/53698"}],"collection":[{"href":"https:\/\/speyer24news.com\/index.php?rest_route=\/wp\/v2\/posts"}],"about":[{"href":"https:\/\/speyer24news.com\/index.php?rest_route=\/wp\/v2\/types\/post"}],"author":[{"embeddable":true,"href":"https:\/\/speyer24news.com\/index.php?rest_route=\/wp\/v2\/users\/3"}],"replies":[{"embeddable":true,"href":"https:\/\/speyer24news.com\/index.php?rest_route=%2Fwp%2Fv2%2Fcomments&post=53698"}],"version-history":[{"count":3,"href":"https:\/\/speyer24news.com\/index.php?rest_route=\/wp\/v2\/posts\/53698\/revisions"}],"predecessor-version":[{"id":53875,"href":"https:\/\/speyer24news.com\/index.php?rest_route=\/wp\/v2\/posts\/53698\/revisions\/53875"}],"wp:featuredmedia":[{"embeddable":true,"href":"https:\/\/speyer24news.com\/index.php?rest_route=\/wp\/v2\/media\/33649"}],"wp:attachment":[{"href":"https:\/\/speyer24news.com\/index.php?rest_route=%2Fwp%2Fv2%2Fmedia&parent=53698"}],"wp:term":[{"taxonomy":"category","embeddable":true,"href":"https:\/\/speyer24news.com\/index.php?rest_route=%2Fwp%2Fv2%2Fcategories&post=53698"},{"taxonomy":"post_tag","embeddable":true,"href":"https:\/\/speyer24news.com\/index.php?rest_route=%2Fwp%2Fv2%2Ftags&post=53698"}],"curies":[{"name":"wp","href":"https:\/\/api.w.org\/{rel}","templated":true}]}}