{"id":53880,"date":"2023-07-19T13:21:56","date_gmt":"2023-07-19T12:21:56","guid":{"rendered":"https:\/\/speyer24news.com\/?p=53880"},"modified":"2023-07-19T15:57:04","modified_gmt":"2023-07-19T14:57:04","slug":"polizeimeldungen-montag-dienstag-17-07-18-07-2023","status":"publish","type":"post","link":"https:\/\/speyer24news.com\/?p=53880","title":{"rendered":"Polizeimeldungen Montag &#038; Dienstag (17.07. &#038; 18.07.2023)"},"content":{"rendered":"<style type=\"text\/css\">\r\n\t.ads_top_disp{}\r\n\t.ads_top_corner_disp{ float:left; margin:0px 10px 10px 0px; }\r\n\t.ads_first_p_disp{}\r\n\t.ads_bottom_disp{}\r\n\t<\/style>\n<h2 class=\"wp-block-heading\">Polizeimeldungen vom Montag &amp; Dienstag (17.07. &amp; 18.07.2023)<\/h2>\n\n\n<div class=\"wp-block-image\">\n<figure class=\"aligncenter size-full\"><img decoding=\"async\" loading=\"lazy\" width=\"375\" height=\"500\" src=\"https:\/\/speyer24news.com\/wp-content\/uploads\/2022\/03\/Aktuelles-Polizeilogo.jpg\" alt=\"\" class=\"wp-image-43591\" srcset=\"https:\/\/speyer24news.com\/wp-content\/uploads\/2022\/03\/Aktuelles-Polizeilogo.jpg 375w, https:\/\/speyer24news.com\/wp-content\/uploads\/2022\/03\/Aktuelles-Polizeilogo-225x300.jpg 225w\" sizes=\"(max-width: 375px) 100vw, 375px\" \/><\/figure><\/div>\n\n\n<h2 class=\"wp-block-heading\">(Speyer \/ Wachenheim) &#8211; R\u00fccknahme der \u00d6ffentlichkeitsfahndung nach vermisster 14-J\u00e4hriger<\/h2>\n\n\n\n<p>Die seit dem 04.07.2023 vermisste 14-J\u00e4hrige aus Speyer konnte am 17.07.2023 wohlbehalten in Wachenheim an der Weinstra\u00dfe angetroffen und zu ihren Erziehungsberechtigten zur\u00fcck gebracht werden.&nbsp;<\/p>\n\n\n\n<h2 class=\"wp-block-heading\">(Speyer) &#8211; Polizeikontrollen am Montag: Cannabisfunde, unsicheres Tuning, T\u00e4uschungsversuche und Flucht vor der Polizei<\/h2>\n\n\n<div class=\"wp-block-image\">\n<figure class=\"aligncenter size-full\"><img decoding=\"async\" loading=\"lazy\" width=\"800\" height=\"599\" src=\"https:\/\/speyer24news.com\/wp-content\/uploads\/2020\/06\/Polizeikontrolle.jpg\" alt=\"\" class=\"wp-image-28255\" srcset=\"https:\/\/speyer24news.com\/wp-content\/uploads\/2020\/06\/Polizeikontrolle.jpg 800w, https:\/\/speyer24news.com\/wp-content\/uploads\/2020\/06\/Polizeikontrolle-300x225.jpg 300w, https:\/\/speyer24news.com\/wp-content\/uploads\/2020\/06\/Polizeikontrolle-768x575.jpg 768w, https:\/\/speyer24news.com\/wp-content\/uploads\/2020\/06\/Polizeikontrolle-678x509.jpg 678w, https:\/\/speyer24news.com\/wp-content\/uploads\/2020\/06\/Polizeikontrolle-326x245.jpg 326w, https:\/\/speyer24news.com\/wp-content\/uploads\/2020\/06\/Polizeikontrolle-80x60.jpg 80w\" sizes=\"(max-width: 800px) 100vw, 800px\" \/><\/figure><\/div>\n\n\n<p>In der Nacht von Montag auf Dienstag zwischen 23 Uhr und 1 Uhr richtete die Polizei eine Kontrollstelle in der Wormser Landstra\u00dfe ein und kontrollierte hierbei 50 PKW und 15 Fahrr\u00e4der. Bei zwei PKW der Marken BMW und Audi war die Betriebserlaubnis aufgrund von Ver\u00e4nderungen am Fahrwerk erloschen, ein PKW mit ausl\u00e4ndischer Zulassung war trotz langj\u00e4hrigem deutschem Wohnsitz seiner Halterin vorschriftswidrig nicht in Deutschland zugelassen, zwei PKW-Insassen verstie\u00dfen gegen die Gurtpflicht und ein Fahrer bediente verbotswidrig ein Mobiltelefon w\u00e4hrend der Fahrt. Au\u00dferdem stellten die Beamten sieben M\u00e4ngelberichte aus. Bei f\u00fcnf Fahrradfahrern entsprach die Beleuchtung nicht den Vorschriften, weswegen die Beamten sie verwarnten.<\/p>\n\n\n\n<p>Der 22-j\u00e4hrige Beifahrer eines PKW bestritt in der Kontrollstelle, Ausweisdokumente mitzuf\u00fchren und gab gegen\u00fcber den Beamten falsche Personalien an. Die Beamten durchsuchten den Mann nach Ausweispapieren und fanden dabei zwar keine Ausweispapiere, aber 0,37 Gramm Marihuana auf. Seine Identit\u00e4t kl\u00e4rten die Beamten danach mit Hilfe erkennungsdienstlicher Ma\u00dfnahmen. Den 22-J\u00e4hrigen erwartet ein Strafverfahren sowie ein Ordnungswidrigkeitsverfahren wegen der Angabe falscher Personalien.<\/p>\n\n\n\n<p>Gegen 01:30 Uhr wurden Polizeibeamte im Rahmen einer Fu\u00dfstreife in der Landauer Stra\u00dfe auf Cannabisgeruch aufmerksam, der von einer Jugendgruppe an einer Sitzgruppe ausging. Zwei der drei Jugendlichen im Alter von 17 und 18 Jahren rannten vor den Beamten weg und gaben ihren Fluchtversuch im Scheinwerferlicht eines entgegenkommenden Streifenwagens auf. Die Beamten fanden f\u00fcnf Gramm Marihuana sowie eine Feinwaage und konnten sie einem 17-J\u00e4hrigen aus der Gruppe zuordnen. Ihn erwartet ein Strafverfahren.<\/p>\n\n\n\n<h2 class=\"wp-block-heading\">(Speyer) &#8211; Auffahrunfall an Ampel<\/h2>\n\n\n\n<p>Am Montag gegen 13:30 Uhr befuhren ein Peugeot, ein Fiat und ein Audi in dieser Reihenfolge die Kurt-Schumacher-Stra\u00dfe in Richtung Iggelheimer Stra\u00dfe und mussten an der roten Ampel verkehrsbedingt halten. Beim Wiederanfahren fuhr der 32-j\u00e4hrige Audi-Fahrer der 24-j\u00e4hrigen Fiat-Fahrerin auf und schob den Fiat auf das Heck der vorne fahrenden Peugeot-Fahrerin. Die 24-J\u00e4hrige erlitt infolge des Unfalls Schmerzen im Nacken und wurde durch den Rettungsdienst in ein Krankenhaus verbracht. Die Gesamtschadensh\u00f6he liegt bei ca. 1.500 Euro.<\/p>\n\n\n\n<h2 class=\"wp-block-heading\">(Speyer) &#8211; R\u00fccknahme der \u00d6ffentlichkeitsfahndung nach vermisster 12-J\u00e4hriger<\/h2>\n\n\n\n<p>Die seit dem 13.07.2023 vermisste 12-J\u00e4hrige meldete sich am 16.07.2023 bei Erziehungsberechtigten und konnte wohlbehalten in Speyer angetroffen werden. <\/p>\n\n\n\n<h2 class=\"wp-block-heading\">(Speyer) &#8211; Nach medizinischem Notfall in Standsteinmauer gefahren<\/h2>\n\n\n<div class=\"wp-block-image\">\n<figure class=\"aligncenter size-full\"><img decoding=\"async\" loading=\"lazy\" width=\"800\" height=\"600\" src=\"https:\/\/speyer24news.com\/wp-content\/uploads\/2023\/07\/VU-17.07.23-SP-@-FF-SP.jpg\" alt=\"\" class=\"wp-image-53882\" srcset=\"https:\/\/speyer24news.com\/wp-content\/uploads\/2023\/07\/VU-17.07.23-SP-@-FF-SP.jpg 800w, https:\/\/speyer24news.com\/wp-content\/uploads\/2023\/07\/VU-17.07.23-SP-@-FF-SP-300x225.jpg 300w, https:\/\/speyer24news.com\/wp-content\/uploads\/2023\/07\/VU-17.07.23-SP-@-FF-SP-768x576.jpg 768w, https:\/\/speyer24news.com\/wp-content\/uploads\/2023\/07\/VU-17.07.23-SP-@-FF-SP-678x509.jpg 678w, https:\/\/speyer24news.com\/wp-content\/uploads\/2023\/07\/VU-17.07.23-SP-@-FF-SP-326x245.jpg 326w, https:\/\/speyer24news.com\/wp-content\/uploads\/2023\/07\/VU-17.07.23-SP-@-FF-SP-80x60.jpg 80w\" sizes=\"(max-width: 800px) 100vw, 800px\" \/><figcaption class=\"wp-element-caption\">Verkehrsunfall in der Gilgenstra\u00dfe Speyer. <br><em>Foto: Freiwillige Feuerwehr Stadt Speyer<\/em><\/figcaption><\/figure><\/div>\n\n\n<p>Am 17.07.2023 gegen 06:06 Uhr befuhr ein 38-J\u00e4hriger Mann mit seinem PKW die Fahrbahn des Bartholom\u00e4us-Welz-Platzes in Fahrtrichtung Sch\u00fctzenstra\u00dfe. An der Kreuzung fuhr er aufgrund eines medizinischen Notfalls ungebremst \u00fcber die Fahrbahn der Gilgenstra\u00dfe und kollidierte mit der dortigen Sandsteinmauer eines dortigen Kindergartens. Die massive Sandsteinmauer wurde im Bereich des Zusammensto\u00dfes komplett zerst\u00f6rt. Die Airbags l\u00f6sten aus und der Fahrer musste durch den Rettungsdienst in ein nahegelegenes Krankenhaus gebracht werden. Das Fahrzeug war nicht mehr fahrbereit und musste abgeschleppt werden. Zur Unfallaufnahme war die Kreuzung bis 07:10 Uhr gesperrt.<\/p>\n\n\n\n<h2 class=\"wp-block-heading\">(Speyer) &#8211; Hebelspuren an Wohnungst\u00fcr in Nord<\/h2>\n\n\n\n<p>Zwischen dem 15.07.2023, 16:30 Uhr, und dem 16.07.2023, 10 Uhr, hebelten unbekannte T\u00e4ter an der Eingangst\u00fcr einer Wohnung eines Mehrfamilienhauses im Feuerdornweg. Den T\u00e4tern gelang es nicht, in die Wohnung einzudringen. Der Sachschaden liegt bei ca. 200 Euro.<\/p>\n\n\n\n<ul>\n<li><strong>Die Polizei bittet Zeugen um Mitteilung sachdienlicher Hinweise an 06232 \/ 137-0 oder per E-Mail an&nbsp;<a href=\"mailto:%20pispeyer@polizei.rlp.de\">pispeyer@polizei.rlp.de<\/a><\/strong><\/li>\n<\/ul>\n\n\n\n<h2 class=\"wp-block-heading\">(Waldsee) &#8211; Geschwindigkeitskontrollen<\/h2>\n\n\n\n<p>Am Montagmittag f\u00fchrten Polizeibeamte der Polizeiinspektion Schifferstadt eine Geschwindigkeits\u00fcberwachung im Bereich der K13 durch. Bei erlaubten 50 km\/h war der gemessene Spitzenwert eines Verkehrsteilnehmers 99 km\/h. Diesen Verkehrsteilnehmer erwartet nun ein dreistelliges Bu\u00dfgeld sowie ein Monat Fahrverbot. Insgesamt kam es zu zw\u00f6lf Geschwindigkeitsverst\u00f6\u00dfen.<\/p>\n\n\n\n<h2 class=\"wp-block-heading\">(Schifferstadt) &#8211; Kind nach Unfall verletzt<\/h2>\n\n\n\n<p>Eine 11-j\u00e4hrige Sch\u00fclerin aus Schifferstadt befuhr am Montagmorgen mit ihrem Tretroller den Gehweg der Schulstra\u00dfe aus Richtung Kirchenstra\u00dfe kommend. Wohl ungebremst fuhr sie dann pl\u00f6tzlich vom Gehweg auf die Fahrbahn ein und kollidierte dort mit dem vorbeifahrenden Pkw einer 33-j\u00e4hrigen aus Schifferstadt. Infolge dessen st\u00fcrzte das Kind und fiel zudem an einen dort geparkten Pkw. Durch den Sturz zog sich die 11-j\u00e4hrige Sch\u00fcrfwunden am Knie zu und wurde vor Ort noch medizinisch versorgt. An den beiden Fahrzeugen entstand Sachschaden. <\/p>\n\n\n\n<ul>\n<li><strong>Zeugen des Unfalls werden gebeten, sich unter der Telefonnummer 06235 &#8211; 495-0 oder per E-Mail (<a href=\"mailto:pischifferstadt@polizei.rlp.de\">pischifferstadt@polizei.rlp.de<\/a>) bei der Polizeiinspektion Schifferstadt zu melden.<\/strong><\/li>\n<\/ul>\n\n\n\n<h2 class=\"wp-block-heading\">(Schifferstadt) &#8211; Einbruch ohne Wert<\/h2>\n\n\n\n<p>Unbekannte T\u00e4ter verschafften sich von Sonntag auf Montag durch Aufhebeln eines Fensters Zugang in ein Fitnessstudio im Ketzerweg. Dort brachen sie dann mehrere B\u00fcror\u00e4umlichkeiten auf. Aus einem der B\u00fcros wurde dann ein Standtresor aufgeflext, in dem sich jedoch keinerlei Wertgegenst\u00e4nde befanden. Insgesamt entstand durch das gewaltsame Aufbrechen der T\u00fcren und Fenster des Studios ein Sachschaden von circa 4.000 Euro. <\/p>\n\n\n\n<ul>\n<li><strong>Hinweise bitte unter der Telefonnummer 06235 \/ 495-0 oder per E-Mail (<a href=\"mailto:pischifferstadt@polizei.rlp.de\">pischifferstadt@polizei.rlp.de<\/a>) an die Polizeiinspektion Schifferstadt.<\/strong><\/li>\n<\/ul>\n\n\n\n<h2 class=\"wp-block-heading\">(Schifferstadt) &#8211; Unfallflucht gekl\u00e4rt<\/h2>\n\n\n\n<p>Am Sonntag, 16.07.2023, gegen 14:50 Uhr, wurden Hausbesitzer eines Anwesens in der Friedensstra\u00dfe durch einen lauten Knall hellh\u00f6rig und gingen vor ihr Anwesen. Dort konnten sie feststellen, dass ein 25-j\u00e4hriger Schifferstadter mit seinem Fahrzeug gegen die Hauswand der 68-j\u00e4hrigen Besitzerin gefahren war. Darauf angesprochen entfernte sich der Unfallverursacher zun\u00e4chst von der Unfallstelle, um kurze Zeit sp\u00e4ter wieder vor Ort zu erscheinen. Auch gegen\u00fcber den eingesetzten Beamten zeigte sich der 25-j\u00e4hrige uneinsichtig und provokant. Den 25-j\u00e4hrigen erwartet nun ein Verfahren wegen Verkehrsunfallflucht. Da er nach Beendigung der polizeilichen Ma\u00dfnahmen rasant und ohne angelegten Sicherheitsgurt davonfuhr, erwartet ihn nun noch ein weiteres Ordnungswidrigkeitsverfahren. Am Haus der Gesch\u00e4digten entstand ein Sachschaden von circa 300 Euro.<\/p>\n\n\n\n<h2 class=\"wp-block-heading\">(R\u00f6merberg-Berghausen) &#8211; Leichtverletzte Beifahrerin bei n\u00e4chtlichem Verkehrsunfall<\/h2>\n\n\n\n<p>In der Nacht auf Dienstag gegen 0:15 Uhr befuhr eine 18-j\u00e4hrige PKW-Fahrerin die Germersheimer Stra\u00dfe in R\u00f6merberg-Berghausen in Fahrtrichtung Speyer und verlor auf gerader Strecke aus bislang unklarer Ursache die Kontrolle \u00fcber ihr Fahrzeug. Infolgedessen streifte sie mit ihrer Fahrerseite einen am linken Fahrbahnrand abgestellten PKW und verursachte hierbei einen Gesamtschaden in H\u00f6he von ca. 6.500 Euro. Beim Zusammensto\u00df zog sich ihre gleichaltrige Beifahrerin eine Prellung am Oberschenkel zu. Die Polizeibeamten stellten bei der Fahrerin keine Anhaltspunkte f\u00fcr eine Beeintr\u00e4chtigung der Fahrt\u00fcchtigkeit fest.<\/p>\n\n\n\n<h2 class=\"wp-block-heading\">(R\u00f6merberg-Mechtersheim) &#8211; Mann am Steuer eingeschlafen<\/h2>\n\n\n<div class=\"wp-block-image\">\n<figure class=\"aligncenter size-full\"><img decoding=\"async\" loading=\"lazy\" width=\"800\" height=\"533\" src=\"https:\/\/speyer24news.com\/wp-content\/uploads\/2022\/06\/Blaulicht.jpg\" alt=\"\" class=\"wp-image-46705\" srcset=\"https:\/\/speyer24news.com\/wp-content\/uploads\/2022\/06\/Blaulicht.jpg 800w, https:\/\/speyer24news.com\/wp-content\/uploads\/2022\/06\/Blaulicht-300x200.jpg 300w, https:\/\/speyer24news.com\/wp-content\/uploads\/2022\/06\/Blaulicht-768x512.jpg 768w\" sizes=\"(max-width: 800px) 100vw, 800px\" \/><\/figure><\/div>\n\n\n<p>Am 16.07.2023 gegen 06:57 Uhr stellten Beamte der Polizei Speyer in der N\u00e4he des Badesees Mechtersheim einen 21-j\u00e4hrigen Mann schlafend in seinem Fahrzeug auf der Fahrbahn fest. Bei der Kontrolle zeigte der 21-J\u00e4hrige drogentypische Auff\u00e4lligkeiten. Bei der Durchsuchung des Fahrzeugs fanden die Beamten unter anderem ein Pfefferspray, ein Messer, einen Schlagstock sowie mehrere Bet\u00e4ubungsmittel. Der Mann wurde zur Dienststelle gebracht, wo ihm eine Blutprobe entnommen wurde.<\/p>\n\n\n\n<h2 class=\"wp-block-heading\">(Schwegenheim) &#8211; Getuntes Fahrzeug aus dem Verkehr gezogen<\/h2>\n\n\n\n<p>Speziell geschulte Beamten f\u00fchren am Montag in Schwegenheim Verkehrskontrollen durch. Dabei wurden gezielt getunte Fahrzeuge ins Visier genommen. An einem PKW war durch die nicht erlaubten technischen Ver\u00e4nderungen (verspiegelte Scheiben und \u00c4nderungen am Fahrwerk) die Betriebserlaubnis erloschen. Den Fahrer erwartet ein entsprechendes Bu\u00dfgeld.<\/p>\n\n\n\n<h2 class=\"wp-block-heading\">(Germersheim \/ Lingenfeld) &#8211; Verkehrskontrollen<\/h2>\n\n\n\n<p>Am Montagmontag wurden bei Verkehrskontrollen in der Rheinbr\u00fcckenstra\u00dfe in Germersheim drei &#8222;Gurtmuffel&#8220; verwarnt. Dazu wurden drei Autofahrer mit dem Handy am Ohr erwischt. Bei einer Kontrolle des Durchfahrtverbots in der Stra\u00dfe &#8222;Am Hirschgraben&#8220; in Lingenfeld ergaben sich innerhalb des einst\u00fcndigen Kontrollzeitraums erfreulicherweise keine Verst\u00f6\u00dfe.<\/p>\n\n\n\n<h2 class=\"wp-block-heading\">(Hagenbach) &#8211; Brand eines Dachstuhl<\/h2>\n\n\n\n<p>Am Montag gegen 16.00h kam es zu einem Dachstuhlbrand in der Friedensstra\u00dfe in Hagenbach. Der Eigent\u00fcmer des Hauses arbeitete am Dachstuhl mit einem Schwei\u00dfger\u00e4t, was zu einem Glimmbrand f\u00fchrte. Am Dachstuhl entstand geringer Sachschaden. Das Geb\u00e4ude ist weiterhin bewohnbar. Verletzt wurde niemand.<\/p>\n\n\n\n<h2 class=\"wp-block-heading\">(Kandel) &#8211; Brand eines M\u00fcllcontainers<\/h2>\n\n\n\n<p>Am Montag Abend gegen 23.00h brannte in der Marktstra\u00dfe in Kandel ein M\u00fcllcontainer. Aufgrund der ersten Ermittlungen ergaben sich Hinweise, dass der M\u00fcllcontainer von <strong>zwei m\u00e4nnlichen Personen im Alter von ca. 16 &#8211; 18 Jahren<\/strong> angesteckt wurde. Weitere Hinweise liegen derzeit nicht vor. Das Feuer wurde von der freiwilligen Feuerwehr Kandel gel\u00f6scht. Eine Gefahr des \u00dcbergreifens auf andere Gegenst\u00e4nde bestand nicht. <\/p>\n\n\n\n<ul>\n<li><strong>Zeugen, welche verd\u00e4chtige Wahrnehmungen gemacht haben, sollen sich mit der Polizei W\u00f6rth unter 07271 92210 oder&nbsp;<a href=\"mailto:%20piwoerth@polizei.rlp.de\">piwoerth@polizei.rlp.de<\/a>&nbsp;in Verbindung setzen.<\/strong><\/li>\n<\/ul>\n\n\n\n<h2 class=\"wp-block-heading\">(Erlenbach bei Kandel) &#8211; Fl\u00fcchtiger eines Unfalles mit hohem Schaden ermittelt<\/h2>\n\n\n\n<p>Am Dienstag Nacht gegen 03.00h wurde ein Verkehrsunfall in der Haynaer Stra\u00dfe in Erlenbach bei Kandel gemeldet. Eine Zeugin wurde durch einen lauten Knall geweckt. Wie sich herausstellte fuhr ein Mercedesfahrer auf gerader Strecke auf ein geparktes Fahrzeug auf der gegen\u00fcberliegenden Stra\u00dfenseite und besch\u00e4digte dieses vorne rechts erheblich. Auch das Fahrzeug des Unfallverursachers wurde erheblich besch\u00e4digt. Nichtsdestotrotz setzte er seine Fahrt fort und fl\u00fcchtete von der Unfallstelle. Am Morgen meldete sich ein weiterer Zeuge, welcher einen stark besch\u00e4digten Mercedes auf seinem Gel\u00e4nde vorfand. Durch weitere Ermittlungen konnte der verantwortliche 24-j\u00e4hrige Unfallverursacher aus dem Kreis Germersheim ermittelt und vernommen werden. Ein Strafverfahren wegen Verkehrsunfallflucht wurde eingeleitet. Ein F\u00fchrerscheinentzug steht im Raume. Bei dem Unfall entstand ein Gesamtsachschaden in H\u00f6he von ca. 25.000 Euro.<\/p>\n\n\n\n<h2 class=\"wp-block-heading\">(B 38 \/ Schweigen-Rechtenbach) &#8211; Motorradfahrer leichtverletzt<\/h2>\n\n\n\n<p>Am Montag, 17.07.23, gegen 14:10 Uhr, befuhr ein 55-j\u00e4hriger Motorradfahrer die B 38 von Schweigen-Rechtenbach in Richtung Oberotterbach. Ein 67-j\u00e4hriger Fahrer eines Pkw Jaguar befuhr die B 38 in Gegenrichtung und wollte auf H\u00f6he der Einm\u00fcndung zur K 27 (Haftelhof) eine langsam fahrende Kehrmaschine \u00fcberholen. Der Pkw-Fahrer setzte im Kurvenbereich zum \u00dcberholen an und fuhr hierbei auf die Gegenfahrbahn. Der entgegenkommende Motorradfahrer erschrak sich, verlor die Kontrolle \u00fcber sein Motorrad und st\u00fcrzte. Zu einer Ber\u00fchrung der beiden Verkehrsunfallbeteiligten kam es nicht. Der Motorradfahrer wurde mit leichten Verletzungen durch den Rettungsdienst in ein Krankenhaus verbracht. An dem Motorrad entstand ein Sachschaden in H\u00f6he von 3000.- Euro. F\u00fcr die Dauer der Unfallaufnahme wurde der Verkehr an der Unfallstelle vorbeigeleitet.<\/p>\n\n\n\n<h2 class=\"wp-block-heading\">(Landau) &#8211; Frau unsittlich ber\u00fchrt \/ Zeugen gesucht<\/h2>\n\n\n<div class=\"wp-block-image\">\n<figure class=\"aligncenter size-full\"><img decoding=\"async\" loading=\"lazy\" width=\"801\" height=\"600\" src=\"https:\/\/speyer24news.com\/wp-content\/uploads\/2020\/05\/Zeugen-gesucht-Neutral.jpg\" alt=\"\" class=\"wp-image-26598\" srcset=\"https:\/\/speyer24news.com\/wp-content\/uploads\/2020\/05\/Zeugen-gesucht-Neutral.jpg 801w, https:\/\/speyer24news.com\/wp-content\/uploads\/2020\/05\/Zeugen-gesucht-Neutral-300x225.jpg 300w, https:\/\/speyer24news.com\/wp-content\/uploads\/2020\/05\/Zeugen-gesucht-Neutral-768x575.jpg 768w, https:\/\/speyer24news.com\/wp-content\/uploads\/2020\/05\/Zeugen-gesucht-Neutral-678x509.jpg 678w, https:\/\/speyer24news.com\/wp-content\/uploads\/2020\/05\/Zeugen-gesucht-Neutral-326x245.jpg 326w, https:\/\/speyer24news.com\/wp-content\/uploads\/2020\/05\/Zeugen-gesucht-Neutral-80x60.jpg 80w\" sizes=\"(max-width: 801px) 100vw, 801px\" \/><\/figure><\/div>\n\n\n<p>Nach einem sexuellen \u00dcbergriff auf eine 32-j\u00e4hrige Frau in der Nacht auf Samstag, den 15.07.2023 gegen 04:30 Uhr, in Landau sucht die Polizei nach Zeugen.<\/p>\n\n\n\n<p>Derzeitigen Ermittlungen zufolge hielt sich die junge Frau in einem Hauseingang gegen\u00fcber einer Landauer Diskothek in der Xylanderstra\u00dfe auf, als sie von einer bislang unbekannten m\u00e4nnlichen Person unsittlich ber\u00fchrt wurde. Die Frau forderte die Person lautstark auf dies zu unterlassen. Ein namentlich bekannter Zeuge wurde auf die Szene aufmerksam, woraufhin er den T\u00e4ter ansprach und die Polizei verst\u00e4ndigte. Noch vor Eintreffen der Polizei konnte sich der T\u00e4ter unerkannt vom Tatort entfernen.<\/p>\n\n\n\n<h4 class=\"wp-block-heading\">Der T\u00e4ter wird wie folgt beschrieben:<\/h4>\n\n\n\n<ul>\n<li><strong>Der unbekannte Mann war ca. 1,80 m gro\u00df <\/strong><\/li>\n\n\n\n<li><strong>und zwischen 25-30 Jahre alt. <\/strong><\/li>\n\n\n\n<li><strong>Er hatte dunkle, zerzauste Haare,<\/strong><\/li>\n\n\n\n<li><strong>einen 5 Tage-Bart,<\/strong><\/li>\n\n\n\n<li><strong>war normal gebaut und <\/strong><\/li>\n\n\n\n<li><strong>hatte einen dunklen Teint. <\/strong><\/li>\n\n\n\n<li><strong>Er trug ein wei\u00dfes T-Shirt und eine kurze Hose. <\/strong><\/li>\n\n\n\n<li><strong>Zudem hatte er gro\u00dfe Kopfh\u00f6rer um den Hals.<\/strong><\/li>\n<\/ul>\n\n\n\n<p>Die Kriminalpolizei hat die Ermittlungen \u00fcbernommen.<\/p>\n\n\n\n<ul>\n<li><strong>Wer sachdienliche Hinweise zu dem genannten Fall geben kann, wird gebeten sich unter der Rufnummer 06341-287-0 mit der Kriminalinspektion Landau, oder einer anderen Polizeidienststelle, in Verbindung zu setzen. Hinweise k\u00f6nnen auch per E-Mail unter&nbsp;<a href=\"mailto:%20kilandau.k2@polizei.rlp.de\">kilandau.k2@polizei.rlp.de<\/a>&nbsp;an die Polizei \u00fcbermittelt werden.<\/strong><\/li>\n<\/ul>\n\n\n\n<h2 class=\"wp-block-heading\">(Annweiler) &#8211; \u00dcberwachung des Transitverbotes und weitere Verkehrsma\u00dfnahmen<\/h2>\n\n\n\n<p>Am Dienstag \u00fcberwachten Polizisten der Wache in Annweiler das derzeit wegen der B10 bestehende Transitverbot. Hierbei konnten bei mehr als 30 kontrollierten Lkw 3 Verst\u00f6\u00dfe festgestellt werden. In diesen F\u00e4llen wurde jeweils eine Sicherheitsleistung in H\u00f6he von 128,50EUR erhoben. Dar\u00fcber hinaus konnten noch 8 Gurtverst\u00f6\u00dfe sowie eine missbr\u00e4uchliche Nutzung eines Mobiltelefons festgestellt werden.<\/p>\n\n\n\n<h2 class=\"wp-block-heading\">(Edesheim) &#8211; 12 Autofahrer zu schnell<\/h2>\n\n\n\n<p>Bei einer Geschwindigkeitsmessung in der Staatsstra\u00dfe wurden am Montag (17.07.2023) zwischen 11.30 Uhr und 12 Uhr 12 Autofahrer geb\u00fchrenpflichtig verwarnt, weil sie die vorgeschrieben 30 km\/h nicht einhielten. Der schnellste Autofahrer war in der 30er Zone mit 53 km\/h unterwegs.<\/p>\n\n\n\n<h2 class=\"wp-block-heading\">(A 65 \/ Edesheim) &#8211; Abfahrtskontrolle<\/h2>\n\n\n\n<p>Gleich vier LKW-Fahrern wurde Sonntagabend (16.07.2023, zwischen 19.00 und 20.30 Uhr) die Abfahrt untersagt, da sie bei einer Kontrolle zwischen 0,6 und 1,2 Promille Alkohol intus hatten. Die Fahrer waren im Begriff, nach Beendigung des Sonntagfahrverbots um 22 Uhr, ihre Tour fortzusetzen. Die Fahrzeugschl\u00fcssel sowie die Frachtpapiere wurden bis zur vollst\u00e4ndigen N\u00fcchternheit sichergestellt.<\/p>\n\n\n\n<h2 class=\"wp-block-heading\">(Freimersheim) &#8211; Verletzter Autofahrer<\/h2>\n\n\n<div class=\"wp-block-image\">\n<figure class=\"aligncenter size-full\"><img decoding=\"async\" loading=\"lazy\" width=\"800\" height=\"562\" src=\"https:\/\/speyer24news.com\/wp-content\/uploads\/2023\/07\/VUFreimersheim.jpg\" alt=\"\" class=\"wp-image-53883\" srcset=\"https:\/\/speyer24news.com\/wp-content\/uploads\/2023\/07\/VUFreimersheim.jpg 800w, https:\/\/speyer24news.com\/wp-content\/uploads\/2023\/07\/VUFreimersheim-300x211.jpg 300w, https:\/\/speyer24news.com\/wp-content\/uploads\/2023\/07\/VUFreimersheim-768x540.jpg 768w\" sizes=\"(max-width: 800px) 100vw, 800px\" \/><\/figure><\/div>\n\n\n<p>Ein 38 Jahre alter Fahrer eines Ackerschleppers \u00fcbersah gestern Mittag (17.07.2023, 12.37 Uhr) beim Kreuzen der K38 (aus einem Feldweg kommend) ein 25 Jahre alter Autofahrer, weshalb es zum Zusammensto\u00df kam. Durch die Wucht wurde das Fahrzeug des Mannes in einen Stoppelacker geschleudert, wo es sich mehrfach \u00fcberschlug. Der Mann erlitt hierbei leichte Verletzungen und kam in ein Krankenhaus. An seinem Fahrzeug entstand wirtschaftlicher Totalschaden. Der Gesamtunfallschaden liegt bei 30.000 Euro.<\/p>\n\n\n\n<h2 class=\"wp-block-heading\">(L 514 \/ Sankt Martin) &#8211; Unfall zwischen PKW und Radfahrer<\/h2>\n\n\n\n<p>Am Sonntagmittag (16.07.2023, 16.10 Uhr) befuhr ein 29-j\u00e4hriger Radfahrer die Totenkopfstra\u00dfe (L514) aus Richtung Kalmit kommend in Richtung Sankt Martin. In H\u00f6he der Grillh\u00fctte wollte ein vor ihm fahrenden 37-j\u00e4hriger PKW-Fahrer nach rechts abbiegen. Der Radfahrer wollte in diesem Moment den PKW rechts \u00fcberholen und es kam zum Zusammensto\u00df, wobei der Radfahrer auf den Boden st\u00fcrzte und sich diverse Verletzungen zuzog, die in einem Krankenhaus behandelt werden mussten.<\/p>\n\n\n\n<h2 class=\"wp-block-heading\">(L 516 \/ Neustadt) &#8211; Verkehrsunfall mit schwer verletzter Person<\/h2>\n\n\n<div class=\"wp-block-image\">\n<figure class=\"aligncenter size-full\"><img decoding=\"async\" loading=\"lazy\" width=\"800\" height=\"545\" src=\"https:\/\/speyer24news.com\/wp-content\/uploads\/2023\/07\/presse.jpg\" alt=\"\" class=\"wp-image-53884\" srcset=\"https:\/\/speyer24news.com\/wp-content\/uploads\/2023\/07\/presse.jpg 800w, https:\/\/speyer24news.com\/wp-content\/uploads\/2023\/07\/presse-300x204.jpg 300w, https:\/\/speyer24news.com\/wp-content\/uploads\/2023\/07\/presse-768x523.jpg 768w\" sizes=\"(max-width: 800px) 100vw, 800px\" \/><\/figure><\/div>\n\n\n<p>Am Montag, den 17.07.2023, gg. 10:00 Uhr, kam es auf der L516 Fahrtrichtung Edenkoben H\u00f6he Mittelhambacher Kreuz zu einem Verkehrsunfall, bei dem eine Autofahrerin schwer verletzt wurde. Vermutlich aus gesundheitlichen Gr\u00fcnden kam die Fahrerin von der Fahrbahn ab, geriet in eine Vertiefung im Gr\u00fcnstreifen und \u00fcberschlug sich anschlie\u00dfend mehrfach. Die Fahrerin musste von der Feuerwehr aus dem Fahrzeug mit der Rettungsschere befreit werden und erlitt Schnitt- und R\u00fcckenverletzungen. Sie wurde nach erfolgter Erstversorgung im hiesigen Krankenhaus in eine Spezialklinik verlegt. Die Mittelhambacher Stra\u00dfe war f\u00fcr ca. 30 Minuten gesperrt. Am Fahrzeug entstand Totalschaden.<\/p>\n\n\n\n<h2 class=\"wp-block-heading\">(Maxdorf) &#8211; Einbruchdiebstahl in Erdgeschosswohnung<\/h2>\n\n\n\n<p>Zwischen dem 07.07.2023 (20:00 Uhr) und dem 16.07.2023 (21:45 Uhr) brachen bislang unbekannte T\u00e4ter in die Erdgeschosswohnung eines Mehrfamilienhauses im Westring ein. Die unbekannten T\u00e4ter betraten augenscheinlich das Wohnzimmer sowie die K\u00fcche. Nach jetzigem Stand wurde lediglich eine Speicherkarte entwendet. Der Gesamtschaden wird auf rund 50 Euro gesch\u00e4tzt.<\/p>\n\n\n\n<ul>\n<li><strong>Haben Sie in dem oben genannten Zeitraum verd\u00e4chtige Personen oder Fahrzeuge beobachten k\u00f6nnen?<\/strong><\/li>\n<\/ul>\n\n\n\n<ul>\n<li><strong>Sachdienliche Hinweise nimmt die Kriminalpolizei Ludwigshafen unter der Telefonnummer 0621\/963-2773 oder per E-Mail&nbsp;<a href=\"mailto:%20kiludwigshafen.k1.kdd@polizei.rlp.de\">kiludwigshafen.k1.kdd@polizei.rlp.de<\/a>&nbsp;entgegen.<\/strong><\/li>\n<\/ul>\n\n\n\n<h2 class=\"wp-block-heading\">(Maxdorf \/ Birkenheide) &#8211; Mehrere exhibitionistische Handlungen \/ Zeugen gesucht<\/h2>\n\n\n<div class=\"wp-block-image\">\n<figure class=\"aligncenter size-full\"><img decoding=\"async\" loading=\"lazy\" width=\"500\" height=\"1000\" src=\"https:\/\/speyer24news.com\/wp-content\/uploads\/2022\/10\/Exhibitionist.png\" alt=\"\" class=\"wp-image-49838\" srcset=\"https:\/\/speyer24news.com\/wp-content\/uploads\/2022\/10\/Exhibitionist.png 500w, https:\/\/speyer24news.com\/wp-content\/uploads\/2022\/10\/Exhibitionist-150x300.png 150w\" sizes=\"(max-width: 500px) 100vw, 500px\" \/><\/figure><\/div>\n\n\n<p>Zwischen dem 15.04.2023 und dem 14.07.2023 wurden im Zust\u00e4ndigkeitsbereich der Polizeiwache Maxdorf insgesamt sieben exhibitionistische Handlungen angezeigt. Alle Taten ereigneten sich zwischen 08:00 und 12:00 Uhr auf Feld- oder Waldwegen im Bereich Birkenheide, Maxdorf und Lambsheim. <\/p>\n\n\n\n<ul>\n<li><strong>Der T\u00e4ter, welcher als circa 25 Jahre alt<\/strong><\/li>\n\n\n\n<li><strong>1,75 &#8211; 1,80 Meter gro\u00df<\/strong><\/li>\n\n\n\n<li><strong>schlank <\/strong><\/li>\n\n\n\n<li><strong>und dunkelhaarig <\/strong><\/li>\n\n\n\n<li><strong>mit einem auff\u00e4lligen Ziegenbart beschrieben wurde,<\/strong><\/li>\n<\/ul>\n\n\n\n<p>passte Fu\u00dfg\u00e4ngerinnen ab und manipulierte in ihrer Gegenwart an seinem Glied. Aufgrund der vorhandenen Hinweise k\u00f6nnte ein T\u00e4ter f\u00fcr alle Taten verantwortlich sein.<\/p>\n\n\n\n<h4 class=\"wp-block-heading\">Unten anstehend findet sich eine Auflistung der Tatzeiten und -\u00f6rtlichkeiten:<\/h4>\n\n\n\n<ul>\n<li><strong>15.04.2023; 09:30 Uhr; Maxdorf, im Wald nahe des Wertstoffhofes<\/strong><\/li>\n\n\n\n<li><strong>23.04.2023; 09:15 Uhr; Maxdorf, im Wald nahe des Wertstoffhofes<\/strong><\/li>\n\n\n\n<li><strong>29.04.2023; 10:20 Uhr; Waldgebiet zwischen Maxdorf und Lambsheim<\/strong><\/li>\n\n\n\n<li><strong>07.05.2023; 09:00 Uhr; Maxdorf, Heideweg<\/strong><\/li>\n\n\n\n<li><strong>04.07.2023; 08:15 Uhr; Birkenheide, Kranichweg<\/strong><\/li>\n\n\n\n<li><strong>13.07.2023; 10:15 Uhr; Birkenheide, Waldweg nahe L454<\/strong><\/li>\n\n\n\n<li><strong>14.07.2023; 11:25 Uhr; Birkenheide, Waldweg nord\u00f6stlich des ASV Birkenheide<\/strong><\/li>\n<\/ul>\n\n\n\n<ul>\n<li><strong>Wer kann Hinweise zur Identit\u00e4t des T\u00e4ters geben oder hat eine verd\u00e4chtige Person im Bereich der genannten \u00d6rtlichkeiten festgestellt?<\/strong><\/li>\n<\/ul>\n\n\n\n<ul>\n<li><strong>Sachdienliche Hinweise nimmt die Kriminalpolizei Ludwigshafen unter der Telefonnummer 0621\/963-2773 oder per E-Mail&nbsp;<a href=\"mailto:%20kiludwigshafen.k1.kdd@polizei.rlp.de\">kiludwigshafen.k1.kdd@polizei.rlp.de<\/a>&nbsp;entgegen.<\/strong><\/li>\n<\/ul>\n\n\n\n<h2 class=\"wp-block-heading\">(Frankenthal) &#8211; Vermisstensuche mit Polizeihubschrauber<\/h2>\n\n\n<div class=\"wp-block-image\">\n<figure class=\"aligncenter size-full\"><img decoding=\"async\" loading=\"lazy\" width=\"800\" height=\"600\" src=\"https:\/\/speyer24news.com\/wp-content\/uploads\/2020\/07\/Hubschrauber-bei-Personensuche.jpg\" alt=\"\" class=\"wp-image-29175\" srcset=\"https:\/\/speyer24news.com\/wp-content\/uploads\/2020\/07\/Hubschrauber-bei-Personensuche.jpg 800w, https:\/\/speyer24news.com\/wp-content\/uploads\/2020\/07\/Hubschrauber-bei-Personensuche-300x225.jpg 300w, https:\/\/speyer24news.com\/wp-content\/uploads\/2020\/07\/Hubschrauber-bei-Personensuche-768x576.jpg 768w, https:\/\/speyer24news.com\/wp-content\/uploads\/2020\/07\/Hubschrauber-bei-Personensuche-678x509.jpg 678w, https:\/\/speyer24news.com\/wp-content\/uploads\/2020\/07\/Hubschrauber-bei-Personensuche-326x245.jpg 326w, https:\/\/speyer24news.com\/wp-content\/uploads\/2020\/07\/Hubschrauber-bei-Personensuche-80x60.jpg 80w\" sizes=\"(max-width: 800px) 100vw, 800px\" \/><figcaption class=\"wp-element-caption\">Polizeihubschrauber bei Suchma\u00dfnahme in der Nacht, Bilddient lediglich der Visualisierung<\/figcaption><\/figure><\/div>\n\n\n<p>Am Abend des Montages, den 17.07.2023, wurde ein 84-J\u00e4hriger Bewohner eines Seniorenheimes im Foltzring in Frankenthal durch Mitarbeiter des Heimes als vermisst gemeldet. Da eine Gefahr f\u00fcr Leib oder Leben des Vermissten anzunehmen war, wurde f\u00fcr die Suche unter anderem ein Personensp\u00fcrhund und ein Polizeihubschrauber eingesetzt. Letzterer \u00fcberflog insbesondere die unbebauten Fl\u00e4chen um Frankenthal herum, weshalb dieser auch im Umland deutlich wahrzunehmen war. In den fr\u00fchen Morgenstunden wurde der 84-J\u00e4hrige durch Anwohner im Stadtgebiet Frankenthal festgestellt. Au\u00dfer einer leichten Unterk\u00fchlung und Dehydrierung war er wohlauf. Eine Gefahr f\u00fcr die Bev\u00f6lkerung bestand zu keinem Zeitpunkt.<\/p>\n\n\n\n<h2 class=\"wp-block-heading\">(Frankenthal) &#8211; Verkehrsunfallflucht mit verletztem Kind in der Arnold-B\u00f6cklin-Stra\u00dfe<\/h2>\n\n\n<div class=\"wp-block-image\">\n<figure class=\"aligncenter size-full\"><img decoding=\"async\" loading=\"lazy\" width=\"801\" height=\"600\" src=\"https:\/\/speyer24news.com\/wp-content\/uploads\/2020\/05\/Zeugen-gesucht-Neutral.jpg\" alt=\"\" class=\"wp-image-26598\" srcset=\"https:\/\/speyer24news.com\/wp-content\/uploads\/2020\/05\/Zeugen-gesucht-Neutral.jpg 801w, https:\/\/speyer24news.com\/wp-content\/uploads\/2020\/05\/Zeugen-gesucht-Neutral-300x225.jpg 300w, https:\/\/speyer24news.com\/wp-content\/uploads\/2020\/05\/Zeugen-gesucht-Neutral-768x575.jpg 768w, https:\/\/speyer24news.com\/wp-content\/uploads\/2020\/05\/Zeugen-gesucht-Neutral-678x509.jpg 678w, https:\/\/speyer24news.com\/wp-content\/uploads\/2020\/05\/Zeugen-gesucht-Neutral-326x245.jpg 326w, https:\/\/speyer24news.com\/wp-content\/uploads\/2020\/05\/Zeugen-gesucht-Neutral-80x60.jpg 80w\" sizes=\"(max-width: 801px) 100vw, 801px\" \/><\/figure><\/div>\n\n\n<p>Am Montag, den 17.07.2023, kam es gegen 17:30 Uhr zu einer Verkehrsunfallflucht in der Arnold-B\u00f6cklin-Stra\u00dfe in Frankenthal. Ein 6-J\u00e4hriger befand sich in der als verkehrsberuhigten Bereich gekennzeichneten Stra\u00dfe, als diesen ein namentlich unbekannter Fahrradfahrer vermutlich im Vorbeifahren touchierte. Das Kind kam hierbei zu Fall und zog sich eine Platzwunde am Kopf sowie Sch\u00fcrfwunden zu. Der Fahrradfahrer entfernte sich anschlie\u00dfend von der Unfallstelle, ohne seinen Pflichten als Unfallbeteiligter nachzukommen. <\/p>\n\n\n\n<h4 class=\"wp-block-heading\">Der Fahrradfahrer wurde wie folgt beschrieben: <\/h4>\n\n\n\n<ul>\n<li><strong>m\u00e4nnlich<\/strong><\/li>\n\n\n\n<li><strong>dunkle braune kurze Wanderhose<\/strong><\/li>\n\n\n\n<li><strong>schwarzes T-Shirt<\/strong><\/li>\n\n\n\n<li><strong>gr\u00fcn-braune Baseball Kappe<\/strong><\/li>\n\n\n\n<li><strong>Sandalen<\/strong><\/li>\n\n\n\n<li><strong>3-Tage-Bart<\/strong><\/li>\n\n\n\n<li><strong>schmale Statur<\/strong><\/li>\n\n\n\n<li><strong>etwa 30 bis 40 Jahre alt<\/strong><\/li>\n\n\n\n<li><strong>braune Augen<\/strong><\/li>\n\n\n\n<li><strong>Das Fahrrad sei ein schwarzes Trekkingrad mit 2 dunklen Fahrradtaschen am Gep\u00e4cktr\u00e4ger. Aufgrund der laufenden Ermittlungen sucht die Polizei nach Zeugen des Vorfalls und bittet um Hinweise zur Identit\u00e4t des Fahrradfahrers.<\/strong><\/li>\n<\/ul>\n\n\n\n<ul>\n<li><strong>Zeugen werden gebeten sich an die Polizeiinspektion Frankenthal unter der Tel.-Nr.: 06233\/313-0 oder an die Polizeiwache Maxdorf unter der Tel.-Nr.: 06237\/934-1100 zu wenden. Gerne nehmen wir Ihre Hinweise auch per E-Mail unter&nbsp;<a href=\"mailto:%20pifrankenthal@polizei.rlp.de\">pifrankenthal@polizei.rlp.de<\/a>&nbsp;entgegen.<\/strong><\/li>\n<\/ul>\n\n\n\n<h2 class=\"wp-block-heading\">(Frankenthal) &#8211; Diebstahl einer Geldb\u00f6rse beim Einkaufen<\/h2>\n\n\n<div class=\"wp-block-image\">\n<figure class=\"aligncenter size-full\"><img decoding=\"async\" loading=\"lazy\" width=\"640\" height=\"426\" src=\"https:\/\/speyer24news.com\/wp-content\/uploads\/2020\/12\/Taschendiebstahl.jpg\" alt=\"\" class=\"wp-image-31455\" srcset=\"https:\/\/speyer24news.com\/wp-content\/uploads\/2020\/12\/Taschendiebstahl.jpg 640w, https:\/\/speyer24news.com\/wp-content\/uploads\/2020\/12\/Taschendiebstahl-300x200.jpg 300w\" sizes=\"(max-width: 640px) 100vw, 640px\" \/><figcaption class=\"wp-element-caption\">Beispielbild Diebstahl, dient lediglich der Visualisierung.<\/figcaption><\/figure><\/div>\n\n\n<p>Bereits am 14.07.2023 gegen 14:00 Uhr wurde einer 88-J\u00e4hrigen die Geldb\u00f6rse in einem Ladengesch\u00e4ft in der Wormser Stra\u00dfe entwendet. Diese wurde von einem Mann angesprochen, welcher vermutlich das Ansprechen als Ablenkung nutzte, um die Geldb\u00f6rse an sich zu nehmen. Der Gesamtschaden bewegt sich im hohen zwei- bis niedrigen dreistelligen Bereich. <\/p>\n\n\n\n<h4 class=\"wp-block-heading\">Der T\u00e4ter wurde wie folgt beschrieben: <\/h4>\n\n\n\n<ul>\n<li><strong>Etwa 40 Jahre alt<\/strong><\/li>\n\n\n\n<li><strong>circa 1,60 Meter gro\u00df<\/strong><\/li>\n\n\n\n<li><strong>mittelbraunes Haar <\/strong><\/li>\n\n\n\n<li><strong>und helle Bekleidung. <\/strong><\/li>\n\n\n\n<li><strong>Er habe zudem sehr schlechtes \/ gebrochenes Deutsch gesprochen. <\/strong><\/li>\n\n\n\n<li><strong>Aufgrund der laufenden Ermittlungen sucht die Polizei nach Zeugen des Vorfalls und bittet um Hinweise zur Identit\u00e4t des T\u00e4ters.<\/strong><\/li>\n<\/ul>\n\n\n\n<ul>\n<li><strong>Zeugen werden gebeten sich an die Polizeiinspektion Frankenthal unter der Tel.-Nr.: 06233\/313-0 oder an die Polizeiwache Maxdorf unter der Tel.-Nr.: 06237\/934-1100 zu wenden. Gerne nehmen wir Ihre Hinweise auch per E-Mail unter&nbsp;<a href=\"mailto:%20pifrankenthal@polizei.rlp.de\">pifrankenthal@polizei.rlp.de<\/a>&nbsp;entgegen.<\/strong><\/li>\n<\/ul>\n\n\n\n<h2 class=\"wp-block-heading\">(Frankenthal) &#8211; \u00d6ffentlichkeitsfahndung nach vermisster 15-J\u00e4hriger<\/h2>\n\n\n<div class=\"wp-block-image\">\n<figure class=\"aligncenter size-full\"><img decoding=\"async\" src=\"https:\/\/speyer24news.com\/wp-content\/uploads\/2023\/07\/csm_Foto_Lara_d1c83d9345.png\" alt=\"\" class=\"wp-image-53885\"\/><\/figure><\/div>\n\n\n<p>Seit Donnerstag dem 13.07.2023, um 10:30 Uhr, wird die 15-j\u00e4hrige Lara R. aus Frankenthal (Pfalz) vermisst. Sie wurde zuletzt am 13.07.2023, um ca. 12:30 Uhr, am Hauptbahnhof in Frankenthal gesehen, als sie zusammen mit einem<strong> unbekannten \u00e4lteren Mann, ca. 40-45 Jahre alt, in die S6 in Richtung Mannheim <\/strong>eingestiegen ist. Es ist davon auszugehen, dass sie weiterhin in Begleitung des Mannes ist und sich bei ihm aufh\u00e4lt.<\/p>\n\n\n\n<h4 class=\"wp-block-heading\">Beschreibung der Vermissten:<\/h4>\n\n\n\n<ul>\n<li><strong>Ca. 1,70 m gro\u00df<\/strong><\/li>\n\n\n\n<li><strong>kr\u00e4ftige Figur (ca. 92 Kg)<\/strong><\/li>\n\n\n\n<li><strong>schwarze lange Haare, m\u00f6glicherweise zu einem Zopf gebunden<\/strong><\/li>\n\n\n\n<li><strong>Kleidung: \u00e4rmelloses Kleid mit Leopardenmuster, dunkle Sonnenbrille, kurze wei\u00dfe Socken, rote\/orangefarbene Badelatschen<\/strong><\/li>\n\n\n\n<li><strong>Nike Rucksack<\/strong><\/li>\n<\/ul>\n\n\n\n<p><strong>Wer hat Lara seit Donnerstag gesehen? Wer kann Hinweise zum derzeitigen Aufenthaltsort von Lara geben?<\/strong><\/p>\n\n\n\n<ul>\n<li><strong>Hinweise nimmt die Kriminalpolizei Ludwigshafen unter der Telefonnummer 0621 963-2773, per E-Mail&nbsp;<a href=\"mailto:%20kiludwigshafen.k1.kdd@polizei.rlp.de\">kiludwigshafen.k1.kdd@polizei.rlp.de<\/a>&nbsp;oder jede andere Polizeidienststelle entgegen.<\/strong><\/li>\n<\/ul>\n\n\n\n<h2 class=\"wp-block-heading\">(Frankenthal) &#8211; Verkehrsunfallflucht mit Motorroller und verletztem Kind in der M\u00f6rscher Stra\u00dfe<\/h2>\n\n\n\n<p>Bereits am 04.07.2023 kam es gegen 13:00 Uhr zu einer Verkehrsunfallflucht zwischen einem Motorroller und einem Fahrradfahrer in der M\u00f6rscher Stra\u00dfe in Frankenthal. Das gesch\u00e4digte Kind befuhr mit seinem Fahrrad aus Richtung M\u00f6rsch kommend die M\u00f6rscher Stra\u00dfe. Auf H\u00f6he der Hausnummer 28 \u00fcberholte ein Motorroller derart knapp, dass er das Kind hierbei touchierte. Das Kind kam hierdurch zu Fall und zog sich Sch\u00fcrfwunden an Arm und Knie zu. Der Rollerfahrer oder die Rollerfahrerin entfernte sich, ohne seinen Pflichten als Verkehrsunfallbeteiligter nachzukommen. Aufgrund der laufenden Ermittlungen sucht die Polizei nach Zeugen des Vorfalls und bittet um Hinweise zur <strong>Identit\u00e4t des Rollerfahrers oder der Rollerfahrerin. M\u00f6glicherweise handelt es sich um einen dunklen Roller. Der Helm k\u00f6nnte ebenfalls in dunklen Farben gehalten sein.<\/strong><\/p>\n\n\n\n<ul>\n<li><strong>Zeugen werden gebeten sich an die Polizeiinspektion Frankenthal unter der Tel.-Nr.: 06233\/313-0 oder an die Polizeiwache Maxdorf unter der Tel.-Nr.: 06237\/934-1100 zu wenden. Gerne nehmen wir Ihre Hinweise auch per E-Mail unter&nbsp;<a href=\"mailto:%20pifrankenthal@polizei.rlp.de\">pifrankenthal@polizei.rlp.de<\/a>&nbsp;entgegen.<\/strong><\/li>\n<\/ul>\n\n\n\n<h2 class=\"wp-block-heading\">(Pr\u00e4sidialbereich RheinPfalz) &#8211; F\u00fcr sichere Ferien<a href=\"https:\/\/www.facebook.com\/sharer.php?u=https%3A%2F%2Fwww.presseportal.de%2Fblaulicht%2Fpm%2F117696%2F5561355%2F%3Futm_source%3Dfacebook%26utm_medium%3Dsocial\"><\/a><a href=\"https:\/\/twitter.com\/intent\/tweet?text=POL-PPRP%3A%20F%C3%BCr%20sichere%20Ferien&amp;url=https%3A%2F%2Fwww.presseportal.de%2Fblaulicht%2Fpm%2F117696%2F5561355%2F%3Futm_source%3Dtwitter%26utm_medium%3Dsocial&amp;hashtags=ots&amp;lang=de\"><\/a><a href=\"https:\/\/web.whatsapp.com\/send?text=POL-PPRP%3A%20F%C3%BCr%20sichere%20Ferien%0A%0Ahttps%3A%2F%2Fwww.presseportal.de%2Fblaulicht%2Fpm%2F117696%2F5561355%2F%3Futm_source%3Dwhatsapp%26utm_medium%3Dsocial\"><\/a><a href=\"https:\/\/www.xing.com\/app\/user?op=share;url=https%3A%2F%2Fwww.presseportal.de%2Fblaulicht%2Fpm%2F117696%2F5561355%2F%3Futm_source%3Dxing%26utm_medium%3Dsocial\"><\/a><a href=\"http:\/\/www.linkedin.com\/shareArticle?mini=true&amp;url=https%3A%2F%2Fwww.presseportal.de%2Fblaulicht%2Fpm%2F117696%2F5561355%2F%3Futm_source%3Dlinkedin%26utm_medium%3Dsocial&amp;title=POL-PPRP%3A+F%C3%BCr+sichere+Ferien\"><\/a><a href=\"mailto:?subject=POL-PPRP%3A%20F%C3%BCr%20sichere%20Ferien&amp;body=https:\/\/www.presseportal.de\/blaulicht\/pm\/117696\/5561355\"><\/a><\/h2>\n\n\n<div class=\"wp-block-image\">\n<figure class=\"aligncenter size-full\"><img decoding=\"async\" loading=\"lazy\" width=\"800\" height=\"450\" src=\"https:\/\/speyer24news.com\/wp-content\/uploads\/2023\/07\/FerienpraeventionSommer2023.jpg\" alt=\"\" class=\"wp-image-53886\" srcset=\"https:\/\/speyer24news.com\/wp-content\/uploads\/2023\/07\/FerienpraeventionSommer2023.jpg 800w, https:\/\/speyer24news.com\/wp-content\/uploads\/2023\/07\/FerienpraeventionSommer2023-300x169.jpg 300w, https:\/\/speyer24news.com\/wp-content\/uploads\/2023\/07\/FerienpraeventionSommer2023-768x432.jpg 768w, https:\/\/speyer24news.com\/wp-content\/uploads\/2023\/07\/FerienpraeventionSommer2023-678x381.jpg 678w\" sizes=\"(max-width: 800px) 100vw, 800px\" \/><\/figure><\/div>\n\n\n<p>In Rheinland-Pfalz stehen die Sommerferien vor der T\u00fcr. Egal ob Sie verreisen oder zu Hause die Ferien genie\u00dfen, insbesondere bei Freizeitaktivit\u00e4ten profitieren Diebe von arglosem und unvorsichtigem Verhalten. <\/p>\n\n\n\n<h4 class=\"wp-block-heading\">Beachten Sie daher die Tipps Ihrer Polizei, um sich vor Dieben zu sch\u00fctzen:<\/h4>\n\n\n\n<ul>\n<li><strong>Tragen Sie Wertsachen immer eng am K\u00f6rper, am besten verteilt und in innenliegenden Taschen!<\/strong><\/li>\n\n\n\n<li><strong>Halten Sie Ihre Wertsachen fest, wenn Sie angerempelt oder angesprochen werden!<\/strong><\/li>\n\n\n\n<li><strong>Nehmen Sie nur notwendige Wertsachen und Dokumente mit!<\/strong><\/li>\n\n\n\n<li><strong>Verschlie\u00dfen Sie Ihr Fahrzeug sorgf\u00e4ltig. Verschlie\u00dfen Sie auch alle Scheiben.<\/strong><\/li>\n\n\n\n<li><strong>Lassen Sie keine Wertsachen im Fahrzeug zur\u00fcck!<\/strong><\/li>\n\n\n\n<li><strong>Im Schwimmbad, am Badesee und am Strand sollten Sie m\u00f6glichst keine Wertsachen mitnehmen.<\/strong><\/li>\n\n\n\n<li><strong>Deponieren Sie Wertsachen, wenn vorhanden, in Schlie\u00dff\u00e4chern!<\/strong><\/li>\n\n\n\n<li><strong>Kopieren oder digitalisieren Sie Dokumente, wie P\u00e4sse vor dem Urlaub, um diese bei einem Verlust besser ersetzen zu k\u00f6nnen!<\/strong><\/li>\n\n\n\n<li><strong>Wenn Sie Ihre Bank- oder Kreditkarte verlieren oder diese gestohlen wurde, lassen Sie sie umgehend sperren. Die Sperrhotline 116 116 ist mit der deutschen L\u00e4ndervorwahl 0049 auch aus den meisten L\u00e4ndern erreichbar!<\/strong><\/li>\n\n\n\n<li><strong>Notieren Sie sich bei Auslandsreisen wichtige Telefonnummern, wie regionale Notrufnummern von Polizei und Rettungsdienst, f\u00fcr den Notfall!<\/strong><\/li>\n<\/ul>\n\n\n\n<h2 class=\"wp-block-heading\">(Ludwigshafen) &#8211; Mehrere Verst\u00f6\u00dfe bei Rollerkontrollen<\/h2>\n\n\n\n<p>In der Nacht auf Montag (17.07.2023) kontrollierten Polizeikr\u00e4fte gegen 23:00 Uhr in der B\u00fcrgermeister-Trupp-Stra\u00dfe den 24-j\u00e4hrigen Fahrer eines Rollers. Der Mann war zuvor aufgefallen, da an seinem Roller kein Versicherungskennzeichen angebracht war und sein Sozius keinen Helm trug. Bei der Kontrolle stellte sich heraus, dass der Roller nicht versichert ist und der 24-J\u00e4hrige nicht \u00fcber die n\u00f6tige Fahrerlaubnis verf\u00fcgt. Gegen ihn wurden Strafverfahren wegen des Verdachts des Versto\u00dfes gegen das Pflichtversicherungsgesetz und des Fahrens ohne Fahrerlaubnis eingeleitet. Gegen den 23-j\u00e4hrigen Sozius wurde ein Ordnungswidrigkeitenverfahren wegen Versto\u00dfes gegen die Helmpflicht eingeleitet.<\/p>\n\n\n\n<p>Gegen 01:40 Uhr wurde ein 19-j\u00e4hriger Fahrer eines E-Scooters in der Rohrlachstra\u00dfe kontrolliert. Im Zuge der Kontrolle r\u00e4umte der Teenager den Konsum von Cannabis ein. Er wurde zur Dienststelle gebracht, wo ihm eine Blutprobe entnommen wurde. Der Einfluss von Alkohol oder anderen berauschenden Mitteln stellt eine Hauptunfallursache dar. Wer berauscht f\u00e4hrt, gef\u00e4hrdet nicht nur sich, sondern auch Andere. Gegen den unter Drogeneinfluss stehenden Fahrer wurde ein Ordnungswidrigkeitenverfahren eingeleitet.<\/p>\n\n\n\n<h2 class=\"wp-block-heading\">(Ludwigshafen) &#8211; Unf\u00e4lle mit E-Scootern \/ Verhaltenshinweise<\/h2>\n\n\n\n<p>Am Montag kam es in Ludwigshafen zu zwei Verkehrsunf\u00e4llen mit E-Scootern. In beiden F\u00e4llen fuhren verbotswidrig Mitfahrerinnen auf den E-Scootern mit. Insgesamt vier Personen wurden bei den Unf\u00e4llen verletzt.<\/p>\n\n\n\n<p>Eine 15-J\u00e4hrige und eine 16-J\u00e4hrige befuhren am 17.07.2023, gegen 11:30 Uhr, gemeinsam mit einem Elektroroller die Stra\u00dfe &#8222;Am Hofgut&#8220; in Fahrtrichtung Drachenfelsstra\u00dfe. Beim Abbremsen verlor die 16-j\u00e4hrige Fahrerin die Kontrolle \u00fcber den Roller, wodurch die beiden st\u00fcrzten. Beide wurden durch den Sturz leicht verletzt. Die 15-j\u00e4hrige Mitfahrerin wurde durch den hinzugezogenen Rettungsdienst in ein Krankenhaus gebracht.<\/p>\n\n\n\n<p>Am Abend des 17.07.2023, gegen 20:30 Uhr, kam es zu einem weiteren Unfall. Eine 16-J\u00e4hrige fuhr mit einem E-Scooter auf der Bauernwiesenstra\u00dfe und transportierte verbotswidrig ihre 8-j\u00e4hrige Schwester. An der Kreuzung zur Teichgasse missachtete die E-Scooter-Fahrerin die Vorfahrt eines Autos, so dass es zum Zusammensto\u00df kam. Beide Schwestern st\u00fcrzten durch den Zusammensto\u00df und verletzten sich leicht. Die 8-J\u00e4hrige wurde zur Untersuchung vom Rettungsdienst in ein Krankenhaus gebracht. Durch den Unfall entstand zudem ein Schaden in H\u00f6he von rund 300 Euro.<\/p>\n\n\n\n<p>E-Scooter sind gerade in St\u00e4dten ein beliebtes Fortbewegungsmittel. Viele kennen die Regeln zur Nutzung eines E-Scooters jedoch nicht. <\/p>\n\n\n\n<h4 class=\"wp-block-heading\">Beachten Sie daher die Hinweise Ihrer Polizei f\u00fcr eine sichere Fahrt mit dem E-Scooter:<\/h4>\n\n\n\n<ul>\n<li><strong>Fahrer m\u00fcssen mindestens 14 Jahre alt sein. Ein F\u00fchrerschein ist nicht erforderlich. Allerdings sollten Einsteiger das Fahren mit dem E-Scooter an einem Ort mit wenig oder keinem Stra\u00dfenverkehr \u00fcben.<\/strong><\/li>\n\n\n\n<li><strong>Ein E-Scooter darf bauartbedingt nur 20 Stundenkilometer schnell fahren.<\/strong><\/li>\n\n\n\n<li><strong>F\u00fcr den E-Scooter muss eine g\u00fcltige Betriebserlaubnis vorliegen. Eine Haftpflicht sowie ein Versicherungskennzeichen sind Pflicht.<\/strong><\/li>\n\n\n\n<li><strong>E-Scooter sind nur f\u00fcr eine Person ausgelegt. Die Mitnahme von Personen ist daher verboten.<\/strong><\/li>\n\n\n\n<li><strong>E-Scooter m\u00fcssen einen Radweg, einen Schutzstreifen oder einen Radfahrstreifen benutzen, wenn dieser vorhanden ist. Ansonsten m\u00fcssen<\/strong> <strong>sie auf die Stra\u00dfe ausweichen. Gehwege und Fu\u00dfg\u00e4ngerzonen sind tabu!<\/strong><\/li>\n\n\n\n<li><strong>W\u00e4hrend der Fahrt mit einem E-Scooter ist die Benutzung eines Smartphones verboten.<\/strong><\/li>\n\n\n\n<li><strong>Beim Thema Alkohol gelten die gleichen Grenzwerte wie beim Autofahren. Es darf nicht unter Drogeneinfluss gefahren werden.<\/strong><\/li>\n<\/ul>\n\n\n\n<h4 class=\"wp-block-heading\">Bitte beachten Sie die Regeln, damit alle sicher an ihrem Ziel ankommen. Weitere Informationen zum Thema finden Sie hier: <a href=\"https:\/\/bmdv.bund.de\/SharedDocs\/DE\/Artikel\/StV\/Strassenverkehr\/elektrokleinstfahrzeuge-verordnung-faq.html\" title=\"\">BMDV &#8211; Elektrokleinstfahrzeuge &#8211; Fragen und Antworten (bund.de)<\/a><\/h4>\n\n\n\n<h2 class=\"wp-block-heading\">(B 9 \/ Ludwigshafen) &#8211; Drei Verletzte und hoher Sachschaden \/ Verkehrsunfall auf der B9<\/h2>\n\n\n\n<p>Ein schwerer Verkehrsunfall ereignete sich am Montagnachmittag (17.07.2023) auf der B9 bei Ludwigshafen. Ein 56-j\u00e4hriger LKW-Fahrer war gegen 15:40 Uhr auf der B9 in Richtung Speyer unterwegs, als er in H\u00f6he des Oggersheimer Kreuzes aus bisher ungekl\u00e4rter Ursache auf ein vor ihm im Stau stehendes Auto auffuhr. Durch die Wucht des Aufpralls wurde das Auto gegen die Leitplanke geschleudert, der ebenfalls 56-j\u00e4hrige Insasse wurde im Fahrzeug eingeklemmt. Der LKW fuhr in Folge dem n\u00e4chsten stehenden Fahrzeug auf und schob es auf ein weiteres Auto. Der 56-j\u00e4hrige eingeklemmte Autofahrer musste durch die Feuerwehr aus dem Fahrzeug geborgen werden. Er wurde mit schweren Verletzungen mit dem Rettungshubschrauber in eine Klinik gebracht. Die 58- und 59-j\u00e4hrigen Insassen der beiden weiteren beteiligten Autos wurden leicht verletzt und durch den Rettungsdienst in ein Krankenhaus gebracht. Der LKW-Fahrer blieb unverletzt. Es entstand ein Sachschaden von rund 70.000 Euro. F\u00fcr den Zeitraum der Unfallaufnahme musste das betroffene Teilst\u00fcck der B9 in Fahrtrichtung Speyer f\u00fcr ungef\u00e4hr drei Stunden vollgesperrt werden, was zu erheblichen Verkehrsbeeintr\u00e4chtigungen f\u00fchrte.<\/p>\n\n\n\n<h2 class=\"wp-block-heading\">(Ludwigshafen) &#8211; Verkehrsunfall mit Personenschaden<\/h2>\n\n\n\n<p>Montagmittag (17.07.2023), gegen 12:00 Uhr, \u00fcbersah eine 51-J\u00e4hrige mit ihrem Auto beim Fahrstreifenwechsel auf der Bruchwiesenstra\u00dfe eine 33-j\u00e4hrige Rollerfahrerin. Durch den Zusammensto\u00df wurde die 33-j\u00e4hrige Rollerfahrerin auf die Motorhaube des Autos gedr\u00fcckt und fiel anschlie\u00dfend zu Boden. Hierdurch wurde sie leicht verletzt und musste zur weiteren Abkl\u00e4rung in ein Krankenhaus gebracht werden. Der Sachschaden an den beiden Fahrzeugen wird insgesamt auf ca. 6.500 Euro gesch\u00e4tzt.<\/p>\n\n\n\n<h2 class=\"wp-block-heading\">(Ludwigshafen) &#8211; Verkehrsunfall mit Linienbus und hohem Sachschaden<\/h2>\n\n\n\n<p>Am 17.07.2023, gegen 10:30 Uhr, fuhr eine 82-j\u00e4hrige Autofahrerin auf der Pasadenaallee in Richtung Hauptbahnhof. Gleichzeitig befuhr ein mit ca. 30 Fahrg\u00e4sten besetzter Linienbus die Pasadenaallee in Richtung Heinigstra\u00dfe. Die 82-j\u00e4hrige Fahrerin achtete nicht auf den bevorrechtigten Gegenverkehr. Es kam zum Zusammensto\u00df. Verletzt wurde hierbei niemand.<\/p>\n\n\n\n<p>An den Fahrzeugen entstand insgesamt ein Sachschaden von rund 8.000 Euro.<\/p>\n\n\n\n<h2 class=\"wp-block-heading\">(Ludwigshafen) &#8211; Verkehrsunfall mit zwei Leichtverletzen<\/h2>\n\n\n\n<p>Am Morgen des 17.07.2023, gegen 07:30 Uhr, befuhr ein 31-J\u00e4hriger mit seinem Fahrrad und eine 18-J\u00e4hrige mit ihrem Elektroroller die Bruchwiesenstra\u00dfe in entgegengesetzter Richtung. Der 31-J\u00e4hrige und die 18-J\u00e4hrige, die gemeinsam den Radweg nutzten, fuhren hierbei frontal aufeinander auf. Hierbei stie\u00dfen die beiden mit den K\u00f6pfen zusammen, wodurch sie das Gleichgewicht verloren und st\u00fcrzten. Beide wurden leicht verletzt durch den Rettungsdienst in ein Krankenhaus gebracht.<\/p>\n\n\n\n<h2 class=\"wp-block-heading\">(Ludwigshafen) &#8211; Versuchter Einbruch in Caf\u00e9 \/ Zeugen gesucht<\/h2>\n\n\n\n<p>In der Nacht auf Montag (17.07.2023), vermutlich gegen 02:00 Uhr, versuchten bislang Unbekannte in ein Caf\u00e9 am Ludwigplatz einzubrechen. Durch den Einbruchversuch entstand ein Sachschaden in H\u00f6he von circa 1.000 Euro.<\/p>\n\n\n\n<ul>\n<li><strong>Wer hat die Tat beobachtet oder im Tatzeitraum im Bereich des Ludwigplatzes verd\u00e4chtige Personen wahrgenommen?<\/strong><\/li>\n<\/ul>\n\n\n\n<ul>\n<li><strong>Sachdienliche Hinweise nimmt die Kriminalpolizei Ludwigshafen unter der Telefonnummer 0621\/963-2773 oder per E-Mail&nbsp;<a href=\"mailto:%20kiludwigshafen.k1.kdd@polizei.rlp.de\">kiludwigshafen.k1.kdd@polizei.rlp.de<\/a>&nbsp;entgegen.<\/strong><\/li>\n<\/ul>\n\n\n\n<h2 class=\"wp-block-heading\">(Ludwigshafen) &#8211; Streitigkeiten f\u00fchrten zu Polizeieinsatz<\/h2>\n\n\n\n<p>In der Nacht zum 17.07.2023, gegen 00:40 Uhr, wurde der Polizei per Notruf eine Auseinandersetzung zwischen vier Personen vor einer Gastst\u00e4tte in der Ludwigsstra\u00dfe gemeldet. Vor Ort konnten die alarmierten Polizeikr\u00e4fte einen 36-J\u00e4hrigen antreffen, der angab dass er von mehreren Personen geschlagen und getreten wurde. Der 36-J\u00e4hrige hatte zuvor in der Gastst\u00e4tte ein Hausverbot ausgesprochen bekommen, da er dort Drogen konsumieren wollte. Er kam jedoch nochmal zur\u00fcck, da er seine Hausschl\u00fcssel verloren hatte. Die Gastst\u00e4ttenbetreiberin hatte ihren 16-j\u00e4hrigen Sohn zur Hilfe gerufen. Der Sohn verst\u00e4ndigte wiederum zwei Freunde im Alter von 14- und 16-Jahren. Zusammen griffen sie dann den 36-J\u00e4hrigen an, als er zur Gastst\u00e4tte zur\u00fcck kehrte. Die T\u00e4ter fl\u00fcchteten zu Fu\u00df nach der Tat. Polizeibeamte konnten die Angreifer in der N\u00e4he kontrollieren. Der 36-J\u00e4hrige wurde durch den Angriff leicht verletzt. Ein Krankenwagen brachte ihn in ein Krankenhaus. In der Gastst\u00e4tte konnte eine geringe Menge Kokain sichergestellt werden, welche dem 36-J\u00e4hrigen geh\u00f6ren soll. Gegen ihn wird wegen des Verdachtes eines Versto\u00dfes gegen das Bet\u00e4ubungsmittelgesetz ermittelt. Die jugendlichen Angreifer wurden an ihre erziehungsberechtigen \u00fcberstellt. Gegen sie wird wegen gef\u00e4hrlicher K\u00f6rperverletzung ermittelt.<\/p>\n\n\n\n<h2 class=\"wp-block-heading\">(Ludwigshafen) &#8211; Gleich zwei Auseinandersetzungen&#8230;<\/h2>\n\n\n\n<p>.. gab es am 16.07.2023 zwischen 19:25 Uhr und 20:00 Uhr auf einem Kinderspielplatz in der B\u00fcrgermeister-Kutterer-Stra\u00dfe. \u00dcber Notruf wurde der Polizei gegen 19:25 Uhr eine K\u00f6rperverletzung gemeldet. Die \u00d6rtlichkeit wurde deshalb durch mehrere Polizeikr\u00e4fte angefahren. Die Situation war trotz gut besuchtem Spielplatz ruhig. Nach kurzer Zeit meldete sich ein 13-J\u00e4hriger welcher angab, von vier jungen M\u00e4nnern beschuldigten worden zu sein, eine Tiefgarage in der Dammstra\u00dfe verunreinigt zu haben, was er nicht noch einmal machen solle. Drei der jungen M\u00e4nner im Alter von 17, 19 und 17 Jahren schlugen ihm anschlie\u00dfend nacheinander mit der flachen Hand ins Gesicht. Der 13-J\u00e4hrige wurde nach Kl\u00e4rung des Sachverhalts seiner Mutter \u00fcbergeben. Die M\u00e4nner, die zuvor einer Personenkontrolle unterzogen wurden, erhielten einen Platzverweis.<\/p>\n\n\n\n<p>Noch bevor die M\u00e4nner dem Platzverweis nachkommen konnten, erschien die 46-j\u00e4hrige Mutter einer 10-J\u00e4hrigen an der \u00d6rtlichkeit, riss die Beifahrert\u00fcr des Autos der vier jungen M\u00e4nner auf und beschuldigte diese lautstark, ihre Tochter verbal angegangen zu haben. Um eine k\u00f6rperliche Auseinandersetzung zu verhindern, mussten Polizeikr\u00e4fte die Mutter gleich zwei Mal vom Auto entfernen, hierbei fiel die Frau zu Boden und verletzte sich leicht. Die 10-J\u00e4hrige gab an, mit einem der M\u00e4nner in ein Streitgespr\u00e4ch geraten zu sein, woraufhin sie weinend zur ihrer Mutter ging. Da sich die Mutter kaum beruhigen lie\u00df, wurde ihr auch ein Platzverweis erteilt.<\/p>\n\n\n\n<h2 class=\"wp-block-heading\">(Ludwigshafen) &#8211; Br\u00e4nde im Stadtgebiet \/ Zeugen gesucht<\/h2>\n\n\n\n<p>Am Sonntagabend (16.07.2023) meldeten Zeugen gegen 19:30 Uhr in kurzen Abst\u00e4nden zwei Br\u00e4nde im Bereich der Oppauer Stra\u00dfe. Zun\u00e4chst entdeckten Passanten ein brennendes Taschentuch in einem Geb\u00fcsch im Bereich des dortigen Sportplatzes. Dieses wurde durch die Passanten ausgetreten, bevor es sich ausbreiten konnte. Ein weiterer Brand in unmittelbarer N\u00e4he, im Bereich des dortigen Supermarktes, weitete sich auf einen Bereich von circa zehn Quadratmetern aus und musste durch die Feuerwehr gel\u00f6scht werden. Nach derzeitigem Ermittlungsstand ist von einer vors\u00e4tzlichen Inbrandsetzung auszugehen. <\/p>\n\n\n\n<ul>\n<li><strong>Zeugen hatten zuvor drei circa 6-7 Jahre alte Kinder beobachtet, welche sich am Brandort aufhielten und auf Ansprache davonliefen.<\/strong><\/li>\n\n\n\n<li><strong>Wer war zur Ereigniszeit im Bereich der Oppauer Stra\u00dfe \/ Bannwasserstra\u00dfe unterwegs und kann Hinweise auf die Brandursache geben?<\/strong><\/li>\n<\/ul>\n\n\n\n<ul>\n<li><strong>Sachdienliche Hinweise bitte an die Polizeiinspektion Ludwigshafen 1, Telefonnummer 0621 963-2122 oder per E-Mail&nbsp;<a href=\"mailto:%20piludwigshafen1@polizei.rlp.de\">piludwigshafen1@polizei.rlp.de<\/a>&nbsp;.<\/strong><\/li>\n<\/ul>\n\n\n\n<h2 class=\"wp-block-heading\">(Ludwigshafen) &#8211; Auseinandersetzung<\/h2>\n\n\n\n<p>Am 16.07.2023, gegen 05:30 Uhr, meldeten Zeugen eine Schl\u00e4gerei zwischen mehreren Jugendlichen am Berliner Platz. Einige T\u00e4ter w\u00e4ren bereits in Richtung Rhein gefl\u00fcchtet. Die alarmierten Polizeikr\u00e4fte konnten drei Heranwachsende im Alter von 18 (2x) und 19 Jahren verfolgen und kontrollieren.<\/p>\n\n\n\n<p>Die T\u00e4ter sollen zuvor eine 22-J\u00e4hrige nach Drogen gefragt haben, als sie dies verneinte, kam es zum Streitgespr\u00e4ch. Im sp\u00e4teren Verlauf wurde die 22-J\u00e4hrige durch die T\u00e4ter und das Wegtreten der Beine zu Boden gebracht und auf sie eingetreten. Die 22-J\u00e4hrige wurde leicht verletzt.<\/p>\n\n\n\n<p>Bei der Kontrolle der T\u00e4ter konnten die Polizeikr\u00e4fte bei einem 18- und beim 19-J\u00e4hrigen eine geringe Menge Marihuana sicherstellen. Die Angreifer erhielten einen Platzverweis und m\u00fcssen sich nun wegen gef\u00e4hrlicher K\u00f6rperverletzung und zwei von ihnen wegen des Versto\u00dfes gegen das Bet\u00e4ubungsmittelgesetz verantworten.<\/p>\n\n\n\n<h2 class=\"wp-block-heading\">(Ludwigshafen) &#8211; Erpressung nach &#8222;Sex-Chat&#8220;<\/h2>\n\n\n<div class=\"wp-block-image\">\n<figure class=\"aligncenter size-full\"><img decoding=\"async\" loading=\"lazy\" width=\"800\" height=\"600\" src=\"https:\/\/speyer24news.com\/wp-content\/uploads\/2021\/04\/Sextortion.jpg\" alt=\"\" class=\"wp-image-35258\" srcset=\"https:\/\/speyer24news.com\/wp-content\/uploads\/2021\/04\/Sextortion.jpg 800w, https:\/\/speyer24news.com\/wp-content\/uploads\/2021\/04\/Sextortion-300x225.jpg 300w, https:\/\/speyer24news.com\/wp-content\/uploads\/2021\/04\/Sextortion-768x576.jpg 768w, https:\/\/speyer24news.com\/wp-content\/uploads\/2021\/04\/Sextortion-678x509.jpg 678w, https:\/\/speyer24news.com\/wp-content\/uploads\/2021\/04\/Sextortion-326x245.jpg 326w, https:\/\/speyer24news.com\/wp-content\/uploads\/2021\/04\/Sextortion-80x60.jpg 80w\" sizes=\"(max-width: 800px) 100vw, 800px\" \/><\/figure><\/div>\n\n\n<p>Ein 40-j\u00e4hriger Ludwigshafener lernte \u00fcber Facebook eine Frau kennen. Beide chatteten miteinander. Vor einigen Tagen zeigte sich die Frau dem 40-J\u00e4hrigen nackt in einem Videochat und forderte ihn in der Folge auch auf sich nackt zu zeigen. Die Unbekannte filmte den Videochat ab und forderte 1.000 Euro von dem 40-J\u00e4hrigen. Dieser ging nicht auf die Forderung ein und erstattete Anzeige bei der Polizei.<\/p>\n\n\n\n<h4 class=\"wp-block-heading\">Beachten Sie die Tipps Ihrer Polizei, um sich vor &#8222;sexueller Erpressung&#8220; zu sch\u00fctzen:<\/h4>\n\n\n\n<ul>\n<li><strong>Nehmen Sie keine Freundschaftsanfragen von fremden Personen an.<\/strong><\/li>\n\n\n\n<li><strong>Pr\u00fcfen Sie regelm\u00e4\u00dfig Ihre Account- und Privatsph\u00e4reeinstellungen.<\/strong><\/li>\n\n\n\n<li><strong>Seien Sie zur\u00fcckhaltend mit der Ver\u00f6ffentlichung pers\u00f6nlicher Daten wie Anschrift, Geburtsdatum oder Arbeitgeber.<\/strong><\/li>\n\n\n\n<li><strong>Stimmen Sie nicht vorschnell einem Videochat zu.<\/strong><\/li>\n\n\n\n<li><strong>Im Zweifel: kleben Sie die Chatkamera zun\u00e4chst ab, um lediglich verbal zu kommunizieren und das Geschehen zu beobachten.<\/strong><\/li>\n\n\n\n<li><strong>Stimmen Sie keinen Entbl\u00f6\u00dfungen oder intimen Handlungen in Videochats zu, wenn Sie die Person erst seit kurzem kennen.<\/strong><\/li>\n\n\n\n<li><strong>Halten Sie Betriebs- sowie Virenschutzsysteme auf Ihren online-genutzten Endger\u00e4ten wie Smartphone, Laptop, Tablet oder Computer immer auf dem aktuellen Stand, um sich vor Schadsoftware, sogenannter Malware, zu sch\u00fctzen. Es gibt Malware, die Ihre Webcam problemlos aktiviert und Sie damit jederzeit filmen kann.<\/strong><\/li>\n<\/ul>\n\n\n\n<h4 class=\"wp-block-heading\">Falls Sie bereits erpresst werden:<\/h4>\n\n\n\n<ul>\n<li><strong>\u00dcberweisen Sie kein Geld. Die Erpressung h\u00f6rt nach der Zahlung meist nicht auf.<\/strong><\/li>\n\n\n\n<li><strong>Erstatten Sie Anzeige bei der Polizei.<\/strong><\/li>\n\n\n\n<li><strong>Kontaktieren Sie den Betreiber der Seite und veranlassen Sie, dass das Bildmaterial gel\u00f6scht wird. Nicht angemessene Inhalte kann man dem Seitenbetreiber \u00fcber eigens hierf\u00fcr eingerichtete Buttons melden.<\/strong><\/li>\n\n\n\n<li><strong>Brechen Sie den Kontakt zu der anonymen Person sofort ab, reagieren Sie nicht auf Nachrichten.<\/strong><\/li>\n\n\n\n<li><strong>Sichern Sie die Chatverl\u00e4ufe und Nachrichten mittels Screenshot.<\/strong><\/li>\n<\/ul>\n\n\n\n<h4 class=\"wp-block-heading\">Weitere Informationen zu dem Thema erhalten Sie unter:&nbsp;<a href=\"https:\/\/www.polizei-beratung.de\/\" target=\"_blank\" rel=\"noreferrer noopener\">www.polizei-beratung.de<\/a><\/h4>\n\n\n\n<h2 class=\"wp-block-heading\">(Mannheim) &#8211; Wieder Verkehrstraining f\u00fcr &#8222;\u00c4ltere&#8220; in der Jugendverkehrsschule<\/h2>\n\n\n<div class=\"wp-block-image\">\n<figure class=\"aligncenter size-full\"><img decoding=\"async\" loading=\"lazy\" width=\"800\" height=\"440\" src=\"https:\/\/speyer24news.com\/wp-content\/uploads\/2023\/07\/Seniorenfahrschule.jpg\" alt=\"\" class=\"wp-image-53891\" srcset=\"https:\/\/speyer24news.com\/wp-content\/uploads\/2023\/07\/Seniorenfahrschule.jpg 800w, https:\/\/speyer24news.com\/wp-content\/uploads\/2023\/07\/Seniorenfahrschule-300x165.jpg 300w, https:\/\/speyer24news.com\/wp-content\/uploads\/2023\/07\/Seniorenfahrschule-768x422.jpg 768w\" sizes=\"(max-width: 800px) 100vw, 800px\" \/><\/figure><\/div>\n\n\n<p>Schon traditionell ist das Angebot der Verkehrspr\u00e4vention des Polizeipr\u00e4sidiums Mannheim, welches sich an Kraftfahrerinnen und Kraftfahrer ab 70 Jahren richtet. Dabei handelt es sich um ein Programm der <strong>Verkehrspr\u00e4vention Mannheim<\/strong> in Kooperation mit der <strong>Kreisverkehrswacht Mannheim e.V.<\/strong>, welches sich an Kraftfahrerinnen und Kraftfahrer \u00fcber 70 Jahren richtet und auf dem Gel\u00e4nde der Jugendverkehrsschule Mannheim stattfindet.<\/p>\n\n\n\n<p>In dieser Veranstaltung (Dauer etwa 3 Stunden) erl\u00e4utert die Polizei die Themenbereiche &#8222;Der \u00e4ltere Kraftfahrer&#8220; sowie &#8222;Wichtige Bestimmungen der Stra\u00dfenverkehrsordnung und Stra\u00dfenverkehrs &#8211; Zulassungsordnung&#8220; und bietet den Teilnehmern die M\u00f6glichkeit zum intensiven Erfahrungsaustausch. Der Schwerpunkt dieser Veranstaltung liegt allerdings auf den fahrpraktischen \u00dcbungen. Voraussetzung f\u00fcr die Teilnahme ist daher, dass die Teilnehmer im Besitz einer g\u00fcltigen Fahrerlaubnis sind und den eigenen Pkw mitbringen.<\/p>\n\n\n\n<h4 class=\"wp-block-heading\">Termine sind:<\/h4>\n\n\n\n<ul>\n<li><strong>Freitag, 28.07.2023 von 09.00 &#8211; 12.00 Uhr,<\/strong><\/li>\n\n\n\n<li><strong>Freitag, 04.08.2023 von 09.00 &#8211; 12.00 Uhr,<\/strong><\/li>\n\n\n\n<li><strong>Freitag, 11.08.2023 von 09.00 &#8211; 12.00 Uhr,<\/strong><\/li>\n\n\n\n<li><strong>Freitag, 18.08.2023 von 09.00 &#8211; 12.00 Uhr<\/strong><\/li>\n<\/ul>\n\n\n\n<p>Veranstaltungsort ist die Jugendverkehrsschule in Mannheim-K\u00e4fertal, Oskar-von-Miller-Str. 5.<\/p>\n\n\n\n<p>Jeder Teilnehmer erh\u00e4lt eine Teilnahmeurkunde.<\/p>\n\n\n\n<p>Die Veranstaltungen sind kostenlos.<\/p>\n\n\n\n<p><strong><em>Da die Teilnehmerzahl begrenzt ist, sollten sich interessierte Kraftfahrer schnellstm\u00f6glich bei der &#8222;Verkehrspr\u00e4vention&#8220; des Polizeipr\u00e4sidiums Mannheim, Telefon 0621\/41 57 00, anmelden.<\/em><\/strong><\/p>\n\n\n\n<h2 class=\"wp-block-heading\">(Mannheim) &#8211; Briefkasten auf Schulhof aufgebrochen<\/h2>\n\n\n\n<p>Irgendwann im Zeitraum von Freitagabend bis Montagfr\u00fch gelangte eine bislang unbekannte T\u00e4terschaft unbefugt auf das Gel\u00e4nde einer Schule in der Kiesteichstra\u00dfe in Neckarau. Dort brach sie einen Briefkasten auf und entwendete die darin befindliche Post. Warum die T\u00e4terschaft ausgerechnet Briefe stahl, ist Gegenstand der eingeleiteten Ermittlungen wegen des besonders schweren Falls des Diebstahls sowie der Verletzung des Briefgeheimnisses.<\/p>\n\n\n\n<h2 class=\"wp-block-heading\">(Mannheim) &#8211; Wiederholt Diebst\u00e4hle von fest eingebauten Navigationssystemen<\/h2>\n\n\n\n<p>Zu gleich mehreren besonders schweren F\u00e4llen von Diebstahl kam es im Stadtgebiet Mannheim in der Nacht von Sonntag auf Montag, in der Zeit von 20 Uhr bis 07 Uhr. Zum einen schlugen in Feudenheim, in der Schwanenstra\u00dfe ein oder mehrere bislang unbekannte T\u00e4ter die Scheibe eines BMW ein. Aus diesem entwendeten sie das fest eingebaute Navigationssystem, sowie das Lenkrad inclusive Airbag. In Neuostheim, in der Laiblstra\u00dfe schlug eine unbekannte T\u00e4terschaft ebenfalls eine Scheibe ein und bauten das fest eingebaute Navigationssystem aus. Das Lenkrad blieb unber\u00fchrt. In der Nacht von Montag auf Dienstag, in der Zeit von 20:30 Uhr bis 06 Uhr, kam es in Sandhofen und in der Ballonstra\u00dfe zu zwei weiteren besonders schweren F\u00e4llen von Diebst\u00e4hlen von Navigationsger\u00e4ten aus Pkws der Marke BMW. Auch hier wurden wieder die Scheiben eingeschlagen, umso ins Fahrzeuginnere zu gelangen und unter anderem das Navigationssystem, den Bordcomputer und weiteres Zubeh\u00f6r auszubauen und zu entwenden.<\/p>\n\n\n\n<p>Der Sachschaden in allen F\u00e4llen bel\u00e4uft sich auf mehrere tausend Euro im f\u00fcnfstelligen Bereich.<\/p>\n\n\n\n<p>In allen F\u00e4llen wurden die Spezialisten der Kriminaltechnik zur Spurensicherung herangezogen. Die Kriminalpolizei hat die Ermittlungen aufgenommen.<\/p>\n\n\n\n<ul>\n<li><strong>Zeugen, die Angaben zu den Taten machen k\u00f6nnen, werden gebeten, sich unter dem Hinweistelefon der Kriminalpolizei, Tel.: 0621\/174-4444 zu melden.<\/strong><\/li>\n<\/ul>\n\n\n\n<h2 class=\"wp-block-heading\">(Mannheim) &#8211; Polizei ermittelt Dieb \u00fcber Kopfh\u00f6rer<\/h2>\n\n\n\n<p>Um kurz nach 8 Uhr meldete sich am Sonntag eine Frau aus Basel telefonisch beim Polizeirevier Mannheim-Innenstadt um den Diebstahl ihrer Umh\u00e4ngetasche zu melden. Die 33-J\u00e4hrige war wenige Stunden zuvor mit dem Zug aus Hannover angereist und w\u00e4hrenddessen eingeschlafen, was der Dieb sich zu Nutze machte. Neben anderer Wertgegenst\u00e4nde hatten sich ihre In-Ear-Kopfh\u00f6rer in der Tasche befunden, die sich nun in Mannheim-Tatersaal orten lie\u00dfen. Ein Streifenwagen folgte den sich bewegenden Ortungspunkten wie ausgestreuten Brotkrumen. So konnte die Polizei nachvollziehen, dass der Dieb mit der Stra\u00dfenbahnlinie 1 unterwegs war. An der Haltestelle Luzenberg konnte ein 24-j\u00e4hriger, der mit der auff\u00e4lligen, orangenen Umh\u00e4ngetasche der Frau unterwegs war, als T\u00e4ter vorl\u00e4ufig festgenommen werden. Er wurde erkennungsdienstlich behandelt und gelangte wegen Diebstahls zur Anzeige.<\/p>\n\n\n\n<h2 class=\"wp-block-heading\">(Mannheim) &#8211; Angriff in den T-Quadraten \/ Polizei sucht Zeugen!<\/h2>\n\n\n<div class=\"wp-block-image\">\n<figure class=\"aligncenter size-full\"><img decoding=\"async\" loading=\"lazy\" width=\"801\" height=\"600\" src=\"https:\/\/speyer24news.com\/wp-content\/uploads\/2020\/05\/Zeugen-gesucht-Neutral.jpg\" alt=\"\" class=\"wp-image-26598\" srcset=\"https:\/\/speyer24news.com\/wp-content\/uploads\/2020\/05\/Zeugen-gesucht-Neutral.jpg 801w, https:\/\/speyer24news.com\/wp-content\/uploads\/2020\/05\/Zeugen-gesucht-Neutral-300x225.jpg 300w, https:\/\/speyer24news.com\/wp-content\/uploads\/2020\/05\/Zeugen-gesucht-Neutral-768x575.jpg 768w, https:\/\/speyer24news.com\/wp-content\/uploads\/2020\/05\/Zeugen-gesucht-Neutral-678x509.jpg 678w, https:\/\/speyer24news.com\/wp-content\/uploads\/2020\/05\/Zeugen-gesucht-Neutral-326x245.jpg 326w, https:\/\/speyer24news.com\/wp-content\/uploads\/2020\/05\/Zeugen-gesucht-Neutral-80x60.jpg 80w\" sizes=\"(max-width: 801px) 100vw, 801px\" \/><\/figure><\/div>\n\n\n<p>Zwei junge M\u00e4nner liefen am fr\u00fchen Sonntagmorgen zwischen 04:15 Uhr und 04:30 Uhr vom Friedrichsring kommend in das Quadrat T 6. Etwa auf H\u00f6he T6, 27 wurden sie von zwei ihnen entgegenkommenden m\u00e4nnlichen Personen unvermittelt k\u00f6rperlich angegriffen. Die beiden T\u00e4ter gingen im Anschluss in unbekannte Richtung fl\u00fcchtig. <\/p>\n\n\n\n<h4 class=\"wp-block-heading\">Die T\u00e4ter k\u00f6nnen wie folgt beschrieben werden: <\/h4>\n\n\n\n<ul>\n<li><strong>circa 25-30 Jahre alt<\/strong><\/li>\n\n\n\n<li><strong>175-180 cm gro\u00df<\/strong><\/li>\n\n\n\n<li><strong>dunkle kurze Haare<\/strong><\/li>\n\n\n\n<li><strong>s\u00fcdeurop\u00e4isches Aussehen<\/strong><\/li>\n<\/ul>\n\n\n\n<ul>\n<li><strong>Die Kriminalpolizeidirektion Heidelberg hat die weiteren Ermittlungen aufgenommen. Zeugen, die sachdienliche Hinweise geben k\u00f6nnen, werden gebeten, sich unter der Telefonnummer 0621\/174-4444 bei dem kriminalpolizeilichen Hinweistelefon zu melden.<\/strong><\/li>\n<\/ul>\n\n\n\n<h2 class=\"wp-block-heading\">(Mannheim) &#8211; Unfall mit h\u00f6herem Sachschaden<\/h2>\n\n\n\n<p>Am Samstagabend, um 21.45 Uhr, fuhr ein 20-j\u00e4hriger Fiat-Fahrer auf dem Luisenring auf einen Ford-Fahrer auf, der in die Kirchenstra\u00dfe abbiegen wollte. Dies hatte zur Folge, dass der Ford-Fahrer durch das Auffahren des Fiat-Fahrers auf ein Verkehrsschild gelenkt wurde und mit diesem zusammenstie\u00df. An diesem Schild war des Weiteren auch noch ein Fahrrad angeschlossen, welches ebenso durch den Zusammensto\u00df besch\u00e4digt wurde. Das Verkehrsschild wurde durch den Aufprall auf die Gr\u00fcnfl\u00e4che umgebogen. Es entstand ein Gesamtsachschaden im niedrigen f\u00fcnfstelligen Bereich. Verletzt wurde bei dem Unfall gl\u00fccklicherweise niemand.<\/p>\n\n\n\n<h2 class=\"wp-block-heading\">(Mannheim) &#8211; Exhibitionist festgenommen \/ Bei Wohnungsdurchsuchung Kleinstmenge Bet\u00e4ubungsmittel gefunden<\/h2>\n\n\n<div class=\"wp-block-image\">\n<figure class=\"aligncenter size-full\"><img decoding=\"async\" loading=\"lazy\" width=\"800\" height=\"533\" src=\"https:\/\/speyer24news.com\/wp-content\/uploads\/2020\/06\/Zelle.jpg\" alt=\"\" class=\"wp-image-28203\" srcset=\"https:\/\/speyer24news.com\/wp-content\/uploads\/2020\/06\/Zelle.jpg 800w, https:\/\/speyer24news.com\/wp-content\/uploads\/2020\/06\/Zelle-300x200.jpg 300w, https:\/\/speyer24news.com\/wp-content\/uploads\/2020\/06\/Zelle-768x512.jpg 768w\" sizes=\"(max-width: 800px) 100vw, 800px\" \/><figcaption class=\"wp-element-caption\">Beispielbild Zelle \/ Verhaftung, dient lediglich der Visualisierung<\/figcaption><\/figure><\/div>\n\n\n<p>Am Freitag gegen 22.30 Uhr meldete sich eine 23-J\u00e4hrige bei der Polizei mit der Bitte um Unterst\u00fctzung. Beim Eintreffen einer Streife stellte sich heraus, dass die beiden gesch\u00e4digten 23-j\u00e4hrigen Frauen auf dem Balkon gesessen hatten und ihnen hierbei im Fenster des Treppenhauses des gegen\u00fcberliegenden Anwesens in der Eichelsheimer Stra\u00dfe, ein Mann auffiel, welcher hinter dem Fenster stand, die beiden Frauen anstarrte und hierbei an seinem entbl\u00f6\u00dften Glied manipulierte. Als die Person bemerkte, dass die beiden Frauen ihn gesehen hatten, zog er sich langsam aus dem Sichtbereich in das Treppenhaus zur\u00fcck. Die beiden Frauen konnten den Mann beschreiben, sodass eine unmittelbar eingeleitete Nachbarschaftsbefragung die Polizisten direkt zu dem 31-j\u00e4hrigen T\u00e4ter f\u00fchrte. Dieser war beim Erblicken der Beamten lediglich mit einem Bademantel bekleidet und wirkte stark nerv\u00f6s. Zudem konnte aus der Wohnung starker Cannabisgeruch wahrgenommen werden. Im Rahmen einer freiwilligen Wohnungsdurchsuchung konnte eine Kleinmenge Cannabis aufgefunden werden, f\u00fcr die der Mann keine Besitzerlaubnis vorweisen konnte. Der 31-J\u00e4hrige musste die Beamten auf das Polizeirevier begleiten. Ihn erwartet nun eine Anzeige wegen des unerlaubten Besitzes von Bet\u00e4ubungsmitteln, sowie wegen der exhibitionistischer Handlung.<\/p>\n\n\n\n<h2 class=\"wp-block-heading\">(Mannheim-Jungbusch) &#8211; Fahrraddieb festgenommen<\/h2>\n\n\n\n<p>Ein Zeuge meldete am Sonntag, gegen 12 Uhr, einen Mann, der sich in der Hafenstra\u00dfe an einem verschlossen abgestellten E-Bike zu schaffen machte. Eine Streife des Polizeireviers Mannheim-Oststadt traf zun\u00e4chst nur noch das Fahrrad an. Der verd\u00e4chtige Mann hatte sich schon von der \u00d6rtlichkeit entfernt. Am Schloss des E-Bikes fand die Polizei Spuren, die auf einen Aufbruchsversuch hinwiesen. Im Rahmen der weiteren Fahndungsma\u00dfnahmen konnte in der der N\u00e4he ein Verd\u00e4chtiger kontrolliert werden, auf welchen die T\u00e4terbeschreibung zutraf. Anhand eines vom Zeugen gefertigten Handyvideos konnte der 23-j\u00e4hrige Mann eindeutig als T\u00e4ter identifiziert und anschlie\u00dfend vorl\u00e4ufig festgenommen werden.<\/p>\n\n\n\n<p>Der Mann muss sich nun wegen des besonders schweren Falls des Diebstahl verantworten.<\/p>\n\n\n\n<h2 class=\"wp-block-heading\">(Mannheim-Neckarstadt) &#8211; Randalierer besch\u00e4digt betrunken Taxi<\/h2>\n\n\n\n<p>Am Montagmorgen, um 5 Uhr, verst\u00e4ndigte ein Taxifahrer die Notrufzentrale und teilte mit, sich auf der Waldhofstra\u00dfe zu befinden und durch einen Mann an seiner Weiterfahrt gehindert zu werden. Durch eine Fu\u00dfstreife des Polizeireviers Mannheim-Neckarstadt wurde sodann festgestellt, dass in unmittelbarer N\u00e4he ein Mann auf der Stra\u00dfe stand und gegen ein Taxi trat und schlug. Zuvor hatte der Mann auch noch den Au\u00dfenspiegel des Taxis abgetreten. Der Schaden am Taxi bel\u00e4uft sich auf mehrere hundert Euro.<\/p>\n\n\n\n<p>Die Beamten nahmen den Mann mit auf die Wache. Hier stellte sich nach einem Alkoholtest heraus, dass er einen Wert von \u00fcber 1,8 Promille hatte. Nachdem die Personalien feststanden, wurde der Randalierer einem Bekannten \u00fcberstellt. Ihn erwartet nun ein Strafverfahren wegen Sachbesch\u00e4digung.<\/p>\n\n\n\n<h2 class=\"wp-block-heading\">(Mannheim-Neckarstadt) &#8211; 27-J\u00e4hriger missachtet Rotlicht und baut Unfall<\/h2>\n\n\n\n<p>Eine Streifenwagenbesatzung des Polizeireviers Mannheim-Neckarstadt befuhr am Samstag gegen 15.00 Uhr die Dalbergstra\u00dfe aus Fahrtrichtung Jungbusch kommend. Diese wollte bei Gr\u00fcnlicht weiter \u00fcber die B 44\/Luisenring in Richtung Kurpfalzkreisel fahren. Im Kreuzungsbereich Dalbergstra\u00dfe \/ B 44 befuhr ein 27-j\u00e4hriger VW-Fahrer den linken der beiden Abbiegefahrstreifen, um in Richtung Jungbuschbr\u00fccke zu fahren. Letztlich missachtet der der 27-J\u00e4hrige das f\u00fcr ihn geltende Rotlicht der dortigen Ampelanlage. Hierbei kam es im Kreuzungsbereich zur einer seitlichen Kollision des VW-Fahrers mit dem Streifenwagen. Bei der Unfallaufnahme konnte der Verursacher keinen F\u00fchrerschein vorweisen. Ob der 27-J\u00e4hrige tats\u00e4chlich im Besitz einer Fahrerlaubnis ist, ist derzeit noch Gegenstand der laufenden Ermittlungen. Verletzt wurde bei dem Unfall keiner der Beteiligten. Es entstand ein Sachschaden in H\u00f6he eines f\u00fcnfstelligen Betrages.<\/p>\n\n\n\n<h2 class=\"wp-block-heading\">(Mannheim-Neckarstadt) &#8211; T\u00e4tlicher Angriff gegen Polizeibeamte und Stra\u00dfenverkehrsgef\u00e4hrdung mehrerer Verkehrsteilnehmer \/ Zeugenaufruf!!<\/h2>\n\n\n\n<p>Bereits am 03.07.23, um 07.15 Uhr, kam es an der Haltestelle Luzenberg zu einem polizeilichen Einsatz bez\u00fcglich einer auff\u00e4lligen Person in dessen Verlauf es zu diversen Straftaten zum Nachteil von den eingesetzten Polizeibeamten kam.<\/p>\n\n\n\n<p>Im Laufe der Ermittlungen stellte sich heraus, dass der Tatverd\u00e4chtige vor Eintreffen der Polizei noch verschiedene Verkehrsteilnehmer unter Umst\u00e4nden gef\u00e4hrdet haben k\u00f6nnte. Diese Verkehrsteilnehmer sucht jetzt das Polizeirevier Mannheim Neckarstadt. Der Tatverd\u00e4chtige lief zur genannten Zeit auf der Sandhofer Stra\u00dfe und auf der Luzenbergstra\u00dfe mehrfach auf die Fahrbahn, woraufhin mindestens zwei Auto- und ein Lkw-Fahrer bremsen mussten, um einen Unfall zu verhindern. <\/p>\n\n\n\n<ul>\n<li><strong>Die Verkehrsteilnehmer werden gebeten, sich unter Tel.: 0621 \/ 3301-0 zu melden.<\/strong><\/li>\n<\/ul>\n\n\n\n<h2 class=\"wp-block-heading\">(Mannheim-Fahrlach) &#8211; Handtasche aus Sprinter geklaut \/ Dann mit Fahrrad gefl\u00fcchtet<\/h2>\n\n\n\n<p>Am Sonntag, um 12.20 Uhr, schlugen zwei bislang unbekannte T\u00e4ter die Scheibe in der Beifahrert\u00fcr eines Sprinters ein und entwendeten eine auf dem Sitz abgelegte Handtasche. Danach fuhren sie mit ihren R\u00e4dern in Richtung Schwetzinger Vorstadt davon.<\/p>\n\n\n\n<h4 class=\"wp-block-heading\">Die T\u00e4ter werden durch Zeugen wie folgt beschrieben:<\/h4>\n\n\n\n<ul>\n<li><strong>Beide ca. 35-50 Jahre alt<\/strong><\/li>\n\n\n\n<li><strong>Beide schwarze Haare<\/strong><\/li>\n\n\n\n<li><strong>Beide ca. 175  cm gro\u00df und schmale Statur<\/strong><\/li>\n<\/ul>\n\n\n\n<ul>\n<li><strong>Eine eingeleitete Fahndung verlief ergebnislos. Das Polizeirevier Mannheim-Oststadt nimmt Hinweise zu den T\u00e4tern unter Tel.: 0621\/174-3310 entgegen.<\/strong><\/li>\n<\/ul>\n\n\n\n<h2 class=\"wp-block-heading\">(Mannheim-Neckerau) &#8211; Unfall zwischen Radfahrerin und Autofahrer<\/h2>\n\n\n\n<p>Eine Radfahrerin befuhr am Montag gegen 17.00 Uhr die Luisenstra\u00dfe in Fahrtrichtung Neckarauer Stra\u00dfe. Ein 22-j\u00e4hriger Peugeot-Fahrer befuhr hingegen die Wingertstra\u00dfe in Fahrtrichtung August-Bebel-Park. Aus bislang ungekl\u00e4rten Gr\u00fcnden fuhr der Peugeot-Fahrer ungebremst in den Kreuzungsbereich hinein und kollidierte hier mit der rechten Seite der Radfahrerin. Diese fiel auf die Motorhaube und wurde einige Meter mitgerissen. Hierbei verletzte sie sich leicht und wurde medizinisch versorgt. Wie hoch der entstandene Sachschaden ist, ist bislang nicht bekannt. Die Ermittlungen werden durch das Polizeirevier Mannheim-Neckarau gef\u00fchrt.<\/p>\n\n\n\n<h2 class=\"wp-block-heading\">(Mannheim-Sch\u00f6nau) &#8211; M\u00e4dchen ger\u00e4t mit Fu\u00df zwischen einfahrende Stra\u00dfenbahn und Bahnsteig<\/h2>\n\n\n\n<p>Am Dienstag gegen 09:40 Uhr warteten zwei Schulklassen, die sich auf einem Ausflug befanden, an der Haltestelle Sch\u00f6nau. Dabei kam es zu einem Gedr\u00e4nge unter den Sch\u00fclerinnen und Sch\u00fclern. Aus bislang unbekannter Ursache geriet dabei der Fu\u00df einer 13-j\u00e4hrigen Sch\u00fclerin zwischen die langsam einfahrende Stra\u00dfenbahn und den Bahnsteig und wurde eingequetscht. Der Feuerwehr gelang es, die Sch\u00fclerin zu befreien. Diese wurde leicht verletzt zur weiteren Behandlung in ein Krankenhaus gebracht. Ihre Eltern wurden verst\u00e4ndigt. Die Polizei gab die Unfallstelle um 10:45 Uhr wieder frei und die Stra\u00dfenbahn konnte ihren Weg fortsetzen.<\/p>\n\n\n\n<p>Die Polizei nahm die Ermittlungen hinsichtlich der genauen Unfallursache auf.<\/p>\n\n\n\n<h2 class=\"wp-block-heading\">(Mannheim-M\u00fchlauhafen) &#8211; Mehrere zerkratzte Autos \/ Zeugenaufruf<\/h2>\n\n\n\n<p>In der Zeit von Samstagabend, 18:15 Uhr bis Sonntagmorgen, 11:30 Uhr zerkratzte\/n ein oder mehr bislang unbekannter T\u00e4ter f\u00fcnf am Stra\u00dfenrand geparkte Fahrzeuge am Verbindungskanal, Linkes Ufer. Der Sachschaden kann derzeit nicht beziffert werden. <\/p>\n\n\n\n<ul>\n<li><strong>Das Polizeirevier Mannheim Innenstadt hat die Ermittlungen aufgenommen und ist auf der Suche nach Zeugen, welche Angaben zu dem oder den T\u00e4ter\/n machen k\u00f6nnen. Diese k\u00f6nnen sich unter Tel.: 0621\/1258-0 melden.<\/strong><\/li>\n<\/ul>\n\n\n\n<h2 class=\"wp-block-heading\">(Mannheim-K\u00e4fertal) &#8211; Rote Ampel \u00fcbersehen \/ Mit Stra\u00dfenbahn kollidiert<\/h2>\n\n\n\n<p>Bereits am Freitagvormittag, gegen 11:40 Uhr, kam es auf der Waldstra\u00dfe an der Kreuzunge Hessische Stra\u00dfe zu einem Verkehrsunfall zwischen einem Pkw und einer Stra\u00dfenbahn. Der Autofahrer, der in Richtung K\u00e4fertal unterwegs war, \u00fcbersah das Rotlicht der f\u00fcr ihn geltenden Ampel was zur Folge hatte, dass er mit einer Stra\u00dfenbahn zusammenstie\u00df, die gerade die Kreuzung Waldstra\u00dfe\/Hessische Stra\u00dfe \u00fcberfuhr. Hierbei wurden beide Fahrzeuge besch\u00e4digt . Personen wurden hierbei nicht verletzt. Der Pkw wurde an der Front deformiert, wies eine Schadensh\u00f6he von mehreren tausend Euro im vierstelligen Bereich auf. Die Stra\u00dfenbahn wurde an der rechten Seite besch\u00e4digt und wies hierdurch einen Schaden von einem mittleren f\u00fcnfstelligen Bereich auf.<\/p>\n\n\n\n<p>Zur Ursache des Unfalls hat das Polizeirevier Sandhofen die Ermittlungen aufgenommen.<\/p>\n\n\n\n<h2 class=\"wp-block-heading\">(Heidelberg) &#8211; Beim Fr\u00fchst\u00fcck bestohlen<\/h2>\n\n\n\n<p>Eine unliebsame \u00dcberraschung erlebte am Sonntag ein Ehepaar aus Kirchheim. Am Morgen, gegen 8 Uhr, fr\u00fchst\u00fcckten sie zun\u00e4chst gem\u00fctlich auf dem Balkon ihrer Erdgeschosswohnung in der Albert-Fritz-Stra\u00dfe. Als sie sich um kurz vor 9 Uhr wieder in die Innenr\u00e4ume begaben, bemerkten die Beiden, dass eine unbekannte T\u00e4terschaft unbemerkt \u00fcber ein offen stehendes Fenster in die Wohnung eingestiegen war und aus dem Schlafzimmer Wertgegenst\u00e4nde entwendet hatte. Der Schaden bel\u00e4uft sich auf mehrere hundert Euro.<\/p>\n\n\n\n<p>Die Polizei leitete die Ermittlungen wegen Wohnungseinbruchsdiebstahls ein.<\/p>\n\n\n\n<h2 class=\"wp-block-heading\">(Heidelberg) &#8211; N\u00e4chtlicher Badeausflug endet auf Polizeirevier<\/h2>\n\n\n\n<p>Am Sonntag gegen 04.00 Uhr meldete sich ein Zeuge bei der Polizei und teilte den Beamten mit, dass derzeit mehrere Personen unbefugt in das Thermalbad in der Vangerowstra\u00dfe eingedrungen seien und dort baden w\u00fcrden. Vor Ort gelangten die Beamten mit einem Berechtigten auf das Gel\u00e4nde und konnten nach kurzer fu\u00dfl\u00e4ufiger Verfolgung in Richtung Zaun am Neckar eine 22-j\u00e4hrige Frau widerstandslos festnehmen. Ein weiterer 22-j\u00e4hriger Begleiter konnte im Rahmen einer sofort eingeleiteten Fahndung ebenfalls widerstandslos festgenommen werden. Weiteren Personen des n\u00e4chtlichen Badeausflugs gelang vorerst die Flucht. Bei der Absuche des Bades konnte jedoch eine Handtasche mit Dokumenten einer weiteren Person aufgefunden werden. Die Ermittlungen dauern an und werden durch das Polizeirevier Heidelberg-Mitte gef\u00fchrt.<\/p>\n\n\n\n<h2 class=\"wp-block-heading\">(Heidelberg) &#8211; Seniorin beleidigte Familie und verspr\u00fchte Pfefferspray in Stra\u00dfenbahn \/ Polizei sucht Zeugen und Gesch\u00e4digte<\/h2>\n\n\n\n<p>Am Samstag fiel gegen 17:30 Uhr in der Stra\u00dfenbahnlinie 24 eine 89-j\u00e4hrige Frau unangenehm auf, da sie immer wieder beleidigende und rechtspopulistische \u00c4u\u00dferungen in Richtung einer vierk\u00f6pfigen Familie t\u00e4tigte. Ein 24-j\u00e4hriger Mann, der in unmittelbarer N\u00e4he zu der Seniorin sa\u00df, zeigte Zivilcourage und r\u00fcgte die Frau f\u00fcr ihre \u00c4u\u00dferungen. Diese f\u00fchlte sich durch die verbale Solidarisierung angegriffen, zog ein Pfefferspray aus ihrer Handtasche und drohte damit, es zu verspr\u00fchen. Dies bemerkten auch andere Fahrg\u00e4ste, darunter die Familie, und forderten die Frau auf, das zu unterlassen, auch weil sich Kleinkinder in der Bahn befanden. Trotzdem verspr\u00fchte die Seniorin kurz vor Erreichen der Haltestelle Bethanienkrankenhaus das Tierabwehrspray, so dass mehrere Personen eine Atemwegreizung erlitten. An der Haltstelle stieg die 89-j\u00e4hrige aus, ebenso wie mehrere hustende Fahrg\u00e4ste mit tr\u00e4nenden Augen. Die Seniorin wollte die \u00d6rtlichkeit verlassen, kam aber aus noch unbekanntem Grund zu Fall und verletzte sich dabei leicht. Die inzwischen verst\u00e4ndigte Polizei begleitete sie in ein Krankenhaus zur weiteren medizinischen Abkl\u00e4rung und stellte ihre Personalien fest. Wie viele Personen durch den Pfeffersprayangriff verletzt wurden, ist noch unklar.<\/p>\n\n\n\n<p>Die Polizei leitete die Ermittlungen wegen gef\u00e4hrlicher K\u00f6rperverletzung und Beleidigung gegen die 89-J\u00e4hrige ein.<\/p>\n\n\n\n<ul>\n<li><strong>Zeugen, die sachdienliche Hinweise geben k\u00f6nnen, oder Gesch\u00e4digte, werden gebeten sich beim Polizeirevier Heidelberg-S\u00fcd, unter der Telefonnummer 06221-3418-0, zu melden.<\/strong><\/li>\n<\/ul>\n\n\n\n<h2 class=\"wp-block-heading\">(Heidelberg) &#8211; Jugendschutzkontrollen im Bereich der Neckarwiese und des Bismarckplatzes, Aktion &#8222;Sicher in Heidelberg&#8220;<\/h2>\n\n\n<div class=\"wp-block-image\">\n<figure class=\"aligncenter size-full\"><img decoding=\"async\" loading=\"lazy\" width=\"800\" height=\"447\" src=\"https:\/\/speyer24news.com\/wp-content\/uploads\/2022\/09\/Kontrolle-2.jpg\" alt=\"\" class=\"wp-image-49124\" srcset=\"https:\/\/speyer24news.com\/wp-content\/uploads\/2022\/09\/Kontrolle-2.jpg 800w, https:\/\/speyer24news.com\/wp-content\/uploads\/2022\/09\/Kontrolle-2-300x168.jpg 300w, https:\/\/speyer24news.com\/wp-content\/uploads\/2022\/09\/Kontrolle-2-768x429.jpg 768w\" sizes=\"(max-width: 800px) 100vw, 800px\" \/><\/figure><\/div>\n\n\n<p>Am Freitag wurden zwischen 18 Uhr und 24 Uhr im Rahmen der Sicherheitspartnerschaft &#8222;Sicher in Heidelberg&#8220; Jugendschutzkontrollen durchgef\u00fchrt und zugleich die Einhaltung der Jugendschutzbestimmungen \u00fcberwacht.<\/p>\n\n\n\n<p>Zu Beginn des Einsatzes ging es zun\u00e4chst um ein aktives Herantreten an die Jugendlichen und jungen Erwachsenen, um pr\u00e4ventive Gespr\u00e4che \u00fcber den Umgang mit Alkohol und anderen berauschenden Mitteln zu f\u00fchren. Hier galt es zielgruppenorientiert zu sensibilisieren.<\/p>\n\n\n\n<p>Im sp\u00e4teren Verlauf des Einsatzes wurden gezielt Jugendschutzkontrollen durchgef\u00fchrt, Fehlverhalten angesprochen und gegebenenfalls sanktioniert. Bei den gemeinsamen Kontrollen wurden die Polizeibeamtinnen und Polizeibeamten durch den Kommunalen Ordnungsdienst der Stadt Heidelberg unterst\u00fctzt.<\/p>\n\n\n\n<h4 class=\"wp-block-heading\">Im Ergebnis wurden 75 Jugendliche und junge Erwachsene kontrolliert und 29 Personen durchsucht. Folgende Verst\u00f6\u00dfe konnten festgestellt werden:<\/h4>\n\n\n\n<ul>\n<li><strong>20 Verst\u00f6\u00dfe gegen das Jugendschutzgesetz, insbesondere durch rauchende Jugendliche.<\/strong><\/li>\n\n\n\n<li><strong>4 Verst\u00f6\u00dfe gegen BtMG.<\/strong><\/li>\n\n\n\n<li><strong>13 Mal musste auf Grund einer akuten St\u00f6rung der \u00f6ffentlichen Sicherheit und Ordnung ein Platzverweis erteilt werden.<\/strong><\/li>\n\n\n\n<li><strong>Eine Person war von der Staatsanwaltschaft zur Aufenthaltsermittlung ausgeschrieben.<\/strong><\/li>\n<\/ul>\n\n\n\n<p>W\u00e4hrend der Kontrollen zeigten sich die Jugendlichen einsichtig und verst\u00e4ndnisvoll f\u00fcr die Ma\u00dfnahmen.<\/p>\n\n\n\n<h2 class=\"wp-block-heading\">(Heidelberg) &#8211; 39-j\u00e4hriger wegen des Verdachts des r\u00e4uberischen Diebstahls auf Antrag der Staatsanwaltschaft Heidelberg in Untersuchungshaft.<\/h2>\n\n\n\n<h3 class=\"wp-block-heading\">Gemeinsame Pressemitteilung der Staatsanwaltschaft Heidelberg und des Polizeipr\u00e4sidiums Mannheim<\/h3>\n\n\n<div class=\"wp-block-image\">\n<figure class=\"aligncenter size-full\"><img decoding=\"async\" loading=\"lazy\" width=\"800\" height=\"533\" src=\"https:\/\/speyer24news.com\/wp-content\/uploads\/2020\/06\/Zelle.jpg\" alt=\"\" class=\"wp-image-28203\" srcset=\"https:\/\/speyer24news.com\/wp-content\/uploads\/2020\/06\/Zelle.jpg 800w, https:\/\/speyer24news.com\/wp-content\/uploads\/2020\/06\/Zelle-300x200.jpg 300w, https:\/\/speyer24news.com\/wp-content\/uploads\/2020\/06\/Zelle-768x512.jpg 768w\" sizes=\"(max-width: 800px) 100vw, 800px\" \/><figcaption class=\"wp-element-caption\">Beispielbild Zelle \/ Verhaftung, dient lediglich der Visualisierung<\/figcaption><\/figure><\/div>\n\n\n<p>Ein 39-j\u00e4hriger Mann steht im dringenden Verdacht am Freitag, 14.07.2023, in den fr\u00fchen Morgenstunden, einer 12-j\u00e4hrigen Gesch\u00e4digten in Ilvesheim das Mobiltelefon aus den H\u00e4nden gerissen und ihr, als sie ihm folgte, im Anschluss mit der Faust ins Gesicht geschlagen zu haben. Hierbei wurde die 12-J\u00e4hrige leicht verletzt.<\/p>\n\n\n\n<p>Anschlie\u00dfend entwendete der 39-J\u00e4hrige auf seiner Flucht auf einem nahegelegenen Parkplatz eines Supermarktes einen Pkw, welcher dort unverschlossen abgestellt war, und fl\u00fcchtete mit dem Pkw.<\/p>\n\n\n\n<p>Nach umfangreichen Such- und Fahndungsma\u00dfnahmen wurde das Fahrzeug verlassen auf einem Standstreifen an der BAB 5 festgestellt. Eine Polizeistreife stellte den Tatverd\u00e4chtigen auf einem nahegelegenen Parkplatz und nahm in fest.<\/p>\n\n\n\n<p>Am 15.07.23 wurde der Beschuldigte dem Haftrichter des Amtsgerichts Heidelberg vorgef\u00fchrt. Dieser erlie\u00df auf Antrag der Staatsanwaltschaft Heidelberg Haftbefehl wegen r\u00e4uberischen Diebstahls in Tateinheit mit K\u00f6rperverletzung und Diebstahls gegen den Beschuldigten und setzte den Haftbefehl in Vollzug. Im Anschluss wurde der Beschuldigte in eine Justizvollzugsanstalt eingeliefert.<\/p>\n\n\n\n<p>Die Ermittlungen der Staatsanwaltschaft Heidelberg und der Kriminalpolizeidirektion Heidelberg dauern an.<\/p>\n\n\n\n<h2 class=\"wp-block-heading\">(Heidelberg) &#8211; Zwei Kinderfahrr\u00e4der gestohlen \/ Polizei sucht Zeugen<\/h2>\n\n\n\n<p>Eine bislang unbekannte T\u00e4terschaft stahl zwischen Dienstag und Freitag zwei Kinderfahrr\u00e4der der Marke Puky. Die R\u00e4der standen in der Kirschgartenstra\u00dfe und waren jeweils mit einem Schloss gesichert. Die Polizei veranlasste die Fahndung nach den Fahrr\u00e4dern anhand der Rahmennummern und leitete die Ermittlungen wegen des besonders schweren Falls des Diebstahls ein.<\/p>\n\n\n\n<ul>\n<li><strong>Zeugen, die sachdienliche Hinweise geben k\u00f6nnen, insbesondere zu verd\u00e4chtigen Personen, die in Rohrbach Fahrr\u00e4der in ein Fahrzeug luden, werden gebeten sich beim Polizeirevier Heidelberg-S\u00fcd, unter der Telefonnummer 06221-3418-0, zu melden.<\/strong><\/li>\n<\/ul>\n\n\n\n<h2 class=\"wp-block-heading\">(Heidelberg-Rohrbach) &#8211; An mehreren Autos Spiegel abgetreten, danach durch Polizei festgenommen<\/h2>\n\n\n<div class=\"wp-block-image\">\n<figure class=\"aligncenter size-full\"><img decoding=\"async\" loading=\"lazy\" width=\"800\" height=\"600\" src=\"https:\/\/speyer24news.com\/wp-content\/uploads\/2019\/06\/Ausn\u00fcchterungszelle.jpg\" alt=\"\" class=\"wp-image-15212\" srcset=\"https:\/\/speyer24news.com\/wp-content\/uploads\/2019\/06\/Ausn\u00fcchterungszelle.jpg 800w, https:\/\/speyer24news.com\/wp-content\/uploads\/2019\/06\/Ausn\u00fcchterungszelle-300x225.jpg 300w, https:\/\/speyer24news.com\/wp-content\/uploads\/2019\/06\/Ausn\u00fcchterungszelle-768x576.jpg 768w, https:\/\/speyer24news.com\/wp-content\/uploads\/2019\/06\/Ausn\u00fcchterungszelle-678x509.jpg 678w, https:\/\/speyer24news.com\/wp-content\/uploads\/2019\/06\/Ausn\u00fcchterungszelle-326x245.jpg 326w, https:\/\/speyer24news.com\/wp-content\/uploads\/2019\/06\/Ausn\u00fcchterungszelle-80x60.jpg 80w\" sizes=\"(max-width: 800px) 100vw, 800px\" \/><figcaption class=\"wp-element-caption\">Beispielbild Zelle \/ Verhaftung, dient lediglich der Visualisierung<\/figcaption><\/figure><\/div>\n\n\n<p>Aufmerksame Zeugen stellten am Sonntagmorgen um 04 Uhr einen 27-J\u00e4hrigen fest, der an mehreren Fahrzeugen die Au\u00dfenspiegel abtrat und verst\u00e4ndigten hierauf die Polizei.<\/p>\n\n\n\n<p>Der 27-J\u00e4hrige fl\u00fcchtete von der Tat\u00f6rtlichkeit in der Konstanzer Stra\u00dfe in das nahegelegene Feldgebiet, wo er durch Polizeibeamtinnen und Polizeibeamte des Polizeirevier Heidelberg-S\u00fcd festgenommen werden konnte.<\/p>\n\n\n\n<p>Nach Beendigung der polizeilichen Ma\u00dfnahmen wurde der Tatverd\u00e4chtige wieder entlassen. Die Schadensh\u00f6he an den besch\u00e4digten Pkw&#8217;s ist bislang noch nicht bekannt. Das Polizeirevier Heidelberg -S\u00fcd hat die Ermittlungen aufgenommen. Den 27-J\u00e4hrigen erwartet nun ein Strafverfahren wegen Sachbesch\u00e4digung in mehreren F\u00e4llen.<\/p>\n\n\n\n<h2 class=\"wp-block-heading\">(Br\u00fchl \/ Rhein-Neckar-Kreis) &#8211; Beim Eink\u00e4ufe verladen vom LKW erfasst \/ Frau leicht verletzt<\/h2>\n\n\n\n<p>Am Samstag lud um kurz vor 13 Uhr eine 52-J\u00e4hrige ihre Eink\u00e4ufe auf dem Parkplatz eines Supermarkts in der Schwetzinger Stra\u00dfe in ihr Auto ein. Ein anliefernder LKW \u00fcbersah beim Rangieren die Frau, streifte sie und schob sie gegen ihr Auto. Die 52-J\u00e4hrige verletzte sich zum Gl\u00fcck nur leicht. Auch ein Einkaufwagen wurde gegen das Auto gedr\u00fcckt und zerkratzte so die Sto\u00dfstange des Hyundais. Es entstand ein Schaden von knapp 500 Euro.<\/p>\n\n\n\n<p>Gegen den 46-j\u00e4hrigen LKW-Fahrer wird nun wegen fahrl\u00e4ssiger K\u00f6rperverletzung ermittelt.<\/p>\n\n\n\n<h2 class=\"wp-block-heading\">(Br\u00fchl \/ Rhein-Neckar-Kreis) &#8211; 61-J\u00e4hrige verlor Kontrolle \u00fcber ihr Auto<\/h2>\n\n\n\n<p>Am Freitag, um 14:10 Uhr, beobachtete eine aufmerksame Zeugin, wie eine 61-j\u00e4hrige VW-Fahrerin die Ketscher Stra\u00dfe in Richtung Hauptstra\u00dfe befuhr. Wie sich im Laufe der Ermittlungen herausstellte, kam die VW-Fahrerin nach rechts von der Fahrbahn ab. Dies hatte zur Folge, dass sie auf einen geparkten Pkw-Anh\u00e4nger auffuhr, diesen aufgrund der gefahrenen Geschwindigkeit auf eine Hauswand schob und der Anh\u00e4nger dann auf dem Gehweg zum Stehen kam. Im weiteren Unfallgeschehen durchfuhr die 61-J\u00e4hrige ein Pflanzbeet und stie\u00df im Anschluss mit der rechten Fahrzeugseite gegen einen massiven Baum, der hierdurch ebenfalls besch\u00e4digt wurde. Bis zum Eintreffen der Streife des Polizeirevier Mannheim-Neckarau wurde die Unfallverursacherin bereits im Rettungswagen medizinisch behandelt, da sich die Frau bei dem letzten Zusammensto\u00df mit dem Baum leicht verletzt hatte. Ersten Ermittlungen der Polizei zufolge war die Fahrerin \u00fcberm\u00fcdet.<\/p>\n\n\n\n<p>Der Gesamtsachschaden bel\u00e4uft sich auf mehrere tausend Euro.<\/p>\n\n\n\n<p>Die Ermittlungen bez\u00fcglich der Stra\u00dfenverkehrsgef\u00e4hrdung wurden durch das Polizeirevier Mannheim-Neckarau eingeleitet.<\/p>\n\n\n\n<h2 class=\"wp-block-heading\">(Schwetzingen \/ Rhein-Neckar-Kreis) &#8211; Radfahrer beraubt \/ Polizei sucht Zeugen<\/h2>\n\n\n<div class=\"wp-block-image\">\n<figure class=\"aligncenter size-full\"><img decoding=\"async\" loading=\"lazy\" width=\"801\" height=\"600\" src=\"https:\/\/speyer24news.com\/wp-content\/uploads\/2020\/05\/Zeugen-gesucht-Neutral.jpg\" alt=\"\" class=\"wp-image-26598\" srcset=\"https:\/\/speyer24news.com\/wp-content\/uploads\/2020\/05\/Zeugen-gesucht-Neutral.jpg 801w, https:\/\/speyer24news.com\/wp-content\/uploads\/2020\/05\/Zeugen-gesucht-Neutral-300x225.jpg 300w, https:\/\/speyer24news.com\/wp-content\/uploads\/2020\/05\/Zeugen-gesucht-Neutral-768x575.jpg 768w, https:\/\/speyer24news.com\/wp-content\/uploads\/2020\/05\/Zeugen-gesucht-Neutral-678x509.jpg 678w, https:\/\/speyer24news.com\/wp-content\/uploads\/2020\/05\/Zeugen-gesucht-Neutral-326x245.jpg 326w, https:\/\/speyer24news.com\/wp-content\/uploads\/2020\/05\/Zeugen-gesucht-Neutral-80x60.jpg 80w\" sizes=\"(max-width: 801px) 100vw, 801px\" \/><\/figure><\/div>\n\n\n<p>Am Samstag fuhr um kurz nach 20 Uhr ein 22-J\u00e4hriger mit seinem E-Bike auf der S\u00fcdtangente in Richtung Schloss. An der Unterf\u00fchrung der Bahngleise sah er zwei M\u00e4nner auf dem Radweg, weshalb er seine Fahrt verlangsamte. Als er an einem der M\u00e4nner vorbeifuhr, trat dieser gegen das Fahrrad, so dass der 22-J\u00e4hrige das Gleichgewicht verlor. Als der junge Mann von diesem T\u00e4ter weiter angegangen wurde, floh er in Richtung des Treppenaufgangs. Allerdings holte ihn der Angreifer dort ein und bespr\u00fchte ihn mit Pfefferspray, weshalb er seinen umgeh\u00e4ngten Rucksack fallen lie\u00df. Der T\u00e4ter nahm den Rucksack an sich und entfernte sich in Richtung Bahnhof. Sein Komplize, der sich bis dato passiv verhalten hatte, stahl das E-Bike und fuhr auf diesem in Richtung Schwimmbad davon.<\/p>\n\n\n\n<p>Die Kriminalpolizei leitete die Ermittlungen wegen eines Raubdeliktes ein.<\/p>\n\n\n\n<ul>\n<li><strong>Bei dem Rad handelte es sich um ein gebrauchtes schwarzes Herren-E-Bike der Marke Prophete, Typ Graveler, mit schwarzer Lackierung. Der Wert wird auf knapp 1000 Euro gesch\u00e4tzt.<\/strong><\/li>\n<\/ul>\n\n\n\n<ul>\n<li><strong>Der Hauptt\u00e4ter wird als 35-39 Jahre alt<\/strong><\/li>\n\n\n\n<li><strong>190 cm gro\u00df <\/strong><\/li>\n\n\n\n<li><strong>und mit Glatze beschrieben. <\/strong><\/li>\n\n\n\n<li><strong>Er trug ein gr\u00fcnes Oberteil. <\/strong><\/li>\n\n\n\n<li><strong>Vom zweiten T\u00e4ter, der ungef\u00e4hr im gleichen Alter gewesen sein soll, ist lediglich bekannt, dass er eine schwarze Sonnenbrille trug.<\/strong><\/li>\n<\/ul>\n\n\n\n<ul>\n<li><strong>Zeugen, die sachdienliche Hinweise geben k\u00f6nnen, werden gebeten sich beim kriminalpolizeilichen Hinweistelefon, unter der Telefonnummer 0621\/174-4444, zu melden.<\/strong><\/li>\n<\/ul>\n\n\n\n<h2 class=\"wp-block-heading\">(A 6 \/ Ketsch \/ Rhein-Neckar-Kreis) &#8211; Betrunken mit dem LKW unterwegs<\/h2>\n\n\n\n<p>Am Samstag kontrollierte um kurz vor 15 Uhr eine Streife des Verkehrsdienstes Walldorf einen LKW auf der A6 auf der H\u00f6he von Ketsch. Zuvor hatten Verkehrsteilnehmer gemeldet, dass das Fahrzeug in Schlangenlinien in Richtung Mannheim unterwegs sei. Nachdem der apathisch wirkende, 58-j\u00e4hrige Fahrer gebeten wurde, aus dem Fahrzeug auszustiegen, fiel er fast zu Boden. Der Mann war sichtlich betrunken, schwankte stark und konnte sich kaum auf den Beinen halten. Ein Atemalkoholtest ergab einen Wert von \u00fcber 2,5 Promille. Nach einer Blutentnahme wurde der F\u00fchrerschein des Fahrers sichergestellt und der LKW mit einer Kralle gegen eine weitere Trunkenheitsfahrt gesichert.<\/p>\n\n\n\n<p>Der 58-J\u00e4hrige muss sich nun wegen Trunkenheit im Stra\u00dfenverkehr verantworten.<\/p>\n\n\n\n<h2 class=\"wp-block-heading\">(Sandhausen \/ Rhein-Neckar-Kreis) &#8211; Friedhofskapelle beschmiert \/ Polizei sucht Zeugen<\/h2>\n\n\n\n<p>Zwischen Donnerstag und Freitag spr\u00fchte eine bislang unbekannte T\u00e4terschaft mehrere Graffitis an die Au\u00dfenwand der Kapelle des alten Friedhofs. Auch die dortigen Sanit\u00e4rr\u00e4umlichkeiten wurden verunstaltet. Es wurden mehrere Schriftz\u00fcge mit einem schwarzen Filzstift auf den Spiegel und den Handtuchspender geschmiert.<\/p>\n\n\n\n<p>Die Polizei ermittelt wegen gemeinsch\u00e4dlicher Sachbesch\u00e4digung.<\/p>\n\n\n\n<ul>\n<li><strong>Zeugen, die sachdienliche Hinweise geben k\u00f6nnen, werden gebeten sich beim Polizeirevier Wiesloch, unter der Telefonnummer 06222-5709-0, zu melden.<\/strong><\/li>\n<\/ul>\n\n\n\n<h2 class=\"wp-block-heading\">(Walldorf \/ Rhein-Neckar-Kreis) &#8211; Geburtstagsparty endet nach Raub\u00fcberfall \/ Zeugen gesucht!<\/h2>\n\n\n<div class=\"wp-block-image\">\n<figure class=\"aligncenter size-large\"><img decoding=\"async\" loading=\"lazy\" width=\"1024\" height=\"941\" src=\"https:\/\/speyer24news.com\/wp-content\/uploads\/2020\/07\/Maskierter-T\u00e4ter-1024x941-1024x941.jpg\" alt=\"\" class=\"wp-image-28719\" srcset=\"https:\/\/speyer24news.com\/wp-content\/uploads\/2020\/07\/Maskierter-T\u00e4ter-1024x941.jpg 1024w, https:\/\/speyer24news.com\/wp-content\/uploads\/2020\/07\/Maskierter-T\u00e4ter-1024x941-300x276.jpg 300w, https:\/\/speyer24news.com\/wp-content\/uploads\/2020\/07\/Maskierter-T\u00e4ter-1024x941-768x706.jpg 768w\" sizes=\"(max-width: 1024px) 100vw, 1024px\" \/><figcaption class=\"wp-element-caption\">Symbolbild \u00dcberfall \/ Zeugen gesucht, dient lediglich der Visualisierung<\/figcaption><\/figure><\/div>\n\n\n<p>Am Samstagabend feierte ein Jugendlicher mit einer Vielzahl an G\u00e4sten in einem Walldorfer Gemeindezentrum in der Dannheckerstra\u00dfe. Gegen 23.45 Uhr nahm die Feier jedoch ein abruptes Ende. Vier bislang unbekannte und zudem vermummte T\u00e4ter suchten die Party auf. Sie schlugen zun\u00e4chst einen 17-J\u00e4hrigen, welcher sich im Eingangsbereich befand, mit einem Schlagstock auf den Oberarm und dann ins Gesicht, da dieser die vier Personen an dem Eintritt hindern wollte. Nachdem er geschlagen worden war, begab er sich vor das Gemeindezentrum und verst\u00e4ndigte die Polizei. Die vier Personen begaben sich indessen zu weiteren Partyg\u00e4sten, die die Kasse beaufsichtigten. Einer der T\u00e4ter forderte von den jungen M\u00e4nnern die Herausgabe des Eintrittsgeldes, was jedoch verweigert wurde. Unvermittelt griff der T\u00e4ter dann nach der Tasche in der sich das Geld befand, wurde jedoch von einem der jungen M\u00e4nner, ebenfalls 17 Jahre alt, daran gehindert. Durch das Rei\u00dfen an dieser Geldtasche wurde der 17-J\u00e4hrige \u00fcber den Tisch gezogen. Er hielt die Geldtasche jedoch weiterhin fest bis ihm der T\u00e4ter mit dem Schlagstock auf den Hinterkopf schlug. Ein weiterer T\u00e4ter spr\u00fchte im Anschluss mit einem Pfefferspray in Richtung der Kasse. Daraufhin rannten die vier Tatverd\u00e4chtigen davon. Mehrere Zeugen verfolgten die T\u00e4ter, woraufhin einer aus der T\u00e4tergruppe sich umdrehte und eine augenscheinliche Schusswaffe aus seinem Hosenbund zog. Er richtete sie auf die verfolgenden Zeugen und forderte sie auf, wegzugehen. Die Zeugen brachen dann die Verfolgung ab.<\/p>\n\n\n\n<ul>\n<li><strong>Zu den vier Personen ist lediglich bekannt, dass ein T\u00e4ter ein langes blaues Sweatshirt, eine blaue Stoffhose und ein schwarzes Tuch \u00fcber dem Kopf trug.<\/strong><\/li>\n\n\n\n<li><strong>Die anderen drei Personen seien schwarz gekleidet gewesen.<\/strong><\/li>\n<\/ul>\n\n\n\n<ul>\n<li><strong>Die M\u00e4nner rannten dann in Richtung eines Supermarktes und von da aus in Richtung Rennbahnstra\u00dfe weg. Eine eingeleitete Fahndung verlief erfolglos.<\/strong><\/li>\n<\/ul>\n\n\n\n<p>Im Anschluss musste ein Gast im Krankenhaus ambulant behandelt werden, zwei weitere G\u00e4ste, die durch das Pfefferspray getroffen wurden, mussten von einem Rettungswagen vor Ort medizinisch versorgt werden. Die Schadensh\u00f6he des entwendeten Geldes ist bislang nicht bekannt.<\/p>\n\n\n\n<ul>\n<li><strong>Die Kriminalpolizei Heidelberg hat die Ermittlungen aufgenommen. Zeugen, die Angaben zu der Tat oder den T\u00e4tern machen kann, werden gebeten, sich unter dem kriminalpolizeilichen Hinweistelefon: 0621\/174-4444 zu melden.<\/strong><\/li>\n<\/ul>\n\n\n\n<h2 class=\"wp-block-heading\">(L 600 \/ Leimen \/ Rhein-Neckar-Kreis) &#8211; Schwerer Verkehrsunfall<\/h2>\n\n\n\n<p>Aktuell sind Polizei und Rettungskr\u00e4fte auf der L 600 wegen eines schweren Verkehrsunfall im Einsatz. Die L 600 muss w\u00e4hrend den Einsatzma\u00dfnahmen in H\u00f6he Dormenackerhof gesperrt werden. Es wird nachberichtet. <em>17.07.2023 \u2013 17:14<\/em><\/p>\n\n\n\n<h3 class=\"wp-block-heading has-text-align-center\">Pressemeldung Nr. 2<\/h3>\n\n\n\n<p>Am Montagnachmittag gegen kurz vor 17.00 Uhr ereignete sich auf der L600 zwischen Gaiberg und Leimen ein Verkehrsunfall, bei welchem eine Person schwer verletzt wurde. Ein 85-j\u00e4hriger Verkehrsteilnehmer war mit seinem Daimler-Benz, Typ C180, von Gaiberg in Richtung Leimen unterwegs und verlor aus bislang unbekannter Ursache die Kontrolle \u00fcber sein Fahrzeug. In der Folge kam der 85-J\u00e4hrige nach rechts von der Fahrbahn ab, wo er zun\u00e4chst mit der dortigen Leitplanke kollidierte. Im weiteren Verlauf wurde er gegen ein Verkehrszeichen und letztlich gegen einen Br\u00fcckenpfeiler geschleudert. Hierdurch wurde der Fahrzeugf\u00fchrer in seinem Daimler eingeklemmt. Nachdem er von der Feuerwehr befreit werden konnte, wurde er schwer verletzt in ein umliegendes Krankenhaus verbracht. Am Unfallfahrzeug entstand Totalschaden in H\u00f6he von ca. 13.000 Euro. Die Feuerwehren aus Leimen und Gaiberg waren mit insgesamt 35 Einsatzkr\u00e4ften am Unfallort t\u00e4tig. Durch die Kollision mit dem Br\u00fcckenpfeiler wurde m\u00f6glicherweise die Statik der Br\u00fccke beeinflusst. Bis zu einer abschlie\u00dfenden Pr\u00fcfung durch einen Sachverst\u00e4ndigen wird die Br\u00fccke deshalb vorsorglich f\u00fcr den Kraftfahrzeugverkehr gesperrt bleiben. Die L600 war f\u00fcr den Zeitraum der Unfallaufnahme von ca. 17.00 Uhr &#8211; 21.15 Uhr gesperrt. Zu gr\u00f6\u00dferen Verkehrsbehinderung kam es nicht.<\/p>\n\n\n\n<h3 class=\"wp-block-heading has-text-align-center\">Pressemeldung Nr. 3<\/h3>\n\n\n\n<p>Am Montagnachmittag gegen kurz vor 17.00 Uhr ereignete sich auf der L 600 zwischen Gaiberg und Leimen ein Verkehrsunfall. Ein 85-j\u00e4hriger Verkehrsteilnehmer verlor aus bislang unbekannter Ursache die Kontrolle \u00fcber sein Fahrzeug. In der Folge kam der 85-J\u00e4hrige nach rechts von der Fahrbahn ab, wo er zun\u00e4chst mit der dortigen Leitplanke kollidierte. Im weiteren Verlauf wurde er gegen ein Verkehrszeichen und letztlich gegen einen Br\u00fcckenpfeiler geschleudert. Hierdurch wurde der Fahrzeugf\u00fchrer in seinem Daimler eingeklemmt. Er konnte von einem Ersthelfer befreit werden und wurde in ein umliegendes Krankenhaus eingeliefert. Hier erlag er jedoch noch am Abend seinen Verletzungen. Die Ermittlungen zur Unfallursache wurden durch den Verkehrsdienst Heidelberg \u00fcbernommen und dauern aktuell noch an.<\/p>\n\n\n\n<p>Durch die Kollision mit dem Br\u00fcckenpfeiler wurde m\u00f6glicherweise die Statik der Br\u00fccke beeinflusst. Bis zu einer abschlie\u00dfenden Pr\u00fcfung durch einen Sachverst\u00e4ndigen bleibt die Br\u00fccke deshalb vorsorglich f\u00fcr den Kraftfahrzeugverkehr gesperrt.<\/p>\n\n\n\n<h2 class=\"wp-block-heading\">(Hockenheim \/ Rhein-Neckar-Kreis) &#8211; Betrunken und ohne F\u00fchrerschein mit geklautem Auto Unfall gebaut, zu Fu\u00df gefl\u00fcchtet \/ Durch Polizei festgenommen!<\/h2>\n\n\n<div class=\"wp-block-image\">\n<figure class=\"aligncenter size-full\"><img decoding=\"async\" loading=\"lazy\" width=\"800\" height=\"533\" src=\"https:\/\/speyer24news.com\/wp-content\/uploads\/2021\/10\/Festnahme-Handschellen.jpg\" alt=\"\" class=\"wp-image-41224\" srcset=\"https:\/\/speyer24news.com\/wp-content\/uploads\/2021\/10\/Festnahme-Handschellen.jpg 800w, https:\/\/speyer24news.com\/wp-content\/uploads\/2021\/10\/Festnahme-Handschellen-300x200.jpg 300w, https:\/\/speyer24news.com\/wp-content\/uploads\/2021\/10\/Festnahme-Handschellen-768x512.jpg 768w\" sizes=\"(max-width: 800px) 100vw, 800px\" \/><figcaption class=\"wp-element-caption\">Beispielbild Handschelle \/ Verhaftung, dient lediglich der Visualisierung<\/figcaption><\/figure><\/div>\n\n\n<p>Am Samstagabend, gegen 22.30 Uhr, befuhr ein 54-J\u00e4hriger mit ausgeschaltetem Licht an seinem Citroen die Ludwig-Grein-Stra\u00dfe in Richtung untere M\u00fchlstra\u00dfe. Ein anderes Auto, welches aus Richtung Me\u00dfplatz kam, stie\u00df in der Folge mit dem Citroen-Fahrer in der M\u00fchlstra\u00dfe zusammen. Nach dem Unfall fuhren beide Fahrzeuge auf einen Parkplatz bei der Bibliothek. Der 54-J\u00e4hrige verlie\u00df jedoch sein Auto und fl\u00fcchtete dann zu Fu\u00df in zun\u00e4chst unbekannte Richtung, woraufhin der gesch\u00e4digte Unfallbeteiligte die Polizei verst\u00e4ndigte. W\u00e4hrend der Unfallaufnahme wurde bekannt, dass das Auto des 54-J\u00e4hrigen vor \u00fcber 2 Wochen als gestohlen gemeldet worden war. Durch eine weitere Streife des Polizeirevier Hockenheim wurde der 54-J\u00e4hrige um 23.25 Uhr im Rahmen der eingeleiteten Fahndung festgenommen. Ein durchgef\u00fchrter Alkoholtest ergab einen Wert von \u00fcber 1,5 Promille. Auch stellte sich heraus, dass er nicht im Besitz einer g\u00fcltigen Fahrerlaubnis ist. Der alkoholisierte Fahrer wurde aufs Revier gebracht, wo ihm eine Blutprobe entnommen wurde. Das von ihm gef\u00fchrte Auto wurde sichergestellt und abgeschleppt. Es zu einem Sachschaden von einem niedrigen vierstelligen Bereich. Verletzt wurde bei dem Unfall niemand.<\/p>\n\n\n\n<p>Den 54-J\u00e4hrigen erwartet jetzt ein Strafverfahren wegen verschiedener Verkehrsstraftaten. Das Polizeirevier Hockenheim hat die Ermittlungen aufgenommen.<\/p>\n\n\n\n<h2 class=\"wp-block-heading\">(A 61 \/ Hockenheim \/ Rhein-Neckar-Kreis) &#8211; Aquaplaning und unangepasste Geschwindigkeit f\u00fchren zu Unfall mit hohem Schaden<\/h2>\n\n\n\n<p>Am Samstag ging gegen 22 Uhr \u00fcber die A61 im Bereich Hockenheim ein Unwetter mit starkem Regenschauer hinweg. Der 50-j\u00e4hrige Fahrer eines Skodas passte nach ersten Erkenntnissen seine Geschwindigkeit aber nicht an die Stra\u00dfenverh\u00e4ltnisse an und verlor auf Grund von Aquaplaning die Kontrolle \u00fcber sein Auto. Der Skoda kam ins Schleudern und geriet von der linken Spur auf die rechte, wo das Heck auf einen dort fahrenden Volvo prallte. Anschlie\u00dfend drehte sich der Skoda mehrmals und kollidierte zwei Mal mit der Mittelleitplanke. An beiden Fahrzeugen entstand ein Totalschaden, der auf \u00fcber 30.000 Euro beziffert wird. Verletzt wurde bei dem Unfall niemand.<\/p>\n\n\n\n<p>Der 50-j\u00e4hrige Unfallverursacher muss mit einer Anzeige wegen unangepasster Geschwindigkeit rechnen.<\/p>\n\n\n\n<p>Bei der Absicherung der Unfallstelle kam es zu einem Folgeunfall, bei dem auch ein Fahrzeug der Polizei besch\u00e4digt wurde. Auf die entsprechende PM wird verwiesen.<\/p>\n\n\n\n<h2 class=\"wp-block-heading\">(Meckesheim \/ Rhein-Neckar-Kreis) &#8211; Ohne F\u00fchrerschein einem Streifenwagen die Vorfahrt genommen \/ Au\u00dferdem mutma\u00dflich entwendete Schl\u00fcssel sichergestellt<\/h2>\n\n\n\n<h3 class=\"wp-block-heading has-text-align-center\">Pressemeldung Nr. 2<\/h3>\n\n\n<div class=\"wp-block-image\">\n<figure class=\"aligncenter size-full\"><img decoding=\"async\" loading=\"lazy\" width=\"800\" height=\"600\" src=\"https:\/\/speyer24news.com\/wp-content\/uploads\/2023\/07\/IMG_08_35_25-1.jpg\" alt=\"\" class=\"wp-image-53894\" srcset=\"https:\/\/speyer24news.com\/wp-content\/uploads\/2023\/07\/IMG_08_35_25-1.jpg 800w, https:\/\/speyer24news.com\/wp-content\/uploads\/2023\/07\/IMG_08_35_25-1-300x225.jpg 300w, https:\/\/speyer24news.com\/wp-content\/uploads\/2023\/07\/IMG_08_35_25-1-768x576.jpg 768w, https:\/\/speyer24news.com\/wp-content\/uploads\/2023\/07\/IMG_08_35_25-1-678x509.jpg 678w, https:\/\/speyer24news.com\/wp-content\/uploads\/2023\/07\/IMG_08_35_25-1-326x245.jpg 326w, https:\/\/speyer24news.com\/wp-content\/uploads\/2023\/07\/IMG_08_35_25-1-80x60.jpg 80w\" sizes=\"(max-width: 800px) 100vw, 800px\" \/><\/figure><\/div>\n\n\n<p>Wie berichtet missachtete in der Nacht des vergangenen Mittwochs auf Donnerstag ein VW-Fahrer auf der Zuzenh\u00e4user Stra\u00dfe die Vorfahrt eines Streifenwagen, worauf dieser kontrolliert wurde:&nbsp;<a target=\"_blank\" rel=\"noreferrer noopener\" href=\"https:\/\/www.presseportal.de\/blaulicht\/pm\/14915\/5557549\">https:\/\/www.presseportal.de\/blaulicht\/pm\/14915\/5557549<\/a><\/p>\n\n\n\n<p>Neben des nicht vorhandenen F\u00fchrerscheina, der Nutzung des Fahrzeugs ohne Erlaubnis der Halterin und einem Springmesser wurde dabei auch noch mutma\u00dfliches Aufbruchswerkzeug und die abgebildeten 21 Schl\u00fcssel festgestellt, deren Herkunft unklar ist. <\/p>\n\n\n\n<ul>\n<li><strong>Wer seine Schl\u00fcssel wiedererkennt oder aus sonstigen Gr\u00fcnden Angaben zu deren Herkunft machen kann, meldet sich bitte beim Polizeirevier Neckargem\u00fcnd unter der 06223 9254-0.<\/strong><\/li>\n<\/ul>\n\n\n\n<h2 class=\"wp-block-heading\">(Neckargem\u00fcnd \/ Rhein-Neckar-Kreis) &#8211; Schildkr\u00f6te ausgeb\u00fcxt \/ Polizei sucht Eigent\u00fcmer\/in<\/h2>\n\n\n<div class=\"wp-block-image\">\n<figure class=\"aligncenter size-full\"><img decoding=\"async\" loading=\"lazy\" width=\"800\" height=\"583\" src=\"https:\/\/speyer24news.com\/wp-content\/uploads\/2023\/07\/IMG_0017.jpg\" alt=\"\" class=\"wp-image-53896\" srcset=\"https:\/\/speyer24news.com\/wp-content\/uploads\/2023\/07\/IMG_0017.jpg 800w, https:\/\/speyer24news.com\/wp-content\/uploads\/2023\/07\/IMG_0017-300x219.jpg 300w, https:\/\/speyer24news.com\/wp-content\/uploads\/2023\/07\/IMG_0017-768x560.jpg 768w\" sizes=\"(max-width: 800px) 100vw, 800px\" \/><\/figure><\/div>\n\n\n<p>Da staunten die Beamtinnen und Beamten des Polizeireviers Neckargem\u00fcnd nicht schlecht, als am Sonntagmittag eine 30-j\u00e4hrige Frau eine griechische Landschildkr\u00f6te als Fundsache auf der Dienststelle abgab. Das knapp 20 cm gro\u00dfe und vermutlich zehn Jahre alte Tier hatte die Frau bei einem Spaziergang auf dem Feldweg zwischen &#8222;Alter Hofweg&#8220; und &#8222;Postweg&#8220; entdeckt, als die Schildkr\u00f6te gem\u00e4chlich ihres Weges zog.<\/p>\n\n\n\n<p>Die Polizei k\u00fcmmerte sich um die Versorgung des Tieres und f\u00fctterten die Schildkr\u00f6te mit Gem\u00fcse, selbstverst\u00e4ndlich in Bio-Qualit\u00e4t.<\/p>\n\n\n\n<p>Allerdings fehlt noch die dazu passende Eigent\u00fcmerin, beziehungsweise der Eigent\u00fcmer.<\/p>\n\n\n\n<ul>\n<li><strong>Jene werden gebeten sich beim Polizeirevier Neckargem\u00fcnd, unter der Telefonnummer 06223-9254-0, zu melden.<\/strong><\/li>\n<\/ul>\n\n\n\n<h2 class=\"wp-block-heading\">(Edingen-Neckarhausen \/ Rhein-Neckar-Kreis) &#8211; Einbruch in Familienzentrum \/ Zeugenaufruf<\/h2>\n\n\n\n<p>In der Zeit von Freitag bis Montag brach ein oder mehrere bislang unbekannte T\u00e4ter in ein Familienzentrum in der Kolpingstra\u00dfe ein. Hierzu hebelten der oder die T\u00e4ter die Terrassent\u00fcr auf, begaben sich zum B\u00fcro des Anwesens und hebelten diese T\u00fcr ebenfalls auf. Dort wurde aus einem Tresor Bargeld im dreistelligen Bereich entwendet. <\/p>\n\n\n\n<ul>\n<li><strong>Der Polizeiposten Edingen hat nun die Ermittlungen aufgenommen und ist auf der Suche nach Zeugen, welche Angaben zu der Tat oder dem\/den T\u00e4tern machen k\u00f6nnen. Zeugen werden gebeten, sich unter Tel.: 06203-892029 zu melden.<\/strong><\/li>\n<\/ul>\n\n\n\n<h2 class=\"wp-block-heading\">(Ladenburg \/ Rhein-Neckar-Kreis) &#8211; Unter Drogeneinfluss Unfall verursacht<\/h2>\n\n\n\n<p>Am Samstag, um 19.45 Uhr, ereignete sich in der Schwarzkreuzstra\u00dfe ein Verkehrsunfall, bei dem ein 35-J\u00e4hriger die Vorfahrt eines 56-J\u00e4hrigen missachtete. W\u00e4hrend der Unfallaufnahme fiel den Polizeibeamten des Polizeirevier Ladenburg auf, dass der Unfallverursacher augenscheinlich unter Drogeneinfluss stand. Ein Urintest best\u00e4tigte den Verdacht. Nach der erfolgten Blutprobe auf dem Revier wurde der F\u00fchrerschein sichergestellt. Gegen den 35-J\u00e4hrigen wird nun wegen Stra\u00dfenverkehrsgef\u00e4hrdung und Besitzes von Bet\u00e4ubungsmitteln ermittelt.<\/p>\n\n\n\n<h2 class=\"wp-block-heading\">(Weinheim \/ Rhein-Neckar-Kreis) &#8211; K\u00f6rperverletzung vor Diskothek \/ Zeugenaufruf<\/h2>\n\n\n\n<p>Am Sonntagmorgen um 02.20 Uhr erstattete ein 24-J\u00e4hriger beim Polizeirevier Weinheim Anzeige wegen K\u00f6rperverletzung. Ein bislang unbekannter T\u00e4ter schlug dem jungen Mann vor einer Weinheimer Diskothek im Gewerbegebiet aus ins Gesicht, nachdem man zuvor in Streit geraten war. Der 24-J\u00e4hrige fiel durch den Schlag in einen hinter ihm befindlichen Zaun und verletzte sich leicht. Der T\u00e4ter, welcher in weiblicher Begleitung war, verlie\u00df hiernach in einem Taxi das Gewerbegebiet in unbekannte Richtung . <\/p>\n\n\n\n<ul>\n<li><strong>Das Polizeirevier Weinheim hat die Ermittlungen aufgenommen und bittet Zeugen, die Angaben zu dem T\u00e4ter oder der Tat machen k\u00f6nnen, sich unter Tel: 06201-1003-0 zu melden.<\/strong><\/li>\n<\/ul>\n","protected":false},"excerpt":{"rendered":"<div class=\"mh-excerpt\"><p>Polizeimeldungen vom Montag &amp; Dienstag (17.07. &amp; 18.07.2023) (Speyer \/ Wachenheim) &#8211; R\u00fccknahme der \u00d6ffentlichkeitsfahndung nach vermisster 14-J\u00e4hriger Die seit dem 04.07.2023 vermisste 14-J\u00e4hrige aus Speyer konnte am 17.07.2023 wohlbehalten in Wachenheim an der Weinstra\u00dfe <a class=\"mh-excerpt-more\" href=\"https:\/\/speyer24news.com\/?p=53880\" title=\"Polizeimeldungen Montag &#038; Dienstag (17.07. &#038; 18.07.2023)\">[&#8230;]<\/a><\/p>\n<\/div>","protected":false},"author":3,"featured_media":26162,"comment_status":"open","ping_status":"open","sticky":false,"template":"","format":"standard","meta":{"_monsterinsights_skip_tracking":false,"_monsterinsights_sitenote_active":false,"_monsterinsights_sitenote_note":"","_monsterinsights_sitenote_category":0,"footnotes":""},"categories":[15659],"tags":[7243,7244,3614,350,14537,15084,15267,14538,15361,15845,702,61,2555,6955,6986,6263,63,105,11150,6987,53,4854,13534,4683,1548,4905,11592,102,13626,213,14325,14324,13553,13541,55,8277,6368,5261,103,106,2803,2423,427,2625,380,62,104,979,1565],"aioseo_notices":[],"amp_enabled":true,"_links":{"self":[{"href":"https:\/\/speyer24news.com\/index.php?rest_route=\/wp\/v2\/posts\/53880"}],"collection":[{"href":"https:\/\/speyer24news.com\/index.php?rest_route=\/wp\/v2\/posts"}],"about":[{"href":"https:\/\/speyer24news.com\/index.php?rest_route=\/wp\/v2\/types\/post"}],"author":[{"embeddable":true,"href":"https:\/\/speyer24news.com\/index.php?rest_route=\/wp\/v2\/users\/3"}],"replies":[{"embeddable":true,"href":"https:\/\/speyer24news.com\/index.php?rest_route=%2Fwp%2Fv2%2Fcomments&post=53880"}],"version-history":[{"count":8,"href":"https:\/\/speyer24news.com\/index.php?rest_route=\/wp\/v2\/posts\/53880\/revisions"}],"predecessor-version":[{"id":53903,"href":"https:\/\/speyer24news.com\/index.php?rest_route=\/wp\/v2\/posts\/53880\/revisions\/53903"}],"wp:featuredmedia":[{"embeddable":true,"href":"https:\/\/speyer24news.com\/index.php?rest_route=\/wp\/v2\/media\/26162"}],"wp:attachment":[{"href":"https:\/\/speyer24news.com\/index.php?rest_route=%2Fwp%2Fv2%2Fmedia&parent=53880"}],"wp:term":[{"taxonomy":"category","embeddable":true,"href":"https:\/\/speyer24news.com\/index.php?rest_route=%2Fwp%2Fv2%2Fcategories&post=53880"},{"taxonomy":"post_tag","embeddable":true,"href":"https:\/\/speyer24news.com\/index.php?rest_route=%2Fwp%2Fv2%2Ftags&post=53880"}],"curies":[{"name":"wp","href":"https:\/\/api.w.org\/{rel}","templated":true}]}}