{"id":54008,"date":"2023-07-21T08:22:23","date_gmt":"2023-07-21T07:22:23","guid":{"rendered":"https:\/\/speyer24news.com\/?p=54008"},"modified":"2023-07-21T08:26:20","modified_gmt":"2023-07-21T07:26:20","slug":"polizeimeldungen-donnerstag-20-07-2023","status":"publish","type":"post","link":"https:\/\/speyer24news.com\/?p=54008","title":{"rendered":"Polizeimeldungen Donnerstag (20.07.2023)"},"content":{"rendered":"<style type=\"text\/css\">\r\n\t.ads_top_disp{}\r\n\t.ads_top_corner_disp{ float:left; margin:0px 10px 10px 0px; }\r\n\t.ads_first_p_disp{}\r\n\t.ads_bottom_disp{}\r\n\t<\/style>\n<h2 class=\"wp-block-heading\">Polizeimeldungen vom Donnerstag (20.07.2023)<\/h2>\n\n\n<div class=\"wp-block-image\">\n<figure class=\"aligncenter size-full\"><img decoding=\"async\" loading=\"lazy\" width=\"375\" height=\"500\" src=\"https:\/\/speyer24news.com\/wp-content\/uploads\/2022\/03\/Aktuelles-Polizeilogo.jpg\" alt=\"\" class=\"wp-image-43591\" srcset=\"https:\/\/speyer24news.com\/wp-content\/uploads\/2022\/03\/Aktuelles-Polizeilogo.jpg 375w, https:\/\/speyer24news.com\/wp-content\/uploads\/2022\/03\/Aktuelles-Polizeilogo-225x300.jpg 225w\" sizes=\"(max-width: 375px) 100vw, 375px\" \/><\/figure><\/div>\n\n\n<h2 class=\"wp-block-heading\">(Speyer) &#8211; Bedrohung und K\u00f6rperverletzung<\/h2>\n\n\n\n<p>Am 19.07.2023 gegen 19:30 Uhr kam es in der Alten Rheinh\u00e4user Stra\u00dfe zu einer Bedrohung und K\u00f6rperverletzung. Ein 65-j\u00e4hriger Mann hatte gegen 19:00 Uhr eine bislang unbekannte Frau mit zwei Hunden vor seinem Gartengrundst\u00fcck angesprochen. Er forderte sie auf, die Hunde nicht vor diesem urinieren zu lassen. Kurze Zeit sp\u00e4ter kam ein Mann mit einem Lastenfahrrad zum Garten und sprach den 65-J\u00e4hrigen auf das zuvor gef\u00fchrte Gespr\u00e4ch an. Demnach handelte es sich um den Ehemann der Hundehalterin. Im Laufe des Gespr\u00e4chs wurde der bislang unbekannte Mann verbal aggressiv und bedrohte den Gesch\u00e4digten. Als dieser daraufhin den Unbekannten fotografierte, stie\u00df dieser mit dem Vorderteil des Lastenfahrrades gegen das Bein des 65-J\u00e4hrigen und entfernte sich.<\/p>\n\n\n\n<ul>\n<li><strong>Wer kann Hinweise zu verd\u00e4chtigen Personen oder Fahrzeugen geben? Sachdienliche Hinweise nimmt die Polizei Speyer unter der Rufnummer 06232\/137-0 oder per Email (<a href=\"mailto:pispeyer@polizei.rlp.de\">pispeyer@polizei.rlp.de<\/a>) entgegen.<\/strong><\/li>\n<\/ul>\n\n\n\n<h2 class=\"wp-block-heading\">(Speyer) &#8211; Unfall zwischen Pedelecfahrerin und Linienbus<\/h2>\n\n\n\n<p>Am 19.07.2023 gegen 13:34 Uhr befuhr ein 41-J\u00e4hriger mit seinem Linienbus die Auestra\u00dfe aus Richtung Wormser Landstra\u00dfe kommend. Zur gleichen Zeit befuhr ein 11-j\u00e4hriges M\u00e4dchen mit ihrem Pedelec die Kuhweide in Richtung Auestra\u00dfe. An der Einm\u00fcndung konnte sie nicht mehr rechtzeitig bremsen und es kam zum Zusammensto\u00df mit dem Bus. Das 11-j\u00e4hrige M\u00e4dchen st\u00fcrzte zu Boden und zog sich leichte Verletzungen zu. Sie wurde vom Rettungsdienst vor Ort medizinisch erstversorgt und anschlie\u00dfend zur weiteren Abkl\u00e4rung in ein Krankenhaus gebracht.<\/p>\n\n\n\n<h2 class=\"wp-block-heading\">(Speyer) &#8211; Erneute Kontrolle am Doppelgymnasium<\/h2>\n\n\n\n<p>Aufgrund erneuter Beschwerden der ans\u00e4ssigen Gymnasien \u00fcberwachten Beamte der Polizei Speyer am Dienstag und Mittwoch den Schulweg\/Einbahnstra\u00dfe im Bereich des Doppelgymnasiums. Die Beamten beobachteten am Dienstag vor Schulbeginn mehrere Fahrzeuge, die den Eindruck erweckten, aus Richtung Freiherr-vom-Steinstra\u00dfe in die f\u00fcr PKW gesperrte Otto-Mayer-Stra\u00dfe einfahren zu wollen. Beim Erblicken des Streifenwagens seien die Fahrzeugf\u00fchrer jedoch der ausgeschilderten Verkehrsf\u00fchrung gefolgt. Bei der Kontrolle am Mittwoch in der Zeit von 09:30 bis 13:15 Uhr konnten vier Fahrzeugf\u00fchrer verwarnt werden, die entgegen der Einbahnstra\u00dfe fuhren.<\/p>\n\n\n\n<p>Seit der \u00c4nderung der Verkehrsf\u00fchrung ist die Einfahrt von der Freiherr-vom-Stein-Stra\u00dfe in die Otto-Mayer-Stra\u00dfe nur noch f\u00fcr Radfahrer erlaubt. Trotzdem fahren immer wieder Autos in die Stra\u00dfe ein und es kommt zu gef\u00e4hrlichen Verkehrssituationen.<\/p>\n\n\n\n<h2 class=\"wp-block-heading\">(Mutterstadt) &#8211; Geparkten Pkw gerammt<\/h2>\n\n\n\n<p>Vermutlich weil sie kurz abgelenkt war kam eine 19-j\u00e4hrige Pkw-Fahrerin aus Mutterstadt am Mittwochabend in der Oggersheimer Stra\u00dfe nach rechts von der Fahrbahn ab und kollidierte im Anschluss mit einem dort ordnungsgem\u00e4\u00df geparkten Pkw. Durch den Aufprall wurden im Fahrzeug der 19-j\u00e4hrigen beide Airbags ausgel\u00f6st. Da die Unfallverursacherin nach dem Unfall \u00fcber leichte Schmerzen in der Hand klagte und zudem unter Schock stand wurde sie zur weiteren medizinischen Versorgung in ein Krankenhaus verbracht. An den beiden Fahrzeugen entstand ein Sachschaden von circa 11.000 Euro.<\/p>\n\n\n\n<h2 class=\"wp-block-heading\">(R\u00f6merberg) &#8211; Einbruch in Kirche<\/h2>\n\n\n<div class=\"wp-block-image\">\n<figure class=\"aligncenter size-full\"><img decoding=\"async\" loading=\"lazy\" width=\"801\" height=\"600\" src=\"https:\/\/speyer24news.com\/wp-content\/uploads\/2020\/05\/Zeugen-gesucht-Neutral.jpg\" alt=\"\" class=\"wp-image-26598\" srcset=\"https:\/\/speyer24news.com\/wp-content\/uploads\/2020\/05\/Zeugen-gesucht-Neutral.jpg 801w, https:\/\/speyer24news.com\/wp-content\/uploads\/2020\/05\/Zeugen-gesucht-Neutral-300x225.jpg 300w, https:\/\/speyer24news.com\/wp-content\/uploads\/2020\/05\/Zeugen-gesucht-Neutral-768x575.jpg 768w, https:\/\/speyer24news.com\/wp-content\/uploads\/2020\/05\/Zeugen-gesucht-Neutral-678x509.jpg 678w, https:\/\/speyer24news.com\/wp-content\/uploads\/2020\/05\/Zeugen-gesucht-Neutral-326x245.jpg 326w, https:\/\/speyer24news.com\/wp-content\/uploads\/2020\/05\/Zeugen-gesucht-Neutral-80x60.jpg 80w\" sizes=\"(max-width: 801px) 100vw, 801px\" \/><\/figure><\/div>\n\n\n<p>In der Zeit vom 18.07.2023, 19:15 Uhr bis 19.07.2023, 08:20 Uhr hebelten bislang unbekannte T\u00e4ter eine Seitent\u00fcr der Kirche St. Pankratius auf und drangen so in das Kirchengeb\u00e4ude ein. Im Inneren \u00f6ffneten die T\u00e4ter gewaltsam einen in die Wand eingelassenen Opferstock und entwendeten daraus Bargeld in unbekannter H\u00f6he. Anschlie\u00dfend brachen sie eine weitere T\u00fcr zur Sakristei auf. Dort entwendeten die T\u00e4ter aus einem Tresor eine noch unbekannte Menge Bargeld und sakrale Gegenst\u00e4nde. Die Gesamtschadensh\u00f6he steht nach derzeitigem Ermittlungsstand noch nicht fest. <\/p>\n\n\n\n<ul>\n<li><strong>Wer kann Hinweise zu verd\u00e4chtigen Personen oder Fahrzeugen im Umkreis der Kirche geben? Sachdienliche Hinweise nimmt die Polizei Speyer unter der Rufnummer 06232\/137-0 oder per Email (<a href=\"mailto:pispeyer@polizei.rlp.de\">pispeyer@polizei.rlp.de<\/a>) entgegen.<\/strong><\/li>\n<\/ul>\n\n\n\n<h2 class=\"wp-block-heading\">(Lingenfeld) &#8211; Kontrolle &#8222;Am Hirschgraben&#8220;<\/h2>\n\n\n\n<p>Bei einer Kontrolle des Durchfahrtverbots in der Stra\u00dfe &#8222;Am Hirschgraben&#8220; in Lingenfeld ergaben sich am 19.07.2023 innerhalb des einst\u00fcndigen Kontrollzeitraums insgesamt sechs Verst\u00f6\u00dfe. Die Autofahrer wurden geb\u00fchrenpflichtig verwarnt.<\/p>\n\n\n\n<h2 class=\"wp-block-heading\">(Germersheim) &#8211; Berauscht aus dem Verkehr gezogen<\/h2>\n\n\n\n<p>Mit drogentypischen Auff\u00e4lligkeiten fiel in der Nacht von Mittwoch auf Donnerstag ein 26-j\u00e4hriger Autofahrer auf. Gegen 01.30 Uhr wurde er durch eine Streife der Polizeiinspektion Germersheim in Germersheim kontrolliert. Ein Urintest verlief positiv auf Amphetamin, weshalb ihm eine Blutprobe entnommen wurde. Im Anschluss wurde sein F\u00fchrerschein sichergestellt und die Weiterfahrt untersagt.<\/p>\n\n\n\n<h2 class=\"wp-block-heading\">(Oberotterbach) &#8211; Campingfahrzeug besch\u00e4digt<\/h2>\n\n\n\n<p>In der Zeit von 12.-20.07.2023, wurde an einem Camping-Fahrzeug der Marke Ford Transit in der Wei\u00dfenburger Stra\u00dfe, eine Seitenscheibe eingeworfen. Der Sachschaden wird auf 1500.- Euro gesch\u00e4tzt. <\/p>\n\n\n\n<ul>\n<li><strong>Hinweise nimmt die Polizeiinspektion Bad Bergzabern unter 06343\/93340 oder&nbsp;<a href=\"mailto:%20pibadbergzabern@polizei.rlp.de\">pibadbergzabern@polizei.rlp.de<\/a>&nbsp;entgegen.<\/strong><\/li>\n<\/ul>\n\n\n\n<h2 class=\"wp-block-heading\">(Bad Bergzabern) &#8211; Pkw besch\u00e4digt<\/h2>\n\n\n\n<p>In der Nacht von 19.07. auf den 20.07.23, wurde an einem Pkw Hyundai eine Dreiecksscheibe besch\u00e4digt. Der Pkw war in der Siemensstra\u00dfe abgestellt. Der Sachschaden wird auf 200.- Euro gesch\u00e4tzt. <\/p>\n\n\n\n<ul>\n<li><strong>Hinweise zu der Sachbesch\u00e4digung nimmt die Polizeiinspektion Bad Bergzabern unter 06343\/93340 oder&nbsp;<a href=\"mailto:%20pibadbergzabern@polizei.rlp.de\">pibadbergzabern@polizei.rlp.de<\/a>&nbsp;entgegen.<\/strong><\/li>\n<\/ul>\n\n\n\n<h2 class=\"wp-block-heading\">(A 65 \/ Insheim) &#8211; Reifenplatzer f\u00fchrt zu Verkehrsunfall<\/h2>\n\n\n\n<p>Gl\u00fcck im Ungl\u00fcck hatten Mittwochnachmittag (19.07.2023, 16.30 Uhr) zwei Autofahrer auf der A65 bei der AS Insheim (Fahrtrichtung LU), die einem LKW hinterherfuhren, als dessen hintere Bereifung platzte und die umherfliegenden Reifenteile auf die nachfolgenden Fahrzeuge geschleudert wurden. An beiden Fahrzeugen entstand leichter Sachschaden. Infolge der Unfallaufnahme kam es zu leichten Verkehrsbeeintr\u00e4chtigungen.<\/p>\n\n\n\n<h2 class=\"wp-block-heading\">(Landau) &#8211; Schwerer Verkehrsunfall unter Alkoholeinfluss<\/h2>\n\n\n\n<p>Am fr\u00fchen Morgen des 20.07.2023 kam es um 04:55 Uhr in der Hainbachstra\u00dfe in Landau zu einem schweren Verkehrsunfall mit mehreren verletzten Personen. Ein 19-j\u00e4hriger Audi-Fahrer aus Neustadt befuhr die Hainbachstra\u00dfe in Fahrtrichtung L512. Der Unfallverursacher wollte mit seinem Citroen von dem Parkplatz einer B\u00e4ckerei in die Hainbachstra\u00dfe einbiegen. Hierbei kam es zum Zusammensto\u00df der beiden Fahrzeuge. Der Citroen \u00fcberschlug sich und kam einige Meter entfernt auf dem Dach zum Liegen. Der 71-j\u00e4hrige Fahrer des Citroen und dessen Frau, welche sich auf dem Beifahrersitz befand wurden schwer, aber nicht lebensgef\u00e4hrlich verletzt. Der Fahrer des Audi und seine vier Mitfahrer wurden alle leicht verletzt. Die Personen wurden in umliegende Krankenh\u00e4user verbracht. Im Rahmen der Unfallaufnahme wurde festgestellt, dass der Audi-Fahrer unter dem Einfluss von Alkohol stand. Ihm wurde im Krankenhaus eine Blutprobe entnommen. An den beiden Fahrzeugen entstand jeweils Totalschaden. Die Gesamtschadensh\u00f6he d\u00fcrfte bei ca. 30.000EUR liegen.<\/p>\n\n\n\n<h2 class=\"wp-block-heading\">(Landau) &#8211; PKW Fahrer unter Cannabiseinfluss kontrolliert<\/h2>\n\n\n\n<p>Am Abend des 19.07.2023 wurde durch eine Streife der Polizei Landau ein PKW in der Wei\u00dfenburger Stra\u00dfe in Landau kontrolliert. Im Rahmen der Verkehrskontrolle konnte durch die Beamten bei dem 34-j\u00e4rigen Fahrer drogentypische Auffallerscheinungen festgestellt werden. Ein vor Ort durchgef\u00fchrter Drogentest best\u00e4tigte den Verdacht, und zeigte an, dass der Mann Cannabisprodukte konsumiert hatte. Es wurde im weiteren Verlauf ein entsprechendes Strafverfahren eingeleitet. Weiter wurde dem Beschuldigten eine Blutprobe entnommen.<\/p>\n\n\n\n<h2 class=\"wp-block-heading\">(Landau) &#8211; Diebstahl von Goldschmuck<\/h2>\n\n\n\n<p>Am Morgen des 19.07. kam es zwischen 05:00 Uhr und 09:00 Uhr zu einem Diebstahl von Goldschmuck im Hans-Mayer-Weg in Landau. Durch eine offenstehende Terrassent\u00fcr konnte die T\u00e4terschaft in das Wohnanwesen der Gesch\u00e4digten gelangen. Dort wurde aus dem Badezimmer eine Schatulle mit Goldschmuck im Wert von ca. 8.000 EUR entwendet.<\/p>\n\n\n\n<ul>\n<li><strong>Sachdienliche Hinweise richten Sie bitte an die Polizeiinspektion Landau unter der Telefonnummer 06341 287-0 oder per E-Mail an&nbsp;<a href=\"mailto:%20pilandau@polizei.rlp.de\">pilandau@polizei.rlp.de<\/a>.<\/strong><\/li>\n<\/ul>\n\n\n\n<h2 class=\"wp-block-heading\">(Edesheim) &#8211; Zu viel Wein getrunken<\/h2>\n\n\n\n<p>Kurz vor 20.30 Uhr wurde Mittwochabend (19.07.2023) in der Leonhard-Eckel-Siedlung ein 60 Jahre alter Mann mit seinem Fahrzeug kontrolliert. Seine Alkoholfahne sei wegen &#8222;einem viertel Wein&#8220; zustande gekommen. Ein Schnelltest ergab 0,6 Promille. Die Weiterfahrt war f\u00fcr ihn beendet. Seine Begleiterin musste das Fahrzeug nach Hause fahren. Da der Fahrer keinen festen Wohnsitz in Deutschland hat, wurde eine Sicherheitsleistung von 530 Euro einbehalten. Eine Sicherheitsleistung hat den Zweck, den staatlichen Strafverfolgungs- und Strafvollstreckungsanspruch bei ausl\u00e4ndischen Verkehrsteilnehmern zu sichern.<\/p>\n\n\n\n<h2 class=\"wp-block-heading\">(Edenkoben) &#8211; Handykontrolle<\/h2>\n\n\n\n<p>Innerhalb einer Stunde wurden am Mittwoch (19.07.2023, 12.45 Uhr bis 13.45 Uhr) von einer Zivilstreife vier Autofahrer erwischt, die w\u00e4hrend der Fahrt mit ihrem Handy telefonierten. Alle vier erwartet ein Bu\u00dfgeldbescheid von 100.- Euro sowie einen Punkt in der Flensburger Verkehrss\u00fcnderkartei.<\/p>\n\n\n\n<h2 class=\"wp-block-heading\">(K 16 \/ Lindenberg) &#8211; Schwerer Verkehrsunfall, Motorradfahrer verstirbt am Unfallort<\/h2>\n\n\n\n<h3 class=\"wp-block-heading\">Gemeinsame Pressemitteilung der Staatsanwaltschaft Frankenthal(Pfalz) und der Polizeiinspektion Neustadt\/Weinstra\u00dfe<\/h3>\n\n\n<div class=\"wp-block-image\">\n<figure class=\"aligncenter size-full\"><img decoding=\"async\" loading=\"lazy\" width=\"800\" height=\"533\" src=\"https:\/\/speyer24news.com\/wp-content\/uploads\/2021\/01\/Ruhe-in-Frieden.jpg\" alt=\"\" class=\"wp-image-32361\" srcset=\"https:\/\/speyer24news.com\/wp-content\/uploads\/2021\/01\/Ruhe-in-Frieden.jpg 800w, https:\/\/speyer24news.com\/wp-content\/uploads\/2021\/01\/Ruhe-in-Frieden-300x200.jpg 300w, https:\/\/speyer24news.com\/wp-content\/uploads\/2021\/01\/Ruhe-in-Frieden-768x512.jpg 768w\" sizes=\"(max-width: 800px) 100vw, 800px\" \/><\/figure><\/div>\n\n\n<p>Am 19.07.2023, gegen 14:20 Uhr, ereignete sich auf der K 16 in H\u00f6he der Gemarkung Lindenberg ein schwerer Verkehrsunfall, bei dem eine Person t\u00f6dlich verletzt wurde. Der 65-j\u00e4hrige Motorradfahrer aus dem Rhein-Pfalz-Kreis befuhr die K 16 aus Wachenheim kommend in Richtung der B 39, wobei er ersten Erkenntnissen zufolge in einer Rechtskurve aus bislang ungekl\u00e4rter Ursache nach links in den Gegenverkehr geriet und frontal in einen entgegenkommenden Personenkraftwagen prallte. Die 62-j\u00e4hrige Fahrzeugf\u00fchrerin des Personenkraftwagens Mercedes C-Klasse aus dem Kreis Frankenthal wurde durch den Zusammensto\u00df leicht verletzt und in ein umliegendes Krankenhaus verbracht. Der Motorradfahrer verstarb trotz sofort eingeleiteter Reanimationsma\u00dfnahmen noch am Unfallort. Die Unfallfahrzeuge wurden sichergestellt, ein Unfallgutachter wurde mit der Rekonstruktion des Unfalls beauftragt. Im Einsatz waren neben dem Rettungshubschrauber mit Notarzt und zwei Rettungsfahrzeugen auch die Feuerwehren Lindenberg und Lambrecht mit sechs Fahrzeugen und achtzehn Einsatzkr\u00e4ften sowie die Polizeiinspektionen Neustadt\/Weinstra\u00dfe und Bad D\u00fcrkheim mit vier Fahrzeugen und acht Einsatzkr\u00e4ften. Die K 16 war f\u00fcr die Dauer der Aufr\u00e4um-und Bergungsarbeiten mehrere Stunden voll gesperrt.<\/p>\n\n\n\n<h2 class=\"wp-block-heading\">(Gr\u00fcnstadt) &#8211; Verkehrsunfall mit Totalschaden aufgrund eines Insektes<\/h2>\n\n\n\n<p>Am Donnerstag den 20.07.2023 befuhr gegen 18:30 Uhr eine 91-J\u00e4hrige aus Bockenheim an der Weinstra\u00dfe mit ihrem Pkw die B271 von Gr\u00fcnstadt kommend in Fahrtrichtung Bockenheim. Nach eigenen Angaben h\u00e4tte sich ein schwarzes Insekt w\u00e4hrend der Fahrt auf ihren Oberschenkel gesetzt, welches sie nun wegschlagen wollte. Hierbei habe sie die Kontrolle \u00fcber ihren Pkw verloren, weshalb sie nach links von der Fahrbahn abkam und schlie\u00dflich in die dortigen Leitplanken knallte. Die Bockenheimerin wurde bei dem Verkehrsunfall nicht verletzt, obwohl der Aufprall nicht unerheblich war, der Pkw schon \u00fcber 30 Jahre alt ist und \u00fcber keine Airbags verf\u00fcgt. Im Rahmen der Verkehrsunfallaufnahme war die B271 f\u00fcr ca. 30 Minuten in beide Fahrtrichtungen voll gesperrt.<\/p>\n\n\n\n<h2 class=\"wp-block-heading\">(Frankenthal) &#8211; Einbruch in Lager<\/h2>\n\n\n\n<p>Zwischen dem 18.07.2023 (16:15 Uhr) und dem 19.07.2023 (07:00) sind bislang unbekannte T\u00e4ter in ein Lager in der Carl-Benz-Stra\u00dfe eingebrochen. Es wurden mehrere Kupferrohre, Werkzeuge und Baumaschinen entwendet. Die genaue Schadensh\u00f6he ist derzeit nicht bekannt.<\/p>\n\n\n\n<ul>\n<li><strong>Haben Sie in diesem Zeitraum verd\u00e4chtige Personen oder Fahrzeuge in der Carl-Benz-Stra\u00dfe gesehen?<\/strong><\/li>\n<\/ul>\n\n\n\n<ul>\n<li><strong>Sachdienliche Hinweise nimmt die Kriminalpolizei Ludwigshafen unter der Telefonnummer 0621\/963-2773 oder per E-Mail&nbsp;<a href=\"mailto:%20kiludwigshafen.k1.kdd@polizei.rlp.de\">kiludwigshafen.k1.kdd@polizei.rlp.de<\/a>&nbsp;entgegen.<\/strong><\/li>\n<\/ul>\n\n\n\n<h2 class=\"wp-block-heading\">(Ludwigshafen) &#8211; Polizeikontrollen in der n\u00f6rdlichen Innenstadt<\/h2>\n\n\n\n<p>In der Nacht von Mittwoch (19.07.2023) auf Donnerstag (20.07.2023) f\u00fchrte die Polizeiinspektion Ludwigshafen 2 ab 21 Uhr Kontrollen in Gastronomiebetrieben sowie Personen- und Fahrzeugkontrollen im \u00f6ffentlichen Raum in der n\u00f6rdlichen Innenstadt durch. Ziel der Kontrollma\u00dfnahmen war insbesondere die Bek\u00e4mpfung der Stra\u00dfenkriminalit\u00e4t, besonders von Aggressionsdelikten und Bet\u00e4ubungsmittelkriminalit\u00e4t sowie die St\u00e4rkung des Sicherheitsgef\u00fchls in der Bev\u00f6lkerung.<\/p>\n\n\n\n<p>Insgesamt wurden 108 Personen und 25 Fahrzeuge kontrolliert. Hierbei erfassten die eingesetzten Polizeikr\u00e4fte drei Strafanzeigen (zwei Strafanzeigen wegen illegalem Gl\u00fccksspiel und eine Strafanzeige wegen Versto\u00dfes gegen das Bet\u00e4ubungsmittelgesetz) sowie eine Ordnungswidrigkeitenanzeige wegen Versto\u00dfes gegen das Waffengesetz. Neben Polizeibeamtinnen und Polizeibeamten des Polizeipr\u00e4sidiums Rheinpfalz waren auch Polizeikr\u00e4fte des Polizeipr\u00e4sidiums Einsatz, Technik und Logistik sowie des Kommunalen Vollzugsdienstes der Stadt Ludwigshafen eingesetzt.<\/p>\n\n\n\n<h2 class=\"wp-block-heading\">(Ludwigshafen) &#8211; Brand einer Papierm\u00fclltonne<\/h2>\n\n\n\n<p>Am 19.07.2023, gegen 20 Uhr, brannte eine Papierm\u00fclltonne in der Kaiser-Wilhelm-Stra\u00dfe. Vor Ort konnte der Brand bereits durch Anwohner gel\u00f6scht werden. Aufgrund der Hitzeentwicklung kam es zu Besch\u00e4digungen am angrenzenden Geb\u00e4ude. Die Schadensh\u00f6he wird auf rund 10.000 Euro gesch\u00e4tzt. Die genaue Brandursache ist bisher nicht bekannt.<\/p>\n\n\n\n<ul>\n<li><strong>Haben Sie etwas beobachtet oder k\u00f6nnen Sie Hinweise zur Brandursache geben?<\/strong><\/li>\n<\/ul>\n\n\n\n<ul>\n<li><strong>Sachdienliche Hinweise bitte an die Polizeiinspektion Ludwigshafen 1, Telefonnummer 0621 963-2122 oder per E-Mail&nbsp;<a href=\"mailto:%20piludwigshafen1@polizei.rlp.de\">piludwigshafen1@polizei.rlp.de<\/a>&nbsp;.<\/strong><\/li>\n<\/ul>\n\n\n\n<h2 class=\"wp-block-heading\">(Ludwigshafen) &#8211; Stichverletzung \/ Zeugen gesucht<\/h2>\n\n\n<div class=\"wp-block-image\">\n<figure class=\"aligncenter size-full\"><img decoding=\"async\" loading=\"lazy\" width=\"800\" height=\"621\" src=\"https:\/\/speyer24news.com\/wp-content\/uploads\/2021\/07\/Messer-Angriff-Bedrohung-2.jpg\" alt=\"\" class=\"wp-image-38504\" srcset=\"https:\/\/speyer24news.com\/wp-content\/uploads\/2021\/07\/Messer-Angriff-Bedrohung-2.jpg 800w, https:\/\/speyer24news.com\/wp-content\/uploads\/2021\/07\/Messer-Angriff-Bedrohung-2-300x233.jpg 300w, https:\/\/speyer24news.com\/wp-content\/uploads\/2021\/07\/Messer-Angriff-Bedrohung-2-768x596.jpg 768w\" sizes=\"(max-width: 800px) 100vw, 800px\" \/><figcaption class=\"wp-element-caption\">Symbolbild &#8222;\u00dcberfall Messer&#8220;, dient lediglich der Visualisierung<\/figcaption><\/figure><\/div>\n\n\n<p>Am 19.07.2023, gegen 19:00 Uhr, meldeten Fu\u00dfg\u00e4nger eine Person in der B\u00fcrgermeister-Kutterer-Stra\u00dfe, die augenscheinlich eine Stichverletzung am Oberschenkel habe. Vor Ort konnte ein 27-J\u00e4hriger angetroffen werden. Er gab an, von zwei bislang unbekannten T\u00e4tern, mit einem Taschenmesser angestochen worden zu sein. Der 27-J\u00e4hrige wurde durch den Rettungsdienst zur weiteren Behandlung in ein Krankenhaus gebracht. Eine Beschreibung die unbekannten T\u00e4ter liegt derzeit nicht vor.<\/p>\n\n\n\n<p>Die unbekannten T\u00e4ter konnten nicht mehr angetroffen werden.<\/p>\n\n\n\n<ul>\n<li><strong>Haben Sie zu diesem Zeitpunkt verd\u00e4chtige Personen in der B\u00fcrgermeister-Kutterer-Stra\u00dfe oder Umgebung gesehen?<\/strong><\/li>\n<\/ul>\n\n\n\n<ul>\n<li><strong>Sachdienliche Hinweise bitte an die Polizeiinspektion Ludwigshafen 1, Telefonnummer 0621 963-2122 oder per E-Mail&nbsp;<a href=\"mailto:%20piludwigshafen1@polizei.rlp.de\">piludwigshafen1@polizei.rlp.de<\/a>&nbsp;.<\/strong><\/li>\n<\/ul>\n\n\n\n<h2 class=\"wp-block-heading\">(Ludwigshafen) &#8211; Verkehrsunfall mit leichtverletzter Person<\/h2>\n\n\n\n<p>Eine 54-j\u00e4hrige Fahrradfahrerin befuhr am 19.07.2023, gegen 16:30 Uhr, die Hemshofstra\u00dfe in Richtung Unteres Rheinufer. An der Kreuzung zur Rheinuferstra\u00dfe missachtete eine 29-j\u00e4hrige Autofahrerin die Vorfahrt der 54-J\u00e4hrigen, sodass es zum Unfall kam. Hierdurch st\u00fcrzte die Fahrradfahrerin und verletzte sich leicht. Sie wurde zur weiteren medizinischen Abkl\u00e4rung durch den Rettungsdienst in ein Krankenhaus gebracht. An beiden Fahrzeugen entstand ein leichter Sachschaden.<\/p>\n\n\n\n<h2 class=\"wp-block-heading\">(Ludwigshafen) &#8211; Verkehrssicherheitstage \/ Sicher ohne Elterntaxi zur Schule<\/h2>\n\n\n<div class=\"wp-block-image\">\n<figure class=\"aligncenter size-full\"><img decoding=\"async\" loading=\"lazy\" width=\"800\" height=\"649\" src=\"https:\/\/speyer24news.com\/wp-content\/uploads\/2023\/07\/Bild1Kl.2aGSPfingstweide.jpg\" alt=\"\" class=\"wp-image-54009\" srcset=\"https:\/\/speyer24news.com\/wp-content\/uploads\/2023\/07\/Bild1Kl.2aGSPfingstweide.jpg 800w, https:\/\/speyer24news.com\/wp-content\/uploads\/2023\/07\/Bild1Kl.2aGSPfingstweide-300x243.jpg 300w, https:\/\/speyer24news.com\/wp-content\/uploads\/2023\/07\/Bild1Kl.2aGSPfingstweide-768x623.jpg 768w\" sizes=\"(max-width: 800px) 100vw, 800px\" \/><\/figure><\/div>\n\n\n<p>Viele Eltern bringen ihre Kinder mit dem Auto zur Schule. Dieser Trend sorgt vor den meisten Schulen regelm\u00e4\u00dfig f\u00fcr Chaos. Eine weitere Folge ist, dass die Schulkinder sich nicht ausreichend bewegen. Auch die Umwelt w\u00fcrde davon profitieren, wenn mehr Kinder zu Fu\u00df oder mit \u00f6ffentlichen Verkehrsmitteln zur Schule kommen. Um diesem Trend entgegen zu wirken, planten die Verkehrssicherheitsberater der Polizeiinspektion Ludwigshafen 1 die Aktion &#8218;Sicher ohne Elterntaxi zur Schule&#8216;. <\/p>\n\n\n<div class=\"wp-block-image\">\n<figure class=\"aligncenter size-full\"><img decoding=\"async\" loading=\"lazy\" width=\"800\" height=\"625\" src=\"https:\/\/speyer24news.com\/wp-content\/uploads\/2023\/07\/Bild3Kl.2eGSPfingstweide.jpg\" alt=\"\" class=\"wp-image-54010\" srcset=\"https:\/\/speyer24news.com\/wp-content\/uploads\/2023\/07\/Bild3Kl.2eGSPfingstweide.jpg 800w, https:\/\/speyer24news.com\/wp-content\/uploads\/2023\/07\/Bild3Kl.2eGSPfingstweide-300x234.jpg 300w, https:\/\/speyer24news.com\/wp-content\/uploads\/2023\/07\/Bild3Kl.2eGSPfingstweide-768x600.jpg 768w\" sizes=\"(max-width: 800px) 100vw, 800px\" \/><\/figure><\/div>\n\n\n<p>Bereits im Mai dieses Jahrs startete die Aktion damit, dass alle 2. Schulklassen in Ludwigshafen eingeladen wurden. Insgesamt meldeten sich hierauf rund 700 Sch\u00fclerinnen und Sch\u00fcler an. Im ersten Schritt sollten die angemeldeten Kinder ein Schulwegtagebuch f\u00fchren. Hier war das Ziel m\u00f6glichst viele Punkte zu erlangen. Ein zu Fu\u00df zur\u00fcckgelegter Schulweg brachte mehr Punkte als ein Schulweg mit dem sogenannten Elterntaxi. Alle Schulwegtageb\u00fccher wurden ausgewertet und die zw\u00f6lf besten Schulklassen durften an den Verkehrssicherheitstagen teilnehmen. <\/p>\n\n\n<div class=\"wp-block-image\">\n<figure class=\"aligncenter size-full\"><img decoding=\"async\" loading=\"lazy\" width=\"800\" height=\"605\" src=\"https:\/\/speyer24news.com\/wp-content\/uploads\/2023\/07\/Bild2Kl.2bNiederfeldschule.jpg\" alt=\"\" class=\"wp-image-54011\" srcset=\"https:\/\/speyer24news.com\/wp-content\/uploads\/2023\/07\/Bild2Kl.2bNiederfeldschule.jpg 800w, https:\/\/speyer24news.com\/wp-content\/uploads\/2023\/07\/Bild2Kl.2bNiederfeldschule-300x227.jpg 300w, https:\/\/speyer24news.com\/wp-content\/uploads\/2023\/07\/Bild2Kl.2bNiederfeldschule-768x581.jpg 768w, https:\/\/speyer24news.com\/wp-content\/uploads\/2023\/07\/Bild2Kl.2bNiederfeldschule-80x60.jpg 80w\" sizes=\"(max-width: 800px) 100vw, 800px\" \/><\/figure><\/div>\n\n\n<p>Die Abschlussveranstaltungen der Verkehrssicherheitstage fanden von Montag (17.07.) bis Mittwoch (19.07.), gemeinsam mit der Rhein-Neckar-Verkehr GmbH (RNV), den Wirtschaftsbetrieben Ludwigshafen (WBL) und mit Unterst\u00fctzung der Stadt Ludwigshafen, an der Jugendverkehrsschule Blies statt. Hier wurde den rund 250 Sch\u00fclerinnen und Sch\u00fclern der 12 besten Klassen des Wettbewerbes u.a. ein Go-Kart-Parcours angeboten, um spielerisch die Verkehrsregeln zu erlernen. Mitarbeitende der RNV zeigten mit Pr\u00e4ventionsvideos den Kindern die typischen Gefahren im Zusammenhang mit der Benutzung des \u00d6PNV auf. Weiterhin wurden die Gefahren in und au\u00dferhalb eines Linienbusses im Rahmen der RNV-Busschule ge\u00fcbt. Die WBL stellten ein gro\u00dfes M\u00fcllfahrzeug zur Verf\u00fcgung. Die Fahrerin machte die Kinder auf die mannigfaltigen Gefahren des &#8222;Toten Winkels&#8220; an einem LKW aufmerksam. Die Kinder konnten im Anschluss auf dem Fahrersitz Platz nehmen und so selbst erleben, wie ihre komplette Schulklasse im toten Winkel &#8222;verschwand&#8220;.<\/p>\n\n\n<div class=\"wp-block-image\">\n<figure class=\"aligncenter size-full\"><img decoding=\"async\" loading=\"lazy\" width=\"800\" height=\"591\" src=\"https:\/\/speyer24news.com\/wp-content\/uploads\/2023\/07\/Bild4Kl.2eGSSchillerschuleMundenheim.jpg\" alt=\"\" class=\"wp-image-54012\" srcset=\"https:\/\/speyer24news.com\/wp-content\/uploads\/2023\/07\/Bild4Kl.2eGSSchillerschuleMundenheim.jpg 800w, https:\/\/speyer24news.com\/wp-content\/uploads\/2023\/07\/Bild4Kl.2eGSSchillerschuleMundenheim-300x222.jpg 300w, https:\/\/speyer24news.com\/wp-content\/uploads\/2023\/07\/Bild4Kl.2eGSSchillerschuleMundenheim-768x567.jpg 768w, https:\/\/speyer24news.com\/wp-content\/uploads\/2023\/07\/Bild4Kl.2eGSSchillerschuleMundenheim-80x60.jpg 80w\" sizes=\"(max-width: 800px) 100vw, 800px\" \/><\/figure><\/div>\n\n\n<p>Eine Mitarbeiterin der &#8222;Gemeinschafts-M\u00fcllheizkraftwerk Ludwigshafen GmbH&#8220; (GML) \u00fcberreichte der Siegerklasse zus\u00e4tzlich noch eine &#8222;Siegerurkunde&#8220; sowie eine Einladung f\u00fcr einen Vormittag im st\u00e4dtischen M\u00fcllheizkraftwerk nach den gro\u00dfen Sommerferien. Dort sollen die Kinder neben verkehrssicherheitsrelevanten und technischen Themen auch \u00fcber die Themen Umwelt und Nachhaltigkeit informiert werden. Die Sch\u00fclerinnen und Sch\u00fcler waren von der Aktion begeistert und werden in Zukunft hoffentlich auf das &#8218;Elterntaxi&#8216; verzichten.<\/p>\n\n\n\n<h2 class=\"wp-block-heading\">(Ludwigshafen) &#8211; Betrugsmasche: Sie haben gewonnen!<\/h2>\n\n\n<div class=\"wp-block-image\">\n<figure class=\"aligncenter size-full\"><img decoding=\"async\" loading=\"lazy\" width=\"578\" height=\"572\" src=\"https:\/\/speyer24news.com\/wp-content\/uploads\/2021\/10\/Telefonbetrug-geschnitten.jpg\" alt=\"\" class=\"wp-image-41297\" srcset=\"https:\/\/speyer24news.com\/wp-content\/uploads\/2021\/10\/Telefonbetrug-geschnitten.jpg 578w, https:\/\/speyer24news.com\/wp-content\/uploads\/2021\/10\/Telefonbetrug-geschnitten-300x297.jpg 300w\" sizes=\"(max-width: 578px) 100vw, 578px\" \/><\/figure><\/div>\n\n\n<p>Ein 63-j\u00e4hriger Ludwigshafener erstattet am 19.07.2023 eine Anzeige, da er seit ca. zwei Wochen t\u00e4gliche Anrufe einer angeblichen Buchhaltungsfirma aus M\u00fcnchen mit unterdr\u00fcckter Nummer erh\u00e4lt. Nach Aussage der Firma h\u00e4tte der 63-J\u00e4hirge an einem kostenlosen Gewinnspiel teilgenommen, das nach einem Monat 93,50 Euro kosten w\u00fcrde. Um das Gewinnspiel-Abonnement k\u00fcndigen zu k\u00f6nnen, m\u00fcsste er eine weitere &#8211; bislang unbekannte &#8211; Summe zahlen. Die Betr\u00fcger kannten die Kontoinformationen des 63-J\u00e4hrigen. Gl\u00fccklicherweise sind bislang keine Abbuchungen erfolgt.<\/p>\n\n\n\n<p>Ein weiterer mutma\u00dflicher Teilnehmer eines Gewinnspiels ist ein 58-j\u00e4hriger Ludwigshafener, der im vergangen Jahr an einem Gewinnspiel f\u00fcr einen Audi A6 teilgenommen und nun 38.000 Euro gewonnen haben soll. In diesem Fall wurde der 58-J\u00e4hrige am 19.07.2023, gegen 14:20 Uhr, durch eine weibliche Person ebenfalls mit unterdr\u00fcckter Rufnummer kontaktiert. Die Anruferin verlangte eine Summe von 900 Euro in bar, um Transportkosten abdecken zu k\u00f6nnen. Sie gab an, sich am Folgetag noch einmal telefonisch zu melden.<\/p>\n\n\n\n<p>Sowohl der 63-J\u00e4hrige als auch der 58-J\u00e4hrige haben die Betrugsmasche durchschaut und Anzeige bei der Polizei erstattet.<\/p>\n\n\n\n<p>Die Anzahl der betr\u00fcgerischen Anrufe steigt stetig an. Zu diesen Anrufen z\u00e4hlen zum Beispiel die Tatvarianten &#8222;Falsche Polizeibeamte&#8220;, &#8222;Enkeltrick&#8220;, &#8222;Falsche Microsoft Mitarbeiter&#8220; aber auch &#8222;Gewinnversprechen&#8220;. Die Betr\u00fcger rufen an und teilen mit, dass man an einem Gewinnspiel teilgenommen und eine gewisse Summe gewonnen habe. Aber f\u00fcr die Auszahlung br\u00e4uchten sie die Bankverbindung. Oder vor der \u00dcbergabe des Gewinns m\u00fcsse eine (Notar-) Geb\u00fchr in H\u00f6he einer bestimmten Summe gezahlt werden. Alternativ m\u00fcsse eine Bezahlung anhand von Pay-Karten erfolgen, z.B. von Google-Play. Man solle die Codes telefonisch \u00fcbermitteln.<\/p>\n\n\n\n<p>Die Betrugsmaschen sind sehr facettenreich und \u00e4ndern sich st\u00e4ndig. Unter Verwendung von immer wieder neuen Geschichten, versuchen die T\u00e4ter an das Verm\u00f6gen der meist \u00e4lteren B\u00fcrgerinnen und B\u00fcrger zu gelangen, indem sie sie \u00fcberreden, Geld oder Wertgegenst\u00e4nde zu \u00fcbergeben oder auch \u00dcberweisungen vorzunehmen.<\/p>\n\n\n\n<p>Obwohl schon viele B\u00fcrgerinnen und B\u00fcrger sensibilisiert sind, gelingt es den Betr\u00fcgern in Einzelf\u00e4llen immer wieder, Geld oder Wertgegenst\u00e4nde von Betrugsopfern zu erlangen.<\/p>\n\n\n\n<p>Sollten Sie einmal einen solchen Anruf bekommen, seien Sie wachsam!<\/p>\n\n\n\n<h4 class=\"wp-block-heading\">Die Polizei r\u00e4t zu folgenden Verhaltenshinweisen:<\/h4>\n\n\n\n<ul>\n<li><strong>Wenn Sie einer der vorgenannten Anrufe erreicht, legen Sie einfach den H\u00f6rer auf.<\/strong><\/li>\n\n\n\n<li><strong>Geben Sie keine pers\u00f6nlichen Daten wie Name, Geburtsdatum, Bankverbindungen, Verm\u00f6gensverh\u00e4ltnisse an fremde Personen heraus.<\/strong><\/li>\n\n\n\n<li><strong>Lassen Sie Ihre Telefonnummer aus den Telefonverzeichnissen l\u00f6schen.<\/strong><\/li>\n\n\n\n<li><strong>Merken Sie sich: Wenn Sie an keinem Gewinnspiel teilgenommen haben, k\u00f6nnen Sie auch nicht gewinnen.<\/strong><\/li>\n\n\n\n<li><strong>Bringen Sie den Anruf bei der n\u00e4chsten Polizeidienststelle oder per Onlinewache zur Anzeige.<\/strong><\/li>\n<\/ul>\n\n\n\n<h2 class=\"wp-block-heading\">(Ludwigshafen) &#8211; Trickdieb erbeutet Bargeld<\/h2>\n\n\n<div class=\"wp-block-image\">\n<figure class=\"aligncenter size-large\"><img decoding=\"async\" loading=\"lazy\" width=\"1024\" height=\"649\" src=\"https:\/\/speyer24news.com\/wp-content\/uploads\/2022\/04\/Geld-Betrug-Schockanruf-Rentner-1024x649.jpg\" alt=\"\" class=\"wp-image-44260\" srcset=\"https:\/\/speyer24news.com\/wp-content\/uploads\/2022\/04\/Geld-Betrug-Schockanruf-Rentner-1024x649.jpg 1024w, https:\/\/speyer24news.com\/wp-content\/uploads\/2022\/04\/Geld-Betrug-Schockanruf-Rentner-300x190.jpg 300w, https:\/\/speyer24news.com\/wp-content\/uploads\/2022\/04\/Geld-Betrug-Schockanruf-Rentner-768x487.jpg 768w, https:\/\/speyer24news.com\/wp-content\/uploads\/2022\/04\/Geld-Betrug-Schockanruf-Rentner.jpg 1280w\" sizes=\"(max-width: 1024px) 100vw, 1024px\" \/><figcaption class=\"wp-element-caption\">Beispielbild Schockanruf \/ Betrug, dient lediglich der Visualisierung<\/figcaption><\/figure><\/div>\n\n\n<p>Am Mittwochmorgen (19.07.2023), gegen 10:10 Uhr, sprach ein bislang Unbekannter eine 85-J\u00e4hrige in einem \u00c4rztehaus in der Yorkstra\u00dfe an. <\/p>\n\n\n\n<h4 class=\"wp-block-heading\">Der Mann, welcher als:<\/h4>\n\n\n\n<ul>\n<li><strong>circa 30-40 Jahre<\/strong><\/li>\n\n\n\n<li><strong>circa 1,70 Meter gro\u00df <\/strong><\/li>\n\n\n\n<li><strong>und schlank <\/strong><\/li>\n<\/ul>\n\n\n\n<p>beschrieben wurde, bat die Seniorin darum, ihm zu Geld zu wechseln. Als die Ludwigshafenerin ihr Portemonnaie \u00f6ffnete, entwendete der Unbekannte ihr unbemerkt 170 Euro Bargeld.<\/p>\n\n\n\n<ul>\n<li><strong>Der Mann sei mit einem rosa Poloshirt und hellen Bermudashorts bekleidet gewesen.<\/strong><\/li>\n\n\n\n<li><strong>Wer hat die Tat beobachtet oder kann Hinweise auf die Identit\u00e4t des T\u00e4ters geben?<\/strong><\/li>\n<\/ul>\n\n\n\n<ul>\n<li><strong>Sachdienliche Hinweise nimmt die Kriminalpolizei Ludwigshafen unter der Telefonnummer 0621\/963-2773 oder per E-Mail&nbsp;<a href=\"mailto:%20kiludwigshafen.k1.kdd@polizei.rlp.de\">kiludwigshafen.k1.kdd@polizei.rlp.de<\/a>&nbsp;entgegen.<\/strong><\/li>\n<\/ul>\n\n\n\n<p>Trickdiebe sind erfinderisch und schauspielerisch begabt. Seien Sie deshalb immer misstrauisch, wenn Sie von Fremden angesprochen werden. Verhindern Sie den Zugriff auf Ihre Wertsachen und halten Sie Abstand. Wenn Ihnen eine Situation verd\u00e4chtig vorkommt oder Sie sich unwohl f\u00fchlen, beenden Sie das Gespr\u00e4ch und gehen Sie weg. Rufen Sie die Polizei, unter der 110 wenn Sie bedr\u00e4ngt werden oder sich in einer Gefahr befinden. N\u00e4here Informationen zum Thema sowie die Tricks der T\u00e4ter erfahren sie unter&nbsp;<a target=\"_blank\" rel=\"noreferrer noopener\" href=\"https:\/\/www.polizei-beratung.de\/\">www.polizei-beratung.de<\/a><\/p>\n\n\n\n<h2 class=\"wp-block-heading\">(Ludwigshafen) &#8211; Mofa entwendet<\/h2>\n\n\n\n<p>Zwischen dem 18.07.2023 (18:00 Uhr) und dem 19.07.2023 (08:30 Uhr) wurde ein parkendes Mofa in der Adlerstra\u00dfe durch einen bislang unbekannten T\u00e4ter entwendet. Die Schadensh\u00f6he bel\u00e4uft sich auf rund 750 Euro.<\/p>\n\n\n\n<ul>\n<li><strong>Haben Sie in dem Zeitraum verd\u00e4chtige Personen in der Alderstra\u00dfe gesehen?<\/strong><\/li>\n<\/ul>\n\n\n\n<ul>\n<li><strong>Sachdienliche Hinweise bitte an die Polizeiinspektion Ludwigshafen 1, Telefonnummer 0621 963-2122 oder per E-Mail&nbsp;<a href=\"mailto:%20piludwigshafen1@polizei.rlp.de\">piludwigshafen1@polizei.rlp.de<\/a>&nbsp;.<\/strong><\/li>\n<\/ul>\n\n\n\n<h2 class=\"wp-block-heading\">(Ludwigshafen) &#8211; Verkehrsunfall mit Leichtverletztem<\/h2>\n\n\n\n<p>Am Morgen des 19.07.2023 (08:00 Uhr) befuhr ein 52-j\u00e4hriger Autofahrer die Holbeinstra\u00dfe in Fahrtrichtung Mundenheimer Stra\u00dfe. Zum selben Zeitpunkt befuhr ein 23-J\u00e4hriger mit seinem Fahrrad die Mundenheimer Stra\u00dfe. Beim Einfahren in die Holbeinstra\u00dfe missachtete der Fahrradfahrer die Vorfahrt des 52-j\u00e4hrigen Autofahrers und touchierte mit seinem Fahrrad die linke Vorderseite des Autos. Hierbei wurde der Fahrradfahrer leicht verletzt. Eine medizinische Versorgung durch den Rettungsdienst war vor Ort nicht n\u00f6tig.<\/p>\n\n\n\n<h2 class=\"wp-block-heading\">(Mannheim) &#8211; 20-J\u00e4hriger steuert auf Fu\u00dfg\u00e4nger zu<\/h2>\n\n\n\n<p>Ein 20-j\u00e4hriger BMW-Fahrer befuhr am Mittwoch gegen 22.45 Uhr den Kaiserring auf der linken der zwei vorhandenen Fahrspuren. Auf H\u00f6he der Fu\u00dfg\u00e4ngerlichtzeichenanlage befanden sich zu diesem Zeitpunkt ca. vier bis f\u00fcnf unbekannte weibliche Personen. Diese \u00fcberquerten trotz herrschendem Rotlicht den Stra\u00dfenbereich auf der rechtsseitigen Fahrspur. Der BMW-Fahrer beschleunigte h\u00f6rbar sein Fahrzeug und scherte kurz vor Passieren der markierten Fu\u00dfg\u00e4ngerfl\u00e4che rechtsseitig aus. Die bislang unbekannten Personen schrien laut und sprangen zur\u00fcck auf den Gehweg. Eingesetzte zivile Beamte befand sich zu diesem Zeitpunkt wenige Meter entfernt von der \u00d6rtlichkeit und konnten den Vorfall beobachten. Der Fahrer wurde sofort einer Verkehrskontrolle unterzogen und muss sich nun wegen der Gef\u00e4hrdung des Stra\u00dfenverkehrs verantworten.<\/p>\n\n\n\n<ul>\n<li><strong>Zeugen oder die betroffenen Fu\u00dfg\u00e4ngerinnen, werden gebeten sich beim Verkehrsdienst Mannheim zu melden, unter: 0621 174-4222.<\/strong><\/li>\n<\/ul>\n\n\n\n<h2 class=\"wp-block-heading\">(Mannheim) &#8211; Radfahrer fl\u00fcchtet nach Verkehrsunfall<\/h2>\n\n\n\n<p>Ein bislang unbekannter Fahrradfahrer befuhr am Mittwoch gegen 15:55 Uhr den Gehweg der Speyerer Stra\u00dfe in Fahrtrichtung Mannheimer Hochschule, als er vom Gehweg auf die Speyerer Stra\u00dfe abrupt einfuhr und hierbei einen Seat streifte. Durch den Zusammensto\u00df wurde der Seat an der rechten hinteren Seite besch\u00e4digt. Anschlie\u00dfend sprach die 37-j\u00e4hrige Seat-Fahrerin den Radfahrer auf sein fehlerhaftes Verhalten an. Dieser beleidigte die Seat-Fahrerin und fuhr davon, ohne seine Personalien anzugeben. An dem Seat entstand ein Sachschaden in H\u00f6he eines vierstelligen Betrages.<\/p>\n\n\n\n<ul>\n<li><strong>Zeugen, die Hinweise geben k\u00f6nnen zu dem Verkehrsunfall oder auch dem bislang unbekannten Fahrradfahrer, werden gebeten sich beim Polizeirevier Mannheim-Oststadt zu melden, unter: 0621-174 3310.<\/strong><\/li>\n<\/ul>\n\n\n\n<h2 class=\"wp-block-heading\">(Mannheim) &#8211; Streit eskaliert \/ Unbekannter Mann schl\u00e4gt Frau wegen eines Handys<\/h2>\n\n\n<div class=\"wp-block-image\">\n<figure class=\"aligncenter size-full\"><img decoding=\"async\" loading=\"lazy\" width=\"801\" height=\"600\" src=\"https:\/\/speyer24news.com\/wp-content\/uploads\/2020\/05\/Zeugen-gesucht-Neutral.jpg\" alt=\"\" class=\"wp-image-26598\" srcset=\"https:\/\/speyer24news.com\/wp-content\/uploads\/2020\/05\/Zeugen-gesucht-Neutral.jpg 801w, https:\/\/speyer24news.com\/wp-content\/uploads\/2020\/05\/Zeugen-gesucht-Neutral-300x225.jpg 300w, https:\/\/speyer24news.com\/wp-content\/uploads\/2020\/05\/Zeugen-gesucht-Neutral-768x575.jpg 768w, https:\/\/speyer24news.com\/wp-content\/uploads\/2020\/05\/Zeugen-gesucht-Neutral-678x509.jpg 678w, https:\/\/speyer24news.com\/wp-content\/uploads\/2020\/05\/Zeugen-gesucht-Neutral-326x245.jpg 326w, https:\/\/speyer24news.com\/wp-content\/uploads\/2020\/05\/Zeugen-gesucht-Neutral-80x60.jpg 80w\" sizes=\"(max-width: 801px) 100vw, 801px\" \/><\/figure><\/div>\n\n\n<p>Eine 25-j\u00e4hrige Zeugin meldete sich am Mittwoch gegen 10.45 Uhr bei der Polizei und teilte mit, dass soeben ein Mann einer Frau in Gesicht geschlagen habe. Vor Ort in der Hafenstra\u00dfe konnten die Polizisten eine 49-j\u00e4hrige Frau antreffen. Diese berichtete von Streitigkeiten um die Eigentumsverh\u00e4ltnisse ihres Mobiltelefons mit einem ihr unbekannten Mann. Sie hatte dieses kurzzeitig abgelegt, um nach etwas zu suchen. Der Unbekannte nahm das Mobiltelefon an sich, woraufhin ein Streit entbrannte, dieser das Telefon zu Boden warf und anschlie\u00dfend der 49-J\u00e4hrigen ins Gesicht schlug. Der Unbekannte lief daraufhin in Richtung Aral-Tankstelle davon.<\/p>\n\n\n\n<h4 class=\"wp-block-heading\">Dieser kann wie folgt beschrieben werden: <\/h4>\n\n\n\n<ul>\n<li><strong>Ca. 190 cm gro\u00df<\/strong><\/li>\n\n\n\n<li><strong>ca. 60 Jahre alt<\/strong><\/li>\n\n\n\n<li><strong>Halbglatze mit grauem Haaransatz<\/strong><\/li>\n\n\n\n<li><strong>es fehlten die vorderen Z\u00e4hne<\/strong><\/li>\n\n\n\n<li><strong>Bei Tatausf\u00fchrung soll er ein graues T-Shirt getragen haben.<\/strong><\/li>\n<\/ul>\n\n\n\n<ul>\n<li><strong>Zeugen, die Hinweise geben k\u00f6nnen, werden gebeten sich beim Polizeirevier Mannheim-Innenstadt zu melden, unter: 0621-12580.<\/strong><\/li>\n<\/ul>\n\n\n\n<h2 class=\"wp-block-heading\">(Mannheim-Almenhof) &#8211; Verkehrsunfall mit m\u00f6glichen Verkehrsbeeintr\u00e4chtigungen<\/h2>\n\n\n\n<p>Derzeit befinden sich Polizei und Rettungskr\u00e4fte in der August-Bebel-Stra\u00dfe in H\u00f6he des August-Bebel-Parks im Einsatz. Aufgrund des Einsatzes kann es zu m\u00f6glichen Verkehrsbeeintr\u00e4chtigungen kommen. Die Ermittlungen zum Unfallgeschehen dauern an.<\/p>\n\n\n\n<h3 class=\"wp-block-heading has-text-align-center\">Pressemeldung Nr. 2<\/h3>\n\n\n\n<p>Am Donnerstag um 13:40 Uhr ereignete sich auf der Kreuzung August-Bebel-Stra\u00dfe\/Rottfeldstra\u00dfe ein Verkehrsunfall, bei dem eine 14-j\u00e4hrige Radfahrerin die Vorfahrt einer 43-j\u00e4hrigen Autofahrerin missachtete. Dies hatte zur Folge, dass die Radfahrerin mit dem Auto zusammenstie\u00df und sich hierbei verletzte. Das Ausma\u00df der Verletzungen ist noch nicht bekannt, Lebensgefahr besteht jedoch nicht. Die 14-J\u00e4hrige wurde zur weiteren medizinischen Untersuchung und Behandlung in ein Krankenhaus gebracht.<\/p>\n\n\n\n<p>Das Auto der 43-J\u00e4hrigen wurde abgeschleppt, weshalb die Rottfeldstra\u00dfe\/August-Bebel-Stra\u00dfe kurzzeitig gesperrt werden musste.<\/p>\n\n\n\n<p>Der Verkehrsunfalldienst des Polizeipr\u00e4sidium Mannheim hat die Ermittlungen zum Unfallhergang aufgenommen.<\/p>\n\n\n\n<p>Die Unfallaufnahme ist beendet, die Sperrungen wurden aufgehoben.<\/p>\n\n\n\n<h2 class=\"wp-block-heading\">(Mannheim-Feudenheim) &#8211; Brand einer Gr\u00fcnfl\u00e4che<\/h2>\n\n\n\n<p>Am Dienstagabend kam es um 18.15 Uhr in der Spessartstra\u00dfe in H\u00f6he des Neckarkanals zu einem Fl\u00e4chenbrand. Die Feuerwehr teilte nach den L\u00f6scharbeiten mit, dass es sehr wahrscheinlich aufgrund einer fahrl\u00e4ssig weggeworfenen Zigarettenkippe zu diesem Brand kam. Betroffen war eine Fl\u00e4che von 30 Metern L\u00e4nge und zwei Metern Breite. Die Feuerwehr konnte ein \u00dcbergreifen auf ein nahe gelegenes Maisfeld rechtzeitig verhindern. Die Ermittlungen gegen den oder die unbekannten T\u00e4ter wegen fahrl\u00e4ssiger Brandstiftung wurden eingeleitet.<\/p>\n\n\n\n<h2 class=\"wp-block-heading\">(Heidelberg) &#8211; Pkw nach Unfall in Brand geraten<\/h2>\n\n\n\n<p>Nach einem Unfall auf der Schlierbacher Landstra\u00dfe ist der alleine am Unfall beteiligte Pkw in Brand geraten. \u00dcber den genauen Unfallherhang, Anzahl der Verletzten und Schadensh\u00f6hen liegen noch keine Erkenntnisse vor. Polizei und Rettungskr\u00e4fte sind derzeit vor Ort im Einsatz. Die Schlierbacher Landstra\u00dfe ist derzeit voll gesperrt.<\/p>\n\n\n\n<h3 class=\"wp-block-heading has-text-align-center\">Pressemeldung Nr. 2<\/h3>\n\n\n\n<p>Nach ersten Erkenntnissen fuhr am Mittwoch, um kurz vor Mitternacht, ein 25-j\u00e4hriger Mann in einem Mercedes mit deutlich \u00fcberh\u00f6hter Geschwindigkeit und unter Alkoholeinfluss auf der Schlierbacher Landstra\u00dfe in Richtung Heidelberg. Auf H\u00f6he der Maria-Zimmermann-Stra\u00dfe geriet der Fahrer auf die bauliche Trennung zwischen der Fahrbahn und dem Radweg. Das Fahrzeug verlor die Bodenhaftung, \u00fcberschlug sich in Folge mehrfach und kam schwer besch\u00e4digt auf dem Radweg zum Stehen. Auf Grund der massiven Besch\u00e4digungen geriet das Fahrzeug in Brand. Als eine Streife des Polizeireviers Heidelberg-Mitte an der Unfallstelle eintraf, versuchte der Mann, trotz des brennenden Motors und des ausgelaufenen Treibstoffes, seine pers\u00f6nliche Habe aus dem Auto zu bergen. Als die Polizei ihn wegen der akuten Gefahr f\u00fcr sein Leib und Leben daran hinderte, beleidigte er die Beamtinnen und Beamten. Der 25-j\u00e4hrige wurde leicht verletzt in ein Krankenhaus gebracht, wo er eine Blutprobe abgeben musste. Die Feuerwehr l\u00f6schte das brennende Auto. Am Mercedes entstand ein Schaden von 25.000 Euro. Jener an der Fahrbahntrennung wird auf 5000 Euro gesch\u00e4tzt.<\/p>\n\n\n\n<p>Bei dem Unfall entstand ein weitl\u00e4ufiges Tr\u00fcmmerfeld auf einer L\u00e4nge von 150 Meter. Die Fahrbahn musste wegen der ausgelaufenen Betriebsstoffe aufw\u00e4ndig gereinigt werden, so dass die Sperrung der Unfallstelle erst gegen 08:30 Uhr aufgehoben werden konnte.<\/p>\n\n\n\n<p>Gegen den Fahrer wird nun wegen des Verdachts einer Trunkenheitsfahrt ermittelt.<\/p>\n\n\n\n<ul>\n<li><strong>Zeugen, die sachdienliche Hinweise geben k\u00f6nnen, werden gebeten sich beim Polizeirevier Heidelberg-Mitte, unter der Telefonnummer 06221-1857-0, zu melden.<\/strong><\/li>\n<\/ul>\n\n\n\n<h2 class=\"wp-block-heading\">(Heidelberg) &#8211; Verkehrsunfall mit mehreren beteiligten Fahrzeugen f\u00fchrt zu Verkehrsbehinderungen im Feierabendverkehr<\/h2>\n\n\n\n<p>In der Schlierbacher Landstra\u00dfe in Fahrtrichtung Neckargem\u00fcnd kam es am Mittwoch gegen 15.50 Uhr zu einem Verkehrsunfall mit mehreren beteiligten Fahrzeugen. Ein 51-j\u00e4hriger Renault-Fahrer erkannte den sich vor ihm stauenden Verkehr zu sp\u00e4t und fuhr in der Folge einem 63-j\u00e4hrigen Nissan-Fahrer auf. Dieser wurde durch den Aufprall auf einen Citroen vor ihm geschoben. Im Fahrzeug des 51-j\u00e4hrigen Unfallverursachers l\u00f6sten beide Airbags aus. Hierbei verletzte er sich leicht. An seinem Fahrzeug entstand wirtschaftlicher Totalschaden. Das Fahrzeug des 63-J\u00e4hrigen blieb fahrtauglich und wies geringere Deformierungen auf. Der Fahrer selbst verletzte sich bei dem Unfall nicht. Der Citroen war nicht mehr fahrtauglich. Die beide Fahrzeuginsassen wurden leicht verletzt und durch den Rettungsdienst in ein umliegendes Krankenhaus gebracht. Der Verkehr musste f\u00fcr die Dauer der Unfallaufnahme einspurig an der Unfallstelle bis 17:15 Uhr vorbeigeleitet werden. Hierdurch kam es im Rahmen des Feierabendverkehrs zu Verkehrsbehinderungen, haupts\u00e4chlich in Fahrtrichtung Neckargem\u00fcnd. Es entstand insgesamt ein Sachschaden in H\u00f6he von ca. 35.000 Euro.<\/p>\n\n\n\n<h2 class=\"wp-block-heading\">(Heidelberg) &#8211; Gro\u00dfkontrolle f\u00fcr mehr Sicherheit bei Kleintransportern<\/h2>\n\n\n<div class=\"wp-block-image\">\n<figure class=\"aligncenter size-full\"><img decoding=\"async\" loading=\"lazy\" width=\"800\" height=\"447\" src=\"https:\/\/speyer24news.com\/wp-content\/uploads\/2022\/09\/Kontrolle-2.jpg\" alt=\"\" class=\"wp-image-49124\" srcset=\"https:\/\/speyer24news.com\/wp-content\/uploads\/2022\/09\/Kontrolle-2.jpg 800w, https:\/\/speyer24news.com\/wp-content\/uploads\/2022\/09\/Kontrolle-2-300x168.jpg 300w, https:\/\/speyer24news.com\/wp-content\/uploads\/2022\/09\/Kontrolle-2-768x429.jpg 768w\" sizes=\"(max-width: 800px) 100vw, 800px\" \/><figcaption class=\"wp-element-caption\">Kontrolle<\/figcaption><\/figure><\/div>\n\n\n<p>Vor dem Hintergrund einer signifikanten Zunahme des G\u00fctertransports, f\u00fchrten am Mittwoch, im Zeitraum von 07:30 Uhr bis 13 Uhr, der Verkehrsdienst Mannheim, Heidelberg sowie benachbarte Dienststellen zusammen mit dem Rechtsamt Heidelberg und dem Amt f\u00fcr Gewerbeaufsicht Rhein-Neckar-Kreis, im Kirchheimer Weg in Heidelberg eine Gro\u00dfkontrolle des gewerblichen G\u00fcterverkehrs durch.<\/p>\n\n\n\n<p>Der besondere Schwerpunkt der Aktion lag in der \u00dcberwachung und Kontrolle der einschl\u00e4gigen Sozial- und Arbeitsschutzvorschriften, der Ladungssicherung und der abfall-, gefahrgut- und verkehrsrechtlichen Bestimmungen bei Kleintransportern, um so die wesentlichen Faktoren f\u00fcr die Verkehrssicherheit zu \u00fcberpr\u00fcfen.<\/p>\n\n\n\n<p>Von den 54 kontrollierten Fahrzeugen mussten 31 beanstandet werden, was einer Quote von \u00fcber 57 Prozent entspricht. Besonders h\u00e4ufig fehlte eine ausreichende Sicherung der Ladung insbesondere von Gefahrgut. Nachweise \u00fcber Lenk- und Ruhezeiten wurden teilweise nicht oder fehlerhaft aufgezeichnet. Zwei Fahrer waren ohne g\u00fcltige Fahrerlaubnis unterwegs, ein weiterer stand unter Alkoholeinfluss. Zudem stellten die Beamtinnen und Beamten einen gef\u00e4lschten F\u00fchrerschein sicher und erstellten eine Anzeige wegen eines Versto\u00dfes gegen das Pflichtversicherungsgesetz. 8 Personen wurde die Weiterfahrt untersagt, unter anderem wegen unzureichender Ladungssicherung.<\/p>\n\n\n\n<h2 class=\"wp-block-heading\">(Rhein-Neckar-Kreis) &#8211; Betrieb von Corona-Testzentren: Zwei M\u00e4nner in Untersuchungshaft<\/h2>\n\n\n\n<h3 class=\"wp-block-heading\">Gemeinsame Pressemitteilung der Staatsanwaltschaft Heidelberg und des Polizeipr\u00e4sidiums Mannheim<\/h3>\n\n\n<div class=\"wp-block-image\">\n<figure class=\"aligncenter size-full\"><img decoding=\"async\" loading=\"lazy\" width=\"800\" height=\"533\" src=\"https:\/\/speyer24news.com\/wp-content\/uploads\/2020\/06\/Zelle.jpg\" alt=\"\" class=\"wp-image-28203\" srcset=\"https:\/\/speyer24news.com\/wp-content\/uploads\/2020\/06\/Zelle.jpg 800w, https:\/\/speyer24news.com\/wp-content\/uploads\/2020\/06\/Zelle-300x200.jpg 300w, https:\/\/speyer24news.com\/wp-content\/uploads\/2020\/06\/Zelle-768x512.jpg 768w\" sizes=\"(max-width: 800px) 100vw, 800px\" \/><figcaption class=\"wp-element-caption\">Beispielbild Zelle \/ Verhaftung, dient lediglich der Visualisierung<\/figcaption><\/figure><\/div>\n\n\n<p>Zwei M\u00e4nner im Alter von 26 und 37 Jahren unter anderem wegen des Verdachts des besonders schweren Falls des Betrugs in Zusammenhang mit dem Betrieb von Corona-Testzentren in Untersuchungshaft<\/p>\n\n\n\n<p>Die Beamtinnen und Beamten der Kriminalpolizeidirektion Heidelberg ermitteln aktuell gegen sechs M\u00e4nner und eine Frau im Alter zwischen 21 und 52 Jahren unter anderem wegen gewerbs- und bandenm\u00e4\u00dfigen Abrechnungsbetrugs im Gesundheitswesen.<\/p>\n\n\n\n<p>Vier der Tatverd\u00e4chtigen schlossen sich ab Ende 2021 nach und nach zusammen, um sich durch den betr\u00fcgerischen Betrieb von 13 Corona-Testzentren im Rhein-Neckar-Kreis eine nicht nur vor\u00fcbergehende Einnahmequelle zu erschlie\u00dfen und damit ihren Lebensunterhalt zu bestreiten. Durch Abrechnungen von nicht durchgef\u00fchrten oder nicht abrechnungsf\u00e4higen Coronatests sollen in der Folge unberechtigte Auszahlungen durch die Kassen\u00e4rztliche Vereinigung Baden-W\u00fcrttemberg in H\u00f6he von \u00fcber einer Million Euro erfolgt sein. Zudem sollen weitere betr\u00fcgerische Abrechnungen in H\u00f6he von ca. 500.000 Euro eingereicht worden sein. In diesen F\u00e4llen kam es jedoch nicht zur Auszahlung. Drei weitere M\u00e4nner im Alter von 27 bis 52 Jahren sollen zu den Betrugstaten Beihilfe geleistet haben.<\/p>\n\n\n\n<p>Auf Antrag der Staatsanwaltschaft Heidelberg erlie\u00df das Amtsgericht Heidelberg mehrere Durchsuchungsbeschl\u00fcsse unter anderem wegen des Verdachts des gewerbs- und bandenm\u00e4\u00dfigen Betrugs f\u00fcr die Wohn- und Gesch\u00e4ftsr\u00e4ume der sieben Tatverd\u00e4chtigen im Stadtgebiet Heidelberg und im Rhein-Neckar-Kreis, die am 05.07.2023 vollzogen wurden. Bei den Durchsuchungen wurden umfangreiche Beweismittel sichergestellt. Zudem erlie\u00df das Amtsgericht Heidelberg auf Antrag der Staatsanwaltschaft Heidelberg Haftbefehle gegen drei der Tatverd\u00e4chtigen, die im Rahmen der Durchsuchungsma\u00dfnahmen festgenommen und der Haftrichterin am Amtsgericht Heidelberg vorgef\u00fchrt wurden. Diese setzte die Haftbefehle gegen zwei der Tatverd\u00e4chtigen in Vollzug. Anschlie\u00dfend wurden beide Beschuldigte in unterschiedliche Justizvollzugsanstalten eingeliefert. In Bezug auf einen weiteren Tatverd\u00e4chtigen wurde der Vollzug des Haftbefehls gegen Auflagen ausgesetzt.<\/p>\n\n\n\n<p>Die Ermittlungen der Staatsanwaltschaft Heidelberg und der Kriminalpolizeidirektion Heidelberg, insbesondere zu dem Verbleib der widerrechtlichen Auszahlungen der Kassen\u00e4rztliche Vereinigung Baden-W\u00fcrttemberg, dauern an.<\/p>\n\n\n\n<h2 class=\"wp-block-heading\">(Schwetzingen \/ Rhein-Neckar-Kreis) &#8211; Wohnungseinbruch<\/h2>\n\n\n\n<p>Am Mittwoch, in der Zeit von 07:50 Uhr bis 14:05 Uhr ereignete sich in der Kurf\u00fcrstenstra\u00dfe in einem Mehrfamilienhaus ein Wohnungseinbruch. Der oder die unbekannten T\u00e4terinnen oder T\u00e4ter hebelten hierzu die Wohnungseinganst\u00fcr auf und entwendeten aus der Wohnung mehrere Wertgegenst\u00e4nde. Die Schadensh\u00f6he bel\u00e4uft sich auf einen vierstelligen Bereich.<\/p>\n\n\n\n<p>Durch die Spezialisten der Abteilung Kriminaltechnik des Polizeipr\u00e4sidiums Mannheim wurde die Spurensicherung durchgef\u00fchrt. Die Ermittlungen wurden durch die Ermittlungsgruppe Eigentum durchgef\u00fchrt.<\/p>\n\n\n\n<h2 class=\"wp-block-heading\">(Walldorf \/ Rhein-Neckar-Kreis) &#8211; Sprinter-Fahrer fl\u00fcchtet nach Unfall mit Radfahrer \/ Zeugenaufruf<\/h2>\n\n\n\n<p>Ein 45-j\u00e4hriger Radfahrer befuhr am Mittwoch gegen 08.45 Uhr die Stra\u00dfe &#8222;In den Ziegelwiesen&#8220; und fuhr in den dortigen Kreisverkehr ein. Aus der Stra\u00dfe &#8222;In den Weing\u00e4rten&#8220; fuhr ein bislang unbekannter Fahrer mit einem Sprinter mit hoher Geschwindigkeit in den Kreisverkehr ein. Hierbei missachtete der Fahrer die Vorfahrt des bevorrechtigten Radfahrers. Dieser kam zu Fall und wurde durch diesen bewusstlos. Der 45-J\u00e4hrige wurde durch einen Rettungswagen in ein umliegendes Krankenhaus gebracht. Der Sprinterfahrer entfernte sich vom Unfallort \u00dcber die Schwere der Verletzungen und den entstandenen Sachschaden ist bislang nichts bekannt.<\/p>\n\n\n\n<ul>\n<li><strong>Zeugen, die Hinweise zu dem Unfallhergang und dem Sprinter sowie dessen Fahrer machen k\u00f6nnen, werden gebeten sich bei dem Polizeirevier Wiesloch zu melden, unter: 06222-57090.<\/strong><\/li>\n<\/ul>\n\n\n\n<h2 class=\"wp-block-heading\">(Waibstadt \/ Rhein-Neckar-Kreis) &#8211; 15-J\u00e4hriger stiehlt Roller und f\u00e4hrt ohne Fahrerlaubnis<\/h2>\n\n\n\n<p>Den Beamten fiel auf ihrer Streifenfahrt am Mittwoch gegen 20.15 Uhr ein Kleinkraftrad auf, welches ohne Kennzeichen auf der Neidensteiner Stra\u00dfe in Fahrtrichtung Bahnhof fuhr. Der Fahrer wurde durch die Polizisten angehalten und einer Verkehrskontrolle unterzogen. Hierbei gab der 15-j\u00e4hrige Fahrer an, dass er den Roller kurz zuvor f\u00fcr 50 Euro erworben habe und auch keinen Schl\u00fcssel f\u00fcr das Fahrzeug besitze. Deshalb k\u00f6nne dieser nur durch ein Werkzeug gestartet und gestoppt werden. Bei der Nachschau am Roller fiel den Polizisten auf, dass die Verkleidung teilweise aufgebrochen war und die Z\u00fcndung heraushing. Eine folgende Durchsuchung des Helmfachs brachte Dokumente des tats\u00e4chlichen Besitzers zum Vorschein, den die Beamten unmittelbar kontaktierten. Dieser teilte mit, dass der Roller eigentlich in der Werkstatt in Eschelbronn stehen m\u00fcsste. Die Mutter des 15-J\u00e4hrigen kam vor Ort und teilte mit, dass ihr Sohn am Vortag ge\u00e4u\u00dfert habe, dass bei der Werkstatt so viele sch\u00f6ne Roller unbenutzt stehen w\u00fcrden und ihr Sohn auch nicht \u00fcber 50 EUR verf\u00fcgen w\u00fcrde. Der 15-J\u00e4hrige ist weder im Besitz einer Pr\u00fcfbescheinigung noch einer Fahrerlaubnis. Somit muss er sich nun wegen des Fahrens ohne Fahrerlaubnis sowie des besonders schweren Falls des Diebstahls verantworten.<\/p>\n\n\n\n<h2 class=\"wp-block-heading\">(Neckargem\u00fcnd \/ Rhein-Neckar-Kreis) &#8211; Gasleitung bei Bauarbeiten besch\u00e4digt<\/h2>\n\n\n\n<p>Nach ersten Erkenntnissen wurde am Donnerstag, gegen 11:30 Uhr bei Bauarbeiten in der Sch\u00fctzenstra\u00dfe eine Gasleitung besch\u00e4digt. Die Feuerwehr sperrte daraufhin die Sch\u00fctzenstra\u00dfe sowie die Waldstra\u00dfe f\u00fcr den Verkehr. Die zust\u00e4ndigen Stadtwerke wurden informiert und sind vor Ort.<\/p>\n\n\n\n<h3 class=\"wp-block-heading has-text-align-center\">Pressemeldung Nr. 2<\/h3>\n\n\n\n<p>Die Mitarbeiter der Stadtwerke Neckargem\u00fcnd sind derzeit noch mit den Reparaturarbeiten an der Gasleitung in der Sch\u00fctzenhausstra\u00dfe besch\u00e4ftigt.<\/p>\n\n\n\n<p>Die Sch\u00fctzenhausstra\u00dfe ist deswegen im Bereich vom Feuerwehrhaus Sch\u00fctzenhausstra\u00dfe 2) bis zum SBBZ Luise von Baden (Hausnummer 34) voll gesperrt. Ebenso sind auch die Zufahrten in die Waldstra\u00dfe und die Hildastra\u00dfe von der Sperrung betroffen.<\/p>\n\n\n\n<p>Siehe hierzu auch die Pressemitteilung der Stadtwerke Neckargem\u00fcnd:<\/p>\n\n\n\n<p>&#8222;Anwohnerinnen und Anwohner sind aufgefordert, Fenster und T\u00fcren zu schlie\u00dfen, offenes Feuer und Rauchen zu vermeiden sowie Gash\u00e4hne oder sonstige Absperrvorrichtungen zu schlie\u00dfen. Passanten sollten das Gebiet meiden.<\/p>\n\n\n\n<p>Mitarbeiter der Stadtwerke Neckargem\u00fcnd sind bereits vor Ort, um das Leck abzudichten. Voraussichtlich k\u00f6nnen sie die Arbeiten bis zum sp\u00e4ten Nachmittag abschlie\u00dfen. Die Baustelle ist entsprechend abgesperrt und gesichert.<\/p>\n\n\n\n<p>Bei der Wiederinbetriebnahme m\u00fcssen die Leitungen durch die Baukolonne der zust\u00e4ndigen Rohrleistungsfirma fachgerecht entl\u00fcftet und Gasverbrauchsger\u00e4te wieder in Betrieb genommen werden. Hierzu ist der Zutritt zu H\u00e4usern und Wohnungen n\u00f6tig.<\/p>\n\n\n\n<p>Die Stadtwerke Neckargem\u00fcnd informieren wieder, sobald die Arbeiten beendet sind.&#8220;<\/p>\n\n\n\n<p><a target=\"_blank\" rel=\"noreferrer noopener\" href=\"https:\/\/www.stadtwerke-neckargemuend.de\/de\/Kopfnavigation\/Presse\/Aktuelles\/Gasleitung-in-Schuetzenhausstrasse-beschaedigt_20139.html\">www.stadtwerke-neckargemuend.de\/de\/Kopfnavigation\/Presse\/Aktuelles\/Gasleitung-in-Schuetzenhausstrasse-beschaedigt_20139.html<\/a><\/p>\n\n\n\n<h2 class=\"wp-block-heading\">(Neckargem\u00fcnd \/ Rhein-Neckar-Kreis) &#8211; Mit 2,8 Promille im Auto unterwegs<\/h2>\n\n\n\n<p>Am Mittwoch gegen 09.05 Uhr konnte im Parkhaus in der Hauptstra\u00dfe durch Zeugen beobachtet werden, wie ein 72-j\u00e4hriger VW-Fahrer beim Ausparken einen Ford besch\u00e4digte. Die Zeugen sprachen den Fahrer auf den Unfall an und konnten im Gespr\u00e4ch deutlichen Alkoholgeruch wahrnehmen. Sie informierten daher die Polizei \u00fcber den Sachverhalt. Noch w\u00e4hrend der Anfahrt der Polizisten, stieg der 72-J\u00e4hrige in sein Fahrzeug, verlie\u00df das Parkhaus und stellte sein Fahrzeug vor dem Parkhaus ab. Bei der Unfallaufnahme nahmen auch die Polizisten den deutlichen Alkoholgeruch wahr und boten dem Fahrer einen freiwilligen Atemalkoholtest an, welcher jedoch in der Durchf\u00fchrung scheiterte. Der 72-J\u00e4hrige musste die Polizisten auf die Dienststelle begleiten und f\u00fchrte hier, vor der Blutentnahme, erneut einen Atemalkoholtest durch. Dieser klappte und zeigte ein Ergebnis von 2,8 Promille an. Die vorl\u00e4ufige Teilnahme am Stra\u00dfenverkehr wurde dem 72-J\u00e4hrigen untersagt und seine Fahrerlaubnis wurde beschlagnahmt. Er muss sich nun wegen Trunkenheit im Stra\u00dfenverkehr verantworten. Die Ermittlungen werden vom Polizeirevier Neckargem\u00fcnd gef\u00fchrt.<\/p>\n\n\n\n<h2 class=\"wp-block-heading\">(Eppelheim \/ Rhein-Neckar-Kreis) &#8211; 33-J\u00e4hriger schie\u00dft mit unbekannter Waffe auf Passanten<\/h2>\n\n\n\n<h3 class=\"wp-block-heading\">Gemeinsame Pressemitteilung der Staatsanwaltschaft Heidelberg und des Polizeipr\u00e4sidiums Mannheim<\/h3>\n\n\n<div class=\"wp-block-image\">\n<figure class=\"aligncenter size-full\"><img decoding=\"async\" loading=\"lazy\" width=\"800\" height=\"533\" src=\"https:\/\/speyer24news.com\/wp-content\/uploads\/2021\/10\/Festnahme-Handschellen.jpg\" alt=\"\" class=\"wp-image-41224\" srcset=\"https:\/\/speyer24news.com\/wp-content\/uploads\/2021\/10\/Festnahme-Handschellen.jpg 800w, https:\/\/speyer24news.com\/wp-content\/uploads\/2021\/10\/Festnahme-Handschellen-300x200.jpg 300w, https:\/\/speyer24news.com\/wp-content\/uploads\/2021\/10\/Festnahme-Handschellen-768x512.jpg 768w\" sizes=\"(max-width: 800px) 100vw, 800px\" \/><figcaption class=\"wp-element-caption\">Beispielbild Handschelle \/ Verhaftung, dient lediglich der Visualisierung<\/figcaption><\/figure><\/div>\n\n\n<p>In Eppelheim sorgte ein unter Alkohol und Drogen stehender 33-j\u00e4hriger Mann f\u00fcr einen gr\u00f6\u00dferen Polizeieinsatz. Der Beschuldigte schoss am Mittwoch, 19.07.2023, gegen 17:00 Uhr, mittels einer noch unbekannten Waffe aus dem Fenster seiner Wohnung. Mehrere Personen, die sich auf der Stra\u00dfe in der mutma\u00dflichen Schusslinie befanden, nahmen den Beschuss wahr, wurden jedoch nicht getroffen. Durch die Geschosse kam es kam allerdings zu Sachsch\u00e4den an umliegenden Geb\u00e4uden. Bei Eintreffen der verst\u00e4ndigten Polizei befand sich der Beschuldigte nicht mehr am Fenster. Nach Einholung eines richterlichen Durchsuchungsbeschlusses und dem Betreten der Wohnung, gegen 19:00 Uhr, konnte der Beschuldigte widerstandslos festgenommen werden. Im Au\u00dfenbereich wurden mehrere Hartgummi- und Stahlkugeln, bei welchen es sich um die Geschosse handeln d\u00fcrfte, festgestellt. Bereits vor etwa vier Wochen sei es zu einem \u00e4hnlichen Sachverhalt, allerdings ohne, dass die Polizei verst\u00e4ndigt wurde, gekommen. Aufgrund der Schwere der Verletzungen, die durch die verschossenen Kugeln h\u00e4tten verursacht werden k\u00f6nnen, ermittelt die Kriminalpolizeidirektion Heidelberg wegen des Verdachts der versuchten gef\u00e4hrlichen K\u00f6rperverletzung.<\/p>\n\n\n\n<p>Der Beschuldigte wurde am Donnerstagnachmittag der Ermittlungsrichterin des Amtsgerichts Heidelberg vorgef\u00fchrt. Der von der Staatsanwaltschaft Heidelberg beantragte Haftbefehl wurde indes gegen Auflagen au\u00dfer Vollzug gesetzt.<\/p>\n\n\n\n<p>Die Ermittlerinnen und Ermittler der Kriminalpolizei suchen nun Zeuginnen und Zeugen, die Hinweise zu den beiden Sachverhalten machen k\u00f6nnen. Sie werden gebeten sich unter 06221\/174-4444 an das Hinweistelefon zu wenden.<\/p>\n\n\n\n<h2 class=\"wp-block-heading\">(Weinheim \/ Rhein-Neckar-Kreis) &#8211; Kind f\u00e4hrt mit Fahrrad bei Rot \u00fcber Ampel und wird von Auto erfasst<\/h2>\n\n\n\n<p>Nach ersten Erkenntnissen fuhr am Donnerstag, gegen 07:30 Uhr, ein 12-j\u00e4hriges M\u00e4dchen bei Rot mit ihrem Fahrrad \u00fcber die Fu\u00dfg\u00e4ngerampel an der Kreuzung Mannheimer Stra\u00dfe\/ Handelsstra\u00dfe. Ein Skoda, der stadtausw\u00e4rts auf der Mannheimer Stra\u00dfe unterwegs war, erfasste das Kind, welches durch die Kollision schwer verletzt wurde und in ein Krankenhaus gebracht werden musste. Die Unfallstelle war bis 09:15 Uhr f\u00fcr den Verkehr gesperrt. Der Verkehrsdienst Heidelberg nahm die Ermittlungen auf.<\/p>\n","protected":false},"excerpt":{"rendered":"<div class=\"mh-excerpt\"><p>Polizeimeldungen vom Donnerstag (20.07.2023) (Speyer) &#8211; Bedrohung und K\u00f6rperverletzung Am 19.07.2023 gegen 19:30 Uhr kam es in der Alten Rheinh\u00e4user Stra\u00dfe zu einer Bedrohung und K\u00f6rperverletzung. Ein 65-j\u00e4hriger Mann hatte gegen 19:00 Uhr eine bislang <a class=\"mh-excerpt-more\" href=\"https:\/\/speyer24news.com\/?p=54008\" title=\"Polizeimeldungen Donnerstag (20.07.2023)\">[&#8230;]<\/a><\/p>\n<\/div>","protected":false},"author":3,"featured_media":26162,"comment_status":"open","ping_status":"open","sticky":false,"template":"","format":"standard","meta":{"_monsterinsights_skip_tracking":false,"_monsterinsights_sitenote_active":false,"_monsterinsights_sitenote_note":"","_monsterinsights_sitenote_category":0,"footnotes":""},"categories":[15659],"tags":[7243,7244,3614,350,14537,15084,15267,14538,15361,15845,702,61,2555,6955,6986,6263,63,105,11150,6987,53,4854,13534,4683,1548,4905,11592,102,13626,213,14325,14324,13553,13541,55,8277,6368,5261,103,106,2803,2423,427,2625,380,62,104,979,1565],"aioseo_notices":[],"amp_enabled":true,"_links":{"self":[{"href":"https:\/\/speyer24news.com\/index.php?rest_route=\/wp\/v2\/posts\/54008"}],"collection":[{"href":"https:\/\/speyer24news.com\/index.php?rest_route=\/wp\/v2\/posts"}],"about":[{"href":"https:\/\/speyer24news.com\/index.php?rest_route=\/wp\/v2\/types\/post"}],"author":[{"embeddable":true,"href":"https:\/\/speyer24news.com\/index.php?rest_route=\/wp\/v2\/users\/3"}],"replies":[{"embeddable":true,"href":"https:\/\/speyer24news.com\/index.php?rest_route=%2Fwp%2Fv2%2Fcomments&post=54008"}],"version-history":[{"count":2,"href":"https:\/\/speyer24news.com\/index.php?rest_route=\/wp\/v2\/posts\/54008\/revisions"}],"predecessor-version":[{"id":54015,"href":"https:\/\/speyer24news.com\/index.php?rest_route=\/wp\/v2\/posts\/54008\/revisions\/54015"}],"wp:featuredmedia":[{"embeddable":true,"href":"https:\/\/speyer24news.com\/index.php?rest_route=\/wp\/v2\/media\/26162"}],"wp:attachment":[{"href":"https:\/\/speyer24news.com\/index.php?rest_route=%2Fwp%2Fv2%2Fmedia&parent=54008"}],"wp:term":[{"taxonomy":"category","embeddable":true,"href":"https:\/\/speyer24news.com\/index.php?rest_route=%2Fwp%2Fv2%2Fcategories&post=54008"},{"taxonomy":"post_tag","embeddable":true,"href":"https:\/\/speyer24news.com\/index.php?rest_route=%2Fwp%2Fv2%2Ftags&post=54008"}],"curies":[{"name":"wp","href":"https:\/\/api.w.org\/{rel}","templated":true}]}}