{"id":54125,"date":"2023-07-24T10:13:10","date_gmt":"2023-07-24T09:13:10","guid":{"rendered":"https:\/\/speyer24news.com\/?p=54125"},"modified":"2023-07-24T10:13:11","modified_gmt":"2023-07-24T09:13:11","slug":"geschwindigkeitskontrolle-blitzer-kw-30-24-07-30-07-23","status":"publish","type":"post","link":"https:\/\/speyer24news.com\/?p=54125","title":{"rendered":"Geschwindigkeitskontrolle \/ Blitzer KW 30 (24.07. \u2013 30.07.23)"},"content":{"rendered":"<style type=\"text\/css\">\r\n\t.ads_top_disp{}\r\n\t.ads_top_corner_disp{ float:left; margin:0px 10px 10px 0px; }\r\n\t.ads_first_p_disp{}\r\n\t.ads_bottom_disp{}\r\n\t<\/style>\n<h2 class=\"wp-block-heading\">(Mannheim) \u2013 Geschwindigkeitskontrollen vom 24. bis 28. Juli<\/h2>\n\n\n<div class=\"wp-block-image\">\n<figure class=\"aligncenter\"><img decoding=\"async\" loading=\"lazy\" width=\"640\" height=\"497\" src=\"https:\/\/speyer24news.com\/wp-content\/uploads\/2020\/12\/Blitzer-2.jpg\" alt=\"\" class=\"wp-image-31937\" srcset=\"https:\/\/speyer24news.com\/wp-content\/uploads\/2020\/12\/Blitzer-2.jpg 640w, https:\/\/speyer24news.com\/wp-content\/uploads\/2020\/12\/Blitzer-2-300x233.jpg 300w\" sizes=\"(max-width: 640px) 100vw, 640px\" \/><\/figure><\/div>\n\n\n<h3 class=\"wp-block-heading\">Die Stadt Mannheim f\u00fchrt\u00a0vom 24. bis 28. Juli in folgenden Stra\u00dfen mobile Geschwindigkeitskontrollen durch:<\/h3>\n\n\n\n<ul>\n<li><strong>Alphornstra\u00dfe (Neckarschule)<\/strong><\/li>\n\n\n\n<li><strong>Belfortstra\u00dfe (Wilhelm-Wundt-Schule)<\/strong><\/li>\n\n\n\n<li><strong>Dammstra\u00dfe<\/strong><\/li>\n\n\n\n<li><strong>Elfenstra\u00dfe (verkehrsberuhigter Bereich)<\/strong><\/li>\n\n\n\n<li><strong>Emy-Roeder-Stra\u00dfe<\/strong><\/li>\n\n\n\n<li><strong>Ernst-Barlach-Allee (Johann-Peter-Hebel-Schule)<\/strong><\/li>\n\n\n\n<li><strong>Friedrichstra\u00dfe<\/strong><\/li>\n\n\n\n<li><strong>Gartenfeldstra\u00dfe (Humboldt Schule)<\/strong><\/li>\n\n\n\n<li><strong>Hans-Sachs-Ring<\/strong><\/li>\n\n\n\n<li><strong>Luisenstra\u00dfe (Schiller Schule)<\/strong><\/li>\n\n\n\n<li><strong>Lutherstra\u00dfe (verkehrsberuhigter Bereich)<\/strong><\/li>\n\n\n\n<li><strong>Mittelstra\u00dfe<\/strong><\/li>\n\n\n\n<li><strong>M\u00f6nchw\u00f6rthstra\u00dfe<\/strong><\/li>\n\n\n\n<li><strong>Rheingoldstra\u00dfe<\/strong><\/li>\n\n\n\n<li><strong>Schulstra\u00dfe<\/strong><\/li>\n\n\n\n<li><strong>Wasserwerkstra\u00dfe (Franklin-Schule)<\/strong><\/li>\n\n\n\n<li><strong>Wingertstra\u00dfe<\/strong><\/li>\n<\/ul>\n\n\n\n<p>Die Schulwege werden in der KW 30 nur bis zum Ferienbeginn am 27. Juli \u00fcberwacht. Kurzfristige \u00c4nderungen oder zus\u00e4tzliche Messstellen sind aus aktuellem Anlass m\u00f6glich.<\/p>\n\n\n\n<p><em>Stadt Mannheim<br>20.07.2023<\/em><\/p>\n\n\n\n<h2 class=\"wp-block-heading\">(Ludwigshafen) \u2013 Radarkontrollen f\u00fcr die Woche vom <\/h2>\n\n\n<div class=\"wp-block-image\">\n<figure class=\"aligncenter\"><img decoding=\"async\" loading=\"lazy\" width=\"800\" height=\"600\" src=\"https:\/\/speyer24news.com\/wp-content\/uploads\/2020\/03\/Blitzer-1.jpg\" alt=\"\" class=\"wp-image-25724\" srcset=\"https:\/\/speyer24news.com\/wp-content\/uploads\/2020\/03\/Blitzer-1.jpg 800w, https:\/\/speyer24news.com\/wp-content\/uploads\/2020\/03\/Blitzer-1-300x225.jpg 300w, https:\/\/speyer24news.com\/wp-content\/uploads\/2020\/03\/Blitzer-1-768x576.jpg 768w, https:\/\/speyer24news.com\/wp-content\/uploads\/2020\/03\/Blitzer-1-678x509.jpg 678w, https:\/\/speyer24news.com\/wp-content\/uploads\/2020\/03\/Blitzer-1-326x245.jpg 326w, https:\/\/speyer24news.com\/wp-content\/uploads\/2020\/03\/Blitzer-1-80x60.jpg 80w\" sizes=\"(max-width: 800px) 100vw, 800px\" \/><\/figure><\/div>\n\n\n<h4 class=\"wp-block-heading\">Die Stadt Ludwigshafen nimmt in folgenden Stadtteilen Radarkontrollen vor:<\/h4>\n\n\n\n<p><strong><em>Kommt leider wohl wieder erst, auf Nachfrage, heute im Laufe des Tages. Wir tragen es nach sobald es uns vorliegt.<\/em><\/strong><\/p>\n\n\n\n<p>Kurzfristige \u00c4nderungen beh\u00e4lt sich der Bereich Stra\u00dfenverkehr vor. Kontrollen k\u00f6nnen auch kurzfristig an anderen Stellen stattfinden.<\/p>\n\n\n\n<p><em>Stadt Ludwigshafen am Rhein<br>24.07.2023<\/em><\/p>\n\n\n\n<h2 class=\"wp-block-heading\">(Pr\u00e4sidialbereich Rheinpfalz) \u2013 Geschwindigkeitskontrollen im Juli 2023<\/h2>\n\n\n<div class=\"wp-block-image\">\n<figure class=\"aligncenter\"><img decoding=\"async\" loading=\"lazy\" width=\"800\" height=\"450\" src=\"https:\/\/speyer24news.com\/wp-content\/uploads\/2020\/12\/Blitzer-Logo.jpg\" alt=\"\" class=\"wp-image-31938\" srcset=\"https:\/\/speyer24news.com\/wp-content\/uploads\/2020\/12\/Blitzer-Logo.jpg 800w, https:\/\/speyer24news.com\/wp-content\/uploads\/2020\/12\/Blitzer-Logo-300x169.jpg 300w, https:\/\/speyer24news.com\/wp-content\/uploads\/2020\/12\/Blitzer-Logo-768x432.jpg 768w, https:\/\/speyer24news.com\/wp-content\/uploads\/2020\/12\/Blitzer-Logo-678x381.jpg 678w\" sizes=\"(max-width: 800px) 100vw, 800px\" \/><\/figure><\/div>\n\n\n<h3 class=\"wp-block-heading\">Im\u00a0<strong>Gebiet der Polizeidirektion Landau\u00a0<\/strong>finden wie folgt Kontrollen statt:<\/h3>\n\n\n\n<ul>\n<li><strong>25.07.2023 im Bereich Edesheim<\/strong><\/li>\n<\/ul>\n\n\n\n<h3 class=\"wp-block-heading\">Im&nbsp;<strong>Gebiet der Polizeidirektion Neustadt<\/strong>&nbsp;finden wie folgt Kontrollen statt:<\/h3>\n\n\n\n<ul>\n<li><strong>26.07.2023 im Bereich Friedelsheim<\/strong><\/li>\n<\/ul>\n\n\n\n<h3 class=\"wp-block-heading\">Im\u00a0<strong>Gebiet der Polizeidirektion Ludwigshafen<\/strong>\u00a0finden wie folgt Kontrollen statt:<\/h3>\n\n\n\n<ul>\n<li><strong>24.07.2023 im Bereich Frankenthal<\/strong><\/li>\n<\/ul>\n\n\n\n<p>Die Polizei weist ausdr\u00fccklich darauf hin, dass Kontrollen auch au\u00dferhalb der genannten Zeiten und \u00d6rtlichkeiten stattfinden.<\/p>\n\n\n\n<p><em>Polizeipr\u00e4sidium Rheinpfalz<\/em><\/p>\n","protected":false},"excerpt":{"rendered":"<div class=\"mh-excerpt\"><p>(Mannheim) \u2013 Geschwindigkeitskontrollen vom 24. bis 28. Juli Die Stadt Mannheim f\u00fchrt\u00a0vom 24. bis 28. Juli in folgenden Stra\u00dfen mobile Geschwindigkeitskontrollen durch: Die Schulwege werden in der KW 30 nur bis zum Ferienbeginn am 27. <a class=\"mh-excerpt-more\" href=\"https:\/\/speyer24news.com\/?p=54125\" title=\"Geschwindigkeitskontrolle \/ Blitzer KW 30 (24.07. \u2013 30.07.23)\">[&#8230;]<\/a><\/p>\n<\/div>","protected":false},"author":3,"featured_media":33649,"comment_status":"open","ping_status":"open","sticky":false,"template":"","format":"standard","meta":{"_monsterinsights_skip_tracking":false,"_monsterinsights_sitenote_active":false,"_monsterinsights_sitenote_note":"","_monsterinsights_sitenote_category":0,"footnotes":""},"categories":[64],"tags":[19,5148,4822,4817,4228,947,5146,4820,4815,58,153,56,59,17,7699,7068,7004,7700,949,5150,4818,4813,5151,1310,948,10894,10893],"aioseo_notices":[],"amp_enabled":true,"_links":{"self":[{"href":"https:\/\/speyer24news.com\/index.php?rest_route=\/wp\/v2\/posts\/54125"}],"collection":[{"href":"https:\/\/speyer24news.com\/index.php?rest_route=\/wp\/v2\/posts"}],"about":[{"href":"https:\/\/speyer24news.com\/index.php?rest_route=\/wp\/v2\/types\/post"}],"author":[{"embeddable":true,"href":"https:\/\/speyer24news.com\/index.php?rest_route=\/wp\/v2\/users\/3"}],"replies":[{"embeddable":true,"href":"https:\/\/speyer24news.com\/index.php?rest_route=%2Fwp%2Fv2%2Fcomments&post=54125"}],"version-history":[{"count":1,"href":"https:\/\/speyer24news.com\/index.php?rest_route=\/wp\/v2\/posts\/54125\/revisions"}],"predecessor-version":[{"id":54126,"href":"https:\/\/speyer24news.com\/index.php?rest_route=\/wp\/v2\/posts\/54125\/revisions\/54126"}],"wp:featuredmedia":[{"embeddable":true,"href":"https:\/\/speyer24news.com\/index.php?rest_route=\/wp\/v2\/media\/33649"}],"wp:attachment":[{"href":"https:\/\/speyer24news.com\/index.php?rest_route=%2Fwp%2Fv2%2Fmedia&parent=54125"}],"wp:term":[{"taxonomy":"category","embeddable":true,"href":"https:\/\/speyer24news.com\/index.php?rest_route=%2Fwp%2Fv2%2Fcategories&post=54125"},{"taxonomy":"post_tag","embeddable":true,"href":"https:\/\/speyer24news.com\/index.php?rest_route=%2Fwp%2Fv2%2Ftags&post=54125"}],"curies":[{"name":"wp","href":"https:\/\/api.w.org\/{rel}","templated":true}]}}