{"id":54133,"date":"2023-08-01T10:23:04","date_gmt":"2023-08-01T09:23:04","guid":{"rendered":"https:\/\/speyer24news.com\/?p=54133"},"modified":"2023-08-01T10:23:08","modified_gmt":"2023-08-01T09:23:08","slug":"polizeimeldungen-wochenende-28-07-30-07-2023","status":"publish","type":"post","link":"https:\/\/speyer24news.com\/?p=54133","title":{"rendered":"Polizeimeldungen Wochenende (28.07.-30.07.2023)"},"content":{"rendered":"<style type=\"text\/css\">\r\n\t.ads_top_disp{}\r\n\t.ads_top_corner_disp{ float:left; margin:0px 10px 10px 0px; }\r\n\t.ads_first_p_disp{}\r\n\t.ads_bottom_disp{}\r\n\t<\/style>\n<h2 class=\"wp-block-heading\">Polizeimeldungen vom Wochenende (28.07.-30.07.2023)<\/h2>\n\n\n<div class=\"wp-block-image\">\n<figure class=\"aligncenter size-full\"><img decoding=\"async\" loading=\"lazy\" width=\"375\" height=\"500\" src=\"https:\/\/speyer24news.com\/wp-content\/uploads\/2022\/03\/Aktuelles-Polizeilogo.jpg\" alt=\"\" class=\"wp-image-43591\" srcset=\"https:\/\/speyer24news.com\/wp-content\/uploads\/2022\/03\/Aktuelles-Polizeilogo.jpg 375w, https:\/\/speyer24news.com\/wp-content\/uploads\/2022\/03\/Aktuelles-Polizeilogo-225x300.jpg 225w\" sizes=\"(max-width: 375px) 100vw, 375px\" \/><\/figure><\/div>\n\n\n<h2 class=\"wp-block-heading\">(Speyer) &#8211; Betrunken mit dem Fahrrad unterwegs<\/h2>\n\n\n\n<p>Am Abend des 29.07.23 teilte eine Zeugin gegen 23:30 Uhr der Polizei Speyer einen schwankenden Fahrradfahrer mit. Zus\u00e4tzlich sei der Fahrer bereits mehrmals gest\u00fcrzt. In der Kurt-Schuhmacher-Stra\u00dfe konnte der 58-j\u00e4hrige Mann angetroffen werden. Bei ihm konnte deutlicher Alkoholgeruch festgestellt werden. W\u00e4hrend der Kontrolle musste sich der Mann am Laternenpfahl festhalten, um nicht zu st\u00fcrzen. Ein Atemalkoholtest wurde abgelehnt. Der Fahrradfahrer wurde auf die Dienststelle gebracht, wo ihm eine Blutprobe entnommen wurde.<\/p>\n\n\n\n<h2 class=\"wp-block-heading\">(Speyer) &#8211; Mit Mistgabel verletzt<\/h2>\n\n\n<div class=\"wp-block-image\">\n<figure class=\"aligncenter size-full\"><img decoding=\"async\" loading=\"lazy\" width=\"800\" height=\"533\" src=\"https:\/\/speyer24news.com\/wp-content\/uploads\/2021\/11\/Schlaegerei.jpg\" alt=\"\" class=\"wp-image-42366\" srcset=\"https:\/\/speyer24news.com\/wp-content\/uploads\/2021\/11\/Schlaegerei.jpg 800w, https:\/\/speyer24news.com\/wp-content\/uploads\/2021\/11\/Schlaegerei-300x200.jpg 300w, https:\/\/speyer24news.com\/wp-content\/uploads\/2021\/11\/Schlaegerei-768x512.jpg 768w\" sizes=\"(max-width: 800px) 100vw, 800px\" \/><figcaption class=\"wp-element-caption\">Beispielbild Schl\u00e4gerei \/ K\u00f6rperverletzung, dient lediglich der Visualisierung<\/figcaption><\/figure><\/div>\n\n\n<p>Am 29.07.23 gegen 20:30 Uhr kam es zu einer Schl\u00e4gerei in der Industriestra\u00dfe. Dabei soll zun\u00e4chst ein 47-j\u00e4hrige Mann eine 37-j\u00e4hrige schwangere Frau mehrfach geschubst haben. Der 53-j\u00e4hrige Lebensgef\u00e4hrte der Frau sei daraufhin in seine Wohnung um eine Mistgabel zu holen. Anschlie\u00dfend warf er die Mistgabel auf den 47-J\u00e4hrigen. Diese bohrte sich in den linken Rippenbogen und blieb kurzzeitig stecken. Der 47-j\u00e4hrige Mann nahm daraufhin eine Brechstange und warf sie seinem Kontrahenten an den Hinterkopf. Letztlich schlugen beide M\u00e4nner aufeinander ein. Bei dem 47-j\u00e4hrigen Mann konnte eine Stichwunde festgestellt werden, weswegen er medizinisch behandelt und in ein Krankenhaus gebracht werden musste. Die Beteiligten standen unter Alkoholeinfluss. Im Rahmen der Sachverhaltsaufnahme st\u00f6rte ein 35-j\u00e4hriger Mann die polizeilichen Ma\u00dfnahmen. Ihm wurde ein Platzverweis erteilt. Da er diesem nicht nachkam, wurde er in Gewahrsam genommen und auf die Dienststelle transportiert. Bei dem Mann konnte ein Einhandmesser in der Hosentasche aufgefunden und sichergestellt werden.<\/p>\n\n\n\n<h2 class=\"wp-block-heading\">(Speyer) &#8211; Pedelec beim Abbiegen \u00fcbersehen<\/h2>\n\n\n\n<p>Am 27.07.2023 gegen 08:47 Uhr befuhr eine 54-J\u00e4hrige mit ihrem Pkw die Bahnhofstra\u00dfe aus Richtung Postplatz kommend in Fahrtrichtung Wormser Landstra\u00dfe. Zur gleichen Zeit befuhr eine 28-j\u00e4hrige Frau mit ihrem Pedelec den rechten Radweg der Bahnhofstra\u00dfe aus Richtung Wormser Landstra\u00dfe kommend in Fahrtrichtung Postplatz. Die PKW-Fahrerin wollte nach links auf einen Parkplatz abbiegen und \u00fcbersah dabei die Pedelec-Fahrerin. Diese fuhr ungebremst in die Beifahrerseite des PKW und st\u00fcrzte zu Boden. Sie zog sich leichte Verletzungen zu und wurde vom Rettungsdienst in ein nahegelegenes Krankenhaus gebracht. Es entstand ein Schaden in H\u00f6he von 1.300 EUR.<\/p>\n\n\n\n<h2 class=\"wp-block-heading\">(Speyer) &#8211; Einbruch in Gastst\u00e4tte<\/h2>\n\n\n\n<p>In der Zeit vom 26.07.2023, 23:30 Uhr bis 27.07.2023, 08:55 Uhr hebelten unbekannte T\u00e4ter die T\u00fcr einer Gastst\u00e4tte in der Kurt-Schumacher-Stra\u00dfe auf und gelangten so ins Innere. Dort wurden Schr\u00e4nke ge\u00f6ffnet. Nach derzeitigem Ermittlungsstand konnte kein Diebesgut festgestellt werden. Der Sachschaden bel\u00e4uft sich auf etwa 2000 Euro.<\/p>\n\n\n\n<ul>\n<li><strong>Wem sind in der Nacht von Mittwoch auf Donnerstag verd\u00e4chtige Personen oder Fahrzeuge im Bereich der Kurt-Schumacher-Stra\u00dfe aufgefallen? Zeugen werden gebeten, sich mit der Polizei Speyer unter der Telefonnummer 06232 \/ 137-0 oder per E-Mail an\u00a0<a href=\"mailto:%20pispeyer@polizei.rlp.de\">pispeyer@polizei.rlp.de<\/a>\u00a0in Verbindung zu setzen.<\/strong><\/li>\n<\/ul>\n\n\n\n<h2 class=\"wp-block-heading\">(B\u00f6hl-Iggelheim) &#8211; Betrug durch &#8222;Love Scamming&#8220;<\/h2>\n\n\n<div class=\"wp-block-image\">\n<figure class=\"aligncenter size-full\"><img decoding=\"async\" loading=\"lazy\" width=\"800\" height=\"568\" src=\"https:\/\/speyer24news.com\/wp-content\/uploads\/2021\/04\/Love-Scamming.jpg\" alt=\"\" class=\"wp-image-35588\" srcset=\"https:\/\/speyer24news.com\/wp-content\/uploads\/2021\/04\/Love-Scamming.jpg 800w, https:\/\/speyer24news.com\/wp-content\/uploads\/2021\/04\/Love-Scamming-300x213.jpg 300w, https:\/\/speyer24news.com\/wp-content\/uploads\/2021\/04\/Love-Scamming-768x545.jpg 768w\" sizes=\"(max-width: 800px) 100vw, 800px\" \/><figcaption class=\"wp-element-caption\">Beispielbild Love \/ Romance Scamming, dient lediglich der Visualisierung<\/figcaption><\/figure><\/div>\n\n\n<p>Bereits seit fast 2 Monaten wurde einer Dame aus B\u00f6hl-Iggelheim \u00fcber eine unbekannte Person die gro\u00dfe Liebe vorgegaukelt. Der Betr\u00fcger aus dem Internet spielte der Gesch\u00e4digten seine Liebe zu ihr vor. So gab es regelm\u00e4\u00dfige Kontakte, wodurch er die Gesch\u00e4digte immer weiter an sich band und sich deren Vertrauen erschlich. Bis er bei dieser schlie\u00dflich Geld f\u00fcr eine angebliche Krankenhausrechnung oder ein Flugticket erbat, welches die Gesch\u00e4digte ihm \u00fcberwies. Erst nach einer nochmaligen Geldforderung seitens des Betr\u00fcgers und eines beratenden Gespr\u00e4chs durch Bankangestellte, erkannte die Gesch\u00e4digte die Betrugsmasche und brachte dies bei der Polizei zur Anzeige.<\/p>\n\n\n\n<h2 class=\"wp-block-heading\">(Waldsee) &#8211; Bereits zum zweiten Mal innerhalb eines Monates unter Drogeneinfluss am Steuer erwischt<\/h2>\n\n\n\n<p>Ein d\u00e9j\u00e0-vu erlebten Beamte der Polizeiautobahnstation Ruchheim am 29.07.2023 gegen 01:45 Uhr als sie auf der B 9 an der Anschlussstelle Rehh\u00fctte einen VW Golf kontrollierten. Am Steuer sa\u00df ein 28-J\u00e4hriger, der den Beamten bereits aus einer Kontrolle Anfang Juli bekannt war, diesmal war er allerdings mit einem anderen Fahrzeug unterwegs. Bei der ersten Kontrolle stand der Fahrer unter dem Einfluss von Kokain, weswegen die kontrollierenden Beamten erneut die Fahrt\u00fcchtigkeit \u00fcberpr\u00fcften. Dabei konnten sie feststellen, dass der Fahrer erneut unter Kokaineinfluss stand. Die Entnahme einer Blutprobe wurde angeordnet. Der Beschuldigte muss als Konsument harter Drogen mit dem Entzug der Fahrerlaubnis rechnen.<\/p>\n\n\n\n<h2 class=\"wp-block-heading\">(Schifferstadt) &#8211; Einbruch in Wohnhaus \/ Zeugen gesucht<\/h2>\n\n\n\n<p>Am Donnerstag (27.07.2023), zwischen 07:30 und 17:00 Uhr, brachen bislang Unbekannte in ein Einfamilienhaus in der Drosselstra\u00dfe in Schifferstadt ein und entwendeten Wertgegenst\u00e4nde. Der Gesamtschaden bel\u00e4uft sich auf knapp 10.000 Euro.<\/p>\n\n\n\n<ul>\n<li><strong>Wer hat die Tat beobachtet oder im Tatzeitraum im Bereich der Drosselstra\u00dfe verd\u00e4chtige Personen wahrgenommen?<\/strong><\/li>\n<\/ul>\n\n\n\n<ul>\n<li><strong>Sachdienliche Hinweise nimmt die Kriminalpolizei Ludwigshafen unter der Telefonnummer 0621\/963-2773 oder per E-Mail\u00a0<a href=\"mailto:%20kiludwigshafen.k1.kdd@polizei.rlp.de\">kiludwigshafen.k1.kdd@polizei.rlp.de<\/a>\u00a0entgegen.<\/strong><\/li>\n<\/ul>\n\n\n\n<h2 class=\"wp-block-heading\">(Schifferstadt) &#8211; 12-j\u00e4hriger zu schnell unterwegs<\/h2>\n\n\n\n<p>Im Rahmen der allgemeinen Streifent\u00e4tigkeit fiel Polizeibeamten der Polizeiinspektion Schifferstadt am Donnerstagmittag ein E-Roller auf, der mit zwei offensichtlich Kindern besetzt die Waldseer Stra\u00dfe befuhr. Im Rahmen der anschlie\u00dfenden Kontrolle konnte festgestellt werden, dass es sich um einen 12- und 9-j\u00e4hrigen handelte. Da die Geschwindigkeit des Rollers circa 40 km\/h betrug und dieser keinen Versicherungsschutz hatte, wird nun gegen die Erziehungsberechtigte des 12-j\u00e4hrigen wegen mehrerer verkehrsrechtlichen Vergehen ermittelt. E-Roller mit einer Geschwindigkeit bis zum 20 km\/h darf man in Deutschland ab 14 Jahren fahren. Eine Fahrerlaubnis ist in diesem Falle nicht notwendig. Wir der Roller auf \u00f6ffentlichen Stra\u00dfen genutzt, muss dieser \u00fcber einen entsprechenden Versicherungsschutz verf\u00fcgen.<\/p>\n\n\n\n<h2 class=\"wp-block-heading\">(Limburgerhof) &#8211; Verkehrsunfall mit Personenschaden durch betrunkenen Fahrradfahrer<\/h2>\n\n\n\n<p>Am Abend des 28.07.2023 kam es in Limburgerhof, in der Hans-Sachs-Stra\u00dfe, zu einem Verkehrsunfall durch einen betrunkenen Fahrradfahrer. Dieser war auf Grund seiner Alkoholisierung nicht mehr in der Lage geradeaus zu fahren, weshalb er gegen einen geparkten PKW stie\u00df und hierdurch selbst zu Fall kam und sich verletzte. Auf den gemessenen Promillewert von 1,28 Promille angesprochen, gab der Radfahrer an, drei Bier getrunken zu haben. Im Anschluss an die Unfallaufnahme vor Ort wurde dem Radfahrer eine Blutprobe entnommen und ein Strafverfahren wegen Trunkenheit im Verkehr eingeleitet. Zudem wird die F\u00fchrerscheinstelle \u00fcber diesen Vorfall in Kenntnis gesetzt.<\/p>\n\n\n\n<h2 class=\"wp-block-heading\">(Neuhofen) &#8211; Stra\u00dfenverkehrsgef\u00e4hrdung mit verletzten Personen<\/h2>\n\n\n\n<p>Am 28.07.2023, gegen 22:37 Uhr kam es in Neuhofen in der Ludwigshafener Stra\u00dfe, zu einer Gef\u00e4hrdung des Stra\u00dfenverkehrs. Hier fuhr ein PKW, welcher mit mehreren Personen besetzt war, mit deutlich \u00fcberh\u00f6hter Geschwindigkeit in Richtung Ludwigshafen. Auf Grund dessen verlor der Fahrer die Kontrolle \u00fcber das Fahrzeug, prallte gegen einen Baum und schleuderte ca. 10m weiter gegen ein am Fahrbahnrand geparktes Fahrzeug. Nach dem Verkehrsunfall seien vier Personen aus dem Fahrzeug ausgestiegen und in Richtung Ludwigshafen davongerannt. Eine der Personen soll zuvor noch die Kennzeichen des Fahrzeuges abmontiert und mitgenommen haben. Ein Zeuge, der den Unfall wahrgenommen hat, konnte drei der Personen dazu bewegen, vor Ort zu bleiben und sich doch in \u00e4rztliche Behandlung zu begeben, was diese auch taten. Lediglich eine Person war weiterhin fl\u00fcchtig. An dem Fahrzeug konnten mehrere Spuren gesichert und Gegenst\u00e4nde sichergestellt werden. Die vor Ort verbliebenen Personen wurde zur weiteren Untersuchung und Behandlung in umliegende Krankenh\u00e4user verbracht. <\/p>\n\n\n\n<ul>\n<li><strong>Zeugen die Angaben zu dem Fahrzeug, der fl\u00fcchtigen Person, sowie den angebrachten Kennzeichen an dem Fahrzeug machen k\u00f6nnen, werden gebeten sich mit der Polizeiinspektion in Schifferstadt, unter der Telefonnummer 06235 \/ 495-0 oder per E-Mail (<a href=\"mailto:pischifferstadt@polizei.rlp.de\">pischifferstadt@polizei.rlp.de<\/a>) in Verbindung zu setzen.<\/strong><\/li>\n<\/ul>\n\n\n\n<h2 class=\"wp-block-heading\">(A 61 \/ Dannstadt FR SP) &#8211; Verkehrsunsicheren Sattelauflieger mittels Spanngurten gesichert<\/h2>\n\n\n<div class=\"wp-block-image\">\n<figure class=\"aligncenter size-full\"><img decoding=\"async\" loading=\"lazy\" width=\"800\" height=\"599\" src=\"https:\/\/speyer24news.com\/wp-content\/uploads\/2023\/08\/beschaedigterSattelauflieger.jpg\" alt=\"\" class=\"wp-image-54137\" srcset=\"https:\/\/speyer24news.com\/wp-content\/uploads\/2023\/08\/beschaedigterSattelauflieger.jpg 800w, https:\/\/speyer24news.com\/wp-content\/uploads\/2023\/08\/beschaedigterSattelauflieger-300x225.jpg 300w, https:\/\/speyer24news.com\/wp-content\/uploads\/2023\/08\/beschaedigterSattelauflieger-768x575.jpg 768w, https:\/\/speyer24news.com\/wp-content\/uploads\/2023\/08\/beschaedigterSattelauflieger-678x509.jpg 678w, https:\/\/speyer24news.com\/wp-content\/uploads\/2023\/08\/beschaedigterSattelauflieger-326x245.jpg 326w, https:\/\/speyer24news.com\/wp-content\/uploads\/2023\/08\/beschaedigterSattelauflieger-80x60.jpg 80w\" sizes=\"(max-width: 800px) 100vw, 800px\" \/><\/figure><\/div>\n\n\n<p>Am 28.07.2023 um 12:00 Uhr meldet ein aufmerksamer Verkehrsteilnehmer einen Sattelzug auf der BAB 61 in Fahrtrichtung Speyer. Dieser konnte durch Beamte der Autobahnpolizei Ruchheim auf der Tank- und Rastanlage Dannstadt-West angehalten und einer Verkehrskontrolle unterzogen werden. Bei dem Sattelanh\u00e4nger wurde festgestellt, dass das Hubdach lediglich \u00fcber die Stirnwand und den Heckt\u00fcren mit dem Aufliegeraufbau verbunden war. Um die fehlenden Rungen und Spriegel auszugleichen, welche das Dach stabilisieren w\u00fcrden, nutzte der 44-J\u00e4hrige Fahrzeugf\u00fchrer Spanngurte. Bei dem Sattelauflieger soll es sich um ein Unfallfahrzeug handeln. Im Rahmen der technischen \u00dcberpr\u00fcfung konnten erhebliche M\u00e4ngel an der Bereifung, der Ladefl\u00e4che sowie dem Rahmenaufbau festgestellt werden. Die Verkehrsunsicherheit des Fahrzeugs war nicht mehr gegeben, weshalb die Weiterfahrt untersagt wurde. Im Anschluss an die Verkehrskontrolle wurde das Fahrzeug mittels Abschleppdienst zu einem Verwertungsbetrieb verbracht. Auf den Fahrzeugf\u00fchrer kommt nun ein Ermittlungsverfahren wegen Inverkehrbringen eines verkehrsunsicheren Fahrzeugs zu.<\/p>\n\n\n\n<h2 class=\"wp-block-heading\">(R\u00f6merberg) &#8211; Verkehrsunfallflucht<\/h2>\n\n\n\n<p>Am 28.07.2023 im Zeitraum von 09:00 bis 11:00 Uhr fuhr ein bisher unbekannter Fahrer mit seinem Fahrzeug die Heiligensteiner Stra\u00dfe in R\u00f6merberg entlang. Hierbei touchierte er ein am rechten Fahrbahnrand stehenden Pkw. Dabei wurde der linke Au\u00dfenspiegel samt Glas besch\u00e4digt. Der Schaden bel\u00e4uft sich auf ca. 400EUR<\/p>\n\n\n\n<ul>\n<li><strong>Wer kann Hinweise geben? Zeugen werden gebeten, sich mit der Polizei Speyer unter der Telefonnummer 06232 \/ 137-0 oder per E-Mail an\u00a0<a href=\"mailto:%20pispeyer@polizei.rlp.de\">pispeyer@polizei.rlp.de<\/a>\u00a0in Verbindung zu setzen.<\/strong><\/li>\n<\/ul>\n\n\n\n<h2 class=\"wp-block-heading\">(Westheim) &#8211; In Wohnhaus eingebrochen<\/h2>\n\n\n\n<p>Zwischen Mittwoch und Freitag hebelten bislang unbekannte T\u00e4ter in der Bahnhofstra\u00dfe die Terrassent\u00fcr eines Einfamilienhauses auf und gelangten so ins Innere. <\/p>\n\n\n\n<ul>\n<li><strong>Personen, die in diesem Zeitraum verd\u00e4chtige Wahrnehmungen gemacht haben, werden gebeten, sich mit der Polizei in Germersheim unter der Telefonnummer 07274\/9580 oder per Mail an\u00a0<a href=\"mailto:%20pigermersheim@polizei.rlp.de\">pigermersheim@polizei.rlp.de<\/a>\u00a0in Verbindung zu setzen.<\/strong><\/li>\n<\/ul>\n\n\n\n<h2 class=\"wp-block-heading\">(Germersheim) &#8211; Beim Autokauf \u00fcber den Tisch gezogen<\/h2>\n\n\n<div class=\"wp-block-image\">\n<figure class=\"aligncenter size-full\"><img decoding=\"async\" loading=\"lazy\" width=\"800\" height=\"588\" src=\"https:\/\/speyer24news.com\/wp-content\/uploads\/2021\/01\/Telefonbetrug.jpg\" alt=\"\" class=\"wp-image-32080\" srcset=\"https:\/\/speyer24news.com\/wp-content\/uploads\/2021\/01\/Telefonbetrug.jpg 800w, https:\/\/speyer24news.com\/wp-content\/uploads\/2021\/01\/Telefonbetrug-300x221.jpg 300w, https:\/\/speyer24news.com\/wp-content\/uploads\/2021\/01\/Telefonbetrug-768x564.jpg 768w, https:\/\/speyer24news.com\/wp-content\/uploads\/2021\/01\/Telefonbetrug-80x60.jpg 80w\" sizes=\"(max-width: 800px) 100vw, 800px\" \/><\/figure><\/div>\n\n\n<p>Zwei M\u00e4nner erschienen unabh\u00e4ngig voneinander zeitgleich auf der Polizei Germersheim, um Anzeige wegen Betrugs zu erstatten. Die M\u00e4nner hatten Kaufinteresse an einem Gebrauchtwagen, welcher auf einem Onlineportal inseriert war. In einem seri\u00f6s wirkenden Telefonat mit dem vermeintlichen Verk\u00e4ufer einigte man sich auf eine &#8222;Reservierungszahlung&#8220; von 500 bzw. 1000 Euro. Die Entt\u00e4uschung war gro\u00df, als die K\u00e4ufer nach mehrst\u00fcndigen Autofahrten aus Holland bzw. \u00d6sterreich feststellen mussten, dass sie einem Betr\u00fcger aufgesessen waren. <\/p>\n\n\n\n<h4 class=\"wp-block-heading\"><strong>Tipps zum sicheren Fahrzeugkauf\/-verkauf finden Sie hier:\u00a0<a href=\"https:\/\/www.polizei-beratung.de\/themen-und-tipps\/sicherer-autokauf\" target=\"_blank\" rel=\"noreferrer noopener\">www.polizei-beratung.de\/themen-und-tipps\/sicherer-autokauf<\/a><\/strong><\/h4>\n\n\n\n<h2 class=\"wp-block-heading\">(Germersheim) &#8211; Mehrere Unf\u00e4lle durch verlorenes \u00d6l<\/h2>\n\n\n\n<p>Am Donnerstagnachmittag ereigneten sich auf der Bundesstra\u00dfe 9 bei der Anschlussstelle Germersheim S\u00fcd gleich drei Verkehrsunf\u00e4lle. Bei der Unfallaufnahme stellte die Polizei fest, dass kurz zuvor ein bislang unbekanntes Fahrzeug im Ausfahrtsbereich \u00d6l verloren hatte. Bei den Verkehrsunf\u00e4llen entstand ein Sachschaden von insgesamt ca. 5000 Euro. Verletzt wurde gl\u00fccklicherweise niemand. Die Gefahrenstelle wurde umgehend abgesichert, sodass weitere Unf\u00e4lle verhindert werden konnten.<\/p>\n\n\n\n<h2 class=\"wp-block-heading\">(Germersheim) &#8211; Zwei hochwertige Fahrr\u00e4der entwendet<\/h2>\n\n\n\n<p>Am Mittwochabend (19.00 &#8211; 20.45 Uhr) entwendeten bislang unbekannte T\u00e4ter zwei hochwertige Pedelecs. Diese waren in der Alten Schiffbr\u00fcckenstra\u00dfe abgestellt und mittels eines Schlosses gesichert. Der Sachschaden bel\u00e4uft sich auf ca. 3700 Euro. <\/p>\n\n\n\n<ul>\n<li><strong>Zeugenhinweise nimmt die Polizei Germersheim unter der Telefonnummer 07274\/9580 oder per Mail an\u00a0<a href=\"mailto:%20pigermersheim@polizei.rlp.de\">pigermersheim@polizei.rlp.de<\/a>\u00a0entgegen.<\/strong><\/li>\n<\/ul>\n\n\n\n<h2 class=\"wp-block-heading\">(Kandel) &#8211; Unter Drogeneinfluss auf dem E-Scooter<\/h2>\n\n\n\n<p>Beamte der Polizei W\u00f6rth kontrollierten am Freitag kurz nach Mitternacht in Kandel in der Hauptstra\u00dfe einen 20 -j\u00e4hrigen Mann aus Germersheim, der auf einem E-Scooter unterwegs war. Bei der Kontrolle stellten die Polizisten drogentypische Auff\u00e4lligkeiten bei dem jungen Mann fest, der kurz darauf den Konsum eines Joints einr\u00e4umte. Gegen ihn wurde nun ein Ordnungswidrigkeitenverfahren wegen Trunkenheit im Verkehr eingeleitet.<\/p>\n\n\n\n<h2 class=\"wp-block-heading\">(W\u00f6rth) &#8211; Dumm gelaufen<\/h2>\n\n\n\n<p>Eine Polizeistreife der Polizei W\u00f6rth kontrollierte am Donnerstag Abend gegen 22.00h einen jungen Mann, weil er mit einem unbeleuchteten Fahrrad fuhr. In seinem mitgef\u00fchrten Rucksack konnte bei der Nachschau eine Alkoholflasche mit Sicherungssiegel festgestellt werden. Der Mann r\u00e4umte den Diebstahl der Flasche kurz zuvor ein. Gegen ihn wurde ein Strafverfahren eingeleitet.<\/p>\n\n\n\n<h2 class=\"wp-block-heading\">(Neuburg) &#8211; Einbruch in Kiosk am Epplesee<\/h2>\n\n\n\n<p>Im Zeitraum vom 25.07.23 bis 27.07.23 brachen bisher unbekannte T\u00e4ter gewaltsam in das Kiosk am Epplesee ein und entwendeten Bargeld. Weiterhin entstand ein Sachschaden in einer H\u00f6he von ca. 800 Euro. <\/p>\n\n\n\n<ul>\n<li><strong>Zeugenhinweise nimmt die Polizei W\u00f6rth unter der Telefonnummer 07271 92210 oder per E-Mail\u00a0<a href=\"mailto:%20piwoerth@polizei.rlp.de\">piwoerth@polizei.rlp.de<\/a>\u00a0entgegen.<\/strong><\/li>\n<\/ul>\n\n\n\n<h2 class=\"wp-block-heading\">(Freckenfeld) &#8211; Hydraulikleitung gerissen<\/h2>\n\n\n\n<p>Eine kleine Kettenreaktion l\u00f6ste am Donnerstag gegen 09.15h eine gerissene Tankhalterung an einem LKW in der Hauptstra\u00dfe in Freckenfeld aus. An dem Fahrzeug riss w\u00e4hrend der Fahrt die Tankhalterung, was zur Folge hatte, dass der Tank des LKW absackte und eine Hydraulikleitung besch\u00e4digte. Es trat Hydraulikfl\u00fcssigkeit aus. Der Fahrer konnte durch seine schnelle Reaktion eine Kontaminierung der Kanalisation mittels Streumittel verhindern. Die zust\u00e4ndigen Beh\u00f6rden und Fachfirmen k\u00fcmmerten sich um die Beseitigung des \u00d6ls. Als Ursache d\u00fcrfte ein Erm\u00fcdungsbruch der Tankhalterung aufgrund eines Vorschadens urs\u00e4chlich sein. Der Sachschaden liegt bei etwa 10.000 Euro. Gegen den Fahrer und die Halterfirma wurden Ordnungswidrigkeitenverfahren eingeleitet.<\/p>\n\n\n\n<h2 class=\"wp-block-heading\">(Steinfeld) &#8211; Raub\u00fcberfall \/ Zeugen gesucht<\/h2>\n\n\n<div class=\"wp-block-image\">\n<figure class=\"aligncenter size-full\"><img decoding=\"async\" loading=\"lazy\" width=\"801\" height=\"600\" src=\"https:\/\/speyer24news.com\/wp-content\/uploads\/2020\/05\/Zeugen-gesucht-Neutral.jpg\" alt=\"\" class=\"wp-image-26598\" srcset=\"https:\/\/speyer24news.com\/wp-content\/uploads\/2020\/05\/Zeugen-gesucht-Neutral.jpg 801w, https:\/\/speyer24news.com\/wp-content\/uploads\/2020\/05\/Zeugen-gesucht-Neutral-300x225.jpg 300w, https:\/\/speyer24news.com\/wp-content\/uploads\/2020\/05\/Zeugen-gesucht-Neutral-768x575.jpg 768w, https:\/\/speyer24news.com\/wp-content\/uploads\/2020\/05\/Zeugen-gesucht-Neutral-678x509.jpg 678w, https:\/\/speyer24news.com\/wp-content\/uploads\/2020\/05\/Zeugen-gesucht-Neutral-326x245.jpg 326w, https:\/\/speyer24news.com\/wp-content\/uploads\/2020\/05\/Zeugen-gesucht-Neutral-80x60.jpg 80w\" sizes=\"(max-width: 801px) 100vw, 801px\" \/><\/figure><\/div>\n\n\n<p>Eine 57-j\u00e4hrige Frau wurde am Donnerstag, den 27.07.2023, Opfer eines Raub\u00fcberfalls. Die Gesch\u00e4digte betrat gegen 12:30 Uhr ihre Wohnung in einem Mehrparteienhaus in der Oberen Hauptstra\u00dfe in Steinfeld, als sie von hinten, durch zwei bislang unbekannte T\u00e4ter, attackiert wurde. Diese entrissen der Frau eine Umh\u00e4ngetasche und fl\u00fcchteten sodann mit einem dunklen Kleinwagen in Richtung Schweighofen.<\/p>\n\n\n\n<p>Das Opfer erlitt bei dem Angriff leichte Verletzungen. Eine station\u00e4re Aufnahme in ein Krankenhaus war nicht n\u00f6tig.<\/p>\n\n\n\n<h4 class=\"wp-block-heading\">Von den beiden T\u00e4tern liegt lediglich eine vage Personenbeschreibung vor:<\/h4>\n\n\n\n<ol>\n<li><strong>T\u00e4ter: Er war ca. 35 Jahre alt, hatte einen Vollbart und einen dunklen Teint. Er trug dunkle Kleidung und eine Schirmm\u00fctze.<\/strong><\/li>\n\n\n\n<li><strong>T\u00e4ter: Er war ca. 45 Jahre alt und hatte einen dunklen Teint. Er trug ebenfalls dunkle Kleidung und eine Schirmm\u00fctze.<\/strong><\/li>\n<\/ol>\n\n\n\n<p>Die Kriminalpolizei Landau hat die Ermittlungen aufgenommen.<\/p>\n\n\n\n<ul>\n<li><strong>Zeugen, welche zur relevanten Tatzeit verd\u00e4chtige Wahrnehmungen gemacht haben, k\u00f6nnen sich bei der Polizei Landau, Tel. 06341\/287-0 oder\u00a0<a href=\"mailto:%20kilandau@polizei.rlp.de\">kilandau@polizei.rlp.de<\/a>\u00a0melden.<\/strong><\/li>\n<\/ul>\n\n\n\n<h2 class=\"wp-block-heading\">(Billigheim-Ingenheim) &#8211; Fundfahrrad auf Purzelmarktwiese<\/h2>\n\n\n<div class=\"wp-block-image\">\n<figure class=\"aligncenter size-full\"><img decoding=\"async\" loading=\"lazy\" width=\"800\" height=\"590\" src=\"https:\/\/speyer24news.com\/wp-content\/uploads\/2023\/08\/Fundfahrrad.jpeg\" alt=\"\" class=\"wp-image-54134\" srcset=\"https:\/\/speyer24news.com\/wp-content\/uploads\/2023\/08\/Fundfahrrad.jpeg 800w, https:\/\/speyer24news.com\/wp-content\/uploads\/2023\/08\/Fundfahrrad-300x221.jpeg 300w, https:\/\/speyer24news.com\/wp-content\/uploads\/2023\/08\/Fundfahrrad-768x566.jpeg 768w, https:\/\/speyer24news.com\/wp-content\/uploads\/2023\/08\/Fundfahrrad-80x60.jpeg 80w\" sizes=\"(max-width: 800px) 100vw, 800px\" \/><\/figure><\/div>\n\n\n<p>Nach einem m\u00f6glichen Fahrraddiebstahl in Billigheim-Ingenheim, sucht die Polizeiinspektion von Landau noch nach dem rechtm\u00e4\u00dfigen Eigent\u00fcmer eines aufgefundenen Fahrrades.<\/p>\n\n\n\n<p>Hiesiger Dienststelle wurde am Samstagmorgen ein schwarzes Mountainbike der Marke Ancheer gemeldet. Das Fahrrad hatte der Mitteiler in einem Geb\u00fcsch auf der &#8222;Purzelmarktwiese&#8220; aufgefunden. Bislang bestehen weder zum rechtm\u00e4\u00dfigen Eigent\u00fcmer, noch zum m\u00f6glichen Tatverd\u00e4chtigen Hinweise.<\/p>\n\n\n\n<ul>\n<li><strong>Der Eigent\u00fcmer, aber auch Hinweisgeber und Zeugen werden gebeten sich bei der Polizei Landau unter der Telefonnummer 06341 2870 oder per E-Mail\u00a0<a href=\"mailto:%20pilandau@polizei.rlp.de\">pilandau@polizei.rlp.de<\/a>\u00a0zu melden.<\/strong><\/li>\n<\/ul>\n\n\n\n<h2 class=\"wp-block-heading\">(Billigheim-Ingenheim) &#8211; Diebstahl aus Gutselstand<\/h2>\n\n\n\n<p>Im Verlauf des Freitags bis zum Samstagmorgen, kam es in Billigheim-Ingenheim, Ortsteil M\u00fchlhofen, zu einem Diebstahl aus einem S\u00fc\u00dfigkeitenstand.<\/p>\n\n\n\n<p>Der Stand ist dort im Zuge des \u00f6rtlichen Weinfestes aufgestellt. Im oben genannten Zeitraum wurde durch bislang unbekannte T\u00e4ter der Holzladen des Standes gewaltsam abgerissen. Der oder die T\u00e4ter gelangten so in das Innere des Standes und entwendeten dort zwei Trinkgeldkassen und diverse S\u00fc\u00dfwaren. Den vorgefundenen Umst\u00e4nden nach muss derzeit davon ausgegangen werden, dass die T\u00e4ter auch bereits versucht hatten, sich Zutritt zu anderen St\u00e4nden zu verschaffen.<\/p>\n\n\n\n<ul>\n<li><strong>Hinweise und Zeugenmeldungen nimmt die Polizei Landau unter der Telefonnummer 06341 2870 oder per E-Mail\u00a0<a href=\"mailto:%20pilandau@polizei.rlp.de\">pilandau@polizei.rlp.de<\/a>\u00a0entgegen.<\/strong><\/li>\n<\/ul>\n\n\n\n<h2 class=\"wp-block-heading\">(Billigheim-Ingenheim) &#8211; Schl\u00e4gerei auf Weinfes<\/h2>\n\n\n\n<p>Am 29.07.2023 kam es gegen 01:05 Uhr zu einer Schl\u00e4gerei auf dem M\u00fchlhofener Weinfest unter Beteiligung von circa 10 Personen. Hierbei trafen zwei rivalisierende Gruppen aufeinander. Aufgrund von Streitigkeiten aus der Vergangenheit kam es nun zu einer handfesten Auseinandersetzung. Hierbei wurde ein 22-J\u00e4hriger sowie ein 24-J\u00e4hriger leicht verletzt. Eine der Gruppen fl\u00fcchtete im Anschluss in einem schwarzen BMW und konnte im Rahmen von Fahndungsma\u00dfnahmen bisher nicht angetroffen werden. Ein Strafverfahren wegen gef\u00e4hrlicher K\u00f6rperverletzung wurde eingeleitet und die polizeilichen Ermittlungen aufgenommen. <\/p>\n\n\n\n<ul>\n<li><strong>Sachdienliche Hinweise richten Sie bitte an die Polizeiinspektion Landau unter der Telefonnummer 06341 287-0 oder per E-Mail an\u00a0<a href=\"mailto:%20pilandau@polizei.rlp.de\">pilandau@polizei.rlp.de<\/a>.<\/strong><\/li>\n<\/ul>\n\n\n\n<h2 class=\"wp-block-heading\">(Landau) &#8211; Verkehrsunfallflucht unter k\u00f6rperlicher Beeintr\u00e4chtigung<\/h2>\n\n\n\n<p>Ein 83-j\u00e4hriger Fahrzeugf\u00fchrer aus Karlsruhe verursachte, vermutlich infolge k\u00f6rperlicher Beeintr\u00e4chtigungen und der dadurch bedingten Medikamenteneinnahme, am Samstag mehrere Verkehrsunf\u00e4lle und entfernte sich mindestens einmal von der Unfall\u00f6rtlichkeit.<\/p>\n\n\n\n<p>Im Verlauf des Samstagnachmittags bis -abends kam es wiederholt zu Meldungen eines schwarzen BMWs mit M\u00fcnchner Kennzeichen, welcher durch seine extrem auff\u00e4llige Fahrweise Aufsehen erregte. Zun\u00e4chst war das Fahrzeug auf der B10 in Fahrtrichtung Pirmasens gesichtet worden, dann einige Zeit sp\u00e4ter auf der Landstra\u00dfe zwischen Lug und Sarnstall und schlie\u00dflich auf der A65 bei Landau. Jedes Mal verloren die Mitteiler das Fahrzeug jedoch aus den Augen noch bevor die eingesetzten Streifen es einer Verkehrskontrolle unterziehen konnten.<\/p>\n\n\n\n<p>Im Anschluss an die letzte Meldung konnte das Fahrzeug dann auf der Wei\u00dfenburger Stra\u00dfe festgestellt werden. Der Fahrzeugf\u00fchrer wollte beim Erblicken der Polizei direkt am Fahrbahnrand halten, touchierte hierbei aber einen Fahrbahnbegrenzungspfeiler. Im Zuge der anschlie\u00dfenden Verkehrskontrolle konnte bei dem 83-J\u00e4hrigen eine erhebliche motorische Unsicherheit festgestellt werden. Diese d\u00fcrfte auf seine Parkinson Erkrankung und die damit verbundene, regelm\u00e4\u00dfige Einnahme starker Medikamente zur\u00fcckzuf\u00fchren sein. Das Fahrzeug wies zudem zahlreiche Unfallsch\u00e4den auf. Laut dem Fahrzeugf\u00fchrer habe er lediglich eine Leitplanke bei der Auffahrt auf die B10 touchiert. Ob es zu weiteren Unf\u00e4llen im Verlauf des Tages und entlang der Strecke zwischen Karlsruhe und Lug kam, konnte bisher nicht mit Sicherheit gekl\u00e4rt werden.<\/p>\n\n\n\n<p>Dem 83-J\u00e4hrigen wurde die Weiterfahrt untersagt und der F\u00fchrerschein samt Fahrzeugschl\u00fcssel sichergestellt. Weiter wurde ihm eine Blutprobe entnommen, zur genauen Dokumentation welche m\u00f6glicherweise beeintr\u00e4chtigende Medikamente er zum Zeitpunkt der Unf\u00e4lle eingenommen hatte.<\/p>\n\n\n\n<p>Er muss sich nun in einem Strafverfahren wegen Unerlaubten Entfernens von der Unfall\u00f6rtlichkeit, sowie Gef\u00e4hrlichen Eingriffs in den Stra\u00dfenverkehr verantworten. Zudem wird die zust\u00e4ndige F\u00fchrerscheinstelle \u00fcber eine m\u00f6gliche Entziehung der Fahrerlaubnis entscheiden.<\/p>\n\n\n\n<ul>\n<li><strong>M\u00f6gliche weitere Unfallbeteiligte, aber auch Hinweisgeber und Zeugen werden gebeten sich bei der Polizei Landau unter der Telefonnummer 06341 2870 oder per E-Mail\u00a0<a href=\"mailto:%20pilandau@polizei.rlp.de\">pilandau@polizei.rlp.de<\/a>\u00a0zu melden.<\/strong><\/li>\n<\/ul>\n\n\n\n<h2 class=\"wp-block-heading\">(Landau) &#8211; Alkohol am Steuer und seine Folgen<\/h2>\n\n\n<div class=\"wp-block-image\">\n<figure class=\"aligncenter size-full\"><img decoding=\"async\" loading=\"lazy\" width=\"800\" height=\"600\" src=\"https:\/\/speyer24news.com\/wp-content\/uploads\/2023\/08\/IMG_4586Gross.jpg\" alt=\"\" class=\"wp-image-54136\" srcset=\"https:\/\/speyer24news.com\/wp-content\/uploads\/2023\/08\/IMG_4586Gross.jpg 800w, https:\/\/speyer24news.com\/wp-content\/uploads\/2023\/08\/IMG_4586Gross-300x225.jpg 300w, https:\/\/speyer24news.com\/wp-content\/uploads\/2023\/08\/IMG_4586Gross-768x576.jpg 768w, https:\/\/speyer24news.com\/wp-content\/uploads\/2023\/08\/IMG_4586Gross-678x509.jpg 678w, https:\/\/speyer24news.com\/wp-content\/uploads\/2023\/08\/IMG_4586Gross-326x245.jpg 326w, https:\/\/speyer24news.com\/wp-content\/uploads\/2023\/08\/IMG_4586Gross-80x60.jpg 80w\" sizes=\"(max-width: 800px) 100vw, 800px\" \/><\/figure><\/div>\n\n\n<p>Am 29.07.2023 befuhr gegen 01:15 Uhr ein 45-j\u00e4hriger Audi-Fahrer die K12 von Landau in Richtung Godramstein. Vermutlich aufgrund seiner Alkoholisierung fuhr er auf einen vorausfahrenden 25-j\u00e4hrigen Opel-Fahrer auf. Der Opel-Fahrer und seine vier Mitfahrer wurden durch den Unfall leicht verletzt. Die Schadensh\u00f6he an dem PKW Opel betr\u00e4gt circa 7500 Euro. Der Audi-Fahrer entfernte sich im Anschluss unerlaubt von der Unfall\u00f6rtlichkeit. Sonderlich weit kam er jedoch nicht. In Godramstein landete der 45-J\u00e4hrige in einem Vorgarten. Am PKW Audi entstand durch die beiden Unf\u00e4lle Totalschaden in H\u00f6he von circa 80.000 Euro. Aufgrund seiner deutlichen Alkoholisierung wurde ihm auf der Dienststelle eine Blutprobe entnommen. Sein F\u00fchrerschein wurde sichergestellt. Er wird sich nun in einem Strafverfahren wegen Stra\u00dfenverkehrsgef\u00e4hrdung, Verkehrsunfallflucht sowie fahrl\u00e4ssiger K\u00f6rperverletzung verantworten m\u00fcssen.<\/p>\n\n\n\n<h2 class=\"wp-block-heading\">(Siebeldingen) &#8211; In Weinberg gerauscht<\/h2>\n\n\n\n<p>Am 28.07.2023 befuhr gegen 19:15 Uhr ein 25-j\u00e4hriger BMW-Fahrer die L511 von Siebeldingen in Richtung Godramstein. Aufgrund nicht angepasster Geschwindigkeit kam er von der Fahrbahn ab und rauschte in einen Weinberg. Hierdurch entstand Sachschaden in H\u00f6he von circa 3500 Euro. Gl\u00fccklicherweise wurde bei dem Unfall weder der Fahrer noch seine zwei Mitinsassen verletzt. Auf den 25-J\u00e4hrigen wird nun ein Bu\u00dfgeldverfahren zukommen. Er wird sich auf ein Bu\u00dfgeld in H\u00f6he von 145 Euro sowie einen Punkt in der Verkehrss\u00fcnderdatei einstellen m\u00fcssen.<\/p>\n\n\n\n<h2 class=\"wp-block-heading\">(Hochstadt) &#8211; An Ampel aufgefahren<\/h2>\n\n\n\n<p>Am 28.07.2023 kam es gegen 14:05 Uhr zu einem Auffahrunfall an der Lichtzeichenanlage der B272 bei Hochstadt. Hiernach musste die 50-j\u00e4hrige BMW-Fahrerin an der rot werdenden Ampel in Fahrtrichtung A65 verkehrsbedingt bremsen. Eine 28-j\u00e4hrige Opel-Fahrerin erkannte dies zu sp\u00e4t &#8211; es kam zum Zusammensto\u00df mit einer Gesamtschadensh\u00f6he von circa 2000 Euro. Die BMW-Fahrerin wurde durch den Auffahrunfall leicht verletzt. Die Opel-Fahrerin wird sich nun in einem Strafverfahren wegen fahrl\u00e4ssiger K\u00f6rperverletzung verantworten m\u00fcssen.<\/p>\n\n\n\n<h2 class=\"wp-block-heading\">(Roschbach) &#8211; Trunkenheitsfahrt<\/h2>\n\n\n\n<p>Am Donnerstag, 27.07.2023, gegen 20.00 Uhr, wurde ein 40-J\u00e4hriger PKW-Fahrer im Ortsbereich einer Verkehrskontrolle unterzogen. Hierbei konnte Alkoholgeruch festgestellt werden. Ein dann auf der Dienststelle durchgef\u00fchrter gerichtsverwertbarer Alkoholtest ergab einen Wert von 1,04 Promille. Da der Mann seinen Wohnsitz in den USA hat, wurde eine Sicherheitsleistung in H\u00f6he von 500 Euro einbehalten.<\/p>\n\n\n\n<h2 class=\"wp-block-heading\">(A 65 \/ Edenkoben FR LU) &#8211; Unfall im Baustellenbereich<\/h2>\n\n\n<div class=\"wp-block-image\">\n<figure class=\"aligncenter size-full\"><img decoding=\"async\" loading=\"lazy\" width=\"800\" height=\"600\" src=\"https:\/\/speyer24news.com\/wp-content\/uploads\/2023\/08\/UnfallBAB65.jpeg\" alt=\"\" class=\"wp-image-54135\" srcset=\"https:\/\/speyer24news.com\/wp-content\/uploads\/2023\/08\/UnfallBAB65.jpeg 800w, https:\/\/speyer24news.com\/wp-content\/uploads\/2023\/08\/UnfallBAB65-300x225.jpeg 300w, https:\/\/speyer24news.com\/wp-content\/uploads\/2023\/08\/UnfallBAB65-768x576.jpeg 768w, https:\/\/speyer24news.com\/wp-content\/uploads\/2023\/08\/UnfallBAB65-678x509.jpeg 678w, https:\/\/speyer24news.com\/wp-content\/uploads\/2023\/08\/UnfallBAB65-326x245.jpeg 326w, https:\/\/speyer24news.com\/wp-content\/uploads\/2023\/08\/UnfallBAB65-80x60.jpeg 80w\" sizes=\"(max-width: 800px) 100vw, 800px\" \/><\/figure><\/div>\n\n\n<p>Am Samstagnachmittag, gegen 17:00 Uhr, kam es im Baustellenbereich der BAB 65, FR Ludwigshafen zu einem Verkehrsunfall, bei dem eine Person leicht verletzt wurde und ein Sachschaden von ca. 30.000,- EUR entstand. Eine 34-j\u00e4hrige Pkw-Fahrerin aus Frankreich kollidierte im Baustellenbereich mit dem Heck eines vorausfahrenden Pkw&#8217;s. Dieser wurde daraufhin in die Baustellenabsperrung geschleudert und kam quer zur Fahrbahn zum Stehen. Die 33-j\u00e4hrige Pkw-Fahrerin wurde hierbei leicht verletzt und begab sich im Anschluss an die Unfallaufnahme selbstst\u00e4ndig in \u00e4rztliche Behandlung. F\u00fcr die Dauer der Aufr\u00e4umarbeiten wurde der Verkehr \u00fcber den Baustellenbereich umgeleitet.<\/p>\n\n\n\n<h2 class=\"wp-block-heading\">(Neustadt) &#8211; Schl\u00e4gerei an der Metzgertheke<\/h2>\n\n\n\n<p>Am Nachmittag des 29.07.2023 kam es an der Metzgertheke eines Supermarktes in Neustadt zu einer k\u00f6rperlichen Auseinandersetzung zwischen einer Gruppe junger M\u00e4nner und dem Gesch\u00e4digten. Zun\u00e4chst gerieten die Beteiligten wohl wegen zu geringem Abstands in der Warteschlange in Streit. In Folge des Streits habe ein 24-J\u00e4hriger den Gesch\u00e4digten geschubst und geschlagen. Hierdurch wurde der Mann leicht verletzt. Die Beamten stellten den notwendigen Abstand wieder her und nahmen eine Anzeige wegen K\u00f6rperverletzung auf.<\/p>\n\n\n\n<h2 class=\"wp-block-heading\">(Neustadt) &#8211; Fahrrad in Bach<\/h2>\n\n\n<div class=\"wp-block-image\">\n<figure class=\"aligncenter size-full\"><img decoding=\"async\" loading=\"lazy\" width=\"800\" height=\"600\" src=\"https:\/\/speyer24news.com\/wp-content\/uploads\/2023\/08\/Fahrrad.jpeg\" alt=\"\" class=\"wp-image-54138\" srcset=\"https:\/\/speyer24news.com\/wp-content\/uploads\/2023\/08\/Fahrrad.jpeg 800w, https:\/\/speyer24news.com\/wp-content\/uploads\/2023\/08\/Fahrrad-300x225.jpeg 300w, https:\/\/speyer24news.com\/wp-content\/uploads\/2023\/08\/Fahrrad-768x576.jpeg 768w, https:\/\/speyer24news.com\/wp-content\/uploads\/2023\/08\/Fahrrad-678x509.jpeg 678w, https:\/\/speyer24news.com\/wp-content\/uploads\/2023\/08\/Fahrrad-326x245.jpeg 326w, https:\/\/speyer24news.com\/wp-content\/uploads\/2023\/08\/Fahrrad-80x60.jpeg 80w\" sizes=\"(max-width: 800px) 100vw, 800px\" \/><\/figure><\/div>\n\n\n<p>Am Morgen des 29.07.2023 bemerkte ein aufmerksamer Zeuge ein Fahrrad im Speyerbach im Bereich der Landwehrstra\u00dfe. Die Streife konnte das blaue Herrenrad der Marke Kalkhoff aus dem Bach ziehen. Aufgrund des Zustandes des Fahrrads geht die Polizei davon aus, dass das Rad m\u00f6glicherweise durch Unbekannte entwendet und im Speyerbach entsorgt wurde. Hinweise auf den Eigent\u00fcmer liegen derzeit nicht vor.<\/p>\n\n\n\n<ul>\n<li><strong>Zeugenhinweise nimmt die Polizei Neustadt\/W. unter 06321 854-0 oder per Mail an\u00a0<a href=\"mailto:%20pineustadt@polizei.rlp.de\">pineustadt@polizei.rlp.de<\/a>\u00a0entgegen.<\/strong><\/li>\n<\/ul>\n\n\n\n<h2 class=\"wp-block-heading\">(Neustadt) &#8211; Ohne F\u00fchrerschein auf Diebestour<\/h2>\n\n\n\n<p>Am 28.07.2023 gegen 22:30 Uhr meldete ein Gesch\u00e4digter aus der Pulverturmstra\u00dfe, dass gerade ein wei\u00dfer Transporter vorgefahren sei und durch die Insassen mehrere Felgen von seinem Grundst\u00fcck entwendet wurden. Durch eine sofort eingeleitete Fahndung mit mehreren Streifen konnte der Transporter in Tatortn\u00e4he gestellt werden. Im Rahmen der Kontrolle konnte durch die Beamten festgestellt werden, dass der 20-j\u00e4hrige Fahrer keinen F\u00fchrerschein besa\u00df und dass er unter dem Einfluss von THC stand. Ihm wurde eine Blutprobe entnommen. Die entwendeten Felgen konnten im Transporter sichergestellt und an den Gesch\u00e4digten \u00fcbergeben werden. Gegen den Fahrer und seinen 16-j\u00e4hrigen Beifahrer wurden mehrere Strafanzeigen eingeleitet.<\/p>\n\n\n\n<h2 class=\"wp-block-heading\">(Neustadt) &#8211; R\u00e4uberischer Diebstahl<\/h2>\n\n\n\n<p>Am Nachmittag des 28.07.2023 kam es in einem Supermarkt in der Adolf-Kolping-Stra\u00dfe zu einem Ladendiebstahl. Hierbei wurden zwei Musikboxen im Wert von 100EUR von einem 31-J\u00e4hrigen entwendet. Als der Ladendetektiv den Mann auf den Diebstahl ansprach, versuchte dieser zu fl\u00fcchten. Ein weiterer Mitarbeiter des Marktes versuchte den Dieb festzuhalten, was ihm jedoch nicht gelang. Hierbei verletzte sich der Mitarbeiter leicht (keine Behandlung n\u00f6tig). Durch einen zuf\u00e4llig privat anwesenden Polizeibeamten konnte der T\u00e4ter gestoppt und bis zum Eintreffen der Streife festgehalten werden. Gegen den Mann wurden mehrere Strafanzeigen eingeleitet.<\/p>\n\n\n\n<h2 class=\"wp-block-heading\">(Neustadt) &#8211; Kennzeichendiebstahl<\/h2>\n\n\n\n<p>Am 27.07.2023 zwischen 22:30 Uhr und 23:30 Uhr entwendeten Unbekannte das Kennzeichen eines Motorrades auf dem Parkplatz eines Restaurants in der Chemnitzer Stra\u00dfe. Der Sachschaden bel\u00e4uft sich auf ca. 50EUR.<\/p>\n\n\n\n<ul>\n<li><strong>Zeugenhinweise nimmt die Polizei Neustadt\/W. unter 06321 854-0 oder per Mail an\u00a0<a href=\"mailto:%20pineustadt@polizei.rlp.de\">pineustadt@polizei.rlp.de<\/a>\u00a0entgegen.<\/strong><\/li>\n<\/ul>\n\n\n\n<h2 class=\"wp-block-heading\">(Lambrecht) &#8211; Sachbesch\u00e4digung an Hausfassade<\/h2>\n\n\n\n<p>Im Zeitraum zwischen dem 21.07.2023 und dem 24.07.2023 bespr\u00fchten Unbekannte eine Hausfassade auf dem Friedrich-Ebert-Platz mit Farbe. Zudem wurde eine Fenstervergitterung besch\u00e4digt. Der Gesamtschaden bel\u00e4uft sich auf ca. 1000EUR.<\/p>\n\n\n\n<ul>\n<li><strong>Zeugenhinweise nimmt die Polizei Neustadt\/W. unter 06321 854-0 oder per Mail an\u00a0<a href=\"mailto:%20pineustadt@polizei.rlp.de\">pineustadt@polizei.rlp.de<\/a>\u00a0entgegen.<\/strong><\/li>\n<\/ul>\n\n\n\n<h2 class=\"wp-block-heading\">(Niederkirchen) &#8211; Hochwertiges E-Bike entwendet<\/h2>\n\n\n<div class=\"wp-block-image\">\n<figure class=\"aligncenter size-full\"><img decoding=\"async\" loading=\"lazy\" width=\"800\" height=\"506\" src=\"https:\/\/speyer24news.com\/wp-content\/uploads\/2023\/08\/7944b1b1-6988-42cf-a984-a0d8443c44b3.jpg\" alt=\"\" class=\"wp-image-54139\" srcset=\"https:\/\/speyer24news.com\/wp-content\/uploads\/2023\/08\/7944b1b1-6988-42cf-a984-a0d8443c44b3.jpg 800w, https:\/\/speyer24news.com\/wp-content\/uploads\/2023\/08\/7944b1b1-6988-42cf-a984-a0d8443c44b3-300x190.jpg 300w, https:\/\/speyer24news.com\/wp-content\/uploads\/2023\/08\/7944b1b1-6988-42cf-a984-a0d8443c44b3-768x486.jpg 768w\" sizes=\"(max-width: 800px) 100vw, 800px\" \/><\/figure><\/div>\n\n\n<p>Zwischen dem 26.07. und dem 27.07.2023, wurde vom Betriebsgel\u00e4nde eines Weinguts in der Hintergasse in Niederkirchen bei Deidesheim, ein hochwertiges E-Bike der Marke Radon entwendet. Der Gesch\u00e4digte sicherte das E-Bike zwar mit einem Schloss gegen ein Wegfahren, jedoch schloss er dieses nicht an einen fest verbauten Gegenstand an. Da das Fahrradschloss vor Ort nicht aufgefunden wurde ist anzunehmen, dass das E-Bike nicht weggefahren, sondern auf andere Weise abtransportiert wurde.<\/p>\n\n\n\n<ul>\n<li><strong>Zeugen werden gebeten, sachdienliche Hinweise der Polizeiinspektion Ha\u00dfloch zu melden.<\/strong><\/li>\n<\/ul>\n\n\n\n<h2 class=\"wp-block-heading\">(Bad D\u00fcrkheim) &#8211; Katze angeschossen<\/h2>\n\n\n<div class=\"wp-block-image\">\n<figure class=\"aligncenter size-full\"><img decoding=\"async\" loading=\"lazy\" width=\"800\" height=\"592\" src=\"https:\/\/speyer24news.com\/wp-content\/uploads\/2023\/02\/Achtung.jpeg\" alt=\"\" class=\"wp-image-51381\" srcset=\"https:\/\/speyer24news.com\/wp-content\/uploads\/2023\/02\/Achtung.jpeg 800w, https:\/\/speyer24news.com\/wp-content\/uploads\/2023\/02\/Achtung-300x222.jpeg 300w, https:\/\/speyer24news.com\/wp-content\/uploads\/2023\/02\/Achtung-768x568.jpeg 768w, https:\/\/speyer24news.com\/wp-content\/uploads\/2023\/02\/Achtung-80x60.jpeg 80w\" sizes=\"(max-width: 800px) 100vw, 800px\" \/><\/figure><\/div>\n\n\n<p>Bislang unbekannter T\u00e4ter schoss eine Katze vermutlich mit einem Luftgewehr an. Die Freig\u00e4ngerkatze der Gesch\u00e4digten zeigte seit ca. 3 Wochen Probleme beim Aklappen des Schwanzes. Am Freitag fiel der Tierbesitzerin ein kleines Geschoss im Schwanz auf, welches durch einen Tierarzt entfernt werden konnte. Die Katze ist wohlauf. Die Tat\u00f6rtlichkeit ist unbekannt, d\u00fcrfte sich jedoch auf den Bereich Bad D\u00fcrkheim, Ortsteil Hardenburg, &#8222;Klaustal&#8220; und auf das angrenzende Waldgebiet beschr\u00e4nken. <\/p>\n\n\n\n<ul>\n<li><strong>Die Polizei Bad D\u00fcrkheim bittet Zeugen, die Hinweise zur Tat und\/oder dem T\u00e4ter geben k\u00f6nnen, sich telef. unter 06322 963-0 oder per E-Mail an\u00a0<a href=\"mailto:%20pibadduerkheim@polizei.rlp.de\">pibadduerkheim@polizei.rlp.de<\/a>\u00a0zu melden.<\/strong><\/li>\n<\/ul>\n\n\n\n<h2 class=\"wp-block-heading\">(Erpolzheim) &#8211; Unfallflucht, Zeugen gesucht<\/h2>\n\n\n\n<p>Am Freitag, 28.07.23, kam es im Zeitraum 13:00-16:00 Uhr zu einem Verkehrsunfall in der Kirchgasse in Erpolzheim. Ein bislang unbekannter Fahrzeugf\u00fchrer besch\u00e4digte vermutlich beim Wenden oder Rangieren einen am Fahrbahnrand geparkten schwarzen Toyoto Yaris und entfernte sich unerlaubt vom Unfallort. Der Schaden wird auf ca. 2000 EUR gesch\u00e4tzt. <\/p>\n\n\n\n<ul>\n<li><strong>Die Polizei Bad D\u00fcrkheim bittet Zeugen sich telef. unter 06322 963-0 oder per E-Mail an\u00a0<a href=\"mailto:%20pibadduerkheim@polizei.rlp.de\">pibadduerkheim@polizei.rlp.de<\/a>\u00a0zu melden.<\/strong><\/li>\n<\/ul>\n\n\n\n<h2 class=\"wp-block-heading\">(A 61 \/ Fu\u00dfg\u00f6nheim) &#8211; Mann unter Einfluss von Drogen unterwegs<\/h2>\n\n\n\n<p>In den fr\u00fchen Morgenstunden des 28.07.2023 wurde auf dem Parkplatz Sandberg auf der BAB 61, Gemarkung Fu\u00dfg\u00f6nheim eine Verkehrskontrolle durch Beamte der Polizeiautobahnstation Ruchheim durchgef\u00fchrt. Der 30-J\u00e4hrige Fahrzeugf\u00fchrer war mit seinem Mercedes Benz in Richtung Koblenz unterwegs gewesen. Im Rahmen der Verkehrskontrolle wurden bei dem Fahrzeugf\u00fchrer drogentypische Ausfallerscheinungen festgestellt. Ein durchgef\u00fchrter Drogentest verlief positiv auf THC, weshalb eine Blutprobe entnommen wurde. Auf Ihn kommt ein Ermittlungsverfahren wegen Fahren unter dem Einfluss berauschender Mittel sowie des illegalen Besitzes von Bet\u00e4ubungsmitteln zu.<\/p>\n\n\n\n<h2 class=\"wp-block-heading\">(A 61 \/ Lambsheim) &#8211; Angler auf der Autobahn<\/h2>\n\n\n\n<p>Eine nicht ganz allt\u00e4gliche Meldung erreichte die Autobahnpolizei Ruchheim am 29.07.2023 gegen 15:30 Uhr. Gemeldet wurde von mehreren Verkehrsteilnehmern, dass auf der BAB 61 zwischen den Parkpl\u00e4tzen &#8222;Auf dem Hirschen&#8220; und &#8222;Auf dem Hahnen&#8220; zwei M\u00e4nner angeln w\u00fcrden. Bei der \u00dcberpr\u00fcfung vor Ort konnten durch die Streife tats\u00e4chlich zwei M\u00e4nner, jeweils mit Angeln ausgestattet, zwischen den Autobahnen im Mittelstreifen festgestellt werden. Wie sich herausstellte handelte es sich um zwei Lkw-Fahrer, die ihre Ruhezeit auf dem Parkplatz &#8222;Auf dem Hahnen&#8220; eingelegt hatten und auf dem k\u00fcrzesten Weg zum Angeln an den Lambsheimer Weiher gelangen wollten. Dabei schafften sie es noch bis zum Mittelstreifen, konnten diesen aber aufgrund des sehr hohen Verkehrsaufkommens nicht mehr verlassen. Die M\u00e4nner wurden durch die Streife aus dem Gefahrenbereich geborgen. Beide wurden verwarnt und hinsichtlich der Bestimmungen des Fischereirechts in Deutschland belehrt.<\/p>\n\n\n\n<h2 class=\"wp-block-heading\">(A 61 \/ Lambsheim) &#8211; Unter Drogeneinfluss auf der Autobahn unterwegs<\/h2>\n\n\n\n<p>Unter dem Einfluss von Drogen war am 29.07.2023, gegen 12 Uhr, ein 28-J\u00e4hrige mit seinem VW unterwegs. Der Wagen wurde von Beamten der Polizeiautobahnstation Ruchheim auf der A61 einer Verkehrskontrolle unterzogen. Hierbei zeigte der Fahrer deutliche Ausfallerscheinungen. Ein Drogenschnelltest best\u00e4tigte den Verdacht, der Mann stand unter dem Einfluss von Amphetamin. Dem 28-J\u00e4hrigen wurde eine Blutprobe entnommen. Gegen ihn wurde ein Ermittlungsverfahren wegen Trunkenheit im Stra\u00dfenverkehr und Versto\u00df gegen das Bet\u00e4ubungsmittelgesetz eingeleitet. Zudem wird gepr\u00fcft, ob er von seinem polnischen F\u00fchrerschein in Deutschland Gebrauch machen darf, da ihm in der Vergangenheit bereits die Fahrerlaubnis entzogen worden war.<\/p>\n\n\n\n<h2 class=\"wp-block-heading\">(Kirchheim) &#8211; Unter Alkoholeinfluss Schlangenlinien gefahren<\/h2>\n\n\n\n<p>Am 29.07.2023, gegen 03:16 Uhr, konnten Beamte der PI Gr\u00fcnstadt im Bereich des Autohofs in Kirchheim an der Weinstra\u00dfe einen 55-j\u00e4hrigen Verkehrsteilnehmer einer Verkehrskontrolle unterziehen. Dieser fuhr zuvor auff\u00e4llige Schlangenlinien vor dem Streifenwagen der Beamten. Ein durchgef\u00fchrter Atemalkoholtest best\u00e4tigte den Verdacht. Bei dem Fahrzeugf\u00fchrer konnte eine Atemalkoholkonzentration von 1,26 Promille festgestellt werden. Dem Mann wurde die Weiterfahrt untersagt. Nach der erfolgten Blutentnahme erwartet diesen nun ein Strafverfahren wegen Trunkenheit im Verkehr.<\/p>\n\n\n\n<h2 class=\"wp-block-heading\">(Dirmstein) &#8211; Autofahrer berauscht<a href=\"https:\/\/www.facebook.com\/sharer.php?u=https%3A%2F%2Fwww.presseportal.de%2Fblaulicht%2Fpm%2F117687%2F5568780%2F%3Futm_source%3Dfacebook%26utm_medium%3Dsocial\"><\/a><a href=\"https:\/\/twitter.com\/intent\/tweet?text=POL-PDNW%3A%20Autorfahrer%20berauscht&amp;url=https%3A%2F%2Fwww.presseportal.de%2Fblaulicht%2Fpm%2F117687%2F5568780%2F%3Futm_source%3Dtwitter%26utm_medium%3Dsocial&amp;hashtags=ots&amp;lang=de\"><\/a><a href=\"https:\/\/web.whatsapp.com\/send?text=POL-PDNW%3A%20Autorfahrer%20berauscht%0A%0Ahttps%3A%2F%2Fwww.presseportal.de%2Fblaulicht%2Fpm%2F117687%2F5568780%2F%3Futm_source%3Dwhatsapp%26utm_medium%3Dsocial\"><\/a><a href=\"https:\/\/www.xing.com\/app\/user?op=share;url=https%3A%2F%2Fwww.presseportal.de%2Fblaulicht%2Fpm%2F117687%2F5568780%2F%3Futm_source%3Dxing%26utm_medium%3Dsocial\"><\/a><a href=\"http:\/\/www.linkedin.com\/shareArticle?mini=true&amp;url=https%3A%2F%2Fwww.presseportal.de%2Fblaulicht%2Fpm%2F117687%2F5568780%2F%3Futm_source%3Dlinkedin%26utm_medium%3Dsocial&amp;title=POL-PDNW%3A+Autorfahrer+berauscht\"><\/a><a href=\"mailto:?subject=POL-PDNW%3A%20Autorfahrer%20berauscht&amp;body=https:\/\/www.presseportal.de\/blaulicht\/pm\/117687\/5568780\"><\/a><\/h2>\n\n\n\n<p>Bei der Verkehrskontrolle eines 20 Jahre alten Autofahrers am 28.07.20 gegen 01:45 Uhr zeigte dieser Auff\u00e4lligkeiten, die f\u00fcr einen vorangegangenen Drogenkonsum sprechen. Ein Drogenschnelltest reagierte positiv auf THC. Die Weiterfahrt wurde von den Polizeibeamten untersagt und die Entnahme einer Blutprobe, deren Untersuchung die Konzentration des Wirkstoffes im Blut zeigen wird, angeordnet. Wegen Versto\u00dfes gegen \u00a7 24 a Abs. II StVO wurde gegen den jungen Mann nun in ein Ordnungswidrigkeitenverfahren eingeleitet.<\/p>\n\n\n\n<h2 class=\"wp-block-heading\">(Frankenthal) &#8211; T\u00f6dlicher Verkehrsunfall auf dem Nordring<\/h2>\n\n\n\n<h3 class=\"wp-block-heading\">Gemeinsame Pressemitteilung der Staatsanwaltschaft Frankenthal und der Polizeiinspektion Frankenthal vom 29.07.2023<\/h3>\n\n\n<div class=\"wp-block-image\">\n<figure class=\"aligncenter size-full\"><img decoding=\"async\" loading=\"lazy\" width=\"800\" height=\"533\" src=\"https:\/\/speyer24news.com\/wp-content\/uploads\/2021\/01\/Ruhe-in-Frieden.jpg\" alt=\"\" class=\"wp-image-32361\" srcset=\"https:\/\/speyer24news.com\/wp-content\/uploads\/2021\/01\/Ruhe-in-Frieden.jpg 800w, https:\/\/speyer24news.com\/wp-content\/uploads\/2021\/01\/Ruhe-in-Frieden-300x200.jpg 300w, https:\/\/speyer24news.com\/wp-content\/uploads\/2021\/01\/Ruhe-in-Frieden-768x512.jpg 768w\" sizes=\"(max-width: 800px) 100vw, 800px\" \/><\/figure><\/div>\n\n\n<p>Am Samstag gegen 13:30 Uhr kam es zu einem Verkehrsunfall mit t\u00f6dlich verletzter Person auf dem Nordring kurz nach dem Kreuzungsbereich Carl-Benz-Stra\u00dfe\/Nordring.<\/p>\n\n\n\n<p>Ersten Erkenntnissen nach befuhr der 57-j\u00e4hrige Motorradfahrer den Nordring aus Richtung He\u00dfheim kommend in Fahrtrichtung Frankenthal Innenstadt. Im Kurvenbereich kam er nach links von der Fahrbahn ab und kollidierte mit einer Laterne.<\/p>\n\n\n\n<p>Trotz Reanimierungsma\u00dfnahmen erlag der Fahrer seinen schweren Verletzungen noch am Unfallort.<\/p>\n\n\n\n<p>Die genaue Ursache f\u00fcr das Abkommen von der Fahrbahn ist Teil der Ermittlungen, hierf\u00fcr wurde ein Gutachter beauftragt.<\/p>\n\n\n\n<p>Der Nordring zwischen dem Kreuzungsbereich Carl-Benz-Stra\u00dfe\/Nordring und dem Kreuzungsbereich Beindersheimer Stra\u00dfe\/Nordring wurde f\u00fcr die Zeit der Ma\u00dfnahmen voll gesperrt.<\/p>\n\n\n\n<ul>\n<li><strong>Zeugen werden gebeten sich an die Polizeiinspektion Frankenthal unter der Tel.-Nr.: 06233\/313-0 oder an die Polizeiwache Maxdorf unter der Tel.-Nr.: 06237\/934-1100 zu wenden. Gerne nehmen wir Ihre Hinweise auch per E-Mail unter\u00a0<a href=\"mailto:%20pifrankenthal@polizei.rlp.de\">pifrankenthal@polizei.rlp.de<\/a>\u00a0entgegen.<\/strong><\/li>\n<\/ul>\n\n\n\n<h2 class=\"wp-block-heading\">(Frankenthal) &#8211; Betrunken nach dem Einkaufen<\/h2>\n\n\n\n<p>Am 28.07.2023 wurde am Nachmittag an einem Einkaufsmarkt im Rhein-Pfalz-Kreis eine Person gemeldet, die weggefahren sei, nachdem sie mehrere Flaschen Bier getrunken habe. Durch die Polizeibeamten kann der 63 J\u00e4hrige Mann aus dem Rhein-Pfalz-Kreis festgestellt und kontrolliert werden, der den Konsum von Alkohol zugab. Dem Beschuldigten wurde nach freiwilligem Alkoholtest, der 0,87 Promille ergab eine Blutprobe entnommen. Der Einfluss von Alkohol oder anderen berauschenden Mitteln stellt eine Hauptunfallursache dar. Wer berauscht f\u00e4hrt, gef\u00e4hrdet nicht nur sich, sondern auch Andere. Gegen den unter Alkoholeinfluss\/Drogeneinfluss stehenden Fahrzeugf\u00fchrer wurde ein Ermittlungsverfahren wegen Trunkenheit im Verkehr eingeleitet. Gegen ihn kann eine Freiheitsstrafe bis zu einem Jahr oder eine Geldstrafe \/ Geldbu\u00dfe verh\u00e4ngt werden.<\/p>\n\n\n\n<h2 class=\"wp-block-heading\">(A 61 \/ Worms) &#8211; Fahren unter Drogeneinfluss Gemarkung Worms<\/h2>\n\n\n\n<p>Am 27.07.2023, um 22.27 Uhr, kontrollierten Beamte der Polizeiautobahnstation Ruchheim auf dem Parkplatz Erpelrain an der BAB 61 einen Citroen Jumper. Der 22-J\u00e4hrige Fahrzeugf\u00fchrer war zuvor auf der A61 im Bereich Worms festgestellt worden. Im Rahmen der Verkehrskontrolle wurden bei dem Fahrzeugf\u00fchrer drogentypische Ausfallerscheinungen festgestellt. Ein durchgef\u00fchrter Drogentest verlief positiv auf THC und Kokain, weshalb dem 22-J\u00e4hrigen eine Blutprobe entnommen wurde. Auf Ihn kommt nun ein Ermittlungsverfahren wegen Fahren unter dem Einfluss berauschender Mittel sowie des illegalen Besitzes von Bet\u00e4ubungsmitteln zu. Da der Fahrzeugf\u00fchrer keinen festen Wohnsitz in Deutschland hat, musste dieser eine Sicherheitsleistung im hohen dreistelligen Bereich bezahlen.<\/p>\n\n\n\n<h2 class=\"wp-block-heading\">(Pr\u00e4sidialbereich Rheinpfalz) &#8211; Geschwindigkeitskontrollen im August 2023<\/h2>\n\n\n<div class=\"wp-block-image\">\n<figure class=\"aligncenter size-full\"><img decoding=\"async\" loading=\"lazy\" width=\"800\" height=\"600\" src=\"https:\/\/speyer24news.com\/wp-content\/uploads\/2021\/02\/Blitzer3.jpg\" alt=\"\" class=\"wp-image-33649\" srcset=\"https:\/\/speyer24news.com\/wp-content\/uploads\/2021\/02\/Blitzer3.jpg 800w, https:\/\/speyer24news.com\/wp-content\/uploads\/2021\/02\/Blitzer3-300x225.jpg 300w, https:\/\/speyer24news.com\/wp-content\/uploads\/2021\/02\/Blitzer3-768x576.jpg 768w, https:\/\/speyer24news.com\/wp-content\/uploads\/2021\/02\/Blitzer3-678x509.jpg 678w, https:\/\/speyer24news.com\/wp-content\/uploads\/2021\/02\/Blitzer3-326x245.jpg 326w, https:\/\/speyer24news.com\/wp-content\/uploads\/2021\/02\/Blitzer3-80x60.jpg 80w\" sizes=\"(max-width: 800px) 100vw, 800px\" \/><\/figure><\/div>\n\n\n<h3 class=\"wp-block-heading\">Im Gebiet der <strong>Polizeidirektion Landau<\/strong> finden wie folgt Kontrollen statt:<\/h3>\n\n\n\n<ul>\n<li><strong>04.08.2023 im Bereich Birkweiler<\/strong><\/li>\n\n\n\n<li><strong>10.08.2023 im Bereich Landau<\/strong><\/li>\n\n\n\n<li><strong>14.08.2023 im Bereich Lingenfeld<\/strong><\/li>\n\n\n\n<li><strong>25.08.2023 im Bereich Kandel<\/strong><\/li>\n<\/ul>\n\n\n\n<h3 class=\"wp-block-heading\">Im Gebiet der <strong>Polizeidirektion Ludwigshafen<\/strong> finden wie folgt Kontrollen statt:<\/h3>\n\n\n\n<ul>\n<li><strong>07.08.2023 im Bereich Frankenthal<\/strong><\/li>\n\n\n\n<li><strong>09.08.2023 im Bereich R\u00f6merberg<\/strong><\/li>\n\n\n\n<li><strong>18.08.2023 im Bereich B\u00f6hl-Iggelheim<\/strong><\/li>\n\n\n\n<li><strong>29.08.2023 im Bereich Ludwigshafen<\/strong><\/li>\n<\/ul>\n\n\n\n<h3 class=\"wp-block-heading\">Im Gebiet der <strong>Polizeidirektion Neustadt <\/strong>finden wie folgt Kontrollen statt:<\/h3>\n\n\n\n<ul>\n<li><strong>08.08.2023 im Bereich Wachenheim<\/strong><\/li>\n\n\n\n<li><strong>16.08.2023 im Bereich Gr\u00fcnstadt<\/strong><\/li>\n\n\n\n<li><strong>21.08.2023 im Bereich Meckenheim<\/strong><\/li>\n\n\n\n<li><strong>31.08.2023 im Bereich Esthal<\/strong><\/li>\n<\/ul>\n\n\n\n<p>Die Polizei weist ausdr\u00fccklich darauf hin, dass Kontrollen auch au\u00dferhalb der genannten Zeiten und \u00d6rtlichkeiten stattfinden.<\/p>\n\n\n\n<h2 class=\"wp-block-heading\">(Ludwigshafen) &#8211; Museum mit Graffiti bespr\u00fcht<\/h2>\n\n\n\n<p>Sonntagnacht (30.07.2023), gegen 03:00 Uhr, beobachtete ein Zeuge, wie drei Personen Graffiti an die Wand eines Museums in der Berliner Stra\u00dfe spr\u00fchten. Er verst\u00e4ndigte sofort die Polizei. Die Polizeistreife konnte die drei 17-19 Jahre alten T\u00e4ter vor Ort einer Kontrolle unterziehen. Sie f\u00fchrten unter anderem mehrere Spr\u00fchdosen mit sich, die als Beweismittel sichergestellt wurden. Bei Beendigung der Kontrolle erhielten die drei jungen M\u00e4nner Platzverweise. Ein Strafverfahren wegen Sachbesch\u00e4digung wurde eingeleitet.<\/p>\n\n\n\n<h2 class=\"wp-block-heading\">(Ludwigshafen) &#8211; Streit eskaliert<\/h2>\n\n\n\n<p>Am Samstag (29.07.2023), gegen 16:45 Uhr, kam es im s\u00fcdlichen Innenstadtbereich zu einem Streit zwischen zwei 36 Jahre und 24 Jahre alten M\u00e4nnern. Die zun\u00e4chst verbale Auseinandersetzung gipfelte in einer k\u00f6rperlichen Auseinandersetzung. Der 24-J\u00e4hrige schlug mehrfach mit einem Gegenstand auf sein Gegen\u00fcber ein und fl\u00fcchtete danach vom Tatort. Der 36-J\u00e4hrige wurde durch die Schl\u00e4ge leicht verletzt, lehnte die Verst\u00e4ndigung eines Krankenwagens jedoch ab. Die Polizei konnte den Beschuldigten in der N\u00e4he kontrollieren. Er muss sich nun wegen gef\u00e4hrlicher K\u00f6rperverletzung verantworten. Die Hintergr\u00fcnde zur Tat sind Bestandteil der laufenden Ermittlungen.<\/p>\n\n\n\n<h2 class=\"wp-block-heading\">(Ludwigshafen) &#8211; Streit endet in polizeilichem Gewahrsam<\/h2>\n\n\n<div class=\"wp-block-image\">\n<figure class=\"aligncenter size-full\"><img decoding=\"async\" loading=\"lazy\" width=\"800\" height=\"600\" src=\"https:\/\/speyer24news.com\/wp-content\/uploads\/2019\/06\/Ausn\u00fcchterungszelle.jpg\" alt=\"\" class=\"wp-image-15212\" srcset=\"https:\/\/speyer24news.com\/wp-content\/uploads\/2019\/06\/Ausn\u00fcchterungszelle.jpg 800w, https:\/\/speyer24news.com\/wp-content\/uploads\/2019\/06\/Ausn\u00fcchterungszelle-300x225.jpg 300w, https:\/\/speyer24news.com\/wp-content\/uploads\/2019\/06\/Ausn\u00fcchterungszelle-768x576.jpg 768w, https:\/\/speyer24news.com\/wp-content\/uploads\/2019\/06\/Ausn\u00fcchterungszelle-678x509.jpg 678w, https:\/\/speyer24news.com\/wp-content\/uploads\/2019\/06\/Ausn\u00fcchterungszelle-326x245.jpg 326w, https:\/\/speyer24news.com\/wp-content\/uploads\/2019\/06\/Ausn\u00fcchterungszelle-80x60.jpg 80w\" sizes=\"(max-width: 800px) 100vw, 800px\" \/><figcaption class=\"wp-element-caption\">Beispielbild Zelle \/ Verhaftung, dient lediglich der Visualisierung<\/figcaption><\/figure><\/div>\n\n\n<p>Am Samstag, 29.07.2023 gegen 02:45 Uhr, gerieten ein 39-J\u00e4hriger und seine Ex-Partnerin in der Maudacher Stra\u00dfe in lautstarken Streit. Auch nach Eintreffen der Polizeikr\u00e4fte zeigte sich der augenscheinlich alkoholisierte 39-J\u00e4hrige weiterhin aggressiv und lie\u00df sich nicht beruhigen. Da der Mann und seine Ex-Partnerin noch gemeinsam in einer Wohnung wohnen, konnte eine weitere Auseinandersetzung zwischen den beiden nicht ausgeschlossen werden. In der Folge wurde der 39-J\u00e4hrige in Polizeigewahrsam genommen.<\/p>\n\n\n\n<h2 class=\"wp-block-heading\">(A 650 \/ Ludwigshafen) &#8211; Ohne F\u00fchrerschein, zu schnell und unter Drogeneinfluss auf Autobahn unterwegs<\/h2>\n\n\n\n<p>Weil er am 28.07.2023 gegen 16 Uhr 23 km\/h zu schnell auf der BAB 650 unterwegs war, wurde ein 28-j\u00e4hrige Lkw-Fahrer von einer Zivilstreife der Polizeiautobahnstation Ruchheim einer Verkehrskontrolle unterzogen. Im Verlauf der Kontrolle zeigte der Fahrer zudem deutliche Auffallerscheinungen. Ein Drogenschnelltest best\u00e4tigte den Verdacht auf einen vorangegangenen Drogenkonsum, der Mann stand unter dem Einfluss von Kokain. Au\u00dferdem war er nicht im Besitz einer g\u00fcltigen Fahrerlaubnis. Dem Beschuldigten wurde eine Blutprobe entnommen. Da der 28-J\u00e4hrige keinen festen Wohnsitz in Deutschland hat, wurde zudem eine Sicherheitsleistung festgelegt.<\/p>\n\n\n\n<h2 class=\"wp-block-heading\">(Ludwigshafen) &#8211; Verkehrsunfall mit zwei leichtverletzten Personen<\/h2>\n\n\n\n<p>Am Freitag, 28.07.2023 gegen 15:30 Uhr befuhr ein 21-j\u00e4hriger Autofahrer aus dem s\u00fcdlichen Rhein-Pfalz-Kreis mit einem Fiat-Transporter die Heinigstra\u00dfe in Fahrtrichtung Saarlandstra\u00dfe. Da dieser w\u00e4hrend der Fahrt mit seinem Handy besch\u00e4ftigt war, \u00fcbersah er die rote Ampel an der Kreuzung zur Bahnhofstra\u00dfe. Dort waren bereits mehrere Fahrzeuge zum Stehen gekommen, denen der 21-J\u00e4hrige letztlich auffuhr. Ein 54-j\u00e4hriger und einen 56-j\u00e4hrige, die beide an der roten Ampel warteten, wurden in der Folge leichtverletzt und durch den Rettungsdienst medizinisch erstversorgt. Der Unfallverursacher erlitt keine Verletzungen. An den beteiligten Fahrzeugen entstand ein Sachschaden von ca. 15.000 Euro. Die Nutzung des Handys stellt im Stra\u00dfenverkehr eine gro\u00dfe Gefahr dar &#8211; f\u00fcr Sie selbst aber auch f\u00fcr andere. Stellen Sie ihr Handy deshalb vor Fahrtantritt in den Flugmodus, um Ablenkungen zu vermeiden! Denn eine Sekunde der Unaufmerksamkeit kann f\u00fcr immer alles ver\u00e4ndern.<\/p>\n\n\n\n<h2 class=\"wp-block-heading\">(Ludwigshafen) &#8211; Radfahrerin verletzt<\/h2>\n\n\n\n<p>Am Donnerstagabend (27.07.2023) war eine 53-j\u00e4hrige Radfahrerin gegen 20:30 Uhr auf der Hohenzollernstra\u00dfe in Richtung Sternstra\u00dfe unterwegs. Ein 26-J\u00e4hriger hatte sein Auto gerade am rechten Fahrbahnrand der Hohenzollernstra\u00dfe abgestellt und wollte aussteigen. Hierbei erkannte er die sich ann\u00e4hernde Radfahrerin nicht und \u00f6ffnete die Fahrert\u00fcr. Die 53-J\u00e4hrige konnte nicht mehr reagieren. Sie kollidierte mit der T\u00fcr, st\u00fcrzte und verletzte sich leicht. Sie wurde durch den Rettungsdienst versorgt und in ein Krankenhaus gebracht.<\/p>\n\n\n\n<p>Eine unachtsam aufgerissene Autot\u00fcr kann schnell zu erheblichen Sachsch\u00e4den oder schweren Unf\u00e4llen f\u00fchren. Im engen Stra\u00dfenverkehr laufen Rad- oder E-Scooterfahrende immer wieder Gefahr, pl\u00f6tzlich einer Wagent\u00fcr ausweichen zu m\u00fcssen. Im g\u00fcnstigsten Fall kommen alle Beteiligten mit dem Schrecken davon. Im schlimmsten Fall kann ein Aufprall mit einer ge\u00f6ffneten Autot\u00fcr f\u00fcr die Radfahrenden zu schweren Verletzungen f\u00fchren oder sogar t\u00f6dlich enden. &#8222;Dooring&#8220; hei\u00dft das Ph\u00e4nomen, auf das der Pr\u00e4ventionsclip des Landeskriminalamtes Rheinland-Pfalz hinweist. Ein einfacher Griff hilft Pkw-Fahrenden, das Risiko zu minimieren. Beim sogenannten &#8222;Holl\u00e4ndischen Griff&#8220; werden Fahrer- oder Beifahrert\u00fcr jeweils mit der Hand ge\u00f6ffnet, die der entsprechenden T\u00fcr abgewandt ist, wie im Pr\u00e4ventionsclip erl\u00e4utert wird. Der Fahrer oder die Fahrerin greift also mit der rechten Hand zum T\u00fcrgriff. Dabei wird automatisch die Schulter zur Fahrbahn gedreht und von hinten kommende Fahrzeuge werden so besser gesehen. Entsprechend greift ein Beifahrer mit links zur T\u00fcr und beugt so einem Zusammensto\u00df mit Bikern auf der Gehwegseite vor. In den Niederlanden geh\u00f6rt diese Praxis schon lange zur Fahrschulausbildung, daher der Name des ebenso einfachen wie sinnvollen Griffs. <\/p>\n\n\n\n<h4 class=\"wp-block-heading\"><strong>Der Pr\u00e4ventionsclip ist unter folgendem Link abrufbar:\u00a0<a href=\"https:\/\/youtu.be\/9N-82X6f04Q\" target=\"_blank\" rel=\"noreferrer noopener\">https:\/\/youtu.be\/9N-82X6f04Q<\/a><\/strong><\/h4>\n\n\n\n<h2 class=\"wp-block-heading\">(Ludwigshafen) &#8211; Beim Ausparken Unfall verursacht<\/h2>\n\n\n\n<p>Am Donnerstagnachmittag (27.07.2023) fuhr ein 69-j\u00e4hriger Autofahrer auf der Schopenhauerstra\u00dfe in Richtung Carl-Bosch-Stra\u00dfe. Ein 30-j\u00e4hriger Autofahrer wollte vom rechten Fahrbahnrand der Schopenhauerstra\u00dfe in den Flie\u00dfverkehr einfahren und \u00fcbersah dabei das sich ann\u00e4hernde Fahrzeug. Der 69-J\u00e4hrige wich nach links aus, um eine Kollision zu vermeiden. Hierbei stie\u00df er mit einem am linken Fahrbahnrand geparkten Auto zusammen. Das Fahrzeug des 69-J\u00e4hrigen war nicht mehr fahrbereit. Es entstand ein Sachschaden in H\u00f6he von mehreren tausend Euro.<\/p>\n\n\n\n<h2 class=\"wp-block-heading\">(Ludwigshafen) &#8211; Autos aufgebrochen \/ Zeugen gesucht<\/h2>\n\n\n\n<p>In der Nacht von Mittwoch auf Donnerstag (26.07.-27.07.23) brachen bislang Unbekannte zwei Autos in der Berliner Stra\u00dfe auf. Der Gesamtschaden bel\u00e4uft sich auf circa 600 Euro.<\/p>\n\n\n\n<ul>\n<li><strong>Wer hat die Tat beobachtet oder im Tatzeitraum im Bereich der Berliner Stra\u00dfe \/ Dammstra\u00dfe verd\u00e4chtige Personen wahrgenommen?<\/strong><\/li>\n<\/ul>\n\n\n\n<ul>\n<li><strong>Sachdienliche Hinweise nimmt die Kriminalpolizei Ludwigshafen unter der Telefonnummer 0621\/963-2773 oder per E-Mail\u00a0<a href=\"mailto:%20kiludwigshafen.k1.kdd@polizei.rlp.de\">kiludwigshafen.k1.kdd@polizei.rlp.de<\/a>\u00a0entgegen.<\/strong><\/li>\n<\/ul>\n\n\n\n<h2 class=\"wp-block-heading\">(Ludwigshafen) &#8211; Einbr\u00fcche in Firmen \/ Zeugen gesucht<\/h2>\n\n\n\n<p>In der Nacht von Mittwoch auf Donnerstag (26.07.-27.07.23) brachen bislang Unbekannte in zwei Firmengeb\u00e4ude in der Rheinhorststra\u00dfe ein und entwendeten Bargeld. Es entstand ein Gesamtschaden in H\u00f6he von circa 4.000 Euro.<\/p>\n\n\n\n<ul>\n<li><strong>Wer hat die Tat beobachtet oder im Tatzeitraum im Bereich der Rheinhorststra\u00dfe verd\u00e4chtige Personen wahrgenommen?<\/strong><\/li>\n<\/ul>\n\n\n\n<ul>\n<li><strong>Sachdienliche Hinweise nimmt die Kriminalpolizei Ludwigshafen unter der Telefonnummer 0621\/963-2773 oder per E-Mail\u00a0<a href=\"mailto:%20kiludwigshafen.k1.kdd@polizei.rlp.de\">kiludwigshafen.k1.kdd@polizei.rlp.de<\/a>\u00a0entgegen.<\/strong><\/li>\n<\/ul>\n\n\n\n<h2 class=\"wp-block-heading\">(Ludwigshafen) &#8211; Versuchter Einbruch in Kindertagesst\u00e4tte \/ Zeugen gesucht<\/h2>\n\n\n\n<p>In der Nacht von Mittwoch auf Donnerstag (26.07.-27.07.23) versuchten bislang Unbekannte erfolglos in eine Kindertagesst\u00e4tte in der Orangeriestra\u00dfe einzubrechen.<\/p>\n\n\n\n<ul>\n<li><strong>Wer hat die Tat beobachtet oder im Tatzeitraum im Bereich der Orangeriestra\u00dfe verd\u00e4chtige Personen wahrgenommen?<\/strong><\/li>\n<\/ul>\n\n\n\n<ul>\n<li><strong>Hinweise werden an die Polizeiwache Oggersheim unter Tel. 0621 963 &#8211; 2403 oder per E-Mail\u00a0<a href=\"mailto:%20pwoggersheim@polizei.rlp.de\">pwoggersheim@polizei.rlp.de<\/a>\u00a0erbeten.<\/strong><\/li>\n<\/ul>\n\n\n\n<h2 class=\"wp-block-heading\">(Ludwigshafen) &#8211; Autos besch\u00e4digt \/ Zeugen gesucht<\/h2>\n\n\n\n<p>In der Nacht von Mittwoch auf Donnerstag (26.07.-27.07.23) stachen bislang Unbekannte die Reifen von zwei Fahrzeugen in der Gartenstra\u00dfe auf. Es entstand ein Sachschaden in H\u00f6he von ca. 600 Euro.<\/p>\n\n\n\n<ul>\n<li><strong>Wer hat die Taten beobachtet oder kann Hinweise auf die Identit\u00e4t des T\u00e4ters geben?<\/strong><\/li>\n<\/ul>\n\n\n\n<ul>\n<li><strong>Sachdienliche Hinweise bitte an die Polizeiinspektion Ludwigshafen 2, Telefonnummer 0621 963-2222 oder per E-Mail\u00a0<a href=\"mailto:%20piludwigshafen2@polizei.rlp.de\">piludwigshafen2@polizei.rlp.de<\/a>\u00a0.<\/strong><\/li>\n<\/ul>\n\n\n\n<h2 class=\"wp-block-heading\">(Mannheim) &#8211; Pfeffersprayeinsatz in Diskothek fordert vier Verletzte<\/h2>\n\n\n<div class=\"wp-block-image\">\n<figure class=\"aligncenter size-full\"><img decoding=\"async\" loading=\"lazy\" width=\"801\" height=\"600\" src=\"https:\/\/speyer24news.com\/wp-content\/uploads\/2020\/05\/Zeugen-gesucht-Neutral.jpg\" alt=\"\" class=\"wp-image-26598\" srcset=\"https:\/\/speyer24news.com\/wp-content\/uploads\/2020\/05\/Zeugen-gesucht-Neutral.jpg 801w, https:\/\/speyer24news.com\/wp-content\/uploads\/2020\/05\/Zeugen-gesucht-Neutral-300x225.jpg 300w, https:\/\/speyer24news.com\/wp-content\/uploads\/2020\/05\/Zeugen-gesucht-Neutral-768x575.jpg 768w, https:\/\/speyer24news.com\/wp-content\/uploads\/2020\/05\/Zeugen-gesucht-Neutral-678x509.jpg 678w, https:\/\/speyer24news.com\/wp-content\/uploads\/2020\/05\/Zeugen-gesucht-Neutral-326x245.jpg 326w, https:\/\/speyer24news.com\/wp-content\/uploads\/2020\/05\/Zeugen-gesucht-Neutral-80x60.jpg 80w\" sizes=\"(max-width: 801px) 100vw, 801px\" \/><\/figure><\/div>\n\n\n<p>Ein bislang unbekannter T\u00e4ter verspr\u00fchte am Sonntagmorgen gegen 04.25 Uhr Pfefferspray in einem Club im Mannheimer Quadrat D 3. Im Anschluss mussten alle G\u00e4ste die R\u00e4umlichkeiten verlassen. Mindestens vier Personen erlitten Verletzungen in Form von Atemwegsreizungen. Der T\u00e4ter konnte von der Tat\u00f6rtlichkeit fl\u00fcchten. <\/p>\n\n\n\n<h4 class=\"wp-block-heading\">Ein Zeuge beschreibt den Mann wie folgt: <\/h4>\n\n\n\n<ul>\n<li><strong>ca. 25 Jahre alt<\/strong><\/li>\n\n\n\n<li><strong>dunkle Hautfarbe<\/strong><\/li>\n\n\n\n<li><strong>NBA-Tanktop von Lakers<\/strong><\/li>\n\n\n\n<li><strong>lange blaue Jeans<\/strong><\/li>\n\n\n\n<li><strong>NY Cap<\/strong><\/li>\n\n\n\n<li><strong>braun-wei\u00dfe Sneakers<\/strong><\/li>\n<\/ul>\n\n\n\n<ul>\n<li><strong>Das Polizeirevier Mannheim-Innenstadt hat die Ermittlungen aufgenommen und nimmt unter Tel. 0621 12580 sachdienliche Hinweise entgegen.<\/strong><\/li>\n<\/ul>\n\n\n\n<h2 class=\"wp-block-heading\">(Mannheim) &#8211; Fahrradkauf \u00fcber Onlineportal endet in Anzeige<\/h2>\n\n\n\n<p>Ein 38-J\u00e4hriger erwarb am Dienstag zwischen 18 Uhr und 19 Uhr ein Fahrrad, welches er online in einem Verkaufsportal gefunden hatte. Er fuhr nach Ludwigshafen und \u00fcbergab dem 47-j\u00e4hrigen Verk\u00e4ufer einen vierstelligen Betrag. Da der 38-J\u00e4hrige im Nachgang Bedenken zum Kauf hatte, suchte er die Polizei auf und lie\u00df die Rahmennummer des Fahrrades \u00fcberpr\u00fcfen. Hierbei stellte sich heraus, dass das Fahrrad tats\u00e4chlich zur Eigentumssicherung ausgeschrieben war, da es durch einen besonders schweren Fall des Diebstahls entwendet worden war. Das Fahrrad blieb bei der Polizei und wird dem rechtm\u00e4\u00dfigen Eigent\u00fcmer wieder \u00fcbergeben. Der 38-J\u00e4hrige erstattete Anzeige.<\/p>\n\n\n\n<h2 class=\"wp-block-heading\">(Mannheim) &#8211; Windschutzscheibe eines Pkw durch Porzellanteller besch\u00e4digt \/ Zeugen gesucht!<\/h2>\n\n\n\n<p>Am Donnerstagmorgen um kurz vor 8 Uhr besch\u00e4digte eine bisher unbekannte T\u00e4terschaft die Windschutzscheibe eines geparkten VW und fl\u00fcchtete. Aus bislang unbekannten Gr\u00fcnden warf der T\u00e4ter oder die T\u00e4terin einen Porzellanteller auf die Scheibe, wodurch ein Sachschaden im niedrigen dreistelligen Bereich entstanden ist. <\/p>\n\n\n\n<ul>\n<li><strong>Zeugenhinweise nimmt das Polizeirevier Mannheim-Neckarau unter der Tel.: 0621\/3301-0 entgegen.<\/strong><\/li>\n<\/ul>\n\n\n\n<h2 class=\"wp-block-heading\">(Mannheim) &#8211; 5.000 Euro Sachschaden nach Auffahrunfall<\/h2>\n\n\n\n<p>Als am Donnerstag gegen 07:45 Uhr in der Diffenestra\u00dfe, Ecke Luzenbergstra\u00dfe ein 51-j\u00e4hriger Land Rover-Fahrer aufgrund einer rotleuchtenden Lichtzeichenanlage seinen Pkw abbremsen musste, erkannte ein hinter ihm fahrender 31-j\u00e4hriger VW-Fahrer die Situation zu sp\u00e4t und fuhr dem 51-J\u00e4hrigen hinten auf. Es entstand ein Sachschaden von rund 5.000 Euro. Beide Unfallbeteiligte blieben gl\u00fccklicherweise unverletzt.<\/p>\n\n\n\n<h2 class=\"wp-block-heading\">(Mannheim) &#8211; Unbekannte beschmieren Fahrzeug \/ Zeugen gesucht!<\/h2>\n\n\n\n<p>Im Zeitraum von Mittwochabend gegen 00:00 Uhr bis Donnerstagvormittag gegen 07:30 Uhr beschmierte eine bislang unbekannte T\u00e4terschaft ein in der Schumannstra\u00dfe geparkten Ford mit wei\u00dfer Farbe. Das Auto wurde auf der Motorhaube, der Fahrzeughecksch\u00fcrze, an der Fensterscheibe der Fahrert\u00fcr sowie auf der Windschutzscheibe beschmiert. Der Sachschaden bel\u00e4uft sich auf ungef\u00e4hr 1.000 Euro.<\/p>\n\n\n\n<ul>\n<li><strong>Der Polizeiposten Mannheim-Schwetzingerstadt hat die weiteren Ermittlungen \u00fcbernommen. Zeugen, die sachdienliche Hinweise geben k\u00f6nnen, werden gebeten, sich unter der Telefonnummer 0621\/441125 zu melden.<\/strong><\/li>\n<\/ul>\n\n\n\n<h2 class=\"wp-block-heading\">(Mannheim) &#8211; Unbekannte brechen in Lagerhalle ein \/ Zeugen gesucht!<\/h2>\n\n\n\n<p>Im Zeitraum vom 05.07.2023 und dem 26.07.2023 verschafften sich Unbekannte Zutritt in einer Lagerhalle in der Zamenhofsra\u00dfe und entwendeten mehrere Gegenst\u00e4nde. Vermutlich \u00fcber eine Eingangst\u00fcr eines ehemaligen Gew\u00e4chshauses gelangten die Unbekannten in die Lagerhalle, indem diese den Schlie\u00dfzylinder ausbauten. Im Innern der Lagerhalle montierten diese mehrere Messingverbindungsteile von diversen Rohren ab und nahmen die Messingverbindungen an sich. Des Weiteren bauten die Unbekannten die komplette L\u00f6schanlage sowie die Deckenbeleuchtung der Halle ab. Im weiteren Verlauf verlagerte die T\u00e4terschaft au\u00dferdem diverses Mobiliar in das 1. OG der Lagerhalle und legten in einer R\u00e4umlichkeit Laminat aus. Die Hintergr\u00fcnde hierf\u00fcr sind derzeit noch nicht bekannt. Die genaue Schadens- sowie Diebstahlh\u00f6he ist bislang noch nicht bekannt und Gegenstand der aktuellen Ermittlungen. Durch die Ermittlerinnen und Ermittler wurden bereits erste Spuren gesichert.<\/p>\n\n\n\n<ul>\n<li><strong>Das Polizeirevier Mannheim-K\u00e4fertal hat die Ermittlungen aufgenommen und bittet Zeugen, welche sachdienliche Hinweise geben k\u00f6nnen, sich mit dem Polizeirevier Mannheim-K\u00e4fertal, Tel.: 0621\/71849-0, in Verbindung zu setzen.<\/strong><\/li>\n<\/ul>\n\n\n\n<h2 class=\"wp-block-heading\">(Mannheim-Innenstadt) &#8211; Betrunken auf E-Scooter unterwegs<\/h2>\n\n\n\n<p>In der Nacht von Freitag auf Samstag waren gleich zwei betrunkene E-Scooter-Fahrer in Mannheim im innerst\u00e4dtischen Bereich unterwegs. Ein 21-J\u00e4hriger wurde mit 1,2 Promille kontrolliert, ein 20-J\u00e4hriger mit 1,1 Promille. Beide Fahrer zeigten deutliche Ausfallerscheinungen und waren nicht mehr fahrt\u00fcchtig. Ihnen wurde jeweils auf der Dienststelle eine Blutprobe entnommen, beide m\u00fcssen sich nun wegen Trunkenheit im Stra\u00dfenverkehr verantworten. Der F\u00fchrerschein des 20-J\u00e4hrigen wurde einbehalten, der 21-J\u00e4hrige ist bislang nicht in Besitz einer Fahrerlaubnis.<\/p>\n\n\n\n<p>In diesem Zusammenhang weist die Polizei nochmals darauf hin, dass es sich bei den sogenannten E-Scootern um Kraftfahrzeuge handelt und somit die Alkoholgrenzwerte f\u00fcr Autofahrer gelten. Auch ist bei Verst\u00f6\u00dfen mit den gleichen Konsequenzen, wie z.B. dem Entzug der Fahrerlaubnis, zu rechnen.<\/p>\n\n\n\n<h2 class=\"wp-block-heading\">(Mannheim-Neckarau) &#8211; Verkehrsunfall zwischen Pkw und Stra\u00dfenbahn, Unfallzeugen gesucht!<\/h2>\n\n\n\n<p>Am Freitag den 28.07.2023 gegen 13.50 Uhr ereignete sich in Mannheim-Neckarau, Casterfeldstra\u00dfe \/ Friedelsheimer Stra\u00dfe ein Verkehrsunfall unter Beteiligung eines Pkw sowie einer Stra\u00dfenbahn.<\/p>\n\n\n\n<p>Die Stra\u00dfenbahn stie\u00df mit einem verkehrsbedingt im Gleisbereich haltenden BMW zusammen. Hierbei einstand ein Sachschaden in H\u00f6he von ca. 10.000 Euro. Personen wurden nicht verletzt.<\/p>\n\n\n\n<ul>\n<li><strong>Zur Feststellung des genauen Unfallherganges werden Zeugen gebeten, sich mit dem Verkehrsdienst des Polizeipr\u00e4sidium Mannheim unter der Telefonnummer 0621\/1740 in Verbindung zu setzen.<\/strong><\/li>\n<\/ul>\n\n\n\n<h2 class=\"wp-block-heading\">(Mannheim-Feudenheim) &#8211; Steinwurf auf Linienbus der RNV, ein Fahrgast leicht verletzt.<\/h2>\n\n\n<div class=\"wp-block-image\">\n<figure class=\"aligncenter size-full\"><img decoding=\"async\" loading=\"lazy\" width=\"801\" height=\"600\" src=\"https:\/\/speyer24news.com\/wp-content\/uploads\/2020\/05\/Zeugen-gesucht-Neutral.jpg\" alt=\"\" class=\"wp-image-26598\" srcset=\"https:\/\/speyer24news.com\/wp-content\/uploads\/2020\/05\/Zeugen-gesucht-Neutral.jpg 801w, https:\/\/speyer24news.com\/wp-content\/uploads\/2020\/05\/Zeugen-gesucht-Neutral-300x225.jpg 300w, https:\/\/speyer24news.com\/wp-content\/uploads\/2020\/05\/Zeugen-gesucht-Neutral-768x575.jpg 768w, https:\/\/speyer24news.com\/wp-content\/uploads\/2020\/05\/Zeugen-gesucht-Neutral-678x509.jpg 678w, https:\/\/speyer24news.com\/wp-content\/uploads\/2020\/05\/Zeugen-gesucht-Neutral-326x245.jpg 326w, https:\/\/speyer24news.com\/wp-content\/uploads\/2020\/05\/Zeugen-gesucht-Neutral-80x60.jpg 80w\" sizes=\"(max-width: 801px) 100vw, 801px\" \/><\/figure><\/div>\n\n\n<p>Am Freitag Abend gegen 21.30 Uhr befuhr ein Linienbus der RNV die Wallstadter Stra\u00dfe in Richtung Feudenheim. In H\u00f6he der Feldstra\u00dfe warf ein bislang unbekannter T\u00e4ter einen Stein gegen die Seitenscheibe des Busses. Hierdurch zersplitterte die Scheibe. Ein im Bus befindlicher Fahrgast erlitt durch umherfliegende Glassplitter leichte Verletzungen im Gesicht. Der Gesch\u00e4digte Fahrgast wurde durch einen Rettungswagen, zur Versorgung seiner Wunden in ein Krankenhaus verbracht. Die H\u00f6he des Sachschadens konnte bislang noch nicht beziffert werden. Eine Personenbeschreibung des Steinewerfers konnte nicht erlangt werden. Die Ermittlungen aufgrund eines gef\u00e4hrlichen Eingriffs in den Stra\u00dfenverkehr wurden durch das Polizeirevier Mannheim-K\u00e4fertal aufgenommen.<\/p>\n\n\n\n<ul>\n<li><strong>Zeugen, welche sachdienliche Angaben zum Tatgeschehen oder zu verd\u00e4chtigen Person machen k\u00f6nnen, werden gebeten sich unter der Telefonnummer 0621\/718490 mit dem Polizeirevier Mannheim-K\u00e4fertal in Verbindung zu setzen.<\/strong><\/li>\n<\/ul>\n\n\n\n<h2 class=\"wp-block-heading\">(A 656 \/ Heidelberg) &#8211; Feuerwerksk\u00f6rper auf Verkehrsteilnehmer auf der BAB 656 geworfen \/ Weitere Zeugen oder Gesch\u00e4digte gesucht<\/h2>\n\n\n\n<p>Durch einen Verkehrsteilnehmer wurde am Sonntag gegen 21 Uhr eine Person auf der Autobahn\u00fcberf\u00fchrung (Kurpfalzring) gemeldet. Diese feuerten mit mehreren Feuerwerksbatterien auf die Fahrbahn der BAB 656. Die brennenden Leuchtk\u00f6rper flogen unkontrolliert auf die Fahrbahn und auch auf den danebenliegenden Gr\u00fcnstreifen, wodurch dieser sich entz\u00fcndete und kurze Zeit sp\u00e4ter in Flammen stand. Mehrere bislang unbekannte Fahrzeugf\u00fchrer, welche auf der BAB 656 fuhren, mussten teils stark abbremsen, um Unf\u00e4lle zu vermeiden.<\/p>\n\n\n\n<h4 class=\"wp-block-heading\">Der T\u00e4ter wurde beschrieben als:<\/h4>\n\n\n\n<ul>\n<li><strong>m\u00e4nnliche Person <\/strong><\/li>\n\n\n\n<li><strong>mit einer schwarzen Hose und einem wei\u00dfen T-Shirt bekleidet, der eine gro\u00dfe schwarze Sonnenbrille trug. <\/strong><\/li>\n\n\n\n<li><strong>Die Person hatte einen Rucksack dabei und fuhr anschlie\u00dfend mit einem schwarzen Fahrrad in unbekannte Richtung davon.<\/strong><\/li>\n<\/ul>\n\n\n\n<ul>\n<li><strong>Zeugen oder gesch\u00e4digte Fahrzeugf\u00fchrer, werden gebeten sich beim Polizeirevier Heidelberg-S\u00fcd zu melden, unter: 06221 3418-0.<\/strong><\/li>\n<\/ul>\n\n\n\n<h2 class=\"wp-block-heading\">(Heidelberg) &#8211; Verpuffung in Restaurantk\u00fcche verl\u00e4uft glimpflich<\/h2>\n\n\n\n<p>Am Samstagnachmittag kam es gegen 15.30 Uhr zu einer Verpuffung in einem Restaurant in der R\u00f6merstra\u00dfe. Aus bislang unbekannten Gr\u00fcnden explodierte der Herd in der Restaurantk\u00fcche und geriet hierbei in Brand. Die eintreffende Feuerwehr konnte das Feuer schnell l\u00f6schen und l\u00fcftete im Anschluss die R\u00e4umlichkeiten. Der bei der Verpuffung in der K\u00fcche anwesende Restaurantleiter blieb bis auf den Schock gl\u00fccklicherweise unverletzt. Der Sachschaden bel\u00e4uft sich auf einen vierstelligen Betrag. Das Polizeirevier Heidelberg-Mitte hat die Ermittlungen aufgenommen.<\/p>\n\n\n\n<h2 class=\"wp-block-heading\">(A 656 \/ Heidelberg) &#8211; Ungew\u00f6hnliches Hindernis auf der Autobahn<\/h2>\n\n\n\n<p>Mehrere Verkehrsteilnehmer meldeten am Freitag Nachmittag gegen 17 Uhr ein Hindernis auf der Fahrbahn am Heidelberger Kreuz. Die Streife der Autobahnpolizei aus Seckenheim staunte nicht schlecht als sie vor Ort eine Tischtennisplatte vorfanden. Wer das Sportger\u00e4t verloren hat ist nicht bekannt. Das Hindernis konnte jedoch schnell beseitigt und der Autobahnmeisterei \u00fcbergeben werden.<\/p>\n\n\n\n<h2 class=\"wp-block-heading\">(Heidelberg) &#8211; Sachbesch\u00e4digung durch Farbkugeln gegen Hausfassade \/ Zeugen gesucht!<\/h2>\n\n\n\n<p>Nach derzeitigem Stand der Ermittlungen, haben bislang unbekannte T\u00e4ter in der Zeit vom 27.07.2023, 19:00 Uhr bis zum 28.07.2023, 08:00 Uhr mehrere mit Farbe gef\u00fcllte Christbaumkugeln an die Hausfassade eines Anwesens unterhalb des Schlosses geworfen. Das Haus wurde dadurch nicht unwesentlich beschmiert. Des Weiteren wurde mit einer massiven Kette und einem Vorh\u00e4ngeschloss, der Zugang zu dem Anwesen blockiert. Die Hintergr\u00fcnde der Tat sind noch unklar. Die H\u00f6he des entstandenen Sachschadens ist derzeit noch nicht bekannt.<\/p>\n\n\n\n<ul>\n<li><strong>Die Kriminalpolizei Heidelberg hat die weiteren Ermittlungen aufgenommen und bittet Zeugen, welche verd\u00e4chtige Wahrnehmungen gemacht haben, sich unter dem kriminalpolizeilichen Hinweistelefon, 0621\/174-4444 zu melden.<\/strong><\/li>\n<\/ul>\n\n\n\n<h2 class=\"wp-block-heading\">(Heidelberg) &#8211; Roller-Fahrerin nach Sturz in Krankenhaus eingeliefert<\/h2>\n\n\n\n<p>Am Donnerstag um kurz nach 18 Uhr st\u00fcrzte eine 29-j\u00e4hrige Roller-Fahrerin alleinbeteiligt und verletzte sich hierbei schwer, jedoch nicht lebensgef\u00e4hrlich. Die 29-J\u00e4hrige fuhr die R\u00f6merstra\u00dfe in Richtung Leimen, als diese st\u00fcrzte und sich verletzte. Die Roller-Fahrerin wurde in ein nahegelegenes Krankenhaus gebracht. Die H\u00f6he des Schadens ist bisher noch Gegenstand der aktuellen Unfallermittlungen.<\/p>\n\n\n\n<h2 class=\"wp-block-heading\">(Heidelberg) &#8211; Pr\u00e4ventionsaktion &#8222;Gelbe Hand&#8220; im Rahmen des Konzepts &#8222;Sicher in Heidelberg&#8220; am 27.07.2023<\/h2>\n\n\n<div class=\"wp-block-image\">\n<figure class=\"aligncenter size-full\"><img decoding=\"async\" loading=\"lazy\" width=\"600\" height=\"606\" src=\"https:\/\/speyer24news.com\/wp-content\/uploads\/2020\/09\/Gelbe-Hand.png\" alt=\"\" class=\"wp-image-30132\" srcset=\"https:\/\/speyer24news.com\/wp-content\/uploads\/2020\/09\/Gelbe-Hand.png 600w, https:\/\/speyer24news.com\/wp-content\/uploads\/2020\/09\/Gelbe-Hand-297x300.png 297w\" sizes=\"(max-width: 600px) 100vw, 600px\" \/><\/figure><\/div>\n\n\n<p>Mit steigendem Besucheraufkommen in den Sommermonaten erh\u00f6hen sich erfahrungsgem\u00e4\u00df die Tatgelegenheiten zur Begehung von Diebstahlsdelikten. Insbesondere Taschendiebe nutzen das Gedr\u00e4nge und die Ablenkung durch die zahlreichen Einkaufsm\u00f6glichkeiten sowie die oftmals achtlose Trageweise von Rucks\u00e4cken, Einkaufsk\u00f6rben und Handtaschen.<\/p>\n\n\n\n<p>Daher f\u00fchrte die Polizei im Rahmen ihres Konzepts &#8222;Sicher in Heidelberg&#8220;, am 27.07.2023, zwischen 15:30 Uhr und 17:00 Uhr, die pr\u00e4ventive Aktion &#8222;Gelbe Hand&#8220; am Bismarckplatz und in der Heidelberger Fu\u00dfg\u00e4ngerzone durch. Im diesem Zeitraum steckten Beamtinnen und Beamte in Zivil unbemerkt Flyer in Form einer &#8222;Gelben Hand&#8220; in die achtlos getragenen Taschen, Rucks\u00e4cke und K\u00f6rbe von insgesamt 40 Passantinnen und Passanten, um so den Zugriff eines potentiellen Taschendiebs zu simulieren. In einem anschlie\u00dfenden Gespr\u00e4ch erkl\u00e4rten Beamtinnen und Beamte in Uniform die Aktion und gaben Tipps, wie man sich gegen Taschendiebe sch\u00fctzen kann. Das Feedback der Gespr\u00e4che war durchweg positiv. Viele der Angesprochenen freuten sich \u00fcber die Tipps der Polizei, wie man sich besser vor Taschendiebst\u00e4hlen sch\u00fctzen kann.<\/p>\n\n\n\n<h4 class=\"wp-block-heading\">Die Polizei r\u00e4t hierbei generell:<\/h4>\n\n\n\n<ul>\n<li><strong>Nehmen Sie nur so viel Bargeld, Zahlungskarten und andere Wertgegenst\u00e4nde wie n\u00f6tig mit.<\/strong><\/li>\n\n\n\n<li><strong>Tragen Sie Geld, Schecks, Kreditkarten und Papiere immer in verschiedenen verschlossenen Innentaschen der Kleidung m\u00f6glichst dicht am K\u00f6rper.<\/strong><\/li>\n\n\n\n<li><strong>Tragen Sie Hand- und Umh\u00e4ngetaschen verschlossen auf der K\u00f6rpervorderseite oder klemmen Sie sie sich unter den Arm.<\/strong><\/li>\n\n\n\n<li><strong>Benutzen Sie einen Brustbeutel, eine G\u00fcrtelinnentasche, einen Geldg\u00fcrtel oder eine am G\u00fcrtel angekettete Geldb\u00f6rse.<\/strong><\/li>\n\n\n\n<li><strong>Legen Sie Geldb\u00f6rsen nicht in Einkaufstaschen, Einkaufsk\u00f6rbe oder Kinderwagen, sondern tragen Sie sie m\u00f6glichst k\u00f6rpernah.<\/strong><\/li>\n\n\n\n<li><strong>H\u00e4ngen Sie Handtaschen im Restaurant, im Kaufhaus oder im Laden nicht an Stuhllehnen und stellen Sie sie nicht unbeaufsichtigt ab.<\/strong><\/li>\n<\/ul>\n\n\n\n<p>Dar\u00fcber hinaus informiert das Faltblatt &#8222;Schlauer gegen Klauer!&#8220;, wie Taschendiebe vorgehen, in welchen Situationen eine erh\u00f6hte Gefahr besteht und wie man sich als Betroffene oder Betroffener verhalten sollte. <\/p>\n\n\n\n<h4 class=\"wp-block-heading\"><strong>Dieses kann kostenlos unter nachfolgendem Link heruntergeladen werden:\u00a0<a href=\"https:\/\/www.polizei-beratung.de\/medienangebot\/detail\/23-schlauer-gegen-klauer\/\" target=\"_blank\" rel=\"noreferrer noopener\">https:\/\/www.polizei-beratung.de\/medienangebot\/detail\/23-schlauer-gegen-klauer\/<\/a><\/strong><\/h4>\n\n\n\n<h2 class=\"wp-block-heading\">(Heidelberg) &#8211; Schwerer r\u00e4uberischer Diebstahl in der Fehrentzstra\u00dfe \/ Zeugen gesucht!<\/h2>\n\n\n<div class=\"wp-block-image\">\n<figure class=\"aligncenter size-full\"><img decoding=\"async\" loading=\"lazy\" width=\"800\" height=\"621\" src=\"https:\/\/speyer24news.com\/wp-content\/uploads\/2021\/07\/Messer-Angriff-Bedrohung-2.jpg\" alt=\"\" class=\"wp-image-38504\" srcset=\"https:\/\/speyer24news.com\/wp-content\/uploads\/2021\/07\/Messer-Angriff-Bedrohung-2.jpg 800w, https:\/\/speyer24news.com\/wp-content\/uploads\/2021\/07\/Messer-Angriff-Bedrohung-2-300x233.jpg 300w, https:\/\/speyer24news.com\/wp-content\/uploads\/2021\/07\/Messer-Angriff-Bedrohung-2-768x596.jpg 768w\" sizes=\"(max-width: 800px) 100vw, 800px\" \/><figcaption class=\"wp-element-caption\">Symbolbild &#8222;\u00dcberfall Messer&#8220;, dient lediglich der Visualisierung<\/figcaption><\/figure><\/div>\n\n\n<p>Donnerstagnachmittag, gegen 15:25 Uhr, wurde ein 33-J\u00e4hriger in der Fehrentzstra\u00dfe von zwei bislang unbekannten T\u00e4tern angesprochen. Diese suchten den k\u00f6rperlichen Kontakt zu ihm, um ihm im Zuge dessen den Geldbeutel aus der Jackentasche zu entwenden. Der 33-J\u00e4hrige bemerkte dies und sprach einen der T\u00e4ter daraufhin an. Dieser zog jedoch unvermittelt ein Messer und verletzte den 33-J\u00e4hrigen leicht. Die T\u00e4ter entnahmen einen mittleren zweistelligen Betrag aus der Geldb\u00f6rse, lie\u00dfen diese am Tatort zur\u00fcck und gingen danach fl\u00fcchtig.<\/p>\n\n\n\n<p>Zuvor ist der 33-J\u00e4hrige mit einem Bus bis zur Bergheimer Stra\u00dfe gefahren und in N\u00e4he der Fehrenzstra\u00dfe ausgestiegen. Die zwei Unbekannten befanden sich ebenfalls in dem Bus und sprachen den 33-J\u00e4hrigen kurz nach dem Aussteigen an.<\/p>\n\n\n\n<h4 class=\"wp-block-heading\">Die Tatverd\u00e4chtigen werden wie folgt beschrieben:<\/h4>\n\n\n\n<ol>\n<li><strong>T\u00e4ter (entwendete Geldbeutel und f\u00fchrte das Messer): m\u00e4nnlich, circa 35 bis 40 Jahre alt, circa 180 bis 190 cm gro\u00df, schlank. Er trug eine bunte Kappe und eine blaue lange Hose.<\/strong><\/li>\n\n\n\n<li><strong>T\u00e4ter: m\u00e4nnlich, circa 25 bis 30 Jahre, circa 165 bis 170 cm gro\u00df, kr\u00e4ftige bis st\u00e4mmige Figur. Er trug die Haare zu einem Zopf gebunden, einen blauen Pullover, eine blaue Hose und ein wei\u00dfes T-Shirt.<\/strong><\/li>\n<\/ol>\n\n\n\n<ul>\n<li><strong>Die Kriminalpolizei hat die weiteren Ermittlungen \u00fcbernommen. Zeugen, die sachdienliche Hinweise geben k\u00f6nnen, werden gebeten, sich unter der Telefonnummer 0621\/174-4444 zu melden.<\/strong><\/li>\n<\/ul>\n\n\n\n<h2 class=\"wp-block-heading\">(Heidelberg) &#8211; Unklarer Unfallhergang \/ Zeugen gesucht<\/h2>\n\n\n\n<p>Der Verkehrsdienst Heidelberg sucht nach einem vorangegangenen Unfall am Dienstagmorgen nach Zeugen, die sachdienliche Hinweise zum Unfallhergang geben k\u00f6nnen. Um kurz vor 9 Uhr fuhr ein 36-j\u00e4hriger Radfahrer den gekennzeichneten Radweg auf der linken Halbseite der Mittermaierstra\u00dfe in Richtung Ernst-Walz-Br\u00fccke entlang. Gleichzeitig lief eine 15-j\u00e4hrige Fu\u00dfg\u00e4ngerin den Fu\u00dfg\u00e4ngerweg in selber Richtung entlang. Aufgrund der Witterung hielt die 15-J\u00e4hrige einen aufgespannten Regenschirm in der Hand, um sich vor dem Regen zu sch\u00fctzen. Als sich beide Beteiligte auf einer H\u00f6he befanden, st\u00fcrzte der Radfahrer und zog sich leichte Verletzungen zu. Die Fu\u00dfg\u00e4ngerin blieb unverletzt. Bei der sp\u00e4teren Unfallaufnahme \u00e4u\u00dferten beide Beteiligte der Polizei gegen\u00fcber unterschiedliche Versionen zum Unfallhergang.<\/p>\n\n\n\n<ul>\n<li><strong>F\u00fcr die weiteren Ermittlungen werden Zeugen, die den Unfallhergang beobachtet haben, gebeten, sich mit der Polizei unter 0621\/174-4111 in Verbindung zu setzen.<\/strong><\/li>\n<\/ul>\n\n\n\n<h2 class=\"wp-block-heading\">(Heidelberg-Kirchheim) &#8211; Drei Leichtverletzte Fahrg\u00e4ste im Linienbus aufgrund einer Notbremsung<\/h2>\n\n\n\n<p>Am Samstag ereignete sich gegen 14:35 Uhr ein Verkehrsunfall in Heidelberg-Kirchheim. Nach dem Einm\u00fcndungsbereich &#8222;Am Kirchheimer Weg&#8220; ist der \u00f6ffentliche Verkehrsbereich weiter in Fahrtrichtung Harbigweg durch automatische versenkbare Poller eingeschr\u00e4nkt worden. Die Poller bekommen von den Linienbussen ein Signal \u00fcbermittelt, welche diese dann zum senken bzw. \u00f6ffnen auffordert. Der Fahrer eines Linienbusses musste nun an besagter Stelle ein Fahrzeug der Stadt zuerst passieren lassen. In der Annahme, dass der Poller auch das Signal vom Bus bekommen habe, setzte er sein Fahrzeug in Bewegung. Als er im Begriff war den Poller zu \u00fcberfahren bemerkte er im letzten Augenblick, dass sich dieser wieder erhob. Daraufhin bremste der Fahrer den Bus scharf ab um eine Kollision zu vermeiden. Drei, sich im Bus befindliche Fahrg\u00e4ste wurden durch die scharfe Bremsung leicht verletzt und wurden zur Kontrolle in ein Krankenhaus gebracht. Alle konnten dieses aber noch am gleichen Tag wieder verlassen. Die Ermittlungen zur genauen Unfallursache wurden vom Verkehrsdienst Heidelberg \u00fcbernommen.<\/p>\n\n\n\n<h2 class=\"wp-block-heading\">(Heidelberg-Wieblingen) &#8211; Feuerteufel in Wieblingen unterwegs \/ Zeugen gesucht<\/h2>\n\n\n<div class=\"wp-block-image\">\n<figure class=\"aligncenter size-full\"><img decoding=\"async\" loading=\"lazy\" width=\"800\" height=\"592\" src=\"https:\/\/speyer24news.com\/wp-content\/uploads\/2023\/02\/Achtung.jpeg\" alt=\"\" class=\"wp-image-51381\" srcset=\"https:\/\/speyer24news.com\/wp-content\/uploads\/2023\/02\/Achtung.jpeg 800w, https:\/\/speyer24news.com\/wp-content\/uploads\/2023\/02\/Achtung-300x222.jpeg 300w, https:\/\/speyer24news.com\/wp-content\/uploads\/2023\/02\/Achtung-768x568.jpeg 768w, https:\/\/speyer24news.com\/wp-content\/uploads\/2023\/02\/Achtung-80x60.jpeg 80w\" sizes=\"(max-width: 800px) 100vw, 800px\" \/><\/figure><\/div>\n\n\n<p>Feuerwehr und Polizei wurde am fr\u00fchen Sonntagmorgen zwischen 02.40 Uhr und 4.30 Uhr zu insgesamt drei Br\u00e4nden im Heidelberger Stadtteil Wieblingen gerufen. W\u00e4hrend die ersten beiden Br\u00e4nde in der Mannheimer Stra\u00dfe eine M\u00fclltonne und einen Stapel Zeitungen betrafen, verlief der dritte Brand weniger glimpflich. An der Ecke K\u00e4fertaler Stra\u00dfe\/Ilvesheimer Stra\u00dfe stand beim Eintreffen der Einsatzkr\u00e4fte ein Wohnwagen auf H\u00f6he des dortigen Kinderspielplatzes in Flammen. Die Flammen schlugen schon meterhoch in den Nachthimmel, sodass ein komplettes Abbrennen des Wohnwagens nicht zu verhindern war. Zu Personensch\u00e4den kam es gl\u00fccklicherweise nicht. Der Sachschaden bel\u00e4uft sich auf einen mittleren vierstelligen Betrag. Aufgrund der regennassen Witterung ist bei den drei Br\u00e4nden mit hoher Wahrscheinlichkeit von Brandstiftung auszugehen. <\/p>\n\n\n\n<ul>\n<li><strong>Zeugen, die sachdienliche Hinweise geben k\u00f6nnen, werden daher gebeten, sich unter Tel. 0621 174-4444 mit dem Kriminaldauerdienst in Verbindung zu setzen.<\/strong><\/li>\n<\/ul>\n\n\n\n<h2 class=\"wp-block-heading\">(Schwetzingen \/ Rhein-Neckar-Kreis) &#8211; Unbekannte entwenden Navigationsger\u00e4t aus Auto \/ Zeugen gesucht!<\/h2>\n\n\n\n<p>Im Zeitraum von Mittwochabend, 20 Uhr, bis Donnerstagvormittag, 08 Uhr, entwendete eine bislang unbekannte T\u00e4terschaft aus einem geparkten VW in der Verschaffeltstra\u00dfe ein mobiles Navigationsger\u00e4t, einen Werkzeugkoffer sowie eine Jacke. Wie der oder die T\u00e4ter in das Fahrzeuginnere gelangten, ist bislang noch Gegenstand der weiteren Ermittlungen. Der Werkzeugkoffer wurde gl\u00fccklicherweise von einem Finder nahe dem Tatort bei einer kleinen Br\u00fccke im Feld gefunden. Auch die Jacke fand ihren Weg zur\u00fcck zu ihrem Besitzer, da sie, ebenfalls in Tatortn\u00e4he, an eine Laterne geh\u00e4ngt worden ist.<\/p>\n\n\n\n<p>Die H\u00f6he des Sachschadens kann bislang nicht beziffert werden. Das Polizeirevier Schwetzingen hat die weiteren Ermittlungen \u00fcbernommen.<\/p>\n\n\n\n<ul>\n<li><strong>Zeugen, die etwas Verd\u00e4chtiges beobachtet haben oder sachdienliche Hinweise geben k\u00f6nnen, werden gebeten, sich unter der Telefonnummer 06202\/288-0 zu melden.<\/strong><\/li>\n<\/ul>\n\n\n\n<h2 class=\"wp-block-heading\">(Hockenheim \/ Rhein-Neckar-Kreis) &#8211; Reiseverkehrskontrolle zu Ferienbeginn \/ Polizeipr\u00e4sidium Mannheim zieht positive Bilanz<\/h2>\n\n\n<div class=\"wp-block-image\">\n<figure class=\"aligncenter size-full\"><img decoding=\"async\" loading=\"lazy\" width=\"800\" height=\"447\" src=\"https:\/\/speyer24news.com\/wp-content\/uploads\/2022\/09\/Kontrolle-2.jpg\" alt=\"\" class=\"wp-image-49124\" srcset=\"https:\/\/speyer24news.com\/wp-content\/uploads\/2022\/09\/Kontrolle-2.jpg 800w, https:\/\/speyer24news.com\/wp-content\/uploads\/2022\/09\/Kontrolle-2-300x168.jpg 300w, https:\/\/speyer24news.com\/wp-content\/uploads\/2022\/09\/Kontrolle-2-768x429.jpg 768w\" sizes=\"(max-width: 800px) 100vw, 800px\" \/><figcaption class=\"wp-element-caption\">Kontrolle<\/figcaption><\/figure><\/div>\n\n\n<p>Anl\u00e4sslich des Ferienbeginns in Baden-W\u00fcrttemberg sowie der allgemeinen Ferienzeit im Bundesgebiet wurde durch die Verkehrspolizei des Polizeipr\u00e4sidiums Mannheim eine Sonderkontrolle des Reiseverkehrs unter dem Motto &#8222;Sicher in die Ferien&#8220; durchgef\u00fchrt. In der Zeit von 09.00 &#8211; 16.00 Uhr wurde auf der BAB A6, TuR Hockenheim West, eine Kontrollstelle eingerichtet. Der Fokus der Einsatzkr\u00e4fte lag dabei auf Wohnmobilen, Wohnwagen und Sportbooten und hier insbesondere mit Blickrichtung auf zul\u00e4ssige Gewichte und die Ladungssicherung. Erfahrungen der letzten Jahre hatten gezeigt, dass der Anteil der genannten Fahrzeuge bzw. Gespanne auf deutschen Stra\u00dfe zunimmt und der Kenntnisstand zu den Themen Ladung und Ladungssicherung nicht bei jedem in G\u00e4nze bekannt ist. Die Auswirkungen von Fehlbeladungen, \u00dcberladungen oder falsch gesicherter Ladung haben allerdings eine enorme Auswirkung auf die Verkehrssicherheit und somit f\u00fcr alle Verkehrsteilnehmer.<\/p>\n\n\n\n<p>Da der pr\u00e4ventive Charakter der Sonderkontrolle im Vordergrund stand wurde die Ma\u00dfnahme im Vorfeld \u00fcber SocialMedia angek\u00fcndigt und die Medienvertreter und -vertreterinnen aktiv zur medialen Begleitung aufgerufen.<\/p>\n\n\n\n<p>Es wurden insgesamt 44 Fahrzeuge kontrolliert und hierbei 24 Beanstandungen festgestellt. Dabei handelte es sich haupts\u00e4chlich um geringf\u00fcgige Verst\u00f6\u00dfe zum Thema Ladungssicherung \/ \u00dcberladung, die vor Ort selbstst\u00e4ndig durch die Fahrzeugf\u00fchrer, mit Hilfestellung durch die eingesetzten Beamtinnen und Beamten, behoben werden konnten.<\/p>\n\n\n\n<p>Lediglich drei Fahrzeugen \/ Gespannen musste die Weiterfahrt untersagt werden. Eines der betroffenen Fahrzeuge wies erhebliche Fahrzeugm\u00e4ngel auf und wurde umgehend einem Gutachter zugef\u00fchrt. Gegen einen Fahrzeugf\u00fchrer wird wegen Fahrens ohne Fahrerlaubnis ermittelt, da er nicht \u00fcber die notwendige Berechtigung zum F\u00fchren seines Gespannes verf\u00fcgte.<\/p>\n\n\n\n<p>Insgesamt zieht der Verkehrsdienst des Polizeipr\u00e4sidiums Mannheim eine positive Bilanz. Trotz der Kontrollsituation traf man auf viele entspannte und freundliche Urlauberinnen und Urlauber, die sich gr\u00f6\u00dftenteils dankbar \u00fcber die Hinweise und Hilfestellungen zeigten und in der Folge sicher ihre Weiterfahrt in die Ferien antreten konnten.<\/p>\n\n\n\n<h2 class=\"wp-block-heading\">(A 6 \/ Dielheim \/ Rhein-Neckar-Kreis) &#8211; Fahrzeugbrand auf der Autobahn, rechter Fahrstreifen gesperrt<\/h2>\n\n\n\n<p>Aktuell kommt es auf der BAB 6 in Fahrtrichtung Mannheim, H\u00f6he Dielheim zu einem Einsatz von Polizei, Feuerwehr und Rettungsdienst. Dort ist ein Pkw in Brand geraten. Nach aktuellem Stand der Ermittlungen wurden keine Personen verletzt. Der rechte Fahrstreifen ist zur Zeit gesperrt. Es wird nachberichtet. <em>30.07.2023 \u2013 13:44<\/em><\/p>\n\n\n\n<h3 class=\"wp-block-heading has-text-align-center\">Pressemeldung Nr. 2 &#8211;\u00a0Einsatzma\u00dfnahmen beendet, Fahrbahn wieder frei<\/h3>\n\n\n\n<p>Nach dem Fahrzeugbrand auf der BAB6 sind die Ma\u00dfnahmen von Polizei und Feuerwehr vor Ort abgeschlossen. Das Fahrzeug konnte durch die Feuerwehr gel\u00f6scht werden und alle Fahrstreifen sind wieder freigegeben. Die Ursache des Fahrzeugbrandes ist aktuell Gegenstand der Ermittlungen des Autobahnpolizeirevieres Walldorf. Der Sachschaden ist bislang noch nicht unbekannt. Durch den Brand wurde niemand verletzt. Aufgrund der Sperrung des rechten Fahrstreifens entstanden nur minimale Verkehrsst\u00f6rungen.<\/p>\n\n\n\n<h2 class=\"wp-block-heading\">(A 6 \/ Dielheim \/ Rhein-Neckar-Kreis) &#8211; A 6 zwischen Wiesloch\/Rauenberg und Sinsheim nach Unfall gesperrt<\/h2>\n\n\n\n<p>Nach einem Unfall auf der A 6 von Walldorf in Fahrtrichtung Heilbronn auf der H\u00f6he von Balzfeld ist die Fahrbahn aufgrund eines landenden Rettungshubschraubers derzeit voll gesperrt. Es gibt noch keine Hinweise zum Ausma\u00df oder zur Ursache des Unfalls. Der Verkehr wird an der Anschlussstelle Wiesloch\/Rauenberg ausgeleitet. <em>29.07.2023 \u2013 17:59<\/em><\/p>\n\n\n\n<h3 class=\"wp-block-heading has-text-align-center\">Pressemeldung Nr. 2 &#8211; Sperrung aufgehoben<\/h3>\n\n\n\n<p>Nach einem Unfall gegen 17.34 Uhr auf der A 6 in Fahrtrichtung Heilbronn H\u00f6he von Balzfeld war die Fahrbahn aufgrund des Einsatzes eines Rettungshubschraubers gesperrt. Die Fahrbahn ist seit 20.39 Uhr wieder frei. Nach derzeitigem Ermittlungsstand l\u00f6ste sich von einem Mercedes Sprinter, aufgrund bislang unbekannter Ursache, der mitgef\u00fchrte Wohnanh\u00e4nger von der Anh\u00e4ngevorrichtung. Hierdurch drehte sich das Zugfahrzeug und der Wohnanh\u00e4nger kippte zur Seite. Die drei im Mercedes-Sprinter befindlichen Insassen zogen sich durch das Unfallgeschehen leichte Verletzungen in Form Prellungen und Schleudertraumen zu. Sie wurden durch Rettungssanit\u00e4ter per Rettungswagen vorsorglich in angrenzende Krankenh\u00e4user nach Heilbronn verbracht. Der Einsatz des Hubschraubers war nicht von N\u00f6ten. Der entstandene Sachschaden bel\u00e4uft sich auf einige tausend Euro. Die Bergung des Wohnanh\u00e4ngers sowie des nicht mehr fahrbereiten Zugfahrzeuges dauerte bis 20.25 Uhr. Zudem musste die Fahrbahn aufgrund ausgelaufener Betriebsstoffe bis 20.39 Uhr gereinigt werden. Hiernach wurde die Fahrbahn wieder komplett freigegeben.<\/p>\n\n\n\n<h2 class=\"wp-block-heading\">(Wiesloch \/ Sinsheim \/ Rhein-Neckar-Kreis) &#8211; Mehrere Wildunf\u00e4lle<\/h2>\n\n\n<div class=\"wp-block-image\">\n<figure class=\"aligncenter size-full\"><img decoding=\"async\" loading=\"lazy\" width=\"500\" height=\"441\" src=\"https:\/\/speyer24news.com\/wp-content\/uploads\/2019\/11\/Achtung-Wild.jpg\" alt=\"\" class=\"wp-image-21975\" srcset=\"https:\/\/speyer24news.com\/wp-content\/uploads\/2019\/11\/Achtung-Wild.jpg 500w, https:\/\/speyer24news.com\/wp-content\/uploads\/2019\/11\/Achtung-Wild-300x265.jpg 300w\" sizes=\"(max-width: 500px) 100vw, 500px\" \/><\/figure><\/div>\n\n\n<p>In der Zeit von Mittwochmorgen bis Donnerstagmorgen kam es im Rhein-Neckar-Kreis zu mehreren Wildunf\u00e4llen. In Helmstadt-Bargen stie\u00df die Fahrerin eines Ford am Donnerstag in den fr\u00fchen Morgenstunden gegen 05.00 Uhr mit einem Dachs zusammen. Das Tier querte die Fahrbahn der K4186, welche die 24-j\u00e4hrige Fahrerin von Bargen in Fahrtrichtung K\u00e4lbertshausen befuhr. Das Tier erlag vor Ort seinen Verletzungen. In Sinsheim wurde am Mittwochabend gegen 22.00 Uhr ein Reh beim \u00dcberqueren der K4277 von einer 26-j\u00e4hrigen Dacia-Fahrerin erfasst und get\u00f6tet. Die Dame war von Weiler in Richtung Sinsheim unterwegs, als das Tier pl\u00f6tzlich die Fahrbahn querte.<\/p>\n\n\n\n<p>Im Zust\u00e4ndigkeitsbereich des Polizeireviers Wiesloch kam es im besagten Zeitraum zu drei Wildunf\u00e4llen mit Rehen. Am fr\u00fchen Mittwochmorgen befuhr der 30-j\u00e4hrige Fahrer eines Mercedes die L 598 von Walldorf in Richtung Sandhausen als pl\u00f6tzlich ein Reh die Fahrbahn kreuzte. Der Fahrer konnte einen Zusammensto\u00df nicht mehr verhindern. Das Reh wurde bei dem Aufprall sofort get\u00f6tet. Am gleichen Abend, gegen 22.15 Uhr, sprang ein Reh auf der B291 aus dem Wald auf die Fahrbahn und wurde von einem PKW, welcher von Oftersheim in Richtung Walldorf unterwegs war, erfasst. Das Tier rannte zur\u00fcck in den Wald. Der Jagdp\u00e4chter wurde umgehend verst\u00e4ndigt. Gegen 04.00 Uhr am Donnerstagmorgen kreuzte ein Reh im Bereich Walldorf die L723 die Fahrbahn. Der PKW, der von Reilingen in Richtung Walldorf unterwegs war, kollidierte mit dem Tier, welches direkt get\u00f6tet wurde.<\/p>\n\n\n\n<p>Die Polizei weist die Verkehrsteilnehmer an dieser Stelle nochmals auf den erh\u00f6hten Wildwechsel in den D\u00e4mmerungsstunden hin und bittet um erh\u00f6hte Vorsicht und Achtsamkeit. Der Deutsche Jagdverband weist auf seiner Seite nochmals speziell auf die entsprechenden Zeiten hin und gibt Tipps f\u00fcr den Ernstfall. Besonders risikoreich f\u00fcr Mensch und Tier sei die Zeit von 5 bis 7 Uhr morgens und 21 bis 23 Uhr abends. (Quelle:\u00a0<a href=\"https:\/\/www.jagdverband.de\/wildunfallgefahr-im-april-und-mai-besonders-hoch\" target=\"_blank\" rel=\"noreferrer noopener\">https:\/\/www.jagdverband.de\/wildunfallgefahr-im-april-und-mai-besonders-hoch<\/a>)<\/p>\n\n\n\n<h2 class=\"wp-block-heading\">(Waibstadt \/ Rhein-Neckar-Kreis) &#8211; Betrunkener Autofahrer mit \u00fcber einem Promille gestoppt<\/h2>\n\n\n\n<p>Ein Zeuge informierte am Donnerstag gegen 23:30 Uhr die Polizei \u00fcber einen Autofahrer, welcher in Schlangenlinien von Helmstadt in Richtung Waibstadt fahren w\u00fcrde. Bei dem Fahrzeug handelte es sich um einen BMW. Durch eine Polizeistreife des Polizeireviers Sinsheim wurde der 34-J\u00e4hrige wenig sp\u00e4ter einer Kontrolle unterzogen. Bereits zu Beginn des Kontrollgespr\u00e4ches konnten die Beamtin und der Beamte starken Alkoholgeruch bei dem Mann feststellen. Ein Alkoholtest ergab einen Wert von 1,6 Promille. F\u00fcr die Durchf\u00fchrung weiterer strafprozessualer Ma\u00dfnahmen wurde der Fahrer auf das Polizeirevier gebracht. Dort musste er eine Blutprobe abgeben. Der F\u00fchrerschein sowie der Fahrzeugschl\u00fcssel wurden sichergestellt. Au\u00dferdem wurde ihm die Weiterfahrt untersagt. Den 34-j\u00e4hrigen BMW-Fahrer erwartet nun eine Anzeige wegen Trunkenheit im Stra\u00dfenverkehr.<\/p>\n\n\n\n<h2 class=\"wp-block-heading\">(L 532 \/ Reichartshausen \/ Rhein-Neckar-Kreis) &#8211; Fu\u00dfg\u00e4nger von PKW auf der L 532 erfasst worden, t\u00f6dlich verletzt<\/h2>\n\n\n<div class=\"wp-block-image\">\n<figure class=\"aligncenter size-full\"><img decoding=\"async\" loading=\"lazy\" width=\"800\" height=\"533\" src=\"https:\/\/speyer24news.com\/wp-content\/uploads\/2021\/01\/Ruhe-in-Frieden.jpg\" alt=\"\" class=\"wp-image-32361\" srcset=\"https:\/\/speyer24news.com\/wp-content\/uploads\/2021\/01\/Ruhe-in-Frieden.jpg 800w, https:\/\/speyer24news.com\/wp-content\/uploads\/2021\/01\/Ruhe-in-Frieden-300x200.jpg 300w, https:\/\/speyer24news.com\/wp-content\/uploads\/2021\/01\/Ruhe-in-Frieden-768x512.jpg 768w\" sizes=\"(max-width: 800px) 100vw, 800px\" \/><\/figure><\/div>\n\n\n<p>Gegen 01:20 Uhr kam es auf der L 532 zu einem schweren Verkehrsunfall zwischen einem PKW und einem Fu\u00dfg\u00e4nger. Ein 36-j\u00e4hriger Mann war aus bisher ungekl\u00e4rten Gr\u00fcnden zu Fu\u00df auf der Landstra\u00dfe unterwegs. Ein vorbeifahrender 35-j\u00e4hriger Mann \u00fcbersah den Fu\u00dfg\u00e4nger und erfasste diesen mit seinem VW Caddy. Der Fu\u00dfg\u00e4nger erlitt bei dem Zusammensto\u00df t\u00f6dliche Verletzungen. Zur Unfallaufnahme musste die L 532 f\u00fcr \u00fcber f\u00fcnf Stunden voll gesperrt werden. Zur genauen Unfallrekonstruktion wurde ein Sachverst\u00e4ndiger hinzugezogen. <\/p>\n\n\n\n<ul>\n<li><strong>In diesem Zusammenhang bittet die Polizei darum, dass sich Zeugen, die sachdienliche Hinweise zu dem Unfallhergang machen k\u00f6nnen, bei dem Verkehrsdienst Heidelberg, Au\u00dfenstelle Walldorf unter der Tel. 06227-358260 melden.<\/strong><\/li>\n<\/ul>\n\n\n\n<h2 class=\"wp-block-heading\">(Lobbach \/ Rhein-Neckar-Kreis) &#8211; Betrunken auf Spritztour<\/h2>\n\n\n\n<p>Am Freitagmorgen gegen 00.05 Uhr fuhr eine Streife durch die Torgartenstra\u00dfe in Lobbach von M\u00f6nchzell kommend in Richtung Kreisel (Ortsmitte). Hierbei bemerkten die Beamten ein von links kommendes Fahrzeug aus Richtung Fasanenstra\u00dfe. Sie folgten dem Renault und anschlie\u00dfend, kurz vor der Einm\u00fcndung in die Klosterstra\u00dfe, wurde er einer Verkehrskontrolle unterzogen. Bei der Kontrolle des Fahrers, konnte in der Mittelkonsole des Renaults eine angetrunkene Bierflasche sowie starker Alkoholgeruch im Fahrzeuginneren festgestellt werden. Des Weiteren wies der Fahrer Anzeichen starken Alkoholkonsums auf, weshalb ihm ein Alkoholvortest zur \u00dcberpr\u00fcfung der Fahrt\u00fcchtigkeit angeboten wurde. Der Test zeigte ein Ergebnis von mehr als 1 Promille an. Der 36-J\u00e4hrige musste die Beamten auf die Dienststelle begleiten und ihm wurde hier durch eine Polizei\u00e4rztin Blut abgenommen. Ihm wurde die Teilnahme am Stra\u00dfenverkehr bis zum Erlangen der N\u00fcchternheit untersagt. Er muss sich nun wegen der Trunkenheit im Stra\u00dfenverkehr verantworten.<\/p>\n\n\n\n<h2 class=\"wp-block-heading\">(Neckargem\u00fcnd \/ Rhein-Neckar-Kreis) &#8211; Revierleiterwechsel beim Polizeirevier Neckargem\u00fcnd<\/h2>\n\n\n\n<h3 class=\"wp-block-heading\">Amts\u00fcbergabe beim Polizeirevier Neckargem\u00fcnd: Der bisherige Revierleiter Erster Kriminalhauptkommissar Gerhard Mackert verabschiedet sich in den Ruhestand &#8211; Erster Polizeihauptkommissar Wolfgang Metzger tritt die Nachfolge an.<\/h3>\n\n\n<div class=\"wp-block-image\">\n<figure class=\"aligncenter size-full\"><img decoding=\"async\" loading=\"lazy\" width=\"800\" height=\"580\" src=\"https:\/\/speyer24news.com\/wp-content\/uploads\/2023\/08\/AH5A9662.jpg\" alt=\"\" class=\"wp-image-54140\" srcset=\"https:\/\/speyer24news.com\/wp-content\/uploads\/2023\/08\/AH5A9662.jpg 800w, https:\/\/speyer24news.com\/wp-content\/uploads\/2023\/08\/AH5A9662-300x218.jpg 300w, https:\/\/speyer24news.com\/wp-content\/uploads\/2023\/08\/AH5A9662-768x557.jpg 768w\" sizes=\"(max-width: 800px) 100vw, 800px\" \/><\/figure><\/div>\n\n\n<p>Am Donnerstag, den 27.07.2023, fand die offizielle Amts\u00fcbergabe bei einer feierlichen Veranstaltung im Rathaus in Neckargem\u00fcnd statt.<\/p>\n\n\n\n<p>Anl\u00e4sslich des Amtswechsels bemerkte Polizeipr\u00e4sident Siegfried Kollmar: &#8222;Nichts in der Geschichte ist best\u00e4ndiger als der Wandel&#8220; und freute sich \u00fcber die sehr gute Besetzung der Spitzenposition der Revierleitung sowohl in der Vergangenheit als auch in der Zukunft. Er lobte den Ersten Kriminalhauptkommissar Gerhard Mackert f\u00fcr die stets sehr guten Ergebnisse in den vielen unterschiedlichen Aufgabenbereichen, in denen er bei der Polizei t\u00e4tig war und beschrieb ihn als zuverl\u00e4ssigen Partner. Kollmar zeigte sich stolz den Revierleiter Neckargem\u00fcnd in den wohlverdienten Ruhestand verabschieden zu d\u00fcrfen und \u00fcbergab ihm in diesem feierlichen Rahmen die Ehrenplakette f\u00fcr besondere Verdienste.<\/p>\n\n\n\n<p>In dem neuen Leiter des Polizeireviers Neckargem\u00fcnd, Erster Polizeihauptkommissar Wolfgang Metzger, sieht er einen guten Nachfolger, der in seinen Aufgaben sehr akribisch ist und bereits jetzt schon den uneingeschr\u00e4nkten R\u00fcckhalt seiner Kolleginnen und Kollegen beim Revier innehat. Auch Gerhard Mackert bezeichnete die Wahl seines Nachfolgers als &#8222;goldrichtig&#8220; und bedankte sich bei seinem bisherigen Leiter der F\u00fchrungsgruppe f\u00fcr die hervorragende Zusammenarbeit.<\/p>\n\n\n\n<p>B\u00fcrgermeister Frank Volk wertsch\u00e4tzte Gerhard Mackert f\u00fcr die bislang sehr gute und immer reibungslose Zusammenarbeit. Man konnte immer aufeinander z\u00e4hlen und war sich der Unterst\u00fctzung immer gewiss. So verabschiedete auch er ihn in den Ruhestand und hie\u00df ihn dennoch weiterhin herzlich willkommen im Rathaus. Er freute sich auch \u00fcber die Nachfolge von Wolfgang Metzger, dem er seine Gl\u00fcckw\u00fcnsche aussprach. Auch mit ihm konnte er bereits viele positive Erfahrungen bei Eins\u00e4tzen sammeln und ist von einer weiterhin sehr guten Zusammenarbeit \u00fcberzeugt.<\/p>\n\n\n\n<p>Erster Kriminalhauptkommissar Gerhard Mackert durchlief bei der Polizei einige Stellen und brachte einen gro\u00dfen Erfahrungsschatz mit nach Neckargem\u00fcnd. Die Leitung des Polizeireviers \u00fcbernahm er zum 01.06.2018 und feierte im September 2019 sein 40. Dienstjubil\u00e4um bei der Polizei Baden-W\u00fcrttemberg. Zum 31.07.2023 geht er nun nach 43 Jahren und 333 Tagen in den wohlverdienten Ruhestand und wird dem Polizeipr\u00e4sidium Mannheim mit seinem gro\u00dfen Erfahrungsschatz fehlen. Erster Polizeihauptkommissar Wolfgang Metzger tritt die Nachfolge an und wechselte bereits im Oktober 2021 als Leiter der F\u00fchrungsgruppe zum Polizeirevier Neckargem\u00fcnd. Er konnte sehr viel vom gro\u00dfen Erfahrungsschatz seines Vorg\u00e4ngers mitnehmen und wird dieses Wissen bei seiner t\u00e4glichen Polizeiarbeit mit einbringen.<\/p>\n\n\n\n<h2 class=\"wp-block-heading\">(A 659 \/ Viernheimer Kreuz in Richtung Weinheimer Kreuz \/ Rhein-Neckar-Kreis) &#8211; Schwerer Verkehrsunfall, Rettungshubschrauber im Einsatz<\/h2>\n\n\n<div class=\"wp-block-image\">\n<figure class=\"aligncenter size-full\"><img decoding=\"async\" loading=\"lazy\" width=\"800\" height=\"600\" src=\"https:\/\/speyer24news.com\/wp-content\/uploads\/2021\/06\/20210606_142751_copy_1209x1612.jpg\" alt=\"\" class=\"wp-image-37601\" srcset=\"https:\/\/speyer24news.com\/wp-content\/uploads\/2021\/06\/20210606_142751_copy_1209x1612.jpg 800w, https:\/\/speyer24news.com\/wp-content\/uploads\/2021\/06\/20210606_142751_copy_1209x1612-300x225.jpg 300w, https:\/\/speyer24news.com\/wp-content\/uploads\/2021\/06\/20210606_142751_copy_1209x1612-768x576.jpg 768w, https:\/\/speyer24news.com\/wp-content\/uploads\/2021\/06\/20210606_142751_copy_1209x1612-678x509.jpg 678w, https:\/\/speyer24news.com\/wp-content\/uploads\/2021\/06\/20210606_142751_copy_1209x1612-326x245.jpg 326w, https:\/\/speyer24news.com\/wp-content\/uploads\/2021\/06\/20210606_142751_copy_1209x1612-80x60.jpg 80w\" sizes=\"(max-width: 800px) 100vw, 800px\" \/><figcaption class=\"wp-element-caption\">Beispielbild Rettungshubschrauber, dient lediglich der Visualisierung.<\/figcaption><\/figure><\/div>\n\n\n<p>Zwischen der Anschlussstelle Viernheim und Viernheim-Ost kam es zu einem Verkehrsunfall mit mehreren Beteiligten Fahrzeugen. Ein Fahrzeug ist nach einem \u00dcberschlag auf dem Dach liegen geblieben. Die BAB 659 ist aufgrund der Unfallaufnahme derzeit in Richtung Weinheim voll gesperrt. Rettungskr\u00e4fte, unter anderem auch ein Rettungshubschrauber sowie die Polizei sind vor Ort im Einsatz. <em>29.07.2023 \u2013 15:03<\/em><\/p>\n\n\n\n<h3 class=\"wp-block-heading has-text-align-center\">Pressemeldung Nr. 2<\/h3>\n\n\n\n<p>Aus bisher unbekannter Ursache kam es zwischen zwei nebeneinander Fahrenden Fahrzeugen zu einer Kollision. Diese f\u00fchrte dazu, dass sich eines der beiden Fahrzeuge \u00fcberschlug und auf der Fahrbahn auf dem Dach liegen blieb. Bei dem Unfall wurden f\u00fcnf Personen leicht verletzt. Die Unfallaufnahme wurde vom Verkehrsdienst Mannheim-Seckenheim \u00fcbernommen. Die Fahrbahn ist mittlerweile wieder f\u00fcr den Verkehr freigegeben.<\/p>\n","protected":false},"excerpt":{"rendered":"<div class=\"mh-excerpt\"><p>Polizeimeldungen vom Wochenende (28.07.-30.07.2023) (Speyer) &#8211; Betrunken mit dem Fahrrad unterwegs Am Abend des 29.07.23 teilte eine Zeugin gegen 23:30 Uhr der Polizei Speyer einen schwankenden Fahrradfahrer mit. Zus\u00e4tzlich sei der Fahrer bereits mehrmals gest\u00fcrzt. <a class=\"mh-excerpt-more\" href=\"https:\/\/speyer24news.com\/?p=54133\" title=\"Polizeimeldungen Wochenende (28.07.-30.07.2023)\">[&#8230;]<\/a><\/p>\n<\/div>","protected":false},"author":3,"featured_media":26162,"comment_status":"open","ping_status":"open","sticky":false,"template":"","format":"standard","meta":{"_monsterinsights_skip_tracking":false,"_monsterinsights_sitenote_active":false,"_monsterinsights_sitenote_note":"","_monsterinsights_sitenote_category":0,"footnotes":""},"categories":[15659],"tags":[7243,3614,350,14537,15084,15267,14538,15361,15845,702,61,2555,6955,6986,6263,63,105,11150,6987,53,4854,13534,4683,1548,4905,11592,102,13626,213,14325,14324,13553,13541,55,8277,6368,5261,103,106,2803,2423,427,2625,380,62,104,979,1565],"aioseo_notices":[],"amp_enabled":true,"_links":{"self":[{"href":"https:\/\/speyer24news.com\/index.php?rest_route=\/wp\/v2\/posts\/54133"}],"collection":[{"href":"https:\/\/speyer24news.com\/index.php?rest_route=\/wp\/v2\/posts"}],"about":[{"href":"https:\/\/speyer24news.com\/index.php?rest_route=\/wp\/v2\/types\/post"}],"author":[{"embeddable":true,"href":"https:\/\/speyer24news.com\/index.php?rest_route=\/wp\/v2\/users\/3"}],"replies":[{"embeddable":true,"href":"https:\/\/speyer24news.com\/index.php?rest_route=%2Fwp%2Fv2%2Fcomments&post=54133"}],"version-history":[{"count":1,"href":"https:\/\/speyer24news.com\/index.php?rest_route=\/wp\/v2\/posts\/54133\/revisions"}],"predecessor-version":[{"id":54141,"href":"https:\/\/speyer24news.com\/index.php?rest_route=\/wp\/v2\/posts\/54133\/revisions\/54141"}],"wp:featuredmedia":[{"embeddable":true,"href":"https:\/\/speyer24news.com\/index.php?rest_route=\/wp\/v2\/media\/26162"}],"wp:attachment":[{"href":"https:\/\/speyer24news.com\/index.php?rest_route=%2Fwp%2Fv2%2Fmedia&parent=54133"}],"wp:term":[{"taxonomy":"category","embeddable":true,"href":"https:\/\/speyer24news.com\/index.php?rest_route=%2Fwp%2Fv2%2Fcategories&post=54133"},{"taxonomy":"post_tag","embeddable":true,"href":"https:\/\/speyer24news.com\/index.php?rest_route=%2Fwp%2Fv2%2Ftags&post=54133"}],"curies":[{"name":"wp","href":"https:\/\/api.w.org\/{rel}","templated":true}]}}