{"id":54152,"date":"2023-08-21T14:47:22","date_gmt":"2023-08-21T13:47:22","guid":{"rendered":"https:\/\/speyer24news.com\/?p=54152"},"modified":"2023-08-21T15:13:27","modified_gmt":"2023-08-21T14:13:27","slug":"veranstaltung-freizeit-5","status":"publish","type":"post","link":"https:\/\/speyer24news.com\/?p=54152","title":{"rendered":"Veranstaltung \/ Freizeit \/ Speyer"},"content":{"rendered":"<style type=\"text\/css\">\r\n\t.ads_top_disp{}\r\n\t.ads_top_corner_disp{ float:left; margin:0px 10px 10px 0px; }\r\n\t.ads_first_p_disp{}\r\n\t.ads_bottom_disp{}\r\n\t<\/style>\n<h2 class=\"wp-block-heading\">Jubil\u00e4umssaison 2023 &#8211; Mittelalterlich Phantasiespectaculum (MPS) in Speyer am 26.08. und 27.08.2023<\/h2>\n\n\n\n<h3 class=\"wp-block-heading\">U.A. mit Auftritten von Faun und Versengold<\/h3>\n\n\n\n<figure class=\"wp-block-image size-full\"><img decoding=\"async\" loading=\"lazy\" width=\"800\" height=\"600\" src=\"https:\/\/speyer24news.com\/wp-content\/uploads\/2022\/08\/MPS-2019-2-1.jpg\" alt=\"\" class=\"wp-image-47838\" srcset=\"https:\/\/speyer24news.com\/wp-content\/uploads\/2022\/08\/MPS-2019-2-1.jpg 800w, https:\/\/speyer24news.com\/wp-content\/uploads\/2022\/08\/MPS-2019-2-1-300x225.jpg 300w, https:\/\/speyer24news.com\/wp-content\/uploads\/2022\/08\/MPS-2019-2-1-768x576.jpg 768w, https:\/\/speyer24news.com\/wp-content\/uploads\/2022\/08\/MPS-2019-2-1-678x509.jpg 678w, https:\/\/speyer24news.com\/wp-content\/uploads\/2022\/08\/MPS-2019-2-1-326x245.jpg 326w, https:\/\/speyer24news.com\/wp-content\/uploads\/2022\/08\/MPS-2019-2-1-80x60.jpg 80w\" sizes=\"(max-width: 800px) 100vw, 800px\" \/><\/figure>\n\n\n\n<p><strong>Speyer &#8211; <\/strong>Wenn am Samstag und Sonntag (26.08. und 27.08.2023) wieder Ritter, R\u00e4uber, Edelleute, Burgfr\u00e4ulein und Elfen sowie unz\u00e4hlige andere mittelalterliche und Phantasiewesen den unteren Domgarten bev\u00f6lkern, ja dann ist wieder <strong>Mittelalterlich Phantasie Spectaculum (MPS)<\/strong> in Speyer.<\/p>\n\n\n\n<p>Zum <strong>30 j\u00e4hrigen Jubil\u00e4um<\/strong> warten neben vielen Kleink\u00fcnstlern und bekannten Gr\u00f6\u00dfen, an diesem Samstag die Bands <strong>Faun<\/strong> und <strong>Versengold<\/strong>, mit ihren Darbietungen auf. Der Preis von 48.- f\u00fcr G\u00e4ste ab 15 Jahren mag zwar erst einmal abschrecken, erkl\u00e4rt sich dadurch aber v\u00f6llig. Bedenkt man zus\u00e4tzlich die enorm angestiegenen Sicherheitsauflagen die solch eine Gro\u00dfveranstaltung stemmen muss. Von den Kosten f\u00fcr Auf- und Abbau, Miete, Security und Personal, Stromversorgung, Toiletten usw. einmal ganz zu schweigen.<\/p>\n\n\n<div class=\"wp-block-image\">\n<figure class=\"aligncenter size-full\"><img decoding=\"async\" loading=\"lazy\" width=\"800\" height=\"600\" src=\"https:\/\/speyer24news.com\/wp-content\/uploads\/2022\/08\/MPS-2019-4-1.jpg\" alt=\"\" class=\"wp-image-47836\" srcset=\"https:\/\/speyer24news.com\/wp-content\/uploads\/2022\/08\/MPS-2019-4-1.jpg 800w, https:\/\/speyer24news.com\/wp-content\/uploads\/2022\/08\/MPS-2019-4-1-300x225.jpg 300w, https:\/\/speyer24news.com\/wp-content\/uploads\/2022\/08\/MPS-2019-4-1-768x576.jpg 768w, https:\/\/speyer24news.com\/wp-content\/uploads\/2022\/08\/MPS-2019-4-1-678x509.jpg 678w, https:\/\/speyer24news.com\/wp-content\/uploads\/2022\/08\/MPS-2019-4-1-326x245.jpg 326w, https:\/\/speyer24news.com\/wp-content\/uploads\/2022\/08\/MPS-2019-4-1-80x60.jpg 80w\" sizes=\"(max-width: 800px) 100vw, 800px\" \/><\/figure><\/div>\n\n\n<p>Au\u00dferdem schreckt das einen wahren Fan des MPS nicht ab und bei dem zu erwartenden sch\u00f6nen, aber nicht allzu brutalen Wetter wird es bestimmt auch wieder sehr voll werden am Wochenende.<\/p>\n\n\n\n<h4 class=\"wp-block-heading\">Wir, sowie einige gl\u00fcckliche Leser\/innen werden live von dort berichten&#8230; f\u00fcr alle anderen gibt es die n\u00f6tigen <a href=\"https:\/\/www.spectaculum.de\/termine\/speyer\/\" title=\"\">Informationen hier<\/a>:<\/h4>\n\n\n<div class=\"wp-block-image\">\n<figure class=\"aligncenter size-full\"><img decoding=\"async\" loading=\"lazy\" width=\"800\" height=\"600\" src=\"https:\/\/speyer24news.com\/wp-content\/uploads\/2022\/08\/MPS-2019-1-1.jpg\" alt=\"\" class=\"wp-image-47833\" srcset=\"https:\/\/speyer24news.com\/wp-content\/uploads\/2022\/08\/MPS-2019-1-1.jpg 800w, https:\/\/speyer24news.com\/wp-content\/uploads\/2022\/08\/MPS-2019-1-1-300x225.jpg 300w, https:\/\/speyer24news.com\/wp-content\/uploads\/2022\/08\/MPS-2019-1-1-768x576.jpg 768w, https:\/\/speyer24news.com\/wp-content\/uploads\/2022\/08\/MPS-2019-1-1-678x509.jpg 678w, https:\/\/speyer24news.com\/wp-content\/uploads\/2022\/08\/MPS-2019-1-1-326x245.jpg 326w, https:\/\/speyer24news.com\/wp-content\/uploads\/2022\/08\/MPS-2019-1-1-80x60.jpg 80w\" sizes=\"(max-width: 800px) 100vw, 800px\" \/><\/figure><\/div>\n\n\n<h3 class=\"wp-block-heading\">\u00d6ffnungszeiten<\/h3>\n\n\n\n<ul>\n<li><strong>Samstag: 11:00 &#8211; 24:00 Uhr<\/strong><\/li>\n\n\n\n<li><strong>Sonntag: 11:00 &#8211; 19:00 Uhr<\/strong><\/li>\n<\/ul>\n\n\n\n<h3 class=\"wp-block-heading\">Preise<\/h3>\n\n\n\n<h4 class=\"wp-block-heading\">Samstag<\/h4>\n\n\n\n<ul>\n<li><strong>Kinder unter 7 Jahre kostenlos<\/strong><\/li>\n\n\n\n<li><strong>G\u00e4ste 7 &#8211; 14 Jahre 24,00 \u20ac<\/strong><\/li>\n\n\n\n<li><strong>G\u00e4ste ab 15 Jahre 48,00 \u20ac<\/strong><\/li>\n<\/ul>\n\n\n\n<h4 class=\"wp-block-heading\">Sonntag<\/h4>\n\n\n\n<ul>\n<li><strong>Kinder unter 7 Jahre kostenlos<\/strong><\/li>\n\n\n\n<li><strong>G\u00e4ste 7 &#8211; 14 Jahre 9,00 \u20ac<\/strong><\/li>\n\n\n\n<li><strong>G\u00e4ste ab 15 Jahre 18,00 \u20ac<\/strong><\/li>\n<\/ul>\n\n\n\n<p>Alle Rollstuhlfahrer k\u00f6nnen jederzeit KOSTENLOS auf das MPS kommen, sowohl auf den Markt als auch in die Musikarena<\/p>\n\n\n\n<p>Diese Regelung gilt exakt auch so f\u00fcr alle Begleiter von Menschen mit Handicap und einem B im Ausweis<\/p>\n\n\n\n<p>Alle MPS Fans mit Handicap Ausweis mit mindestens 50 Prozent, bekommen 50 Prozent Erm\u00e4\u00dfigung<\/p>\n\n\n<div class=\"wp-block-image\">\n<figure class=\"aligncenter size-full\"><img decoding=\"async\" loading=\"lazy\" width=\"800\" height=\"600\" src=\"https:\/\/speyer24news.com\/wp-content\/uploads\/2022\/08\/MPS-2019-5-1.jpg\" alt=\"\" class=\"wp-image-47834\" srcset=\"https:\/\/speyer24news.com\/wp-content\/uploads\/2022\/08\/MPS-2019-5-1.jpg 800w, https:\/\/speyer24news.com\/wp-content\/uploads\/2022\/08\/MPS-2019-5-1-300x225.jpg 300w, https:\/\/speyer24news.com\/wp-content\/uploads\/2022\/08\/MPS-2019-5-1-768x576.jpg 768w, https:\/\/speyer24news.com\/wp-content\/uploads\/2022\/08\/MPS-2019-5-1-678x509.jpg 678w, https:\/\/speyer24news.com\/wp-content\/uploads\/2022\/08\/MPS-2019-5-1-326x245.jpg 326w, https:\/\/speyer24news.com\/wp-content\/uploads\/2022\/08\/MPS-2019-5-1-80x60.jpg 80w\" sizes=\"(max-width: 800px) 100vw, 800px\" \/><\/figure><\/div>\n\n\n<h3 class=\"wp-block-heading\">Es spielen die folgende Bands, nebenbei wird Kleinkunst und Unterhaltung auf dem gesamten Gel\u00e4nde geboten:<\/h3>\n\n\n\n<ul>\n<li><strong>Subway to Sally<\/strong><\/li>\n\n\n\n<li><strong>Fiddler&#8217;s Green<\/strong><\/li>\n\n\n\n<li><strong>Versengold<\/strong><\/li>\n\n\n\n<li><strong>Faun<\/strong><\/li>\n\n\n\n<li><strong>Mr. Hurley &amp; Die Pulveraffen<\/strong><\/li>\n\n\n\n<li><strong>Saor Patrol<\/strong><\/li>\n\n\n\n<li><strong>Rapalje<\/strong><\/li>\n\n\n\n<li><strong>The KingsPipers<\/strong><\/li>\n<\/ul>\n\n\n\n<h4 class=\"wp-block-heading\"><strong><em>Das Mitbringen von Alkohol auf das Veranstaltungsgel\u00e4nde ist verboten!<\/em><\/strong><\/h4>\n\n\n\n<h4 class=\"wp-block-heading\">Vorverkaufskarten gibt es, bis einschlie\u00dflich 22.08.2023, unter: <a href=\"https:\/\/www.spectaculum.de\/vvk\/\">https:\/\/www.spectaculum.de\/vvk\/<\/a><\/h4>\n\n\n<div class=\"wp-block-image\">\n<figure class=\"aligncenter size-full\"><img decoding=\"async\" loading=\"lazy\" width=\"800\" height=\"600\" src=\"https:\/\/speyer24news.com\/wp-content\/uploads\/2022\/08\/MPS-2019-3-1.jpg\" alt=\"\" class=\"wp-image-47835\" srcset=\"https:\/\/speyer24news.com\/wp-content\/uploads\/2022\/08\/MPS-2019-3-1.jpg 800w, https:\/\/speyer24news.com\/wp-content\/uploads\/2022\/08\/MPS-2019-3-1-300x225.jpg 300w, https:\/\/speyer24news.com\/wp-content\/uploads\/2022\/08\/MPS-2019-3-1-768x576.jpg 768w, https:\/\/speyer24news.com\/wp-content\/uploads\/2022\/08\/MPS-2019-3-1-678x509.jpg 678w, https:\/\/speyer24news.com\/wp-content\/uploads\/2022\/08\/MPS-2019-3-1-326x245.jpg 326w, https:\/\/speyer24news.com\/wp-content\/uploads\/2022\/08\/MPS-2019-3-1-80x60.jpg 80w\" sizes=\"(max-width: 800px) 100vw, 800px\" \/><\/figure><\/div>\n\n\n<p>F\u00fcr Alle die dennoch MPS Feeling m\u00f6chten aber auch auf den Euro schauen m\u00fcssen empfiehlt sich der Sonntag. Bei gleichem Programm (es fehlen lediglich Auftritte von Faun und Versengold) kommt man hier bereits f\u00fcr 18.- \u20ac aufs Gel\u00e4nde und kann alles genie\u00dfen.<\/p>\n\n\n\n<p><em>Speyer 24 News<br>21.08.2023<\/em><\/p>\n","protected":false},"excerpt":{"rendered":"<div class=\"mh-excerpt\"><p>Jubil\u00e4umssaison 2023 &#8211; Mittelalterlich Phantasiespectaculum (MPS) in Speyer am 26.08. und 27.08.2023 U.A. mit Auftritten von Faun und Versengold Speyer &#8211; Wenn am Samstag und Sonntag (26.08. und 27.08.2023) wieder Ritter, R\u00e4uber, Edelleute, Burgfr\u00e4ulein und <a class=\"mh-excerpt-more\" href=\"https:\/\/speyer24news.com\/?p=54152\" title=\"Veranstaltung \/ Freizeit \/ Speyer\">[&#8230;]<\/a><\/p>\n<\/div>","protected":false},"author":3,"featured_media":54154,"comment_status":"open","ping_status":"open","sticky":false,"template":"","format":"standard","meta":{"_monsterinsights_skip_tracking":false,"_monsterinsights_sitenote_active":false,"_monsterinsights_sitenote_note":"","_monsterinsights_sitenote_category":0,"footnotes":""},"categories":[11,9,13],"tags":[16099,16508,2381,16507,2814,2379,16505,16506,2813,16509,16510],"aioseo_notices":[],"amp_enabled":true,"_links":{"self":[{"href":"https:\/\/speyer24news.com\/index.php?rest_route=\/wp\/v2\/posts\/54152"}],"collection":[{"href":"https:\/\/speyer24news.com\/index.php?rest_route=\/wp\/v2\/posts"}],"about":[{"href":"https:\/\/speyer24news.com\/index.php?rest_route=\/wp\/v2\/types\/post"}],"author":[{"embeddable":true,"href":"https:\/\/speyer24news.com\/index.php?rest_route=\/wp\/v2\/users\/3"}],"replies":[{"embeddable":true,"href":"https:\/\/speyer24news.com\/index.php?rest_route=%2Fwp%2Fv2%2Fcomments&post=54152"}],"version-history":[{"count":3,"href":"https:\/\/speyer24news.com\/index.php?rest_route=\/wp\/v2\/posts\/54152\/revisions"}],"predecessor-version":[{"id":54158,"href":"https:\/\/speyer24news.com\/index.php?rest_route=\/wp\/v2\/posts\/54152\/revisions\/54158"}],"wp:featuredmedia":[{"embeddable":true,"href":"https:\/\/speyer24news.com\/index.php?rest_route=\/wp\/v2\/media\/54154"}],"wp:attachment":[{"href":"https:\/\/speyer24news.com\/index.php?rest_route=%2Fwp%2Fv2%2Fmedia&parent=54152"}],"wp:term":[{"taxonomy":"category","embeddable":true,"href":"https:\/\/speyer24news.com\/index.php?rest_route=%2Fwp%2Fv2%2Fcategories&post=54152"},{"taxonomy":"post_tag","embeddable":true,"href":"https:\/\/speyer24news.com\/index.php?rest_route=%2Fwp%2Fv2%2Ftags&post=54152"}],"curies":[{"name":"wp","href":"https:\/\/api.w.org\/{rel}","templated":true}]}}