{"id":54204,"date":"2023-09-20T13:14:38","date_gmt":"2023-09-20T12:14:38","guid":{"rendered":"https:\/\/speyer24news.com\/?p=54204"},"modified":"2023-09-20T13:24:33","modified_gmt":"2023-09-20T12:24:33","slug":"kultur-veranstaltungen-5","status":"publish","type":"post","link":"https:\/\/speyer24news.com\/?p=54204","title":{"rendered":"Kultur \/ Veranstaltungen"},"content":{"rendered":"<style type=\"text\/css\">\r\n\t.ads_top_disp{}\r\n\t.ads_top_corner_disp{ float:left; margin:0px 10px 10px 0px; }\r\n\t.ads_first_p_disp{}\r\n\t.ads_bottom_disp{}\r\n\t<\/style>\n<h1 class=\"wp-block-heading has-text-align-center\">Kinder- und Jugendtheater Speyer<\/h1>\n\n\n<div class=\"wp-block-image\">\n<figure class=\"aligncenter size-full\"><img decoding=\"async\" loading=\"lazy\" width=\"357\" height=\"500\" src=\"https:\/\/speyer24news.com\/wp-content\/uploads\/2020\/03\/Kinder-und-Jugendtheater-Speyer.jpg\" alt=\"\" class=\"wp-image-25664\" srcset=\"https:\/\/speyer24news.com\/wp-content\/uploads\/2020\/03\/Kinder-und-Jugendtheater-Speyer.jpg 357w, https:\/\/speyer24news.com\/wp-content\/uploads\/2020\/03\/Kinder-und-Jugendtheater-Speyer-214x300.jpg 214w\" sizes=\"(max-width: 357px) 100vw, 357px\" \/><\/figure><\/div>\n\n\n<h2 class=\"wp-block-heading\">Theater, Kabarett, Musik: Das 28. Kulturbeutel-Festival hat viel zu bieten<\/h2>\n\n\n<div class=\"wp-block-image\">\n<figure class=\"aligncenter size-full\"><img decoding=\"async\" loading=\"lazy\" width=\"500\" height=\"704\" src=\"https:\/\/speyer24news.com\/wp-content\/uploads\/2023\/09\/Festivalprogramm_Vorderseite.jpg\" alt=\"\" class=\"wp-image-54206\" srcset=\"https:\/\/speyer24news.com\/wp-content\/uploads\/2023\/09\/Festivalprogramm_Vorderseite.jpg 500w, https:\/\/speyer24news.com\/wp-content\/uploads\/2023\/09\/Festivalprogramm_Vorderseite-213x300.jpg 213w\" sizes=\"(max-width: 500px) 100vw, 500px\" \/><\/figure><\/div>\n\n\n<p><strong>Vom 30. September bis zum 14. Oktober 2023<\/strong> verwandelt sich der Alte Stadtsaal wieder in eine gro\u00dfe Festivalb\u00fchne: Zum 28. Mal findet das Kleinkunstfestival \u201eKulturbeutel\u201c statt. Wie gewohnt wartet im Kleinen und im Gro\u00dfen Saal des Alten Stadtsaals eine abwechslungsreiche Mischung aus Figurentheater und Schauspiel, Kabarett und Comedy, Tanztheater und Krimidinner sowie Musik aller Genres auf die Besucherinnen und Besucher.<\/p>\n\n\n\n<p>\u201eSeit fast drei Jahrzehnten begeistert das Kulturbeutel-Festival Jahr f\u00fcr Jahr aufs Neue mit einem ansprechenden Programm, das die verschiedensten k\u00fcnstlerischen Sparten abdeckt und somit f\u00fcr jeden Geschmack etwas Passendes bietet\u201c, verweist Oberb\u00fcrgermeisterin Stefanie Seiler auf die Tradition und Vielfalt des Festivals.<\/p>\n\n\n\n<p>\u201eDie ausgew\u00e4hlten Premieren, Gastspiele und Koproduktionen laden nicht nur erwachsene Kulturbegeisterte, sondern auch Kinder und Jugendliche zu unterhaltsamen Stunden ein\u201c, erg\u00e4nzt Kulturb\u00fcrgermeisterin Monika Kabs.<\/p>\n\n\n\n<p>Er\u00f6ffnet wird das beliebte Festival mit Kabarett vom Feinsten: Moral-Weltmeister Andreas Rebers pr\u00e4sentiert am Samstag, 30. September 2023, 20 Uhr, sein neues Programm \u201erein gesch\u00e4ftlich\u201c und geht mit Humor, Kreativit\u00e4t und Musik der Frage nach, was das Leben eigentlich ist: Zufall? Witz? Oder eben doch nur ein Gesch\u00e4ft?<\/p>\n\n\n\n<p>Theaterfans d\u00fcrfen sich auf die Premiere der Festivalproduktion \u201eNipple Jesus\u201c des Kinder- und Jugendtheaters Speyer am Mittwoch, 11. Oktober 2023, 20 Uhr, in der St\u00e4dtischen Galerie im Kulturhof Flachsgasse sowie auf die Gastspiele der Freien B\u00fchne Neuwied mit \u201eHeidewitzka auf den 7 Weltmeeren\u201c am Donnerstag, 5. Oktober 2023, 20 Uhr, und des Moabiter Theaterspektakels mit \u201eKiezgold \u2013 ein Theater(grund)st\u00fcck mit Spreeblick\u201c am Freitag, 13. Oktober 2023, 20 Uhr, freuen.<\/p>\n\n\n\n<p>Besonders vielf\u00e4ltig ist in diesem Jahr das musikalische Programm. Von Pop und Weltmusik \u00fcber Chanson und Swing bis hin zu a cappella und Beatbox ist alles geboten. Neben der fr\u00e4nkischen Band Gankino Circus, die mit ihrer virtuosen Weltmusik am Sonntag, 1. Oktober 2023, 20 Uhr, f\u00fcr Furore sorgen wird, tritt das Berliner Kabarett- und Chanson-Duo \u201ePigor &amp; Eichhorn\u201c am Dienstag, 3. Oktober 2023, 20 Uhr, auf. Die f\u00fcnfk\u00f6pfige Wiener A cappella-Frauenband \u201eBeat Poetry Club\u201c wartet am Freitag, 6. Oktober 2023, 20 Uhr, mit krasser Beatbox, freshen Choreos und souligen Ch\u00f6ren in ihrem neuen Programm \u201eThis Girl is on fire\u201c auf, w\u00e4hrend Burghart Klau\u00dfner &amp; Band mit \u201eJe Chante\u201c den Poeten Charles Trenet am<br>Samstag, 7. Oktober 2023, 20 Uhr, ehren.<\/p>\n\n\n\n<p>Zudem umfasst das Festival viele Veranstaltungen f\u00fcr Familien: Neben der Premiere der deutsch-italienischen Koproduktion \u201eDrei W\u00fcnsche frei\u201c mit dem Teatro del Drago aus Speyers Partnerstadt Ravenna am Sonntag, 1. Oktober 2023, 15 Uhr, pr\u00e4sentiert das Kinder- und Jugendtheater Speyer seine Eigenproduktionen f\u00fcr Kinder und Jugendliche, die sowohl als Familien- als auch als Schul- und Kita-Vorstellungen buchbar sind. \u201eSpring doch\u201c am Freitag, 6. Oktober 2023, 10 Uhr, und am Samstag, 7. Oktober 2023, 15 Uhr, \u201eLucie segelt davon\u201c am Dienstag, 10. Oktober 2023, 10 Uhr, \u201eHimmel und H\u00e4nde\u201c am Mittwoch, 11. Oktober 2023, 10 Uhr, sowie \u201eName: Sophie Scholl\u201c am Donnerstag, 12. Oktober 2023, 10 Uhr, werden gezeigt.<\/p>\n\n\n\n<p>Die musikalische Theaterproduktion \u201eEin K\u00f6nig zu viel\u201c am Sonntag, 8. Oktober 2023, 15 Uhr, und Montag, 9. Oktober 2023, 10 Uhr, und das Inklusionstheaterst\u00fcck \u201eDer Regentropfensammler\u201c in Zusammenarbeit mit dem KollektivKlusiv am Freitag, 13. Oktober 2023, 10 Uhr, und Samstag, 14. Oktober 2023, 15 Uhr, vervollst\u00e4ndigen das Programm des Kinder- und Jugendtheaters.<\/p>\n\n\n\n<p>Abgerundet wird das Festival-Programm mit dem Tanztheater des Mannheimer Theaters Felina-Areal \u201eNew Dances From Our Moving Delta\u201c am Sonntag, 8. Oktober 2023, 19 Uhr, dem Pf\u00e4lzer Mundart-Krimidinner des Work with People Theaters Ha\u00dfloch \u201e\u00c4 Mordsdinner\u201c am Samstag, 14. Oktober 2023, 19 Uhr, sowie musikalischen Matineen an den Sonn- und Feiertagen im Rahmen von CHATS und der Musikschule Speyer am Sonntag, 1. Oktober 2023, 11 Uhr, und am Sonntag, 8. Oktober 2023, 11 Uhr, sowie dem \u201eDuett zu Zwett\u201c am Dienstag, 3. Oktober 2023, 11 Uhr.<\/p>\n\n\n\n<p>Das Kulturbeutel-Festival ist eine Veranstaltung der Stadt Speyer und wird vom Ministerium f\u00fcr Familie, Frauen, Kultur und Integration Rheinland-Pfalz gef\u00f6rdert. Die Projektleitung hat das Kinder- und Jugendtheater Speyer, dessen Leiter Matthias Folz f\u00fcr Interviewanfragen gerne zur Verf\u00fcgung steht.<\/p>\n\n\n\n<p>Details zu den Veranstaltungen sind auf der Website des Kinder- und Jugendtheaters unter <a href=\"http:\/\/www.theater-speyer.de\/programm\" title=\"\">www.theater-speyer.de\/programm<\/a> zu finden.<\/p>\n\n\n\n<p>Karten f\u00fcr alle Abend- und Familienvorstellungen sind bei der Tourist-Information der Stadt Speyer, an allen Reservix-Vorverkaufsstellen sowie \u00fcber das Online-Ticket-Portal unter <a href=\"http:\/\/www.reservix.de\" title=\"\">www.reservix.de<\/a> erh\u00e4ltlich.<\/p>\n\n\n\n<p>F\u00fcr das Pf\u00e4lzische Krimidinner \u201e\u00c4 Mordsdinner\u201c zum Abschluss des Festivals am 14. Oktober 2023 sowie die Kindergarten- und Schulvorstellungen an den Vormittagen ist eine Anmeldung im Theaterb\u00fcro erforderlich (telefonisch unter der Nummer 06232 2890750 oder per E-Mail an <a href=\"mailto:reservierung@theater-speyer.de\">reservierung@theater-speyer.de<\/a>)<\/p>\n\n\n\n<p><em>Kinder- und Jugendtheater Speyer e. V.<br>15.09.2023<\/em><\/p>\n\n\n\n<h1 class=\"wp-block-heading has-text-align-center\">Veranstaltungen des Seniorenb\u00fcros Speyer<\/h1>\n\n\n<div class=\"wp-block-image\">\n<figure class=\"aligncenter size-full\"><img decoding=\"async\" loading=\"lazy\" width=\"800\" height=\"491\" src=\"https:\/\/speyer24news.com\/wp-content\/uploads\/2022\/09\/Seniorenbuero-Speyer-1.jpg\" alt=\"\" class=\"wp-image-49163\" srcset=\"https:\/\/speyer24news.com\/wp-content\/uploads\/2022\/09\/Seniorenbuero-Speyer-1.jpg 800w, https:\/\/speyer24news.com\/wp-content\/uploads\/2022\/09\/Seniorenbuero-Speyer-1-300x184.jpg 300w, https:\/\/speyer24news.com\/wp-content\/uploads\/2022\/09\/Seniorenbuero-Speyer-1-768x471.jpg 768w\" sizes=\"(max-width: 800px) 100vw, 800px\" \/><\/figure><\/div>\n\n\n<h3 class=\"wp-block-heading\">Literaturfreunde des Seniorenb\u00fcros: Cordelia Edvardsons \u201eGebranntes Kind sucht das Feuer\u201c<\/h3>\n\n\n\n<p>Mit Cordelia Edvardsons Roman \u201eGebranntes Kind sucht das Feuer\u201c wurde ein wichtiges Werk der Holocaust-Zeugenschaft vom Rang eines Primo Levi oder Imre Kert\u00e9sz vom Hanser Verlag neu \u00fcbersetzt und aufgelegt. Irmgard Bonnet stellt das Buch der Autorin, die als 14-J\u00e4hrige&nbsp;\u00fcber Theresienstadt nach Auschwitz deportiert wurde, bei den Literaturfreunden am <strong>Freitag, 22. September 2023, 16 Uhr<\/strong> im <strong>Veranstaltungsraum des Seniorenb\u00fcros, Maulbronner Hof 1a<\/strong>, vor. Eine Anmeldung ist nicht notwendig.<\/p>\n\n\n\n<h3 class=\"wp-block-heading\">Theaterst\u00fcck zum Thema Demenz: \u201eDu bist meine Mutter\u201c<\/h3>\n\n\n\n<p>Das Netzwerk Demenz in Speyer l\u00e4dt f\u00fcr <strong>Mittwoch, 4. Oktober 2023, 15 bis 16.30 Uhr<\/strong>, in den <strong>Kleinen Stadtsaal der Stadthalle<\/strong> zur Theaterauff\u00fchrung \u201eDu bist meine Mutter\u201c ein. Die Veranstaltung findet im Nachgang zum Welt-Alzheimertag am 21. September 2023 statt. Dieser steht in diesem Jahr unter dem Motto \u201eDemenz \u2013 die Welt steht Kopf\u201c.<\/p>\n\n\n\n<p>Das preisgekr\u00f6nte Theaterst\u00fcck \u201eDu bist meine Mutter\u201c des Niederl\u00e4nders Joop Admiraal zeigt das sich wandelnde Verh\u00e4ltnis zwischen einer Mutter und ihrem Kind, wenn die Mutter immer mehr vergisst. Das Besondere bei der Auff\u00fchrung ist, dass Achim Conrad, ein Schauspieler des \u201eD.a.S. Theater K\u00f6ln\u201c, beide Rollen verk\u00f6rpert. Es ist keine Anmeldung erforderlich. Der Besuch der Veranstaltung ist kostenfrei.<\/p>\n\n\n\n<p><em>Stadtverwaltung Speyer \/ Seniorenb\u00fcro<br>18.09.2023<\/em><\/p>\n\n\n\n<h1 class=\"wp-block-heading has-text-align-center\">Technik Museen Speyer \/ Sinsheim<\/h1>\n\n\n<div class=\"wp-block-image\">\n<figure class=\"aligncenter size-full\"><img decoding=\"async\" loading=\"lazy\" width=\"600\" height=\"194\" src=\"https:\/\/speyer24news.com\/wp-content\/uploads\/2021\/03\/Technik-Museum-40-Jahre-Logo.png\" alt=\"\" class=\"wp-image-33809\" srcset=\"https:\/\/speyer24news.com\/wp-content\/uploads\/2021\/03\/Technik-Museum-40-Jahre-Logo.png 600w, https:\/\/speyer24news.com\/wp-content\/uploads\/2021\/03\/Technik-Museum-40-Jahre-Logo-300x97.png 300w\" sizes=\"(max-width: 600px) 100vw, 600px\" \/><\/figure><\/div>\n\n\n<h2 class=\"wp-block-heading\">Retrob\u00f6rse: Comic-, Film- und Toy-Markt im Technik Museum Speyer am 27.01. und 28.01.2024<\/h2>\n\n\n\n<h3 class=\"wp-block-heading\">Sammlerb\u00f6rse und Fan-Treff inmitten Europas gr\u00f6\u00dfter Raumfahrtausstellung<\/h3>\n\n\n<div class=\"wp-block-image\">\n<figure class=\"aligncenter size-full\"><img decoding=\"async\" loading=\"lazy\" width=\"800\" height=\"533\" src=\"https:\/\/speyer24news.com\/wp-content\/uploads\/2023\/09\/Muppet-Show-trifft-auf-Star-Wars-der-ersten-Generation-Quelle-TMSNHSP.jpg\" alt=\"\" class=\"wp-image-54213\" srcset=\"https:\/\/speyer24news.com\/wp-content\/uploads\/2023\/09\/Muppet-Show-trifft-auf-Star-Wars-der-ersten-Generation-Quelle-TMSNHSP.jpg 800w, https:\/\/speyer24news.com\/wp-content\/uploads\/2023\/09\/Muppet-Show-trifft-auf-Star-Wars-der-ersten-Generation-Quelle-TMSNHSP-300x200.jpg 300w, https:\/\/speyer24news.com\/wp-content\/uploads\/2023\/09\/Muppet-Show-trifft-auf-Star-Wars-der-ersten-Generation-Quelle-TMSNHSP-768x512.jpg 768w\" sizes=\"(max-width: 800px) 100vw, 800px\" \/><figcaption class=\"wp-element-caption\">Muppet Show trifft auf Star Wars der ersten Generation.<br><em>Foto: TMSNHSP<\/em><\/figcaption><\/figure><\/div>\n\n\n<p><strong>Speyer &#8211; <\/strong>Seit vielen Jahren verwandelt sich das Technik Museum Speyer beim Science Fiction Treffen in eine bunte Welt rund um die verschiedensten Fandoms. Die Veranstaltung ist so vielseitig wie die Besucher selbst. Durch die gro\u00dfe Beliebtheit des Treffens entstand bei den Organisatoren nun die Idee f\u00fcr eine Retrob\u00f6rse zu den Themen Comics, Filme und Toys. Die Veranstaltung findet am 27. und 28. Januar 2024 in der Raumfahrthalle des Museums statt und ist im Eintrittspreis inbegriffen. Informationen gibt es unter&nbsp;<a href=\"https:\/\/deref-web.de\/mail\/client\/95J4MKe_cyg\/dereferrer\/?redirectUrl=http%3A%2F%2Furl7821.technik-museum.de%2Fls%2Fclick%3Fupn%3DpsfSyrcYyJjyv2M1NAPIUHSS5hyResOop97owBYND8MaERZ-2F4X7SPrYXSMr5LQ3DmSIGobIWwRJfKUF-2BFgq5rQ-3D-3DbFNj_Hl-2BwoPNiiE5y-2BW9ZLRGh-2BuGHMyD7GGNSR50vkH5Gix7XNKno3lrartCLfe6AYWnKvjsiwA70hLgtsOvJFMBpcBlXp8e-2FKECrP24fyDdZT-2B22rr3IqkRzCv0THwYZ0vI4TiRs0nKAe564ICKMblTL58vVfFlHtbgTHHdyV3FR7mEHtofCm0mnOeDrfN-2FYaR3Np5IsmvlQeymmOlk-2FSa9KiA-3D-3D\" target=\"_blank\" rel=\"noreferrer noopener\">www.technik-museum.de\/retroboerse<\/a>.<\/p>\n\n\n<div class=\"wp-block-image\">\n<figure class=\"aligncenter size-full\"><img decoding=\"async\" loading=\"lazy\" width=\"800\" height=\"533\" src=\"https:\/\/speyer24news.com\/wp-content\/uploads\/2023\/09\/Retroboerse-Haendler-Quelle-TMSNHSP.jpg\" alt=\"\" class=\"wp-image-54214\" srcset=\"https:\/\/speyer24news.com\/wp-content\/uploads\/2023\/09\/Retroboerse-Haendler-Quelle-TMSNHSP.jpg 800w, https:\/\/speyer24news.com\/wp-content\/uploads\/2023\/09\/Retroboerse-Haendler-Quelle-TMSNHSP-300x200.jpg 300w, https:\/\/speyer24news.com\/wp-content\/uploads\/2023\/09\/Retroboerse-Haendler-Quelle-TMSNHSP-768x512.jpg 768w\" sizes=\"(max-width: 800px) 100vw, 800px\" \/><figcaption class=\"wp-element-caption\">H\u00e4ndler und viele interessierte Kunden*innen auf der Retrob\u00f6rse.<br><em>Foto: TMSNHSP<\/em><\/figcaption><\/figure><\/div>\n\n\n<p>Retro-Filme und -Serien, besonders aus den 70er, 80er und 90er Jahren, stehen bei den Fans hoch im Kurs und erleben seit einiger Zeit einen regelrechten Boom. Die Helden der eigenen Kindheit spielen dabei eine gro\u00dfe Rolle und nicht selten entstehen daraus Hobbies wie Modellbau, Cosplay oder die Leidenschaft, alles zu dem geliebten Thema zu sammeln. Die Nachfrage nach Events mit Bezug zu den begehrten Themen nimmt daher immer weiter zu und Europas gr\u00f6\u00dfte Raumfahrtausstellung in Speyer bietet die perfekte Kulisse daf\u00fcr. Bei der&nbsp;Retrob\u00f6rse im Technik Museum Speyer werden Fanartikel zu unterschiedlichen Fandoms aus den Jahren 1950 bis 1998 angeboten. Es kann nach Herzenslust gest\u00f6bert und sich zum \u201eNerd-Austausch\u201c in lockerer Atmosph\u00e4re getroffen werden. \u201eMit der Retrob\u00f6rse planen wir einen Markt von Fans f\u00fcr Fans. Wir bieten damit eine Plattform f\u00fcr Sammler und Gleichgesinnte, um sich in einer doch eher ruhigen Zeit mit Freunden und Interessierten zu treffen\u201c, erkl\u00e4rt Projektleiterin Corinna Siegenthaler. Neben den H\u00e4ndlerst\u00e4nden zeigen Mitglieder des F\u00f6rdervereins der Technik Museen Sinsheim Speyer ihre Modelle und es sind Auktionen sowie Vortr\u00e4ge geplant. Cosplayer sind bei der Retrob\u00f6rse herzlich willkommen und erhalten an der Tageskasse im Kost\u00fcm eine Eintrittserm\u00e4\u00dfigung.<\/p>\n\n\n\n<p><em>Technik Museen Sinsheim Speyer<br>15.09.2023<\/em><\/p>\n\n\n\n<h2 class=\"wp-block-heading\">Motorrad-Wochenende im Technik Museum Sinsheim am 30.09. und 01.10.2023<\/h2>\n\n\n<div class=\"wp-block-image\">\n<figure class=\"aligncenter size-full\"><img decoding=\"async\" loading=\"lazy\" width=\"800\" height=\"580\" src=\"https:\/\/speyer24news.com\/wp-content\/uploads\/2023\/09\/Motorrad-Wochenende-Sinsheim-Quelle-TMSNHSP.jpg\" alt=\"\" class=\"wp-image-54219\" srcset=\"https:\/\/speyer24news.com\/wp-content\/uploads\/2023\/09\/Motorrad-Wochenende-Sinsheim-Quelle-TMSNHSP.jpg 800w, https:\/\/speyer24news.com\/wp-content\/uploads\/2023\/09\/Motorrad-Wochenende-Sinsheim-Quelle-TMSNHSP-300x218.jpg 300w, https:\/\/speyer24news.com\/wp-content\/uploads\/2023\/09\/Motorrad-Wochenende-Sinsheim-Quelle-TMSNHSP-768x557.jpg 768w\" sizes=\"(max-width: 800px) 100vw, 800px\" \/><figcaption class=\"wp-element-caption\">Super Stimmung und gute Gespr\u00e4che garantiert beim Motorrad Wochenende im TM Sinsheim.<br><em>Foto: TMSNHSP <\/em><\/figcaption><\/figure><\/div>\n\n\n<p><strong>Sinsheim &#8211;<\/strong> Ob NSU, Indian oder Harley Davidson &#8211; das Technik Museum Sinsheim widmet ein ganzes Wochenende dem Motorrad. Am 30. September und 01. Oktober trifft sich die Fangemeinde historischer und aktueller Maschinen auf dem Museumsfreigel\u00e4nde zur Pr\u00e4mierung, zum Feiern und Fachsimpeln.&nbsp;Von 9 bis 18 Uhr gibt es nicht nur f\u00fcr die&nbsp;Halter&nbsp;Vieles zu bestaunen \u2013 die Museumsbesucher k\u00f6nnen sich auf beeindruckende und blankpolierte Veteranen&nbsp;verschiedenster Marken und Baujahren&nbsp;&nbsp;freuen. Ein fachspezifischer Teilemarkt und eine bunte H\u00e4ndlermeile, ein kulinarisches Angebot sowie die beliebte Vorstellung der sch\u00f6nsten und seltensten Klassiker und deren Pr\u00e4mierung bilden seit Jahren die Highlights der Veranstaltung. \u201eThe Lucky Daredevils\u201c aus den Niederlanden f\u00fchren erneut ihre waghalsigen Stunts in der 80 Jahre alten, haushohen Holztrommel vor und begeistern die Fans. Sie erobern die Wall of Death sogar in einem Gokart. Am Tag zuvor, 29. September, bieten die Organisatoren eine gesellige Motorradausfahrt, begleitet durch den MOC Steinsberg e.V., mit anschlie\u00dfendem Abendessen an. Anmeldungen werden noch bis zum Mittwoch, 27. September entgegengenommen. Die M\u00f6glichkeit dazu sowie alle Informationen zum gro\u00dfen Motorradwochenende sind unter&nbsp;<a href=\"https:\/\/deref-web.de\/mail\/client\/c_QiJztOUK4\/dereferrer\/?redirectUrl=http%3A%2F%2Fwww.technik-museum.de%2Fmotorrad\" target=\"_blank\" rel=\"noreferrer noopener\">www.technik-museum.de\/motorrad<\/a>&nbsp;zu finden.<\/p>\n\n\n<div class=\"wp-block-image\">\n<figure class=\"aligncenter size-full\"><img decoding=\"async\" loading=\"lazy\" width=\"800\" height=\"534\" src=\"https:\/\/speyer24news.com\/wp-content\/uploads\/2023\/09\/Motorrad-Wochenende-Sinsheim-2-Quelle-TMSNHSP.jpg\" alt=\"\" class=\"wp-image-54220\" srcset=\"https:\/\/speyer24news.com\/wp-content\/uploads\/2023\/09\/Motorrad-Wochenende-Sinsheim-2-Quelle-TMSNHSP.jpg 800w, https:\/\/speyer24news.com\/wp-content\/uploads\/2023\/09\/Motorrad-Wochenende-Sinsheim-2-Quelle-TMSNHSP-300x200.jpg 300w, https:\/\/speyer24news.com\/wp-content\/uploads\/2023\/09\/Motorrad-Wochenende-Sinsheim-2-Quelle-TMSNHSP-768x513.jpg 768w\" sizes=\"(max-width: 800px) 100vw, 800px\" \/><figcaption class=\"wp-element-caption\">Alle Klassen und Typen sind gerne gesehen beim Motorradtreffen.<br><em>Foto: TMSNHSP <\/em><\/figcaption><\/figure><\/div>\n\n\n<p>Neu ab diesem Jahr gibt es zus\u00e4tzlich eine 2-Takt-Sause.&nbsp;Vom Mofa bis hin zum Roller \u2013 das Technik Museum Sinsheim hei\u00dft den motorisierten Nachwuchs beim gro\u00dfen Motorradwochenende willkommen. Schlie\u00dflich sind die jungen Moped-Fahrer von heute die Klassiker-Fahrer von morgen. Auf Wunsch k\u00f6nnen sie an einer Orientierungsfahrt partizipieren und Preise gewinnen.&nbsp;Das gro\u00dfe Motorradwochenende im Technik Museums Sinsheim bietet eine einzigartige Gelegenheit, die Geschichte des Motorradbaus und die neuesten technologischen Entwicklungen in der Motorradindustrie zu erkunden. Dieses Treffen vereint Motorradenthusiasten und Technikinteressierte in einer spannenden Umgebung, die Geschichte und Innovation miteinander verkn\u00fcpft.<\/p>\n\n\n\n<p><em>Technik Museen Sinsheim Speyer<br>14.09.2023<\/em><\/p>\n\n\n\n<h2 class=\"wp-block-heading\">350 Tonnen m\u00fcssen gedreht werden<\/h2>\n\n\n\n<h3 class=\"wp-block-heading\">Technik Museen Sinsheim Speyer \u00fcber die Drehung f\u00fcr den Weitertransport<\/h3>\n\n\n<div class=\"wp-block-image\">\n<figure class=\"aligncenter size-full\"><img decoding=\"async\" loading=\"lazy\" width=\"800\" height=\"577\" src=\"https:\/\/speyer24news.com\/wp-content\/uploads\/2023\/09\/244_U17_Technik-Museum-Speyer_22.05.23_09.jpg\" alt=\"\" class=\"wp-image-54221\" srcset=\"https:\/\/speyer24news.com\/wp-content\/uploads\/2023\/09\/244_U17_Technik-Museum-Speyer_22.05.23_09.jpg 800w, https:\/\/speyer24news.com\/wp-content\/uploads\/2023\/09\/244_U17_Technik-Museum-Speyer_22.05.23_09-300x216.jpg 300w, https:\/\/speyer24news.com\/wp-content\/uploads\/2023\/09\/244_U17_Technik-Museum-Speyer_22.05.23_09-768x554.jpg 768w\" sizes=\"(max-width: 800px) 100vw, 800px\" \/><figcaption class=\"wp-element-caption\">Hier wird die Drehung erstmals probiert: auf dem Gel\u00e4nde des TechnikMuseum Speyer.<br>Foto: TMSNHSP<\/figcaption><\/figure><\/div>\n\n\n<p><strong>Sinsheim\/Speyer &#8211; <\/strong>Ende September ist es endlich so weit: Die Drehvorrichtung f\u00fcr U17 wird<br>geliefert und das Drehen als entscheidenden Vorbereitung f\u00fcr den Weitertransport des U-Boots<br>getestet. Die Leihgabe der Wehrtechnischen Studiensammlung des Bundesamtes f\u00fcr<br>Ausr\u00fcstung, Informationstechnik und Nutzung der Bundeswehr (BAAINBw) soll, voraussichtlich<br>im Sommer 2024, vom Parkplatz des Technik Museum Speyer zum Schwestermuseum nach<br>Sinsheim transportiert werden. Da die Alte Br\u00fccke in Heidelberg und noch einige weitere<br>Neckarbr\u00fccken zu niedrig sind, muss das 350 t U-Boot vor der Durchfahrt um 90 Grad gedreht<br>werden.<\/p>\n\n\n<div class=\"wp-block-image\">\n<figure class=\"aligncenter size-full\"><img decoding=\"async\" loading=\"lazy\" width=\"800\" height=\"670\" src=\"https:\/\/speyer24news.com\/wp-content\/uploads\/2023\/09\/U-Boot-gekippt_3.jpg\" alt=\"\" class=\"wp-image-54222\" srcset=\"https:\/\/speyer24news.com\/wp-content\/uploads\/2023\/09\/U-Boot-gekippt_3.jpg 800w, https:\/\/speyer24news.com\/wp-content\/uploads\/2023\/09\/U-Boot-gekippt_3-300x251.jpg 300w, https:\/\/speyer24news.com\/wp-content\/uploads\/2023\/09\/U-Boot-gekippt_3-768x643.jpg 768w\" sizes=\"(max-width: 800px) 100vw, 800px\" \/><figcaption class=\"wp-element-caption\">Da die Alte Br\u00fccke in Heidelberg zu niedrig ist, muss das U-Boot vor der Durchfahrt um 90 Grad gedreht werden.<br><em>Foto: TMSNHSP<\/em><\/figcaption><\/figure><\/div>\n\n\n<p>Ob dieses Vorhaben gl\u00fccken wird, steht in den Sternen. Noch nie hat jemand ein solches<br>Unterfangen realisiert. Deshalb verlassen sich die Verantwortlichen der Technik Museen<br>Sinsheim Speyer hier auf ihren langj\u00e4hrigen Partner und Museumsmitglied Spedition K\u00fcbler<br>aus Schw\u00e4bisch Hall und auf die Spezialisten f\u00fcr Flusstransporte die Koninklijke Van der Wees<br>Gruppe aus Doordrecht in den Niederlanden. Den Raumgleiter Buran und die Boeing 747 hat<br>man schon gemeinsam transportiert, dabei viele H\u00fcrden und Herausforderungen bew\u00e4ltigt.<\/p>\n\n\n<div class=\"wp-block-image\">\n<figure class=\"aligncenter size-full\"><img decoding=\"async\" loading=\"lazy\" width=\"800\" height=\"600\" src=\"https:\/\/speyer24news.com\/wp-content\/uploads\/2023\/05\/U17-Tag-1-SP-27.jpg\" alt=\"\" class=\"wp-image-52120\" srcset=\"https:\/\/speyer24news.com\/wp-content\/uploads\/2023\/05\/U17-Tag-1-SP-27.jpg 800w, https:\/\/speyer24news.com\/wp-content\/uploads\/2023\/05\/U17-Tag-1-SP-27-300x225.jpg 300w, https:\/\/speyer24news.com\/wp-content\/uploads\/2023\/05\/U17-Tag-1-SP-27-768x576.jpg 768w, https:\/\/speyer24news.com\/wp-content\/uploads\/2023\/05\/U17-Tag-1-SP-27-678x509.jpg 678w, https:\/\/speyer24news.com\/wp-content\/uploads\/2023\/05\/U17-Tag-1-SP-27-326x245.jpg 326w, https:\/\/speyer24news.com\/wp-content\/uploads\/2023\/05\/U17-Tag-1-SP-27-80x60.jpg 80w\" sizes=\"(max-width: 800px) 100vw, 800px\" \/><figcaption class=\"wp-element-caption\">\u00dcbernehmen den Landtransport und die Drehung, die langj\u00e4hrigen Partner und Museumsmitglied Spedition K\u00fcbler aus Schw\u00e4bisch Hall. <br><em>Foto: Speyer 24 NEWS<\/em><\/figcaption><\/figure><\/div>\n\n\n<h4 class=\"wp-block-heading\">Die Verantwortlichen der Spedition K\u00fcbler und der Technik Museen Sinsheim Speyer haben<br>ihren Zeitplan ver\u00f6ffentlicht:<\/h4>\n\n\n\n<ul>\n<li><strong>Dienstag, 26. September: Positionieren der Drehvorrichtung unter U17<\/strong><\/li>\n\n\n\n<li><strong>Mittwoch 27. September, ab ca. 9 Uhr: Drehen des U-Boots<\/strong><\/li>\n<\/ul>\n\n\n\n<p>Da das U-Boot auf dem Parkplatz des Technik Museum Speyer steht, sind diese Arbeiten von<br>Interessierten gut zu beobachten, eventuelle Wartezeiten k\u00f6nnen mit den gastronomischen Angeboten des Museums \u00fcberbr\u00fcckt werden. \u00dcber die Dauer der einzelnen Arbeitsschritte k\u00f6nnen vorab keine Ausk\u00fcnfte gegeben werden.<\/p>\n\n\n\n<p><em>Technik Museen Sinsheim Speyer<br>11.09.2023<\/em><\/p>\n\n\n\n<h2 class=\"wp-block-heading\">Kostenfreies Fahrsicherheitstraining auf dem eigenen Motorrad<\/h2>\n\n\n\n<h3 class=\"wp-block-heading\">MotoGymkhana auf dem Gel\u00e4nde des Technik Museum Sinsheim<\/h3>\n\n\n<div class=\"wp-block-image\">\n<figure class=\"aligncenter size-full\"><img decoding=\"async\" loading=\"lazy\" width=\"800\" height=\"516\" src=\"https:\/\/speyer24news.com\/wp-content\/uploads\/2023\/09\/MotoGymkhana-1.jpeg\" alt=\"\" class=\"wp-image-54226\" srcset=\"https:\/\/speyer24news.com\/wp-content\/uploads\/2023\/09\/MotoGymkhana-1.jpeg 800w, https:\/\/speyer24news.com\/wp-content\/uploads\/2023\/09\/MotoGymkhana-1-300x194.jpeg 300w, https:\/\/speyer24news.com\/wp-content\/uploads\/2023\/09\/MotoGymkhana-1-768x495.jpeg 768w\" sizes=\"(max-width: 800px) 100vw, 800px\" \/><\/figure><\/div>\n\n\n<p><strong>Sinsheim &#8211; <\/strong>Ein U-Turn bei vollem Lenkanschlag und kratzender Fu\u00dfraste, maximale Beschleunigung gefolgt von hartem Bremsen in einen sechs Meter Kreis hinein oder ein 360 Grad-Turn auf kleinstem Raum. MotoGymkhana ist genau das Richtige f\u00fcr Biker, die ihre Fahrtechnik und Motorradbeherrschung effektiv und mit Spa\u00df verbessern wollen. Am Samstag, 23. September 2023, und in Kooperation mit dem MotoGymkhana Deutschland e.V., wird auf dem Gel\u00e4nde des Technik Museum Sinsheim bereits zum vierten Mal dieses besondere Sicherheitstraining stattfinden. Fahrer haben von 10 bis 18 Uhr die M\u00f6glichkeit, diese sportliche Variante des Motorradslaloms auszuprobieren. Die Teilnahme mit der eigenen Maschine am MotoGymkhana ist kostenfrei. Eine Voranmeldung ist nicht erforderlich. Mehr Informationen dazu gibt es unter\u00a0<a href=\"https:\/\/deref-web.de\/mail\/client\/7jWox_Tfocg\/dereferrer\/?redirectUrl=http%3A%2F%2Fwww.technik-museum.de%2Fsicherheitstraining\" target=\"_blank\" rel=\"noreferrer noopener\">www.technik-museum.de\/sicherheitstraining<\/a>.<\/p>\n\n\n\n<figure class=\"wp-block-image size-full\"><img decoding=\"async\" loading=\"lazy\" width=\"800\" height=\"610\" src=\"https:\/\/speyer24news.com\/wp-content\/uploads\/2023\/09\/MotoGymkhana-2.jpeg\" alt=\"\" class=\"wp-image-54228\" srcset=\"https:\/\/speyer24news.com\/wp-content\/uploads\/2023\/09\/MotoGymkhana-2.jpeg 800w, https:\/\/speyer24news.com\/wp-content\/uploads\/2023\/09\/MotoGymkhana-2-300x229.jpeg 300w, https:\/\/speyer24news.com\/wp-content\/uploads\/2023\/09\/MotoGymkhana-2-768x586.jpeg 768w, https:\/\/speyer24news.com\/wp-content\/uploads\/2023\/09\/MotoGymkhana-2-80x60.jpeg 80w\" sizes=\"(max-width: 800px) 100vw, 800px\" \/><\/figure>\n\n\n\n<p>Bereits im Fr\u00fchjahr 2023 begr\u00fc\u00dften die Museumsmacher die Teilnehmer zum Sicherheitstraining in Sinsheim. \u00dcber einen Dutzend Motorradfahrer nahmen daran teil. Nach einer kurzen Anweisung und Probefahrten auf einer gesonderten Fl\u00e4che ging es dann gruppenweise los. Dazwischen beantworteten die Organisatoren alle Fragen rund um MotoGymkhana und sonstige Sicherheitsaspekte. Diese hochenergetische und extrem dynamische Motorradsportart hat ihren Ursprung in den 70er Jahren in Japan. Im Wesentlichen geht es darum, einen Parcours aus farbigen Pylonen so schnell wie m\u00f6glich zu durchfahren und dabei die M\u00f6glichkeiten des Motorrads bis zu den physikalischen Grenzen auszureizen. Bei \u201eum Pylonen herumfahren\u201c, denken die meisten Motorradfahrer spontan an Fahrschule, Sicherheitstraining und langweilige Trocken\u00fcbungen f\u00fcr das \u201erichtige\u201c Fahren. MotoGymkhana fordert aber neben Konzentration Dynamik und ein hohes Ma\u00df an Kontrolle \u00fcber die eigene Maschine.<br>Falls dieser Termin nicht wahrgenommen werden kann \u2013 eine Woche sp\u00e4ter, am 31. September und 1. Oktober, gibt es beim gro\u00dfen Motorradwochenende nochmals die M\u00f6glichkeit, am kostenfreien Fahrsicherheitstraining teilzunehmen.<\/p>\n\n\n\n<p><em>Technik Museen Sinsheim Speyer<br>05.09.2023<\/em><\/p>\n\n\n\n<h2 class=\"wp-block-heading\">Lichtschwertvorf\u00fchrungen und Cosplay-Shows beim Science Fiction Treffen Speyer am 23. und 24. September 2023<\/h2>\n\n\n\n<h3 class=\"wp-block-heading\">Kost\u00fcm-Gruppen pr\u00e4sentieren ein buntes Programm von Fans f\u00fcr Fans<\/h3>\n\n\n<div class=\"wp-block-image\">\n<figure class=\"aligncenter size-full\"><img decoding=\"async\" loading=\"lazy\" width=\"800\" height=\"533\" src=\"https:\/\/speyer24news.com\/wp-content\/uploads\/2023\/09\/Cosplay-Parade-Science-Fiction-Treffen-Speyer_-Quelle-TMSP-1.jpg\" alt=\"\" class=\"wp-image-54230\" srcset=\"https:\/\/speyer24news.com\/wp-content\/uploads\/2023\/09\/Cosplay-Parade-Science-Fiction-Treffen-Speyer_-Quelle-TMSP-1.jpg 800w, https:\/\/speyer24news.com\/wp-content\/uploads\/2023\/09\/Cosplay-Parade-Science-Fiction-Treffen-Speyer_-Quelle-TMSP-1-300x200.jpg 300w, https:\/\/speyer24news.com\/wp-content\/uploads\/2023\/09\/Cosplay-Parade-Science-Fiction-Treffen-Speyer_-Quelle-TMSP-1-768x512.jpg 768w\" sizes=\"(max-width: 800px) 100vw, 800px\" \/><\/figure><\/div>\n\n\n<p><strong>Speyer &#8211;<\/strong> &nbsp;Am 23. und 24. September 2023 dreht sich im Technik Museum Speyer alles um die Themen Star Wars, Star Trek, Anime, Superhelden und Cosplay. Beim Science Fiction Treffen&nbsp;pr\u00e4sentieren sich die verschiedensten Fandoms und f\u00fcllen die Museumshallen mit Info- und Verkaufsst\u00e4nden. Es gibt Bastelaktionen im Bereich Lego und Modellbau sowie Fotopoints und Autogramme von Cosplayern. Die Kreativit\u00e4t der teilnehmenden Fan-Gruppen spiegelt sich vor allem im Programm wieder. Ob Opening-Show, Lichtschwertvorf\u00fchrung oder Cosplay-Parade \u2013 was viele nur aus Kino, Fernsehen oder Comics kennen, erwacht vor den eigenen Augen zum Leben. Unter&nbsp;<a href=\"https:\/\/deref-web.de\/mail\/client\/SCTSvgsyC-A\/dereferrer\/?redirectUrl=http%3A%2F%2Furl7821.technik-museum.de%2Fls%2Fclick%3Fupn%3DpsfSyrcYyJjyv2M1NAPIUHSS5hyResOop97owBYND8Pns8eeC8BpN1uo93eThtIzedDg3eNl6pFIibkyqzPSjg-3D-3D7Tpj_Hl-2BwoPNiiE5y-2BW9ZLRGh-2BuGHMyD7GGNSR50vkH5Gix5mfhRePH5mk9HbPEWjs-2FLy-2FaneoCseBlZM-2BtiYijdi58CXYPJ5gVAHXfI9xK18JXKZ7GLUWqAKoRRdqdNXD0xyEOWMr5wgG5ZK7hKg2zXECUIXA2QC8JBMzi3WdZVh-2FS6W623gwUe33uSShE2eHpqFNAUyhDITRsfwV5N-2B71l6vg-3D-3D\" target=\"_blank\" rel=\"noreferrer noopener\">www.technik-museum.de\/science-fiction-treffen<\/a>&nbsp;finden Interessierte &nbsp;alle Informationen und das Programm zur Veranstaltung. &nbsp;<\/p>\n\n\n<div class=\"wp-block-image\">\n<figure class=\"aligncenter size-full\"><img decoding=\"async\" loading=\"lazy\" width=\"800\" height=\"534\" src=\"https:\/\/speyer24news.com\/wp-content\/uploads\/2023\/09\/Opening-Show-Science-Fiction-Treffen-Speyer.jpg\" alt=\"\" class=\"wp-image-54229\" srcset=\"https:\/\/speyer24news.com\/wp-content\/uploads\/2023\/09\/Opening-Show-Science-Fiction-Treffen-Speyer.jpg 800w, https:\/\/speyer24news.com\/wp-content\/uploads\/2023\/09\/Opening-Show-Science-Fiction-Treffen-Speyer-300x200.jpg 300w, https:\/\/speyer24news.com\/wp-content\/uploads\/2023\/09\/Opening-Show-Science-Fiction-Treffen-Speyer-768x513.jpg 768w\" sizes=\"(max-width: 800px) 100vw, 800px\" \/><\/figure><\/div>\n\n\n<p>Die beliebte Opening-Show wie auch die Cosplay-Parade sind schon regelrecht Tradition. Direkt vor der Raumfahrthalle tummeln sich bereits fr\u00fch morgens Jedi, Storm Trooper oder Mandalorianer, die mit ihrem Schauspiel nicht nur bei den kleinen Fans f\u00fcr Begeisterung sorgen. Bei der Cosplay-Parade am Nachmittag ziehen rund 200 Kost\u00fcmtr\u00e4ger durchs Museum. Ordentlich nach Character des jeweiligen Universums aufgereiht, zeigen Erwachsene wie auch Kinder die Vielfalt des Hobbies. Beim gemeinsamen Gruppenbild vor dem U-Boot U9 haben Besucher die M\u00f6glichkeit, das Spektakel zu fotografieren. Geplant und durchgef\u00fchrt werden die Programmpunkte unter anderem durch die Fan-Gruppen Rebel Legion German Base Yavin und der German Garrison. \u201eEs macht uns sehr viel Spa\u00df die Programmpunkte einzustudieren und zu planen. Wir m\u00f6chten den Besuchern zeigen, wie vielseitig unsere Szene ist. Die Fandoms sind f\u00fcr uns alle mehr als nur ein Hobby, wir sind Teil einer gro\u00dfen, bunten Familie\u201c, schw\u00e4rmt Christoph Fournier der German Garrison.<\/p>\n\n\n<div class=\"wp-block-image\">\n<figure class=\"aligncenter size-full\"><img decoding=\"async\" loading=\"lazy\" width=\"800\" height=\"533\" src=\"https:\/\/speyer24news.com\/wp-content\/uploads\/2022\/08\/SciFi-Treffen-TM-SP-4.jpg\" alt=\"\" class=\"wp-image-48669\" srcset=\"https:\/\/speyer24news.com\/wp-content\/uploads\/2022\/08\/SciFi-Treffen-TM-SP-4.jpg 800w, https:\/\/speyer24news.com\/wp-content\/uploads\/2022\/08\/SciFi-Treffen-TM-SP-4-300x200.jpg 300w, https:\/\/speyer24news.com\/wp-content\/uploads\/2022\/08\/SciFi-Treffen-TM-SP-4-768x512.jpg 768w\" sizes=\"(max-width: 800px) 100vw, 800px\" \/><\/figure><\/div>\n\n\n<p>Neben dem klassischen Cosplay-Programm gibt es auch Fan-Gruppen, die sich dem Lichtschwert widmen, wie zum Beispiel das Team rund um Saberproject. Die Mitglieder zeigen bereits seit \u00fcber zehn Jahren Show-K\u00e4mpfe im Technik Museum. Was mit einer kurzen Vorf\u00fchrung vor einer Handvoll Besuchern begann, ist l\u00e4ngt zu einem professionellen Hobby herangereift. Choreographien, Kost\u00fcme und die Spezialeffekte haben mittlerweile schon fast Kino-Niveau erreicht. Neben den beliebten Shows stellt die Truppe auch ihren selbst produzierten Kurzfilm RISE OF THE LAST INTERN vor. Die als Fanfilm angelegte Produktion ist von Nerds f\u00fcr Nerds gemacht, geht dabei aber \u00fcber ein Amateurlevel hinaus. Kostenlose Tickets f\u00fcr das B\u00fchnenprogramm von Saberproject im FORUM Kino sind direkt an der Kasse erh\u00e4ltlich und nur in Kombination mit einer Eintrittskarte des Technik Museum Speyer buchbar. Das Kontingent ist je Show auf 350 Pl\u00e4tze begrenzt.<\/p>\n\n\n<div class=\"wp-block-image\">\n<figure class=\"aligncenter size-full\"><img decoding=\"async\" loading=\"lazy\" width=\"800\" height=\"545\" src=\"https:\/\/speyer24news.com\/wp-content\/uploads\/2022\/08\/SciFi-Treffen-TM-SP-2.jpg\" alt=\"\" class=\"wp-image-48667\" srcset=\"https:\/\/speyer24news.com\/wp-content\/uploads\/2022\/08\/SciFi-Treffen-TM-SP-2.jpg 800w, https:\/\/speyer24news.com\/wp-content\/uploads\/2022\/08\/SciFi-Treffen-TM-SP-2-300x204.jpg 300w, https:\/\/speyer24news.com\/wp-content\/uploads\/2022\/08\/SciFi-Treffen-TM-SP-2-768x523.jpg 768w\" sizes=\"(max-width: 800px) 100vw, 800px\" \/><\/figure><\/div>\n\n\n<p>Online-Tickets zum Science Fiction Treffen gibt es unter&nbsp;<a href=\"https:\/\/deref-web.de\/mail\/client\/qZCw6q6Eqs4\/dereferrer\/?redirectUrl=http%3A%2F%2Fwww.technik-museum.de%2Fscifi\" target=\"_blank\" rel=\"noreferrer noopener\">www.technik-museum.de\/scifi<\/a>. Besucher in Science-Fiction- oder Superhelden-Kost\u00fcmen erhalten an beiden Tagen direkt vor Ort einen Rabatt. Erm\u00e4\u00dfigungen f\u00fcr Besucher im Kost\u00fcm k\u00f6nnen im Onlineshop nicht gew\u00e4hrt werden. F\u00fcr das Sonderprogramm im FORUM Kino gibt es am 23. und 24. September begrenzt Tickets direkt an der Kasse.<\/p>\n\n\n\n<p><em>Technik Museen Sinsheim Speyer<br>30.08.2023<\/em><\/p>\n\n\n\n<h1 class=\"wp-block-heading has-text-align-center\">Historisches Museum der Pfalz, Speyer<\/h1>\n\n\n<div class=\"wp-block-image\">\n<figure class=\"aligncenter size-full\"><img decoding=\"async\" loading=\"lazy\" width=\"678\" height=\"213\" src=\"https:\/\/speyer24news.com\/wp-content\/uploads\/2020\/12\/Historisches-Museum-Speyer-Logo-678x213.png\" alt=\"\" class=\"wp-image-31878\" srcset=\"https:\/\/speyer24news.com\/wp-content\/uploads\/2020\/12\/Historisches-Museum-Speyer-Logo-678x213.png 678w, https:\/\/speyer24news.com\/wp-content\/uploads\/2020\/12\/Historisches-Museum-Speyer-Logo-678x213-300x94.png 300w\" sizes=\"(max-width: 678px) 100vw, 678px\" \/><\/figure><\/div>\n\n\n<h2 class=\"wp-block-heading\">Auf den Spuren K\u00f6nig Ludwigs I.<\/h2>\n\n\n\n<h3 class=\"wp-block-heading\">Neue Sonderausstellung im Historischen Museum der Pfalz ab dem 17. September ge\u00f6ffnet<\/h3>\n\n\n<div class=\"wp-block-image\">\n<figure class=\"aligncenter size-full\"><img decoding=\"async\" loading=\"lazy\" width=\"800\" height=\"565\" src=\"https:\/\/speyer24news.com\/wp-content\/uploads\/2023\/09\/Blick-in-die-Ausstellung-3.jpg\" alt=\"\" class=\"wp-image-54215\" srcset=\"https:\/\/speyer24news.com\/wp-content\/uploads\/2023\/09\/Blick-in-die-Ausstellung-3.jpg 800w, https:\/\/speyer24news.com\/wp-content\/uploads\/2023\/09\/Blick-in-die-Ausstellung-3-300x212.jpg 300w, https:\/\/speyer24news.com\/wp-content\/uploads\/2023\/09\/Blick-in-die-Ausstellung-3-768x542.jpg 768w\" sizes=\"(max-width: 800px) 100vw, 800px\" \/><\/figure><\/div>\n\n\n<p>K\u00f6nig Ludwig I. (1786\u2013 1868) ist vor allem als bayerischer Regent in Erinnerung geblieben. Dass er eine tiefe Verbundenheit zur heutigen Pfalz empfand und zahlreiche, bis heute sichtbare Spuren hinterlie\u00df, ist weit weniger bekannt. Mit der Ausstellung \u201eK\u00f6nig Ludwig I. \u2013 Sehnsucht Pfalz\u201c widmet sich das Historische Museum der Pfalz ab 17. September seinem Leben und Wirken als F\u00f6rderer von Kunst, Kultur und Wirtschaft. Die Schau setzt die Reihe kulturhistorischer Ausstellungen fort, die die regionale Geschichte der Pfalz in den europ\u00e4ischen Kontext stellt.<\/p>\n\n\n<div class=\"wp-block-image\">\n<figure class=\"aligncenter size-full\"><img decoding=\"async\" loading=\"lazy\" width=\"800\" height=\"534\" src=\"https:\/\/speyer24news.com\/wp-content\/uploads\/2023\/09\/Blick-in-die-Ausstellung-1.jpg\" alt=\"\" class=\"wp-image-54216\" srcset=\"https:\/\/speyer24news.com\/wp-content\/uploads\/2023\/09\/Blick-in-die-Ausstellung-1.jpg 800w, https:\/\/speyer24news.com\/wp-content\/uploads\/2023\/09\/Blick-in-die-Ausstellung-1-300x200.jpg 300w, https:\/\/speyer24news.com\/wp-content\/uploads\/2023\/09\/Blick-in-die-Ausstellung-1-768x513.jpg 768w\" sizes=\"(max-width: 800px) 100vw, 800px\" \/><\/figure><\/div>\n\n\n<p>Ludwig Karl August kam am 25. August 1786 in Stra\u00dfburg zur Welt, das Datum tr\u00e4gt bis heute den Namen \u201eLudwigstag\u201c. 1868 verstarb er in Nizza. Die Schau begleitet ihn \u00fcber seine Kindheit, die er in Mannheim und dem nahegelegenem Rohrbach verbrachte \u00fcber seine Regierungszeit bis zur Abdankung im Schicksalsjahr 1848. Dabei werden auch ganz private Themen wie seine Liebschaft mit der T\u00e4nzerin Lola Montez thematisiert.<\/p>\n\n\n<div class=\"wp-block-image\">\n<figure class=\"alignleft size-full\"><img decoding=\"async\" loading=\"lazy\" width=\"500\" height=\"750\" src=\"https:\/\/speyer24news.com\/wp-content\/uploads\/2023\/09\/Blick-in-die-Ausstellung-4.jpg\" alt=\"\" class=\"wp-image-54217\" srcset=\"https:\/\/speyer24news.com\/wp-content\/uploads\/2023\/09\/Blick-in-die-Ausstellung-4.jpg 500w, https:\/\/speyer24news.com\/wp-content\/uploads\/2023\/09\/Blick-in-die-Ausstellung-4-200x300.jpg 200w\" sizes=\"(max-width: 500px) 100vw, 500px\" \/><\/figure><\/div>\n\n\n<p>Bis heute zeugen Kulturdenkm\u00e4ler wie die klassizistische Villa Ludwigsh\u00f6he in Edenkoben von der engen Verbindung, die Ludwig I. zur Pfalz hegte, die seit 1816 zu Bayern geh\u00f6rte. In Speyer veranlasste der Regent die Ausmalung des Speyerer Doms im Stil der Nazarener. Wenig sp\u00e4ter beauftragte er die Errichtung des westlichen Querbaus mit den beiden Vordert\u00fcrmen. Ma\u00dfgeblich verantwortlich war er dar\u00fcber hinaus f\u00fcr den Ausbau der Industrie und schuf die erste Ost-West-Verbindung auf Schienen durch die Pfalz. Pioniere wie der Ingenieur Paul Camille Denis arbeiteten f\u00fcr ihn.<\/p>\n\n\n\n<p>Kunstwerke aus dem 18. und 19. Jahrhundert werden in der Ausstellung erg\u00e4nzt durch Ausz\u00fcge aus Gedichten, die Ludwig I. schrieb und aus Briefwechseln mit seinen Zeitgenossen.<\/p>\n\n\n\n<p>Multimediale Stationen und Video-Installationen nehmen das Museumspublikum mit auf eine Zeitreise. So treffen die G\u00e4ste beispielsweise auf ein \u00fcberdimensionales, animiertes Buch das in wechselnden Bildern und Texten von den politischen Entwicklungen zu Ludwigs Lebzeiten berichtet. In der \u201eGalerie der Sch\u00f6nheiten\u201c erfahren die Ausstellungsg\u00e4ste nicht nur Wissenswertes rund um die beginnende Frauenbewegung, sondern k\u00f6nnen sich selbst in eines der Gem\u00e4lde projizieren. Humorvoll und mit einem Augenzwinkern portr\u00e4tieren Carolin Matzko und der Zeichner Elias Hauck, beide bekannt unter anderem aus der BR-TV-Sendung \u201eRinglstetter\u201c, in zwei Comic-Videos den Monarchen und seine Geliebte \u201eLola Montez\u201c. Die Museumsapp bietet zur Ausstellung unter dem Titel \u201eBayerisches Speyer\u201c eine F\u00fchrung auf Ludwigs Spuren rund um den Domplatz. Eine der Stationen zeigt die Bavaria, die sich einst an der Ecke von Domplatz zu Kleiner Pfaffengasse befand.<\/p>\n\n\n<div class=\"wp-block-image\">\n<figure class=\"aligncenter size-full\"><img decoding=\"async\" loading=\"lazy\" width=\"800\" height=\"600\" src=\"https:\/\/speyer24news.com\/wp-content\/uploads\/2023\/09\/Blick-in-die-Ausstellung-2.jpg\" alt=\"\" class=\"wp-image-54218\" srcset=\"https:\/\/speyer24news.com\/wp-content\/uploads\/2023\/09\/Blick-in-die-Ausstellung-2.jpg 800w, https:\/\/speyer24news.com\/wp-content\/uploads\/2023\/09\/Blick-in-die-Ausstellung-2-300x225.jpg 300w, https:\/\/speyer24news.com\/wp-content\/uploads\/2023\/09\/Blick-in-die-Ausstellung-2-768x576.jpg 768w, https:\/\/speyer24news.com\/wp-content\/uploads\/2023\/09\/Blick-in-die-Ausstellung-2-678x509.jpg 678w, https:\/\/speyer24news.com\/wp-content\/uploads\/2023\/09\/Blick-in-die-Ausstellung-2-326x245.jpg 326w, https:\/\/speyer24news.com\/wp-content\/uploads\/2023\/09\/Blick-in-die-Ausstellung-2-80x60.jpg 80w\" sizes=\"(max-width: 800px) 100vw, 800px\" \/><\/figure><\/div>\n\n\n<p>Die Ausstellung steht unter der Schirmherrschaft Seiner K\u00f6niglichen Hoheit Herzog Franz von Bayern.<\/p>\n\n\n\n<p>Informationen zum Begleitprogramm mit Vortr\u00e4gen, F\u00fchrungen und Events finden sich auf der Museumshomepage unter&nbsp;<a href=\"https:\/\/deref-web.de\/mail\/client\/wG0WWT6Z1Uc\/dereferrer\/?redirectUrl=http%3A%2F%2Fwww.ludwig-ausstellung.de\" target=\"_blank\" rel=\"noreferrer noopener\">www.ludwig-ausstellung.de<\/a><\/p>\n\n\n\n<p><em>Historisches Museum der Pfalz Speyer<br>14.09.2023<\/em><\/p>\n\n\n\n<h1 class=\"wp-block-heading has-text-align-center\">Zoo Landau<\/h1>\n\n\n<div class=\"wp-block-image\">\n<figure class=\"aligncenter size-full\"><img decoding=\"async\" loading=\"lazy\" width=\"640\" height=\"480\" src=\"https:\/\/speyer24news.com\/wp-content\/uploads\/2020\/03\/Zoo-Landau-2.jpg\" alt=\"\" class=\"wp-image-25711\" srcset=\"https:\/\/speyer24news.com\/wp-content\/uploads\/2020\/03\/Zoo-Landau-2.jpg 640w, https:\/\/speyer24news.com\/wp-content\/uploads\/2020\/03\/Zoo-Landau-2-300x225.jpg 300w, https:\/\/speyer24news.com\/wp-content\/uploads\/2020\/03\/Zoo-Landau-2-326x245.jpg 326w, https:\/\/speyer24news.com\/wp-content\/uploads\/2020\/03\/Zoo-Landau-2-80x60.jpg 80w\" sizes=\"(max-width: 640px) 100vw, 640px\" \/><\/figure><\/div>\n\n\n<h2 class=\"wp-block-heading\">V e r a n s t a l t u n g s h i n w e i s: \u201eSchlange, Echse, Frosch und Co.\u201c<\/h2>\n\n\n\n<h3 class=\"wp-block-heading\">Erlebnisf\u00fchrung f\u00fcr die ganze Familie am Sonntag, 1. Oktober, um 11 Uhr<\/h3>\n\n\n<div class=\"wp-block-image\">\n<figure class=\"aligncenter size-full\"><img decoding=\"async\" loading=\"lazy\" width=\"800\" height=\"583\" src=\"https:\/\/speyer24news.com\/wp-content\/uploads\/2023\/09\/19-09-2023-Zoomeldung-Erlebnisfuehrung.jpg\" alt=\"\" class=\"wp-image-54205\" srcset=\"https:\/\/speyer24news.com\/wp-content\/uploads\/2023\/09\/19-09-2023-Zoomeldung-Erlebnisfuehrung.jpg 800w, https:\/\/speyer24news.com\/wp-content\/uploads\/2023\/09\/19-09-2023-Zoomeldung-Erlebnisfuehrung-300x219.jpg 300w, https:\/\/speyer24news.com\/wp-content\/uploads\/2023\/09\/19-09-2023-Zoomeldung-Erlebnisfuehrung-768x560.jpg 768w\" sizes=\"(max-width: 800px) 100vw, 800px\" \/><\/figure><\/div>\n\n\n<p>Einen ganz besonderen Einblick in die Welt der Reptilien und Amphibien bietet die Zooschule Landau am Sonntag, 1. Oktober, von 11 Uhr bis ca. 13 Uhr. Peter Buchert, Experte f\u00fcr die Haltung und Pflege von Tieren dieser Tierklassen, wird mit Unterst\u00fctzung von Lehrkr\u00e4ften der Zooschule Eltern, Gro\u00dfeltern und Kinder ab 6 Jahren auf einen Erlebnisrundgang durch den Zoo mitnehmen und Schlangen, Kaimane, Schildkr\u00f6ten und andere Tiere vorstellen.<\/p>\n\n\n\n<p>Dabei geht es auch um Fragen wie \u201eSind alle Schlangen gef\u00e4hrlich?\u201c, \u201eKann ich im eigenen Garten eine Schildkr\u00f6te halten?\u201c und \u201eWomit wird der Kaiman im Zoo Landau gef\u00fcttert?\u201c. Besondere Anschauungsobjekte, wie ein Schildkr\u00f6tenpanzer oder Schlangenhaut, machen die spannenden Informationen auch f\u00fcr Kinder \u201egreifbar\u201c. In der Zooschule k\u00f6nnen die Teilnehmerinnen und Teilnehmer gleich zu Beginn herausfinden, was Reptilien und Amphibien voneinander unterscheidet und die Terrarientiere der Zooschule kennenlernen. Die direkte Begegnung mit einem dieser Tiere stellt den besonderen H\u00f6hepunkt des erlebnisreichen Vormittags dar.<\/p>\n\n\n\n<p>Eine Anmeldung f\u00fcr die Familienf\u00fchrung ist zwingend erforderlich und kann ab sofort vormittags von 9 bis 12 Uhr in der Zooverwaltung telefonisch unter 0 63 41\/13 70 11 oder per Mail an <a href=\"mailto:zoo@landau.de\">zoo@landau.de<\/a> erfolgen.<br>Treffpunkt f\u00fcr die Familienf\u00fchrung ist am 1. Oktober um 10.45 Uhr an der Zookasse.<br>Veranstaltungspreis: 15 Euro (bis zu 5 Personen, jeder weitere Erwachsene 5,00 Euro, jedes weitere Kind 2.50 Euro) zuz\u00fcglich Zooeintritt.<br>Der Zoo beh\u00e4lt sich immer vor, Veranstaltungen u.a. witterungsbedingt abzusagen oder zeitlich abzuk\u00fcrzen.<\/p>\n\n\n\n<p><em>Stadtverwaltung Landau in der Pfalz \/ Zoo Landau<br>19.09.2023<\/em><\/p>\n\n\n\n<h1 class=\"wp-block-heading has-text-align-center\">Zoo Heidelberg<\/h1>\n\n\n<div class=\"wp-block-image\">\n<figure class=\"aligncenter size-full\"><img decoding=\"async\" loading=\"lazy\" width=\"800\" height=\"178\" src=\"https:\/\/speyer24news.com\/wp-content\/uploads\/2020\/03\/Zoo-Heidelberg.png\" alt=\"\" class=\"wp-image-25700\" srcset=\"https:\/\/speyer24news.com\/wp-content\/uploads\/2020\/03\/Zoo-Heidelberg.png 800w, https:\/\/speyer24news.com\/wp-content\/uploads\/2020\/03\/Zoo-Heidelberg-300x67.png 300w, https:\/\/speyer24news.com\/wp-content\/uploads\/2020\/03\/Zoo-Heidelberg-768x171.png 768w\" sizes=\"(max-width: 800px) 100vw, 800px\" \/><\/figure><\/div>\n\n\n<h2 class=\"wp-block-heading\">Kuscheln bei Familie Otter<\/h2>\n\n\n\n<h3 class=\"wp-block-heading\">Kurzkrallenotter im Zoo Heidelberg haben Nachwuchs bekommen<\/h3>\n\n\n<div class=\"wp-block-image\">\n<figure class=\"aligncenter size-full\"><img decoding=\"async\" loading=\"lazy\" width=\"800\" height=\"600\" src=\"https:\/\/speyer24news.com\/wp-content\/uploads\/2023\/09\/Zwergotterbabys_Aug_23_kl.jpg\" alt=\"\" class=\"wp-image-54223\" srcset=\"https:\/\/speyer24news.com\/wp-content\/uploads\/2023\/09\/Zwergotterbabys_Aug_23_kl.jpg 800w, https:\/\/speyer24news.com\/wp-content\/uploads\/2023\/09\/Zwergotterbabys_Aug_23_kl-300x225.jpg 300w, https:\/\/speyer24news.com\/wp-content\/uploads\/2023\/09\/Zwergotterbabys_Aug_23_kl-768x576.jpg 768w, https:\/\/speyer24news.com\/wp-content\/uploads\/2023\/09\/Zwergotterbabys_Aug_23_kl-678x509.jpg 678w, https:\/\/speyer24news.com\/wp-content\/uploads\/2023\/09\/Zwergotterbabys_Aug_23_kl-326x245.jpg 326w, https:\/\/speyer24news.com\/wp-content\/uploads\/2023\/09\/Zwergotterbabys_Aug_23_kl-80x60.jpg 80w\" sizes=\"(max-width: 800px) 100vw, 800px\" \/><\/figure><\/div>\n\n\n<p>Drei flauschige Otterbabys geh\u00f6ren seit dem 9. August zur Familienbande der<br>Kurzkrallenotter im Zoo Heidelberg. Sie sind noch zu klein, um mit ihren drei \u00e4lteren<br>Geschwistern herumzutollen. Hierf\u00fcr m\u00fcssen sie erst noch agiler werden. Solange werden<br>sie von der ganzen Familie umsorgt.<\/p>\n\n\n\n<figure class=\"wp-block-gallery has-nested-images columns-default is-cropped wp-block-gallery-1 is-layout-flex wp-block-gallery-is-layout-flex\">\n<figure class=\"wp-block-image size-large\"><img decoding=\"async\" loading=\"lazy\" width=\"800\" height=\"543\" data-id=\"54224\" src=\"https:\/\/speyer24news.com\/wp-content\/uploads\/2023\/09\/Zwergotter-kuscheln_kl.jpg\" alt=\"\" class=\"wp-image-54224\" srcset=\"https:\/\/speyer24news.com\/wp-content\/uploads\/2023\/09\/Zwergotter-kuscheln_kl.jpg 800w, https:\/\/speyer24news.com\/wp-content\/uploads\/2023\/09\/Zwergotter-kuscheln_kl-300x204.jpg 300w, https:\/\/speyer24news.com\/wp-content\/uploads\/2023\/09\/Zwergotter-kuscheln_kl-768x521.jpg 768w\" sizes=\"(max-width: 800px) 100vw, 800px\" \/><\/figure>\n\n\n\n<figure class=\"wp-block-image size-large\"><img decoding=\"async\" loading=\"lazy\" width=\"800\" height=\"543\" data-id=\"54225\" src=\"https:\/\/speyer24news.com\/wp-content\/uploads\/2023\/09\/Zwergotter_kl.jpg\" alt=\"\" class=\"wp-image-54225\" srcset=\"https:\/\/speyer24news.com\/wp-content\/uploads\/2023\/09\/Zwergotter_kl.jpg 800w, https:\/\/speyer24news.com\/wp-content\/uploads\/2023\/09\/Zwergotter_kl-300x204.jpg 300w, https:\/\/speyer24news.com\/wp-content\/uploads\/2023\/09\/Zwergotter_kl-768x521.jpg 768w\" sizes=\"(max-width: 800px) 100vw, 800px\" \/><\/figure>\n<\/figure>\n\n\n\n<p><em>Tiergarten Heidelberg gGmbH<br>08.09.2023<\/em><\/p>\n\n\n\n<h1 class=\"wp-block-heading has-text-align-center\">Wilhelma<br>Zoologisch-Botanischer Garten Stuttgart<\/h1>\n\n\n<div class=\"wp-block-image\">\n<figure class=\"aligncenter size-full\"><img decoding=\"async\" loading=\"lazy\" width=\"600\" height=\"264\" src=\"https:\/\/speyer24news.com\/wp-content\/uploads\/2020\/09\/Wilhelma-Logo.png\" alt=\"\" class=\"wp-image-30171\" srcset=\"https:\/\/speyer24news.com\/wp-content\/uploads\/2020\/09\/Wilhelma-Logo.png 600w, https:\/\/speyer24news.com\/wp-content\/uploads\/2020\/09\/Wilhelma-Logo-300x132.png 300w\" sizes=\"(max-width: 600px) 100vw, 600px\" \/><\/figure><\/div>\n\n\n<h2 class=\"wp-block-heading\">Chili-Ausstellung in der Wilhelma er\u00f6ffnet<\/h2>\n\n\n\n<h3 class=\"wp-block-heading\">Scharfe Fr\u00fcchtchen auf dem Pr\u00e4sentierteller<\/h3>\n\n\n<div class=\"wp-block-image\">\n<figure class=\"aligncenter size-full\"><img decoding=\"async\" loading=\"lazy\" width=\"500\" height=\"750\" src=\"https:\/\/speyer24news.com\/wp-content\/uploads\/2023\/09\/KW37b-Chili-Schau-15.09.2023-Bild-1.jpg\" alt=\"\" class=\"wp-image-54207\" srcset=\"https:\/\/speyer24news.com\/wp-content\/uploads\/2023\/09\/KW37b-Chili-Schau-15.09.2023-Bild-1.jpg 500w, https:\/\/speyer24news.com\/wp-content\/uploads\/2023\/09\/KW37b-Chili-Schau-15.09.2023-Bild-1-200x300.jpg 200w\" sizes=\"(max-width: 500px) 100vw, 500px\" \/><\/figure><\/div>\n\n\n<p>Nach den Sommerferien wird es in der Wilhelma richtig \u201ehot\u201c: \u00dcber 100 Chili-Sorten in einer beeindruckenden Farben- und Formenvielfalt werden derzeit im Wintergarten der historischen Gew\u00e4chshauszeile im Zoologisch-Botanischen Garten Stuttgart gezeigt.<\/p>\n\n\n<div class=\"wp-block-image\">\n<figure class=\"aligncenter size-full\"><img decoding=\"async\" loading=\"lazy\" width=\"800\" height=\"533\" src=\"https:\/\/speyer24news.com\/wp-content\/uploads\/2023\/09\/KW37b-Chili-Schau-15.09.2023-Bild-2.jpg\" alt=\"\" class=\"wp-image-54208\" srcset=\"https:\/\/speyer24news.com\/wp-content\/uploads\/2023\/09\/KW37b-Chili-Schau-15.09.2023-Bild-2.jpg 800w, https:\/\/speyer24news.com\/wp-content\/uploads\/2023\/09\/KW37b-Chili-Schau-15.09.2023-Bild-2-300x200.jpg 300w, https:\/\/speyer24news.com\/wp-content\/uploads\/2023\/09\/KW37b-Chili-Schau-15.09.2023-Bild-2-768x512.jpg 768w\" sizes=\"(max-width: 800px) 100vw, 800px\" \/><\/figure><\/div>\n\n\n<p>Vor allem aus den exotischen K\u00fcchen der Welt sind Chilis nicht wegzudenken:&nbsp;Jalape\u00f1os und Habaneros w\u00fcrzen Gerichte in Mexiko und S\u00fcdamerika, kleine gr\u00fcne und rote Schoten \u2013 die botanisch korrekt eigentlich Beeren sind \u2013 geben thail\u00e4ndischen Currys und dem indonesischen Sambal Oelek die richtige Sch\u00e4rfe. Aber auch in der Mittelmeerk\u00fcche sorgt das in den Nachtschattengew\u00e4chsen enthaltene Capsaicin f\u00fcr den entscheidenden Pfiff. Dabei gilt zumeist: Je hei\u00dfer die Region, desto sch\u00e4rfer sind die Gerichte. Was zun\u00e4chst paradox klingt \u2013 schlie\u00dflich heizen die scharfen Schoten ordentlich ein \u2013 dient letztlich aber der K\u00fchlung: Der durch den Chiligenuss hervorgerufene Schwei\u00dfausbruch hilft, die K\u00f6rpertemperatur zu senken.<\/p>\n\n\n<div class=\"wp-block-image\">\n<figure class=\"aligncenter size-full\"><img decoding=\"async\" loading=\"lazy\" width=\"800\" height=\"533\" src=\"https:\/\/speyer24news.com\/wp-content\/uploads\/2023\/09\/KW37b-Chili-Schau-15.09.2023-Bild-3.jpg\" alt=\"\" class=\"wp-image-54209\" srcset=\"https:\/\/speyer24news.com\/wp-content\/uploads\/2023\/09\/KW37b-Chili-Schau-15.09.2023-Bild-3.jpg 800w, https:\/\/speyer24news.com\/wp-content\/uploads\/2023\/09\/KW37b-Chili-Schau-15.09.2023-Bild-3-300x200.jpg 300w, https:\/\/speyer24news.com\/wp-content\/uploads\/2023\/09\/KW37b-Chili-Schau-15.09.2023-Bild-3-768x512.jpg 768w\" sizes=\"(max-width: 800px) 100vw, 800px\" \/><\/figure><\/div>\n\n\n<p>Urspr\u00fcnglich stammen Chili-Pflanzen aus S\u00fcdamerika. Die Wildformen, von denen auch einige in der Wilhelma gezeigt werden, haben kleine rote Fr\u00fcchte. Die \u00fcberbordende Palette an Farben und Formen, die vom milden Gem\u00fcsepaprika bis zur h\u00f6llisch scharfen Sorte \u201eCarolina Reaper\u201c reicht, wurde durch Z\u00fcchtungen hervorgebracht. Da gibt es gr\u00fcne, rote, gelbe, wei\u00dfe und auberginefarbene Sorten, lange Schoten, kleine Glocken, tropfenf\u00f6rmige Chilis und welche, die wie Elefantenr\u00fcssel aussehen. Schautafeln bei den Pflanzen, die in kleinen Gruppen zwischen Palmen und Farnen gezeigt werden, informieren \u00fcber Sch\u00e4rfegrad und Herkunft der einzelnen Sorten.<\/p>\n\n\n<div class=\"wp-block-image\">\n<figure class=\"aligncenter size-full\"><img decoding=\"async\" loading=\"lazy\" width=\"500\" height=\"750\" src=\"https:\/\/speyer24news.com\/wp-content\/uploads\/2023\/09\/KW37b-Chili-Schau-15.09.2023-Bild-4.jpg\" alt=\"\" class=\"wp-image-54210\" srcset=\"https:\/\/speyer24news.com\/wp-content\/uploads\/2023\/09\/KW37b-Chili-Schau-15.09.2023-Bild-4.jpg 500w, https:\/\/speyer24news.com\/wp-content\/uploads\/2023\/09\/KW37b-Chili-Schau-15.09.2023-Bild-4-200x300.jpg 200w\" sizes=\"(max-width: 500px) 100vw, 500px\" \/><\/figure><\/div>\n\n\n<p>Das Capsaicin, das am konzentriertesten in den feinen wei\u00dfen H\u00e4utchen im Inneren der Frucht vorkommt, an denen die Samen sitzen, reizt die Schmerzrezeptoren der Schleimh\u00e4ute und l\u00f6st so die Sch\u00e4rfeempfindung aus. Die Wilhelma-G\u00e4rtner*innen arbeiten deshalb mit Handschuhen und manchmal sogar mit Schutzbrillen, wenn sie mit den Paprikagew\u00e4chsen hantieren. Wer schon mal beim Kochen Chilis geschnitten und \u2013 trotz gr\u00fcndlichem H\u00e4ndewaschen \u2013 sp\u00e4ter ins Auge gefasst hat, wei\u00df warum. W\u00e4hrend S\u00e4ugetiere nicht scharf auf die feurig schmeckenden Fr\u00fcchtchen sind, finden V\u00f6gel die bunten Beeren \u00e4u\u00dferst lecker. Sie besitzen n\u00e4mlich keine Rezeptoren f\u00fcr die Sch\u00e4rfe und tragen zur Verbreitung bei, indem sie die Samen mit dem Kot ausscheiden. \u201eIn Papageienfutter sind oft Chili-Samen enthalten\u201c, wei\u00df G\u00e4rtner Marcus Hoffmann.<\/p>\n\n\n<div class=\"wp-block-image\">\n<figure class=\"aligncenter size-full\"><img decoding=\"async\" loading=\"lazy\" width=\"500\" height=\"750\" src=\"https:\/\/speyer24news.com\/wp-content\/uploads\/2023\/09\/KW37b-Chili-Schau-15.09.2023-Bild-5.jpg\" alt=\"\" class=\"wp-image-54211\" srcset=\"https:\/\/speyer24news.com\/wp-content\/uploads\/2023\/09\/KW37b-Chili-Schau-15.09.2023-Bild-5.jpg 500w, https:\/\/speyer24news.com\/wp-content\/uploads\/2023\/09\/KW37b-Chili-Schau-15.09.2023-Bild-5-200x300.jpg 200w\" sizes=\"(max-width: 500px) 100vw, 500px\" \/><\/figure><\/div>\n\n\n<p>Die meisten Chilipflanzen sind einj\u00e4hrig und werden von den Wilhelma-G\u00e4rtner*innen bereits im Januar ausges\u00e4t und herangezogen. Nur die Hochst\u00e4mmchen und die gr\u00f6\u00dferen Sorten, die sorgsam \u00fcberwintert werden, k\u00f6nnen mehrere Jahre alt werden. Erg\u00e4nzt wird die Ausstellung durch eine Auswahl von chilihaltigen Produkten, von der Currypaste bis zur w\u00fcrzigen Schokolade, die Chili enth\u00e4lt.<\/p>\n\n\n<div class=\"wp-block-image\">\n<figure class=\"aligncenter size-full\"><img decoding=\"async\" loading=\"lazy\" width=\"800\" height=\"533\" src=\"https:\/\/speyer24news.com\/wp-content\/uploads\/2023\/09\/KW37b-Chili-Schau-15.09.2023-Bild-6.jpg\" alt=\"\" class=\"wp-image-54212\" srcset=\"https:\/\/speyer24news.com\/wp-content\/uploads\/2023\/09\/KW37b-Chili-Schau-15.09.2023-Bild-6.jpg 800w, https:\/\/speyer24news.com\/wp-content\/uploads\/2023\/09\/KW37b-Chili-Schau-15.09.2023-Bild-6-300x200.jpg 300w, https:\/\/speyer24news.com\/wp-content\/uploads\/2023\/09\/KW37b-Chili-Schau-15.09.2023-Bild-6-768x512.jpg 768w\" sizes=\"(max-width: 800px) 100vw, 800px\" \/><\/figure><\/div>\n\n\n<p><em>Wilhelma<br>Zoologisch-Botanischer Garten Stuttgart<br>15.09.2023<\/em><\/p>\n","protected":false},"excerpt":{"rendered":"<div class=\"mh-excerpt\"><p>Kinder- und Jugendtheater Speyer Theater, Kabarett, Musik: Das 28. Kulturbeutel-Festival hat viel zu bieten Vom 30. September bis zum 14. Oktober 2023 verwandelt sich der Alte Stadtsaal wieder in eine gro\u00dfe Festivalb\u00fchne: Zum 28. Mal <a class=\"mh-excerpt-more\" href=\"https:\/\/speyer24news.com\/?p=54204\" title=\"Kultur \/ Veranstaltungen\">[&#8230;]<\/a><\/p>\n<\/div>","protected":false},"author":3,"featured_media":47039,"comment_status":"open","ping_status":"open","sticky":false,"template":"","format":"standard","meta":{"_monsterinsights_skip_tracking":false,"_monsterinsights_sitenote_active":false,"_monsterinsights_sitenote_note":"","_monsterinsights_sitenote_category":0,"footnotes":""},"categories":[14,13],"tags":[4018,16120,577,2200,12785,16520,16523,16521,16522,7737,992,133,1993,11824,141,584],"aioseo_notices":[],"amp_enabled":true,"_links":{"self":[{"href":"https:\/\/speyer24news.com\/index.php?rest_route=\/wp\/v2\/posts\/54204"}],"collection":[{"href":"https:\/\/speyer24news.com\/index.php?rest_route=\/wp\/v2\/posts"}],"about":[{"href":"https:\/\/speyer24news.com\/index.php?rest_route=\/wp\/v2\/types\/post"}],"author":[{"embeddable":true,"href":"https:\/\/speyer24news.com\/index.php?rest_route=\/wp\/v2\/users\/3"}],"replies":[{"embeddable":true,"href":"https:\/\/speyer24news.com\/index.php?rest_route=%2Fwp%2Fv2%2Fcomments&post=54204"}],"version-history":[{"count":2,"href":"https:\/\/speyer24news.com\/index.php?rest_route=\/wp\/v2\/posts\/54204\/revisions"}],"predecessor-version":[{"id":54233,"href":"https:\/\/speyer24news.com\/index.php?rest_route=\/wp\/v2\/posts\/54204\/revisions\/54233"}],"wp:featuredmedia":[{"embeddable":true,"href":"https:\/\/speyer24news.com\/index.php?rest_route=\/wp\/v2\/media\/47039"}],"wp:attachment":[{"href":"https:\/\/speyer24news.com\/index.php?rest_route=%2Fwp%2Fv2%2Fmedia&parent=54204"}],"wp:term":[{"taxonomy":"category","embeddable":true,"href":"https:\/\/speyer24news.com\/index.php?rest_route=%2Fwp%2Fv2%2Fcategories&post=54204"},{"taxonomy":"post_tag","embeddable":true,"href":"https:\/\/speyer24news.com\/index.php?rest_route=%2Fwp%2Fv2%2Ftags&post=54204"}],"curies":[{"name":"wp","href":"https:\/\/api.w.org\/{rel}","templated":true}]}}