{"id":54513,"date":"2023-09-29T13:23:03","date_gmt":"2023-09-29T12:23:03","guid":{"rendered":"https:\/\/speyer24news.com\/?p=54513"},"modified":"2023-09-29T13:27:08","modified_gmt":"2023-09-29T12:27:08","slug":"polizeimeldungen-donnerstag-28-08-23","status":"publish","type":"post","link":"https:\/\/speyer24news.com\/?p=54513","title":{"rendered":"Polizeimeldungen Donnerstag (28.08.23)"},"content":{"rendered":"<style type=\"text\/css\">\r\n\t.ads_top_disp{}\r\n\t.ads_top_corner_disp{ float:left; margin:0px 10px 10px 0px; }\r\n\t.ads_first_p_disp{}\r\n\t.ads_bottom_disp{}\r\n\t<\/style>\n<h2 class=\"wp-block-heading\">Polizeimeldungen vom Donnerstag (28.08.2023)<\/h2>\n\n\n<div class=\"wp-block-image\">\n<figure class=\"aligncenter size-full\"><img decoding=\"async\" loading=\"lazy\" width=\"375\" height=\"500\" src=\"https:\/\/speyer24news.com\/wp-content\/uploads\/2022\/03\/Aktuelles-Polizeilogo.jpg\" alt=\"\" class=\"wp-image-43591\" srcset=\"https:\/\/speyer24news.com\/wp-content\/uploads\/2022\/03\/Aktuelles-Polizeilogo.jpg 375w, https:\/\/speyer24news.com\/wp-content\/uploads\/2022\/03\/Aktuelles-Polizeilogo-225x300.jpg 225w\" sizes=\"(max-width: 375px) 100vw, 375px\" \/><\/figure><\/div>\n\n\n<h2 class=\"wp-block-heading\">(Speyer) &#8211; Kellerabteil aufgebrochen<\/h2>\n\n\n\n<p>Bislang unbekannte T\u00e4ter verschafften sich in der Zeit vom 26.09.2023, 18:00 Uhr bis zum 27.09.2023, 15:45 Uhr Zutritt zu Tiefgaragen in der Windthorststra\u00dfe und brachen dort ein Kellerabteil auf. Nach derzeitigem Ermittlungsstand entwendeten der oder die T\u00e4ter eine Tauchs\u00e4ge und einen Elektroroller. Ein zweites Abteil wurde von den T\u00e4tern angegangen, konnte aber nicht ge\u00f6ffnet werden. Es entstand ein Schaden in H\u00f6he von 1220 EUR.<\/p>\n\n\n\n<ul>\n<li><strong>Wer hat zur oben genannten Zeit im Bereich der Windthorststra\u00dfe etwas beobachtet oder kann sonst sachdienliche Hinweise geben? Zeugen werden gebeten, ihre Wahrnehmungen der Polizei Speyer telefonisch oder per E-Mail mitzuteilen (Tel. 06232 \/ 137-0, E-Mail an&nbsp;<a href=\"mailto:%20pispeyer@polizei.rlp.de\">pispeyer@polizei.rlp.de<\/a><\/strong>).<\/li>\n<\/ul>\n\n\n\n<h2 class=\"wp-block-heading\">(Speyer) &#8211; Taxifahrer beklaut<\/h2>\n\n\n\n<p>Am 27.09.2023 gegen 09.30 Uhr nahm ein 43-j\u00e4hriger Taxifahrer zwei M\u00e4nner am Bahnhof in Speyer auf und fuhr sie in die Auestra\u00dfe. Der bislang unbekannte Zeuge bezahlte und stieg aus. Der 18-j\u00e4hrige zweite Mann entwendete aus der Mittelkonsole einen niedrigen zweistelligen Bargeldbetrag und Airpods und stieg ebenfalls aus. Als der Taxifahrer seine Sachen zur\u00fcckforderte, bedrohte ihn der 18-J\u00e4hrige und fl\u00fcchtete anschlie\u00dfend in Richtung Wormser Landstra\u00dfe. Aufgrund der detaillierten Personenbeschreibung konnte der Tatverd\u00e4chtige im Rahmen der Nahbereichsfahndung festgestellt und kontrolliert werden. Bei der Durchsuchung fanden die Beamten die gestohlenen Airpods. Ein freiwillig durchgef\u00fchrter Alkoholtest ergab einen Wert von 1,98 Promille und der Mann machte den Eindruck, unter dem Einfluss von Bet\u00e4ubungsmitteln zu stehen. Er wurde zur erkennungsdienstlichen Behandlung und Blutentnahme mit auf die Dienststelle genommen.<\/p>\n\n\n\n<h2 class=\"wp-block-heading\">(Speyer) &#8211; Tatverd\u00e4chtiger einer Sachbesch\u00e4digungsserie ermittelt<\/h2>\n\n\n\n<h3 class=\"wp-block-heading\">Gemeinsame Presseerkl\u00e4rung der Staatsanwaltschaft Frankenthal (Pfalz) und der Polizeiinspektion Speyer<\/h3>\n\n\n\n<h3 class=\"wp-block-heading\">Nachtrag zu den Pressemeldungen:&nbsp;<a href=\"https:\/\/s.rlp.de\/VwSKL\" target=\"_blank\" rel=\"noreferrer noopener\">https:\/\/s.rlp.de\/VwSKL<\/a>&nbsp;und&nbsp;<a href=\"https:\/\/s.rlp.de\/5EA3T\" target=\"_blank\" rel=\"noreferrer noopener\">https:\/\/s.rlp.de\/5EA3T<\/a><\/h3>\n\n\n\n<figure class=\"wp-block-image size-full\"><img decoding=\"async\" loading=\"lazy\" width=\"800\" height=\"611\" src=\"https:\/\/speyer24news.com\/wp-content\/uploads\/2022\/08\/Anschlag-Gruenenbuero-Speyer-2.8.22.jpg\" alt=\"\" class=\"wp-image-47819\" srcset=\"https:\/\/speyer24news.com\/wp-content\/uploads\/2022\/08\/Anschlag-Gruenenbuero-Speyer-2.8.22.jpg 800w, https:\/\/speyer24news.com\/wp-content\/uploads\/2022\/08\/Anschlag-Gruenenbuero-Speyer-2.8.22-300x229.jpg 300w, https:\/\/speyer24news.com\/wp-content\/uploads\/2022\/08\/Anschlag-Gruenenbuero-Speyer-2.8.22-768x587.jpg 768w, https:\/\/speyer24news.com\/wp-content\/uploads\/2022\/08\/Anschlag-Gruenenbuero-Speyer-2.8.22-80x60.jpg 80w\" sizes=\"(max-width: 800px) 100vw, 800px\" \/><\/figure>\n\n\n\n<p>Im Zeitraum von Ende Juni 2022 bis Ende April 2023 wurde an einem Parteib\u00fcro in der Armbruststra\u00dfe mehrfach eine Fensterscheibe besch\u00e4digt. Nach intensiven und umfangreichen Ermittlungen von Staatsanwaltschaft Frankenthal und Polizei Speyer konnte ein 77-j\u00e4hriger Tatverd\u00e4chtiger ermittelt werden. Im Auftrag der Staatsanwaltschaft durchsuchten Polizeikr\u00e4fte die Wohnung des Mannes. Bei der Durchsuchung fanden die Beamten unter anderem eine Zwille und Stahlkugeln. Der 77-J\u00e4hrige hat eine Tat gegen\u00fcber der Staatsanwaltschaft einger\u00e4umt.<\/p>\n\n\n\n<h2 class=\"wp-block-heading\">(Dienstgebiet PI Schifferstadt) &#8211; Infost\u00e4nde zum Thema Einbruchsschutz<\/h2>\n\n\n<div class=\"wp-block-image\">\n<figure class=\"aligncenter size-full\"><img decoding=\"async\" loading=\"lazy\" width=\"800\" height=\"601\" src=\"https:\/\/speyer24news.com\/wp-content\/uploads\/2019\/11\/InfotruckEinbruchschutzLKA.jpg.jpg\" alt=\"\" class=\"wp-image-22240\" srcset=\"https:\/\/speyer24news.com\/wp-content\/uploads\/2019\/11\/InfotruckEinbruchschutzLKA.jpg.jpg 800w, https:\/\/speyer24news.com\/wp-content\/uploads\/2019\/11\/InfotruckEinbruchschutzLKA.jpg-300x225.jpg 300w, https:\/\/speyer24news.com\/wp-content\/uploads\/2019\/11\/InfotruckEinbruchschutzLKA.jpg-768x577.jpg 768w, https:\/\/speyer24news.com\/wp-content\/uploads\/2019\/11\/InfotruckEinbruchschutzLKA.jpg-678x509.jpg 678w, https:\/\/speyer24news.com\/wp-content\/uploads\/2019\/11\/InfotruckEinbruchschutzLKA.jpg-326x245.jpg 326w, https:\/\/speyer24news.com\/wp-content\/uploads\/2019\/11\/InfotruckEinbruchschutzLKA.jpg-80x60.jpg 80w\" sizes=\"(max-width: 800px) 100vw, 800px\" \/><figcaption class=\"wp-element-caption\">Infotruck Einbruchschutz LKA<\/figcaption><\/figure><\/div>\n\n\n<p>Zu Beginn der &#8222;dunklen Jahreszeit&#8220; veranstaltet die Polizeiinspektion Schifferstadt zusammen mit Experten der Zentralen Pr\u00e4vention Informationsst\u00e4nde in mehreren Gemeinden zum Thema Einbruchsschutz. B\u00fcrgerinnen und B\u00fcrger sollen bez\u00fcglich dem Thema Einbruchspr\u00e4vention sensibilisiert werden. <\/p>\n\n\n\n<h3 class=\"wp-block-heading\">An folgenden Tagen finden die Informationsst\u00e4nde jeweils von 09:15 Uhr bis 12:00 Uhr statt:<\/h3>\n\n\n\n<ul>\n<li><strong>Donnerstag, 05.10.2023, Wochenmarkt in Limburgerhof (Burgunderplatz)<\/strong><\/li>\n\n\n\n<li><strong>Freitag, 06.10.2023, Wochenmarkt in Mutterstadt (Neue Pforte)<\/strong><\/li>\n\n\n\n<li><strong>Montag, 09.10.2023, Waldsee (Parkplatz vor dem Wasgau-Markt)<\/strong><\/li>\n\n\n\n<li><strong>Mittwoch, 11.10.2023, B\u00f6hl-Iggelheim (Parkplatz vor dem Wasgau-Markt)<\/strong><\/li>\n\n\n\n<li><strong>Freitag, 13.10.2023, Dannstadt-Schauernheim (Parkplatz vor dem EDEKA-Markt)<\/strong><\/li>\n<\/ul>\n\n\n\n<h2 class=\"wp-block-heading\">(Schifferstadt) &#8211; Kontrollstelle<\/h2>\n\n\n\n<p>Am Mittwoch zwischen 09:00 Uhr und 15:00 Uhr wurden im Dienstgebiet der Polizei Schifferstadt drei Kontrollstellen eingerichtet. Auf der L528 zwischen B\u00f6hl und Iggelheim, auf H\u00f6he der Lessingstra\u00dfe, kam es zu einem Geschwindigkeitsversto\u00df. Auf der K30 zwischen Schifferstadt und Waldsee kam es zu sieben Geschwindigkeitsverst\u00f6\u00dfen. An beiden Kontroll\u00f6rtlichkeiten liegt die Geschwindigkeitsbegrenzung bei 70km\/h. Die gemessene H\u00f6chstgeschwindigkeit lag bei 89 km\/h. Nach Abzug der Toleranz liegt ein Bu\u00dfgeld in einer H\u00f6he von 60EUR zugrunde. Eine weitere Kontrollstelle wurde in der Hauptstra\u00dfe in Schifferstadt eingerichtet. Hier kam es zu f\u00fcnf Handyverst\u00f6\u00dfen, sechs Gurtverst\u00f6\u00dfen, einem Ladungsversto\u00df sowie einem Versto\u00df nach dem Pflichtversicherungsgesetz, da am E-Scooter kein Versicherungskennzeichen angebracht war. Ordnungswidrigkeitenverfahren sowie ein Ermittlungsverfahren wurden eingeleitet.<\/p>\n\n\n\n<h2 class=\"wp-block-heading\">(A 61 \/ Schifferstadt) &#8211; Katalysatoren aufgefunden<\/h2>\n\n\n\n<p>Am 27.09.2023, gegen 11:45 Uhr, konnten im Rahmen einer Verkehrskontrolle eines Transporters auf der BAB 61, H\u00f6he Schifferstadt, unter den augenscheinlich geladenen Sperrm\u00fcllartikel Katalysatoren und Innenfilter von Katalysatoren aufgefunden und sichergestellt werden. Alleine die Innenfilter ergeben einen gesch\u00e4tzten Gesamtwert von 25.000,- EUR. Gegen die drei Fahrzeuginsassen (21, 27 und 29 Jahre) wird nun wegen Diebstahl an Kraftfahrzeugen (Teile) in mehreren F\u00e4llen ermittelt.<\/p>\n\n\n\n<h2 class=\"wp-block-heading\">(Mutterstadt) &#8211; Verkehrsunfall mit umgekipptem Traktorgespann<\/h2>\n\n\n\n<p>Am Mittwochvormittag gegen 09:00 Uhr kam ein 24-J\u00e4hriger mit seinem Traktorgespann vom landwirtschaftlichen Weg im Bereich des Pfalzmarktes ab. Der Anh\u00e4nger, der mit 16 Erntehelfern besetzt war, kippte in eine B\u00f6schung. Sechs Erntearbeiter wurden teilweise schwer verletzt und ins Krankenhaus eingeliefert. Der Halter k\u00fcmmerte sich selbstst\u00e4ndig um die Bergung des Traktorgespanns. Am Traktorgespann entstand Sachschaden.<\/p>\n\n\n\n<h2 class=\"wp-block-heading\">(Germersheim) &#8211; Aktuelle Warnmeldung der Polizeidirektion Landau<\/h2>\n\n\n<div class=\"wp-block-image\">\n<figure class=\"aligncenter size-full\"><img decoding=\"async\" loading=\"lazy\" width=\"578\" height=\"572\" src=\"https:\/\/speyer24news.com\/wp-content\/uploads\/2021\/10\/Telefonbetrug-geschnitten.jpg\" alt=\"\" class=\"wp-image-41297\" srcset=\"https:\/\/speyer24news.com\/wp-content\/uploads\/2021\/10\/Telefonbetrug-geschnitten.jpg 578w, https:\/\/speyer24news.com\/wp-content\/uploads\/2021\/10\/Telefonbetrug-geschnitten-300x297.jpg 300w\" sizes=\"(max-width: 578px) 100vw, 578px\" \/><\/figure><\/div>\n\n\n<p>Aktuelle Warnmeldung der Polizeidirektion Landau Die Polizeidirektion Landau m\u00f6chte Sie darauf hinweisen, dass es aktuell im Bereich Kreisverwaltung Germersheim vermehrt zu Anrufen bei \u00e4lteren Menschen kommt, bei denen es sich um Betrugsversuche im Bereich Schockanrufe handeln k\u00f6nnte.<\/p>\n\n\n\n<ul>\n<li><strong>Geben Sie am Telefon keine Auskunft \u00fcber Ihre pers\u00f6nlichen und finanziellen Verh\u00e4ltnisse oder andere sensible Daten.<\/strong><\/li>\n\n\n\n<li><strong>\u00d6ffnen Sie unbekannten Personen nicht die T\u00fcr. Ziehen Sie gegebenenfalls eine Vertrauensperson hinzu, z. B. Nachbarn oder nahe Verwandte.<\/strong><\/li>\n\n\n\n<li><strong>\u00dcbergeben Sie unbekannten Personen kein Geld oder Wertsachen.<\/strong><\/li>\n<\/ul>\n\n\n\n<ul>\n<li><strong>Wenden Sie sich an das \u00f6rtliche Polizeirevier. Erz\u00e4hlen Sie der Polizei von den Anrufen. Die Polizeidirektion Landau ist f\u00fcr Sie da! Telefonnummer: 06341-287-0.<\/strong><\/li>\n<\/ul>\n\n\n\n<h2 class=\"wp-block-heading\">(Kandel) &#8211; Ladung nicht gesichert<\/h2>\n\n\n\n<p>Bei Verkehrskontrollen in Kandel in der Marktstra\u00dfe am 27.09.23 zwischen 08.00h und 08.15h wurden zwei LKW-Fahrer belangt, weil sie nicht bzw. mangelhaft gesicherte Ladung transportierten. Im ersten Fall wurde Sch\u00fcttgut ohne Sicherungsplane transportiert, im zweiten Fall waren Arbeitsger\u00e4te und Ger\u00fcstteile mit notd\u00fcrftigen Vorrichtungen gesichert. In beiden F\u00e4llen wurde vorschriftsm\u00e4\u00dfiges Sicherungsmaterial im LKW mitgef\u00fchrt, aber nicht eingesetzt. Die Fahrer mussten ihre Ladung vor Ort nachsichern. Gegen die Fahrer wurde ein Bu\u00dfgeld in H\u00f6he von 60 Euro erhoben.<\/p>\n\n\n\n<h2 class=\"wp-block-heading\">(Bad Bergzabern) &#8211; Erneute Geldkasse entwendet<\/h2>\n\n\n\n<p>Von einem K\u00fcrbis-Verkaufsanh\u00e4nger in der Kapeller Stra\u00dfe wurde in der Nacht von Dienstag\/Mittwoch, 26.\/27.09.23, erneut die Geldkasse entwendet. Ein in der Nacht zuvor von dem Anh\u00e4nger entwendeter Tresor wurde zwischenzeitlich zwischen Bad Bergzabern und Kapellen-Drusweiler aufgefunden. <\/p>\n\n\n\n<ul>\n<li><strong>Zeugen werden gebeten sich unter 06343\/93340 oder&nbsp;<a href=\"mailto:%20pibadbergzabern@polizei.rlp.de\">pibadbergzabern@polizei.rlp.de<\/a>&nbsp;mit der Polizeiinspektion Bad Bergzabern in Verbindung zu setzen.<\/strong><\/li>\n<\/ul>\n\n\n\n<h2 class=\"wp-block-heading\">(L 493 \/ Vorderweidenthal) &#8211; \u00dcberm\u00fcdete Pkw-Fahrerin gegen Baum geprallt<\/h2>\n\n\n<div class=\"wp-block-image\">\n<figure class=\"aligncenter size-full\"><img decoding=\"async\" loading=\"lazy\" width=\"800\" height=\"601\" src=\"https:\/\/speyer24news.com\/wp-content\/uploads\/2023\/09\/VUVorderweidenthal.jpg\" alt=\"\" class=\"wp-image-54514\" srcset=\"https:\/\/speyer24news.com\/wp-content\/uploads\/2023\/09\/VUVorderweidenthal.jpg 800w, https:\/\/speyer24news.com\/wp-content\/uploads\/2023\/09\/VUVorderweidenthal-300x225.jpg 300w, https:\/\/speyer24news.com\/wp-content\/uploads\/2023\/09\/VUVorderweidenthal-768x577.jpg 768w, https:\/\/speyer24news.com\/wp-content\/uploads\/2023\/09\/VUVorderweidenthal-678x509.jpg 678w, https:\/\/speyer24news.com\/wp-content\/uploads\/2023\/09\/VUVorderweidenthal-326x245.jpg 326w, https:\/\/speyer24news.com\/wp-content\/uploads\/2023\/09\/VUVorderweidenthal-80x60.jpg 80w\" sizes=\"(max-width: 800px) 100vw, 800px\" \/><figcaption class=\"wp-element-caption\">Unfallbild<\/figcaption><\/figure><\/div>\n\n\n<p>Am Donnerstag, 28.09.23, gegen 00:40 Uhr, befuhr die Fahrerin eines Pkw Mercedes die L 493 von Klingenm\u00fcnster in Richtung Vorderweidenthal. Die 31-j\u00e4hrige Fahrerin kam auf H\u00f6he des Friedhofs, aufgrund von \u00dcberm\u00fcdung, nach links von der Fahrbahn ab und prallte gegen einen Baum. Die Schwerverletzte wurde durch den Rettungsdienst in ein Krankenhaus verbracht. An dem Pkw entstand ein erheblicher Sachschaden.<\/p>\n\n\n\n<h2 class=\"wp-block-heading\">(Edesheim) &#8211; Alkoholfahne<\/h2>\n\n\n\n<p>In der Eisenbahnstra\u00dfe wurde am Mittwochabend (27.09.2023, 20.40 Uhr) ein 53 Jahre alter Tiguanfahrer angehalten und kontrolliert. Seinen Angaben zufolge hatte er keine alkoholischen Getr\u00e4nke konsumiert. Da allerdings eine starke Alkoholfahne festgesellt werden konnte, wurde der Mann zum Test gebeten. Weil dieser 0,46 Promille ergab, musste er das Steuer seiner Begleiterin \u00fcbergeben. Ihm wurde die Weiterfahrt untersagt.<\/p>\n\n\n\n<h2 class=\"wp-block-heading\">(Edenkoben) &#8211; Autofahrerin gef\u00e4hrdet 13-J\u00e4hrigen<\/h2>\n\n\n\n<p>Auf dem Feldweg zwischen Maikammer und Edenkoben kam es bereits am vergangenen Montag (25.09.2023, 07.45 Uhr) zu einer Verkehrssituation, bei der eine noch bislang unbekannte Autofahrerin einen 13-j\u00e4hrigen Fahrradfahrer, der sich auf dem Schulweg befand, gef\u00e4hrdete. In H\u00f6he des Steintisches sei die Unbekannte dem Radfahrer mit \u00fcberh\u00f6hter Geschwindigkeit entgegengekommen, weshalb er dank seiner schnellen Reaktion abbremsen und noch ausweichen konnte, ansonsten w\u00e4re es zu einem Zusammensto\u00df gekommen. Die Autofahrerin, die ein M\u00e4dchen auf dem Beifahrersitz hatte, machte sich anschlie\u00dfend aus dem Staub. Ein Zeuge beobachtete den Vorfall, notierte sich das Kennzeichen und teilte es dem Sch\u00fcler mit. Erst Mittwoch wurde eine Strafanzeige bei der Polizei erstattet. Anhand des Kennzeichens wird nun die Fahrerin wegen einer Stra\u00dfenverkehrsgef\u00e4hrdung ermittelt. <\/p>\n\n\n\n<ul>\n<li><strong>Zeugen, die Hinweise zu der Fahrerin geben k\u00f6nnen, werden gebeten, sich mit der Polizei Edenkoben unter der Telefonnummer 06323 9550 in Verbindung zu setzen. <\/strong><\/li>\n<\/ul>\n\n\n\n<p>Derzeit wird der Feldweg verbotswidrig wegen einer bestehenden Baustelle auf der L 512 zwischen Maikammer und Edenkoben von Autofahrern benutzt. Die Polizei wird entsprechende Kontrollen durchf\u00fchren.<\/p>\n\n\n\n<h2 class=\"wp-block-heading\">(Maikammer) &#8211; Wasserrohrbruch<\/h2>\n\n\n\n<p>Aufgrund eines Wasserrohrbruchs musste durch die Wasserwerke die Frischwasserzufuhr zu den H\u00e4usern Sankt-Martiner-Stra\u00dfe 1-9 abgestellt werden. Die Bauarbeiten zur Behebung der Schadstelle sollen am Freitagmorgen gegen 8 Uhr beginnen und k\u00f6nnten bis in den Nachmittag hinein andauern.<\/p>\n\n\n\n<h2 class=\"wp-block-heading\">(Lambrecht) &#8211; Jugendlicher mit Luftdruckwaffe sorgt f\u00fcr Polizeieinsatz<\/h2>\n\n\n<div class=\"wp-block-image\">\n<figure class=\"aligncenter size-full\"><img decoding=\"async\" loading=\"lazy\" width=\"678\" height=\"381\" src=\"https:\/\/speyer24news.com\/wp-content\/uploads\/2021\/04\/Polizei-678x381.jpg\" alt=\"\" class=\"wp-image-35265\" srcset=\"https:\/\/speyer24news.com\/wp-content\/uploads\/2021\/04\/Polizei-678x381.jpg 678w, https:\/\/speyer24news.com\/wp-content\/uploads\/2021\/04\/Polizei-678x381-300x169.jpg 300w\" sizes=\"(max-width: 678px) 100vw, 678px\" \/><\/figure><\/div>\n\n\n<p>Am Donnerstagmittag (28.09.2023) informierte ein Passant gegen 11:35 Uhr die Polizei, nachdem er eine m\u00e4nnliche Person gesehen hatte, die einen Gegenstand aus ihrem Rucksack zog, welcher aussah wie eine Schusswaffe. Gem\u00e4\u00df unseren vorbereiteten Einsatzkonzepten wurde die \u00d6rtlichkeit mit starken Polizeikr\u00e4ften angefahren. Vor Ort konnte ein 14-j\u00e4hriger Jugendlicher angetroffen und kontrolliert werden. Dieser befand sich im Bereich einer Lambrechter Schule und hatte eine echt aussehende Luftdruck-Waffe in seinem Rucksack mitgef\u00fchrt. Die Luftdruck-Waffe wurde sichergestellt. Ob sich der Jugendliche durch das F\u00fchren der Waffe strafbar gemacht hat, wird derzeit noch ermittelt. Weiterhin wird gepr\u00fcft, ob dem Verantwortlichen die Kosten des Einsatzes in Rechnung gestellt werden k\u00f6nnen. Der Vorfall zeigt eindr\u00fccklich, dass ein Mitf\u00fchren von waffen\u00e4hnlichen Gegenst\u00e4nden zu gro\u00dfer Verunsicherung in der Bev\u00f6lkerung f\u00fchrt. Besonders f\u00fcr die Verantwortlichen, aber auch f\u00fcr Polizeikr\u00e4fte stellen derartige Eins\u00e4tze eine erhebliche Gefahrensituation dar, da grunds\u00e4tzlich mit einer scharfen Waffe gerechnet wurden muss. <\/p>\n\n\n\n<ul>\n<li><strong>Daher appelliert die Polizei eindringlich, mit derartigen Gegenst\u00e4nden niemals in der \u00d6ffentlichkeit zu hantieren. Weitere Informationen zum Thema F\u00fchren von Waffen in der \u00d6ffentlichkeit finden Sie unter&nbsp;<a href=\"https:\/\/s.rlp.de\/9uoRc\" target=\"_blank\" rel=\"noreferrer noopener\">https:\/\/s.rlp.de\/9uoRc<\/a><\/strong><\/li>\n<\/ul>\n\n\n\n<h2 class=\"wp-block-heading\">(Wachenheim) &#8211; Besch\u00e4digter Hydrant nach Verkehrsunfallflucht<\/h2>\n\n\n<div class=\"wp-block-image\">\n<figure class=\"aligncenter size-full\"><img decoding=\"async\" loading=\"lazy\" width=\"800\" height=\"620\" src=\"https:\/\/speyer24news.com\/wp-content\/uploads\/2023\/09\/Hydrant.jpg\" alt=\"\" class=\"wp-image-54517\" srcset=\"https:\/\/speyer24news.com\/wp-content\/uploads\/2023\/09\/Hydrant.jpg 800w, https:\/\/speyer24news.com\/wp-content\/uploads\/2023\/09\/Hydrant-300x233.jpg 300w, https:\/\/speyer24news.com\/wp-content\/uploads\/2023\/09\/Hydrant-768x595.jpg 768w\" sizes=\"(max-width: 800px) 100vw, 800px\" \/><figcaption class=\"wp-element-caption\">Wasseraustritt<\/figcaption><\/figure><\/div>\n\n\n<p>Am Donnerstag, den 28.09.2023, gegen 14:45 Uhr, fuhr ein Verkehrsteilnehmer mit seinem Auto in der Stra\u00dfe &#8222;Am Hauenstein&#8220; in Wachenheim gegen einen dortigen Hydranten, besch\u00e4digte diesen und entfernte sich im Nachgang von der Unfall\u00f6rtlichkeit. In der Folge kam es zu einer ca. 15 Meter hohen Wasserfont\u00e4ne aus dem betreffenden Hydranten. Der Austritt konnte durch die Wachenheimer Feuerwehr abgestellt werden. An dem Hydrant entstand ein Sachschaden von ca. 150 Euro. <\/p>\n\n\n\n<ul>\n<li><strong>Die Polizeiinspektion Bad D\u00fcrkheim ermittelt wegen Verkehrsunfallflucht und bittet daher um Zeugenaussagen oder Informationen, die zur Identifikation des unbekannten Autofahrers f\u00fchren k\u00f6nnten. Hinweise werden unter der Telefonnummer 06322-9630 oder per E-Mail an&nbsp;<a href=\"mailto:%20pibadduerkheim@polizei.rlp.de\">pibadduerkheim@polizei.rlp.de<\/a>&nbsp;entgegengenommen.<\/strong><\/li>\n<\/ul>\n\n\n\n<h2 class=\"wp-block-heading\">(Bad D\u00fcrkheim) &#8211; Ablagern von schwefels\u00e4urehaltigen Abf\u00e4llen<\/h2>\n\n\n<div class=\"wp-block-image\">\n<figure class=\"aligncenter size-full\"><img decoding=\"async\" loading=\"lazy\" width=\"800\" height=\"599\" src=\"https:\/\/speyer24news.com\/wp-content\/uploads\/2023\/09\/Tatortansicht.jpg\" alt=\"\" class=\"wp-image-54515\" srcset=\"https:\/\/speyer24news.com\/wp-content\/uploads\/2023\/09\/Tatortansicht.jpg 800w, https:\/\/speyer24news.com\/wp-content\/uploads\/2023\/09\/Tatortansicht-300x225.jpg 300w, https:\/\/speyer24news.com\/wp-content\/uploads\/2023\/09\/Tatortansicht-768x575.jpg 768w, https:\/\/speyer24news.com\/wp-content\/uploads\/2023\/09\/Tatortansicht-678x509.jpg 678w, https:\/\/speyer24news.com\/wp-content\/uploads\/2023\/09\/Tatortansicht-326x245.jpg 326w, https:\/\/speyer24news.com\/wp-content\/uploads\/2023\/09\/Tatortansicht-80x60.jpg 80w\" sizes=\"(max-width: 800px) 100vw, 800px\" \/><figcaption class=\"wp-element-caption\">Tatortansicht<\/figcaption><\/figure><\/div>\n\n\n<p>Am 26.09.23 gegen 14.00 Uhr war entdeckt worden, dass auf einem Acker neben dem Sportplatz Obers\u00fclzen, eine schwarze hei\u00dfe Fl\u00fcssigkeit ausgekippt worden war. Es waren ca. 30m\u00b2 Ackerfl\u00e4che betroffen. <\/p>\n\n\n<div class=\"wp-block-image\">\n<figure class=\"aligncenter size-full\"><img decoding=\"async\" loading=\"lazy\" width=\"699\" height=\"385\" src=\"https:\/\/speyer24news.com\/wp-content\/uploads\/2023\/09\/Luftaufnahme.jpg\" alt=\"\" class=\"wp-image-54516\" srcset=\"https:\/\/speyer24news.com\/wp-content\/uploads\/2023\/09\/Luftaufnahme.jpg 699w, https:\/\/speyer24news.com\/wp-content\/uploads\/2023\/09\/Luftaufnahme-300x165.jpg 300w\" sizes=\"(max-width: 699px) 100vw, 699px\" \/><figcaption class=\"wp-element-caption\">Luftaufnahme<\/figcaption><\/figure><\/div>\n\n\n<p>Eine Analyse ergab, dass es sich hierbei um ca. 80%ige Schwefels\u00e4ure handelt, versetzt mit organischem Material. Es k\u00f6nnte sich um Abf\u00e4lle nach einer chemischen Reinigung handeln. Die ausgebrachte Menge wird auf 1000-2000 Liter gesch\u00e4tzt, die stark \u00e4tzend und gesundheits- und umweltsch\u00e4dlich ist. Schwefels\u00e4ure wird auch in Autobatterien verwendet jedoch nur mit etwa 35%.<\/p>\n\n\n\n<ul>\n<li><strong>Wer hat vor dem 26.09.23, 14.00 Uhr etwas beobachtet und kann Angaben zu m\u00f6glichen Tatverd\u00e4chtigen machen? Sachdienliche Hinweise nimmt die Polizei Neustadt unter der Telefonnummer 06321\/854-0 oder per Email&nbsp;<a href=\"mailto:%20kineustadt@polizei.rlp.de\">kineustadt@polizei.rlp.de<\/a>&nbsp;entgegen.<\/strong><\/li>\n<\/ul>\n\n\n\n<h2 class=\"wp-block-heading\">(Gr\u00fcnstadt) &#8211; Sachbesch\u00e4digung \/ T\u00e4ter auf frischer Tat ertappt<\/h2>\n\n\n\n<p>Eine Zeugin teilte der Polizeiinspektion Gr\u00fcnstadt am 27.09.2023 gegen 16:20 Uhr mit, dass sie in der Kirchheimer Stra\u00dfe eine Person gesehen habe, die sich verd\u00e4chtig verhalten h\u00e4tte. Der Mann habe mit einem Messer &#8222;herumgefuchtelt&#8220;. Personen, die hierdurch h\u00e4tten gef\u00e4hrdet werden k\u00f6nnen, seien nicht in der N\u00e4he gewesen. Im Rahmen der Fahndung konnte die von der Frau beschriebene Person, ein 32 Jahre alter Mann, in der Stra\u00dfe &#8222;Verladeplatz&#8220; bzw. in der dort angrenzenden Parkgarage eines Einkaufsmarktes festgestellt werden, als er gerade begann ein Graffiti an die Wand zu spr\u00fchen. Bei der Kontrolle fanden die Polizeibeamten neben zwei Farbspr\u00fchdosen ein Messer mit feststehender Klinge. Die Gegenst\u00e4nde wurden sichergestellt. Was den 32-J\u00e4hrigen, der alkoholisiert war und unter Drogeneinfluss stand, dazu bewogen hatte, mit dem Messer &#8222;herumzufuchteln&#8220;, konnte nicht gekl\u00e4rt werden. Ermittelt wird nun wegen Sachbesch\u00e4digung und Versto\u00dfes gegen das Bet\u00e4ubungsmittelgesetz.<\/p>\n\n\n\n<h2 class=\"wp-block-heading\">(Gr\u00fcnstadt) &#8211; Autofahrer unter Drogeneinfluss<\/h2>\n\n\n\n<p>Am 27.09.2023 gegen 09:00 Uhr kam es zur Kontrolle eines Autofahrers, weil dieser w\u00e4hrend der Fahrt den Sicherheitsgurt nicht angelegt hatte. Der junge Mann zeigte Auff\u00e4lligkeiten, die mit einem vorangegangenen Drogenkonsum in Zusammenhang stehen k\u00f6nnen. Der 27-j\u00e4hrige r\u00e4umte ein Cannabis konsumiert zu haben. Es folgte die Entnahme einer Blutprobe, deren Untersuchungsergebnis f\u00fcr das Ordnungswidrigkeitenverfahren nach \u00a7 24a II StVG beweiserheblich ist.<\/p>\n\n\n\n<h2 class=\"wp-block-heading\">(Bockenheim) &#8211; Gleich zwei Pkw-Fahrer unter Bet\u00e4ubungsmitteleinfluss festgestellt<\/h2>\n\n\n\n<p>Am Donnerstag, 28.09.2023 gegen 15:50 Uhr wurde der Fahrer eines BMW in Bockenheim an der Weinstra\u00dfe durch eine Streife der Polizeiinspektion Gr\u00fcnstadt einer Verkehrskontrolle unterzogen. Der 27-j\u00e4hrige Fahrer war den Beamten kein Unbekannter, da er bereits einen Tag zuvor durch die Beamten kontrolliert wurde. Wie auch am Vortag zeigte der Mann Auff\u00e4lligkeiten, welche auf einen vorangegangenen Bet\u00e4ubungsmittelkonsum hindeuteten. Ein durchgef\u00fchrter Drogenschnelltest best\u00e4tigte den Verdacht und reagierte positiv auf THC. In der Folge wurde dem Mann auf der Dienststelle durch einen Arzt eine Blutprobe entnommen. Da der Wormser diesbez\u00fcglich zum zweiten Mal auff\u00e4llig wurde, erwarten ihn nun u.a. ein verdoppeltes Bu\u00dfgeld in H\u00f6he von 1000EUR, sowie ein dreimonatiges Fahrverbot. Au\u00dferdem wird die zust\u00e4ndige F\u00fchrerscheinstelle in Kenntnis gesetzt.<\/p>\n\n\n\n<p>Am selben Tag, gegen 19:00 Uhr wurde der Fahrer eines Citroen ebenfalls in Bockenheim an der Weinstra\u00dfe einer Verkehrskontrolle unterzogen. Auch bei dem 30-j\u00e4hrigen Gr\u00fcnstadter konnten drogentypische Auff\u00e4lligkeiten festgestellt werden. Ein anschlie\u00dfend durchgef\u00fchrter Drogenvortest best\u00e4tigte die Annahmen der Beamten und verlief ebenfalls positiv auf THC. Nachdem auch bei dem Citroen-Fahrer eine Blutprobe entnommen wurde, droht ihm nun ein Bu\u00dfgeld in H\u00f6he von 500EUR, ein Monat Fahrverbot sowie zwei Punkte in Flensburg.<\/p>\n\n\n\n<h2 class=\"wp-block-heading\">(Beindersheim) &#8211; Verkehrsunfall endet mit K\u00f6rperverletzung<\/h2>\n\n\n\n<p>Am 27.09.2023, gegen 20:35 Uhr, \u00fcbersah ein 29-j\u00e4hriger PKW-Fahrer nach einem \u00dcberholvorgang auf der A6, H\u00f6he Beindersheim, und anschlie\u00dfendem Wiedereinscheren den sich im toten Winkel befindlichen anderen PKW und touchierte diesen. Beide Fahrzeuge hielten im Anschluss auf dem Standstreifen an. Der 51-j\u00e4hrige Fahrer des \u00fcberholten PKW lief danach unvermittelt auf den 29-J\u00e4hrigen zu und schlug diesem aus Rage \u00fcber den Verkehrsunfall unvermittelt mit der flachen Hand ins Gesicht. Der 29-J\u00e4hrige wurde durch den Schlagleicht verletzt. W\u00e4hrend den 29-J\u00e4hrigen die Ordnungswidrigkeit des Verkehrsunfalles erwartet, muss sich der 51-J\u00e4hrige einer Anzeige wegen K\u00f6rperverletzung verantworten.<\/p>\n\n\n\n<h2 class=\"wp-block-heading\">(Ludwigshafen) &#8211; Verkehrsgef\u00e4hrdung in Oppauer Stra\u00dfe<\/h2>\n\n\n\n<p>Ein 62-j\u00e4hriger Golf-Fahrer befuhr am 27.09.2023, gegen 19 Uhr, die Oppauer Stra\u00dfe als er auf H\u00f6he eines Spielplatzes ein lautes Knallen h\u00f6rte. Er hielt an und stellte an seinem Fahrzeug eine helle Fl\u00fcssigkeit fest. Der Lack seines Autos wurde an dieser Stelle besch\u00e4digt, wie er kurz darauf bei der Reinigung seines Fahrzeugs feststellen musste. Auf dem Spielplatz hatten sich zum Zeitpunkt des Knalls mehrere Jugendliche aufgehalten. Von ihnen seien einige weggelaufen, nachdem es zu dem Knall gekommen war. Ob es einen Zusammenhang geben k\u00f6nnte, wird Bestandteil der Ermittlungen sein.<\/p>\n\n\n\n<ul>\n<li><strong>Wir bitten Zeuginnen und Zeugen sich zu melden. Wer hat zur fraglichen Zeit in der Oppauer Stra\u00dfe etwas beobachtet?<\/strong><\/li>\n<\/ul>\n\n\n\n<ul>\n<li><strong>Sachdienliche Hinweise bitte an die Polizeiinspektion Ludwigshafen 2, Telefonnummer 0621 963-2222 oder per E-Mail&nbsp;<a href=\"mailto:%20piludwigshafen2@polizei.rlp.de\">piludwigshafen2@polizei.rlp.de<\/a>&nbsp;. \u2003<\/strong><\/li>\n<\/ul>\n\n\n\n<h2 class=\"wp-block-heading\">(Ludwigshafen) &#8211; Alkoholisiert Mokick gefahren<\/h2>\n\n\n\n<p>Ein 53-j\u00e4hriger Mokickfahrer streifte am 27.09.2023, gegen 18:45 Uhr, in der Pr\u00e4lat-Carie-Stra\u00dfe den Bordstein eines Gr\u00fcnstreifens und st\u00fcrzte. Er wurde hierdurch leicht verletzt und in ein Krankenhaus verbracht. An seinem Fahrzeug entstand ein Sachschaden von rund 600 Euro.<\/p>\n\n\n\n<p>Da sich Hinweise auf einen m\u00f6glichen Alkoholkonsum ergaben, wurde dem Mann ein freiwilliger Atemalkoholtest angeboten. Dieser ergab einen Wert von 1,97 Promille. Ihm wurde eine Blutprobe entnommen. F\u00fchrerschein und Fahrzeugschl\u00fcssel wurden sichergestellt. Den Mann erwartet jetzt eine Strafanzeige wegen Trunkenheit im Verkehr. Au\u00dferdem wird die F\u00fchrerscheinstelle die Geeignetheit des 53-J\u00e4hrigen \u00fcberpr\u00fcfen. \u2003<\/p>\n\n\n\n<h2 class=\"wp-block-heading\">(Ludwigshafen) &#8211; Radfahrerin bei Unfall verletzt<\/h2>\n\n\n\n<p>Am Mittwochnachmittag (27.09.2023) war ein 44-j\u00e4hriger LKW-Fahrer auf der Zollhofstra\u00dfe in Richtung Kaiser-Wilhelm-Stra\u00dfe unterwegs. Eine 20-j\u00e4hrige Radfahrerin war auf dem Radweg der Zollhofstra\u00dfe in gleicher Richtung unterwegs. An der Kreuzung zur Kaiser-Wilhelm-Stra\u00dfe bog der der 44-J\u00e4hrige nach rechts ab und missachtete den Vorrang der Radfahrerin. Es kam zum Zusammensto\u00df, die 20-J\u00e4hrige verletzte sich leicht. Sie wurde durch den Rettungsdienst in ein Krankenhaus gebracht.<\/p>\n\n\n\n<h2 class=\"wp-block-heading\">(Ludwigshafen) &#8211; Falscher TWL-Mitarbeiter<\/h2>\n\n\n\n<p>In der Breitscheidstra\u00dfe schickte am Mittag des 27.09.2023, gegen 13:45 Uhr, ein angeblicher Mitarbeiter der Technischen Werke Ludwigshafen unter dem Vorwand, Reparaturen durchf\u00fchren zu m\u00fcssen, eine Seniorin in ihr Badezimmer. Dort folgte sie den Anweisungen des vermeintlichen Monteurs und lie\u00df das Wasser laufen. Der Mann verwickelte sie dabei in ein Gespr\u00e4ch. Als ihr die Situation schlie\u00dflich merkw\u00fcrdig erschien, erkl\u00e4rte sie, dass ihr Sohn gleich nach Hause k\u00e4me. Der angebliche TWL-Mitarbeiter verlie\u00df daraufhin die Wohnung. Als die Seniorin wieder alleine war, musste sie den Diebstahl von etwa 3.000 Euro feststellen. <\/p>\n\n\n\n<h4 class=\"wp-block-heading\">Der falsche Wasserwerker wird wie folgt beschrieben: <\/h4>\n\n\n\n<ul>\n<li><strong>kr\u00e4ftige Statur, ca. 1,70 m gro\u00df, er hatte ein Buch bei sich. <\/strong><\/li>\n\n\n\n<li><strong>M\u00f6glicherweise war der Mann in Begleitung eines Komplizen oder einer Komplizin. <\/strong><\/li>\n<\/ul>\n\n\n\n<ul>\n<li><strong>Haben Sie den Mann und\/oder seine Begleitung gesehen oder k\u00f6nnen Sie Hinweise geben? Sachdienliche Hinweise nimmt die Kriminalpolizei Ludwigshafen unter der Telefonnummer 0621\/963-2773 oder per E-Mail&nbsp;<a href=\"mailto:%20kiludwigshafen.k1.kdd@polizei.rlp.de\">kiludwigshafen.k1.kdd@polizei.rlp.de<\/a>&nbsp;entgegen.<\/strong><\/li>\n<\/ul>\n\n\n\n<p>Trickdiebstahl in Wohnungen ist ein Ph\u00e4nomen, von dem fast ausschlie\u00dflich \u00e4ltere Menschen betroffen sind. Unter Vort\u00e4uschen von Notlagen, einer offiziellen Funktion oder Vort\u00e4uschen einer pers\u00f6nlichen Beziehung zum Opfer versuchen die T\u00e4ter sich Zutritt zur Wohnung zu verschaffen. Hierbei werden skrupellos und zielgerichtet das Alter, die Gebrechlichkeit und die Gutgl\u00e4ubigkeit des Opfers ausgenutzt. Bedenken Sie, dass Trickt\u00e4ter erfinderisch und schauspielerisch begabt sind. Sie reagieren schnell und denken sich immer neue Taktiken aus, um ihr Ziel zu erreichen. <\/p>\n\n\n\n<h4 class=\"wp-block-heading\">Beachten Sie die Tipps Ihrer Polizei, um sich vor Trickdiebstahl zu sch\u00fctzen:<\/h4>\n\n\n\n<ul>\n<li><strong>Seien Sie misstrauisch, wenn sich Personen am Telefon als Verwandte oder Bekannte ausgeben, die Sie als solche zun\u00e4chst nicht erkennen.<\/strong><\/li>\n\n\n\n<li><strong>Gehen sie keinesfalls auf telefonische Geldforderungen oder noch so inst\u00e4ndige Bitten ein.<\/strong><\/li>\n\n\n\n<li><strong>Rufen Sie Verwandte an, um die Echtheit des Anrufers abzukl\u00e4ren.<\/strong><\/li>\n\n\n\n<li><strong>Reden Sie mit Personen Ihres Vertrauens \u00fcber den Anruf.<\/strong><\/li>\n\n\n\n<li><strong>Geben Sie kein Geld in fremde H\u00e4nde.<\/strong><\/li>\n\n\n\n<li><strong>Notieren Sie sich die Telefonnummer des Anrufers, wenn Sie in Ihrem Telefon angezeigt wird.<\/strong><\/li>\n\n\n\n<li><strong>Melden Sie einen solchen Anruf direkt der Polizei. <\/strong><\/li>\n<\/ul>\n\n\n\n<h4 class=\"wp-block-heading\"><em>N\u00e4here Informationen zum Thema sowie die Tricks der T\u00e4ter erfahren sie unter&nbsp;<a href=\"https:\/\/www.polizei-beratung.de\/\" target=\"_blank\" rel=\"noreferrer noopener\">www.polizei-beratung.de<\/a><\/em><\/h4>\n\n\n\n<h2 class=\"wp-block-heading\">(Ludwigshafen) &#8211; Einbruch in Fahrschule<\/h2>\n\n\n\n<p>In eine Fahrschule in der Kreuzstra\u00dfe wurde zwischen Dienstagabend (26.09.2023, 20 Uhr) und Mittwochvormittag (27.09.2023, 11:20 Uhr) eingebrochen. Aus der Fahrschule wurde ein Laptop gestohlen. Die Schadensh\u00f6he wird auf rund 500 Euro gesch\u00e4tzt. <\/p>\n\n\n\n<ul>\n<li><strong>Hinweise werden an die Polizeiwache Oggersheim unter Tel. 0621 963 &#8211; 2403 oder per E-Mail&nbsp;<a href=\"mailto:%20pwoggersheim@polizei.rlp.de\">pwoggersheim@polizei.rlp.de<\/a>&nbsp;erbeten.<\/strong><\/li>\n<\/ul>\n\n\n\n<h2 class=\"wp-block-heading\">(Ludwigshafen) &#8211; Roller gestohlen<\/h2>\n\n\n\n<p>In der Nacht von Dienstag auf Mittwoch (26.09.2023 &#8211; 27.09.2023) wurden im Stadtgebiet zwei Motorroller entwendet. Ein im Eingangsbereich eines Mehrfamilienhauses in der Karlsbader Stra\u00dfe abgestellter Roller wurde durch den Besitzer zun\u00e4chst als gestohlen gemeldet. Wenig sp\u00e4ter wurde das offensichtlich kurzgeschlossene Fahrzeug in Tatortn\u00e4he abgestellt festgestellt.<\/p>\n\n\n\n<p>Der Besitzer eines in der Kallstadter Stra\u00dfe abgestellten Rollers meldete diesen ebenfalls gestohlen. Dieser konnte, ebenfalls kurzgeschlossen und besch\u00e4digt, in der Siebenb\u00fcrgenstra\u00dfe aufgefunden werden.<\/p>\n\n\n\n<ul>\n<li><strong>Wer hat die Taten beobachtet oder kann Hinweise auf die T\u00e4ter geben?<\/strong><\/li>\n<\/ul>\n\n\n\n<ul>\n<li><strong>Sachdienliche Hinweise bitte an die Polizeiinspektion Ludwigshafen 1, Telefonnummer 0621 963-2122 oder per E-Mail&nbsp;<a href=\"mailto:%20piludwigshafen1@polizei.rlp.de\">piludwigshafen1@polizei.rlp.de<\/a><\/strong><\/li>\n<\/ul>\n\n\n\n<h2 class=\"wp-block-heading\">(Ludwigshafen) &#8211; Auto gestohlen \/ Zeugen gesucht<\/h2>\n\n\n\n<p>Bereits zwischen dem 16.09.2023 und dem 17.09.2023 entwendeten Unbekannte einen in der Mundenheimer Stra\u00dfe H\u00f6he Holbeinstra\u00dfe abgestellten roten VW Golf \u00e4lteren Baujahres. Der Schaden bel\u00e4uft sich auf circa 1.000 Euro.<\/p>\n\n\n\n<ul>\n<li><strong>Wer hat die Tat beobachtet oder kann Hinweise auf die T\u00e4ter geben? Sachdienliche Hinweise nimmt die Kriminalpolizei Ludwigshafen unter der Telefonnummer 0621\/963-2773 oder per E-Mail&nbsp;<a href=\"mailto:%20kiludwigshafen.k1.kdd@polizei.rlp.de\">kiludwigshafen.k1.kdd@polizei.rlp.de<\/a>&nbsp;entgegen.<\/strong><\/li>\n<\/ul>\n\n\n\n<h2 class=\"wp-block-heading\">(A 6 \/ Mannheim) &#8211; Gef\u00e4hrlich langsam und in Schlangenlinien auf der Autobahn unterwegs \/ Polizei sucht Zeugen<\/h2>\n\n\n\n<p>Am Mittwoch meldeten Verkehrsteilnehmer, dass um kurz nach 17:30 Uhr ein Skoda vom Autobahnkreuz Viernheim in Richtung Heilbronn in Schlangenlinien auf BAB 6 unterwegs war. Das Fahrzeug beschleunigte und bremste immer wieder abrupt und fuhr zwischen 30 km\/h und 90 km\/h gef\u00e4hrlich langsam. Zudem wechselte der Fahrer mehrfach die Fahrstreifen, so dass andere Verkehrsteilnehmer abbremsen mussten, um einen Zusammensto\u00df zu vermeiden. Kurz vor dem Dreieck Hockenheim konnte die Polizei den Skoda anhalten. Es stellte sich heraus, dass der 36-j\u00e4hrige Fahrer nach einer medizinischen Behandlung noch stark unter der Einwirkung von Medikamenten stand. Er musste eine Blutprobe sowie seinen F\u00fchrerschein abgeben. Die Weiterfahrt wurde ihm untersagt. Er muss sich nun wegen einer Stra\u00dfenverkehrsgef\u00e4hrdung verantworten.<\/p>\n\n\n\n<ul>\n<li><strong>Zeugen, die sachdienliche Hinweise geben k\u00f6nnen, oder Personen die durch das Fahrverhalten gef\u00e4hrdet wurden, werden gebeten sich beim Verkehrsdienst Mannheim, unter der Telefonnummer 06202-288-0, zu melden.<\/strong><\/li>\n<\/ul>\n\n\n\n<h2 class=\"wp-block-heading\">(Mannheim) &#8211; Vier Fahrzeuge in Unfall verwickelt<\/h2>\n\n\n\n<p>Am Mittwoch gegen 16.15 Uhr befuhr ein 51-j\u00e4hriger Porsche-Fahrer die Unterm\u00fchlaustra\u00dfe und bog dort in eine Einfahrt ein, ohne auf den flie\u00dfenden Verkehr in Fahrtrichtung Jungbuschbr\u00fccke zu achten. Dabei kollidiert er mit einem 24-j\u00e4hrigen VW-Fahrer, welcher durch den Aufprall in den Gegenverkehr abgewiesen wurde und seitlich mit einem 24-j\u00e4hrigen BMW-Fahrer kollidierte. Von diesem wurde er erneut abgewiesen und kollidierte anschlie\u00dfend mit einer dahinter fahrenden 22-j\u00e4hrigen Mini-Fahrerin. Der verursachende Porsche-Fahrer und seine Beifahrerin wurden nicht verletzt und sie konnten die Unfallstelle nach der Aufnahme mit dem Fahrzeug verlassen. Die beiden Insassen des VW und des BMW wurden alle leicht verletzt und vom Rettungsdienst in ein umliegendes Krankenhaus gebracht. Beide Fahrzeuge waren nicht mehr fahrbereit und mussten abgeschleppt werden. Die Mini-Fahrerin wurde bei dem Unfall nicht verletzt und konnte mit ihrem Mini die Unfallstelle wieder verlassen. Insgesamt entstand ein Sachschaden in H\u00f6he von ca. 12.000 Euro.<\/p>\n\n\n\n<h2 class=\"wp-block-heading\">(Mannheim) &#8211; Aufmerksame Zeugin verhindert Ladendiebstahl<\/h2>\n\n\n\n<p>Eine 40-J\u00e4hrige begab sich am Mittwoch gegen 13.45 Uhr in ein Modegesch\u00e4ft im Quadrat P 3 in der Mannheimer Innenstadt. Hier entwendete sie mehrere Sachen im Wert eines hohen dreistelligen Betrages aus dem Verkaufsraum. Anschlie\u00dfend verlie\u00df sie das Gesch\u00e4ft. Nach Verlassen wurde die Diebin durch eine Zeugin angesprochen und zur\u00fcck in das Gesch\u00e4ft gef\u00fchrt. Dort wollte sie ihre Personalien nicht mitteilen, woraufhin die Polizei verst\u00e4ndigt wurde. Die 40-J\u00e4hrige muss sich nun wegen Diebstahls verantworten.<\/p>\n\n\n\n<h2 class=\"wp-block-heading\">(Mannheim-Innenstadt) &#8211; Ladendieb gelangt gleich wegen mehrere Delikte zur Anzeige<\/h2>\n\n\n\n<p>Ein Ladendieb wurde am Mittwochabend gegen 19 Uhr in einem Kaufhaus im Quadrat P1 gestellt. Ein 29-J\u00e4hriger wurde vom dortigen Ladendetektiv erwischt, als er ein hochwertiges Parf\u00fcm entwenden wollte. Da er sich nicht ausweisen konnte, wurde die Polizei hinzu gerufen. Bei der Durchsuchung des Mannes durch die Beamten wurde Bet\u00e4ubungsmittel aufgefunden und das zuvor entwendete Parf\u00fcm konnte an den Ladendetektiv \u00fcbergeben werden. Der Diebstahlschaden liegt bei rund 160 EUR.<\/p>\n\n\n\n<p>Den 29-J\u00e4hrigen erwarten nicht nur Anzeigen wegen Ladendiebstahls und den Versto\u00df gegen das Bet\u00e4ubungsmittelgesetz, sondern auch wegen Hausfriedensbruch, da dem Mann in besagtem Kaufhaus vor einiger Zeit ein Hausverbot ausgesprochen wurde.<\/p>\n\n\n\n<h2 class=\"wp-block-heading\">(Mannheim-Innenstadt) &#8211; Unter Drogen auf manipuliertem E-Bike unterwegs<\/h2>\n\n\n\n<p>Am Dienstag kontrollierten Beamten im Quadrat K1 gegen 15:30 Uhr einen 27-J\u00e4hrigen E-Bike-Fahrer, welcher verd\u00e4chtig schnell unterwegs war. Sein E-Bike war so manipuliert, dass es deutlich schneller fahren konnte als vorgesehen. Da der Mann aber weder einen F\u00fchrerschein, noch die notwendige Versicherung f\u00fcr das Fahrzeug besa\u00df wurde das E-Bike sichergestellt. Im Rahmen einer Messung ergab sich eine H\u00f6chstgeschwindigkeit von 76,9 km\/h. Im Rahmen der Kontrolle ergaben sich zudem Hinweise darauf, dass der Mann unter dem Einfluss von Bet\u00e4ubungsmittel stand. Da er eine freiwillige Urinprobe ablehnte, wurde der Mann auf das n\u00e4chste Polizeirevier verbracht, wo ihm eine Blutprobe entnommen wurde. Anschlie\u00dfend wurde der 27-J\u00e4hrige wieder auf freien Fu\u00df gesetzt.<\/p>\n\n\n\n<p>Den Mann erwartet nicht nur eine Anzeige wegen des Versto\u00dfes gegen das Bet\u00e4ubungsmittelgesetz, sondern auch wegen des Fahrens ohne F\u00fchrerschein und den Versto\u00df gegen das Pflichtversicherungsgesetz.<\/p>\n\n\n\n<h2 class=\"wp-block-heading\">(Mannheim-Oststadt) &#8211; Sachbesch\u00e4digung an Auto \/ Zeugen gesucht!<\/h2>\n\n\n\n<p>Am Dienstag wurde zwischen 08:30 Uhr und 15:00 Uhr ein geparkter Mercedes am Philosophenplatz besch\u00e4digt. Das hintere Kennzeichen, die Windschutzscheibe, sowie die Scheibe der Fahrert\u00fcr wurden mit schwarzem Lack bespr\u00fcht. Zus\u00e4tzlich wurden alle Reifen platt gestochen. Der Sachschaden liegt im vierstelligen Bereich.<\/p>\n\n\n\n<ul>\n<li><strong>Zeugen, die verd\u00e4chtige Wahrnehmungen gemacht haben, werden gebeten sich beim Polizeirevier Mannheim-Oststadt, unter der Telefonnummer 0621-174-3310, zu melden.<\/strong><\/li>\n<\/ul>\n\n\n\n<h2 class=\"wp-block-heading\">(Mannheim-Neuostheim) &#8211; Verkehrsunfall mit 14.000 Euro Schaden<\/h2>\n\n\n\n<p>Zu einem Verkehrsunfall kam es am Mittwoch gegen 14:50 Uhr im Konrad-Zuse-Ring. Ein 24-J\u00e4hriger Chrysler-Fahrer befuhr den Konrad-Zuse-Ring als er in einer Rechtskurve der Stra\u00dfe einem entgegenkommenden Fahrzeug ausweichen wollte und dabei mit einem am Stra\u00dfenrand geparkten BMW kollidierte. Sowohl der Chrysler als auch der BMW wurden bei dem Unfall erheblich besch\u00e4digt und waren nicht mehr fahrbereit. Verletzt wurde gl\u00fccklicherweise niemand, der Gesamtsachschaden betr\u00e4gt rund 14.000 Euro.<\/p>\n\n\n\n<h2 class=\"wp-block-heading\">(Mannheim-Seckenheim) &#8211; Jugendlicher randaliert in Hotel \/ Gesch\u00e4digte und Zeugen gesucht!<\/h2>\n\n\n\n<p>Eine Streife wurde am Mittwoch um kurz vor 13 Uhr zu einem Hotel in der Seckenheimer Hauptstra\u00dfe gerufen. Hier randalierte ein 15-J\u00e4hriger in einem der Zimmer, zerst\u00f6rte das Mobiliar und warf dieses anschlie\u00dfend aus dem Fenster auf die Seckenheimer Hauptstra\u00dfe. Anschlie\u00dfend fl\u00fcchtete er von der \u00d6rtlichkeit in eine einfahrenden Stra\u00dfenbahn und konnte durch Polizeibeamte noch in der Stra\u00dfenbahn vorl\u00e4ufig festgenommen werden. Der junge Mann wurde vor\u00fcbergehend auf das Polizeirevier in Ladenburg verbracht, anschlie\u00dfend wurde er wieder auf freien Fu\u00df gesetzt. Der entstandene Sachschaden im Hotelzimmer betr\u00e4gt rund 1.000 Euro.<\/p>\n\n\n\n<ul>\n<li><strong>Da die Stra\u00dfe stark frequentiert ist, ist davon auszugehen, dass es Personen gibt, welche durch die herausgeworfenen M\u00f6bel gesch\u00e4digt oder gef\u00e4hrdet wurden. Diese, sowie Zeugen, werden gebeten sich beim Polizeirevier Ladenburg, unter der Telefonnummer 06203-93050, zu melden.<\/strong><\/li>\n<\/ul>\n\n\n\n<h2 class=\"wp-block-heading\">(Heidelberg) &#8211; Autoeinbrecher in der Weststadt gefasst<\/h2>\n\n\n\n<p>Am Donnerstag meldete sich um kurz nach 3 Uhr ein Anwohner der Belfortstra\u00dfe bei der Polizei. Er hatte beobachtet, wie zwei M\u00e4nner im Hinterhof mehrere Fahrr\u00e4der umgeworfen hatten und danach in ein geparktes Auto einstiegen und dieses durchsuchten. W\u00e4hrend der Zeuge die Polizei verst\u00e4ndigte, liefen die M\u00e4nner von Auto zu Auto und \u00fcberpr\u00fcften, ob diese verschlossen waren. Als eine Streife des Polizeireviers Heidelberg-Mitte den Hinterhof absuchte, hielten sich die beiden Diebe hinter den M\u00fclltonnen verborgen. Allerdings wurden sie rasch durch die Streife entdeckt und vorl\u00e4ufig festgenommen. Bei der Durchsuchung der M\u00e4nner konnte mutma\u00dfliches Diebesgut sichergestellt werden. Beide, ein 25-J\u00e4hriger und ein 26-J\u00e4hriger, kamen auf die Wache, wo sie erkennungsdienstlich behandelt wurden.<\/p>\n\n\n\n<p>Die beiden M\u00e4nner m\u00fcssen sich nun wegen gemeinschaftlichem Diebstahl verantworten.<\/p>\n\n\n\n<h2 class=\"wp-block-heading\">(Heidelberg) &#8211; Couragierte Frau wird von Unbekannter angegriffen \/ Polizei sucht Zeugen<\/h2>\n\n\n<div class=\"wp-block-image\">\n<figure class=\"aligncenter size-full\"><img decoding=\"async\" loading=\"lazy\" width=\"801\" height=\"600\" src=\"https:\/\/speyer24news.com\/wp-content\/uploads\/2020\/05\/Zeugen-gesucht-Neutral.jpg\" alt=\"\" class=\"wp-image-26598\" srcset=\"https:\/\/speyer24news.com\/wp-content\/uploads\/2020\/05\/Zeugen-gesucht-Neutral.jpg 801w, https:\/\/speyer24news.com\/wp-content\/uploads\/2020\/05\/Zeugen-gesucht-Neutral-300x225.jpg 300w, https:\/\/speyer24news.com\/wp-content\/uploads\/2020\/05\/Zeugen-gesucht-Neutral-768x575.jpg 768w, https:\/\/speyer24news.com\/wp-content\/uploads\/2020\/05\/Zeugen-gesucht-Neutral-678x509.jpg 678w, https:\/\/speyer24news.com\/wp-content\/uploads\/2020\/05\/Zeugen-gesucht-Neutral-326x245.jpg 326w, https:\/\/speyer24news.com\/wp-content\/uploads\/2020\/05\/Zeugen-gesucht-Neutral-80x60.jpg 80w\" sizes=\"(max-width: 801px) 100vw, 801px\" \/><\/figure><\/div>\n\n\n<p>Am Mittwoch stand eine 54-J\u00e4hrige Frau an der Stra\u00dfenbahnhaltestelle Kirchheim-Rathaus und beobachtete wie eine Frau um kurz nach 12:30 Uhr ihren M\u00fcll und Plastikflaschen dort zu Boden warf. Als sie die Unbekannte fragte, warum sie den Abfall nicht im dortigen M\u00fclleimer entsorgte, wurde ihr entgegnet, dass die 54-J\u00e4hrige gar nichts zu sagen h\u00e4tte. Nach derzeitigen Erkenntnissen ging die Unbekannte auf die \u00e4ltere Frau zu und gab ihr unvermittelt einen so heftigen Sto\u00df, dass sie nach hinten fiel und sich leicht verletzte. Danach stiegen beide Personen in die Stra\u00dfenbahn ein, wo es erneut zu einem Streitgespr\u00e4ch zwischen den beiden Frauen kam. Dieses m\u00fcndete darin, dass die Unbekannte erneut handgreiflich wurde und die 54-J\u00e4hrige mehrmals schlug. Nach der Tat stieg die Angreiferin an der Haltestelle Odenwaldstra\u00dfe aus der Bahn aus.<\/p>\n\n\n\n<p>Die Polizei leitete die Ermittlungen gegen die Unbekannte wegen K\u00f6rperverletzung ein.<\/p>\n\n\n\n<ul>\n<li><strong>Die T\u00e4terin hatte einen afro-afrikanischen Ph\u00e4notyp und einen kr\u00e4ftigen K\u00f6rperbau. <\/strong><\/li>\n\n\n\n<li><strong>Sie war knapp 170 cm gro\u00df und Mitte 30. <\/strong><\/li>\n\n\n\n<li><strong>Sie trug eine schwarze Hose, ein gelbes Camouflage T-Shirt und eine M\u00fctze. <\/strong><\/li>\n\n\n\n<li><strong>Die Frau hatte einen Kinderwagen und zwei Kinder dabei.<\/strong><\/li>\n<\/ul>\n\n\n\n<ul>\n<li><strong>Zeugen, die sachdienliche Hinweise geben k\u00f6nnen, werden gebeten sich beim Polizeirevier Heidelberg-Mitte, unter der Telefonnummer 06221-1857-0, zu melden.<\/strong><\/li>\n<\/ul>\n\n\n\n<h2 class=\"wp-block-heading\">(Schwetzingen \/ Rhein-Neckar-Kreis) &#8211; Frau \u00fcberrascht Diebin im Keller \/ Polizei sucht Zeugen<\/h2>\n\n\n\n<p>Als am Mittwoch die Bewohnerin eines Hauses in der Schimperstra\u00dfe gegen 18 Uhr zur\u00fcckkehrte, bemerkte sie im Treppenhaus, dass in ihrem Keller das Licht brannte. Als sie nach unten ging, um nachzusehen, lief ihr eine unbekannte Frau entgegen. Als sie die Dame auf das Waschmittel und die Getr\u00e4nke, welche diese in den H\u00e4nden hielt, ansprach, verlie\u00df die Unbekannte wortlos das Mehrparteienhaus, deponierte die Sachen im Korb eines Fahrrads und wollte davonfahren. Dem hinzukommenden Ehemann gelang es noch, die Gegenst\u00e4nde an sich zu nehmen, bevor die Unbekannte fl\u00fcchtete. Im Nachgang stellte sich heraus, dass die Sachen aus dem Keller der Bewohnerin stammten<\/p>\n\n\n\n<p>Das Polizeirevier Schwetzingen ermittelt nun wegen Diebstahl.<\/p>\n\n\n\n<ul>\n<li><strong>Die Person wird als ungef\u00e4hr 45 Jahre alt<\/strong><\/li>\n\n\n\n<li><strong>170 cm gro\u00df und <\/strong><\/li>\n\n\n\n<li><strong>mit dunklen, schwarzen Haaren, die zu einem Zopf zusammengebunden waren, <\/strong><\/li>\n\n\n\n<li><strong>sowie braunen Augen beschrieben.<\/strong><\/li>\n<\/ul>\n\n\n\n<ul>\n<li><strong>Zeugen, die sachdienliche Hinweise geben k\u00f6nnen, werden gebeten sich beim Polizeirevier Schwetzingen, unter der Telefonnummer 06202-288-0, zu melden.<\/strong><\/li>\n<\/ul>\n\n\n\n<h2 class=\"wp-block-heading\">(A 6 \/ Hockenheim \/ Rhein-Neckar-Kreis) &#8211; Unfall nach Spurenwechsel \/ 4.000 Euro Schaden &#8211; Zeugen gesucht!<\/h2>\n\n\n\n<p>Am Mittwoch kam es gegen 10 Uhr auf der BAB6 auf H\u00f6he des Hockenheimrings zu einem Verkehrsunfall. Eine 74-J\u00e4hrige Fiat-Fahrerin war in Fahrtrichtung Heilbronn unterwegs, als sie in der Baustelle mit einem LKW seitlich kollidierte. Verletzt wurde gl\u00fccklicherweise niemand, der Sachschaden bel\u00e4uft sich auf rund 4.000 Euro.<\/p>\n\n\n\n<p>Aufgrund unterschiedlicher Angaben zum Unfallhergang, bittet die Polizei Zeugen, welche das Geschehen beobachtet haben, sich beim Verkehrsdienst Walldorf, unter der Telefonnummer 06227-358260, zu melden.<\/p>\n\n\n\n<h2 class=\"wp-block-heading\">(Edingen-Neckarhausen \/ Rhein-Neckar-Kreis) &#8211; Wohnmobil entwendet \/ Zeugen gesucht!<\/h2>\n\n\n<div class=\"wp-block-image\">\n<figure class=\"aligncenter size-full\"><img decoding=\"async\" loading=\"lazy\" width=\"801\" height=\"600\" src=\"https:\/\/speyer24news.com\/wp-content\/uploads\/2020\/05\/Zeugen-gesucht-Neutral.jpg\" alt=\"\" class=\"wp-image-26598\" srcset=\"https:\/\/speyer24news.com\/wp-content\/uploads\/2020\/05\/Zeugen-gesucht-Neutral.jpg 801w, https:\/\/speyer24news.com\/wp-content\/uploads\/2020\/05\/Zeugen-gesucht-Neutral-300x225.jpg 300w, https:\/\/speyer24news.com\/wp-content\/uploads\/2020\/05\/Zeugen-gesucht-Neutral-768x575.jpg 768w, https:\/\/speyer24news.com\/wp-content\/uploads\/2020\/05\/Zeugen-gesucht-Neutral-678x509.jpg 678w, https:\/\/speyer24news.com\/wp-content\/uploads\/2020\/05\/Zeugen-gesucht-Neutral-326x245.jpg 326w, https:\/\/speyer24news.com\/wp-content\/uploads\/2020\/05\/Zeugen-gesucht-Neutral-80x60.jpg 80w\" sizes=\"(max-width: 801px) 100vw, 801px\" \/><\/figure><\/div>\n\n\n<p>Zwischen Freitag, 12 Uhr, und Mittwoch, 12 Uhr, wurde ein Wohnmobil der Marke &#8222;Fiat&#8220; in der Mannheimer Stra\u00dfe im Stadtteil Neu-Edingen entwendet. Nachdem ein Bekannter die Besitzer fragte, ob diese im Urlaub sind, wurde das Ehepaar stutzig und sie fuhren zur \u00d6rtlichkeit an dem sie ihr Wohnmobil abgestellt hatten. Nachdem sie auch die umliegenden Stra\u00dfen abgesucht hatte, alarmierten sie die Polizei. Der Diebstahlschaden bel\u00e4uft sich auf rund 50.000 Euro. Die Ermittlungen wurden durch das Polizeirevier Ladenburg eingeleitet und durch die Kriminalpolizei \u00fcbernommen.<\/p>\n\n\n\n<ul>\n<li><strong>Zeugen, die sachdienliche Hinweise geben k\u00f6nnen, werden gebeten sich beim Polizeirevier Ladenburg, unter der Telefonnummer 06203-93050, zu melden.<\/strong><\/li>\n<\/ul>\n\n\n\n<h2 class=\"wp-block-heading\">(Eberbach \/ Rhein-Neckar-Kreis) &#8211; Frau f\u00e4hrt unter Drogen und landet auf Polizeirevier<\/h2>\n\n\n\n<p>Eine 44-J\u00e4hrige Skoda-Fahrerin befuhr am Mittwoch gegen 17 Uhr die B45 in Fahrtrichtung Eberbach. Hier wurde sie an einer eingerichteten Kontrollstelle einer allgemeinen Verkehrskontrolle unterzogen. Den Beamten konnten aus dem Fahrzeuginneren Marihuana-Geruch feststellen. Da die Frau k\u00f6rperliche Anzeichen aufwies die auf einen Drogenkonsum hinweisen (wie w\u00e4ssrige Augen und nerv\u00f6sem Auftreten), wurde bei der Frau ein freiwilliger Urin-Test durchgef\u00fchrt. Da dieser positiv ausfiel wurde der Frau die Weiterfahrt untersagt und sie musste die Beamten aufs n\u00e4chstgelegene Polizeirevier begleiten, wo sie eine Blutprobe abgeben musste.<\/p>\n\n\n\n<p>Die 44-J\u00e4hrige hat nicht nur f\u00fchrerscheinrechtliche Konsequenzen zu bef\u00fcrchten, sondern auch mit einer Anzeige wegen Fahren unter Bet\u00e4ubungsmitteleinfluss.<\/p>\n\n\n\n<h2 class=\"wp-block-heading\">(Sch\u00f6nbrunn \/ Rhein-Neckar-Kreis) &#8211; Verkehrsunfall zwischen Bus und PKW<\/h2>\n\n\n\n<p>Aktuell ist der Kreuzungsbereich auf der L 595\/Sch\u00f6nbrunner Stra\u00dfe gesperrt. Hier kam es zu einem Verkehrsunfall zwischen einem PKW und einem Bus. Eine Person ist im Fahrzeug eingeschlossen. Die Rettungskr\u00e4fte sind im Einsatz. Ortskundige werden gebeten, die Unfallstelle zu umfahren. \u00dcber verletzte Personen ist bislang nichts bekannt.<\/p>\n\n\n\n<h3 class=\"wp-block-heading has-text-align-center\">Pressemeldung Nr. 2<\/h3>\n\n\n\n<p>Am Donnerstag gegen 10.55 Uhr kam es im Kreuzungsbereich auf der L 595\/Sch\u00f6nbrunner Stra\u00dfe zu einem Verkehrsunfall zwischen einem PKW und einem Bus. Hierbei wurden die beiden Fahrzeugf\u00fchrer leicht verletzt. Der Kreuzungsbereich wurde vor\u00fcbergehend bis 13 Uhr gesperrt und verkehrslenkende Ma\u00dfnahmen getroffen. Der Bus konnte nach der Unfallaufnahme weggefahren werden, w\u00e4hrend der PKW abgeschleppt werden musste.<\/p>\n","protected":false},"excerpt":{"rendered":"<div class=\"mh-excerpt\"><p>Polizeimeldungen vom Donnerstag (28.08.2023) (Speyer) &#8211; Kellerabteil aufgebrochen Bislang unbekannte T\u00e4ter verschafften sich in der Zeit vom 26.09.2023, 18:00 Uhr bis zum 27.09.2023, 15:45 Uhr Zutritt zu Tiefgaragen in der Windthorststra\u00dfe und brachen dort ein <a class=\"mh-excerpt-more\" href=\"https:\/\/speyer24news.com\/?p=54513\" title=\"Polizeimeldungen Donnerstag (28.08.23)\">[&#8230;]<\/a><\/p>\n<\/div>","protected":false},"author":3,"featured_media":26162,"comment_status":"open","ping_status":"open","sticky":false,"template":"","format":"standard","meta":{"_monsterinsights_skip_tracking":false,"_monsterinsights_sitenote_active":false,"_monsterinsights_sitenote_note":"","_monsterinsights_sitenote_category":0,"footnotes":""},"categories":[15659],"tags":[7243,7244,3614,350,14537,15084,15267,14538,15361,15845,702,61,2555,6955,6986,6263,63,105,11150,6987,53,4854,13534,4683,1548,4905,11592,102,13626,213,14325,14324,13553,13541,55,8277,6368],"aioseo_notices":[],"amp_enabled":true,"_links":{"self":[{"href":"https:\/\/speyer24news.com\/index.php?rest_route=\/wp\/v2\/posts\/54513"}],"collection":[{"href":"https:\/\/speyer24news.com\/index.php?rest_route=\/wp\/v2\/posts"}],"about":[{"href":"https:\/\/speyer24news.com\/index.php?rest_route=\/wp\/v2\/types\/post"}],"author":[{"embeddable":true,"href":"https:\/\/speyer24news.com\/index.php?rest_route=\/wp\/v2\/users\/3"}],"replies":[{"embeddable":true,"href":"https:\/\/speyer24news.com\/index.php?rest_route=%2Fwp%2Fv2%2Fcomments&post=54513"}],"version-history":[{"count":2,"href":"https:\/\/speyer24news.com\/index.php?rest_route=\/wp\/v2\/posts\/54513\/revisions"}],"predecessor-version":[{"id":54519,"href":"https:\/\/speyer24news.com\/index.php?rest_route=\/wp\/v2\/posts\/54513\/revisions\/54519"}],"wp:featuredmedia":[{"embeddable":true,"href":"https:\/\/speyer24news.com\/index.php?rest_route=\/wp\/v2\/media\/26162"}],"wp:attachment":[{"href":"https:\/\/speyer24news.com\/index.php?rest_route=%2Fwp%2Fv2%2Fmedia&parent=54513"}],"wp:term":[{"taxonomy":"category","embeddable":true,"href":"https:\/\/speyer24news.com\/index.php?rest_route=%2Fwp%2Fv2%2Fcategories&post=54513"},{"taxonomy":"post_tag","embeddable":true,"href":"https:\/\/speyer24news.com\/index.php?rest_route=%2Fwp%2Fv2%2Ftags&post=54513"}],"curies":[{"name":"wp","href":"https:\/\/api.w.org\/{rel}","templated":true}]}}