{"id":54522,"date":"2023-09-30T10:04:39","date_gmt":"2023-09-30T09:04:39","guid":{"rendered":"https:\/\/speyer24news.com\/?p=54522"},"modified":"2023-09-30T10:08:18","modified_gmt":"2023-09-30T09:08:18","slug":"polizeimeldungen-freitag-29-08-23","status":"publish","type":"post","link":"https:\/\/speyer24news.com\/?p=54522","title":{"rendered":"Polizeimeldungen Freitag (29.08.23)"},"content":{"rendered":"<style type=\"text\/css\">\r\n\t.ads_top_disp{}\r\n\t.ads_top_corner_disp{ float:left; margin:0px 10px 10px 0px; }\r\n\t.ads_first_p_disp{}\r\n\t.ads_bottom_disp{}\r\n\t<\/style>\n<h2 class=\"wp-block-heading\">Polizeimeldungen vom Freitag (29.08.2023)<\/h2>\n\n\n<div class=\"wp-block-image\">\n<figure class=\"aligncenter size-full\"><img decoding=\"async\" loading=\"lazy\" width=\"375\" height=\"500\" src=\"https:\/\/speyer24news.com\/wp-content\/uploads\/2022\/03\/Aktuelles-Polizeilogo.jpg\" alt=\"\" class=\"wp-image-43591\" srcset=\"https:\/\/speyer24news.com\/wp-content\/uploads\/2022\/03\/Aktuelles-Polizeilogo.jpg 375w, https:\/\/speyer24news.com\/wp-content\/uploads\/2022\/03\/Aktuelles-Polizeilogo-225x300.jpg 225w\" sizes=\"(max-width: 375px) 100vw, 375px\" \/><\/figure><\/div>\n\n\n<h2 class=\"wp-block-heading\">(Speyer) &#8211; Geldbeutel beim Einkaufen entwendet<\/h2>\n\n\n<div class=\"wp-block-image\">\n<figure class=\"aligncenter size-full\"><img decoding=\"async\" loading=\"lazy\" width=\"800\" height=\"490\" src=\"https:\/\/speyer24news.com\/wp-content\/uploads\/2022\/12\/SymbolfotoSpruehkreideTaschendiebstahl.jpg\" alt=\"\" class=\"wp-image-50249\" srcset=\"https:\/\/speyer24news.com\/wp-content\/uploads\/2022\/12\/SymbolfotoSpruehkreideTaschendiebstahl.jpg 800w, https:\/\/speyer24news.com\/wp-content\/uploads\/2022\/12\/SymbolfotoSpruehkreideTaschendiebstahl-300x184.jpg 300w, https:\/\/speyer24news.com\/wp-content\/uploads\/2022\/12\/SymbolfotoSpruehkreideTaschendiebstahl-768x470.jpg 768w\" sizes=\"(max-width: 800px) 100vw, 800px\" \/><\/figure><\/div>\n\n\n<p>Am 28.09.2023 gegen 10:00 Uhr befand sich eine 83-j\u00e4hrige Dame in der Obstabteilung eines Supermarktes in der Auestra\u00dfe. Sie hatte ihre schwarze Geldb\u00f6rse in ihrer Umh\u00e4ngetasche, die sie eng am K\u00f6rper trug. Beim sp\u00e4teren Nachsehen stellte sie fest, dass die Geldb\u00f6rse aus der Umh\u00e4ngetasche fehlte. In der Geldb\u00f6rse befanden sich der Personalausweis sowie der F\u00fchrerschein und ein niedriger dreistelliger Bargeldbetrag.<\/p>\n\n\n\n<ul>\n<li><strong>Zeugen werden gebeten, ihre Wahrnehmungen der Polizei Speyer telefonisch oder per E-Mail mitzuteilen (Tel. 06232 \/ 137-0, E-Mail an&nbsp;<a href=\"mailto:%20pispeyer@polizei.rlp.de\">pispeyer@polizei.rlp.de<\/a>).<\/strong><\/li>\n<\/ul>\n\n\n\n<h4 class=\"wp-block-heading\">So sch\u00fctzen Sie sich vor Taschendieben:<\/h4>\n\n\n\n<ul>\n<li><strong>Taschendiebe lassen sich am typisch suchenden Blick erkennen: Sie meiden den direkten Blickkontakt zum Opfer und schauen eher nach der Beute.<\/strong><\/li>\n\n\n\n<li><strong>Tragen Sie Geld, Schecks, Kreditkarten und Papiere immer in verschiedenen verschlossenen Innentaschen der Kleidung m\u00f6glichst dicht am K\u00f6rper. Die Polizei warnt in diesem Zusammenhang nochmals eindringlich davor die PIN im Geldbeutel aufbewahren.<\/strong><\/li>\n\n\n\n<li><strong>Tragen Sie Hand- und Umh\u00e4ngetaschen verschlossen auf der K\u00f6rpervorderseite oder klemmen Sie sie sich unter den Arm.<\/strong><\/li>\n\n\n\n<li><strong>Benutzen Sie einen Brustbeutel, eine G\u00fcrtelinnentasche, einen Geldg\u00fcrtel oder eine am G\u00fcrtel angekettete Geldb\u00f6rse.<\/strong><\/li>\n\n\n\n<li><strong>Legen Sie Geldb\u00f6rsen nicht oben in Einkaufstasche, Einkaufskorb oder Einkaufswagen, sondern tragen Sie sie m\u00f6glichst k\u00f6rpernah. H\u00e4ngen Sie Handtaschen im Restaurant, im Kaufhaus oder im Laden (selbst bei der Anprobe von Schuhen oder Kleidung) nicht an Stuhllehnen und stellen Sie sie nicht unbeaufsichtigt ab.<\/strong><\/li>\n<\/ul>\n\n\n\n<h2 class=\"wp-block-heading\">(B 9\/ Speyer) &#8211; Beim Abbiegen Roller \u00fcbersehen<\/h2>\n\n\n\n<p>Am 28.09.2023 gegen 08:30 Uhr befuhr ein 62-J\u00e4hriger mit seinem Pkw die alte B9 aus Richtung Landauer Stra\u00dfe kommend in Richtung B39. Zur gleichen Zeit befuhr eine 59-J\u00e4hrige mit ihrem Motorroller die alte B9 in entgegengesetzter Richtung. An der Einm\u00fcndung zur B39 wollte der PKW-Fahrer nach links auf die Auffahrt zur B39 auffahren. Dabei \u00fcbersah er die entgegenkommende vorfahrtsberechtigte Rollerfahrerin. Diese vermutete einen Zusammensto\u00df und erschrak so sehr, dass sie nach rechts vom Roller st\u00fcrzte. Dabei zog sie sich leichte Verletzungen zu, die durch den hinzugerufenen Rettungsdienst erstversorgt wurden. Es entstand lediglich Sachschaden am Motorroller in H\u00f6he von ca. 500 EUR.<\/p>\n\n\n\n<h2 class=\"wp-block-heading\">(L 528 \/ B\u00f6hl-Iggelheim) &#8211; Verkehrsunfall mit zwei verletzten Beteiligten<\/h2>\n\n\n\n<p>Am Donnerstagmittag, gegen 14:00 Uhr, befuhr eine 30-J\u00e4hrige mit ihrem Pkw, besetzt mit drei Kleinkindern, die K18 von Hochdorf kommend in Fahrtrichtung B\u00f6hl. Als die 30-J\u00e4hrige auf die L528 abbiegen wollte, missachtete sie die bevorrechtigte, von links kommende 67-j\u00e4hrige Pkw-Fahrerin und kollidierte mit dieser. Die 30-J\u00e4hrige wurde leicht verletzt, ihre Kinder im Alter zwischen eins und drei Jahren, erlitten keine Verletzungen. Die 67-J\u00e4hrige wurde schwer verletzt und in ein Krankenhaus eingeliefert. Bei beiden Fahrzeugen ist von einem wirtschaftlichen Totalschaden auszugehen.<\/p>\n\n\n\n<h2 class=\"wp-block-heading\">(A 61 \/ Schifferstadt) &#8211; Steinewerfer auf der A61 \/ Zeugen gesucht!<\/h2>\n\n\n<div class=\"wp-block-image\">\n<figure class=\"aligncenter size-full\"><img decoding=\"async\" loading=\"lazy\" width=\"801\" height=\"600\" src=\"https:\/\/speyer24news.com\/wp-content\/uploads\/2020\/05\/Zeugen-gesucht-Neutral.jpg\" alt=\"\" class=\"wp-image-26598\" srcset=\"https:\/\/speyer24news.com\/wp-content\/uploads\/2020\/05\/Zeugen-gesucht-Neutral.jpg 801w, https:\/\/speyer24news.com\/wp-content\/uploads\/2020\/05\/Zeugen-gesucht-Neutral-300x225.jpg 300w, https:\/\/speyer24news.com\/wp-content\/uploads\/2020\/05\/Zeugen-gesucht-Neutral-768x575.jpg 768w, https:\/\/speyer24news.com\/wp-content\/uploads\/2020\/05\/Zeugen-gesucht-Neutral-678x509.jpg 678w, https:\/\/speyer24news.com\/wp-content\/uploads\/2020\/05\/Zeugen-gesucht-Neutral-326x245.jpg 326w, https:\/\/speyer24news.com\/wp-content\/uploads\/2020\/05\/Zeugen-gesucht-Neutral-80x60.jpg 80w\" sizes=\"(max-width: 801px) 100vw, 801px\" \/><\/figure><\/div>\n\n\n<p>Am 29.09.2023 um 16:40 Uhr meldete ein 41-J\u00e4hriger Verkehrsteilnehmer, dass bislang unbekannte Personen Steine von der Fu\u00dfg\u00e4ngerbr\u00fccke im Schifferst\u00e4dter Wald auf die A61 geworfen haben. Dabei traf ein Stein das Panoramadach des 41-J\u00e4hrigen und verursachte Sachschaden in H\u00f6he von 1000 Euro.<\/p>\n\n\n\n<ul>\n<li><strong>Zeugen, die den Vorfall beobachtet haben, werden gebeten sich bei der Polizeiautobahnstation Ruchheim unter 06237 &#8211; 9330 zu melden.<\/strong><\/li>\n<\/ul>\n\n\n\n<h2 class=\"wp-block-heading\">(Bad Bergzabern) &#8211; Cabrio besch\u00e4digt \/ Zeugen gesucht<\/h2>\n\n\n\n<p>Unbekannte besch\u00e4digten im Zeitraum 22.09.-25.09.23, in der Lessingstra\u00dfe, auf dem Parkplatz der Schulaula, an einem Pkw Opel Cascada Cabrio durch Gewalteinwirkung das Verdeck. Der Sachschaden wird auf 5000.- Euro gesch\u00e4tzt. <\/p>\n\n\n\n<ul>\n<li><strong>Zeugen werden gebeten sich unter 06343\/93340 oder&nbsp;<a href=\"mailto:%20pibadbergzabern@polizei.rlp.de\">pibadbergzabern@polizei.rlp.de<\/a>&nbsp;bei der Polizeiinspektion Bad Bergzabern zu melden.<\/strong><\/li>\n<\/ul>\n\n\n\n<h2 class=\"wp-block-heading\">(Annweiler) &#8211; Motorradunfall im Wellbachtal<\/h2>\n\n\n<div class=\"wp-block-image\">\n<figure class=\"aligncenter size-full\"><img decoding=\"async\" loading=\"lazy\" width=\"800\" height=\"600\" src=\"https:\/\/speyer24news.com\/wp-content\/uploads\/2023\/09\/RTW-Hubschrauber-Vorderpfalz.jpg\" alt=\"\" class=\"wp-image-54495\" srcset=\"https:\/\/speyer24news.com\/wp-content\/uploads\/2023\/09\/RTW-Hubschrauber-Vorderpfalz.jpg 800w, https:\/\/speyer24news.com\/wp-content\/uploads\/2023\/09\/RTW-Hubschrauber-Vorderpfalz-300x225.jpg 300w, https:\/\/speyer24news.com\/wp-content\/uploads\/2023\/09\/RTW-Hubschrauber-Vorderpfalz-768x576.jpg 768w, https:\/\/speyer24news.com\/wp-content\/uploads\/2023\/09\/RTW-Hubschrauber-Vorderpfalz-678x509.jpg 678w, https:\/\/speyer24news.com\/wp-content\/uploads\/2023\/09\/RTW-Hubschrauber-Vorderpfalz-326x245.jpg 326w, https:\/\/speyer24news.com\/wp-content\/uploads\/2023\/09\/RTW-Hubschrauber-Vorderpfalz-80x60.jpg 80w\" sizes=\"(max-width: 800px) 100vw, 800px\" \/><\/figure><\/div>\n\n\n<p>Am Donnerstag verunfallte kurz vor 14h ein 24-j\u00e4hriger Motorradfahrer auf der B48 im Wellbachtal. Hierbei kam er ersten Ermittlungen zufolge infolge \u00fcberh\u00f6hter Geschwindigkeit in einer Linkskurve nach rechts von der Fahrbahn ab. Der junge Mann wurde hierbei schwer, aber nicht lebensgef\u00e4hrlich verletzt. Aufgrund der Versorgung des Verunfallten musste ein Rettungshubschrauber landen und die B48 zeitweise gesperrt werden. Nach Angaben weiterer Verkehrsteilnehmer war der Motorradfahrer bereits zuvor durch seine nicht angepasste Geschwindigkeit aufgefallen. Die getragenen Holzknieschleifer wiesen deutliche Abriebspuren auf. Aufgrund der genannten Tatsachen ergeht \u00fcber die Unfallaufnahme hinaus eine Mitteilung an die F\u00fchrerscheinstelle. Die Polizei weist in diesem Zusammenhang nochmals darauf hin, dass eine grenzg\u00e4ngerische Austestung des fahrerischen K\u00f6nnens auf einer Rennstrecke zu erfolgen hat, sonst kann die Grenze zwischen &#8222;das kann ich noch&#8220; und &#8222;hab es leider nicht ganz geschafft&#8220; schnell zur Grenze zwischen Leben und Tod werden. Nur auf der Rennstrecke sind ausreichende Auslaufzonen vorhanden, nur dort gibt es speziellen Aufprallschutz.<\/p>\n\n\n\n<h2 class=\"wp-block-heading\">(B 271 \/ Kirchheim) &#8211; Frontalzusammensto\u00df<\/h2>\n\n\n<div class=\"wp-block-image\">\n<figure class=\"aligncenter size-full\"><img decoding=\"async\" loading=\"lazy\" width=\"800\" height=\"600\" src=\"https:\/\/speyer24news.com\/wp-content\/uploads\/2023\/09\/VU-2.jpg\" alt=\"\" class=\"wp-image-54524\" srcset=\"https:\/\/speyer24news.com\/wp-content\/uploads\/2023\/09\/VU-2.jpg 800w, https:\/\/speyer24news.com\/wp-content\/uploads\/2023\/09\/VU-2-300x225.jpg 300w, https:\/\/speyer24news.com\/wp-content\/uploads\/2023\/09\/VU-2-768x576.jpg 768w, https:\/\/speyer24news.com\/wp-content\/uploads\/2023\/09\/VU-2-678x509.jpg 678w, https:\/\/speyer24news.com\/wp-content\/uploads\/2023\/09\/VU-2-326x245.jpg 326w, https:\/\/speyer24news.com\/wp-content\/uploads\/2023\/09\/VU-2-80x60.jpg 80w\" sizes=\"(max-width: 800px) 100vw, 800px\" \/><\/figure><\/div>\n\n\n<p>Am Abend des 29.09.2023 kam es gegen 18:40 Uhr zu einem Verkehrsunfall auf der B 271 zwischen Gr\u00fcnstadt und Herxheim am Berg. Eine 53-J\u00e4hrige befuhr mit ihrem BMW Mini One die B 271 in Richtung Herxheim am Berg. Auf dem Streckenabschnitt zwischen den Abfahrten Kirchheim Nord und Kirchheim S\u00fcd war die Frau kurzzeitig durch ihr Navigationsger\u00e4t abgelenkt. Sie kam hierbei auf gerader Strecke zun\u00e4chst nach rechts von der Fahrbahn ab, musste gegenlenken und prallte dabei frontal mit einem entgegenkommenden Skoda Fabia einer 41-J\u00e4hrigen zusammen. Durch die Kollision kam der BMW Mini quer auf der Fahrbahn zum Stehen. Ein 25-j\u00e4hriger Hyundai-Fahrer, welcher hinter dem Skoda fuhr, konnte nicht mehr rechtzeitig bremsen und prallte gegen den BMW Mini. Alle drei Fahrzeuge waren im Anschluss nicht mehr fahrbereit und mussten abgeschleppt werden. Die Gesamtschadensh\u00f6he wird auf ca. 50000EUR gesch\u00e4tzt. Die drei Fahrzeugf\u00fchrer sowie der 52-j\u00e4hrige Beifahrer der Skoda-Fahrerin wurden gl\u00fccklicherweise nur leicht verletzt und zur weiteren Behandlung in umliegende Krankenh\u00e4user verbracht. Zur Unfallaufnahme und anschlie\u00dfenden Reinigung der Fahrbahn musste diese bis 22:10 Uhr voll gesperrt werden.<\/p>\n\n\n\n<h2 class=\"wp-block-heading\">(Neuleiningen) &#8211; Verkehrsunfall mit verletztem Fahrradfahrer<\/h2>\n\n\n\n<p>Leichte Verletzungen zog sich ein 55 Jahre alter Rennradfahrer bei einem Verkehrsunfall am 28.09.2023 gegen 18:00 Uhr zu. Er befuhr die Talstra\u00dfe in Richtung Altleiningen und \u00fcbersah aufgrund der tiefstehenden Sonne einen am rechten Fahrbahnrand ordnungsgem\u00e4\u00df geparkten Pkw. Es kam zur Kollision und infolge derer der Rennradfahrer zu Fall. Der Gesamtsachschaden betr\u00e4gt ca. 850 Euro.<\/p>\n\n\n\n<h2 class=\"wp-block-heading\">(Gr\u00fcnstadt-Sausenheim) &#8211; Schulweg\u00fcberwachung \/ Schule am Ritterstein<\/h2>\n\n\n\n<p>Am 29.09.2023 wurde im Zeitraum 07:30 &#8211; 08:10 Uhr eine Schulweg\u00fcberwachung durch die Polizeiinspektion Gr\u00fcnstadt durchgef\u00fchrt. Hierbei wurden die ankommenden Fahrzeuge insbesondere hinsichtlich der ordnungsgem\u00e4\u00dfen Sicherung der Kinder kontrolliert. Bei den kontrollierten Fahrzeugen waren zwei Kinder nicht richtig gesichert und ein Kind gar nicht angeschnallt. Weiterhin waren zwei Erwachsene Fahrzeuginsassen nicht angeschnallt.<\/p>\n\n\n\n<p>Gegen die betroffenen Personen wurde ein Ordnungswidrigkeitsverfahren eingeleitet. In verkehrserzieherischen Gespr\u00e4chen wurde den Personen die ordnungsgem\u00e4\u00dfe Sicherung von Kindern im Stra\u00dfenverkehr erl\u00e4utert.<\/p>\n\n\n\n<h2 class=\"wp-block-heading\">(K 1 \/ Frankenthal) &#8211; Verkehrsunfall mit t\u00f6dlich verletzter Person auf der K1 zwischen Bobenheim-Roxheim und Frankenthal-Petersau<\/h2>\n\n\n\n<h3 class=\"wp-block-heading\">Gemeinsame Pressemitteilung von Staatsanwaltschaft Frankenthal und Polizei Frankenthal<\/h3>\n\n\n<div class=\"wp-block-image\">\n<figure class=\"aligncenter size-full\"><img decoding=\"async\" loading=\"lazy\" width=\"800\" height=\"533\" src=\"https:\/\/speyer24news.com\/wp-content\/uploads\/2021\/01\/Ruhe-in-Frieden.jpg\" alt=\"\" class=\"wp-image-32361\" srcset=\"https:\/\/speyer24news.com\/wp-content\/uploads\/2021\/01\/Ruhe-in-Frieden.jpg 800w, https:\/\/speyer24news.com\/wp-content\/uploads\/2021\/01\/Ruhe-in-Frieden-300x200.jpg 300w, https:\/\/speyer24news.com\/wp-content\/uploads\/2021\/01\/Ruhe-in-Frieden-768x512.jpg 768w\" sizes=\"(max-width: 800px) 100vw, 800px\" \/><\/figure><\/div>\n\n\n<p>Am Donnerstag, den 28.09.2023, wurde der Polizeiinspektion Frankenthal gegen 20:00 Uhr ein stark deformierter PKW auf der K1 zwischen Bobenheim-Roxheim und Frankenthal-Petersau mitgeteilt. Vor Ort k\u00f6nnen die Beamten den PKW mit eingeklemmtem 33-j\u00e4hrigen Fahrzeugf\u00fchrer an einem entlang der Strecke stehenden Baum feststellen. Augenscheinlich kollidierte der PKW mit dem Baum entlang einer leichten Linkskurve mit hoher Geschwindigkeit. Andere Personen befanden sich nicht im PKW. Der hinzugerufene Notarzt konnte nur noch den Tod des Fahrzeugf\u00fchrers feststellen. Warum der Fahrzeugf\u00fchrer von der Stra\u00dfe abkam und ob die gefahrene Geschwindigkeit auch die dort zul\u00e4ssige H\u00f6chstgeschwindigkeit \u00fcberstieg, ist Teil der Ermittlungen. Zur Rekonstruktion des genauen Hergangs wurde ein Gutachter beauftragt.<\/p>\n\n\n\n<ul>\n<li><strong>Zeugen werden gebeten sich an die Polizeiinspektion Frankenthal unter der Tel.-Nr.: 06233\/313-0 oder an die Polizeiwache Maxdorf unter der Tel.-Nr.: 06237\/934-1100 zu wenden. Gerne nehmen wir Ihre Hinweise auch per E-Mail unter&nbsp;<a href=\"mailto:%20pifrankenthal@polizei.rlp.de\">pifrankenthal@polizei.rlp.de<\/a>&nbsp;entgegen.<\/strong><\/li>\n<\/ul>\n\n\n\n<h2 class=\"wp-block-heading\">(Frankenthal) &#8211; Angriff auf Justizvollzugsbeamte<\/h2>\n\n\n\n<h3 class=\"wp-block-heading\">Gemeinsame Pressemitteilung der Staatsanwaltschaft Frankenthal (Pfalz) und des Polizeipr\u00e4sidiums Rheinpfalz<\/h3>\n\n\n<div class=\"wp-block-image\">\n<figure class=\"aligncenter size-full\"><img decoding=\"async\" loading=\"lazy\" width=\"800\" height=\"533\" src=\"https:\/\/speyer24news.com\/wp-content\/uploads\/2022\/06\/Blaulicht.jpg\" alt=\"\" class=\"wp-image-46705\" srcset=\"https:\/\/speyer24news.com\/wp-content\/uploads\/2022\/06\/Blaulicht.jpg 800w, https:\/\/speyer24news.com\/wp-content\/uploads\/2022\/06\/Blaulicht-300x200.jpg 300w, https:\/\/speyer24news.com\/wp-content\/uploads\/2022\/06\/Blaulicht-768x512.jpg 768w\" sizes=\"(max-width: 800px) 100vw, 800px\" \/><\/figure><\/div>\n\n\n<p>Am Mittwochabend (27.09.2023), gegen 20:30 Uhr, griff ein 22-j\u00e4hriger Inhaftierter einen Bediensteten in der Justizvollzugsanstalt (JVA) Frankenthal an und verletzte ihn schwer. Dem 22-J\u00e4hrigen gelang es im anschlie\u00dfenden Gerangel die Schl\u00fcssel eines Justizvollzugsbeamten an sich zu nehmen und er versuchte zu fl\u00fcchten. Noch in der Anstalt konnte er durch alarmierte Polizeikr\u00e4fte und weitere Justizvollzugsbeamte gestellt und in eine Zelle gebracht werden. Der angegriffene Bedienstete erlitt eine Stichwunde am Hals. Er wurde durch den Rettungsdienst in ein Krankenhaus gebracht und notoperiert. Lebensgefahr besteht nach derzeitigem Kenntnisstand nicht. Ein weiterer Justizvollzugsbeamter verletzte sich im Gerangel leicht. Zwischenzeitlich wurde der Angreifer in eine andere Justizvollzugsanstalt verlegt.<\/p>\n\n\n\n<p>Die Kriminalpolizei Ludwigshafen und die Staatsanwaltschaft Frankenthal haben die Ermittlungen aufgenommen.<\/p>\n\n\n\n<h2 class=\"wp-block-heading\">(Polizeiautobahnstation Ruchheim) &#8211; Alarm f\u00fcr &#8222;Cobra 11&#8220;; hier: Weinbiet 50 \/ Autobahnpolizei hautnah<\/h2>\n\n\n<div class=\"wp-block-image\">\n<figure class=\"aligncenter size-full\"><img decoding=\"async\" loading=\"lazy\" width=\"500\" height=\"696\" src=\"https:\/\/speyer24news.com\/wp-content\/uploads\/2023\/09\/Nachwuchswerbung.jpg\" alt=\"\" class=\"wp-image-54525\" srcset=\"https:\/\/speyer24news.com\/wp-content\/uploads\/2023\/09\/Nachwuchswerbung.jpg 500w, https:\/\/speyer24news.com\/wp-content\/uploads\/2023\/09\/Nachwuchswerbung-216x300.jpg 216w\" sizes=\"(max-width: 500px) 100vw, 500px\" \/><figcaption class=\"wp-element-caption\">Informier Dich hier!<\/figcaption><\/figure><\/div>\n\n\n<p>Du interessierst dich f\u00fcr den Polizeiberuf? Dann bist du am 06.10.2023 bei uns richtig! <strong>Am Freitag, dem 06.10.2023, bietet die Polizeiautobahnstation Ruchheim von 16 Uhr bis 19:00 Uhr im Hof der Dienststelle eine Informationsveranstaltung f\u00fcr Berufsinteressierte an.<\/strong> Die Veranstaltung richtet sich insbesondere an Sch\u00fclerinnen und Sch\u00fcler, die sich beruflich orientieren m\u00f6chten sowie Interessierte, die bereits einen Schulabschluss oder eine Berufsausbildung haben. Du hast Lust, dich \u00fcber einen krisenfesten, spannenden und vielf\u00e4ltigen Beruf zu informieren? Unsere Kolleginnen und Kollegen beantworten Euch vor Ort gerne Fragen zum Berufsalltag und beraten rund um das Thema Einstellung. So kannst Du aus erster Hand einen Einblick in den Verlauf des Studiums und die sp\u00e4teren vielf\u00e4ltigen Verwendungsm\u00f6glichkeiten bei der Polizei Rheinland-Pfalz erfahren. Dazu gibt es Infos zu den Einstellungsvorrausetzungen, zum Auswahlverfahren und nat\u00fcrlich spannende Geschichten aus dem Dienst. Nimm Platz in unseren Fahrzeugen und probiere spannende Ausr\u00fcstungsgegenst\u00e4nde und Einsatzmittel des t\u00e4glichen Dienstes aus. Nehmt in unserer Schutzausr\u00fcstung an einem Hindernissparcour teil oder versucht den &#8222;Blitzer&#8220; zu Fu\u00df auszul\u00f6sen. Bei unserem &#8222;Pass-Duell&#8220; kannst Du uns zeigen ob du Originale von F\u00e4lschungen unterscheiden kannst. Weiterhin zeigt auch einer unserer vierbeinigen Kollegen sein K\u00f6nnen. Anmeldungen (Mindestalter 14 Jahre) f\u00fcr die Teilnahme werden unter Angaben des vollst\u00e4ndigen Namens, Alter sowie der Erreichbarkeit unter&nbsp;<a href=\"mailto:%20pastruchheim@polizei.rlp.de\">pastruchheim@polizei.rlp.de<\/a>&nbsp;entgegengenommen. Ergreift Eure Chance und kommt vorbei! Wir freuen uns auf viele interessante Gespr\u00e4che. Mit Einsatz. Im Einsatz. F\u00fcr Rheinland-Pfalz. Komm in unser Team!<\/p>\n\n\n\n<h2 class=\"wp-block-heading\">(Ludwigshafen) &#8211; Brand einer Wohnung<\/h2>\n\n\n\n<p>Aus bislang unbekannter Ursache brach am Freitagmorgen (29.09.2023, 5.36 Uhr) ein Feuer in einer Dachgeschosswohnung eines Mehrfamilienhauses in der Kettlerstra\u00dfe aus. Die Feuerwehr konnte das Feuer l\u00f6schen und eine Ausbreitung auf angrenzende Geb\u00e4ude verhindern. Die Wohnung ist derzeit nicht mehr bewohnbar. Personen wurden nicht verletzt. Der Schaden bel\u00e4uft sich derzeit auf \u00fcber 700.000 Euro. Die Kriminalpolizei Ludwigshafen hat die Ermittlungen zur Brandursache aufgenommen.<\/p>\n\n\n\n<ul>\n<li><strong>Sachdienliche Hinweise nimmt die Kriminalpolizei Ludwigshafen unter der Telefonnummer 0621\/963-2773 oder per E-Mail&nbsp;<a href=\"mailto:%20kiludwigshafen.k1.kdd@polizei.rlp.de\">kiludwigshafen.k1.kdd@polizei.rlp.de<\/a>&nbsp;entgegen.<\/strong><\/li>\n<\/ul>\n\n\n\n<h2 class=\"wp-block-heading\">(Ludwigshafen) &#8211; Mehrere tausend Euro Schaden<\/h2>\n\n\n<div class=\"wp-block-image\">\n<figure class=\"aligncenter size-full\"><img decoding=\"async\" loading=\"lazy\" width=\"578\" height=\"572\" src=\"https:\/\/speyer24news.com\/wp-content\/uploads\/2021\/10\/Telefonbetrug-geschnitten.jpg\" alt=\"\" class=\"wp-image-41297\" srcset=\"https:\/\/speyer24news.com\/wp-content\/uploads\/2021\/10\/Telefonbetrug-geschnitten.jpg 578w, https:\/\/speyer24news.com\/wp-content\/uploads\/2021\/10\/Telefonbetrug-geschnitten-300x297.jpg 300w\" sizes=\"(max-width: 578px) 100vw, 578px\" \/><\/figure><\/div>\n\n\n<p>Anrufe durch falsche Polizisten bleiben weiterhin ein aktuelles Thema. Alleine am Donnerstag kam es im Stadtgebiet von Ludwigshafen zu vier betr\u00fcgerischen Anrufen mit dieser Masche, die der Polizei gemeldet wurden.<\/p>\n\n\n\n<p>Vorwiegend \u00e4ltere Menschen werden als Opfer ausgew\u00e4hlt und mit st\u00e4ndig neuen Tricks und erfundenen Geschichten unter Druck gesetzt, um Bargeld, Schmuck und andere Wertgegenst\u00e4nde zu erbeuten.<\/p>\n\n\n\n<p>Die erste Kontaktaufnahme verl\u00e4uft \u00fcber das Telefon. Die Betr\u00fcger geben sich dabei als Polizeibeamte aus. H\u00e4ufig nutzen die Straft\u00e4ter eine spezielle Technik, die auf dem Telefondisplay der Angerufenen die Notrufnummer 110 oder der \u00f6rtlichen Polizeidienststelle anzeigt. Unter einem Vorwand wie beispielsweise, die Polizei habe Hinweise auf einen geplanten Einbruch, gelingt es den Betr\u00fcgern immer wieder, glaubw\u00fcrdig zu vermitteln, dass Geld und Wertsachen im Haus nicht sicher seien. Daher m\u00fcsse alles in Sicherheit gebracht werden und einem Polizisten in Zivil ausgeh\u00e4ndigt werden, der vorbeik\u00e4me.<\/p>\n\n\n\n<p>Genau mit dieser hinterlistigen Masche gelang es Betr\u00fcgern am 28.09.2023 eine Frau aus Oppau zu t\u00e4uschen. Sie erhielt gegen 22 Uhr einen beunruhigenden Anruf, wurde im Anschluss massiv unter Druck gesetzt und ver\u00e4ngstigt und \u00fcbergab schlie\u00dflich an einen vermeintlichen Polizisten Gegenst\u00e4nde im Wert mehrerer zehntausend Euro.<\/p>\n\n\n\n<ul>\n<li><strong>Der Mann, der die Gegenst\u00e4nde in der Horst-Schork-Stra\u00dfe abholte, gab sich als ein &#8222;Herr M\u00fcller&#8220; aus. <\/strong><\/li>\n\n\n\n<li><strong>Er sei zwischen 30 und 35 Jahre alt gewesen, etwa 1,65-,170m gro\u00df, schwarze kurze Haare, kein Bart und einen schwarzen Pullover mit Aufschrift &#8222;Polizei&#8220;.<\/strong><\/li>\n<\/ul>\n\n\n\n<ul>\n<li><strong>Wir bitten Sie: Wenn Sie gegen 1 Uhr in der Horst-Schork-Stra\u00dfe etwas beobachtet haben oder Hinweise zu dem Mann oder einem m\u00f6glichen Fluchtfahrzeug geben k\u00f6nnen, melden Sie sich. Sachdienliche Hinweise nimmt die Kriminalpolizei Ludwigshafen unter der Telefonnummer 0621\/963-2773 oder per E-Mail&nbsp;<a href=\"mailto:%20kiludwigshafen.k1.kdd@polizei.rlp.de\">kiludwigshafen.k1.kdd@polizei.rlp.de<\/a>&nbsp;entgegen.<\/strong><\/li>\n<\/ul>\n\n\n\n<h2 class=\"wp-block-heading\">(Ludwigshafen) &#8211; Ladendieb wird handgreiflich<\/h2>\n\n\n\n<p>Am Donnerstagsabend (28.09.2023) beobachtete ein Mitarbeiter eines Schuhgesch\u00e4ftes in Rheingalerie, wie ein 18-J\u00e4hriger Kleidungsst\u00fccke im Wert von 150 Euro in der Umkleidekabine in eine Tasche steckte und den Laden verlie\u00df. Der Mitarbeiter verfolgte den 18-J\u00e4hrigen und konnte die T\u00fcte mit dem Diebesgut an sich nehmen. Als er den jungen Mann zwecks Verst\u00e4ndigung der Polizei und Personalienaufnahme wieder in das Gesch\u00e4ft f\u00fchren wollte, schlug dieser unvermittelt auf ihn ein. Ein Mitarbeiter des Sicherheitsdienstes kam dem Mann zu Hilfe, auch diesen versuchte der 18-J\u00e4hrige anzugreifen. Bei Eintreffen der Polizei zeigte sich der Mann weiterhin hochaggressiv, spuckte in Richtung der Polizeikr\u00e4fte und musste schlie\u00dflich in Gewahrsam genommen werden. Bei einer Durchsuchung seiner mitgef\u00fchrten Sachen konnte weiteres mutma\u00dfliches Diebesgut aufgefunden werden. Da er den Anschein erweckte, Alkohol und Drogen konsumiert zu haben, wurde ihm eine Blutprobe entnommen. Ihn erwarten Strafanzeigen wegen Diebstahls und K\u00f6rperverletzung.<\/p>\n\n\n\n<h2 class=\"wp-block-heading\">(Ludwigshafen) &#8211; Unf\u00e4lle mit leichtverletzten Radfahrern<\/h2>\n\n\n\n<p>Als ein 31-j\u00e4hriger Fahrradfahrer am 28.09.2023, gegen 16:30 Uhr, in der Kopernikusstra\u00dfe vom Fu\u00dfg\u00e4ngerweg einen Radweg kreuzte, kam es zur Kollision mit einem 45-J\u00e4hrigen Radfahrer. Dieser war ordnungsgem\u00e4\u00df den Radweg in Richtung Bayreutherstra\u00dfe entlanggefahren. Der 45-J\u00e4hrige wurde durch den Zusammensto\u00df leicht verletzt und in ein Krankenhaus verbracht.<\/p>\n\n\n\n<p>Bereits um 12:45 Uhr des gleichen Tages war es zu einem Unfall mit verletzter 42-j\u00e4hrigen Radfahrerin gekommen. Ein 81-j\u00e4hriger Autofahrer fuhr beim Rechtsabbiegen von der Keplerstra\u00dfe in die Luitpoldstra\u00dfe gegen das Hinterrad der 42-J\u00e4hrigen. Diese erlitt einen Schock und wurde leicht verletzt.<\/p>\n\n\n\n<h2 class=\"wp-block-heading\">(Ludwigshafen) &#8211; Tasche aus Auto gestohlen \/ Zeugen gesucht<\/h2>\n\n\n\n<p>Am Donnerstagnachmittag (28.09.2023) stellte ein 58-J\u00e4hriger sein Auto in der Heinigstra\u00dfe ab und verga\u00df dabei das Fenster der Fahrert\u00fcr zu schlie\u00dfen. Gegen 14:35 Uhr beobachtete ein Zeuge, wie ein junger Mann durch das ge\u00f6ffnete Fenster eine Tasche an sich nahm. In dieser befand sich das Smartphone des Gesch\u00e4digten sowie sein F\u00fchrerschein. Der Schaden bel\u00e4uft sich auf circa 1.000 Euro. Anschlie\u00dfend fl\u00fcchtete der T\u00e4ter zu Fu\u00df in Richtung Hauptbahnhof. <\/p>\n\n\n\n<h4 class=\"wp-block-heading\">Dieser wurde wie folgt beschrieben: <\/h4>\n\n\n\n<ul>\n<li><strong>circa 18-25 Jahre alt<\/strong><\/li>\n\n\n\n<li><strong>circa 1,80 Meter gro\u00df<\/strong><\/li>\n\n\n\n<li><strong>dunkelh\u00e4utig<\/strong><\/li>\n\n\n\n<li><strong>schulterlange Rasterlocken<\/strong><\/li>\n<\/ul>\n\n\n\n<ul>\n<li><strong>Wer kann Hinweise auf die Identit\u00e4t des T\u00e4ters geben?<\/strong><\/li>\n\n\n\n<li><strong>Sachdienliche Hinweise bitte an die Polizeiinspektion Ludwigshafen 1, Telefonnummer 0621 963-2122 oder per E-Mail&nbsp;<a href=\"mailto:%20piludwigshafen1@polizei.rlp.de\">piludwigshafen1@polizei.rlp.de<\/a><\/strong><\/li>\n<\/ul>\n\n\n\n<h2 class=\"wp-block-heading\">(Ludwigshafen) &#8211; E-Scooter entwendet \/ Zeugen gesucht<\/h2>\n\n\n\n<p>In der Nacht von Mittwoch auf Donnerstag (27.09.2023 -28.09.2023) entwendeten Unbekannte einen auf dem Berliner Platz abgestellten und mittels Fahrradschloss gesicherten E-Scooter im Wert von 350 Euro. <\/p>\n\n\n\n<ul>\n<li><strong>Wer hat die Tat beobachtet und kann Hinweise auf die T\u00e4ter geben? <\/strong><\/li>\n\n\n\n<li><strong>Sachdienliche Hinweise bitte an die Polizeiinspektion Ludwigshafen 1, Telefonnummer 0621 963-2122 oder per E-Mail&nbsp;<a href=\"mailto:%20piludwigshafen1@polizei.rlp.de\">piludwigshafen1@polizei.rlp.de<\/a>&nbsp;.<\/strong><\/li>\n<\/ul>\n\n\n\n<h2 class=\"wp-block-heading\">(Mannheim) &#8211; Unfall zwischen PKW und E-Scooter-Fahrerin<\/h2>\n\n\n\n<p>Am Freitag gegen 11.50 Uhr befuhr eine E-Scooter-Fahrerin den Radweg der Relaisstra\u00dfe in entgegengesetzte Richtung. Ein PKW-Fahrer wollte zu diesem Zeitpunkt in die Relaisstra\u00dfe einbiegen und \u00fcbersah hierbei die E-Scooter-Fahrerin. Es kam zur Kollision der beiden Verkehrsteilnehmer, wobei sich die E-Scooter-Fahrerin verletzte. Sie wurde in ein umliegendes Krankenhaus gebracht. Wie hoch der entstandene Sachschaden ist, ist derzeit nicht bekannt.<\/p>\n\n\n\n<p>Da es immer wieder zu Verkehrsunf\u00e4llen mit E-Scootern kommt, empfiehlt das Polizeipr\u00e4sidium Mannheim hierbei ebenfalls einen Helm zu tragen und sich umsichtig im Stra\u00dfenverkehr zu bewegen.<\/p>\n\n\n\n<h2 class=\"wp-block-heading\">(Mannheim) &#8211; Radfahrer nach Unfall schwer verletzt<\/h2>\n\n\n\n<p>Am Freitag um kurz nach 10:30 Uhr ereignete sich auf der Suebenheimer Allee ein schwerer Verkehrsunfall. Nach bisherigen Erkenntnissen fuhr ein 68-J\u00e4hriger mit seinem E-Bike auf dem Radweg, der rechts neben der Suebenheimer Allee entlangf\u00fchrt, in Richtung Suebenheim. Auf der Allee fuhr eine 18-J\u00e4hrige mit ihrem Seat in die gleiche Richtung. Kurz nach der Einm\u00fcndung des Inneren Heckwegs nutzte der Radfahrer die bestehende Querungsm\u00f6glichkeit \u00fcber die Suebenheimer Allee. Dabei wurde er von dem vorfahrtsberechtigten Seat frontal erfasst. Der 68-J\u00e4hrige verletzte sich bei dem Zusammensto\u00df schwer und musste notoperiert werden. An beiden Fahrzeugen entstand ein Totalschaden.<\/p>\n\n\n\n<p>Der Verkehrsdienst Mannheim \u00fcbernahm die weiteren Unfallermittlungen.<\/p>\n\n\n\n<h2 class=\"wp-block-heading\">(Mannheim) &#8211; Serie an Sachbesch\u00e4digungen \/ Polizei sucht Zeugen<\/h2>\n\n\n\n<p>Zu einem nicht n\u00e4her bestimmbaren Zeitpunkt am Donnerstag besch\u00e4digte zwischen 11 Uhr und 21 Uhr eine bislang unbekannte T\u00e4terschaft mehrere Objekte im Aberlering. So wurde in einem dortigen Garten die Sitzfl\u00e4chen des Gartenmobiliars zerschnitten, eine Holzfassade mit Farbe beschmiert und an einem geparkten PKW die Fahrzeugreifen zerstochen. Es entstand ein Schaden von mehreren tausend Euro. Die Polizei nahm die Ermittlungen hinsichtlich der Sachbesch\u00e4digungstaten auf.<\/p>\n\n\n\n<ul>\n<li><strong>Zeugen, die sachdienliche Hinweise geben k\u00f6nnen, werden gebeten sich beim Polizeirevier Mannheim-Neckarstadt, unter der Telefonnummer 0621-3101-0, zu melden.<\/strong><\/li>\n<\/ul>\n\n\n\n<h2 class=\"wp-block-heading\">(Mannheim-Innenstadt) &#8211; Raub im Bereich der Kurpfalzbr\u00fccke \/ Polizei sucht Zeugen!<\/h2>\n\n\n<div class=\"wp-block-image\">\n<figure class=\"aligncenter size-full\"><img decoding=\"async\" loading=\"lazy\" width=\"800\" height=\"621\" src=\"https:\/\/speyer24news.com\/wp-content\/uploads\/2021\/07\/Messer-Angriff-Bedrohung-2.jpg\" alt=\"\" class=\"wp-image-38504\" srcset=\"https:\/\/speyer24news.com\/wp-content\/uploads\/2021\/07\/Messer-Angriff-Bedrohung-2.jpg 800w, https:\/\/speyer24news.com\/wp-content\/uploads\/2021\/07\/Messer-Angriff-Bedrohung-2-300x233.jpg 300w, https:\/\/speyer24news.com\/wp-content\/uploads\/2021\/07\/Messer-Angriff-Bedrohung-2-768x596.jpg 768w\" sizes=\"(max-width: 800px) 100vw, 800px\" \/><figcaption class=\"wp-element-caption\">Symbolbild &#8222;\u00dcberfall Messer&#8220;, dient lediglich der Visualisierung<\/figcaption><\/figure><\/div>\n\n\n<p>Am Donnerstag gegen 17:35 Uhr befanden sich ein 24-J\u00e4hriger und ein 27-J\u00e4hriger in der Innenstadt im Bereich der Kurpfalzbr\u00fccke, als sie von einem bislang unbekannten Mann angesprochen wurden. Nach kurzer Unterhaltung entriss der Unbekannte dem 24-J\u00e4hrigen dessen Handy. Als dieser sein Mobiltelefon zur\u00fcckforderte, z\u00fcckte der T\u00e4ter ein Messer, bedrohte den jungen Mann zun\u00e4chst und f\u00fchrte dann mehrere Stichbewegungen gegen ihn aus. Der T\u00e4ter fl\u00fcchtete anschlie\u00dfend. Der 24-J\u00e4hrige wurde gl\u00fccklicherweise nur leicht verletzt.<\/p>\n\n\n\n<h4 class=\"wp-block-heading\">Der T\u00e4ter kann wie folgt beschrieben werden: <\/h4>\n\n\n\n<ul>\n<li><strong>M\u00e4nnlich<\/strong><\/li>\n\n\n\n<li><strong>ca. 175 cm gro\u00df<\/strong><\/li>\n\n\n\n<li><strong>blonde Haare<\/strong><\/li>\n\n\n\n<li><strong>eventuell Osteurop\u00e4er<\/strong><\/li>\n\n\n\n<li><strong>Er trug eine blaue Jogginghose, eine blaue Kappe sowie ein braun\/beiges Oberteil.<\/strong><\/li>\n<\/ul>\n\n\n\n<ul>\n<li><strong>Die Kriminalpolizei hat die weiteren Ermittlungen \u00fcbernommen. Zeugen, die sachdienliche Hinweise geben k\u00f6nnen, werden gebeten, sich unter der Telefonnummer 0621\/174-4444 zu melden.<\/strong><\/li>\n<\/ul>\n\n\n\n<h2 class=\"wp-block-heading\">(Mannheim-Schwetzingerstadt) &#8211; Unfall im Gleisbereich<\/h2>\n\n\n\n<p>Am Freitag gegen kurz nach 17.30 Uhr kam es im Bereich der Seckenheimer Stra\u00dfe\/Europaplatz zu einem Unfall zweier Stra\u00dfenbahnen. Aktuell sind der Rettungsdienst, die Feuerwehr sowie die Polizei vor Ort im Einsatz.<\/p>\n\n\n\n<p>In diesem Bereich kann es zu Verkehrsbehinderungen kommen. Ebenso kann es im Bahnverkehr zu Versp\u00e4tungen und Behinderungen kommen.<\/p>\n\n\n\n<h2 class=\"wp-block-heading\">(Mannheim-Waldhof) &#8211; Gemeinschaftlicher versuchter Raub in Waldhof endet in Zelle<\/h2>\n\n\n\n<h3 class=\"wp-block-heading\">Gemeinsame Presseerkl\u00e4rung der Staatsanwaltschaft Mannheim und des Polizeipr\u00e4sidiums Mannheim<\/h3>\n\n\n<div class=\"wp-block-image\">\n<figure class=\"aligncenter size-full\"><img decoding=\"async\" loading=\"lazy\" width=\"800\" height=\"533\" src=\"https:\/\/speyer24news.com\/wp-content\/uploads\/2020\/06\/Zelle.jpg\" alt=\"\" class=\"wp-image-28203\" srcset=\"https:\/\/speyer24news.com\/wp-content\/uploads\/2020\/06\/Zelle.jpg 800w, https:\/\/speyer24news.com\/wp-content\/uploads\/2020\/06\/Zelle-300x200.jpg 300w, https:\/\/speyer24news.com\/wp-content\/uploads\/2020\/06\/Zelle-768x512.jpg 768w\" sizes=\"(max-width: 800px) 100vw, 800px\" \/><figcaption class=\"wp-element-caption\">Beispielbild Zelle \/ Verhaftung, dient lediglich der Visualisierung<\/figcaption><\/figure><\/div>\n\n\n<p>40-j\u00e4hriger und 21-j\u00e4hriger Tatverd\u00e4chtiger wegen des Verdachts des versuchten gemeinschaftlichen Raubes in Tateinheit mit gef\u00e4hrlicher K\u00f6rperverletzung in Untersuchungshaft.<\/p>\n\n\n\n<p>In den fr\u00fchen Morgenstunden des 27.09.2023 sollen gegen 4 Uhr zwei m\u00e4nnliche Tatverd\u00e4chtige versucht haben, eine Frau in der Altrheinstra\u00dfe zu berauben, die dabei verletzt wurde. Nach bisherigen Ermittlungen sollen die M\u00e4nner gemeinsam den Entschluss gefasst haben, eine Radfahrerin, die auf der Altrheinstra\u00dfe in Richtung Sandhofer Stra\u00dfe unterwegs war, anzugreifen und ihren Geldbeutel an sich zu nehmen. Hierf\u00fcr maskierten sich beide M\u00e4nner, eilten der noch fl\u00fcchtenden Frau hinterher und stie\u00dfen sie vom Fahrrad. Als die Frau am Boden lag, \u00e4u\u00dferte der 40-j\u00e4hrige Tatverd\u00e4chtige, dass sie ruhig sein solle, man wolle nur ihr Geld. Die Gesch\u00e4digte wehrte sich und rief um Hilfe. Die beiden Tatverd\u00e4chtigen nutzten ihre k\u00f6rperliche \u00dcberlegenheit und versuchten mit vereinten Kr\u00e4ften in den Besitz des Geldbeutels der Gesch\u00e4digten zu gelangen. Als ein Zeuge, welcher die Rufe der Frau vernommen hatte, ihr zu Hilfe eilte, lie\u00dfen die Tatverd\u00e4chtigen von ihrem Handeln ab und liefen davon. Sie konnten kurze Zeit sp\u00e4ter von der Polizei vorl\u00e4ufig festgenommen werden. Durch den Vorfall wurde die Frau leicht verletzt.<\/p>\n\n\n\n<p>Die Tatverd\u00e4chtigen wurden am Mittwochnachmittag beim Amtsgericht Mannheim vorgef\u00fchrt, wo der zust\u00e4ndige Ermittlungsrichter auf Antrag der Staatsanwaltschaft Mannheim Haftbefehl wegen Fluchtgefahr gegen die beiden M\u00e4nner mit deutscher Staatsangeh\u00f6rigkeit erlie\u00df. Diese wurden sodann in Justizvollzugsanstalten eingeliefert.<\/p>\n\n\n\n<h2 class=\"wp-block-heading\">(Mannheim-K\u00e4fertal) &#8211; Schockanruf bei Seniorin endet glimpflich<\/h2>\n\n\n<div class=\"wp-block-image\">\n<figure class=\"aligncenter size-full\"><img decoding=\"async\" loading=\"lazy\" width=\"800\" height=\"533\" src=\"https:\/\/speyer24news.com\/wp-content\/uploads\/2023\/06\/Kleeblatt-Glueck.jpg\" alt=\"\" class=\"wp-image-52491\" srcset=\"https:\/\/speyer24news.com\/wp-content\/uploads\/2023\/06\/Kleeblatt-Glueck.jpg 800w, https:\/\/speyer24news.com\/wp-content\/uploads\/2023\/06\/Kleeblatt-Glueck-300x200.jpg 300w, https:\/\/speyer24news.com\/wp-content\/uploads\/2023\/06\/Kleeblatt-Glueck-768x512.jpg 768w\" sizes=\"(max-width: 800px) 100vw, 800px\" \/><\/figure><\/div>\n\n\n<p>Am Donnerstag rief um kurz vor 16 Uhr ein Mann bei einer Seniorin in der Lemaitrestra\u00dfe an und gab sich als Staatsanwalt aus. Der bislang unbekannte Betr\u00fcger behauptete, dass die Tochter der Angerufenen einen schweren Verkehrsunfall verursacht habe und nur die Zahlung einer Kaution eine Haftstrafe verhindern k\u00f6nne. Geschockt von dieser schlimmen Nachricht, begab sich die Frau zu ihrer Bankfiliale und hob dort 30.000 Euro ab. Zum Gl\u00fcck rief sie dann bei ihrer Tochter an und so kl\u00e4rte sich das Ganze als Betrugsmasche auf.<\/p>\n\n\n\n<p>Die Kriminalpolizei \u00fcbernahm die Ermittlungen wegen des versuchten Bandenbetrugs.<\/p>\n\n\n\n<h4 class=\"wp-block-heading\">Die Polizei r\u00e4t generell bei Schockanrufen:<\/h4>\n\n\n\n<ul>\n<li><strong>Versuchen Sie ruhig zu bleiben und sich nicht zur Eile dr\u00e4ngen zu lassen. Machen Sie sich Notizen und fragen nach dem Namen des Anrufers sowie einer R\u00fcckrufnummer. Am besten auflegen, die Sache \u00fcberdenken und gegebenenfalls sp\u00e4ter zur\u00fcckrufen.<\/strong><\/li>\n\n\n\n<li><strong>Halten Sie R\u00fccksprache mit anderen Familienmitgliedern oder Vertrauten.<\/strong><\/li>\n\n\n\n<li><strong>Werden Sie immer dann besonders misstrauisch, wenn es um Geld- oder andere Verm\u00f6gensforderungen geht. Die echte Polizei oder Staatsanwaltschaft wird Sie nie nach ihrem Bargeld oder nach Wertgegenst\u00e4nden fragen.<\/strong><\/li>\n\n\n\n<li><strong>Verst\u00e4ndigen Sie im Zweifelsfall immer und zeitnah die Polizei. Die diensthabenden Polizeibeamtinnen und Polizeibeamten k\u00f6nnen Ihnen verl\u00e4sslich Auskunft dar\u00fcber geben, ob es sich um eine Betrugsmasche handelt.<\/strong><\/li>\n<\/ul>\n\n\n\n<h4 class=\"wp-block-heading\"><em>Weitere Informationen wie Sie sich und Ihre Verwandten gegen diese und andere Betrugsmaschen sch\u00fctzen k\u00f6nnen, finden sie auch online:&nbsp;<a href=\"https:\/\/www.polizei-beratung.de\/themen-und-tipps\/betrug\/betrug-durch-falsche-polizisten\/\" target=\"_blank\" rel=\"noreferrer noopener\">https:\/\/www.polizei-beratung.de\/themen-und-tipps\/betrug\/betrug-durch-falsche-polizisten\/<\/a>. Zudem werden zu diesem Thema Pr\u00e4ventionsveranstaltungen durchgef\u00fchrt:&nbsp;<a href=\"https:\/\/ppmannheim.polizei-bw.de\/veranstaltungen\/praeventionsveranstaltung-fuer-senioren-zum-thema-enkeltrick-co\/\" target=\"_blank\" rel=\"noreferrer noopener\">https:\/\/ppmannheim.polizei-bw.de\/veranstaltungen\/praeventionsveranstaltung-fuer-senioren-zum-thema-enkeltrick-co\/<\/a><\/em><\/h4>\n\n\n\n<h2 class=\"wp-block-heading\">(A 6 \/ Mannheim-Vogelstang) &#8211; Fahrzeugbrand auf der Autobahn<\/h2>\n\n\n\n<p>Aktuell kommt es auf der BAB 6 in Fahrtrichtung Frankfurt auf H\u00f6he Mannheim-Vogelstang zu einem Einsatz von Polizei, Feuerwehr und Rettungsdienst. Grund hierf\u00fcr ist ein Brand eines LKWs. Das Fahrzeug steht aktuell auf dem Seitenstreifen, dennoch kann es durch die L\u00f6sch- und Rettungsma\u00dfnahmen zu Verkehrsbeeintr\u00e4chtigungen kommen. Es wird nachberichtet.<em> 29.09.2023 \u2013 19:20<\/em><\/p>\n\n\n\n<h3 class=\"wp-block-heading has-text-align-center\">Pressemeldung Nr. 2<\/h3>\n\n\n\n<p>Nach dem gemeldeten Fahrzeugbrand auf der BAB 6 in Fahrtrichtung Frankfurt, H\u00f6he Mannheim-Vogelstang ist die Einsatzstelle mittlerweile ger\u00e4umt. Die Feuerwehr Mannheim konnte den LKW z\u00fcgig L\u00f6schen, gebrannt hat lediglich ein Reifen der Zugmaschine. Durch die Einsatzma\u00dfnahmen war der rechte Fahrstreifen bis ca. 21:45 Uhr gesperrt. Der LKW musste durch eine Fachfirma geborgen werden. Es entstand Sachschaden in H\u00f6he von ca. 7.000 Euro. Die Brandursache ist aktuell noch unbekannt und Gegenstand der Ermittlungen des Autobahnpolizeirevieres Mannheim-Seckenheim.<\/p>\n\n\n\n<h2 class=\"wp-block-heading\">(Mannheim \/ Heidelberg \/ Rhein-Neckar-Kreis) &#8211; Polizeipr\u00e4sidium Mannheim beteiligt sich am X-(Twitter)-Marathon am 01.10.2023<\/h2>\n\n\n\n<p>Am 01.10.2023 ist nicht nur der Tag des Polizeinotrufs 110, bereits seit einigen Jahren begleiten einige Polizeien der L\u00e4nder diesen Tag durch den sogenannten Twitter-oder jetzt X-Marathon. Hierbei gew\u00e4hren Polizeidienststellen aus ganz Deutschland Einblicke in die polizeiliche Arbeit, indem das aktuelle Einsatzgeschehen in den F\u00fchrungs- und Lagezentren (FLZ) auf den Social-Media-Kan\u00e4len unter dem Hashtag #polizei110 verfolgt werden kann. Dieses Jahr ist auch das Polizeipr\u00e4sidium Mannheim mit dabei und zwar von 14.00 bis 22.00 auf:&nbsp;<a target=\"_blank\" rel=\"noreferrer noopener\" href=\"https:\/\/www.twitter.com\/PolizeiMannheim\">www.twitter.com\/PolizeiMannheim<\/a><\/p>\n\n\n\n<p>Die Tweets orientieren sich am tats\u00e4chlichen, aktuellen Einsatzgeschehen und versuchen m\u00f6glichst einen Querschnitt der verschiedenen Einsatzlagen zu repr\u00e4sentieren. Dabei wird selbstverst\u00e4ndlich der Opfer- und Datenschutz beachtet. Auch wird die Berichterstattung in solchen F\u00e4llen unterbleiben, in denen der Einsatz- oder Ermittlungserfolg gef\u00e4hrdet werden k\u00f6nnte.<\/p>\n\n\n\n<h4 class=\"wp-block-heading\">Das Polizeipr\u00e4sidium Mannheim freut sich \u00fcber zahlreiche Mitleserinnen und Mitleser bzw. Follower am Sonntag!<\/h4>\n\n\n\n<h2 class=\"wp-block-heading\">(Mannheim \/ Heidelberg \/ Rhein-Neckar-Kreis) &#8211; Ergebnisse des Polizeipr\u00e4sidiums Mannheim beim bundesweiten Aktionstags f\u00fcr mehr Verkehrssicherheit &#8222;sicher.mobil.leben&#8220; am 26.09.2023<\/h2>\n\n\n<div class=\"wp-block-image\">\n<figure class=\"aligncenter size-full\"><img decoding=\"async\" loading=\"lazy\" width=\"800\" height=\"447\" src=\"https:\/\/speyer24news.com\/wp-content\/uploads\/2022\/09\/Kontrolle-2.jpg\" alt=\"\" class=\"wp-image-49124\" srcset=\"https:\/\/speyer24news.com\/wp-content\/uploads\/2022\/09\/Kontrolle-2.jpg 800w, https:\/\/speyer24news.com\/wp-content\/uploads\/2022\/09\/Kontrolle-2-300x168.jpg 300w, https:\/\/speyer24news.com\/wp-content\/uploads\/2022\/09\/Kontrolle-2-768x429.jpg 768w\" sizes=\"(max-width: 800px) 100vw, 800px\" \/><figcaption class=\"wp-element-caption\">Kontrolle<\/figcaption><\/figure><\/div>\n\n\n<p>Mit der Umsetzung verschiedener Verkehrssicherheitsprogramme wird auf nationaler und auch europ\u00e4ischer Ebene das Ziel der &#8222;Vision Zero&#8220; verfolgt, also die Zahl der schweren Verkehrsunf\u00e4lle m\u00f6glichst auf null zu reduzieren. Um dieses Ziel zu erreichen, f\u00fchren die Polizeien der L\u00e4nder und des Bundes unter anderem j\u00e4hrlich die gemeinsame Verkehrssicherheitsaktion &#8222;sicher.mobil.leben&#8220; mit wechselndem Motto durch.<\/p>\n\n\n\n<p>Mit dem diesj\u00e4hrigen Thema &#8222;R\u00fccksicht im Blick&#8220; wurde der Fokus auf die schw\u00e4cheren Verkehrsteilnehmenden gelegt. Allein im Land Baden-W\u00fcrttemberg verungl\u00fcckten im Jahr 2022 bei insgesamt 350 t\u00f6dlichen Verkehrsunf\u00e4llen 124 Menschen auf einem Fahrrad, zu Fu\u00df oder auf einem Elektrokleinstfahrzeug. Das bedeutet, bei jedem dritten t\u00f6dlichen Verkehrsunfall in Baden-W\u00fcrttemberg kam ein schw\u00e4cherer Verkehrsteil-nehmender zu Tode. Nicht selten sind diese selbst die Unfallverursacher.<\/p>\n\n\n\n<h4 class=\"wp-block-heading\">Im Rahmen dieses Aktionstages f\u00fchrte das Polizeipr\u00e4sidiums Mannheim, insbesondere an Unfallschwerpunkten und im Umfeld von Schulen, am Dienstag den 26.09.2023 zahlreiche Verkehrskontrollen durch. Insgesamt 158 Beamtinnen und Beamte kontrollierten 1605 Verkehrsteilnehmende, darunter 865 PKW, 533 Fahrr\u00e4der und 64 E-Scooter. Festgestellt und geahndet wurden 1159 Verst\u00f6\u00dfe, darunter:<\/h4>\n\n\n\n<ul>\n<li><strong>239 Rotlichtverst\u00f6\u00dfe, Vorrangsverletzungen an Zebrastreifen oder Missachtung der Vorfahrt.<\/strong><\/li>\n\n\n\n<li><strong>121 Anzeigen wegen der Nutzung von Mobiltelefonen.<\/strong><\/li>\n\n\n\n<li><strong>123 Geschwindigkeitsverst\u00f6\u00dfe.<\/strong><\/li>\n\n\n\n<li><strong>179 Gurtverst\u00f6\u00dfe.<\/strong><\/li>\n\n\n\n<li><strong>52 Parkverst\u00f6\u00dfe, beispielsweise auf Rad- und Gehwegen sowie vor Fu\u00dfg\u00e4nger\u00fcberwegen.<\/strong><\/li>\n\n\n\n<li><strong>51 verbotswidrige Verkehrsfl\u00e4chennutzung, beispielsweise Fahren entgegen der Einbahnstra\u00dfe.<\/strong><\/li>\n<\/ul>\n\n\n\n<h2 class=\"wp-block-heading\">(L 534 \/ Heidelberg \/ Neckargem\u00fcnd) &#8211; Vefolgungsfahrt \/ Zeugen gesucht!<\/h2>\n\n\n<div class=\"wp-block-image\">\n<figure class=\"aligncenter size-full\"><img decoding=\"async\" loading=\"lazy\" width=\"800\" height=\"533\" src=\"https:\/\/speyer24news.com\/wp-content\/uploads\/2021\/08\/Polizei-Blaulicht-Nacht.jpg\" alt=\"\" class=\"wp-image-39755\" srcset=\"https:\/\/speyer24news.com\/wp-content\/uploads\/2021\/08\/Polizei-Blaulicht-Nacht.jpg 800w, https:\/\/speyer24news.com\/wp-content\/uploads\/2021\/08\/Polizei-Blaulicht-Nacht-300x200.jpg 300w, https:\/\/speyer24news.com\/wp-content\/uploads\/2021\/08\/Polizei-Blaulicht-Nacht-768x512.jpg 768w\" sizes=\"(max-width: 800px) 100vw, 800px\" \/><\/figure><\/div>\n\n\n<p>Ein Verkehrsteilnehmer meldete am Donnerstag gegen 18 Uhr eine fahr- und verhaltensauff\u00e4llige PKW-F\u00fchrerin in einem Jeep Wrangler auf der L 534 im Bereich Heidelberg-Ziegelhausen. Er folgte der Dame bis zur Friedensbr\u00fccke in Neckargem\u00fcnd, wo diese durch eine alarmierte Polizeistreife angehalten und einer Kontrolle unterzogen werden sollte. Auf Ansprache durch das geschlossene Fenster seitens eines Beamten reagierte die Frau nicht, starrte geistesabwesend geradeaus und setzte ihre Fahrt unbeirrt fort. Im weiteren Verlauf missachtete sie s\u00e4mtliche ihr gegebenen Anhaltezeichen und fuhr weiter \u00fcber die B 45 bis zur Abzweigung nach Waldhilsbach, dort weiter \u00fcber den K\u00f6nigstuhl bis nach Maisbach. Auf der gesamten Fahrtstrecke missachtete sie weiter die Anhaltezeichen der Polizeibeamten, fuhr mit m\u00e4\u00dfiger, teils geringer und teils leicht erh\u00f6hter Geschwindigkeit. Am Ortseingang von Maisbach wurde ein Streifenwagen der Polizei quer auf der Fahrbahn abgestellt. Die 55-J\u00e4hrige fuhr auf die Sperrstelle zu, bremste ihr Fahrzeug ca. acht Meter vor dem Streifenwagen ab und kam zum Stillstand. Im weiteren Verlauf konnte die Fahrerin in Gewahrsam genommen werden. Da sie sich offenbar in einer psychischen Ausnahmesituation befand, wurde sie in einer psychiatrischen Einrichtung vorgestellt und dort f\u00fcrsorglich aufgenommen.<\/p>\n\n\n\n<p>Zeugen, die sachdienliche Hinweise geben k\u00f6nnen sowie gesch\u00e4digte Verkehrsteilnehmer, werden gebeten sich bei dem Polizeirevier Neckargem\u00fcnd zu melden, unter: 06223 92540.<\/p>\n\n\n\n<h2 class=\"wp-block-heading\">(Heidelberg) &#8211; 14-J\u00e4hrige zeigt Zivilcourage und rettet ihre Freundin<\/h2>\n\n\n<div class=\"wp-block-image\">\n<figure class=\"aligncenter size-full\"><img decoding=\"async\" loading=\"lazy\" width=\"801\" height=\"600\" src=\"https:\/\/speyer24news.com\/wp-content\/uploads\/2020\/05\/Zeugen-gesucht-Neutral.jpg\" alt=\"\" class=\"wp-image-26598\" srcset=\"https:\/\/speyer24news.com\/wp-content\/uploads\/2020\/05\/Zeugen-gesucht-Neutral.jpg 801w, https:\/\/speyer24news.com\/wp-content\/uploads\/2020\/05\/Zeugen-gesucht-Neutral-300x225.jpg 300w, https:\/\/speyer24news.com\/wp-content\/uploads\/2020\/05\/Zeugen-gesucht-Neutral-768x575.jpg 768w, https:\/\/speyer24news.com\/wp-content\/uploads\/2020\/05\/Zeugen-gesucht-Neutral-678x509.jpg 678w, https:\/\/speyer24news.com\/wp-content\/uploads\/2020\/05\/Zeugen-gesucht-Neutral-326x245.jpg 326w, https:\/\/speyer24news.com\/wp-content\/uploads\/2020\/05\/Zeugen-gesucht-Neutral-80x60.jpg 80w\" sizes=\"(max-width: 801px) 100vw, 801px\" \/><\/figure><\/div>\n\n\n<p>Zwei 14-j\u00e4hirge M\u00e4dchen begaben sich am Donnerstag nach Schulende und nachdem sie Eink\u00e4ufe erledigt hatten, mit der Stra\u00dfenbahn 22 zu Haltestelle Kranichweg in Heidelberg Pfaffengrund. An der Halterstelle begegneten sie einem bislang unbekannten T\u00e4ter, welcher die M\u00e4dchen auf deren Nachhauseweg verfolgte. Als die M\u00e4dchen realisierten, dass sie verfolgt werden, trennten sich die Beiden, wobei sich eine 14-J\u00e4hrige in einem Parkdeck im Zeisigweg versteckte. Der unbekannte T\u00e4ter lief der 14-J\u00e4hrigen mit geballten F\u00e4usten hinterher und forderte sie auf sich an die Wand zu stellen und ihr Mobiltelefon herauszugeben. Als diese der Aufforderung nicht nachkam, droht er damit, ein Messer zu ziehen und fasste sich in seine Hosentasche. Die 14-J\u00e4hrige Freundin eilte ihr zur Hilfe und konnte den T\u00e4ter wegschupsen und sich mit ihr entfernen. Der unbekannte T\u00e4ter verfolgte die M\u00e4dchen bis zur nahegelegenen Wohnanschrift einer der Beiden und fl\u00fcchtete anschlie\u00dfend.<\/p>\n\n\n\n<ul>\n<li><strong>Beim unbekannten T\u00e4ter soll es sich um einen etwa 14-j\u00e4hrigen Jungen handeln.<\/strong><\/li>\n\n\n\n<li><strong>Dieser ist circa 160 cm gro\u00df, hat einen dunkleren Hautteint und braune kurze Haare.<\/strong><\/li>\n\n\n\n<li><strong>Er hat eine leichte, dunkle Jacke, blaue lange Hosen und eine Umh\u00e4ngetasche getragen.<\/strong><\/li>\n<\/ul>\n\n\n\n<ul>\n<li><strong>Zeugen, die sachdienliche Hinweise geben k\u00f6nnen, werden gebeten sich bei der Kriminalpolizei zu melden, unter: 0621-174 4444.<\/strong><\/li>\n<\/ul>\n\n\n\n<h2 class=\"wp-block-heading\">(Heidelberg) &#8211; Aufbruch eines Wurstautomaten \/ Polizei sucht Zeugen<\/h2>\n\n\n\n<p>Eine bislang unbekannte T\u00e4terschaft versuchte im Laufe des Donnerstags zwischen Mitternacht und 16 Uhr einen Wurstverkaufsautomaten in der Schwetzinger Stra\u00dfe aufzubrechen. Die T\u00e4terschaft war mit Werkzeugen und brachialer Gewalt zu Gange gewesen und besch\u00e4digte den Automaten massiv. Trotz allem gelang es ihr nicht an die Waren oder an das Geld im Inneren zu gelangen. Die genaue Schadensh\u00f6he ist noch nicht bekannt. Die Polizei ermittelt nun wegen des versuchten besonders schweren Falls des Diebstahls.<\/p>\n\n\n\n<ul>\n<li><strong>Zeugen, die sachdienliche Hinweise geben k\u00f6nnen, werden gebeten sich beim Polizeirevier Heidelberg-S\u00fcd, unter der Telefonnummer 06221-3418-0, zu melden.<\/strong><\/li>\n<\/ul>\n\n\n\n<h2 class=\"wp-block-heading\">(Heidelberg-Altstadt) &#8211; Ladendieb in Kaufhaus geschnappt<\/h2>\n\n\n\n<p>Am Donnerstag wurde um 14:30 Uhr ein Ladendieb in einem Kaufhaus in der Hauptstra\u00dfe auf frischer Tat ertappt. Ein 22-J\u00e4hriger wurde durch einen Ladendetektiv beobachtet, wie er mit mehreren Kleidungsst\u00fccken in eine Umkleidekabine verschwand, diese beim Verlassen der Kabine aber nicht mehr bei sich hatte. Nachdem das Personal in der Kabine selbst nur leere Kleiderb\u00fcgel sowie Etiketten auffand, wurde der junge Mann beim Verlassen des Gesch\u00e4fts vom Ladendetektiv angesprochen. Nachdem die hinzugerufenen Polizeibeamten eingetroffen waren und den Mann durchsuchten, wurde zus\u00e4tzlich Marihuana aufgefunden. Der Diebstahlschaden betr\u00e4gt rund 515 Euro.<\/p>\n\n\n\n<p>Den Mann erwartet nicht nur eine Anzeige wegen Diebstahl, sondern auch wegen des Besitzes von Bet\u00e4ubungsmittel.<\/p>\n\n\n\n<h2 class=\"wp-block-heading\">(Heidelberg-Altstadt) &#8211; Unfall beim Fahrspurwechsel \/ 4.500 Euro Schaden<\/h2>\n\n\n\n<p>Am Donnerstag kam es gegen 10 Uhr zu einem Verkehrsunfall in der Lessingstra\u00dfe. Eine 21-J\u00e4hrige VW-Fahrerin befuhr die Lessingstra\u00dfe in Richtung Kurf\u00fcrstenanlage. An der dortigen Kreuzung bemerkte die junge Frau, dass sie sich versehentlich auf dem falschen Fahrstreifen eingeordnet hatte. Als sie auf den rechten Fahrstreifen wechseln wollte, kollidierte sie mit einem 38-J\u00e4hrigen Seat-Fahrer, welcher sich auf der gleicher H\u00f6he mit dem VW befand. Im Zuge des Zusammensto\u00dfes versuchte die junge Frau dem Seat noch auszuweichen, kollidierte aber hierbei mit einem Linienbus, welcher verkehrsbedingt an der Ampel wartete. Gl\u00fccklicherweise wurden keine Personen verletzt, der Sachschaden liegt bei rund 4.500 Euro.<\/p>\n\n\n\n<h2 class=\"wp-block-heading\">(L 630 \/ Oftersheim \/ Rhein-Neckar-Kreis) &#8211; Unfall w\u00e4hrend Einsatzfahrt \/ 30.000 Euro Sachschaden<\/h2>\n\n\n\n<p>Zu einem Verkehrsunfall kam es am Donnerstag um 14:45 Uhr an der Kreuzung L630\/Heidelberger Stra\u00dfe. Ein ziviles Einsatzfahrzeug der Polizei war mit Sondersignal auf der L630 in Fahrtrichtung Oftersheim unterwegs, als der Fahrer an der Kreuzung zur Bruchh\u00e4user Stra\u00dfe nach rechts abbiegen wollte. Hierbei kollidierte er mit einer 52-J\u00e4hrigen VW-Fahrerin. Diese wurde bei dem Unfall leicht verletzt, beide Fahrzeuge waren nicht mehr fahrbereit und mussten abgeschleppt werden. Der Gesamtsachschaden betr\u00e4gt rund 30.000 Euro.<\/p>\n\n\n\n<h2 class=\"wp-block-heading\">(Leimen \/ Rhein-Neckar-Kreis) &#8211; T\u00e4ter bei Einbruch in einen LKW \u00fcberrascht<\/h2>\n\n\n\n<p>Ein 25-j\u00e4hriger Nachtexpress-Fahrer teilte am Freitagmorgen gegen 5 Uhr \u00fcber Notruf der Polizei mit, dass sich soeben zwei Personen rennend von einem LKW in der Pestalozzistra\u00dfe entfernt hatten, als er angefahren kam. Als er sich dem LKW n\u00e4herte, konnte er zwei Personen an dem Fahrzeug erkennen. Anschlie\u00dfend fl\u00fcchteten beide Personen rennend in Richtung Kleing\u00e4rten\/B3. Trotz eingeleiteter Fahndung konnten keine Personen festgestellt werden. Die T\u00e4ter k\u00f6nnen wie folgt beschrieben werden:<\/p>\n\n\n\n<ol>\n<li><strong>T\u00e4ter: M\u00e4nnlich, ca 1,65 m gro\u00df, dunkelh\u00e4utig, schwarz bekleidet, Hoodie, braune Turnschuhe mit heller Sohle<\/strong><\/li>\n\n\n\n<li><strong>T\u00e4ter: M\u00e4nnlich, ca. 1,65m gro\u00df, dunkel gekleidet<\/strong><\/li>\n<\/ol>\n\n\n\n<p>Der zust\u00e4ndige Lieferfahrer des besch\u00e4digten Fahrzeuges konnte noch vor Ort ausfindig gemacht werden. Am Fahrzeug wurde auf bislang unbekannte Weise die Heck- und die Seitenscheibe eingeschlagen. Der Fahrer best\u00e4tigte bei einer Nachschau, dass Gegenst\u00e4nde aus dem Fahrzeuginneren entwendet worden waren. wurden. Eine genaue Schadensh\u00f6he steht aktuell noch nicht fest.<\/p>\n\n\n\n<h2 class=\"wp-block-heading\">(Hockenheim \/ Rhein-Neckar-Kreis) &#8211; Zusammensto\u00df zwischen PKW und LKW \/ 5.000 Euro Schaden<\/h2>\n\n\n\n<p>Zu einem Verkehrsunfall kam es am Donnerstag um kurz nach 11 Uhr auf der Speyerer Stra\u00dfe. Ein LKW-Fahrer befuhr mit seinem Fahrzeug die Speyerer Stra\u00dfe in Richtung Talhausstra\u00dfe. Aufgrund der Gr\u00f6\u00dfe des Gespanns mit Zugmaschine und Auflieger musste der Fahrer in einer Rechtskurve nach links ausscheren, weshalb ein Teil der rechten Spur befahrbar war. Ein 64-J\u00e4hriger Mitsubishi-Fahrer wollte diesen Platz nutzen und den LKW \u00fcberholen, befand sich dadurch allerdings im toten Winkel, wodurch er mit dem LKW w\u00e4hrend dessen Abbiegevorgang kollidiert. Verletzt wurde gl\u00fccklicherweise niemand, der Sachschaden bel\u00e4uft sich auf rund 5.000 Euro.<\/p>\n\n\n\n<h2 class=\"wp-block-heading\">(Wiesloch \/ Rhein-Neckar-Kreis) &#8211; 78-J\u00e4hrige aus Wiesloch vermisst \/ Polizei bittet um Mithilfe<\/h2>\n\n\n<div class=\"wp-block-image\">\n<figure class=\"aligncenter size-full\"><img decoding=\"async\" src=\"https:\/\/speyer24news.com\/wp-content\/uploads\/2023\/09\/20230929-vP-PP-MA-214x300-1.jpg\" alt=\"\" class=\"wp-image-54526\"\/><\/figure><\/div>\n\n\n<p>Seit den Morgenstunden des 29.09.2023 wird die 78 Jahre alte B\u00e4rbel B. aus Wiesloch vermisst. Sie wurde letztmalig gegen 09:30Uhr von ihrer Familie im Bereich der Wohnanschrift in Wiesloch gesehen. Seitdem verliert sich die Spur und ihr gegenw\u00e4rtiger Aufenthaltsort ist unbekannt. Die Vermisste befindet sich m\u00f6glicherweise in einer hilflosen Lage.<\/p>\n\n\n\n<h4 class=\"wp-block-heading\">B\u00e4rbel B. wird wie folgt beschrieben:<\/h4>\n\n\n\n<ul>\n<li><strong>Ca. 170cm gro\u00df<\/strong><\/li>\n\n\n\n<li><strong>kurze wei\u00dfe Haare<\/strong><\/li>\n\n\n\n<li><strong>bekleidet mit einer Jeans und einer Jeansjacke<\/strong><\/li>\n\n\n\n<li><strong>Zus\u00e4tzlich tr\u00e4gt sie eine gro\u00dfe schwarze Handtasche mit sich. <\/strong><\/li>\n\n\n\n<li><strong>Auff\u00e4llig ist ihre geb\u00fcckte Statur, welche sich durch einen nach vorne geneigten Gang bemerkbar macht.<\/strong><\/li>\n<\/ul>\n\n\n\n<ul>\n<li><strong>Zeugen die Hinweise zum Aufenthaltsort von B\u00e4rbel B. geben k\u00f6nnen werden gebeten, sich mit den Beamten der Kriminalpolizei unter 0621\/174-4444 in Verbindung zu setzen. Hinweise werden zudem jederzeit unter dem polizeilichen Notruf 110 und bei jeder Polizeidienststelle entgegengenommen.<\/strong><\/li>\n<\/ul>\n\n\n\n<h2 class=\"wp-block-heading\">(Sinsheim \/ Rhein-Neckar-Kreis) &#8211; T\u00e4terfestnahme nach Ladendiebstahl<\/h2>\n\n\n\n<p>Die Polizei wurden am 28.09.2023 gegen 18:00 Uhr \u00fcber einem fl\u00fcchtigen Ladendieb informiert. Durch eine Angestellte wurde eine Beschreibung des Ladendiebs durchgegeben, so dass nach diesem sofort gefahndet werden konnte. Dieser konnte im Nahbereich mit den entwendeten Schuhen an seinen F\u00fc\u00dfen festgestellt und vorl\u00e4ufig festgenommen werden. Als Grund f\u00fcr seine Tat nannte er, dass er kein Geld habe und neue Schuhe brauche. Dass er mit seiner Tat einen Diebstahl beging, sah er jedoch nicht ein und zeigte sich weiterhin zufrieden mit seiner Ausbeute.<\/p>\n\n\n\n<p>Im Polizeirevier wurde der 28-J\u00e4hrige erneut durchsucht, da von ihm ein Marihuanageruch ausging. Bei der Durchsuchung seiner mitgef\u00fchrten Sachen konnte in dessen Umh\u00e4ngetasche eine Kleinstmenge Marihuana befand. Es entstand ein Diebstahlsschaden in H\u00f6he von ca. 70 Euro.<\/p>\n\n\n\n<p>Die Ermittlungen hat das Polizeirevier Sinsheim \u00fcbernommen.<\/p>\n\n\n\n<h2 class=\"wp-block-heading\">(Sinsheim \/ Rhein-Neckar-Kreis) &#8211; Betrunken von der Unfallstelle geflohen<\/h2>\n\n\n\n<p>Durch eine Zeugin wurde am Donnerstag gegen 17.45 Uhr ein Verkehrsunfall auf einem Parkplatz eines Supermarktes in der Muthstra\u00dfe gemeldet. W\u00e4hrend der Anfahrt der Streifenbesatzung meldete die Zeugin erneut, dass sich der Verursacher mit einem wei\u00dfen Kombi von der Unfall\u00f6rtlichkeit entfernt habe, ohne seiner Feststellungspflicht nachzukommen. An der Wohnanschrift des Fahrzeughalters wurde das Fahrzeug mit Besch\u00e4digungen im Heckbereich vorgefunden. Mehrere Zeugen vor Ort best\u00e4tigten den Polizeibeamten, dass der Fahrzeugf\u00fchrer wenige Minuten zuvor mit dem Fahrzeug angekommen sei und sich nun in seiner Wohnung befindet. Der Beschuldigte \u00f6ffnete auf L\u00e4uten die T\u00fcr. Er wurde wegen des unerlaubten Entfernens vom Unfallort belehrt und r\u00e4umte dies auch ein. Weiter war Alkoholgeruch, ausgehend vom Beschuldigten, festzustellen. Ein auf freiwilliger Basis durchgef\u00fchrter Atemalkoholtest ergab eine Atemalkoholkonzentration von knapp 1 Promille. Seinen F\u00fchrerschein musste der 66-J\u00e4hrige vorerst abgeben. Der entstandene Sachschaden wird auf 6.000 Euro gesch\u00e4tzt.<\/p>\n\n\n\n<p><\/p>\n","protected":false},"excerpt":{"rendered":"<div class=\"mh-excerpt\"><p>Polizeimeldungen vom Freitag (29.08.2023) (Speyer) &#8211; Geldbeutel beim Einkaufen entwendet Am 28.09.2023 gegen 10:00 Uhr befand sich eine 83-j\u00e4hrige Dame in der Obstabteilung eines Supermarktes in der Auestra\u00dfe. Sie hatte ihre schwarze Geldb\u00f6rse in ihrer <a class=\"mh-excerpt-more\" href=\"https:\/\/speyer24news.com\/?p=54522\" title=\"Polizeimeldungen Freitag (29.08.23)\">[&#8230;]<\/a><\/p>\n<\/div>","protected":false},"author":3,"featured_media":26162,"comment_status":"open","ping_status":"open","sticky":false,"template":"","format":"standard","meta":{"_monsterinsights_skip_tracking":false,"_monsterinsights_sitenote_active":false,"_monsterinsights_sitenote_note":"","_monsterinsights_sitenote_category":0,"footnotes":""},"categories":[15659],"tags":[7243,7244,3614,350,14537,15084,15267,14538,15361,702,61,2555,6955,6986,6263,63,105,11150,6987,53,4854,13534,4683,1548,4905,12967,11592,102,13626,213,14325,14324,13553,13541,55,8277,6368],"aioseo_notices":[],"amp_enabled":true,"_links":{"self":[{"href":"https:\/\/speyer24news.com\/index.php?rest_route=\/wp\/v2\/posts\/54522"}],"collection":[{"href":"https:\/\/speyer24news.com\/index.php?rest_route=\/wp\/v2\/posts"}],"about":[{"href":"https:\/\/speyer24news.com\/index.php?rest_route=\/wp\/v2\/types\/post"}],"author":[{"embeddable":true,"href":"https:\/\/speyer24news.com\/index.php?rest_route=\/wp\/v2\/users\/3"}],"replies":[{"embeddable":true,"href":"https:\/\/speyer24news.com\/index.php?rest_route=%2Fwp%2Fv2%2Fcomments&post=54522"}],"version-history":[{"count":3,"href":"https:\/\/speyer24news.com\/index.php?rest_route=\/wp\/v2\/posts\/54522\/revisions"}],"predecessor-version":[{"id":54529,"href":"https:\/\/speyer24news.com\/index.php?rest_route=\/wp\/v2\/posts\/54522\/revisions\/54529"}],"wp:featuredmedia":[{"embeddable":true,"href":"https:\/\/speyer24news.com\/index.php?rest_route=\/wp\/v2\/media\/26162"}],"wp:attachment":[{"href":"https:\/\/speyer24news.com\/index.php?rest_route=%2Fwp%2Fv2%2Fmedia&parent=54522"}],"wp:term":[{"taxonomy":"category","embeddable":true,"href":"https:\/\/speyer24news.com\/index.php?rest_route=%2Fwp%2Fv2%2Fcategories&post=54522"},{"taxonomy":"post_tag","embeddable":true,"href":"https:\/\/speyer24news.com\/index.php?rest_route=%2Fwp%2Fv2%2Ftags&post=54522"}],"curies":[{"name":"wp","href":"https:\/\/api.w.org\/{rel}","templated":true}]}}