{"id":54817,"date":"2023-10-07T07:50:56","date_gmt":"2023-10-07T06:50:56","guid":{"rendered":"https:\/\/speyer24news.com\/?p=54817"},"modified":"2023-10-07T07:50:58","modified_gmt":"2023-10-07T06:50:58","slug":"polizeimeldungen-freitag-06-10-23","status":"publish","type":"post","link":"https:\/\/speyer24news.com\/?p=54817","title":{"rendered":"Polizeimeldungen Freitag (06.10.23)"},"content":{"rendered":"<style type=\"text\/css\">\r\n\t.ads_top_disp{}\r\n\t.ads_top_corner_disp{ float:left; margin:0px 10px 10px 0px; }\r\n\t.ads_first_p_disp{}\r\n\t.ads_bottom_disp{}\r\n\t<\/style>\n<h2 class=\"wp-block-heading\">Polizeimeldungen vom Freitag (06.10.2023)<\/h2>\n\n\n<div class=\"wp-block-image\">\n<figure class=\"aligncenter size-full\"><img decoding=\"async\" loading=\"lazy\" width=\"375\" height=\"500\" src=\"https:\/\/speyer24news.com\/wp-content\/uploads\/2022\/03\/Aktuelles-Polizeilogo.jpg\" alt=\"\" class=\"wp-image-43591\" srcset=\"https:\/\/speyer24news.com\/wp-content\/uploads\/2022\/03\/Aktuelles-Polizeilogo.jpg 375w, https:\/\/speyer24news.com\/wp-content\/uploads\/2022\/03\/Aktuelles-Polizeilogo-225x300.jpg 225w\" sizes=\"(max-width: 375px) 100vw, 375px\" \/><\/figure><\/div>\n\n\n<h2 class=\"wp-block-heading\">(Speyer) &#8211; R\u00fccksichtslose, gef\u00e4hrliche Autofahrt auf der Maximilianstra\u00dfe<\/h2>\n\n\n<div class=\"wp-block-image\">\n<figure class=\"aligncenter size-full\"><img decoding=\"async\" loading=\"lazy\" width=\"600\" height=\"600\" src=\"https:\/\/speyer24news.com\/wp-content\/uploads\/2022\/05\/Alkohol-Tabletten-Drogen-Medikamente.png\" alt=\"\" class=\"wp-image-46525\" srcset=\"https:\/\/speyer24news.com\/wp-content\/uploads\/2022\/05\/Alkohol-Tabletten-Drogen-Medikamente.png 600w, https:\/\/speyer24news.com\/wp-content\/uploads\/2022\/05\/Alkohol-Tabletten-Drogen-Medikamente-300x300.png 300w, https:\/\/speyer24news.com\/wp-content\/uploads\/2022\/05\/Alkohol-Tabletten-Drogen-Medikamente-150x150.png 150w\" sizes=\"(max-width: 600px) 100vw, 600px\" \/><\/figure><\/div>\n\n\n<p>Am Freitag gegen 11:30 Uhr meldeten mehrere Zeugen einen verd\u00e4chtigen Autofahrer in der Maximilianstra\u00dfe, der die gesamte Stra\u00dfe mehrmals auf und ab fuhr und hierbei Passanten lautstark aufforderte, vor sein Auto zu springen. Auf H\u00f6he des Postplatzes stellte eine Polizeistreife den PKW fest und gab eindeutige Anhaltesignale. Da der Fahrer diese jedoch anhaltend ignorierte, setzten die Beamten ihren Streifenwagen vor den fahrenden PKW des Verd\u00e4chtigen und konnten ihn so schlie\u00dflich unfallfrei stoppen. Eine Passantin gab gegen\u00fcber den Beamten an, sie habe sich zuvor nur durch einen beherzten Sprung zur Seite vor einer Kollision mit dem PKW des Verd\u00e4chtigen retten k\u00f6nnen. Der 40-j\u00e4hrige Tatverd\u00e4chtige r\u00e4umte den Konsum von Marihuana und CBD ein. Die Beamten verbrachten ihn zur Dienststelle und veranlassten eine Blutentnahme. Anschlie\u00dfend verbrachten sie ihn mit seinem Einverst\u00e4ndnis in eine psychiatrische Fachklinik, da sich Anhaltspunkte f\u00fcr unbehandelte psychische Erkrankungen ergaben.<\/p>\n\n\n\n<p>Den 40-J\u00e4hrigen erwartet ein Strafverfahren wegen Gef\u00e4hrlichen Eingriffs in den Stra\u00dfenverkehr.<\/p>\n\n\n\n<p>W\u00e4hrend der Ma\u00dfnahmen st\u00f6rte eine zuf\u00e4llig vorbeikommende, nach ersten Erkenntnissen unbeteiligte, 39-J\u00e4hrige die polizeilichen Ma\u00dfnahmen durch lautstarke \u00c4u\u00dferungen, sodass die Beamten ihr einen Platzverweis erteilen mussten. Diesem kam sie zwar nach, quittierte ihn aber in aller \u00d6ffentlichkeit mit weiteren lautstarken Unmutsbekundungen.<\/p>\n\n\n\n<ul>\n<li><strong>Die Polizeiinspektion Speyer bittet weitere Gesch\u00e4digte, die konkret durch die Fahrweise des Mannes gef\u00e4hrdet oder gesch\u00e4digt wurden, um Meldung an Tel. 06232 \/ 137-0 oder per E-Mail an\u00a0<a href=\"mailto:%20pispeyer@polizei.rlp.de\">pispeyer@polizei.rlp.de<\/a><\/strong><\/li>\n<\/ul>\n\n\n\n<h2 class=\"wp-block-heading\">(Speyer) &#8211; Gestohlenes Fahrrad sichergestellt, Tatverd\u00e4chtigen ermittelt<\/h2>\n\n\n\n<p>Am 05.10.2023 stellten Polizeibeamte aufgrund von Zeugenhinweisen in Bezug auf m\u00f6gliches Diebesgut einen 45-J\u00e4hrigen an seiner Wohnanschrift in Speyer-Ost mit einem hochwertigen Mountainbike der Marke Bulls im Wert von ca. 825 Euro fest und \u00fcberpr\u00fcften das Fahrrad. Tats\u00e4chlich ergab die \u00dcberpr\u00fcfung der Rahmennummer einen Treffer auf ein Fahrrad, das einem 23-j\u00e4hrigen Gesch\u00e4digten an dessen Wohnanschrift in Speyer-S\u00fcd in der Nacht von Sonntag auf Montag, den 02.10.2023, gestohlen worden war. Den 45-J\u00e4hrigen erwartet ein Strafverfahren wegen Fahrraddiebstahls im besonders schweren Fall. Die Beamten leiten die R\u00fcckgabe des Fahrrads an den 23-J\u00e4hrigen in die Wege.<\/p>\n\n\n\n<h2 class=\"wp-block-heading\">(Speyer) &#8211; Fahren ohne Fahrerlaubnis<\/h2>\n\n\n\n<p>Am 05.10.2023 gegen 13:30 Uhr kontrollierten Polizeibeamte in der Auestra\u00dfe einen 38-j\u00e4hrigen PKW-Fahrer, der \u00fcber keinen deutschen F\u00fchrerschein verf\u00fcgte und stattdessen den F\u00fchrerschein eines Drittstaats au\u00dferhalb der EU vorzeigte. Grunds\u00e4tzlich berechtigt die Fahrerlaubnis eines Drittstaats f\u00fcr sechs Monate zum F\u00fchren von Kraftfahrzeugen im Inland. Da der 38-J\u00e4hrige seinen Wohnsitz allerdings seit mehreren Jahren in Deutschland hatte, untersagten ihm die Beamten die Weiterfahrt und leiteten ein Strafverfahren gegen ihn ein.<\/p>\n\n\n\n<h2 class=\"wp-block-heading\">(Limburgerhof) &#8211; Einbruch in Tankstelle<\/h2>\n\n\n\n<p>Am fr\u00fchen Freitagmorgen, gegen 01:30 Uhr, wurde ein Einbruch in eine Tankstelle in der Speyerer Stra\u00dfe gemeldet. Bislang unbekannte T\u00e4ter hebelten eine Eingangst\u00fcr auf und verschafften sich Zutritt in den Innenbereich. Es wurde ein vierstelliger Bargeldbetrag entwendet. Vermutlich fl\u00fcchteten die T\u00e4ter mit einem silbernen Audi A6 in Fahrtrichtung Neuhofen. Eine Fahndung nach den T\u00e4tern blieb in der Nacht erfolglos. Ein Ermittlungsverfahren wegen Einbruchsdiebstahl wurde eingeleitet. <\/p>\n\n\n\n<ul>\n<li><strong>Zeugen, die Hinweise geben k\u00f6nnen, werden gebeten, sich an die Polizeiinspektion Schifferstadt unter der 06235 4950 oder per Email an\u00a0<a href=\"mailto:%20pischifferstadt@polizei.rlp.de\">pischifferstadt@polizei.rlp.de<\/a><\/strong>\u00a0zu wenden.<\/li>\n<\/ul>\n\n\n\n<h2 class=\"wp-block-heading\">(Germersheim) &#8211; \u00dcber 200 Gramm Bet\u00e4ubungsmittel sichergestellt<\/h2>\n\n\n<div class=\"wp-block-image\">\n<figure class=\"aligncenter size-full\"><img decoding=\"async\" loading=\"lazy\" width=\"800\" height=\"533\" src=\"https:\/\/speyer24news.com\/wp-content\/uploads\/2020\/06\/Zelle.jpg\" alt=\"\" class=\"wp-image-28203\" srcset=\"https:\/\/speyer24news.com\/wp-content\/uploads\/2020\/06\/Zelle.jpg 800w, https:\/\/speyer24news.com\/wp-content\/uploads\/2020\/06\/Zelle-300x200.jpg 300w, https:\/\/speyer24news.com\/wp-content\/uploads\/2020\/06\/Zelle-768x512.jpg 768w\" sizes=\"(max-width: 800px) 100vw, 800px\" \/><figcaption class=\"wp-element-caption\">Beispielbild Zelle \/ Verhaftung, dient lediglich der Visualisierung<\/figcaption><\/figure><\/div>\n\n\n<p>Am 05.10.2023 wurden durch Beamte der Polizei Germersheim bis in die sp\u00e4ten Abendstunden Polizeikontrollen zur Bek\u00e4mpfung der Bet\u00e4ubungsmittelkriminalit\u00e4t in Lingenfeld, R\u00fclzheim, Bellheim und Germersheim durchgef\u00fchrt. Der Fokus lag auf den Parkanlagen, bekannten neuralgischen Punkten und der Innenstadt von Germersheim. Es wurden insgesamt 15 Strafverfahren, haupts\u00e4chlich wegen des Versto\u00dfes gegen das Bet\u00e4ubungsmittelgesetz, eingeleitet, bei denen \u00fcber 200 Gramm Bet\u00e4ubungsmittel sichergestellt wurden. Eine weitere Person wurde aufgrund eines bestehenden Haftbefehls festgenommen und kam in die Justizvollzugsanstalt. Zwei Personen wurde die Teilnahme am Stra\u00dfenverkehr mit Kraftfahrzeugen untersagt, weil sie unter dem Einfluss von Drogen standen.<\/p>\n\n\n\n<h2 class=\"wp-block-heading\">(W\u00f6rth) &#8211; PKW Diebstahl<\/h2>\n\n\n\n<p>Donnerstagnacht zwischen 02 Uhr und 03 Uhr wurde ein Toyota Cruiser in Maximiliansau (Obere Weide) vom dortigen Firmengel\u00e4nde entwendet. Bislang unbekannte T\u00e4ter verschafften sich Zutritt aufs Gel\u00e4nde und entwendeten das Fahrzeug.<\/p>\n\n\n\n<p>Entsprechende polizeiliche Ermittlungen werden in der Angelegenheit gef\u00fchrt.<\/p>\n\n\n\n<ul>\n<li><strong>Die Polizei W\u00f6rth bittet unter der Rufnummer 07271-92210 oder unter\u00a0<a href=\"mailto:%20piwoerth@polizei.rlp.de\">piwoerth@polizei.rlp.de<\/a>\u00a0um Zeugenhinweise.<\/strong><\/li>\n<\/ul>\n\n\n\n<h2 class=\"wp-block-heading\">(Edesheim) &#8211; Zu viel Neuer Wein<\/h2>\n\n\n\n<p>Am Donnerstag gegen 18:50 Uhr wurde in Edesheim in der Ruprechtstra\u00dfe im Rahmen einer Verkehrskontrolle einer 57-j\u00e4hrigen Autofahrerin Alkoholgeruch aus dem Wageninneren festgestellt. Zun\u00e4chst bestritt die Fahrerin, zuvor alkoholische Getr\u00e4nke konsumiert zu haben, gab aber dann doch reum\u00fctig zu, ein Viertel Neuen Wein getrunken zu haben. Auch diese Angabe war wohl nicht komplett der Wahrheit entsprechend, denn ein Atemalkoholtest ergab 0,81 Promille. Die Fahrt unter Alkoholeinfluss wird der Frau einen Monat Fahrverbot, zwei Punkte in der Verkehrss\u00fcnderdatei und ein Bu\u00dfgeld von mindestens 500 Euro einbringen.<\/p>\n\n\n\n<h2 class=\"wp-block-heading\">(Gro\u00dffischlingen) &#8211; Unfall mit Totalschaden<\/h2>\n\n\n<div class=\"wp-block-image\">\n<figure class=\"aligncenter size-full\"><img decoding=\"async\" loading=\"lazy\" width=\"800\" height=\"545\" src=\"https:\/\/speyer24news.com\/wp-content\/uploads\/2023\/10\/VU.jpeg\" alt=\"\" class=\"wp-image-54819\" srcset=\"https:\/\/speyer24news.com\/wp-content\/uploads\/2023\/10\/VU.jpeg 800w, https:\/\/speyer24news.com\/wp-content\/uploads\/2023\/10\/VU-300x204.jpeg 300w, https:\/\/speyer24news.com\/wp-content\/uploads\/2023\/10\/VU-768x523.jpeg 768w\" sizes=\"(max-width: 800px) 100vw, 800px\" \/><\/figure><\/div>\n\n\n<p>Am Donnerstagmorgen, 05.10.2023, gegen 10.30 Uhr, befuhr ein Mercedes-Fahrer die L507 von Edesheim kommend in Richtung Gro\u00dffischlingen. Hier wollte er links in einen Feldweg einbiegen und lie\u00df noch den Gegenverkehr passieren. Im R\u00fcckspiegel konnte er erkennen, dass sich von hinten ein VW-Golf schnell n\u00e4herte, weshalb er noch nach rechts in eine Feldwegeinm\u00fcndung ausweichen wollte. Dies gelang nicht mehr und es kam zum fast ungebremsten Ansto\u00df zwischen den Fahrzeugen, die hierbei jeweils Totalschaden erlitten. Zwecks weiterer medizinischer Untersuchungen wurden beide Fahrzeugf\u00fchrer im Alter von 40 und 49 Jahren in Krankenh\u00e4user verbracht. Die PKW mussten abgeschleppt werden.<\/p>\n\n\n\n<h2 class=\"wp-block-heading\">(Rhodt) &#8211; Unfallflucht an geparktem PKW<\/h2>\n\n\n\n<p>Am Freitag besch\u00e4digte in der Zeit von 11:30 Uhr bis 12:30 Uhr ein bisher unbekanntes Fahrzeug beim Vorbeifahren einen in der Gartenstra\u00dfe, H\u00f6he Hausnummer 20, abgestellten schwarzen PKW Toyota. Wer Beobachtungen gemacht hat und sachdienliche Hinweise geben kann, wird gebeten, sich mit der Edenkobener Polizei in Verbindung zu setzen.<\/p>\n\n\n\n<h2 class=\"wp-block-heading\">(A 65 \/ Edenkoben) &#8211; In Schlangenlinien gefahren<\/h2>\n\n\n\n<p>Ein 66 Jahre alter VW-Golf-Fahrer fuhr Donnerstagmittag (05.10.2023, 15.30 Uhr) mit einer Geschwindigkeit von ca. 50km\/h und in Schlangenlinien auf der A65 in H\u00f6he Neustadt Richtung Ludwigshafen. Bei einer anschlie\u00dfend durchgef\u00fchrten Verkehrskontrolle schlug den Beamten bereits bei ge\u00f6ffnetem Fenster Alkoholgeruch entgegen. Ein anschlie\u00dfend durchgef\u00fchrter Test ergab einen Wert von 2,5 Promille. Ihm wurde eine Blutprobe entnommen und sein F\u00fchrerschein wurde sichergestellt.<\/p>\n\n\n\n<h2 class=\"wp-block-heading\">(Neustadt) &#8211; Einbruch in Einfamilienhaus<\/h2>\n\n\n\n<p>In der Zeit von Freitag, 29.09.,16 Uhr bis Mittwoch, 04.10.,22:15 Uhr kam es in Neustadt im Haardter Treppenweg zu einem Wohnungseinbruchsdiebstahl. Hierbei hebelten unbekannte T\u00e4ter das K\u00fcchenfensters im Erdgeschoss auf und verschafften sich dadurch Zugang zum Geb\u00e4ude. Im Anwesen wurden s\u00e4mtliche Schr\u00e4nke durchsucht. Es wurden mehrere Wertgegenst\u00e4nde (u.a. Uhren, sowie M\u00fcnzen), sowie Bargeld entwendet. <\/p>\n\n\n\n<ul>\n<li><strong>Die Polizei bittet um Ihre Mithilfe. Wenn Sie Beobachtungen zur oder im Zusammenhang mit der Tat gemacht haben oder Ihnen M\u00fcnzen oder hochwertige Uhren angeboten wurden, die keinerlei Hinweis auf ihre Herkunft zulie\u00dfen, kontaktieren Sie die Kriminalinspektion Neustadt unter der Telefonnummer 06321\/854-4601.<\/strong><\/li>\n<\/ul>\n\n\n\n<h2 class=\"wp-block-heading\">(Neustadt) &#8211; Besch\u00e4digung an Fahrzeug der Jugendverkehrsschule<\/h2>\n\n\n<div class=\"wp-block-image\">\n<figure class=\"aligncenter size-full\"><img decoding=\"async\" loading=\"lazy\" width=\"800\" height=\"599\" src=\"https:\/\/speyer24news.com\/wp-content\/uploads\/2023\/10\/Bild1.jpg\" alt=\"\" class=\"wp-image-54820\" srcset=\"https:\/\/speyer24news.com\/wp-content\/uploads\/2023\/10\/Bild1.jpg 800w, https:\/\/speyer24news.com\/wp-content\/uploads\/2023\/10\/Bild1-300x225.jpg 300w, https:\/\/speyer24news.com\/wp-content\/uploads\/2023\/10\/Bild1-768x575.jpg 768w, https:\/\/speyer24news.com\/wp-content\/uploads\/2023\/10\/Bild1-678x509.jpg 678w, https:\/\/speyer24news.com\/wp-content\/uploads\/2023\/10\/Bild1-326x245.jpg 326w, https:\/\/speyer24news.com\/wp-content\/uploads\/2023\/10\/Bild1-80x60.jpg 80w\" sizes=\"(max-width: 800px) 100vw, 800px\" \/><figcaption class=\"wp-element-caption\">Fahrzeug der Jugendverkehrsschule<\/figcaption><\/figure><\/div>\n\n\n<p>Von Freitag, 29.09.2023 bis Mittwoch 04.10.2023 fanden Verkehrspr\u00e4ventionsveranstaltungen der Jugendverkehrsschule Neustadt an der Realschule Plus in Maikammer-Hambach statt. Hierbei schnitten unbekannte T\u00e4ter den rechten Reifenspritzschutz am Zwillingsreifen hinten rechts des Fahrzeuges ab. Der Reifenspritzschutzlappen auf der linken Seite wurde ebenfalls besch\u00e4digt. <\/p>\n\n\n\n<p><strong>T\u00e4terhinweise liegen keine bislang nicht vor. Hinweise nimmt die Polizeiinspektion Neustadt unter der Telefonnummer 06321\/854-0 entgegen.<\/strong><\/p>\n\n\n\n<h2 class=\"wp-block-heading\">(Lindenberg) &#8211; Brand eines Wohnhauses<\/h2>\n\n\n\n<p>Am Donnerstag, den 05.10.2023, kam es gegen 23:45 Uhr zu einem Balkonbrand an einem Einfamilienhaus in Lindenberg. Der Brand konnte durch die Feuerwehr gel\u00f6scht und ein \u00dcbergreifen auf das Anwesen verhindert werden. Aktuell wird der Sachschaden auf ca. 50.000EUR gesch\u00e4tzt. Personen wurden nicht verletzt. Die Kriminalpolizei hat die Ermittlungen aufgenommen.<\/p>\n\n\n\n<h2 class=\"wp-block-heading\">(Ha\u00dfloch) &#8211; Jugendliche greifen Verkehrsteilnehmer an \/ Zeugen gesucht<\/h2>\n\n\n<div class=\"wp-block-image\">\n<figure class=\"aligncenter size-full\"><img decoding=\"async\" loading=\"lazy\" width=\"801\" height=\"600\" src=\"https:\/\/speyer24news.com\/wp-content\/uploads\/2020\/05\/Zeugen-gesucht-Neutral.jpg\" alt=\"\" class=\"wp-image-26598\" srcset=\"https:\/\/speyer24news.com\/wp-content\/uploads\/2020\/05\/Zeugen-gesucht-Neutral.jpg 801w, https:\/\/speyer24news.com\/wp-content\/uploads\/2020\/05\/Zeugen-gesucht-Neutral-300x225.jpg 300w, https:\/\/speyer24news.com\/wp-content\/uploads\/2020\/05\/Zeugen-gesucht-Neutral-768x575.jpg 768w, https:\/\/speyer24news.com\/wp-content\/uploads\/2020\/05\/Zeugen-gesucht-Neutral-678x509.jpg 678w, https:\/\/speyer24news.com\/wp-content\/uploads\/2020\/05\/Zeugen-gesucht-Neutral-326x245.jpg 326w, https:\/\/speyer24news.com\/wp-content\/uploads\/2020\/05\/Zeugen-gesucht-Neutral-80x60.jpg 80w\" sizes=\"(max-width: 801px) 100vw, 801px\" \/><\/figure><\/div>\n\n\n<p>Am Freitag, den 06.10.2023 gegen 14:20 Uhr, griffen in der Kr\u00e4mergasse in Ha\u00dfloch mehrere Jugendliche Verkehrsteilnehmer an. Sie stellten sich auf die Fahrbahn, behinderten den durchflie\u00dfenden Verkehr und schlugen auf Pkw ein. Ein Fahrradfahrer wurde mit einem Reizstoff angespr\u00fcht und musste \u00e4rztlich versorgt werden. Die Jugendlichen fl\u00fcchteten vor dem Eintreffen der Einsatzkr\u00e4fte. Zeugen und\/oder Gesch\u00e4digte der Vorf\u00e4lle werden gebeten sich mit der Polizeiinspektion Ha\u00dfloch in Verbindung zu setzen.<\/p>\n\n\n\n<h2 class=\"wp-block-heading\">(Deidesheim) &#8211; Verkehrsunfall mit Flucht \/ Zeugen gesucht<\/h2>\n\n\n\n<p>Am Freitag, den 06.10.2023 gegen 14:20 Uhr, ereignete sich in Deidesheim in der Wienstra\u00dfe H\u00f6he Hausnummer 18 eine Verkehrsunfall im Begegnungsverkehr zwischen einem Lieferwagen und einem SUV. Dabei entstand zumindest am Lieferwagen ein nicht unerheblicher Schaden. Der Fahrer des SUV setzte seine Fahrt trotz des Sachschadens in Richtung Forst fort. Zeugen werden gebeten, sich mit der Polizeiinspektion Ha\u00dfloch in Verbindung zu setzen.<\/p>\n\n\n\n<h2 class=\"wp-block-heading\">(Leiningerland) &#8211; Betr\u00fcger nutzen Messengerdienst<\/h2>\n\n\n\n<p>Vergangene Woche wurde eine Frau aus der Verbandsgemeinde Leiningerland Opfer von Betr\u00fcgern, die zun\u00e4chst per SMS mit ihr in Kontakt traten. Die Nachricht begann mit den Worten &#8222;Hallo Mama, dies ist meine neue Nummer&#8230;&#8220;. \u00dcber WhatsApp wurde weiter gechattet und im Glauben, es handele sich um ihre Tochter, \u00fcberwies die Gesch\u00e4digte zwei mal vierstellige Geldbetr\u00e4ge an ausl\u00e4ndische Konten.<\/p>\n\n\n\n<h4 class=\"wp-block-heading\"><em>Vertrauen ist gut. Nachfragen sch\u00fctzt vor Betrug!<\/em><\/h4>\n\n\n\n<h4 class=\"wp-block-heading\">Die Polizei r\u00e4t:<\/h4>\n\n\n\n<ul>\n<li><strong>Sollten Sie eine \u00e4hnlich lautende Nachricht erhalten oder bereits erhalten haben, dann blockieren Sie die Nummer, melden Sie den Vorfall der Polizei und l\u00f6schen Sie anschlie\u00dfend den Chat und die Nummer der Betr\u00fcger.<\/strong><\/li>\n\n\n\n<li><strong>Seien Sie immer misstrauisch, wenn Sie per WhatsApp oder andere Messenger um Geld\u00fcberweisungen gebeten werden.<\/strong><\/li>\n\n\n\n<li><strong>Kontaktieren Sie Ihre &#8222;richtigen&#8220; Verwandten unter der Ihnen bekannten Nummer und \u00fcberpr\u00fcfen Sie so den vermeintlich neuen Kontakt.<\/strong><\/li>\n<\/ul>\n\n\n\n<h2 class=\"wp-block-heading\">(Gr\u00fcnstadt) &#8211; Einbruch in Mehrfamilienhaus<\/h2>\n\n\n\n<p>Durch ein Fenster drangen Unbekannte am Donnerstag (05.10.2023) zwischen 15:30 Uhr und 21:30 Uhr in eine Wohnung in einem Mehrfamilienhaus in der Hochgewanne ein. Entwendet wurde Schmuck und Bargeld in noch unbekannter H\u00f6he. <\/p>\n\n\n\n<ul>\n<li><strong>Die Polizei fragt: Wer hat im genannten Zeitraum in der Hochgewanne verd\u00e4chtige Beobachtungen gemacht bzw. kann Angaben zur Tat und zu dem\/den T\u00e4ter\/n machen? Hinweise werden unter 06359\/9312-0 entgegengenommen.<\/strong><\/li>\n<\/ul>\n\n\n\n<h2 class=\"wp-block-heading\">(Dirmstein) &#8211; Brand einer Lagerhalle<\/h2>\n\n\n\n<p>Mehrere Notrufe wegen eines Brandes gingen am fr\u00fchen Freitagmorgen (06.10.23) bei der Polizeiinspektion Gr\u00fcnstadt ein. Eine Lagerhalle stand dort in Vollbrand. Die Arbeiten der Feuerwehr sind gegenw\u00e4rtig noch im Gange. Die Brandursache sowie die Schadensh\u00f6he ist derzeit nicht bekannt. Personen wurden durch das Feuer nicht verletzt. Die Kriminalinspektion Neustadt an der Weinstra\u00dfe hat die Ermittlungen \u00fcbernommen.<\/p>\n\n\n\n<h2 class=\"wp-block-heading\">(Frankenthal) &#8211; Fahrl\u00e4ssige K\u00f6rperverletzung durch Hundebiss<\/h2>\n\n\n<div class=\"wp-block-image\">\n<figure class=\"aligncenter size-full\"><img decoding=\"async\" loading=\"lazy\" width=\"801\" height=\"600\" src=\"https:\/\/speyer24news.com\/wp-content\/uploads\/2020\/05\/Zeugen-gesucht-Neutral.jpg\" alt=\"\" class=\"wp-image-26598\" srcset=\"https:\/\/speyer24news.com\/wp-content\/uploads\/2020\/05\/Zeugen-gesucht-Neutral.jpg 801w, https:\/\/speyer24news.com\/wp-content\/uploads\/2020\/05\/Zeugen-gesucht-Neutral-300x225.jpg 300w, https:\/\/speyer24news.com\/wp-content\/uploads\/2020\/05\/Zeugen-gesucht-Neutral-768x575.jpg 768w, https:\/\/speyer24news.com\/wp-content\/uploads\/2020\/05\/Zeugen-gesucht-Neutral-678x509.jpg 678w, https:\/\/speyer24news.com\/wp-content\/uploads\/2020\/05\/Zeugen-gesucht-Neutral-326x245.jpg 326w, https:\/\/speyer24news.com\/wp-content\/uploads\/2020\/05\/Zeugen-gesucht-Neutral-80x60.jpg 80w\" sizes=\"(max-width: 801px) 100vw, 801px\" \/><\/figure><\/div>\n\n\n<p>Der 11-j\u00e4hrige Gesch\u00e4digte befuhr am 05.10.2023, gegen 07.20 Uhr, den Radweg parallel zur Lambsheimer Stra\u00dfe in Richtung Westring. Kurz vor der dortigen Lichtsignalanlage wurde er von einem nichtangeleinten Hund angesprungen und ihn den Arm gebissen, er wurde hierbei leicht verletzt. <\/p>\n\n\n\n<ul>\n<li><strong>Der Hundehalter, welcher als etwa 30-j\u00e4hriger Mann, etwa 180cm gro\u00df, bekleidet mit schwarzer Jogginghose und Jacke, sowie einer roten &#8222;Bommelm\u00fctze&#8220;, beschrieben wurde, entfernte sich ohne sich um den Jungen zu k\u00fcmmern auf dem Westring in Richtung Schreberg\u00e4rten. <\/strong><\/li>\n\n\n\n<li><strong>Bei dem Hund soll es sich um einen der Gr\u00f6\u00dfe eines Golden Retriever, komplett braun, mit langem Fell und schwarzem Halsband gehandelt haben.<\/strong><\/li>\n<\/ul>\n\n\n\n<ul>\n<li><strong>Zeugen werden gebeten sich an die Polizeiinspektion Frankenthal unter der Tel.-Nr.: 06233\/313-0 oder an die Polizeiwache Maxdorf unter der Tel.-Nr.: 06237\/934-1100 zu wenden. Gerne nehmen wir Ihre Hinweise auch per E-Mail unter\u00a0<a href=\"mailto:%20pifrankenthal@polizei.rlp.de\">pifrankenthal@polizei.rlp.de<\/a>\u00a0entgegen.<\/strong><\/li>\n<\/ul>\n\n\n\n<h2 class=\"wp-block-heading\">(Ludwigshafen) &#8211; Erneut Fahrzeug aufgebrochen \/ Zeugen gesucht<\/h2>\n\n\n\n<p>In der Nacht von Donnerstag (05.10.2023) auf Freitag (06.10.2023) schlugen Unbekannte die Heckscheibe eines in der Weinbietstra\u00dfe abgestellten VW Transporters ein und entwendeten Baumaschinen im Wert von circa 3.000 Euro.<\/p>\n\n\n\n<ul>\n<li><strong>Wer hat die Tat beobachtet oder kann Hinweise auf die T\u00e4ter geben?<\/strong><\/li>\n\n\n\n<li><strong>Sachdienliche Hinweise bitte an die Polizeiinspektion Ludwigshafen 1, Telefonnummer 0621 963-2122 oder per E-Mail\u00a0<a href=\"mailto:%20piludwigshafen1@polizei.rlp.de\">piludwigshafen1@polizei.rlp.de<\/a>\u00a0.<\/strong><\/li>\n<\/ul>\n\n\n\n<h2 class=\"wp-block-heading\">(Ludwigshafen) &#8211; M\u00fcllwerker von Autofahrer erfasst<\/h2>\n\n\n\n<p>Am Donnerstagnachmittag (05.10.2023), gegen 14:15 Uhr, war ein Abfallentsorgungsfahrzeug in der Wredestra\u00dfe unterwegs. Aufgrund der Leerung der M\u00fclltonnen mussten mehrere Fahrzeuge hinter dem Abfallentsorgungsfahrzeug warten. Ein 37-j\u00e4hriger Autofahrer scherte daraufhin aus der Fahrzeugschlange aus und wollte das Entsorgungsfahrzeug \u00fcberholen. Hierbei \u00fcbersah er einen noch auf Fahrbahn gehenden Mitarbeiter des Entsorgungsbetriebs. Er erfasste den 59-J\u00e4hrigen, wodurch dieser zu Boden fiel und sich leichte Verletzungen zuzog. Er wurde durch den Rettungsdienst in ein Krankenhaus gebracht.<\/p>\n\n\n\n<h2 class=\"wp-block-heading\">(Ludwigshafen) &#8211; Radfahrerin bei Unfall verletzt<\/h2>\n\n\n\n<p>Am Donnerstagnachmittag (05.10.2023), gegen 13:00 Uhr, kam es in der Oderstra\u00dfe zu einem Verkehrsunfall zwischen einem 75-j\u00e4hrigen Autofahrer und einer 79-j\u00e4hrigen Radfahrerin. Der Mann fuhr von dem dortigen Parkplatz der Metro in Richtung des Kreisverkehrs. Die Frau fuhr entgegen der Fahrtrichtung auf dem die Ausfahrt querenden Radweg in Richtung Flomersheimer Stra\u00dfe. Der 75-J\u00e4hrige missachtete die Vorfahrt der Radfahrerin, es kam zur Kollision. Die 79-J\u00e4hrige st\u00fcrzte und verletzte sich leicht. Sie wurde durch den Rettungsdienst in ein Krankenhaus gebracht.<\/p>\n\n\n\n<h2 class=\"wp-block-heading\">(Ludwigshafen) &#8211; Nicht angeleinter Hund verursacht Unfall \/ Radfahrer verletzt<\/h2>\n\n\n\n<p>Am Donnerstagmorgen (05.10.2023), gegen 09:15 Uhr, war ein 52-j\u00e4hriger Radfahrer auf dem Feldweg zwischen Limburgerhof und Rheing\u00f6nheim unterwegs. Ein 66-J\u00e4hriger war zu Fu\u00df mit seinem Hund auf einem querenden Feldweg unterwegs, als der nicht angeleinte Hund unvermittelt in Richtung des Radfahrers lief. Dieser bremste stark ab, um den Zusammensto\u00df zu verhindern. Hierbei st\u00fcrzte er \u00fcber seinen Lenker und verletzte sich. Er wurde durch den Rettungsdienst in ein Krankenhaus gebracht.<\/p>\n\n\n\n<h2 class=\"wp-block-heading\">(Ludwigshafen) &#8211; Versuchter Einbruch \/ Zeugen gesucht<\/h2>\n\n\n\n<p>Bislang unbekannte T\u00e4ter versuchten erfolglos in der Nacht von Mittwoch auf Donnerstag (04.10.2023 &#8211; 05.10.2023) in eine Kindertagesst\u00e4tte in der Georg-Herwegh-Stra\u00dfe einzubrechen. Durch den Einbruchsversuch entstand ein Schaden in H\u00f6he von rund 1.000 Euro.<\/p>\n\n\n\n<ul>\n<li><strong>Wer hat die Tat beobachtet oder kann Hinweise auf die T\u00e4ter geben?<\/strong><\/li>\n\n\n\n<li><strong>Sachdienliche Hinweise bitte an die Polizeiinspektion Ludwigshafen 1, Telefonnummer 0621 963-2122 oder per E-Mail\u00a0<a href=\"mailto:%20piludwigshafen1@polizei.rlp.de\">piludwigshafen1@polizei.rlp.de<\/a>\u00a0.<\/strong><\/li>\n<\/ul>\n\n\n\n<p><\/p>\n\n\n\n<h2 class=\"wp-block-heading\">(Mannheim) &#8211; Auffahrunfall verursacht Schaden von mehreren tausend Euro<\/h2>\n\n\n\n<p>Der 25-j\u00e4hrige Fahrer eines Fords befuhr am sp\u00e4ten Donnerstagabend gegen 23.15 Uhr die Tilsiter Stra\u00dfe aus Richtung Sandhofen kommend. In Folge von Unachtsamkeit fuhr er in H\u00f6he der Haltestelle Tilsiter Stra\u00dfe auf einen verkehrsbedingt wartenden Mercedes Sprinter auf. Beide Fahrzeuge wurden durch die Kollision derart besch\u00e4digt, dass sie nicht mehr fahrbereit waren und abgeschleppt werden mussten. Es entstand ein Gesamtschaden von mehreren tausend Euro. Da beim Ford in Folge des Aufpralls Betriebsstoffe ausliefen, musste die Fahrbahn durch eine Fachfirma im Anschluss der Unfallaufnahme gereinigt werden.<\/p>\n\n\n\n<h2 class=\"wp-block-heading\">(Mannheim) &#8211; Immer wieder Unf\u00e4lle mit E-Scooter-Beteiligung<\/h2>\n\n\n<div class=\"wp-block-image\">\n<figure class=\"aligncenter size-full\"><img decoding=\"async\" loading=\"lazy\" width=\"800\" height=\"599\" src=\"https:\/\/speyer24news.com\/wp-content\/uploads\/2020\/09\/E-Scooter.jpg\" alt=\"\" class=\"wp-image-30384\" srcset=\"https:\/\/speyer24news.com\/wp-content\/uploads\/2020\/09\/E-Scooter.jpg 800w, https:\/\/speyer24news.com\/wp-content\/uploads\/2020\/09\/E-Scooter-300x225.jpg 300w, https:\/\/speyer24news.com\/wp-content\/uploads\/2020\/09\/E-Scooter-768x575.jpg 768w, https:\/\/speyer24news.com\/wp-content\/uploads\/2020\/09\/E-Scooter-678x509.jpg 678w, https:\/\/speyer24news.com\/wp-content\/uploads\/2020\/09\/E-Scooter-326x245.jpg 326w, https:\/\/speyer24news.com\/wp-content\/uploads\/2020\/09\/E-Scooter-80x60.jpg 80w\" sizes=\"(max-width: 800px) 100vw, 800px\" \/><figcaption class=\"wp-element-caption\">E-Scooter Kontrolle Symbolbild<\/figcaption><\/figure><\/div>\n\n\n<p>Am Donnerstag kam es in Mannheim zu gleich drei Unf\u00e4llen unter Beteiligung eines E-Scooters.<\/p>\n\n\n\n<p>Gegen 19.30 Uhr fuhr ein 52-j\u00e4hriger Autofahrer die Eisenlohrstra\u00dfe in Richtung Friedrich-Ebert-Stra\u00dfe entlang. Dort wollte er nach rechts in die Friedrich-Ebert-Stra\u00dfe einbiegen und \u00fcbersah eine von rechts kommende 32-j\u00e4hrige Scooter-Fahrerin, die entgegen der vorgeschriebenen Fahrtrichtung auf dem dortigen Radweg fuhr. Durch die Kollision mit dem Auto wurde die 32-J\u00e4hrige zu Boden geworfen. Sie erlitt dadurch leichte Verletzungen und wurde durch einen zuf\u00e4llig an der Unfallstelle vorbeifahrenden Rettungswagen behandelt und in ein umliegendes Krankenhaus gebracht. Das Auto wurde durch Kratzspuren an der Frontsto\u00dfstange leicht besch\u00e4digt. Der Sachschaden liegt in dreistelliger H\u00f6he.<\/p>\n\n\n\n<p>\u00c4hnlich trug sich ein Unfall in der Unterm\u00fchlaustra\u00dfe gegen 20.45 Uhr zu. Eine 21-j\u00e4hrige Autofahrerin befuhr die Unterm\u00fchlaustra\u00dfe in Fahrtrichtung Innenstadt und wollte hierbei in eine Grundst\u00fcckseinfahrt einbiegen. Hierbei \u00fcbersah sie eine 43-j\u00e4hrige E-Scooter-Fahrerin, die mit ihrem E-Scooter auf dem Radweg in entgegengesetzte Richtung fuhr. Hierbei kam es zum Zusammensto\u00df der beiden Verkehrsteilnehmerinnen. Die Scooter-Fahrerin st\u00fcrzte und zog sich leichte Verletzungen zu. Sie begab sich selbstst\u00e4ndig ins Krankenhaus. Am Fahrzeug entstand ein Sachschaden in H\u00f6he eines dreistelligen Betrags.<\/p>\n\n\n\n<p>Gegen 20.30 Uhr befuhr ein 26-J\u00e4hriger verkehrswidrig den Fahrradweg der Neckarauer Stra\u00dfe mit seinem E-Scooter in falsche Richtung. Bei der Einm\u00fcndung eines Supermarktes bog ein 60-j\u00e4hriger mit seinem Fahrrad rechts ab, um auf den Radweg zu fahren. Hierbei kollidierten die beiden Verkehrsteilnehmer miteinander, wodurch der Radfahrer mit seinem Rad auf der Fahrbahn landete. Durch das pl\u00f6tzliche Herabfallen auf die Fahrbahn wurde ein Auto eines weiteren Verkehrsteilnehmers besch\u00e4digt, welcher vorschriftsm\u00e4\u00dfig die Neckarauer Stra\u00dfe befuhr. Es entstand ein Sachschaden am Auto in H\u00f6he eines mittleren vierstelligen Betrages. Am Fahrrad entstand ebenfalls ein geringer Sachschaden. Ob sich der Radfahrer verletzt hat, ist bislang noch nicht bekannt. Dieser wollte sich selbstst\u00e4ndig zu einem Arzt begeben.<\/p>\n\n\n\n<p>Das Polizeipr\u00e4sidium weist erneut auf die enorme Bedeutung eines Helms hin, um die Gefahr von schweren Kopfverletzungen zu minimieren. Spielen sie nicht mit ihrer Gesundheit und tragen sie einen Helm! Ferner haben sich auch E-Scooter Fahrer an die geltenden Verkehrsregeln zu halten und eine Sorgfaltspflicht gegen\u00fcber anderen Verkehrsteilnehmern.<\/p>\n\n\n\n<h2 class=\"wp-block-heading has-text-align-left\">(Mannheim) &#8211; Autofahrer fl\u00fcchtet nach Unfall mit Fu\u00dfg\u00e4ngerin \/ Zeugenaufruf!<\/h2>\n\n\n<div class=\"wp-block-image\">\n<figure class=\"aligncenter size-full\"><img decoding=\"async\" loading=\"lazy\" width=\"801\" height=\"600\" src=\"https:\/\/speyer24news.com\/wp-content\/uploads\/2020\/05\/Zeugen-gesucht-Neutral.jpg\" alt=\"\" class=\"wp-image-26598\" srcset=\"https:\/\/speyer24news.com\/wp-content\/uploads\/2020\/05\/Zeugen-gesucht-Neutral.jpg 801w, https:\/\/speyer24news.com\/wp-content\/uploads\/2020\/05\/Zeugen-gesucht-Neutral-300x225.jpg 300w, https:\/\/speyer24news.com\/wp-content\/uploads\/2020\/05\/Zeugen-gesucht-Neutral-768x575.jpg 768w, https:\/\/speyer24news.com\/wp-content\/uploads\/2020\/05\/Zeugen-gesucht-Neutral-678x509.jpg 678w, https:\/\/speyer24news.com\/wp-content\/uploads\/2020\/05\/Zeugen-gesucht-Neutral-326x245.jpg 326w, https:\/\/speyer24news.com\/wp-content\/uploads\/2020\/05\/Zeugen-gesucht-Neutral-80x60.jpg 80w\" sizes=\"(max-width: 801px) 100vw, 801px\" \/><\/figure><\/div>\n\n\n<p>Ein bislang unbekannter Autofahrer soll am 05.10.2023 gegen 07:15 Uhr am Lindenhofplatz beim Zur\u00fccksetzen seines Fahrzeugs eine Fu\u00dfg\u00e4ngerin angefahren und verletzt haben sowie daraufhin ohne die Angabe seiner Personalien von der Unfall\u00f6rtlichkeit gefl\u00fcchtet sein. Der bislang Unbekannte stand zur o.g. Zeit am Lindenhofplatz auf der Fahrbahn, um auf einen freiwerdenden Parkplatz zu warten. W\u00e4hrenddessen stieg die 46-j\u00e4hrige Autofahrerin aus ihrem geparkten Fahrzeug aus und beabsichtigte, die Stra\u00dfe zu \u00fcberqueren, um fu\u00dfl\u00e4ufig zum Victoria-Turm zu gelangen. Als sie gerade dabei war sich von ihrem Fahrzeug zu entfernen, setzte der unbekannte Autofahrer zur\u00fcck und erfasste sie, woraufhin sie zu Boden st\u00fcrzte und sich leichte Verletzungen zuzog. In der Folge begab sich der Unbekannte zun\u00e4chst zur 46-J\u00e4hrigen, um seine Hilfe anzubieten und sich nach ihrem Gesundheitszustand zu erkundigen. Da sie jedoch im weiteren Verlauf nach seinen Personalien fragte und einen Ausweis bzw. F\u00fchrerschein verlangte, wurde der Unbekannte zunehmend nerv\u00f6s und flehte die 46-J\u00e4hrige an, nicht die Polizei zu verst\u00e4ndigen. Letztendlich stieg der unbekannte Fahrzeugf\u00fchrer, trotz mehrfacher Aufforderungen stehen zu bleiben, in sein Fahrzeug ein und fl\u00fcchtete in Richtung Rennershofstra\u00dfe. Eine sofort eingeleitete Fahndung nach dem Fahrzeug verlief ohne Erfolg. Da rund um den Lindenhof Platz reger Personenverkehr herrschte und die 46-J\u00e4hrige sowie eine weitere Zeugin angaben, dass einige Personen den Vorfall beobachtet h\u00e4tten, werden diese gebeten, sich bei dem Polizeirevier Mannheim-Neckarau zu melden.<\/p>\n\n\n\n<h4 class=\"wp-block-heading\">Der Mann und das Fahrzeug werden wie folgt beschrieben:<\/h4>\n\n\n\n<ul>\n<li><strong>schwarzer Pkw, vermutlich ein Citroen \u00e4hnlich eines MiniVans, polnisches Kennzeichen<\/strong><\/li>\n<\/ul>\n\n\n\n<ul>\n<li><strong>Fahrer: osteurop\u00e4ischer Ph\u00e4notyp, sprach schlechtes Deutsch mit osteurop\u00e4ischen Akzent, ca. 40-50 Jahre, ca.175-180 cm, kr\u00e4ftiger K\u00f6rperbau, kurz rasierte Haare, normale Stra\u00dfenbekleidung, gab w\u00e4hrend des Gespr\u00e4ches an, derzeit am bzw. im Victoria-Turm zu arbeiten.<\/strong><\/li>\n<\/ul>\n\n\n\n<ul>\n<li><strong>Zeugen, die Hinweise auf den unbekannten Unfallverursacher haben oder den Vorgang beobachtet haben, werden gebeten sich beim Polizeirevier Mannheim-Neckarau zu melden, unter: 0621-833970.<\/strong><a href=\"https:\/\/www.facebook.com\/sharer.php?u=https%3A%2F%2Fwww.presseportal.de%2Fblaulicht%2Fpm%2F14915%2F5619880%2F%3Futm_source%3Dfacebook%26utm_medium%3Dsocial\"><\/a><a href=\"https:\/\/twitter.com\/intent\/tweet?text=POL-MA%3A%20Gemeinsame%20Pressemitteilung%20der%20Staatsanwaltschaft%20Mannheim%20und%20des%20Polizeipr%C3%A4sidiums%20Mannheim%20zur%20T%C3%A4terfestnahme%20nach%20Raubdelikten%20in%20Mannheim&amp;url=https%3A%2F%2Fwww.presseportal.de%2Fblaulicht%2Fpm%2F14915%2F5619880%2F%3Futm_source%3Dtwitter%26utm_medium%3Dsocial&amp;hashtags=ots&amp;lang=de\"><\/a><a href=\"https:\/\/web.whatsapp.com\/send?text=POL-MA%3A%20Gemeinsame%20Pressemitteilung%20der%20Staatsanwaltschaft%20Mannheim%20und%20des%20Polizeipr%C3%A4sidiums%20Mannheim%20zur%20T%C3%A4terfestnahme%20nach%20Raubdelikten%20in%20Mannheim%0A%0Ahttps%3A%2F%2Fwww.presseportal.de%2Fblaulicht%2Fpm%2F14915%2F5619880%2F%3Futm_source%3Dwhatsapp%26utm_medium%3Dsocial\"><\/a><a href=\"https:\/\/www.xing.com\/app\/user?op=share;url=https%3A%2F%2Fwww.presseportal.de%2Fblaulicht%2Fpm%2F14915%2F5619880%2F%3Futm_source%3Dxing%26utm_medium%3Dsocial\"><\/a><a href=\"http:\/\/www.linkedin.com\/shareArticle?mini=true&amp;url=https%3A%2F%2Fwww.presseportal.de%2Fblaulicht%2Fpm%2F14915%2F5619880%2F%3Futm_source%3Dlinkedin%26utm_medium%3Dsocial&amp;title=POL-MA%3A+Gemeinsame+Pressemitteilung+der+Staatsanwaltschaft+Mannheim+und+des+Polizeipr%C3%A4sidiums+Mannheim+zur+T%C3%A4terfestnahme+nach+Raubdelikten+in+Mannheim\"><\/a><a href=\"mailto:?subject=POL-MA%3A%20Gemeinsame%20Pressemitteilung%20der%20Staatsanwaltschaft%20Mannheim%20und%20des%20Polizeipr%C3%A4sidiums%20Mannheim%20zur%20T%C3%A4terfestnahme%20nach%20Raubdelikten%20in%20Mannheim&amp;body=https:\/\/www.presseportal.de\/blaulicht\/pm\/14915\/5619880\"><\/a><\/li>\n<\/ul>\n\n\n\n<h2 class=\"wp-block-heading\">(Mannheim) &#8211; 16-J\u00e4hriger nach mehreren Raubdelikten festgenommen und in Untersuchungshaft<\/h2>\n\n\n\n<h3 class=\"wp-block-heading\">Gemeinsame Pressemitteilung der Staatsanwaltschaft Mannheim und des Polizeipr\u00e4sidiums Mannheim<\/h3>\n\n\n<div class=\"wp-block-image\">\n<figure class=\"aligncenter size-full\"><img decoding=\"async\" loading=\"lazy\" width=\"800\" height=\"600\" src=\"https:\/\/speyer24news.com\/wp-content\/uploads\/2019\/06\/Ausn\u00fcchterungszelle.jpg\" alt=\"\" class=\"wp-image-15212\" srcset=\"https:\/\/speyer24news.com\/wp-content\/uploads\/2019\/06\/Ausn\u00fcchterungszelle.jpg 800w, https:\/\/speyer24news.com\/wp-content\/uploads\/2019\/06\/Ausn\u00fcchterungszelle-300x225.jpg 300w, https:\/\/speyer24news.com\/wp-content\/uploads\/2019\/06\/Ausn\u00fcchterungszelle-768x576.jpg 768w, https:\/\/speyer24news.com\/wp-content\/uploads\/2019\/06\/Ausn\u00fcchterungszelle-678x509.jpg 678w, https:\/\/speyer24news.com\/wp-content\/uploads\/2019\/06\/Ausn\u00fcchterungszelle-326x245.jpg 326w, https:\/\/speyer24news.com\/wp-content\/uploads\/2019\/06\/Ausn\u00fcchterungszelle-80x60.jpg 80w\" sizes=\"(max-width: 800px) 100vw, 800px\" \/><figcaption class=\"wp-element-caption\">Beispielbild Zelle \/ Verhaftung, dient lediglich der Visualisierung<\/figcaption><\/figure><\/div>\n\n\n<p>Der 16-J\u00e4hrige soll zusammen mit zwei bislang noch unbekannten Mitt\u00e4tern zwei 16-j\u00e4hrige Gesch\u00e4digte am 29.08.2023 gegen 23.45 Uhr am Alten Me\u00dfplatz in Mannheim aufgefordert haben, ihr ganzes Geld auszuh\u00e4ndigen. Der Forderung soll einer der noch unbekannten T\u00e4ter durch k\u00f6rperliches Angehen und Bedrohung eines der Gesch\u00e4digten Nachdruck verliehen haben, der in der Folge eine mittlere zweistellige Summe an die T\u00e4ter ausgeh\u00e4ndigt habe. Anschlie\u00dfend soll sich einer der noch unbekannten Mitt\u00e4ter an den zweiten Gesch\u00e4digten gewandt und diesen mit Schl\u00e4gen gegen die Brust traktiert haben, um von ihm weiteres Geld zu erhalten. Ohne weiteres Raubgut fl\u00fcchtete man im Anschluss.<\/p>\n\n\n\n<p>Im Rahmen der umfangreichen gemeinsamen Ermittlungen der Staatsanwaltschaft Mannheim und der Kriminalpolizei des Polizeipr\u00e4sidiums Mannheim konnte der 16-J\u00e4hrige als Tatverd\u00e4chtiger sowohl f\u00fcr die aktuelle Tat als auch r\u00fcckwirkend f\u00fcr vier weitere Raubdelikte in den Monaten M\u00e4rz, April, Mai und Juni ermittelt werden. Die Ermittlungen zu den beiden Mitt\u00e4tern der aktuellen Tat werden intensiv fortgef\u00fchrt und dauern noch an.<\/p>\n\n\n\n<p>Ein von der Staatsanwaltschaft Mannheim erwirkter Untersuchungshaftbefehl wurde durch das Amtsgericht Mannheim erlassen und durch die Kriminalpolizei des Polizeipr\u00e4sidiums Mannheim vollstreckt. Der 16-J\u00e4hrige konnte am 29.09.2023 in den fr\u00fchen Morgenstunden festgenommen werden. Nachdem er dem Haftrichter vorgef\u00fchrt und der Haftbefehl in Vollzug gesetzt wurde, wurde er in eine JVA eingeliefert.<\/p>\n\n\n\n<h2 class=\"wp-block-heading\">(Heidelberg) &#8211; Autofahrerin dr\u00e4ngt Radfahrerin ab, beleidigt sie und f\u00e4hrt davon<\/h2>\n\n\n<div class=\"wp-block-image\">\n<figure class=\"aligncenter size-full\"><img decoding=\"async\" loading=\"lazy\" width=\"801\" height=\"600\" src=\"https:\/\/speyer24news.com\/wp-content\/uploads\/2020\/05\/Zeugen-gesucht-Neutral.jpg\" alt=\"\" class=\"wp-image-26598\" srcset=\"https:\/\/speyer24news.com\/wp-content\/uploads\/2020\/05\/Zeugen-gesucht-Neutral.jpg 801w, https:\/\/speyer24news.com\/wp-content\/uploads\/2020\/05\/Zeugen-gesucht-Neutral-300x225.jpg 300w, https:\/\/speyer24news.com\/wp-content\/uploads\/2020\/05\/Zeugen-gesucht-Neutral-768x575.jpg 768w, https:\/\/speyer24news.com\/wp-content\/uploads\/2020\/05\/Zeugen-gesucht-Neutral-678x509.jpg 678w, https:\/\/speyer24news.com\/wp-content\/uploads\/2020\/05\/Zeugen-gesucht-Neutral-326x245.jpg 326w, https:\/\/speyer24news.com\/wp-content\/uploads\/2020\/05\/Zeugen-gesucht-Neutral-80x60.jpg 80w\" sizes=\"(max-width: 801px) 100vw, 801px\" \/><\/figure><\/div>\n\n\n<p>Eine 24-j\u00e4hrige Radfahrerin fuhr mit dem Fahrrad am Donnerstag gegen 20 Uhr an einem Supermarkt im Franzosengewann vorbei, wobei ihr ein wei\u00dfer Mercedes mit einer weiblichen unbekannten Fahrerin entgegenkam. Anstatt in die ausreichende L\u00fccke zwischen beiden geparkten Fahrzeugen rechts einzufahren, fuhr die unbekannte Fahrzeuglenkerin weiter der 24-j\u00e4hrigen Radfahrerin entgegen. Diese fuhr am rechten Fahrbahnrand entlang und befand sich bereits in der Engstelle in H\u00f6he der Hindernisse und musste durch das r\u00fccksichtslose Verhalten der Autofahrerin stark ruckartig bremsen und von den Pedalen des Fahrrades springen. Als sich beide Beteiligten auf gleicher H\u00f6he befanden, lie\u00df die Unbekannte das Fenster herunter, beleidigte die 24-J\u00e4hrige und fuhr davon. Die Ermittlungen in dieser Sache hat das Polizeirevier Heidelberg-S\u00fcd aufgenommen.<\/p>\n\n\n\n<h2 class=\"wp-block-heading\">(Heidelberg) &#8211; Defekt an Elektronik verursacht Brand<\/h2>\n\n\n\n<p>Durch einen Anwohner wurde am Donnerstag in der Turnerstra\u00dfe eine starke Rauchentwicklung gemeldet. Das Wohnhaus wurde durch eingesetzte Rettungskr\u00e4fte vor Ort vollst\u00e4ndig evakuiert. Die Feuerwehr konnte den Brand z\u00fcgig l\u00f6schen. Vermutlich entstand dieser durch einen technischen Defekt an einem Elektroger\u00e4t. Gl\u00fccklicherweise setzte der Brand nicht auf das Geb\u00e4ude \u00fcber, sodass alle Anwohner wieder in ihre Wohnungen zur\u00fcckkehren konnten. Der Sachschaden konnte bislang nicht genauer beziffert werden. Verletzt wurde durch den Brand und die Rauchentwicklung niemand. Vor Ort befanden sich neun Rettungskr\u00e4fte der Feuerwehr sowie mehrere Einsatzkr\u00e4fte von Rettungsdienst und Polizei.<\/p>\n\n\n\n<h2 class=\"wp-block-heading\">(Heidelberg) &#8211; Radfahrerin \u00fcbersieht Stra\u00dfenbahn \/ Unfall<\/h2>\n\n\n\n<p>Eine 51-j\u00e4hrige Radfahrerin befuhr am Donnerstagmorgen gegen 09.00 Uhr die Kleinschmidstra\u00dfe in Fahrtrichtung der Haltestelle &#8222;Stadtb\u00fccherei&#8220; und wollte hierbei in Richtung der gegen\u00fcberliegenden Gr\u00fcnanlage Schwanenteich weiterfahren. Zeitgleich fuhr eine 60-j\u00e4hrige Stra\u00dfenbahnfahrerin in die Haltestelle &#8222;Stadtb\u00fccherei&#8220; in Fahrtrichtung Heidelberger Hauptbahnhof ein. Beim \u00dcberqueren der Schienenanlage \u00fcbersah die Radfahrerin die von rechts heranfahrende und vorfahrtsberechtigte Stra\u00dfenbahn. Trotz Warnsignale sowie einem sofort eingeleiteten Bremsvorgang, konnte die Kollision mit der Radfahrerin nicht verhindert werden. Die 51-J\u00e4hrige kollidiert infolgedessen mit der linken Fahrzeugseite der Stra\u00dfenbahn. Durch die Kollision wurde diese leicht verletzt. Durch mehrere Zeugen konnte eruiert werden, dass die Radfahrerin ohne Helm und mit Kopfh\u00f6rern unterwegs war und dadurch vermutlich die Warnsignale der Stra\u00dfenbahn nicht wahrgenommen hatte. Die Radfahrerin hatte wohl mehrere Schutzengel dabei und wird hoffentlich in Zukunft mit Helm und ohne Kopfh\u00f6rer im Stra\u00dfenverkehr unterwegs sein. Der Linienverkehr war in beiden Fahrtrichtungen bis ca. 09:30 Uhr gesperrt.<\/p>\n\n\n\n<h2 class=\"wp-block-heading\">(Heidelberg-Wieblingen) &#8211; Handgreiflichkeit nach Streit im Stra\u00dfenverkehr \/ Zeugenaufruf!<\/h2>\n\n\n<div class=\"wp-block-image\">\n<figure class=\"aligncenter size-full\"><img decoding=\"async\" loading=\"lazy\" width=\"801\" height=\"600\" src=\"https:\/\/speyer24news.com\/wp-content\/uploads\/2020\/05\/Zeugen-gesucht-Neutral.jpg\" alt=\"\" class=\"wp-image-26598\" srcset=\"https:\/\/speyer24news.com\/wp-content\/uploads\/2020\/05\/Zeugen-gesucht-Neutral.jpg 801w, https:\/\/speyer24news.com\/wp-content\/uploads\/2020\/05\/Zeugen-gesucht-Neutral-300x225.jpg 300w, https:\/\/speyer24news.com\/wp-content\/uploads\/2020\/05\/Zeugen-gesucht-Neutral-768x575.jpg 768w, https:\/\/speyer24news.com\/wp-content\/uploads\/2020\/05\/Zeugen-gesucht-Neutral-678x509.jpg 678w, https:\/\/speyer24news.com\/wp-content\/uploads\/2020\/05\/Zeugen-gesucht-Neutral-326x245.jpg 326w, https:\/\/speyer24news.com\/wp-content\/uploads\/2020\/05\/Zeugen-gesucht-Neutral-80x60.jpg 80w\" sizes=\"(max-width: 801px) 100vw, 801px\" \/><\/figure><\/div>\n\n\n<p>Bereits vor rund vier Wochen, am 07. September gegen 10 Uhr, soll ein Seat-Fahrer einen 56-j\u00e4hrigen Mann in der Adlerstra\u00dfe an der Einm\u00fcndung zur Greifstra\u00dfe mehrfach gesto\u00dfen haben, bis dieser schlie\u00dflich das Gleichgewicht verlor, zu Boden fiel und sich leicht verletzte. Vorausgegangen waren Streitigkeiten zwischen dem Seat-Fahrer und dem 56-j\u00e4hrigen Radfahrer wegen r\u00fccksichtslosen Verhaltens im Stra\u00dfenverkehr. <\/p>\n\n\n\n<ul>\n<li><strong>Der Seat-Fahrer wird als sportlich, schlank und etwa 180 cm gro\u00df beschrieben.<\/strong> <\/li>\n<\/ul>\n\n\n\n<ul>\n<li><strong>Da im Rahmen der Ermittlungen wegen K\u00f6rperverletzung noch nicht alle offenen Fragestellungen gekl\u00e4rt werden konnten, werden Zeugen gebeten, welche den Vorfall im September beobachtet haben, sich unter Tel.: 06221\/3418-0 beim Polizeirevier Heidelberg S\u00fcd zu melden.<\/strong><\/li>\n<\/ul>\n\n\n\n<h2 class=\"wp-block-heading\">(Heidelberg \/ Weinheim \/ Rhein-Neckar-Kreis) &#8211; Wenn Kleinkinder die Kontrolle \u00fcber das Auto der Eltern \u00fcbernehmen<\/h2>\n\n\n\n<p>Einen k\u00fcrzeren Moment der Panik haben ein zehn Monate altes M\u00e4dchen und ein zwei Jahre alter Junge bei ihren Eltern ausgel\u00f6st, als sie sich an verschiedenen \u00d6rtlichkeiten, aber mit gleichen modus operandi alleine im Fahrzeug der Eltern einschlossen.<\/p>\n\n\n\n<p>In <strong>Weinheim <\/strong>gelangte am Donnerstagmittag gegen 14.00 Uhr in der Bergstra\u00dfe ein Zweij\u00e4hriger in einem unbeobachteten Moment an den Autoschl\u00fcssel seiner Mutter und schloss sich selbstst\u00e4ndig im PKW ein. Sichtlich vergn\u00fcgt konnte er durch die hinzugerufene Polizei und seine Mutter auf der anderen Seite der Fensterscheibe letztendlich dazu gebracht werden, den richtigen Knopf auf dem Schl\u00fcssel zu bet\u00e4tigen und das Fahrzeug wieder zu \u00f6ffnen.<\/p>\n\n\n\n<p>Einen \u00e4hnlichen Spa\u00df erlaubte sich ein zehn Monate altes M\u00e4dchen in <strong>Heidelberg<\/strong>. Sie schaffte es ebenfalls an den Fahrzeugschl\u00fcssel ihrer Mutter zu gelangen und in einem g\u00fcnstigen Moment das gemeinsame Transportmittel zu verschlie\u00dfen, ohne ihrer Mutter zuvor Einlass zu gew\u00e4hren. Vom Eintreffen der Polizei zeigte sich der Nachwuchs g\u00e4nzlich unbeeindruckt und grinste fidel aus dem Fahrzeuginneren. Zum Zwecke des \u00d6ffnens des Fahrzeugs wurde die Mutter schlie\u00dflich zu ihrer Wohnanschrift begleitet, w\u00e4hrend ein Teil des Streifenteams die Tochter an der \u00d6rtlichkeit durch das Autofenster hindurch bespa\u00dfte. Nach Herbeiholen des Zweitschl\u00fcssels konnten Mutter und Tochter gl\u00fccklich vereint werden.<\/p>\n\n\n\n<h2 class=\"wp-block-heading\">(L 597 \/ Schwetzingen \/ Rhein-Neckar-Kreis) &#8211; Frontalzusammensto\u00df<\/h2>\n\n\n\n<p>Eine 34-j\u00e4hrige Fiat-Fahrerin befuhr am Donnerstag gegen 7.30 Uhr die L 597 in Fahrtrichtung Friedrichsfeld und wollte von dieser auf die Auffahrt der B 535 in Fahrtrichtung Heidelberg auffahren. Eine 42-J\u00e4hrige befuhr mit ihrem Alfa Romeo ebenfalls die L 597 jedoch in Fahrtrichtung Schwetzingen. Die 34-J\u00e4hrige \u00fcbersah bei ihrem Abbiegevorgang die entgegenkommende 42-J\u00e4hrige und kollidierte mit dieser noch auf deren Fahrstreifen. Beide Autofahrerinnen wurden durch den Rettungsdienst medizinisch versorgt und in umliegende Krankenh\u00e4user gebracht. \u00dcber die Schwere der Verletzungen ist bislang nichts bekannt. Beide Fahrzeuge waren nicht mehr fahrbereit und mussten abgeschleppt werden. Die Feuerwehr Schwetzingen k\u00fcmmerte sich um die Beseitigung auslaufender Betriebsstoffe und zus\u00e4tzliche Verkehrssicherung. Wie hoch der entstandene Sachschaden ist, ist bislang noch unbekannt.<\/p>\n\n\n\n<h2 class=\"wp-block-heading\">(Oftersheim \/ Ketsch \/ Rhein-Neckar-Kreis) &#8211; Mehrere Schockanrufe und Anruf mit Gewinnversprechen bleiben ohne Erfolg<\/h2>\n\n\n<div class=\"wp-block-image\">\n<figure class=\"aligncenter size-full\"><img decoding=\"async\" loading=\"lazy\" width=\"578\" height=\"572\" src=\"https:\/\/speyer24news.com\/wp-content\/uploads\/2021\/10\/Telefonbetrug-geschnitten.jpg\" alt=\"\" class=\"wp-image-41297\" srcset=\"https:\/\/speyer24news.com\/wp-content\/uploads\/2021\/10\/Telefonbetrug-geschnitten.jpg 578w, https:\/\/speyer24news.com\/wp-content\/uploads\/2021\/10\/Telefonbetrug-geschnitten-300x297.jpg 300w\" sizes=\"(max-width: 578px) 100vw, 578px\" \/><\/figure><\/div>\n\n\n<p>Mit der bekannten Betrugsmasche &#8222;Schockanruf&#8220; wurde am Donnerstag im Rhein-Neckar-Kreis mehrfach versucht, Personen um ihr Erspartes zu bringen.<\/p>\n\n\n\n<p>Gegen 12.00 Uhr wurde eine 86-J\u00e4hrige in Ketsch von einer falschen Polizeibeamtin telefonisch kontaktiert und vorgegeben, dass die Nichte der Dame sich wegen der Verursachung eines t\u00f6dlichen Verkehrsunfalls mit anschlie\u00dfender Verkehrsunfallflucht strafbar gemacht habe und es einer Kaution in H\u00f6he von 3.0000,- Euro bed\u00fcrfe, um die Nichte auf freien Fu\u00df entlassen zu k\u00f6nnen. Gl\u00fccklicherweise erkannte die 86-J\u00e4hrige den Betrugsversuch und beendete das Telefonat.<\/p>\n\n\n\n<p>Deutlich aggressiver trat eine bislang unbekannte weibliche Anruferin bei ihrem Versuch bei einen 69-J\u00e4hrigen, ebenfalls in Ketsch, auf. Mit gleichgelagertem Betrugsmuster versuchte sie ihre Forderung bei dem Herrn zu erwirken. Der 69-j\u00e4hrige erkannte die Betrugsmasche und lies die Anruferin wissen, dass er die Polizei verst\u00e4ndigen wird. Daraufhin wurde er durch die Dame mit unfl\u00e4tigen Worten beleidigt, bevor das Gespr\u00e4ch beendet wurde.<\/p>\n\n\n\n<p>Mittels eines Gewinnversprechens von knapp 40.000 EUR versuchten unbekannte T\u00e4ter einen 66-j\u00e4hrigen Mann in Oftersheim gegen 15.00 Uhr hinters Licht zu f\u00fchren. Der Mann ging zun\u00e4chst auf den Betrugsversuch ein, jedoch kam es in der Folge gl\u00fccklicherweise zu keinem Verm\u00f6gensschaden.<\/p>\n\n\n\n<p>Das Polizeipr\u00e4sidium Mannheim hat die Ermittlungen aufgenommen.<\/p>\n\n\n\n<h3 class=\"wp-block-heading\">Hier einige Tipps der Polizei:<\/h3>\n\n\n\n<ul>\n<li><strong>Rufen Sie beim geringsten Zweifel bei der Beh\u00f6rde an, von der die angebliche Amtsperson kommt. Suchen Sie die Telefonnummer der Beh\u00f6rde selbst heraus oder lassen Sie sich diese durch die Telefonauskunft geben.<\/strong><\/li>\n\n\n\n<li><strong>Die Person wird Sie niemals um Geldbetr\u00e4ge bitten.<\/strong><\/li>\n\n\n\n<li><strong>Geben Sie am Telefon keine Details zu Ihren finanziellen Verh\u00e4ltnissen preis.<\/strong><\/li>\n\n\n\n<li><strong>Lassen Sie sich am Telefon nicht unter Druck setzen, legen Sie einfach auf.<\/strong><\/li>\n\n\n\n<li><strong>\u00dcbergeben Sie niemals Geld an unbekannte Personen.<\/strong><\/li>\n<\/ul>\n\n\n\n<h4 class=\"wp-block-heading\"><em>Weitere Informationen zu Betrugsmaschen und wie man sich davor sch\u00fctzen kann finden Sie hier:\u00a0<a href=\"https:\/\/www.polizei-beratung.de\/themen-und-tipps\/betrug\/betrug-durch-falsche-polizisten\/\" target=\"_blank\" rel=\"noreferrer noopener\">https:\/\/www.polizei-beratung.de\/themen-und-tipps\/betrug\/betrug-durch-falsche-polizisten\/<\/a><\/em><\/h4>\n\n\n\n<h2 class=\"wp-block-heading\">(Sandhausen \/ Rhein-Neckar-Kreis) &#8211; Mountainbike gestohlen \/ Zeugen gesucht<\/h2>\n\n\n\n<p>Am Donnerstagabend um 20:40 Uhr stahl ein bisher unbekannter T\u00e4ter ein Mountainbike aus einer Hofeinfahrt in der Waldstra\u00dfe. Der T\u00e4ter wurde zwar von einem Anwohner bemerkt, dieser ging jedoch zun\u00e4chst davon aus, dass der Unbekannte das Fahrrad berechtigt aus dem Hof schieben w\u00fcrde. Als der Zeuge den Eigent\u00fcmer auf seine Beobachtung ansprach, flog der Diebstahl schlie\u00dflich auf. Der T\u00e4ter war zu diesem Zeitpunkt bereits verschwunden. <\/p>\n\n\n\n<h4 class=\"wp-block-heading\">Der Verd\u00e4chtige wird wie folgt beschrieben: <\/h4>\n\n\n\n<ul>\n<li><strong>ca. 18 Jahre alt<\/strong><\/li>\n\n\n\n<li><strong>dunkle Bekleidung mit aufgezogener Kapuze<\/strong><\/li>\n\n\n\n<li><strong>Bei dem Fahrrad handelt es sich um ein schwarze\/blaues Rockrider Mountainbike. <\/strong><\/li>\n<\/ul>\n\n\n\n<ul>\n<li><strong>Sofern weitere Zeugen die Tat beobachtet haben oder Hinweise auf den fl\u00fcchtigen T\u00e4ter machen k\u00f6nnen, werden diese gebeten, das Polizeirevier Wiesloch unter Tel.: 06222\/5709-0 zu kontaktieren.<\/strong><\/li>\n<\/ul>\n\n\n\n<h2 class=\"wp-block-heading\">(Sandhausen \/ Rhein-Neckar-Kreis) &#8211; Unfallflucht auf Supermarkt-Parkplatz \/ Zeugen gesucht!<\/h2>\n\n\n\n<p>Ver\u00e4rgert musste eine 54-J\u00e4hrige am Donnerstagmittag gegen 15.00 Uhr auf dem Kundenparkplatz eines Supermarkts in der Porschestra\u00dfe feststellen, dass ihr Skoda w\u00e4hrend des Einkaufes besch\u00e4digt wurde. <\/p>\n\n\n\n<ul>\n<li><strong>Ein m\u00f6glicher Unfallverursacher machte sich vor Ort nicht bemerkbar, weshalb die Polizei nun Zeugen bittet, die sachdienliche Hinweise geben k\u00f6nnen, sich beim Polizeirevier Wiesloch unter 06222\/5709-0 zu melden. Der Unfallzeitraum l\u00e4sst sich auf Donnerstagmittag zwischen 14.00 und 15.00 Uhr eingrenzen. Der Schaden am Skoda wird auf 5.000 EUR gesch\u00e4tzt.<\/strong><\/li>\n<\/ul>\n\n\n\n<h2 class=\"wp-block-heading\">(Wiesloch \/ Rhein-Neckar-Kreis) &#8211; Bargeld und E-Shisha aus Umkleide entwendet \/ Zeugen gesucht<\/h2>\n\n\n\n<p>Am Donnerstag zwischen 10 und 11:15 Uhr betraten bisher unbekannte T\u00e4ter den verschlossenen Umkleideraum der Schulsporthalle in der Gerbersruhstra\u00dfe. Wie die T\u00e4ter in die Umkleide gelangten, ist bisher nicht gekl\u00e4rt. Fest steht, dass sie aus der Umkleide einen zweistelligen Bargeldbetrag und eine E-Shisha im Wert von 100 Euro entwendeten. <\/p>\n\n\n\n<ul>\n<li><strong>Das Polizeirevier Wiesloch hat nun die Ermittlungen wegen besonders schweren Falls des Diebstahls aufgenommen. Zeugenhinweise werden unter Tel.: 06222\/5709-0 entgegengenommen.<\/strong><\/li>\n<\/ul>\n\n\n\n<h2 class=\"wp-block-heading\">(Wiesloch \/ Rhein-Neckar-Kreis) &#8211; Unfall an Ampel<\/h2>\n\n\n\n<p>Am Dienstag gegen 17.30 Uhr standen drei Autofahrer hintereinander an einer Ampelanlage auf der L723 \/ B3 in Fahrtrichtung Rauenberg. Als die Lichtzeichenanlage Gr\u00fcnlicht zeigte beschleunigte ein 21-j\u00e4hriger VW-Fahrer so stark, dass dieser auf den Seat eines 35-J\u00e4hrigen auffuhr und dieser unmittelbar auf einen VW eines 64-J\u00e4hrigen vor ihm geschoben wurde. Beide Fahrzeuge standen noch zum Unfallzeitpunkt. Bei dem Unfall wurde niemand verletzt. Wie hoch der entstandene Sachschaden ist, ist bislang noch unbekannt.<\/p>\n\n\n\n<h2 class=\"wp-block-heading\">(Sinsheim \/ Rhein-Neckar-Kreis) &#8211; Betrunkener tritt Autospiegel ab<\/h2>\n\n\n\n<p>Mit knapp \u00fcber zwei Promille war ein 25-J\u00e4hriger in der Nacht von Donnerstag auf Freitag gegen 01.00 Uhr nicht mehr Herr seiner Sinne, als er den Au\u00dfenspiegel eines geparkten Opels abtrat. Die Tat konnte durch den Besitzer des Opels beobachtet werden, welcher die Polizei informierte. Die wenig sp\u00e4ter eingetroffenen Streifen konnten den 25-J\u00e4hrigen in unmittelbarer N\u00e4he des Tatorts vorl\u00e4ufig festnehmen. Hierbei konnte deutlich Alkoholgeruch wahrgenommen werden, der sich bei einem durchgef\u00fchrten Atemalkoholtest kurz darauf mit 2,04 Promille beziffern lies. Da der 25-J\u00e4hrige in der Folge um medizinische Unterst\u00fctzung bat, wurde er anschlie\u00dfend in ein umliegendes Krankenhaus transportiert.<\/p>\n\n\n\n<h2 class=\"wp-block-heading\">(A 6 \/ Sinsheim \/ Rhein-Neckar-Kreis) &#8211; Sonderkontrolle &#8222;Gefahrgut und Abfall&#8220;<\/h2>\n\n\n<div class=\"wp-block-image\">\n<figure class=\"aligncenter size-full\"><img decoding=\"async\" loading=\"lazy\" width=\"800\" height=\"447\" src=\"https:\/\/speyer24news.com\/wp-content\/uploads\/2022\/09\/Kontrolle-2.jpg\" alt=\"\" class=\"wp-image-49124\" srcset=\"https:\/\/speyer24news.com\/wp-content\/uploads\/2022\/09\/Kontrolle-2.jpg 800w, https:\/\/speyer24news.com\/wp-content\/uploads\/2022\/09\/Kontrolle-2-300x168.jpg 300w, https:\/\/speyer24news.com\/wp-content\/uploads\/2022\/09\/Kontrolle-2-768x429.jpg 768w\" sizes=\"(max-width: 800px) 100vw, 800px\" \/><figcaption class=\"wp-element-caption\">Kontrolle<\/figcaption><\/figure><\/div>\n\n\n<p>Am Donnerstag kontrollierten Beamtinnen und Beamte der Landespolizei BW in der Zeit von 08.00- 14.00 Uhr im Rahmen der Sicherheitskooperationsvereinbarung von Bundes- und Landespolizei insgesamt 40 Fahrzeuge bzw. Fahrzeugkombinationen auf der T+R Kraichgau S\u00fcd an der BAB 6. Neben den Einsatzkr\u00e4ften des Polizeipr\u00e4sidiums Mannheim unterst\u00fctzten Beamtinnen und Beamte der Regionalpr\u00e4sidien aus Karlsruhe, Heilbronn, Pforzheim, Offenburg, Aalen und dem Polizeipr\u00e4sidium Einsatz. Mit einer Beanstandungsquote von \u00fcber 62% sieht sich der Einsatzleiter PHK Schult vom Verkehrsdienst Mannheim darin best\u00e4tigt, den Kontrolldruck weiter hochzuhalten. Die festgestellten Verst\u00f6\u00dfe betreffen u.a. falsch bzw. mangelhaft gesicherte Ladung, \u00dcberschreitung von Lenk- und Ruhezeiten oder fehlende Ausr\u00fcstung sowie fehlerhafte Kennzeichnung der Ladung.<\/p>\n\n\n\n<p>F\u00fcnf Fahrzeugf\u00fchrern wurde die Weiterfahrt untersagt, da ihre Ladung nicht ausreichend gesichert war. Sie erhielten vor Ort die M\u00f6glichkeit nachzubessern und nach erfolgter Abnahme durch die Polizei ihre Fahrt fortzusetzen. Bei drei weiteren waren die Sicherungsm\u00e4ngel derart erheblich, dass diese nicht innerhalb des Kontrollzeitraums behoben werden konnten und eine Weiterfahrt bis zu einer Nachkontrolle am Folgetag untersagt wurde.<\/p>\n\n\n\n<p>Trotz der hohen Beanstandungsquote betont PHK Schult, dass zum Kontrollzeitpunkt in keinem Fall eine konkrete Gefahr f\u00fcr die Umwelt oder Personen bestand.<\/p>\n\n\n\n<h2 class=\"wp-block-heading\">(Neckarbischofsheim \/ Rhein-Neckar-Kreis) &#8211; Totalschaden nach Auffahrunfall<\/h2>\n\n\n\n<p>Am Donnerstagabend kurz nach 23:30 Uhr fuhren ein 38-j\u00e4hriger VW-Fahrer und ein 24-j\u00e4hriger Seat-Fahrer auf der L549 in Richtung Bernau. Im Bereich der Baustelle bremste der 38-J\u00e4hrige aus bisher unbekannter Ursache sein Fahrzeug bis zum Stillstand ab. Trotz einer Gefahrenbremsung konnte der nachfolgende Seat-Fahrer einen Unfall nicht mehr verhindern und fuhr auf den VW auf. Beide Fahrzeuge waren nicht mehr fahrbereit und wurden abgeschleppt. Der Sachschaden liegt bei 20.000 Euro. Die Fahrzeuginsassen wurden gl\u00fccklicherweise nicht verletzt.<\/p>\n\n\n\n<h2 class=\"wp-block-heading\">(Eberbach \/ Rhein-Neckar-Kreis) &#8211; Unter Drogen im Stra\u00dfenverkehr unterwegs, Mitfahrer festgenommen<\/h2>\n\n\n\n<p>Am Mittwochabend gegen 18 Uhr fiel einer Streifenwagenbesatzung des Polizeireviers Eberbach ein BMW im Neuen Weg Nord auf, welcher kurz darauf auf einem Supermarktparkplatz kontrolliert wurde. Im Verlauf der Kontrolle bemerkten die Beamten bei dem 29-j\u00e4hrigen Fahrer Auff\u00e4lligkeiten, die auf einen vorherigen Drogenkonsum hindeuteten. Der Mann beichtete den Polizisten nach einem positiven Schnelltest schlie\u00dflich, dass er in den Wochen vor der Autofahrt Marihuana und Methamphetamine zu sich genommen hatte. Bei der \u00dcberpr\u00fcfung seines 30-j\u00e4hrigen Mitfahrers in den polizeilichen Systemen wurde zudem bekannt, dass dieser aufgrund eines Haftbefehls gesucht wurde. Der Mann wurde festgenommen, konnte eine Inhaftierung allerdings noch durch die Zahlung eines vierstelligen Betrages abwenden. Dem Fahrer wurde eine auf der Dienststelle eine Blutprobe genommen und die Weiterfahrt untersagt. Au\u00dferdem erwartet ihn eine Anzeige wegen drogenbedingter Trunkenheit im Stra\u00dfenverkehr und Verdacht des Drogenbesitzes.<\/p>\n\n\n\n<h2 class=\"wp-block-heading\">(Laudenbach \/ Rhein-Neckar-Kreis) &#8211; Geb\u00e4udebrand<\/h2>\n\n\n\n<p>Derzeit kommt es in der Leipziger Stra\u00dfe in Laudenbach zu einem Brandgeschehen. Feuerwehr, Polizei und Rettungsdienst sind im Einsatz. N\u00e4heres ist noch nicht bekannt. Es wird nachberichtet. <em>06.10.2023 \u2013 01:04<\/em><\/p>\n\n\n\n<h3 class=\"wp-block-heading has-text-align-center\">Pressemeldung Nr. 2<\/h3>\n\n\n\n<p>Entgegen der ersten Meldungen kam es bei dem Brandgeschehen in der Leipziger Stra\u00dfe in Laudenbach gl\u00fccklicherweise nicht zu einem Geb\u00e4udebrand. Aus unbekannter Ursache war ein in Kellerr\u00e4umlichkeiten abgestelltes E-Bike in Brand geraten. Zu einem \u00dcbergreifen der Flammen auf das restliche Geb\u00e4ude kam es nicht. Die hinzugerufene Feuerwehr hatte den Brand schnell gel\u00f6scht. Die H\u00f6he des entstandenen Sachschadens ist noch nicht bekannt. Bewohner des Anwesens wurden nicht verletzt. Sie konnten nach umfangreichen L\u00fcftungsma\u00dfnahmen wieder in ihr Haus zur\u00fcck. Zu gr\u00f6\u00dferen Verkehrsbehinderungen kam es nicht.<\/p>\n","protected":false},"excerpt":{"rendered":"<div class=\"mh-excerpt\"><p>Polizeimeldungen vom Freitag (06.10.2023) (Speyer) &#8211; R\u00fccksichtslose, gef\u00e4hrliche Autofahrt auf der Maximilianstra\u00dfe Am Freitag gegen 11:30 Uhr meldeten mehrere Zeugen einen verd\u00e4chtigen Autofahrer in der Maximilianstra\u00dfe, der die gesamte Stra\u00dfe mehrmals auf und ab fuhr <a class=\"mh-excerpt-more\" href=\"https:\/\/speyer24news.com\/?p=54817\" title=\"Polizeimeldungen Freitag (06.10.23)\">[&#8230;]<\/a><\/p>\n<\/div>","protected":false},"author":3,"featured_media":26162,"comment_status":"open","ping_status":"open","sticky":false,"template":"","format":"standard","meta":{"_monsterinsights_skip_tracking":false,"_monsterinsights_sitenote_active":false,"_monsterinsights_sitenote_note":"","_monsterinsights_sitenote_category":0,"footnotes":""},"categories":[15659],"tags":[7243,7244,3614,350,14537,15084,15267,14538,15361,15845,702,61,2555,6955,6986,6263,63,105,11150,6987,53,4854,13534,4683,1548,4905,12967,11592,102,13626,213,14325,14324,13553,13541,55,8277,6368],"aioseo_notices":[],"amp_enabled":true,"_links":{"self":[{"href":"https:\/\/speyer24news.com\/index.php?rest_route=\/wp\/v2\/posts\/54817"}],"collection":[{"href":"https:\/\/speyer24news.com\/index.php?rest_route=\/wp\/v2\/posts"}],"about":[{"href":"https:\/\/speyer24news.com\/index.php?rest_route=\/wp\/v2\/types\/post"}],"author":[{"embeddable":true,"href":"https:\/\/speyer24news.com\/index.php?rest_route=\/wp\/v2\/users\/3"}],"replies":[{"embeddable":true,"href":"https:\/\/speyer24news.com\/index.php?rest_route=%2Fwp%2Fv2%2Fcomments&post=54817"}],"version-history":[{"count":2,"href":"https:\/\/speyer24news.com\/index.php?rest_route=\/wp\/v2\/posts\/54817\/revisions"}],"predecessor-version":[{"id":54821,"href":"https:\/\/speyer24news.com\/index.php?rest_route=\/wp\/v2\/posts\/54817\/revisions\/54821"}],"wp:featuredmedia":[{"embeddable":true,"href":"https:\/\/speyer24news.com\/index.php?rest_route=\/wp\/v2\/media\/26162"}],"wp:attachment":[{"href":"https:\/\/speyer24news.com\/index.php?rest_route=%2Fwp%2Fv2%2Fmedia&parent=54817"}],"wp:term":[{"taxonomy":"category","embeddable":true,"href":"https:\/\/speyer24news.com\/index.php?rest_route=%2Fwp%2Fv2%2Fcategories&post=54817"},{"taxonomy":"post_tag","embeddable":true,"href":"https:\/\/speyer24news.com\/index.php?rest_route=%2Fwp%2Fv2%2Ftags&post=54817"}],"curies":[{"name":"wp","href":"https:\/\/api.w.org\/{rel}","templated":true}]}}