{"id":54824,"date":"2023-10-08T08:40:40","date_gmt":"2023-10-08T07:40:40","guid":{"rendered":"https:\/\/speyer24news.com\/?p=54824"},"modified":"2023-10-08T08:52:00","modified_gmt":"2023-10-08T07:52:00","slug":"polizeimeldungen-samstag-07-10-23","status":"publish","type":"post","link":"https:\/\/speyer24news.com\/?p=54824","title":{"rendered":"Polizeimeldungen Samstag (07.10.23)"},"content":{"rendered":"<style type=\"text\/css\">\r\n\t.ads_top_disp{}\r\n\t.ads_top_corner_disp{ float:left; margin:0px 10px 10px 0px; }\r\n\t.ads_first_p_disp{}\r\n\t.ads_bottom_disp{}\r\n\t<\/style>\n<h2 class=\"wp-block-heading\">Polizeimeldungen vom Samstag (07.10.2023)<\/h2>\n\n\n<div class=\"wp-block-image\">\n<figure class=\"aligncenter size-full is-resized\"><img decoding=\"async\" loading=\"lazy\" src=\"https:\/\/speyer24news.com\/wp-content\/uploads\/2022\/03\/Aktuelles-Polizeilogo.jpg\" alt=\"\" class=\"wp-image-43591\" width=\"375\" height=\"500\" srcset=\"https:\/\/speyer24news.com\/wp-content\/uploads\/2022\/03\/Aktuelles-Polizeilogo.jpg 375w, https:\/\/speyer24news.com\/wp-content\/uploads\/2022\/03\/Aktuelles-Polizeilogo-225x300.jpg 225w\" sizes=\"(max-width: 375px) 100vw, 375px\" \/><\/figure><\/div>\n\n\n<h2 class=\"wp-block-heading\">(Speyer) &#8211; Verkehrsunfall mit Personenschaden<\/h2>\n\n\n\n<p>Am 06.10.2023 gegen 19:00 Uhr befuhr ein 60-j\u00e4hriger Mann mit seinem Roller einen Parkplatz eines Marktes in der Wormser Landstra\u00dfe in Speyer. Der Fahrer blieb mit seinem Handschuh am Gashebel h\u00e4ngen, weshalb sich das Krad auf das Hinterrad aufstellte und auf einen geparkten VW auffuhr. Der Fahrer des Rollers zog sich eine Verletzung am rechten Arm zu und musste ins Krankenhaus. Ein Sachschaden von ca. 1000EUR entstand.<\/p>\n\n\n\n<h2 class=\"wp-block-heading\">(Speyer) &#8211; Verkehrsunfall mit Fahrradfahrer<\/h2>\n\n\n\n<p>Am 06.10.2023 gegen 12:00 Uhr befuhren zwei Fahrradfahrer hintereinander die Ludwigstra\u00dfe in Richtung Schustergasse in Speyer. Auf H\u00f6he der Hausnummer 3 stieg ein 25-j\u00e4hriger Mann aus seinem Pkw aus. Da er die Fahrert\u00fcr unvermittelt \u00f6ffnete, konnte der 57-j\u00e4hrige Fahrradfahrer nicht mehr rechtzeitig ausweichen und kollidierte mit der Autot\u00fcr. Die dahinter befindliche 55-j\u00e4hrige Frau fuhr auf den 57-J\u00e4hrige auf. Beide Fahrradfahrer st\u00fcrzten zu Boden und verletzten sich am Bein sowie Brustbereich. Sie wurden in ein Krankenhaus verbracht.<\/p>\n\n\n\n<h2 class=\"wp-block-heading\">(Speyer) &#8211; Gef\u00e4hrlicher Eingriff in den Stra\u00dfenverkehr<\/h2>\n\n\n\n<p>Am 06.10.2023 gegen 11:30 Uhr meldeten mehrere Zeugen ein verd\u00e4chtiges Fahrzeug, welches mehrmals die Fu\u00dfg\u00e4ngerzone in Speyer befahren w\u00fcrde. Der Pkw (Hyundai) sollte einer Verkehrskontrolle unterzogen werden. Der Fahrer jedoch hielt trotz Aufforderung durch Blaulicht und Martinshorn nicht an. Schlie\u00dflich musste sich ein Streifenwagen quer vor den Pkw stellen. W\u00e4hrend der Sachverhaltsaufnahme \u00e4u\u00dferte eine 67-j\u00e4hrige Zeugin, dass sie mitten auf der Fahrbahn lief und nur durch einen beherzten Sprung auf die Seite sich habe retten k\u00f6nnen. Bei dem 40-j\u00e4hrigen Fahrzeugf\u00fchrer konnten drogentypische Ausfallerscheinungen festgestellt werden. Zudem r\u00e4umte er den Konsum von Marihuana ein. Der Beschuldigte wurde zun\u00e4chst auf die Dienststelle nach Speyer transportiert, wo ihm eine Blutprobe entnommen wurde.<\/p>\n\n\n\n<h2 class=\"wp-block-heading\">(Rheinzabern) &#8211; Trunkenheitsfahrt unter Drogeneinfluss<\/h2>\n\n\n\n<p>Am Freitag, 06.10.2023, gegen 12:30 Uhr wurde ein 27-j\u00e4hriger Fahrzeugf\u00fchrer einer Verkehrskontrolle unterzogen. Dieser befuhr mit seinem Pkw die B9 in Fahrtrichtung W\u00f6rth. Bei der Kontrolle ergaben sich beim Fahrzeugf\u00fchrer Auffallerscheinungen, welche auf den Konsum von Bet\u00e4ubungsmitteln hindeuteten, was durch einen freiwilligen Vortest best\u00e4tigt werden konnte. Entsprechend wurde dem Fahrer im weiteren Verlauf auf der Dienststelle eine Blutprobe entnommen und ein entsprechendes Verfahren er\u00f6ffnet.<\/p>\n\n\n\n<h2 class=\"wp-block-heading\">(Steinweiler) &#8211; Versuchter Einbruch in Autohaus<\/h2>\n\n\n\n<p>In den fr\u00fchen Morgenstunden des 07.10.2023 wurde versucht, in ein Autohaus in Steinweiler einzubrechen. Hierf\u00fcr wurde zun\u00e4chst ein Fenster zu einem Lagerraum des Autohauses eingeschlagen. Durch die entstandenen Ger\u00e4usche wurde jedoch ein direkter Anwohner aus dem Schlaf gerissen und machte durch Schreie auf sich aufmerksam. Vermutlich wurde der unbekannte T\u00e4ter so in die Flucht geschlagen. Bei der Tatortaufnahme vor Ort ergaben sich keine Erkenntnisse, dass das Autohaus durch den T\u00e4ter betreten wurde.<\/p>\n\n\n\n<ul>\n<li><strong>Hinweise bitte an die Polizeiinspektion W\u00f6rth am Rhein unter der Telefonnummer 07271 \/ 92210 oder per Email an&nbsp;<a href=\"mailto:%20piwoerth@polizei.rlp.de\">piwoerth@polizei.rlp.de<\/a>.<\/strong><\/li>\n<\/ul>\n\n\n\n<h2 class=\"wp-block-heading\">(Kandel) &#8211; Einbruch in Schuppen<\/h2>\n\n\n\n<p>In einem nicht n\u00e4her einzugrenzenden Zeitraum hebelte ein bislang unbekannter T\u00e4ter die T\u00fcr zu einem Lagerschuppen des Kaninchenzuchtvereins \/ Vogelfreundevereins in der Badallee in Kandel auf. Der Einbruch wurde am Freitag, 06.10.2023 bemerkt. Nach ersten Erkenntnissen wurde aus dem Schuppen nichts entwendet.<\/p>\n\n\n\n<ul>\n<li><strong>Hinweise bitte an die Polizeiinspektion W\u00f6rth am Rhein unter der Telefonnummer 07271 \/ 92210 oder per Email an&nbsp;<a href=\"mailto:%20piwoerth@polizei.rlp.de\">piwoerth@polizei.rlp.de<\/a>.<\/strong><\/li>\n<\/ul>\n\n\n\n<h2 class=\"wp-block-heading\">(Hagenbach) &#8211; Dieb nutzt den Moment<\/h2>\n\n\n\n<p>Am Freitag, 06.10.2023 beabsichtigte der Besitzer eines Kleinkraftrades dieses zu verkaufen. Hierf\u00fcr vereinbarte er einen Verkaufstermin in Hagenbach, zu welchem gegen 17:30 Uhr eine j\u00fcngere, m\u00e4nnliche Person erschienen ist. Die Person zeigte deutliches Interesse an dem Kleinkraftrad und befand sich f\u00fcr einen kurzen Zeitraum unbeobachtet mit dem Kleinkraftrad im Hof des Verk\u00e4ufers. Diesen g\u00fcnstigen Augenblick nutzte der potentielle K\u00e4ufer aus und fuhr mit dem unverschlossenen Kleinkraftrad davon, um es so zu entwenden.<\/p>\n\n\n\n<ul>\n<li><strong>Hinweise bitte an die Polizeiinspektion W\u00f6rth am Rhein unter der Telefonnummer 07271 \/ 92210 oder per Email an&nbsp;<a href=\"mailto:%20piwoerth@polizei.rlp.de\">piwoerth@polizei.rlp.de<\/a><\/strong>.<\/li>\n<\/ul>\n\n\n\n<h2 class=\"wp-block-heading\">(Neustadt) &#8211; Mehrere Pkw in Hambach besch\u00e4digt<a href=\"https:\/\/www.facebook.com\/sharer.php?u=https%3A%2F%2Fwww.presseportal.de%2Fblaulicht%2Fpm%2F117687%2F5620292%2F%3Futm_source%3Dfacebook%26utm_medium%3Dsocial\"><\/a><a href=\"https:\/\/twitter.com\/intent\/tweet?text=POL-PDNW%3A%20Mehrere%20Pkw%20in%20Hambach%20besch%C3%A4digt&amp;url=https%3A%2F%2Fwww.presseportal.de%2Fblaulicht%2Fpm%2F117687%2F5620292%2F%3Futm_source%3Dtwitter%26utm_medium%3Dsocial&amp;hashtags=ots&amp;lang=de\"><\/a><a href=\"https:\/\/web.whatsapp.com\/send?text=POL-PDNW%3A%20Mehrere%20Pkw%20in%20Hambach%20besch%C3%A4digt%0A%0Ahttps%3A%2F%2Fwww.presseportal.de%2Fblaulicht%2Fpm%2F117687%2F5620292%2F%3Futm_source%3Dwhatsapp%26utm_medium%3Dsocial\"><\/a><a href=\"https:\/\/www.xing.com\/app\/user?op=share;url=https%3A%2F%2Fwww.presseportal.de%2Fblaulicht%2Fpm%2F117687%2F5620292%2F%3Futm_source%3Dxing%26utm_medium%3Dsocial\"><\/a><a href=\"http:\/\/www.linkedin.com\/shareArticle?mini=true&amp;url=https%3A%2F%2Fwww.presseportal.de%2Fblaulicht%2Fpm%2F117687%2F5620292%2F%3Futm_source%3Dlinkedin%26utm_medium%3Dsocial&amp;title=POL-PDNW%3A+Mehrere+Pkw+in+Hambach+besch%C3%A4digt\"><\/a><a href=\"mailto:?subject=POL-PDNW%3A%20Mehrere%20Pkw%20in%20Hambach%20besch%C3%A4digt&amp;body=https:\/\/www.presseportal.de\/blaulicht\/pm\/117687\/5620292\"><\/a><\/h2>\n\n\n\n<p>Am 07.10.2023, in der Zeit von 12:30 Uhr bis 18:30 Uhr wurden am Parkplatz des Friedhofs Hambach (Diedesfelder Weg\/Horstweg) mehrere Pkw besch\u00e4digt. Vorwiegend wurden die Gest\u00e4nge der Scheibenwischer verbogen. Mehrere Gesch\u00e4digte haben sich wohl auf den Heimweg gemacht, ohne die Besch\u00e4digungen zu bemerken. Diese werden gebeten, sich bei der Polizei Neustadt zu melden. Ebenso werden Zeugen des Vorfalls gesucht.<\/p>\n\n\n\n<h2 class=\"wp-block-heading\">(Neustadt) &#8211; Gef\u00e4hrdung des Stra\u00dfenverkehrs<\/h2>\n\n\n\n<p>In den fr\u00fchen Morgenstunden des 07.10.2023 kam es auf einem gro\u00dfen Parkplatz in der Chemnitzer Stra\u00dfe zu einer Verkehrsgef\u00e4hrdung. Wie Zeugen mitteilten, habe ein unbekannter Pkw-Fahrer auf dem Parkplatz in unsicherer Fahrweise seine Kreise gedreht. Hierbei sei er auch auf eine Personengruppe zugefahren, welche einen Zusammensto\u00df nur noch durch einen Sprung zur Seite verhindern konnte. Anschlie\u00dfend fl\u00fcchtete der Fahrer in unbekannte Richtung. Eine sofortige Fahndung nach dem Fahrer mit mehreren Streifen blieb erfolglos.<\/p>\n\n\n\n<ul>\n<li><strong>Zeugenhinweise nimmt die Polizei Neustadt unter 06321 854-0 oder per Mail an&nbsp;<a href=\"mailto:%20pineustadt@polizei.rlp.de\">pineustadt@polizei.rlp.de<\/a>&nbsp;entgegen.<\/strong><\/li>\n<\/ul>\n\n\n\n<h2 class=\"wp-block-heading\">(Neustadt) &#8211; Einbruch in Schrebergarten<\/h2>\n\n\n\n<p>Unbekannte brachen in der Nacht vom 05.10.2023 auf den 06.10.2023 einen Wohnwagen auf einem Schrebergartengrundst\u00fcck neben der L532 auf. Laut Angaben des Eigent\u00fcmers wurde jedoch nichts entwendet. Der Sachschaden bel\u00e4uft sich auf ca. 400EUR.<\/p>\n\n\n\n<ul>\n<li><strong>Zeugenhinweise nimmt die Polizei Neustadt unter 06321 854-0 oder per Mail an&nbsp;<a href=\"mailto:%20pineustadt@polizei.rlp.de\">pineustadt@polizei.rlp.de<\/a>&nbsp;entgegen.<\/strong><\/li>\n<\/ul>\n\n\n\n<h2 class=\"wp-block-heading\">(Meckenheim) &#8211; Unfall durch Trunkenheit in der eigenen Hofeinfahrt<\/h2>\n\n\n\n<p>Am Freitagabend gegen 22:00 Uhr endete die Fahrt eines 52-J\u00e4hrigen aus Meckenheim in der eigenen Einfahrt mit einem Unfall. Der Mann stie\u00df beim Einparken an ein dort abgestelltes Fahrzeug, welches auch ihm geh\u00f6rte. Ein Grund f\u00fcr dieses Missgeschick k\u00f6nnte die erhebliche Alkoholisierung des Fahrers gewesen sein, die von der bereits auf ihn wartenden Polizei festgestellt wurde. Der Mann wurde bereits in Mannheim auff\u00e4llig. Dort war er zun\u00e4chst an einem K\u00f6rperverletzungsdelikt beteiligt. Anschlie\u00dfend stieg er offenkundig alkoholisiert in seinen schwarzen BMW. Durch diese Meldung konnte der Fahrer an seiner Wohnanschrift beim Einfahren in den Hof von der Polizei angetroffen werden. Aufgrund eines Atemalkoholwertes von 1,63 Promille wurde dem Mann anschlie\u00dfend in der Dienststelle eine Blutprobe entnommen. Au\u00dferdem musste er die Fahrzeugschl\u00fcssel beider Fahrzeuge vor\u00fcbergehend der Polizei \u00fcbergeben. Der F\u00fchrerschein des Fahrers wurde mit dem Ziel der vorl\u00e4ufigen Entziehung ebenfalls sichergestellt. W\u00e4hrend der Fahrt muss sich ein weiterer Verkehrsunfall zugetragen haben. Am Fahrzeug war ein frischer Lackschaden am rechten Au\u00dfenspiegel. Die genaueren Umst\u00e4nde dieses Unfalls sind noch Bestandteil der Ermittlungen. <\/p>\n\n\n\n<ul>\n<li><strong>Die Polizei bittet daher, Hinweise diesbez\u00fcglich bei der Polizeiinspektion Ha\u00dfloch mitzuteilen.<\/strong><\/li>\n<\/ul>\n\n\n\n<h2 class=\"wp-block-heading\">(Ludwigshafen) &#8211; Tankstellenbesuch endet in der Gewahrsamszelle<\/h2>\n\n\n<div class=\"wp-block-image\">\n<figure class=\"aligncenter size-full\"><img decoding=\"async\" loading=\"lazy\" width=\"800\" height=\"533\" src=\"https:\/\/speyer24news.com\/wp-content\/uploads\/2020\/06\/Zelle.jpg\" alt=\"\" class=\"wp-image-28203\" srcset=\"https:\/\/speyer24news.com\/wp-content\/uploads\/2020\/06\/Zelle.jpg 800w, https:\/\/speyer24news.com\/wp-content\/uploads\/2020\/06\/Zelle-300x200.jpg 300w, https:\/\/speyer24news.com\/wp-content\/uploads\/2020\/06\/Zelle-768x512.jpg 768w\" sizes=\"(max-width: 800px) 100vw, 800px\" \/><figcaption class=\"wp-element-caption\">Beispielbild Zelle \/ Verhaftung, dient lediglich der Visualisierung<\/figcaption><\/figure><\/div>\n\n\n<p>In der Nacht von Freitag auf Samstag, 07.10.2023) gegen 00:30 Uhr meldete ein Tankstellenmitarbeiter einen aggressiven Mann auf einem Tankstellengel\u00e4nde in der Heinigstra\u00dfe. Durch Polizeikr\u00e4fte konnte der 38-j\u00e4hrige Mann, der aktuell ohne festen Wohnsitz ist, einer Personenkontrolle unterzogen werden. Doch auch im Rahmen der Kontrolle zeigte sich der 38-J\u00e4hrige weiterhin aufbrausend und uneinsichtig. Da er einem ausgesprochenen Platzverweis auch nach erneuter Aufforderung nicht nachkam, wurde er dem Polizeigewahrsam zugef\u00fchrt und musste dort den Rest der Nacht verbringen.<\/p>\n\n\n\n<h2 class=\"wp-block-heading\">(Ludwigshafen) &#8211; Brand durch Feuerwerksk\u00f6rper<\/h2>\n\n\n\n<p>Am sp\u00e4ten Abend des 06.10.23 meldete eine Anwohnerin starke Rauchentwicklung aus einer Garage, die letztlich v\u00f6llig ausbrannte und durch die Feuerwehr gel\u00f6scht werden konnte. Im unmittelbaren Nahbereich konnte die Polizei Feuerwerksk\u00f6rperr\u00fcckst\u00e4nde festgestellen, weshalb eine Inbrandsetzung nicht ausgeschlossen werden konnte. Der Gesamtschaden wird auf 15.000 Euro gesch\u00e4tzt. Zu einem Personenschaden kam es nicht.<\/p>\n\n\n\n<p>Die Garage wurde verschlossen und versiegelt und zur weiteren Bearbeitung an die Kriminalpolizei \u00fcbergeben.<\/p>\n\n\n\n<h2 class=\"wp-block-heading\">(Ludwigshafen) &#8211; Radfahrer leicht verletzt<\/h2>\n\n\n\n<p>Am Freitag, 06.10.2023 gegen 15:30 Uhr befuhr ein 24-j\u00e4hriger Radfahrer aus Ludwigshafen den Radweg der Saarlandstra\u00dfe entgegen der vorgeschriebenen Fahrtrichtung. Zeitgleich beabsichtigte der 86-j\u00e4hrige Fahrer eines Hyundai Tucson, vom Parkplatz eines Sportgel\u00e4ndes auf die Saarlandstra\u00dfe einzufahren. Um eine Kollision zu vermeiden, bremste der Radfahrer. Hierbei verlor er die Kontrolle \u00fcber sein Rad und st\u00fcrzte zu Boden. Er zog sich leichte Verletzungen zu und wurde in ein Krankenhaus gebracht. Sachsch\u00e4den entstanden keine.<\/p>\n\n\n\n<h2 class=\"wp-block-heading\">(Mannheim-Neckarstadt) &#8211; Verkehrsunfall zwischen Stra\u00dfenbahn und Pkw<\/h2>\n\n\n\n<p>Am Freitag gegen 08.27 Uhr ereignete sich in Mannheim, K\u00e4fertaler Stra\u00dfe \/ R\u00f6ntgenstra\u00dfe ein Verkehrsunfall, zwischen einer Stra\u00dfenbahn sowie einem Pkw. Den ersten Ermittlungen zufolge, missachtete der Pkw-F\u00fchrer das Rotlicht einer Lichtzeichenanlage, wodurch es zur Kollision mit der Stra\u00dfenbahn kam. Personen wurden durch das Unfallgeschehen nicht verletzt. Die H\u00f6he des Sachschadens wurde bislang noch nicht beziffert.<\/p>\n\n\n\n<p>Der unfallverursachende Pkw musste in der Folge abgeschleppt werden.<\/p>\n\n\n\n<p>Der flie\u00dfende Verkehr wurde lediglich leicht beeintr\u00e4chtigt.<\/p>\n\n\n\n<p>Die Unfallaufnahme dauert derzeit noch an.,<\/p>\n\n\n\n<h2 class=\"wp-block-heading\">(Mannheim-Neckarstadt) &#8211; Verkehrsunfall zwischen Radfahrer und Pkw.<a href=\"https:\/\/www.facebook.com\/sharer.php?u=https%3A%2F%2Fwww.presseportal.de%2Fblaulicht%2Fpm%2F14915%2F5620186%2F%3Futm_source%3Dfacebook%26utm_medium%3Dsocial\"><\/a><a href=\"https:\/\/twitter.com\/intent\/tweet?text=POL-MA%3A%20MA-Neckarstadt%3A%20Verkehrsunfall%20zwischen%20Radfahrer%20und%20Pkw.&amp;url=https%3A%2F%2Fwww.presseportal.de%2Fblaulicht%2Fpm%2F14915%2F5620186%2F%3Futm_source%3Dtwitter%26utm_medium%3Dsocial&amp;hashtags=ots&amp;lang=de\"><\/a><a href=\"https:\/\/web.whatsapp.com\/send?text=POL-MA%3A%20MA-Neckarstadt%3A%20Verkehrsunfall%20zwischen%20Radfahrer%20und%20Pkw.%0A%0Ahttps%3A%2F%2Fwww.presseportal.de%2Fblaulicht%2Fpm%2F14915%2F5620186%2F%3Futm_source%3Dwhatsapp%26utm_medium%3Dsocial\"><\/a><a href=\"https:\/\/www.xing.com\/app\/user?op=share;url=https%3A%2F%2Fwww.presseportal.de%2Fblaulicht%2Fpm%2F14915%2F5620186%2F%3Futm_source%3Dxing%26utm_medium%3Dsocial\"><\/a><a href=\"http:\/\/www.linkedin.com\/shareArticle?mini=true&amp;url=https%3A%2F%2Fwww.presseportal.de%2Fblaulicht%2Fpm%2F14915%2F5620186%2F%3Futm_source%3Dlinkedin%26utm_medium%3Dsocial&amp;title=POL-MA%3A+MA-Neckarstadt%3A+Verkehrsunfall+zwischen+Radfahrer+und+Pkw.\"><\/a><a href=\"mailto:?subject=POL-MA%3A%20MA-Neckarstadt%3A%20Verkehrsunfall%20zwischen%20Radfahrer%20und%20Pkw.&amp;body=https:\/\/www.presseportal.de\/blaulicht\/pm\/14915\/5620186\"><\/a><\/h2>\n\n\n\n<p>Am 06.10.2023 gegen 13.20 Uhr ereignete sich im Mannheimer Stadtteil Neckarstadt ein Verkehrsunfall zwischen einem Radfahrer und einem Pkw-F\u00fchrer. Nach derzeitigem Ermittlungsstand missachtete ein 27j\u00e4hriger Radfahrer das Rotlicht einer Lichtzeichenanlage f\u00fcr Fu\u00dfg\u00e4nger. Der Radfahrer \u00fcberquerte auf dem Fu\u00dfg\u00e4ngerfurt H\u00f6he der Maybachstra\u00dfe die Waldhofstra\u00dfe in Richtung Paul-Gerhardt-Stra\u00dfe. Durch den Rotlichtversto\u00df kam es zum Zusammensto\u00df mit einem bevorrechtigten 53j\u00e4hrigen Mercedes Fahrer. In der Folge st\u00fcrzte der Radfahrer und zog sich eine Gehirnersch\u00fctterung zu, welche in einem anliegenden Krankenhaus medizinisch versorgt werden musste. Nach kurzer Behandlungsdauer konnte der Unfallverursacher aus dem Krankenhaus entlassen werden. Am Mercedes entstand ein Sachschaden in H\u00f6he von ca. 2500,00 Euro.<\/p>\n\n\n\n<p>Ein Ordnungswidrigkeitenverfahren wurde eingeleitet. Die Ermittlungen dauern an.<\/p>\n\n\n\n<h2 class=\"wp-block-heading\">(Mannheim-Rheinau) &#8211; Mit 1,28 Promille am Stra\u00dfenverkehr teilgenommen<\/h2>\n\n\n\n<p>Am fr\u00fchen Samstagmorgen, gegen 01.30 Uhr, unterzog eine Streife des Polizeireviers Mannheim-Neckarau einen 20-j\u00e4hrigen E-Scooter Fahrer, der die B 36 in Richtung Mannheim Zentrum fuhr, aufgrund seiner unsicheren Fahrweise einer Kontrolle. Schnell war der Grund f\u00fcr seine Fahrweise klar. Im Verlauf der Kontrolle bemerkten die Beamten bei dem jungen Mann, dass dieser nach Alkohol roch. Ein Atemalkoholtest f\u00f6rderte einen Atemalkoholwert von 1,28 Promille zu Tage. Dem 20-J\u00e4hrigen wurde eine Blutprobe entnommen und sein F\u00fchrerschein wurde einbehalten. Neben f\u00fchrerscheinrechtlichen Konsequenzen muss er sich nun wegen der Trunkenheit im Verkehr verantworten.<\/p>\n\n\n\n<h2 class=\"wp-block-heading\">(Heidelberg) &#8211; Betrunken auf E-Scooter unterwegs!<\/h2>\n\n\n\n<p>Beamten des Polizeirevier Heidelberg-Mitte fiel am Samstag gegen 03.25 Uhr ein 20j\u00e4hriger E-Scooter Fahrer, aufgrund seiner unsicheren Fahrweise, auf. Dieser \u00fcberquerte die Theodor-Heuss-Br\u00fccke in Richtung Norden. Der Fahrer wurde einer Kontrolle unterzogen. Hierbei konnte durch die Polizeibeamten Alkoholgeruch wahrgenommen werden, welcher aus der Atemluft des Mannes herr\u00fchrte. Ein durchgef\u00fchrter Atemalkoholtest ergab einen Alkoholwert von \u00fcber 1 Promille. Der Mann musste sich zum Zwecke der Durchf\u00fchrung einer Blutentnahme mit zum Polizeirevier Heidelberg-Mitte begeben. Nach Durchf\u00fchrung der strafprozessualen Ma\u00dfnahmen konnte der Mann seinen Heimweg zu Fu\u00df antreten.<\/p>\n\n\n\n<p>Gegen den 20j\u00e4hrigen wurde ein Strafverfahren aufgrund Trunkenheit im Stra\u00dfenverkehr eingeleitet.<\/p>\n\n\n\n<h2 class=\"wp-block-heading\">(Schwetzingen \/ Rhein-Neckar-Kreis) &#8211; Tragischer Ungl\u00fccksfall im Bereich der Bahnhofsanlage<\/h2>\n\n\n<div class=\"wp-block-image\">\n<figure class=\"aligncenter size-full\"><img decoding=\"async\" loading=\"lazy\" width=\"800\" height=\"533\" src=\"https:\/\/speyer24news.com\/wp-content\/uploads\/2021\/01\/Ruhe-in-Frieden.jpg\" alt=\"\" class=\"wp-image-32361\" srcset=\"https:\/\/speyer24news.com\/wp-content\/uploads\/2021\/01\/Ruhe-in-Frieden.jpg 800w, https:\/\/speyer24news.com\/wp-content\/uploads\/2021\/01\/Ruhe-in-Frieden-300x200.jpg 300w, https:\/\/speyer24news.com\/wp-content\/uploads\/2021\/01\/Ruhe-in-Frieden-768x512.jpg 768w\" sizes=\"(max-width: 800px) 100vw, 800px\" \/><\/figure><\/div>\n\n\n<p>In der Nacht von Freitag auf Samstag ereignete sich im Bereich der Bahnhofsanlage Schwetzingen ein tragischer Ungl\u00fccksfall. Nach derzeitigem Erkenntnisstand, geriet ein Jugendlicher im Bereich abgestellter G\u00fcterwagons mit der stromf\u00fchrenden Oberleitung in Kontakt, in deren Folge er leider verstarb. Ein zweiter Jugendlicher erlitt keine k\u00f6rperlichen Verletzungen. Der Kriminaldauerdienst der Kriminalpolizeidirektion Heidelberg hat die Ermittlungen zur Ungl\u00fccksursache aufgenommen.<\/p>\n\n\n\n<h2 class=\"wp-block-heading\">(Walldorf \/ Rhein-Neckar-Kreis) &#8211; Wildunfall \/ Mazda-Fahrer erfasst Reh<\/h2>\n\n\n\n<p>Am fr\u00fchen Freitagmorgen, gegen 04.00 Uhr, befuhr ein 47-j\u00e4hriger Mazda-Fahrer die L 723, von Reilingen kommend in Richtung Walldorf. Unvermittelt querte ein Reh die Fahrbahn, so dass der 47-J\u00e4hrige eine Kollision nicht mehr vermeiden konnte und das Tier erfasste. W\u00e4hrend das Reh am Unfallort verendete blieb der Fahrzeuglenker unverletzt. Jedoch entstand an seinem Pkw ein erheblicher Sachschaden, der auf ca. 5000,- Euro gesch\u00e4tzt wird.<\/p>\n\n\n\n<h2 class=\"wp-block-heading\">(Hockenheim \/ Rhein-Neckar-Kreis) &#8211; Pkw \u00fcberschl\u00e4gt sich bei Verkehrsunfall<\/h2>\n\n\n\n<p>Derzeit befinden sich nach einem Unfall in Hockenheim \/ Schwetzinger Stra\u00dfe in Richtung Baggersee Polizei und Rettungskr\u00e4fte im Einsatz. Nach derzeitigem Sachstand kam ein Mercedes-Fahrer aus unbekannter Ursache von der Fahrbahn ab und fuhr eine ca. 5-Meter hohe B\u00f6schung hinab. In der Folge \u00fcberschlug sich der Pkw und blieb auf dem Dach liegen. Der Fahrzeugf\u00fchrer sowie dessen Beifahrer konnten sich alleine aus dem Fahrzeug befreien. Zu Verletzungen sowie Sachschaden liegen noch keine Erkenntnisse vor.<\/p>\n\n\n\n<p>Die Unfallursache ist Gegenstand der Ermittlungen.<\/p>\n\n\n\n<p>Die Unfallaufnahme dauert derzeit noch an.<\/p>\n\n\n\n<h3 class=\"wp-block-heading has-text-align-center\">Pressemeldung Nr. 2<\/h3>\n\n\n\n<p>Am 08.10.2023 gegen 18.45 Uhr ereignete sich ein Verkehrsunfall in Hockenheim \/ Schwetzinger Stra\u00dfe in Fahrtrichtung des dortigen Baggersees. Nach dem derzeitigen Ermittlungsstand kam ein 48j\u00e4hriger Fahrzeugf\u00fchrer mit seinem SUV-Mercedes von der Fahrbahn ab, fuhr eine ca. 5 Meter hohe B\u00f6schung hinab und \u00fcberschlug sich mit dem Pkw. Nachdem der Pkw auf dem Dach liegend zum Stillstand kam, konnten sich der Fahrzeugf\u00fchrer sowie ein 12j\u00e4hriges Kind selbst\u00e4ndig aus dem verunfallten Pkw befreien. Der Fahrer sowie das Kind erlitten leichte Verletzungen in Form von Prellungen, welche in einem angrenzenden Krankenhaus medizinisch versorgt werden mussten. Zudem wurde dem Fahrzeugf\u00fchrer im Krankenhaus eine durch die Polizei angeordnete Blutprobe entnommen, da der 48j\u00e4hrige unter dem Einfluss alkoholischer Getr\u00e4nke stand. Ein zuvor durchgef\u00fchrter Atemalkoholtest ergab einen Alkoholwert von 0,74 Promille. Der Mercedes wurde durch eine Fachfirma abgeschleppt, der Sachschaden an dem Pkw bel\u00e4uft sich auf ca. 65.000 Euro.<\/p>\n\n\n\n<p>Der F\u00fchrerschein des Unfallverursachers wurde zur Vorbereitung der Entziehung der Fahrerlaubnis einbehalten.<\/p>\n\n\n\n<p>Ein Ermittlungsverfahren aufgrund Gef\u00e4hrdung des Stra\u00dfenverkehrs sowie der fahrl\u00e4ssigen K\u00f6rperverletzung wurde eingeleitet.<\/p>\n\n\n\n<p>Die Ermittlungen dauern an.<\/p>\n","protected":false},"excerpt":{"rendered":"<div class=\"mh-excerpt\"><p>Polizeimeldungen vom Samstag (07.10.2023) (Speyer) &#8211; Verkehrsunfall mit Personenschaden Am 06.10.2023 gegen 19:00 Uhr befuhr ein 60-j\u00e4hriger Mann mit seinem Roller einen Parkplatz eines Marktes in der Wormser Landstra\u00dfe in Speyer. Der Fahrer blieb mit <a class=\"mh-excerpt-more\" href=\"https:\/\/speyer24news.com\/?p=54824\" title=\"Polizeimeldungen Samstag (07.10.23)\">[&#8230;]<\/a><\/p>\n<\/div>","protected":false},"author":3,"featured_media":26162,"comment_status":"open","ping_status":"open","sticky":false,"template":"","format":"standard","meta":{"_monsterinsights_skip_tracking":false,"_monsterinsights_sitenote_active":false,"_monsterinsights_sitenote_note":"","_monsterinsights_sitenote_category":0,"footnotes":""},"categories":[15659],"tags":[7243,7244,3614,350,14537,15084,15267,14538,15361,15845,702,61,2555,6955,6986,6263,63,105,11150,6987,53,4854,13534,4683,1548,4905,12967,11592,102,13626,213,14325,14324,13553,13541,55,8277,6368],"aioseo_notices":[],"amp_enabled":true,"_links":{"self":[{"href":"https:\/\/speyer24news.com\/index.php?rest_route=\/wp\/v2\/posts\/54824"}],"collection":[{"href":"https:\/\/speyer24news.com\/index.php?rest_route=\/wp\/v2\/posts"}],"about":[{"href":"https:\/\/speyer24news.com\/index.php?rest_route=\/wp\/v2\/types\/post"}],"author":[{"embeddable":true,"href":"https:\/\/speyer24news.com\/index.php?rest_route=\/wp\/v2\/users\/3"}],"replies":[{"embeddable":true,"href":"https:\/\/speyer24news.com\/index.php?rest_route=%2Fwp%2Fv2%2Fcomments&post=54824"}],"version-history":[{"count":3,"href":"https:\/\/speyer24news.com\/index.php?rest_route=\/wp\/v2\/posts\/54824\/revisions"}],"predecessor-version":[{"id":54829,"href":"https:\/\/speyer24news.com\/index.php?rest_route=\/wp\/v2\/posts\/54824\/revisions\/54829"}],"wp:featuredmedia":[{"embeddable":true,"href":"https:\/\/speyer24news.com\/index.php?rest_route=\/wp\/v2\/media\/26162"}],"wp:attachment":[{"href":"https:\/\/speyer24news.com\/index.php?rest_route=%2Fwp%2Fv2%2Fmedia&parent=54824"}],"wp:term":[{"taxonomy":"category","embeddable":true,"href":"https:\/\/speyer24news.com\/index.php?rest_route=%2Fwp%2Fv2%2Fcategories&post=54824"},{"taxonomy":"post_tag","embeddable":true,"href":"https:\/\/speyer24news.com\/index.php?rest_route=%2Fwp%2Fv2%2Ftags&post=54824"}],"curies":[{"name":"wp","href":"https:\/\/api.w.org\/{rel}","templated":true}]}}