{"id":54831,"date":"2023-10-09T11:48:41","date_gmt":"2023-10-09T10:48:41","guid":{"rendered":"https:\/\/speyer24news.com\/?p=54831"},"modified":"2023-10-09T11:52:38","modified_gmt":"2023-10-09T10:52:38","slug":"polizeimeldungen-sonntag-08-10-23","status":"publish","type":"post","link":"https:\/\/speyer24news.com\/?p=54831","title":{"rendered":"Polizeimeldungen Sonntag (08.10.23)"},"content":{"rendered":"<style type=\"text\/css\">\r\n\t.ads_top_disp{}\r\n\t.ads_top_corner_disp{ float:left; margin:0px 10px 10px 0px; }\r\n\t.ads_first_p_disp{}\r\n\t.ads_bottom_disp{}\r\n\t<\/style>\n<h2 class=\"wp-block-heading\">Polizeimeldungen vom Sonntag (08.10.2023)<\/h2>\n\n\n<div class=\"wp-block-image\">\n<figure class=\"aligncenter size-full\"><img decoding=\"async\" loading=\"lazy\" width=\"375\" height=\"500\" src=\"https:\/\/speyer24news.com\/wp-content\/uploads\/2022\/03\/Aktuelles-Polizeilogo.jpg\" alt=\"\" class=\"wp-image-43591\" srcset=\"https:\/\/speyer24news.com\/wp-content\/uploads\/2022\/03\/Aktuelles-Polizeilogo.jpg 375w, https:\/\/speyer24news.com\/wp-content\/uploads\/2022\/03\/Aktuelles-Polizeilogo-225x300.jpg 225w\" sizes=\"(max-width: 375px) 100vw, 375px\" \/><\/figure><\/div>\n\n\n<h2 class=\"wp-block-heading\">(Speyer) &#8211; K\u00f6rperverletzung zwischen mehreren Personen<\/h2>\n\n\n<div class=\"wp-block-image\">\n<figure class=\"aligncenter size-full\"><img decoding=\"async\" loading=\"lazy\" width=\"800\" height=\"533\" src=\"https:\/\/speyer24news.com\/wp-content\/uploads\/2021\/11\/Schlaegerei.jpg\" alt=\"\" class=\"wp-image-42366\" srcset=\"https:\/\/speyer24news.com\/wp-content\/uploads\/2021\/11\/Schlaegerei.jpg 800w, https:\/\/speyer24news.com\/wp-content\/uploads\/2021\/11\/Schlaegerei-300x200.jpg 300w, https:\/\/speyer24news.com\/wp-content\/uploads\/2021\/11\/Schlaegerei-768x512.jpg 768w\" sizes=\"(max-width: 800px) 100vw, 800px\" \/><figcaption class=\"wp-element-caption\">Beispielbild Schl\u00e4gerei \/ K\u00f6rperverletzung, dient lediglich der Visualisierung<\/figcaption><\/figure><\/div>\n\n\n<p>Aus noch ungekl\u00e4rter Ursache eskalierte am Samstagabend in der Fu\u00dfg\u00e4ngerzone Speyer ein Streit zwischen mehreren Personen. Durch zwei polizeilich ermittelte Aggressoren wurde eine Gruppe Jugendlicher zun\u00e4chst verbal, anschlie\u00dfend k\u00f6rperlich angegangen. Durch das Einschreiten Dritter kam es nicht zu erheblichen Verletzungen. Der als Hauptaggressor benannte, in Speyer wohnhafte Mann war stark alkoholisiert: Der 30-j\u00e4hrige Mann hatte eine Atemalkoholkonzentration von 1,6 Promille. Er wurde zur Verhinderung weiterer Straftaten in Gewahrsam genommen. Sein Mitt\u00e4ter konnte zun\u00e4chst von der Tat\u00f6rtlichkeit fl\u00fcchten, wurde jedoch rund eine Stunde sp\u00e4ter nach Zeugenhinweisen gestellt. Der ebenfalls 30-J\u00e4hrige war leicht alkoholisiert.<\/p>\n\n\n\n<h2 class=\"wp-block-heading\">(Speyer) &#8211; Sexuelle Bel\u00e4stigung<\/h2>\n\n\n\n<p>Am Samstagabend versuchte ein 19-j\u00e4hriger Mann auf dem Domplatz in Speyer eine ihm fremde Frau auf den Mund zu k\u00fcssen. Trotz mehrfach ge\u00e4u\u00dfertem, entgegenstehendem Willen musste ein Begleiter des T\u00e4ters unterst\u00fctzend einschreiten bis die verst\u00e4ndigte Polizei vor Ort war. Gl\u00fccklicherweise gelang dem T\u00e4ter kein Kuss auf den Mund der Gesch\u00e4digten. Beim Erblicken der Polizei versuchte der alkoholisierte, in Speyer wohnhafte Mann mit seinem Fahrrad zu fl\u00fcchten, st\u00fcrzte jedoch alkoholbedingt zu Boden. Er hatte eine Atemalkoholkonzentration von 1,91 Promille. Gegen ihn wurde ein Strafverfahren wegen Sexueller Bel\u00e4stigung eingeleitet. Au\u00dferdem wurde ein Verfahren wegen Trunkenheit im Verkehr eingeleitet und dem Mann eine Blutprobe entnommen.<\/p>\n\n\n\n<h2 class=\"wp-block-heading\">(Speyer und R\u00f6merberg) &#8211; Mehrere Verkehrsstraftaten bzw. Straftaten im Zusammenhang mit dem Stra\u00dfenverkehr<\/h2>\n\n\n\n<p>Im Rahmen einer allgemeinen Verkehrskontrolle wurde gegen 10:00 Uhr ein Leichtkraftfahrzeug kontrolliert. Der 77-j\u00e4hrige Fahrer aus Speyer verf\u00fcgte jedoch nicht \u00fcber eine g\u00fcltige Fahrerlaubnis, weshalb gegen ihr ein Strafverfahren eingeleitet wurde.<\/p>\n\n\n\n<p>Ebenfalls gegen 10:00 Uhr h\u00e4ndigte ein 30-j\u00e4hriger Mann aus H\u00f6rdt w\u00e4hrend der polizeilichen Unfallaufnahme auf der B9 (H\u00f6he Speyer West) einen gef\u00e4lschten F\u00fchrerschein aus. Der Verkehrsunfall ereignete sich zwischen zwei PKW im Rahmen des Spurwechsels. Der Fahrer verursachte den Unfall, als er von der rechten auf die linke Fahrspur der B9 wechselte, hierbei eine 25-j\u00e4hrige PKW-Fahrerin \u00fcbersah und deren Fahrzeug touchierte. Es entstand Gesamtschaden in H\u00f6he von rund 1500 Euro. Bei dem vom Fahrer ausgeh\u00e4ndigten Dokument handelte es sich um eine Totalf\u00e4lschung, welche sichergestellt wurde. Der Mann ist nicht im, Besitz einer g\u00fcltigen Fahrerlaubnis.<\/p>\n\n\n\n<p>Am Samstagabend ereignete sich gegen 21:00 Uhr in der Martin-Greif-Stra\u00dfe in R\u00f6merberg ein Verkehrsunfall. Die Fahrerin eines blauen Vans stie\u00df gegen ein geparktes Fahrzeug und verursachte hierbei Sachschaden in H\u00f6he von rund 3000EUR. Dennoch entfernte sich die Fahrerin von der Unfallstelle. Im Rahmen der polizeilichen Fahndungsma\u00dfnahme wurde der fl\u00fcchtende PKW im Bereich Stadteinfahrt Speyer festgestellt und einer Kontrolle unterzogen. Am blauen Van konnten korrespondierende Sch\u00e4den, bei der 47-j\u00e4hrigen Fahrerin aus Hanhofen eine deutliche Alkoholisierung festgestellt werden: Die Frau hatte eine Atemalkoholkonzentration von 2,1 Promille. Der Fahrerin wurde eine Blutprobe entnommen, ihr F\u00fchrerschein beschlagnahmt.<\/p>\n\n\n\n<h2 class=\"wp-block-heading\">(Speyer) &#8211; Versto\u00df gegen das Bet\u00e4ubungsmittelgesetz und Hausfriedensbruch<\/h2>\n\n\n\n<p>Am Samstagmittag erreichte die Polizei eine Meldung, wonach sich ein Mann, trotz bestehendem Verbot, auf dem Gel\u00e4nde eines Gartengrundst\u00fcckes aufhalte und Bet\u00e4ubungsmittel konsumiere. Der 34-j\u00e4hrige Mann konnte von Polizeibeamten wie beschrieben vor Ort angetroffen werden. Im Rahmen der polizeilichen Ma\u00dfnahme wurde bei ihm eine geringf\u00fcgige Menge Amphetamin aufgefunden, welches beschlagnahmt wurde. Zur Durchsetzung des Hausrechtes erhielt er einen Platzverweis. Es wurden Strafverfahren wegen des Besitzes von Bet\u00e4ubungsmitteln und Hausfriedensbruch aufgenommen.<\/p>\n\n\n\n<h2 class=\"wp-block-heading\">(Speyer) &#8211; Versuchter Fahrraddiebstahl und Versto\u00df gegen das Bet\u00e4ubungsmittelgesetz<a href=\"https:\/\/www.facebook.com\/sharer.php?u=https%3A%2F%2Fwww.presseportal.de%2Fblaulicht%2Fpm%2F117688%2F5620583%2F%3Futm_source%3Dfacebook%26utm_medium%3Dsocial\"><\/a><a href=\"https:\/\/twitter.com\/intent\/tweet?text=POL-PDLU%3A%20Versuchter%20Fahrraddiebstahl%20und%20Versto%C3%9F%20gegen%20das%20Bet%C3%A4ubungsmittelgesetz%2007.10.2023%2C%2000%3A05%20Uhr&amp;url=https%3A%2F%2Fwww.presseportal.de%2Fblaulicht%2Fpm%2F117688%2F5620583%2F%3Futm_source%3Dtwitter%26utm_medium%3Dsocial&amp;hashtags=ots&amp;lang=de\"><\/a><a href=\"https:\/\/web.whatsapp.com\/send?text=POL-PDLU%3A%20Versuchter%20Fahrraddiebstahl%20und%20Versto%C3%9F%20gegen%20das%20Bet%C3%A4ubungsmittelgesetz%2007.10.2023%2C%2000%3A05%20Uhr%0A%0Ahttps%3A%2F%2Fwww.presseportal.de%2Fblaulicht%2Fpm%2F117688%2F5620583%2F%3Futm_source%3Dwhatsapp%26utm_medium%3Dsocial\"><\/a><a href=\"https:\/\/www.xing.com\/app\/user?op=share;url=https%3A%2F%2Fwww.presseportal.de%2Fblaulicht%2Fpm%2F117688%2F5620583%2F%3Futm_source%3Dxing%26utm_medium%3Dsocial\"><\/a><a href=\"http:\/\/www.linkedin.com\/shareArticle?mini=true&amp;url=https%3A%2F%2Fwww.presseportal.de%2Fblaulicht%2Fpm%2F117688%2F5620583%2F%3Futm_source%3Dlinkedin%26utm_medium%3Dsocial&amp;title=POL-PDLU%3A+Versuchter+Fahrraddiebstahl+und+Versto%C3%9F+gegen+das+Bet%C3%A4ubungsmittelgesetz+07.10.2023%2C+00%3A05+Uhr\"><\/a><a href=\"mailto:?subject=POL-PDLU%3A%20Versuchter%20Fahrraddiebstahl%20und%20Versto%C3%9F%20gegen%20das%20Bet%C3%A4ubungsmittelgesetz%2007.10.2023%2C%2000%3A05%20Uhr&amp;body=https:\/\/www.presseportal.de\/blaulicht\/pm\/117688\/5620583\"><\/a><\/h2>\n\n\n\n<p>Ein aufmerksamer Passant bemerkte in der Nacht zu Samstag einen Fahrraddiebstahl am Hauptbahnhof Speyer und verst\u00e4ndigte sofort die Polizei. Der 45-j\u00e4hrige T\u00e4ter aus Germersheim konnte durch die Polizeibeamte noch bei der Tatausf\u00fchrung gestellt werden: Der Mann versuchte mit einer S\u00e4ge das Schloss eines Fahrrades zu \u00f6ffnen. W\u00e4hrend der Kontrollma\u00dfnahme wurde beim T\u00e4ter eine geringf\u00fcgige Menge Kokain aufgefunden. Das Bet\u00e4ubungsmittel und das Tatwerkzeug wurden sichergestellt, entsprechende Strafverfahren eingeleitet.<\/p>\n\n\n\n<h2 class=\"wp-block-heading\">(Schifferstadt) &#8211; Unfall zwischen E-Scooter und Pkw<\/h2>\n\n\n\n<p>Am fr\u00fchen Samstagnachmittag, dem 07.10.2023, wollte eine 62-j\u00e4hrige Pkw-Fahrerin einen Hinterhof-Parkplatz in der Hauptstra\u00dfe verlassen. Beim \u00dcberfahren des dortigen Gehweges \u00fcbersah sie jedoch einen 14-J\u00e4hrigen, der &#8211; verbotswidrig &#8211; mit seinem E-Scooter die Hauptstra\u00dfe entgegen der Einbahnstra\u00dfe auf dem Gehweg befuhr. Durch den Zusammensto\u00df st\u00fcrzte der Junge und verletzte sich leicht. Am Pkw und am E-Scooter entstand leichter Sachschaden.<\/p>\n\n\n\n<h2 class=\"wp-block-heading\">(Limburgerhof) &#8211; Flucht nach Unfall auf &#8222;Zebrastreifen&#8220; \/ Zeugen gesucht<\/h2>\n\n\n<div class=\"wp-block-image\">\n<figure class=\"aligncenter size-full\"><img decoding=\"async\" loading=\"lazy\" width=\"801\" height=\"600\" src=\"https:\/\/speyer24news.com\/wp-content\/uploads\/2020\/05\/Zeugen-gesucht-Neutral.jpg\" alt=\"\" class=\"wp-image-26598\" srcset=\"https:\/\/speyer24news.com\/wp-content\/uploads\/2020\/05\/Zeugen-gesucht-Neutral.jpg 801w, https:\/\/speyer24news.com\/wp-content\/uploads\/2020\/05\/Zeugen-gesucht-Neutral-300x225.jpg 300w, https:\/\/speyer24news.com\/wp-content\/uploads\/2020\/05\/Zeugen-gesucht-Neutral-768x575.jpg 768w, https:\/\/speyer24news.com\/wp-content\/uploads\/2020\/05\/Zeugen-gesucht-Neutral-678x509.jpg 678w, https:\/\/speyer24news.com\/wp-content\/uploads\/2020\/05\/Zeugen-gesucht-Neutral-326x245.jpg 326w, https:\/\/speyer24news.com\/wp-content\/uploads\/2020\/05\/Zeugen-gesucht-Neutral-80x60.jpg 80w\" sizes=\"(max-width: 801px) 100vw, 801px\" \/><\/figure><\/div>\n\n\n<p>Bereits am Donnerstagnachmittag, dem 05.10.2023, kam es an einem Fu\u00dfg\u00e4nger\u00fcberweg (&#8222;Zebrastreifen&#8220;) in der Speyerer Stra\u00dfe in Limburgerhof zu einem Verkehrsunfall zwischen einem 9-j\u00e4hrigen Jungen und einer bislang unbekannten Fahrzeugf\u00fchrerin. Der Junge habe dort die Fahrbahn mit seinem Skateboard \u00fcberqueren wollen und sei dabei wohl von einer Pkw-Fahrerin \u00fcbersehen worden: Das Auto der Frau sei dem Jungen \u00fcber den Fu\u00df gerollt und diese habe sich anschlie\u00dfend, ohne sich um den Verletzten zu k\u00fcmmern, von der Unfallstelle entfernt. Der Junge erlitt nach derzeitigem Ermittlungsstand Quetschungen an einem Fu\u00df und wurde sp\u00e4ter in einem Krankenhaus behandelt. Bei der Unfallverursacherin soll es sich um eine \u00e4ltere Dame mit grauen Haaren in einem silbernen Pkw gehandelt haben. Ein bislang unbekannter Unfallzeuge soll noch versucht haben, dem Pkw zu folgen. <\/p>\n\n\n\n<ul>\n<li><strong>Die Polizeiinspektion Schifferstadt bittet daher m\u00f6gliche Zeugen des Unfalls, sich per Telefon unter der 06235 4950 oder per Email unter&nbsp;<a href=\"mailto:%20pischifferstadt@polizei.rlp.de\">pischifferstadt@polizei.rlp.de<\/a>&nbsp;zur Verf\u00fcgung zu stellen.<\/strong><\/li>\n<\/ul>\n\n\n\n<h2 class=\"wp-block-heading\">(Neuhofen) &#8211; Microsoft-Betr\u00fcger erfolgreich<\/h2>\n\n\n\n<p>Am Donnerstag, dem 05.10.2023, erhielt eine 54-j\u00e4hrige Neuh\u00f6ferin w\u00e4hrend des Surfens auf ihrem Laptop eine Push-Nachricht auf ihren Bildschirm: Es wurde ihr vorgegaukelt, dass die Nachricht von Microsoft stamme und sie sich sofort unter der dort angegebenen Telefonnummer aufgrund eines massiven Virenbefalls ihres Computers bei dem Unternehmen melden solle. Die verunsicherte Frau rief die Nummer an und wurde sodann in ein Gespr\u00e4ch verwickelt, das mit Unterbrechungen ca. SIEBEN Stunden dauern sollte. Hierbei erlangte der Betr\u00fcger durch geschickte Gespr\u00e4chsf\u00fchrung die Kontrolle \u00fcber den Computer der Frau und entlockte ihr au\u00dferdem viele Daten wie TAN-Nummern f\u00fcrs Onlinebanking und ihre Passdaten. Erst am Folgetag wurde die Gesch\u00e4digte misstrauisch und stellte fest, dass ihr bis zu diesem Zeitpunkt bereits ein Schaden von ca. 4000EUR entstanden ist. Dabei d\u00fcrfte es sich jedoch leider nicht um die endg\u00fcltige Schadensh\u00f6he handeln. Den Anrufer beschrieb die Gesch\u00e4digte als deutschsprechenden Mann mit einem indisch-klingenden Akzent.<\/p>\n\n\n\n<h2 class=\"wp-block-heading\">(Mutterstadt) &#8211; Trunkenheitsfahrt<\/h2>\n\n\n\n<p>Am fr\u00fchen Sonntagmorgen, dem 08.10.2023, unterzogen Beamte der Polizei Schifferstadt eine 59-j\u00e4hrige Pkw-Fahrerin in der Ludwigshafener Stra\u00dfe einer Verkehrskontrolle. Nachdem bei ihr Atemalkoholgeruch wahrzunehmen war, wurde ihr ein Atemalkoholtest angeboten, Ergebnis: 0,79 Promille. Gegen die Fahrzeugf\u00fchrerin wurde sodann ein Ordnungswidrigkeitenverfahren eingeleitet, ihr droht (als &#8222;Erstt\u00e4terin&#8220;) eine Geldbu\u00dfe in H\u00f6he von 500,- EUR sowie ein einmonatiges Fahrverbot und au\u00dferdem zwei Punkte in Flensburg.<\/p>\n\n\n\n<h2 class=\"wp-block-heading\">(Mutterstadt) &#8211; E-Scooter in entwendet<\/h2>\n\n\n\n<p>Am Freitag, dem 06.10.2023, stahl eine unbekannte T\u00e4terschaft einen E-Scooter, der mittels Fahrradschloss gesichert den Tag \u00fcber vor einem Supermarkt in der Neustadter Stra\u00dfe abgestellt war. Bei dem Fahrzeug handelt es sich um einen E-Scooter der Marke SXT, Typ Light Plus V eKFV. <\/p>\n\n\n\n<ul>\n<li><strong>Zeugen, die Hinweise zur T\u00e4terschaft oder zum Verbleib des Scooters geben k\u00f6nnen, melden sich bitte bei der Polizeiinspektion Schifferstadt per Telefon unter der 06235 4950 oder per Email unter&nbsp;<a href=\"mailto:%20pischifferstadt@polizei.rlp.de\">pischifferstadt@polizei.rlp.de<\/a>.<\/strong><\/li>\n<\/ul>\n\n\n\n<h2 class=\"wp-block-heading\">(B\u00f6hl-Iggelheim) &#8211; Stra\u00dfenverkehrsgef\u00e4hrdung<\/h2>\n\n\n\n<p>Am Samstagabend, dem 07.10.2023, kurz vor Mitternacht, befuhr ein 61-j\u00e4hriger Mann aus Iggelheim mit seinem Pkw die K22 von Dannstadt-Schauernheim in Richtung B\u00f6hl-Iggelheim. An der Einm\u00fcndung zur L528 verlor er jedoch die Kontrolle \u00fcber seinen BMW, kollidierte mit einem Verkehrsschild, \u00fcberfuhr die dortige Verkehrsinsel, durchbrach einen Zaun aus Metallstangen, schleuderte in ein Feld mit Weinreben und kam schlie\u00dflich dort Stehen. Die genaue Ursache des Unfalls ist bislang unbekannt. <\/p>\n\n\n\n<ul>\n<li><strong>Zeugen des Unfalls werden daher gebeten, sich per Telefon unter der 06235 4950 oder per Email unter&nbsp;<a href=\"mailto:%20pischifferstadt@polizei.rlp.de\">pischifferstadt@polizei.rlp.de<\/a>&nbsp;bei der Polizei in Schifferstadt zu melden.<\/strong><\/li>\n<\/ul>\n\n\n\n<h2 class=\"wp-block-heading\">(B\u00f6hl-Iggelheim) &#8211; Verletzte Pedelec-Fahrerin<\/h2>\n\n\n\n<p>Am Freitagmittag (06.10.2023) st\u00fcrzte eine 79-j\u00e4hrige Pedelec-Fahrerin in der Kirchenstra\u00dfe schwer &#8211; laut Zeugenaussagen sei sie nach dem Unfall nicht ansprechbar gewesen. Nach derzeitigem Ermittlungsstand kam die Fahrerin ohne Fremdeinwirkung zu Fall, die genaue Ursache ist unbekannt. Sie zog sich nach ersten Erkenntnissen Sch\u00e4delverletzungen zu und wurde in ein Krankenhaus verbracht. Einen Helm trug die Radlerin zum Unfallzeitpunkt nicht.<\/p>\n\n\n\n<h2 class=\"wp-block-heading\">(R\u00fclzheim) &#8211; Mit 2,5 Promille unterwegs<\/h2>\n\n\n\n<p>Eine Atemalkoholkonzentration von 2,5 Promille erbrachte ein Alkoholtest den Beamte der Polizei Germersheim am Samstag, gegen 18 Uhr bei einem Autofahrer in der Bismarckstra\u00dfe durchf\u00fchrten. Dem Fahrer wurde eine Blutprobe entnommen. Sein F\u00fchrerschein wurde sichergestellt. Ihn erwartet ein Strafverfahren wegen Trunkenheit im Verkehr.<\/p>\n\n\n\n<h2 class=\"wp-block-heading\">(Kandel) &#8211; Unfallflucht beim Einkaufen<\/h2>\n\n\n\n<p>Zu einem Verkehrsunfall mit anschlie\u00dfender Fahrerflucht kam es am Samstag, 07.10.2023, etwa in der Zeit von 13:45 Uhr &#8211; 14:05 Uhr, auf dem Parkplatz des SBK-Marktes in der Nansenstra\u00dfe in Kandel. In diesem Zeitraum befand sich der gesch\u00e4digte Fahrzeugf\u00fchrer beim Einkaufen im Markt. Sein Fahrzeug, ein grauer SUV, war ordnungsgem\u00e4\u00df in einer Parkl\u00fccke geparkt. Bei der R\u00fcckkehr zum Fahrzeug war ein frischer Unfallschaden an der Heckklappe des Fahrzeugs zu erkennen. Der Verursacher des Schadens ist bis dato nicht bekannt. Er entfernte sich unerlaubt von der Unfallstelle. Anhand des Schadens scheint es wahrscheinlich, dass der Schaden durch einen Ansto\u00df mit einem Einkaufswagen verursacht wurde.<\/p>\n\n\n\n<ul>\n<li><strong>Hinweise bitte an die Polizeiinspektion W\u00f6rth am Rhein unter der Telefonnummer 07271 \/ 92210 oder per Email an&nbsp;<a href=\"mailto:%20piwoerth@polizei.rlp.de\">piwoerth@polizei.rlp.de<\/a>.<\/strong><\/li>\n<\/ul>\n\n\n\n<h2 class=\"wp-block-heading\">(Schweigen-Rechtenbach) &#8211; Motorradunfall mit Personenschaden<\/h2>\n\n\n\n<p>Ein 18-J\u00e4hriger aus Bad Bergzabern befuhr mit seinem Motorrad die B38 von Schweigen-Rechtenbach kommend in Fahrtrichtung Oberotterbach. In einer Kurve, kurz nach dem Ortsausgang Schweigen-Rechtenbach, kam er aufgrund zu starker Schr\u00e4glage zu Fall und landete mitsamt Motorrad im Gr\u00fcnstreifen. Der Zweiradfahrer wurde hierdurch leicht verletzt und in ein Krankenhaus verbracht. Das Motorrad musste abgeschleppt werden. Der Verkehr musste bis zum Ende der Verkehrsunfallaufnahme geregelt werden.<\/p>\n\n\n\n<h2 class=\"wp-block-heading\">(A 65 \/ Insheim) &#8211; Auf Drogen rechts \u00fcberholt und Unfallflucht begangen<a href=\"https:\/\/www.facebook.com\/sharer.php?u=https%3A%2F%2Fwww.presseportal.de%2Fblaulicht%2Fpm%2F117686%2F5620747%2F%3Futm_source%3Dfacebook%26utm_medium%3Dsocial\"><\/a><a href=\"https:\/\/twitter.com\/intent\/tweet?text=POL-PDLD%3A%20BAB65%2C%20Insheim%20-%20Auf%20Drogen%20rechts%20%C3%BCberholt%20und%20Unfallflucht%20begangen&amp;url=https%3A%2F%2Fwww.presseportal.de%2Fblaulicht%2Fpm%2F117686%2F5620747%2F%3Futm_source%3Dtwitter%26utm_medium%3Dsocial&amp;hashtags=ots&amp;lang=de\"><\/a><a href=\"https:\/\/web.whatsapp.com\/send?text=POL-PDLD%3A%20BAB65%2C%20Insheim%20-%20Auf%20Drogen%20rechts%20%C3%BCberholt%20und%20Unfallflucht%20begangen%0A%0Ahttps%3A%2F%2Fwww.presseportal.de%2Fblaulicht%2Fpm%2F117686%2F5620747%2F%3Futm_source%3Dwhatsapp%26utm_medium%3Dsocial\"><\/a><a href=\"https:\/\/www.xing.com\/app\/user?op=share;url=https%3A%2F%2Fwww.presseportal.de%2Fblaulicht%2Fpm%2F117686%2F5620747%2F%3Futm_source%3Dxing%26utm_medium%3Dsocial\"><\/a><a href=\"http:\/\/www.linkedin.com\/shareArticle?mini=true&amp;url=https%3A%2F%2Fwww.presseportal.de%2Fblaulicht%2Fpm%2F117686%2F5620747%2F%3Futm_source%3Dlinkedin%26utm_medium%3Dsocial&amp;title=POL-PDLD%3A+BAB65%2C+Insheim+-+Auf+Drogen+rechts+%C3%BCberholt+und+Unfallflucht+begangen\"><\/a><a href=\"mailto:?subject=POL-PDLD%3A%20BAB65%2C%20Insheim%20-%20Auf%20Drogen%20rechts%20%C3%BCberholt%20und%20Unfallflucht%20begangen&amp;body=https:\/\/www.presseportal.de\/blaulicht\/pm\/117686\/5620747\"><\/a><\/h2>\n\n\n\n<p>Ein 39-j\u00e4hriger aus einer Gemeinde im nordrhein-westf\u00e4lischen Kreis Heinsberg befuhr am Samstag gegen 22:20 Uhr die A65 in Fahrtrichtung Ludwigshafen im einspurigen Baustellenbereich bei Insheim hinter einem PKW und einem LKW. Da ihm die Fahrt der beiden, die mit der erlaubten H\u00f6chstgeschwindigkeit von 80km\/h unterwegs waren, zu langsam war, setzte er zum verbotswidrigen Rechts\u00fcberholen unter Nutzung des Standstreifens an und kollidierte hierbei seitlich mit dem LKW. Ohne sich um die Schadensregulierung zu k\u00fcmmern, raste er in Richtung Ludwigshafen weiter und konnte schlie\u00dflich durch eine Streife der Edenkobener Polizei an der Anschlussstelle Neustadt-S\u00fcd gestoppt werden. Aufgrund k\u00f6rperlicher Auff\u00e4lligkeiten wurde bei dem Mann ein Urintest durchgef\u00fchrt, der positiv auf eine erfolgte Einnahme von Bet\u00e4ubungsmitteln reagierte. Der Mann sieht sich nun nach erfolgter Blutprobe mehreren Strafverfahren wegen Verkehrsunfallflucht und Stra\u00dfenverkehrsgef\u00e4hrdung gegen\u00fcbergestellt, sein F\u00fchrerschein wurde mit dem Ziel der vorl\u00e4ufigen Entziehung der Fahrerlaubnis sichergestellt.<\/p>\n\n\n\n<h2 class=\"wp-block-heading\">(B 38 \/ Landau-Ebenberg) &#8211; Trunkenheit im Verkehr<\/h2>\n\n\n\n<p>Am 08.10.2023 gegen Mitternacht fiel einer Streife auf der B38 am Ebenberg ein verd\u00e4chtiges Fahrzeug auf. Bei der folgenden Kontrolle konnte direkt starker Alkoholgeruch wahrgenommen werden. Ein freiwillig durchgef\u00fchrter Alkotest ergab einen Wert von 3,19 Promille. Nach Entnahme einer Blutprobe wurde der F\u00fchrerschein sichergestellt.<\/p>\n\n\n\n<h2 class=\"wp-block-heading\">(Landau) &#8211; Einbruch in mehrere Gesch\u00e4fte<\/h2>\n\n\n\n<p>In der Nacht von Freitag auf Samstag kam es zu zwei Einbr\u00fcchen in ein Cafe und ein Bekleidungsgesch\u00e4ft in der K\u00f6nigstra\u00dfe in Landau. Nach Aufhebelns eines Fensters\/ Terrassent\u00fcr wurden drei komplette Kuchen, Bargeld, Winterjacken und ein Mobiltelefon entwendet. Aufgrund der \u00f6rtlichen N\u00e4he und der gleichen Tatzeitr\u00e4ume d\u00fcrfte es sich um die gleichen T\u00e4ter gehandelt haben.<\/p>\n\n\n\n<h2 class=\"wp-block-heading\">(Landau) &#8211; Trunkenheit im Verkehr<\/h2>\n\n\n\n<p>Am 06.10.2023 gegen 17:25 Uhr wurde in der Maximilianstra\u00dfe in Landau ein 56 j\u00e4hriger Fiatfahrer einer Verkehrskontrolle unterzogen. W\u00e4hrend der Kontrolle konnte hierbei Atemalkoholgeruch wahrgenommen werden. Ein Alkotest ergab einen Wert von 2,03 Promille. Eine \u00dcberpr\u00fcfung ergab zudem, dass eine Sperre der Fahrerlaubnis vorhanden war. Den Beschuldigten erwartet nun zus\u00e4tzlich zur Anzeige wegen Trunkenheit im Verkehr eine weitere bez\u00fcglich eines Fahrens ohne Fahrerlaubnis.<\/p>\n\n\n\n<h2 class=\"wp-block-heading\">(Landau) &#8211; Verkehrsunfall mit Kettenreaktion<\/h2>\n\n\n\n<p>In den Nachmittagsstunden des 06.10.2023 kam es durch eine Fehlbedienung eines PKW mit Automatikgetriebe zu einer Kettenreaktion an der Ampelanlage in der Johannes Kopp Stra\u00dfe in Landau. Nachdem der Unfallverursacher vom Bremspedal abrutschte und auf das Gaspedal geriet, machte das Fahrzeug einen Sprung nach vorne und traf dort zun\u00e4chst den Reifen eines 11 j\u00e4hrigen Fahrradfahrers. Dieser kam zu Fall und erlitt hierbei leichte Verletzungen. Im weiteren Verlauf kam es dann zu einem weiteren Zusammensto\u00df mit einem vor dem Fahrradfahrer wartenden PKW. Dieser wurde durch den Aufprall auf ein weiteres wartendes Fahrzeug geschoben. Durch den Verkehrsunfall entstand ein Sachschaden in H\u00f6he von ca. 10000 EURO.<\/p>\n\n\n\n<h2 class=\"wp-block-heading\">(Birkweiler) &#8211; Verkehrsunfall mit Flucht <\/h2>\n\n\n\n<p>Am 08.10. 2023 im Zeitraum zwischen 17:10 Uhr und 18:10 Uhr kam es in der Hauptstra\u00dfe in Birkweiler zu einer Unfallflucht. Das Fahrzeug des Gesch\u00e4digten war hierbei ordnungsgem\u00e4\u00df in L\u00e4ngsaufstellung auf H\u00f6he der Hausnummer 21 geparkt. Der bisher unbekannte Unfallverursacher touchierte vermutlich beim Ein-\/Ausparken das Fahrzeug des Gesch\u00e4digten und entfernte sich unerlaubt von der Unfallstelle.<\/p>\n\n\n\n<h2 class=\"wp-block-heading\">(Siebeldingen) &#8211; Verkehrsunfallflucht<\/h2>\n\n\n\n<p>Am 07.10.2023 kam es in der Weinstra\u00dfe in Siebeldingen zu einer Verkehrsunfallflucht. Der Gesch\u00e4digte hatte sein Fahrzeug ordnungsgem\u00e4\u00df am Fahrbahnrand in Fahrtrichtung Godramstein geparkt. Gegen 12:45 Uhr h\u00f6rte eine Nachbarin einen lauten Knall, konnte jedoch auf der Stra\u00dfe kein weiteres Fahrzeug mehr feststellen. Das Fahrzeug des Gesch\u00e4digten wies eine Besch\u00e4digung im Bereich der Vorderachse auf. An der Unfall\u00f6rtlichkeit konnte noch eine Opel Radzierblende festgestellt werden, die vermutlich vom Unfallfahrzeug stammt.<\/p>\n\n\n\n<h2 class=\"wp-block-heading\">(B\u00f6chingen) &#8211; Verkehrsunfallflucht: Einmal quer durch den Wingert<\/h2>\n\n\n\n<p>Am Morgen des 07.10.2023 meldet sich ein Fahrer eines PKW und teilt mit, dass er in der Nacht einen Verkehrsunfall auf der L513 zwischen Walsheim und B\u00f6chingen hatte. W\u00e4hrend der Unfallaufnahme stellte sich heraus, dass der Unfallverursacher aus bisher unbekannter Ursache auf gerader Strecke nach links von der Fahrbahn abkam. Bei der folgenden Fahrt durch den dortigen Weinberg wurden insgesamt 17 Wingertszeilen besch\u00e4digt. Das Fahrzeug erlitt einen Totalschaden. W\u00e4hrend der Unfallaufnahme konnte Atemalkoholgeruch wahrgenommen werden, woraufhin eine Blutprobe entnommen wurde. Der F\u00fchrerschein des Unfallbeteiligten wurde einbehalten und zur weiteren Entscheidung an die Staatsanwaltschaft gesendet.<\/p>\n\n\n\n<h2 class=\"wp-block-heading\">(Edenkoben \/ Gleisweiler) &#8211; Fahrradhelm verhindert vermutlich Schlimmeres<a href=\"https:\/\/www.facebook.com\/sharer.php?u=https%3A%2F%2Fwww.presseportal.de%2Fblaulicht%2Fpm%2F117686%2F5620739%2F%3Futm_source%3Dfacebook%26utm_medium%3Dsocial\"><\/a><a href=\"https:\/\/twitter.com\/intent\/tweet?text=POL-PDLD%3A%20Fahrradhelm%20verhindert%20vermutlich%20Schlimmeres&amp;url=https%3A%2F%2Fwww.presseportal.de%2Fblaulicht%2Fpm%2F117686%2F5620739%2F%3Futm_source%3Dtwitter%26utm_medium%3Dsocial&amp;hashtags=ots&amp;lang=de\"><\/a><a href=\"https:\/\/web.whatsapp.com\/send?text=POL-PDLD%3A%20Fahrradhelm%20verhindert%20vermutlich%20Schlimmeres%0A%0Ahttps%3A%2F%2Fwww.presseportal.de%2Fblaulicht%2Fpm%2F117686%2F5620739%2F%3Futm_source%3Dwhatsapp%26utm_medium%3Dsocial\"><\/a><a href=\"https:\/\/www.xing.com\/app\/user?op=share;url=https%3A%2F%2Fwww.presseportal.de%2Fblaulicht%2Fpm%2F117686%2F5620739%2F%3Futm_source%3Dxing%26utm_medium%3Dsocial\"><\/a><a href=\"http:\/\/www.linkedin.com\/shareArticle?mini=true&amp;url=https%3A%2F%2Fwww.presseportal.de%2Fblaulicht%2Fpm%2F117686%2F5620739%2F%3Futm_source%3Dlinkedin%26utm_medium%3Dsocial&amp;title=POL-PDLD%3A+Fahrradhelm+verhindert+vermutlich+Schlimmeres\"><\/a><a href=\"mailto:?subject=POL-PDLD%3A%20Fahrradhelm%20verhindert%20vermutlich%20Schlimmeres&amp;body=https:\/\/www.presseportal.de\/blaulicht\/pm\/117686\/5620739\"><\/a><\/h2>\n\n\n\n<p>Am Sonntagnachmittag (08.10.2023) gegen 13:45 Uhr zog sich eine 63-j\u00e4hrige Frau durch einen Sturz mit ihrem Pedelec eine Sch\u00fcrfwunde am linken Knie zu. Sie wollte den Wirtschaftsweg &#8222;H\u00e4ngematte&#8220; zwischen der Villastra\u00dfe und der Klosterstra\u00dfe in <strong>Edenkoben <\/strong>befahren. Noch vor dem absch\u00fcssigen Weg verfing sich ihr Pullover in den Speichen des Vorderrades, sodass sie zu Fall kam.<\/p>\n\n\n\n<p>Gegen 16:15 Uhr verletzte sich ein Fahrradfahrer in der N\u00e4he von <strong>Gleisweiler <\/strong>beim einem Sturz schwer. Der 63-j\u00e4hrige Mann befuhr mit seinem Pedelec einen Mountainbike-Trail oberhalb von Gleisweiler. Vermutlich eine Kombination aus nicht angepasster Geschwindigkeit und einem Stein auf der Strecke f\u00fchrte dazu, dass der Mann sich mit seinem Pedelec \u00fcberschlug. Hierbei erlitt er eine schwere Verletzung an der linken Schulter und eine Sch\u00fcrfwunde an der Stirn.<\/p>\n\n\n\n<p>Beide gest\u00fcrzte Fahrer trugen einen Fahrradhelm, welcher vermutlich schlimmere Kopfverletzungen verhinderte. Sie wurden durch den Rettungsdienst in nahegelegene Krankenh\u00e4user gebracht.<\/p>\n\n\n\n<h2 class=\"wp-block-heading\">(Edenkoben) &#8211; Mit 2,98 Promille mit dem Fahrrad gest\u00fcrzt<\/h2>\n\n\n\n<p>Am Freitag kam am Ludwigsplatz in Edenkoben gegen 20 Uhr ein 72-j\u00e4hriger Pedelec-Fahrer zu Fall und verletzte sich hierbei leicht an den H\u00e4nden. Grund f\u00fcr den Sturz d\u00fcrfte sein zuvor erfolgter Alkoholkonsum gewesen sein, denn ein Atemalkoholtest ergab bei dem Mann aus Edenkoben einen Wert von 2,98 Promille. Da auch eine Fahrt mit dem Fahrrad mit diesem Promillegehalt strafbar ist, wurde dem Radfahrer zu Nachweiszwecken eine Blutprobe entnommen und ein Strafverfahren eingeleitet. Auch die F\u00fchrerscheinstelle wird \u00fcber den Vorfall in Kenntnis gesetzt, die hiernach pr\u00fcfen wird, ob er Mann noch geeignet ist, Kraftfahrzeuge im Stra\u00dfenverkehr zu f\u00fchren. Seine Fahrt mit dem Fahrrad wird also aller Wahrscheinlichkeit nach Folgen f\u00fcr seinen F\u00fchrerschein haben.<\/p>\n\n\n\n<h2 class=\"wp-block-heading\">(A 65 \/ AS Rohrbach &#8211; Ha\u00dfloch) &#8211; Kontrollen auf der Autobahn<\/h2>\n\n\n\n<p>Am Sonntagnachmittag wurde auf der BAB65 zwischen den Anschlussstellen Rohrbach und Ha\u00dfloch mit einem Zivilfahrzeug der Verkehr \u00fcberwacht. Hierbei konnte ein Fahrer ohne angelegten Sicherheitsgurt festgestellt werden. Bei einem Fahrzeug war das Abblendlicht defekt, welches der Fahrzeugf\u00fchrer nun reparieren lassen muss. Weitere drei Fahrzeugf\u00fchrer wurden dabei erwischt, wie sie w\u00e4hrend der Fahrt auf ihrem Smartphone tippten. Sie erwartet ein Bu\u00dfgeld in H\u00f6he von 100 Euro und einen Punkt in der Verkehrss\u00fcnderdatei.<\/p>\n\n\n\n<h2 class=\"wp-block-heading\">(Ludwigshafen-S\u00fcd)- Trunkenheit im Verkehr<\/h2>\n\n\n\n<p>Am Samstag, den 07.10.2023, gegen 19 Uhr kam es in der Lagerhausstra\u00dfe zu einer Trunkenheitsfahrt durch eine 42-j\u00e4hrige Fahrzeugf\u00fchrerin aus Ludwigshafen. Der Pkw der Frau wurde durch andere Verkehrsteilnehmer beobachtet, wie er in Schlangenlinien fuhr. Im Rahmen einer Kontrolle machte die Fahrzeugf\u00fchrerin einen sichtlich alkoholisierten Eindruck auf die eingesetzten Polizeibeamten. Es wurde ein Strafverfahren wegen des Verdachts der Trunkenheit im Verkehr eingeleitet. Der Beschuldigten wurde durch einen Arzt eine Blutprobe entnommen und ihr F\u00fchrerschein wurde beschlagnahmt.<\/p>\n\n\n\n<h2 class=\"wp-block-heading\">(Mannheim-Neckarau) &#8211; Verkehrsunfall \/ Fahrradfahrer erleidet t\u00f6dliche Verletzungen<\/h2>\n\n\n<div class=\"wp-block-image\">\n<figure class=\"aligncenter size-full\"><img decoding=\"async\" loading=\"lazy\" width=\"800\" height=\"533\" src=\"https:\/\/speyer24news.com\/wp-content\/uploads\/2021\/01\/Ruhe-in-Frieden.jpg\" alt=\"\" class=\"wp-image-32361\" srcset=\"https:\/\/speyer24news.com\/wp-content\/uploads\/2021\/01\/Ruhe-in-Frieden.jpg 800w, https:\/\/speyer24news.com\/wp-content\/uploads\/2021\/01\/Ruhe-in-Frieden-300x200.jpg 300w, https:\/\/speyer24news.com\/wp-content\/uploads\/2021\/01\/Ruhe-in-Frieden-768x512.jpg 768w\" sizes=\"(max-width: 800px) 100vw, 800px\" \/><\/figure><\/div>\n\n\n<p>Am Samstagabend gegen 21.15 Uhr kam es in der Neckarauer Stra\u00dfe in Mannheim zu einem schweren Verkehrsunfall, in Folge dessen ein 39-j\u00e4hriger Unfallbeteiligter t\u00f6dliche Verletzungen erlitt. Den ersten Ermittlungen zufolge kam es an der o.g. \u00d6rtlichkeit zu einer Kollision zwischen einer Stra\u00dfenbahn und einem Fahrradfahrer, welcher seinen schweren Verletzungen noch am Unfallort erlag. Das genaue Unfallgeschehen ist noch Gegenstand der Ermittlungen. Auf Anordnung der Staatsanwaltschaft wurde ein Sachverst\u00e4ndiger zur Rekonstruktion des Unfallhergangs hinzugezogen. Die Unfallaufnahme erfolgte durch Beamte der Verkehrsgruppe BAB Seckenheim. F\u00fcr die Dauer der Unfallaufnahme, welche bis ca. 23.30 Uhr andauerte, musste die Neckarauer Stra\u00dfe teils gesperrt werden. Zu gr\u00f6\u00dferen Verkehrsbehinderungen kam es nicht. Durch die RNV Mannheim wurde ein Ersatzverkehr mit Bussen eingerichtet. Es wird nachberichtet.<\/p>\n\n\n\n<h2 class=\"wp-block-heading\">(Mannheim-K\u00e4fertal) &#8211; Sachbesch\u00e4digung an KFZ \/ Zeugen gesucht!<\/h2>\n\n\n\n<p>Am Samstag, den 07.10.2023, im Zeitraum zwischen 18.00 Uhr und 21.00 Uhr wurde in der Therese-Blase-Stra\u00dfe ein ordnungsgem\u00e4\u00df geparkter Pkw der Marke Mercedes Benz von bislang unbekannten T\u00e4tern besch\u00e4digt. Hierbei wurde das Fahrzeug mittels eines unbekannten Gegenstands zerkratzt. Des Weiteren wurde das Stoffverdeck aufgeschlitzt. Der entstandene Sachschaden kann noch nicht genau beziffert werden. <\/p>\n\n\n\n<ul>\n<li><strong>Zeugen, die im fraglichen Zeitraum Beobachtungen gemacht haben und sachdienliche Hinweise geben k\u00f6nnen, werden gebeten sich mit dem Polizeirevier Mannheim-K\u00e4fertal, unter der Telefonnummer 0621- 718490, in Verbindung zu setzen.<\/strong><\/li>\n<\/ul>\n\n\n\n<h2 class=\"wp-block-heading\">(B 36 \/ Schwetzingen \/ Rhein-Neckar-Kreis) &#8211; Verkehrsunfall<\/h2>\n\n\n\n<p>Auf Grund eines Verkehrsunfalls auf der B 36 in Fahrtrichtung Schwetzingen, H\u00f6he der Mannheimer Landstra\u00dfe, kommt es derzeit zu einer Vollsperrung des Streckenabschnitts. Genauere Informationen zum Unfallhergang sind derzeit noch nicht bekannt. Rettungsdienst und Polizei sind im Einsatz. Es wird nachberichtet. <em>08.10.2023 \u2013 09:34<\/em><\/p>\n\n\n\n<h3 class=\"wp-block-heading has-text-align-center\">Pressemeldung Nr. 2<\/h3>\n\n\n\n<p>Nach dem Verkehrsunfall auf der B36 ist die Unfallstelle mittlerweile ger\u00e4umt, die Verkehrssperrungen wurden aufgehoben. Unfallursache war vermutlich ein Fehler beim Fahrstreifenwechsel. Hierbei \u00fcbersah der Fahrer eines sprinter\u00e4hnlichen Fahrzeuges einen Motorradfahrer und es kam zum Zusammensto\u00df. Der Motorrad-Fahrer wurde mittels Rettungsdienst in ein umliegendes Krankenhaus eingeliefert. Er erlitt vermutlich eine Fraktur am Arm. W\u00e4hrend dieser Unfallaufnahme kam es zu einem Folgeunfall, in dessen Verlauf ein weiterer Motorrad-Fahrer mit einem absichernden Funkwagen der Polizei zusammenstie\u00df. Gl\u00fccklicherweise wurde dieser Motorradfahrer nur leicht verletzt. Sein Motorrad musste durch eine Fachfirma abgeschleppt werden. Der Verkehrsdienst Mannheim hat die Ermittlungen aufgenommen.<\/p>\n\n\n\n<h2 class=\"wp-block-heading\">(Oftersheim \/ Rhein-Neckar-Kreis) &#8211; Betrunkener Fahrzeugf\u00fchrer verursacht Unfall<\/h2>\n\n\n\n<p>In den fr\u00fchen Morgenstunden des 08.10.2023 verursachte ein 39-j\u00e4hriger Fahrzeugf\u00fchrer mit seinem Mitsubishi in der Oftersheimer Augustastra\u00dfe einen Verkehrsunfall. Die hinzugerufenen Beamten konnten im Rahmen der Unfallaufnahme bei dem Verursacher deutlichen Alkoholgeruch wahrnehmen. Ein durchgef\u00fchrter Atemalkoholtest ergab schlie\u00dflich einen Wert von 1,72 Promille. Noch dazu konnte im Rahmen der ersten Ermittlungen vor Ort in Erfahrung gebracht werden, dass der 39-J\u00e4hrige nicht im Besitz der erforderlichen Fahrerlaubnis war bzw. ist. Die H\u00f6he des entstandenen Sachschadens ist noch nicht bekannt. Dem Beschuldigten wurde im Anschluss auf der Dienststelle eine Blutprobe entnommen. Gegen ihn wurde ein Ermittlungsverfahren eingeleitet.<\/p>\n\n\n\n<h2 class=\"wp-block-heading\">(A 5 \/ St. Leon-Rot \/ Rhein-Neckar-Kreis) &#8211; Verkehrsunfall mit 5 beteiligten Fahrzeugen<\/h2>\n\n\n\n<p>Aktuell kommt es auf der BAB 5 H\u00f6he St. Leon-Rot in Fahrtrichtung Heidelberg zu einem Einsatz von Polizei, Feuerwehr und Rettungsdienst. Grund hierf\u00fcr ist ein gr\u00f6\u00dferer Unfall an dem vier Pkw und ein Wohnwagengespann beteiligt sind. Durch die Unfallaufnahme ist der mittlere und der rechte Fahrstreifen aktuell gesperrt, es kann zu Verkehrsbeeintr\u00e4chtigungen kommen. Es wird nachberichtet. <em>08.10.2023 \u2013 16:11<\/em><\/p>\n\n\n\n<h3 class=\"wp-block-heading has-text-align-center\">Pressemeldung Nr. 2<\/h3>\n\n\n\n<p>Gegen 15:37 Uhr kam es auf der BAB 5, H\u00f6he St. Leon-Rot, in Fahrtrichtung Heidelberg, zu einem Verkehrsunfall mit insgesamt f\u00fcnf beteiligten Fahrzeugen. Nach derzeitigem Ermittlungsstand \u00fcbersah die 36-j\u00e4hrige Unfallverursacherin mit ihrem Pkw, zwei auf dem Ausf\u00e4delungsstreifen befindliche Fahrzeuge, woraufhin es zu einem frontalen Zusammensto\u00df kam und die staubedingt haltenden Fahrzeuge aufeinander geschoben wurden. Infolge der Kollision versuchten zwei hinter der Unfall\u00f6rtlichkeit befindliche Fahrzeuge einen Zusammensto\u00df zu verhindern. Der Bremsversuch schlug fehl, sodass beide Fahrzeuge ebenfalls auf den Pkw der Unfallverursacherin auffuhren. Sie musste mit Hilfe des Rettungsdienstes in ein umliegendes Krankenhaus eingeliefert werden. Zwei weitere Unfallbeteiligte mussten mit leichteren Verletzungen ebenfalls in einem Krankenhaus behandelt werden. Nach derzeitigen Sch\u00e4tzungen ist der Sachschaden im hohen f\u00fcnfstelligen Bereich zu beziffern. Nach Abschluss der Unfallaufnahme konnte die Fahrbahn gegen 20:03 Uhr wieder freigegeben werden.<\/p>\n\n\n\n<h2 class=\"wp-block-heading\">(Sinsheim \/ Rhein-Neckar-Kreis) &#8211; Zeugenaufruf nach Verkehrsunfallflucht<\/h2>\n\n\n\n<p>Am 07.10.2023, im Zeitraum von 12:40 Uhr bis 13:45 Uhr, touchierte ein bislang unbekannter Unfallverursacher, beim Vorbeifahren oder Ausparken, einen auf dem Kaufland Parkplatz geparkten Pkw und besch\u00e4digte diesen. Anschlie\u00dfend entfernte sich der Unfallverursacher von der Unfall\u00f6rtlichkeit ohne seiner Feststellungspflicht nachzukommen. Am gesch\u00e4digten Pkw, ein VW Golf, entstand linksseitig ein Sachschaden in H\u00f6he von 3000,00EUR.<\/p>\n\n\n\n<ul>\n<li><strong>Zeugen, die Hinweise zu dem Unfallgeschehen oder dem Fahrzeug und dessen Fahrer geben k\u00f6nnen, werden gebeten sich beim Polizeirevier Sinsheim (07261-6900) zu melden.<\/strong><\/li>\n<\/ul>\n","protected":false},"excerpt":{"rendered":"<div class=\"mh-excerpt\"><p>Polizeimeldungen vom Sonntag (08.10.2023) (Speyer) &#8211; K\u00f6rperverletzung zwischen mehreren Personen Aus noch ungekl\u00e4rter Ursache eskalierte am Samstagabend in der Fu\u00dfg\u00e4ngerzone Speyer ein Streit zwischen mehreren Personen. Durch zwei polizeilich ermittelte Aggressoren wurde eine Gruppe Jugendlicher <a class=\"mh-excerpt-more\" href=\"https:\/\/speyer24news.com\/?p=54831\" title=\"Polizeimeldungen Sonntag (08.10.23)\">[&#8230;]<\/a><\/p>\n<\/div>","protected":false},"author":3,"featured_media":26162,"comment_status":"open","ping_status":"open","sticky":false,"template":"","format":"standard","meta":{"_monsterinsights_skip_tracking":false,"_monsterinsights_sitenote_active":false,"_monsterinsights_sitenote_note":"","_monsterinsights_sitenote_category":0,"footnotes":""},"categories":[15659],"tags":[7243,7244,3614,350,14537,15084,15267,14538,15361,15845,702,61,2555,6955,6986,6263,63,105,11150,6987,53,4854,13534,4683,1548,4905,12967,11592,102,13626,213,14325,14324,13553,13541,55,8277,6368],"aioseo_notices":[],"amp_enabled":true,"_links":{"self":[{"href":"https:\/\/speyer24news.com\/index.php?rest_route=\/wp\/v2\/posts\/54831"}],"collection":[{"href":"https:\/\/speyer24news.com\/index.php?rest_route=\/wp\/v2\/posts"}],"about":[{"href":"https:\/\/speyer24news.com\/index.php?rest_route=\/wp\/v2\/types\/post"}],"author":[{"embeddable":true,"href":"https:\/\/speyer24news.com\/index.php?rest_route=\/wp\/v2\/users\/3"}],"replies":[{"embeddable":true,"href":"https:\/\/speyer24news.com\/index.php?rest_route=%2Fwp%2Fv2%2Fcomments&post=54831"}],"version-history":[{"count":3,"href":"https:\/\/speyer24news.com\/index.php?rest_route=\/wp\/v2\/posts\/54831\/revisions"}],"predecessor-version":[{"id":54835,"href":"https:\/\/speyer24news.com\/index.php?rest_route=\/wp\/v2\/posts\/54831\/revisions\/54835"}],"wp:featuredmedia":[{"embeddable":true,"href":"https:\/\/speyer24news.com\/index.php?rest_route=\/wp\/v2\/media\/26162"}],"wp:attachment":[{"href":"https:\/\/speyer24news.com\/index.php?rest_route=%2Fwp%2Fv2%2Fmedia&parent=54831"}],"wp:term":[{"taxonomy":"category","embeddable":true,"href":"https:\/\/speyer24news.com\/index.php?rest_route=%2Fwp%2Fv2%2Fcategories&post=54831"},{"taxonomy":"post_tag","embeddable":true,"href":"https:\/\/speyer24news.com\/index.php?rest_route=%2Fwp%2Fv2%2Ftags&post=54831"}],"curies":[{"name":"wp","href":"https:\/\/api.w.org\/{rel}","templated":true}]}}