{"id":54962,"date":"2023-10-11T15:42:18","date_gmt":"2023-10-11T14:42:18","guid":{"rendered":"https:\/\/speyer24news.com\/?p=54962"},"modified":"2023-10-11T15:42:19","modified_gmt":"2023-10-11T14:42:19","slug":"wirtschaft-speyer","status":"publish","type":"post","link":"https:\/\/speyer24news.com\/?p=54962","title":{"rendered":"Wirtschaft \/ Speyer"},"content":{"rendered":"<style type=\"text\/css\">\r\n\t.ads_top_disp{}\r\n\t.ads_top_corner_disp{ float:left; margin:0px 10px 10px 0px; }\r\n\t.ads_first_p_disp{}\r\n\t.ads_bottom_disp{}\r\n\t<\/style>\n<h2 class=\"wp-block-heading\">GEWO Wohnen Gmbh baut 42 Wohnungen in Speyer West \/ Neubauten bei St. Otto<\/h2>\n\n\n\n<h3 class=\"wp-block-heading\">Heute erfolgte der offizielle Spatenstich des 19 Millionen \u20acuro Projektes<\/h3>\n\n\n<div class=\"wp-block-image\">\n<figure class=\"aligncenter size-full\"><img decoding=\"async\" loading=\"lazy\" width=\"800\" height=\"596\" src=\"https:\/\/speyer24news.com\/wp-content\/uploads\/2023\/10\/GEWO-St.-Otto-Spatenstich-20.jpg\" alt=\"\" class=\"wp-image-54967\" srcset=\"https:\/\/speyer24news.com\/wp-content\/uploads\/2023\/10\/GEWO-St.-Otto-Spatenstich-20.jpg 800w, https:\/\/speyer24news.com\/wp-content\/uploads\/2023\/10\/GEWO-St.-Otto-Spatenstich-20-300x224.jpg 300w, https:\/\/speyer24news.com\/wp-content\/uploads\/2023\/10\/GEWO-St.-Otto-Spatenstich-20-768x572.jpg 768w, https:\/\/speyer24news.com\/wp-content\/uploads\/2023\/10\/GEWO-St.-Otto-Spatenstich-20-80x60.jpg 80w\" sizes=\"(max-width: 800px) 100vw, 800px\" \/><\/figure><\/div>\n\n\n<p><strong>Speyer &#8211; <\/strong>In der Kurt-Schumacher-Stra\u00dfe entstehen neben dem Kirchengeb\u00e4ude St. Otto drei Mehrfamilienh\u00e4user \u2013 klimagerecht und bezahlbar. Insgesamt 42 Wohnungen baut die GEWO dort, einen 200 Quadratmeter gro\u00dfen Gemeinschaftsraum und eine Tiefgarage mit 60 Stellpl\u00e4tzen. F\u00fcnf Wohnungen werden barrierefrei, davon drei rollstuhlgerecht.<\/p>\n\n\n\n<p>20 Wohnungen werden sozial gef\u00f6rdert und f\u00fcr 7,70 \u20ac \/ qm vermietet. Das entlastet den Wohnungsmarkt f\u00fcr mittlere Einkommen und sorgt daf\u00fcr, dass die Miete in diesen Wohnungen auch in den n\u00e4chsten 20 Jahren g\u00fcnstig bleibt. M\u00f6glich macht dies das F\u00f6rdergeld des Landes Rheinland-Pfalz. Die weiteren 22 Wohneinheiten werden f\u00fcr 9,90 \u20ac \/ am angeboten werden. <\/p>\n\n\n<div class=\"wp-block-image\">\n<figure class=\"aligncenter size-full\"><img decoding=\"async\" loading=\"lazy\" width=\"800\" height=\"600\" src=\"https:\/\/speyer24news.com\/wp-content\/uploads\/2023\/10\/GEWO-St.-Otto-Spatenstich-4.jpg\" alt=\"\" class=\"wp-image-54972\" srcset=\"https:\/\/speyer24news.com\/wp-content\/uploads\/2023\/10\/GEWO-St.-Otto-Spatenstich-4.jpg 800w, https:\/\/speyer24news.com\/wp-content\/uploads\/2023\/10\/GEWO-St.-Otto-Spatenstich-4-300x225.jpg 300w, https:\/\/speyer24news.com\/wp-content\/uploads\/2023\/10\/GEWO-St.-Otto-Spatenstich-4-768x576.jpg 768w, https:\/\/speyer24news.com\/wp-content\/uploads\/2023\/10\/GEWO-St.-Otto-Spatenstich-4-678x509.jpg 678w, https:\/\/speyer24news.com\/wp-content\/uploads\/2023\/10\/GEWO-St.-Otto-Spatenstich-4-326x245.jpg 326w, https:\/\/speyer24news.com\/wp-content\/uploads\/2023\/10\/GEWO-St.-Otto-Spatenstich-4-80x60.jpg 80w\" sizes=\"(max-width: 800px) 100vw, 800px\" \/><\/figure><\/div>\n\n\n<p>Dass dar\u00fcber hinaus mit einer klimafreundlichen Bauweise ein zus\u00e4tzlicher Beitrag zum Klimaschutz geleistet wird, ist besonders positiv. Zus\u00e4tzlich werden die Bauten mit einem Natriumacetatspeicher (Fl\u00fcssigsalz) unterkellert werden. Diese nutzen die Photovoltaik um, im Sommer bzw. bei Sonneneinstrahlung, die W\u00e4rmeenergie langfristig zu speichern. In der Heizperiode kann man diese dann nutzen und schafft es problemlos seine Wohnung angenehm warm zu bekommen. W\u00fcrde man die zus\u00e4tzliche Energie noch mittels Windkraft generieren oder bspw. als Greenpower bei den Stadtwerken erwerben w\u00e4re dieses System somit klimaneutral.<\/p>\n\n\n\n<p>Das 19-Millionen-Euro-Projekt wird im Jahr 2025 fertiggestellt werden. Einen Bewerbungsbogen f\u00fcr die GEWO Wohnen GmbH sollte man allerdings schon fr\u00fchzeitig ausf\u00fcllen.<\/p>\n\n\n<div class=\"wp-block-image\">\n<figure class=\"aligncenter size-full\"><img decoding=\"async\" loading=\"lazy\" width=\"800\" height=\"601\" src=\"https:\/\/speyer24news.com\/wp-content\/uploads\/2023\/10\/Praesentation-Stadtratssitzung_St-Otto_22092117581-c787d657.jpeg\" alt=\"\" class=\"wp-image-54987\" srcset=\"https:\/\/speyer24news.com\/wp-content\/uploads\/2023\/10\/Praesentation-Stadtratssitzung_St-Otto_22092117581-c787d657.jpeg 800w, https:\/\/speyer24news.com\/wp-content\/uploads\/2023\/10\/Praesentation-Stadtratssitzung_St-Otto_22092117581-c787d657-300x225.jpeg 300w, https:\/\/speyer24news.com\/wp-content\/uploads\/2023\/10\/Praesentation-Stadtratssitzung_St-Otto_22092117581-c787d657-768x577.jpeg 768w, https:\/\/speyer24news.com\/wp-content\/uploads\/2023\/10\/Praesentation-Stadtratssitzung_St-Otto_22092117581-c787d657-678x509.jpeg 678w, https:\/\/speyer24news.com\/wp-content\/uploads\/2023\/10\/Praesentation-Stadtratssitzung_St-Otto_22092117581-c787d657-326x245.jpeg 326w, https:\/\/speyer24news.com\/wp-content\/uploads\/2023\/10\/Praesentation-Stadtratssitzung_St-Otto_22092117581-c787d657-80x60.jpeg 80w\" sizes=\"(max-width: 800px) 100vw, 800px\" \/><\/figure><\/div>\n\n\n<h4 class=\"wp-block-heading\">Diesen finden Sie unter: <a href=\"https:\/\/www.gewo-speyer.de\/mieten\/mietinteressentenbogen\/\">Mietinteressentenbogen &#8211; GEWO Wohnen GmbH (gewo-speyer.de)<\/a><\/h4>\n\n\n\n<h4 class=\"wp-block-heading\">Allgemeine Informationen Rund um die GEWO Wohnen GmbH gibt es hier: <a href=\"https:\/\/www.gewo-speyer.de\/\">https:\/\/www.gewo-speyer.de\/<\/a><\/h4>\n\n\n\n<h3 class=\"wp-block-heading\">Sehen Sie hier das Video zum Spatenstich:<\/h3>\n\n\n\n<figure class=\"wp-block-embed aligncenter is-type-video is-provider-youtube wp-block-embed-youtube wp-embed-aspect-16-9 wp-has-aspect-ratio\"><div class=\"wp-block-embed__wrapper\">\n<iframe loading=\"lazy\" title=\"Spatenstich GEWO St Otto Speyer\" width=\"500\" height=\"281\" src=\"https:\/\/www.youtube.com\/embed\/czz6nRqwInc?feature=oembed\" frameborder=\"0\" allow=\"accelerometer; autoplay; clipboard-write; encrypted-media; gyroscope; picture-in-picture; web-share\" allowfullscreen><\/iframe>\n<\/div><\/figure>\n\n\n\n<h3 class=\"wp-block-heading\">Sehen Sie hier das Fotoalbum: <\/h3>\n\n\n\n<figure class=\"wp-block-gallery has-nested-images columns-2 is-cropped wp-block-gallery-1 is-layout-flex wp-block-gallery-is-layout-flex\">\n<figure class=\"wp-block-image size-large\"><img decoding=\"async\" loading=\"lazy\" width=\"800\" height=\"600\" data-id=\"54964\" src=\"https:\/\/speyer24news.com\/wp-content\/uploads\/2023\/10\/GEWO-St.-Otto-Spatenstich-1.jpg\" alt=\"\" class=\"wp-image-54964\" srcset=\"https:\/\/speyer24news.com\/wp-content\/uploads\/2023\/10\/GEWO-St.-Otto-Spatenstich-1.jpg 800w, https:\/\/speyer24news.com\/wp-content\/uploads\/2023\/10\/GEWO-St.-Otto-Spatenstich-1-300x225.jpg 300w, https:\/\/speyer24news.com\/wp-content\/uploads\/2023\/10\/GEWO-St.-Otto-Spatenstich-1-768x576.jpg 768w, https:\/\/speyer24news.com\/wp-content\/uploads\/2023\/10\/GEWO-St.-Otto-Spatenstich-1-678x509.jpg 678w, https:\/\/speyer24news.com\/wp-content\/uploads\/2023\/10\/GEWO-St.-Otto-Spatenstich-1-326x245.jpg 326w, https:\/\/speyer24news.com\/wp-content\/uploads\/2023\/10\/GEWO-St.-Otto-Spatenstich-1-80x60.jpg 80w\" sizes=\"(max-width: 800px) 100vw, 800px\" \/><\/figure>\n\n\n\n<figure class=\"wp-block-image size-large\"><img decoding=\"async\" loading=\"lazy\" width=\"800\" height=\"600\" data-id=\"54983\" src=\"https:\/\/speyer24news.com\/wp-content\/uploads\/2023\/10\/GEWO-St.-Otto-Spatenstich-2.jpg\" alt=\"\" class=\"wp-image-54983\" srcset=\"https:\/\/speyer24news.com\/wp-content\/uploads\/2023\/10\/GEWO-St.-Otto-Spatenstich-2.jpg 800w, https:\/\/speyer24news.com\/wp-content\/uploads\/2023\/10\/GEWO-St.-Otto-Spatenstich-2-300x225.jpg 300w, https:\/\/speyer24news.com\/wp-content\/uploads\/2023\/10\/GEWO-St.-Otto-Spatenstich-2-768x576.jpg 768w, https:\/\/speyer24news.com\/wp-content\/uploads\/2023\/10\/GEWO-St.-Otto-Spatenstich-2-678x509.jpg 678w, https:\/\/speyer24news.com\/wp-content\/uploads\/2023\/10\/GEWO-St.-Otto-Spatenstich-2-326x245.jpg 326w, https:\/\/speyer24news.com\/wp-content\/uploads\/2023\/10\/GEWO-St.-Otto-Spatenstich-2-80x60.jpg 80w\" sizes=\"(max-width: 800px) 100vw, 800px\" \/><\/figure>\n\n\n\n<figure class=\"wp-block-image size-large\"><img decoding=\"async\" loading=\"lazy\" width=\"800\" height=\"600\" data-id=\"54977\" src=\"https:\/\/speyer24news.com\/wp-content\/uploads\/2023\/10\/GEWO-St.-Otto-Spatenstich-3.jpg\" alt=\"\" class=\"wp-image-54977\" srcset=\"https:\/\/speyer24news.com\/wp-content\/uploads\/2023\/10\/GEWO-St.-Otto-Spatenstich-3.jpg 800w, https:\/\/speyer24news.com\/wp-content\/uploads\/2023\/10\/GEWO-St.-Otto-Spatenstich-3-300x225.jpg 300w, https:\/\/speyer24news.com\/wp-content\/uploads\/2023\/10\/GEWO-St.-Otto-Spatenstich-3-768x576.jpg 768w, https:\/\/speyer24news.com\/wp-content\/uploads\/2023\/10\/GEWO-St.-Otto-Spatenstich-3-678x509.jpg 678w, https:\/\/speyer24news.com\/wp-content\/uploads\/2023\/10\/GEWO-St.-Otto-Spatenstich-3-326x245.jpg 326w, https:\/\/speyer24news.com\/wp-content\/uploads\/2023\/10\/GEWO-St.-Otto-Spatenstich-3-80x60.jpg 80w\" sizes=\"(max-width: 800px) 100vw, 800px\" \/><\/figure>\n\n\n\n<figure class=\"wp-block-image size-large\"><img decoding=\"async\" loading=\"lazy\" width=\"800\" height=\"600\" data-id=\"54972\" src=\"https:\/\/speyer24news.com\/wp-content\/uploads\/2023\/10\/GEWO-St.-Otto-Spatenstich-4.jpg\" alt=\"\" class=\"wp-image-54972\" srcset=\"https:\/\/speyer24news.com\/wp-content\/uploads\/2023\/10\/GEWO-St.-Otto-Spatenstich-4.jpg 800w, https:\/\/speyer24news.com\/wp-content\/uploads\/2023\/10\/GEWO-St.-Otto-Spatenstich-4-300x225.jpg 300w, https:\/\/speyer24news.com\/wp-content\/uploads\/2023\/10\/GEWO-St.-Otto-Spatenstich-4-768x576.jpg 768w, https:\/\/speyer24news.com\/wp-content\/uploads\/2023\/10\/GEWO-St.-Otto-Spatenstich-4-678x509.jpg 678w, https:\/\/speyer24news.com\/wp-content\/uploads\/2023\/10\/GEWO-St.-Otto-Spatenstich-4-326x245.jpg 326w, https:\/\/speyer24news.com\/wp-content\/uploads\/2023\/10\/GEWO-St.-Otto-Spatenstich-4-80x60.jpg 80w\" sizes=\"(max-width: 800px) 100vw, 800px\" \/><\/figure>\n\n\n\n<figure class=\"wp-block-image size-large\"><img decoding=\"async\" loading=\"lazy\" width=\"800\" height=\"600\" data-id=\"54974\" src=\"https:\/\/speyer24news.com\/wp-content\/uploads\/2023\/10\/GEWO-St.-Otto-Spatenstich-5.jpg\" alt=\"\" class=\"wp-image-54974\" srcset=\"https:\/\/speyer24news.com\/wp-content\/uploads\/2023\/10\/GEWO-St.-Otto-Spatenstich-5.jpg 800w, https:\/\/speyer24news.com\/wp-content\/uploads\/2023\/10\/GEWO-St.-Otto-Spatenstich-5-300x225.jpg 300w, https:\/\/speyer24news.com\/wp-content\/uploads\/2023\/10\/GEWO-St.-Otto-Spatenstich-5-768x576.jpg 768w, https:\/\/speyer24news.com\/wp-content\/uploads\/2023\/10\/GEWO-St.-Otto-Spatenstich-5-678x509.jpg 678w, https:\/\/speyer24news.com\/wp-content\/uploads\/2023\/10\/GEWO-St.-Otto-Spatenstich-5-326x245.jpg 326w, https:\/\/speyer24news.com\/wp-content\/uploads\/2023\/10\/GEWO-St.-Otto-Spatenstich-5-80x60.jpg 80w\" sizes=\"(max-width: 800px) 100vw, 800px\" \/><\/figure>\n\n\n\n<figure class=\"wp-block-image size-large\"><img decoding=\"async\" loading=\"lazy\" width=\"800\" height=\"600\" data-id=\"54975\" src=\"https:\/\/speyer24news.com\/wp-content\/uploads\/2023\/10\/GEWO-St.-Otto-Spatenstich-6.jpg\" alt=\"\" class=\"wp-image-54975\" srcset=\"https:\/\/speyer24news.com\/wp-content\/uploads\/2023\/10\/GEWO-St.-Otto-Spatenstich-6.jpg 800w, https:\/\/speyer24news.com\/wp-content\/uploads\/2023\/10\/GEWO-St.-Otto-Spatenstich-6-300x225.jpg 300w, https:\/\/speyer24news.com\/wp-content\/uploads\/2023\/10\/GEWO-St.-Otto-Spatenstich-6-768x576.jpg 768w, https:\/\/speyer24news.com\/wp-content\/uploads\/2023\/10\/GEWO-St.-Otto-Spatenstich-6-678x509.jpg 678w, https:\/\/speyer24news.com\/wp-content\/uploads\/2023\/10\/GEWO-St.-Otto-Spatenstich-6-326x245.jpg 326w, https:\/\/speyer24news.com\/wp-content\/uploads\/2023\/10\/GEWO-St.-Otto-Spatenstich-6-80x60.jpg 80w\" sizes=\"(max-width: 800px) 100vw, 800px\" \/><\/figure>\n\n\n\n<figure class=\"wp-block-image size-large\"><img decoding=\"async\" loading=\"lazy\" width=\"800\" height=\"603\" data-id=\"54985\" src=\"https:\/\/speyer24news.com\/wp-content\/uploads\/2023\/10\/GEWO-St.-Otto-Spatenstich-7.jpg\" alt=\"\" class=\"wp-image-54985\" srcset=\"https:\/\/speyer24news.com\/wp-content\/uploads\/2023\/10\/GEWO-St.-Otto-Spatenstich-7.jpg 800w, https:\/\/speyer24news.com\/wp-content\/uploads\/2023\/10\/GEWO-St.-Otto-Spatenstich-7-300x226.jpg 300w, https:\/\/speyer24news.com\/wp-content\/uploads\/2023\/10\/GEWO-St.-Otto-Spatenstich-7-768x579.jpg 768w, https:\/\/speyer24news.com\/wp-content\/uploads\/2023\/10\/GEWO-St.-Otto-Spatenstich-7-326x245.jpg 326w, https:\/\/speyer24news.com\/wp-content\/uploads\/2023\/10\/GEWO-St.-Otto-Spatenstich-7-80x60.jpg 80w\" sizes=\"(max-width: 800px) 100vw, 800px\" \/><\/figure>\n\n\n\n<figure class=\"wp-block-image size-large\"><img decoding=\"async\" loading=\"lazy\" width=\"800\" height=\"598\" data-id=\"54984\" src=\"https:\/\/speyer24news.com\/wp-content\/uploads\/2023\/10\/GEWO-St.-Otto-Spatenstich-8.jpg\" alt=\"\" class=\"wp-image-54984\" srcset=\"https:\/\/speyer24news.com\/wp-content\/uploads\/2023\/10\/GEWO-St.-Otto-Spatenstich-8.jpg 800w, https:\/\/speyer24news.com\/wp-content\/uploads\/2023\/10\/GEWO-St.-Otto-Spatenstich-8-300x224.jpg 300w, https:\/\/speyer24news.com\/wp-content\/uploads\/2023\/10\/GEWO-St.-Otto-Spatenstich-8-768x574.jpg 768w, https:\/\/speyer24news.com\/wp-content\/uploads\/2023\/10\/GEWO-St.-Otto-Spatenstich-8-326x245.jpg 326w, https:\/\/speyer24news.com\/wp-content\/uploads\/2023\/10\/GEWO-St.-Otto-Spatenstich-8-80x60.jpg 80w\" sizes=\"(max-width: 800px) 100vw, 800px\" \/><\/figure>\n\n\n\n<figure class=\"wp-block-image size-large\"><img decoding=\"async\" loading=\"lazy\" width=\"1024\" height=\"772\" data-id=\"54986\" src=\"https:\/\/speyer24news.com\/wp-content\/uploads\/2023\/10\/GEWO-St.-Otto-Spatenstich-10-1024x772.jpg\" alt=\"\" class=\"wp-image-54986\" srcset=\"https:\/\/speyer24news.com\/wp-content\/uploads\/2023\/10\/GEWO-St.-Otto-Spatenstich-10-1024x772.jpg 1024w, https:\/\/speyer24news.com\/wp-content\/uploads\/2023\/10\/GEWO-St.-Otto-Spatenstich-10-300x226.jpg 300w, https:\/\/speyer24news.com\/wp-content\/uploads\/2023\/10\/GEWO-St.-Otto-Spatenstich-10-768x579.jpg 768w, https:\/\/speyer24news.com\/wp-content\/uploads\/2023\/10\/GEWO-St.-Otto-Spatenstich-10-1536x1157.jpg 1536w, https:\/\/speyer24news.com\/wp-content\/uploads\/2023\/10\/GEWO-St.-Otto-Spatenstich-10-2048x1543.jpg 2048w, https:\/\/speyer24news.com\/wp-content\/uploads\/2023\/10\/GEWO-St.-Otto-Spatenstich-10-326x245.jpg 326w, https:\/\/speyer24news.com\/wp-content\/uploads\/2023\/10\/GEWO-St.-Otto-Spatenstich-10-80x60.jpg 80w\" sizes=\"(max-width: 1024px) 100vw, 1024px\" \/><\/figure>\n\n\n\n<figure class=\"wp-block-image size-large\"><img decoding=\"async\" loading=\"lazy\" width=\"800\" height=\"600\" data-id=\"54965\" src=\"https:\/\/speyer24news.com\/wp-content\/uploads\/2023\/10\/GEWO-St.-Otto-Spatenstich-11.jpg\" alt=\"\" class=\"wp-image-54965\" srcset=\"https:\/\/speyer24news.com\/wp-content\/uploads\/2023\/10\/GEWO-St.-Otto-Spatenstich-11.jpg 800w, https:\/\/speyer24news.com\/wp-content\/uploads\/2023\/10\/GEWO-St.-Otto-Spatenstich-11-300x225.jpg 300w, https:\/\/speyer24news.com\/wp-content\/uploads\/2023\/10\/GEWO-St.-Otto-Spatenstich-11-768x576.jpg 768w, https:\/\/speyer24news.com\/wp-content\/uploads\/2023\/10\/GEWO-St.-Otto-Spatenstich-11-678x509.jpg 678w, https:\/\/speyer24news.com\/wp-content\/uploads\/2023\/10\/GEWO-St.-Otto-Spatenstich-11-326x245.jpg 326w, https:\/\/speyer24news.com\/wp-content\/uploads\/2023\/10\/GEWO-St.-Otto-Spatenstich-11-80x60.jpg 80w\" sizes=\"(max-width: 800px) 100vw, 800px\" \/><\/figure>\n\n\n\n<figure class=\"wp-block-image size-large\"><img decoding=\"async\" loading=\"lazy\" width=\"800\" height=\"600\" data-id=\"54973\" src=\"https:\/\/speyer24news.com\/wp-content\/uploads\/2023\/10\/GEWO-St.-Otto-Spatenstich-12.jpg\" alt=\"\" class=\"wp-image-54973\" srcset=\"https:\/\/speyer24news.com\/wp-content\/uploads\/2023\/10\/GEWO-St.-Otto-Spatenstich-12.jpg 800w, https:\/\/speyer24news.com\/wp-content\/uploads\/2023\/10\/GEWO-St.-Otto-Spatenstich-12-300x225.jpg 300w, https:\/\/speyer24news.com\/wp-content\/uploads\/2023\/10\/GEWO-St.-Otto-Spatenstich-12-768x576.jpg 768w, https:\/\/speyer24news.com\/wp-content\/uploads\/2023\/10\/GEWO-St.-Otto-Spatenstich-12-678x509.jpg 678w, https:\/\/speyer24news.com\/wp-content\/uploads\/2023\/10\/GEWO-St.-Otto-Spatenstich-12-326x245.jpg 326w, https:\/\/speyer24news.com\/wp-content\/uploads\/2023\/10\/GEWO-St.-Otto-Spatenstich-12-80x60.jpg 80w\" sizes=\"(max-width: 800px) 100vw, 800px\" \/><\/figure>\n\n\n\n<figure class=\"wp-block-image size-large\"><img decoding=\"async\" loading=\"lazy\" width=\"800\" height=\"600\" data-id=\"54981\" src=\"https:\/\/speyer24news.com\/wp-content\/uploads\/2023\/10\/GEWO-St.-Otto-Spatenstich-14.jpg\" alt=\"\" class=\"wp-image-54981\" srcset=\"https:\/\/speyer24news.com\/wp-content\/uploads\/2023\/10\/GEWO-St.-Otto-Spatenstich-14.jpg 800w, https:\/\/speyer24news.com\/wp-content\/uploads\/2023\/10\/GEWO-St.-Otto-Spatenstich-14-300x225.jpg 300w, https:\/\/speyer24news.com\/wp-content\/uploads\/2023\/10\/GEWO-St.-Otto-Spatenstich-14-768x576.jpg 768w, https:\/\/speyer24news.com\/wp-content\/uploads\/2023\/10\/GEWO-St.-Otto-Spatenstich-14-678x509.jpg 678w, https:\/\/speyer24news.com\/wp-content\/uploads\/2023\/10\/GEWO-St.-Otto-Spatenstich-14-326x245.jpg 326w, https:\/\/speyer24news.com\/wp-content\/uploads\/2023\/10\/GEWO-St.-Otto-Spatenstich-14-80x60.jpg 80w\" sizes=\"(max-width: 800px) 100vw, 800px\" \/><\/figure>\n\n\n\n<figure class=\"wp-block-image size-large\"><img decoding=\"async\" loading=\"lazy\" width=\"800\" height=\"600\" data-id=\"54970\" src=\"https:\/\/speyer24news.com\/wp-content\/uploads\/2023\/10\/GEWO-St.-Otto-Spatenstich-17.jpg\" alt=\"\" class=\"wp-image-54970\" srcset=\"https:\/\/speyer24news.com\/wp-content\/uploads\/2023\/10\/GEWO-St.-Otto-Spatenstich-17.jpg 800w, https:\/\/speyer24news.com\/wp-content\/uploads\/2023\/10\/GEWO-St.-Otto-Spatenstich-17-300x225.jpg 300w, https:\/\/speyer24news.com\/wp-content\/uploads\/2023\/10\/GEWO-St.-Otto-Spatenstich-17-768x576.jpg 768w, https:\/\/speyer24news.com\/wp-content\/uploads\/2023\/10\/GEWO-St.-Otto-Spatenstich-17-678x509.jpg 678w, https:\/\/speyer24news.com\/wp-content\/uploads\/2023\/10\/GEWO-St.-Otto-Spatenstich-17-326x245.jpg 326w, https:\/\/speyer24news.com\/wp-content\/uploads\/2023\/10\/GEWO-St.-Otto-Spatenstich-17-80x60.jpg 80w\" sizes=\"(max-width: 800px) 100vw, 800px\" \/><\/figure>\n\n\n\n<figure class=\"wp-block-image size-large\"><img decoding=\"async\" loading=\"lazy\" width=\"800\" height=\"600\" data-id=\"54971\" src=\"https:\/\/speyer24news.com\/wp-content\/uploads\/2023\/10\/GEWO-St.-Otto-Spatenstich-18.jpg\" alt=\"\" class=\"wp-image-54971\" srcset=\"https:\/\/speyer24news.com\/wp-content\/uploads\/2023\/10\/GEWO-St.-Otto-Spatenstich-18.jpg 800w, https:\/\/speyer24news.com\/wp-content\/uploads\/2023\/10\/GEWO-St.-Otto-Spatenstich-18-300x225.jpg 300w, https:\/\/speyer24news.com\/wp-content\/uploads\/2023\/10\/GEWO-St.-Otto-Spatenstich-18-768x576.jpg 768w, https:\/\/speyer24news.com\/wp-content\/uploads\/2023\/10\/GEWO-St.-Otto-Spatenstich-18-678x509.jpg 678w, https:\/\/speyer24news.com\/wp-content\/uploads\/2023\/10\/GEWO-St.-Otto-Spatenstich-18-326x245.jpg 326w, https:\/\/speyer24news.com\/wp-content\/uploads\/2023\/10\/GEWO-St.-Otto-Spatenstich-18-80x60.jpg 80w\" sizes=\"(max-width: 800px) 100vw, 800px\" \/><\/figure>\n\n\n\n<figure class=\"wp-block-image size-large\"><img decoding=\"async\" loading=\"lazy\" width=\"800\" height=\"596\" data-id=\"54980\" src=\"https:\/\/speyer24news.com\/wp-content\/uploads\/2023\/10\/GEWO-St.-Otto-Spatenstich-19.jpg\" alt=\"\" class=\"wp-image-54980\" srcset=\"https:\/\/speyer24news.com\/wp-content\/uploads\/2023\/10\/GEWO-St.-Otto-Spatenstich-19.jpg 800w, https:\/\/speyer24news.com\/wp-content\/uploads\/2023\/10\/GEWO-St.-Otto-Spatenstich-19-300x224.jpg 300w, https:\/\/speyer24news.com\/wp-content\/uploads\/2023\/10\/GEWO-St.-Otto-Spatenstich-19-768x572.jpg 768w, https:\/\/speyer24news.com\/wp-content\/uploads\/2023\/10\/GEWO-St.-Otto-Spatenstich-19-80x60.jpg 80w\" sizes=\"(max-width: 800px) 100vw, 800px\" \/><\/figure>\n\n\n\n<figure class=\"wp-block-image size-large\"><img decoding=\"async\" loading=\"lazy\" width=\"800\" height=\"596\" data-id=\"54967\" src=\"https:\/\/speyer24news.com\/wp-content\/uploads\/2023\/10\/GEWO-St.-Otto-Spatenstich-20.jpg\" alt=\"\" class=\"wp-image-54967\" srcset=\"https:\/\/speyer24news.com\/wp-content\/uploads\/2023\/10\/GEWO-St.-Otto-Spatenstich-20.jpg 800w, https:\/\/speyer24news.com\/wp-content\/uploads\/2023\/10\/GEWO-St.-Otto-Spatenstich-20-300x224.jpg 300w, https:\/\/speyer24news.com\/wp-content\/uploads\/2023\/10\/GEWO-St.-Otto-Spatenstich-20-768x572.jpg 768w, https:\/\/speyer24news.com\/wp-content\/uploads\/2023\/10\/GEWO-St.-Otto-Spatenstich-20-80x60.jpg 80w\" sizes=\"(max-width: 800px) 100vw, 800px\" \/><\/figure>\n\n\n\n<figure class=\"wp-block-image size-large\"><img decoding=\"async\" loading=\"lazy\" width=\"800\" height=\"600\" data-id=\"54982\" src=\"https:\/\/speyer24news.com\/wp-content\/uploads\/2023\/10\/GEWO-St.-Otto-Spatenstich-21.jpg\" alt=\"\" class=\"wp-image-54982\" srcset=\"https:\/\/speyer24news.com\/wp-content\/uploads\/2023\/10\/GEWO-St.-Otto-Spatenstich-21.jpg 800w, https:\/\/speyer24news.com\/wp-content\/uploads\/2023\/10\/GEWO-St.-Otto-Spatenstich-21-300x225.jpg 300w, https:\/\/speyer24news.com\/wp-content\/uploads\/2023\/10\/GEWO-St.-Otto-Spatenstich-21-768x576.jpg 768w, https:\/\/speyer24news.com\/wp-content\/uploads\/2023\/10\/GEWO-St.-Otto-Spatenstich-21-678x509.jpg 678w, https:\/\/speyer24news.com\/wp-content\/uploads\/2023\/10\/GEWO-St.-Otto-Spatenstich-21-326x245.jpg 326w, https:\/\/speyer24news.com\/wp-content\/uploads\/2023\/10\/GEWO-St.-Otto-Spatenstich-21-80x60.jpg 80w\" sizes=\"(max-width: 800px) 100vw, 800px\" \/><\/figure>\n\n\n\n<figure class=\"wp-block-image size-large\"><img decoding=\"async\" loading=\"lazy\" width=\"800\" height=\"600\" data-id=\"54978\" src=\"https:\/\/speyer24news.com\/wp-content\/uploads\/2023\/10\/GEWO-St.-Otto-Spatenstich-23.jpg\" alt=\"\" class=\"wp-image-54978\" srcset=\"https:\/\/speyer24news.com\/wp-content\/uploads\/2023\/10\/GEWO-St.-Otto-Spatenstich-23.jpg 800w, https:\/\/speyer24news.com\/wp-content\/uploads\/2023\/10\/GEWO-St.-Otto-Spatenstich-23-300x225.jpg 300w, https:\/\/speyer24news.com\/wp-content\/uploads\/2023\/10\/GEWO-St.-Otto-Spatenstich-23-768x576.jpg 768w, https:\/\/speyer24news.com\/wp-content\/uploads\/2023\/10\/GEWO-St.-Otto-Spatenstich-23-678x509.jpg 678w, https:\/\/speyer24news.com\/wp-content\/uploads\/2023\/10\/GEWO-St.-Otto-Spatenstich-23-326x245.jpg 326w, https:\/\/speyer24news.com\/wp-content\/uploads\/2023\/10\/GEWO-St.-Otto-Spatenstich-23-80x60.jpg 80w\" sizes=\"(max-width: 800px) 100vw, 800px\" \/><\/figure>\n\n\n\n<figure class=\"wp-block-image size-large\"><img decoding=\"async\" loading=\"lazy\" width=\"800\" height=\"603\" data-id=\"54968\" src=\"https:\/\/speyer24news.com\/wp-content\/uploads\/2023\/10\/GEWO-St.-Otto-Spatenstich-25.jpg\" alt=\"\" class=\"wp-image-54968\" srcset=\"https:\/\/speyer24news.com\/wp-content\/uploads\/2023\/10\/GEWO-St.-Otto-Spatenstich-25.jpg 800w, https:\/\/speyer24news.com\/wp-content\/uploads\/2023\/10\/GEWO-St.-Otto-Spatenstich-25-300x226.jpg 300w, https:\/\/speyer24news.com\/wp-content\/uploads\/2023\/10\/GEWO-St.-Otto-Spatenstich-25-768x579.jpg 768w, https:\/\/speyer24news.com\/wp-content\/uploads\/2023\/10\/GEWO-St.-Otto-Spatenstich-25-326x245.jpg 326w, https:\/\/speyer24news.com\/wp-content\/uploads\/2023\/10\/GEWO-St.-Otto-Spatenstich-25-80x60.jpg 80w\" sizes=\"(max-width: 800px) 100vw, 800px\" \/><\/figure>\n\n\n\n<figure class=\"wp-block-image size-large\"><img decoding=\"async\" loading=\"lazy\" width=\"800\" height=\"589\" data-id=\"54966\" src=\"https:\/\/speyer24news.com\/wp-content\/uploads\/2023\/10\/GEWO-St.-Otto-Spatenstich-26.jpg\" alt=\"\" class=\"wp-image-54966\" srcset=\"https:\/\/speyer24news.com\/wp-content\/uploads\/2023\/10\/GEWO-St.-Otto-Spatenstich-26.jpg 800w, https:\/\/speyer24news.com\/wp-content\/uploads\/2023\/10\/GEWO-St.-Otto-Spatenstich-26-300x221.jpg 300w, https:\/\/speyer24news.com\/wp-content\/uploads\/2023\/10\/GEWO-St.-Otto-Spatenstich-26-768x565.jpg 768w, https:\/\/speyer24news.com\/wp-content\/uploads\/2023\/10\/GEWO-St.-Otto-Spatenstich-26-80x60.jpg 80w\" sizes=\"(max-width: 800px) 100vw, 800px\" \/><\/figure>\n\n\n\n<figure class=\"wp-block-image size-large\"><img decoding=\"async\" loading=\"lazy\" width=\"800\" height=\"599\" data-id=\"54969\" src=\"https:\/\/speyer24news.com\/wp-content\/uploads\/2023\/10\/GEWO-St.-Otto-Spatenstich-27.jpg\" alt=\"\" class=\"wp-image-54969\" srcset=\"https:\/\/speyer24news.com\/wp-content\/uploads\/2023\/10\/GEWO-St.-Otto-Spatenstich-27.jpg 800w, https:\/\/speyer24news.com\/wp-content\/uploads\/2023\/10\/GEWO-St.-Otto-Spatenstich-27-300x225.jpg 300w, https:\/\/speyer24news.com\/wp-content\/uploads\/2023\/10\/GEWO-St.-Otto-Spatenstich-27-768x575.jpg 768w, https:\/\/speyer24news.com\/wp-content\/uploads\/2023\/10\/GEWO-St.-Otto-Spatenstich-27-678x509.jpg 678w, https:\/\/speyer24news.com\/wp-content\/uploads\/2023\/10\/GEWO-St.-Otto-Spatenstich-27-326x245.jpg 326w, https:\/\/speyer24news.com\/wp-content\/uploads\/2023\/10\/GEWO-St.-Otto-Spatenstich-27-80x60.jpg 80w\" sizes=\"(max-width: 800px) 100vw, 800px\" \/><\/figure>\n\n\n\n<figure class=\"wp-block-image size-large\"><img decoding=\"async\" loading=\"lazy\" width=\"800\" height=\"592\" data-id=\"54979\" src=\"https:\/\/speyer24news.com\/wp-content\/uploads\/2023\/10\/GEWO-St.-Otto-Spatenstich-28.jpg\" alt=\"\" class=\"wp-image-54979\" srcset=\"https:\/\/speyer24news.com\/wp-content\/uploads\/2023\/10\/GEWO-St.-Otto-Spatenstich-28.jpg 800w, https:\/\/speyer24news.com\/wp-content\/uploads\/2023\/10\/GEWO-St.-Otto-Spatenstich-28-300x222.jpg 300w, https:\/\/speyer24news.com\/wp-content\/uploads\/2023\/10\/GEWO-St.-Otto-Spatenstich-28-768x568.jpg 768w, https:\/\/speyer24news.com\/wp-content\/uploads\/2023\/10\/GEWO-St.-Otto-Spatenstich-28-80x60.jpg 80w\" sizes=\"(max-width: 800px) 100vw, 800px\" \/><\/figure>\n\n\n\n<figure class=\"wp-block-image size-large\"><img decoding=\"async\" loading=\"lazy\" width=\"800\" height=\"600\" data-id=\"54976\" src=\"https:\/\/speyer24news.com\/wp-content\/uploads\/2023\/10\/GEWO-St.-Otto-Spatenstich-29.jpg\" alt=\"\" class=\"wp-image-54976\" srcset=\"https:\/\/speyer24news.com\/wp-content\/uploads\/2023\/10\/GEWO-St.-Otto-Spatenstich-29.jpg 800w, https:\/\/speyer24news.com\/wp-content\/uploads\/2023\/10\/GEWO-St.-Otto-Spatenstich-29-300x225.jpg 300w, https:\/\/speyer24news.com\/wp-content\/uploads\/2023\/10\/GEWO-St.-Otto-Spatenstich-29-768x576.jpg 768w, https:\/\/speyer24news.com\/wp-content\/uploads\/2023\/10\/GEWO-St.-Otto-Spatenstich-29-678x509.jpg 678w, https:\/\/speyer24news.com\/wp-content\/uploads\/2023\/10\/GEWO-St.-Otto-Spatenstich-29-326x245.jpg 326w, https:\/\/speyer24news.com\/wp-content\/uploads\/2023\/10\/GEWO-St.-Otto-Spatenstich-29-80x60.jpg 80w\" sizes=\"(max-width: 800px) 100vw, 800px\" \/><\/figure>\n\n\n\n<figure class=\"wp-block-image size-large\"><img decoding=\"async\" loading=\"lazy\" width=\"800\" height=\"594\" data-id=\"54988\" src=\"https:\/\/speyer24news.com\/wp-content\/uploads\/2023\/10\/GEWO-St.-Otto-Spatenstich-31.jpg\" alt=\"\" class=\"wp-image-54988\" srcset=\"https:\/\/speyer24news.com\/wp-content\/uploads\/2023\/10\/GEWO-St.-Otto-Spatenstich-31.jpg 800w, https:\/\/speyer24news.com\/wp-content\/uploads\/2023\/10\/GEWO-St.-Otto-Spatenstich-31-300x223.jpg 300w, https:\/\/speyer24news.com\/wp-content\/uploads\/2023\/10\/GEWO-St.-Otto-Spatenstich-31-768x570.jpg 768w, https:\/\/speyer24news.com\/wp-content\/uploads\/2023\/10\/GEWO-St.-Otto-Spatenstich-31-80x60.jpg 80w\" sizes=\"(max-width: 800px) 100vw, 800px\" \/><\/figure>\n\n\n\n<figure class=\"wp-block-image size-large\"><img decoding=\"async\" loading=\"lazy\" width=\"800\" height=\"601\" data-id=\"54987\" src=\"https:\/\/speyer24news.com\/wp-content\/uploads\/2023\/10\/Praesentation-Stadtratssitzung_St-Otto_22092117581-c787d657.jpeg\" alt=\"\" class=\"wp-image-54987\" srcset=\"https:\/\/speyer24news.com\/wp-content\/uploads\/2023\/10\/Praesentation-Stadtratssitzung_St-Otto_22092117581-c787d657.jpeg 800w, https:\/\/speyer24news.com\/wp-content\/uploads\/2023\/10\/Praesentation-Stadtratssitzung_St-Otto_22092117581-c787d657-300x225.jpeg 300w, https:\/\/speyer24news.com\/wp-content\/uploads\/2023\/10\/Praesentation-Stadtratssitzung_St-Otto_22092117581-c787d657-768x577.jpeg 768w, https:\/\/speyer24news.com\/wp-content\/uploads\/2023\/10\/Praesentation-Stadtratssitzung_St-Otto_22092117581-c787d657-678x509.jpeg 678w, https:\/\/speyer24news.com\/wp-content\/uploads\/2023\/10\/Praesentation-Stadtratssitzung_St-Otto_22092117581-c787d657-326x245.jpeg 326w, https:\/\/speyer24news.com\/wp-content\/uploads\/2023\/10\/Praesentation-Stadtratssitzung_St-Otto_22092117581-c787d657-80x60.jpeg 80w\" sizes=\"(max-width: 800px) 100vw, 800px\" \/><\/figure>\n<\/figure>\n\n\n\n<p><em>Speyer 24 NEWS<br>11.10.2023<\/em><\/p>\n","protected":false},"excerpt":{"rendered":"<div class=\"mh-excerpt\"><p>GEWO Wohnen Gmbh baut 42 Wohnungen in Speyer West \/ Neubauten bei St. Otto Heute erfolgte der offizielle Spatenstich des 19 Millionen \u20acuro Projektes Speyer &#8211; In der Kurt-Schumacher-Stra\u00dfe entstehen neben dem Kirchengeb\u00e4ude St. Otto <a class=\"mh-excerpt-more\" href=\"https:\/\/speyer24news.com\/?p=54962\" title=\"Wirtschaft \/ Speyer\">[&#8230;]<\/a><\/p>\n<\/div>","protected":false},"author":3,"featured_media":54989,"comment_status":"open","ping_status":"open","sticky":false,"template":"","format":"standard","meta":{"_monsterinsights_skip_tracking":false,"_monsterinsights_sitenote_active":false,"_monsterinsights_sitenote_note":"","_monsterinsights_sitenote_category":0,"footnotes":""},"categories":[9,29],"tags":[1545,16588,16587,1268,5957,16585,16591,16590,16589,6,16586,16168],"aioseo_notices":[],"amp_enabled":true,"_links":{"self":[{"href":"https:\/\/speyer24news.com\/index.php?rest_route=\/wp\/v2\/posts\/54962"}],"collection":[{"href":"https:\/\/speyer24news.com\/index.php?rest_route=\/wp\/v2\/posts"}],"about":[{"href":"https:\/\/speyer24news.com\/index.php?rest_route=\/wp\/v2\/types\/post"}],"author":[{"embeddable":true,"href":"https:\/\/speyer24news.com\/index.php?rest_route=\/wp\/v2\/users\/3"}],"replies":[{"embeddable":true,"href":"https:\/\/speyer24news.com\/index.php?rest_route=%2Fwp%2Fv2%2Fcomments&post=54962"}],"version-history":[{"count":2,"href":"https:\/\/speyer24news.com\/index.php?rest_route=\/wp\/v2\/posts\/54962\/revisions"}],"predecessor-version":[{"id":54990,"href":"https:\/\/speyer24news.com\/index.php?rest_route=\/wp\/v2\/posts\/54962\/revisions\/54990"}],"wp:featuredmedia":[{"embeddable":true,"href":"https:\/\/speyer24news.com\/index.php?rest_route=\/wp\/v2\/media\/54989"}],"wp:attachment":[{"href":"https:\/\/speyer24news.com\/index.php?rest_route=%2Fwp%2Fv2%2Fmedia&parent=54962"}],"wp:term":[{"taxonomy":"category","embeddable":true,"href":"https:\/\/speyer24news.com\/index.php?rest_route=%2Fwp%2Fv2%2Fcategories&post=54962"},{"taxonomy":"post_tag","embeddable":true,"href":"https:\/\/speyer24news.com\/index.php?rest_route=%2Fwp%2Fv2%2Ftags&post=54962"}],"curies":[{"name":"wp","href":"https:\/\/api.w.org\/{rel}","templated":true}]}}