{"id":55021,"date":"2023-10-16T05:43:51","date_gmt":"2023-10-16T04:43:51","guid":{"rendered":"https:\/\/speyer24news.com\/?p=55021"},"modified":"2023-10-16T05:48:02","modified_gmt":"2023-10-16T04:48:02","slug":"polizeimeldungen-sonntag-15-10-23","status":"publish","type":"post","link":"https:\/\/speyer24news.com\/?p=55021","title":{"rendered":"Polizeimeldungen Sonntag (15.10.23)"},"content":{"rendered":"<style type=\"text\/css\">\r\n\t.ads_top_disp{}\r\n\t.ads_top_corner_disp{ float:left; margin:0px 10px 10px 0px; }\r\n\t.ads_first_p_disp{}\r\n\t.ads_bottom_disp{}\r\n\t<\/style>\n<h2 class=\"wp-block-heading\">Polizeimeldungen vom Sonntag (15.10.2023)<\/h2>\n\n\n<div class=\"wp-block-image\">\n<figure class=\"aligncenter size-full\"><img decoding=\"async\" loading=\"lazy\" width=\"375\" height=\"500\" src=\"https:\/\/speyer24news.com\/wp-content\/uploads\/2022\/03\/Aktuelles-Polizeilogo.jpg\" alt=\"\" class=\"wp-image-43591\" srcset=\"https:\/\/speyer24news.com\/wp-content\/uploads\/2022\/03\/Aktuelles-Polizeilogo.jpg 375w, https:\/\/speyer24news.com\/wp-content\/uploads\/2022\/03\/Aktuelles-Polizeilogo-225x300.jpg 225w\" sizes=\"(max-width: 375px) 100vw, 375px\" \/><\/figure><\/div>\n\n\n<h2 class=\"wp-block-heading\">(Speyer) &#8211; Einsatz des Distanzelektroimpulsger\u00e4ts nach einer K\u00f6rperverletzung<\/h2>\n\n\n<div class=\"wp-block-image\">\n<figure class=\"aligncenter size-full\"><img decoding=\"async\" loading=\"lazy\" width=\"800\" height=\"425\" src=\"https:\/\/speyer24news.com\/wp-content\/uploads\/2020\/12\/Taser-PI-LU.jpg\" alt=\"\" class=\"wp-image-31596\" srcset=\"https:\/\/speyer24news.com\/wp-content\/uploads\/2020\/12\/Taser-PI-LU.jpg 800w, https:\/\/speyer24news.com\/wp-content\/uploads\/2020\/12\/Taser-PI-LU-300x159.jpg 300w, https:\/\/speyer24news.com\/wp-content\/uploads\/2020\/12\/Taser-PI-LU-768x408.jpg 768w\" sizes=\"(max-width: 800px) 100vw, 800px\" \/><\/figure><\/div>\n\n\n<p>Am Sonntag, gegen 03:03 Uhr, konnte durch Polizeibeamte im Industriehof in Speyer eine verbal aggressive Personengruppe festgestellt werden. Zwei dieser Personen, ein 24-J\u00e4hriger und ein 30-J\u00e4hriger, schlugen ohne ersichtlichen Grund auf zwei ebenfalls 30-j\u00e4hrige M\u00e4nner ein, welche gerade ein angrenzendes Lokal verlie\u00dfen. Da sich zwei der 30-J\u00e4hrigen nicht trennen lie\u00dfen und weiter auf einander einschlugen, wurde durch die Polizei das Distanzelektroimpulsger\u00e4t (Taser) bei beiden Personen eingesetzt, woraufhin diese gefesselt werden konnten. Der 30-J\u00e4hrige, welcher zuvor in der aggressiven Personengruppe in Erscheinung trat, lie\u00df sich vor Ort nicht beruhigen, beleidigte die eingesetzten Polizeibeamten und kam einem Platzverweis nicht nach. Auf Grund dessen wurde er in Gewahrsam genommen. Die Beteiligten wurden durch die k\u00f6rperliche Auseinandersetzung leicht verletzt.<\/p>\n\n\n\n<h2 class=\"wp-block-heading\">(Speyer) &#8211; Bedrohung mit Schusswaffe<\/h2>\n\n\n<div class=\"wp-block-image\">\n<figure class=\"aligncenter size-full\"><img decoding=\"async\" loading=\"lazy\" width=\"800\" height=\"479\" src=\"https:\/\/speyer24news.com\/wp-content\/uploads\/2020\/04\/pistol-2948729_1920.jpg\" alt=\"\" class=\"wp-image-26577\" srcset=\"https:\/\/speyer24news.com\/wp-content\/uploads\/2020\/04\/pistol-2948729_1920.jpg 800w, https:\/\/speyer24news.com\/wp-content\/uploads\/2020\/04\/pistol-2948729_1920-300x180.jpg 300w, https:\/\/speyer24news.com\/wp-content\/uploads\/2020\/04\/pistol-2948729_1920-768x460.jpg 768w\" sizes=\"(max-width: 800px) 100vw, 800px\" \/><\/figure><\/div>\n\n\n<p>Am Sonntag, um ca. 01:40 Uhr, betrat eine m\u00e4nnliche Person ein Lokal in der Tullastra\u00dfe in Speyer. Der Mann zog im weiteren Verlauf eine schwarze Handfeuerwaffe und richtete diese auf eine Besuchergruppe im Lokal. Eine konkrete Forderung nach Geld o.\u00e4. stellte der Mann nicht. Anschlie\u00dfend fl\u00fcchtete er zu Fu\u00df aus dem Lokal. Der Mann konnte trotz einer sofort eingeleiteten Fahndung nicht mehr festgestellt werden.<\/p>\n\n\n\n<ul>\n<li><strong>Zeugen, welche sachdienliche Hinweise zur Tat geben k\u00f6nnen, werden gebeten, sich telefonisch unter 06232 \/ 137-0 oder per E-Mail an&nbsp;<a href=\"mailto:%20pispeyer@polizei.rlp.de\">pispeyer@polizei.rlp.de<\/a>&nbsp;an die Polizei Speyer zu richten.<\/strong><\/li>\n<\/ul>\n\n\n\n<h2 class=\"wp-block-heading\">(Speyer) &#8211; Versuchter Einbruch in Vereinsheim<\/h2>\n\n\n\n<p>Zwischen dem 13.10.2023 und dem 14.10.2023 kam es zu einem Einbruchversuch im Anglerheim am Binsfeld in Speyer. Der bislang noch unbekannte T\u00e4ter versuchte zun\u00e4chst sich am Hauptgeb\u00e4ude Zutritt zu verschaffen, was durch die robusten T\u00fcr- und Fenstergitter jedoch verhindert werden konnte. Zudem wurde ein Vorh\u00e4ngeschloss am angrenzenden Schuppen aufgebrochen. Entwendet wurde nach ersten Erkenntnissen nichts.<\/p>\n\n\n\n<ul>\n<li><strong>Zeugen, welche sachdienliche Hinweise zur Tat geben k\u00f6nnen, werden gebeten, sich telefonisch unter 06232 \/ 137-0 oder per E-Mail an&nbsp;<a href=\"mailto:%20pispeyer@polizei.rlp.de\">pispeyer@polizei.rlp.de<\/a>&nbsp;an die Polizei Speyer zu richten.<\/strong><\/li>\n<\/ul>\n\n\n\n<h2 class=\"wp-block-heading\">(B 39 \/ A 61 \/ Dudenhofen) &#8211; Ohne F\u00fchrerschein und unter Alkohol-und Bet\u00e4ubungsmitteleinfluss unterwegs<\/h2>\n\n\n\n<p>Durch aufmerksame Verkehrsteilnehmer wurde am Samstagabend ein Pkw mit auff\u00e4lliger Fahrweise auf der B39 in Dudenhofen gemeldet. Der Pkw konnte auf der A61 einer Verkehrskontrolle unterzogen werden, im Rahmen derer bei der Fahrerin Alkoholgeruch durch die eingesetzten Beamten festgestellt werden konnte. Ein durchgef\u00fchrter Atemalkoholtest ergab einen Wert von 1,95 Promille, au\u00dferdem reagierte ein Drogenvortest positiv auf Kokain, weshalb eine Blutprobe entnommen wurde. Da die Fahrerin nicht im Besitz einer g\u00fcltigen Fahrerlaubnis war, muss sich diese neben der Trunkenheit im Verkehr auch wegen des Fahrens ohne Fahrerlaubnis verantworten.<\/p>\n\n\n\n<h2 class=\"wp-block-heading\">(Lingenfeld) &#8211; Gartenbrand<\/h2>\n\n\n<div class=\"wp-block-image\">\n<figure class=\"aligncenter size-full\"><img decoding=\"async\" loading=\"lazy\" width=\"800\" height=\"600\" src=\"https:\/\/speyer24news.com\/wp-content\/uploads\/2023\/10\/IMG_2774Gross.jpeg\" alt=\"\" class=\"wp-image-55025\" srcset=\"https:\/\/speyer24news.com\/wp-content\/uploads\/2023\/10\/IMG_2774Gross.jpeg 800w, https:\/\/speyer24news.com\/wp-content\/uploads\/2023\/10\/IMG_2774Gross-300x225.jpeg 300w, https:\/\/speyer24news.com\/wp-content\/uploads\/2023\/10\/IMG_2774Gross-768x576.jpeg 768w, https:\/\/speyer24news.com\/wp-content\/uploads\/2023\/10\/IMG_2774Gross-678x509.jpeg 678w, https:\/\/speyer24news.com\/wp-content\/uploads\/2023\/10\/IMG_2774Gross-326x245.jpeg 326w, https:\/\/speyer24news.com\/wp-content\/uploads\/2023\/10\/IMG_2774Gross-80x60.jpeg 80w\" sizes=\"(max-width: 800px) 100vw, 800px\" \/><\/figure><\/div>\n\n\n<p>In der Nacht vom 14.auf den 15.10.2023 wurde durch Unbekannte im Garten eines unbewohnten Hauses ein Feuer gelegt. Aufgrund der umgehend eingeleiteten L\u00f6schma\u00dfnahmen durch die Feuerwehr Lingenfeld, brannten nur einige im Garten gelagerte Holzbalken. Es entstand somit ein Schaden in H\u00f6he von 500EUR.<\/p>\n\n\n\n<ul>\n<li><strong>Wer sachdienliche Hinweise zu dem Fall geben kann, wird gebeten sich mit der Polizeiinspektion Germersheim unter der 07274\/9580 oder&nbsp;<a href=\"mailto:%20pigermersheim@polizei.rlp.de\">pigermersheim@polizei.rlp.de<\/a>&nbsp;in Verbindung zu setzen.<\/strong><\/li>\n<\/ul>\n\n\n\n<h2 class=\"wp-block-heading\">(A 65 \/ Kandel) &#8211; Alleinunfall mit schwerverletztem Fahrzeugf\u00fchrer<\/h2>\n\n\n\n<p>Am 15.10.2023, gegen 08:00 Uhr befuhr ein 59-j\u00e4hrige Fahrzeugf\u00fchrer die A65 zwischen den Anschlussstellen Kandel- Nord und Rohrbach. Aus bislang ungekl\u00e4rter Ursache kam der Fahrzeugf\u00fchrer von der Fahrbahn ab und fuhr die angrenzende B\u00f6schung hinunter. Anschlie\u00dfend fuhr er wenige hundert Metern neben der Fahrbahn, bevor er dort mit einem Baum kollidierte. Durch den Unfall wurde er schwerverletzt und musste mittels Hubschrauber in ein Krankenhaus verbracht werden. F\u00fcr die Unfallaufnahme war die A65 bis 09:30 zeitweise vollgesperrt.<\/p>\n\n\n\n<h2 class=\"wp-block-heading\">(Bad Bergzabern) &#8211; Zehn Gurtmuffel in einer Stunde<\/h2>\n\n\n\n<p>Zur Erkennung von Verkehrsverst\u00f6\u00dfen insbesondere im Bereich der Pflicht zum Tragen eines Sicherheitsgurtes im Stra\u00dfenverkehr f\u00fchrte die Polizei Bad Bergzabern am 14.10.2023 zwischen 11:00 Uhr &#8211; 12:00 Uhr eine Verkehrs\u00fcberwachung im Verlauf der Kapeller Stra\u00dfe durch. Innerhalb dieser Zeitspanne wurden zehn Fahrzeugf\u00fchrer ohne angelegten Sicherheitsgurt festgestellt. Weiterhin wurden zwei weitere Verwarnungsgelder ausgesprochen, da entsprechende Dokumente nicht mitgef\u00fchrt wurden. Zus\u00e4tzlich wurden drei Fahrern Kontrollaufforderungen ausgeh\u00e4ndigt.<\/p>\n\n\n\n<h2 class=\"wp-block-heading\">(Bad Bergzabern) &#8211; T\u00dcV Plakette entwendet<\/h2>\n\n\n<div class=\"wp-block-image\">\n<figure class=\"aligncenter size-full\"><img decoding=\"async\" loading=\"lazy\" width=\"800\" height=\"678\" src=\"https:\/\/speyer24news.com\/wp-content\/uploads\/2023\/10\/TUeV-Plakete1.jpeg\" alt=\"\" class=\"wp-image-55026\" srcset=\"https:\/\/speyer24news.com\/wp-content\/uploads\/2023\/10\/TUeV-Plakete1.jpeg 800w, https:\/\/speyer24news.com\/wp-content\/uploads\/2023\/10\/TUeV-Plakete1-300x254.jpeg 300w, https:\/\/speyer24news.com\/wp-content\/uploads\/2023\/10\/TUeV-Plakete1-768x651.jpeg 768w\" sizes=\"(max-width: 800px) 100vw, 800px\" \/><\/figure><\/div>\n\n\n<p>Die Gesch\u00e4digte stellte ihren PKW am Abend des 13.10.2023 in ihrer Hofeinfahrt in der Petronellastra\u00dfe ab. Als sie am n\u00e4chsten Morgen an ihr Fahrzeug herantrat, stellte sie fest, dass ihre T\u00dcV-Plakette augenscheinlich abgenommen wurde. Diese war noch bis Juni 2025 g\u00fcltig.<\/p>\n\n\n\n<ul>\n<li><strong>Wer hat im genannten Zeitraum verd\u00e4chtige Personen wahrgenommen?<\/strong><\/li>\n<\/ul>\n\n\n\n<ul>\n<li><strong>Hinweise bitte an die Polizeiinspektion Bad Bergzabern, Tel. 06433-93340 oder per Email&nbsp;<a href=\"mailto:%20pibadbergzabern@polizei.rlp.de\">pibadbergzabern@polizei.rlp.de<\/a><\/strong><\/li>\n<\/ul>\n\n\n\n<h2 class=\"wp-block-heading\">(Landau) &#8211; Geschlagen, bedroht und beleidigt<\/h2>\n\n\n<div class=\"wp-block-image\">\n<figure class=\"aligncenter size-full\"><img decoding=\"async\" loading=\"lazy\" width=\"800\" height=\"600\" src=\"https:\/\/speyer24news.com\/wp-content\/uploads\/2019\/06\/Ausn\u00fcchterungszelle.jpg\" alt=\"\" class=\"wp-image-15212\" srcset=\"https:\/\/speyer24news.com\/wp-content\/uploads\/2019\/06\/Ausn\u00fcchterungszelle.jpg 800w, https:\/\/speyer24news.com\/wp-content\/uploads\/2019\/06\/Ausn\u00fcchterungszelle-300x225.jpg 300w, https:\/\/speyer24news.com\/wp-content\/uploads\/2019\/06\/Ausn\u00fcchterungszelle-768x576.jpg 768w, https:\/\/speyer24news.com\/wp-content\/uploads\/2019\/06\/Ausn\u00fcchterungszelle-678x509.jpg 678w, https:\/\/speyer24news.com\/wp-content\/uploads\/2019\/06\/Ausn\u00fcchterungszelle-326x245.jpg 326w, https:\/\/speyer24news.com\/wp-content\/uploads\/2019\/06\/Ausn\u00fcchterungszelle-80x60.jpg 80w\" sizes=\"(max-width: 800px) 100vw, 800px\" \/><figcaption class=\"wp-element-caption\">Beispielbild Zelle \/ Verhaftung, dient lediglich der Visualisierung<\/figcaption><\/figure><\/div>\n\n\n<p>Nachdem ein 23-j\u00e4hriger Mann aus Landau gemeinsam mit einer weiteren Person im Rahmen eines Streites mehrfach einen 30-j\u00e4hrigen Gesch\u00e4digten schlug, entschloss sich dieser zur Polizei zu gehen um den Sachverhalt anzuzeigen. Der Gesch\u00e4digte wurde jedoch von dessen Widersacher verfolgt und kurz vor der Polizeidienstelle bedroht. Im Anschluss fl\u00fcchtete der aggressive Mann, konnte jedoch durch zwei Polizeibeamte eingeholt und festgenommen werden. Da er auch die Beamten bedrohte und beleidigte, musste er letztlich in Gewahrsam genommen werden. Auf den jungen Mann aus Landau kommen nun mehrere Strafanzeigen zu.<\/p>\n\n\n\n<h2 class=\"wp-block-heading\">(Offenbach a.d.Q.) &#8211; Jugendliche Langfinger<\/h2>\n\n\n\n<p>Zwei Jugendliche wurden dabei erwischt, wie sie aus einem Einkaufsmarkt in Offenbach zwei Flaschen Spirituosen entwenden wollten. Die Folge: Strafanzeigen wegen Ladendiebstahls, Hausverbot im Einkaufsmarkt und vermutlich ein unangenehmes Gespr\u00e4ch mit deren Erziehungsberechtigten.<\/p>\n\n\n\n<h2 class=\"wp-block-heading\">(Edesheim) &#8211; Gefahrenstelle K\u00fcche<\/h2>\n\n\n\n<p>Am Samstag, 14.10.2023, gegen 16:00 Uhr kam es bei einem Weingut in Edesheim zu einem Fettbrand in deren Gastst\u00e4ttenk\u00fcche. Der 31-j\u00e4hrige Koch konnte das Feuer selbstst\u00e4ndig mittels eines Feuerl\u00f6schers l\u00f6schen. Er erlitt dabei jedoch eine Rauchgasintoxikation und musste in ein Krankenhaus verbracht werden. W\u00e4hrend des Einsatzes musste die &#8218;Rhodter Stra\u00dfe&#8216; durch die Einsatzkr\u00e4fte der Polizei und Feuerwehr zeitweise gesperrt werden. Die genaue Schadensh\u00f6he ist bislang noch nicht bekannt.<\/p>\n\n\n\n<h2 class=\"wp-block-heading\">(Edenkoben) &#8211; Verkehrsunfallflucht<\/h2>\n\n\n\n<p>Das auf einem Parkplatz in der &#8218;Schanzstra\u00dfe&#8216; in Edenkoben abgestellte Fahrzeug des Gesch\u00e4digten wurde im Zeitraum des 14.10.2023 zwischen 07:00 und 17:00 Uhr von einem unbekannten Verkehrsteilnehmer an der Hecksto\u00dfstange touchiert. Der unbekannte Unfallverursacher entfernte sich daraufhin unerlaubt von der \u00d6rtlichkeit.<\/p>\n\n\n\n<p>Die Polizei weist darauf hin, dass das unerlaubte Entfernen vom Unfallort kein Kavaliersdelikt ist! Der fl\u00fcchtige Fahrer muss mit einer Geld- oder Freiheitsstrafe bis zu drei Jahren und evtl. mit einem F\u00fchrerscheinentzug rechnen. Au\u00dferdem kann der Fl\u00fcchtige den Kaskoschutz seiner Kfz-Versicherung verlieren und von seiner Versicherung an der Begleichung des Fremdschadens beteiligt werden. Die Polizei r\u00e4t deshalb jeden Unfall zu melden.<\/p>\n\n\n\n<h2 class=\"wp-block-heading\">(Maikammer) &#8211; Zeugenaufruf nach Parkplatzrempler<\/h2>\n\n\n\n<p>Am 14.10.2023 zwischen 09:50 Uhr und 10:00 Uhr kam es auf dem Wasgau-Parkplatz in Maikammer zu einer Verkehrsunfallflucht. Das geparkte Fahrzeug eines Kunden wurde dabei von einem unbekannten Verkehrsteilnehmer vermutlich beim Ausparken am hinteren Radkasten auf der Fahrerseite besch\u00e4digt. Es entstand ein Sachschaden in H\u00f6he von etwa 400EUR.<\/p>\n\n\n\n<ul>\n<li><strong>Zeugen, die Hinweise zu dem fl\u00fcchtigen Unfallverursacher geben k\u00f6nnen, werden gebeten, sich mit der Polizeiinspektion Edenkoben, Tel.: 06323\/955-0 oder per Mail:&nbsp;<a href=\"mailto:%20piedenkoben@polizei.rlp.de\">piedenkoben@polizei.rlp.de<\/a>&nbsp;zu melden.<\/strong><\/li>\n<\/ul>\n\n\n\n<h2 class=\"wp-block-heading\">(Venningen) &#8211; Nach Unfall gefl\u00fcchtet<\/h2>\n\n\n\n<p>Als der 49-j\u00e4hrige Halter am 15.10.2023 an seinen auf dem Parkplatz des Freilichtmuseums in Venningen geparkten PKW zur\u00fcckkehrte, musste dieser am Heck seines Fahrzeuges eine gro\u00dffl\u00e4chige Lackbesch\u00e4digung feststellen. Vermutlich touchierte der unbekannte Unfallverursacher den geparkten PKW beim Ein-\/Ausparken und fl\u00fcchtete ohne sich um die Schadensregulierung zu k\u00fcmmern.<\/p>\n\n\n\n<ul>\n<li><strong>Entsprechende Hinweise bitte an die Polizeiinspektion Edenkoben unter der Telefonnummer 06323-9550 oder per Email an&nbsp;<a href=\"mailto:%20piedenkoben@polizei.rlp.de\">piedenkoben@polizei.rlp.de<\/a>&nbsp;melden.<\/strong><\/li>\n<\/ul>\n\n\n\n<h2 class=\"wp-block-heading\">(Gr\u00fcnstadt) &#8211; Einbruch in Stra\u00dfenmeisterei Gr\u00fcnstadt sowie ein versuchter Einbruch in ein Einfamilienhaus \/ Zeugen gesucht<\/h2>\n\n\n\n<p>In der Zeit vom 13.10.2023, 12:30 Uhr zum 14.10.2023, 11:15 Uhr verschafften sich noch unbekannte T\u00e4ter Zutritt zur Stra\u00dfenmeisterei in Gr\u00fcnstadt. Daf\u00fcr schnitten sie den dortigen Zaun auf und hebelten mehrere Fensterscheiben aus. Aus der dortigen Lagerhalle wurden mehrere Werkzeuge und Maschinen entwendet. Die genaue Schadensh\u00f6he ist noch nicht bekannt. Die Ermittlungen werden von der Kriminalpolizei fortgef\u00fchrt und dauern an.<\/p>\n\n\n\n<p>Zudem versuchten sich am Abend des 13.10.2023 gegen 20:15 Uhr weitere bisher unbekannte T\u00e4ter Zutritt zu einem Einfamilienhaus in der Schlo\u00dfstra\u00dfe in Gr\u00fcnstadt &#8211; Ortsteil Asselheim zu verschaffen. Die T\u00e4ter scheiterten und konnten die Fenster samt geschlossenen Rollladen nicht aufhebeln, wodurch zum Gl\u00fcck lediglich geringer Sachschaden entstand.<\/p>\n\n\n\n<ul>\n<li><strong>Falls Sie Hinweise zur Tat oder zum Tathergang haben, melden Sie sich bitte bei der Polizeiinspektion Gr\u00fcnstadt.<\/strong><\/li>\n<\/ul>\n\n\n\n<h2 class=\"wp-block-heading\">(Bockenheim) &#8211; Verkehrskontrollen anl\u00e4sslich des Winzerfestes<\/h2>\n\n\n\n<p>Anl\u00e4sslich des Bockenheimer Winzerfestes wurden in der Nacht vom 15.10.2023 auf den 16.10.2023 mehrere Verkehrskontrollen im Dienstgebiet der Polizeiinspektion Gr\u00fcnstadt, insbesondere im Bereich Bockenheim, durchgef\u00fchrt. Einige der Fahrzeugf\u00fchrer waren dabei leicht alkoholisiert, befanden sich allerdings unter dem Grenzwert von 0,5 Promille. Um 01:15 Uhr konnten die Beamten letztlich einen 26-j\u00e4hrigen Fahrzeugf\u00fchrer in der Kirchheimer Stra\u00dfe in Gr\u00fcnstadt mit einer Atemalkoholkonzentration von 0,93 Promille feststellen. Da es sich hierbei um den Erstversto\u00df handelt, erwarten den Mann gem\u00e4\u00df dem bundeseinheitlichen Tatbestands- und Bu\u00dfgeldkatalog ein Bu\u00dfgeld in H\u00f6he von 500 Euro, zwei Punkte in Flensburg sowie ein einmonatiges Fahrverbot.<\/p>\n\n\n\n<h2 class=\"wp-block-heading\">(Bobenheim-Roxheim) &#8211; Einbruch in Gemeindehaus<\/h2>\n\n\n\n<p>In der Nacht von Freitag (13.10.2023) auf Samstag (14.10.2023) wurde in das Gemeindehaus in der Bobenheimer Stra\u00dfe in Bobenheim-Roxheim eingebrochen. Im oberen Stockwerk schlugen die bislang unbekannten T\u00e4ter ein Fenster ein und gelangten so in den B\u00fcroraum. Hier wurden s\u00e4mtliche Schr\u00e4nke nach Diebesgut durchw\u00fchlt. Nach derzeitigem Ermittlungsstand haben die unbekannten T\u00e4ter nichts entwendet. Durch die Polizeibeamten wurden Spuren am Tatort gesichert. Der Sachschaden wird auf 5000 Euro gesch\u00e4tzt.<\/p>\n\n\n\n<ul>\n<li><strong>Wer kann Hinweise zu verd\u00e4chtigen Personen oder Fahrzeugen im Umkreis der Kirche geben?<\/strong><\/li>\n<\/ul>\n\n\n\n<ul>\n<li><strong>Zeugen werden gebeten sich an die Polizeiinspektion Frankenthal unter der Tel.-Nr.: 06233\/313-0 oder an die Polizeiwache Maxdorf unter der Tel.-Nr.: 06237\/934-1100 zu wenden. Gerne nehmen wir Ihre Hinweise auch per E-Mail unter&nbsp;<a href=\"mailto:%20pifrankenthal@polizei.rlp.de\">pifrankenthal@polizei.rlp.de<\/a>&nbsp;entgegen.<\/strong><\/li>\n<\/ul>\n\n\n\n<h2 class=\"wp-block-heading\">(B 9 \/ Ludwigshafen) &#8211; Fahren unter Alkoholeinfluss<\/h2>\n\n\n\n<p>In der Nacht vom 15.10.2023 wurde gegen 2:10 Uhr ein Schlangenlinien fahrendes Fahrzeug gemeldet. Im Bereich der B9 konnte das Fahrzeug, welches zuvor in der Industriestra\u00dfe beinahe mit einem Taxi kollidierte, festgestellt und einer Kontrolle unterzogen werden. Der Fahrer wirkte deutlich alkoholisiert. Ein durchgef\u00fchrter Atemalkoholtest ergab 2,46 Promille. Der Fahrer wurde im Anschluss zur Polizeidienststelle verbracht, wo ihm eine Blutprobe entnommen wurde. Der F\u00fchrerschein und die Fahrzeugschl\u00fcssel wurden sichergestellt. Ihn erwartet nun ein Strafverfahren.<\/p>\n\n\n\n<ul>\n<li><strong>R\u00fcckfragen bitte an die Polizeiinspektion Ludwigshafen 2, Telefonnummer 0621 963-2222 oder per E-Mail an&nbsp;<a href=\"mailto:%20piludwigshafen2@polizei.rlp.de\">piludwigshafen2@polizei.rlp.de<\/a>&nbsp;.<\/strong><\/li>\n<\/ul>\n\n\n\n<h2 class=\"wp-block-heading\">(Ludwigshafen) &#8211; Zigarettenautomatenaufbruch<\/h2>\n\n\n\n<p>Mit erheblicher Gewalt brachen bislang unbekannte T\u00e4ter in der Nacht zu Samstag, 14.10.2023, einen in der Niederfeldstra\u00dfe \/ \u00dcbergang Karlsbader Stra\u00dfe aufgestellten Zigarettenautomaten auf und entwendeten sowohl das darin befindliche Bargeld, als auch s\u00e4mtliche Zigarettenpackungen. Der Gesamtschaden d\u00fcrfte im Bereich von ca. 3000 bis 5000 Euro liegen.<\/p>\n\n\n\n<ul>\n<li><strong>Sachdienliche Hinweise nimmt die Polizeiinspektion Ludwigshafen 1 unter der Telefonnummer 0621 963-2122 oder per Email&nbsp;<a href=\"mailto:%20piludwigshafen1@polizei.rlp.de\">piludwigshafen1@polizei.rlp.de<\/a>&nbsp;entgegen.<\/strong><\/li>\n<\/ul>\n\n\n\n<h2 class=\"wp-block-heading\">(Ludwigshafen) &#8211; PKW-Einbruchserie<\/h2>\n\n\n\n<p>In der Nacht zu Samstag, 14.10.2023, brachen bislang unbekannte T\u00e4ter auf einem Parkplatz seitlich der Bahntrasse im Bereich Knollstra\u00dfe \/ Bleichstra\u00dfe insgesamt sechs ordnungsgem\u00e4\u00df abgestellte PKW auf. Aus den PKW wurden nach bisherigen Erkenntnissen lediglich ein geringer Kleingeldbetrag und ein Fahrzeugschein entwendet. Insgesamt entstand Sachschaden in H\u00f6he von ca. 3000 Euro.<\/p>\n\n\n\n<ul>\n<li><strong>Sachdienliche Hinweise nimmt die Polizeiinspektion Ludwigshafen 1 unter der Telefonnummer 0621 963-2122 oder per Email&nbsp;<a href=\"mailto:%20piludwigshafen1@polizei.rlp.de\">piludwigshafen1@polizei.rlp.de<\/a>&nbsp;entgegen.<\/strong><\/li>\n<\/ul>\n\n\n\n<h2 class=\"wp-block-heading\">(Mannheim-Innenstadt) &#8211; Radfahrerin schwer verletzt \/ Zeugen gesucht!<\/h2>\n\n\n\n<p>Am Samstagmittag gegen 12.50 Uhr kam es auf dem Geh- und Radweg im Bereich des Mannheimer Schlossparks zu einem Verkehrsunfall. Ersten Ermittlungen zufolge befuhr eine 81-j\u00e4hrige Radfahrerin die Konrad-Adenauer-Br\u00fccke von Ludwigshafen kommend in Fahrtrichtung Otto-Selz-Stra\u00dfe. Im dortigen Ellipsenbogen kam sie aus bislang unbekannter Ursache, unmittelbar nach einer Stra\u00dfenlaterne zu Fall. Die Radfahrerin erlitt hierbei schwere Kopfverletzungen und wurde im Anschluss zur weiteren medizinischen Versorgung in ein umliegendes Krankenhaus verbracht. Ob es zu einer Kollision zwischen der 81-J\u00e4hrigen und der Stra\u00dfenlaterne kam oder gar Dritte an dem Unfallgeschehen beteiligt waren, ist noch Gegenstand der Ermittlungen. <\/p>\n\n\n\n<ul>\n<li><strong>Zeugen, welche m\u00f6glicherweise sachdienliche Angaben zum Unfallhergang machen k\u00f6nnen werden gebeten, sich mit dem Verkehrsdienst Mannheim, Tel. 0621 \/ 174-4222 in Verbindung zu setzen.<\/strong><\/li>\n<\/ul>\n\n\n\n<h2 class=\"wp-block-heading\">(Heidelberg-Altstadt) &#8211; Sachbesch\u00e4digung durch Brandlegung \/ Zeugen gesucht!<\/h2>\n\n\n<div class=\"wp-block-image\">\n<figure class=\"aligncenter size-full\"><img decoding=\"async\" loading=\"lazy\" width=\"801\" height=\"600\" src=\"https:\/\/speyer24news.com\/wp-content\/uploads\/2020\/05\/Zeugen-gesucht-Neutral.jpg\" alt=\"\" class=\"wp-image-26598\" srcset=\"https:\/\/speyer24news.com\/wp-content\/uploads\/2020\/05\/Zeugen-gesucht-Neutral.jpg 801w, https:\/\/speyer24news.com\/wp-content\/uploads\/2020\/05\/Zeugen-gesucht-Neutral-300x225.jpg 300w, https:\/\/speyer24news.com\/wp-content\/uploads\/2020\/05\/Zeugen-gesucht-Neutral-768x575.jpg 768w, https:\/\/speyer24news.com\/wp-content\/uploads\/2020\/05\/Zeugen-gesucht-Neutral-678x509.jpg 678w, https:\/\/speyer24news.com\/wp-content\/uploads\/2020\/05\/Zeugen-gesucht-Neutral-326x245.jpg 326w, https:\/\/speyer24news.com\/wp-content\/uploads\/2020\/05\/Zeugen-gesucht-Neutral-80x60.jpg 80w\" sizes=\"(max-width: 801px) 100vw, 801px\" \/><\/figure><\/div>\n\n\n<p>Am Sonntagmorgen gegen 03.55 Uhr kam es im Bereich der Kisselgasse in Heidelberg zu einer Sachbesch\u00e4digung. Unbekannte T\u00e4ter entz\u00fcndeten eine im Bereich des Erdgeschosses an einem Bauger\u00fcst angebrachte Kunststoffplane, welche in der Folge auf einer L\u00e4nge von ca. 10 Metern abbrannte. Die Feuerwehr Heidelberg war mit sechs Einsatzkr\u00e4ften vor Ort und l\u00f6schte den Brand noch vor Eintreffen der Polizei. Zu einem \u00dcbergreifen der Flammen auf die angrenzenden Geb\u00e4ude kam es nicht. Ein Entz\u00fcnden der Plane durch blo\u00dfe Fahrl\u00e4ssigkeit, beispielsweise durch eine weggeworfene Zigarette, wird zum derzeitigen Stand der Ermittlungen als unwahrscheinlich gehalten, weshalb von einer vors\u00e4tzlichen Begehung ausgegangen werden muss. Der entstandene Sachschaden ist derzeit noch nicht bekannt. <\/p>\n\n\n\n<ul>\n<li><strong>Zeugen, welche sachdienliche Hinweise zum Sachverhalt geben k\u00f6nnen werden gebeten, sich mit dem Polizeirevier Heidelberg-Mitte, Tel. 06221 \/ 18570, in Verbindung zu setzen.<\/strong><\/li>\n<\/ul>\n\n\n\n<h2 class=\"wp-block-heading\">(A 6 \/ Sinsheim \/ Rhein-Neckar-Kreis) &#8211; Falschfahrer gef\u00e4hrdet Verkehrsteilnehmer \/ Zeugen gesucht!<\/h2>\n\n\n\n<p>Am fr\u00fchen Sonntagmorgen, gegen kurz vor 01.00 Uhr, erreichten das Polizeipr\u00e4sidium Mannheim zahlreiche Notrufe besorgter Verkehrsteilnehmer, welche einen Falschfahrer auf der BAB6 vom Autobahnkreuz Walldorf in Richtung der Anschlussstelle Wiesloch\/Rauenberg meldeten. Durch die unmittelbar eingesetzten Kr\u00e4fte des Verkehrsdienstes Heidelberg &#8211; Au\u00dfenstelle Walldorf, sowie des Polizeireviers Sinsheim konnte der gemeldete Mercedes Sprinter, kurze Zeit sp\u00e4ter an der Ampelkreuzung B39\/L533 (D\u00fchrer Stra\u00dfe) in Sinsheim festgestellt und einer Kontrolle unterzogen werden. Dem Fahrzeugf\u00fchrer war es zuvor gelungen, seine Fahrt in falscher Richtung bis zur Anschlussstelle Sinsheim-Steinsfurt fortzusetzen. Dort wendete er seinen Sprinter und fuhr auf der richtigen Fahrbahn wieder in Richtung Mannheim. Der 75-J\u00e4hrigen wirkte bei der Kontrolle sichtlich verwirrt und war Gegenw\u00e4rtig nicht mehr in der Lage seinen Sprinter sicher zu f\u00fchren. Aus diesem Grund wurde ihm die Weiterfahrt untersagt. Seine Heimreise trat er im Anschluss mit einem Taxi an. Gl\u00fccklicherweise kam es den ersten Ermittlungen zufolge zu keinem Unfallgeschehen. <\/p>\n\n\n\n<ul>\n<li><strong>Weitere Zeugen oder gef\u00e4hrdete Verkehrsteilnehmer werden gebeten sich mit dem Verkehrsdienst &#8211; Au\u00dfenstelle Walldorf, Tel. 06227 \/ 358260, in Verbindung zu setzen.<\/strong><\/li>\n<\/ul>\n\n\n\n<p>Den Fahrer erwartet eine Anzeige wegen Gef\u00e4hrdung des Stra\u00dfenverkehrs. Sein F\u00fchrerschein wurde im vorl\u00e4ufig entzogen.<\/p>\n","protected":false},"excerpt":{"rendered":"<div class=\"mh-excerpt\"><p>Polizeimeldungen vom Sonntag (15.10.2023) (Speyer) &#8211; Einsatz des Distanzelektroimpulsger\u00e4ts nach einer K\u00f6rperverletzung Am Sonntag, gegen 03:03 Uhr, konnte durch Polizeibeamte im Industriehof in Speyer eine verbal aggressive Personengruppe festgestellt werden. Zwei dieser Personen, ein 24-J\u00e4hriger <a class=\"mh-excerpt-more\" href=\"https:\/\/speyer24news.com\/?p=55021\" title=\"Polizeimeldungen Sonntag (15.10.23)\">[&#8230;]<\/a><\/p>\n<\/div>","protected":false},"author":3,"featured_media":26162,"comment_status":"open","ping_status":"open","sticky":false,"template":"","format":"standard","meta":{"_monsterinsights_skip_tracking":false,"_monsterinsights_sitenote_active":false,"_monsterinsights_sitenote_note":"","_monsterinsights_sitenote_category":0,"footnotes":""},"categories":[15659],"tags":[7243,7244,3614,350,14537,15084,15267,14538,15361,15845,702,61,2555,6955,6986,6263,63,105,11150,6987,53,4854,13534,4683,1548,4905,12967,11592,102,13626,213,14325,14324,13553,13541,55,8277,6368],"aioseo_notices":[],"amp_enabled":true,"_links":{"self":[{"href":"https:\/\/speyer24news.com\/index.php?rest_route=\/wp\/v2\/posts\/55021"}],"collection":[{"href":"https:\/\/speyer24news.com\/index.php?rest_route=\/wp\/v2\/posts"}],"about":[{"href":"https:\/\/speyer24news.com\/index.php?rest_route=\/wp\/v2\/types\/post"}],"author":[{"embeddable":true,"href":"https:\/\/speyer24news.com\/index.php?rest_route=\/wp\/v2\/users\/3"}],"replies":[{"embeddable":true,"href":"https:\/\/speyer24news.com\/index.php?rest_route=%2Fwp%2Fv2%2Fcomments&post=55021"}],"version-history":[{"count":3,"href":"https:\/\/speyer24news.com\/index.php?rest_route=\/wp\/v2\/posts\/55021\/revisions"}],"predecessor-version":[{"id":55029,"href":"https:\/\/speyer24news.com\/index.php?rest_route=\/wp\/v2\/posts\/55021\/revisions\/55029"}],"wp:featuredmedia":[{"embeddable":true,"href":"https:\/\/speyer24news.com\/index.php?rest_route=\/wp\/v2\/media\/26162"}],"wp:attachment":[{"href":"https:\/\/speyer24news.com\/index.php?rest_route=%2Fwp%2Fv2%2Fmedia&parent=55021"}],"wp:term":[{"taxonomy":"category","embeddable":true,"href":"https:\/\/speyer24news.com\/index.php?rest_route=%2Fwp%2Fv2%2Fcategories&post=55021"},{"taxonomy":"post_tag","embeddable":true,"href":"https:\/\/speyer24news.com\/index.php?rest_route=%2Fwp%2Fv2%2Ftags&post=55021"}],"curies":[{"name":"wp","href":"https:\/\/api.w.org\/{rel}","templated":true}]}}