{"id":55272,"date":"2023-10-21T09:05:57","date_gmt":"2023-10-21T08:05:57","guid":{"rendered":"https:\/\/speyer24news.com\/?p=55272"},"modified":"2023-10-21T10:05:03","modified_gmt":"2023-10-21T09:05:03","slug":"polizeimeldungen-freitag-20-10-23","status":"publish","type":"post","link":"https:\/\/speyer24news.com\/?p=55272","title":{"rendered":"Polizeimeldungen Freitag (20.10.23)"},"content":{"rendered":"<style type=\"text\/css\">\r\n\t.ads_top_disp{}\r\n\t.ads_top_corner_disp{ float:left; margin:0px 10px 10px 0px; }\r\n\t.ads_first_p_disp{}\r\n\t.ads_bottom_disp{}\r\n\t<\/style>\n<h1 class=\"wp-block-heading\">Polizeimeldungen vom Freitag (20.10.2023)<\/h1>\n\n\n<div class=\"wp-block-image\">\n<figure class=\"aligncenter size-full\"><img decoding=\"async\" loading=\"lazy\" width=\"375\" height=\"500\" src=\"https:\/\/speyer24news.com\/wp-content\/uploads\/2022\/03\/Aktuelles-Polizeilogo.jpg\" alt=\"\" class=\"wp-image-43591\" srcset=\"https:\/\/speyer24news.com\/wp-content\/uploads\/2022\/03\/Aktuelles-Polizeilogo.jpg 375w, https:\/\/speyer24news.com\/wp-content\/uploads\/2022\/03\/Aktuelles-Polizeilogo-225x300.jpg 225w\" sizes=\"(max-width: 375px) 100vw, 375px\" \/><\/figure><\/div>\n\n\n<h2 class=\"wp-block-heading\">(Speyer) &#8211; N\u00e4chtliche Schl\u00e4gerei vor Tankstelle<\/h2>\n\n\n<div class=\"wp-block-image\">\n<figure class=\"aligncenter size-full\"><img decoding=\"async\" loading=\"lazy\" width=\"640\" height=\"480\" src=\"https:\/\/speyer24news.com\/wp-content\/uploads\/2021\/04\/Alkohol.jpg\" alt=\"\" class=\"wp-image-35158\" srcset=\"https:\/\/speyer24news.com\/wp-content\/uploads\/2021\/04\/Alkohol.jpg 640w, https:\/\/speyer24news.com\/wp-content\/uploads\/2021\/04\/Alkohol-300x225.jpg 300w, https:\/\/speyer24news.com\/wp-content\/uploads\/2021\/04\/Alkohol-326x245.jpg 326w, https:\/\/speyer24news.com\/wp-content\/uploads\/2021\/04\/Alkohol-80x60.jpg 80w\" sizes=\"(max-width: 640px) 100vw, 640px\" \/><\/figure><\/div>\n\n\n<p>In der Nacht von Donnerstag auf Freitag gegen 04:40 Uhr meldeten Zeugen eine Schl\u00e4gerei vor einer Tankstelle in der Industriestra\u00dfe. Die Beamten trafen vier M\u00e4nner im Alter zwischen 29 und 34 Jahren an, die miteinander bekannt waren und nach einer Nacht gemeinsamen Alkoholkonsums in Streit geraten waren. Dieser war vor Eintreffen der Beamten darin gegipfelt, dass drei der M\u00e4nner den J\u00fcngsten aus der Gruppe zu Boden brachten und auf ihn eintraten. Der 29-J\u00e4hrige trug Beulen und eine gebrochene Nase davon. Der Rettungsdienst verbrachte ihn in ein Krankenhaus. Die drei Beschuldigten wiesen Atemalkoholwerte zwischen 1,33 und 2,16 Promille auf. Die Beamten veranlassten Blutentnahmen zur Feststellung der Schuldf\u00e4higkeit und leiteten Strafverfahren wegen gef\u00e4hrlicher K\u00f6rperverletzung ein.<\/p>\n\n\n\n<h2 class=\"wp-block-heading\">(A 61 \/ Speyer) &#8211; T\u00f6dlicher Verkehrsunfall zwischen Hockenheim und Speyer<\/h2>\n\n\n\n<h3 class=\"wp-block-heading\">Gemeinsame Pressemitteilung Staatsanwaltschaft Frankenthal (Pfalz) und des Polizeipr\u00e4sidiums Mannheim:<\/h3>\n\n\n<div class=\"wp-block-image\">\n<figure class=\"aligncenter size-full\"><img decoding=\"async\" loading=\"lazy\" width=\"800\" height=\"533\" src=\"https:\/\/speyer24news.com\/wp-content\/uploads\/2021\/01\/Ruhe-in-Frieden.jpg\" alt=\"\" class=\"wp-image-32361\" srcset=\"https:\/\/speyer24news.com\/wp-content\/uploads\/2021\/01\/Ruhe-in-Frieden.jpg 800w, https:\/\/speyer24news.com\/wp-content\/uploads\/2021\/01\/Ruhe-in-Frieden-300x200.jpg 300w, https:\/\/speyer24news.com\/wp-content\/uploads\/2021\/01\/Ruhe-in-Frieden-768x512.jpg 768w\" sizes=\"(max-width: 800px) 100vw, 800px\" \/><\/figure><\/div>\n\n\n<p>Am 19.10.23 ereignete sich kurz nach 22 Uhr auf der BAB 61, Hockenheim in Richtung Speyer, ein Verkehrsunfall. Hierbei durchbrach ein Mercedes Benz die Leitplanke, kollidierte mit mehreren kleinen B\u00e4umen und kam in der sechs Meter tiefer liegenden B\u00f6schung zum Stehen.<\/p>\n\n\n\n<p>Der 45-j\u00e4hrige Fahrer und die 43-j\u00e4hrige Beifahrerin wurden hierbei t\u00f6dlich verletzt. Drei Kinder wurden schwer verletzt und mussten zur weiteren medizinischen Versorgung in ein nahe gelegenes Krankenhaus gebracht.<\/p>\n\n\n\n<p>Die BAB 61 musste aufgrund des Einsatzes von Rettungskr\u00e4ften, Feuerwehr und wegen der Unfallaufnahme durch den Verkehrsdienst, Au\u00dfenstelle Walldorf, in der Zeit von 22.45 Uhr bis 06:30 Uhr voll gesperrt werden.<\/p>\n\n\n\n<p>Die zust\u00e4ndige Staatsanwaltschaft Frankenthal hat einen Sachverst\u00e4ndigen zur Kl\u00e4rung der Unfallursache hinzugezogen.<\/p>\n\n\n\n<p>Die Staatsanwaltschaft Frankenthal und das Polizeipr\u00e4sidium Mannheim sind auf der Suche nach Zeugen, die Angaben zum Unfallhergang machen k\u00f6nnen.<\/p>\n\n\n\n<ul>\n<li><strong>Diese werden gebeten, sich beim Polizeipr\u00e4sidium Mannheim, Verkehrsdienst &#8211; Au\u00dfenstelle Walldorf unter der Tel.: 06227\/358260 zu melden.<\/strong><\/li>\n<\/ul>\n\n\n\n<h2 class=\"wp-block-heading has-text-align-center\">Meldung des Brand- und Katastrophenschutzinspekteur Peter Eymann zum schweren Verkehrsunfall auf der A 61<\/h2>\n\n\n<div class=\"wp-block-image\">\n<figure class=\"aligncenter size-full\"><img decoding=\"async\" loading=\"lazy\" width=\"800\" height=\"600\" src=\"https:\/\/speyer24news.com\/wp-content\/uploads\/2023\/10\/23-10-20-09-12-34-5b6c.jpg\" alt=\"\" class=\"wp-image-55275\" srcset=\"https:\/\/speyer24news.com\/wp-content\/uploads\/2023\/10\/23-10-20-09-12-34-5b6c.jpg 800w, https:\/\/speyer24news.com\/wp-content\/uploads\/2023\/10\/23-10-20-09-12-34-5b6c-300x225.jpg 300w, https:\/\/speyer24news.com\/wp-content\/uploads\/2023\/10\/23-10-20-09-12-34-5b6c-768x576.jpg 768w, https:\/\/speyer24news.com\/wp-content\/uploads\/2023\/10\/23-10-20-09-12-34-5b6c-678x509.jpg 678w, https:\/\/speyer24news.com\/wp-content\/uploads\/2023\/10\/23-10-20-09-12-34-5b6c-326x245.jpg 326w, https:\/\/speyer24news.com\/wp-content\/uploads\/2023\/10\/23-10-20-09-12-34-5b6c-80x60.jpg 80w\" sizes=\"(max-width: 800px) 100vw, 800px\" \/><figcaption class=\"wp-element-caption\"><em>Foto: Stadt Speyer, Brand- und Katastrophenschutz<\/em><\/figcaption><\/figure><\/div>\n\n\n<p>In der Nacht zum Freitag kam es auf der Autobahn 61 zu einem folgeschweren Verkehrsunfall. In Richtung Koblenz fahrend kam ein Fahrzeug zwischen der Rheinbr\u00fccke und dem Rastplatz Binsfeld von der Fahrbahn ab. Zwei Menschen verloren bei diesem tragischen Ungl\u00fcck ihr Leben, f\u00fcr sie kam jede Hilfe zu sp\u00e4t.<\/p>\n\n\n<div class=\"wp-block-image\">\n<figure class=\"aligncenter size-full\"><img decoding=\"async\" loading=\"lazy\" width=\"800\" height=\"600\" src=\"https:\/\/speyer24news.com\/wp-content\/uploads\/2023\/10\/23-10-20-04-42-20-7575.jpg\" alt=\"\" class=\"wp-image-55274\" srcset=\"https:\/\/speyer24news.com\/wp-content\/uploads\/2023\/10\/23-10-20-04-42-20-7575.jpg 800w, https:\/\/speyer24news.com\/wp-content\/uploads\/2023\/10\/23-10-20-04-42-20-7575-300x225.jpg 300w, https:\/\/speyer24news.com\/wp-content\/uploads\/2023\/10\/23-10-20-04-42-20-7575-768x576.jpg 768w, https:\/\/speyer24news.com\/wp-content\/uploads\/2023\/10\/23-10-20-04-42-20-7575-678x509.jpg 678w, https:\/\/speyer24news.com\/wp-content\/uploads\/2023\/10\/23-10-20-04-42-20-7575-326x245.jpg 326w, https:\/\/speyer24news.com\/wp-content\/uploads\/2023\/10\/23-10-20-04-42-20-7575-80x60.jpg 80w\" sizes=\"(max-width: 800px) 100vw, 800px\" \/><figcaption class=\"wp-element-caption\"><em>Foto: Stadt Speyer, Brand- und Katastrophenschutz<\/em><\/figcaption><\/figure><\/div>\n\n\n<p>In dem vollkommen zerst\u00f6rten Fahrzeug, dass auf einem steilen Hang neben der Fahrbahn zum Stehen kam, \u00fcberlebten jedoch auch drei weitere Menschen. In enger Zusammenarbeit mit der Feuerwehr Hockenheim, die ebenfalls zu dem Ungl\u00fcck alarmiert wurde, konzentrierten wir zun\u00e4chst all unsere Bem\u00fchung auf die Rettung der \u00dcberlebenden, die uns trotz der schwierigen Umst\u00e4nde schnell gelang. Teils mit schwerem technischen Ger\u00e4t wurden die drei Personen von uns aus dem Wrack befreit und dem Rettungsdienst \u00fcbergeben, w\u00e4hrend gleichzeitig ein weiteres Abrutschen des Fahrzeugs durch Anschlagen mit Schlaufen und Seilen verhindert werden musste. Die drei Geretteten wurden alle nach Mannheim in ein Krankenhaus der Maximalversorgung gebracht und dort nicht nur notfallmedizinisch, sondern auch notfallpsychologisch erwartet.<\/p>\n\n\n<div class=\"wp-block-image\">\n<figure class=\"aligncenter size-full\"><img decoding=\"async\" loading=\"lazy\" width=\"800\" height=\"595\" src=\"https:\/\/speyer24news.com\/wp-content\/uploads\/2023\/10\/23-10-20-09-12-41-c122.jpg\" alt=\"\" class=\"wp-image-55277\" srcset=\"https:\/\/speyer24news.com\/wp-content\/uploads\/2023\/10\/23-10-20-09-12-41-c122.jpg 800w, https:\/\/speyer24news.com\/wp-content\/uploads\/2023\/10\/23-10-20-09-12-41-c122-300x223.jpg 300w, https:\/\/speyer24news.com\/wp-content\/uploads\/2023\/10\/23-10-20-09-12-41-c122-768x571.jpg 768w, https:\/\/speyer24news.com\/wp-content\/uploads\/2023\/10\/23-10-20-09-12-41-c122-80x60.jpg 80w\" sizes=\"(max-width: 800px) 100vw, 800px\" \/><figcaption class=\"wp-element-caption\"><em>Foto: Stadt Speyer, Brand- und Katastrophenschutz<\/em><\/figcaption><\/figure><\/div>\n\n\n<p>Nachdem dieser Part abgeschlossen war, zog sich der Einsatz insgesamt fast \u00fcber acht Stunden hin. In dieser Zeit galt es zun\u00e4chst Polizei und Unfallsachverst\u00e4ndige zu unterst\u00fctzen, bevor die Bergung der Verstorbenen und des Pkw durchgef\u00fchrt werden konnten. Da der Einsatz auch f\u00fcr unsere erfahrenen Kr\u00e4fte von Anfang an au\u00dfergew\u00f6hnlich belastend war, wurden mehrere Teams der Psycho-Sozialen Notfallvorsorge eingesetzt. Zusammen mit dem Leitenden Notarzt und dem Organisatorischen Leiter Rettungsdienst, standen sie gemeinsam mit den Schnelleinsatzgruppen des Katastrophenschutzes Speyer allen eingesetzten Kr\u00e4ften an der Einsatzstelle zur Verf\u00fcgung. Dar\u00fcber hinaus verf\u00fcgt die Stadt Speyer \u00fcber einen eigenen Fachberater f\u00fcr Notfallpsychologie. Auch er war alarmiert und stand in der Feuerwache Speyer den einr\u00fcckenden Kr\u00e4ften zur Verf\u00fcgung.<\/p>\n\n\n\n<p>Die A 61 musste in Fahrtrichtung Koblenz fast die ganze Zeit \u00fcber voll gesperrt bleiben. Der nachfolgende Verkehr wurde auf die B 39 abgeleitet.<\/p>\n\n\n<div class=\"wp-block-image\">\n<figure class=\"aligncenter size-full\"><img decoding=\"async\" loading=\"lazy\" width=\"800\" height=\"566\" src=\"https:\/\/speyer24news.com\/wp-content\/uploads\/2023\/10\/23-10-20-09-12-37-0ae4.jpg\" alt=\"\" class=\"wp-image-55276\" srcset=\"https:\/\/speyer24news.com\/wp-content\/uploads\/2023\/10\/23-10-20-09-12-37-0ae4.jpg 800w, https:\/\/speyer24news.com\/wp-content\/uploads\/2023\/10\/23-10-20-09-12-37-0ae4-300x212.jpg 300w, https:\/\/speyer24news.com\/wp-content\/uploads\/2023\/10\/23-10-20-09-12-37-0ae4-768x543.jpg 768w\" sizes=\"(max-width: 800px) 100vw, 800px\" \/><figcaption class=\"wp-element-caption\"><em>Foto: Stadt Speyer, Brand- und Katastrophenschutz<\/em><\/figcaption><\/figure><\/div>\n\n\n<p>Die Stadt Speyer war mit rund 50 Einsatzkr\u00e4ften und 15 Fahrzeugen im Einsatz. Dazu kamen wie bereits erw\u00e4hnt Kr\u00e4fte der Feuerwehr Hockenheim, des Rettungsdienstes, Leitender Notarzt und Organisatorischer Leiter, die Autobahnpolizei Walldorf, sowie Einheiten der Psycho-Sozialen Notfallversorgung. Auch die Autobahnmeisterei, ein Bergungs-, sowie ein Bestattungsunternehmen wurden eingesetzt.<\/p>\n\n\n\n<p>Angaben zum Unfallhergang sind bei der zust\u00e4ndigen Autobahnpolizeiinspektion Walldorf zu erfragen.<\/p>\n\n\n\n<p>Unsere Gedanken sind bei den \u00dcberlebenden und Hinterbliebenen, denen wir f\u00fcr die kommende Zeit gute Besserung und vor allem viel Kraft w\u00fcnschen.<\/p>\n\n\n\n<p><em>Text: Brand- und Katastrophenschutzinspekteur Peter Eymann Foto &amp; Video: Stadt Speyer, Brand- und Katastrophenschutz<br>20.10.2023<\/em><\/p>\n\n\n\n<h2 class=\"wp-block-heading\">(Speyer) &#8211; Versuchte K\u00f6rperverletzung, Hausfriedensbruch, Beleidigungen und Bedrohungen: Ingewahrsamnahme in Supermarkt, weitere Gesch\u00e4digte gesucht<\/h2>\n\n\n<div class=\"wp-block-image\">\n<figure class=\"aligncenter size-full\"><img decoding=\"async\" loading=\"lazy\" width=\"800\" height=\"533\" src=\"https:\/\/speyer24news.com\/wp-content\/uploads\/2021\/10\/Festnahme-Handschellen.jpg\" alt=\"\" class=\"wp-image-41224\" srcset=\"https:\/\/speyer24news.com\/wp-content\/uploads\/2021\/10\/Festnahme-Handschellen.jpg 800w, https:\/\/speyer24news.com\/wp-content\/uploads\/2021\/10\/Festnahme-Handschellen-300x200.jpg 300w, https:\/\/speyer24news.com\/wp-content\/uploads\/2021\/10\/Festnahme-Handschellen-768x512.jpg 768w\" sizes=\"(max-width: 800px) 100vw, 800px\" \/><figcaption class=\"wp-element-caption\">Beispielbild Handschelle \/ Verhaftung, dient lediglich der Visualisierung<\/figcaption><\/figure><\/div>\n\n\n<p>Am Donnerstag gegen 18:35 Uhr beleidigte ein 34-J\u00e4hriger in einem Supermarkt in der Iggelheimer Stra\u00dfe ohne erkennbaren Grund mehrere namentlich unbekannte Kunden mit englischen Schimpfw\u00f6rtern auf sexueller Grundlage und packte schlie\u00dflich einen Angestellten des Marktes am Kragen, nachdem dieser ihn angesprochen hatte. Der Angestellte verwies den 34-J\u00e4hrigen des Marktes. Hierauf entfernte sich der 34-J\u00e4hrige zun\u00e4chst nicht und f\u00fchrte stattdessen einen Faustschlag in Richtung des Kopfes des Angestellten aus, dem dieser gl\u00fccklicherweise ausweichen konnte. Letztlich gelang es dem Angestellten, den 34-J\u00e4hrigen aus dem Markt zu sprechen, wo der 34-J\u00e4hrige gegen\u00fcber weiteren unbekannten Kunden eindeutig bedrohliche Gesten machte. Beim Eintreffen der Polizei lag der 34-J\u00e4hrige auf dem Boden vor dem Markt, schrie aggressiv herum und lie\u00df sich nicht beruhigen. Die Beamten fesselten ihn und nahmen ihn zur Verhinderung weiterer Straftaten in Gewahrsam. Eine Motivation f\u00fcr die Taten war nicht feststellbar. Insbesondere lagen keine Anzeichen f\u00fcr eine Alkoholisierung oder Rauschmittelbeeinflussung vor. Verletzt wurde niemand.<\/p>\n\n\n\n<ul>\n<li><strong>Die Polizei bittet die bislang unbekannten Gesch\u00e4digten insbesondere zwecks Einholung von Strafantr\u00e4gen um Mitteilung an Tel. 06232\/137-0 oder per E-Mail an&nbsp;<a href=\"mailto:%20pispeyer@polizei.rlp.de\">pispeyer@polizei.rlp.de<\/a><\/strong><\/li>\n<\/ul>\n\n\n\n<h2 class=\"wp-block-heading\">(B 9 \/ Speyer) &#8211; Zeugenaufruf nach Verkehrsunfallflucht \/ Motorradfahrer schwerverletzt<\/h2>\n\n\n<div class=\"wp-block-image\">\n<figure class=\"aligncenter size-full\"><img decoding=\"async\" loading=\"lazy\" width=\"800\" height=\"455\" src=\"https:\/\/speyer24news.com\/wp-content\/uploads\/2023\/10\/Bild1-1.jpg\" alt=\"\" class=\"wp-image-55278\" srcset=\"https:\/\/speyer24news.com\/wp-content\/uploads\/2023\/10\/Bild1-1.jpg 800w, https:\/\/speyer24news.com\/wp-content\/uploads\/2023\/10\/Bild1-1-300x171.jpg 300w, https:\/\/speyer24news.com\/wp-content\/uploads\/2023\/10\/Bild1-1-768x437.jpg 768w\" sizes=\"(max-width: 800px) 100vw, 800px\" \/><\/figure><\/div>\n\n\n<p>Am Donnerstag, den 19.10.2023, kam es kurz vor 18 Uhr zu einem Verkehrsunfall auf der B9, in Fahrtrichtung Germersheim, zwischen der Anschlussstelle Rinkenbergerhof und dem Autobahnkreuz Speyer. Nach derzeitigem Stand der Ermittlungen befuhr ein 24-j\u00e4hriger Speyrer mit seinem Motorrad den linken Fahrstreifen der B9. Ein roter Kleinbus, n\u00e4heres ist zu dem Fahrzeug derzeit nicht bekannt, befuhr zeitglich den rechten Fahrstreifen der B9. Als der Kleinbus zum \u00dcberholen ansetzte, \u00fcbersah er den Motorradfahrer, welcher sich auf H\u00f6he Kleinbusses befand. Hierdurch musste der Motorradfahrer dem Fahrzeug ausweichen und kam zu Fall. Der Motorradfahrer erlitt schwere Verletzungen. Er wurde zun\u00e4chst durch die Besatzung eines Rettungswagens medizinisch versorgt und anschlie\u00dfend mittels Rettungshubschrauber in ein umliegendes Krankenhaus geflogen. Da der Rettungshubschrauber auf der Fahrbahn landen musste, wurde die Richtungsfahrbahn Germersheim f\u00fcr ca. 25 Minuten vollgesperrt. Am Motorrad entstand Sachschaden in H\u00f6he von ca. 3000 Euro.<\/p>\n\n\n\n<ul>\n<li><strong>Zeugen, die Angaben zu dem roten Kleinbus machen k\u00f6nnen oder den Unfallhergang beobachtet haben, werden gebeten sich telefonisch oder via E-Mail bei der Polizeiautobahnstation Ruchheim unter 06237\/9330 oder&nbsp;<a href=\"mailto:%20pastruchheim@polizei.rlp.de\">pastruchheim@polizei.rlp.de<\/a>&nbsp;zu melden.<\/strong><\/li>\n<\/ul>\n\n\n\n<h2 class=\"wp-block-heading\">(Speyer) &#8211; Ingewahrsamnahme nach Sachbesch\u00e4digung<\/h2>\n\n\n\n<p>Am Donnerstag gegen 13:30 Uhr beobachtete ein Zeuge einen 49-J\u00e4hrigen in der Stra\u00dfe Am Hammelturm, w\u00e4hrend dieser den Scheibenwischer eines Autos abriss und in aggressiver Grundstimmung davonging. Der Zeuge verfolgte den Tatverd\u00e4chtigen, der von herangef\u00fchrten Polizeibeamten in der Industriestra\u00dfe angetroffen wurde. Er wies einen Atemalkoholgehalt von 0,96 Promille auf, zeigte sich sprunghaft aggressiv und r\u00e4umte die Tat ein. Seine Motivation ist nicht bekannt. Die Beamten nahmen den 49-J\u00e4hrigen in Gewahrsam, um die Begehung weiterer Straftaten zu verhindern. Die H\u00f6he des Sachschadens steht nicht fest.<\/p>\n\n\n\n<h2 class=\"wp-block-heading\">(Limburgerhof) &#8211; Rollerfahrer auf regennasser Fahrbahn gest\u00fcrzt<\/h2>\n\n\n\n<p>Am Donnerstag, den 19.10.2023, gegen 16:50 Uhr, befuhr ein 17-j\u00e4hriger Rollerfahrer die L533 von Mutterstadt kommend in Fahrtrichtung K14\/Rheinstra\u00dfe. Kurz vor dem Kreisverkehr verlor er aufgrund regennasser Fahrbahn die Kontrolle \u00fcber seinen Roller und st\u00fcrzte. Der 17-J\u00e4hrige aus Limburgerhof wurde leicht verletzt und wurde in ein Krankenhaus eingeliefert. Am Roller entstand ein geringer Sachschaden.<\/p>\n\n\n\n<h2 class=\"wp-block-heading\">(Oberotterbach) &#8211; Nicht angepasste Geschwindigkeit f\u00fchrt zum Unfall<a href=\"https:\/\/www.facebook.com\/sharer.php?u=https%3A%2F%2Fwww.presseportal.de%2Fblaulicht%2Fpm%2F117686%2F5630412%2F%3Futm_source%3Dfacebook%26utm_medium%3Dsocial\"><\/a><a href=\"https:\/\/twitter.com\/intent\/tweet?text=POL-PDLD%3A%20Nicht%20angepasste%20Geschwindigkeit%20f%C3%BChrt%20zum%20Unfall&amp;url=https%3A%2F%2Fwww.presseportal.de%2Fblaulicht%2Fpm%2F117686%2F5630412%2F%3Futm_source%3Dtwitter%26utm_medium%3Dsocial&amp;hashtags=ots&amp;lang=de\"><\/a><a href=\"https:\/\/web.whatsapp.com\/send?text=POL-PDLD%3A%20Nicht%20angepasste%20Geschwindigkeit%20f%C3%BChrt%20zum%20Unfall%0A%0Ahttps%3A%2F%2Fwww.presseportal.de%2Fblaulicht%2Fpm%2F117686%2F5630412%2F%3Futm_source%3Dwhatsapp%26utm_medium%3Dsocial\"><\/a><a href=\"https:\/\/www.xing.com\/app\/user?op=share;url=https%3A%2F%2Fwww.presseportal.de%2Fblaulicht%2Fpm%2F117686%2F5630412%2F%3Futm_source%3Dxing%26utm_medium%3Dsocial\"><\/a><a href=\"http:\/\/www.linkedin.com\/shareArticle?mini=true&amp;url=https%3A%2F%2Fwww.presseportal.de%2Fblaulicht%2Fpm%2F117686%2F5630412%2F%3Futm_source%3Dlinkedin%26utm_medium%3Dsocial&amp;title=POL-PDLD%3A+Nicht+angepasste+Geschwindigkeit+f%C3%BChrt+zum+Unfall\"><\/a><a href=\"mailto:?subject=POL-PDLD%3A%20Nicht%20angepasste%20Geschwindigkeit%20f%C3%BChrt%20zum%20Unfall&amp;body=https:\/\/www.presseportal.de\/blaulicht\/pm\/117686\/5630412\"><\/a><\/h2>\n\n\n<div class=\"wp-block-image\">\n<figure class=\"aligncenter size-full\"><img decoding=\"async\" loading=\"lazy\" width=\"800\" height=\"604\" src=\"https:\/\/speyer24news.com\/wp-content\/uploads\/2023\/10\/Unfall_K25.jpeg\" alt=\"\" class=\"wp-image-55279\" srcset=\"https:\/\/speyer24news.com\/wp-content\/uploads\/2023\/10\/Unfall_K25.jpeg 800w, https:\/\/speyer24news.com\/wp-content\/uploads\/2023\/10\/Unfall_K25-300x227.jpeg 300w, https:\/\/speyer24news.com\/wp-content\/uploads\/2023\/10\/Unfall_K25-768x580.jpeg 768w, https:\/\/speyer24news.com\/wp-content\/uploads\/2023\/10\/Unfall_K25-326x245.jpeg 326w, https:\/\/speyer24news.com\/wp-content\/uploads\/2023\/10\/Unfall_K25-80x60.jpeg 80w\" sizes=\"(max-width: 800px) 100vw, 800px\" \/><\/figure><\/div>\n\n\n<p>Gl\u00fcck im Ungl\u00fcck hatten in der Nacht zu Freitag ein junger PKW-Fahrer und seine 4 Mitfahrer, als diese mit einem PKW Mustang am Freitag, den 20.10.2023 gegen 03:30 Uhr, die K 25 von Niederotterbach in Fahrtrichtung Oberotterbach befuhren. Der 21-j\u00e4hrige Fahrer kam aufgrund nicht angepasster Geschwindigkeit bei schlechten Sicht-und Wetterverh\u00e4ltnissen auf der nassen Fahrbahn im Kurvenbereich von der Fahrbahn ab, rutschte einige Meter \u00fcber die angrenzende Wiese und kollidierte anschlie\u00dfend frontal mit einem Baum. Alle Insassen blieben bei dem Unfall gl\u00fccklicherweise unverletzt. An dem PKW entstand ein erheblicher Sachschaden.<\/p>\n\n\n\n<h2 class=\"wp-block-heading\">(Bad Bergzabern) &#8211; Nach Unfall gefl\u00fcchtet<\/h2>\n\n\n\n<p>Am Freitag, den 20.10.23, in der Zeit von 14:00 bis 19:00 Uhr, wurde ein auf dem Parkplatz vor dem Culinarium im R\u00f6tzweg abgestellter PKW der Marke VW, Typ UP!, durch einen daneben stehenden PKW beim Ausparken massiv besch\u00e4digt. Hierbei wurde die Fahrert\u00fcr und der vorderen rechte Kotfl\u00fcgel eingedr\u00fcckt. Der Schaden betr\u00e4gt ca. 2500.- EUR. Der Verursacher entfernte sich einfach, ohne seine Beteiligung anzugeben. <\/p>\n\n\n\n<ul>\n<li><strong>Zeugen werden gebeten sich bei der Polizeiinspektion Bad Bergzabern, Tel.: 06343-93340 zu melden.<\/strong><\/li>\n<\/ul>\n\n\n\n<h2 class=\"wp-block-heading\">(Edenkoben) &#8211; Sitzgruppe besch\u00e4digt<\/h2>\n\n\n\n<p>Unbekannte haben in der Nacht von Mittwoch auf Donnerstag (18.10.2023, 19 Uhr bis 19.10.2023, 9 Uhr) eine Sitzgruppe in der Friedhofstra\u00dfe unmittelbar hinter dem Friedhof besch\u00e4digt. Hierbei wurde das Holz mit vermutlich Stofffetzen angekokelt. Zur\u00fcckliegend kam es bereits am vergangenen Sonntag (TZ:15.10.203, 11 Uhr) zu einem kleineren Brand auf dem Feldweg zwischen Edenkoben und Maikammer und bereits letzte Woche zu kleinen Brandstellen, die von bislang unbekannten Jugendlichen angez\u00fcndet wurden. Sachschaden entstand hierbei nicht. Die polizeilichen Ermittlungen laufen. <\/p>\n\n\n\n<ul>\n<li><strong>Zeugen, die Hinweise zu den Unbekannten geben k\u00f6nnen, werden gebeten, sich mit der Polizei Edenkoben unter der Telefonnummer 06323 9550 in Verbindung zu setzen.<\/strong><\/li>\n<\/ul>\n\n\n\n<h2 class=\"wp-block-heading\">(Rhodt) &#8211; Beleidigungen und Hitlergru\u00df<\/h2>\n\n\n\n<p>In der Kronacher Stra\u00dfe kam es Donnerstagmorgen (19.10.2023, 8 Uhr) zu Streitigkeiten zwischen einem 54 Jahre alten LKW-Fahrer und 63 Jahre alten Autofahrer, weil der Autofahrer anscheinend nicht ungehindert die Stra\u00dfe passieren konnte. Daher parkte er sein Fahrzeug direkt hinter dem LKW, weshalb der Auslieferer beim Entladen seiner Ware gehindert wurde. Im Rahmen der Auseinandersetzung wurde der 63-J\u00e4hrige immer aggressiver, beleidigte den LKW-Fahrer mit volksverhetzenden Parolen und zeigte ihm anschlie\u00dfend den Hitlergru\u00df, bevor er sich mit seinem Pkw aus dem Staub machte. Anhand des Kennzeichens konnte der Aggressor ausfindig gemacht werden. Wegen Volksverhetzung, Beleidigung und N\u00f6tigung wurde gegen ihn ein Strafverfahren eingeleitet.<\/p>\n\n\n\n<h2 class=\"wp-block-heading\">(Maikammer) &#8211; Aggressiver Mann<\/h2>\n\n\n<div class=\"wp-block-image\">\n<figure class=\"aligncenter size-full\"><img decoding=\"async\" loading=\"lazy\" width=\"800\" height=\"425\" src=\"https:\/\/speyer24news.com\/wp-content\/uploads\/2020\/12\/Taser-PI-LU.jpg\" alt=\"\" class=\"wp-image-31596\" srcset=\"https:\/\/speyer24news.com\/wp-content\/uploads\/2020\/12\/Taser-PI-LU.jpg 800w, https:\/\/speyer24news.com\/wp-content\/uploads\/2020\/12\/Taser-PI-LU-300x159.jpg 300w, https:\/\/speyer24news.com\/wp-content\/uploads\/2020\/12\/Taser-PI-LU-768x408.jpg 768w\" sizes=\"(max-width: 800px) 100vw, 800px\" \/><\/figure><\/div>\n\n\n<p>Am Mittwochabend musste die Polizei gegen einen 25 Jahre alten Mann den Taser einsetzen. Verschiedene Anwohner der Immengartenstra\u00dfe meldeten eine m\u00e4nnliche Person, welche in verschiedenen Vorg\u00e4rten randalieren w\u00fcrde. Die Streife konnte den \u00e4u\u00dferst aggressiven Mann ausfindig machen. Den Anweisungen der Polizei leistete er keine Folge, weshalb der Taser eingesetzt werden musste. Im Anschluss daran konnte der Mann gefesselt und in eine Fachklinik gebracht werden. Gegen ihn wurde ein Strafverfahren eingeleitet. <\/p>\n\n\n\n<ul>\n<li><strong>Zeugen, die die Sachbesch\u00e4digungen mitbekommen haben, werden gebeten, sich mit der Polizei Edenkoben unter der Telefonnummer 06323 9550 in Verbindung zu setzen.<\/strong><\/li>\n<\/ul>\n\n\n\n<h2 class=\"wp-block-heading\">(Ha\u00dfloch) &#8211; Handynutzung f\u00fchrt zu Strafanzeige<\/h2>\n\n\n\n<p>Ein 26 Jahre alter Ha\u00dflocher wurde in der Waldstra\u00dfe in 67454 Ha\u00dfloch einer Verkehrskontrolle unterzogen, da dieser zuvor w\u00e4hrend des Fahrradfahrens sein Mobiltelefon benutzte. W\u00e4hrend der Kontrollma\u00dfnahmen konnte bei dem 26-J\u00e4hrigen in dessen mitgef\u00fchrter Sporttasche eine geringe Menge an Amphetamin und Marihuana aufgefunden und sichergestellt werden. Nun muss sich der 26-Jh\u00e4hrige Ha\u00dflocher in einem Strafverfahren wegen des Versto\u00dfes gegen das Bet\u00e4ubungsmittelgesetzt verantworten.<\/p>\n\n\n\n<h2 class=\"wp-block-heading\">(Frankenthal) &#8211; Einbruch in Gastst\u00e4tte mit T\u00e4terfestnahme<\/h2>\n\n\n\n<p>Am 20.10.2023, gegen 05.15 Uhr, wurde durch einen Zeugen ein Einbruch in eine Gastst\u00e4tte im Albrecht-D\u00fcrer-Ring, H\u00f6he Hausnummer 10, gemeldet. Durch die eingesetzten Kr\u00e4fte konnte sodann in der Gastst\u00e4tte ein 44-j\u00e4hriger Mann aus Bobenheim-Roxheim festgestellt werden, welcher zuvor durch Einschlagen einer Scheibe in die Gastst\u00e4tte eindrang und dort zwei Spielautomaten aufbrach. Die Beute, ein mittlerer zweistelliger Betrag, konnte bei ihm festgestellt werden. Da er zudem noch alkoholisiert war, wurde ihm eine Blutprobe entnommen. Ihn erwartet nun ein Strafverfahren. Der Gesamtschaden wird auf etwa 2000 Euro gesch\u00e4tzt.<\/p>\n\n\n\n<ul>\n<li><strong>Zeugen werden gebeten sich an die Polizeiinspektion Frankenthal unter der Tel.-Nr.: 06233\/313-0 oder an die Polizeiwache Maxdorf unter der Tel.-Nr.: 06237\/934-1100 zu wenden. Gerne nehmen wir Ihre Hinweise auch per E-Mail unter&nbsp;<a href=\"mailto:%20pifrankenthal@polizei.rlp.de\">pifrankenthal@polizei.rlp.de<\/a>&nbsp;entgegen.<\/strong><\/li>\n<\/ul>\n\n\n\n<h2 class=\"wp-block-heading\">(Ludwigshafen) &#8211; Einbr\u00fcche im Stadtgebiet \/ Zeugen gesucht<\/h2>\n\n\n\n<p>Unbekannte T\u00e4ter verschafften sich zwischen dem 16.10.23, 14:00 Uhr und dem 19.10.23, 06:45 Uhr vermutlich gewaltsam Zutritt zu einer Garage in der Dubliner Stra\u00dfe. Im Innern entwendeten sie diverse Werkzeuge im Wert von rund 1.200 Euro.<\/p>\n\n\n\n<p>Zwischen Donnerstag (19.10.23, 22:30 Uhr) und dem Freitag (20.10.23, 02:20 Uhr) brachen unbekannte T\u00e4ter in einen Kiosk in der Comeniusstra\u00dfe ein. Die T\u00e4ter stahlen rund 1.000 Euro Bargeld und versachten durch den Einbruch etwa 1.000 Euro Sachschaden.<\/p>\n\n\n\n<ul>\n<li><strong>Haben Sie im Tatzeitraum verd\u00e4chtige Personen oder Fahrzeuge in der Dubliner Stra\u00dfe oder der Comeniusstra\u00dfe festgestellt? Sachdienliche Hinweise nimmt die Kriminalpolizei Ludwigshafen unter der Telefonnummer 0621\/963-2773 oder per E-Mail&nbsp;<a href=\"mailto:%20kiludwigshafen.k1.kdd@polizei.rlp.de\">kiludwigshafen.k1.kdd@polizei.rlp.de<\/a>&nbsp;entgegen.<\/strong><\/li>\n<\/ul>\n\n\n\n<h2 class=\"wp-block-heading\">(Ludwigshafen) &#8211; Verkehrsunfall mit verletztem Kind<\/h2>\n\n\n\n<p>Donnerstagabend (19.10.2023) fuhr ein Autofahrer durch die Mundenheimer Stra\u00dfe, als ein 12-j\u00e4hriger Junge zwischen zwei geparkten Fahrzeugen auf die Stra\u00dfe lief. Der Mann konnte nicht rechtzeitig bremsen und stie\u00df mit dem Kind zusammen. Es st\u00fcrzte zu Boden und erlitt eine Platzwunde an der Schl\u00e4fe, weshalb es in ein umliegendes Krankenhaus verbracht wurde. Am Auto entstand ein Schaden in H\u00f6he von rund 1.500 Euro.<\/p>\n\n\n\n<ul>\n<li><strong>Sachdienliche Hinweise bitte an die Polizeiinspektion Ludwigshafen 1, Telefonnummer 0621 963-2122 oder per E-Mail&nbsp;<a href=\"mailto:%20piludwigshafen1@polizei.rlp.de\">piludwigshafen1@polizei.rlp.de<\/a>&nbsp;.<\/strong><\/li>\n<\/ul>\n\n\n\n<h2 class=\"wp-block-heading\">(Ludwigshafen) &#8211; K\u00f6rperverletzung im Bus \/ Zeugen gesucht<\/h2>\n\n\n<div class=\"wp-block-image\">\n<figure class=\"aligncenter size-full\"><img decoding=\"async\" loading=\"lazy\" width=\"801\" height=\"600\" src=\"https:\/\/speyer24news.com\/wp-content\/uploads\/2020\/05\/Zeugen-gesucht-Neutral.jpg\" alt=\"\" class=\"wp-image-26598\" srcset=\"https:\/\/speyer24news.com\/wp-content\/uploads\/2020\/05\/Zeugen-gesucht-Neutral.jpg 801w, https:\/\/speyer24news.com\/wp-content\/uploads\/2020\/05\/Zeugen-gesucht-Neutral-300x225.jpg 300w, https:\/\/speyer24news.com\/wp-content\/uploads\/2020\/05\/Zeugen-gesucht-Neutral-768x575.jpg 768w, https:\/\/speyer24news.com\/wp-content\/uploads\/2020\/05\/Zeugen-gesucht-Neutral-678x509.jpg 678w, https:\/\/speyer24news.com\/wp-content\/uploads\/2020\/05\/Zeugen-gesucht-Neutral-326x245.jpg 326w, https:\/\/speyer24news.com\/wp-content\/uploads\/2020\/05\/Zeugen-gesucht-Neutral-80x60.jpg 80w\" sizes=\"(max-width: 801px) 100vw, 801px\" \/><\/figure><\/div>\n\n\n<p>Am Donnerstag um ca. 18:45 Uhr gerieten Jugendliche in einem Linienbus (Linie 74 vom Berliner Platz Rtg. Gartenstadt) w\u00e4hrend der Fahrt in Streit. Zwei namentlich unbekannte Jungen packten dabei ein 14-j\u00e4hriges M\u00e4dchen, schlugen und w\u00fcrgten sie. Das M\u00e4dchen und zwei Freundinnen fl\u00fcchteten an der Haltestelle &#8218;Hochfeldstra\u00dfe&#8216; aus dem Bus.<\/p>\n\n\n\n<h4 class=\"wp-block-heading\">Wenn Sie einen verd\u00e4chtigen Sachverhalt beobachten bitte die Tipps Ihrer Polizei um Zivilcourage zu zeigen:<\/h4>\n\n\n\n<p><strong>Zivilcourage geht uns alle an &#8211; denn jeder kann helfen, ohne sich selbst in Gefahr zu bringen.<\/strong><\/p>\n\n\n\n<ol>\n<li><strong>Helfen Sie, aber bringen Sie sich nicht in Gefahr<\/strong><\/li>\n\n\n\n<li><strong>Rufen Sie die Polizei unter 110<\/strong><\/li>\n\n\n\n<li><strong>Bitten Sie andere um Mithilfe<\/strong><\/li>\n\n\n\n<li><strong>Pr\u00e4gen Sie sich T\u00e4termerkmale ein<\/strong><\/li>\n\n\n\n<li><strong>K\u00fcmmern Sie sich um Opfer<\/strong><\/li>\n\n\n\n<li><strong>Sagen Sie als Zeuge aus<\/strong><\/li>\n<\/ol>\n\n\n\n<ul>\n<li><strong>Haben Sie die Tat beobachtet oder k\u00f6nnen Sie sachdienliche Hinweise geben? Melden Sie sich bitte bei der Polizeiinspektion Ludwigshafen 1, Telefonnummer 0621 963-2122 oder per E-Mail&nbsp;<a href=\"mailto:%20piludwigshafen1@polizei.rlp.de\">piludwigshafen1@polizei.rlp.de<\/a>&nbsp;. \u2003<\/strong><\/li>\n<\/ul>\n\n\n\n<h2 class=\"wp-block-heading\">(Ludwigshafen) &#8211; Fahrradfahrer verletzt sich bei Sturz schwer<\/h2>\n\n\n\n<p>Ein 61-j\u00e4hriger Mann st\u00fcrzte am Donnerstag (19.10.2023), als er mit seinem Fahrrad die Lagerhausstra\u00dfe befuhr. Vermutlich rutschte der Hinterreifen seines Rades auf den regennassen Bahngleisen weg, die \u00fcber die Fahrbahn verlaufen. Der Fahrradfahrer wurde bei dem Sturz schwerverletzt und durch den Rettungsdienst in ein umliegendes Krankenhaus verbracht.<\/p>\n\n\n\n<h2 class=\"wp-block-heading\">(Ludwigshafen) &#8211; Verkehrsunfall mit Rettungswagen<\/h2>\n\n\n\n<p>Ein 19-j\u00e4hriger Ludwigshafener fuhr am Donnerstag (19.10.2023) mit seinem Auto durch die Wollstra\u00dfe, als er die Kontrolle \u00fcber sein Fahrzeug verlor und einen entgegenkommenden Rettungswagen touchierte. Durch den Zusammensto\u00df wurde der Fahrer des Rettungswagens leicht verletzt. Am Auto des 19-j\u00e4hrigen entstand ein Schaden in H\u00f6he von ca. 2.000 Euro. Am Rettungswagen wurde ein Streifschaden in H\u00f6he von ca. 1.500 Euro verursacht.<\/p>\n\n\n\n<h2 class=\"wp-block-heading\">(Ludwigshafen) &#8211; Verkehrsunfallflucht \/ Zeugen gesucht<\/h2>\n\n\n\n<p>Auf einem Parkplatz in der Giulinistra\u00dfe wurde am Donnerstag (19.10.2023) zwischen 04:00 und 13:00 Uhr ein schwarzer Mercedes besch\u00e4digt. Die Fahrzeughalterin bemerkte Kratzer an der Hecksch\u00fcrze, die zuvor nicht vorhanden waren. Aufgrund des Schadensbildes liegt die Vermutung nahe, dass ein anderes Auto den Mercedes beim Ein- oder Ausparken touchierte.<\/p>\n\n\n\n<ul>\n<li><strong>Haben Sie den Unfall beobachtet oder k\u00f6nnen Sie sachdienliche Hinweise geben? Melden Sie sich bitte bei der Polizeiinspektion Ludwigshafen 1, Telefonnummer 0621 963-2122 oder per E-Mail&nbsp;<a href=\"mailto:%20piludwigshafen1@polizei.rlp.de\">piludwigshafen1@polizei.rlp.de<\/a>&nbsp;.<\/strong><\/li>\n<\/ul>\n\n\n\n<h2 class=\"wp-block-heading\">(Ludwigshafen) &#8211; Trickdiebstahl \/ T\u00e4ter entwendet rund 500 Euro Bargeld<\/h2>\n\n\n\n<p>Zum einem Trickdiebstahl kam es am 19.10.23 kurz nach 11 Uhr in der Bremserstra\u00dfe in Ludwigshafen. Ein unbekannter T\u00e4ter erkundigte sich bei einem 85-J\u00e4hrigen, ob dieser ihm Geld wechseln k\u00f6nne. Als der Gesch\u00e4digte seine Geldb\u00f6rse \u00f6ffnete, griff der T\u00e4ter hinein und begab sich mit Bargeld in H\u00f6he von rund 500 Euro auf die Flucht. <\/p>\n\n\n\n<h4 class=\"wp-block-heading\">Der T\u00e4ter war laut dem Gesch\u00e4digten:<\/h4>\n\n\n\n<ul>\n<li><strong>zwischen 45 und 50 Jahre alt, <\/strong><\/li>\n\n\n\n<li><strong>circa 1,75 m bis 1,80 m gro\u00df <\/strong><\/li>\n\n\n\n<li><strong>und hatte kurze, dunkle Haare.<\/strong><\/li>\n<\/ul>\n\n\n\n<ul>\n<li><strong>Haben Sie zur Tatzeit eine verd\u00e4chtige Person in der Bremserstra\u00dfe beobachtet? Sachdienliche Hinweise bitte an die Polizeiinspektion Ludwigshafen 2, Telefonnummer 0621 963-2222 oder per E-Mail&nbsp;<a href=\"mailto:%20piludwigshafen2@polizei.rlp.de\">piludwigshafen2@polizei.rlp.de<\/a>&nbsp;.<\/strong><\/li>\n<\/ul>\n\n\n\n<p>Bei dem sogenannten &#8222;Wechseltrick&#8220; nutzen T\u00e4ter bewusst die Gutm\u00fctigkeit potentieller Opfer aus. W\u00e4hrend diese einen bestimmten Geldbetrag wechseln, stehlen die T\u00e4ter Bargeldbetr\u00e4ge oder Wertgegenst\u00e4nde ihrer Opfer und fl\u00fcchten im Anschluss mit ihrer Beute. Seien Sie daher misstrauisch, wenn Fremde Sie unter einem solchen Vorwand ansprechen und haben Sie Ihre Geldb\u00f6rse und Ihre Wertsachen stets im Blick.<\/p>\n\n\n\n<h2 class=\"wp-block-heading\">(Ludwigshafen) &#8211; Mehrere Fahrzeuge aufgebrochen \/ Zeugen gesucht<\/h2>\n\n\n\n<p>In der Knollstra\u00dfe schlugen unbekannte T\u00e4ter zwischen dem 17.10.23, 18:30 Uhr und dem 18.10.23, 09:15 Uhr die Scheibe eines geparkten Autos ein. Aus dem Fahrzeuginnern entwendeten sie circa 150 Euro Bargeld und verursachten rund 350 Euro Sachschaden.<\/p>\n\n\n\n<p>Zwei weitere Einbr\u00fcche ereigneten sich zwischen dem 18.10.23, 16:30 Uhr und dem 19.10.23, 07:30 Uhr in der Erich-Reimann-Stra\u00dfe in Ludwigshafen. Unbekannte T\u00e4ter zerschlugen dort die Scheiben zweier geparkter Autos. Dabei entwendeten die T\u00e4ter Elektroger\u00e4te und weitere Wertgegenst\u00e4nde. Der Gesamtschaden betr\u00e4gt rund 3.000 Euro.<\/p>\n\n\n\n<p>Haben Sie zum Tatzeitpunkt verd\u00e4chtige Personen in der Knollstra\u00dfe oder der Erich-Reimann-Stra\u00dfe beobachtet? Sachdienliche Hinweise nimmt die Kriminalpolizei Ludwigshafen unter der Telefonnummer 0621\/963-2773 oder per E-Mail&nbsp;<a href=\"mailto:%20kiludwigshafen.k1.kdd@polizei.rlp.de\">kiludwigshafen.k1.kdd@polizei.rlp.de<\/a>&nbsp;entgegen.<\/p>\n\n\n\n<p>Aktuell kommt es vermehrt zu Einbr\u00fcchen in abgestellte Fahrzeuge. Die Polizei warnt in diesem Zusammenhang davor, Wertgegenst\u00e4nde f\u00fcr andere offen ersichtlich im Auto aufzubewahren. Nehmen Sie Wertsachen wie Portemonnaie, Handy oder wichtige Dokumente beim Verlassen an sich und belassen Sie diese auch \u00fcber Nacht nicht im Fahrzeug.<\/p>\n\n\n\n<h2 class=\"wp-block-heading\">(Ludwigshafen) &#8211; Betr\u00fcger am Telefon \/ Bankmitarbeiter verhindern hohen Sachschaden<\/h2>\n\n\n\n<p>Ein 66-j\u00e4hriger Mann aus Ludwigshafen erhielt am Donnerstag (19.10.23) gegen 05:45 Uhr eine WhatsApp-Nachricht von seinem angeblichen Sohn. Dieser brauche Geld. Der Mann nahm daraufhin selbstst\u00e4ndig Kontakt zu seinem echten Sohn auf und wurde durch ihn auf den Betrugsversuch aufmerksam. Ein Schaden entstand nicht.<\/p>\n\n\n\n<p>Zu einem weiteren betr\u00fcgerischen Anruf kam es am Mittwoch (18.10.23). Eine 73-J\u00e4hige erhielt einen Anruf von einem angeblichen Polizeibeamten aus Oggersheim. Die Tochter der Seniorin habe einen t\u00f6dlichen Verkehrsunfall verursacht. Um die Verhaftung ihrer Tochter abzuwenden, m\u00fcsse sie eine Kaution in H\u00f6he von 10.000 Euro bezahlen. Als die 73-J\u00e4hrige den Betrag am Folgetag bei ihrer Bank abheben wollte, erkannten Bankmitarbeiter den Betrugsversuch und verst\u00e4ndigten die Polizei.<\/p>\n\n\n\n<h2 class=\"wp-block-heading\">(Ludwigshafen) &#8211; Aufbruch eines Fahrzeuges \/ Zeugen gesucht<\/h2>\n\n\n\n<p>In der Nacht von Mittwoch (18.10.2023) auf Donnerstag (19.10.2023) verschafften sich Unbekannte Zutritt zum Werksgel\u00e4nde der RNV an der K7\/Hauptstra\u00dfe. Sie schlugen die Seitenscheibe eines VW-Busses ein und entwendeten daraus Werkzeug im Wert von ca. 200 Euro.<\/p>\n\n\n\n<ul>\n<li><strong>Haben Sie die Tat beobachtet oder k\u00f6nnen Sie sachdienliche Hinweise geben? Melden Sie sich bitte bei der Polizeiinspektion Ludwigshafen 1, Telefonnummer 0621 963-2122 oder per E-Mail&nbsp;<a href=\"mailto:%20piludwigshafen1@polizei.rlp.de\">piludwigshafen1@polizei.rlp.de<\/a>&nbsp;.<\/strong><\/li>\n<\/ul>\n\n\n\n<h2 class=\"wp-block-heading\">(Mannheim) &#8211; Mehrere Autos mutwillig besch\u00e4digt \/ Zeugen gesucht!<\/h2>\n\n\n\n<p>Ein derzeit noch unbekannter T\u00e4ter zerkratzte in der Nacht von Mittwoch auf Donnerstag nach derzeitigem Ermittlungsstand mutwillig drei in der Angelstra\u00dfe geparkte Autos und verursachte einen Sachschaden in H\u00f6he von mehreren tausend Euro. <\/p>\n\n\n\n<ul>\n<li><strong>Das Polizeirevier Mannheim-Neckarau hat die weiteren Ermittlungen aufgenommen und sucht nun Zeugen, welche verd\u00e4chtige Wahrnehmungen gemacht haben und bittet diese, sich unter der Nummer 0621\/83397-0 zu melden.<\/strong><\/li>\n<\/ul>\n\n\n\n<h2 class=\"wp-block-heading\">(Mannheim-Neckarstadt) &#8211; Zeugen nach Wohnungseinbruch gesucht<\/h2>\n\n\n\n<p>Nachdem eine unbekannte T\u00e4terschaft zwischen Freitag und Mittwoch in eine Souterrainwohnung in der Soironstra\u00dfe einbrach, sucht das Polizeirevier Mannheim-Neckarstadt Zeugen. Die T\u00e4terschaft verschaffte sich gewaltsam Zutritt zu dem Mehrfamilienhaus und \u00f6ffnete mittels massiver Gewalteinwirkung die Wohnungst\u00fcr. Ersten Ermittlungen zufolge wurden Werkzeuge im Wert von mehreren hundert Euro entwendet. Die H\u00f6he des entstandenen Schadens an den T\u00fcren ist noch unbekannt. <\/p>\n\n\n\n<ul>\n<li><strong>Zeugen, die verd\u00e4chtige Wahrnehmungen gemacht haben, werden gebeten, sich beim kriminalpolizeilichen Hinweistelefon unter der Nummer 0621\/174-4444 zu melden.<\/strong><\/li>\n<\/ul>\n\n\n\n<h2 class=\"wp-block-heading\">(Mannheim-Rheinau) &#8211; Zwei Tatverd\u00e4chtige nach gemeinschaftlichem Ladendiebstahl festgenommen<\/h2>\n\n\n\n<p><\/p>\n\n\n\n<p>Am vergangen Mittwoch konnten zwei Tatverd\u00e4chtige durch einen Zeugen dabei beobachtet werden, wie sie in einem Lebensmittelgesch\u00e4ft im Stadtteil Mannheim-Rheinau diverse Waren gemeinsam in einem Rucksack verstauten und versuchten anschlie\u00dfend das Gesch\u00e4ft zu verlassen, ohne die Waren zu bezahlen. Beide konnten durch die alarmierte Polizei im Gesch\u00e4ft vorl\u00e4ufig festgenommen werden und im weiteren Verlauf, nach Antragstellung durch die Staatsanwaltschaft Mannheim, dem Amtsgericht Mannheim im Rahmen des sogenannten beschleunigten Verfahrens vorgef\u00fchrt werden. Im Zuge des Verfahrens wurde ein 38j\u00e4hriger Tatverd\u00e4chtiger zu einer Geldstrafe, der zweite 34j\u00e4hrige Tatverd\u00e4chtige zu einer Bew\u00e4hrungsstrafe verurteilt.<\/p>\n\n\n\n<h2 class=\"wp-block-heading\">(Heidelberg) &#8211; Radfahrerin st\u00fcrzt nach \u00dcberholvorgang \/ Zeugen gesucht<\/h2>\n\n\n\n<p>Am Donnerstagabend, um 20:40 Uhr befuhr eine 20-j\u00e4hrige Radfahrerin dem Schutzstreifen f\u00fcr Radfahrer auf der Rohrbacher Stra\u00dfe in n\u00f6rdliche Richtung. An der Kreuzung zur Blumenstra\u00dfe zeigte die dortige Ampel rot, so dass sie ihre Geschwindigkeit minimierte. Ein dahinter befindliches Taxi der Marke Toyota \u00fcberholte sie, ohne den erforderlichen Sicherheitsabstand zu halten. Hierdurch verlor die Radfahrerin ihr Gleichgewicht und st\u00fcrzte, nachdem sie sich kurz am Taxi abgest\u00fctzt hatte, zu Boden. Durch den Sturz zog sie sich leichte Verletzungen zu. Der Taxifahrer hielt an, nachdem er einen Schlag an seinem Taxi wahrgenommen hatte. Er stieg aus, sprach kurz mit der Radfahrerin und setzte seine Fahrt unvermittelt fort. Die Radfahrerin suchte im Anschluss das Polizeirevier Heidelberg-Mitte auf und erstattete Anzeige. Eine unmittelbar eingeleitete Fahndung nach dem Taxi-Fahrer verlief erfolgreich und der 47-j\u00e4hrige Taxifahrer konnte angetroffen werden. Dieser machte allerdings keine Angaben zum Unfallhergang. <\/p>\n\n\n\n<ul>\n<li><strong>Das Polizeirevier Heidelberg-Mitte hat die Ermittlungen aufgenommen und ist auf der Suche nach Zeugen, welche Angaben zum Unfallhergang machen k\u00f6nnen. Diese werden gebeten, sich beim Polizeirevier Heidelberg-Mitte unter der Tel.-Nr.: 06221\/18570 zu melden.<\/strong><\/li>\n<\/ul>\n\n\n\n<h2 class=\"wp-block-heading\">(Heidelberg) &#8211; Zeugenaufruf nach Unfall in der Kurf\u00fcrsten-Anlage<\/h2>\n\n\n\n<p>Am Donnerstagmorgen ereignete sich um 08:20 Uhr ein Unfall in der Kurf\u00fcrsten-Anlage, in H\u00f6he der Schwanenteichanlage. Ein 49-j\u00e4hriger Volvo-Fahrer befand sich auf der Kurf\u00fcrsten-Anlage und fuhr in Richtung R\u00f6merkreis. An der Haltestellte Stadtb\u00fccherei musste der Volvo-Fahrer aufgrund der dortigen Ampel bremsen. Ein 64-j\u00e4hrige Mercedes-Fahrer, der hinter dem Volvo fuhr, erkannte dies zu sp\u00e4t und fuhr auf den Volvo auf. Hierbei entstand Sachschaden in bislang noch nicht bekannter H\u00f6he.<\/p>\n\n\n\n<ul>\n<li><strong>Beide Unfallbeteiligte machen unterschiedliche Angaben zum Unfallhergang, weshalb das Polizeirevier Heidelberg-Mitte auf Zeugenangaben angewiesen ist. Diese werden gebeten, sich unter der Tel.-Nr.: 06221\/18570 beim Polizeirevier Heidelberg-Mitte zu melden.<\/strong><\/li>\n<\/ul>\n\n\n\n<h2 class=\"wp-block-heading\">(A 5 \/ Walldorf \/ Rhein-Neckar-Kreis) &#8211; Verkehrsunfall mit zwei beteiligten Fahrzeugen<\/h2>\n\n\n\n<p>Am Freitagmorgen gegen 06:20 Uhr kam es auf der A5 in Fahrtrichtung Heidelberg zwischen dem Autobahnkreuz Walldorf und der Anschlussstelle Walldorf\/Wiesloch ersten Ermittlungen zufolge zu einem Verkehrsunfall zwischen einem Auto und einem LKW. Ob Unfallbeteiligte verletzt wurden, ist noch nicht gekl\u00e4rt. Der Verkehr wird \u00fcber den Standstreifen an der Unfallstelle vorbeigeleitet. Aufgrund der Fahrbahnsperrung kann es zu nicht unerheblichen Verkehrsbeeintr\u00e4chtigungen kommen.<\/p>\n\n\n\n<h3 class=\"wp-block-heading has-text-align-center\">Pressemitteilung Nr. 2<\/h3>\n\n\n\n<p>Nach dem Unfall am Freitagmorgen gegen 06:20 Uhr auf der A5 zwischen dem Kreuz Walldorf und der Anschlussstelle Walldorf\/Wiesloch ist die Unfallursache nun klar. Eine 38-j\u00e4hrige Subaru-Fahrerin verlor auf der regennassen Fahrbahn die Kontrolle \u00fcber ihr Fahrzeug und kollidierte mit der Mittelleitplanke. Hier wird die Autofahrerin abgewiesen und geriet auf den rechten der beiden Fahrstreifen. Einem nachfolgenden LKW-Fahrer gelang es nicht mehr, dem Subaru auszuweichen, weshalb es zum Zusammensto\u00df kam. Hierdurch drehte sich der Subaru um die eigene Achse und kam quer zur Fahrbahn auf dem linken Fahrstreifen zum Stillstand. Die Frau blieb bei dem Unfall gl\u00fccklicherweise unverletzt, wurde jedoch vorsorglich in ein nahegelegenes Krankenhaus gebracht. W\u00e4hrend der Unfallaufnahme musste der Verkehr \u00fcber den Standstreifen an der Unfallstelle vorbeigeleitet werden. Aufgrund austretender Betriebsstoffe musste eine Fachfirma die Fahrbahn reinigen. Die Autobahn konnte gegen 09 Uhr wieder f\u00fcr den Verkehr freigegeben werden. Aufgrund der Sperrung kam es zu erheblichen Verkehrsbehinderungen und einem R\u00fcckstau von mehreren Kilometern.<\/p>\n\n\n\n<h2 class=\"wp-block-heading\">(A 5 &#8211; AS Kronau \/ Rhein-Neckar-Kreis) &#8211; Verkehrsunfall<\/h2>\n\n\n\n<p>Aufgrund eines Verkehrsunfalls auf der BAB A 5 von Karlsruhe kommend in Richtung Walldorf mit mehreren beteiligten Fahrzeugen, kommt es zu Verkehrsbeeintr\u00e4chtigungen. Die Fahrspuren in Richtung Walldorf sind aufgrund der Arbeiten des Rettungsdienstes, der Feuerwehr und der Polizei vollgesperrt. Ortskundige Verkehrsteilnehmer wird empfohlen die Unfallstelle weitr\u00e4umig zu umfahren. N\u00e4here Informationen liegen noch nicht vor. Es wird nachberichtet. (<em>19.10.2023 \u2013 20:35<\/em>) <\/p>\n\n\n\n<h3 class=\"wp-block-heading has-text-align-center\">Zwei leicht verletzte Personen &#8211; Pressemeldung Nr. 2<\/h3>\n\n\n\n<p>Wie bereits berichtet, ereignete sich am 19.10.2023 gegen 20:10 Uhr ein Verkehrsunfall mit mehreren Fahrzeugen. Nach derzeitigem Stand der Ermittlungen wurden zwei Personen bei dem Unfall leicht verletzt und vorsorglich zur weiteren Untersuchung in ein nahegelegenes Krankenhaus verbracht. Aufgrund der Ma\u00dfnahmen am Unfallort und den Rettungsarbeiten war die Fahrspur der A5 kurz nach der Anschlussstelle Kronau in Richtung Walldorf bis 23:20 Uhr gesperrt. Es ergaben sich leichte Verkehrsbeeintr\u00e4chtigungen, die sich nach dem Aufheben der Sperrung schnell wieder entspannten. Die Weiteren Ermittlungen zur Unfallursache werden vom Autobahnpolizeirevier in Walldorf durchgef\u00fchrt.<\/p>\n\n\n\n<h2 class=\"wp-block-heading\">(Wilhelmsfeld \/ Rhein-Neckar-Kreis) &#8211; Einbruch in Einfamilienhaus \/ Zeugen gesucht!<\/h2>\n\n\n\n<p>Am Donnerstagabend zwischen 18:00 Uhr und 23:30 Uhr verschaffte sich eine derzeit noch unbekannte T\u00e4terschaft gewaltsam Zutritt zu einem Einfamilienhaus im Angelhofweg und erbeutete Diebesgut im Wert von mehreren tausend Euro. Die T\u00e4terschaft riss den herabgelassenen Rollladen aus der Verankerung und hebelte ein Fenster auf. Im Inneren des Hauses wurden s\u00e4mtliche Schr\u00e4nke und Schubladen nach Wertgegenst\u00e4nden durchw\u00fchlt. Neben Bargeld entwendete die T\u00e4terschaft auch hochwertigen Schmuck. <\/p>\n\n\n\n<p><strong>Die Kriminalpolizeidirektion Heidelberg sucht nun Zeugen, welche Hinweise zu der T\u00e4terschaft geben k\u00f6nnen und bittet diese, sich unter der Telefonnummer 0621\/174-4444 zu melden<\/strong><\/p>\n","protected":false},"excerpt":{"rendered":"<div class=\"mh-excerpt\"><p>Polizeimeldungen vom Freitag (20.10.2023) (Speyer) &#8211; N\u00e4chtliche Schl\u00e4gerei vor Tankstelle In der Nacht von Donnerstag auf Freitag gegen 04:40 Uhr meldeten Zeugen eine Schl\u00e4gerei vor einer Tankstelle in der Industriestra\u00dfe. Die Beamten trafen vier M\u00e4nner <a class=\"mh-excerpt-more\" href=\"https:\/\/speyer24news.com\/?p=55272\" title=\"Polizeimeldungen Freitag (20.10.23)\">[&#8230;]<\/a><\/p>\n<\/div>","protected":false},"author":3,"featured_media":26162,"comment_status":"open","ping_status":"open","sticky":false,"template":"","format":"standard","meta":{"_monsterinsights_skip_tracking":false,"_monsterinsights_sitenote_active":false,"_monsterinsights_sitenote_note":"","_monsterinsights_sitenote_category":0,"footnotes":""},"categories":[15659],"tags":[7243,7244,3614,350,14537,15084,15267,14538,15361,15845,61,2555,6955,6986,6263,63,105,11150,6987,53,4854,13534,4683,1548,4905,12967,11592,102,13626,213,14325,14324,13553,13541,55,8277,6368],"aioseo_notices":[],"amp_enabled":true,"_links":{"self":[{"href":"https:\/\/speyer24news.com\/index.php?rest_route=\/wp\/v2\/posts\/55272"}],"collection":[{"href":"https:\/\/speyer24news.com\/index.php?rest_route=\/wp\/v2\/posts"}],"about":[{"href":"https:\/\/speyer24news.com\/index.php?rest_route=\/wp\/v2\/types\/post"}],"author":[{"embeddable":true,"href":"https:\/\/speyer24news.com\/index.php?rest_route=\/wp\/v2\/users\/3"}],"replies":[{"embeddable":true,"href":"https:\/\/speyer24news.com\/index.php?rest_route=%2Fwp%2Fv2%2Fcomments&post=55272"}],"version-history":[{"count":5,"href":"https:\/\/speyer24news.com\/index.php?rest_route=\/wp\/v2\/posts\/55272\/revisions"}],"predecessor-version":[{"id":55285,"href":"https:\/\/speyer24news.com\/index.php?rest_route=\/wp\/v2\/posts\/55272\/revisions\/55285"}],"wp:featuredmedia":[{"embeddable":true,"href":"https:\/\/speyer24news.com\/index.php?rest_route=\/wp\/v2\/media\/26162"}],"wp:attachment":[{"href":"https:\/\/speyer24news.com\/index.php?rest_route=%2Fwp%2Fv2%2Fmedia&parent=55272"}],"wp:term":[{"taxonomy":"category","embeddable":true,"href":"https:\/\/speyer24news.com\/index.php?rest_route=%2Fwp%2Fv2%2Fcategories&post=55272"},{"taxonomy":"post_tag","embeddable":true,"href":"https:\/\/speyer24news.com\/index.php?rest_route=%2Fwp%2Fv2%2Ftags&post=55272"}],"curies":[{"name":"wp","href":"https:\/\/api.w.org\/{rel}","templated":true}]}}