{"id":55539,"date":"2023-10-29T23:49:28","date_gmt":"2023-10-29T22:49:28","guid":{"rendered":"https:\/\/speyer24news.com\/?p=55539"},"modified":"2023-10-29T23:49:30","modified_gmt":"2023-10-29T22:49:30","slug":"polizeimeldungen-sonntag-29-10-23","status":"publish","type":"post","link":"https:\/\/speyer24news.com\/?p=55539","title":{"rendered":"Polizeimeldungen Sonntag (29.10.23)"},"content":{"rendered":"<style type=\"text\/css\">\r\n\t.ads_top_disp{}\r\n\t.ads_top_corner_disp{ float:left; margin:0px 10px 10px 0px; }\r\n\t.ads_first_p_disp{}\r\n\t.ads_bottom_disp{}\r\n\t<\/style>\n<h2 class=\"wp-block-heading\">Polizeimeldungen vom Sonntag (29.10.2023)<\/h2>\n\n\n<div class=\"wp-block-image\">\n<figure class=\"aligncenter size-full\"><img decoding=\"async\" loading=\"lazy\" width=\"375\" height=\"500\" src=\"https:\/\/speyer24news.com\/wp-content\/uploads\/2022\/03\/Aktuelles-Polizeilogo.jpg\" alt=\"\" class=\"wp-image-43591\" srcset=\"https:\/\/speyer24news.com\/wp-content\/uploads\/2022\/03\/Aktuelles-Polizeilogo.jpg 375w, https:\/\/speyer24news.com\/wp-content\/uploads\/2022\/03\/Aktuelles-Polizeilogo-225x300.jpg 225w\" sizes=\"(max-width: 375px) 100vw, 375px\" \/><\/figure><\/div>\n\n\n<h2 class=\"wp-block-heading\">(Speyer) &#8211; Herbstmesse<\/h2>\n\n\n<div class=\"wp-block-image\">\n<figure class=\"aligncenter size-full\"><img decoding=\"async\" loading=\"lazy\" width=\"800\" height=\"602\" src=\"https:\/\/speyer24news.com\/wp-content\/uploads\/2023\/10\/Riesenrad-Speyer-Barth-Geisterbahn.jpg\" alt=\"\" class=\"wp-image-55448\" srcset=\"https:\/\/speyer24news.com\/wp-content\/uploads\/2023\/10\/Riesenrad-Speyer-Barth-Geisterbahn.jpg 800w, https:\/\/speyer24news.com\/wp-content\/uploads\/2023\/10\/Riesenrad-Speyer-Barth-Geisterbahn-300x226.jpg 300w, https:\/\/speyer24news.com\/wp-content\/uploads\/2023\/10\/Riesenrad-Speyer-Barth-Geisterbahn-768x578.jpg 768w, https:\/\/speyer24news.com\/wp-content\/uploads\/2023\/10\/Riesenrad-Speyer-Barth-Geisterbahn-678x509.jpg 678w, https:\/\/speyer24news.com\/wp-content\/uploads\/2023\/10\/Riesenrad-Speyer-Barth-Geisterbahn-326x245.jpg 326w, https:\/\/speyer24news.com\/wp-content\/uploads\/2023\/10\/Riesenrad-Speyer-Barth-Geisterbahn-80x60.jpg 80w\" sizes=\"(max-width: 800px) 100vw, 800px\" \/><\/figure><\/div>\n\n\n<p>Auf der gut besuchten Herbstmesse, die weitgehend ruhig verlief, wurden die eingesetzten Beamten am Samstagabend auf einen Handydiebstahl aufmerksam gemacht. Der 15-j\u00e4hrigen Gesch\u00e4digten wurde das Handy aus der Jackentasche entwendet. Der T\u00e4ter ist bislang unbekannt.<\/p>\n\n\n\n<p>Weiterhin kam es auf der Herbstmesse zu einer sexuellen Bel\u00e4stigung zum Nachteil einer 17-J\u00e4hrigen. Die Gesch\u00e4digte wurde vom 29-j\u00e4hrigen Beschuldigten, nachdem sie von diesem nach einer Zigarette gefragt wurde, gegen ihren Willen auf den Mund gek\u00fcsst. Gegen den Beschuldigten, der durch die eingesetzten Beamten ermittelt werden konnte, wird eine Strafanzeige eingeleitet, ein Platzverweis wurde ausgesprochen.<\/p>\n\n\n\n<p>Weiterhin befanden sich in derselben Nacht drei 16-J\u00e4hrige im oberen Domgarten. Anschlie\u00dfend kam es zun\u00e4chst zu einer verbalen Auseinandersetzung mit einer Jugendgruppe, die den 16-J\u00e4hrigen unbekannt war. Daraufhin wurden zwei der Jugendlichen durch die unbekannte Jugendgruppe ins Gesicht geschlagen. Beide Gesch\u00e4digten wurden im Gesichtsbereich leicht verletzt, mussten jedoch nicht ins Krankenhaus verbracht werden. Beschreibung von den T\u00e4tern liegt nicht vor.<\/p>\n\n\n\n<h2 class=\"wp-block-heading\">(Speyer) &#8211; Einbruch in Baumarkt<\/h2>\n\n\n<div class=\"wp-block-image\">\n<figure class=\"aligncenter size-full\"><img decoding=\"async\" loading=\"lazy\" width=\"801\" height=\"600\" src=\"https:\/\/speyer24news.com\/wp-content\/uploads\/2020\/05\/Zeugen-gesucht-Neutral.jpg\" alt=\"\" class=\"wp-image-26598\" srcset=\"https:\/\/speyer24news.com\/wp-content\/uploads\/2020\/05\/Zeugen-gesucht-Neutral.jpg 801w, https:\/\/speyer24news.com\/wp-content\/uploads\/2020\/05\/Zeugen-gesucht-Neutral-300x225.jpg 300w, https:\/\/speyer24news.com\/wp-content\/uploads\/2020\/05\/Zeugen-gesucht-Neutral-768x575.jpg 768w, https:\/\/speyer24news.com\/wp-content\/uploads\/2020\/05\/Zeugen-gesucht-Neutral-678x509.jpg 678w, https:\/\/speyer24news.com\/wp-content\/uploads\/2020\/05\/Zeugen-gesucht-Neutral-326x245.jpg 326w, https:\/\/speyer24news.com\/wp-content\/uploads\/2020\/05\/Zeugen-gesucht-Neutral-80x60.jpg 80w\" sizes=\"(max-width: 801px) 100vw, 801px\" \/><\/figure><\/div>\n\n\n<p>In der Nacht von Freitag auf Samstag gegen 02:00 Uhr verschaffte sich ein bislang unbekannter T\u00e4ter Zutritt zu einem Baumarkt in der Auestra\u00dfe. Der unbekannte T\u00e4ter brach ein Vorh\u00e4ngeschloss auf und gelangte so in den Innenraum eines Metallk\u00e4figs.<\/p>\n\n\n\n<p>Aus dem Innenraum wurden mehrere Gasflaschen entwendet. Anschlie\u00dfend fl\u00fcchtete der T\u00e4ter mit einem <strong>silbernen Opel Meriva<\/strong>. Schadensh\u00f6he wird auf einem mittleren dreistelligen Bereich gesch\u00e4tzt.<\/p>\n\n\n\n<ul>\n<li><strong>Zeugen, die zum genannten Zeitpunkt ein silbernes Fahrzeug im Bereich der Auestra\u00dfe feststellen konnten oder andere sachdienliche Hinweise zur Straftat geben k\u00f6nnen, sollen sich bitte per Telefon an 06232 \/ 137-0 oder per E-Mail an\u00a0<a href=\"mailto:%20pispeyer@polizei.rlp.de\">pispeyer@polizei.rlp.de<\/a>\u00a0an die Polizei in Speyer wenden.<\/strong><\/li>\n<\/ul>\n\n\n\n<h2 class=\"wp-block-heading\">(Gommersheim) &#8211; Zigarettenautomat aufgebrochen \/ Zeugen gesucht!<\/h2>\n\n\n<div class=\"wp-block-image\">\n<figure class=\"aligncenter size-full\"><img decoding=\"async\" loading=\"lazy\" width=\"800\" height=\"580\" src=\"https:\/\/speyer24news.com\/wp-content\/uploads\/2023\/10\/IMG_7352.jpg\" alt=\"\" class=\"wp-image-55543\" srcset=\"https:\/\/speyer24news.com\/wp-content\/uploads\/2023\/10\/IMG_7352.jpg 800w, https:\/\/speyer24news.com\/wp-content\/uploads\/2023\/10\/IMG_7352-300x218.jpg 300w, https:\/\/speyer24news.com\/wp-content\/uploads\/2023\/10\/IMG_7352-768x557.jpg 768w\" sizes=\"(max-width: 800px) 100vw, 800px\" \/><figcaption class=\"wp-element-caption\">Aufgebrochener Zigarettenautomat<\/figcaption><\/figure><\/div>\n\n\n<p>In der Nacht vom 27.10.2023 auf den 28.10.2023 wurde in der Gartenstra\u00dfe in Gommersheim die Geldkassette eines Zigarettenautomaten aufgehebelt und Geld in bislang unbekannter H\u00f6he entwendet. Zeugen, welche in der Nacht auf den 28.10.2023 verd\u00e4chtige Wahrnehmungen im Bereich der Gartenstra\u00dfe gemacht haben, werden gebeten sich an die Polizeiinspektion Edenkoben zu wenden.<\/p>\n\n\n\n<h2 class=\"wp-block-heading\">(Herxheimweyher) &#8211; Diebst\u00e4hle aus geparkten PKW<\/h2>\n\n\n\n<p>In der Nacht vom 26.10. auf den 27.10. kam es in &#8222;Am Sonnenberg&#8220; in Herxheimweyher zu mehreren Diebst\u00e4hlen aus geparkten Fahrzeugen. Es wurde jeweils zun\u00e4chst mit einem Kanaldeckel die Seitenscheibe der Fahrzeuge eingeworfen. Aus den Fahrzeugen wurden im Anschluss Geldb\u00f6rsen entwendet. <\/p>\n\n\n\n<ul>\n<li><strong>Sachdienliche Hinweise zu der Tat oder den T\u00e4tern nimmt die Polizei unter der Telefonnummer 06341-2870 oder per Mail:\u00a0<a href=\"mailto:%20pilandau@polizei.rlp.de\">pilandau@polizei.rlp.de<\/a>\u00a0entgegen.<\/strong><\/li>\n<\/ul>\n\n\n\n<h2 class=\"wp-block-heading\">(Landau) &#8211; Diebstahl von Autoradio<\/h2>\n\n\n\n<p>Am 27.10. kam es vermutlich im Zeitraum von ca. 13:00 Uhr bis 22:45 Uhr zu einem Diebstahl eines Autoradios. Der Gesch\u00e4digte hatte sein Cabrio in der Wei\u00dfquartierstra\u00dfe in Landau abgestellt. Dort wurde durch die T\u00e4terschaft zun\u00e4chst das Verdeck besch\u00e4digt und im Anschluss eine T\u00fcr ge\u00f6ffnet. Aus dem Fahrzeug wurde letztendlich das komplette Autoradio ausgebaut. <\/p>\n\n\n\n<ul>\n<li><strong>Sachdienliche Hinweise zu der Tat oder den T\u00e4tern nimmt die Polizei unter der Telefonnummer 06341-2870 oder per Mail:\u00a0<a href=\"mailto:%20pilandau@polizei.rlp.de\">pilandau@polizei.rlp.de<\/a>\u00a0entgegen.<\/strong><\/li>\n<\/ul>\n\n\n\n<h2 class=\"wp-block-heading\">(B 48 \/ Wernersberg) &#8211; Spektakul\u00e4rer Unfall<\/h2>\n\n\n\n<p>Am 28.10. befuhr eine 30-j\u00e4hrige Frau aus dem Landkreis S\u00fcdliche Weinstra\u00dfe die B48 aus Richtung Klingenm\u00fcnster kommend, in Fahrtrichtung Annweiler. Nach der Einm\u00fcndung V\u00f6lkersweiler \u00fcberholte die Frau zun\u00e4chst verbotswidrig einen anderen PKW. Nach dem \u00dcberholman\u00f6ver verlor sie die Kontrolle \u00fcber ihr Fahrzeug und fuhr rechts die B\u00f6schung hoch. Im weiteren Verlauf \u00fcberschlug sich ihr Fahrzeug und kam auf dem Dach, auf der Fahrbahn zum Liegen. Die Frau wurde gl\u00fccklicherweise nur leicht verletzt. Aufgrund der riskanten Fahrweise wurden weitere Verkehrsteilnehmer gef\u00e4hrdet, weshalb gegen die Frau ein entsprechendes Strafverfahren eingeleitet wurde. F\u00fcr die Zeit der Unfallaufnahme musste die B48 im Bereich der Unfall\u00f6rtlichkeit gesperrt werden.<\/p>\n\n\n\n<h2 class=\"wp-block-heading\">(Neustadt) &#8211; Das falsche Opfer &#8230;<\/h2>\n\n\n<div class=\"wp-block-image\">\n<figure class=\"aligncenter size-full\"><img decoding=\"async\" loading=\"lazy\" width=\"800\" height=\"533\" src=\"https:\/\/speyer24news.com\/wp-content\/uploads\/2021\/11\/Schlaegerei.jpg\" alt=\"\" class=\"wp-image-42366\" srcset=\"https:\/\/speyer24news.com\/wp-content\/uploads\/2021\/11\/Schlaegerei.jpg 800w, https:\/\/speyer24news.com\/wp-content\/uploads\/2021\/11\/Schlaegerei-300x200.jpg 300w, https:\/\/speyer24news.com\/wp-content\/uploads\/2021\/11\/Schlaegerei-768x512.jpg 768w\" sizes=\"(max-width: 800px) 100vw, 800px\" \/><figcaption class=\"wp-element-caption\">Beispielbild Schl\u00e4gerei \/ K\u00f6rperverletzung, dient lediglich der Visualisierung<\/figcaption><\/figure><\/div>\n\n\n<p>&#8230; hatte sich am Abend des Freitags (27.10.2023) ein bislang unbekannter T\u00e4ter ausgesucht. Der Unbekannte sprach gegen 17.35 Uhr einen 59j\u00e4hrigen in der Rathausstra\u00dfe in Neustadt an der Weinstra\u00dfe an und forderte dessen Geldbeutel. Da der Gesch\u00e4digte auf diese Forderung nicht sonderlich reagierte, versuchte der T\u00e4ter diesen am Hals zu ergreifen um vermutlich mit Gewalt den Geldbeutel an sich nehmen. Er hatte hier sicherlich nicht mit der Gegenwehr des Neustadters gerechnet, da ihn dieser mit einem Judo-Wurf zu Boden brachte und der T\u00e4ter anschlie\u00dfend humpelnd die \u00d6rtlichkeit verlie\u00df. Am n\u00e4chsten Vormittag konnte der Gesch\u00e4digte den T\u00e4ter nochmals im Bereich der Rathausstra\u00dfe sehen. <\/p>\n\n\n\n<ul>\n<li><strong>Der m\u00e4nnliche T\u00e4ter wird auf ca. 35 Jahre gesch\u00e4tzt.<\/strong><\/li>\n\n\n\n<li><strong>Er ist ca. 1,80 m gro\u00df mit Vollbart und mittellangem, schwarzen Haar.<\/strong><\/li>\n\n\n\n<li><strong>Er trug an beiden Tagen einen dunkelblauen Anorak, eine graue Jogginghose und Turnschuhe. <\/strong><\/li>\n<\/ul>\n\n\n\n<p>Der Gesch\u00e4digte wurde nicht verletzt. <\/p>\n\n\n\n<ul>\n<li><strong>Zeugen, die Hinweise auf den Tatverd\u00e4chtigen geben k\u00f6nnen, werden gebeten sich unter der Tel.-Nr. 06321\/854-0 oder per E-Mail an\u00a0<a href=\"mailto:%20pineustadt@polizei.rlp.de\">pineustadt@polizei.rlp.de<\/a>\u00a0zu melden.<\/strong><\/li>\n<\/ul>\n\n\n\n<h2 class=\"wp-block-heading\">(Frankenthal) &#8211; Brand eines Pkw \/ Zeugenaufruf<\/h2>\n\n\n\n<p>Am Sonntag, den 29.10.2023 gegen 02:19 Uhr, kam es in Frankenthal, Am Strandbad, auf dem dortigen Parkplatz, zum Vollbrand eines Pkw. Verletzt wurde niemand. Die Polizei hat die Ermittlungen zur Brandursache aufgenommen.<\/p>\n\n\n\n<ul>\n<li><strong>Wer hat verd\u00e4chtige Wahrnehmungen gemacht?<\/strong><\/li>\n<\/ul>\n\n\n\n<ul>\n<li><strong>Zeugen werden gebeten sich an die Polizeiinspektion Frankenthal unter der Tel.-Nr.: 06233\/313-0 oder an die Polizeiwache Maxdorf unter der Tel.-Nr.: 06237\/934-1100 zu wenden. Gerne nehmen wir Ihre Hinweise auch per E-Mail unter\u00a0<a href=\"mailto:%20pifrankenthal@polizei.rlp.de\">pifrankenthal@polizei.rlp.de<\/a>\u00a0entgegen.<\/strong><\/li>\n<\/ul>\n\n\n\n<h2 class=\"wp-block-heading\">(Frankenthal) &#8211; Gefahrensituation durch Raser \/ k\u00f6rperliche Auseinandersetzung &#8211; Bedrohung durch Schreckschusswaffe<\/h2>\n\n\n<div class=\"wp-block-image\">\n<figure class=\"aligncenter size-full\"><img decoding=\"async\" loading=\"lazy\" width=\"800\" height=\"479\" src=\"https:\/\/speyer24news.com\/wp-content\/uploads\/2020\/04\/pistol-2948729_1920.jpg\" alt=\"\" class=\"wp-image-26577\" srcset=\"https:\/\/speyer24news.com\/wp-content\/uploads\/2020\/04\/pistol-2948729_1920.jpg 800w, https:\/\/speyer24news.com\/wp-content\/uploads\/2020\/04\/pistol-2948729_1920-300x180.jpg 300w, https:\/\/speyer24news.com\/wp-content\/uploads\/2020\/04\/pistol-2948729_1920-768x460.jpg 768w\" sizes=\"(max-width: 800px) 100vw, 800px\" \/><\/figure><\/div>\n\n\n<p>Am Samstag, 28.10.2023 gegen 21:08 Uhr, kam es im Albrecht-D\u00fcrer-Ring in Frankenthal zur einer Gefahrensituation durch einen 42-j\u00e4hrigen Autofahrer. Dieser soll mit seinem blauen Dacia mit deutlich \u00fcberh\u00f6hter Geschwindigkeit gefahren sein und hierbei vier Fu\u00dfg\u00e4nger gef\u00e4hrdet haben. Daraufhin kam es zwischen dem Autofahrer und den Fu\u00dfg\u00e4ngern zun\u00e4chst zu einem Streitgespr\u00e4ch und anschlie\u00dfend zu einer k\u00f6rperlichen Auseinandersetzung, wobei der Autofahrer mit einer Schreckschusswaffe bedroht worden sein soll.<\/p>\n\n\n\n<p>Durch die Beamten konnten die M\u00e4nner voneinander getrennt und die Schreckschusswaffe sichergestellt werden. Weiterhin wurde der F\u00fchrerschein des Autofahrers wegen des Verdachts der Stra\u00dfenverkehrsgef\u00e4hrdung beschlagnahmt.<\/p>\n\n\n\n<ul>\n<li><strong>Wer kann Angaben zum Fahrverhalten des Autofahrers oder zur anschlie\u00dfenden Auseinandersetzung, insbesondere hinsichtlich der Schreckschusswaffe, machen?<\/strong><\/li>\n<\/ul>\n\n\n\n<ul>\n<li><strong>Zeugen werden gebeten sich an die Polizeiinspektion Frankenthal unter der Tel.-Nr.: 06233\/313-0 oder an die Polizeiwache Maxdorf unter der Tel.-Nr.: 06237\/934-1100 zu wenden. Gerne nehmen wir Ihre Hinweise auch per E-Mail unter\u00a0<a href=\"mailto:%20pifrankenthal@polizei.rlp.de\">pifrankenthal@polizei.rlp.de<\/a>\u00a0entgegen.<\/strong><\/li>\n<\/ul>\n\n\n\n<h2 class=\"wp-block-heading\">(Mannheim-Seckenheim) &#8211; Durchgebrannte Lampe verursacht Kabelbrand in der Decke<\/h2>\n\n\n\n<p>Am fr\u00fchen Sonntagmorgen, gegen 00:20 Uhr, verst\u00e4ndigte eine Anwohnerin eines Mehrfamilienhauses in der Me\u00dfkircher Stra\u00dfe in Mannheim-Seckenheim aufgrund eines Brandgeschehens die Polizei und die Feuerwehr. Bei Eintreffen der Funkwagenbesatzungen teilte die aufgebrachte Bewohnerin mit, dass sich ihre vier Kinder noch im Haus bef\u00e4nden. Zusammen mit zwei weiteren Bewohnerinnen konnten die eingetroffenen Streifen vier schlafende Kinder aus dem stark verrauchten Obergeschoss des Geb\u00e4udes retten. Die Feuerwehr musste zur Brandbek\u00e4mpfung Teile der Decke im Wohnzimmer im Erdgeschoss \u00f6ffnen und konnte hierbei einen Kabelbrand, ausgehend von einer defekten Deckenlampe, als Brandursache ausmachen. Die Feuerwehr war mit mehreren Fahrzeugen vor Ort. Gl\u00fccklicherweise wurde durch den Brand niemand verletzt und die Familie konnte \u00fcber Nacht in einem Hotel untergebracht werden. Der Sachschaden kann bisher nicht beziffert werden.<\/p>\n\n\n\n<h2 class=\"wp-block-heading\">(Heidelberg) &#8211; Pkw kommt von der Fahrbahn ab und kollidiert mit Stra\u00dfenlaterne \/ Flucht &#8211; Festnahme<\/h2>\n\n\n<div class=\"wp-block-image\">\n<figure class=\"aligncenter size-full\"><img decoding=\"async\" loading=\"lazy\" width=\"800\" height=\"533\" src=\"https:\/\/speyer24news.com\/wp-content\/uploads\/2021\/10\/Festnahme-Handschellen.jpg\" alt=\"\" class=\"wp-image-41224\" srcset=\"https:\/\/speyer24news.com\/wp-content\/uploads\/2021\/10\/Festnahme-Handschellen.jpg 800w, https:\/\/speyer24news.com\/wp-content\/uploads\/2021\/10\/Festnahme-Handschellen-300x200.jpg 300w, https:\/\/speyer24news.com\/wp-content\/uploads\/2021\/10\/Festnahme-Handschellen-768x512.jpg 768w\" sizes=\"(max-width: 800px) 100vw, 800px\" \/><figcaption class=\"wp-element-caption\">Beispielbild Handschelle \/ Verhaftung, dient lediglich der Visualisierung<\/figcaption><\/figure><\/div>\n\n\n<p>Am fr\u00fchen Sonntagmorgen, gegen 00:00 Uhr, befuhr ein 22-j\u00e4hriger Fahrzeugf\u00fchrer die Sickingenstra\u00dfe in Heidelberg-Rohrbach. Hierbei kam er in einer Rechtskurve, vermutlich aufgrund \u00fcberh\u00f6hter Geschwindigkeit, von der Fahrbahn ab, fuhr geradeaus \u00fcber den Gehweg, stie\u00df hierbei mit einem Zaun zusammen und kollidierte im weiteren Verlauf mit einem Laternenmast. Im Anschluss entfernte sich der 22-J\u00e4hrige von der Unfallstelle, ohne seiner Feststellungspflicht als Unfallbeteiligter nachzukommen, konnte jedoch durch eine eingesetzte Streife festgenommen werden. Das Unfallgeschehen konnte durch mehrere, namentlich bekannte, Zeugen beobachtet werden. Durch den Unfall entstand ein Gesamtschaden in H\u00f6he von ca. 11.000EUR, der Fahrzeugf\u00fchrer selbst wurde durch den Unfall leicht an der H\u00fcfte verletzt. Der F\u00fchrerschein des jungen Mannes wurde beschlagnahmt. Das Polizeirevier Heidelberg-S\u00fcd hat die Ermittlungen aufgenommen.<\/p>\n\n\n\n<h2 class=\"wp-block-heading\">(Heidelberg-Altstadt) &#8211; Aus dem Lokal geflogen und Polizeibeamten angegriffen<\/h2>\n\n\n<div class=\"wp-block-image\">\n<figure class=\"aligncenter size-full\"><img decoding=\"async\" loading=\"lazy\" width=\"800\" height=\"533\" src=\"https:\/\/speyer24news.com\/wp-content\/uploads\/2022\/06\/Blaulicht.jpg\" alt=\"\" class=\"wp-image-46705\" srcset=\"https:\/\/speyer24news.com\/wp-content\/uploads\/2022\/06\/Blaulicht.jpg 800w, https:\/\/speyer24news.com\/wp-content\/uploads\/2022\/06\/Blaulicht-300x200.jpg 300w, https:\/\/speyer24news.com\/wp-content\/uploads\/2022\/06\/Blaulicht-768x512.jpg 768w\" sizes=\"(max-width: 800px) 100vw, 800px\" \/><\/figure><\/div>\n\n\n<p>Am fr\u00fchen Sonntagmorgen gegen 02:30 Uhr wurden zwei 22-J\u00e4hrige M\u00e4nner von einem T\u00fcrsteher aus einem Lokal in der Heidelberger Altstadt verwiesen, da sie im Lokal miteinander in Streit gerieten. Dar\u00fcber offensichtlich nicht sehr erfreut, beschlossen sie nun au\u00dferhalb unweit entfernt mehrere Blumenk\u00fcbel zu besch\u00e4digten. Dies konnte durch den zuvor schon t\u00e4tig gewordenen Sicherheitsmitarbeiter gesehen und der Polizei gemeldet werden. Als die beiden M\u00e4nner darauf angesprochen wurden, gingen sie nun auf den T\u00fcrsteher los und verletzten diesen. Nachdem die Polizeibeamten die beiden immer noch aggressiven M\u00e4nner, die zwischenzeitlich auch aufeinander losgingen, voneinander trennten, richteten sich die Angriffe nun gegen die Polizeibeamten. Erst als weitere Beamte vor Ort waren, konnten weitere Angriffe sowie Versuche wegzurennen unterbunden und die zwei M\u00e4nner in die R\u00e4umlichkeiten des Reviers verbracht werden. Hier wurde nun festgestellt, dass es sich bei den Beiden um Zwillinge handelte. Ein Atemalkoholtest bei beiden Br\u00fcdern ergab einen Wert von je ca. 2 Promille. Letztendlich wurde ihnen eine Blutprobe entnommen und sie mussten die weiteren polizeilichen Ma\u00dfnahmen \u00fcber sich ergehen lassen, bevor sie wieder entlassen wurden. Die Zwillinge m\u00fcssen sich nun wegen Sachbesch\u00e4digung und K\u00f6rperverletzung sowie wegen des t\u00e4tlichen Angriffs verantworten.<\/p>\n\n\n\n<h2 class=\"wp-block-heading\">(Eberbach \/ Rhein-Neckar-Kreis) &#8211; Verlorenes Kennzeichen deckt betrunkenen E-Scooter-Fahrer auf<\/h2>\n\n\n\n<p>Am Samstagnachmittag, gegen 15:00 Uhr fiel einer Streifenbesatzung der Polizei Eberbach ein E-Scooter ohne Versicherungskennzeichen im Bereich der Neckarbr\u00fccke auf. Der 27-j\u00e4hrige Mann wurde daraufhin angehalten und einer Verkehrskontrolle unterzogen. Bei der Kontrolle konnte Alkoholgeruch in der Atemluft wahrgenommen werden. Ein anschlie\u00dfend durchgef\u00fchrter Atemalkoholtest ergab einen Wert von \u00fcber 1,2 Promille. Im Revier angekommen wurde dem Fahrer durch einen Arzt eine Blutprobe entnommen. Da das Kennzeichen kurz zuvor lediglich verloren ging, konnte der junge Mann leicht nachweisen, dass ein Versicherungsschutz f\u00fcr den E-Scooter besteht. Daher kann er nach Erlangen der N\u00fcchternheit seinen E-Scooter wieder abholen. In erwartet nun eine Anzeige wegen Trunkenheit im Stra\u00dfenverkehr.<\/p>\n","protected":false},"excerpt":{"rendered":"<div class=\"mh-excerpt\"><p>Polizeimeldungen vom Sonntag (29.10.2023) (Speyer) &#8211; Herbstmesse Auf der gut besuchten Herbstmesse, die weitgehend ruhig verlief, wurden die eingesetzten Beamten am Samstagabend auf einen Handydiebstahl aufmerksam gemacht. Der 15-j\u00e4hrigen Gesch\u00e4digten wurde das Handy aus der <a class=\"mh-excerpt-more\" href=\"https:\/\/speyer24news.com\/?p=55539\" title=\"Polizeimeldungen Sonntag (29.10.23)\">[&#8230;]<\/a><\/p>\n<\/div>","protected":false},"author":3,"featured_media":26162,"comment_status":"open","ping_status":"open","sticky":false,"template":"","format":"standard","meta":{"_monsterinsights_skip_tracking":false,"_monsterinsights_sitenote_active":false,"_monsterinsights_sitenote_note":"","_monsterinsights_sitenote_category":0,"footnotes":""},"categories":[15659],"tags":[7243,7244,3614,350,14537,15084,15267,14538,15361,15845,702,61,2555,6955,6986,6263,63,105,11150,6987,53,4854,13534,4683,1548,4905,12967,11592,102,13626,213,14325,14324,13553,13541,55,8277,6368],"aioseo_notices":[],"amp_enabled":true,"_links":{"self":[{"href":"https:\/\/speyer24news.com\/index.php?rest_route=\/wp\/v2\/posts\/55539"}],"collection":[{"href":"https:\/\/speyer24news.com\/index.php?rest_route=\/wp\/v2\/posts"}],"about":[{"href":"https:\/\/speyer24news.com\/index.php?rest_route=\/wp\/v2\/types\/post"}],"author":[{"embeddable":true,"href":"https:\/\/speyer24news.com\/index.php?rest_route=\/wp\/v2\/users\/3"}],"replies":[{"embeddable":true,"href":"https:\/\/speyer24news.com\/index.php?rest_route=%2Fwp%2Fv2%2Fcomments&post=55539"}],"version-history":[{"count":2,"href":"https:\/\/speyer24news.com\/index.php?rest_route=\/wp\/v2\/posts\/55539\/revisions"}],"predecessor-version":[{"id":55544,"href":"https:\/\/speyer24news.com\/index.php?rest_route=\/wp\/v2\/posts\/55539\/revisions\/55544"}],"wp:featuredmedia":[{"embeddable":true,"href":"https:\/\/speyer24news.com\/index.php?rest_route=\/wp\/v2\/media\/26162"}],"wp:attachment":[{"href":"https:\/\/speyer24news.com\/index.php?rest_route=%2Fwp%2Fv2%2Fmedia&parent=55539"}],"wp:term":[{"taxonomy":"category","embeddable":true,"href":"https:\/\/speyer24news.com\/index.php?rest_route=%2Fwp%2Fv2%2Fcategories&post=55539"},{"taxonomy":"post_tag","embeddable":true,"href":"https:\/\/speyer24news.com\/index.php?rest_route=%2Fwp%2Fv2%2Ftags&post=55539"}],"curies":[{"name":"wp","href":"https:\/\/api.w.org\/{rel}","templated":true}]}}