{"id":55557,"date":"2023-10-30T11:17:57","date_gmt":"2023-10-30T10:17:57","guid":{"rendered":"https:\/\/speyer24news.com\/?p=55557"},"modified":"2023-10-30T11:20:40","modified_gmt":"2023-10-30T10:20:40","slug":"geschwindigkeitsmessungen-fuer-kw-44-30-10-05-11-23","status":"publish","type":"post","link":"https:\/\/speyer24news.com\/?p=55557","title":{"rendered":"Geschwindigkeitsmessungen f\u00fcr KW 44 (30.10. \u2013 05.11.23)"},"content":{"rendered":"<style type=\"text\/css\">\r\n\t.ads_top_disp{}\r\n\t.ads_top_corner_disp{ float:left; margin:0px 10px 10px 0px; }\r\n\t.ads_first_p_disp{}\r\n\t.ads_bottom_disp{}\r\n\t<\/style>\n<h2 class=\"wp-block-heading\">(Ludwigshafen) \u2013 Radarkontrollen f\u00fcr die Woche vom 30. Oktober bis 03. November 2023<\/h2>\n\n\n<div class=\"wp-block-image\">\n<figure class=\"aligncenter\"><img decoding=\"async\" loading=\"lazy\" width=\"800\" height=\"600\" src=\"https:\/\/speyer24news.com\/wp-content\/uploads\/2020\/03\/Blitzer-1.jpg\" alt=\"\" class=\"wp-image-25724\" srcset=\"https:\/\/speyer24news.com\/wp-content\/uploads\/2020\/03\/Blitzer-1.jpg 800w, https:\/\/speyer24news.com\/wp-content\/uploads\/2020\/03\/Blitzer-1-300x225.jpg 300w, https:\/\/speyer24news.com\/wp-content\/uploads\/2020\/03\/Blitzer-1-768x576.jpg 768w, https:\/\/speyer24news.com\/wp-content\/uploads\/2020\/03\/Blitzer-1-678x509.jpg 678w, https:\/\/speyer24news.com\/wp-content\/uploads\/2020\/03\/Blitzer-1-326x245.jpg 326w, https:\/\/speyer24news.com\/wp-content\/uploads\/2020\/03\/Blitzer-1-80x60.jpg 80w\" sizes=\"(max-width: 800px) 100vw, 800px\" \/><\/figure><\/div>\n\n\n<h4 class=\"wp-block-heading\">Die Stadt Ludwigshafen nimmt in folgenden Stadtteilen Radarkontrollen vor:<\/h4>\n\n\n\n<ul>\n<li><strong>Montag, 30. Oktober: Pfingstweide, Friesenheim und Oggersheim<\/strong><\/li>\n\n\n\n<li><strong>Dienstag, 31. Oktober: Rheing\u00f6nheim, Oppau und S\u00fcd<\/strong><\/li>\n\n\n\n<li><strong>Mittwoch, 1. November: Mundenheim, Mitte und Nord<\/strong><\/li>\n\n\n\n<li><strong>Donnerstag, 2. November: Friesenheim, Edigheim und West<\/strong><\/li>\n\n\n\n<li><strong>Freitag, 3. November: Mundenheim, Gartenstadt und Maudach<\/strong><\/li>\n<\/ul>\n\n\n\n<p>Kurzfristige \u00c4nderungen beh\u00e4lt sich der Bereich Stra\u00dfenverkehr vor. Kontrollen k\u00f6nnen auch kurzfristig an anderen Stellen stattfinden.<\/p>\n\n\n\n<p><em>Stadt Ludwigshafen am Rhein<br>27.10.2023<\/em><\/p>\n\n\n\n<h2 class=\"wp-block-heading\">(Mannheim) \u2013 Geschwindigkeitskontrollen vom 30. Oktober bis 03. November<\/h2>\n\n\n<div class=\"wp-block-image\">\n<figure class=\"aligncenter\"><img decoding=\"async\" loading=\"lazy\" width=\"640\" height=\"497\" src=\"https:\/\/speyer24news.com\/wp-content\/uploads\/2020\/12\/Blitzer-2.jpg\" alt=\"\" class=\"wp-image-31937\" srcset=\"https:\/\/speyer24news.com\/wp-content\/uploads\/2020\/12\/Blitzer-2.jpg 640w, https:\/\/speyer24news.com\/wp-content\/uploads\/2020\/12\/Blitzer-2-300x233.jpg 300w\" sizes=\"(max-width: 640px) 100vw, 640px\" \/><\/figure><\/div>\n\n\n<h4 class=\"wp-block-heading\">Die Stadt Mannheim f\u00fchrt vom 30. Oktober bis 03. November in folgenden Stra\u00dfen mobile Geschwindigkeitskontrollen durch:<\/h4>\n\n\n\n<ul>\n<li><strong>Bohnenbergerstra\u00dfe<\/strong><\/li>\n\n\n\n<li><strong>Buchener Stra\u00dfe<\/strong><\/li>\n\n\n\n<li><strong>Friedrich-Ebert-Stra\u00dfe<\/strong><\/li>\n\n\n\n<li><strong>Grenadierstra\u00dfe (Erich-K\u00e4stner-Schule)<\/strong><\/li>\n\n\n\n<li><strong>Krefelder Stra\u00dfe<\/strong><\/li>\n\n\n\n<li><strong>K\u00fclsheimer Stra\u00dfe<\/strong><\/li>\n\n\n\n<li><strong>Mosbacher Stra\u00dfe<\/strong><\/li>\n\n\n\n<li><strong>Mudauer Ring<\/strong><\/li>\n\n\n\n<li><strong>Mutterstadter Platz (Rheinauschule)<\/strong><\/li>\n\n\n\n<li><strong>Perreystra\u00dfe<\/strong><\/li>\n\n\n\n<li><strong>Rheinauer Ring<\/strong><\/li>\n\n\n\n<li><strong>Rohrhofer Stra\u00dfe<\/strong><\/li>\n\n\n\n<li><strong>Rohrkolbenweg<\/strong><\/li>\n\n\n\n<li><strong>R\u00f6merstra\u00dfe<\/strong><\/li>\n\n\n\n<li><strong>Schulstra\u00dfe<\/strong><\/li>\n\n\n\n<li><strong>Wilhelm-Peters-Stra\u00dfe (Gerhard-Hauptmann-Schule)<\/strong><\/li>\n\n\n\n<li><strong>Winterstra\u00dfe (Pfingstbergschule)<\/strong><\/li>\n\n\n\n<li><strong>Zaubernu\u00dfweg<\/strong><\/li>\n\n\n\n<li><strong>Zum Herrenried (K\u00e4the-Kollwitz-Schule)<\/strong><\/li>\n<\/ul>\n\n\n\n<p>Kurzfristige \u00c4nderungen oder zus\u00e4tzliche Messstellen sind aus aktuellem Anlass m\u00f6glich.<\/p>\n\n\n\n<p><em>Stadt Mannheim<br>26.10.2023<\/em><\/p>\n\n\n\n<h2 class=\"wp-block-heading\">(Polizeipr\u00e4sidiums Rheinpfalz) \u2013 Geschwindigkeitskontrolle im Oktober 2023<\/h2>\n\n\n<div class=\"wp-block-image\">\n<figure class=\"aligncenter\"><img decoding=\"async\" loading=\"lazy\" width=\"800\" height=\"450\" src=\"https:\/\/speyer24news.com\/wp-content\/uploads\/2020\/12\/Blitzer-Logo.jpg\" alt=\"\" class=\"wp-image-31938\" srcset=\"https:\/\/speyer24news.com\/wp-content\/uploads\/2020\/12\/Blitzer-Logo.jpg 800w, https:\/\/speyer24news.com\/wp-content\/uploads\/2020\/12\/Blitzer-Logo-300x169.jpg 300w, https:\/\/speyer24news.com\/wp-content\/uploads\/2020\/12\/Blitzer-Logo-768x432.jpg 768w, https:\/\/speyer24news.com\/wp-content\/uploads\/2020\/12\/Blitzer-Logo-678x381.jpg 678w\" sizes=\"(max-width: 800px) 100vw, 800px\" \/><\/figure><\/div>\n\n\n<p>\u00dcberh\u00f6hte beziehungsweise nicht angepasste Geschwindigkeit bleibt weiter eine Hauptunfallursache: 2022 wurden im Zust\u00e4ndigkeitsbereich des Polizeipr\u00e4sidiums Rheinpfalz wegen nicht angepasster oder \u00fcberh\u00f6hter Geschwindigkeit 1.896 Verkehrsunf\u00e4lle registriert. Im Jahr 2021 waren dies noch 1.792 Verkehrsunf\u00e4lle.<\/p>\n\n\n\n<p><strong>Die Verkehrsunfallstatistik 2022 mit ausf\u00fchrlichen Informationen zur Unfalllage und unseren Ma\u00dfnahmen finden Sie auf unserer Internetseite&nbsp;<a href=\"https:\/\/s.rlp.de\/YSXrl\">https:\/\/s.rlp.de\/YSXrl<\/a>&nbsp;.<\/strong><\/p>\n\n\n\n<p>Die Verkehrs\u00fcberwachung mittels Verkehrskontrollen geh\u00f6rt zu den zentralen Aufgaben der Polizei.<\/p>\n\n\n\n<h3 class=\"wp-block-heading\">Im Monat Oktober finden daher im Bezirk des Polizeipr\u00e4sidiums Rheinpfalz wie folgt Geschwindigkeitskontrollen statt:<\/h3>\n\n\n\n<h4 class=\"wp-block-heading\">Im Gebiet der&nbsp;<strong>Polizeidirektion Ludwigshafen<\/strong>:<\/h4>\n\n\n\n<ul>\n<li><strong>31.10.2023 im Bereich Limburgerhof<\/strong><\/li>\n<\/ul>\n\n\n\n<p>Die Polizei weist ausdr\u00fccklich darauf hin, dass Kontrollen auch au\u00dferhalb der genannten Zeiten und \u00d6rtlichkeiten stattfinden.<\/p>\n\n\n\n<p><em>Polizeipr\u00e4sidiums Rheinpfalz<br>27.09.2023<\/em><a href=\"https:\/\/speyer24news.com\/?p=54737#\"><\/a><\/p>\n","protected":false},"excerpt":{"rendered":"<div class=\"mh-excerpt\"><p>(Ludwigshafen) \u2013 Radarkontrollen f\u00fcr die Woche vom 30. Oktober bis 03. November 2023 Die Stadt Ludwigshafen nimmt in folgenden Stadtteilen Radarkontrollen vor: Kurzfristige \u00c4nderungen beh\u00e4lt sich der Bereich Stra\u00dfenverkehr vor. Kontrollen k\u00f6nnen auch kurzfristig an <a class=\"mh-excerpt-more\" href=\"https:\/\/speyer24news.com\/?p=55557\" title=\"Geschwindigkeitsmessungen f\u00fcr KW 44 (30.10. \u2013 05.11.23)\">[&#8230;]<\/a><\/p>\n<\/div>","protected":false},"author":3,"featured_media":33649,"comment_status":"open","ping_status":"open","sticky":false,"template":"","format":"standard","meta":{"_monsterinsights_skip_tracking":false,"_monsterinsights_sitenote_active":false,"_monsterinsights_sitenote_note":"","_monsterinsights_sitenote_category":0,"footnotes":""},"categories":[64],"tags":[18,16740,4819,4814,19,16745,4822,4817,4228,947,16746,4820,4815,779,16744,4821,4816,14749,221,153,56,227,17,16743,7068,7004,949,16742,4818,4813,1310,948,16741,10894,10893],"aioseo_notices":[],"amp_enabled":true,"_links":{"self":[{"href":"https:\/\/speyer24news.com\/index.php?rest_route=\/wp\/v2\/posts\/55557"}],"collection":[{"href":"https:\/\/speyer24news.com\/index.php?rest_route=\/wp\/v2\/posts"}],"about":[{"href":"https:\/\/speyer24news.com\/index.php?rest_route=\/wp\/v2\/types\/post"}],"author":[{"embeddable":true,"href":"https:\/\/speyer24news.com\/index.php?rest_route=\/wp\/v2\/users\/3"}],"replies":[{"embeddable":true,"href":"https:\/\/speyer24news.com\/index.php?rest_route=%2Fwp%2Fv2%2Fcomments&post=55557"}],"version-history":[{"count":3,"href":"https:\/\/speyer24news.com\/index.php?rest_route=\/wp\/v2\/posts\/55557\/revisions"}],"predecessor-version":[{"id":55561,"href":"https:\/\/speyer24news.com\/index.php?rest_route=\/wp\/v2\/posts\/55557\/revisions\/55561"}],"wp:featuredmedia":[{"embeddable":true,"href":"https:\/\/speyer24news.com\/index.php?rest_route=\/wp\/v2\/media\/33649"}],"wp:attachment":[{"href":"https:\/\/speyer24news.com\/index.php?rest_route=%2Fwp%2Fv2%2Fmedia&parent=55557"}],"wp:term":[{"taxonomy":"category","embeddable":true,"href":"https:\/\/speyer24news.com\/index.php?rest_route=%2Fwp%2Fv2%2Fcategories&post=55557"},{"taxonomy":"post_tag","embeddable":true,"href":"https:\/\/speyer24news.com\/index.php?rest_route=%2Fwp%2Fv2%2Ftags&post=55557"}],"curies":[{"name":"wp","href":"https:\/\/api.w.org\/{rel}","templated":true}]}}