{"id":55563,"date":"2023-10-30T22:22:27","date_gmt":"2023-10-30T21:22:27","guid":{"rendered":"https:\/\/speyer24news.com\/?p=55563"},"modified":"2023-10-30T22:22:29","modified_gmt":"2023-10-30T21:22:29","slug":"polizeimeldungen-montag-30-10-23","status":"publish","type":"post","link":"https:\/\/speyer24news.com\/?p=55563","title":{"rendered":"Polizeimeldungen Montag (30.10.23)"},"content":{"rendered":"<style type=\"text\/css\">\r\n\t.ads_top_disp{}\r\n\t.ads_top_corner_disp{ float:left; margin:0px 10px 10px 0px; }\r\n\t.ads_first_p_disp{}\r\n\t.ads_bottom_disp{}\r\n\t<\/style>\n<h2 class=\"wp-block-heading\">Polizeimeldungen vom Montag (30.10.2023)<\/h2>\n\n\n<div class=\"wp-block-image\">\n<figure class=\"aligncenter size-full\"><img decoding=\"async\" loading=\"lazy\" width=\"375\" height=\"500\" src=\"https:\/\/speyer24news.com\/wp-content\/uploads\/2022\/03\/Aktuelles-Polizeilogo.jpg\" alt=\"\" class=\"wp-image-43591\" srcset=\"https:\/\/speyer24news.com\/wp-content\/uploads\/2022\/03\/Aktuelles-Polizeilogo.jpg 375w, https:\/\/speyer24news.com\/wp-content\/uploads\/2022\/03\/Aktuelles-Polizeilogo-225x300.jpg 225w\" sizes=\"(max-width: 375px) 100vw, 375px\" \/><\/figure><\/div>\n\n\n<h2 class=\"wp-block-heading\">(Speyer) &#8211; Einbruch in Kiosk<\/h2>\n\n\n\n<p>Am 29.10.2023 zwischen 02:15 &#8211; 11:00 Uhr verschafften sich unbekannte T\u00e4ter gewaltsam Zugang zu einem Kiosk im Domgarten. Hierbei wurden der Rollladen der Kiosktheke sowie die dahinterliegende Fensterscheibe besch\u00e4digt. Aus dem Kiosk wurde ein Tablet der Marke Samsung entwendet. Die H\u00f6he des Gesamtschadens ist noch unbekannt und Gegenstand der aktuellen Ermittlungen.<\/p>\n\n\n\n<ul>\n<li><strong>Wer hat verd\u00e4chtige Wahrnehmungen gemacht, kann T\u00e4terhinweise oder sonstige sachdienliche Hinweise geben? Die Polizei bittet Zeugen um Mitteilung an Tel. 06232\/137-0 oder per E-Mail an\u00a0<a href=\"mailto:%20pispeyer@polizei.rlp.de\">pispeyer@polizei.rlp.de<\/a><\/strong><\/li>\n<\/ul>\n\n\n\n<h2 class=\"wp-block-heading\">(Mutterstadt) &#8211; Verdacht eines versuchten T\u00f6tungsdeliktes \/ Tatverd\u00e4chtiger in Untersuchungshaft<\/h2>\n\n\n\n<h3 class=\"wp-block-heading\">Gemeinsame Pressemeldung von Staatsanwaltschaft (Pfalz) und Polizeipr\u00e4sidium Rheinpfalz<\/h3>\n\n\n<div class=\"wp-block-image\">\n<figure class=\"aligncenter size-full\"><img decoding=\"async\" loading=\"lazy\" width=\"800\" height=\"533\" src=\"https:\/\/speyer24news.com\/wp-content\/uploads\/2020\/06\/Zelle.jpg\" alt=\"\" class=\"wp-image-28203\" srcset=\"https:\/\/speyer24news.com\/wp-content\/uploads\/2020\/06\/Zelle.jpg 800w, https:\/\/speyer24news.com\/wp-content\/uploads\/2020\/06\/Zelle-300x200.jpg 300w, https:\/\/speyer24news.com\/wp-content\/uploads\/2020\/06\/Zelle-768x512.jpg 768w\" sizes=\"(max-width: 800px) 100vw, 800px\" \/><figcaption class=\"wp-element-caption\">Beispielbild Zelle \/ Verhaftung, dient lediglich der Visualisierung<\/figcaption><\/figure><\/div>\n\n\n<p>Am 06.05.2023 ereignete sich auf der Bundesautobahn BAB 65 ein Verkehrsunfall. Der zum Unfallzeitpunkt 23-j\u00e4hrige Fahrer eines Audis griff nach dem Unfall seine 42-j\u00e4hrige Beifahrerin an (wir berichteten:&nbsp;<a target=\"_blank\" rel=\"noreferrer noopener\" href=\"https:\/\/s.rlp.de\/OfQtO\">https:\/\/s.rlp.de\/OfQtO<\/a>). In der Zwischenzeit haben die Ermittlungen den dringenden Verdacht ergeben, dass der Unfall absichtlich und in T\u00f6tungsabsicht herbeigef\u00fchrt worden ist. Deswegen wurde gegen den fl\u00fcchtigen Tatverd\u00e4chtigen auf Antrag der Staatsanwaltschaft Frankenthal Untersuchungshaftbefehl wegen des dringenden Verdachts des versuchten Mordes erlassen.<\/p>\n\n\n\n<p>Der Tatverd\u00e4chtige wurde nach umfangreichen Fahndungsma\u00dfnahmen am 27.10.2023 durch Polizeikr\u00e4fte verhaftet und dem Haftrichter vorgef\u00fchrt. Dieser setzte den Untersuchungshaftbefehl in Vollzug.<\/p>\n\n\n\n<p>Der zwischenzeitlich 24-J\u00e4hrige kam anschlie\u00dfend in eine Justizvollzugsanstalt.<\/p>\n\n\n\n<p>Die Ermittlungen der Staatsanwaltschaft Frankenthal und der Kriminalpolizei Ludwigshafen, insbesondere zum Tatablauf und zur Motivlage, dauern an<\/p>\n\n\n\n<h2 class=\"wp-block-heading\">(Hochdorf-Assenheim) &#8211; Parkenden Pkw \u00fcbersehen<\/h2>\n\n\n\n<p>Vermutlich aufgrund einer Unachtsamkeit kollidierte am fr\u00fchen Samstagabend ein 55-j\u00e4hriger aus Mutterstadt mit seinem Kleinkraftrad in der Hauptstra\u00dfe mit einem dort ordnungsgem\u00e4\u00df geparkten Pkw. Der 55-j\u00e4hrige zog sich durch den Aufprall eine Verletzung am Handgelenk zu. Zudem entstand an beiden Fahrzeugen ein Sachschaden in H\u00f6he von circa 4.000 Euro.<\/p>\n\n\n\n<h2 class=\"wp-block-heading\">(K 15 \/ W\u00f6rth) &#8211; Ein Unfall, viele Straftaten<\/h2>\n\n\n\n<p>Sonntagabend kam es auf der K15, von Schaidt kommend in Richtung Bienwald-B9, zu einem Alleinunfall. Der 34-j\u00e4hrige Unfallverursacher aus W\u00f6rth verlor bei regennasser Fahrbahn die Kontrolle \u00fcber das Fahrzeug und \u00fcberschlug sich im Kurvenbereich. Im Rahmen der Unfallaufnahme wurde beim unverletzten Fahrzeugf\u00fchrer Alkoholgeruch in der Atemluft festgestellt. Ein durchgef\u00fchrter Atemalkoholtest ergab einen Wert von 0,93 Promille. Weiterhin gab er an vor wenigen Tagen Bet\u00e4ubungsmittel konsumiert zu haben. Einen F\u00fchrerschein besitzt er ebenfalls nicht. Das verunfallte Fahrzeug, welches er unbefugt in Gebrauch nahm, geh\u00f6rt seiner Ex-Lebensgef\u00e4hrtin. Am PKW entstand wirtschaftlicher Totalschaden. Dem Fahrer wurde eine Blutentnahme entnommen. Entsprechende Strafverfahren wurden eingeleitet.<\/p>\n\n\n\n<h2 class=\"wp-block-heading\">(Landau) &#8211; Zu viel Alkohol&#8230;<\/h2>\n\n\n\n<p>&#8230; hatte ein 55-J\u00e4hriger am 29.10.2023 gegen 20:00 Uhr intus. Im Rahmen einer Verkehrskontrolle im Prie\u00dfnitzweg in Landau konnte bei dem VW-Fahrer Alkoholgeruch festgestellt werden. Ein Alkoholtest ergab einen Wert von knapp 0,8 Promille. Dieser Wert konnte auf der Dienststelle best\u00e4tigt werden. Ein Ordnungswidrigkeitenverfahren wurde eingeleitet und Weiterfahrt untersagt. Er wird sich nun auf ein Bu\u00dfgeld in H\u00f6he von 500 Euro, zwei Punkte in Flensburg sowie ein einmonatiges Fahrverbot einstellen m\u00fcssen.<\/p>\n\n\n\n<h2 class=\"wp-block-heading\">(Landau) &#8211; Fahrraddiebstahl vereitelt \/ Zeugen gesucht<\/h2>\n\n\n\n<p>Am 29.10.2023 meldete ein aufmerksamer Zeuge zwei dunkel gekleidete Personen, die sich in der Waffenstra\u00dfe in Landau an einem Fahrradtr\u00e4ger zu schaffen machten, welcher auf der Anh\u00e4ngerkupplung eines geparkten PKW montiert war. Auf dem Fahrradtr\u00e4ger befanden sich zwei hochwertige E-Bikes. Die beiden Personen wurden durch den Zeugen angesprochen und entfernten sich anschlie\u00dfend z\u00fcgig in Richtung Alter Messplatz in Landau. Bei der Sachverhaltsaufnahme vor Ort konnte festgestellt werden, dass die Befestigung der Fahrr\u00e4der als auch das Fahrradschloss besch\u00e4digt wurden. <\/p>\n\n\n\n<ul>\n<li><strong>Sachdienliche Hinweise zu der Tat oder den T\u00e4tern nimmt die Polizei unter der Telefonnummer 06341-2870 oder per Mail:\u00a0<a href=\"mailto:%20pilandau@polizei.rlp.de\">pilandau@polizei.rlp.de<\/a>\u00a0entgegen.<\/strong><\/li>\n<\/ul>\n\n\n\n<h2 class=\"wp-block-heading\">(Landau) &#8211; Nach Verfolgung mit Messer verletzt \/ Zeugen gesucht<\/h2>\n\n\n<div class=\"wp-block-image\">\n<figure class=\"aligncenter size-full\"><img decoding=\"async\" loading=\"lazy\" width=\"800\" height=\"621\" src=\"https:\/\/speyer24news.com\/wp-content\/uploads\/2021\/07\/Messer-Angriff-Bedrohung-2.jpg\" alt=\"\" class=\"wp-image-38504\" srcset=\"https:\/\/speyer24news.com\/wp-content\/uploads\/2021\/07\/Messer-Angriff-Bedrohung-2.jpg 800w, https:\/\/speyer24news.com\/wp-content\/uploads\/2021\/07\/Messer-Angriff-Bedrohung-2-300x233.jpg 300w, https:\/\/speyer24news.com\/wp-content\/uploads\/2021\/07\/Messer-Angriff-Bedrohung-2-768x596.jpg 768w\" sizes=\"(max-width: 800px) 100vw, 800px\" \/><figcaption class=\"wp-element-caption\">Symbolbild &#8222;\u00dcberfall Messer&#8220;, dient lediglich der Visualisierung<\/figcaption><\/figure><\/div>\n\n\n<p>Am 29.10.2023 kam es gegen 10:50 Uhr zu einem Diebstahl bei der &#8222;M\u00fcnzwoche&#8220; in der Jugendstilfesthalle in Landau. Hierbei wurde ein 79-j\u00e4hriger Gold- und Schmuckverk\u00e4ufer durch drei Personen in ein Gespr\u00e4ch verwickelt. Im Rahmen dieses Gespr\u00e4ches wurden durch die Personengruppe diverse Waren aus der Auslage entwendet. Die Schadensh\u00f6he bel\u00e4uft sich auf einen niedrigen vierstelligen Betrag. Der Diebstahl wurde bemerkt und mehrere Zeugen konnten die Verfolgung aufnehmen. Zwei m\u00e4nnliche Personen konnten fl\u00fcchten, eine 48-J\u00e4hrige konnte im Bereich des Ostparks gestellt werden. Diese z\u00fcckte kurzerhand ein Messer und versuchte hierdurch wohl die Beute zu sichern. Durch eine Schnittbewegung der Beschuldigten wurde der 79-J\u00e4hrige am Finger verletzt. Danach konnte sie \u00fcberw\u00e4ltigt und bis zum Eintreffen der Polizei festgehalten werden. Ein Teil des Diebesgutes konnte aufgefunden werden. Der Gesch\u00e4digte wurde zur weiteren Behandlung in ein umliegendes Krankenhaus verbracht. Ein Strafverfahren wegen schwerem r\u00e4uberischen Diebstahls sowie gef\u00e4hrlicher K\u00f6rperverletzung wurde eingeleitet und die 48-J\u00e4hrige einer erkennungsdienstlichen Behandlung zugef\u00fchrt. <\/p>\n\n\n\n<ul>\n<li><strong>Sachdienliche Hinweise zu der Tat oder den T\u00e4tern nimmt die Polizei unter der Telefonnummer 06341-2870 oder per Mail:\u00a0<a href=\"mailto:%20pilandau@polizei.rlp.de\">pilandau@polizei.rlp.de<\/a>\u00a0entgegen.<\/strong><\/li>\n<\/ul>\n\n\n\n<h2 class=\"wp-block-heading\">(A 65 \/ Edesheim) &#8211; Alkoholkontrolle<\/h2>\n\n\n\n<p>Vor Ablauf des Sonntagfahrverbots (22 Uhr) wurden Sonntagabend (29.10.2023) insgesamt 24 LKW-Fahrer kontrolliert. Weil zwei der Fahrer eine Atemalkoholkonzentration von jeweils 0,6 Promille hatten, musste ihnen der Fahrtantritt um 22 Uhr untersagt werden. Fahrzeugschl\u00fcssel und Ladepapiere wurde vorl\u00e4ufig sichergestellt. Erst bei vollst\u00e4ndiger N\u00fcchternheit konnten sie ihre Fahrt fortsetzen.<\/p>\n\n\n\n<h2 class=\"wp-block-heading\">(Ha\u00dfloch) &#8211; Fahrradeigent\u00fcmer gesucht<\/h2>\n\n\n<div class=\"wp-block-image\">\n<figure class=\"aligncenter size-full\"><img decoding=\"async\" loading=\"lazy\" width=\"800\" height=\"567\" src=\"https:\/\/speyer24news.com\/wp-content\/uploads\/2023\/10\/5D7687A0-21FE-4555-89AA-AEA627D00819.jpeg\" alt=\"\" class=\"wp-image-55565\" srcset=\"https:\/\/speyer24news.com\/wp-content\/uploads\/2023\/10\/5D7687A0-21FE-4555-89AA-AEA627D00819.jpeg 800w, https:\/\/speyer24news.com\/wp-content\/uploads\/2023\/10\/5D7687A0-21FE-4555-89AA-AEA627D00819-300x213.jpeg 300w, https:\/\/speyer24news.com\/wp-content\/uploads\/2023\/10\/5D7687A0-21FE-4555-89AA-AEA627D00819-768x544.jpeg 768w\" sizes=\"(max-width: 800px) 100vw, 800px\" \/><\/figure><\/div>\n\n\n<p>Am sp\u00e4ten Abend des 29.10.2023 sollte ein 18-J\u00e4hriger aus Ha\u00dfloch in der Bahnhofstra\u00dfe in 67454 Ha\u00dfloch einer Verkehrskontrolle unterzogen werden, da sich an dessen Fahrrad kein Licht befand. Beim Erblicken des Streifenwagens fl\u00fcchtete der junge Ha\u00dflocher, konnte jedoch nach kurzer Verfolgung eingeholt werden. Im Rahmen der Kontrolle stellte sich heraus, dass das Fahrrad zuvor von dem Heranwachsenden im Ortsbereich Ha\u00dfloch entwendet wurde.<\/p>\n\n\n\n<ul>\n<li><strong>Der Eigent\u00fcmer des Fahrrades wird gebeten, sich mit der Polizeiinspektion Ha\u00dfloch unter der 06324 933-0 oder per E-Mail:\u00a0<a href=\"mailto:%20pihassloch@polizei.rlp.de\">pihassloch@polizei.rlp.de<\/a>\u00a0in Verbindung zu setzen.<\/strong><\/li>\n<\/ul>\n\n\n\n<h2 class=\"wp-block-heading\">(Ha\u00dfloch) &#8211; Zeugensuche nach Verkehrsunfallflucht<\/h2>\n\n\n\n<p>Am Sonntag, den 29.10.2023 gegen 18:15 Uhr kam es in der Pestalozzistra\u00dfe in Ha\u00dfloch zu einem Verkehrsunfall. Der bislang noch unbekannte Verursacher touchierte vermutlich im Vorbeifahren einen am Fahrbahnrand geparkten PKW und besch\u00e4digte diesen. Der Verursacher entfernte sich anschlie\u00dfend unerlaubt von der Unfallstelle. Vom Verursacherfahrzeug blieb der Au\u00dfenspiegel vor Ort zur\u00fcck. Nach ersten Erkenntnissen d\u00fcrfte der Spiegel von einem Opel Corsa stammen.<\/p>\n\n\n\n<ul>\n<li><strong>Zeugen, die das Unfallgeschehen beobachtet haben, werden gebeten, sich mit der Polizeiinspektion Ha\u00dfloch unter der 06324 933-0 oder per E-Mail:\u00a0<a href=\"mailto:%20pihassloch@polizei.rlp.de\">pihassloch@polizei.rlp.de<\/a>\u00a0in Verbindung zu setzen.<\/strong><\/li>\n<\/ul>\n\n\n\n<h2 class=\"wp-block-heading\">(Bissersheim) &#8211; Verkehrsunfall zwischen Pkw und Roller<\/h2>\n\n\n\n<p>Bereits am Donnerstag, den 26.10.2023, kam es gegen 16:50 Uhr zu einem Verkehrsunfall in der Hauptstra\u00dfe in Bissersheim zwischen einer 16-j\u00e4hrigen Rollerfahrerin und einer bis dato nicht bekannten Pkw-Fahrerin. Die Pkw-Fahrerin befuhr die Hauptstra\u00dfe in Richtung Kirchheim an der Weinstra\u00dfe. Beim Vorbeifahren an einem geparkten Fahrzeug missachtete die Frau den Vorrang der entgegenkommenden Rollerfahrerin. Diese kam durch eine Gefahrenbremsung mit ihrer ebenfalls 16-j\u00e4hrigen Sozia zu Sturz. Die Pkw-Fahrerin stoppte sodann ihren Pkw und erkundigte sich nach dem Wohlergehen der beiden Jugendlichen. Da die 16-J\u00e4hrigen dachten sie seien unverletzt und auch am Roller keinen Schaden feststellen konnten, f\u00fchrten sie mit der Pkw-Fahrerin keinen Personalienaustausch durch und kontaktierten auch nicht die Polizei. Erst einige Stunden sp\u00e4ter bemerkte die Rollerfahrerin leichte Verletzungen im Kniebereich, stellte zudem Besch\u00e4digungen an ihrem Roller fest und meldete daher nachtr\u00e4glich den Verkehrsunfall bei der Polizei. Der entstandene Sachschaden wird auf ca. 1000,-EUR gesch\u00e4tzt. Die Sozia der Rollerfahrerin blieb unverletzt. <\/p>\n\n\n\n<ul>\n<li><strong>Bei dem Pkw soll es sich um einen hellen Mini Cooper gehandelt haben.<\/strong><\/li>\n\n\n\n<li><strong>Die Fahrerin soll ca. 30 Jahre alt gewesen sein.<\/strong><\/li>\n<\/ul>\n\n\n\n<ul>\n<li><strong>Die Pkw-Fahrerin sowie etwaige Zeugen werden gebeten sich mit der Polizeiinspektion Gr\u00fcnstadt in Verbindung zu setzen.<\/strong><\/li>\n<\/ul>\n\n\n\n<h2 class=\"wp-block-heading\">(Frankenthal) &#8211; Zwei Personen bei K\u00fcchenbrand leicht verletzt<\/h2>\n\n\n\n<p>Am fr\u00fchen Montagmorgen (30.10.2023) kam es gegen 05:20 Uhr aus bislang ungekl\u00e4rter Ursache zu einem Brand in der K\u00fcche eines Einfamilienhauses in der Platanenstra\u00dfe im Frankenthaler Stadtteil Eppstein. Die zwei Bewohner des Hauses wurden mit Verdacht auf eine Rauchgasintoxikation durch den Rettungsdienst in ein Krankenhaus gebracht. Am Geb\u00e4ude entstand Sachschaden in H\u00f6he von circa 60.000 Euro. Die Kriminalpolizei hat die Ermittlungen zur Brandursache aufgenommen.<\/p>\n\n\n\n<h2 class=\"wp-block-heading\">(Bobenheim-Roxheim) &#8211; Weitere Drohmail eingegangen<\/h2>\n\n\n\n<h3 class=\"wp-block-heading\">Nachtrag zur Pressemeldung vom 26.10.2023:\u00a0<a href=\"https:\/\/s.rlp.de\/0pTnp\" target=\"_blank\" rel=\"noreferrer noopener\">https:\/\/s.rlp.de\/0pTnp<\/a><\/h3>\n\n\n<div class=\"wp-block-image\">\n<figure class=\"aligncenter size-full\"><img decoding=\"async\" loading=\"lazy\" width=\"800\" height=\"635\" src=\"https:\/\/speyer24news.com\/wp-content\/uploads\/2020\/07\/Bombendrohung.png\" alt=\"\" class=\"wp-image-28668\" srcset=\"https:\/\/speyer24news.com\/wp-content\/uploads\/2020\/07\/Bombendrohung.png 800w, https:\/\/speyer24news.com\/wp-content\/uploads\/2020\/07\/Bombendrohung-300x238.png 300w, https:\/\/speyer24news.com\/wp-content\/uploads\/2020\/07\/Bombendrohung-768x610.png 768w\" sizes=\"(max-width: 800px) 100vw, 800px\" \/><\/figure><\/div>\n\n\n<p>Eine weitere Drohmail ging in der Nacht auf den 26.10.2023 bei der Realschule plus in Bobenheim-Roxheim ein. Die Nachricht wurde heute zu Beginn des Schulbetriebs gelesen. Die alarmierten Polizeikr\u00e4fte \u00fcberpr\u00fcften die E-Mail. Es handelte sich um die gleiche Nachricht, welche zuvor an das Jugendzentrum und an die Grundschule gesandt wurde. Aufgrund der Analyse und Bewertung der E-Mails durch Experten des Landeskriminalamts Rheinland-Pfalz und des zeitlichen Verzugs wurde auf eine Durchsuchung mit einem Sprengstoffsp\u00fcrhund verzichtet.<\/p>\n\n\n\n<h2 class=\"wp-block-heading\">(Ludwigshafen) &#8211; Verkehrsunfallflucht \/ Zeugen gesucht<\/h2>\n\n\n\n<p>In der Nacht von Sonntag (29.10.2023) auf Montag (30.10.2023) kam es auf einem Parkplatz in der Schanzstra\u00dfe zu einer Verkehrsunfallflucht. Der bislang unbekannte Unfallverursacher besch\u00e4digte vermutlich beim Ein-\/Ausparken mit seinem Fahrzeug das geparkte Auto des Gesch\u00e4digten an der Fahrert\u00fcr und entfernte sich unerlaubt von der Unfallstelle, ohne sich um den entstandenen Schaden in H\u00f6he von rund 2.500 Euro zu k\u00fcmmern.<\/p>\n\n\n\n<ul>\n<li><strong>K\u00f6nnen Sie Hinweise auf den Verursacher geben?<\/strong><\/li>\n<\/ul>\n\n\n\n<ul>\n<li><strong>Sachdienliche Hinweise bitte an die Polizeiinspektion Ludwigshafen 2, Telefonnummer 0621 963-2222 oder per E-Mail\u00a0<a href=\"mailto:%20piludwigshafen2@polizei.rlp.de\">piludwigshafen2@polizei.rlp.de<\/a>\u00a0.<\/strong><\/li>\n<\/ul>\n\n\n\n<h2 class=\"wp-block-heading\">(Ludwigshafen) &#8211; Brand von M\u00fcllcontainern<\/h2>\n\n\n\n<p>Aus bislang unbekannter Ursache gerieten am Sonntagnachmittag (29.10.2023, 15.11 Uhr) zwei M\u00fcllcontainer in der Gr\u00e4fenaustra\u00dfe in Brand. Durch das Feuer wurde auch ein angrenzendes Geb\u00e4ude besch\u00e4digt. Der Gesamtschaden bel\u00e4uft sich auf circa 7.000 Euro. Die Kriminalpolizei Ludwigshafen hat die Ermittlungen bez\u00fcglich der Brandursache aufgenommen und sucht Zeugen. <\/p>\n\n\n\n<ul>\n<li><strong>Sachdienliche Hinweise nimmt die Kriminalpolizei Ludwigshafen unter der Telefonnummer 0621\/963-2773 oder per E-Mail\u00a0<a href=\"mailto:%20kiludwigshafen.k1.kdd@polizei.rlp.de\">kiludwigshafen.k1.kdd@polizei.rlp.de<\/a>\u00a0entgegen.<\/strong><\/li>\n<\/ul>\n\n\n\n<h2 class=\"wp-block-heading\">(Ludwigshafen) &#8211; Zeugenaufruf nach Verkehrsunfall mit zwei Verletzten<\/h2>\n\n\n\n<p>Am Sonntagvormittag (29.10.2023), gegen 10:50 Uhr, kam es im Kreuzungsbereich der Sternstra\u00dfe\/Hohenzollernstra\u00dfe\/Kreuzstra\u00dfe zu einem Verkehrsunfall zwischen zwei Autos. Durch den Unfall wurden zwei Personen leicht verletzt. Beide beteiligten Autos waren nicht mehr fahrbereit und wurden abgeschleppt. Der entstandene Schaden wird auf rund 18.000 Euro gesch\u00e4tzt. Die Sternstra\u00dfe musste vor\u00fcbergehend zum Zwecke der Unfallaufnahme einseitig gesperrt werden. Die Polizei hat die Ermittlungen zum Unfallhergang aufgenommen.<\/p>\n\n\n\n<ul>\n<li><strong>Haben Sie den Unfall beobachtet?<\/strong><\/li>\n<\/ul>\n\n\n\n<ul>\n<li><strong>Sachdienliche Hinweise bitte an die Polizeiinspektion Ludwigshafen 2, Telefonnummer 0621 963-2222 oder per E-Mail\u00a0<a href=\"mailto:%20piludwigshafen2@polizei.rlp.de\">piludwigshafen2@polizei.rlp.de<\/a>\u00a0.<\/strong><\/li>\n<\/ul>\n\n\n\n<h2 class=\"wp-block-heading\">(Ludwigshafen) &#8211; Auto aufgebrochen \/ Zeugen gesucht<\/h2>\n\n\n\n<p>Im Zeitraum zwischen dem 20.10.2023 und dem 29.10.2023 verschafften sich Unbekannte Zugang zu einer Garage in der Saarlandstra\u00dfe (H\u00f6he Adlerdamm) und brachen die Seitenscheibe des darin befindlichen Autos auf. Entwendet wurde nichts. Der entstandene Sachschaden bel\u00e4uft sich auf circa 500 Euro.<\/p>\n\n\n\n<ul>\n<li><strong>Wer hat die Tat beobachtet oder kann Hinweise auf die T\u00e4ter geben? Sachdienliche Hinweise bitte an die Polizeiinspektion Ludwigshafen 1, Telefonnummer 0621 963-2122 oder per E-Mail\u00a0<a href=\"mailto:%20piludwigshafen1@polizei.rlp.de\">piludwigshafen1@polizei.rlp.de<\/a>\u00a0.<\/strong><\/li>\n<\/ul>\n\n\n\n<h2 class=\"wp-block-heading\">(Ludwigshafen) &#8211; Polizeibeamtin bei Widerstand verletzt<\/h2>\n\n\n\n<p>Am Samstagabend (28.10.2023) gegen 21:30 Uhr, forderten Fahrkartenkontrolleure der RNV polizeiliche Unterst\u00fctzung bei der Kontrolle eines Fahrgastes an. Die 73-J\u00e4hrige war mit dem Bus unterwegs und weigerte sich gegen\u00fcber den Kontrollkr\u00e4ften, einen Fahrschein oder ein Ausweisdokument vorzuzeigen. Als sie durch die Polizeikr\u00e4fte erneut aufgefordert wurde, sich auszuweisen, griff die 73-J\u00e4hrige eine Beamtin unvermittelt an, trat ihr in den Bauch und kratzte sie im Gesicht. Auch gegen die anschlie\u00dfende Fesselung leistete die Frau Widerstand und versuchte die Polizeikr\u00e4fte zu treten. Da sich Hinweise darauf ergaben, dass die Frau unter Alkoholeinfluss stand, wurde ihr in einer Polizeidienststelle eine Blutprobe entnommen. Anschlie\u00dfend wurde sie in Gewahrsam genommen. Die Polizeibeamtin wurde leicht verletzt.<\/p>\n\n\n\n<h2 class=\"wp-block-heading\">(Ludwigshafen) &#8211; Kellerbrand in Mehrfamilienhaus<\/h2>\n\n\n\n<p>Aus bislang unbekannter Ursache brach ein Feuer am Samstag (28.10.2023, 1.20 Uhr) im Keller in einem Mehrfamilienhaus in der der Sch\u00fctzenstra\u00dfe aus. W\u00e4hrend der L\u00f6scharbeiten musste das Geb\u00e4ude ger\u00e4umt werden. Durch den Brand wurden vier Personen leicht verletzt. Der Gesamtschaden bel\u00e4uft sich derzeit auf circa 100.000 Euro. Die Kriminalpolizei Ludwigshafen hat die Ermittlungen bez\u00fcglich der Brandursache aufgenommen und sucht Zeugen. <\/p>\n\n\n\n<ul>\n<li><strong>Sachdienliche Hinweise bitte an die Polizeiinspektion Ludwigshafen 1, Telefonnummer 0621 963-2122 oder per E-Mail\u00a0<a href=\"mailto:%20piludwigshafen1@polizei.rlp.de\">piludwigshafen1@polizei.rlp.de<\/a>\u00a0.<\/strong><\/li>\n<\/ul>\n\n\n\n<h2 class=\"wp-block-heading\">(Ludwigshafen) &#8211; K\u00f6rperverletzung auf Mundenheimer Kerwe \/ T\u00e4ter ermittelt<\/h2>\n\n\n\n<h3 class=\"wp-block-heading\">Nachtrag zur Pressemeldung vom 21.08.2023,&nbsp;<a target=\"_blank\" rel=\"noreferrer noopener\" href=\"https:\/\/s.rlp.de\/JxRjj\">https:\/\/s.rlp.de\/JxRjj<\/a><\/h3>\n\n\n\n<p>Nachdem am 18.08.2023 ein damals 22-J\u00e4hriger auf der Mundenheimer Kerwe von zwei M\u00e4nnern beleidigt und durch mehrere Faustschl\u00e4ge verletzt wurde, konnten nach umfangreichen polizeilichen Ermittlungen zwei Tatverd\u00e4chtige ermittelt werden. Gegen die beiden 16- und 31-j\u00e4hrigen Tatverd\u00e4chtigen aus dem Raum Ludwigshafen wurden Ermittlungsverfahren wegen des Verdachts der gef\u00e4hrlichen K\u00f6rperverletzung eingeleitet.<\/p>\n\n\n\n<h2 class=\"wp-block-heading\">(Mannheim) &#8211; Vier Einbr\u00fcche an einem Tag \/ Tatzusammenhang nicht ausgeschlossen &#8211; Zeugen gesucht<\/h2>\n\n\n\n<p>In der Gartenstadt kam es am Sonntagabend in dem Zeitraum von 17:30 Uhr bis 20:10 Uhr zu drei Einbr\u00fcchen. Hierbei verschaffte sich die bislang unbekannte T\u00e4terschaft gewaltsam durch Aufhebeln eines Fensters beziehungsweise der Terrassent\u00fcr Zutritt zu zwei Anwesen in der Waldstra\u00dfe sowie der Moosgasse. Auch in der Stra\u00dfe Langer Schlag versuchten die T\u00e4ter eine Terrassent\u00fcr eines Wohnhauses aufzuhebeln, scheiterten aber aus bislang unbekannten Gr\u00fcnden und fl\u00fcchteten von der \u00d6rtlichkeit. In K\u00e4fertal kam es am Sonntagmittag zwischen 10:00 Uhr und 12:00 Uhr in der Morgenr\u00f6te ebenfalls zu einem Einbruch in ein Anwesen. Auch hier hebelten die Unbekannten ein Fenster auf und gelangten so in das Innere des Hauses.<\/p>\n\n\n\n<p>Da die Tat\u00f6rtlichkeiten in unmittelbarer Nachbarschaft liegen, ist ein Tatzusammenhang nicht auszuschlie\u00dfen und Gegenstand der weiteren Ermittlungen. Die H\u00f6he des Sachschadens sowie des Diebstahlschadens kann bislang nicht beziffert werden.<\/p>\n\n\n\n<p>Die Ermittlungen werden von der Ermittlungsgruppe Eigentum der Kriminalpolizeidirektion Heidelberg \u00fcbernommen und die Spuren derzeit kriminaltechnisch ausgewertet.<\/p>\n\n\n\n<ul>\n<li><strong>Zeugen, die sachdienliche Hinweise geben k\u00f6nnen, werden gebeten, sich an das kriminalpolizeiliche Hinweistelefon unter der Tel.: 0621\/174-4444 zu wenden.<\/strong><\/li>\n<\/ul>\n\n\n\n<h2 class=\"wp-block-heading\">(Mannheim) &#8211; 18-J\u00e4hriger bedroht \/ Zeugen gesucht<\/h2>\n\n\n<div class=\"wp-block-image\">\n<figure class=\"aligncenter size-full\"><img decoding=\"async\" loading=\"lazy\" width=\"800\" height=\"621\" src=\"https:\/\/speyer24news.com\/wp-content\/uploads\/2021\/07\/Messer-Angriff-Bedrohung-2.jpg\" alt=\"\" class=\"wp-image-38504\" srcset=\"https:\/\/speyer24news.com\/wp-content\/uploads\/2021\/07\/Messer-Angriff-Bedrohung-2.jpg 800w, https:\/\/speyer24news.com\/wp-content\/uploads\/2021\/07\/Messer-Angriff-Bedrohung-2-300x233.jpg 300w, https:\/\/speyer24news.com\/wp-content\/uploads\/2021\/07\/Messer-Angriff-Bedrohung-2-768x596.jpg 768w\" sizes=\"(max-width: 800px) 100vw, 800px\" \/><figcaption class=\"wp-element-caption\">Symbolbild &#8222;\u00dcberfall Messer&#8220;, dient lediglich der Visualisierung<\/figcaption><\/figure><\/div>\n\n\n<p>Nach bisherigen Erkenntnissen soll am Sonntagmorgen gegen 05:15 Uhr ein 18-J\u00e4hriger in der Theodor-Heuss-Anlage von bislang zwei unbekannten T\u00e4tern mit einem Messer und einem Teleskopschlag bedroht worden sein. Die Unbekannten forderten von dem 18-J\u00e4hrigen Bargeld und sein Handy. Nachdem dieser der Aufforderung nachkam, fl\u00fcchteten die T\u00e4ter in unbekannte Richtung. Das Handy konnte in unmittelbarer N\u00e4he wieder aufgefunden werden. Der Wert des Raubgutes betr\u00e4gt 100 Euro. <\/p>\n\n\n\n<ul>\n<li><strong>\u00dcber die zwei T\u00e4ter ist lediglich bekannt, dass einer 170 cm gro\u00df und zwischen 18 und 20 Jahren alt sein soll.<\/strong><\/li>\n\n\n\n<li><strong>Er soll eine dunkle Jacke getragen haben. <\/strong><\/li>\n\n\n\n<li><strong>Der zweite soll ca. 180 cm gro\u00df sein, zwischen 18 &#8211; 20 Jahre alt und mit einer hellen Jacke bekleidet gewesen sein. <\/strong><\/li>\n\n\n\n<li><strong>Beide sollen ein s\u00fcdeurop\u00e4isches Erscheinungsbild gehabt haben.<\/strong><\/li>\n<\/ul>\n\n\n\n<ul>\n<li><strong>Die Kriminalpolizei hat die weiteren Ermittlungen \u00fcbernommen. Zeugen, die sachdienliche Hinweise geben k\u00f6nnen, werden gebeten, sich unter der Telefonnummer 0621\/174-4444 zu melden.<\/strong><\/li>\n<\/ul>\n\n\n\n<h2 class=\"wp-block-heading\">(Mannheim) &#8211; Hungriger 21-J\u00e4hriger beleidigt Tankstellenmitarbeiter und schl\u00e4gt zu<\/h2>\n\n\n<div class=\"wp-block-image\">\n<figure class=\"aligncenter size-full\"><img decoding=\"async\" loading=\"lazy\" width=\"800\" height=\"533\" src=\"https:\/\/speyer24news.com\/wp-content\/uploads\/2021\/11\/Schlaegerei.jpg\" alt=\"\" class=\"wp-image-42366\" srcset=\"https:\/\/speyer24news.com\/wp-content\/uploads\/2021\/11\/Schlaegerei.jpg 800w, https:\/\/speyer24news.com\/wp-content\/uploads\/2021\/11\/Schlaegerei-300x200.jpg 300w, https:\/\/speyer24news.com\/wp-content\/uploads\/2021\/11\/Schlaegerei-768x512.jpg 768w\" sizes=\"(max-width: 800px) 100vw, 800px\" \/><figcaption class=\"wp-element-caption\">Beispielbild Schl\u00e4gerei \/ K\u00f6rperverletzung, dient lediglich der Visualisierung<\/figcaption><\/figure><\/div>\n\n\n<p>Am Sonntagmorgen um 05:15 Uhr, besuchte ein hungriger 21-J\u00e4hriger eine Tankstelle in der Hafenstra\u00dfe und nahm sich aus der Selbstbedienungstheke eine Backware. Er begab sich zur Kasse und gab dem Angestellten gegen\u00fcber an, dass er nicht bezahlen werde und biss daraufhin demonstrativ in das Geb\u00e4ck. Der Kassierer erkl\u00e4rte ihm, dass die Ware zu bezahlen ist, was den 21-J\u00e4hrigen veranlasste, zun\u00e4chst mit Beleidigungen zu kontern. Der Kassierer wollte den 21-J\u00e4hrigen daraufhin des Ladens verweisen, was dieser jedoch nicht einsah und mit einem Faustschlag quittierte. Der Kassierer wehrte sich jedoch und verpasste dem 21-J\u00e4hrigen daraufhin ebenfalls einen Faustschlag. Dies hatte zur Folge, dass beide M\u00e4nner leicht verletzt wurden und die Polizei verst\u00e4ndigten. Ein Rettungswagen war f\u00fcr beide M\u00e4nner nicht n\u00f6tig. Das Polizeirevier Mannheim-Innenstadt hat die Ermittlungen eingeleitet. Zeugen, die sachdienliche Angaben zu diesem Vorfall machen k\u00f6nnen, werden gebeten, sich beim Polizeirevier Mannheim-Innenstadt, unter der Tel.-Nr.: 0621\/1258-0, zu melden.<\/p>\n\n\n\n<h2 class=\"wp-block-heading\">(Mannheim) &#8211; Unbekannte in Lebensmittellager eingebrochen<\/h2>\n\n\n\n<p>Unbekannte T\u00e4ter verschafften sich am Sonntagmorgen gegen 2.45 Uhr zun\u00e4chst Zutritt zu den Kellerr\u00e4umen eines Mehrfamilienhauses in der Soironstra\u00dfe. Von hier aus gelangten sie an eine Durchgangst\u00fcr zum Lebensmittellager eines angrenzenden Restaurants. Diese \u00f6ffneten sie gewaltsam und entwendeten eine unbekannte Menge an tiefgek\u00fchlten Lebensmitteln mit unbekanntem Wert. Das Restaurant hatte erst kurz zuvor eine Anlieferung neuer Lebensmittel erhalten. Der entstandene Sachschaden sowie der Diebstahlsschaden sind bislang noch unbekannt.<\/p>\n\n\n\n<ul>\n<li><strong>Zeugen, die Hinwiese geben k\u00f6nnen, werden gebeten sich beim Polizeirevier Mannheim-Neckarstadt zu melden, unter: 0621-33010.<\/strong><\/li>\n<\/ul>\n\n\n\n<h2 class=\"wp-block-heading\">(Mannheim) &#8211; E-Scooter Fahrer unter Alkohol und Drogen erwischt<\/h2>\n\n\n\n<p>Am Sonntagmorgen gegen 00.45 Uhr stellten zwei Polizeibeamte in der Langen R\u00f6tterstra\u00dfe einen 24-J\u00e4hrigen auf einem E-Scooter fest, der verbotswidrig noch einen Freund auf dem Roller mitnahm. Die beiden Freunde wurden einer Verkehrskontrolle unterzogen und auf ihr Fehlverhalten aufmerksam gemacht. W\u00e4hrend der Kontrolle stellten die Beamten Anzeichen f\u00fcr den Konsum von Alkohol und Drogen bei dem 24-j\u00e4hrigen Fahrer fest. Ein freiwilliger Atemalkoholtest zeigte ein Ergebnis von 0,26 mg\/l. Auf der Dienststelle wurde noch ein freiwilliger Urintest durchgef\u00fchrt, welcher ebenfalls positiv verlief. Nachdem die polizeilichen Ma\u00dfnahmen erledigt waren, durfte der 24-J\u00e4hrige den Heimweg antreten und ihm wurde die Teilnahme am Stra\u00dfenverkehr bis zur Erlangung der N\u00fcchternheit untersagt.<\/p>\n\n\n\n<p>Er muss sich nun wegen der Trunkenheit im Verkehr und wegen des Versto\u00dfes gegen das Bet\u00e4ubungsmittelgesetz verantworten.<\/p>\n\n\n\n<h2 class=\"wp-block-heading\">(Mannheim) &#8211; Verkehrsunfall mit hohem Sachschaden<\/h2>\n\n\n\n<p>Aus noch bislang nicht gekl\u00e4rter Unfallursache kam am Samstagabend, kurz vor Mitternacht, in der Inselstra\u00dfe zu einem Verkehrsunfall. Ein 54-j\u00e4hriger Mercedesfahrer verlor auf der Industriestra\u00dfe die Kontrolle \u00fcber sein Fahrzeug und kam nach links von der Fahrbahn ab. Das Werbeschild eines in der Industriestra\u00dfe ans\u00e4ssigen Autoh\u00e4ndlers stoppte den Mercedes. Der Gesamtschaden bel\u00e4uft sich auf mehrere tausend Euro im f\u00fcnfstelligen Bereich. Der Mercedesfahrer wurde gl\u00fccklicherweise nicht verletzt. Zu Verkehrsbeeintr\u00e4chtigungen kam es ebenfalls nicht. Der Mercedes des 54-J\u00e4hrigen musste abgeschleppt werden. Das Polizeirevier Mannheim-Neckarstadt hat die Ermittlungen zur Unfallursache eingeleitet.<\/p>\n\n\n\n<h2 class=\"wp-block-heading\">(Mannheim \/ Lampertheim) &#8211; 61-J\u00e4hriger rast mit Auto durch Mannheim<\/h2>\n\n\n\n<p>Gegen 20 Uhr beobachtete am Samstag eine Streife der Polizeistation Lampertheim den Fahrer eines Opels, wie er w\u00e4hrend der Fahrt telefonierte. Als die Streife den Mann kontrollieren wollte, raste der Fahrer von Lampertheim in Richtung Mannheim davon. Bei seiner halsbrecherischen Fahrt fuhr er im Mannheimer Stadtgebiet stellenweise mit \u00fcber 100 km\/h. Auch ein Zusammensto\u00df mit einem weiteren Verkehrsteilnehmer in der Carl-Zuckmayer-Stra\u00dfe hielt den Mann nicht auf. Kurzzeitig verloren die Polizisten den Raser aus den Augen. Eine Streife des Polizeireviers Mannheim-Neckarstadt konnte dann aber den gr\u00fcnen Opel in der Stra\u00dfe &#8222;Am Brunnengarten&#8220; auffinden und den mutma\u00dflichen Fahrer vorl\u00e4ufig festnehmen. Es stellte sich heraus, das der 61-j\u00e4hrige Fahrer nach eigenen Angaben keinen F\u00fchrerschein besa\u00df und nach ersten Erkenntnissen unter Drogen stand. Zudem bestand f\u00fcr das Fahrzeug kein Versicherungsschutz.<\/p>\n\n\n\n<p>Der Mann muss sich nun unter anderem wegen des Verdachts eines verbotenen Fahrzeugrennens, Fahrens ohne Fahrerlaubnis, Unfallflucht und Gef\u00e4hrdung des Stra\u00dfenverkehrs unter Bet\u00e4ubungsmitteleinfluss verantworten.<\/p>\n\n\n\n<ul>\n<li><strong>Zeugen, die sachdienliche Hinweise geben k\u00f6nnen, oder Personen, welche durch die Fahrweise des Beschuldigten gef\u00e4hrdet wurden, werden gebeten, sich beim Polizeirevier Mannheim-Neckarstadt unter der Telefonnummer 0621-3301-0 zu melden.<\/strong><\/li>\n<\/ul>\n\n\n\n<h2 class=\"wp-block-heading\">(Heidelberg) &#8211; Autos auf Parkplatz aufgebrochen \/ Polizei sucht Zeugen<\/h2>\n\n\n\n<p>Zu einem nicht n\u00e4her bestimmbaren Zeitpunkt zwischen Samstagabend und Sonntagmittag brach eine bislang unbekannte T\u00e4terschaft zwei Fahrzeuge auf. Beide Autos, ein Skoda und ein Ford, waren auf dem P+R-Parkplatz am Bahnhof Pfaffengrund-Wieblingen abgestellt. Es zeigte sich, dass in beiden F\u00e4llen die Seitenscheibe eingeschlagen wurde. Den Skoda versuchte die T\u00e4terschaft kurzzuschlie\u00dfen, was aber misslang. Dadurch entstand ein Schaden an der Elektronik, so dass sich das Fahrzeug auch durch die Besitzerin nicht mehr starten lie\u00df. Aus dem Ford wurde Kleingeld entwendet. Wie hoch der Schaden ist, muss noch ermittelt werden.<\/p>\n\n\n\n<p>Die Polizei ermittelt nun wegen des besonders schweren Falls des Diebstahls und des versuchten Diebstahls eines Kraftfahrzeugs.<\/p>\n\n\n\n<ul>\n<li><strong>Zeugen, die sachdienliche Hinweise geben k\u00f6nnen, werden gebeten, sich beim Polizeirevier Heidelberg-S\u00fcd unter der Telefonnummer 06221-3418-0 zu melden.<\/strong><\/li>\n<\/ul>\n\n\n\n<h2 class=\"wp-block-heading\">(Heidelberg) &#8211; Unangepasste Fahrweise endet an Laterne<\/h2>\n\n\n\n<p>Am Sonntag bog um kurz nach 1 Uhr eine 30-J\u00e4hrige mit einem stark modifizierten BMW von der Haberstra\u00dfe in die Stra\u00dfe &#8222;Im Breitspiel&#8220; ab. Nach ersten Erkenntnissen war die Frau trotz einer regennassen Fahrbahn viel zu schnell unterwegs und verlor deshalb in der Kurve die Kontrolle \u00fcber das Fahrzeug. Der BMW prallte seitlich gegen eine Stra\u00dfenlaterne und wurde durch die Wucht der Kollision so schwer besch\u00e4digt, dass ein Totalschaden entstand. Das Auto musste abgeschleppt werden. Die genaue Schadensh\u00f6he ist nicht bekannt. Die Fahrerin verletzte sich durch den Unfall leicht.<\/p>\n\n\n\n<p>Ob allein die nicht angepasste Geschwindigkeit f\u00fcr den Unfall verantwortlich war oder ob auch die zahlreichen Modifikationen am Fahrzeug eine Rolle spielten, ist Gegenstand der aktuellen Ermittlungen des Polizeireviers Heidelberg-S\u00fcd.<\/p>\n\n\n\n<h2 class=\"wp-block-heading\">(Heidelberg) &#8211; Vandalismus in der Bahnstadt \/ Polizei sucht Zeugen<\/h2>\n\n\n\n<p>Ein bislang unbekannter T\u00e4ter lief in der Nacht von Samstag auf Sonntag um kurz nach zwei Uhr die Kumamotostra\u00dfe entlang und trat die Au\u00dfenspiegel an dort geparkten Autos ab. Diesen Akt des Vandalismus bemerkte eine Anwohnerin, welche die Polizei verst\u00e4ndigte. Eine Streife des Polizeireviers Heidelberg-Mitte konnte den Mann nicht mehr antreffen, aber vier besch\u00e4digte Fahrzeuge feststellen. An diesen wurden jeweils die linken Au\u00dfenspiegel abgetreten. Der genaue Schaden ist bis dato nicht bekannt.<\/p>\n\n\n\n<ul>\n<li><strong>Der T\u00e4ter wird als 170 cm gro\u00df, schlank und mit schwarzen Haaren beschrieben. <\/strong><\/li>\n\n\n\n<li><strong>Er trug eine schwarze Lederjacke und eine blaue Jeans. <\/strong><\/li>\n\n\n\n<li><strong>Vom Erscheinungsbild war der Mann nordafrikanischen Ph\u00e4notyps.<\/strong><\/li>\n<\/ul>\n\n\n\n<ul>\n<li><strong>Zeugen, die sachdienliche Hinweise geben k\u00f6nnen, werden gebeten, sich beim Polizeirevier Heidelberg-Mitte unter der Telefonnummer 06221-1857-0 zu melden.<\/strong><\/li>\n<\/ul>\n\n\n\n<h2 class=\"wp-block-heading\">(Heidelberg) &#8211; Polizei bringt K\u00e4tzchen und Besitzerin wieder zusammen<\/h2>\n\n\n\n<p>Am Samstagabend meldete eine Frau der Polizei, dass sie vor ihrer Haust\u00fcre in der Oberfeldstra\u00dfe einen jungen schwarzen Kater vorgefunden hatte, der im Regen sitzend, herzerweichend miaute. Eine Streife des Polizeireviers Heidelberg-S\u00fcd nahm sich des Ausrei\u00dfers an und konnte \u00fcber den implantierten Chip die Besitzerin ausfindig machen. So konnte die Besitzerin ihren Kater gl\u00fccklich wieder in die Arme schlie\u00dfen.<\/p>\n\n\n\n<h2 class=\"wp-block-heading\">(Br\u00fchl \/ Rhein-Neckar-Kreis) &#8211; Zigarettenautomat aufgebrochen<\/h2>\n\n\n\n<p>Am fr\u00fchen Montagmorgen gegen 02:20 Uhr hebelten derzeit noch unbekannte T\u00e4ter einen Zigarettenautomaten in der Schwetzinger Stra\u00dfe auf. Ein aufmerksamer Zeuge beobachtete die Tat und verst\u00e4ndigte die Polizei. Die Unbekannten entwendeten aus dem ge\u00f6ffneten Automaten eine noch ungekl\u00e4rte Anzahl an Zigarettenschachteln und fl\u00fcchteten im Anschluss. <\/p>\n\n\n\n<h4 class=\"wp-block-heading\">Sie werden wie folgt beschrieben: <\/h4>\n\n\n\n<ul>\n<li><strong>Beide T\u00e4ter waren m\u00e4nnlich<\/strong><\/li>\n\n\n\n<li><strong>hatten ein jugendliches Erscheinungsbild <\/strong><\/li>\n\n\n\n<li><strong>und waren zwischen 170 cm und 180 cm gro\u00df. <\/strong><\/li>\n\n\n\n<li><strong>Ein T\u00e4ter trug eine wei\u00dfe Jacke, der Andere schwarze Oberbekleidung mit wei\u00dfer Aufschrift. <\/strong><\/li>\n<\/ul>\n\n\n\n<ul>\n<li><strong>Das Polizeirevier Mannheim-Neckarau sucht nun Zeugen, welche Hinweise zu den T\u00e4tern geben k\u00f6nnen und bittet diese, sich unter der Telefonnummer 0621\/83397-0 zu melden.<\/strong><\/li>\n<\/ul>\n\n\n\n<h2 class=\"wp-block-heading\">(Wiesloch \/ Rhein-Neckar-Kreis) &#8211; 32-J\u00e4hriger vermisst \/ R\u00fccknahme der \u00d6ffentlichkeitsfahndung<\/h2>\n\n\n\n<h3 class=\"wp-block-heading has-text-align-center\">Pressemeldung Nr. 2<\/h3>\n\n\n\n<p>Der seit Ende April 2023 vermisste Franklin B. (unsere PM vom 05.05.2023) ist wieder wohlbehalten zur\u00fcckgekehrt.\u00a0<\/p>\n\n\n\n<h2 class=\"wp-block-heading\">(Bammental \/ Rhein-Neckar-Kreis) &#8211; Verkehrsunfall mit mehr als 10.000 Euro Schaden<\/h2>\n\n\n\n<p>Am Sonntagnachmittag gegen 16:15 Uhr kollidierten im Kreuzungsbereich Hauptstra\u00dfe\/Gaiberger Stra\u00dfe ein 89-j\u00e4hriger BMW-Fahrer mit einer 74-j\u00e4hrigen Citroen-Fahrerin und verursachte einen Sachschaden in H\u00f6he von mehr als 10.000 Euro. Der 89-J\u00e4hrige missachtete ersten Ermittlungen zufolge im Kreuzungsbereich die Vorfahrt der Unfallgegnerin. Verletzt wurde bei dem Zusammensto\u00df gl\u00fccklicherweise niemand.<\/p>\n\n\n\n<h2 class=\"wp-block-heading\">(B 39 \/ Sinsheim \/ Rhein-Neckar-Kreis) &#8211; Falschfahrerin verursacht Beinaheunfall \/ Polizei sucht Zeugen<\/h2>\n\n\n\n<p>Am Sonntag fuhr eine 20-J\u00e4hrige mit ihrem Auto auf die B 292 und sp\u00e4ter auf die B 39 von Waibstadt in Richtung der Autobahnauffahrt auf die BAB 6 in Sinsheim. Gegen 11 Uhr passierte sie die Abfahrt Sinsheim-Hoffenheim. Kurz danach bemerkte sie einen dunklen SUV, der sich ihr schnell von vorne n\u00e4herte. Alsbald realisierte sie, dass der Wagen ihr als Falschfahrer auf den baulich getrennten Fahrbahnen entgegenkam. Sie bremste ab und versuchte auf die rechte der beiden Spuren zu wechseln, was verkehrsbedingt aber nicht m\u00f6glich war. Der SUV machte keinerlei Anstalten die Geschwindigkeit zu verringern oder auszuweichen und fuhr unbeirrt in Richtung Waibstadt weiter. Nur durch Zufall kam es nicht zu einem Frontalzusammensto\u00df der beiden Fahrzeuge. Die 20-J\u00e4hrige kam mit einem Schrecken davon. <\/p>\n\n\n\n<ul>\n<li><strong>Die Falschfahrerin beschrieb sie als \u00e4ltere Frau mit Brille, welche braune, kinnlange Haare trug.<\/strong><\/li>\n<\/ul>\n\n\n\n<p>Das Polizeirevier Sinsheim ermittelt nun wegen einer Gef\u00e4hrdung des Stra\u00dfenverkehrs.<\/p>\n\n\n\n<ul>\n<li><strong>Zeugen, die sachdienliche Hinweise geben k\u00f6nnen, werden gebeten, sich beim Polizeirevier Sinsheim unter der Telefonnummer 07261-690-0 zu melden.<\/strong><\/li>\n<\/ul>\n\n\n\n<h2 class=\"wp-block-heading\">(L 550 \/ Sinsheim \/ Rhein-Neckar-Kreis) &#8211; Fahrzeug \u00fcberschl\u00e4gt sich und kommt im Gr\u00fcnstreifen zum Stehen<\/h2>\n\n\n\n<p>Aufgrund der Witterungsverh\u00e4ltnisse und nicht angepasster Geschwindigkeit verlor am Sonntagvormittag ein 18-j\u00e4hriger Fiat-Fahrer auf der L 550, zwischen Sinsheim und Weiler, gegen 09:30 Uhr in einer Rechtskurve die Kontrolle \u00fcber sein Fahrzeug und \u00fcberschlug sich. Zun\u00e4chst geriet der 18-J\u00e4hrige in den Gegenverkehr und anschlie\u00dfend in den Gr\u00fcnstreifen, wobei sich das Fahrzeug \u00fcberschlug und schlie\u00dflich auf der Beifahrerseite zum Stehen kommt. Der 18-J\u00e4hrige blieb hierbei unverletzt. Seine ebenfalls 18-j\u00e4hrige Begleitung hingegen zog sich leichte Verletzungen zu und wurde durch einen Krankenwagen in ein umliegendes Krankenhaus gebracht. Der Fiat war nicht mehr fahrbereit und musste abgeschleppt werden. Der Sachschaden wird auf einen mittleren vierstelligen Betrag gesch\u00e4tzt.<\/p>\n\n\n\n<h2 class=\"wp-block-heading\">(A 6 \/ Sinsheim \/ Rhein-Neckar-Kreis) &#8211; Rund 40.000 Euro Schaden nach Unfall<\/h2>\n\n\n\n<p>Am Samstagnachmittag um 15:45 Uhr verlor ein 45-j\u00e4hriger Daimler-Benz-Fahrer auf der BAB 6, zwischen der Anschlussstelle Sinsheim und der Anschlussstelle Wiesloch\/Rauenberg, nach auftretendem Aquaplaning die Kontrolle \u00fcber sein Fahrzeug und kam daraufhin nach links von der Fahrbahn ab. Hierbei kollidierte der Fahrer mit einer Betonleitwand, wurde von dieser abgewiesen und prallte gegen die rechte Schutzplanke. Das Fahrzeug rutschte erneut auf die Fahrbahn und kam zwischen dem rechten und dem mittleren Fahrsteifen zum Stehen. Der Fahrer sowie sein 7-j\u00e4hriger, seine 16-j\u00e4hrige, 45-j\u00e4hrige sowie 21-j\u00e4hrige Beifahrer und Beifahrerinnen blieben unverletzt. Das Fahrzeug erlitt einen Totalschaden und musste durch ein Abschleppunternehmen abtransportiert werden. F\u00fcr die Unfallaufnahme sowie die Reinigungs- und Bergungsarbeiten wurde der mittlere und rechte Fahrstreifen gesperrt.<\/p>\n\n\n\n<h2 class=\"wp-block-heading\">(Dossenheim \/ Rhein-Neckar-Kreis) &#8211; Explosion in Mehrfamilienhaus am 13.10.2023<\/h2>\n\n\n\n<h3 class=\"wp-block-heading has-text-align-center\">Vorl\u00e4ufiges Ermittlungsergebnis<\/h3>\n\n\n\n<p>Bereits am 13.10.2023 meldeten Anwohner eine Explosion in einem Mehrfamilienhaus in der Theodor-Heuss-Stra\u00dfe. Damals \u00fcbernahm die Kriminalpolizeidirektion Heidelberg in enger Zusammenarbeit mit den Spezialisten des Landeskriminalamtes die weiteren Ermittlungen. Diese ergaben, dass es sich bei der vermeintlichen Explosion um eine Verpuffung gehandelt hatte. Die Ermittler gehen nach derzeitigem Stand davon aus, dass ein 27-J\u00e4hriger sich am Abend in die Wohnung des fraglichen Mehrfamilienhauses in der Theodor-Heuss-Stra\u00dfe begab. Diese betrat er mit Zustimmung der 65-j\u00e4hrigen Wohnungsinhaberin. Im Badezimmer wusch der Mann mitgebrachte Kleidung mit Waschbenzin. Dabei entwickelte sich ein reaktives Benzin-Sauerstoff-Gemisch, welches sich durch die Nutzung eines Elektroger\u00e4ts umsetzte und zu einer heftigen Verpuffung f\u00fchrte. Nach derzeitigen Erkenntnissen ist von einem unbeabsichtigten Unfallgeschehen auszugehen. Der Mann erlitt schwere Verbrennungen und befindet sich noch in medizinischer Behandlung.<\/p>\n","protected":false},"excerpt":{"rendered":"<div class=\"mh-excerpt\"><p>Polizeimeldungen vom Montag (30.10.2023) (Speyer) &#8211; Einbruch in Kiosk Am 29.10.2023 zwischen 02:15 &#8211; 11:00 Uhr verschafften sich unbekannte T\u00e4ter gewaltsam Zugang zu einem Kiosk im Domgarten. Hierbei wurden der Rollladen der Kiosktheke sowie die <a class=\"mh-excerpt-more\" href=\"https:\/\/speyer24news.com\/?p=55563\" title=\"Polizeimeldungen Montag (30.10.23)\">[&#8230;]<\/a><\/p>\n<\/div>","protected":false},"author":3,"featured_media":26162,"comment_status":"open","ping_status":"open","sticky":false,"template":"","format":"standard","meta":{"_monsterinsights_skip_tracking":false,"_monsterinsights_sitenote_active":false,"_monsterinsights_sitenote_note":"","_monsterinsights_sitenote_category":0,"footnotes":""},"categories":[15659],"tags":[7243,7244,3614,350,14537,15084,15267,14538,15361,15845,702,61,2555,6955,6986,6263,63,105,11150,6987,53,4854,13534,4683,1548,4905,12967,11592,102,13626,213,14325,14324,13553,13541,55,8277,6368],"aioseo_notices":[],"amp_enabled":true,"_links":{"self":[{"href":"https:\/\/speyer24news.com\/index.php?rest_route=\/wp\/v2\/posts\/55563"}],"collection":[{"href":"https:\/\/speyer24news.com\/index.php?rest_route=\/wp\/v2\/posts"}],"about":[{"href":"https:\/\/speyer24news.com\/index.php?rest_route=\/wp\/v2\/types\/post"}],"author":[{"embeddable":true,"href":"https:\/\/speyer24news.com\/index.php?rest_route=\/wp\/v2\/users\/3"}],"replies":[{"embeddable":true,"href":"https:\/\/speyer24news.com\/index.php?rest_route=%2Fwp%2Fv2%2Fcomments&post=55563"}],"version-history":[{"count":2,"href":"https:\/\/speyer24news.com\/index.php?rest_route=\/wp\/v2\/posts\/55563\/revisions"}],"predecessor-version":[{"id":55566,"href":"https:\/\/speyer24news.com\/index.php?rest_route=\/wp\/v2\/posts\/55563\/revisions\/55566"}],"wp:featuredmedia":[{"embeddable":true,"href":"https:\/\/speyer24news.com\/index.php?rest_route=\/wp\/v2\/media\/26162"}],"wp:attachment":[{"href":"https:\/\/speyer24news.com\/index.php?rest_route=%2Fwp%2Fv2%2Fmedia&parent=55563"}],"wp:term":[{"taxonomy":"category","embeddable":true,"href":"https:\/\/speyer24news.com\/index.php?rest_route=%2Fwp%2Fv2%2Fcategories&post=55563"},{"taxonomy":"post_tag","embeddable":true,"href":"https:\/\/speyer24news.com\/index.php?rest_route=%2Fwp%2Fv2%2Ftags&post=55563"}],"curies":[{"name":"wp","href":"https:\/\/api.w.org\/{rel}","templated":true}]}}