{"id":55637,"date":"2023-10-31T19:51:32","date_gmt":"2023-10-31T18:51:32","guid":{"rendered":"https:\/\/speyer24news.com\/?p=55637"},"modified":"2023-11-01T07:33:57","modified_gmt":"2023-11-01T06:33:57","slug":"polizeimeldungen-dienstag-31-10-23","status":"publish","type":"post","link":"https:\/\/speyer24news.com\/?p=55637","title":{"rendered":"Polizeimeldungen Dienstag (31.10.23)"},"content":{"rendered":"<style type=\"text\/css\">\r\n\t.ads_top_disp{}\r\n\t.ads_top_corner_disp{ float:left; margin:0px 10px 10px 0px; }\r\n\t.ads_first_p_disp{}\r\n\t.ads_bottom_disp{}\r\n\t<\/style>\n<h2 class=\"wp-block-heading\">Polizeimeldungen vom Dienstag (31.10.2023)<\/h2>\n\n\n<div class=\"wp-block-image\">\n<figure class=\"aligncenter size-full\"><img decoding=\"async\" loading=\"lazy\" width=\"375\" height=\"500\" src=\"https:\/\/speyer24news.com\/wp-content\/uploads\/2022\/03\/Aktuelles-Polizeilogo.jpg\" alt=\"\" class=\"wp-image-43591\" srcset=\"https:\/\/speyer24news.com\/wp-content\/uploads\/2022\/03\/Aktuelles-Polizeilogo.jpg 375w, https:\/\/speyer24news.com\/wp-content\/uploads\/2022\/03\/Aktuelles-Polizeilogo-225x300.jpg 225w\" sizes=\"(max-width: 375px) 100vw, 375px\" \/><\/figure><\/div>\n\n\n<h2 class=\"wp-block-heading\">(Speyer) &#8211; Verletzter PKW Fahrer nach Alleinunfall<\/h2>\n\n\n\n<p>Am 30.10.2023 gegen 18:41 Uhr befuhr ein 31-j\u00e4hriger Mann mit seinem Pkw die Industriestra\u00dfe und wollte nach rechts in die Stra\u00dfe Am Technikmuseum abbiegen. Dabei kam er nach rechts von der Fahrbahn ab und prallte gegen einen Baum. Durch die Wucht des Aufpralls brach der Baum ab. Der Fahrer wurde von einem Notarzt und einem Rettungswagen versorgt und in ein nahe gelegenes Krankenhaus gebracht. Die Feuerwehr r\u00e4umte die Unfallstelle. Das nicht mehr fahrbereite Fahrzeug wurde abgeschleppt.<\/p>\n\n\n\n<h2 class=\"wp-block-heading\">(Speyer) &#8211; Gekl\u00e4rte Verkehrsunfallflucht<\/h2>\n\n\n\n<p>Am 30.10.2023 gegen 18.20 Uhr befuhr eine 21-j\u00e4hrige Frau mit ihrem Pkw einen Parkplatz in der Auestra\u00dfe. Sie fuhr vorw\u00e4rts in eine Parkl\u00fccke und besch\u00e4digte dabei ein daneben geparktes Fahrzeug. In der Endposition ber\u00fchrten sich beide Fahrzeuge an der Fahrzeugfront. Die 21-J\u00e4hrige verlie\u00df die Unfallstelle und ging in einen Supermarkt. Die Halterin des besch\u00e4digten Fahrzeugs meldete den Unfall der Polizei. Diese traf die Unfallverursacherin im Markt an. Sie gab an, eine unsichere Fahrerin zu sein und den Unfall nicht bemerkt zu haben. Der Sachschaden bel\u00e4uft sich auf ca. 1000 Euro.<\/p>\n\n\n\n<h2 class=\"wp-block-heading\">(Speyer) &#8211; Einbruch auf Baustelle<\/h2>\n\n\n\n<p>Bislang unbekannte T\u00e4ter brachen im Zeitraum vom 27.10.2023, 15:00 Uhr bis 29.10.2023, 15:20 Uhr zwei Anh\u00e4nger auf einer Baustelle in der Franz-Kirrmeier-Stra\u00dfe auf und entwendeten daraus Werkzeuge. Die H\u00f6he des Sachschadens steht noch nicht fest.<\/p>\n\n\n\n<ul>\n<li><strong>Zeugen, die im Tatzeitraum verd\u00e4chtige Personen oder Fahrzeuge im Bereich der Franz-Kirrmeier-Stra\u00dfe beobachtet haben, werden gebeten, sich mit der Polizei Speyer unter der Telefonnummer 06232\/137-0 oder per E-Mail (<a href=\"mailto:pispeyer@polizei.rlp.de\">pispeyer@polizei.rlp.de<\/a>) in Verbindung zu setzen.<\/strong><\/li>\n<\/ul>\n\n\n\n<h2 class=\"wp-block-heading\">(Waldsee) &#8211; Verkehrskontrollen<\/h2>\n\n\n\n<p>Am Montag zwischen 09:30 Uhr und 12:30 Uhr, wurden auf der L533 auf H\u00f6he des Wohngebietes und des Seniorenheims, Geschwindigkeitskontrollen durchgef\u00fchrt. Es kam zu 40 Verst\u00f6\u00dfen. Die h\u00f6chste gemessene Geschwindigkeit in der dortigen 50er Zone lag bei 93 km\/h, dies zieht ein Fahrverbot und Punkte mit sich. Entsprechende Ordnungswidrigkeitenanzeigen wurden gefertigt.<\/p>\n\n\n\n<h2 class=\"wp-block-heading\">(Germersheim) &#8211; Fahndungsma\u00dfnahmen nach einem fl\u00fcchtigen Strafgefangenen<\/h2>\n\n\n<div class=\"wp-block-image\">\n<figure class=\"aligncenter size-full\"><img decoding=\"async\" loading=\"lazy\" width=\"800\" height=\"554\" src=\"https:\/\/speyer24news.com\/wp-content\/uploads\/2021\/03\/Fahndung.jpg\" alt=\"\" class=\"wp-image-34196\" srcset=\"https:\/\/speyer24news.com\/wp-content\/uploads\/2021\/03\/Fahndung.jpg 800w, https:\/\/speyer24news.com\/wp-content\/uploads\/2021\/03\/Fahndung-300x208.jpg 300w, https:\/\/speyer24news.com\/wp-content\/uploads\/2021\/03\/Fahndung-768x532.jpg 768w\" sizes=\"(max-width: 800px) 100vw, 800px\" \/><\/figure><\/div>\n\n\n<p>Am Montagmittag (30.10.2023) fl\u00fcchtete ein verurteilter Strafgefangener in Germersheim gegen 13 Uhr bei einem geplanten Freigang am Germersheimer Baggersee (Sollachsee). Er hielt sich dort in Begleitung von Bediensteten der JVA auf. W\u00e4hrend der Flucht entledigte sich der Strafgefangene einer elektronischen Fu\u00dffessel, welche in der N\u00e4he aufgefunden wurde. Wie es zu der Flucht kam, muss noch gekl\u00e4rt werden. Das Polizeipr\u00e4sidium Rheinpfalz fahndete unmittelbar nach Bekanntwerden des Sachverhalts mit einem Gro\u00dfaufgebot von Polizeikr\u00e4ften nach dem Mann. Hierbei wurden auch ein Polizeihubschrauber sowie Kr\u00e4fte der Diensthundestaffel eingesetzt.<\/p>\n\n\n\n<p>Die bislang durchgef\u00fchrten Fahndungsma\u00dfnahmen f\u00fchrten nicht zur Ergreifung des Gesuchten. <\/p>\n\n\n\n<h3 class=\"wp-block-heading\">Er wird wie folgt beschrieben: <\/h3>\n\n\n\n<ul>\n<li><strong>m\u00e4nnlich<\/strong><\/li>\n\n\n\n<li><strong>1,85 m gro\u00df<\/strong><\/li>\n\n\n\n<li><strong>kr\u00e4ftige\/sportliche Statur<\/strong><\/li>\n\n\n\n<li><strong>Glatze<\/strong><\/li>\n\n\n\n<li><strong>Er ist bekleidet mit einem schwarzen T-Shirt, blauen Jeans und grau\/roten Sportschuhen.<\/strong><\/li>\n<\/ul>\n\n\n\n<h3 class=\"wp-block-heading\"><strong>Bei Sichtung der Person oder bei Hinweisen auf seinen Aufenthaltsort w\u00e4hlen Sie bitte unverz\u00fcglich den Notruf 110.<\/strong><\/h3>\n\n\n\n<h2 class=\"wp-block-heading\">Gemeinsame Pressemitteilung der Staatsanwaltschaft KA -Zweigstelle Pforzheim- und des PP Pforzheim<\/h2>\n\n\n<div class=\"wp-block-image\">\n<figure class=\"aligncenter size-full\"><img decoding=\"async\" loading=\"lazy\" width=\"500\" height=\"702\" src=\"https:\/\/speyer24news.com\/wp-content\/uploads\/2023\/10\/Foto3-1.jpg\" alt=\"\" class=\"wp-image-55638\" srcset=\"https:\/\/speyer24news.com\/wp-content\/uploads\/2023\/10\/Foto3-1.jpg 500w, https:\/\/speyer24news.com\/wp-content\/uploads\/2023\/10\/Foto3-1-214x300.jpg 214w\" sizes=\"(max-width: 500px) 100vw, 500px\" \/><\/figure><\/div>\n\n\n<p><a href=\"https:\/\/www.facebook.com\/sharer.php?u=https%3A%2F%2Fwww.presseportal.de%2Fblaulicht%2Fpm%2F137462%2F5638737%2F%3Futm_source%3Dfacebook%26utm_medium%3Dsocial\"><\/a><a href=\"https:\/\/twitter.com\/intent\/tweet?text=POL-Pforzheim%3A%20%28PF%2C%20Lkr.%20KA%2C%20GER%29%20Pforzheim%2FBruchsal%2FGermersheim%20-%20Gemeinsame%20Pressemitteilung%20der%20Staatsanwaltschaft%20KA%20-Zweigstelle%20Pforzheim-%20und%20des%20PP%20Pforzheim%3A%20Strafgefangener%20gefl%C3%BCchtet&amp;url=https%3A%2F%2Fwww.presseportal.de%2Fblaulicht%2Fpm%2F137462%2F5638737%2F%3Futm_source%3Dtwitter%26utm_medium%3Dsocial&amp;hashtags=ots&amp;lang=de\"><\/a><a href=\"https:\/\/web.whatsapp.com\/send?text=POL-Pforzheim%3A%20%28PF%2C%20Lkr.%20KA%2C%20GER%29%20Pforzheim%2FBruchsal%2FGermersheim%20-%20Gemeinsame%20Pressemitteilung%20der%20Staatsanwaltschaft%20KA%20-Zweigstelle%20Pforzheim-%20und%20des%20PP%20Pforzheim%3A%20Strafgefangener%20gefl%C3%BCchtet%0A%0Ahttps%3A%2F%2Fwww.presseportal.de%2Fblaulicht%2Fpm%2F137462%2F5638737%2F%3Futm_source%3Dwhatsapp%26utm_medium%3Dsocial\"><\/a><a href=\"https:\/\/www.xing.com\/app\/user?op=share;url=https%3A%2F%2Fwww.presseportal.de%2Fblaulicht%2Fpm%2F137462%2F5638737%2F%3Futm_source%3Dxing%26utm_medium%3Dsocial\"><\/a><a href=\"http:\/\/www.linkedin.com\/shareArticle?mini=true&amp;url=https%3A%2F%2Fwww.presseportal.de%2Fblaulicht%2Fpm%2F137462%2F5638737%2F%3Futm_source%3Dlinkedin%26utm_medium%3Dsocial&amp;title=POL-Pforzheim%3A+%28PF%2C+Lkr.+KA%2C+GER%29+Pforzheim%2FBruchsal%2FGermersheim+-+Gemeinsame+Pressemitteilung+der+Staatsanwaltschaft+KA+-Zweigstelle+Pforzheim-+und+des+PP+Pforzheim%3A+Strafgefangener+gefl%C3%BCchtet\"><\/a><a href=\"mailto:?subject=POL-Pforzheim%3A%20%28PF%2C%20Lkr.%20KA%2C%20GER%29%20Pforzheim%2FBruchsal%2FGermersheim%20-%20Gemeinsame%20Pressemitteilung%20der%20Staatsanwaltschaft%20KA%20-Zweigstelle%20Pforzheim-%20und%20des%20PP%20Pforzheim%3A%20Strafgefangener%20gefl%C3%BCchtet&amp;body=https:\/\/www.presseportal.de\/blaulicht\/pm\/137462\/5638737\"><\/a><\/p>\n\n\n\n<p>Seit Montagmittag fahndet die Polizei nach Herrn Aleksandr Perepelenko. Der 43-J\u00e4hrige war im Jahr 2012 durch das Landgericht Karlsruhe &#8211; Schwurgericht &#8211; auf Grundlage einer Anklage der Pforzheimer Staatsanwaltschaft u.a. wegen Mordes zu einer lebenslangen Freiheitsstrafe verurteilt worden.<\/p>\n\n\n<div class=\"wp-block-image\">\n<figure class=\"alignleft size-full\"><img decoding=\"async\" loading=\"lazy\" width=\"237\" height=\"600\" src=\"https:\/\/speyer24news.com\/wp-content\/uploads\/2023\/10\/Foto1-1.jpg\" alt=\"\" class=\"wp-image-55639\" srcset=\"https:\/\/speyer24news.com\/wp-content\/uploads\/2023\/10\/Foto1-1.jpg 237w, https:\/\/speyer24news.com\/wp-content\/uploads\/2023\/10\/Foto1-1-119x300.jpg 119w\" sizes=\"(max-width: 237px) 100vw, 237px\" \/><\/figure><\/div>\n\n\n<p>Am Montag gegen 13:00 Uhr gelang es dem Verurteilten im Rahmen einer geplanten Ausf\u00fchrung im Bereich eines Baggersees im rheinland-pf\u00e4lzischen Germersheim-Sondernheim trotz Begleitung von zwei Justizbediensteten der JVA, in ein angrenzendes Waldst\u00fcck zu fl\u00fcchten. Die vom H\u00e4ftling anf\u00e4nglich getragene Fu\u00dffessel wurde kurze Zeit sp\u00e4ter im Stadtgebiet von Germersheim aufgefunden und sichergestellt.<\/p>\n\n\n\n<p>Das Polizeipr\u00e4sidium Rheinpfalz fahndete unmittelbar nach Bekanntwerden des Sachverhalts mit einem Gro\u00dfaufgebot von Polizeikr\u00e4ften nach dem 43-J\u00e4hrigen. Hierbei wurden auch ein Polizeihubschrauber sowie Kr\u00e4fte der Diensthundestaffel eingesetzt.<\/p>\n\n\n\n<h3 class=\"wp-block-heading\">Der Gesuchte wird wie folgt beschrieben: <\/h3>\n\n\n\n<ul>\n<li><strong>m\u00e4nnlich<\/strong><\/li>\n\n\n\n<li><strong>1,85 m gro\u00df<\/strong><\/li>\n\n\n\n<li><strong>kr\u00e4ftige\/sportliche Statur<\/strong><\/li>\n\n\n\n<li><strong>Glatze<\/strong><\/li>\n\n\n\n<li><strong>Er war zuletzt bekleidet mit einem schwarzen T-Shirt, blauen Jeans und grau\/roten Sportschuhen.<\/strong><\/li>\n<\/ul>\n\n\n\n<h4 class=\"wp-block-heading\">M\u00f6gliche Hinwendungsorte werden derzeit \u00fcberpr\u00fcft. Hinweisgeber werden gebeten, sich bei Erkennen des Mannes \u00fcber den Notruf 110 bei der Polizei zu melden oder telefonisch mit dem Kriminaldauerdienst in Pforzheim, 07231 186-4444, Kontakt aufzunehmen und nicht eigeninitiativ zu handeln.<\/h4>\n\n\n\n<h2 class=\"wp-block-heading\">(Freckenfeld) &#8211; Unfallflucht unter Alkoholeinfluss<\/h2>\n\n\n\n<p>Montagnachmittag gegen 13:30 Uhr besch\u00e4digte eine 56-j\u00e4hrige Fahrzeugf\u00fchrerin in der Raiffeisenstra\u00dfe in Freckenfeld ein geparktes Fahrzeug und ergriff im Anschluss die Flucht. Eine Zeugin konnte die Tat beobachten und verst\u00e4ndigte die Polizei. An der Halteranschrift wurde die gest\u00e4ndige Fahrerin angetroffen. Im Zuge der Unfallaufnahme konnte Alkoholgeruch in der Atemluft festgestellt werden. Ein durchgef\u00fchrter Atemalkoholtest ergab einen Wert von 1,72 Promille. Daraufhin folgten die Entnahme einer Blutprobe sowie die Sicherstellung des F\u00fchrerscheins. Strafverfahren wegen &#8222;Trunkenheit im Verkehr&#8220; und &#8222;Unerlaubten Entfernens vom Unfallort&#8220; wurden eingeleitet.<\/p>\n\n\n\n<h2 class=\"wp-block-heading\">(Bad Bergzabern) &#8211; Vorfahrt missachtet \/ 2 Personen leichtverletzt<\/h2>\n\n\n\n<p>Am Montag, 30.10.2023, gegen 19:50 Uhr, kam es an der Kreuzung Friedrich-Ebert-Stra\u00dfe\/Pestalozzistra\u00dfe, zu einem Verkehrsunfall. Die Fahrerin eines Pkw Mercedes Benz befuhr die Friedrich-Ebert-Stra\u00dfe in Fahrtrichtung Weinstra\u00dfe. Der Fahrer eines Pkw BMW befuhr die Pestalozzistra\u00dfe in Richtung Schulzentrum. Im Kreuzungsbereich missachtete die 23-j\u00e4hrige Mercedes-Fahrerin die Vorfahrtsregelung &#8222;rechts vor links&#8220;, sodass es zum Zusammensto\u00df der beiden Fahrzeuge kam. Im Mercedes wurden die Fahrerin und eine 56-j\u00e4hrige Insassin leicht verletzt und zur Behandlung durch den Rettungsdienst in ein Krankenhaus transportiert. Der Gesamtschaden wird auf 7500.-EUR gesch\u00e4tzt. Beide Fahrzeuge wurden abgeschleppt.<\/p>\n\n\n\n<h2 class=\"wp-block-heading\">(Bad Bergzabern) &#8211; Fu\u00dfg\u00e4ngerin auf Zebrastreifen angefahren<\/h2>\n\n\n\n<p>Am Montag, 30.10.2023, gegen 17:35 Uhr befuhr ein 28-J\u00e4hriger mit seinem Pkw Toyota die Weinstra\u00dfe in Richtung Bahnhof. Kurz der Einm\u00fcndung zur Poststra\u00dfe \u00fcberquerte eine 51-j\u00e4hrige Frau den dortigen Zebrastreifen. Der Pkw-Fahrer nahm die Fu\u00dfg\u00e4ngerin aufgrund von Spiegelungen auf der regennassen Fahrbahn zu sp\u00e4t wahr und erfasst sie mit dem Fahrzeug. Die Fu\u00dfg\u00e4ngerin st\u00fcrzte auf die Fahrbahn wurde mit leichten Verletzungen durch den Rettungsdienst in ein Krankenhaus verbracht. An dem Pkw entstand ein Sachschaden in H\u00f6he von 1500.- Euro.<\/p>\n\n\n\n<h2 class=\"wp-block-heading\">(Landau) &#8211; Farbschmiererei an einem Gemeindeanwesen<\/h2>\n\n\n\n<p>Im Vorfeld einer Veranstaltung der &#8222;Er-lebt-Gemeinde&#8220; beschmierten Unbekannte in der Nacht zum 29.10.2023 den Eingangsbereich des Gemeindeanwesens in der Marie-Curie-Stra\u00dfe mit Farbe. Zu Beginn der Veranstaltung, am 29.10.2023 gegen 09:45 Uhr, versammelten sich 13 Personen vor dem Geb\u00e4ude. Sie f\u00fchrten ein Banner mit und demonstrierten schweigend gegen ein Abtreibungsverbot. Die Versammlung verlief friedlich und l\u00f6ste sich um 10:45 Uhr auf. Ermittlungen wegen Sachbesch\u00e4digung sowie einer nicht angemeldeten Versammlung wurden eingeleitet. Der Polizei sind keine St\u00f6rungen durch Teilnehmende der Versammlung bekannt.<\/p>\n\n\n\n<h2 class=\"wp-block-heading\">(Edenkoben) &#8211; B\u00fcrot\u00fcren aufgebrochen<\/h2>\n\n\n\n<p>Bisher unbekannter T\u00e4ter brach vermutlich \u00fcber das Wochenende (28.\/29.10.2023) eine B\u00fcrot\u00fcr und einen Rollcontainer im Wicherninstitut in Edenkoben auf und entwendete einen noch unbekannten Geldbetrag.<\/p>\n\n\n\n<h2 class=\"wp-block-heading\">(Wachenheim) &#8211; Geschwindigkeitskontrollen und Fahrt unter Drogeneinwirkung<\/h2>\n\n\n\n<p>Am 31.10.2023 zwischen 09:00 Uhr und 10:00 Uhr wurde in Friedelsheimer Stra\u00dfe in Wachenheim vor der dortigen Schule eine Geschwindigkeits\u00fcberwachung durchgef\u00fchrt. Es mussten 3 Verwarnungen wegen \u00dcberschreitung der erlaubten H\u00f6chstgeschwindigkeit von 30 km\/h ausgesprochen werden. Der Spitzenreiter wurde mit 51 km\/h gemessen. Weiterhin konnte ein Fahrer eines Mercedes einer Verkehrskontrolle unterzogen werden, da er augenscheinlich unter dem Einfluss von Bet\u00e4ubungsmitteln stand. W\u00e4hrend der Kontrolle konnten die Polizeibeamten drogentypische Ausfallerscheinungen feststellen. Ein durchgef\u00fchrter Drogenvortest reagierte positiv auf Kokain. Bei der darauffolgenden Durchsuchung des Fahrzeuges konnten Testosteron-Ampullen aufgefunden und sichergestellt werden. Ihm wurde eine Blutprobe entnommen und sein F\u00fchrerschein pr\u00e4ventiv sichergestellt. Gegen den Fahrer wird nun Versto\u00df gegen das Bet\u00e4ubungsmittelgesetz und F\u00fchren eines Fahrzeuges unter Drogeneinwirkung und ermittelt.<\/p>\n\n\n\n<h2 class=\"wp-block-heading\">(Bad D\u00fcrkheim) &#8211; Fahrt unter Alkoholeinwirkung verhindert<\/h2>\n\n\n\n<p>Am 30.10.2023 gegen 02:00 Uhr konnte Im Stephansst\u00fcck in Bad D\u00fcrkheim der Fahrer eines VW Caddy in seinem Fahrzeug sitzend angetroffen und einer Verkehrskontrolle unterzogen werden. W\u00e4hrend der Kontrolle des 52-J\u00e4hrigen konnten die Polizeibeamten deutlichen Atemalkoholgeruch feststellen. Ein freiwillig durchgef\u00fchrter Atemalkoholtest ergab einen Wert von 1,91 Promille. An seiner Wohnanschrift wurden die Fahrzeugschl\u00fcssel an seine Lebensgef\u00e4hrtin \u00fcbergeben. Da er sein Fahrzeug gl\u00fccklicherweise nicht gef\u00fchrt hat, musste der Fahrer keine Folgen bef\u00fcrchten.<\/p>\n\n\n\n<h2 class=\"wp-block-heading\">(Bad D\u00fcrkheim) &#8211; Verkehrsinsel besch\u00e4digt und gefl\u00fcchtet<\/h2>\n\n\n\n<p>Am 29.10.2023, gegen 14:30 Uhr kam es am Kreisel L516 \/ K7 zu einem Verkehrsunfall. Ein bislang unbekannter Fahrer eines Opel Corsa befuhr die L516 aus Richtung Wachenheim kommend in Fahrtrichtung Bad D\u00fcrkheim. Am Kreisel kurz vor Bad D\u00fcrkheim, wollte er den Kreisel in Richtung B271 verlassen. Vermutlich aufgrund \u00fcberh\u00f6hter Geschwindigkeit kollidierte er beim Ausfahren aus dem Kreisel mit der Verkehrsinsel und dem darauf befindlichen Verkehrsschild. Durch den Aufprall drehte sich der Opel und kam in entgegengesetzter Richtung zum Stehen. Danach legte er den R\u00fcckw\u00e4rtsgang ein und fuhr dadurch in den hinter ihm befindlichen Graben. Noch vor Eintreffen der Polizei kam der Halter des Opel vor Ort, da ihm durch Bekannte mitgeteilt wurde, dass sein Firmenfahrzeug in einen Unfall verwickelt wurde. Als dieser sich mit den Unfallzeugen unterhielt, setzte sich der unbekannte Unfallverursacher unbemerkt in den 3er BMW und entfernte sich unerlaubt von der Unfallstelle. Im Rahmen von Fahndungsma\u00dfnahmen konnte der BMW in Maxdorf, abgestellt in einem Wohngebiet, festgestellt werden. Laut Angaben des Halters h\u00e4tte der unbekannte T\u00e4ter den Opel vom Firmenparkplatz in Wachenheim entwendet. Der Fahrzeugschl\u00fcssel h\u00e4tte sich im unverschlossenen Fahrzeug befunden. <\/p>\n\n\n\n<ul>\n<li><strong>Der m\u00e4nnliche T\u00e4ter hatte gelockte Haare und ein Tattoo an der Hand. <\/strong><\/li>\n\n\n\n<li><strong>Er trug eine braune enge Hose und ein grau gr\u00fcn gestreiftes Shirt. <\/strong><\/li>\n<\/ul>\n\n\n\n<p>Es entstand ein Gesamtschaden in H\u00f6he von 1500EUR. Es liegen keine weiteren Hinweise auf den Unfallverursacher vor. <\/p>\n\n\n\n<ul>\n<li><strong>Die Polizei Bad D\u00fcrkheim bittet um Hinweise unter 06322 963 0 oder per E-Mail an&nbsp;<a href=\"mailto:%20pibadduerkheim@polizei.rlp.de\">pibadduerkheim@polizei.rlp.de<\/a><\/strong><\/li>\n<\/ul>\n\n\n\n<h2 class=\"wp-block-heading\">(Ellerstadt) &#8211; Ampel besch\u00e4digt und gefl\u00fcchtet<\/h2>\n\n\n\n<p>Im Zeitraum von 27.10.2023 23:00 Uhr bis 28.10.2023, 12:00 Uhr wurde eine Ampelanlage der Stra\u00dfenbahn in der Bahnstra\u00dfe in Ellerstadt besch\u00e4digt. Ein bislang unbekannter Verkehrsteilnehmer besch\u00e4digte vermutlich beim Rangieren den Ampelmast und entfernte sich anschlie\u00dfend unerlaubt von der Unfallstelle. Es entstand ein Sachschaden in H\u00f6he von 300 Euro. Es liegen keinerlei Hinweise auf den Unfallverursacher vor. <\/p>\n\n\n\n<ul>\n<li><strong>Die Polizei Bad D\u00fcrkheim bittet um Hinweise unter 06322 963 0 oder per E-Mail an&nbsp;<a href=\"mailto:%20pibadduerkheim@polizei.rlp.de\">pibadduerkheim@polizei.rlp.de<\/a><\/strong><\/li>\n<\/ul>\n\n\n\n<h2 class=\"wp-block-heading\">(Kleinkarlbach) &#8211; Unter Alkoholeinfluss Verkehrsunfall verursacht<\/h2>\n\n\n\n<p>Ein 28 Jahre alter Mann befuhr am Montag (30.10.2023) gegen 18:40 Uhr mit seinem Pkw die Hauptstra\u00dfe in Richtung Kirchheim. In H\u00f6he der Hausnummer 9 \u00fcberholte er zwei vor sich fahrende Fahrzeuge und kollidierte mit einem entgegenkommenden Pkw, der von einer 57 Jahre alten Frau gefahren wurde. Nachdem der Unfallverursacher nach diesem Zusammensto\u00df kurz stehen geblieben war, gab er nochmal Gas und fuhr gegen eine Hauswand. Bei der Unfallaufnahme konnten die Polizeibeamten bei dem 28-j\u00e4hrigen Atemalkoholgeruch wahrnehmen; der Alkoholtest zeigte 1,37 Promille an. Darauf folgte die Entnahmeeiner Blutprobe und die Sicherstellung des F\u00fchrerscheins. Bei dem Unfall entstand an beiden Fahrzeugen und an der Hauswand Sachschaden.<\/p>\n\n\n\n<h2 class=\"wp-block-heading\">(Gr\u00fcnstadt) &#8211; Kontrollstelle deckt Trunkenheitsfahrt sowie Fahren ohne Fahrerlaubnis auf<\/h2>\n\n\n\n<p>Am 31.10.2023 im Zeitraum zwischen 11:45 Uhr bis 13:30 Uhr wurde von Kr\u00e4ften der Polizeiinspektion Gr\u00fcnstadt am Mitfahrerparkplatz an der BAB 6 sowie im Talweg in Gr\u00fcnstadt eine Kontrollstelle eingerichtet.<\/p>\n\n\n\n<p>Unter den kontrollierten Fahrzeugf\u00fchrern konnten insgesamt acht Personen ohne angelegten Sicherheitsgurt festgestellt werden, was ein Verwarnungsgeld von 30 Euro nach sich zieht. Sieben Fahrzeugf\u00fchrer verwendeten ein Mobiltelefon w\u00e4hrend der Fahrt. Der Bu\u00dfgeldkatalog sieht hierf\u00fcr ein Bu\u00dfgeld in H\u00f6he von 100 Euro und einen Punkt im Verkehrszentralregister vor.<\/p>\n\n\n\n<p>Bei einem 28-j\u00e4hrigen Fahrzeugf\u00fchrer konnte ermittelt werden, dass ein aktuelles Fahrverbot vorliegt, weswegen ihm die Weiterfahrt untersagt und eine Strafanzeige wegen Fahrens ohne Fahrerlaubnis erfasst wurde.<\/p>\n\n\n\n<p>Weiterhin konnten bei einem 26-j\u00e4hrigen PKW Fahrer drogentypische Auff\u00e4lligkeiten festgestellt werden. Ein durchgef\u00fchrter Drogenschnelltest verlief positiv auf THC. Ihm wurde eine Blutprobe entnommen. Der Fahrzeugf\u00fchrer muss sich nun in einem Bu\u00dfgeldverfahren wegen Trunkenheitsfahrt verantworten.<\/p>\n\n\n\n<h2 class=\"wp-block-heading\">(Gr\u00fcnstadt) &#8211; Gewerbsm\u00e4\u00dfiger Betrug<\/h2>\n\n\n\n<p>Am 30.10.2023 gegen 17:40 Uhr fiel in einem Baumarkt eine 26-j\u00e4hrige auf, die Ware umtauschen wollte, die als Diebstahlsware hinterlegt war. Die Polizei konnte vor Ort noch zwei Begleiter der Frau, 52 und 50 Jahre alt, feststellen und kontrollieren. In dem Pkw des Trios waren gleichartige Waren, eine gro\u00dfe Menge Kassenzettel, R\u00fcckgabebelege sowie Gutscheine von Baum\u00e4rkten aufzufinden. Aufgrund der Gesamtumst\u00e4nde ist davon auszugehen, dass die drei Personen bei den K\u00e4ufen von g\u00fcnstigen Artikeln hochwertige Kleinteile entnehmen, die dann sp\u00e4ter gegen Gutschriften in anderen Filialen zur\u00fcckgegeben werden. Offenbar wird weit \u00fcberregional mit dieser Masche agiert. Bei dem Betrugsversuch am Montag h\u00e4tten die T\u00e4ter 800 Euro erbeuten k\u00f6nnen.<\/p>\n\n\n\n<h2 class=\"wp-block-heading\">(Hettenleidelheim) &#8211; Nach Unfall weitergefahren \/ Person leicht verletzt<\/h2>\n\n\n\n<p>Eine 16-j\u00e4hrige befuhr am Montag (30.10.2023) gegen 17:30 Uhr mit einem Leichtkraftrad die Tiefenthaler Stra\u00dfe in Richtung Ortsmitte. Auf dieser Strecke kam ihr ein Linienbus entgegen. Der Fahrer des Busses fuhr an einem am rechten Fahrbahnrand geparkten Pkw links vorbei und nahm der 16-J\u00e4hrigen somit den Vorrang. Die Kraftradfahrerin leitete, um einen Kontakt mit dem Bus zu vermeiden, eine Gefahrenbremsung ein und fiel dabei nach rechts um. Hierbei erlitt sie leichte Verletzungen. Der Fahrer des Busses half der jungen Frau zwar noch beim Aufrichten des Kraftrades, an dem Sachschaden in H\u00f6he von etwa 700 Euro entstanden war, fuhr dann jedoch ohne weiteres weiter.<\/p>\n\n\n\n<h2 class=\"wp-block-heading\">(Ludwigshafen) &#8211; ACHTUNG Fake News \/ Angebliche Kindesentf\u00fchrung in Mundenheim<\/h2>\n\n\n<div class=\"wp-block-image\">\n<figure class=\"aligncenter size-full\"><img decoding=\"async\" loading=\"lazy\" width=\"800\" height=\"568\" src=\"https:\/\/speyer24news.com\/wp-content\/uploads\/2021\/07\/Fake.jpg\" alt=\"\" class=\"wp-image-38954\" srcset=\"https:\/\/speyer24news.com\/wp-content\/uploads\/2021\/07\/Fake.jpg 800w, https:\/\/speyer24news.com\/wp-content\/uploads\/2021\/07\/Fake-300x213.jpg 300w, https:\/\/speyer24news.com\/wp-content\/uploads\/2021\/07\/Fake-768x545.jpg 768w\" sizes=\"(max-width: 800px) 100vw, 800px\" \/><\/figure><\/div>\n\n\n<p>Im Bereich Ludwigshafen Mundenheim kursiert derzeit das Ger\u00fccht, ein Kind sei entf\u00fchrt worden. Der Polizei liegen keine Hinweise auf eine Entf\u00fchrung oder einen Vermisstenfall vor. Der geschilderte Fall d\u00fcrfte daher frei erfunden sein. Vertrauen Sie nur Nachrichten aus sicheren Quellen!<\/p>\n\n\n\n<ul>\n<li><strong>\u00d6ffentliche Fahndungen der Polizei Rheinland-Pfalz finden Sie im Internet unter\u00a0<a href=\"https:\/\/www.polizei.rlp.de\/fahndung\/\">https:\/\/www.polizei.rlp.de\/fahndung\/<\/a>.<\/strong><\/li>\n<\/ul>\n\n\n\n<ul>\n<li><strong>Zu den Pressemeldungen der Polizei Rheinland-Pfalz gelangen Sie \u00fcber folgenden Link\u00a0<a href=\"https:\/\/www.polizei.rlp.de\/service\/pressemeldungen\/\">https:\/\/www.polizei.rlp.de\/service\/pressemeldungen\/<\/a>.<\/strong><\/li>\n<\/ul>\n\n\n\n<h2 class=\"wp-block-heading\">(Ludwigshafen) &#8211; Unfallflucht auf Parkplatz \/ Hinweise erbeten<\/h2>\n\n\n\n<p>Dienstagmorgen (31.10.2023) gegen 10 Uhr fuhr ein bislang Unbekannter auf dem Parkplatz eines \u00c4rztehauses in der Yorckstra\u00dfe mit seinem Auto gegen die Sto\u00dfstange eines parkenden blauen BMW SUV einer 77-J\u00e4hrigen. Hierbei verursachte der Fahrer einen Sachschaden in H\u00f6he von mehreren hundert Euro. Statt sich um den entstandenen Schaden zu k\u00fcmmern, fuhr der Unbekannte einfach weg.<\/p>\n\n\n\n<p>Der Vorfall wurde durch eine Zeugin beobachtet. <\/p>\n\n\n\n<ul>\n<li><strong>Diese gab an, dass es sich bei dem Fahrer um einen \u00e4lteren Mann mit wei\u00dfen Haaren und wei\u00dfem Bart gehandelt haben soll. Er sei in einem wei\u00dfen Skoda gefahren. Der Unfall wurde ihren Angaben nach von weiteren Zeugen beobachtet. Diese werden gebeten mit der Polizeiinspektion Ludwigshafen 1 Kontakt aufzunehmen.<\/strong><\/li>\n<\/ul>\n\n\n\n<ul>\n<li><strong>Hinweise bitte an die Polizeiinspektion Ludwigshafen 1, Telefonnummer 0621 963-2122 oder per E-Mail&nbsp;<a href=\"mailto:%20piludwigshafen1@polizei.rlp.de\">piludwigshafen1@polizei.rlp.de<\/a>&nbsp;.<\/strong><\/li>\n<\/ul>\n\n\n\n<p>Die Polizei weist darauf hin, dass es sich bei einer Verkehrsunfallflucht um kein Kavaliersdelikt handelt. Eine Unfallflucht ist eine Straftat und kann mit einer Geldstrafe oder einer Freiheitsstrafe von bis zu drei Jahren geahndet werden. In vielen F\u00e4llen bleiben die Gesch\u00e4digten auf ihren Kosten sitzen. Es k\u00f6nnte auch Ihr Auto treffen. Helfen Sie uns, den Unfallopfern zu helfen. Wenn Sie Zeuge einer Unfallflucht werden, notieren Sie das Kennzeichen oder machen Sie ein Foto mit Ihrem Handy. Verst\u00e4ndigen Sie auf jeden Fall die Polizei.<\/p>\n\n\n\n<h4 class=\"wp-block-heading\">Ein Gro\u00dfteil der Unfallfluchten wird auf Parkpl\u00e4tzen oder an am Stra\u00dfenrand geparkten Fahrzeugen begangen. Daher raten wir:<\/h4>\n\n\n\n<ul>\n<li><strong>Meiden Sie sehr enge Parkboxen.<\/strong><\/li>\n\n\n\n<li><strong>Merken oder fotografieren Sie sich das Kennzeichen der neben Ihnen stehenden Fahrzeuge.<\/strong><\/li>\n\n\n\n<li><strong>Gehen Sie lieber ein paar Schritte mehr.<\/strong><\/li>\n\n\n\n<li><strong>Klappen Sie den Au\u00dfenspiegel ein.<\/strong><\/li>\n<\/ul>\n\n\n\n<h2 class=\"wp-block-heading\">(Ludwigshafen) &#8211; Autofahrer bei Unfall leicht verletzt<\/h2>\n\n\n\n<p>Am Montag (30.10.2023) kam es gegen 14:25 Uhr an der Kreuzung der Rohrlachstra\u00dfe mit der Schanzstra\u00dfe zu einem Verkehrsunfall Eine 43-j\u00e4hrige wollte von der Schanzstra\u00dfe auf die Rohrlachstra\u00dfe einfahren und missachte hierbei die Vorfahrt des 34-j\u00e4hrigen Unfallgegners. Der 34-j\u00e4hrige verletzte sich bei dem Zusammensto\u00df der beiden Fahrzeuge leicht. An beiden Fahrzeugen entstand Sachschaden.<\/p>\n\n\n\n<h2 class=\"wp-block-heading\">(Ludwigshafen) &#8211; Betrunkener LKW-Fahrer gef\u00e4hrdet Fu\u00dfg\u00e4nger \/ Zeugen gesucht<\/h2>\n\n\n\n<p>Die Polizei kontrollierte am Montagnachmittag (30.10.2023, 14.20 Uhr) in der Saarlandstra\u00dfe einen 35-j\u00e4hrigen LKW-Fahrer. Zuvor meldete ein Zeuge einen LKW, der Schlangenlinien fahren w\u00fcrde. W\u00e4hrend der Kontrolle stellten die Polizeibeamten Atemalkoholgeruch fest. Ein Atemalkoholtest ergab einen Promillewert von 1,86. Der 35-J\u00e4hrige wurde zu einer Polizeidienststelle gebracht, wo ihm eine Blutprobe entnommen wurde. Au\u00dferdem stellten die Polizeikr\u00e4fte seinen F\u00fchrschein und die Fahrzeugschl\u00fcssel sicher. Laut Zeugen habe der LKW-Fahrer zuvor in der Heinigstra\u00dfe mehrere Fu\u00dfg\u00e4nger durch seine auff\u00e4llige Fahrweise gef\u00e4hrdet. Einige musste sogar zur Seite gesprungen. <\/p>\n\n\n\n<ul>\n<li><strong>Die betroffenen Personen werden gebeten sich bei der Polizei zu melden. Hinweise bitte an die Polizeiinspektion Ludwigshafen 1, Telefonnummer 0621 963-2122 oder per E-Mail&nbsp;<a href=\"mailto:%20piludwigshafen1@polizei.rlp.de\">piludwigshafen1@polizei.rlp.de<\/a>&nbsp;.<\/strong><\/li>\n<\/ul>\n\n\n\n<h2 class=\"wp-block-heading\">(Ludwigshafen) &#8211; Betrugsversuch durch Schockanruf<\/h2>\n\n\n\n<p>Eine 57-J\u00e4hrige aus Ludwigshafen erhielt am Montag (30.10.2023) einen sogenannten &#8222;Schockanruf&#8220; ihrer vermeintlichen Tochter. Das Telefonat wurde im weiteren Verlauf von einem angeblichen Polizeibeamten aus Darmstadt gef\u00fchrt, welcher die Frau dazu aufforderte, einen f\u00fcnfstelligen Betrag als Kaution f\u00fcr ihre Tochter zu bezahlen. Diese habe zuvor einen Verkehrsunfall mit Todesfolge verursacht und m\u00fcsse bei Ausbleiben der Zahlung in Untersuchungshaft. Die 57-J\u00e4hrige ging nicht auf die Forderung ein.<\/p>\n\n\n\n<h2 class=\"wp-block-heading\">(Ludwigshafen) &#8211; Einbr\u00fcche in PKW<\/h2>\n\n\n\n<p>In der Nacht von Sonntag (29.10.2023) auf Montag (30.10.2023) wurde die Heckscheibe eines Mercedes Vito eingeschlagen und ein Schlagbohrer entwendet. Der PKW war in der Pasadenaallee abgestellt.<\/p>\n\n\n\n<ul>\n<li><strong>Haben Sie zur Tatzeit verd\u00e4chtige Personen oder Fahrzeuge gesehen oder vielleicht sogar die Tat beobachtet? Sachdienliche Hinweise nimmt die Kriminalpolizei Ludwigshafen unter der Telefonnummer 0621\/963-2773 oder per E-Mail&nbsp;<a href=\"mailto:%20kiludwigshafen.k1.kdd@polizei.rlp.de\">kiludwigshafen.k1.kdd@polizei.rlp.de<\/a>&nbsp;entgegen.<\/strong><\/li>\n<\/ul>\n\n\n\n<h4 class=\"wp-block-heading\"><em>Die Polizei warnt in diesem Zusammenhang davor, Wertgegenst\u00e4nde f\u00fcr andere offen ersichtlich im Auto aufzubewahren. Nehmen Sie Wertsachen wie Portemonnaie, Handy oder wichtige Dokumente beim Verlassen an sich und belassen Sie diese auch \u00fcber Nacht nicht im Fahrzeug.<\/em><\/h4>\n\n\n\n<h2 class=\"wp-block-heading\">(Ludwigshafen) &#8211; In Tennisclub und Gastst\u00e4tte eingebrochen<\/h2>\n\n\n\n<p>Unbekannte brachen in der Nacht von Sonntag (29.10.2023) auf Montag (30.10.2023) in einen Tennisclub in der Friedrichstra\u00dfe ein. \u00dcber den Club gelangten die T\u00e4ter in die angrenzende Gastst\u00e4tte. Aus den R\u00e4umlichkeiten wurde ein dreistelliger Bargeldbetrag erbeutet. <\/p>\n\n\n\n<ul>\n<li><strong>Hinweise nimmt die Kriminalpolizei Ludwigshafen unter der Telefonnummer 0621 963-2773 oder per E-Mail&nbsp;<a href=\"mailto:%20kiludwigshafen.k1.kdd@polizei.rlp.de\">kiludwigshafen.k1.kdd@polizei.rlp.de<\/a>&nbsp;entgegen.<\/strong><\/li>\n<\/ul>\n\n\n\n<h2 class=\"wp-block-heading\">(Ludwigshafen) &#8211; Ger\u00e4tehaus aufgebrochen<\/h2>\n\n\n\n<p>Unbekannte brachen in dem Zeitraum vom 27.10.2023 bis 30.10.2023 ein Ger\u00e4tehaus eines Kindergartens in der Georg-Herwegh-Stra\u00dfe auf und stellten Gartenst\u00fchle und B\u00e4nke auf das Kindergartengel\u00e4nde. Gegenst\u00e4nde wurden nicht entwendet. <\/p>\n\n\n\n<ul>\n<li><strong>Hinweise bitte an die Polizeiinspektion Ludwigshafen 1, Telefonnummer 0621 963-2122 oder per E-Mail&nbsp;<a href=\"mailto:%20piludwigshafen1@polizei.rlp.de\">piludwigshafen1@polizei.rlp.de<\/a>&nbsp;.<\/strong><\/li>\n<\/ul>\n\n\n\n<h2 class=\"wp-block-heading\">(Ludwigshafen) &#8211; Kirche mit Farbe beschmiert<\/h2>\n\n\n\n<p>Am 26.10.2023 zwischen 9 und 17 Uhr besch\u00e4digten Unbekannte mit schwarzer Farbe die Au\u00dfenfassade einer Kirche in der Wredestra\u00dfe. Der Schaden bel\u00e4uft sich auf circa 500 Euro. <\/p>\n\n\n\n<ul>\n<li><strong>Hinweise bitte an die Polizeiinspektion Ludwigshafen 1, Telefonnummer 0621 963-2122 oder per E-Mail&nbsp;<a href=\"mailto:%20piludwigshafen1@polizei.rlp.de\">piludwigshafen1@polizei.rlp.de<\/a>&nbsp;.<\/strong><\/li>\n<\/ul>\n\n\n\n<h2 class=\"wp-block-heading\">(Ludwigshafen) &#8211; Betrug mit vierstelligem Verm\u00f6gensschaden<\/h2>\n\n\n<div class=\"wp-block-image\">\n<figure class=\"aligncenter size-full\"><img decoding=\"async\" loading=\"lazy\" width=\"800\" height=\"533\" src=\"https:\/\/speyer24news.com\/wp-content\/uploads\/2021\/10\/iphone-g2965e8ba9_1920.jpg\" alt=\"\" class=\"wp-image-41706\" srcset=\"https:\/\/speyer24news.com\/wp-content\/uploads\/2021\/10\/iphone-g2965e8ba9_1920.jpg 800w, https:\/\/speyer24news.com\/wp-content\/uploads\/2021\/10\/iphone-g2965e8ba9_1920-300x200.jpg 300w, https:\/\/speyer24news.com\/wp-content\/uploads\/2021\/10\/iphone-g2965e8ba9_1920-768x512.jpg 768w\" sizes=\"(max-width: 800px) 100vw, 800px\" \/><\/figure><\/div>\n\n\n<p>Opfer einer Betrugsmasche wurde bereits am 21.10.2023 eine 65-J\u00e4hrige aus Ludwigshafen. Die Frau erhielt eine SMS, in der sie zu einer Zahlung aufgefordert wurde. Hintergrund war ein Paket, welches die 65-j\u00e4hrige bestellt habe und welches sich nun angeblich beim Zoll befindet. Nachdem die Gesch\u00e4digte ihre Bankdaten angegeben hatte, wurden mehrere Geldbetr\u00e4ge missbr\u00e4uchlich von ihrem Konto abgebucht. Der Gesamtschaden bel\u00e4uft sich auf circa 1300EUR. Das Einschreiten der Bank verhinderte eine h\u00f6here Schadenssumme.<\/p>\n\n\n\n<h4 class=\"wp-block-heading\">Smishing &#8211; Fake SMS mit Phishing-Link<\/h4>\n\n\n\n<p>Die Betrugsmasche l\u00e4uft immer nach dem gleichen Schema ab: Die Betr\u00fcger verschicken eine SMS mit der Aufforderung, einen Link anzuklicken. Bei einer h\u00e4ufigen Masche machen sie sich die hohe Nachfrage beim Versand- und Onlinehandel zunutze und t\u00e4uschen beispielsweise nicht bezahlte Geb\u00fchren oder Probleme bei der Zustellung einer Paketsendung vor: Viele Menschen erwarten tats\u00e4chlich ein Paket und so folgen sie der Aufforderung in der SMS.<\/p>\n\n\n\n<p>Die Links f\u00fchren in der Regel auf Phishingseiten, auf denen die Empf\u00e4nger beispielsweise pers\u00f6nliche Daten zur Best\u00e4tigung der Sendung (Probleme bei der Zustellung des Pakets) oder Zahlungs- bzw. Kontodaten (angeblich nicht bezahlte Zoll-\/Portogeb\u00fchren) eingeben sollen.<\/p>\n\n\n\n<p>In anderen F\u00e4llen wird bei Aufruf des Links Schadsoftware auf das Smartphone installiert, etwa mit dem Ziel, weitere Daten auf dem Ger\u00e4t auszulesen oder zu manipulieren (z.B. Banking-Apps).<\/p>\n\n\n\n<p>Die eingegebenen Daten k\u00f6nnen die Kriminellen dann f\u00fcr Identit\u00e4tsdiebstahl, Versand von Spam oder f\u00fcr weitere Phishingkampagnen nutzen.<\/p>\n\n\n\n<h4 class=\"wp-block-heading\"><strong>Die Polizei warnt: Tippen Sie unter keinen Umst\u00e4nden auf den Link!<\/strong><\/h4>\n\n\n\n<h4 class=\"wp-block-heading\"><em>Auf der Internet-Seite&nbsp;<a href=\"https:\/\/www.polizei-beratung.de\/\" target=\"_blank\" rel=\"noreferrer noopener\">www.polizei-beratung.de<\/a>&nbsp;finden Sie umfangreiche Informationen zu diesem Thema.<\/em><\/h4>\n\n\n\n<h2 class=\"wp-block-heading\">(Mannheim) &#8211; 39-J\u00e4hriger bedroht Polizeibeamte mit Schusswaffe; nach Abgabe eines Warnschusses Festnahme<\/h2>\n\n\n<div class=\"wp-block-image\">\n<figure class=\"aligncenter size-full\"><img decoding=\"async\" loading=\"lazy\" width=\"800\" height=\"479\" src=\"https:\/\/speyer24news.com\/wp-content\/uploads\/2020\/04\/pistol-2948729_1920.jpg\" alt=\"\" class=\"wp-image-26577\" srcset=\"https:\/\/speyer24news.com\/wp-content\/uploads\/2020\/04\/pistol-2948729_1920.jpg 800w, https:\/\/speyer24news.com\/wp-content\/uploads\/2020\/04\/pistol-2948729_1920-300x180.jpg 300w, https:\/\/speyer24news.com\/wp-content\/uploads\/2020\/04\/pistol-2948729_1920-768x460.jpg 768w\" sizes=\"(max-width: 800px) 100vw, 800px\" \/><\/figure><\/div>\n\n\n<p>Am Montagabend gegen 22 Uhr wurde die Polizei zu einem Streit zwischen zwei M\u00e4nnern in die Mannheimer Quadrate gerufen, wobei einer der M\u00e4nner bewaffnet gewesen sein soll.<\/p>\n\n\n\n<p>Die Polizeikr\u00e4fte fuhren die \u00d6rtlichkeit unverz\u00fcglich an und trafen dort die zwei M\u00e4nner an. W\u00e4hrend sich einer der beiden M\u00e4nner kooperativ zeigte, hielt der 39-J\u00e4hrige eine Schusswaffe in der Hand. Da der Mann den Aufforderungen, diese abzulegen, nicht nachkam, gab einer der Beamten einen Warnschuss ab. Daraufhin versuchte der 39-J\u00e4hrige zu fl\u00fcchten, stolperte und verlor seine Waffe. Bei der folgenden Festnahme leistete der 39-J\u00e4hrige Widerstand, sodass ein Beamter leicht verletzt wurde. Wie sich erst im Nachhinein feststellen lie\u00df, handelte es sich bei der Waffe um eine Schreckschusspistole. Diese wurde sichergestellt. Da der 39-J\u00e4hrige unter Alkoholeinfluss stand, wurde ihm eine Blutprobe entnommen. Hiernach wurde er wieder entlassen. Der zweite Mann ging w\u00e4hrend der Festnahme des 39-J\u00e4hrigen in unbekannte Richtung fl\u00fcchtig.<\/p>\n\n\n\n<p>Die Kriminalpolizeidirektion Heidelberg des Polizeipr\u00e4sidiums Mannheim hat die weiteren Ermittlungen \u00fcbernommen. Die Ermittlungen, insbesondere zu der zweiten Person und den Hintergr\u00fcnden der Auseinandersetzung, dauern an.<\/p>\n\n\n\n<h2 class=\"wp-block-heading\">(Mannheim) &#8211; Unachtsamkeit im Stra\u00dfenverkehr \/ Hoher Sachschaden<\/h2>\n\n\n\n<p>Am Montag, um 12:30 Uhr, \u00fcbersah ein 39-j\u00e4hriger Mercedesfahrer auf der Ludwig-Jolly-Stra\u00dfe, in H\u00f6he der Helmholtzstra\u00dfe, in Fahrtrichtung Jungbusch, einen neben ihm fahrenden 25-j\u00e4hrigen VW-Fahrer. Dies hatte zur Folge, dass der VW durch den Mercedes mehrfach gegen die Leitplanke gedr\u00fcckt wurde. Beide Autos waren durch den Zusammensto\u00df nicht mehr fahrbereit und mussten abgeschleppt werden. Verletzt wurde gl\u00fccklicherweise bei diesem Unfall niemand. Der Schaden an den Fahrzeugen und an der Leitplanke bel\u00e4uft sich insgesamt auf mehrere tausend Euro im f\u00fcnfstelligen Bereich.<\/p>\n\n\n\n<p>W\u00e4hrend der Unfallaufnahme kam es zu leichten Verkehrsbeeintr\u00e4chtigungen. Das Polizeirevier Mannheim-Neckarstadt hat die weiteren Ermittlungen zur Unfallursache aufgenommen.<\/p>\n\n\n\n<h2 class=\"wp-block-heading\">(Heidelberg) &#8211; Autofahrerin kollidiert mit Radfahrerin<\/h2>\n\n\n\n<p>Am Montag gegen 20.30 Uhr bog eine 26-j\u00e4hrige Opel-Fahrerin bei gr\u00fcn zeigender Lichtzeichenanlage von der Mittermaierstra\u00dfe kommend links in die Bergheimer Stra\u00dfe ab. Eine 22-j\u00e4hrige Radfahrerin befuhr zeitgleich mit ihrem Fahrrad die Mittermaierstra\u00dfe von der Ernst-Walz-Br\u00fccke aus kommend. Anschlie\u00dfend wollte sie den Kreuzungsbereich bei gr\u00fcn zeigender Lichtzeichenanlage \u00fcberqueren. Hierbei kam es zum Zusammensto\u00df der beiden Verkehrsteilnehmer, wobei der wartepflichtige Opel die kreuzende Radfahrerin frontal erfasste. Die Radfahrerin landete auf der Windschutzscheibe und besch\u00e4digte diese. Die Radfahrerin wurde vor Ort vom Rettungsdienst versorgt und mit leichten Verletzungen in ein umliegendes Krankenhaus gebracht. Es entstand ein Sachschaden in H\u00f6he von ca. 1.500 Euro.<\/p>\n\n\n\n<h2 class=\"wp-block-heading\">(Heidelberg) &#8211; Einbruch in Ladengesch\u00e4ft \/ Polizei sucht Zeugen<\/h2>\n\n\n\n<p>Zu einem nicht n\u00e4her bestimmbaren Zeitpunkt zwischen 14 Uhr am Samstag und 9 Uhr am Montag brach eine bislang unbekannte T\u00e4terschaft in ein Ladengesch\u00e4ft am Czernyring ein. Die polizeiliche Spurensicherung ergab, dass sich die T\u00e4terschaft \u00fcber ein Fenster Zutritt in das Innere verschaffte. Die R\u00e4umlichkeiten wurden durchw\u00fchlt und Schmuck, Handtaschen sowie die Kasse entwendet. Der Schaden liegt nach ersten Sch\u00e4tzungen in einem f\u00fcnfstelligen Bereich.<\/p>\n\n\n\n<p>Die Polizei ermittelt nun wegen des besonders schweren Falls des Diebstahls.<\/p>\n\n\n\n<ul>\n<li><strong>Zeugen, die sachdienliche Hinweise geben k\u00f6nnen, werden gebeten, sich beim Polizeirevier Heidelberg-Mitte unter der Telefonnummer 06221-1857-0 zu melden.<\/strong><\/li>\n<\/ul>\n\n\n\n<h2 class=\"wp-block-heading\">(Heidelberg) &#8211; E-Scooter im Wert von \u00fcber 900 Euro entwendet<\/h2>\n\n\n\n<p>Am Sonntag, zwischen 10:15 Uhr und 21:30 Uhr, entwendete eine bislang unbekannte T\u00e4terschaft zwei E-Scooter. Durch die Eigent\u00fcmer wurden die beiden E-Scooter mit einem Fahrradschloss an einem Zaun im Max-Plank-Ring gesichert abgestellt. Die T\u00e4terschaft entfernte das Fahrradschloss auf bisher unbekannte Weise und fl\u00fcchtet mitsamt dem Diebesgut. Der Diebstahlschaden bel\u00e4uft sich auf einen hohen dreistelligen Betrag.<\/p>\n\n\n\n<ul>\n<li><strong>Das Polizeirevier Heidelberg-Mitte nimmt Zeugenhinweise unter der Tel.: 06221\/1857-0 entgegen.<\/strong><\/li>\n<\/ul>\n\n\n\n<h2 class=\"wp-block-heading\">(Heidelberg) &#8211; Illegale Entsorgung von 42 Autoreifen \/ Zeugen gesucht!<\/h2>\n\n\n\n<p>Am vergangenen Mittwoch um 22 Uhr wurde eine Zeugin im Stadtteil Kirchheim auf 42 widerrechtlich abgelegte Autoreifen aufmerksam und informierte hieraufhin die Polizei. Die Autoreifen verschiedenster Gr\u00f6\u00dfen wurden zu einem noch nicht genau verifizierbaren Zeitpunkt an einem Verbindungsweg zwischen dem Kircheimer Weg und dem AllaHopp-Spielplatz, auf H\u00f6he Harbigweg an einem Zaun zum Grunebaum-Stadion, durch eine bislang unbekannte T\u00e4terschaft abgelegt. Nach bisherigem Stand der Ermittlungen wurden die Reifen mit einem Fahrzeug zur \u00d6rtlichkeit transportiert und anschlie\u00dfend dort abgelegt. Aufgrund eines Absperrpfostens waren die Unbekannten gezwungen, mit dem Fahrzeug ein umfangreiches Wendeman\u00f6ver auszuf\u00fchren. T\u00e4terhinweise sind bislang nicht bekannt. <\/p>\n\n\n\n<ul>\n<li><strong>Daher bittet das Polizeirevier Heidelberg-S\u00fcd Zeugen, welche sachdienliche Hinweise geben k\u00f6nnen bzw. ein verd\u00e4chtiges Fahrzeug in Tatortn\u00e4he beobachten konnten, sich unter der Tel.: 06221\/3418-0 zu melden.<\/strong><\/li>\n<\/ul>\n\n\n\n<h2 class=\"wp-block-heading\">(Leimen \/ Rhein-Neckar-Kreis) &#8211; Werkzeug aus Auto gestohlen \/ Zeugen gesucht!<\/h2>\n\n\n\n<p>Im Zeitraum von Samstag, gegen 13 Uhr, bis Montag, gegen 07 Uhr, verschafften sich derzeit unbekannte T\u00e4ter gewaltsam Zugang zu einem VW Caddy, welcher in der Olpenitzer Stra\u00dfe abgestellt war und entwendeten hieraus mehrere hochwertige Werkzeuge. Die T\u00e4ter schlugen die Heckscheibe des Autos ein und gelangten so an die Baumaschinen. Entwendet wurden ein Werkzeugkoffer mit Bohrhammer der Marke Bosch (Modell GBH 2-25F), ein Bohrer- sowie ein Mei\u00dfel-Set und ein Werkzeugkoffer mit einer S\u00e4bels\u00e4ge der Marke Makita (Modell JR3050T). Der entstandene Schaden betr\u00e4gt mehr als 2.000 Euro.<\/p>\n\n\n\n<ul>\n<li><strong>Zeugen, die sachdienliche Hinweise geben k\u00f6nnen, werden gebeten, sich beim Polizeiposten Leimen unter der Telefonnummer 06224-17490 zu melden.<\/strong><\/li>\n<\/ul>\n\n\n\n<h2 class=\"wp-block-heading\">(Hockenheim \/ Rhein-Neckar-Kreis) &#8211; Polizei rettet Jungschw\u00e4nin<\/h2>\n\n\n\n<p>Am Montag meldete gegen 14 Uhr ein Passant eine Gans, welche auf der Z\u00e4hringer Stra\u00dfe unterwegs sei und keine Anstalten mache, sich in die L\u00fcfte zu erheben. Eine Streife des Polizeireviers Hockenheim konnte das Tier an besagter \u00d6rtlichkeit feststellen. Jedoch handelte es sich mitnichten um eine Gans, sondern um eine junge Schwanendame. Sie wies eine Verletzung am Fu\u00df auf, was vermutlich der Grund f\u00fcr ihr Verhalten war. Bevor der Schw\u00e4nin im Stra\u00dfenverkehr ein Leid widerfahren konnte, nahm die Streife das Tier in Obhut und gew\u00e4hrleistete, dass sie in tier\u00e4rztliche Behandlung kam.<\/p>\n\n\n\n<h2 class=\"wp-block-heading\">(Wiesloch \/ Rhein-Neckar-Kreis) &#8211; LKW f\u00e4ngt Feuer und brennt aus<\/h2>\n\n\n\n<p>Am Montagmittag gegen 13:30 Uhr geriet ein Baustellenlastwagen im Bereich des Quartiers am Bach aufgrund eines geplatzten Hydraulikschlauchs in Vollbrand. Das auslaufende Hydraulik\u00f6l kam in Kontakt mit einem erhitzten Fahrzeugteil und entz\u00fcndete sich so. Die freiwillige Feuerwehr Wiesloch, welche sich mit f\u00fcnf Fahrzeugen und 24 Mann im Einsatz befand, konnte das Feuer z\u00fcgig mittels L\u00f6schschaum bek\u00e4mpfen. Verletzt wurde durch den Brand niemand. Aufgrund der auslaufenden Betriebsstoffe, welche in das Erdreich einzusickern drohten, wurde das Wasserrechtsamt hinzugezogen, welche alle weiteren Schutzma\u00dfnahmen einleiteten. Die H\u00f6he des entstandenen Sachschadens ist noch unklar.<\/p>\n\n\n\n<h2 class=\"wp-block-heading\">(Sch\u00f6nau \/ Rhein-Neckar-Kreis) &#8211; Dreiste Diebe entwenden Ortsschild der Stadt Sch\u00f6nau<\/h2>\n\n\n\n<p>Wie ein Zeuge am Montagabend gegen 23:30 Uhr beobachten konnte, wurde in der Greiner Stra\u00dfe, am \u00dcbergang zur K 4116, das Ortsschild der Stadt Sch\u00f6nau durch zwei bisher unbekannte T\u00e4ter entwendet. Die beiden M\u00e4nner schraubten zun\u00e4chst das Schild ab und verstauten dieses anschlie\u00dfend in einem wei\u00dfen Pkw. Die Unbekannten fl\u00fcchteten daraufhin \u00fcber die K 4116 in Richtung Grein. Die H\u00f6he des Diebstahlschadens kann derzeit noch nicht beziffert werden.<\/p>\n\n\n\n<ul>\n<li><strong>Weitere Zeugen, welche sachdienliche Hinweise geben k\u00f6nnen bzw. verd\u00e4chtige Personen bzw. Fahrzeuge wahrnehmen konnten, werden gebeten, sich mit dem Polizeirevier Neckargem\u00fcnd, Tel.: 06223\/9254-0, in Verbindung zu setzen.<\/strong><\/li>\n<\/ul>\n\n\n\n<h2 class=\"wp-block-heading\">(Sch\u00f6nbrunn \/ Rhein-Neckar-Kreis) &#8211; Rehkitz kollidiert mit Fahrzeug<\/h2>\n\n\n\n<p>Als am Montagmorgen, um 06:45 Uhr, ein 20-j\u00e4hriger Audi-Fahrer die K 4108 von Allem\u00fchl kommend in Richtung Schwanheim entlangfuhr, querte urpl\u00f6tzlich ein Rehkitz die Fahrbahn und stie\u00df mit dem Audi des 20-J\u00e4hrigen zusammen. An dem Fahrzeug entstand ein Sachschaden im mittleren dreistelligen Bereich, das Rehkitz wurde t\u00f6dlich verletzt. Der junge Mann blieb unverletzt. Die Polizei informierte den zust\u00e4ndigen Jagdp\u00e4chter.<\/p>\n","protected":false},"excerpt":{"rendered":"<div class=\"mh-excerpt\"><p>Polizeimeldungen vom Dienstag (31.10.2023) (Speyer) &#8211; Verletzter PKW Fahrer nach Alleinunfall Am 30.10.2023 gegen 18:41 Uhr befuhr ein 31-j\u00e4hriger Mann mit seinem Pkw die Industriestra\u00dfe und wollte nach rechts in die Stra\u00dfe Am Technikmuseum abbiegen. <a class=\"mh-excerpt-more\" href=\"https:\/\/speyer24news.com\/?p=55637\" title=\"Polizeimeldungen Dienstag (31.10.23)\">[&#8230;]<\/a><\/p>\n<\/div>","protected":false},"author":3,"featured_media":26162,"comment_status":"open","ping_status":"open","sticky":false,"template":"","format":"standard","meta":{"_monsterinsights_skip_tracking":false,"_monsterinsights_sitenote_active":false,"_monsterinsights_sitenote_note":"","_monsterinsights_sitenote_category":0,"footnotes":""},"categories":[15659],"tags":[7243,7244,3614,350,14537,15084,15267,14538,15361,15845,702,61,2555,6955,6986,6263,63,105,11150,6987,53,4854,13534,4683,1548,4905,12967,11592,102,13626,213,14325,14324,13553,13541,55,8277,6368],"aioseo_notices":[],"amp_enabled":true,"_links":{"self":[{"href":"https:\/\/speyer24news.com\/index.php?rest_route=\/wp\/v2\/posts\/55637"}],"collection":[{"href":"https:\/\/speyer24news.com\/index.php?rest_route=\/wp\/v2\/posts"}],"about":[{"href":"https:\/\/speyer24news.com\/index.php?rest_route=\/wp\/v2\/types\/post"}],"author":[{"embeddable":true,"href":"https:\/\/speyer24news.com\/index.php?rest_route=\/wp\/v2\/users\/3"}],"replies":[{"embeddable":true,"href":"https:\/\/speyer24news.com\/index.php?rest_route=%2Fwp%2Fv2%2Fcomments&post=55637"}],"version-history":[{"count":2,"href":"https:\/\/speyer24news.com\/index.php?rest_route=\/wp\/v2\/posts\/55637\/revisions"}],"predecessor-version":[{"id":55647,"href":"https:\/\/speyer24news.com\/index.php?rest_route=\/wp\/v2\/posts\/55637\/revisions\/55647"}],"wp:featuredmedia":[{"embeddable":true,"href":"https:\/\/speyer24news.com\/index.php?rest_route=\/wp\/v2\/media\/26162"}],"wp:attachment":[{"href":"https:\/\/speyer24news.com\/index.php?rest_route=%2Fwp%2Fv2%2Fmedia&parent=55637"}],"wp:term":[{"taxonomy":"category","embeddable":true,"href":"https:\/\/speyer24news.com\/index.php?rest_route=%2Fwp%2Fv2%2Fcategories&post=55637"},{"taxonomy":"post_tag","embeddable":true,"href":"https:\/\/speyer24news.com\/index.php?rest_route=%2Fwp%2Fv2%2Ftags&post=55637"}],"curies":[{"name":"wp","href":"https:\/\/api.w.org\/{rel}","templated":true}]}}