{"id":55822,"date":"2023-11-02T19:52:23","date_gmt":"2023-11-02T18:52:23","guid":{"rendered":"https:\/\/speyer24news.com\/?p=55822"},"modified":"2023-11-02T20:00:22","modified_gmt":"2023-11-02T19:00:22","slug":"geschwindigkeitsmessungen-fuer-kw-45-06-11-12-11-23","status":"publish","type":"post","link":"https:\/\/speyer24news.com\/?p=55822","title":{"rendered":"Blitzer f\u00fcr KW 45 (06.11. &#8211; 12.11.23)"},"content":{"rendered":"<style type=\"text\/css\">\r\n\t.ads_top_disp{}\r\n\t.ads_top_corner_disp{ float:left; margin:0px 10px 10px 0px; }\r\n\t.ads_first_p_disp{}\r\n\t.ads_bottom_disp{}\r\n\t<\/style>\n<h2 class=\"wp-block-heading\"><strong>(Mannheim) &#8211; <\/strong>Geschwindigkeitskontrollen f\u00fcr die Woche vom 6. bis 10. November<\/h2>\n\n\n<div class=\"wp-block-image\">\n<figure class=\"aligncenter size-full\"><img decoding=\"async\" loading=\"lazy\" width=\"640\" height=\"497\" src=\"https:\/\/speyer24news.com\/wp-content\/uploads\/2020\/12\/Blitzer-2.jpg\" alt=\"\" class=\"wp-image-31937\" srcset=\"https:\/\/speyer24news.com\/wp-content\/uploads\/2020\/12\/Blitzer-2.jpg 640w, https:\/\/speyer24news.com\/wp-content\/uploads\/2020\/12\/Blitzer-2-300x233.jpg 300w\" sizes=\"(max-width: 640px) 100vw, 640px\" \/><\/figure><\/div>\n\n\n<h3 class=\"wp-block-heading\">Die Stadt Mannheim f\u00fchrt vom 6. bis 10. November in folgenden Stra\u00dfen mobile Geschwindigkeitskontrollen durch:<\/h3>\n\n\n\n<ul>\n<li><strong>Alphornstra\u00dfe (Neckarschule)<\/strong><\/li>\n\n\n\n<li><strong>Belfortstra\u00dfe (Wilhelm-Wundt-Schule)<\/strong><\/li>\n\n\n\n<li><strong>Dammstra\u00dfe<\/strong><\/li>\n\n\n\n<li><strong>Elfenstra\u00dfe (verkehrsberuhigter Bereich)<\/strong><\/li>\n\n\n\n<li><strong>Emy-Roeder-Stra\u00dfe<\/strong><\/li>\n\n\n\n<li><strong>Ernst-Barlach-Allee (Johann-Peter-Hebel-Schule)<\/strong><\/li>\n\n\n\n<li><strong>Friedrichstra\u00dfe<\/strong><\/li>\n\n\n\n<li><strong>Gartenfeldstra\u00dfe (Humboldt Schule)<\/strong><\/li>\n\n\n\n<li><strong>Hans-Sachs-Ring<\/strong><\/li>\n\n\n\n<li><strong>Luisenstra\u00dfe (Schiller Schule)<\/strong><\/li>\n\n\n\n<li><strong>Lutherstra\u00dfe (verkehrsberuhigter Bereich)<\/strong><\/li>\n\n\n\n<li><strong>Mittelstra\u00dfe<\/strong><\/li>\n\n\n\n<li><strong>M\u00f6nchw\u00f6rthstra\u00dfe<\/strong><\/li>\n\n\n\n<li><strong>Rathausstra\u00dfe<\/strong><\/li>\n\n\n\n<li><strong>Rheingoldstra\u00dfe<\/strong><\/li>\n\n\n\n<li><strong>Rottfeldstra\u00dfe<\/strong><\/li>\n\n\n\n<li><strong>Schulstra\u00dfe<\/strong><\/li>\n\n\n\n<li><strong>Tristanstra\u00dfe<\/strong><\/li>\n\n\n\n<li><strong>Wasserwerkstra\u00dfe (Franklinschule)<\/strong><\/li>\n\n\n\n<li><strong>Wingertstra\u00dfe<\/strong><\/li>\n<\/ul>\n\n\n\n<p>Kurzfristige \u00c4nderungen oder zus\u00e4tzliche Messstellen sind aus aktuellem Anlass m\u00f6glich.<\/p>\n\n\n\n<p><em>Stadt Mannheim<br>02.11.2023<\/em><\/p>\n\n\n\n<h2 class=\"wp-block-heading\"><strong>(Ludwigshafen) &#8211; <\/strong>Radarkontrollen f\u00fcr die Woche vom 6. November bis 12. November 2023<\/h2>\n\n\n<div class=\"wp-block-image\">\n<figure class=\"aligncenter size-full\"><img decoding=\"async\" loading=\"lazy\" width=\"800\" height=\"600\" src=\"https:\/\/speyer24news.com\/wp-content\/uploads\/2020\/03\/Blitzer-1.jpg\" alt=\"\" class=\"wp-image-25724\" srcset=\"https:\/\/speyer24news.com\/wp-content\/uploads\/2020\/03\/Blitzer-1.jpg 800w, https:\/\/speyer24news.com\/wp-content\/uploads\/2020\/03\/Blitzer-1-300x225.jpg 300w, https:\/\/speyer24news.com\/wp-content\/uploads\/2020\/03\/Blitzer-1-768x576.jpg 768w, https:\/\/speyer24news.com\/wp-content\/uploads\/2020\/03\/Blitzer-1-678x509.jpg 678w, https:\/\/speyer24news.com\/wp-content\/uploads\/2020\/03\/Blitzer-1-326x245.jpg 326w, https:\/\/speyer24news.com\/wp-content\/uploads\/2020\/03\/Blitzer-1-80x60.jpg 80w\" sizes=\"(max-width: 800px) 100vw, 800px\" \/><\/figure><\/div>\n\n\n<h3 class=\"wp-block-heading\">Die Stadt Ludwigshafen nimmt in folgenden Stadtteilen Radarkontrollen vor:<\/h3>\n\n\n\n<ul>\n<li><strong>Montag, 6. November: Pfingstweide, Friesenheim und Oggersheim<\/strong><\/li>\n\n\n\n<li><strong>Dienstag, 7. November: Rheing\u00f6nheim, Oppau und S\u00fcd<\/strong><\/li>\n\n\n\n<li><strong>Mittwoch, 8. November: Mundenheim, Mitte und Nord<\/strong><\/li>\n\n\n\n<li><strong>Donnerstag, 9. November: Edigheim, Friesenheim und West<\/strong><\/li>\n\n\n\n<li><strong>Freitag, 10. November: Gartenstadt, Mundenheim und Maudach<\/strong><\/li>\n\n\n\n<li><strong>Samstag, 11. November: Oggersheim, Ruchheim und Oppau<\/strong><\/li>\n<\/ul>\n\n\n\n<p>Kurzfristige \u00c4nderungen beh\u00e4lt sich der Bereich Stra\u00dfenverkehr vor. Kontrollen k\u00f6nnen auch kurzfristig an anderen Stellen stattfinden.<\/p>\n\n\n\n<p><em>Stadt Ludwigshafen<br>02.11.2023<\/em><\/p>\n\n\n\n<h2 class=\"wp-block-heading\"><strong>(Polizeipr\u00e4sidium Rheinpfalz) \u2013 <\/strong>Geschwindigkeitskontrollen im November 2023<\/h2>\n\n\n<div class=\"wp-block-image\">\n<figure class=\"aligncenter\"><img decoding=\"async\" loading=\"lazy\" width=\"800\" height=\"450\" src=\"https:\/\/speyer24news.com\/wp-content\/uploads\/2020\/12\/Blitzer-Logo.jpg\" alt=\"\" class=\"wp-image-31938\" srcset=\"https:\/\/speyer24news.com\/wp-content\/uploads\/2020\/12\/Blitzer-Logo.jpg 800w, https:\/\/speyer24news.com\/wp-content\/uploads\/2020\/12\/Blitzer-Logo-300x169.jpg 300w, https:\/\/speyer24news.com\/wp-content\/uploads\/2020\/12\/Blitzer-Logo-768x432.jpg 768w, https:\/\/speyer24news.com\/wp-content\/uploads\/2020\/12\/Blitzer-Logo-678x381.jpg 678w\" sizes=\"(max-width: 800px) 100vw, 800px\" \/><\/figure><\/div>\n\n\n<p>\u00dcberh\u00f6hte beziehungsweise nicht angepasste Geschwindigkeit bleibt weiter eine Hauptunfallursache: 2022 wurden im Zust\u00e4ndigkeitsbereich des Polizeipr\u00e4sidiums Rheinpfalz wegen nicht angepasster oder \u00fcberh\u00f6hter Geschwindigkeit 1.896 Verkehrsunf\u00e4lle registriert. Im Jahr 2021 waren dies noch 1.792 Verkehrsunf\u00e4lle.<\/p>\n\n\n\n<h4 class=\"wp-block-heading\"><em>Die Verkehrsunfallstatistik 2022 mit ausf\u00fchrlichen Informationen zur Unfalllage und unseren Ma\u00dfnahmen finden Sie auf unserer Internetseite&nbsp;<a href=\"https:\/\/s.rlp.de\/YSXrl\">https:\/\/s.rlp.de\/YSXrl<\/a>&nbsp;.<\/em><\/h4>\n\n\n\n<p>Die Verkehrs\u00fcberwachung mittels Verkehrskontrollen geh\u00f6rt zu den zentralen Aufgaben der Polizei.<\/p>\n\n\n\n<h3 class=\"wp-block-heading\"><strong>Im Monat November finden daher im Bezirk des Polizeipr\u00e4sidiums Rheinpfalz wie folgt Geschwindigkeitskontrollen statt:<\/strong><\/h3>\n\n\n\n<h4 class=\"wp-block-heading\">Im Gebiet der Polizeidirektion&nbsp;<strong>Ludwigshafen<\/strong>:<\/h4>\n\n\n\n<ul>\n<li><strong>09.11.2023 im Bereich Speyer<\/strong><\/li>\n\n\n\n<li><strong>10.11.2023 im Bereich Schifferstadt<\/strong><\/li>\n\n\n\n<li><strong>15.11.2023 im Bereich Ludwigshafen<\/strong><\/li>\n\n\n\n<li><strong>20.11.2023 im Bereich Frankenthal<\/strong><\/li>\n<\/ul>\n\n\n\n<h3 class=\"wp-block-heading\">Im Gebiet der Polizeidirektion&nbsp;<strong>Landau<\/strong>:<\/h3>\n\n\n\n<ul>\n<li><strong>03.11.2023 im Bereich W\u00f6rth<\/strong><\/li>\n\n\n\n<li><strong>14.11.2023 im Bereich Landau<\/strong><\/li>\n\n\n\n<li><strong>21.11.2023 im Bereich Hochstadt<\/strong><\/li>\n\n\n\n<li><strong>24.11.2023 im Bereich Edenkoben<\/strong><\/li>\n<\/ul>\n\n\n\n<h3 class=\"wp-block-heading\">Im Gebiet der Polizeidirektion&nbsp;<strong>Neustadt<\/strong>:<\/h3>\n\n\n\n<ul>\n<li><strong>08.11.2023 im Bereich Ha\u00dfloch<\/strong><\/li>\n\n\n\n<li><strong>22.11.2023 im Bereich Neuleiningen<\/strong><\/li>\n\n\n\n<li><strong>23.11.2023 im Bereich Bad D\u00fcrkheim<\/strong><\/li>\n\n\n\n<li><strong>28.11.2023 im Bereich Neustadt<\/strong><\/li>\n<\/ul>\n\n\n\n<p>Die Polizei weist ausdr\u00fccklich darauf hin, dass Kontrollen auch au\u00dferhalb der genannten Zeiten und \u00d6rtlichkeiten stattfinden.<\/p>\n\n\n\n<p><em>Polizeipr\u00e4sidium Rheinpfalz<br>02.11.2023<\/em><\/p>\n","protected":false},"excerpt":{"rendered":"<div class=\"mh-excerpt\"><p>(Mannheim) &#8211; Geschwindigkeitskontrollen f\u00fcr die Woche vom 6. bis 10. November Die Stadt Mannheim f\u00fchrt vom 6. bis 10. November in folgenden Stra\u00dfen mobile Geschwindigkeitskontrollen durch: Kurzfristige \u00c4nderungen oder zus\u00e4tzliche Messstellen sind aus aktuellem Anlass <a class=\"mh-excerpt-more\" href=\"https:\/\/speyer24news.com\/?p=55822\" title=\"Blitzer f\u00fcr KW 45 (06.11. &#8211; 12.11.23)\">[&#8230;]<\/a><\/p>\n<\/div>","protected":false},"author":3,"featured_media":33649,"comment_status":"open","ping_status":"open","sticky":false,"template":"","format":"standard","meta":{"_monsterinsights_skip_tracking":false,"_monsterinsights_sitenote_active":false,"_monsterinsights_sitenote_note":"","_monsterinsights_sitenote_category":0,"footnotes":""},"categories":[64],"tags":[15236,7702,4819,4814,15144,14960,19,5148,4822,4817,16228,947,5146,4820,4815,5147,15148,14751,58,56,59,227,17,7699,7068,7004,7700,15142,14747,16227,949,8928,5150,4818,4813,15909,14746,15908,1565],"aioseo_notices":[],"amp_enabled":true,"_links":{"self":[{"href":"https:\/\/speyer24news.com\/index.php?rest_route=\/wp\/v2\/posts\/55822"}],"collection":[{"href":"https:\/\/speyer24news.com\/index.php?rest_route=\/wp\/v2\/posts"}],"about":[{"href":"https:\/\/speyer24news.com\/index.php?rest_route=\/wp\/v2\/types\/post"}],"author":[{"embeddable":true,"href":"https:\/\/speyer24news.com\/index.php?rest_route=\/wp\/v2\/users\/3"}],"replies":[{"embeddable":true,"href":"https:\/\/speyer24news.com\/index.php?rest_route=%2Fwp%2Fv2%2Fcomments&post=55822"}],"version-history":[{"count":2,"href":"https:\/\/speyer24news.com\/index.php?rest_route=\/wp\/v2\/posts\/55822\/revisions"}],"predecessor-version":[{"id":55825,"href":"https:\/\/speyer24news.com\/index.php?rest_route=\/wp\/v2\/posts\/55822\/revisions\/55825"}],"wp:featuredmedia":[{"embeddable":true,"href":"https:\/\/speyer24news.com\/index.php?rest_route=\/wp\/v2\/media\/33649"}],"wp:attachment":[{"href":"https:\/\/speyer24news.com\/index.php?rest_route=%2Fwp%2Fv2%2Fmedia&parent=55822"}],"wp:term":[{"taxonomy":"category","embeddable":true,"href":"https:\/\/speyer24news.com\/index.php?rest_route=%2Fwp%2Fv2%2Fcategories&post=55822"},{"taxonomy":"post_tag","embeddable":true,"href":"https:\/\/speyer24news.com\/index.php?rest_route=%2Fwp%2Fv2%2Ftags&post=55822"}],"curies":[{"name":"wp","href":"https:\/\/api.w.org\/{rel}","templated":true}]}}