{"id":55928,"date":"2023-11-04T14:05:19","date_gmt":"2023-11-04T13:05:19","guid":{"rendered":"https:\/\/speyer24news.com\/?p=55928"},"modified":"2023-11-04T14:05:21","modified_gmt":"2023-11-04T13:05:21","slug":"speyer-161","status":"publish","type":"post","link":"https:\/\/speyer24news.com\/?p=55928","title":{"rendered":"Speyer"},"content":{"rendered":"<style type=\"text\/css\">\r\n\t.ads_top_disp{}\r\n\t.ads_top_corner_disp{ float:left; margin:0px 10px 10px 0px; }\r\n\t.ads_first_p_disp{}\r\n\t.ads_bottom_disp{}\r\n\t<\/style>\n<h2 class=\"wp-block-heading\">Stadtarchiv erh\u00e4lt Nachlass des Speyerer Unternehmers und M\u00e4zens T\u00f6ns Wellensiek<\/h2>\n\n\n<div class=\"wp-block-image\">\n<figure class=\"aligncenter size-full\"><img decoding=\"async\" loading=\"lazy\" width=\"800\" height=\"533\" src=\"https:\/\/speyer24news.com\/wp-content\/uploads\/2023\/11\/Bild-1.jpg\" alt=\"\" class=\"wp-image-55929\" srcset=\"https:\/\/speyer24news.com\/wp-content\/uploads\/2023\/11\/Bild-1.jpg 800w, https:\/\/speyer24news.com\/wp-content\/uploads\/2023\/11\/Bild-1-300x200.jpg 300w, https:\/\/speyer24news.com\/wp-content\/uploads\/2023\/11\/Bild-1-768x512.jpg 768w\" sizes=\"(max-width: 800px) 100vw, 800px\" \/><figcaption class=\"wp-element-caption\">v.l.: B\u00fcrgermeisterin Monika Kabs, Gudrun Wellensiek, OB a.D. Werner Schineller<\/figcaption><\/figure><\/div>\n\n\n<p>Der Nachlass des Speyerer Unternehmers und M\u00e4zens T\u00f6ns Wellensiek befindet sich von nun an in stolzem Besitz des Speyerer Stadtarchivs. Vier Generationen umfasst die weitreichende lokale und internationale Vernetzung der Familie Wellensiek sowie der gleichnamigen Zigarrenfabrik im 19. und 20. Jahrhundert. Damit enth\u00e4lt der Nachlass bedeutende Zeugnisse der Zeit- und Wirtschafts- und Sozialgeschichte ebenso wie zur Speyerer Stadtgeschichte.<\/p>\n\n\n\n<p>\u201eDie Schenkung ist ein wahrer Gl\u00fccksfall\u201c, unterstreicht Oberb\u00fcrgermeisterin Stefanie Seiler und dankt der Witwe und Spenderin Gudrun Wellensiek. &nbsp;<br>Die Stadtchefin appelliert an Privatpersonen: \u201eWenn sich historische Fotografien, Filmaufnahmen oder Briefe in ihrem Besitz befinden, entsorgen Sie diese bitte nicht einfach, sondern lassen Sie diese wertvollen Dokumentationen von Zeitgeschichte ihren Weg ins Stadtarchiv finden.\u201c<\/p>\n\n\n\n<p>\u201eEs gibt so viel Interessantes zu entdeckten. Toll, dass wir an dieser Geschichte nun teilhaben k\u00f6nnen\u201c, freute sich auch B\u00fcrgermeisterin und Kulturdezernentin Monika Kabs und dankte im Rahmen der offiziellen Nachlass\u00fcbergabe OB a.D. Werner Schineller f\u00fcr die Vermittlung sowie den Mitarbeitenden des Stadtarchivs, die die Dokumente aufarbeiten und diese nun in einer Datenbank der Forschung zur Verf\u00fcgung stehen.<\/p>\n\n\n<div class=\"wp-block-image\">\n<figure class=\"aligncenter size-full\"><img decoding=\"async\" loading=\"lazy\" width=\"800\" height=\"554\" src=\"https:\/\/speyer24news.com\/wp-content\/uploads\/2023\/11\/Bild-2.jpg\" alt=\"\" class=\"wp-image-55930\" srcset=\"https:\/\/speyer24news.com\/wp-content\/uploads\/2023\/11\/Bild-2.jpg 800w, https:\/\/speyer24news.com\/wp-content\/uploads\/2023\/11\/Bild-2-300x208.jpg 300w, https:\/\/speyer24news.com\/wp-content\/uploads\/2023\/11\/Bild-2-768x532.jpg 768w\" sizes=\"(max-width: 800px) 100vw, 800px\" \/><\/figure><\/div>\n\n\n<p>\u201eT\u00f6ns Wellensiek und seine Familie haben Gro\u00dfartiges geleistet und dass die Zeugnisse davon geschlossen vorliegen, ist eine wertvolle Bereicherung f\u00fcr die Stadt\u201c, erkl\u00e4rt Werner Schineller.<\/p>\n\n\n\n<p>Der Nachlass umfasst mehrere Fotoalben zur Familien- und Firmengeschichte, zum Einsatz des Vaters Hans Wellensiek im Ersten Weltkrieg, zu den Reisen der Familie sowie zur Speyerer Stadtgeschichte. Bez\u00fcge zur Baugeschichte der Stadt Speyer spiegeln sich im Verwaltungsgeb\u00e4ude der Zigarrenfabrik Wellensiek, dem heutigen Stadtarchiv, und dem in den Jahren 1908 und 1909 errichteten Bauwerk des Historismus wieder. Au\u00dferdem sind die Direktorenvillen des Zigarrenfabrikanten Hermann Wellensiek, einem gro\u00dfb\u00fcrgerlichen Gr\u00fcnderzeitbau von 1896 samt Remisen-\/Kutscherhaus am Fischmarkt, sowie des Gesch\u00e4ftspartners Carl Schalk kurz nach 1900 in der Sch\u00fctzenstra\u00dfe, Ecke Landauer Stra\u00dfe, zu nennen.&nbsp;<\/p>\n\n\n\n<p>Des Weiteren sind Unterlagen und Fotografien zur Zigarrenfabrik Wellensiek und zur Zelluloidfabrik Kirrmeier sowie Dokumente zur Entnazifizierung von Wirtschaftsbetrieben in der Pfalz Inhalt der Schenkung, die dar\u00fcber hinaus Auskunft \u00fcber das wohlt\u00e4tige Engagement der Familie gibt.\u00a0<\/p>\n\n\n<div class=\"wp-block-image\">\n<figure class=\"aligncenter size-full\"><img decoding=\"async\" loading=\"lazy\" width=\"800\" height=\"534\" src=\"https:\/\/speyer24news.com\/wp-content\/uploads\/2023\/11\/Bild-3.jpg\" alt=\"\" class=\"wp-image-55931\" srcset=\"https:\/\/speyer24news.com\/wp-content\/uploads\/2023\/11\/Bild-3.jpg 800w, https:\/\/speyer24news.com\/wp-content\/uploads\/2023\/11\/Bild-3-300x200.jpg 300w, https:\/\/speyer24news.com\/wp-content\/uploads\/2023\/11\/Bild-3-768x513.jpg 768w\" sizes=\"(max-width: 800px) 100vw, 800px\" \/><\/figure><\/div>\n\n\n<p>Die zweib\u00e4ndige Familienbibel aus dem sp\u00e4ten 19. Jahrhundert mit beigef\u00fcgter Familienchronik gew\u00e4hrt unter anderem Einblicke in die Biografien von Hans und T\u00f6ns Wellensiek.<\/p>\n\n\n\n<h3 class=\"wp-block-heading\">T\u00f6ns Wellensiek<\/h3>\n\n\n\n<p>T\u00f6ns Wellensiek (1938 bis 2022) \u00fcbernahm in den 1970er Jahren die Leitung der 1898 gegr\u00fcndeten Speyerer Zigarrenfabrik und war letzter Gesch\u00e4ftsf\u00fchrer bis zur Schlie\u00dfung des Betriebs 1973. In den 1980er Jahren kehrte er nach mehreren Auslandst\u00e4tigkeiten in der Tabak- und Zigarrenbranche nach Speyer zur\u00fcck und f\u00fchrte zuletzt von 1983 bis 1993 das Einzelhandelsgesch\u00e4ft \u201eTabac und Mode\u201c in der Gilgenstra\u00dfe 14, dem heutigen \u201eBrillen Bosslet\u201c.<\/p>\n\n\n\n<p>Der Speyerer Unternehmer war au\u00dferdem ein begeisterter Amateur-Filmer. 2008 gr\u00fcndete er die \u201eStiftung zur F\u00f6rderung k\u00fcnstlerischer Filmproduktionen und Amateurvideos\u201c. Die \u201eT\u00f6ns Wellensiek-Stiftung\u201c, seit 2017 unter dem Dach der Kulturstiftung Speyer, f\u00f6rdert Kunst und Kultur in Speyer und der Pfalz. Das Anliegen der Stiftung ist die kulturelle Mitverantwortung von B\u00fcrgerschaft und Unternehmen.<\/p>\n\n\n\n<p><em>Stadtverwaltung Speyer<br>03.11.2023<\/em><\/p>\n\n\n\n<h2 class=\"wp-block-heading\">\u201eMittwochabend im Stadtarchiv\u201c \u2013 Vortrag am 8. November<\/h2>\n\n\n\n<p>Am Mittwoch, 8. November 2023 findet eine Veranstaltung im Rahmen der SchUM-Kulturtage und der Veranstaltungsreihe \u201eMittwochabend im Stadtarchiv\u201c statt. Dr. Walter Rummel h\u00e4lt um 18.30 Uhr im Historischen Ratssaal den Vortrag \u201e\u201a\u2026im Interesse des Reiches?\u2018 \u201aArisierung\u2018 in Speyer 1938-1941\u201c.<\/p>\n\n\n\n<p>In seinem Vortrag bietet Dr. Walter Rummel eine Analyse der \u201eArisierungsvorg\u00e4nge\u201c, die sich in Speyer im oben genannten Zeitraum zugetragen haben.<\/p>\n\n\n\n<p>Dr. Walter Rummel leitete bis zu seinem Ruhestand 2021 das Landesarchiv Speyer. Zu seinen Forschungsschwerpunkten geh\u00f6ren neben Hexenverfolgung und rheinland-pf\u00e4lzischer Landesgeschichte Studien zur NS-Geschichte. Im Dezember 2022 wurde Herr Dr. Rummel mit der Verdienstmedaille des Landes Rheinland-Pfalz f\u00fcr seine Verdienste zur Erinnerungs- und Bildungsarbeit geehrt.<\/p>\n\n\n\n<p><em>Stadtverwaltung Speyer<br>03.11.2023<\/em><\/p>\n","protected":false},"excerpt":{"rendered":"<div class=\"mh-excerpt\"><p>Stadtarchiv erh\u00e4lt Nachlass des Speyerer Unternehmers und M\u00e4zens T\u00f6ns Wellensiek Der Nachlass des Speyerer Unternehmers und M\u00e4zens T\u00f6ns Wellensiek befindet sich von nun an in stolzem Besitz des Speyerer Stadtarchivs. Vier Generationen umfasst die weitreichende <a class=\"mh-excerpt-more\" href=\"https:\/\/speyer24news.com\/?p=55928\" title=\"Speyer\">[&#8230;]<\/a><\/p>\n<\/div>","protected":false},"author":3,"featured_media":46477,"comment_status":"open","ping_status":"open","sticky":false,"template":"","format":"standard","meta":{"_monsterinsights_skip_tracking":false,"_monsterinsights_sitenote_active":false,"_monsterinsights_sitenote_note":"","_monsterinsights_sitenote_category":0,"footnotes":""},"categories":[47],"tags":[1843,16782,16780,16781,2674,16779],"aioseo_notices":[],"amp_enabled":true,"_links":{"self":[{"href":"https:\/\/speyer24news.com\/index.php?rest_route=\/wp\/v2\/posts\/55928"}],"collection":[{"href":"https:\/\/speyer24news.com\/index.php?rest_route=\/wp\/v2\/posts"}],"about":[{"href":"https:\/\/speyer24news.com\/index.php?rest_route=\/wp\/v2\/types\/post"}],"author":[{"embeddable":true,"href":"https:\/\/speyer24news.com\/index.php?rest_route=\/wp\/v2\/users\/3"}],"replies":[{"embeddable":true,"href":"https:\/\/speyer24news.com\/index.php?rest_route=%2Fwp%2Fv2%2Fcomments&post=55928"}],"version-history":[{"count":1,"href":"https:\/\/speyer24news.com\/index.php?rest_route=\/wp\/v2\/posts\/55928\/revisions"}],"predecessor-version":[{"id":55932,"href":"https:\/\/speyer24news.com\/index.php?rest_route=\/wp\/v2\/posts\/55928\/revisions\/55932"}],"wp:featuredmedia":[{"embeddable":true,"href":"https:\/\/speyer24news.com\/index.php?rest_route=\/wp\/v2\/media\/46477"}],"wp:attachment":[{"href":"https:\/\/speyer24news.com\/index.php?rest_route=%2Fwp%2Fv2%2Fmedia&parent=55928"}],"wp:term":[{"taxonomy":"category","embeddable":true,"href":"https:\/\/speyer24news.com\/index.php?rest_route=%2Fwp%2Fv2%2Fcategories&post=55928"},{"taxonomy":"post_tag","embeddable":true,"href":"https:\/\/speyer24news.com\/index.php?rest_route=%2Fwp%2Fv2%2Ftags&post=55928"}],"curies":[{"name":"wp","href":"https:\/\/api.w.org\/{rel}","templated":true}]}}